{"id":303274,"date":"2024-04-14T11:07:45","date_gmt":"2024-04-14T07:07:45","guid":{"rendered":"https:\/\/www.meydan.tv\/?p=303274"},"modified":"2024-04-15T11:16:52","modified_gmt":"2024-04-15T07:16:52","slug":"abs-iranin-israile-atdigi-raket-ve-dronlarin-zerersizlesdirildiyini-deyir","status":"publish","type":"post","link":"https:\/\/www.meydan.tv\/az\/article\/abs-iranin-israile-atdigi-raket-ve-dronlarin-zerersizlesdirildiyini-deyir\/","title":{"rendered":"AB\u015e \u0130ran\u0131n \u0130srail\u0259 atd\u0131\u011f\u0131 raket v\u0259 dronlar\u0131n z\u0259r\u0259rsizl\u0259\u015fdirildiyini deyir"},"content":{"rendered":"\n<figure class=\"wp-block-embed is-type-video is-provider-youtube wp-block-embed-youtube wp-embed-aspect-16-9 wp-has-aspect-ratio\"><div class=\"wp-block-embed__wrapper\">\n<iframe title=\"\u0130srail m\u00fcdafi\u0259 naziri \u0130ranla qar\u015f\u0131durman\u0131n h\u0259l\u0259 bitm\u0259diyini deyib\" width=\"1200\" height=\"675\" data-src=\"https:\/\/www.youtube.com\/embed\/OWBfVRFAyjc?feature=oembed\" frameborder=\"0\" allow=\"accelerometer; autoplay; clipboard-write; encrypted-media; gyroscope; picture-in-picture; web-share\" referrerpolicy=\"strict-origin-when-cross-origin\" allowfullscreen src=\"data:image\/svg+xml;base64,PHN2ZyB3aWR0aD0iMSIgaGVpZ2h0PSIxIiB4bWxucz0iaHR0cDovL3d3dy53My5vcmcvMjAwMC9zdmciPjwvc3ZnPg==\" class=\"lazyload\" data-load-mode=\"1\"><\/iframe>\n<\/div><\/figure>\n\n\n\n<!--more-->\n\n\n\n<p><strong><em>\u0130ran \u0259m\u0259liyyat\u0131n bitdiyini a\u00e7\u0131qlay\u0131b<\/em><\/strong><\/p>\n\n\n\n<p>Aprelin 13-d\u0259 saat 22.00 rad\u0259l\u0259rind\u0259n \u0130ran \u0130srail\u0259 onlarla pilotsuz t\u0259yyar\u0259 v\u0259 raket at\u0131b.<\/p>\n\n\n\n<p>CNN \u0130ran\u0131n \u0130srail s\u0259mas\u0131na y\u00fcz\u0259 yax\u0131n dron buraxd\u0131\u011f\u0131n\u0131 yaz\u0131b.<\/p>\n\n\n\n<p>&#8220;<em>Bundan \u0259lav\u0259, \u0130ran\u0131n \u0130srail\u0259 qanadl\u0131 raketl\u0259r atd\u0131\u011f\u0131 da m\u0259lum oldu. Onlar\u0131n da u\u00e7mas\u0131 bir saat yar\u0131m-iki saat \u00e7\u0259kir&#8221;,<\/em> &#8211; dey\u0259 m\u0259lumatda qeyd <a href=\"https:\/\/edition.cnn.com\/middleeast\/live-news\/israel-hamas-war-gaza-news-04-13-24\/h_885917fe5b91668450e443aab2c20d29\">olunub<\/a>.<\/p>\n\n\n\n<p>Amma h\u00fccumdan bir ne\u00e7\u0259 saat sonra \u0130ran \u0259m\u0259liyyat\u0131n bitdiyini elan edib.<\/p>\n\n\n\n<p><em>\u201cM\u0259s\u0259l\u0259 bitmi\u015f hesab edil\u0259 bil\u0259r. Lakin \u0130srail rejimi n\u00f6vb\u0259ti s\u0259hv\u0259 yol ver\u0259rs\u0259, \u0130ran\u0131n cavab\u0131 daha s\u0259rt olacaq\u201d,<\/em> &#8211; dey\u0259 \u0130ran\u0131n BMT-d\u0259ki missiyas\u0131 sosial mediada bildirib.<\/p>\n\n\n\n<p>O h\u0259m\u00e7inin x\u0259b\u0259rdarl\u0131q edib ki, AB\u015e \u0130ran v\u0259 \u0130srail aras\u0131ndak\u0131 m\u00fcnaqi\u015f\u0259d\u0259n uzaq <a href=\"https:\/\/twitter.com\/Iran_UN\/status\/1779269993043022053\">durmal\u0131d\u0131r.<\/a><\/p>\n\n\n\n<p>Bu a\u00e7\u0131qlama veril\u0259rk\u0259n \u0130ran\u0131n pilotsuz t\u0259yyar\u0259l\u0259ri v\u0259 raketl\u0259ri h\u0259l\u0259 \u0130srail hava m\u0259kan\u0131na \u00e7atmam\u0131\u015fd\u0131.<\/p>\n\n\n\n<p>&#8220;Reuters&#8221;nin m\u0259lumat\u0131na <a href=\"https:\/\/www.reuters.com\/world\/middle-east\/iran-launches-drone-attack-israel-expected-unfold-over-hours-2024-04-13\/\">g\u00f6r\u0259<\/a>, Tehran\u0131n \u0259m\u0259liyyat\u0131 ba\u015flanandan sonra AB\u015e Prezidenti Co Bayden \u0130srailin Ba\u015f naziri Benyamin Netanyahu il\u0259 telefonla dan\u0131\u015f\u0131b.<\/p>\n\n\n<div class=\"wp-block-image\">\n<figure class=\"aligncenter size-full\"><img decoding=\"async\" width=\"1200\" height=\"798\" data-src=\"https:\/\/www.meydan.tv\/wp-content\/uploads\/https___cloudfront-us-east-2.images.arcpublishing.com_reuters_x4at6dkcuzidzpdkrt5xcmceiq.jpg\" alt=\"\" class=\"wp-image-302924 lazyload\" src=\"data:image\/svg+xml;base64,PHN2ZyB3aWR0aD0iMSIgaGVpZ2h0PSIxIiB4bWxucz0iaHR0cDovL3d3dy53My5vcmcvMjAwMC9zdmciPjwvc3ZnPg==\" style=\"--smush-placeholder-width: 1200px; --smush-placeholder-aspect-ratio: 1200\/798;\" \/><figcaption class=\"wp-element-caption\">Bayden v\u0259 Netanyahu. Foto: Reuters<\/figcaption><\/figure>\n<\/div>\n\n\n<p>O, Tehran\u0131n h\u00fccumuna diplomatik cavab\u0131 koordinasiya etm\u0259k \u00fc\u00e7\u00fcn aprelin 14-d\u0259 \u201cYeddilik\u201d Qrupunun liderl\u0259rini toplant\u0131ya \u00e7a\u011f\u0131raca\u011f\u0131n\u0131 bildirib<\/p>\n\n\n\n<p><em>&#8220;A\u011f Evin y\u00fcks\u0259k r\u00fctb\u0259li r\u0259smisin\u0259 istinad\u0259n qeyd olunub ki, Bayden Netanyahuya AB\u015e-\u0131n \u0130srailin \u0130rana qar\u015f\u0131 ist\u0259nil\u0259n \u0259ks h\u00fccumuna qar\u015f\u0131 \u00e7\u0131xaca\u011f\u0131n\u0131 deyib&#8221;.<\/em><\/p>\n\n\n\n<p>\u0130srailin h\u0259rbi s\u00f6z\u00e7\u00fcs\u00fc, kontr-admiral Daniel H\u0259c\u0259ri \u0130ran\u0131n \u0130srail\u0259 onlarla raket atd\u0131\u011f\u0131n\u0131 v\u0259 onlar\u0131n \u0259ks\u0259riyy\u0259tinin \u00f6lk\u0259 s\u0259rh\u0259dl\u0259rind\u0259n k\u0259narda \u0259l\u0259 ke\u00e7irildiyini bildirib.<\/p>\n\n\n\n<p>Onun s\u00f6zl\u0259rin\u0259 g\u00f6r\u0259, bunlara 10-dan \u00e7ox qanadl\u0131 raket daxildir:<\/p>\n\n\n\n<p>&#8220;<em>\u0130ran\u0131n 200-d\u0259n \u00e7ox pilotsuz t\u0259yyar\u0259si v\u0259 raketi \u0130srailin bir h\u0259rbi obyektin\u0259 y\u00fcng\u00fcl ziyan vurub&#8221;.<\/em><\/p>\n\n\n<div class=\"wp-block-image\">\n<figure class=\"aligncenter size-full\"><img decoding=\"async\" width=\"1200\" height=\"800\" data-src=\"https:\/\/www.meydan.tv\/wp-content\/uploads\/https___cloudfront-us-east-2.images.arcpublishing.com_reuters_ubbwctrzermhznizzgpdjgdvx4.jpg\" alt=\"\" class=\"wp-image-303275 lazyload\" src=\"data:image\/svg+xml;base64,PHN2ZyB3aWR0aD0iMSIgaGVpZ2h0PSIxIiB4bWxucz0iaHR0cDovL3d3dy53My5vcmcvMjAwMC9zdmciPjwvc3ZnPg==\" style=\"--smush-placeholder-width: 1200px; --smush-placeholder-aspect-ratio: 1200\/800;\" \/><figcaption class=\"wp-element-caption\">\u0130ran \u0130slam Respublikas\u0131. Foto: Reuters<\/figcaption><\/figure>\n<\/div>\n\n\n<p>\u0130ran aprelin 1-d\u0259 iki y\u00fcks\u0259k r\u00fctb\u0259li komandir d\u0259 daxil olmaqla, \u0130slam \u0130nqilab\u0131 Ke\u015fik\u00e7il\u0259ri Korpusunun 7 zabitinin \u00f6l\u00fcm\u00fcn\u0259 s\u0259b\u0259b olan \u0130srailin D\u0259m\u0259\u015fq konsullu\u011funa endirdiyi z\u0259rb\u0259y\u0259 g\u00f6r\u0259 qisas alaca\u011f\u0131n\u0131 v\u0259d etmi\u015fdi.<\/p>\n\n\n\n<p>AB\u015e-\u0131n M\u00fcdafi\u0259 naziri Loyd Austin Amerikan\u0131n \u0130ranla m\u00fcnaqi\u015f\u0259y\u0259 can atmad\u0131\u011f\u0131n\u0131, lakin h\u0259rbi q\u00fcvv\u0259l\u0259rini qorumaq v\u0259 \u0130srailin m\u00fcdafi\u0259sini d\u0259st\u0259kl\u0259m\u0259k \u00fc\u00e7\u00fcn h\u0259r\u0259k\u0259t\u0259 ke\u00e7m\u0259kd\u0259n \u00e7\u0259kinm\u0259y\u0259c\u0259yini s\u00f6yl\u0259yib.<\/p>\n\n\n\n<p>Birl\u0259\u015fmi\u015f Mill\u0259tl\u0259r T\u0259\u015fkilat\u0131n\u0131n Ba\u015f katibi Antonio Quterre\u015f \u0130ran\u0131n h\u00fccumunu pisl\u0259y\u0259r\u0259k b\u00f6lg\u0259d\u0259 da\u011f\u0131d\u0131c\u0131 eskalasiyan\u0131n real t\u0259hl\u00fck\u0259sind\u0259n d\u0259rin narahat oldu\u011funu deyib.<\/p>\n\n\n\n<p>Rusiyan\u0131n BMT-d\u0259ki s\u0259firinin m\u00fcavini Dmitri Polyanskiy &#8220;Telegram&#8221; s\u0259hif\u0259sind\u0259 yaz\u0131b ki, Rusiya \u0130sraill\u0259 yana\u015f\u0131, \u0130randan da m\u0259ktub al\u0131b.<\/p>\n\n\n<div class=\"wp-block-image\">\n<figure class=\"aligncenter size-large\"><img decoding=\"async\" width=\"1095\" height=\"821\" data-src=\"https:\/\/www.meydan.tv\/wp-content\/uploads\/image-20161006-14709-x8dkll-1095x821.jpeg\" alt=\"BMT\" class=\"wp-image-3031 lazyload\" src=\"data:image\/svg+xml;base64,PHN2ZyB3aWR0aD0iMSIgaGVpZ2h0PSIxIiB4bWxucz0iaHR0cDovL3d3dy53My5vcmcvMjAwMC9zdmciPjwvc3ZnPg==\" style=\"--smush-placeholder-width: 1095px; --smush-placeholder-aspect-ratio: 1095\/821;\" \/><figcaption class=\"wp-element-caption\">Foto: BMT<\/figcaption><\/figure>\n<\/div>\n\n\n<p>\u0130ran T\u0259hl\u00fck\u0259sizlik \u015euras\u0131 bu h\u00fccumun \u00f6z\u00fcn\u00fcm\u00fcdafi\u0259 h\u00fcququnu t\u0259nziml\u0259y\u0259n BMT Nizamnam\u0259si \u00e7\u0259r\u00e7iv\u0259sind\u0259 oldu\u011funu deyib:<\/p>\n\n\n\n<p><em>\u201cTehran x\u0259b\u0259rdarl\u0131q edir ki, \u0130srail cavab ver\u0259rs\u0259, \u0130ran daha g\u00fccl\u00fc v\u0259 q\u0259ti \u015f\u0259kild\u0259 cavab ver\u0259c\u0259k\u201d.<\/em><\/p>\n\n\n\n<p>Avropa \u0130ttifaq\u0131, \u0130ngilt\u0259r\u0259, \u00c7exiya, Danimarka, Fransa, Meksika, Hollandiya v\u0259 Norve\u00e7 \u0130ran\u0131n h\u00fccumunu pisl\u0259yib.<\/p>\n\n\n\n<p>Baydenin noyabrda ke\u00e7iril\u0259n Prezident se\u00e7kil\u0259rind\u0259 respublika\u00e7\u0131 r\u0259qibi Donald Tramp onu t\u0259nqid ed\u0259r\u0259k bildirib ki, \u0130srail haz\u0131rda h\u00fccuma m\u0259ruz qal\u0131b:<\/p>\n\n\n\n<p><em>&#8220;Ona g\u00f6r\u0259 ki biz b\u00f6y\u00fck z\u0259iflik g\u00f6st\u0259ririk. \u018fks halda bu, ba\u015f verm\u0259zdi, y\u0259ni biz hakimiyy\u0259td\u0259 olsayd\u0131q, bel\u0259 olmazd\u0131&#8221;.<\/em><\/p>\n\n\n\n<p>AB\u015e Prezidenti Co Bayden is\u0259&nbsp; b\u0259yanat yayaraq \u0130ran\u0131n h\u00fccumlar\u0131n\u0131 q\u0131nay\u0131b:<\/p>\n\n\n\n<p><em>\u201cM\u0259nim g\u00f6st\u0259ri\u015fiml\u0259 \u0130srailin m\u00fcdafi\u0259sini d\u0259st\u0259kl\u0259m\u0259k \u00fc\u00e7\u00fcn AB\u015e h\u0259rb\u00e7il\u0259ri son bir h\u0259ft\u0259 \u0259rzind\u0259 b\u00f6lg\u0259y\u0259 t\u0259yyar\u0259l\u0259ri v\u0259 ballistik raketd\u0259n m\u00fcdafi\u0259 sisteml\u0259rini yerl\u0259\u015fdiribl\u0259r\u201d.<\/em><\/p>\n\n\n\n<p><em>\u201cH\u0259rb\u00e7il\u0259rimizin bacar\u0131\u011f\u0131 say\u0259sind\u0259 \u0130srail\u0259 y\u00f6n\u0259lmi\u015f pilotsuz u\u00e7u\u015f aparatlar\u0131n\u0131n v\u0259 raketl\u0259rin, dem\u0259k olar ki, ham\u0131s\u0131n\u0131 vurduq\u201d<\/em>, &#8211; dey\u0259 o bildirib.<\/p>\n","protected":false},"excerpt":{"rendered":"","protected":false},"author":8,"featured_media":303278,"comment_status":"closed","ping_status":"closed","sticky":false,"template":"","format":"standard","meta":{"_acf_changed":false,"_sitemap_exclude":false,"_sitemap_priority":"","_sitemap_frequency":"","footnotes":""},"categories":[64,59,79,63,56],"tags":[],"class_list":["post-303274","post","type-post","status-publish","format-standard","has-post-thumbnail","hentry","category-dunya","category-siyaset","category-featured","category-video-2","category-xeberler","infinite-scroll-item","generate-columns","tablet-grid-50","mobile-grid-100","grid-parent","grid-33","no-featured-image-padding"],"acf":[],"yoast_head":"<!-- This site is optimized with the Yoast SEO plugin v27.4 - https:\/\/yoast.com\/product\/yoast-seo-wordpress\/ -->\n<title>AB\u015e \u0130ran\u0131n \u0130srail\u0259 atd\u0131\u011f\u0131 raket v\u0259 dronlar\u0131n z\u0259r\u0259rsizl\u0259\u015fdirildiyini deyir - MEYDAN.TV<\/title>\n<meta name=\"robots\" content=\"index, follow, max-snippet:-1, max-image-preview:large, max-video-preview:-1\" \/>\n<link rel=\"canonical\" href=\"https:\/\/www.meydan.tv\/az\/article\/abs-iranin-israile-atdigi-raket-ve-dronlarin-zerersizlesdirildiyini-deyir\/\" \/>\n<meta property=\"og:locale\" content=\"az_AZ\" \/>\n<meta property=\"og:type\" content=\"article\" \/>\n<meta property=\"og:title\" content=\"AB\u015e \u0130ran\u0131n \u0130srail\u0259 atd\u0131\u011f\u0131 raket v\u0259 dronlar\u0131n z\u0259r\u0259rsizl\u0259\u015fdirildiyini deyir - MEYDAN.TV\" \/>\n<meta property=\"og:url\" content=\"https:\/\/www.meydan.tv\/az\/article\/abs-iranin-israile-atdigi-raket-ve-dronlarin-zerersizlesdirildiyini-deyir\/\" \/>\n<meta property=\"og:site_name\" content=\"MEYDAN.TV\" \/>\n<meta property=\"article:published_time\" content=\"2024-04-14T07:07:45+00:00\" \/>\n<meta property=\"article:modified_time\" content=\"2024-04-15T07:16:52+00:00\" \/>\n<meta property=\"og:image\" content=\"https:\/\/www.meydan.tv\/wp-content\/uploads\/https___cloudfront-us-east-2.images.arcpublishing.com_reuters_jg3mkqfb35n4fgi7f2uns6hfba.jpg\" \/>\n\t<meta property=\"og:image:width\" content=\"1200\" \/>\n\t<meta property=\"og:image:height\" content=\"800\" \/>\n\t<meta property=\"og:image:type\" content=\"image\/jpeg\" \/>\n<meta name=\"author\" content=\"elli\" \/>\n<meta name=\"twitter:card\" content=\"summary_large_image\" \/>\n<meta name=\"twitter:creator\" content=\"@elli\" \/>\n<script type=\"application\/ld+json\" class=\"yoast-schema-graph\">{\"@context\":\"https:\\\/\\\/schema.org\",\"@graph\":[{\"@type\":\"Article\",\"@id\":\"https:\\\/\\\/www.meydan.tv\\\/az\\\/article\\\/abs-iranin-israile-atdigi-raket-ve-dronlarin-zerersizlesdirildiyini-deyir\\\/#article\",\"isPartOf\":{\"@id\":\"https:\\\/\\\/www.meydan.tv\\\/az\\\/article\\\/abs-iranin-israile-atdigi-raket-ve-dronlarin-zerersizlesdirildiyini-deyir\\\/\"},\"author\":{\"name\":\"elli\",\"@id\":\"https:\\\/\\\/www.meydan.tv\\\/az\\\/#\\\/schema\\\/person\\\/9cdbecf90d17180ce1dfbd95b08dcf47\"},\"headline\":\"AB\u015e \u0130ran\u0131n \u0130srail\u0259 atd\u0131\u011f\u0131 raket v\u0259 dronlar\u0131n z\u0259r\u0259rsizl\u0259\u015fdirildiyini deyir\",\"datePublished\":\"2024-04-14T07:07:45+00:00\",\"dateModified\":\"2024-04-15T07:16:52+00:00\",\"mainEntityOfPage\":{\"@id\":\"https:\\\/\\\/www.meydan.tv\\\/az\\\/article\\\/abs-iranin-israile-atdigi-raket-ve-dronlarin-zerersizlesdirildiyini-deyir\\\/\"},\"wordCount\":738,\"publisher\":{\"@id\":\"https:\\\/\\\/www.meydan.tv\\\/az\\\/#organization\"},\"image\":{\"@id\":\"https:\\\/\\\/www.meydan.tv\\\/az\\\/article\\\/abs-iranin-israile-atdigi-raket-ve-dronlarin-zerersizlesdirildiyini-deyir\\\/#primaryimage\"},\"thumbnailUrl\":\"https:\\\/\\\/www.meydan.tv\\\/wp-content\\\/uploads\\\/https___cloudfront-us-east-2.images.arcpublishing.com_reuters_jg3mkqfb35n4fgi7f2uns6hfba.jpg\",\"articleSection\":[\"D\u00fcnya\",\"Siyas\u0259t\",\"T\u00f6vsiy\u0259\",\"Video\",\"X\u0259b\u0259rl\u0259r\"],\"inLanguage\":\"az\"},{\"@type\":\"WebPage\",\"@id\":\"https:\\\/\\\/www.meydan.tv\\\/az\\\/article\\\/abs-iranin-israile-atdigi-raket-ve-dronlarin-zerersizlesdirildiyini-deyir\\\/\",\"url\":\"https:\\\/\\\/www.meydan.tv\\\/az\\\/article\\\/abs-iranin-israile-atdigi-raket-ve-dronlarin-zerersizlesdirildiyini-deyir\\\/\",\"name\":\"AB\u015e \u0130ran\u0131n \u0130srail\u0259 atd\u0131\u011f\u0131 raket v\u0259 dronlar\u0131n z\u0259r\u0259rsizl\u0259\u015fdirildiyini deyir - MEYDAN.TV\",\"isPartOf\":{\"@id\":\"https:\\\/\\\/www.meydan.tv\\\/az\\\/#website\"},\"primaryImageOfPage\":{\"@id\":\"https:\\\/\\\/www.meydan.tv\\\/az\\\/article\\\/abs-iranin-israile-atdigi-raket-ve-dronlarin-zerersizlesdirildiyini-deyir\\\/#primaryimage\"},\"image\":{\"@id\":\"https:\\\/\\\/www.meydan.tv\\\/az\\\/article\\\/abs-iranin-israile-atdigi-raket-ve-dronlarin-zerersizlesdirildiyini-deyir\\\/#primaryimage\"},\"thumbnailUrl\":\"https:\\\/\\\/www.meydan.tv\\\/wp-content\\\/uploads\\\/https___cloudfront-us-east-2.images.arcpublishing.com_reuters_jg3mkqfb35n4fgi7f2uns6hfba.jpg\",\"datePublished\":\"2024-04-14T07:07:45+00:00\",\"dateModified\":\"2024-04-15T07:16:52+00:00\",\"breadcrumb\":{\"@id\":\"https:\\\/\\\/www.meydan.tv\\\/az\\\/article\\\/abs-iranin-israile-atdigi-raket-ve-dronlarin-zerersizlesdirildiyini-deyir\\\/#breadcrumb\"},\"inLanguage\":\"az\",\"potentialAction\":[{\"@type\":\"ReadAction\",\"target\":[\"https:\\\/\\\/www.meydan.tv\\\/az\\\/article\\\/abs-iranin-israile-atdigi-raket-ve-dronlarin-zerersizlesdirildiyini-deyir\\\/\"]}]},{\"@type\":\"ImageObject\",\"inLanguage\":\"az\",\"@id\":\"https:\\\/\\\/www.meydan.tv\\\/az\\\/article\\\/abs-iranin-israile-atdigi-raket-ve-dronlarin-zerersizlesdirildiyini-deyir\\\/#primaryimage\",\"url\":\"https:\\\/\\\/www.meydan.tv\\\/wp-content\\\/uploads\\\/https___cloudfront-us-east-2.images.arcpublishing.com_reuters_jg3mkqfb35n4fgi7f2uns6hfba.jpg\",\"contentUrl\":\"https:\\\/\\\/www.meydan.tv\\\/wp-content\\\/uploads\\\/https___cloudfront-us-east-2.images.arcpublishing.com_reuters_jg3mkqfb35n4fgi7f2uns6hfba.jpg\",\"width\":1200,\"height\":800,\"caption\":\"\u0130ran\u0131n dron h\u00fccumu. Foto: Reuters\"},{\"@type\":\"BreadcrumbList\",\"@id\":\"https:\\\/\\\/www.meydan.tv\\\/az\\\/article\\\/abs-iranin-israile-atdigi-raket-ve-dronlarin-zerersizlesdirildiyini-deyir\\\/#breadcrumb\",\"itemListElement\":[{\"@type\":\"ListItem\",\"position\":1,\"name\":\"Ana s\u0259hif\u0259\",\"item\":\"https:\\\/\\\/www.meydan.tv\\\/az\\\/\"},{\"@type\":\"ListItem\",\"position\":2,\"name\":\"D\u00fcnya\",\"item\":\"https:\\\/\\\/www.meydan.tv\\\/az\\\/section\\\/dunya\\\/\"},{\"@type\":\"ListItem\",\"position\":3,\"name\":\"AB\u015e \u0130ran\u0131n \u0130srail\u0259 atd\u0131\u011f\u0131 raket v\u0259 dronlar\u0131n z\u0259r\u0259rsizl\u0259\u015fdirildiyini deyir\"}]},{\"@type\":\"WebSite\",\"@id\":\"https:\\\/\\\/www.meydan.tv\\\/az\\\/#website\",\"url\":\"https:\\\/\\\/www.meydan.tv\\\/az\\\/\",\"name\":\"MEYDAN.TV\",\"description\":\"Meydan TV Az\u0259rbaycan\u0131n media m\u0259kan\u0131ndak\u0131 alternativ s\u0259sidir\",\"publisher\":{\"@id\":\"https:\\\/\\\/www.meydan.tv\\\/az\\\/#organization\"},\"potentialAction\":[{\"@type\":\"SearchAction\",\"target\":{\"@type\":\"EntryPoint\",\"urlTemplate\":\"https:\\\/\\\/www.meydan.tv\\\/az\\\/?s={search_term_string}\"},\"query-input\":{\"@type\":\"PropertyValueSpecification\",\"valueRequired\":true,\"valueName\":\"search_term_string\"}}],\"inLanguage\":\"az\"},{\"@type\":\"Organization\",\"@id\":\"https:\\\/\\\/www.meydan.tv\\\/az\\\/#organization\",\"name\":\"Meydan TV\",\"url\":\"https:\\\/\\\/www.meydan.tv\\\/az\\\/\",\"logo\":{\"@type\":\"ImageObject\",\"inLanguage\":\"az\",\"@id\":\"https:\\\/\\\/www.meydan.tv\\\/az\\\/#\\\/schema\\\/logo\\\/image\\\/\",\"url\":\"https:\\\/\\\/www.meydan.tv\\\/wp-content\\\/uploads\\\/2021\\\/07\\\/meydan-logo.svg\",\"contentUrl\":\"https:\\\/\\\/www.meydan.tv\\\/wp-content\\\/uploads\\\/2021\\\/07\\\/meydan-logo.svg\",\"width\":195,\"height\":46,\"caption\":\"Meydan TV\"},\"image\":{\"@id\":\"https:\\\/\\\/www.meydan.tv\\\/az\\\/#\\\/schema\\\/logo\\\/image\\\/\"}},{\"@type\":\"Person\",\"@id\":\"https:\\\/\\\/www.meydan.tv\\\/az\\\/#\\\/schema\\\/person\\\/9cdbecf90d17180ce1dfbd95b08dcf47\",\"name\":\"elli\",\"sameAs\":[\"https:\\\/\\\/x.com\\\/elli\"]}]}<\/script>\n<!-- \/ Yoast SEO plugin. -->","yoast_head_json":{"title":"AB\u015e \u0130ran\u0131n \u0130srail\u0259 atd\u0131\u011f\u0131 raket v\u0259 dronlar\u0131n z\u0259r\u0259rsizl\u0259\u015fdirildiyini deyir - MEYDAN.TV","robots":{"index":"index","follow":"follow","max-snippet":"max-snippet:-1","max-image-preview":"max-image-preview:large","max-video-preview":"max-video-preview:-1"},"canonical":"https:\/\/www.meydan.tv\/az\/article\/abs-iranin-israile-atdigi-raket-ve-dronlarin-zerersizlesdirildiyini-deyir\/","og_locale":"az_AZ","og_type":"article","og_title":"AB\u015e \u0130ran\u0131n \u0130srail\u0259 atd\u0131\u011f\u0131 raket v\u0259 dronlar\u0131n z\u0259r\u0259rsizl\u0259\u015fdirildiyini deyir - MEYDAN.TV","og_url":"https:\/\/www.meydan.tv\/az\/article\/abs-iranin-israile-atdigi-raket-ve-dronlarin-zerersizlesdirildiyini-deyir\/","og_site_name":"MEYDAN.TV","article_published_time":"2024-04-14T07:07:45+00:00","article_modified_time":"2024-04-15T07:16:52+00:00","og_image":[{"width":1200,"height":800,"url":"https:\/\/www.meydan.tv\/wp-content\/uploads\/https___cloudfront-us-east-2.images.arcpublishing.com_reuters_jg3mkqfb35n4fgi7f2uns6hfba.jpg","type":"image\/jpeg"}],"author":"elli","twitter_card":"summary_large_image","twitter_creator":"@elli","schema":{"@context":"https:\/\/schema.org","@graph":[{"@type":"Article","@id":"https:\/\/www.meydan.tv\/az\/article\/abs-iranin-israile-atdigi-raket-ve-dronlarin-zerersizlesdirildiyini-deyir\/#article","isPartOf":{"@id":"https:\/\/www.meydan.tv\/az\/article\/abs-iranin-israile-atdigi-raket-ve-dronlarin-zerersizlesdirildiyini-deyir\/"},"author":{"name":"elli","@id":"https:\/\/www.meydan.tv\/az\/#\/schema\/person\/9cdbecf90d17180ce1dfbd95b08dcf47"},"headline":"AB\u015e \u0130ran\u0131n \u0130srail\u0259 atd\u0131\u011f\u0131 raket v\u0259 dronlar\u0131n z\u0259r\u0259rsizl\u0259\u015fdirildiyini deyir","datePublished":"2024-04-14T07:07:45+00:00","dateModified":"2024-04-15T07:16:52+00:00","mainEntityOfPage":{"@id":"https:\/\/www.meydan.tv\/az\/article\/abs-iranin-israile-atdigi-raket-ve-dronlarin-zerersizlesdirildiyini-deyir\/"},"wordCount":738,"publisher":{"@id":"https:\/\/www.meydan.tv\/az\/#organization"},"image":{"@id":"https:\/\/www.meydan.tv\/az\/article\/abs-iranin-israile-atdigi-raket-ve-dronlarin-zerersizlesdirildiyini-deyir\/#primaryimage"},"thumbnailUrl":"https:\/\/www.meydan.tv\/wp-content\/uploads\/https___cloudfront-us-east-2.images.arcpublishing.com_reuters_jg3mkqfb35n4fgi7f2uns6hfba.jpg","articleSection":["D\u00fcnya","Siyas\u0259t","T\u00f6vsiy\u0259","Video","X\u0259b\u0259rl\u0259r"],"inLanguage":"az"},{"@type":"WebPage","@id":"https:\/\/www.meydan.tv\/az\/article\/abs-iranin-israile-atdigi-raket-ve-dronlarin-zerersizlesdirildiyini-deyir\/","url":"https:\/\/www.meydan.tv\/az\/article\/abs-iranin-israile-atdigi-raket-ve-dronlarin-zerersizlesdirildiyini-deyir\/","name":"AB\u015e \u0130ran\u0131n \u0130srail\u0259 atd\u0131\u011f\u0131 raket v\u0259 dronlar\u0131n z\u0259r\u0259rsizl\u0259\u015fdirildiyini deyir - MEYDAN.TV","isPartOf":{"@id":"https:\/\/www.meydan.tv\/az\/#website"},"primaryImageOfPage":{"@id":"https:\/\/www.meydan.tv\/az\/article\/abs-iranin-israile-atdigi-raket-ve-dronlarin-zerersizlesdirildiyini-deyir\/#primaryimage"},"image":{"@id":"https:\/\/www.meydan.tv\/az\/article\/abs-iranin-israile-atdigi-raket-ve-dronlarin-zerersizlesdirildiyini-deyir\/#primaryimage"},"thumbnailUrl":"https:\/\/www.meydan.tv\/wp-content\/uploads\/https___cloudfront-us-east-2.images.arcpublishing.com_reuters_jg3mkqfb35n4fgi7f2uns6hfba.jpg","datePublished":"2024-04-14T07:07:45+00:00","dateModified":"2024-04-15T07:16:52+00:00","breadcrumb":{"@id":"https:\/\/www.meydan.tv\/az\/article\/abs-iranin-israile-atdigi-raket-ve-dronlarin-zerersizlesdirildiyini-deyir\/#breadcrumb"},"inLanguage":"az","potentialAction":[{"@type":"ReadAction","target":["https:\/\/www.meydan.tv\/az\/article\/abs-iranin-israile-atdigi-raket-ve-dronlarin-zerersizlesdirildiyini-deyir\/"]}]},{"@type":"ImageObject","inLanguage":"az","@id":"https:\/\/www.meydan.tv\/az\/article\/abs-iranin-israile-atdigi-raket-ve-dronlarin-zerersizlesdirildiyini-deyir\/#primaryimage","url":"https:\/\/www.meydan.tv\/wp-content\/uploads\/https___cloudfront-us-east-2.images.arcpublishing.com_reuters_jg3mkqfb35n4fgi7f2uns6hfba.jpg","contentUrl":"https:\/\/www.meydan.tv\/wp-content\/uploads\/https___cloudfront-us-east-2.images.arcpublishing.com_reuters_jg3mkqfb35n4fgi7f2uns6hfba.jpg","width":1200,"height":800,"caption":"\u0130ran\u0131n dron h\u00fccumu. Foto: Reuters"},{"@type":"BreadcrumbList","@id":"https:\/\/www.meydan.tv\/az\/article\/abs-iranin-israile-atdigi-raket-ve-dronlarin-zerersizlesdirildiyini-deyir\/#breadcrumb","itemListElement":[{"@type":"ListItem","position":1,"name":"Ana s\u0259hif\u0259","item":"https:\/\/www.meydan.tv\/az\/"},{"@type":"ListItem","position":2,"name":"D\u00fcnya","item":"https:\/\/www.meydan.tv\/az\/section\/dunya\/"},{"@type":"ListItem","position":3,"name":"AB\u015e \u0130ran\u0131n \u0130srail\u0259 atd\u0131\u011f\u0131 raket v\u0259 dronlar\u0131n z\u0259r\u0259rsizl\u0259\u015fdirildiyini deyir"}]},{"@type":"WebSite","@id":"https:\/\/www.meydan.tv\/az\/#website","url":"https:\/\/www.meydan.tv\/az\/","name":"MEYDAN.TV","description":"Meydan TV Az\u0259rbaycan\u0131n media m\u0259kan\u0131ndak\u0131 alternativ s\u0259sidir","publisher":{"@id":"https:\/\/www.meydan.tv\/az\/#organization"},"potentialAction":[{"@type":"SearchAction","target":{"@type":"EntryPoint","urlTemplate":"https:\/\/www.meydan.tv\/az\/?s={search_term_string}"},"query-input":{"@type":"PropertyValueSpecification","valueRequired":true,"valueName":"search_term_string"}}],"inLanguage":"az"},{"@type":"Organization","@id":"https:\/\/www.meydan.tv\/az\/#organization","name":"Meydan TV","url":"https:\/\/www.meydan.tv\/az\/","logo":{"@type":"ImageObject","inLanguage":"az","@id":"https:\/\/www.meydan.tv\/az\/#\/schema\/logo\/image\/","url":"https:\/\/www.meydan.tv\/wp-content\/uploads\/2021\/07\/meydan-logo.svg","contentUrl":"https:\/\/www.meydan.tv\/wp-content\/uploads\/2021\/07\/meydan-logo.svg","width":195,"height":46,"caption":"Meydan TV"},"image":{"@id":"https:\/\/www.meydan.tv\/az\/#\/schema\/logo\/image\/"}},{"@type":"Person","@id":"https:\/\/www.meydan.tv\/az\/#\/schema\/person\/9cdbecf90d17180ce1dfbd95b08dcf47","name":"elli","sameAs":["https:\/\/x.com\/elli"]}]}},"_links":{"self":[{"href":"https:\/\/www.meydan.tv\/az\/wp-json\/wp\/v2\/posts\/303274","targetHints":{"allow":["GET"]}}],"collection":[{"href":"https:\/\/www.meydan.tv\/az\/wp-json\/wp\/v2\/posts"}],"about":[{"href":"https:\/\/www.meydan.tv\/az\/wp-json\/wp\/v2\/types\/post"}],"author":[{"embeddable":true,"href":"https:\/\/www.meydan.tv\/az\/wp-json\/wp\/v2\/users\/8"}],"replies":[{"embeddable":true,"href":"https:\/\/www.meydan.tv\/az\/wp-json\/wp\/v2\/comments?post=303274"}],"version-history":[{"count":5,"href":"https:\/\/www.meydan.tv\/az\/wp-json\/wp\/v2\/posts\/303274\/revisions"}],"predecessor-version":[{"id":303306,"href":"https:\/\/www.meydan.tv\/az\/wp-json\/wp\/v2\/posts\/303274\/revisions\/303306"}],"wp:featuredmedia":[{"embeddable":true,"href":"https:\/\/www.meydan.tv\/az\/wp-json\/wp\/v2\/media\/303278"}],"wp:attachment":[{"href":"https:\/\/www.meydan.tv\/az\/wp-json\/wp\/v2\/media?parent=303274"}],"wp:term":[{"taxonomy":"category","embeddable":true,"href":"https:\/\/www.meydan.tv\/az\/wp-json\/wp\/v2\/categories?post=303274"},{"taxonomy":"post_tag","embeddable":true,"href":"https:\/\/www.meydan.tv\/az\/wp-json\/wp\/v2\/tags?post=303274"}],"curies":[{"name":"wp","href":"https:\/\/api.w.org\/{rel}","templated":true}]}}