{"id":303190,"date":"2024-04-09T19:07:39","date_gmt":"2024-04-09T15:07:39","guid":{"rendered":"https:\/\/www.meydan.tv\/?p=303190"},"modified":"2024-04-09T19:07:41","modified_gmt":"2024-04-09T15:07:41","slug":"lenkeranda-er-arvad-dem-qazindan-boguldu","status":"publish","type":"post","link":"https:\/\/www.meydan.tv\/az\/article\/lenkeranda-er-arvad-dem-qazindan-boguldu\/","title":{"rendered":"L\u0259nk\u0259randa \u0259r-arvad d\u0259m qaz\u0131ndan bo\u011fuldu"},"content":{"rendered":"\n<p><\/p>\n\n\n\n<p><strong><em>Qohumlar\u0131 c\u0259s\u0259dl\u0259ri s\u0259h\u0259r saatlar\u0131nda a\u015fkarlay\u0131b<\/em><\/strong><\/p>\n\n\n\n<p>L\u0259nk\u0259randa \u0259r v\u0259 arvad d\u0259m qaz\u0131ndan bo\u011fularaq \u00f6l\u00fcb. Hadis\u0259 rayonun K\u0259narme\u015f\u0259 k\u0259ndind\u0259 ba\u015f verib.<br>Qohumlar\u0131 aprelin 9-da s\u0259h\u0259r saatlar\u0131nda Ba\u011f\u0131rovlar ail\u0259sinin ya\u015fad\u0131\u011f\u0131 ev\u0259 gedib v\u0259 h\u0259r ikisinin meyiti tap\u0131l\u0131b.<\/p>\n\n\n\n<p>\u0130lkin ara\u015fd\u0131rma zaman\u0131 1974-c\u00fc il t\u0259v\u0259ll\u00fcdl\u00fc Qalib Ba\u011f\u0131rov v\u0259 arvad\u0131 &#8211; 1979-cu il t\u0259v\u0259ll\u00fcdl\u00fc N\u0259fis\u0259 Ba\u011f\u0131rovan\u0131n d\u0259m qaz\u0131ndan bo\u011fuldu\u011fu m\u00fc\u0259yy\u0259nl\u0259\u015fib.<\/p>\n\n\n\n<p>L\u0259nk\u0259ran Rayon Prokurorlu\u011fundan bildirilib ki, \u0259r-arvad\u0131n \u00f6l\u00fcm\u00fcyl\u0259 \u0259laq\u0259dar s\u0259hl\u0259nkarl\u0131\u011fa g\u00f6r\u0259 cinay\u0259t i\u015fi ba\u015flan\u0131b.<\/p>\n\n\n\n<p><em>&#8220;Faktla ba\u011fl\u0131 L\u0259nk\u0259ran Rayon Prokurorlu\u011funda Cinay\u0259t M\u0259c\u0259ll\u0259sinin 314.3-c\u00fc (s\u0259hl\u0259nkarl\u0131q, iki v\u0259 daha \u00e7ox \u015f\u0259xsin \u00f6l\u00fcm\u00fcn\u0259 s\u0259b\u0259b olduqda) madd\u0259sil\u0259 cinay\u0259t i\u015fi ba\u015flan\u0131b. \u0130btidai istintaq apar\u0131l\u0131r&#8221;,<\/em> &#8211; prokurorluqdan bildirilib.<\/p>\n\n\n\n<p>Qohumlar\u0131n\u0131n verdiyi m\u0259lumata g\u00f6r\u0259, h\u0259m Qalib Ba\u011f\u0131rov, h\u0259m d\u0259 h\u0259yat yolda\u015f\u0131 uzun ill\u0259rdir Rusiyada ya\u015fay\u0131r. Onlar bir ne\u00e7\u0259 g\u00fcn \u0259vv\u0259l \u00f6vladlar\u0131n\u0131n toy m\u0259rasimi il\u0259 \u0259laq\u0259dar Az\u0259rbaycana g\u0259lmi\u015fdi.<\/p>\n\n\n\n<p>Bu q\u0131\u015f Az\u0259rbaycanda bir ail\u0259nin iki \u00fczv\u00fcn\u00fcn d\u0259m qaz\u0131ndan bo\u011fulmas\u0131yla ba\u011fl\u0131 bir ne\u00e7\u0259 hadis\u0259 ba\u015f verib.<\/p>\n","protected":false},"excerpt":{"rendered":"<p>Qohumlar\u0131 c\u0259s\u0259dl\u0259ri s\u0259h\u0259r saatlar\u0131nda a\u015fkarlay\u0131b L\u0259nk\u0259randa \u0259r v\u0259 arvad d\u0259m &#8230; <\/p>\n<p class=\"read-more-container\"><a title=\"L\u0259nk\u0259randa \u0259r-arvad d\u0259m qaz\u0131ndan bo\u011fuldu\" class=\"read-more button\" href=\"https:\/\/www.meydan.tv\/az\/article\/lenkeranda-er-arvad-dem-qazindan-boguldu\/#more-303190\" aria-label=\"Read more about L\u0259nk\u0259randa \u0259r-arvad d\u0259m qaz\u0131ndan bo\u011fuldu\">Davam\u0131<\/a><\/p>\n","protected":false},"author":21,"featured_media":265257,"comment_status":"closed","ping_status":"closed","sticky":false,"template":"","format":"standard","meta":{"_acf_changed":false,"_sitemap_exclude":false,"_sitemap_priority":"","_sitemap_frequency":"","footnotes":""},"categories":[62,56],"tags":[],"class_list":["post-303190","post","type-post","status-publish","format-standard","has-post-thumbnail","hentry","category-sosial","category-xeberler","infinite-scroll-item","generate-columns","tablet-grid-50","mobile-grid-100","grid-parent","grid-33","no-featured-image-padding"],"acf":[],"yoast_head":"<!-- This site is optimized with the Yoast SEO plugin v27.5 - https:\/\/yoast.com\/product\/yoast-seo-wordpress\/ -->\n<title>L\u0259nk\u0259randa \u0259r-arvad d\u0259m qaz\u0131ndan bo\u011fuldu - MEYDAN.TV<\/title>\n<meta name=\"robots\" content=\"index, follow, max-snippet:-1, max-image-preview:large, max-video-preview:-1\" \/>\n<link rel=\"canonical\" href=\"https:\/\/www.meydan.tv\/az\/article\/lenkeranda-er-arvad-dem-qazindan-boguldu\/\" \/>\n<meta property=\"og:locale\" content=\"az_AZ\" \/>\n<meta property=\"og:type\" content=\"article\" \/>\n<meta property=\"og:title\" content=\"L\u0259nk\u0259randa \u0259r-arvad d\u0259m qaz\u0131ndan bo\u011fuldu - MEYDAN.TV\" \/>\n<meta property=\"og:description\" content=\"Qohumlar\u0131 c\u0259s\u0259dl\u0259ri s\u0259h\u0259r saatlar\u0131nda a\u015fkarlay\u0131b L\u0259nk\u0259randa \u0259r v\u0259 arvad d\u0259m ... Davam\u0131\" \/>\n<meta property=\"og:url\" content=\"https:\/\/www.meydan.tv\/az\/article\/lenkeranda-er-arvad-dem-qazindan-boguldu\/\" \/>\n<meta property=\"og:site_name\" content=\"MEYDAN.TV\" \/>\n<meta property=\"article:published_time\" content=\"2024-04-09T15:07:39+00:00\" \/>\n<meta property=\"article:modified_time\" content=\"2024-04-09T15:07:41+00:00\" \/>\n<meta property=\"og:image\" content=\"https:\/\/www.meydan.tv\/wp-content\/uploads\/00dem-qaz2i.jpg\" \/>\n\t<meta property=\"og:image:width\" content=\"1200\" \/>\n\t<meta property=\"og:image:height\" content=\"750\" \/>\n\t<meta property=\"og:image:type\" content=\"image\/jpeg\" \/>\n<meta name=\"author\" content=\"mahmud\" \/>\n<meta name=\"twitter:card\" content=\"summary_large_image\" \/>\n<script type=\"application\/ld+json\" class=\"yoast-schema-graph\">{\"@context\":\"https:\\\/\\\/schema.org\",\"@graph\":[{\"@type\":\"Article\",\"@id\":\"https:\\\/\\\/www.meydan.tv\\\/az\\\/article\\\/lenkeranda-er-arvad-dem-qazindan-boguldu\\\/#article\",\"isPartOf\":{\"@id\":\"https:\\\/\\\/www.meydan.tv\\\/az\\\/article\\\/lenkeranda-er-arvad-dem-qazindan-boguldu\\\/\"},\"author\":{\"name\":\"mahmud\",\"@id\":\"https:\\\/\\\/www.meydan.tv\\\/az\\\/#\\\/schema\\\/person\\\/09863e516102a829e72bedcf3f84c6b0\"},\"headline\":\"L\u0259nk\u0259randa \u0259r-arvad d\u0259m qaz\u0131ndan bo\u011fuldu\",\"datePublished\":\"2024-04-09T15:07:39+00:00\",\"dateModified\":\"2024-04-09T15:07:41+00:00\",\"mainEntityOfPage\":{\"@id\":\"https:\\\/\\\/www.meydan.tv\\\/az\\\/article\\\/lenkeranda-er-arvad-dem-qazindan-boguldu\\\/\"},\"wordCount\":257,\"publisher\":{\"@id\":\"https:\\\/\\\/www.meydan.tv\\\/az\\\/#organization\"},\"image\":{\"@id\":\"https:\\\/\\\/www.meydan.tv\\\/az\\\/article\\\/lenkeranda-er-arvad-dem-qazindan-boguldu\\\/#primaryimage\"},\"thumbnailUrl\":\"https:\\\/\\\/www.meydan.tv\\\/wp-content\\\/uploads\\\/00dem-qaz2i.jpg\",\"articleSection\":[\"Sosial\",\"X\u0259b\u0259rl\u0259r\"],\"inLanguage\":\"az\"},{\"@type\":\"WebPage\",\"@id\":\"https:\\\/\\\/www.meydan.tv\\\/az\\\/article\\\/lenkeranda-er-arvad-dem-qazindan-boguldu\\\/\",\"url\":\"https:\\\/\\\/www.meydan.tv\\\/az\\\/article\\\/lenkeranda-er-arvad-dem-qazindan-boguldu\\\/\",\"name\":\"L\u0259nk\u0259randa \u0259r-arvad d\u0259m qaz\u0131ndan bo\u011fuldu - MEYDAN.TV\",\"isPartOf\":{\"@id\":\"https:\\\/\\\/www.meydan.tv\\\/az\\\/#website\"},\"primaryImageOfPage\":{\"@id\":\"https:\\\/\\\/www.meydan.tv\\\/az\\\/article\\\/lenkeranda-er-arvad-dem-qazindan-boguldu\\\/#primaryimage\"},\"image\":{\"@id\":\"https:\\\/\\\/www.meydan.tv\\\/az\\\/article\\\/lenkeranda-er-arvad-dem-qazindan-boguldu\\\/#primaryimage\"},\"thumbnailUrl\":\"https:\\\/\\\/www.meydan.tv\\\/wp-content\\\/uploads\\\/00dem-qaz2i.jpg\",\"datePublished\":\"2024-04-09T15:07:39+00:00\",\"dateModified\":\"2024-04-09T15:07:41+00:00\",\"breadcrumb\":{\"@id\":\"https:\\\/\\\/www.meydan.tv\\\/az\\\/article\\\/lenkeranda-er-arvad-dem-qazindan-boguldu\\\/#breadcrumb\"},\"inLanguage\":\"az\",\"potentialAction\":[{\"@type\":\"ReadAction\",\"target\":[\"https:\\\/\\\/www.meydan.tv\\\/az\\\/article\\\/lenkeranda-er-arvad-dem-qazindan-boguldu\\\/\"]}]},{\"@type\":\"ImageObject\",\"inLanguage\":\"az\",\"@id\":\"https:\\\/\\\/www.meydan.tv\\\/az\\\/article\\\/lenkeranda-er-arvad-dem-qazindan-boguldu\\\/#primaryimage\",\"url\":\"https:\\\/\\\/www.meydan.tv\\\/wp-content\\\/uploads\\\/00dem-qaz2i.jpg\",\"contentUrl\":\"https:\\\/\\\/www.meydan.tv\\\/wp-content\\\/uploads\\\/00dem-qaz2i.jpg\",\"width\":1200,\"height\":750,\"caption\":\"D\u0259m qaz\u0131. M\u0259nb\u0259: \\\"saglamolun.az\\\"\"},{\"@type\":\"BreadcrumbList\",\"@id\":\"https:\\\/\\\/www.meydan.tv\\\/az\\\/article\\\/lenkeranda-er-arvad-dem-qazindan-boguldu\\\/#breadcrumb\",\"itemListElement\":[{\"@type\":\"ListItem\",\"position\":1,\"name\":\"Ana s\u0259hif\u0259\",\"item\":\"https:\\\/\\\/www.meydan.tv\\\/az\\\/\"},{\"@type\":\"ListItem\",\"position\":2,\"name\":\"Sosial\",\"item\":\"https:\\\/\\\/www.meydan.tv\\\/az\\\/section\\\/sosial\\\/\"},{\"@type\":\"ListItem\",\"position\":3,\"name\":\"L\u0259nk\u0259randa \u0259r-arvad d\u0259m qaz\u0131ndan bo\u011fuldu\"}]},{\"@type\":\"WebSite\",\"@id\":\"https:\\\/\\\/www.meydan.tv\\\/az\\\/#website\",\"url\":\"https:\\\/\\\/www.meydan.tv\\\/az\\\/\",\"name\":\"MEYDAN.TV\",\"description\":\"Meydan TV Az\u0259rbaycan\u0131n media m\u0259kan\u0131ndak\u0131 alternativ s\u0259sidir\",\"publisher\":{\"@id\":\"https:\\\/\\\/www.meydan.tv\\\/az\\\/#organization\"},\"potentialAction\":[{\"@type\":\"SearchAction\",\"target\":{\"@type\":\"EntryPoint\",\"urlTemplate\":\"https:\\\/\\\/www.meydan.tv\\\/az\\\/?s={search_term_string}\"},\"query-input\":{\"@type\":\"PropertyValueSpecification\",\"valueRequired\":true,\"valueName\":\"search_term_string\"}}],\"inLanguage\":\"az\"},{\"@type\":\"Organization\",\"@id\":\"https:\\\/\\\/www.meydan.tv\\\/az\\\/#organization\",\"name\":\"Meydan TV\",\"url\":\"https:\\\/\\\/www.meydan.tv\\\/az\\\/\",\"logo\":{\"@type\":\"ImageObject\",\"inLanguage\":\"az\",\"@id\":\"https:\\\/\\\/www.meydan.tv\\\/az\\\/#\\\/schema\\\/logo\\\/image\\\/\",\"url\":\"https:\\\/\\\/www.meydan.tv\\\/wp-content\\\/uploads\\\/2021\\\/07\\\/meydan-logo.svg\",\"contentUrl\":\"https:\\\/\\\/www.meydan.tv\\\/wp-content\\\/uploads\\\/2021\\\/07\\\/meydan-logo.svg\",\"width\":195,\"height\":46,\"caption\":\"Meydan TV\"},\"image\":{\"@id\":\"https:\\\/\\\/www.meydan.tv\\\/az\\\/#\\\/schema\\\/logo\\\/image\\\/\"}},{\"@type\":\"Person\",\"@id\":\"https:\\\/\\\/www.meydan.tv\\\/az\\\/#\\\/schema\\\/person\\\/09863e516102a829e72bedcf3f84c6b0\",\"name\":\"mahmud\"}]}<\/script>\n<!-- \/ Yoast SEO plugin. -->","yoast_head_json":{"title":"L\u0259nk\u0259randa \u0259r-arvad d\u0259m qaz\u0131ndan bo\u011fuldu - MEYDAN.TV","robots":{"index":"index","follow":"follow","max-snippet":"max-snippet:-1","max-image-preview":"max-image-preview:large","max-video-preview":"max-video-preview:-1"},"canonical":"https:\/\/www.meydan.tv\/az\/article\/lenkeranda-er-arvad-dem-qazindan-boguldu\/","og_locale":"az_AZ","og_type":"article","og_title":"L\u0259nk\u0259randa \u0259r-arvad d\u0259m qaz\u0131ndan bo\u011fuldu - MEYDAN.TV","og_description":"Qohumlar\u0131 c\u0259s\u0259dl\u0259ri s\u0259h\u0259r saatlar\u0131nda a\u015fkarlay\u0131b L\u0259nk\u0259randa \u0259r v\u0259 arvad d\u0259m ... Davam\u0131","og_url":"https:\/\/www.meydan.tv\/az\/article\/lenkeranda-er-arvad-dem-qazindan-boguldu\/","og_site_name":"MEYDAN.TV","article_published_time":"2024-04-09T15:07:39+00:00","article_modified_time":"2024-04-09T15:07:41+00:00","og_image":[{"width":1200,"height":750,"url":"https:\/\/www.meydan.tv\/wp-content\/uploads\/00dem-qaz2i.jpg","type":"image\/jpeg"}],"author":"mahmud","twitter_card":"summary_large_image","schema":{"@context":"https:\/\/schema.org","@graph":[{"@type":"Article","@id":"https:\/\/www.meydan.tv\/az\/article\/lenkeranda-er-arvad-dem-qazindan-boguldu\/#article","isPartOf":{"@id":"https:\/\/www.meydan.tv\/az\/article\/lenkeranda-er-arvad-dem-qazindan-boguldu\/"},"author":{"name":"mahmud","@id":"https:\/\/www.meydan.tv\/az\/#\/schema\/person\/09863e516102a829e72bedcf3f84c6b0"},"headline":"L\u0259nk\u0259randa \u0259r-arvad d\u0259m qaz\u0131ndan bo\u011fuldu","datePublished":"2024-04-09T15:07:39+00:00","dateModified":"2024-04-09T15:07:41+00:00","mainEntityOfPage":{"@id":"https:\/\/www.meydan.tv\/az\/article\/lenkeranda-er-arvad-dem-qazindan-boguldu\/"},"wordCount":257,"publisher":{"@id":"https:\/\/www.meydan.tv\/az\/#organization"},"image":{"@id":"https:\/\/www.meydan.tv\/az\/article\/lenkeranda-er-arvad-dem-qazindan-boguldu\/#primaryimage"},"thumbnailUrl":"https:\/\/www.meydan.tv\/wp-content\/uploads\/00dem-qaz2i.jpg","articleSection":["Sosial","X\u0259b\u0259rl\u0259r"],"inLanguage":"az"},{"@type":"WebPage","@id":"https:\/\/www.meydan.tv\/az\/article\/lenkeranda-er-arvad-dem-qazindan-boguldu\/","url":"https:\/\/www.meydan.tv\/az\/article\/lenkeranda-er-arvad-dem-qazindan-boguldu\/","name":"L\u0259nk\u0259randa \u0259r-arvad d\u0259m qaz\u0131ndan bo\u011fuldu - MEYDAN.TV","isPartOf":{"@id":"https:\/\/www.meydan.tv\/az\/#website"},"primaryImageOfPage":{"@id":"https:\/\/www.meydan.tv\/az\/article\/lenkeranda-er-arvad-dem-qazindan-boguldu\/#primaryimage"},"image":{"@id":"https:\/\/www.meydan.tv\/az\/article\/lenkeranda-er-arvad-dem-qazindan-boguldu\/#primaryimage"},"thumbnailUrl":"https:\/\/www.meydan.tv\/wp-content\/uploads\/00dem-qaz2i.jpg","datePublished":"2024-04-09T15:07:39+00:00","dateModified":"2024-04-09T15:07:41+00:00","breadcrumb":{"@id":"https:\/\/www.meydan.tv\/az\/article\/lenkeranda-er-arvad-dem-qazindan-boguldu\/#breadcrumb"},"inLanguage":"az","potentialAction":[{"@type":"ReadAction","target":["https:\/\/www.meydan.tv\/az\/article\/lenkeranda-er-arvad-dem-qazindan-boguldu\/"]}]},{"@type":"ImageObject","inLanguage":"az","@id":"https:\/\/www.meydan.tv\/az\/article\/lenkeranda-er-arvad-dem-qazindan-boguldu\/#primaryimage","url":"https:\/\/www.meydan.tv\/wp-content\/uploads\/00dem-qaz2i.jpg","contentUrl":"https:\/\/www.meydan.tv\/wp-content\/uploads\/00dem-qaz2i.jpg","width":1200,"height":750,"caption":"D\u0259m qaz\u0131. M\u0259nb\u0259: \"saglamolun.az\""},{"@type":"BreadcrumbList","@id":"https:\/\/www.meydan.tv\/az\/article\/lenkeranda-er-arvad-dem-qazindan-boguldu\/#breadcrumb","itemListElement":[{"@type":"ListItem","position":1,"name":"Ana s\u0259hif\u0259","item":"https:\/\/www.meydan.tv\/az\/"},{"@type":"ListItem","position":2,"name":"Sosial","item":"https:\/\/www.meydan.tv\/az\/section\/sosial\/"},{"@type":"ListItem","position":3,"name":"L\u0259nk\u0259randa \u0259r-arvad d\u0259m qaz\u0131ndan bo\u011fuldu"}]},{"@type":"WebSite","@id":"https:\/\/www.meydan.tv\/az\/#website","url":"https:\/\/www.meydan.tv\/az\/","name":"MEYDAN.TV","description":"Meydan TV Az\u0259rbaycan\u0131n media m\u0259kan\u0131ndak\u0131 alternativ s\u0259sidir","publisher":{"@id":"https:\/\/www.meydan.tv\/az\/#organization"},"potentialAction":[{"@type":"SearchAction","target":{"@type":"EntryPoint","urlTemplate":"https:\/\/www.meydan.tv\/az\/?s={search_term_string}"},"query-input":{"@type":"PropertyValueSpecification","valueRequired":true,"valueName":"search_term_string"}}],"inLanguage":"az"},{"@type":"Organization","@id":"https:\/\/www.meydan.tv\/az\/#organization","name":"Meydan TV","url":"https:\/\/www.meydan.tv\/az\/","logo":{"@type":"ImageObject","inLanguage":"az","@id":"https:\/\/www.meydan.tv\/az\/#\/schema\/logo\/image\/","url":"https:\/\/www.meydan.tv\/wp-content\/uploads\/2021\/07\/meydan-logo.svg","contentUrl":"https:\/\/www.meydan.tv\/wp-content\/uploads\/2021\/07\/meydan-logo.svg","width":195,"height":46,"caption":"Meydan TV"},"image":{"@id":"https:\/\/www.meydan.tv\/az\/#\/schema\/logo\/image\/"}},{"@type":"Person","@id":"https:\/\/www.meydan.tv\/az\/#\/schema\/person\/09863e516102a829e72bedcf3f84c6b0","name":"mahmud"}]}},"_links":{"self":[{"href":"https:\/\/www.meydan.tv\/az\/wp-json\/wp\/v2\/posts\/303190","targetHints":{"allow":["GET"]}}],"collection":[{"href":"https:\/\/www.meydan.tv\/az\/wp-json\/wp\/v2\/posts"}],"about":[{"href":"https:\/\/www.meydan.tv\/az\/wp-json\/wp\/v2\/types\/post"}],"author":[{"embeddable":true,"href":"https:\/\/www.meydan.tv\/az\/wp-json\/wp\/v2\/users\/21"}],"replies":[{"embeddable":true,"href":"https:\/\/www.meydan.tv\/az\/wp-json\/wp\/v2\/comments?post=303190"}],"version-history":[{"count":1,"href":"https:\/\/www.meydan.tv\/az\/wp-json\/wp\/v2\/posts\/303190\/revisions"}],"predecessor-version":[{"id":303191,"href":"https:\/\/www.meydan.tv\/az\/wp-json\/wp\/v2\/posts\/303190\/revisions\/303191"}],"wp:featuredmedia":[{"embeddable":true,"href":"https:\/\/www.meydan.tv\/az\/wp-json\/wp\/v2\/media\/265257"}],"wp:attachment":[{"href":"https:\/\/www.meydan.tv\/az\/wp-json\/wp\/v2\/media?parent=303190"}],"wp:term":[{"taxonomy":"category","embeddable":true,"href":"https:\/\/www.meydan.tv\/az\/wp-json\/wp\/v2\/categories?post=303190"},{"taxonomy":"post_tag","embeddable":true,"href":"https:\/\/www.meydan.tv\/az\/wp-json\/wp\/v2\/tags?post=303190"}],"curies":[{"name":"wp","href":"https:\/\/api.w.org\/{rel}","templated":true}]}}