{"id":303178,"date":"2024-04-09T17:34:16","date_gmt":"2024-04-09T13:34:16","guid":{"rendered":"https:\/\/www.meydan.tv\/?p=303178"},"modified":"2024-04-09T17:34:18","modified_gmt":"2024-04-09T13:34:18","slug":"avion-travelden-sikayet-var-bizi-aldadiblar-pulumuzu-qaytarmirlar","status":"publish","type":"post","link":"https:\/\/www.meydan.tv\/az\/article\/avion-travelden-sikayet-var-bizi-aldadiblar-pulumuzu-qaytarmirlar\/","title":{"rendered":"\u201cAvion Travel\u201dd\u0259n \u015fikay\u0259t var: \u201cBizi aldad\u0131blar, pulumuzu qaytarm\u0131rlar\u201d"},"content":{"rendered":"\n<p><\/p>\n\n\n\n<p><strong><em>V\u0259t\u0259nda\u015flar onlara Avropada i\u015fl\u0259 t\u0259min olunmaq v\u0259di verildiyini deyirl\u0259r<\/em><\/strong><\/p>\n\n\n\n<p>Bir ne\u00e7\u0259 v\u0259t\u0259nda\u015f Bak\u0131da yerl\u0259\u015f\u0259n \u201cAvion Travel\u201d \u015firk\u0259ti t\u0259r\u0259find\u0259n Avropada i\u015fl\u0259 t\u0259min olunmaq v\u0259di il\u0259 aldad\u0131ld\u0131qlar\u0131n\u0131 iddia edir.<\/p>\n\n\n\n<p>V\u0259l\u0259d Bayramov adl\u0131 v\u0259t\u0259nda\u015f Meydan TV-y\u0259 deyir ki, \u015firk\u0259tin r\u0259hb\u0259ri Lal\u0259 Qurban q\u0131z\u0131 R\u0259c\u0259bova onlardan m\u00fcxt\u0259lif d\u00f6vrd\u0259 m\u00fc\u0259yy\u0259n m\u0259bl\u0259\u011fl\u0259rd\u0259 pul alaraq, xaricd\u0259 i\u015fl\u0259 t\u0259min olunacaqlar\u0131n\u0131 des\u0259 d\u0259, sonradan buna \u0259m\u0259l olunmay\u0131b.<\/p>\n\n\n\n<p>\u201c<em>2023-c\u00fc ilin may\u0131n 4-d\u0259 \u201cAvion Travel\u201d \u015firk\u0259tin\u0259 Avropada i\u015fl\u0259 t\u0259min olunmaqla \u0259laq\u0259dar m\u00fcraci\u0259t etdim. \u015eirk\u0259td\u0259 m\u0259n\u0259 v\u0259d etdil\u0259r ki, 6 ay \u0259rzind\u0259 Avropaya i\u015fl\u0259m\u0259y\u0259 ged\u0259c\u0259ks\u0259n. M\u00fcqavil\u0259 imzalanandan sonra onlara 3000 manat \u00f6d\u0259dim. M\u00fcqavil\u0259nin m\u00fcdd\u0259ti bitib, h\u0259tta \u00fcz\u0259rind\u0259n bir il\u0259 yax\u0131n vaxt ke\u00e7ib, lakin pullar\u0131m\u0131 geri qaytarm\u0131rlar\u201d,<\/em> &#8211; V\u0259l\u0259d Bayramov deyir.<\/p>\n\n\n\n<p>C\u0259mil Cabbarov da xaricd\u0259 i\u015fl\u0259m\u0259k \u00fc\u00e7\u00fcn \u015firk\u0259t\u0259 viza il\u0259 \u0259laq\u0259dar m\u00fcraci\u0259t etdiyini bildirir:<\/p>\n\n\n\n<p><em>\u201c2023-c\u00fc ilin mart\u0131nda \u201cAvion Travel\u201d \u015firk\u0259tin\u0259 yax\u0131nla\u015fd\u0131m. \u015eirk\u0259tin r\u0259hb\u0259ri Lal\u0259 R\u0259c\u0259bova bildirdi ki, Almaniyadan i\u015f t\u0259klifi var, 2500 manata ba\u015fa g\u0259lir. M\u0259n\u0259 dedi ki, Az\u0259rbaycandan ged\u0259n v\u0259t\u0259nda\u015f\u0131 orada birillik i\u015f vizas\u0131, ev v\u0259 i\u015fl\u0259 t\u0259min edirik. Onlarla m\u00fcqavil\u0259 ba\u011flad\u0131m v\u0259 1250 manat pul \u00f6d\u0259dim. Mayda m\u0259n\u0259 z\u0259ng edib, dedil\u0259r ki, ikinci m\u00fcqavil\u0259ni ba\u011flamaq \u00fc\u00e7\u00fcn sizin d\u0259v\u0259tiniz g\u0259lib. \u0130kinci m\u00fcqavil\u0259ni imzalayanda da 1250 manat \u00f6d\u0259dim. \u00dcmumilikd\u0259 onlara 2500 manat pul verdim. Dedil\u0259r ki, siz\u0259 s\u0259firlikd\u0259n m\u0259lumat g\u00f6nd\u0259r\u0259c\u0259kl\u0259r, viza g\u00f6r\u00fc\u015fm\u0259sin\u0259 ged\u0259c\u0259ksiniz\u201d.<\/em><\/p>\n\n\n\n<p>\u015eikay\u0259t\u00e7i bildirir ki, \u00e7ox g\u00f6zl\u0259m\u0259li olsa da, n\u0259 viza il\u0259 \u0259laq\u0259dar q\u0259bula \u00e7a\u011f\u0131r\u0131l\u0131b, n\u0259 d\u0259 \u015firk\u0259t \u00f6d\u0259diyi pullar\u0131n\u0131 geri qaytar\u0131r:<\/p>\n\n\n\n<p>\u201c<em>M\u00fcqavil\u0259min m\u00fcdd\u0259ti \u00e7oxdan bitib. Ofis\u0259 gedib, pullar\u0131m\u0131 ist\u0259y\u0259nd\u0259, m\u0259n\u0259 ba\u015fqa bir i\u015f t\u0259klifi etdil\u0259r. \u0130mtina etdim, dedim ki, siz daha m\u0259ni aldada bilm\u0259zsiniz. M\u00fcqavil\u0259y\u0259 xitam verdil\u0259r. M\u0259n\u0259 dedil\u0259r ki, 2500 manat borcunuzu qaytaraca\u011f\u0131q. Pulumu geri qaytaracaqlar\u0131n\u0131 des\u0259l\u0259r d\u0259, buna \u0259m\u0259l etmirl\u0259r\u201d.<\/em><\/p>\n\n\n\n<p>Hamlet Seyidov bildirir ki, iki il \u00f6nc\u0259 \u201cAvion Travel\u201d \u015firk\u0259ti onunla m\u00fcqavil\u0259 ba\u011flay\u0131b.<\/p>\n\n\n\n<p>O da xaricd\u0259 i\u015fl\u0259 t\u0259min olunmaq \u00fcmidi il\u0259 \u015firk\u0259t\u0259 1450 manat \u00f6d\u0259yib.<\/p>\n\n\n\n<p>V\u0259t\u0259nda\u015f deyir ki, m\u00fcqavil\u0259nin m\u00fcdd\u0259ti bits\u0259 d\u0259, \u015firk\u0259t onu get-g\u0259l\u0259 sal\u0131b, pulunu qaytarmaq ist\u0259mirl\u0259r.<\/p>\n\n\n\n<p>Mahir R\u00fcst\u0259mov deyir ki, \u015firk\u0259t\u0259 2023-c\u00fc ilin avqustunda 2500 manat verib.<\/p>\n\n\n\n<p>Onunla da m\u00fcqavil\u0259 ba\u011flansa da, i\u015fl\u0259 t\u0259min olunmay\u0131b.<\/p>\n\n\n\n<p>V\u0259t\u0259nda\u015f bildirir ki, \u015firk\u0259td\u0259n pulunu ala bilmir:<\/p>\n\n\n\n<p><em>\u201cBu \u015firk\u0259t f\u0131r\u0131ldaqla m\u0259\u015f\u011fuldur. \u0130nsanlar\u0131n haqq\u0131n\u0131 tapdalay\u0131r. Onlarla insan\u0131 aldad\u0131blar. Adamlar pullar\u0131n\u0131 t\u0259l\u0259b edirl\u0259r. Lal\u0259 xan\u0131m adamlar\u0131n pulunu qaytarmaq \u0259v\u0259zin\u0259 onlar\u0131 t\u0259hqir edir. Birin\u0259 \u201cd\u0259li\u201d deyir. Dig\u0259rin\u0259 deyir ki, h\u0259ddini a\u015f\u0131rsan. \u0130nsanlara a\u011f\u0131zalar\u0131na g\u0259l\u0259ni deyirl\u0259r. Z\u0259ng edib, pulunu t\u0259l\u0259b ed\u0259nl\u0259rin n\u00f6mr\u0259l\u0259rini bloka at\u0131rlar\u201d.<\/em><\/p>\n\n\n\n<p><strong>\u015eirk\u0259t r\u0259hb\u0259ri deyir ki, viza ala bilm\u0259y\u0259nl\u0259rin pullar\u0131 qaytar\u0131lacaq<\/strong><\/p>\n\n\n\n<p>\u015eirk\u0259tin r\u0259hb\u0259ri Lal\u0259 R\u0259c\u0259bova Meydan TV-y\u0259 bildirib ki, \u201cAvion Travel\u201d 2017-ci ild\u0259n f\u0259aliyy\u0259t g\u00f6st\u0259rir.<\/p>\n\n\n\n<p>\u0130ndiy\u0259 kimi d\u0259 onlarla insan\u0131n xaric\u0259 i\u015fl\u0259m\u0259y\u0259 v\u0259 ya s\u0259yah\u0259t etm\u0259si \u00fc\u00e7\u00fcn imkan yarad\u0131blar:<\/p>\n\n\n\n<p>\u201c<em>Yeddi ildir ki, f\u0259aliyy\u0259t g\u00f6st\u0259ririk, hans\u0131sa qanunsuz m\u0259qs\u0259dl\u0259, pis niyy\u0259tl\u0259 qurulan yeni \u015firk\u0259t deyilik. \u0130ndiy\u0259 kimi \u015firk\u0259timiz t\u0259r\u0259find\u0259n i\u015f vizas\u0131 il\u0259 xaric\u0259 ged\u0259nl\u0259rin say\u0131 200-d\u0259n yuxar\u0131d\u0131r. Biz nec\u0259 kimis\u0259 aldada bil\u0259rik? Bu i\u015fin arxas\u0131nda bir ne\u00e7\u0259 n\u0259f\u0259r var, m\u00fc\u015ft\u0259ril\u0259rimizi biz\u0259 qar\u015f\u0131 t\u0259\u015fkilatland\u0131r\u0131rlar\u201d.<\/em><\/p>\n\n\n\n<p><em>\u201cBiz m\u00fc\u015ft\u0259ril\u0259rd\u0259n ald\u0131\u011f\u0131m\u0131z pulun qar\u015f\u0131l\u0131\u011f\u0131nda onlar\u0131n xarici \u00f6lk\u0259d\u0259n i\u015f icaz\u0259sinin al\u0131nmas\u0131n\u0131 v\u0259 viza d\u0259st\u0259yini g\u00f6st\u0259ririk. M\u00fcqavil\u0259 \u00fczr\u0259 yard\u0131m\u0131 tam \u015f\u0259kild\u0259 g\u00f6st\u0259rm\u0259yimiz\u0259 baxmayaraq m\u00fcqavil\u0259d\u0259ki m\u00fcdd\u0259td\u0259 s\u0259firlik viza verm\u0259y\u0259n \u015f\u0259xsl\u0259r\u0259 \u00f6d\u0259ni\u015fl\u0259ri geri qaytar\u0131l\u0131r. Biz s\u0259firliyin viza verm\u0259sin\u0259 cavabdeh deyilik. Kiml\u0259r biz\u0259 pul \u00f6d\u0259yibs\u0259 v\u0259 onlar xaric\u0259 ged\u0259 bilm\u0259yibs\u0259, pullar\u0131n\u0131 geri alacaqlar\u201d, <\/em>&#8211; Lal\u0259 R\u0259c\u0259bova deyib.<\/p>\n","protected":false},"excerpt":{"rendered":"<p>V\u0259t\u0259nda\u015flar onlara Avropada i\u015fl\u0259 t\u0259min olunmaq v\u0259di verildiyini deyirl\u0259r Bir &#8230; <\/p>\n<p class=\"read-more-container\"><a title=\"\u201cAvion Travel\u201dd\u0259n \u015fikay\u0259t var: \u201cBizi aldad\u0131blar, pulumuzu qaytarm\u0131rlar\u201d\" class=\"read-more button\" href=\"https:\/\/www.meydan.tv\/az\/article\/avion-travelden-sikayet-var-bizi-aldadiblar-pulumuzu-qaytarmirlar\/#more-303178\" aria-label=\"Read more about \u201cAvion Travel\u201dd\u0259n \u015fikay\u0259t var: \u201cBizi aldad\u0131blar, pulumuzu qaytarm\u0131rlar\u201d\">Davam\u0131<\/a><\/p>\n","protected":false},"author":8,"featured_media":303179,"comment_status":"closed","ping_status":"closed","sticky":false,"template":"","format":"standard","meta":{"_acf_changed":false,"_sitemap_exclude":false,"_sitemap_priority":"","_sitemap_frequency":"","footnotes":""},"categories":[62,56],"tags":[],"class_list":["post-303178","post","type-post","status-publish","format-standard","has-post-thumbnail","hentry","category-sosial","category-xeberler","infinite-scroll-item","generate-columns","tablet-grid-50","mobile-grid-100","grid-parent","grid-33","no-featured-image-padding"],"acf":[],"yoast_head":"<!-- This site is optimized with the Yoast SEO plugin v27.5 - https:\/\/yoast.com\/product\/yoast-seo-wordpress\/ -->\n<title>\u201cAvion Travel\u201dd\u0259n \u015fikay\u0259t var: \u201cBizi aldad\u0131blar, pulumuzu qaytarm\u0131rlar\u201d - MEYDAN.TV<\/title>\n<meta name=\"robots\" content=\"index, follow, max-snippet:-1, max-image-preview:large, max-video-preview:-1\" \/>\n<link rel=\"canonical\" href=\"https:\/\/www.meydan.tv\/az\/article\/avion-travelden-sikayet-var-bizi-aldadiblar-pulumuzu-qaytarmirlar\/\" \/>\n<meta property=\"og:locale\" content=\"az_AZ\" \/>\n<meta property=\"og:type\" content=\"article\" \/>\n<meta property=\"og:title\" content=\"\u201cAvion Travel\u201dd\u0259n \u015fikay\u0259t var: \u201cBizi aldad\u0131blar, pulumuzu qaytarm\u0131rlar\u201d - MEYDAN.TV\" \/>\n<meta property=\"og:description\" content=\"V\u0259t\u0259nda\u015flar onlara Avropada i\u015fl\u0259 t\u0259min olunmaq v\u0259di verildiyini deyirl\u0259r Bir ... Davam\u0131\" \/>\n<meta property=\"og:url\" content=\"https:\/\/www.meydan.tv\/az\/article\/avion-travelden-sikayet-var-bizi-aldadiblar-pulumuzu-qaytarmirlar\/\" \/>\n<meta property=\"og:site_name\" content=\"MEYDAN.TV\" \/>\n<meta property=\"article:published_time\" content=\"2024-04-09T13:34:16+00:00\" \/>\n<meta property=\"article:modified_time\" content=\"2024-04-09T13:34:18+00:00\" \/>\n<meta property=\"og:image\" content=\"https:\/\/www.meydan.tv\/wp-content\/uploads\/img_0185.jpg\" \/>\n\t<meta property=\"og:image:width\" content=\"960\" \/>\n\t<meta property=\"og:image:height\" content=\"640\" \/>\n\t<meta property=\"og:image:type\" content=\"image\/jpeg\" \/>\n<meta name=\"author\" content=\"elli\" \/>\n<meta name=\"twitter:card\" content=\"summary_large_image\" \/>\n<meta name=\"twitter:creator\" content=\"@elli\" \/>\n<script type=\"application\/ld+json\" class=\"yoast-schema-graph\">{\"@context\":\"https:\\\/\\\/schema.org\",\"@graph\":[{\"@type\":\"Article\",\"@id\":\"https:\\\/\\\/www.meydan.tv\\\/az\\\/article\\\/avion-travelden-sikayet-var-bizi-aldadiblar-pulumuzu-qaytarmirlar\\\/#article\",\"isPartOf\":{\"@id\":\"https:\\\/\\\/www.meydan.tv\\\/az\\\/article\\\/avion-travelden-sikayet-var-bizi-aldadiblar-pulumuzu-qaytarmirlar\\\/\"},\"author\":{\"name\":\"elli\",\"@id\":\"https:\\\/\\\/www.meydan.tv\\\/az\\\/#\\\/schema\\\/person\\\/9cdbecf90d17180ce1dfbd95b08dcf47\"},\"headline\":\"\u201cAvion Travel\u201dd\u0259n \u015fikay\u0259t var: \u201cBizi aldad\u0131blar, pulumuzu qaytarm\u0131rlar\u201d\",\"datePublished\":\"2024-04-09T13:34:16+00:00\",\"dateModified\":\"2024-04-09T13:34:18+00:00\",\"mainEntityOfPage\":{\"@id\":\"https:\\\/\\\/www.meydan.tv\\\/az\\\/article\\\/avion-travelden-sikayet-var-bizi-aldadiblar-pulumuzu-qaytarmirlar\\\/\"},\"wordCount\":841,\"publisher\":{\"@id\":\"https:\\\/\\\/www.meydan.tv\\\/az\\\/#organization\"},\"image\":{\"@id\":\"https:\\\/\\\/www.meydan.tv\\\/az\\\/article\\\/avion-travelden-sikayet-var-bizi-aldadiblar-pulumuzu-qaytarmirlar\\\/#primaryimage\"},\"thumbnailUrl\":\"https:\\\/\\\/www.meydan.tv\\\/wp-content\\\/uploads\\\/img_0185.jpg\",\"articleSection\":[\"Sosial\",\"X\u0259b\u0259rl\u0259r\"],\"inLanguage\":\"az\"},{\"@type\":\"WebPage\",\"@id\":\"https:\\\/\\\/www.meydan.tv\\\/az\\\/article\\\/avion-travelden-sikayet-var-bizi-aldadiblar-pulumuzu-qaytarmirlar\\\/\",\"url\":\"https:\\\/\\\/www.meydan.tv\\\/az\\\/article\\\/avion-travelden-sikayet-var-bizi-aldadiblar-pulumuzu-qaytarmirlar\\\/\",\"name\":\"\u201cAvion Travel\u201dd\u0259n \u015fikay\u0259t var: \u201cBizi aldad\u0131blar, pulumuzu qaytarm\u0131rlar\u201d - MEYDAN.TV\",\"isPartOf\":{\"@id\":\"https:\\\/\\\/www.meydan.tv\\\/az\\\/#website\"},\"primaryImageOfPage\":{\"@id\":\"https:\\\/\\\/www.meydan.tv\\\/az\\\/article\\\/avion-travelden-sikayet-var-bizi-aldadiblar-pulumuzu-qaytarmirlar\\\/#primaryimage\"},\"image\":{\"@id\":\"https:\\\/\\\/www.meydan.tv\\\/az\\\/article\\\/avion-travelden-sikayet-var-bizi-aldadiblar-pulumuzu-qaytarmirlar\\\/#primaryimage\"},\"thumbnailUrl\":\"https:\\\/\\\/www.meydan.tv\\\/wp-content\\\/uploads\\\/img_0185.jpg\",\"datePublished\":\"2024-04-09T13:34:16+00:00\",\"dateModified\":\"2024-04-09T13:34:18+00:00\",\"breadcrumb\":{\"@id\":\"https:\\\/\\\/www.meydan.tv\\\/az\\\/article\\\/avion-travelden-sikayet-var-bizi-aldadiblar-pulumuzu-qaytarmirlar\\\/#breadcrumb\"},\"inLanguage\":\"az\",\"potentialAction\":[{\"@type\":\"ReadAction\",\"target\":[\"https:\\\/\\\/www.meydan.tv\\\/az\\\/article\\\/avion-travelden-sikayet-var-bizi-aldadiblar-pulumuzu-qaytarmirlar\\\/\"]}]},{\"@type\":\"ImageObject\",\"inLanguage\":\"az\",\"@id\":\"https:\\\/\\\/www.meydan.tv\\\/az\\\/article\\\/avion-travelden-sikayet-var-bizi-aldadiblar-pulumuzu-qaytarmirlar\\\/#primaryimage\",\"url\":\"https:\\\/\\\/www.meydan.tv\\\/wp-content\\\/uploads\\\/img_0185.jpg\",\"contentUrl\":\"https:\\\/\\\/www.meydan.tv\\\/wp-content\\\/uploads\\\/img_0185.jpg\",\"width\":960,\"height\":640,\"caption\":\"Foto: \u201cAvion Travel\u201d \u015firk\u0259ti\"},{\"@type\":\"BreadcrumbList\",\"@id\":\"https:\\\/\\\/www.meydan.tv\\\/az\\\/article\\\/avion-travelden-sikayet-var-bizi-aldadiblar-pulumuzu-qaytarmirlar\\\/#breadcrumb\",\"itemListElement\":[{\"@type\":\"ListItem\",\"position\":1,\"name\":\"Ana s\u0259hif\u0259\",\"item\":\"https:\\\/\\\/www.meydan.tv\\\/az\\\/\"},{\"@type\":\"ListItem\",\"position\":2,\"name\":\"Sosial\",\"item\":\"https:\\\/\\\/www.meydan.tv\\\/az\\\/section\\\/sosial\\\/\"},{\"@type\":\"ListItem\",\"position\":3,\"name\":\"\u201cAvion Travel\u201dd\u0259n \u015fikay\u0259t var: \u201cBizi aldad\u0131blar, pulumuzu qaytarm\u0131rlar\u201d\"}]},{\"@type\":\"WebSite\",\"@id\":\"https:\\\/\\\/www.meydan.tv\\\/az\\\/#website\",\"url\":\"https:\\\/\\\/www.meydan.tv\\\/az\\\/\",\"name\":\"MEYDAN.TV\",\"description\":\"Meydan TV Az\u0259rbaycan\u0131n media m\u0259kan\u0131ndak\u0131 alternativ s\u0259sidir\",\"publisher\":{\"@id\":\"https:\\\/\\\/www.meydan.tv\\\/az\\\/#organization\"},\"potentialAction\":[{\"@type\":\"SearchAction\",\"target\":{\"@type\":\"EntryPoint\",\"urlTemplate\":\"https:\\\/\\\/www.meydan.tv\\\/az\\\/?s={search_term_string}\"},\"query-input\":{\"@type\":\"PropertyValueSpecification\",\"valueRequired\":true,\"valueName\":\"search_term_string\"}}],\"inLanguage\":\"az\"},{\"@type\":\"Organization\",\"@id\":\"https:\\\/\\\/www.meydan.tv\\\/az\\\/#organization\",\"name\":\"Meydan TV\",\"url\":\"https:\\\/\\\/www.meydan.tv\\\/az\\\/\",\"logo\":{\"@type\":\"ImageObject\",\"inLanguage\":\"az\",\"@id\":\"https:\\\/\\\/www.meydan.tv\\\/az\\\/#\\\/schema\\\/logo\\\/image\\\/\",\"url\":\"https:\\\/\\\/www.meydan.tv\\\/wp-content\\\/uploads\\\/2021\\\/07\\\/meydan-logo.svg\",\"contentUrl\":\"https:\\\/\\\/www.meydan.tv\\\/wp-content\\\/uploads\\\/2021\\\/07\\\/meydan-logo.svg\",\"width\":195,\"height\":46,\"caption\":\"Meydan TV\"},\"image\":{\"@id\":\"https:\\\/\\\/www.meydan.tv\\\/az\\\/#\\\/schema\\\/logo\\\/image\\\/\"}},{\"@type\":\"Person\",\"@id\":\"https:\\\/\\\/www.meydan.tv\\\/az\\\/#\\\/schema\\\/person\\\/9cdbecf90d17180ce1dfbd95b08dcf47\",\"name\":\"elli\",\"sameAs\":[\"https:\\\/\\\/x.com\\\/elli\"]}]}<\/script>\n<!-- \/ Yoast SEO plugin. -->","yoast_head_json":{"title":"\u201cAvion Travel\u201dd\u0259n \u015fikay\u0259t var: \u201cBizi aldad\u0131blar, pulumuzu qaytarm\u0131rlar\u201d - MEYDAN.TV","robots":{"index":"index","follow":"follow","max-snippet":"max-snippet:-1","max-image-preview":"max-image-preview:large","max-video-preview":"max-video-preview:-1"},"canonical":"https:\/\/www.meydan.tv\/az\/article\/avion-travelden-sikayet-var-bizi-aldadiblar-pulumuzu-qaytarmirlar\/","og_locale":"az_AZ","og_type":"article","og_title":"\u201cAvion Travel\u201dd\u0259n \u015fikay\u0259t var: \u201cBizi aldad\u0131blar, pulumuzu qaytarm\u0131rlar\u201d - MEYDAN.TV","og_description":"V\u0259t\u0259nda\u015flar onlara Avropada i\u015fl\u0259 t\u0259min olunmaq v\u0259di verildiyini deyirl\u0259r Bir ... Davam\u0131","og_url":"https:\/\/www.meydan.tv\/az\/article\/avion-travelden-sikayet-var-bizi-aldadiblar-pulumuzu-qaytarmirlar\/","og_site_name":"MEYDAN.TV","article_published_time":"2024-04-09T13:34:16+00:00","article_modified_time":"2024-04-09T13:34:18+00:00","og_image":[{"width":960,"height":640,"url":"https:\/\/www.meydan.tv\/wp-content\/uploads\/img_0185.jpg","type":"image\/jpeg"}],"author":"elli","twitter_card":"summary_large_image","twitter_creator":"@elli","schema":{"@context":"https:\/\/schema.org","@graph":[{"@type":"Article","@id":"https:\/\/www.meydan.tv\/az\/article\/avion-travelden-sikayet-var-bizi-aldadiblar-pulumuzu-qaytarmirlar\/#article","isPartOf":{"@id":"https:\/\/www.meydan.tv\/az\/article\/avion-travelden-sikayet-var-bizi-aldadiblar-pulumuzu-qaytarmirlar\/"},"author":{"name":"elli","@id":"https:\/\/www.meydan.tv\/az\/#\/schema\/person\/9cdbecf90d17180ce1dfbd95b08dcf47"},"headline":"\u201cAvion Travel\u201dd\u0259n \u015fikay\u0259t var: \u201cBizi aldad\u0131blar, pulumuzu qaytarm\u0131rlar\u201d","datePublished":"2024-04-09T13:34:16+00:00","dateModified":"2024-04-09T13:34:18+00:00","mainEntityOfPage":{"@id":"https:\/\/www.meydan.tv\/az\/article\/avion-travelden-sikayet-var-bizi-aldadiblar-pulumuzu-qaytarmirlar\/"},"wordCount":841,"publisher":{"@id":"https:\/\/www.meydan.tv\/az\/#organization"},"image":{"@id":"https:\/\/www.meydan.tv\/az\/article\/avion-travelden-sikayet-var-bizi-aldadiblar-pulumuzu-qaytarmirlar\/#primaryimage"},"thumbnailUrl":"https:\/\/www.meydan.tv\/wp-content\/uploads\/img_0185.jpg","articleSection":["Sosial","X\u0259b\u0259rl\u0259r"],"inLanguage":"az"},{"@type":"WebPage","@id":"https:\/\/www.meydan.tv\/az\/article\/avion-travelden-sikayet-var-bizi-aldadiblar-pulumuzu-qaytarmirlar\/","url":"https:\/\/www.meydan.tv\/az\/article\/avion-travelden-sikayet-var-bizi-aldadiblar-pulumuzu-qaytarmirlar\/","name":"\u201cAvion Travel\u201dd\u0259n \u015fikay\u0259t var: \u201cBizi aldad\u0131blar, pulumuzu qaytarm\u0131rlar\u201d - MEYDAN.TV","isPartOf":{"@id":"https:\/\/www.meydan.tv\/az\/#website"},"primaryImageOfPage":{"@id":"https:\/\/www.meydan.tv\/az\/article\/avion-travelden-sikayet-var-bizi-aldadiblar-pulumuzu-qaytarmirlar\/#primaryimage"},"image":{"@id":"https:\/\/www.meydan.tv\/az\/article\/avion-travelden-sikayet-var-bizi-aldadiblar-pulumuzu-qaytarmirlar\/#primaryimage"},"thumbnailUrl":"https:\/\/www.meydan.tv\/wp-content\/uploads\/img_0185.jpg","datePublished":"2024-04-09T13:34:16+00:00","dateModified":"2024-04-09T13:34:18+00:00","breadcrumb":{"@id":"https:\/\/www.meydan.tv\/az\/article\/avion-travelden-sikayet-var-bizi-aldadiblar-pulumuzu-qaytarmirlar\/#breadcrumb"},"inLanguage":"az","potentialAction":[{"@type":"ReadAction","target":["https:\/\/www.meydan.tv\/az\/article\/avion-travelden-sikayet-var-bizi-aldadiblar-pulumuzu-qaytarmirlar\/"]}]},{"@type":"ImageObject","inLanguage":"az","@id":"https:\/\/www.meydan.tv\/az\/article\/avion-travelden-sikayet-var-bizi-aldadiblar-pulumuzu-qaytarmirlar\/#primaryimage","url":"https:\/\/www.meydan.tv\/wp-content\/uploads\/img_0185.jpg","contentUrl":"https:\/\/www.meydan.tv\/wp-content\/uploads\/img_0185.jpg","width":960,"height":640,"caption":"Foto: \u201cAvion Travel\u201d \u015firk\u0259ti"},{"@type":"BreadcrumbList","@id":"https:\/\/www.meydan.tv\/az\/article\/avion-travelden-sikayet-var-bizi-aldadiblar-pulumuzu-qaytarmirlar\/#breadcrumb","itemListElement":[{"@type":"ListItem","position":1,"name":"Ana s\u0259hif\u0259","item":"https:\/\/www.meydan.tv\/az\/"},{"@type":"ListItem","position":2,"name":"Sosial","item":"https:\/\/www.meydan.tv\/az\/section\/sosial\/"},{"@type":"ListItem","position":3,"name":"\u201cAvion Travel\u201dd\u0259n \u015fikay\u0259t var: \u201cBizi aldad\u0131blar, pulumuzu qaytarm\u0131rlar\u201d"}]},{"@type":"WebSite","@id":"https:\/\/www.meydan.tv\/az\/#website","url":"https:\/\/www.meydan.tv\/az\/","name":"MEYDAN.TV","description":"Meydan TV Az\u0259rbaycan\u0131n media m\u0259kan\u0131ndak\u0131 alternativ s\u0259sidir","publisher":{"@id":"https:\/\/www.meydan.tv\/az\/#organization"},"potentialAction":[{"@type":"SearchAction","target":{"@type":"EntryPoint","urlTemplate":"https:\/\/www.meydan.tv\/az\/?s={search_term_string}"},"query-input":{"@type":"PropertyValueSpecification","valueRequired":true,"valueName":"search_term_string"}}],"inLanguage":"az"},{"@type":"Organization","@id":"https:\/\/www.meydan.tv\/az\/#organization","name":"Meydan TV","url":"https:\/\/www.meydan.tv\/az\/","logo":{"@type":"ImageObject","inLanguage":"az","@id":"https:\/\/www.meydan.tv\/az\/#\/schema\/logo\/image\/","url":"https:\/\/www.meydan.tv\/wp-content\/uploads\/2021\/07\/meydan-logo.svg","contentUrl":"https:\/\/www.meydan.tv\/wp-content\/uploads\/2021\/07\/meydan-logo.svg","width":195,"height":46,"caption":"Meydan TV"},"image":{"@id":"https:\/\/www.meydan.tv\/az\/#\/schema\/logo\/image\/"}},{"@type":"Person","@id":"https:\/\/www.meydan.tv\/az\/#\/schema\/person\/9cdbecf90d17180ce1dfbd95b08dcf47","name":"elli","sameAs":["https:\/\/x.com\/elli"]}]}},"_links":{"self":[{"href":"https:\/\/www.meydan.tv\/az\/wp-json\/wp\/v2\/posts\/303178","targetHints":{"allow":["GET"]}}],"collection":[{"href":"https:\/\/www.meydan.tv\/az\/wp-json\/wp\/v2\/posts"}],"about":[{"href":"https:\/\/www.meydan.tv\/az\/wp-json\/wp\/v2\/types\/post"}],"author":[{"embeddable":true,"href":"https:\/\/www.meydan.tv\/az\/wp-json\/wp\/v2\/users\/8"}],"replies":[{"embeddable":true,"href":"https:\/\/www.meydan.tv\/az\/wp-json\/wp\/v2\/comments?post=303178"}],"version-history":[{"count":3,"href":"https:\/\/www.meydan.tv\/az\/wp-json\/wp\/v2\/posts\/303178\/revisions"}],"predecessor-version":[{"id":303185,"href":"https:\/\/www.meydan.tv\/az\/wp-json\/wp\/v2\/posts\/303178\/revisions\/303185"}],"wp:featuredmedia":[{"embeddable":true,"href":"https:\/\/www.meydan.tv\/az\/wp-json\/wp\/v2\/media\/303179"}],"wp:attachment":[{"href":"https:\/\/www.meydan.tv\/az\/wp-json\/wp\/v2\/media?parent=303178"}],"wp:term":[{"taxonomy":"category","embeddable":true,"href":"https:\/\/www.meydan.tv\/az\/wp-json\/wp\/v2\/categories?post=303178"},{"taxonomy":"post_tag","embeddable":true,"href":"https:\/\/www.meydan.tv\/az\/wp-json\/wp\/v2\/tags?post=303178"}],"curies":[{"name":"wp","href":"https:\/\/api.w.org\/{rel}","templated":true}]}}