{"id":303135,"date":"2024-04-08T19:44:34","date_gmt":"2024-04-08T15:44:34","guid":{"rendered":"https:\/\/www.meydan.tv\/?p=303135"},"modified":"2024-04-08T19:44:36","modified_gmt":"2024-04-08T15:44:36","slug":"ekspertiza-aile-uzvlerini-oldurmekde-ittiham-olunan-gencin-anlaqsiz-olmasi-haqda-rey-verib","status":"publish","type":"post","link":"https:\/\/www.meydan.tv\/az\/article\/ekspertiza-aile-uzvlerini-oldurmekde-ittiham-olunan-gencin-anlaqsiz-olmasi-haqda-rey-verib\/","title":{"rendered":"Ekspertiza ail\u0259 \u00fczvl\u0259rini \u00f6ld\u00fcrm\u0259kd\u0259 ittiham olunan g\u0259ncin anlaqs\u0131z olmas\u0131 haqda r\u0259y verib"},"content":{"rendered":"\n<p><\/p>\n\n\n\n<p><strong><em>Prokurorluq bu r\u0259yl\u0259 raz\u0131la\u015fm\u0131r v\u0259 t\u0259krar ekspertiza t\u0259yin edilib<\/em><\/strong><\/p>\n\n\n\n<p>Ekspertl\u0259r anas\u0131n\u0131, atas\u0131n\u0131, azya\u015fl\u0131 qarda\u015f\u0131n\u0131, bac\u0131s\u0131n\u0131 v\u0259 onun 5 ya\u015fl\u0131 q\u0131z\u0131n\u0131 \u00f6ld\u00fcrm\u0259kd\u0259 ittiham olunan \u018fhm\u0259d \u018fhm\u0259dovun anlaqs\u0131z oldu\u011fu q\u0259na\u0259tin\u0259 g\u0259lib. Komission m\u0259hk\u0259m\u0259-psixiatrik ekspertizas\u0131n\u0131n r\u0259yin\u0259 \u0259sas\u0259n, o, hadis\u0259ni t\u00f6r\u0259d\u0259rk\u0259n anlaqs\u0131z v\u0259ziyy\u0259td\u0259 olub. Bu bar\u0259d\u0259 Ba\u015f Prokurorlu\u011fun m\u0259tbuat xidm\u0259tind\u0259n m\u0259lumat verilib.<\/p>\n\n\n\n<p>\u018fhm\u0259d \u018fhm\u0259dovun hadis\u0259 vaxt\u0131 anlaql\u0131 olub-olmad\u0131\u011f\u0131n\u0131 m\u00fc\u0259yy\u0259nl\u0259\u015fdirm\u0259k \u00fc\u00e7\u00fcn o, fevral\u0131n sonunda Ma\u015fta\u011fadak\u0131 1 sayl\u0131 Respublika Psixiatriya X\u0259st\u0259xanas\u0131na k\u00f6\u00e7\u00fcr\u00fclm\u00fc\u015fd\u00fc. Psixiatriya sah\u0259sind\u0259 m\u00fct\u0259x\u0259ssisl\u0259r onu m\u00fcayin\u0259 edib, h\u0259m hadis\u0259 vaxt\u0131, h\u0259m d\u0259 haz\u0131rk\u0131 psixi durumuyla ba\u011fl\u0131 r\u0259y verm\u0259liydi.<\/p>\n\n\n\n<p>M\u0259hk\u0259m\u0259-psixiatrik ekspertizas\u0131n\u0131n r\u0259yi aprelin 4-d\u0259 m\u0259lum olub. M\u00fct\u0259x\u0259ssisl\u0259rin r\u0259yin\u0259 \u0259sas\u0259n, o, anlaqs\u0131z v\u0259ziyy\u0259td\u0259 olub.<\/p>\n\n\n\n<p>Amma prokurorluq \u018fhm\u0259d \u018fhm\u0259dovun yenid\u0259n ekspertizadan ke\u00e7irilm\u0259sin\u0259 q\u0259rar verib.<\/p>\n\n\n\n<p><em>\u201c\u018fhm\u0259d \u018fhm\u0259dovun cinay\u0259t t\u00f6r\u0259dildiyi anda psixi v\u0259ziyy\u0259tinin yenid\u0259n m\u00fcayin\u0259 olunmas\u0131 \u00fc\u00e7\u00fcn 5 aprel 2024-c\u00fc ild\u0259 t\u0259krar komission m\u0259hk\u0259m\u0259-psixiatrik ekspertizas\u0131 t\u0259yin olunub. O, m\u0259hk\u0259m\u0259nin q\u0259rar\u0131 il\u0259 tibb m\u00fc\u0259ssis\u0259sin\u0259 yerl\u0259\u015fdirilib\u201d<\/em>, &#8211; Ba\u015f Prokurorlu\u011fun m\u0259tbuat xidm\u0259tind\u0259n bildirilib.<\/p>\n\n\n\n<p>Birinci ekspertiza zaman\u0131 o, fevral\u0131n sonunda Ma\u015fta\u011fadak\u0131 1 sayl\u0131 Respublika Psixiatriya X\u0259st\u0259xanas\u0131na k\u00f6\u00e7\u00fcr\u00fclm\u00fc\u015f, m\u00fcayin\u0259l\u0259r ba\u015fa \u00e7atandan sonra mart\u0131n 22-d\u0259 Bak\u0131 \u0130stintaq T\u0259cridxanas\u0131na qaytar\u0131lm\u0131\u015fd\u0131.<\/p>\n\n\n\n<p>Onun psixiatriya x\u0259st\u0259xanas\u0131na k\u00f6\u00e7\u00fcr\u00fclm\u0259si bar\u0259d\u0259 h\u0259r iki q\u0259rar\u0131 prokurorun t\u0259qdimat\u0131 \u0259sas\u0131nda X\u0259tai Rayon M\u0259hk\u0259m\u0259si verib.<\/p>\n\n\n\n<p>Ail\u0259 \u00fczvl\u0259rini q\u0259tl\u0259 yetirm\u0259kd\u0259 ittiham olunan 25 ya\u015fl\u0131 \u018fhm\u0259d \u018fhm\u0259dova qar\u015f\u0131 Cinay\u0259t M\u0259c\u0259ll\u0259sinin 120.2.4 (x\u00fcsusi amans\u0131zl\u0131qla adam \u00f6ld\u00fcrm\u0259), 120.2.7 (iki v\u0259 ya daha \u00e7ox \u015f\u0259xsi \u00f6ld\u00fcrm\u0259) v\u0259 ba\u015fqa madd\u0259l\u0259ril\u0259 ittiham ir\u0259li s\u00fcr\u00fcl\u00fcb. Bu madd\u0259l\u0259rl\u0259 20 il\u0259 q\u0259d\u0259r v\u0259 ya \u00f6m\u00fcrl\u00fck azadl\u0131qdan m\u0259hrumetm\u0259 c\u0259zas\u0131 n\u0259z\u0259rd\u0259 tutulub.<\/p>\n\n\n\n<p>Hadis\u0259 fevral\u0131n 13-d\u0259 ax\u015fam saat 16.30 rad\u0259l\u0259rind\u0259 ba\u015f verib.<\/p>\n\n\n\n<p>\u0130ttihama g\u00f6r\u0259, \u018fhm\u0259d \u018fhm\u0259dov paytaxt\u0131n G\u00fcn\u0259\u015fli q\u0259s\u0259b\u0259sind\u0259 ya\u015fayan bac\u0131s\u0131 \u2013 1997-ci il t\u0259v\u0259ll\u00fcdl\u00fc Elmira \u018fhm\u0259dova v\u0259 onun 5 ya\u015fl\u0131 q\u0131z\u0131n\u0131 balta il\u0259 q\u0259tl\u0259 yetirib. O, daha sonra X\u0259tai rayonu, \u018fhm\u0259dli q\u0259s\u0259b\u0259sind\u0259 valideynl\u0259rinin ya\u015fad\u0131\u011f\u0131 ev\u0259 g\u0259lib. \u00d6nc\u0259 evd\u0259 olan atas\u0131, 1972-ci il t\u0259v\u0259ll\u00fcdl\u00fc Mehman \u018fhm\u0259dovu balta il\u0259 \u00f6ld\u00fcr\u00fcb. Daha sonra anas\u0131 Bik\u0259 \u018fhm\u0259dova v\u0259 9 ya\u015fl\u0131 qarda\u015f\u0131 M\u0259h\u0259mm\u0259din g\u0259lm\u0259sini g\u00f6zl\u0259yib. Ana v\u0259 u\u015faq birlikd\u0259 g\u0259l\u0259nd\u0259 onlar\u0131n da eyni \u00fcsulla \u00f6ld\u00fcr\u00fcld\u00fcy\u00fc bildirilir.<\/p>\n\n\n\n<p>Q\u0259tl\u0259 yetiril\u0259n 47 ya\u015fl\u0131 Bik\u0259 \u018fhm\u0259dova Bak\u0131dak\u0131 59 sayl\u0131 m\u0259kt\u0259bin direktoru idi.<\/p>\n\n\n\n<p>Qohumlar\u0131n\u0131n verdiyi ilkin m\u0259lumatlara g\u00f6r\u0259, \u018fhm\u0259d \u018fhm\u0259dovun psixi probleml\u0259ri vard\u0131. Bu \u00fczd\u0259n onun \u0259vv\u0259ll\u0259r x\u0259st\u0259xanada m\u00fcalic\u0259 ald\u0131\u011f\u0131, davaml\u0131 \u015f\u0259kild\u0259 d\u0259rmanlar q\u0259bul etdiyi bildirilir.<\/p>\n","protected":false},"excerpt":{"rendered":"<p>Prokurorluq bu r\u0259yl\u0259 raz\u0131la\u015fm\u0131r v\u0259 t\u0259krar ekspertiza t\u0259yin edilib Ekspertl\u0259r &#8230; <\/p>\n<p class=\"read-more-container\"><a title=\"Ekspertiza ail\u0259 \u00fczvl\u0259rini \u00f6ld\u00fcrm\u0259kd\u0259 ittiham olunan g\u0259ncin anlaqs\u0131z olmas\u0131 haqda r\u0259y verib\" class=\"read-more button\" href=\"https:\/\/www.meydan.tv\/az\/article\/ekspertiza-aile-uzvlerini-oldurmekde-ittiham-olunan-gencin-anlaqsiz-olmasi-haqda-rey-verib\/#more-303135\" aria-label=\"Read more about Ekspertiza ail\u0259 \u00fczvl\u0259rini \u00f6ld\u00fcrm\u0259kd\u0259 ittiham olunan g\u0259ncin anlaqs\u0131z olmas\u0131 haqda r\u0259y verib\">Davam\u0131<\/a><\/p>\n","protected":false},"author":21,"featured_media":267375,"comment_status":"closed","ping_status":"closed","sticky":false,"template":"","format":"standard","meta":{"_acf_changed":false,"_sitemap_exclude":false,"_sitemap_priority":"","_sitemap_frequency":"","footnotes":""},"categories":[62,79,56],"tags":[],"class_list":["post-303135","post","type-post","status-publish","format-standard","has-post-thumbnail","hentry","category-sosial","category-featured","category-xeberler","infinite-scroll-item","generate-columns","tablet-grid-50","mobile-grid-100","grid-parent","grid-33","no-featured-image-padding"],"acf":[],"yoast_head":"<!-- This site is optimized with the Yoast SEO plugin v27.5 - https:\/\/yoast.com\/product\/yoast-seo-wordpress\/ -->\n<title>Ekspertiza ail\u0259 \u00fczvl\u0259rini \u00f6ld\u00fcrm\u0259kd\u0259 ittiham olunan g\u0259ncin anlaqs\u0131z olmas\u0131 haqda r\u0259y verib - MEYDAN.TV<\/title>\n<meta name=\"robots\" content=\"index, follow, max-snippet:-1, max-image-preview:large, max-video-preview:-1\" \/>\n<link rel=\"canonical\" href=\"https:\/\/www.meydan.tv\/az\/article\/ekspertiza-aile-uzvlerini-oldurmekde-ittiham-olunan-gencin-anlaqsiz-olmasi-haqda-rey-verib\/\" \/>\n<meta property=\"og:locale\" content=\"az_AZ\" \/>\n<meta property=\"og:type\" content=\"article\" \/>\n<meta property=\"og:title\" content=\"Ekspertiza ail\u0259 \u00fczvl\u0259rini \u00f6ld\u00fcrm\u0259kd\u0259 ittiham olunan g\u0259ncin anlaqs\u0131z olmas\u0131 haqda r\u0259y verib - MEYDAN.TV\" \/>\n<meta property=\"og:description\" content=\"Prokurorluq bu r\u0259yl\u0259 raz\u0131la\u015fm\u0131r v\u0259 t\u0259krar ekspertiza t\u0259yin edilib Ekspertl\u0259r ... Davam\u0131\" \/>\n<meta property=\"og:url\" content=\"https:\/\/www.meydan.tv\/az\/article\/ekspertiza-aile-uzvlerini-oldurmekde-ittiham-olunan-gencin-anlaqsiz-olmasi-haqda-rey-verib\/\" \/>\n<meta property=\"og:site_name\" content=\"MEYDAN.TV\" \/>\n<meta property=\"article:published_time\" content=\"2024-04-08T15:44:34+00:00\" \/>\n<meta property=\"article:modified_time\" content=\"2024-04-08T15:44:36+00:00\" \/>\n<meta property=\"og:image\" content=\"https:\/\/www.meydan.tv\/wp-content\/uploads\/download-14.png\" \/>\n\t<meta property=\"og:image:width\" content=\"1200\" \/>\n\t<meta property=\"og:image:height\" content=\"801\" \/>\n\t<meta property=\"og:image:type\" content=\"image\/png\" \/>\n<meta name=\"author\" content=\"mahmud\" \/>\n<meta name=\"twitter:card\" content=\"summary_large_image\" \/>\n<script type=\"application\/ld+json\" class=\"yoast-schema-graph\">{\"@context\":\"https:\\\/\\\/schema.org\",\"@graph\":[{\"@type\":\"Article\",\"@id\":\"https:\\\/\\\/www.meydan.tv\\\/az\\\/article\\\/ekspertiza-aile-uzvlerini-oldurmekde-ittiham-olunan-gencin-anlaqsiz-olmasi-haqda-rey-verib\\\/#article\",\"isPartOf\":{\"@id\":\"https:\\\/\\\/www.meydan.tv\\\/az\\\/article\\\/ekspertiza-aile-uzvlerini-oldurmekde-ittiham-olunan-gencin-anlaqsiz-olmasi-haqda-rey-verib\\\/\"},\"author\":{\"name\":\"mahmud\",\"@id\":\"https:\\\/\\\/www.meydan.tv\\\/az\\\/#\\\/schema\\\/person\\\/09863e516102a829e72bedcf3f84c6b0\"},\"headline\":\"Ekspertiza ail\u0259 \u00fczvl\u0259rini \u00f6ld\u00fcrm\u0259kd\u0259 ittiham olunan g\u0259ncin anlaqs\u0131z olmas\u0131 haqda r\u0259y verib\",\"datePublished\":\"2024-04-08T15:44:34+00:00\",\"dateModified\":\"2024-04-08T15:44:36+00:00\",\"mainEntityOfPage\":{\"@id\":\"https:\\\/\\\/www.meydan.tv\\\/az\\\/article\\\/ekspertiza-aile-uzvlerini-oldurmekde-ittiham-olunan-gencin-anlaqsiz-olmasi-haqda-rey-verib\\\/\"},\"wordCount\":602,\"publisher\":{\"@id\":\"https:\\\/\\\/www.meydan.tv\\\/az\\\/#organization\"},\"image\":{\"@id\":\"https:\\\/\\\/www.meydan.tv\\\/az\\\/article\\\/ekspertiza-aile-uzvlerini-oldurmekde-ittiham-olunan-gencin-anlaqsiz-olmasi-haqda-rey-verib\\\/#primaryimage\"},\"thumbnailUrl\":\"https:\\\/\\\/www.meydan.tv\\\/wp-content\\\/uploads\\\/download-14.png\",\"articleSection\":[\"Sosial\",\"T\u00f6vsiy\u0259\",\"X\u0259b\u0259rl\u0259r\"],\"inLanguage\":\"az\"},{\"@type\":\"WebPage\",\"@id\":\"https:\\\/\\\/www.meydan.tv\\\/az\\\/article\\\/ekspertiza-aile-uzvlerini-oldurmekde-ittiham-olunan-gencin-anlaqsiz-olmasi-haqda-rey-verib\\\/\",\"url\":\"https:\\\/\\\/www.meydan.tv\\\/az\\\/article\\\/ekspertiza-aile-uzvlerini-oldurmekde-ittiham-olunan-gencin-anlaqsiz-olmasi-haqda-rey-verib\\\/\",\"name\":\"Ekspertiza ail\u0259 \u00fczvl\u0259rini \u00f6ld\u00fcrm\u0259kd\u0259 ittiham olunan g\u0259ncin anlaqs\u0131z olmas\u0131 haqda r\u0259y verib - MEYDAN.TV\",\"isPartOf\":{\"@id\":\"https:\\\/\\\/www.meydan.tv\\\/az\\\/#website\"},\"primaryImageOfPage\":{\"@id\":\"https:\\\/\\\/www.meydan.tv\\\/az\\\/article\\\/ekspertiza-aile-uzvlerini-oldurmekde-ittiham-olunan-gencin-anlaqsiz-olmasi-haqda-rey-verib\\\/#primaryimage\"},\"image\":{\"@id\":\"https:\\\/\\\/www.meydan.tv\\\/az\\\/article\\\/ekspertiza-aile-uzvlerini-oldurmekde-ittiham-olunan-gencin-anlaqsiz-olmasi-haqda-rey-verib\\\/#primaryimage\"},\"thumbnailUrl\":\"https:\\\/\\\/www.meydan.tv\\\/wp-content\\\/uploads\\\/download-14.png\",\"datePublished\":\"2024-04-08T15:44:34+00:00\",\"dateModified\":\"2024-04-08T15:44:36+00:00\",\"breadcrumb\":{\"@id\":\"https:\\\/\\\/www.meydan.tv\\\/az\\\/article\\\/ekspertiza-aile-uzvlerini-oldurmekde-ittiham-olunan-gencin-anlaqsiz-olmasi-haqda-rey-verib\\\/#breadcrumb\"},\"inLanguage\":\"az\",\"potentialAction\":[{\"@type\":\"ReadAction\",\"target\":[\"https:\\\/\\\/www.meydan.tv\\\/az\\\/article\\\/ekspertiza-aile-uzvlerini-oldurmekde-ittiham-olunan-gencin-anlaqsiz-olmasi-haqda-rey-verib\\\/\"]}]},{\"@type\":\"ImageObject\",\"inLanguage\":\"az\",\"@id\":\"https:\\\/\\\/www.meydan.tv\\\/az\\\/article\\\/ekspertiza-aile-uzvlerini-oldurmekde-ittiham-olunan-gencin-anlaqsiz-olmasi-haqda-rey-verib\\\/#primaryimage\",\"url\":\"https:\\\/\\\/www.meydan.tv\\\/wp-content\\\/uploads\\\/download-14.png\",\"contentUrl\":\"https:\\\/\\\/www.meydan.tv\\\/wp-content\\\/uploads\\\/download-14.png\",\"width\":1200,\"height\":801,\"caption\":\"Q\u0259tl hadis\u0259si. Foto: MiniStocker\\\/shutterstock\"},{\"@type\":\"BreadcrumbList\",\"@id\":\"https:\\\/\\\/www.meydan.tv\\\/az\\\/article\\\/ekspertiza-aile-uzvlerini-oldurmekde-ittiham-olunan-gencin-anlaqsiz-olmasi-haqda-rey-verib\\\/#breadcrumb\",\"itemListElement\":[{\"@type\":\"ListItem\",\"position\":1,\"name\":\"Ana s\u0259hif\u0259\",\"item\":\"https:\\\/\\\/www.meydan.tv\\\/az\\\/\"},{\"@type\":\"ListItem\",\"position\":2,\"name\":\"Sosial\",\"item\":\"https:\\\/\\\/www.meydan.tv\\\/az\\\/section\\\/sosial\\\/\"},{\"@type\":\"ListItem\",\"position\":3,\"name\":\"Ekspertiza ail\u0259 \u00fczvl\u0259rini \u00f6ld\u00fcrm\u0259kd\u0259 ittiham olunan g\u0259ncin anlaqs\u0131z olmas\u0131 haqda r\u0259y verib\"}]},{\"@type\":\"WebSite\",\"@id\":\"https:\\\/\\\/www.meydan.tv\\\/az\\\/#website\",\"url\":\"https:\\\/\\\/www.meydan.tv\\\/az\\\/\",\"name\":\"MEYDAN.TV\",\"description\":\"Meydan TV Az\u0259rbaycan\u0131n media m\u0259kan\u0131ndak\u0131 alternativ s\u0259sidir\",\"publisher\":{\"@id\":\"https:\\\/\\\/www.meydan.tv\\\/az\\\/#organization\"},\"potentialAction\":[{\"@type\":\"SearchAction\",\"target\":{\"@type\":\"EntryPoint\",\"urlTemplate\":\"https:\\\/\\\/www.meydan.tv\\\/az\\\/?s={search_term_string}\"},\"query-input\":{\"@type\":\"PropertyValueSpecification\",\"valueRequired\":true,\"valueName\":\"search_term_string\"}}],\"inLanguage\":\"az\"},{\"@type\":\"Organization\",\"@id\":\"https:\\\/\\\/www.meydan.tv\\\/az\\\/#organization\",\"name\":\"Meydan TV\",\"url\":\"https:\\\/\\\/www.meydan.tv\\\/az\\\/\",\"logo\":{\"@type\":\"ImageObject\",\"inLanguage\":\"az\",\"@id\":\"https:\\\/\\\/www.meydan.tv\\\/az\\\/#\\\/schema\\\/logo\\\/image\\\/\",\"url\":\"https:\\\/\\\/www.meydan.tv\\\/wp-content\\\/uploads\\\/2021\\\/07\\\/meydan-logo.svg\",\"contentUrl\":\"https:\\\/\\\/www.meydan.tv\\\/wp-content\\\/uploads\\\/2021\\\/07\\\/meydan-logo.svg\",\"width\":195,\"height\":46,\"caption\":\"Meydan TV\"},\"image\":{\"@id\":\"https:\\\/\\\/www.meydan.tv\\\/az\\\/#\\\/schema\\\/logo\\\/image\\\/\"}},{\"@type\":\"Person\",\"@id\":\"https:\\\/\\\/www.meydan.tv\\\/az\\\/#\\\/schema\\\/person\\\/09863e516102a829e72bedcf3f84c6b0\",\"name\":\"mahmud\"}]}<\/script>\n<!-- \/ Yoast SEO plugin. -->","yoast_head_json":{"title":"Ekspertiza ail\u0259 \u00fczvl\u0259rini \u00f6ld\u00fcrm\u0259kd\u0259 ittiham olunan g\u0259ncin anlaqs\u0131z olmas\u0131 haqda r\u0259y verib - MEYDAN.TV","robots":{"index":"index","follow":"follow","max-snippet":"max-snippet:-1","max-image-preview":"max-image-preview:large","max-video-preview":"max-video-preview:-1"},"canonical":"https:\/\/www.meydan.tv\/az\/article\/ekspertiza-aile-uzvlerini-oldurmekde-ittiham-olunan-gencin-anlaqsiz-olmasi-haqda-rey-verib\/","og_locale":"az_AZ","og_type":"article","og_title":"Ekspertiza ail\u0259 \u00fczvl\u0259rini \u00f6ld\u00fcrm\u0259kd\u0259 ittiham olunan g\u0259ncin anlaqs\u0131z olmas\u0131 haqda r\u0259y verib - MEYDAN.TV","og_description":"Prokurorluq bu r\u0259yl\u0259 raz\u0131la\u015fm\u0131r v\u0259 t\u0259krar ekspertiza t\u0259yin edilib Ekspertl\u0259r ... Davam\u0131","og_url":"https:\/\/www.meydan.tv\/az\/article\/ekspertiza-aile-uzvlerini-oldurmekde-ittiham-olunan-gencin-anlaqsiz-olmasi-haqda-rey-verib\/","og_site_name":"MEYDAN.TV","article_published_time":"2024-04-08T15:44:34+00:00","article_modified_time":"2024-04-08T15:44:36+00:00","og_image":[{"width":1200,"height":801,"url":"https:\/\/www.meydan.tv\/wp-content\/uploads\/download-14.png","type":"image\/png"}],"author":"mahmud","twitter_card":"summary_large_image","schema":{"@context":"https:\/\/schema.org","@graph":[{"@type":"Article","@id":"https:\/\/www.meydan.tv\/az\/article\/ekspertiza-aile-uzvlerini-oldurmekde-ittiham-olunan-gencin-anlaqsiz-olmasi-haqda-rey-verib\/#article","isPartOf":{"@id":"https:\/\/www.meydan.tv\/az\/article\/ekspertiza-aile-uzvlerini-oldurmekde-ittiham-olunan-gencin-anlaqsiz-olmasi-haqda-rey-verib\/"},"author":{"name":"mahmud","@id":"https:\/\/www.meydan.tv\/az\/#\/schema\/person\/09863e516102a829e72bedcf3f84c6b0"},"headline":"Ekspertiza ail\u0259 \u00fczvl\u0259rini \u00f6ld\u00fcrm\u0259kd\u0259 ittiham olunan g\u0259ncin anlaqs\u0131z olmas\u0131 haqda r\u0259y verib","datePublished":"2024-04-08T15:44:34+00:00","dateModified":"2024-04-08T15:44:36+00:00","mainEntityOfPage":{"@id":"https:\/\/www.meydan.tv\/az\/article\/ekspertiza-aile-uzvlerini-oldurmekde-ittiham-olunan-gencin-anlaqsiz-olmasi-haqda-rey-verib\/"},"wordCount":602,"publisher":{"@id":"https:\/\/www.meydan.tv\/az\/#organization"},"image":{"@id":"https:\/\/www.meydan.tv\/az\/article\/ekspertiza-aile-uzvlerini-oldurmekde-ittiham-olunan-gencin-anlaqsiz-olmasi-haqda-rey-verib\/#primaryimage"},"thumbnailUrl":"https:\/\/www.meydan.tv\/wp-content\/uploads\/download-14.png","articleSection":["Sosial","T\u00f6vsiy\u0259","X\u0259b\u0259rl\u0259r"],"inLanguage":"az"},{"@type":"WebPage","@id":"https:\/\/www.meydan.tv\/az\/article\/ekspertiza-aile-uzvlerini-oldurmekde-ittiham-olunan-gencin-anlaqsiz-olmasi-haqda-rey-verib\/","url":"https:\/\/www.meydan.tv\/az\/article\/ekspertiza-aile-uzvlerini-oldurmekde-ittiham-olunan-gencin-anlaqsiz-olmasi-haqda-rey-verib\/","name":"Ekspertiza ail\u0259 \u00fczvl\u0259rini \u00f6ld\u00fcrm\u0259kd\u0259 ittiham olunan g\u0259ncin anlaqs\u0131z olmas\u0131 haqda r\u0259y verib - MEYDAN.TV","isPartOf":{"@id":"https:\/\/www.meydan.tv\/az\/#website"},"primaryImageOfPage":{"@id":"https:\/\/www.meydan.tv\/az\/article\/ekspertiza-aile-uzvlerini-oldurmekde-ittiham-olunan-gencin-anlaqsiz-olmasi-haqda-rey-verib\/#primaryimage"},"image":{"@id":"https:\/\/www.meydan.tv\/az\/article\/ekspertiza-aile-uzvlerini-oldurmekde-ittiham-olunan-gencin-anlaqsiz-olmasi-haqda-rey-verib\/#primaryimage"},"thumbnailUrl":"https:\/\/www.meydan.tv\/wp-content\/uploads\/download-14.png","datePublished":"2024-04-08T15:44:34+00:00","dateModified":"2024-04-08T15:44:36+00:00","breadcrumb":{"@id":"https:\/\/www.meydan.tv\/az\/article\/ekspertiza-aile-uzvlerini-oldurmekde-ittiham-olunan-gencin-anlaqsiz-olmasi-haqda-rey-verib\/#breadcrumb"},"inLanguage":"az","potentialAction":[{"@type":"ReadAction","target":["https:\/\/www.meydan.tv\/az\/article\/ekspertiza-aile-uzvlerini-oldurmekde-ittiham-olunan-gencin-anlaqsiz-olmasi-haqda-rey-verib\/"]}]},{"@type":"ImageObject","inLanguage":"az","@id":"https:\/\/www.meydan.tv\/az\/article\/ekspertiza-aile-uzvlerini-oldurmekde-ittiham-olunan-gencin-anlaqsiz-olmasi-haqda-rey-verib\/#primaryimage","url":"https:\/\/www.meydan.tv\/wp-content\/uploads\/download-14.png","contentUrl":"https:\/\/www.meydan.tv\/wp-content\/uploads\/download-14.png","width":1200,"height":801,"caption":"Q\u0259tl hadis\u0259si. Foto: MiniStocker\/shutterstock"},{"@type":"BreadcrumbList","@id":"https:\/\/www.meydan.tv\/az\/article\/ekspertiza-aile-uzvlerini-oldurmekde-ittiham-olunan-gencin-anlaqsiz-olmasi-haqda-rey-verib\/#breadcrumb","itemListElement":[{"@type":"ListItem","position":1,"name":"Ana s\u0259hif\u0259","item":"https:\/\/www.meydan.tv\/az\/"},{"@type":"ListItem","position":2,"name":"Sosial","item":"https:\/\/www.meydan.tv\/az\/section\/sosial\/"},{"@type":"ListItem","position":3,"name":"Ekspertiza ail\u0259 \u00fczvl\u0259rini \u00f6ld\u00fcrm\u0259kd\u0259 ittiham olunan g\u0259ncin anlaqs\u0131z olmas\u0131 haqda r\u0259y verib"}]},{"@type":"WebSite","@id":"https:\/\/www.meydan.tv\/az\/#website","url":"https:\/\/www.meydan.tv\/az\/","name":"MEYDAN.TV","description":"Meydan TV Az\u0259rbaycan\u0131n media m\u0259kan\u0131ndak\u0131 alternativ s\u0259sidir","publisher":{"@id":"https:\/\/www.meydan.tv\/az\/#organization"},"potentialAction":[{"@type":"SearchAction","target":{"@type":"EntryPoint","urlTemplate":"https:\/\/www.meydan.tv\/az\/?s={search_term_string}"},"query-input":{"@type":"PropertyValueSpecification","valueRequired":true,"valueName":"search_term_string"}}],"inLanguage":"az"},{"@type":"Organization","@id":"https:\/\/www.meydan.tv\/az\/#organization","name":"Meydan TV","url":"https:\/\/www.meydan.tv\/az\/","logo":{"@type":"ImageObject","inLanguage":"az","@id":"https:\/\/www.meydan.tv\/az\/#\/schema\/logo\/image\/","url":"https:\/\/www.meydan.tv\/wp-content\/uploads\/2021\/07\/meydan-logo.svg","contentUrl":"https:\/\/www.meydan.tv\/wp-content\/uploads\/2021\/07\/meydan-logo.svg","width":195,"height":46,"caption":"Meydan TV"},"image":{"@id":"https:\/\/www.meydan.tv\/az\/#\/schema\/logo\/image\/"}},{"@type":"Person","@id":"https:\/\/www.meydan.tv\/az\/#\/schema\/person\/09863e516102a829e72bedcf3f84c6b0","name":"mahmud"}]}},"_links":{"self":[{"href":"https:\/\/www.meydan.tv\/az\/wp-json\/wp\/v2\/posts\/303135","targetHints":{"allow":["GET"]}}],"collection":[{"href":"https:\/\/www.meydan.tv\/az\/wp-json\/wp\/v2\/posts"}],"about":[{"href":"https:\/\/www.meydan.tv\/az\/wp-json\/wp\/v2\/types\/post"}],"author":[{"embeddable":true,"href":"https:\/\/www.meydan.tv\/az\/wp-json\/wp\/v2\/users\/21"}],"replies":[{"embeddable":true,"href":"https:\/\/www.meydan.tv\/az\/wp-json\/wp\/v2\/comments?post=303135"}],"version-history":[{"count":1,"href":"https:\/\/www.meydan.tv\/az\/wp-json\/wp\/v2\/posts\/303135\/revisions"}],"predecessor-version":[{"id":303136,"href":"https:\/\/www.meydan.tv\/az\/wp-json\/wp\/v2\/posts\/303135\/revisions\/303136"}],"wp:featuredmedia":[{"embeddable":true,"href":"https:\/\/www.meydan.tv\/az\/wp-json\/wp\/v2\/media\/267375"}],"wp:attachment":[{"href":"https:\/\/www.meydan.tv\/az\/wp-json\/wp\/v2\/media?parent=303135"}],"wp:term":[{"taxonomy":"category","embeddable":true,"href":"https:\/\/www.meydan.tv\/az\/wp-json\/wp\/v2\/categories?post=303135"},{"taxonomy":"post_tag","embeddable":true,"href":"https:\/\/www.meydan.tv\/az\/wp-json\/wp\/v2\/tags?post=303135"}],"curies":[{"name":"wp","href":"https:\/\/api.w.org\/{rel}","templated":true}]}}