{"id":303128,"date":"2024-04-08T18:43:11","date_gmt":"2024-04-08T14:43:11","guid":{"rendered":"https:\/\/www.meydan.tv\/?p=303128"},"modified":"2024-04-08T21:45:43","modified_gmt":"2024-04-08T17:45:43","slug":"sehid-ve-qaziler-ucun-bina-kompleksi-tikib-yolumuzu-dagitdilar","status":"publish","type":"post","link":"https:\/\/www.meydan.tv\/az\/article\/sehid-ve-qaziler-ucun-bina-kompleksi-tikib-yolumuzu-dagitdilar\/","title":{"rendered":"\u201c\u015e\u0259hid v\u0259 qazil\u0259r \u00fc\u00e7\u00fcn bina kompleksi tikib, yolumuzu da\u011f\u0131td\u0131lar\u201d"},"content":{"rendered":"\n<figure class=\"wp-block-embed is-type-video is-provider-youtube wp-block-embed-youtube wp-embed-aspect-16-9 wp-has-aspect-ratio\"><div class=\"wp-block-embed__wrapper\">\n<iframe title=\"\u201c\u015e\u0259hid v\u0259 qazil\u0259r \u00fc\u00e7\u00fcn bina kompleksi tikib, yolumuzu da\u011f\u0131td\u0131lar\u201d\" width=\"1200\" height=\"675\" data-src=\"https:\/\/www.youtube.com\/embed\/SnyyM1XRZbM?feature=oembed\" frameborder=\"0\" allow=\"accelerometer; autoplay; clipboard-write; encrypted-media; gyroscope; picture-in-picture; web-share\" referrerpolicy=\"strict-origin-when-cross-origin\" allowfullscreen src=\"data:image\/svg+xml;base64,PHN2ZyB3aWR0aD0iMSIgaGVpZ2h0PSIxIiB4bWxucz0iaHR0cDovL3d3dy53My5vcmcvMjAwMC9zdmciPjwvc3ZnPg==\" class=\"lazyload\" data-load-mode=\"1\"><\/iframe>\n<\/div><\/figure>\n\n\n\n<!--more-->\n\n\n\n<p>\u0130lin h\u0259r f\u0259slind\u0259 Sabun\u00e7uda yerl\u0259\u015f\u0259n Savalan ya\u015fay\u0131\u015f massivinin yollar\u0131 g\u00f6lm\u0259\u00e7\u0259l\u0259rl\u0259 dolur. Su il\u0259 \u0259hat\u0259l\u0259nmi\u015f yol q\u0259s\u0259b\u0259 sakinl\u0259rinin gedi\u015f-g\u0259li\u015fini \u0259ng\u0259ll\u0259yir. <\/p>\n\n\n\n<p>Savalan q\u0259s\u0259b\u0259sin\u0259 kanalizasiya x\u0259tti \u00e7\u0259kilm\u0259yib. Ya\u011f\u0131\u015f sular\u0131ndan yaranan g\u00f6lm\u0259\u00e7\u0259l\u0259r aylarla sabit v\u0259ziyy\u0259td\u0259 qal\u0131r. <\/p>\n\n\n\n<p>Q\u0259s\u0259b\u0259 camaat\u0131 deyir ki, \u0259vv\u0259ll\u0259r \u00f6z hesablar\u0131na yol \u00e7\u0259kib ondan istifad\u0259 edirdil\u0259r. Bir ne\u00e7\u0259 il \u0259vv\u0259l \u015f\u0259hid v\u0259 qazi ail\u0259l\u0259ri \u00fc\u00e7\u00fcn bina kompleksi tikil\u0259nd\u0259 h\u0259min yollar da\u011f\u0131d\u0131l\u0131b. Sakinl\u0259r\u0259 t\u0259klif olunan alternativ yol is\u0259 yarars\u0131z durumdad\u0131r.<\/p>\n\n\n\n<p>\u015e\u0259hid v\u0259 qazi ail\u0259l\u0259ri \u00fc\u00e7\u00fcn tikil\u0259n kompleksin \u0259traf\u0131nda ya\u015fayan q\u0259s\u0259b\u0259 camaat\u0131 onlar\u0131n da \u015fikay\u0259tl\u0259rinin e\u015fidil\u0259c\u0259yin\u0259, probleml\u0259rinin h\u0259ll olunaca\u011f\u0131na \u00fcmid edib. Ancaq aidiyyat\u0131 qurumlar onlar\u0131 cavabs\u0131z qoyub.<\/p>\n\n\n\n<p>\u201cAz\u0259rsu\u201d A\u00e7\u0131q S\u0259hmdar C\u0259miyy\u0259tind\u0259n Meydan TV-y\u0259 bildirilib ki, 2024-c\u00fc il \u00fc\u00e7\u00fcn n\u0259z\u0259rd\u0259 tutulmasa da, q\u0259s\u0259b\u0259y\u0259 g\u0259l\u0259c\u0259kd\u0259 m\u0259rk\u0259zl\u0259\u015fdirilmi\u015f kanalizasiya infrastrukturunun \u00e7\u0259kilm\u0259si planla\u015fd\u0131r\u0131l\u0131r.<\/p>\n","protected":false},"excerpt":{"rendered":"","protected":false},"author":12,"featured_media":303129,"comment_status":"closed","ping_status":"closed","sticky":false,"template":"","format":"standard","meta":{"_acf_changed":false,"_sitemap_exclude":false,"_sitemap_priority":"","_sitemap_frequency":"","footnotes":""},"categories":[62,63],"tags":[],"class_list":["post-303128","post","type-post","status-publish","format-standard","has-post-thumbnail","hentry","category-sosial","category-video-2","infinite-scroll-item","generate-columns","tablet-grid-50","mobile-grid-100","grid-parent","grid-33","no-featured-image-padding"],"acf":[],"yoast_head":"<!-- This site is optimized with the Yoast SEO plugin v27.4 - https:\/\/yoast.com\/product\/yoast-seo-wordpress\/ -->\n<title>\u201c\u015e\u0259hid v\u0259 qazil\u0259r \u00fc\u00e7\u00fcn bina kompleksi tikib, yolumuzu da\u011f\u0131td\u0131lar\u201d - MEYDAN.TV<\/title>\n<meta name=\"robots\" content=\"index, follow, max-snippet:-1, max-image-preview:large, max-video-preview:-1\" \/>\n<link rel=\"canonical\" href=\"https:\/\/www.meydan.tv\/az\/article\/sehid-ve-qaziler-ucun-bina-kompleksi-tikib-yolumuzu-dagitdilar\/\" \/>\n<meta property=\"og:locale\" content=\"az_AZ\" \/>\n<meta property=\"og:type\" content=\"article\" \/>\n<meta property=\"og:title\" content=\"\u201c\u015e\u0259hid v\u0259 qazil\u0259r \u00fc\u00e7\u00fcn bina kompleksi tikib, yolumuzu da\u011f\u0131td\u0131lar\u201d - MEYDAN.TV\" \/>\n<meta property=\"og:url\" content=\"https:\/\/www.meydan.tv\/az\/article\/sehid-ve-qaziler-ucun-bina-kompleksi-tikib-yolumuzu-dagitdilar\/\" \/>\n<meta property=\"og:site_name\" content=\"MEYDAN.TV\" \/>\n<meta property=\"article:published_time\" content=\"2024-04-08T14:43:11+00:00\" \/>\n<meta property=\"article:modified_time\" content=\"2024-04-08T17:45:43+00:00\" \/>\n<meta property=\"og:image\" content=\"https:\/\/www.meydan.tv\/wp-content\/uploads\/screenshot-2024-04-08-at-16.28.37.png\" \/>\n\t<meta property=\"og:image:width\" content=\"1808\" \/>\n\t<meta property=\"og:image:height\" content=\"992\" \/>\n\t<meta property=\"og:image:type\" content=\"image\/png\" \/>\n<meta name=\"author\" content=\"aleks\" \/>\n<meta name=\"twitter:card\" content=\"summary_large_image\" \/>\n<script type=\"application\/ld+json\" class=\"yoast-schema-graph\">{\"@context\":\"https:\\\/\\\/schema.org\",\"@graph\":[{\"@type\":\"Article\",\"@id\":\"https:\\\/\\\/www.meydan.tv\\\/az\\\/article\\\/sehid-ve-qaziler-ucun-bina-kompleksi-tikib-yolumuzu-dagitdilar\\\/#article\",\"isPartOf\":{\"@id\":\"https:\\\/\\\/www.meydan.tv\\\/az\\\/article\\\/sehid-ve-qaziler-ucun-bina-kompleksi-tikib-yolumuzu-dagitdilar\\\/\"},\"author\":{\"name\":\"aleks\",\"@id\":\"https:\\\/\\\/www.meydan.tv\\\/az\\\/#\\\/schema\\\/person\\\/476e9360e593fa131d5d71d51866f8da\"},\"headline\":\"\u201c\u015e\u0259hid v\u0259 qazil\u0259r \u00fc\u00e7\u00fcn bina kompleksi tikib, yolumuzu da\u011f\u0131td\u0131lar\u201d\",\"datePublished\":\"2024-04-08T14:43:11+00:00\",\"dateModified\":\"2024-04-08T17:45:43+00:00\",\"mainEntityOfPage\":{\"@id\":\"https:\\\/\\\/www.meydan.tv\\\/az\\\/article\\\/sehid-ve-qaziler-ucun-bina-kompleksi-tikib-yolumuzu-dagitdilar\\\/\"},\"wordCount\":218,\"publisher\":{\"@id\":\"https:\\\/\\\/www.meydan.tv\\\/az\\\/#organization\"},\"image\":{\"@id\":\"https:\\\/\\\/www.meydan.tv\\\/az\\\/article\\\/sehid-ve-qaziler-ucun-bina-kompleksi-tikib-yolumuzu-dagitdilar\\\/#primaryimage\"},\"thumbnailUrl\":\"https:\\\/\\\/www.meydan.tv\\\/wp-content\\\/uploads\\\/screenshot-2024-04-08-at-16.28.37.png\",\"articleSection\":[\"Sosial\",\"Video\"],\"inLanguage\":\"az\"},{\"@type\":\"WebPage\",\"@id\":\"https:\\\/\\\/www.meydan.tv\\\/az\\\/article\\\/sehid-ve-qaziler-ucun-bina-kompleksi-tikib-yolumuzu-dagitdilar\\\/\",\"url\":\"https:\\\/\\\/www.meydan.tv\\\/az\\\/article\\\/sehid-ve-qaziler-ucun-bina-kompleksi-tikib-yolumuzu-dagitdilar\\\/\",\"name\":\"\u201c\u015e\u0259hid v\u0259 qazil\u0259r \u00fc\u00e7\u00fcn bina kompleksi tikib, yolumuzu da\u011f\u0131td\u0131lar\u201d - MEYDAN.TV\",\"isPartOf\":{\"@id\":\"https:\\\/\\\/www.meydan.tv\\\/az\\\/#website\"},\"primaryImageOfPage\":{\"@id\":\"https:\\\/\\\/www.meydan.tv\\\/az\\\/article\\\/sehid-ve-qaziler-ucun-bina-kompleksi-tikib-yolumuzu-dagitdilar\\\/#primaryimage\"},\"image\":{\"@id\":\"https:\\\/\\\/www.meydan.tv\\\/az\\\/article\\\/sehid-ve-qaziler-ucun-bina-kompleksi-tikib-yolumuzu-dagitdilar\\\/#primaryimage\"},\"thumbnailUrl\":\"https:\\\/\\\/www.meydan.tv\\\/wp-content\\\/uploads\\\/screenshot-2024-04-08-at-16.28.37.png\",\"datePublished\":\"2024-04-08T14:43:11+00:00\",\"dateModified\":\"2024-04-08T17:45:43+00:00\",\"breadcrumb\":{\"@id\":\"https:\\\/\\\/www.meydan.tv\\\/az\\\/article\\\/sehid-ve-qaziler-ucun-bina-kompleksi-tikib-yolumuzu-dagitdilar\\\/#breadcrumb\"},\"inLanguage\":\"az\",\"potentialAction\":[{\"@type\":\"ReadAction\",\"target\":[\"https:\\\/\\\/www.meydan.tv\\\/az\\\/article\\\/sehid-ve-qaziler-ucun-bina-kompleksi-tikib-yolumuzu-dagitdilar\\\/\"]}]},{\"@type\":\"ImageObject\",\"inLanguage\":\"az\",\"@id\":\"https:\\\/\\\/www.meydan.tv\\\/az\\\/article\\\/sehid-ve-qaziler-ucun-bina-kompleksi-tikib-yolumuzu-dagitdilar\\\/#primaryimage\",\"url\":\"https:\\\/\\\/www.meydan.tv\\\/wp-content\\\/uploads\\\/screenshot-2024-04-08-at-16.28.37.png\",\"contentUrl\":\"https:\\\/\\\/www.meydan.tv\\\/wp-content\\\/uploads\\\/screenshot-2024-04-08-at-16.28.37.png\",\"width\":1808,\"height\":992},{\"@type\":\"BreadcrumbList\",\"@id\":\"https:\\\/\\\/www.meydan.tv\\\/az\\\/article\\\/sehid-ve-qaziler-ucun-bina-kompleksi-tikib-yolumuzu-dagitdilar\\\/#breadcrumb\",\"itemListElement\":[{\"@type\":\"ListItem\",\"position\":1,\"name\":\"Ana s\u0259hif\u0259\",\"item\":\"https:\\\/\\\/www.meydan.tv\\\/az\\\/\"},{\"@type\":\"ListItem\",\"position\":2,\"name\":\"Video\",\"item\":\"https:\\\/\\\/www.meydan.tv\\\/az\\\/section\\\/video-2\\\/\"},{\"@type\":\"ListItem\",\"position\":3,\"name\":\"\u201c\u015e\u0259hid v\u0259 qazil\u0259r \u00fc\u00e7\u00fcn bina kompleksi tikib, yolumuzu da\u011f\u0131td\u0131lar\u201d\"}]},{\"@type\":\"WebSite\",\"@id\":\"https:\\\/\\\/www.meydan.tv\\\/az\\\/#website\",\"url\":\"https:\\\/\\\/www.meydan.tv\\\/az\\\/\",\"name\":\"MEYDAN.TV\",\"description\":\"Meydan TV Az\u0259rbaycan\u0131n media m\u0259kan\u0131ndak\u0131 alternativ s\u0259sidir\",\"publisher\":{\"@id\":\"https:\\\/\\\/www.meydan.tv\\\/az\\\/#organization\"},\"potentialAction\":[{\"@type\":\"SearchAction\",\"target\":{\"@type\":\"EntryPoint\",\"urlTemplate\":\"https:\\\/\\\/www.meydan.tv\\\/az\\\/?s={search_term_string}\"},\"query-input\":{\"@type\":\"PropertyValueSpecification\",\"valueRequired\":true,\"valueName\":\"search_term_string\"}}],\"inLanguage\":\"az\"},{\"@type\":\"Organization\",\"@id\":\"https:\\\/\\\/www.meydan.tv\\\/az\\\/#organization\",\"name\":\"Meydan TV\",\"url\":\"https:\\\/\\\/www.meydan.tv\\\/az\\\/\",\"logo\":{\"@type\":\"ImageObject\",\"inLanguage\":\"az\",\"@id\":\"https:\\\/\\\/www.meydan.tv\\\/az\\\/#\\\/schema\\\/logo\\\/image\\\/\",\"url\":\"https:\\\/\\\/www.meydan.tv\\\/wp-content\\\/uploads\\\/2021\\\/07\\\/meydan-logo.svg\",\"contentUrl\":\"https:\\\/\\\/www.meydan.tv\\\/wp-content\\\/uploads\\\/2021\\\/07\\\/meydan-logo.svg\",\"width\":195,\"height\":46,\"caption\":\"Meydan TV\"},\"image\":{\"@id\":\"https:\\\/\\\/www.meydan.tv\\\/az\\\/#\\\/schema\\\/logo\\\/image\\\/\"}},{\"@type\":\"Person\",\"@id\":\"https:\\\/\\\/www.meydan.tv\\\/az\\\/#\\\/schema\\\/person\\\/476e9360e593fa131d5d71d51866f8da\",\"name\":\"aleks\"}]}<\/script>\n<!-- \/ Yoast SEO plugin. -->","yoast_head_json":{"title":"\u201c\u015e\u0259hid v\u0259 qazil\u0259r \u00fc\u00e7\u00fcn bina kompleksi tikib, yolumuzu da\u011f\u0131td\u0131lar\u201d - MEYDAN.TV","robots":{"index":"index","follow":"follow","max-snippet":"max-snippet:-1","max-image-preview":"max-image-preview:large","max-video-preview":"max-video-preview:-1"},"canonical":"https:\/\/www.meydan.tv\/az\/article\/sehid-ve-qaziler-ucun-bina-kompleksi-tikib-yolumuzu-dagitdilar\/","og_locale":"az_AZ","og_type":"article","og_title":"\u201c\u015e\u0259hid v\u0259 qazil\u0259r \u00fc\u00e7\u00fcn bina kompleksi tikib, yolumuzu da\u011f\u0131td\u0131lar\u201d - MEYDAN.TV","og_url":"https:\/\/www.meydan.tv\/az\/article\/sehid-ve-qaziler-ucun-bina-kompleksi-tikib-yolumuzu-dagitdilar\/","og_site_name":"MEYDAN.TV","article_published_time":"2024-04-08T14:43:11+00:00","article_modified_time":"2024-04-08T17:45:43+00:00","og_image":[{"width":1808,"height":992,"url":"https:\/\/www.meydan.tv\/wp-content\/uploads\/screenshot-2024-04-08-at-16.28.37.png","type":"image\/png"}],"author":"aleks","twitter_card":"summary_large_image","schema":{"@context":"https:\/\/schema.org","@graph":[{"@type":"Article","@id":"https:\/\/www.meydan.tv\/az\/article\/sehid-ve-qaziler-ucun-bina-kompleksi-tikib-yolumuzu-dagitdilar\/#article","isPartOf":{"@id":"https:\/\/www.meydan.tv\/az\/article\/sehid-ve-qaziler-ucun-bina-kompleksi-tikib-yolumuzu-dagitdilar\/"},"author":{"name":"aleks","@id":"https:\/\/www.meydan.tv\/az\/#\/schema\/person\/476e9360e593fa131d5d71d51866f8da"},"headline":"\u201c\u015e\u0259hid v\u0259 qazil\u0259r \u00fc\u00e7\u00fcn bina kompleksi tikib, yolumuzu da\u011f\u0131td\u0131lar\u201d","datePublished":"2024-04-08T14:43:11+00:00","dateModified":"2024-04-08T17:45:43+00:00","mainEntityOfPage":{"@id":"https:\/\/www.meydan.tv\/az\/article\/sehid-ve-qaziler-ucun-bina-kompleksi-tikib-yolumuzu-dagitdilar\/"},"wordCount":218,"publisher":{"@id":"https:\/\/www.meydan.tv\/az\/#organization"},"image":{"@id":"https:\/\/www.meydan.tv\/az\/article\/sehid-ve-qaziler-ucun-bina-kompleksi-tikib-yolumuzu-dagitdilar\/#primaryimage"},"thumbnailUrl":"https:\/\/www.meydan.tv\/wp-content\/uploads\/screenshot-2024-04-08-at-16.28.37.png","articleSection":["Sosial","Video"],"inLanguage":"az"},{"@type":"WebPage","@id":"https:\/\/www.meydan.tv\/az\/article\/sehid-ve-qaziler-ucun-bina-kompleksi-tikib-yolumuzu-dagitdilar\/","url":"https:\/\/www.meydan.tv\/az\/article\/sehid-ve-qaziler-ucun-bina-kompleksi-tikib-yolumuzu-dagitdilar\/","name":"\u201c\u015e\u0259hid v\u0259 qazil\u0259r \u00fc\u00e7\u00fcn bina kompleksi tikib, yolumuzu da\u011f\u0131td\u0131lar\u201d - MEYDAN.TV","isPartOf":{"@id":"https:\/\/www.meydan.tv\/az\/#website"},"primaryImageOfPage":{"@id":"https:\/\/www.meydan.tv\/az\/article\/sehid-ve-qaziler-ucun-bina-kompleksi-tikib-yolumuzu-dagitdilar\/#primaryimage"},"image":{"@id":"https:\/\/www.meydan.tv\/az\/article\/sehid-ve-qaziler-ucun-bina-kompleksi-tikib-yolumuzu-dagitdilar\/#primaryimage"},"thumbnailUrl":"https:\/\/www.meydan.tv\/wp-content\/uploads\/screenshot-2024-04-08-at-16.28.37.png","datePublished":"2024-04-08T14:43:11+00:00","dateModified":"2024-04-08T17:45:43+00:00","breadcrumb":{"@id":"https:\/\/www.meydan.tv\/az\/article\/sehid-ve-qaziler-ucun-bina-kompleksi-tikib-yolumuzu-dagitdilar\/#breadcrumb"},"inLanguage":"az","potentialAction":[{"@type":"ReadAction","target":["https:\/\/www.meydan.tv\/az\/article\/sehid-ve-qaziler-ucun-bina-kompleksi-tikib-yolumuzu-dagitdilar\/"]}]},{"@type":"ImageObject","inLanguage":"az","@id":"https:\/\/www.meydan.tv\/az\/article\/sehid-ve-qaziler-ucun-bina-kompleksi-tikib-yolumuzu-dagitdilar\/#primaryimage","url":"https:\/\/www.meydan.tv\/wp-content\/uploads\/screenshot-2024-04-08-at-16.28.37.png","contentUrl":"https:\/\/www.meydan.tv\/wp-content\/uploads\/screenshot-2024-04-08-at-16.28.37.png","width":1808,"height":992},{"@type":"BreadcrumbList","@id":"https:\/\/www.meydan.tv\/az\/article\/sehid-ve-qaziler-ucun-bina-kompleksi-tikib-yolumuzu-dagitdilar\/#breadcrumb","itemListElement":[{"@type":"ListItem","position":1,"name":"Ana s\u0259hif\u0259","item":"https:\/\/www.meydan.tv\/az\/"},{"@type":"ListItem","position":2,"name":"Video","item":"https:\/\/www.meydan.tv\/az\/section\/video-2\/"},{"@type":"ListItem","position":3,"name":"\u201c\u015e\u0259hid v\u0259 qazil\u0259r \u00fc\u00e7\u00fcn bina kompleksi tikib, yolumuzu da\u011f\u0131td\u0131lar\u201d"}]},{"@type":"WebSite","@id":"https:\/\/www.meydan.tv\/az\/#website","url":"https:\/\/www.meydan.tv\/az\/","name":"MEYDAN.TV","description":"Meydan TV Az\u0259rbaycan\u0131n media m\u0259kan\u0131ndak\u0131 alternativ s\u0259sidir","publisher":{"@id":"https:\/\/www.meydan.tv\/az\/#organization"},"potentialAction":[{"@type":"SearchAction","target":{"@type":"EntryPoint","urlTemplate":"https:\/\/www.meydan.tv\/az\/?s={search_term_string}"},"query-input":{"@type":"PropertyValueSpecification","valueRequired":true,"valueName":"search_term_string"}}],"inLanguage":"az"},{"@type":"Organization","@id":"https:\/\/www.meydan.tv\/az\/#organization","name":"Meydan TV","url":"https:\/\/www.meydan.tv\/az\/","logo":{"@type":"ImageObject","inLanguage":"az","@id":"https:\/\/www.meydan.tv\/az\/#\/schema\/logo\/image\/","url":"https:\/\/www.meydan.tv\/wp-content\/uploads\/2021\/07\/meydan-logo.svg","contentUrl":"https:\/\/www.meydan.tv\/wp-content\/uploads\/2021\/07\/meydan-logo.svg","width":195,"height":46,"caption":"Meydan TV"},"image":{"@id":"https:\/\/www.meydan.tv\/az\/#\/schema\/logo\/image\/"}},{"@type":"Person","@id":"https:\/\/www.meydan.tv\/az\/#\/schema\/person\/476e9360e593fa131d5d71d51866f8da","name":"aleks"}]}},"_links":{"self":[{"href":"https:\/\/www.meydan.tv\/az\/wp-json\/wp\/v2\/posts\/303128","targetHints":{"allow":["GET"]}}],"collection":[{"href":"https:\/\/www.meydan.tv\/az\/wp-json\/wp\/v2\/posts"}],"about":[{"href":"https:\/\/www.meydan.tv\/az\/wp-json\/wp\/v2\/types\/post"}],"author":[{"embeddable":true,"href":"https:\/\/www.meydan.tv\/az\/wp-json\/wp\/v2\/users\/12"}],"replies":[{"embeddable":true,"href":"https:\/\/www.meydan.tv\/az\/wp-json\/wp\/v2\/comments?post=303128"}],"version-history":[{"count":4,"href":"https:\/\/www.meydan.tv\/az\/wp-json\/wp\/v2\/posts\/303128\/revisions"}],"predecessor-version":[{"id":303152,"href":"https:\/\/www.meydan.tv\/az\/wp-json\/wp\/v2\/posts\/303128\/revisions\/303152"}],"wp:featuredmedia":[{"embeddable":true,"href":"https:\/\/www.meydan.tv\/az\/wp-json\/wp\/v2\/media\/303129"}],"wp:attachment":[{"href":"https:\/\/www.meydan.tv\/az\/wp-json\/wp\/v2\/media?parent=303128"}],"wp:term":[{"taxonomy":"category","embeddable":true,"href":"https:\/\/www.meydan.tv\/az\/wp-json\/wp\/v2\/categories?post=303128"},{"taxonomy":"post_tag","embeddable":true,"href":"https:\/\/www.meydan.tv\/az\/wp-json\/wp\/v2\/tags?post=303128"}],"curies":[{"name":"wp","href":"https:\/\/api.w.org\/{rel}","templated":true}]}}