{"id":303100,"date":"2024-04-08T14:53:43","date_gmt":"2024-04-08T10:53:43","guid":{"rendered":"https:\/\/www.meydan.tv\/?p=303100"},"modified":"2024-04-08T15:30:51","modified_gmt":"2024-04-08T11:30:51","slug":"goycayda-yolsuzluq-bu-yola-ne-eseb-dozur-ne-masin","status":"publish","type":"post","link":"https:\/\/www.meydan.tv\/az\/article\/goycayda-yolsuzluq-bu-yola-ne-eseb-dozur-ne-masin\/","title":{"rendered":"G\u00f6y\u00e7ayda yolsuzluq: &#8220;Bu yola n\u0259 \u0259s\u0259b d\u00f6z\u00fcr, n\u0259 ma\u015f\u0131n&#8230;&#8221;"},"content":{"rendered":"\n<p><\/p>\n\n\n\n<p><strong><em>&#8220;Taksi, avtobus bu yoldan imtina edib&#8221;<\/em><\/strong><\/p>\n\n\n\n<p>G\u00f6y\u00e7ay sakinl\u0259ri yolsuzluqdan \u0259ziyy\u0259t \u00e7\u0259kirl\u0259r.<\/p>\n\n\n\n<p>1800-ci ild\u0259 po\u00e7t da\u015f\u0131nmas\u0131 m\u0259qs\u0259dil\u0259 sal\u0131nan v\u0259 \u0259n son 1980-ci ild\u0259 t\u0259mir olunan Qaram\u0259ry\u0259m-M\u00fcs\u00fcsl\u00fc rayonlararas\u0131 magistral yol 20 ildir ki, b\u0259rbad v\u0259ziyy\u0259td\u0259dir.<\/p>\n\n\n\n<p>Rayon sakini R\u0259sul Babayev Meydan TV-y\u0259 deyir ki, yol \u00e7alalarla doludur, toz v\u0259 pal\u00e7\u0131q arzuolunmaz h\u0259dd\u0259dir:<\/p>\n\n\n<div class=\"wp-block-image\">\n<figure class=\"aligncenter size-large\"><img decoding=\"async\" width=\"1095\" height=\"821\" data-src=\"https:\/\/www.meydan.tv\/wp-content\/uploads\/img-20240401-wa0035-1095x821.jpg\" alt=\"\" class=\"wp-image-303088 lazyload\" src=\"data:image\/svg+xml;base64,PHN2ZyB3aWR0aD0iMSIgaGVpZ2h0PSIxIiB4bWxucz0iaHR0cDovL3d3dy53My5vcmcvMjAwMC9zdmciPjwvc3ZnPg==\" style=\"--smush-placeholder-width: 1095px; --smush-placeholder-aspect-ratio: 1095\/821;\" \/><\/figure>\n<\/div>\n\n\n<p>&#8220;<em>Taksi, avtobus bu yoldan imtina edib. N\u0259 baxan var, n\u0259 d\u0259 veril\u0259n v\u0259dl\u0259r yerin\u0259 yetirilir. X\u0259st\u0259mizi, u\u015fa\u011f\u0131m\u0131z\u0131, qocam\u0131z\u0131 he\u00e7 yer\u0259 \u00e7atd\u0131ra bilmirik. Yolda \u00fcst-\u00fcst\u0259 bir kilometr asfalt qalmay\u0131b. M\u0259n m\u0259cburam ki, h\u0259r h\u0259ft\u0259 bu yolla i\u015f\u0259 g\u0259lim, ancaq buna n\u0259 \u0259s\u0259b d\u00f6z\u00fcr, n\u0259 d\u0259 ma\u015f\u0131n&#8221;.<\/em><\/p>\n\n\n\n<p><strong>&#8220;20-25 d\u0259qiq\u0259lik yolu saat yar\u0131ma gedirik&#8221;<\/strong><\/p>\n\n\n\n<p>Onun s\u00f6zl\u0259rin\u0259 g\u00f6r\u0259, y\u00fczl\u0259rl\u0259 sakin bu yoldan g\u00fcnd\u0259lik istifad\u0259 etm\u0259k m\u0259cburiyy\u0259tind\u0259dir.<\/p>\n\n\n\n<p>S\u00f6z\u00fcged\u0259n yol is\u0259 \u00fcmumilikd\u0259 40 mind\u0259n \u00e7ox \u0259halisi olan 12 k\u0259ndi birl\u0259\u015fdirir.<\/p>\n\n\n\n<p>Yol k\u0259nar\u0131nda ya\u015fay\u0131\u015f evl\u0259ri, m\u0259kt\u0259bl\u0259r v\u0259 ticar\u0259t k\u00f6\u015fkl\u0259ri a\u00e7\u0131lsa da, yolun \u00f6z\u00fc tamamil\u0259 da\u011f\u0131l\u0131b.<\/p>\n\n\n\n<p>S\u00fcr\u00fcc\u00fc Tural \u018fliyev deyir ki, bu yoldan istifad\u0259 ed\u0259n ma\u015f\u0131nlar h\u0259r h\u0259ft\u0259 t\u0259mir olunur:<\/p>\n\n\n<div class=\"wp-block-image\">\n<figure class=\"aligncenter size-large\"><img decoding=\"async\" width=\"1095\" height=\"821\" data-src=\"https:\/\/www.meydan.tv\/wp-content\/uploads\/img-20240401-wa0077-1095x821.jpg\" alt=\"\" class=\"wp-image-303097 lazyload\" src=\"data:image\/svg+xml;base64,PHN2ZyB3aWR0aD0iMSIgaGVpZ2h0PSIxIiB4bWxucz0iaHR0cDovL3d3dy53My5vcmcvMjAwMC9zdmciPjwvc3ZnPg==\" style=\"--smush-placeholder-width: 1095px; --smush-placeholder-aspect-ratio: 1095\/821;\" \/><\/figure>\n<\/div>\n\n\n<p><em>&#8220;\u018flin\u0259 ke\u00e7\u0259ni t\u0259mir\u0259 verirs\u0259n. Yayda istid\u0259 bu yolda el\u0259 toz olur, el\u0259 bil s\u0259hrad\u0131r. U\u015faqlar\u0131 m\u0259kt\u0259b\u0259 piyada aparmal\u0131 oluruq. H\u0259r an q\u0259za, h\u0259r an x\u0259rcdir bu yol. 20 manatl\u0131q yolu indi 35-40 manata gedirik, gec\u0259 vaxt\u0131 lap baha apar\u0131rlar ki, yol gedilm\u0259zdir&#8221;.<\/em><\/p>\n\n\n\n<p>&#8220;<em>\u018fn \u00e7ox \u0259ziyy\u0259ti g\u00fcnd\u0259lik bu yoldan istifad\u0259 etm\u0259k m\u0259cburiyy\u0259tind\u0259 qalan k\u0259nd sakinl\u0259ri \u00e7\u0259kir. Bu yolda vaxtla b\u0259rab\u0259r xeyli pul itkisi d\u0259 ya\u015fan\u0131r. \u018fs\u0259bl\u0259r d\u0259 art\u0131q d\u00f6zm\u00fcr. K\u0259ndl\u0259r\u0259 g\u0259lib-getm\u0259k \u00e7ox \u00e7\u0259tindir. Ma\u015f\u0131nlar xarab olub qal\u0131r. 20-25 d\u0259qiq\u0259lik yolu 1 saat yar\u0131ma gedirik&#8221;, <\/em>&#8211; dey\u0259 o bildirib.<\/p>\n\n\n\n<p><strong>&#8220;Turizm inki\u015faf\u0131na d\u0259st\u0259k \u00fc\u00e7\u00fcn \u00e7ox perspektivli yoldur&#8221;<\/strong><\/p>\n\n\n\n<p>Sakinl\u0259r deyirl\u0259r ki, Qaram\u0259ry\u0259m, Alxasava, \u0130n\u00e7\u0259 v\u0259 Ucar\u0131n M\u00fcs\u00fcsl\u00fc k\u0259ndl\u0259rind\u0259n ke\u00e7\u0259n uzunlu\u011fu 22 km olan yol \u0259sasl\u0131 t\u0259mir edilm\u0259lidir.<\/p>\n\n\n\n<p>Onlar\u0131n s\u00f6zl\u0259rin\u0259 g\u00f6r\u0259, vaxtil\u0259 bu yolla g\u00fcnd\u0259lik \u0130smay\u0131ll\u0131-G\u00f6y\u00e7ay-Bak\u0131 mar\u015frutu h\u0259r\u0259k\u0259td\u0259 olub. \u00dcst\u0259lik, bu strateji yol k\u0259ndl\u0259ri rayon m\u0259rk\u0259zi il\u0259, rayonun \u00f6z\u00fcn\u00fc is\u0259 iki t\u0259r\u0259fd\u0259n magistral yolla birl\u0259\u015fdirir.<\/p>\n\n\n\n<p>Yolun 9 km-i \u0130n\u00e7\u0259 k\u0259ndind\u0259n Qaram\u0259ry\u0259m k\u0259ndin\u0259, 14 km-i is\u0259 \u0130n\u00e7\u0259d\u0259n M\u00fcs\u00fcsl\u00fc k\u0259ndin\u0259 q\u0259d\u0259r \u0259hat\u0259 edir. Ancaq yol o q\u0259d\u0259r b\u0259rbadd\u0131r ki, s\u00fcr\u00fcc\u00fcl\u0259r bu q\u0131sa m\u0259saf\u0259ni qoyub dig\u0259r 50-60 kmlik yolu q\u0259t etm\u0259k m\u0259cburiyy\u0259tind\u0259 qal\u0131rlar.<\/p>\n\n\n<div class=\"wp-block-image\">\n<figure class=\"aligncenter size-large\"><img decoding=\"async\" width=\"1095\" height=\"821\" data-src=\"https:\/\/www.meydan.tv\/wp-content\/uploads\/img-20240401-wa0060-1095x821.jpg\" alt=\"\" class=\"wp-image-303091 lazyload\" src=\"data:image\/svg+xml;base64,PHN2ZyB3aWR0aD0iMSIgaGVpZ2h0PSIxIiB4bWxucz0iaHR0cDovL3d3dy53My5vcmcvMjAwMC9zdmciPjwvc3ZnPg==\" style=\"--smush-placeholder-width: 1095px; --smush-placeholder-aspect-ratio: 1095\/821;\" \/><\/figure>\n<\/div>\n\n\n<p>Sakinl\u0259r bildiribl\u0259r ki, bu magistral vaxtil\u0259 \u015fimal-q\u0259rb v\u0259 \u015fimal-\u015f\u0259rq regionu aras\u0131nda tranzit yol kimi \u00f6n\u0259mli olub. Bu yolla \u00e7oxlu sayda turist \u00f6lk\u0259nin \u015fimal-q\u0259rb zonas\u0131na ax\u0131n edib. \u00dcst\u0259lik, k\u0259nd sakinl\u0259ri ne\u00e7\u0259 ildir ki, yeti\u015fdirdikl\u0259ri m\u0259hsulu yolsuzluq s\u0259b\u0259bind\u0259n bazara \u00e7\u0131xara bilmirl\u0259r.<\/p>\n\n\n\n<p>Onlar qeyd edibl\u0259r ki, malakanlar \u0130smay\u0131ll\u0131n\u0131n \u0130vanovka k\u0259ndind\u0259 yerl\u0259\u015f\u0259nd\u0259n sonra po\u00e7t da\u015f\u0131nmas\u0131 m\u0259qs\u0259dil\u0259 \u00f6nc\u0259 da\u015fl\u0131q yol sal\u0131n\u0131b. 1916-ci ild\u0259 M\u00fcs\u00fcsl\u00fc d\u0259mir yolu v\u0259 asfalt \u00f6rt\u00fcy\u00fc is\u0259 \u00e7ox sonralar \u00e7\u0259kilib.<\/p>\n\n\n<div class=\"wp-block-image\">\n<figure class=\"aligncenter size-large\"><img decoding=\"async\" width=\"1095\" height=\"821\" data-src=\"https:\/\/www.meydan.tv\/wp-content\/uploads\/img-20240401-wa0071-1095x821.jpg\" alt=\"\" class=\"wp-image-303082 lazyload\" src=\"data:image\/svg+xml;base64,PHN2ZyB3aWR0aD0iMSIgaGVpZ2h0PSIxIiB4bWxucz0iaHR0cDovL3d3dy53My5vcmcvMjAwMC9zdmciPjwvc3ZnPg==\" style=\"--smush-placeholder-width: 1095px; --smush-placeholder-aspect-ratio: 1095\/821;\" \/><\/figure>\n<\/div>\n\n\n<p>\u0130smay\u0131ll\u0131 rayonu dig\u0259r \u015fimal-q\u0259rb zonalar\u0131 aktiv bu yoldan istifad\u0259 edib, bundan ba\u015fqa, turizmin inki\u015faf\u0131na d\u0259st\u0259k \u00fc\u00e7\u00fcn \u00e7ox perspektivli yoldur:<\/p>\n\n\n\n<p>&#8220;<em>Avtobuslarla dig\u0259r \u0259traf zonalardan \u015fimal- q\u0259rb\u0259 turist ax\u0131n\u0131 olurdu. Yolun b\u0259rbad hala d\u00fc\u015fm\u0259si s\u0259b\u0259bind\u0259n \u00e7oxu \u00fcz\u00fcn\u00fc c\u0259nub zonas\u0131na sald\u0131. Bu d\u00f6vl\u0259t \u0259h\u0259miyy\u0259tli avtomobil yoludur. Qeyd etdiyimiz zonalara \u00e7atmaq \u00fc\u00e7\u00fcn dig\u0259r yollardan 40 km m\u0259saf\u0259 f\u0259rqi var. \u0130ll\u0259rdir ki, k\u0259nd sakinl\u0259rinin m\u0259hsulu bat\u0131r, uy\u011fun bazara bu yolla \u00e7\u0131xmaq \u0259lveri\u015fli deyil. H\u0259m\u00e7inin k\u0259ndl\u0259rin inki\u015faf\u0131 \u00fc\u00e7\u00fcn s\u0259rmay\u0259 qoyulu\u015funun qar\u015f\u0131s\u0131n\u0131 al\u0131r. \u018fksin\u0259 k\u0259ndl\u0259ri t\u0259rk edirl\u0259r ki, ya\u015fay\u0131\u015f \u015f\u0259raiti \u0259lveri\u015fli deyil&#8221;.<\/em><\/p>\n\n\n\n<p>&#8220;<em>Yol sal\u0131nark\u0259n \u0259sasl\u0131 t\u0259mir getm\u0259li, iki zolaql\u0131 yol olmal\u0131d\u0131r. Yol da\u011f\u0131l\u0131b dey\u0259 b\u0259zi yerl\u0259rd\u0259 eni 6 metr, b\u0259zi yerl\u0259rd\u0259 25 metrdir. M\u00f6vcud s\u0259kkiz k\u00f6rp\u00fcs\u00fc var ki, ham\u0131s\u0131na \u0259l g\u0259zdirilm\u0259lidir. Yol x\u0259b\u0259rdarl\u0131q ni\u015fanlar\u0131 il\u0259 t\u0259min edilm\u0259lidir. Rayonun h\u0259ll edil\u0259si \u0259n ciddi problemidir&#8221;,<\/em> &#8211; dey\u0259 onlar qeyd edibl\u0259r.<\/p>\n\n\n\n<p><strong>&#8220;Plana salm\u0131\u015f\u0131q deyib yola verirl\u0259r&#8221;<\/strong><\/p>\n\n\n\n<p>K\u0259nd sakinl\u0259ri deyir ki, 13 il \u00f6nc\u0259 \u0259sasl\u0131 t\u0259miri m\u0259qs\u0259dil\u0259 yola bax\u0131\u015f ke\u00e7irib, layih\u0259-smeta i\u015fl\u0259rin\u0259 start vers\u0259l\u0259r d\u0259, n\u0259tic\u0259si olmay\u0131b. H\u0259r il v\u0259d verils\u0259 d\u0259, yerin\u0259 yetirilmir.<\/p>\n\n\n\n<p>Onlar vur\u011fulay\u0131blar ki, yol R\u0259q\u0259msal \u0130nki\u015faf v\u0259 N\u0259qliyyat Nazirliyinin balans\u0131ndad\u0131r.<\/p>\n\n\n\n<p>K\u0259nd sakini Oqtay X\u0259lilov da naraz\u0131 v\u0259t\u0259nda\u015flardand\u0131r. O deyir ki, yol t\u0259mir edilm\u0259diyind\u0259n \u0259hali a\u011f\u0131r g\u00fcz\u0259ran ke\u00e7irir:<\/p>\n\n\n<div class=\"wp-block-image\">\n<figure class=\"aligncenter size-large\"><img decoding=\"async\" width=\"1095\" height=\"821\" data-src=\"https:\/\/www.meydan.tv\/wp-content\/uploads\/img-20240401-wa0094-1095x821.jpg\" alt=\"\" class=\"wp-image-303067 lazyload\" src=\"data:image\/svg+xml;base64,PHN2ZyB3aWR0aD0iMSIgaGVpZ2h0PSIxIiB4bWxucz0iaHR0cDovL3d3dy53My5vcmcvMjAwMC9zdmciPjwvc3ZnPg==\" style=\"--smush-placeholder-width: 1095px; --smush-placeholder-aspect-ratio: 1095\/821;\" \/><\/figure>\n<\/div>\n\n\n<p>&#8220;<em>\u00c7ox \u0259ziyy\u0259t \u00e7\u0259kirik. Xarici ma\u015f\u0131nlar bu yolla he\u00e7 h\u0259r\u0259k\u0259t etmir, \u00e7\u00fcnki s\u0131radan \u00e7\u0131x\u0131r, t\u0259miri \u00e7ox x\u0259rc t\u0259l\u0259b edir. D\u0259f\u0259l\u0259rl\u0259 q\u0259za olub, h\u0259m \u00f6l\u00fcm, h\u0259m yaral\u0131lar olub. X\u0259st\u0259miz olub ki, bir saata \u00e7atd\u0131ra bil\u0259c\u0259yimiz halda, be\u015f saata getmi\u015fik. T\u0259cili Tibbi Yard\u0131m k\u0259ndl\u0259r\u0259 g\u0259lmir, imtina edib. T\u0259k \u0130n\u00e7\u0259, Qaram\u0259ry\u0259m deyil, yol tam \u00e7\u0259kilsin ki, h\u0259m k\u0259ndl\u0259r\u0259, h\u0259m m\u0259rk\u0259z\u0259, h\u0259m qon\u015fu rayonlara, h\u0259tta Bak\u0131ya rahat ged\u0259 bil\u0259k. C\u0259nub regionlar\u0131ndan tutmu\u015f, \u015fimal-q\u0259rb zonas\u0131na q\u0259d\u0259r bu yol vasit\u0259\u00e7i idi. B\u0259rbadl\u0131\u011fa g\u00f6r\u0259 yolu iki d\u0259f\u0259 uzatmal\u0131 oluruq. \u0130n\u00e7\u0259-M\u00fcs\u00fcsl\u00fc yolu ged\u0259 bilmirik. Halbuki \u0259n uy\u011fun yol odur&#8221;.<\/em><\/p>\n\n\n<div class=\"wp-block-image\">\n<figure class=\"aligncenter size-large\"><img decoding=\"async\" width=\"1095\" height=\"821\" data-src=\"https:\/\/www.meydan.tv\/wp-content\/uploads\/img-20240401-wa0063-1095x821.jpg\" alt=\"\" class=\"wp-image-303094 lazyload\" src=\"data:image\/svg+xml;base64,PHN2ZyB3aWR0aD0iMSIgaGVpZ2h0PSIxIiB4bWxucz0iaHR0cDovL3d3dy53My5vcmcvMjAwMC9zdmciPjwvc3ZnPg==\" style=\"--smush-placeholder-width: 1095px; --smush-placeholder-aspect-ratio: 1095\/821;\" \/><\/figure>\n<\/div>\n\n\n<p>&#8220;<em>Bu yolda ma\u015f\u0131n s\u00fcr\u00fcm, x\u0259st\u0259mi tez \u00e7atd\u0131r\u0131m dey\u0259 bir  \u015fey m\u00fcmk\u00fcn deyil. 2012-ci ild\u0259 \u00fc\u00e7 adam g\u0259lib bax\u0131\u015f ke\u00e7irdi. Dedil\u0259r ki, Layih\u0259 \u0130nstitutundan g\u00f6nd\u0259rilmi\u015fik, ilin sonuna yol \u00e7\u0259kil\u0259c\u0259k.&nbsp; 10 ild\u0259n \u00e7oxdur ki, onlardan da x\u0259b\u0259r-\u0259t\u0259r yoxdur. B\u0259l\u0259diyy\u0259nin, rayonun g\u00fcc\u00fc \u00e7atan deyil. Bu, bir-iki kilometrlik k\u0259ndaras\u0131 yol deyil ki, da\u015f t\u00f6k\u0259k. Asfalt tamamil\u0259 yoxa \u00e7\u0131x\u0131b, da\u015f v\u0259 torpaq qal\u0131b. \u018fsasl\u0131 t\u0259mir edilm\u0259lidir, ancaq &#8220;plana salm\u0131\u015f\u0131q&#8221; deyib bizi yola verirl\u0259r&#8221;, <\/em>&#8211; dey\u0259 o qeyd edib.<\/p>\n\n\n\n<p><strong>&#8220;Maliyy\u0259 v\u0259saiti ayr\u0131lan kimi&#8230; &#8220;<\/strong><\/p>\n\n\n\n<p>G\u00f6y\u00e7ay Rayon \u0130cra Hakimiyy\u0259ti v\u0259 k\u0259nd b\u0259l\u0259diyy\u0259l\u0259ri is\u0259 m\u0259suliyy\u0259tin onlar\u0131n \u00fcz\u0259rind\u0259 olmad\u0131\u011f\u0131n\u0131 deyirl\u0259r.<\/p>\n\n\n<div class=\"wp-block-image\">\n<figure class=\"alignleft size-large is-resized\"><img decoding=\"async\" width=\"1166\" height=\"821\" data-src=\"https:\/\/www.meydan.tv\/wp-content\/uploads\/1664997354_efbbbe19-1b5c-40af-b158-ad0f2d62f5fc-1166x821.jpg\" alt=\"\" class=\"wp-image-303101 lazyload\" style=\"--smush-placeholder-width: 1166px; --smush-placeholder-aspect-ratio: 1166\/821;width:380px;height:auto\" src=\"data:image\/svg+xml;base64,PHN2ZyB3aWR0aD0iMSIgaGVpZ2h0PSIxIiB4bWxucz0iaHR0cDovL3d3dy53My5vcmcvMjAwMC9zdmciPjwvc3ZnPg==\" \/><figcaption class=\"wp-element-caption\">Anar N\u0259c\u0259fli. Foto: Anar N\u0259c\u0259flinin \u015f\u0259xsi arxivind\u0259n<\/figcaption><\/figure>\n<\/div>\n\n\n<p>Az\u0259rbaycan Avtomobil Yollar\u0131 D\u00f6vl\u0259t Agentliyinin s\u00f6z\u00e7\u00fcs\u00fc Anar N\u0259c\u0259fli is\u0259 Meydan TV-y\u0259 bel\u0259 deyib: <\/p>\n\n\n\n<p><em>&#8220;Haqq\u0131nda dan\u0131\u015f\u0131lan yol proqrama sal\u0131n\u0131b. Maliyy\u0259 v\u0259saiti ayr\u0131lan kimi \u0259sasl\u0131 \u015f\u0259kild\u0259 yenid\u0259n qurulacaq&#8221;.<\/em><\/p>\n\n\n\n<p><strong>&#8220;G\u00f6r\u00fcn\u00fcr, maraql\u0131 deyill\u0259r&#8221;<\/strong><\/p>\n\n\n\n<p>K\u0259nd sakinl\u0259ri is\u0259 bu tip cavablara inanm\u0131rlar:<\/p>\n\n\n\n<p>&#8220;<em>\u0130st\u0259s\u0259l\u0259r, \u00e7oxdan maliyy\u0259 ay\u0131r\u0131b bu yolu t\u0259mir ed\u0259rdil\u0259r, g\u00f6r\u00fcn\u00fcr, maraql\u0131 deyill\u0259r, yoxsa eyni v\u0259d, eyni b\u0259han\u0259 davam etm\u0259zdi&#8221; &#8211; <\/em>dey\u0259 sakinl\u0259r qeyd edibl\u0259r.<\/p>\n","protected":false},"excerpt":{"rendered":"<p>&#8220;Taksi, avtobus bu yoldan imtina edib&#8221; G\u00f6y\u00e7ay sakinl\u0259ri yolsuzluqdan \u0259ziyy\u0259t &#8230; <\/p>\n<p class=\"read-more-container\"><a title=\"G\u00f6y\u00e7ayda yolsuzluq: &#8220;Bu yola n\u0259 \u0259s\u0259b d\u00f6z\u00fcr, n\u0259 ma\u015f\u0131n&#8230;&#8221;\" class=\"read-more button\" href=\"https:\/\/www.meydan.tv\/az\/article\/goycayda-yolsuzluq-bu-yola-ne-eseb-dozur-ne-masin\/#more-303100\" aria-label=\"Read more about G\u00f6y\u00e7ayda yolsuzluq: &#8220;Bu yola n\u0259 \u0259s\u0259b d\u00f6z\u00fcr, n\u0259 ma\u015f\u0131n&#8230;&#8221;\">Davam\u0131<\/a><\/p>\n","protected":false},"author":8,"featured_media":303085,"comment_status":"closed","ping_status":"closed","sticky":false,"template":"","format":"standard","meta":{"_acf_changed":false,"_sitemap_exclude":false,"_sitemap_priority":"","_sitemap_frequency":"","footnotes":""},"categories":[60,56],"tags":[],"class_list":["post-303100","post","type-post","status-publish","format-standard","has-post-thumbnail","hentry","category-bolge","category-xeberler","infinite-scroll-item","generate-columns","tablet-grid-50","mobile-grid-100","grid-parent","grid-33","no-featured-image-padding"],"acf":[],"yoast_head":"<!-- This site is optimized with the Yoast SEO plugin v27.4 - https:\/\/yoast.com\/product\/yoast-seo-wordpress\/ -->\n<title>G\u00f6y\u00e7ayda yolsuzluq: &quot;Bu yola n\u0259 \u0259s\u0259b d\u00f6z\u00fcr, n\u0259 ma\u015f\u0131n...&quot; - MEYDAN.TV<\/title>\n<meta name=\"robots\" content=\"index, follow, max-snippet:-1, max-image-preview:large, max-video-preview:-1\" \/>\n<link rel=\"canonical\" href=\"https:\/\/www.meydan.tv\/az\/article\/goycayda-yolsuzluq-bu-yola-ne-eseb-dozur-ne-masin\/\" \/>\n<meta property=\"og:locale\" content=\"az_AZ\" \/>\n<meta property=\"og:type\" content=\"article\" \/>\n<meta property=\"og:title\" content=\"G\u00f6y\u00e7ayda yolsuzluq: &quot;Bu yola n\u0259 \u0259s\u0259b d\u00f6z\u00fcr, n\u0259 ma\u015f\u0131n...&quot; - MEYDAN.TV\" \/>\n<meta property=\"og:description\" content=\"&#8220;Taksi, avtobus bu yoldan imtina edib&#8221; G\u00f6y\u00e7ay sakinl\u0259ri yolsuzluqdan \u0259ziyy\u0259t ... Davam\u0131\" \/>\n<meta property=\"og:url\" content=\"https:\/\/www.meydan.tv\/az\/article\/goycayda-yolsuzluq-bu-yola-ne-eseb-dozur-ne-masin\/\" \/>\n<meta property=\"og:site_name\" content=\"MEYDAN.TV\" \/>\n<meta property=\"article:published_time\" content=\"2024-04-08T10:53:43+00:00\" \/>\n<meta property=\"article:modified_time\" content=\"2024-04-08T11:30:51+00:00\" \/>\n<meta property=\"og:image\" content=\"https:\/\/www.meydan.tv\/wp-content\/uploads\/img-20240401-wa0066.jpg\" \/>\n\t<meta property=\"og:image:width\" content=\"1280\" \/>\n\t<meta property=\"og:image:height\" content=\"960\" \/>\n\t<meta property=\"og:image:type\" content=\"image\/jpeg\" \/>\n<meta name=\"author\" content=\"elli\" \/>\n<meta name=\"twitter:card\" content=\"summary_large_image\" \/>\n<meta name=\"twitter:creator\" content=\"@elli\" \/>\n<script type=\"application\/ld+json\" class=\"yoast-schema-graph\">{\"@context\":\"https:\\\/\\\/schema.org\",\"@graph\":[{\"@type\":\"Article\",\"@id\":\"https:\\\/\\\/www.meydan.tv\\\/az\\\/article\\\/goycayda-yolsuzluq-bu-yola-ne-eseb-dozur-ne-masin\\\/#article\",\"isPartOf\":{\"@id\":\"https:\\\/\\\/www.meydan.tv\\\/az\\\/article\\\/goycayda-yolsuzluq-bu-yola-ne-eseb-dozur-ne-masin\\\/\"},\"author\":{\"name\":\"elli\",\"@id\":\"https:\\\/\\\/www.meydan.tv\\\/az\\\/#\\\/schema\\\/person\\\/9cdbecf90d17180ce1dfbd95b08dcf47\"},\"headline\":\"G\u00f6y\u00e7ayda yolsuzluq: &#8220;Bu yola n\u0259 \u0259s\u0259b d\u00f6z\u00fcr, n\u0259 ma\u015f\u0131n&#8230;&#8221;\",\"datePublished\":\"2024-04-08T10:53:43+00:00\",\"dateModified\":\"2024-04-08T11:30:51+00:00\",\"mainEntityOfPage\":{\"@id\":\"https:\\\/\\\/www.meydan.tv\\\/az\\\/article\\\/goycayda-yolsuzluq-bu-yola-ne-eseb-dozur-ne-masin\\\/\"},\"wordCount\":1338,\"publisher\":{\"@id\":\"https:\\\/\\\/www.meydan.tv\\\/az\\\/#organization\"},\"image\":{\"@id\":\"https:\\\/\\\/www.meydan.tv\\\/az\\\/article\\\/goycayda-yolsuzluq-bu-yola-ne-eseb-dozur-ne-masin\\\/#primaryimage\"},\"thumbnailUrl\":\"https:\\\/\\\/www.meydan.tv\\\/wp-content\\\/uploads\\\/img-20240401-wa0066.jpg\",\"articleSection\":[\"B\u00f6lg\u0259\",\"X\u0259b\u0259rl\u0259r\"],\"inLanguage\":\"az\"},{\"@type\":\"WebPage\",\"@id\":\"https:\\\/\\\/www.meydan.tv\\\/az\\\/article\\\/goycayda-yolsuzluq-bu-yola-ne-eseb-dozur-ne-masin\\\/\",\"url\":\"https:\\\/\\\/www.meydan.tv\\\/az\\\/article\\\/goycayda-yolsuzluq-bu-yola-ne-eseb-dozur-ne-masin\\\/\",\"name\":\"G\u00f6y\u00e7ayda yolsuzluq: \\\"Bu yola n\u0259 \u0259s\u0259b d\u00f6z\u00fcr, n\u0259 ma\u015f\u0131n...\\\" - MEYDAN.TV\",\"isPartOf\":{\"@id\":\"https:\\\/\\\/www.meydan.tv\\\/az\\\/#website\"},\"primaryImageOfPage\":{\"@id\":\"https:\\\/\\\/www.meydan.tv\\\/az\\\/article\\\/goycayda-yolsuzluq-bu-yola-ne-eseb-dozur-ne-masin\\\/#primaryimage\"},\"image\":{\"@id\":\"https:\\\/\\\/www.meydan.tv\\\/az\\\/article\\\/goycayda-yolsuzluq-bu-yola-ne-eseb-dozur-ne-masin\\\/#primaryimage\"},\"thumbnailUrl\":\"https:\\\/\\\/www.meydan.tv\\\/wp-content\\\/uploads\\\/img-20240401-wa0066.jpg\",\"datePublished\":\"2024-04-08T10:53:43+00:00\",\"dateModified\":\"2024-04-08T11:30:51+00:00\",\"breadcrumb\":{\"@id\":\"https:\\\/\\\/www.meydan.tv\\\/az\\\/article\\\/goycayda-yolsuzluq-bu-yola-ne-eseb-dozur-ne-masin\\\/#breadcrumb\"},\"inLanguage\":\"az\",\"potentialAction\":[{\"@type\":\"ReadAction\",\"target\":[\"https:\\\/\\\/www.meydan.tv\\\/az\\\/article\\\/goycayda-yolsuzluq-bu-yola-ne-eseb-dozur-ne-masin\\\/\"]}]},{\"@type\":\"ImageObject\",\"inLanguage\":\"az\",\"@id\":\"https:\\\/\\\/www.meydan.tv\\\/az\\\/article\\\/goycayda-yolsuzluq-bu-yola-ne-eseb-dozur-ne-masin\\\/#primaryimage\",\"url\":\"https:\\\/\\\/www.meydan.tv\\\/wp-content\\\/uploads\\\/img-20240401-wa0066.jpg\",\"contentUrl\":\"https:\\\/\\\/www.meydan.tv\\\/wp-content\\\/uploads\\\/img-20240401-wa0066.jpg\",\"width\":1280,\"height\":960,\"caption\":\"Fotolar: Meydan TV\"},{\"@type\":\"BreadcrumbList\",\"@id\":\"https:\\\/\\\/www.meydan.tv\\\/az\\\/article\\\/goycayda-yolsuzluq-bu-yola-ne-eseb-dozur-ne-masin\\\/#breadcrumb\",\"itemListElement\":[{\"@type\":\"ListItem\",\"position\":1,\"name\":\"Ana s\u0259hif\u0259\",\"item\":\"https:\\\/\\\/www.meydan.tv\\\/az\\\/\"},{\"@type\":\"ListItem\",\"position\":2,\"name\":\"B\u00f6lg\u0259\",\"item\":\"https:\\\/\\\/www.meydan.tv\\\/az\\\/section\\\/bolge\\\/\"},{\"@type\":\"ListItem\",\"position\":3,\"name\":\"G\u00f6y\u00e7ayda yolsuzluq: &#8220;Bu yola n\u0259 \u0259s\u0259b d\u00f6z\u00fcr, n\u0259 ma\u015f\u0131n&#8230;&#8221;\"}]},{\"@type\":\"WebSite\",\"@id\":\"https:\\\/\\\/www.meydan.tv\\\/az\\\/#website\",\"url\":\"https:\\\/\\\/www.meydan.tv\\\/az\\\/\",\"name\":\"MEYDAN.TV\",\"description\":\"Meydan TV Az\u0259rbaycan\u0131n media m\u0259kan\u0131ndak\u0131 alternativ s\u0259sidir\",\"publisher\":{\"@id\":\"https:\\\/\\\/www.meydan.tv\\\/az\\\/#organization\"},\"potentialAction\":[{\"@type\":\"SearchAction\",\"target\":{\"@type\":\"EntryPoint\",\"urlTemplate\":\"https:\\\/\\\/www.meydan.tv\\\/az\\\/?s={search_term_string}\"},\"query-input\":{\"@type\":\"PropertyValueSpecification\",\"valueRequired\":true,\"valueName\":\"search_term_string\"}}],\"inLanguage\":\"az\"},{\"@type\":\"Organization\",\"@id\":\"https:\\\/\\\/www.meydan.tv\\\/az\\\/#organization\",\"name\":\"Meydan TV\",\"url\":\"https:\\\/\\\/www.meydan.tv\\\/az\\\/\",\"logo\":{\"@type\":\"ImageObject\",\"inLanguage\":\"az\",\"@id\":\"https:\\\/\\\/www.meydan.tv\\\/az\\\/#\\\/schema\\\/logo\\\/image\\\/\",\"url\":\"https:\\\/\\\/www.meydan.tv\\\/wp-content\\\/uploads\\\/2021\\\/07\\\/meydan-logo.svg\",\"contentUrl\":\"https:\\\/\\\/www.meydan.tv\\\/wp-content\\\/uploads\\\/2021\\\/07\\\/meydan-logo.svg\",\"width\":195,\"height\":46,\"caption\":\"Meydan TV\"},\"image\":{\"@id\":\"https:\\\/\\\/www.meydan.tv\\\/az\\\/#\\\/schema\\\/logo\\\/image\\\/\"}},{\"@type\":\"Person\",\"@id\":\"https:\\\/\\\/www.meydan.tv\\\/az\\\/#\\\/schema\\\/person\\\/9cdbecf90d17180ce1dfbd95b08dcf47\",\"name\":\"elli\",\"sameAs\":[\"https:\\\/\\\/x.com\\\/elli\"]}]}<\/script>\n<!-- \/ Yoast SEO plugin. -->","yoast_head_json":{"title":"G\u00f6y\u00e7ayda yolsuzluq: \"Bu yola n\u0259 \u0259s\u0259b d\u00f6z\u00fcr, n\u0259 ma\u015f\u0131n...\" - MEYDAN.TV","robots":{"index":"index","follow":"follow","max-snippet":"max-snippet:-1","max-image-preview":"max-image-preview:large","max-video-preview":"max-video-preview:-1"},"canonical":"https:\/\/www.meydan.tv\/az\/article\/goycayda-yolsuzluq-bu-yola-ne-eseb-dozur-ne-masin\/","og_locale":"az_AZ","og_type":"article","og_title":"G\u00f6y\u00e7ayda yolsuzluq: \"Bu yola n\u0259 \u0259s\u0259b d\u00f6z\u00fcr, n\u0259 ma\u015f\u0131n...\" - MEYDAN.TV","og_description":"&#8220;Taksi, avtobus bu yoldan imtina edib&#8221; G\u00f6y\u00e7ay sakinl\u0259ri yolsuzluqdan \u0259ziyy\u0259t ... Davam\u0131","og_url":"https:\/\/www.meydan.tv\/az\/article\/goycayda-yolsuzluq-bu-yola-ne-eseb-dozur-ne-masin\/","og_site_name":"MEYDAN.TV","article_published_time":"2024-04-08T10:53:43+00:00","article_modified_time":"2024-04-08T11:30:51+00:00","og_image":[{"width":1280,"height":960,"url":"https:\/\/www.meydan.tv\/wp-content\/uploads\/img-20240401-wa0066.jpg","type":"image\/jpeg"}],"author":"elli","twitter_card":"summary_large_image","twitter_creator":"@elli","schema":{"@context":"https:\/\/schema.org","@graph":[{"@type":"Article","@id":"https:\/\/www.meydan.tv\/az\/article\/goycayda-yolsuzluq-bu-yola-ne-eseb-dozur-ne-masin\/#article","isPartOf":{"@id":"https:\/\/www.meydan.tv\/az\/article\/goycayda-yolsuzluq-bu-yola-ne-eseb-dozur-ne-masin\/"},"author":{"name":"elli","@id":"https:\/\/www.meydan.tv\/az\/#\/schema\/person\/9cdbecf90d17180ce1dfbd95b08dcf47"},"headline":"G\u00f6y\u00e7ayda yolsuzluq: &#8220;Bu yola n\u0259 \u0259s\u0259b d\u00f6z\u00fcr, n\u0259 ma\u015f\u0131n&#8230;&#8221;","datePublished":"2024-04-08T10:53:43+00:00","dateModified":"2024-04-08T11:30:51+00:00","mainEntityOfPage":{"@id":"https:\/\/www.meydan.tv\/az\/article\/goycayda-yolsuzluq-bu-yola-ne-eseb-dozur-ne-masin\/"},"wordCount":1338,"publisher":{"@id":"https:\/\/www.meydan.tv\/az\/#organization"},"image":{"@id":"https:\/\/www.meydan.tv\/az\/article\/goycayda-yolsuzluq-bu-yola-ne-eseb-dozur-ne-masin\/#primaryimage"},"thumbnailUrl":"https:\/\/www.meydan.tv\/wp-content\/uploads\/img-20240401-wa0066.jpg","articleSection":["B\u00f6lg\u0259","X\u0259b\u0259rl\u0259r"],"inLanguage":"az"},{"@type":"WebPage","@id":"https:\/\/www.meydan.tv\/az\/article\/goycayda-yolsuzluq-bu-yola-ne-eseb-dozur-ne-masin\/","url":"https:\/\/www.meydan.tv\/az\/article\/goycayda-yolsuzluq-bu-yola-ne-eseb-dozur-ne-masin\/","name":"G\u00f6y\u00e7ayda yolsuzluq: \"Bu yola n\u0259 \u0259s\u0259b d\u00f6z\u00fcr, n\u0259 ma\u015f\u0131n...\" - MEYDAN.TV","isPartOf":{"@id":"https:\/\/www.meydan.tv\/az\/#website"},"primaryImageOfPage":{"@id":"https:\/\/www.meydan.tv\/az\/article\/goycayda-yolsuzluq-bu-yola-ne-eseb-dozur-ne-masin\/#primaryimage"},"image":{"@id":"https:\/\/www.meydan.tv\/az\/article\/goycayda-yolsuzluq-bu-yola-ne-eseb-dozur-ne-masin\/#primaryimage"},"thumbnailUrl":"https:\/\/www.meydan.tv\/wp-content\/uploads\/img-20240401-wa0066.jpg","datePublished":"2024-04-08T10:53:43+00:00","dateModified":"2024-04-08T11:30:51+00:00","breadcrumb":{"@id":"https:\/\/www.meydan.tv\/az\/article\/goycayda-yolsuzluq-bu-yola-ne-eseb-dozur-ne-masin\/#breadcrumb"},"inLanguage":"az","potentialAction":[{"@type":"ReadAction","target":["https:\/\/www.meydan.tv\/az\/article\/goycayda-yolsuzluq-bu-yola-ne-eseb-dozur-ne-masin\/"]}]},{"@type":"ImageObject","inLanguage":"az","@id":"https:\/\/www.meydan.tv\/az\/article\/goycayda-yolsuzluq-bu-yola-ne-eseb-dozur-ne-masin\/#primaryimage","url":"https:\/\/www.meydan.tv\/wp-content\/uploads\/img-20240401-wa0066.jpg","contentUrl":"https:\/\/www.meydan.tv\/wp-content\/uploads\/img-20240401-wa0066.jpg","width":1280,"height":960,"caption":"Fotolar: Meydan TV"},{"@type":"BreadcrumbList","@id":"https:\/\/www.meydan.tv\/az\/article\/goycayda-yolsuzluq-bu-yola-ne-eseb-dozur-ne-masin\/#breadcrumb","itemListElement":[{"@type":"ListItem","position":1,"name":"Ana s\u0259hif\u0259","item":"https:\/\/www.meydan.tv\/az\/"},{"@type":"ListItem","position":2,"name":"B\u00f6lg\u0259","item":"https:\/\/www.meydan.tv\/az\/section\/bolge\/"},{"@type":"ListItem","position":3,"name":"G\u00f6y\u00e7ayda yolsuzluq: &#8220;Bu yola n\u0259 \u0259s\u0259b d\u00f6z\u00fcr, n\u0259 ma\u015f\u0131n&#8230;&#8221;"}]},{"@type":"WebSite","@id":"https:\/\/www.meydan.tv\/az\/#website","url":"https:\/\/www.meydan.tv\/az\/","name":"MEYDAN.TV","description":"Meydan TV Az\u0259rbaycan\u0131n media m\u0259kan\u0131ndak\u0131 alternativ s\u0259sidir","publisher":{"@id":"https:\/\/www.meydan.tv\/az\/#organization"},"potentialAction":[{"@type":"SearchAction","target":{"@type":"EntryPoint","urlTemplate":"https:\/\/www.meydan.tv\/az\/?s={search_term_string}"},"query-input":{"@type":"PropertyValueSpecification","valueRequired":true,"valueName":"search_term_string"}}],"inLanguage":"az"},{"@type":"Organization","@id":"https:\/\/www.meydan.tv\/az\/#organization","name":"Meydan TV","url":"https:\/\/www.meydan.tv\/az\/","logo":{"@type":"ImageObject","inLanguage":"az","@id":"https:\/\/www.meydan.tv\/az\/#\/schema\/logo\/image\/","url":"https:\/\/www.meydan.tv\/wp-content\/uploads\/2021\/07\/meydan-logo.svg","contentUrl":"https:\/\/www.meydan.tv\/wp-content\/uploads\/2021\/07\/meydan-logo.svg","width":195,"height":46,"caption":"Meydan TV"},"image":{"@id":"https:\/\/www.meydan.tv\/az\/#\/schema\/logo\/image\/"}},{"@type":"Person","@id":"https:\/\/www.meydan.tv\/az\/#\/schema\/person\/9cdbecf90d17180ce1dfbd95b08dcf47","name":"elli","sameAs":["https:\/\/x.com\/elli"]}]}},"_links":{"self":[{"href":"https:\/\/www.meydan.tv\/az\/wp-json\/wp\/v2\/posts\/303100","targetHints":{"allow":["GET"]}}],"collection":[{"href":"https:\/\/www.meydan.tv\/az\/wp-json\/wp\/v2\/posts"}],"about":[{"href":"https:\/\/www.meydan.tv\/az\/wp-json\/wp\/v2\/types\/post"}],"author":[{"embeddable":true,"href":"https:\/\/www.meydan.tv\/az\/wp-json\/wp\/v2\/users\/8"}],"replies":[{"embeddable":true,"href":"https:\/\/www.meydan.tv\/az\/wp-json\/wp\/v2\/comments?post=303100"}],"version-history":[{"count":5,"href":"https:\/\/www.meydan.tv\/az\/wp-json\/wp\/v2\/posts\/303100\/revisions"}],"predecessor-version":[{"id":303110,"href":"https:\/\/www.meydan.tv\/az\/wp-json\/wp\/v2\/posts\/303100\/revisions\/303110"}],"wp:featuredmedia":[{"embeddable":true,"href":"https:\/\/www.meydan.tv\/az\/wp-json\/wp\/v2\/media\/303085"}],"wp:attachment":[{"href":"https:\/\/www.meydan.tv\/az\/wp-json\/wp\/v2\/media?parent=303100"}],"wp:term":[{"taxonomy":"category","embeddable":true,"href":"https:\/\/www.meydan.tv\/az\/wp-json\/wp\/v2\/categories?post=303100"},{"taxonomy":"post_tag","embeddable":true,"href":"https:\/\/www.meydan.tv\/az\/wp-json\/wp\/v2\/tags?post=303100"}],"curies":[{"name":"wp","href":"https:\/\/api.w.org\/{rel}","templated":true}]}}