{"id":303034,"date":"2024-04-08T12:38:50","date_gmt":"2024-04-08T08:38:50","guid":{"rendered":"https:\/\/www.meydan.tv\/?p=303034"},"modified":"2024-04-08T12:38:52","modified_gmt":"2024-04-08T08:38:52","slug":"celal-eliyevin-vekili-men-iceride-boguluram-bir-az-qalsam-meyitimi-cixaracaqsiniz","status":"publish","type":"post","link":"https:\/\/www.meydan.tv\/az\/article\/celal-eliyevin-vekili-men-iceride-boguluram-bir-az-qalsam-meyitimi-cixaracaqsiniz\/","title":{"rendered":"C\u0259lal \u018fliyevin v\u0259kili: \u201cM\u0259n i\u00e7\u0259rid\u0259 bo\u011fuluram, bir az qalsam, meyitimi \u00e7\u0131xaracaqs\u0131n\u0131z\u201d"},"content":{"rendered":"\n<p><\/p>\n\n\n\n<p><strong><em>Hakim S\u00fcmb\u00fcl\u0259 \u018fliyevan\u0131n v\u0259sat\u0259tini t\u0259min etm\u0259yib<\/em><\/strong><\/p>\n\n\n\n<p>Prezidentin m\u0259rhum \u0259misi C\u0259lal \u018fliyevin uzun m\u00fcdd\u0259t v\u0259kili olmu\u015f, V\u0259kill\u0259r Kollegiyas\u0131 R\u0259yas\u0259t Hey\u0259tinin ke\u00e7mi\u015f \u00fczv\u00fc S\u00fcmb\u00fcl\u0259 \u018fliyeva 20 g\u00fcn\u0259 yax\u0131nd\u0131r ki, h\u0259bsd\u0259dir. Onun h\u0259bsind\u0259n sonra ilk m\u0259hk\u0259m\u0259si aprelin 8-d\u0259 ke\u00e7irilib.<\/p>\n\n\n\n<p>Bak\u0131 A\u011f\u0131r Cinay\u0259tl\u0259r M\u0259hk\u0259m\u0259sind\u0259 hakim Mahmud A\u011falarovun s\u0259drliyil\u0259 ke\u00e7iril\u0259n m\u0259hk\u0259m\u0259 prosesind\u0259 S\u00fcmb\u00fcl\u0259 \u018fliyeva azadl\u0131\u011fa burax\u0131lmas\u0131n\u0131 ist\u0259yib:<\/p>\n\n\n\n<p><em>\u201cM\u0259n x\u0259st\u0259y\u0259m, i\u00e7\u0259rid\u0259 bo\u011fuluram. Bir az da i\u00e7\u0259rid\u0259 qalsam, meyitimi \u00e7\u0131xaracaqlar\u201d.<\/em><\/p>\n\n\n\n<p>Hakim Mahmud A\u011falarov bildirib ki, S\u00fcmb\u00fcl\u0259 \u018fliyevan\u0131n i\u015fin\u0259 baxan m\u0259hk\u0259m\u0259 t\u0259rkibind\u0259 d\u0259yi\u015fiklik olub, hakiml\u0259r d\u0259yi\u015fib. Yeni m\u0259hk\u0259m\u0259 t\u0259rkibi bar\u0259d\u0259 m\u0259lumat verilib, t\u0259qsirl\u0259ndiril\u0259n v\u0259kilin anket m\u0259lumatlar\u0131 d\u0259qiql\u0259\u015fdirilib.<\/p>\n\n\n\n<p>Bundan sonra S\u00fcmb\u00fcl\u0259 \u018fliyeva v\u0259 m\u00fcdafi\u0259\u00e7isi onun bar\u0259sind\u0259 h\u0259bs q\u0259timkan t\u0259dbirinin d\u0259yi\u015fm\u0259si bar\u0259d\u0259 v\u0259sat\u0259t qald\u0131r\u0131b.<\/p>\n\n\n\n<p>1956-c\u0131 il t\u0259v\u0259ll\u00fcdl\u00fc S\u00fcmb\u00fcl\u0259 \u018fliyeva bu v\u0259sat\u0259tl\u0259 ba\u011fl\u0131 \u00e7\u0131x\u0131\u015f\u0131nda bundan \u0259vv\u0259lki m\u0259hk\u0259m\u0259 iclaslar\u0131na g\u0259lm\u0259m\u0259sinin s\u0259b\u0259bl\u0259ri bar\u0259d\u0259 dan\u0131\u015f\u0131b. O bildirib ki, m\u0259hk\u0259m\u0259y\u0259 s\u0259hh\u0259tind\u0259ki probleml\u0259r\u0259 g\u00f6r\u0259 g\u0259l\u0259 bilmirdi. H\u0259r m\u0259hk\u0259m\u0259 iclas\u0131nda da m\u0259hk\u0259m\u0259y\u0259 v\u0259ziyy\u0259ti bar\u0259d\u0259 aray\u0131\u015f g\u00f6nd\u0259rirdi:<\/p>\n\n\n\n<p>\u201c<em>M\u0259n m\u0259hk\u0259m\u0259d\u0259n niy\u0259 yay\u0131nmal\u0131yd\u0131m? \u00d6z\u00fcm d\u0259 maraql\u0131yam ki, i\u015fim obyektiv ara\u015fd\u0131r\u0131ls\u0131n. M\u0259n a\u011f\u0131r \u0259m\u0259liyyat ke\u00e7irmi\u015f\u0259m, m\u00fcalic\u0259 olunurdum\u201d.<\/em><\/p>\n\n\n\n<p>Prokuror onun azadl\u0131\u011fa burax\u0131lmas\u0131na etiraz edib. D\u00f6vl\u0259t ittiham\u00e7\u0131s\u0131 bildirib ki, o, uzun m\u00fcdd\u0259t m\u0259hk\u0259m\u0259d\u0259n yay\u0131nd\u0131\u011f\u0131na g\u00f6r\u0259 bar\u0259sind\u0259ki q\u0259timkan t\u0259dbiri d\u0259yi\u015fib v\u0259 h\u0259bs olunub.<br>Mahmud A\u011falarovun s\u0259drlik etdiyi, Faiq Q\u0259niyev v\u0259 Samir \u018fliyevd\u0259n ibar\u0259t hakiml\u0259r kollegiyas\u0131 v\u0259sat\u0259ti t\u0259min etm\u0259yib. Hakim bildirib ki, S\u00fcmb\u00fcl\u0259 \u018fliyeva azadl\u0131\u011fa burax\u0131larsa, yenid\u0259n m\u0259hk\u0259m\u0259 iclaslar\u0131ndan yay\u0131na bil\u0259r.<\/p>\n\n\n\n<p>S\u00fcmb\u00fcl\u0259 \u018fliyeva bu q\u0259rar\u0131 q\u0259r\u0259zli hesab edib. O bildirib ki, i\u015fin\u0259 bu m\u0259hk\u0259m\u0259 t\u0259rkibinin baxmas\u0131n\u0131 ist\u0259mir. O, yaz\u0131l\u0131 \u015f\u0259kild\u0259 etiraz haz\u0131rlamaq \u00fc\u00e7\u00fcn m\u0259hk\u0259m\u0259d\u0259n vaxt ist\u0259yib. Bu s\u0259b\u0259bd\u0259n m\u0259hk\u0259m\u0259 aprelin 22-n\u0259 q\u0259d\u0259r t\u0259xir\u0259 sal\u0131n\u0131b.<\/p>\n\n\n\n<p>V\u0259kill\u0259r Kollegiyas\u0131n\u0131n R\u0259yas\u0259t Hey\u0259tinin \u00fczv\u00fc olark\u0259n ictimai-siyasi f\u0259allar\u0131 m\u00fcdafi\u0259 ed\u0259n bir ne\u00e7\u0259 v\u0259kilin f\u0259aliyy\u0259tin\u0259 xitam verilm\u0259sind\u0259 rol oynam\u0131\u015f S\u00fcmb\u00fcl\u0259 \u018fliyeva mart\u0131n 20-d\u0259 ya\u015fad\u0131\u011f\u0131 evd\u0259 saxlan\u0131l\u0131b.<\/p>\n\n\n\n<p>O, k\u00fclli miqdarda m\u0259nims\u0259m\u0259, vergid\u0259n yay\u0131nma kimi \u0259m\u0259ll\u0259rd\u0259 ittiham olunur. \u00dc\u00e7 il\u0259 yax\u0131nd\u0131r ki, Bak\u0131 A\u011f\u0131r Cinay\u0259tl\u0259r M\u0259hk\u0259m\u0259sind\u0259 onunla ba\u011fl\u0131 cinay\u0259t i\u015fi \u00fczr\u0259 m\u0259hk\u0259m\u0259 prosesi gedir. Son bir il\u0259 yax\u0131n m\u00fcdd\u0259td\u0259 m\u0259hk\u0259m\u0259 iclaslar\u0131na g\u0259lm\u0259diyin\u0259 g\u00f6r\u0259 dekabr\u0131n 30-da hakim Mahmud A\u011falarov onun haqq\u0131nda h\u0259bsli axtar\u0131\u015f q\u0259rar\u0131 \u00e7\u0131xarm\u0131\u015fd\u0131.<\/p>\n\n\n\n<p>S\u00fcmb\u00fcl\u0259 \u018fliyeva \u00f6z\u00fc d\u0259 h\u0259bsind\u0259n \u00f6nc\u0259 a\u00e7\u0131qlamas\u0131nda s\u0259hh\u0259tind\u0259 probleml\u0259r oldu\u011funu bildirmi\u015fdi. T\u0259qsirl\u0259ndiril\u0259n v\u0259kil \u00f6z\u00fc haqq\u0131nda \u00e7\u0131xar\u0131lm\u0131\u015f h\u0259bsli axtar\u0131\u015f q\u0259rar\u0131n\u0131 onu \u201c\u00f6l\u00fcm\u0259 m\u0259hkum etm\u0259k\u201d kimi qiym\u0259tl\u0259ndirmi\u015fdi. O iddia edir ki, ba\u015f ver\u0259nl\u0259rin arxas\u0131nda V\u0259kill\u0259r Kollegiyas\u0131n\u0131n r\u0259hb\u0259rliyi dayan\u0131r:<\/p>\n\n\n\n<p><em>\u201cHam\u0131 bilir ki, allergik x\u0259st\u0259y\u0259m, n\u0259f\u0259s \u00e7at\u0131\u015fmazl\u0131\u011f\u0131ndan \u0259ziyy\u0259t \u00e7\u0259kir\u0259m. Faktiki bu q\u0259rar h\u0259yat\u0131m\u0131 t\u0259hl\u00fck\u0259y\u0259 atmaqd\u0131r. H\u0259yat\u0131m t\u0259hl\u00fck\u0259d\u0259dir. Bunu V\u0259kill\u0259r Kollegiyas\u0131n\u0131n R\u0259yas\u0259t Hey\u0259tinin s\u0259dri d\u0259, hakim d\u0259 bilir. Bu q\u0259rar m\u0259ni \u00f6l\u00fcm\u0259 m\u0259hkum etm\u0259kdir. M\u0259n v\u0259kil ola-ola m\u0259n\u0259 qar\u015f\u0131 bel\u0259 edirl\u0259rs\u0259, g\u00f6r\u00fcn s\u0131ravi v\u0259t\u0259nda\u015flara qar\u015f\u0131 n\u0259l\u0259r edirl\u0259r\u201d.<\/em><\/p>\n\n\n\n<p>S\u00fcmb\u00fcl\u0259 \u018fliyeva bundan \u0259vv\u0259l d\u0259 bir d\u0259f\u0259 &#8211; 2021-ci ilin yay\u0131nda Bak\u0131 A\u011f\u0131r Cinay\u0259tl\u0259r M\u0259hk\u0259m\u0259sind\u0259 m\u00fchakim\u0259si yeni ba\u015flayan \u0259r\u0259f\u0259d\u0259 m\u0259hk\u0259m\u0259 zal\u0131nda h\u0259bs olunmu\u015f, t\u0259xmin\u0259n 10 g\u00fcn sonra ev dustaql\u0131\u011f\u0131na burax\u0131lm\u0131\u015fd\u0131. H\u0259min vaxt onun haqq\u0131nda cinay\u0259t i\u015fin\u0259 hakim Eldar Mikay\u0131lovun s\u0259drliyil\u0259 bax\u0131l\u0131rd\u0131. Bir m\u00fcdd\u0259t sonra Eldar Mikay\u0131lov ya\u015f h\u0259ddi il\u0259 \u0259laq\u0259dar t\u0259qa\u00fcd\u0259 g\u00f6nd\u0259rildiyin\u0259 g\u00f6r\u0259 S\u00fcmb\u00fcl\u0259 \u018fliyeva haqq\u0131nda cinay\u0259t i\u015finin m\u0259hk\u0259m\u0259 ara\u015fd\u0131rmas\u0131 Mahmud A\u011falarovun s\u0259drlik etdiyi hakiml\u0259r kollegiyas\u0131na h\u0259val\u0259 edildi.<\/p>\n\n\n\n<p>S\u00fcmb\u00fcl\u0259 \u018fliyeva \u0259vv\u0259lki 1 sayl\u0131 h\u00fcquq m\u0259sl\u0259h\u0259txanas\u0131, indiki \u201cM\u0259rk\u0259z\u201d v\u0259kil b\u00fcrosuna r\u0259hb\u0259rlik etdiyi d\u00f6vrd\u0259 oran\u0131n \u00fczv\u00fc olan v\u0259kill\u0259rin 200 min manata yax\u0131n pulunu m\u0259nims\u0259m\u0259kd\u0259 ittiham olunur. \u0130ttihama \u0259sas\u0259n, h\u00fcquq m\u0259sl\u0259h\u0259txanas\u0131n\u0131n hesab\u0131na k\u00f6\u00e7\u00fcr\u00fcl\u0259n v\u0259 m\u0259nims\u0259nildiyi iddia olunan v\u0259saitl\u0259rin bir hiss\u0259si m\u00fcdafi\u0259\u00e7i kimi \u00e7\u0131xd\u0131qlar\u0131 i\u015f\u0259 g\u00f6r\u0259 v\u0259kill\u0259r\u0259 \u00f6d\u0259nil\u0259n qonararlar olub. Bir hiss\u0259si d\u0259 v\u0259kill\u0259rd\u0259n tutulan vergi v\u0259 sosial s\u0131\u011forta haqlar\u0131 olub. Bu \u00fczd\u0259n S\u00fcmb\u00fcl\u0259 \u018fliyeva haqq\u0131nda cinay\u0259t i\u015find\u0259 V\u0259kill\u0259r Kollegiyas\u0131n\u0131n R\u0259yas\u0259t Hey\u0259til\u0259 yana\u015f\u0131, D\u00f6vl\u0259t Sosial M\u00fcdafi\u0259 Fondu v\u0259 D\u00f6vl\u0259t Vergi Xidm\u0259ti d\u0259 z\u0259r\u0259r\u00e7\u0259kmi\u015f qismind\u0259 tan\u0131n\u0131b.<\/p>\n\n\n\n<p>S\u00fcmb\u00fcl\u0259 \u018fliyeva Cinay\u0259t M\u0259c\u0259ll\u0259sinin 179.3.2 (k\u00fclli miqdarda m\u0259nims\u0259m\u0259 v\u0259 ya israfetm\u0259), 213-c\u00fc (vergil\u0259ri, m\u0259cburi d\u00f6vl\u0259t sosial s\u0131\u011forta haqlar\u0131n\u0131 \u00f6d\u0259m\u0259kd\u0259n yay\u0131nma) madd\u0259l\u0259ril\u0259 ittiham olunur.<\/p>\n\n\n\n<p>M\u0259hk\u0259m\u0259d\u0259 dindiril\u0259n v\u0259kill\u0259r S\u00fcmb\u00fcl\u0259 \u018fliyevan\u0131 ittiham edib, ondan pullar\u0131n\u0131 t\u0259l\u0259b edibl\u0259r.<br>Lakin S\u00fcmb\u00fcl\u0259 \u018fliyeva \u00f6z\u00fcn\u00fc t\u0259qsirli bilmir, ona qar\u015f\u0131 ir\u0259li s\u00fcr\u00fcl\u0259n ittihamlar\u0131n \u0259sass\u0131z oldu\u011funu deyir.<\/p>\n\n\n\n<p>C\u0259lal \u018fliyevin jurnalistl\u0259r\u0259 qar\u015f\u0131 x\u00fcsusi ittiham qaydas\u0131nda qald\u0131rd\u0131\u011f\u0131 i\u015fl\u0259rd\u0259 d\u0259 onu S\u00fcmb\u00fcl\u0259 \u018fliyeva t\u0259msil edirdi. H\u0259min m\u0259hk\u0259m\u0259 prosesl\u0259rinin sonunda bir ne\u00e7\u0259 jurnalist h\u0259bs edilib.<\/p>\n","protected":false},"excerpt":{"rendered":"<p>Hakim S\u00fcmb\u00fcl\u0259 \u018fliyevan\u0131n v\u0259sat\u0259tini t\u0259min etm\u0259yib Prezidentin m\u0259rhum \u0259misi C\u0259lal &#8230; <\/p>\n<p class=\"read-more-container\"><a title=\"C\u0259lal \u018fliyevin v\u0259kili: \u201cM\u0259n i\u00e7\u0259rid\u0259 bo\u011fuluram, bir az qalsam, meyitimi \u00e7\u0131xaracaqs\u0131n\u0131z\u201d\" class=\"read-more button\" href=\"https:\/\/www.meydan.tv\/az\/article\/celal-eliyevin-vekili-men-iceride-boguluram-bir-az-qalsam-meyitimi-cixaracaqsiniz\/#more-303034\" aria-label=\"Read more about C\u0259lal \u018fliyevin v\u0259kili: \u201cM\u0259n i\u00e7\u0259rid\u0259 bo\u011fuluram, bir az qalsam, meyitimi \u00e7\u0131xaracaqs\u0131n\u0131z\u201d\">Davam\u0131<\/a><\/p>\n","protected":false},"author":8,"featured_media":294937,"comment_status":"closed","ping_status":"closed","sticky":false,"template":"","format":"standard","meta":{"_acf_changed":false,"_sitemap_exclude":false,"_sitemap_priority":"","_sitemap_frequency":"","footnotes":""},"categories":[62,56],"tags":[],"class_list":["post-303034","post","type-post","status-publish","format-standard","has-post-thumbnail","hentry","category-sosial","category-xeberler","infinite-scroll-item","generate-columns","tablet-grid-50","mobile-grid-100","grid-parent","grid-33","no-featured-image-padding"],"acf":[],"yoast_head":"<!-- This site is optimized with the Yoast SEO plugin v27.5 - https:\/\/yoast.com\/product\/yoast-seo-wordpress\/ -->\n<title>C\u0259lal \u018fliyevin v\u0259kili: \u201cM\u0259n i\u00e7\u0259rid\u0259 bo\u011fuluram, bir az qalsam, meyitimi \u00e7\u0131xaracaqs\u0131n\u0131z\u201d - MEYDAN.TV<\/title>\n<meta name=\"robots\" content=\"index, follow, max-snippet:-1, max-image-preview:large, max-video-preview:-1\" \/>\n<link rel=\"canonical\" href=\"https:\/\/www.meydan.tv\/az\/article\/celal-eliyevin-vekili-men-iceride-boguluram-bir-az-qalsam-meyitimi-cixaracaqsiniz\/\" \/>\n<meta property=\"og:locale\" content=\"az_AZ\" \/>\n<meta property=\"og:type\" content=\"article\" \/>\n<meta property=\"og:title\" content=\"C\u0259lal \u018fliyevin v\u0259kili: \u201cM\u0259n i\u00e7\u0259rid\u0259 bo\u011fuluram, bir az qalsam, meyitimi \u00e7\u0131xaracaqs\u0131n\u0131z\u201d - MEYDAN.TV\" \/>\n<meta property=\"og:description\" content=\"Hakim S\u00fcmb\u00fcl\u0259 \u018fliyevan\u0131n v\u0259sat\u0259tini t\u0259min etm\u0259yib Prezidentin m\u0259rhum \u0259misi C\u0259lal ... Davam\u0131\" \/>\n<meta property=\"og:url\" content=\"https:\/\/www.meydan.tv\/az\/article\/celal-eliyevin-vekili-men-iceride-boguluram-bir-az-qalsam-meyitimi-cixaracaqsiniz\/\" \/>\n<meta property=\"og:site_name\" content=\"MEYDAN.TV\" \/>\n<meta property=\"article:published_time\" content=\"2024-04-08T08:38:50+00:00\" \/>\n<meta property=\"article:modified_time\" content=\"2024-04-08T08:38:52+00:00\" \/>\n<meta property=\"og:image\" content=\"https:\/\/www.meydan.tv\/wp-content\/uploads\/sumbule-eliyeva-e1711380212349.jpg\" \/>\n\t<meta property=\"og:image:width\" content=\"1200\" \/>\n\t<meta property=\"og:image:height\" content=\"519\" \/>\n\t<meta property=\"og:image:type\" content=\"image\/jpeg\" \/>\n<meta name=\"author\" content=\"elli\" \/>\n<meta name=\"twitter:card\" content=\"summary_large_image\" \/>\n<meta name=\"twitter:creator\" content=\"@elli\" \/>\n<script type=\"application\/ld+json\" class=\"yoast-schema-graph\">{\"@context\":\"https:\\\/\\\/schema.org\",\"@graph\":[{\"@type\":\"Article\",\"@id\":\"https:\\\/\\\/www.meydan.tv\\\/az\\\/article\\\/celal-eliyevin-vekili-men-iceride-boguluram-bir-az-qalsam-meyitimi-cixaracaqsiniz\\\/#article\",\"isPartOf\":{\"@id\":\"https:\\\/\\\/www.meydan.tv\\\/az\\\/article\\\/celal-eliyevin-vekili-men-iceride-boguluram-bir-az-qalsam-meyitimi-cixaracaqsiniz\\\/\"},\"author\":{\"name\":\"elli\",\"@id\":\"https:\\\/\\\/www.meydan.tv\\\/az\\\/#\\\/schema\\\/person\\\/9cdbecf90d17180ce1dfbd95b08dcf47\"},\"headline\":\"C\u0259lal \u018fliyevin v\u0259kili: \u201cM\u0259n i\u00e7\u0259rid\u0259 bo\u011fuluram, bir az qalsam, meyitimi \u00e7\u0131xaracaqs\u0131n\u0131z\u201d\",\"datePublished\":\"2024-04-08T08:38:50+00:00\",\"dateModified\":\"2024-04-08T08:38:52+00:00\",\"mainEntityOfPage\":{\"@id\":\"https:\\\/\\\/www.meydan.tv\\\/az\\\/article\\\/celal-eliyevin-vekili-men-iceride-boguluram-bir-az-qalsam-meyitimi-cixaracaqsiniz\\\/\"},\"wordCount\":1188,\"publisher\":{\"@id\":\"https:\\\/\\\/www.meydan.tv\\\/az\\\/#organization\"},\"image\":{\"@id\":\"https:\\\/\\\/www.meydan.tv\\\/az\\\/article\\\/celal-eliyevin-vekili-men-iceride-boguluram-bir-az-qalsam-meyitimi-cixaracaqsiniz\\\/#primaryimage\"},\"thumbnailUrl\":\"https:\\\/\\\/www.meydan.tv\\\/wp-content\\\/uploads\\\/sumbule-eliyeva-e1711380212349.jpg\",\"articleSection\":[\"Sosial\",\"X\u0259b\u0259rl\u0259r\"],\"inLanguage\":\"az\"},{\"@type\":\"WebPage\",\"@id\":\"https:\\\/\\\/www.meydan.tv\\\/az\\\/article\\\/celal-eliyevin-vekili-men-iceride-boguluram-bir-az-qalsam-meyitimi-cixaracaqsiniz\\\/\",\"url\":\"https:\\\/\\\/www.meydan.tv\\\/az\\\/article\\\/celal-eliyevin-vekili-men-iceride-boguluram-bir-az-qalsam-meyitimi-cixaracaqsiniz\\\/\",\"name\":\"C\u0259lal \u018fliyevin v\u0259kili: \u201cM\u0259n i\u00e7\u0259rid\u0259 bo\u011fuluram, bir az qalsam, meyitimi \u00e7\u0131xaracaqs\u0131n\u0131z\u201d - MEYDAN.TV\",\"isPartOf\":{\"@id\":\"https:\\\/\\\/www.meydan.tv\\\/az\\\/#website\"},\"primaryImageOfPage\":{\"@id\":\"https:\\\/\\\/www.meydan.tv\\\/az\\\/article\\\/celal-eliyevin-vekili-men-iceride-boguluram-bir-az-qalsam-meyitimi-cixaracaqsiniz\\\/#primaryimage\"},\"image\":{\"@id\":\"https:\\\/\\\/www.meydan.tv\\\/az\\\/article\\\/celal-eliyevin-vekili-men-iceride-boguluram-bir-az-qalsam-meyitimi-cixaracaqsiniz\\\/#primaryimage\"},\"thumbnailUrl\":\"https:\\\/\\\/www.meydan.tv\\\/wp-content\\\/uploads\\\/sumbule-eliyeva-e1711380212349.jpg\",\"datePublished\":\"2024-04-08T08:38:50+00:00\",\"dateModified\":\"2024-04-08T08:38:52+00:00\",\"breadcrumb\":{\"@id\":\"https:\\\/\\\/www.meydan.tv\\\/az\\\/article\\\/celal-eliyevin-vekili-men-iceride-boguluram-bir-az-qalsam-meyitimi-cixaracaqsiniz\\\/#breadcrumb\"},\"inLanguage\":\"az\",\"potentialAction\":[{\"@type\":\"ReadAction\",\"target\":[\"https:\\\/\\\/www.meydan.tv\\\/az\\\/article\\\/celal-eliyevin-vekili-men-iceride-boguluram-bir-az-qalsam-meyitimi-cixaracaqsiniz\\\/\"]}]},{\"@type\":\"ImageObject\",\"inLanguage\":\"az\",\"@id\":\"https:\\\/\\\/www.meydan.tv\\\/az\\\/article\\\/celal-eliyevin-vekili-men-iceride-boguluram-bir-az-qalsam-meyitimi-cixaracaqsiniz\\\/#primaryimage\",\"url\":\"https:\\\/\\\/www.meydan.tv\\\/wp-content\\\/uploads\\\/sumbule-eliyeva-e1711380212349.jpg\",\"contentUrl\":\"https:\\\/\\\/www.meydan.tv\\\/wp-content\\\/uploads\\\/sumbule-eliyeva-e1711380212349.jpg\",\"width\":1200,\"height\":519,\"caption\":\"S\u00fcmb\u00fcl\u0259 \u018fliyeva. Foto: \u015f\u0259xsi arxivind\u0259n\"},{\"@type\":\"BreadcrumbList\",\"@id\":\"https:\\\/\\\/www.meydan.tv\\\/az\\\/article\\\/celal-eliyevin-vekili-men-iceride-boguluram-bir-az-qalsam-meyitimi-cixaracaqsiniz\\\/#breadcrumb\",\"itemListElement\":[{\"@type\":\"ListItem\",\"position\":1,\"name\":\"Ana s\u0259hif\u0259\",\"item\":\"https:\\\/\\\/www.meydan.tv\\\/az\\\/\"},{\"@type\":\"ListItem\",\"position\":2,\"name\":\"Sosial\",\"item\":\"https:\\\/\\\/www.meydan.tv\\\/az\\\/section\\\/sosial\\\/\"},{\"@type\":\"ListItem\",\"position\":3,\"name\":\"C\u0259lal \u018fliyevin v\u0259kili: \u201cM\u0259n i\u00e7\u0259rid\u0259 bo\u011fuluram, bir az qalsam, meyitimi \u00e7\u0131xaracaqs\u0131n\u0131z\u201d\"}]},{\"@type\":\"WebSite\",\"@id\":\"https:\\\/\\\/www.meydan.tv\\\/az\\\/#website\",\"url\":\"https:\\\/\\\/www.meydan.tv\\\/az\\\/\",\"name\":\"MEYDAN.TV\",\"description\":\"Meydan TV Az\u0259rbaycan\u0131n media m\u0259kan\u0131ndak\u0131 alternativ s\u0259sidir\",\"publisher\":{\"@id\":\"https:\\\/\\\/www.meydan.tv\\\/az\\\/#organization\"},\"potentialAction\":[{\"@type\":\"SearchAction\",\"target\":{\"@type\":\"EntryPoint\",\"urlTemplate\":\"https:\\\/\\\/www.meydan.tv\\\/az\\\/?s={search_term_string}\"},\"query-input\":{\"@type\":\"PropertyValueSpecification\",\"valueRequired\":true,\"valueName\":\"search_term_string\"}}],\"inLanguage\":\"az\"},{\"@type\":\"Organization\",\"@id\":\"https:\\\/\\\/www.meydan.tv\\\/az\\\/#organization\",\"name\":\"Meydan TV\",\"url\":\"https:\\\/\\\/www.meydan.tv\\\/az\\\/\",\"logo\":{\"@type\":\"ImageObject\",\"inLanguage\":\"az\",\"@id\":\"https:\\\/\\\/www.meydan.tv\\\/az\\\/#\\\/schema\\\/logo\\\/image\\\/\",\"url\":\"https:\\\/\\\/www.meydan.tv\\\/wp-content\\\/uploads\\\/2021\\\/07\\\/meydan-logo.svg\",\"contentUrl\":\"https:\\\/\\\/www.meydan.tv\\\/wp-content\\\/uploads\\\/2021\\\/07\\\/meydan-logo.svg\",\"width\":195,\"height\":46,\"caption\":\"Meydan TV\"},\"image\":{\"@id\":\"https:\\\/\\\/www.meydan.tv\\\/az\\\/#\\\/schema\\\/logo\\\/image\\\/\"}},{\"@type\":\"Person\",\"@id\":\"https:\\\/\\\/www.meydan.tv\\\/az\\\/#\\\/schema\\\/person\\\/9cdbecf90d17180ce1dfbd95b08dcf47\",\"name\":\"elli\",\"sameAs\":[\"https:\\\/\\\/x.com\\\/elli\"]}]}<\/script>\n<!-- \/ Yoast SEO plugin. -->","yoast_head_json":{"title":"C\u0259lal \u018fliyevin v\u0259kili: \u201cM\u0259n i\u00e7\u0259rid\u0259 bo\u011fuluram, bir az qalsam, meyitimi \u00e7\u0131xaracaqs\u0131n\u0131z\u201d - MEYDAN.TV","robots":{"index":"index","follow":"follow","max-snippet":"max-snippet:-1","max-image-preview":"max-image-preview:large","max-video-preview":"max-video-preview:-1"},"canonical":"https:\/\/www.meydan.tv\/az\/article\/celal-eliyevin-vekili-men-iceride-boguluram-bir-az-qalsam-meyitimi-cixaracaqsiniz\/","og_locale":"az_AZ","og_type":"article","og_title":"C\u0259lal \u018fliyevin v\u0259kili: \u201cM\u0259n i\u00e7\u0259rid\u0259 bo\u011fuluram, bir az qalsam, meyitimi \u00e7\u0131xaracaqs\u0131n\u0131z\u201d - MEYDAN.TV","og_description":"Hakim S\u00fcmb\u00fcl\u0259 \u018fliyevan\u0131n v\u0259sat\u0259tini t\u0259min etm\u0259yib Prezidentin m\u0259rhum \u0259misi C\u0259lal ... Davam\u0131","og_url":"https:\/\/www.meydan.tv\/az\/article\/celal-eliyevin-vekili-men-iceride-boguluram-bir-az-qalsam-meyitimi-cixaracaqsiniz\/","og_site_name":"MEYDAN.TV","article_published_time":"2024-04-08T08:38:50+00:00","article_modified_time":"2024-04-08T08:38:52+00:00","og_image":[{"width":1200,"height":519,"url":"https:\/\/www.meydan.tv\/wp-content\/uploads\/sumbule-eliyeva-e1711380212349.jpg","type":"image\/jpeg"}],"author":"elli","twitter_card":"summary_large_image","twitter_creator":"@elli","schema":{"@context":"https:\/\/schema.org","@graph":[{"@type":"Article","@id":"https:\/\/www.meydan.tv\/az\/article\/celal-eliyevin-vekili-men-iceride-boguluram-bir-az-qalsam-meyitimi-cixaracaqsiniz\/#article","isPartOf":{"@id":"https:\/\/www.meydan.tv\/az\/article\/celal-eliyevin-vekili-men-iceride-boguluram-bir-az-qalsam-meyitimi-cixaracaqsiniz\/"},"author":{"name":"elli","@id":"https:\/\/www.meydan.tv\/az\/#\/schema\/person\/9cdbecf90d17180ce1dfbd95b08dcf47"},"headline":"C\u0259lal \u018fliyevin v\u0259kili: \u201cM\u0259n i\u00e7\u0259rid\u0259 bo\u011fuluram, bir az qalsam, meyitimi \u00e7\u0131xaracaqs\u0131n\u0131z\u201d","datePublished":"2024-04-08T08:38:50+00:00","dateModified":"2024-04-08T08:38:52+00:00","mainEntityOfPage":{"@id":"https:\/\/www.meydan.tv\/az\/article\/celal-eliyevin-vekili-men-iceride-boguluram-bir-az-qalsam-meyitimi-cixaracaqsiniz\/"},"wordCount":1188,"publisher":{"@id":"https:\/\/www.meydan.tv\/az\/#organization"},"image":{"@id":"https:\/\/www.meydan.tv\/az\/article\/celal-eliyevin-vekili-men-iceride-boguluram-bir-az-qalsam-meyitimi-cixaracaqsiniz\/#primaryimage"},"thumbnailUrl":"https:\/\/www.meydan.tv\/wp-content\/uploads\/sumbule-eliyeva-e1711380212349.jpg","articleSection":["Sosial","X\u0259b\u0259rl\u0259r"],"inLanguage":"az"},{"@type":"WebPage","@id":"https:\/\/www.meydan.tv\/az\/article\/celal-eliyevin-vekili-men-iceride-boguluram-bir-az-qalsam-meyitimi-cixaracaqsiniz\/","url":"https:\/\/www.meydan.tv\/az\/article\/celal-eliyevin-vekili-men-iceride-boguluram-bir-az-qalsam-meyitimi-cixaracaqsiniz\/","name":"C\u0259lal \u018fliyevin v\u0259kili: \u201cM\u0259n i\u00e7\u0259rid\u0259 bo\u011fuluram, bir az qalsam, meyitimi \u00e7\u0131xaracaqs\u0131n\u0131z\u201d - MEYDAN.TV","isPartOf":{"@id":"https:\/\/www.meydan.tv\/az\/#website"},"primaryImageOfPage":{"@id":"https:\/\/www.meydan.tv\/az\/article\/celal-eliyevin-vekili-men-iceride-boguluram-bir-az-qalsam-meyitimi-cixaracaqsiniz\/#primaryimage"},"image":{"@id":"https:\/\/www.meydan.tv\/az\/article\/celal-eliyevin-vekili-men-iceride-boguluram-bir-az-qalsam-meyitimi-cixaracaqsiniz\/#primaryimage"},"thumbnailUrl":"https:\/\/www.meydan.tv\/wp-content\/uploads\/sumbule-eliyeva-e1711380212349.jpg","datePublished":"2024-04-08T08:38:50+00:00","dateModified":"2024-04-08T08:38:52+00:00","breadcrumb":{"@id":"https:\/\/www.meydan.tv\/az\/article\/celal-eliyevin-vekili-men-iceride-boguluram-bir-az-qalsam-meyitimi-cixaracaqsiniz\/#breadcrumb"},"inLanguage":"az","potentialAction":[{"@type":"ReadAction","target":["https:\/\/www.meydan.tv\/az\/article\/celal-eliyevin-vekili-men-iceride-boguluram-bir-az-qalsam-meyitimi-cixaracaqsiniz\/"]}]},{"@type":"ImageObject","inLanguage":"az","@id":"https:\/\/www.meydan.tv\/az\/article\/celal-eliyevin-vekili-men-iceride-boguluram-bir-az-qalsam-meyitimi-cixaracaqsiniz\/#primaryimage","url":"https:\/\/www.meydan.tv\/wp-content\/uploads\/sumbule-eliyeva-e1711380212349.jpg","contentUrl":"https:\/\/www.meydan.tv\/wp-content\/uploads\/sumbule-eliyeva-e1711380212349.jpg","width":1200,"height":519,"caption":"S\u00fcmb\u00fcl\u0259 \u018fliyeva. Foto: \u015f\u0259xsi arxivind\u0259n"},{"@type":"BreadcrumbList","@id":"https:\/\/www.meydan.tv\/az\/article\/celal-eliyevin-vekili-men-iceride-boguluram-bir-az-qalsam-meyitimi-cixaracaqsiniz\/#breadcrumb","itemListElement":[{"@type":"ListItem","position":1,"name":"Ana s\u0259hif\u0259","item":"https:\/\/www.meydan.tv\/az\/"},{"@type":"ListItem","position":2,"name":"Sosial","item":"https:\/\/www.meydan.tv\/az\/section\/sosial\/"},{"@type":"ListItem","position":3,"name":"C\u0259lal \u018fliyevin v\u0259kili: \u201cM\u0259n i\u00e7\u0259rid\u0259 bo\u011fuluram, bir az qalsam, meyitimi \u00e7\u0131xaracaqs\u0131n\u0131z\u201d"}]},{"@type":"WebSite","@id":"https:\/\/www.meydan.tv\/az\/#website","url":"https:\/\/www.meydan.tv\/az\/","name":"MEYDAN.TV","description":"Meydan TV Az\u0259rbaycan\u0131n media m\u0259kan\u0131ndak\u0131 alternativ s\u0259sidir","publisher":{"@id":"https:\/\/www.meydan.tv\/az\/#organization"},"potentialAction":[{"@type":"SearchAction","target":{"@type":"EntryPoint","urlTemplate":"https:\/\/www.meydan.tv\/az\/?s={search_term_string}"},"query-input":{"@type":"PropertyValueSpecification","valueRequired":true,"valueName":"search_term_string"}}],"inLanguage":"az"},{"@type":"Organization","@id":"https:\/\/www.meydan.tv\/az\/#organization","name":"Meydan TV","url":"https:\/\/www.meydan.tv\/az\/","logo":{"@type":"ImageObject","inLanguage":"az","@id":"https:\/\/www.meydan.tv\/az\/#\/schema\/logo\/image\/","url":"https:\/\/www.meydan.tv\/wp-content\/uploads\/2021\/07\/meydan-logo.svg","contentUrl":"https:\/\/www.meydan.tv\/wp-content\/uploads\/2021\/07\/meydan-logo.svg","width":195,"height":46,"caption":"Meydan TV"},"image":{"@id":"https:\/\/www.meydan.tv\/az\/#\/schema\/logo\/image\/"}},{"@type":"Person","@id":"https:\/\/www.meydan.tv\/az\/#\/schema\/person\/9cdbecf90d17180ce1dfbd95b08dcf47","name":"elli","sameAs":["https:\/\/x.com\/elli"]}]}},"_links":{"self":[{"href":"https:\/\/www.meydan.tv\/az\/wp-json\/wp\/v2\/posts\/303034","targetHints":{"allow":["GET"]}}],"collection":[{"href":"https:\/\/www.meydan.tv\/az\/wp-json\/wp\/v2\/posts"}],"about":[{"href":"https:\/\/www.meydan.tv\/az\/wp-json\/wp\/v2\/types\/post"}],"author":[{"embeddable":true,"href":"https:\/\/www.meydan.tv\/az\/wp-json\/wp\/v2\/users\/8"}],"replies":[{"embeddable":true,"href":"https:\/\/www.meydan.tv\/az\/wp-json\/wp\/v2\/comments?post=303034"}],"version-history":[{"count":3,"href":"https:\/\/www.meydan.tv\/az\/wp-json\/wp\/v2\/posts\/303034\/revisions"}],"predecessor-version":[{"id":303038,"href":"https:\/\/www.meydan.tv\/az\/wp-json\/wp\/v2\/posts\/303034\/revisions\/303038"}],"wp:featuredmedia":[{"embeddable":true,"href":"https:\/\/www.meydan.tv\/az\/wp-json\/wp\/v2\/media\/294937"}],"wp:attachment":[{"href":"https:\/\/www.meydan.tv\/az\/wp-json\/wp\/v2\/media?parent=303034"}],"wp:term":[{"taxonomy":"category","embeddable":true,"href":"https:\/\/www.meydan.tv\/az\/wp-json\/wp\/v2\/categories?post=303034"},{"taxonomy":"post_tag","embeddable":true,"href":"https:\/\/www.meydan.tv\/az\/wp-json\/wp\/v2\/tags?post=303034"}],"curies":[{"name":"wp","href":"https:\/\/api.w.org\/{rel}","templated":true}]}}