{"id":302937,"date":"2024-04-05T17:12:56","date_gmt":"2024-04-05T13:12:56","guid":{"rendered":"https:\/\/www.meydan.tv\/?p=302937"},"modified":"2024-04-08T15:37:03","modified_gmt":"2024-04-08T11:37:03","slug":"huquqsunas-belediyyelerin-birlesdirilmesinin-hec-bir-effekti-olmayacaq","status":"publish","type":"post","link":"https:\/\/www.meydan.tv\/az\/article\/huquqsunas-belediyyelerin-birlesdirilmesinin-hec-bir-effekti-olmayacaq\/","title":{"rendered":"H\u00fcquq\u015f\u00fcnas: &#8220;B\u0259l\u0259diyy\u0259l\u0259rin birl\u0259\u015fdirilm\u0259sinin he\u00e7 bir effekti olmayacaq&#8221;"},"content":{"rendered":"\n<p><\/p>\n\n\n\n<p><strong><em>Deputat is\u0259 deyir ki, say\u0131n optimalla\u015fd\u0131r\u0131lmas\u0131 maliyy\u0259 dayan\u0131ql\u0131\u011f\u0131na g\u00f6r\u0259dir<\/em><\/strong><\/p>\n\n\n\n<p>Az\u0259rbaycanda b\u0259l\u0259diyy\u0259l\u0259rin say\u0131 azald\u0131l\u0131r.<\/p>\n\n\n\n<p>Aprelin 5-d\u0259 \u201cB\u0259l\u0259diyy\u0259l\u0259rin birg\u0259 f\u0259aliyy\u0259ti, birl\u0259\u015fm\u0259si, ayr\u0131lmas\u0131 v\u0259 l\u0259\u011fv edilm\u0259si haqq\u0131nda\u201d v\u0259 \u201cB\u0259l\u0259diyy\u0259l\u0259rin statusu haqq\u0131nda\u201d Qanunlara edil\u0259n d\u0259yi\u015fiklikl\u0259r Milli M\u0259clisd\u0259 \u00fc\u00e7\u00fcnc\u00fc oxunu\u015fda q\u0259bul edilib.<\/p>\n\n\n\n<p>D\u0259yi\u015fikliy\u0259 g\u00f6r\u0259, Az\u0259rbaycanda \u0259halisinin say\u0131 3000 n\u0259f\u0259rd\u0259n, yaxud 1000 evd\u0259n az olan b\u0259l\u0259diyy\u0259l\u0259r birl\u0259\u015fdiril\u0259c\u0259k.<\/p>\n\n\n\n<p>Bildirilir ki, b\u0259l\u0259diyy\u0259l\u0259r birl\u0259\u015fm\u0259kl\u0259 \u0259laq\u0259dar Milli M\u0259clis\u0259 m\u00fcraci\u0259t ed\u0259c\u0259k.<\/p>\n\n\n\n<p>Milli M\u0259clis d\u0259 \u00f6lk\u0259 qanunvericiliyin\u0259 m\u00fcvafiq sur\u0259td\u0259 q\u0259rar q\u0259bul ed\u0259c\u0259k.<\/p>\n\n\n\n<p>Evl\u0259rin u\u00e7otu m\u00fcvafiq icra hakimiyy\u0259tinin m\u00fc\u0259yy\u0259n etdiyi qurum t\u0259r\u0259find\u0259n apar\u0131lacaq.<\/p>\n\n\n\n<p>Bundan \u0259vv\u0259l d\u0259 Az\u0259rbaycanda b\u0259l\u0259diyy\u0259l\u0259r birl\u0259\u015fdirilib.<\/p>\n\n\n\n<p>Az\u0259rbaycanda ilk d\u0259f\u0259 b\u0259l\u0259diyy\u0259 se\u00e7kil\u0259ri 1999-cu ild\u0259 ke\u00e7irilib.<\/p>\n\n\n\n<p>Haz\u0131rda \u00f6lk\u0259d\u0259 1606 b\u0259l\u0259diyy\u0259 var.<\/p>\n\n\n\n<p>D\u0259yi\u015fiklikd\u0259n sonra Az\u0259rbaycanda 700-d\u0259n art\u0131q b\u0259l\u0259diyy\u0259nin f\u0259aliyy\u0259t g\u00f6st\u0259r\u0259c\u0259yi g\u00f6zl\u0259nilir.<\/p>\n\n\n\n<p>Milli M\u0259clisin deputat\u0131 V\u00fcqar Bayramovun fikrinc\u0259, b\u0259l\u0259diyy\u0259l\u0259rin say\u0131n\u0131n optimalla\u015fd\u0131r\u0131lmas\u0131 maliyy\u0259 dayan\u0131ql\u0131\u011f\u0131n\u0131n m\u00f6hk\u0259ml\u0259ndirilm\u0259si m\u0259qs\u0259dini <a href=\"https:\/\/sputnik.az\/20240228\/belediyyelerin-sayi-keskin-azaldilir---bezileri-hec-2-3-neferin-maasini-vere-bilmir-462905236.html\">da\u015f\u0131y\u0131r:<\/a><\/p>\n\n\n<div class=\"wp-block-image\">\n<figure class=\"alignleft size-full is-resized\"><img decoding=\"async\" width=\"1124\" height=\"750\" data-src=\"https:\/\/www.meydan.tv\/wp-content\/uploads\/6308bfbe-9d47-4346-8771-891329fb6ee7.jpg\" alt=\"V\u00fcqar Bayramov\" class=\"wp-image-119162 lazyload\" style=\"--smush-placeholder-width: 1124px; --smush-placeholder-aspect-ratio: 1124\/750;width:332px;height:auto\" src=\"data:image\/svg+xml;base64,PHN2ZyB3aWR0aD0iMSIgaGVpZ2h0PSIxIiB4bWxucz0iaHR0cDovL3d3dy53My5vcmcvMjAwMC9zdmciPjwvc3ZnPg==\" \/><figcaption class=\"wp-element-caption\">Foto: Meydan TV<\/figcaption><\/figure>\n<\/div>\n\n\n<p>\u201c<em>B\u00fcdc\u0259d\u0259n ayr\u0131lan t\u0259xmin\u0259n 12 milyon manat v\u0259saitin 1606 b\u0259l\u0259diyy\u0259y\u0259 ayr\u0131lmas\u0131 v\u0259 orta hesabla b\u0259l\u0259diyy\u0259y\u0259 d\u00fc\u015f\u0259n v\u0259saitin azl\u0131\u011f\u0131 ondan x\u0259b\u0259r verir ki, bu g\u00fcn b\u0259l\u0259diyy\u0259l\u0259rin maliyy\u0259 imkanlar\u0131 m\u0259hduddur. Bir t\u0259r\u0259fd\u0259n b\u0259l\u0259diyy\u0259l\u0259rin s\u0259lahiyy\u0259tl\u0259rinin geni\u015fl\u0259ndirilm\u0259sin\u0259 ehtiyac var. Dig\u0259r t\u0259r\u0259fd\u0259n onlar\u0131n potensial\u0131n\u0131n g\u00fccl\u0259ndirilm\u0259si il\u0259 ba\u011fl\u0131 t\u0259dbirl\u0259rin geni\u015fl\u0259ndirilm\u0259si \u00e7ox \u00f6n\u0259mlidir. Ona g\u00f6r\u0259 say\u0131n optimalla\u015fd\u0131r\u0131lmas\u0131 h\u0259m d\u0259 onlar\u0131n s\u0259lahiyy\u0259tl\u0259rinin geni\u015fl\u0259ndirilm\u0259si v\u0259 maliyy\u0259 imkanlar\u0131n\u0131n art\u0131r\u0131lmas\u0131 bax\u0131m\u0131ndan \u00e7ox vacibdir\u201d.<\/em><\/p>\n\n\n\n<p>\u201cH\u00fcquq v\u0259 \u0130nki\u015faf\u201d \u0130ctimai Birliyinin r\u0259hb\u0259ri Hafiz H\u0259s\u0259nov Meydan TV-y\u0259 deyir ki, \u0259vv\u0259lki t\u0259cr\u00fcb\u0259d\u0259 oldu\u011fu kimi, b\u0259l\u0259diyy\u0259l\u0259rin n\u00f6vb\u0259ti d\u0259f\u0259 birl\u0259\u015fdirilm\u0259si strategiyas\u0131 \u00f6z\u00fcn\u00fc do\u011frultmayacaq:<\/p>\n\n\n<div class=\"wp-block-image\">\n<figure class=\"alignright size-full is-resized\"><img decoding=\"async\" width=\"1200\" height=\"675\" data-src=\"https:\/\/www.meydan.tv\/wp-content\/uploads\/283833842_10159868473221764_6023324702885767109_n.jpg\" alt=\"\" class=\"wp-image-246110 lazyload\" style=\"--smush-placeholder-width: 1200px; --smush-placeholder-aspect-ratio: 1200\/675;width:375px;height:auto\" src=\"data:image\/svg+xml;base64,PHN2ZyB3aWR0aD0iMSIgaGVpZ2h0PSIxIiB4bWxucz0iaHR0cDovL3d3dy53My5vcmcvMjAwMC9zdmciPjwvc3ZnPg==\" \/><figcaption class=\"wp-element-caption\">Hafiz H\u0259s\u0259nov. M\u0259nb\u0259: \u015e\u0259xsi arxivind\u0259n<\/figcaption><\/figure>\n<\/div>\n\n\n<p><em>\u201c\u0130ndi d\u0259 eyni strategiya, eyni x\u0259tt se\u00e7ildiyi \u00fc\u00e7\u00fcn he\u00e7 bir effekti olmayacaq. Bu, b\u0259l\u0259diyy\u0259l\u0259rin Konstitusiyadan ir\u0259li g\u0259l\u0259n statuslar\u0131 il\u0259 ba\u011fl\u0131 problemdir. B\u0259l\u0259diyy\u0259l\u0259rin statusuna yenid\u0259n bax\u0131lmal\u0131 v\u0259 onlar d\u00f6vl\u0259t orqanlar\u0131 sistemin\u0259 daxil edilm\u0259lidir. Regional icra hakimiyy\u0259tl\u0259ri l\u0259\u011fv olunmal\u0131 v\u0259 b\u00fct\u00f6vl\u00fckd\u0259 s\u0259lahiyy\u0259tl\u0259r b\u0259l\u0259diyy\u0259l\u0259r\u0259 verilm\u0259lidir. Statusa uy\u011fun da b\u0259l\u0259diyy\u0259l\u0259r\u0259 iqtisadi \u0259saslar\u0131 olan maliyy\u0259 resurslar\u0131 ayr\u0131lmal\u0131d\u0131r. Yaln\u0131z bu halda Az\u0259rbaycanda ancaq h\u0259qiqi idar\u0259\u00e7iliy\u0259 nail olmaq m\u00fcmk\u00fcnd\u00fcr. B\u0259l\u0259diyy\u0259l\u0259ri birl\u0259\u015fdirm\u0259kl\u0259 onlar\u0131 g\u00fccl\u0259ndirm\u0259k, yaxud da s\u0259lahiyy\u0259tl\u0259rini, statuslar\u0131n\u0131 art\u0131rmaq m\u00fcmk\u00fcn olmayacaq\u201d<\/em>.<\/p>\n\n\n\n<p>III Respublika Platformas\u0131n\u0131n Qurucu Hey\u0259tinin \u00fczv\u00fc Elman F\u0259ttah Meydan TV-y\u0259 d\u0259yi\u015fiklikl\u0259rin formal xarakter da\u015f\u0131d\u0131\u011f\u0131n\u0131 v\u0259 m\u00fcsb\u0259t n\u0259tic\u0259 verm\u0259y\u0259c\u0259yini deyib:<\/p>\n\n\n<div class=\"wp-block-image\">\n<figure class=\"alignleft size-full is-resized\"><img decoding=\"async\" width=\"1024\" height=\"576\" data-src=\"https:\/\/www.meydan.tv\/wp-content\/uploads\/39609.jpg\" alt=\"Elman F\u0259ttah\" class=\"wp-image-100110 lazyload\" style=\"--smush-placeholder-width: 1024px; --smush-placeholder-aspect-ratio: 1024\/576;width:423px;height:auto\" src=\"data:image\/svg+xml;base64,PHN2ZyB3aWR0aD0iMSIgaGVpZ2h0PSIxIiB4bWxucz0iaHR0cDovL3d3dy53My5vcmcvMjAwMC9zdmciPjwvc3ZnPg==\" \/><figcaption class=\"wp-element-caption\">Foto: Elman F\u0259ttah\u0131n \u015f\u0259xsi arxivind\u0259n<\/figcaption><\/figure>\n<\/div>\n\n\n<p><em>\u201cAz\u0259rbaycanda se\u00e7ki institutu aradan qald\u0131r\u0131ld\u0131\u011f\u0131 \u00fc\u00e7\u00fcn b\u0259l\u0259diyy\u0259 institutu da icra hakimiyy\u0259tl\u0259rinin yerl\u0259rd\u0259ki x\u0131rda \u0259lav\u0259sin\u0259 \u00e7evrilib. Bel\u0259 bir \u015f\u0259raitd\u0259 d\u0259 qanuna d\u0259yi\u015fiklik, d\u00fcz\u0259li\u015f edilm\u0259si, hans\u0131sa b\u0259l\u0259diyy\u0259nin birl\u0259\u015fdirilm\u0259si, yaxud da ayr\u0131l\u0131b, m\u00fcst\u0259qil olmas\u0131n\u0131n he\u00e7 bir \u0259h\u0259miyy\u0259ti v\u0259 mahiyy\u0259ti yoxdur\u201d<\/em>.<\/p>\n\n\n\n<p>O bildirib ki,  1999-cu ild\u0259 q\u0259bul edilmi\u015f \u201cB\u0259l\u0259diyy\u0259l\u0259rin statusu haqq\u0131nda\u201d Qanun d\u0259f\u0259l\u0259rl\u0259 d\u0259yi\u015fdirilib v\u0259 s\u0259lahiyy\u0259tl\u0259ri d\u0259 m\u0259hdudla\u015f\u0131d\u0131r\u0131l\u0131b:<\/p>\n\n\n\n<p><em>\u201cHalbuki Az\u0259rbaycan 2000-ci ild\u0259 Avropa \u015euras\u0131na \u00fczv olanda, h\u0259m d\u0259 yerli \u00f6z\u00fcn\u00fc idar\u0259etm\u0259nin muxtarl\u0131q \u015f\u0259rtini imzalam\u0131\u015fd\u0131. Bu \u00f6hd\u0259liy\u0259 g\u00f6r\u0259, b\u0259l\u0259diyy\u0259l\u0259rin statuslar\u0131 geni\u015fl\u0259ndirilm\u0259li idi. B\u00f6y\u00fck \u015f\u0259h\u0259rl\u0259rd\u0259 mer se\u00e7kisi ke\u00e7irilm\u0259li idi. X\u00fcsusul\u0259 paytaxt Bak\u0131da mer se\u00e7kisi olmal\u0131 idi. Bunlar\u0131n he\u00e7 biri ba\u015f verm\u0259di. Bu bax\u0131mdan son d\u0259yi\u015fiklik v\u0259 d\u00fcz\u0259li\u015fl\u0259rd\u0259n d\u0259 b\u0259l\u0259diyy\u0259 istitutunun inki\u015faf\u0131na t\u00f6hf\u0259 ver\u0259c\u0259k n\u0259s\u0259 g\u00f6zl\u0259m\u0259k m\u0259nas\u0131zd\u0131r\u201d<\/em>.<\/p>\n\n\n\n<p>Az\u0259rbaycanda n\u00f6vb\u0259ti b\u0259l\u0259diyy\u0259 se\u00e7kil\u0259ri 2024-c\u00fc ild\u0259 g\u00f6zl\u0259nilir.<\/p>\n\n\n\n<p>Az\u0259rbaycanda b\u0259l\u0259diyy\u0259 qanunla m\u00fc\u0259yy\u0259n edilmi\u015f \u0259razi h\u00fcdudlar\u0131 daxilind\u0259 yerli \u00f6z\u00fcn\u00fcidar\u0259etm\u0259 formas\u0131d\u0131r.<\/p>\n\n\n\n<p>B\u0259l\u0259diyy\u0259nin \u00f6z m\u00fclkiyy\u0259ti, yerli b\u00fcdc\u0259si v\u0259 se\u00e7kili b\u0259l\u0259diyy\u0259 orqanlar\u0131 m\u00f6vcuddur.<\/p>\n\n\n\n<p>Qanunvericiliy\u0259 \u0259sas\u0259n, b\u0259l\u0259diyy\u0259l\u0259r onlarda yaranan sosial-iqtisadi v\u0259ziyy\u0259tl\u0259 \u0259laq\u0259dar, tarixi v\u0259 dig\u0259r yerli x\u00fcsusiyy\u0259tl\u0259ri, m\u00fcvafiq yerli \u0259halinin r\u0259yini n\u0259z\u0259r\u0259 almaqla birl\u0259\u015f\u0259r\u0259k, yaxud ayr\u0131laraq yeni b\u0259l\u0259diyy\u0259 t\u0259\u015fkil ed\u0259 bil\u0259rl\u0259r.<\/p>\n","protected":false},"excerpt":{"rendered":"<p>Deputat is\u0259 deyir ki, say\u0131n optimalla\u015fd\u0131r\u0131lmas\u0131 maliyy\u0259 dayan\u0131ql\u0131\u011f\u0131na g\u00f6r\u0259dir Az\u0259rbaycanda &#8230; <\/p>\n<p class=\"read-more-container\"><a title=\"H\u00fcquq\u015f\u00fcnas: &#8220;B\u0259l\u0259diyy\u0259l\u0259rin birl\u0259\u015fdirilm\u0259sinin he\u00e7 bir effekti olmayacaq&#8221;\" class=\"read-more button\" href=\"https:\/\/www.meydan.tv\/az\/article\/huquqsunas-belediyyelerin-birlesdirilmesinin-hec-bir-effekti-olmayacaq\/#more-302937\" aria-label=\"Read more about H\u00fcquq\u015f\u00fcnas: &#8220;B\u0259l\u0259diyy\u0259l\u0259rin birl\u0259\u015fdirilm\u0259sinin he\u00e7 bir effekti olmayacaq&#8221;\">Davam\u0131<\/a><\/p>\n","protected":false},"author":8,"featured_media":229203,"comment_status":"closed","ping_status":"closed","sticky":false,"template":"","format":"standard","meta":{"_acf_changed":false,"_sitemap_exclude":false,"_sitemap_priority":"","_sitemap_frequency":"","footnotes":""},"categories":[62,56],"tags":[],"class_list":["post-302937","post","type-post","status-publish","format-standard","has-post-thumbnail","hentry","category-sosial","category-xeberler","infinite-scroll-item","generate-columns","tablet-grid-50","mobile-grid-100","grid-parent","grid-33","no-featured-image-padding"],"acf":[],"yoast_head":"<!-- This site is optimized with the Yoast SEO plugin v27.5 - https:\/\/yoast.com\/product\/yoast-seo-wordpress\/ -->\n<title>H\u00fcquq\u015f\u00fcnas: &quot;B\u0259l\u0259diyy\u0259l\u0259rin birl\u0259\u015fdirilm\u0259sinin he\u00e7 bir effekti olmayacaq&quot; - MEYDAN.TV<\/title>\n<meta name=\"robots\" content=\"index, follow, max-snippet:-1, max-image-preview:large, max-video-preview:-1\" \/>\n<link rel=\"canonical\" href=\"https:\/\/www.meydan.tv\/az\/article\/huquqsunas-belediyyelerin-birlesdirilmesinin-hec-bir-effekti-olmayacaq\/\" \/>\n<meta property=\"og:locale\" content=\"az_AZ\" \/>\n<meta property=\"og:type\" content=\"article\" \/>\n<meta property=\"og:title\" content=\"H\u00fcquq\u015f\u00fcnas: &quot;B\u0259l\u0259diyy\u0259l\u0259rin birl\u0259\u015fdirilm\u0259sinin he\u00e7 bir effekti olmayacaq&quot; - MEYDAN.TV\" \/>\n<meta property=\"og:description\" content=\"Deputat is\u0259 deyir ki, say\u0131n optimalla\u015fd\u0131r\u0131lmas\u0131 maliyy\u0259 dayan\u0131ql\u0131\u011f\u0131na g\u00f6r\u0259dir Az\u0259rbaycanda ... Davam\u0131\" \/>\n<meta property=\"og:url\" content=\"https:\/\/www.meydan.tv\/az\/article\/huquqsunas-belediyyelerin-birlesdirilmesinin-hec-bir-effekti-olmayacaq\/\" \/>\n<meta property=\"og:site_name\" content=\"MEYDAN.TV\" \/>\n<meta property=\"article:published_time\" content=\"2024-04-05T13:12:56+00:00\" \/>\n<meta property=\"article:modified_time\" content=\"2024-04-08T11:37:03+00:00\" \/>\n<meta property=\"og:image\" content=\"https:\/\/www.meydan.tv\/wp-content\/uploads\/shutterstock_641835628-e1640022402421.jpg\" \/>\n\t<meta property=\"og:image:width\" content=\"1200\" \/>\n\t<meta property=\"og:image:height\" content=\"666\" \/>\n\t<meta property=\"og:image:type\" content=\"image\/jpeg\" \/>\n<meta name=\"author\" content=\"elli\" \/>\n<meta name=\"twitter:card\" content=\"summary_large_image\" \/>\n<meta name=\"twitter:creator\" content=\"@elli\" \/>\n<script type=\"application\/ld+json\" class=\"yoast-schema-graph\">{\"@context\":\"https:\\\/\\\/schema.org\",\"@graph\":[{\"@type\":\"Article\",\"@id\":\"https:\\\/\\\/www.meydan.tv\\\/az\\\/article\\\/huquqsunas-belediyyelerin-birlesdirilmesinin-hec-bir-effekti-olmayacaq\\\/#article\",\"isPartOf\":{\"@id\":\"https:\\\/\\\/www.meydan.tv\\\/az\\\/article\\\/huquqsunas-belediyyelerin-birlesdirilmesinin-hec-bir-effekti-olmayacaq\\\/\"},\"author\":{\"name\":\"elli\",\"@id\":\"https:\\\/\\\/www.meydan.tv\\\/az\\\/#\\\/schema\\\/person\\\/9cdbecf90d17180ce1dfbd95b08dcf47\"},\"headline\":\"H\u00fcquq\u015f\u00fcnas: &#8220;B\u0259l\u0259diyy\u0259l\u0259rin birl\u0259\u015fdirilm\u0259sinin he\u00e7 bir effekti olmayacaq&#8221;\",\"datePublished\":\"2024-04-05T13:12:56+00:00\",\"dateModified\":\"2024-04-08T11:37:03+00:00\",\"mainEntityOfPage\":{\"@id\":\"https:\\\/\\\/www.meydan.tv\\\/az\\\/article\\\/huquqsunas-belediyyelerin-birlesdirilmesinin-hec-bir-effekti-olmayacaq\\\/\"},\"wordCount\":964,\"publisher\":{\"@id\":\"https:\\\/\\\/www.meydan.tv\\\/az\\\/#organization\"},\"image\":{\"@id\":\"https:\\\/\\\/www.meydan.tv\\\/az\\\/article\\\/huquqsunas-belediyyelerin-birlesdirilmesinin-hec-bir-effekti-olmayacaq\\\/#primaryimage\"},\"thumbnailUrl\":\"https:\\\/\\\/www.meydan.tv\\\/wp-content\\\/uploads\\\/shutterstock_641835628-e1640022402421.jpg\",\"articleSection\":[\"Sosial\",\"X\u0259b\u0259rl\u0259r\"],\"inLanguage\":\"az\"},{\"@type\":\"WebPage\",\"@id\":\"https:\\\/\\\/www.meydan.tv\\\/az\\\/article\\\/huquqsunas-belediyyelerin-birlesdirilmesinin-hec-bir-effekti-olmayacaq\\\/\",\"url\":\"https:\\\/\\\/www.meydan.tv\\\/az\\\/article\\\/huquqsunas-belediyyelerin-birlesdirilmesinin-hec-bir-effekti-olmayacaq\\\/\",\"name\":\"H\u00fcquq\u015f\u00fcnas: \\\"B\u0259l\u0259diyy\u0259l\u0259rin birl\u0259\u015fdirilm\u0259sinin he\u00e7 bir effekti olmayacaq\\\" - MEYDAN.TV\",\"isPartOf\":{\"@id\":\"https:\\\/\\\/www.meydan.tv\\\/az\\\/#website\"},\"primaryImageOfPage\":{\"@id\":\"https:\\\/\\\/www.meydan.tv\\\/az\\\/article\\\/huquqsunas-belediyyelerin-birlesdirilmesinin-hec-bir-effekti-olmayacaq\\\/#primaryimage\"},\"image\":{\"@id\":\"https:\\\/\\\/www.meydan.tv\\\/az\\\/article\\\/huquqsunas-belediyyelerin-birlesdirilmesinin-hec-bir-effekti-olmayacaq\\\/#primaryimage\"},\"thumbnailUrl\":\"https:\\\/\\\/www.meydan.tv\\\/wp-content\\\/uploads\\\/shutterstock_641835628-e1640022402421.jpg\",\"datePublished\":\"2024-04-05T13:12:56+00:00\",\"dateModified\":\"2024-04-08T11:37:03+00:00\",\"breadcrumb\":{\"@id\":\"https:\\\/\\\/www.meydan.tv\\\/az\\\/article\\\/huquqsunas-belediyyelerin-birlesdirilmesinin-hec-bir-effekti-olmayacaq\\\/#breadcrumb\"},\"inLanguage\":\"az\",\"potentialAction\":[{\"@type\":\"ReadAction\",\"target\":[\"https:\\\/\\\/www.meydan.tv\\\/az\\\/article\\\/huquqsunas-belediyyelerin-birlesdirilmesinin-hec-bir-effekti-olmayacaq\\\/\"]}]},{\"@type\":\"ImageObject\",\"inLanguage\":\"az\",\"@id\":\"https:\\\/\\\/www.meydan.tv\\\/az\\\/article\\\/huquqsunas-belediyyelerin-birlesdirilmesinin-hec-bir-effekti-olmayacaq\\\/#primaryimage\",\"url\":\"https:\\\/\\\/www.meydan.tv\\\/wp-content\\\/uploads\\\/shutterstock_641835628-e1640022402421.jpg\",\"contentUrl\":\"https:\\\/\\\/www.meydan.tv\\\/wp-content\\\/uploads\\\/shutterstock_641835628-e1640022402421.jpg\",\"width\":1200,\"height\":666,\"caption\":\"Milli M\u0259clis, Foto: By aquatarkus\\\/Shutterstock\"},{\"@type\":\"BreadcrumbList\",\"@id\":\"https:\\\/\\\/www.meydan.tv\\\/az\\\/article\\\/huquqsunas-belediyyelerin-birlesdirilmesinin-hec-bir-effekti-olmayacaq\\\/#breadcrumb\",\"itemListElement\":[{\"@type\":\"ListItem\",\"position\":1,\"name\":\"Ana s\u0259hif\u0259\",\"item\":\"https:\\\/\\\/www.meydan.tv\\\/az\\\/\"},{\"@type\":\"ListItem\",\"position\":2,\"name\":\"Sosial\",\"item\":\"https:\\\/\\\/www.meydan.tv\\\/az\\\/section\\\/sosial\\\/\"},{\"@type\":\"ListItem\",\"position\":3,\"name\":\"H\u00fcquq\u015f\u00fcnas: &#8220;B\u0259l\u0259diyy\u0259l\u0259rin birl\u0259\u015fdirilm\u0259sinin he\u00e7 bir effekti olmayacaq&#8221;\"}]},{\"@type\":\"WebSite\",\"@id\":\"https:\\\/\\\/www.meydan.tv\\\/az\\\/#website\",\"url\":\"https:\\\/\\\/www.meydan.tv\\\/az\\\/\",\"name\":\"MEYDAN.TV\",\"description\":\"Meydan TV Az\u0259rbaycan\u0131n media m\u0259kan\u0131ndak\u0131 alternativ s\u0259sidir\",\"publisher\":{\"@id\":\"https:\\\/\\\/www.meydan.tv\\\/az\\\/#organization\"},\"potentialAction\":[{\"@type\":\"SearchAction\",\"target\":{\"@type\":\"EntryPoint\",\"urlTemplate\":\"https:\\\/\\\/www.meydan.tv\\\/az\\\/?s={search_term_string}\"},\"query-input\":{\"@type\":\"PropertyValueSpecification\",\"valueRequired\":true,\"valueName\":\"search_term_string\"}}],\"inLanguage\":\"az\"},{\"@type\":\"Organization\",\"@id\":\"https:\\\/\\\/www.meydan.tv\\\/az\\\/#organization\",\"name\":\"Meydan TV\",\"url\":\"https:\\\/\\\/www.meydan.tv\\\/az\\\/\",\"logo\":{\"@type\":\"ImageObject\",\"inLanguage\":\"az\",\"@id\":\"https:\\\/\\\/www.meydan.tv\\\/az\\\/#\\\/schema\\\/logo\\\/image\\\/\",\"url\":\"https:\\\/\\\/www.meydan.tv\\\/wp-content\\\/uploads\\\/2021\\\/07\\\/meydan-logo.svg\",\"contentUrl\":\"https:\\\/\\\/www.meydan.tv\\\/wp-content\\\/uploads\\\/2021\\\/07\\\/meydan-logo.svg\",\"width\":195,\"height\":46,\"caption\":\"Meydan TV\"},\"image\":{\"@id\":\"https:\\\/\\\/www.meydan.tv\\\/az\\\/#\\\/schema\\\/logo\\\/image\\\/\"}},{\"@type\":\"Person\",\"@id\":\"https:\\\/\\\/www.meydan.tv\\\/az\\\/#\\\/schema\\\/person\\\/9cdbecf90d17180ce1dfbd95b08dcf47\",\"name\":\"elli\",\"sameAs\":[\"https:\\\/\\\/x.com\\\/elli\"]}]}<\/script>\n<!-- \/ Yoast SEO plugin. -->","yoast_head_json":{"title":"H\u00fcquq\u015f\u00fcnas: \"B\u0259l\u0259diyy\u0259l\u0259rin birl\u0259\u015fdirilm\u0259sinin he\u00e7 bir effekti olmayacaq\" - MEYDAN.TV","robots":{"index":"index","follow":"follow","max-snippet":"max-snippet:-1","max-image-preview":"max-image-preview:large","max-video-preview":"max-video-preview:-1"},"canonical":"https:\/\/www.meydan.tv\/az\/article\/huquqsunas-belediyyelerin-birlesdirilmesinin-hec-bir-effekti-olmayacaq\/","og_locale":"az_AZ","og_type":"article","og_title":"H\u00fcquq\u015f\u00fcnas: \"B\u0259l\u0259diyy\u0259l\u0259rin birl\u0259\u015fdirilm\u0259sinin he\u00e7 bir effekti olmayacaq\" - MEYDAN.TV","og_description":"Deputat is\u0259 deyir ki, say\u0131n optimalla\u015fd\u0131r\u0131lmas\u0131 maliyy\u0259 dayan\u0131ql\u0131\u011f\u0131na g\u00f6r\u0259dir Az\u0259rbaycanda ... Davam\u0131","og_url":"https:\/\/www.meydan.tv\/az\/article\/huquqsunas-belediyyelerin-birlesdirilmesinin-hec-bir-effekti-olmayacaq\/","og_site_name":"MEYDAN.TV","article_published_time":"2024-04-05T13:12:56+00:00","article_modified_time":"2024-04-08T11:37:03+00:00","og_image":[{"width":1200,"height":666,"url":"https:\/\/www.meydan.tv\/wp-content\/uploads\/shutterstock_641835628-e1640022402421.jpg","type":"image\/jpeg"}],"author":"elli","twitter_card":"summary_large_image","twitter_creator":"@elli","schema":{"@context":"https:\/\/schema.org","@graph":[{"@type":"Article","@id":"https:\/\/www.meydan.tv\/az\/article\/huquqsunas-belediyyelerin-birlesdirilmesinin-hec-bir-effekti-olmayacaq\/#article","isPartOf":{"@id":"https:\/\/www.meydan.tv\/az\/article\/huquqsunas-belediyyelerin-birlesdirilmesinin-hec-bir-effekti-olmayacaq\/"},"author":{"name":"elli","@id":"https:\/\/www.meydan.tv\/az\/#\/schema\/person\/9cdbecf90d17180ce1dfbd95b08dcf47"},"headline":"H\u00fcquq\u015f\u00fcnas: &#8220;B\u0259l\u0259diyy\u0259l\u0259rin birl\u0259\u015fdirilm\u0259sinin he\u00e7 bir effekti olmayacaq&#8221;","datePublished":"2024-04-05T13:12:56+00:00","dateModified":"2024-04-08T11:37:03+00:00","mainEntityOfPage":{"@id":"https:\/\/www.meydan.tv\/az\/article\/huquqsunas-belediyyelerin-birlesdirilmesinin-hec-bir-effekti-olmayacaq\/"},"wordCount":964,"publisher":{"@id":"https:\/\/www.meydan.tv\/az\/#organization"},"image":{"@id":"https:\/\/www.meydan.tv\/az\/article\/huquqsunas-belediyyelerin-birlesdirilmesinin-hec-bir-effekti-olmayacaq\/#primaryimage"},"thumbnailUrl":"https:\/\/www.meydan.tv\/wp-content\/uploads\/shutterstock_641835628-e1640022402421.jpg","articleSection":["Sosial","X\u0259b\u0259rl\u0259r"],"inLanguage":"az"},{"@type":"WebPage","@id":"https:\/\/www.meydan.tv\/az\/article\/huquqsunas-belediyyelerin-birlesdirilmesinin-hec-bir-effekti-olmayacaq\/","url":"https:\/\/www.meydan.tv\/az\/article\/huquqsunas-belediyyelerin-birlesdirilmesinin-hec-bir-effekti-olmayacaq\/","name":"H\u00fcquq\u015f\u00fcnas: \"B\u0259l\u0259diyy\u0259l\u0259rin birl\u0259\u015fdirilm\u0259sinin he\u00e7 bir effekti olmayacaq\" - MEYDAN.TV","isPartOf":{"@id":"https:\/\/www.meydan.tv\/az\/#website"},"primaryImageOfPage":{"@id":"https:\/\/www.meydan.tv\/az\/article\/huquqsunas-belediyyelerin-birlesdirilmesinin-hec-bir-effekti-olmayacaq\/#primaryimage"},"image":{"@id":"https:\/\/www.meydan.tv\/az\/article\/huquqsunas-belediyyelerin-birlesdirilmesinin-hec-bir-effekti-olmayacaq\/#primaryimage"},"thumbnailUrl":"https:\/\/www.meydan.tv\/wp-content\/uploads\/shutterstock_641835628-e1640022402421.jpg","datePublished":"2024-04-05T13:12:56+00:00","dateModified":"2024-04-08T11:37:03+00:00","breadcrumb":{"@id":"https:\/\/www.meydan.tv\/az\/article\/huquqsunas-belediyyelerin-birlesdirilmesinin-hec-bir-effekti-olmayacaq\/#breadcrumb"},"inLanguage":"az","potentialAction":[{"@type":"ReadAction","target":["https:\/\/www.meydan.tv\/az\/article\/huquqsunas-belediyyelerin-birlesdirilmesinin-hec-bir-effekti-olmayacaq\/"]}]},{"@type":"ImageObject","inLanguage":"az","@id":"https:\/\/www.meydan.tv\/az\/article\/huquqsunas-belediyyelerin-birlesdirilmesinin-hec-bir-effekti-olmayacaq\/#primaryimage","url":"https:\/\/www.meydan.tv\/wp-content\/uploads\/shutterstock_641835628-e1640022402421.jpg","contentUrl":"https:\/\/www.meydan.tv\/wp-content\/uploads\/shutterstock_641835628-e1640022402421.jpg","width":1200,"height":666,"caption":"Milli M\u0259clis, Foto: By aquatarkus\/Shutterstock"},{"@type":"BreadcrumbList","@id":"https:\/\/www.meydan.tv\/az\/article\/huquqsunas-belediyyelerin-birlesdirilmesinin-hec-bir-effekti-olmayacaq\/#breadcrumb","itemListElement":[{"@type":"ListItem","position":1,"name":"Ana s\u0259hif\u0259","item":"https:\/\/www.meydan.tv\/az\/"},{"@type":"ListItem","position":2,"name":"Sosial","item":"https:\/\/www.meydan.tv\/az\/section\/sosial\/"},{"@type":"ListItem","position":3,"name":"H\u00fcquq\u015f\u00fcnas: &#8220;B\u0259l\u0259diyy\u0259l\u0259rin birl\u0259\u015fdirilm\u0259sinin he\u00e7 bir effekti olmayacaq&#8221;"}]},{"@type":"WebSite","@id":"https:\/\/www.meydan.tv\/az\/#website","url":"https:\/\/www.meydan.tv\/az\/","name":"MEYDAN.TV","description":"Meydan TV Az\u0259rbaycan\u0131n media m\u0259kan\u0131ndak\u0131 alternativ s\u0259sidir","publisher":{"@id":"https:\/\/www.meydan.tv\/az\/#organization"},"potentialAction":[{"@type":"SearchAction","target":{"@type":"EntryPoint","urlTemplate":"https:\/\/www.meydan.tv\/az\/?s={search_term_string}"},"query-input":{"@type":"PropertyValueSpecification","valueRequired":true,"valueName":"search_term_string"}}],"inLanguage":"az"},{"@type":"Organization","@id":"https:\/\/www.meydan.tv\/az\/#organization","name":"Meydan TV","url":"https:\/\/www.meydan.tv\/az\/","logo":{"@type":"ImageObject","inLanguage":"az","@id":"https:\/\/www.meydan.tv\/az\/#\/schema\/logo\/image\/","url":"https:\/\/www.meydan.tv\/wp-content\/uploads\/2021\/07\/meydan-logo.svg","contentUrl":"https:\/\/www.meydan.tv\/wp-content\/uploads\/2021\/07\/meydan-logo.svg","width":195,"height":46,"caption":"Meydan TV"},"image":{"@id":"https:\/\/www.meydan.tv\/az\/#\/schema\/logo\/image\/"}},{"@type":"Person","@id":"https:\/\/www.meydan.tv\/az\/#\/schema\/person\/9cdbecf90d17180ce1dfbd95b08dcf47","name":"elli","sameAs":["https:\/\/x.com\/elli"]}]}},"_links":{"self":[{"href":"https:\/\/www.meydan.tv\/az\/wp-json\/wp\/v2\/posts\/302937","targetHints":{"allow":["GET"]}}],"collection":[{"href":"https:\/\/www.meydan.tv\/az\/wp-json\/wp\/v2\/posts"}],"about":[{"href":"https:\/\/www.meydan.tv\/az\/wp-json\/wp\/v2\/types\/post"}],"author":[{"embeddable":true,"href":"https:\/\/www.meydan.tv\/az\/wp-json\/wp\/v2\/users\/8"}],"replies":[{"embeddable":true,"href":"https:\/\/www.meydan.tv\/az\/wp-json\/wp\/v2\/comments?post=302937"}],"version-history":[{"count":6,"href":"https:\/\/www.meydan.tv\/az\/wp-json\/wp\/v2\/posts\/302937\/revisions"}],"predecessor-version":[{"id":303111,"href":"https:\/\/www.meydan.tv\/az\/wp-json\/wp\/v2\/posts\/302937\/revisions\/303111"}],"wp:featuredmedia":[{"embeddable":true,"href":"https:\/\/www.meydan.tv\/az\/wp-json\/wp\/v2\/media\/229203"}],"wp:attachment":[{"href":"https:\/\/www.meydan.tv\/az\/wp-json\/wp\/v2\/media?parent=302937"}],"wp:term":[{"taxonomy":"category","embeddable":true,"href":"https:\/\/www.meydan.tv\/az\/wp-json\/wp\/v2\/categories?post=302937"},{"taxonomy":"post_tag","embeddable":true,"href":"https:\/\/www.meydan.tv\/az\/wp-json\/wp\/v2\/tags?post=302937"}],"curies":[{"name":"wp","href":"https:\/\/api.w.org\/{rel}","templated":true}]}}