{"id":302807,"date":"2024-04-04T13:52:33","date_gmt":"2024-04-04T09:52:33","guid":{"rendered":"https:\/\/www.meydan.tv\/?p=302807"},"modified":"2024-04-04T13:52:35","modified_gmt":"2024-04-04T09:52:35","slug":"kurdlerin-etirazindan-sonra-turkiyede-msk-geri-addim-atdi","status":"publish","type":"post","link":"https:\/\/www.meydan.tv\/az\/article\/kurdlerin-etirazindan-sonra-turkiyede-msk-geri-addim-atdi\/","title":{"rendered":"K\u00fcrdl\u0259rin etiraz\u0131ndan sonra T\u00fcrkiy\u0259d\u0259 MSK geri add\u0131m atd\u0131"},"content":{"rendered":"\n<figure class=\"wp-block-embed is-type-video is-provider-youtube wp-block-embed-youtube wp-embed-aspect-16-9 wp-has-aspect-ratio\"><div class=\"wp-block-embed__wrapper\">\n<iframe title=\"K\u00fcrdl\u0259rin etiraz\u0131ndan sonra T\u00fcrkiy\u0259d\u0259 MSK geri add\u0131m atd\u0131\" width=\"1200\" height=\"675\" data-src=\"https:\/\/www.youtube.com\/embed\/uc9rfuRfKLQ?feature=oembed\" frameborder=\"0\" allow=\"accelerometer; autoplay; clipboard-write; encrypted-media; gyroscope; picture-in-picture; web-share\" referrerpolicy=\"strict-origin-when-cross-origin\" allowfullscreen src=\"data:image\/svg+xml;base64,PHN2ZyB3aWR0aD0iMSIgaGVpZ2h0PSIxIiB4bWxucz0iaHR0cDovL3d3dy53My5vcmcvMjAwMC9zdmciPjwvc3ZnPg==\" class=\"lazyload\" data-load-mode=\"1\"><\/iframe>\n<\/div><\/figure>\n\n\n\n<!--more-->\n\n\n\n<p><\/p>\n\n\n\n<p>T\u00fcrkiy\u0259d\u0259 k\u00fcrdl\u0259rin etiraz\u0131 b\u0259l\u0259diyy\u0259 se\u00e7kisi n\u0259tic\u0259sinin d\u0259yi\u015fdirilm\u0259sini \u0259ng\u0259ll\u0259yib. Van B\u00f6y\u00fck \u015e\u0259h\u0259r B\u0259l\u0259diyy\u0259si se\u00e7kil\u0259rind\u0259 DEM Partiyas\u0131 namiz\u0259di 55% s\u0259sl\u0259 qalib g\u0259lmi\u015fdi. Amma m\u0259hk\u0259m\u0259 m\u00fcraci\u0259ti \u0259sas\u0131nda MSK Abdullah Zeydan\u0131 yox, onun AKP-d\u0259n olan r\u0259qibi Abdulahat Arvas\u0131 qalib elan etmi\u015fdi.<\/p>\n\n\n\n<p>Vanda ba\u015flayan v\u0259 T\u00fcrkiy\u0259nin bir ne\u00e7\u0259 \u201ck\u00fcrd b\u00f6lg\u0259sin\u0259\u201d yay\u0131lan etirazlardan sonra q\u0259rar l\u0259\u011fv edilib.<\/p>\n\n\n\n<p>Abdullah Zeydan PKK-ya d\u0259st\u0259kd\u0259 ittiham edilib, bir ne\u00e7\u0259 il \u00f6nc\u0259 h\u0259bs c\u0259zas\u0131 da al\u0131b. Amma Kassasiya M\u0259hk\u0259m\u0259sinin q\u0259rar\u0131 il\u0259 o, 2022-ci ild\u0259 azad edilmi\u015fdi.<\/p>\n\n\n\n<p>Q\u0259rara CHP v\u0259 daxil olmaqla, bir \u00e7ox m\u00fcxalif partiya v\u0259 f\u0259allar etiraz edirdi. Etirazlar \u0259rzind\u0259 y\u00fcz\u0259 yax\u0131n \u015f\u0259xs saxlanm\u0131\u015f, b\u00f6lg\u0259d\u0259 15 g\u00fcnl\u00fck \u201caksiya qada\u011fas\u0131\u201d t\u0259tbiq edilmi\u015fdi. Bu g\u00fcn partiyadan veril\u0259n a\u00e7\u0131qlamada bildirilib ki, etirazlar n\u0259tic\u0259 verib v\u0259 DEM namiz\u0259di Abdullah Zeydan\u0131n \u201cse\u00e7ki q\u0259l\u0259b\u0259si\u201d tan\u0131n\u0131b.<\/p>\n","protected":false},"excerpt":{"rendered":"","protected":false},"author":12,"featured_media":302808,"comment_status":"closed","ping_status":"closed","sticky":false,"template":"","format":"standard","meta":{"_acf_changed":false,"_sitemap_exclude":false,"_sitemap_priority":"","_sitemap_frequency":"","footnotes":""},"categories":[63,56],"tags":[],"class_list":["post-302807","post","type-post","status-publish","format-standard","has-post-thumbnail","hentry","category-video-2","category-xeberler","infinite-scroll-item","generate-columns","tablet-grid-50","mobile-grid-100","grid-parent","grid-33","no-featured-image-padding"],"acf":[],"yoast_head":"<!-- This site is optimized with the Yoast SEO plugin v27.4 - https:\/\/yoast.com\/product\/yoast-seo-wordpress\/ -->\n<title>K\u00fcrdl\u0259rin etiraz\u0131ndan sonra T\u00fcrkiy\u0259d\u0259 MSK geri add\u0131m atd\u0131 - MEYDAN.TV<\/title>\n<meta name=\"robots\" content=\"index, follow, max-snippet:-1, max-image-preview:large, max-video-preview:-1\" \/>\n<link rel=\"canonical\" href=\"https:\/\/www.meydan.tv\/az\/article\/kurdlerin-etirazindan-sonra-turkiyede-msk-geri-addim-atdi\/\" \/>\n<meta property=\"og:locale\" content=\"az_AZ\" \/>\n<meta property=\"og:type\" content=\"article\" \/>\n<meta property=\"og:title\" content=\"K\u00fcrdl\u0259rin etiraz\u0131ndan sonra T\u00fcrkiy\u0259d\u0259 MSK geri add\u0131m atd\u0131 - MEYDAN.TV\" \/>\n<meta property=\"og:url\" content=\"https:\/\/www.meydan.tv\/az\/article\/kurdlerin-etirazindan-sonra-turkiyede-msk-geri-addim-atdi\/\" \/>\n<meta property=\"og:site_name\" content=\"MEYDAN.TV\" \/>\n<meta property=\"article:published_time\" content=\"2024-04-04T09:52:33+00:00\" \/>\n<meta property=\"article:modified_time\" content=\"2024-04-04T09:52:35+00:00\" \/>\n<meta property=\"og:image\" content=\"https:\/\/www.meydan.tv\/wp-content\/uploads\/screenshot-2024-04-04-at-11.27.58-1200x590.png\" \/>\n\t<meta property=\"og:image:width\" content=\"1200\" \/>\n\t<meta property=\"og:image:height\" content=\"590\" \/>\n\t<meta property=\"og:image:type\" content=\"image\/png\" \/>\n<meta name=\"author\" content=\"aleks\" \/>\n<meta name=\"twitter:card\" content=\"summary_large_image\" \/>\n<script type=\"application\/ld+json\" class=\"yoast-schema-graph\">{\"@context\":\"https:\\\/\\\/schema.org\",\"@graph\":[{\"@type\":\"Article\",\"@id\":\"https:\\\/\\\/www.meydan.tv\\\/az\\\/article\\\/kurdlerin-etirazindan-sonra-turkiyede-msk-geri-addim-atdi\\\/#article\",\"isPartOf\":{\"@id\":\"https:\\\/\\\/www.meydan.tv\\\/az\\\/article\\\/kurdlerin-etirazindan-sonra-turkiyede-msk-geri-addim-atdi\\\/\"},\"author\":{\"name\":\"aleks\",\"@id\":\"https:\\\/\\\/www.meydan.tv\\\/az\\\/#\\\/schema\\\/person\\\/476e9360e593fa131d5d71d51866f8da\"},\"headline\":\"K\u00fcrdl\u0259rin etiraz\u0131ndan sonra T\u00fcrkiy\u0259d\u0259 MSK geri add\u0131m atd\u0131\",\"datePublished\":\"2024-04-04T09:52:33+00:00\",\"dateModified\":\"2024-04-04T09:52:35+00:00\",\"mainEntityOfPage\":{\"@id\":\"https:\\\/\\\/www.meydan.tv\\\/az\\\/article\\\/kurdlerin-etirazindan-sonra-turkiyede-msk-geri-addim-atdi\\\/\"},\"wordCount\":213,\"publisher\":{\"@id\":\"https:\\\/\\\/www.meydan.tv\\\/az\\\/#organization\"},\"image\":{\"@id\":\"https:\\\/\\\/www.meydan.tv\\\/az\\\/article\\\/kurdlerin-etirazindan-sonra-turkiyede-msk-geri-addim-atdi\\\/#primaryimage\"},\"thumbnailUrl\":\"https:\\\/\\\/www.meydan.tv\\\/wp-content\\\/uploads\\\/screenshot-2024-04-04-at-11.27.58.png\",\"articleSection\":[\"Video\",\"X\u0259b\u0259rl\u0259r\"],\"inLanguage\":\"az\"},{\"@type\":\"WebPage\",\"@id\":\"https:\\\/\\\/www.meydan.tv\\\/az\\\/article\\\/kurdlerin-etirazindan-sonra-turkiyede-msk-geri-addim-atdi\\\/\",\"url\":\"https:\\\/\\\/www.meydan.tv\\\/az\\\/article\\\/kurdlerin-etirazindan-sonra-turkiyede-msk-geri-addim-atdi\\\/\",\"name\":\"K\u00fcrdl\u0259rin etiraz\u0131ndan sonra T\u00fcrkiy\u0259d\u0259 MSK geri add\u0131m atd\u0131 - MEYDAN.TV\",\"isPartOf\":{\"@id\":\"https:\\\/\\\/www.meydan.tv\\\/az\\\/#website\"},\"primaryImageOfPage\":{\"@id\":\"https:\\\/\\\/www.meydan.tv\\\/az\\\/article\\\/kurdlerin-etirazindan-sonra-turkiyede-msk-geri-addim-atdi\\\/#primaryimage\"},\"image\":{\"@id\":\"https:\\\/\\\/www.meydan.tv\\\/az\\\/article\\\/kurdlerin-etirazindan-sonra-turkiyede-msk-geri-addim-atdi\\\/#primaryimage\"},\"thumbnailUrl\":\"https:\\\/\\\/www.meydan.tv\\\/wp-content\\\/uploads\\\/screenshot-2024-04-04-at-11.27.58.png\",\"datePublished\":\"2024-04-04T09:52:33+00:00\",\"dateModified\":\"2024-04-04T09:52:35+00:00\",\"breadcrumb\":{\"@id\":\"https:\\\/\\\/www.meydan.tv\\\/az\\\/article\\\/kurdlerin-etirazindan-sonra-turkiyede-msk-geri-addim-atdi\\\/#breadcrumb\"},\"inLanguage\":\"az\",\"potentialAction\":[{\"@type\":\"ReadAction\",\"target\":[\"https:\\\/\\\/www.meydan.tv\\\/az\\\/article\\\/kurdlerin-etirazindan-sonra-turkiyede-msk-geri-addim-atdi\\\/\"]}]},{\"@type\":\"ImageObject\",\"inLanguage\":\"az\",\"@id\":\"https:\\\/\\\/www.meydan.tv\\\/az\\\/article\\\/kurdlerin-etirazindan-sonra-turkiyede-msk-geri-addim-atdi\\\/#primaryimage\",\"url\":\"https:\\\/\\\/www.meydan.tv\\\/wp-content\\\/uploads\\\/screenshot-2024-04-04-at-11.27.58.png\",\"contentUrl\":\"https:\\\/\\\/www.meydan.tv\\\/wp-content\\\/uploads\\\/screenshot-2024-04-04-at-11.27.58.png\",\"width\":2086,\"height\":1026},{\"@type\":\"BreadcrumbList\",\"@id\":\"https:\\\/\\\/www.meydan.tv\\\/az\\\/article\\\/kurdlerin-etirazindan-sonra-turkiyede-msk-geri-addim-atdi\\\/#breadcrumb\",\"itemListElement\":[{\"@type\":\"ListItem\",\"position\":1,\"name\":\"Ana s\u0259hif\u0259\",\"item\":\"https:\\\/\\\/www.meydan.tv\\\/az\\\/\"},{\"@type\":\"ListItem\",\"position\":2,\"name\":\"Video\",\"item\":\"https:\\\/\\\/www.meydan.tv\\\/az\\\/section\\\/video-2\\\/\"},{\"@type\":\"ListItem\",\"position\":3,\"name\":\"K\u00fcrdl\u0259rin etiraz\u0131ndan sonra T\u00fcrkiy\u0259d\u0259 MSK geri add\u0131m atd\u0131\"}]},{\"@type\":\"WebSite\",\"@id\":\"https:\\\/\\\/www.meydan.tv\\\/az\\\/#website\",\"url\":\"https:\\\/\\\/www.meydan.tv\\\/az\\\/\",\"name\":\"MEYDAN.TV\",\"description\":\"Meydan TV Az\u0259rbaycan\u0131n media m\u0259kan\u0131ndak\u0131 alternativ s\u0259sidir\",\"publisher\":{\"@id\":\"https:\\\/\\\/www.meydan.tv\\\/az\\\/#organization\"},\"potentialAction\":[{\"@type\":\"SearchAction\",\"target\":{\"@type\":\"EntryPoint\",\"urlTemplate\":\"https:\\\/\\\/www.meydan.tv\\\/az\\\/?s={search_term_string}\"},\"query-input\":{\"@type\":\"PropertyValueSpecification\",\"valueRequired\":true,\"valueName\":\"search_term_string\"}}],\"inLanguage\":\"az\"},{\"@type\":\"Organization\",\"@id\":\"https:\\\/\\\/www.meydan.tv\\\/az\\\/#organization\",\"name\":\"Meydan TV\",\"url\":\"https:\\\/\\\/www.meydan.tv\\\/az\\\/\",\"logo\":{\"@type\":\"ImageObject\",\"inLanguage\":\"az\",\"@id\":\"https:\\\/\\\/www.meydan.tv\\\/az\\\/#\\\/schema\\\/logo\\\/image\\\/\",\"url\":\"https:\\\/\\\/www.meydan.tv\\\/wp-content\\\/uploads\\\/2021\\\/07\\\/meydan-logo.svg\",\"contentUrl\":\"https:\\\/\\\/www.meydan.tv\\\/wp-content\\\/uploads\\\/2021\\\/07\\\/meydan-logo.svg\",\"width\":195,\"height\":46,\"caption\":\"Meydan TV\"},\"image\":{\"@id\":\"https:\\\/\\\/www.meydan.tv\\\/az\\\/#\\\/schema\\\/logo\\\/image\\\/\"}},{\"@type\":\"Person\",\"@id\":\"https:\\\/\\\/www.meydan.tv\\\/az\\\/#\\\/schema\\\/person\\\/476e9360e593fa131d5d71d51866f8da\",\"name\":\"aleks\"}]}<\/script>\n<!-- \/ Yoast SEO plugin. -->","yoast_head_json":{"title":"K\u00fcrdl\u0259rin etiraz\u0131ndan sonra T\u00fcrkiy\u0259d\u0259 MSK geri add\u0131m atd\u0131 - MEYDAN.TV","robots":{"index":"index","follow":"follow","max-snippet":"max-snippet:-1","max-image-preview":"max-image-preview:large","max-video-preview":"max-video-preview:-1"},"canonical":"https:\/\/www.meydan.tv\/az\/article\/kurdlerin-etirazindan-sonra-turkiyede-msk-geri-addim-atdi\/","og_locale":"az_AZ","og_type":"article","og_title":"K\u00fcrdl\u0259rin etiraz\u0131ndan sonra T\u00fcrkiy\u0259d\u0259 MSK geri add\u0131m atd\u0131 - MEYDAN.TV","og_url":"https:\/\/www.meydan.tv\/az\/article\/kurdlerin-etirazindan-sonra-turkiyede-msk-geri-addim-atdi\/","og_site_name":"MEYDAN.TV","article_published_time":"2024-04-04T09:52:33+00:00","article_modified_time":"2024-04-04T09:52:35+00:00","og_image":[{"width":1200,"height":590,"url":"https:\/\/www.meydan.tv\/wp-content\/uploads\/screenshot-2024-04-04-at-11.27.58-1200x590.png","type":"image\/png"}],"author":"aleks","twitter_card":"summary_large_image","schema":{"@context":"https:\/\/schema.org","@graph":[{"@type":"Article","@id":"https:\/\/www.meydan.tv\/az\/article\/kurdlerin-etirazindan-sonra-turkiyede-msk-geri-addim-atdi\/#article","isPartOf":{"@id":"https:\/\/www.meydan.tv\/az\/article\/kurdlerin-etirazindan-sonra-turkiyede-msk-geri-addim-atdi\/"},"author":{"name":"aleks","@id":"https:\/\/www.meydan.tv\/az\/#\/schema\/person\/476e9360e593fa131d5d71d51866f8da"},"headline":"K\u00fcrdl\u0259rin etiraz\u0131ndan sonra T\u00fcrkiy\u0259d\u0259 MSK geri add\u0131m atd\u0131","datePublished":"2024-04-04T09:52:33+00:00","dateModified":"2024-04-04T09:52:35+00:00","mainEntityOfPage":{"@id":"https:\/\/www.meydan.tv\/az\/article\/kurdlerin-etirazindan-sonra-turkiyede-msk-geri-addim-atdi\/"},"wordCount":213,"publisher":{"@id":"https:\/\/www.meydan.tv\/az\/#organization"},"image":{"@id":"https:\/\/www.meydan.tv\/az\/article\/kurdlerin-etirazindan-sonra-turkiyede-msk-geri-addim-atdi\/#primaryimage"},"thumbnailUrl":"https:\/\/www.meydan.tv\/wp-content\/uploads\/screenshot-2024-04-04-at-11.27.58.png","articleSection":["Video","X\u0259b\u0259rl\u0259r"],"inLanguage":"az"},{"@type":"WebPage","@id":"https:\/\/www.meydan.tv\/az\/article\/kurdlerin-etirazindan-sonra-turkiyede-msk-geri-addim-atdi\/","url":"https:\/\/www.meydan.tv\/az\/article\/kurdlerin-etirazindan-sonra-turkiyede-msk-geri-addim-atdi\/","name":"K\u00fcrdl\u0259rin etiraz\u0131ndan sonra T\u00fcrkiy\u0259d\u0259 MSK geri add\u0131m atd\u0131 - MEYDAN.TV","isPartOf":{"@id":"https:\/\/www.meydan.tv\/az\/#website"},"primaryImageOfPage":{"@id":"https:\/\/www.meydan.tv\/az\/article\/kurdlerin-etirazindan-sonra-turkiyede-msk-geri-addim-atdi\/#primaryimage"},"image":{"@id":"https:\/\/www.meydan.tv\/az\/article\/kurdlerin-etirazindan-sonra-turkiyede-msk-geri-addim-atdi\/#primaryimage"},"thumbnailUrl":"https:\/\/www.meydan.tv\/wp-content\/uploads\/screenshot-2024-04-04-at-11.27.58.png","datePublished":"2024-04-04T09:52:33+00:00","dateModified":"2024-04-04T09:52:35+00:00","breadcrumb":{"@id":"https:\/\/www.meydan.tv\/az\/article\/kurdlerin-etirazindan-sonra-turkiyede-msk-geri-addim-atdi\/#breadcrumb"},"inLanguage":"az","potentialAction":[{"@type":"ReadAction","target":["https:\/\/www.meydan.tv\/az\/article\/kurdlerin-etirazindan-sonra-turkiyede-msk-geri-addim-atdi\/"]}]},{"@type":"ImageObject","inLanguage":"az","@id":"https:\/\/www.meydan.tv\/az\/article\/kurdlerin-etirazindan-sonra-turkiyede-msk-geri-addim-atdi\/#primaryimage","url":"https:\/\/www.meydan.tv\/wp-content\/uploads\/screenshot-2024-04-04-at-11.27.58.png","contentUrl":"https:\/\/www.meydan.tv\/wp-content\/uploads\/screenshot-2024-04-04-at-11.27.58.png","width":2086,"height":1026},{"@type":"BreadcrumbList","@id":"https:\/\/www.meydan.tv\/az\/article\/kurdlerin-etirazindan-sonra-turkiyede-msk-geri-addim-atdi\/#breadcrumb","itemListElement":[{"@type":"ListItem","position":1,"name":"Ana s\u0259hif\u0259","item":"https:\/\/www.meydan.tv\/az\/"},{"@type":"ListItem","position":2,"name":"Video","item":"https:\/\/www.meydan.tv\/az\/section\/video-2\/"},{"@type":"ListItem","position":3,"name":"K\u00fcrdl\u0259rin etiraz\u0131ndan sonra T\u00fcrkiy\u0259d\u0259 MSK geri add\u0131m atd\u0131"}]},{"@type":"WebSite","@id":"https:\/\/www.meydan.tv\/az\/#website","url":"https:\/\/www.meydan.tv\/az\/","name":"MEYDAN.TV","description":"Meydan TV Az\u0259rbaycan\u0131n media m\u0259kan\u0131ndak\u0131 alternativ s\u0259sidir","publisher":{"@id":"https:\/\/www.meydan.tv\/az\/#organization"},"potentialAction":[{"@type":"SearchAction","target":{"@type":"EntryPoint","urlTemplate":"https:\/\/www.meydan.tv\/az\/?s={search_term_string}"},"query-input":{"@type":"PropertyValueSpecification","valueRequired":true,"valueName":"search_term_string"}}],"inLanguage":"az"},{"@type":"Organization","@id":"https:\/\/www.meydan.tv\/az\/#organization","name":"Meydan TV","url":"https:\/\/www.meydan.tv\/az\/","logo":{"@type":"ImageObject","inLanguage":"az","@id":"https:\/\/www.meydan.tv\/az\/#\/schema\/logo\/image\/","url":"https:\/\/www.meydan.tv\/wp-content\/uploads\/2021\/07\/meydan-logo.svg","contentUrl":"https:\/\/www.meydan.tv\/wp-content\/uploads\/2021\/07\/meydan-logo.svg","width":195,"height":46,"caption":"Meydan TV"},"image":{"@id":"https:\/\/www.meydan.tv\/az\/#\/schema\/logo\/image\/"}},{"@type":"Person","@id":"https:\/\/www.meydan.tv\/az\/#\/schema\/person\/476e9360e593fa131d5d71d51866f8da","name":"aleks"}]}},"_links":{"self":[{"href":"https:\/\/www.meydan.tv\/az\/wp-json\/wp\/v2\/posts\/302807","targetHints":{"allow":["GET"]}}],"collection":[{"href":"https:\/\/www.meydan.tv\/az\/wp-json\/wp\/v2\/posts"}],"about":[{"href":"https:\/\/www.meydan.tv\/az\/wp-json\/wp\/v2\/types\/post"}],"author":[{"embeddable":true,"href":"https:\/\/www.meydan.tv\/az\/wp-json\/wp\/v2\/users\/12"}],"replies":[{"embeddable":true,"href":"https:\/\/www.meydan.tv\/az\/wp-json\/wp\/v2\/comments?post=302807"}],"version-history":[{"count":4,"href":"https:\/\/www.meydan.tv\/az\/wp-json\/wp\/v2\/posts\/302807\/revisions"}],"predecessor-version":[{"id":302820,"href":"https:\/\/www.meydan.tv\/az\/wp-json\/wp\/v2\/posts\/302807\/revisions\/302820"}],"wp:featuredmedia":[{"embeddable":true,"href":"https:\/\/www.meydan.tv\/az\/wp-json\/wp\/v2\/media\/302808"}],"wp:attachment":[{"href":"https:\/\/www.meydan.tv\/az\/wp-json\/wp\/v2\/media?parent=302807"}],"wp:term":[{"taxonomy":"category","embeddable":true,"href":"https:\/\/www.meydan.tv\/az\/wp-json\/wp\/v2\/categories?post=302807"},{"taxonomy":"post_tag","embeddable":true,"href":"https:\/\/www.meydan.tv\/az\/wp-json\/wp\/v2\/tags?post=302807"}],"curies":[{"name":"wp","href":"https:\/\/api.w.org\/{rel}","templated":true}]}}