{"id":302771,"date":"2024-04-03T19:10:30","date_gmt":"2024-04-03T15:10:30","guid":{"rendered":"https:\/\/www.meydan.tv\/?p=302771"},"modified":"2024-04-03T19:10:33","modified_gmt":"2024-04-03T15:10:33","slug":"naxcivanda-penitensiar-xidmetin-kecmis-reisine-hokm-oxundu","status":"publish","type":"post","link":"https:\/\/www.meydan.tv\/az\/article\/naxcivanda-penitensiar-xidmetin-kecmis-reisine-hokm-oxundu\/","title":{"rendered":"Nax\u00e7\u0131vanda Penitensiar Xidm\u0259tin ke\u00e7mi\u015f r\u0259isin\u0259 h\u00f6km oxundu"},"content":{"rendered":"\n<p><\/p>\n\n\n\n<p><strong><em>Tofiq H\u0259s\u0259nov i\u015f\u0259 g\u00f6t\u00fcrd\u00fcy\u00fc adamlardan r\u00fc\u015fv\u0259t almaqda ittiham olunur<\/em><\/strong><\/p>\n\n\n\n<p>2016-2022-ci ill\u0259rd\u0259 Nax\u00e7\u0131van Muxtar Respublikas\u0131nda Penitensiar Xidm\u0259tin r\u0259isi olmu\u015f Tofiq H\u0259s\u0259nov 10 il azadl\u0131qdan m\u0259hrum edilib. H\u0259m\u00e7inin onun general-mayor r\u00fctb\u0259sind\u0259n m\u0259hrum edilm\u0259sin\u0259 d\u0259 q\u0259rar verilib.<\/p>\n\n\n\n<p>Aprelin 3-d\u0259 Nax\u00e7\u0131van Muxtar Respublikas\u0131n\u0131n A\u011f\u0131r Cinay\u0259tl\u0259r M\u0259hk\u0259m\u0259sind\u0259 ona h\u00f6km oxunub.<\/p>\n\n\n\n<p>Hakim H\u00fcseyn M\u0259mm\u0259dovun s\u0259drliyil\u0259 \u00e7\u0131xar\u0131lan h\u00f6km\u0259 \u0259sas\u0259n, Tofiq H\u0259s\u0259nova qar\u015f\u0131 Cinay\u0259t M\u0259c\u0259ll\u0259sinin 179.2.2 v\u0259 179.2.4 (xeyli miqdarda ziyan vurmaqla, t\u0259krar m\u0259nims\u0259m\u0259) madd\u0259l\u0259ril\u0259 ir\u0259li s\u00fcr\u00fclm\u00fc\u015f ittihamlara xitam verilib. M\u0259nims\u0259nildiyi iddia edil\u0259n v\u0259saitin \u00f6d\u0259nildiyi \u0259sas g\u00f6st\u0259ril\u0259r\u0259k, bu ittihama xitam verilib.<\/p>\n\n\n\n<p>52 n\u0259f\u0259rd\u0259n r\u00fc\u015fv\u0259t almaqda t\u0259qsirl\u0259ndiril\u0259n Tofiq H\u0259s\u0259nova Cinay\u0259t M\u0259c\u0259ll\u0259sinin 311.3.2 (t\u0259krar r\u00fc\u015fv\u0259t alma) madd\u0259sil\u0259 10 il azadl\u0131qdan m\u0259hrumetm\u0259 c\u0259zas\u0131 verilib.<\/p>\n\n\n\n<p>Tofiq H\u0259s\u0259nov Penitensiar Xidm\u0259td\u0259 \u00e7al\u0131\u015fan \u015f\u0259xsl\u0259rd\u0259n onlar i\u015f\u0259 g\u00f6t\u00fcr\u00fcl\u0259rk\u0259n r\u00fc\u015fv\u0259t almaqda ittiham olunur.<\/p>\n\n\n<div class=\"wp-block-image\">\n<figure class=\"alignleft size-full is-resized\"><img decoding=\"async\" width=\"637\" height=\"400\" data-src=\"https:\/\/www.meydan.tv\/wp-content\/uploads\/pee.jpeg\" alt=\"\" class=\"wp-image-291356 lazyload\" style=\"--smush-placeholder-width: 637px; --smush-placeholder-aspect-ratio: 637\/400;width:353px;height:auto\" src=\"data:image\/svg+xml;base64,PHN2ZyB3aWR0aD0iMSIgaGVpZ2h0PSIxIiB4bWxucz0iaHR0cDovL3d3dy53My5vcmcvMjAwMC9zdmciPjwvc3ZnPg==\" \/><figcaption class=\"wp-element-caption\">Tofiq H\u0259s\u0259nov. Foto: Az\u0259rtac<\/figcaption><\/figure>\n<\/div>\n\n\n<p>T\u0259qsirl\u0259ndiril\u0259n general m\u0259hk\u0259m\u0259d\u0259 \u00f6z\u00fcn\u00fc qism\u0259n t\u0259qsirli bilib. O, m\u0259hk\u0259m\u0259d\u0259 ifad\u0259sind\u0259 1995-2022-ci ill\u0259rd\u0259 Nax\u00e7\u0131van Ali M\u0259clisinin s\u0259dri olmu\u015f Vasif Tal\u0131bovun o\u011flu Seymur Tal\u0131bov v\u0259 Muxtar Respublikan\u0131n sabiq \u018fdliyy\u0259 naziri Da\u015fq\u0131n R\u0259himovun adlar\u0131n\u0131 \u00e7\u0259kib. O bildirib ki, Da\u015fq\u0131n R\u0259himova v\u0259 Seymur Tal\u0131bovun s\u00fcr\u00fcc\u00fcs\u00fcn\u0259 m\u00fct\u0259madi pullar verirdi.<\/p>\n\n\n\n<p>Tofiq H\u0259s\u0259nov bu v\u0259zif\u0259y\u0259 2016-c\u0131 il sentyabr\u0131n 19-da Nax\u00e7\u0131van MR Ali M\u0259clisinin o vaxtk\u0131 s\u0259dri Vasif Tal\u0131bovun s\u0259r\u0259ncam\u0131yla t\u0259yin olunmu\u015fdu. O, eyni zamanda, Nax\u00e7\u0131van MR \u018fdliyy\u0259 nazirinin m\u00fcavini idi.<\/p>\n\n\n\n<p>O, 2017-ci il noyabr\u0131n 29-da Prezident \u0130lham \u018fliyevin s\u0259r\u0259ncam\u0131yla general-mayor r\u00fctb\u0259si al\u0131b.<\/p>\n\n\n\n<p>2022-ci ilin noyabr\u0131nda D\u00f6vl\u0259t T\u0259hl\u00fck\u0259sizlik Xidm\u0259ti (DTX) \u0259m\u0259kda\u015flar\u0131n\u0131n Nax\u00e7\u0131van MR-da ke\u00e7irdiyi \u0259m\u0259liyyatlar n\u0259tic\u0259sind\u0259 h\u0259bs olunub.<\/p>\n","protected":false},"excerpt":{"rendered":"<p>Tofiq H\u0259s\u0259nov i\u015f\u0259 g\u00f6t\u00fcrd\u00fcy\u00fc adamlardan r\u00fc\u015fv\u0259t almaqda ittiham olunur 2016-2022-ci &#8230; <\/p>\n<p class=\"read-more-container\"><a title=\"Nax\u00e7\u0131vanda Penitensiar Xidm\u0259tin ke\u00e7mi\u015f r\u0259isin\u0259 h\u00f6km oxundu\" class=\"read-more button\" href=\"https:\/\/www.meydan.tv\/az\/article\/naxcivanda-penitensiar-xidmetin-kecmis-reisine-hokm-oxundu\/#more-302771\" aria-label=\"Read more about Nax\u00e7\u0131vanda Penitensiar Xidm\u0259tin ke\u00e7mi\u015f r\u0259isin\u0259 h\u00f6km oxundu\">Davam\u0131<\/a><\/p>\n","protected":false},"author":8,"featured_media":134550,"comment_status":"closed","ping_status":"closed","sticky":false,"template":"","format":"standard","meta":{"_acf_changed":false,"_sitemap_exclude":false,"_sitemap_priority":"","_sitemap_frequency":"","footnotes":""},"categories":[60,56],"tags":[],"class_list":["post-302771","post","type-post","status-publish","format-standard","has-post-thumbnail","hentry","category-bolge","category-xeberler","infinite-scroll-item","generate-columns","tablet-grid-50","mobile-grid-100","grid-parent","grid-33","no-featured-image-padding"],"acf":[],"yoast_head":"<!-- This site is optimized with the Yoast SEO plugin v27.4 - https:\/\/yoast.com\/product\/yoast-seo-wordpress\/ -->\n<title>Nax\u00e7\u0131vanda Penitensiar Xidm\u0259tin ke\u00e7mi\u015f r\u0259isin\u0259 h\u00f6km oxundu - MEYDAN.TV<\/title>\n<meta name=\"robots\" content=\"index, follow, max-snippet:-1, max-image-preview:large, max-video-preview:-1\" \/>\n<link rel=\"canonical\" href=\"https:\/\/www.meydan.tv\/az\/article\/naxcivanda-penitensiar-xidmetin-kecmis-reisine-hokm-oxundu\/\" \/>\n<meta property=\"og:locale\" content=\"az_AZ\" \/>\n<meta property=\"og:type\" content=\"article\" \/>\n<meta property=\"og:title\" content=\"Nax\u00e7\u0131vanda Penitensiar Xidm\u0259tin ke\u00e7mi\u015f r\u0259isin\u0259 h\u00f6km oxundu - MEYDAN.TV\" \/>\n<meta property=\"og:description\" content=\"Tofiq H\u0259s\u0259nov i\u015f\u0259 g\u00f6t\u00fcrd\u00fcy\u00fc adamlardan r\u00fc\u015fv\u0259t almaqda ittiham olunur 2016-2022-ci ... Davam\u0131\" \/>\n<meta property=\"og:url\" content=\"https:\/\/www.meydan.tv\/az\/article\/naxcivanda-penitensiar-xidmetin-kecmis-reisine-hokm-oxundu\/\" \/>\n<meta property=\"og:site_name\" content=\"MEYDAN.TV\" \/>\n<meta property=\"article:published_time\" content=\"2024-04-03T15:10:30+00:00\" \/>\n<meta property=\"article:modified_time\" content=\"2024-04-03T15:10:33+00:00\" \/>\n<meta property=\"og:image\" content=\"https:\/\/www.meydan.tv\/wp-content\/uploads\/576c5672-d7a4-49ba-b318-e70fe16e860d-e1672247578266.jpeg\" \/>\n\t<meta property=\"og:image:width\" content=\"1032\" \/>\n\t<meta property=\"og:image:height\" content=\"681\" \/>\n\t<meta property=\"og:image:type\" content=\"image\/jpeg\" \/>\n<meta name=\"author\" content=\"elli\" \/>\n<meta name=\"twitter:card\" content=\"summary_large_image\" \/>\n<meta name=\"twitter:creator\" content=\"@elli\" \/>\n<script type=\"application\/ld+json\" class=\"yoast-schema-graph\">{\"@context\":\"https:\\\/\\\/schema.org\",\"@graph\":[{\"@type\":\"Article\",\"@id\":\"https:\\\/\\\/www.meydan.tv\\\/az\\\/article\\\/naxcivanda-penitensiar-xidmetin-kecmis-reisine-hokm-oxundu\\\/#article\",\"isPartOf\":{\"@id\":\"https:\\\/\\\/www.meydan.tv\\\/az\\\/article\\\/naxcivanda-penitensiar-xidmetin-kecmis-reisine-hokm-oxundu\\\/\"},\"author\":{\"name\":\"elli\",\"@id\":\"https:\\\/\\\/www.meydan.tv\\\/az\\\/#\\\/schema\\\/person\\\/9cdbecf90d17180ce1dfbd95b08dcf47\"},\"headline\":\"Nax\u00e7\u0131vanda Penitensiar Xidm\u0259tin ke\u00e7mi\u015f r\u0259isin\u0259 h\u00f6km oxundu\",\"datePublished\":\"2024-04-03T15:10:30+00:00\",\"dateModified\":\"2024-04-03T15:10:33+00:00\",\"mainEntityOfPage\":{\"@id\":\"https:\\\/\\\/www.meydan.tv\\\/az\\\/article\\\/naxcivanda-penitensiar-xidmetin-kecmis-reisine-hokm-oxundu\\\/\"},\"wordCount\":404,\"publisher\":{\"@id\":\"https:\\\/\\\/www.meydan.tv\\\/az\\\/#organization\"},\"image\":{\"@id\":\"https:\\\/\\\/www.meydan.tv\\\/az\\\/article\\\/naxcivanda-penitensiar-xidmetin-kecmis-reisine-hokm-oxundu\\\/#primaryimage\"},\"thumbnailUrl\":\"https:\\\/\\\/www.meydan.tv\\\/wp-content\\\/uploads\\\/576c5672-d7a4-49ba-b318-e70fe16e860d-e1716633523510.jpeg\",\"articleSection\":[\"B\u00f6lg\u0259\",\"X\u0259b\u0259rl\u0259r\"],\"inLanguage\":\"az\"},{\"@type\":\"WebPage\",\"@id\":\"https:\\\/\\\/www.meydan.tv\\\/az\\\/article\\\/naxcivanda-penitensiar-xidmetin-kecmis-reisine-hokm-oxundu\\\/\",\"url\":\"https:\\\/\\\/www.meydan.tv\\\/az\\\/article\\\/naxcivanda-penitensiar-xidmetin-kecmis-reisine-hokm-oxundu\\\/\",\"name\":\"Nax\u00e7\u0131vanda Penitensiar Xidm\u0259tin ke\u00e7mi\u015f r\u0259isin\u0259 h\u00f6km oxundu - MEYDAN.TV\",\"isPartOf\":{\"@id\":\"https:\\\/\\\/www.meydan.tv\\\/az\\\/#website\"},\"primaryImageOfPage\":{\"@id\":\"https:\\\/\\\/www.meydan.tv\\\/az\\\/article\\\/naxcivanda-penitensiar-xidmetin-kecmis-reisine-hokm-oxundu\\\/#primaryimage\"},\"image\":{\"@id\":\"https:\\\/\\\/www.meydan.tv\\\/az\\\/article\\\/naxcivanda-penitensiar-xidmetin-kecmis-reisine-hokm-oxundu\\\/#primaryimage\"},\"thumbnailUrl\":\"https:\\\/\\\/www.meydan.tv\\\/wp-content\\\/uploads\\\/576c5672-d7a4-49ba-b318-e70fe16e860d-e1716633523510.jpeg\",\"datePublished\":\"2024-04-03T15:10:30+00:00\",\"dateModified\":\"2024-04-03T15:10:33+00:00\",\"breadcrumb\":{\"@id\":\"https:\\\/\\\/www.meydan.tv\\\/az\\\/article\\\/naxcivanda-penitensiar-xidmetin-kecmis-reisine-hokm-oxundu\\\/#breadcrumb\"},\"inLanguage\":\"az\",\"potentialAction\":[{\"@type\":\"ReadAction\",\"target\":[\"https:\\\/\\\/www.meydan.tv\\\/az\\\/article\\\/naxcivanda-penitensiar-xidmetin-kecmis-reisine-hokm-oxundu\\\/\"]}]},{\"@type\":\"ImageObject\",\"inLanguage\":\"az\",\"@id\":\"https:\\\/\\\/www.meydan.tv\\\/az\\\/article\\\/naxcivanda-penitensiar-xidmetin-kecmis-reisine-hokm-oxundu\\\/#primaryimage\",\"url\":\"https:\\\/\\\/www.meydan.tv\\\/wp-content\\\/uploads\\\/576c5672-d7a4-49ba-b318-e70fe16e860d-e1716633523510.jpeg\",\"contentUrl\":\"https:\\\/\\\/www.meydan.tv\\\/wp-content\\\/uploads\\\/576c5672-d7a4-49ba-b318-e70fe16e860d-e1716633523510.jpeg\",\"width\":1032,\"height\":498,\"caption\":\"Fotolar: Meydan TV\"},{\"@type\":\"BreadcrumbList\",\"@id\":\"https:\\\/\\\/www.meydan.tv\\\/az\\\/article\\\/naxcivanda-penitensiar-xidmetin-kecmis-reisine-hokm-oxundu\\\/#breadcrumb\",\"itemListElement\":[{\"@type\":\"ListItem\",\"position\":1,\"name\":\"Ana s\u0259hif\u0259\",\"item\":\"https:\\\/\\\/www.meydan.tv\\\/az\\\/\"},{\"@type\":\"ListItem\",\"position\":2,\"name\":\"B\u00f6lg\u0259\",\"item\":\"https:\\\/\\\/www.meydan.tv\\\/az\\\/section\\\/bolge\\\/\"},{\"@type\":\"ListItem\",\"position\":3,\"name\":\"Nax\u00e7\u0131vanda Penitensiar Xidm\u0259tin ke\u00e7mi\u015f r\u0259isin\u0259 h\u00f6km oxundu\"}]},{\"@type\":\"WebSite\",\"@id\":\"https:\\\/\\\/www.meydan.tv\\\/az\\\/#website\",\"url\":\"https:\\\/\\\/www.meydan.tv\\\/az\\\/\",\"name\":\"MEYDAN.TV\",\"description\":\"Meydan TV Az\u0259rbaycan\u0131n media m\u0259kan\u0131ndak\u0131 alternativ s\u0259sidir\",\"publisher\":{\"@id\":\"https:\\\/\\\/www.meydan.tv\\\/az\\\/#organization\"},\"potentialAction\":[{\"@type\":\"SearchAction\",\"target\":{\"@type\":\"EntryPoint\",\"urlTemplate\":\"https:\\\/\\\/www.meydan.tv\\\/az\\\/?s={search_term_string}\"},\"query-input\":{\"@type\":\"PropertyValueSpecification\",\"valueRequired\":true,\"valueName\":\"search_term_string\"}}],\"inLanguage\":\"az\"},{\"@type\":\"Organization\",\"@id\":\"https:\\\/\\\/www.meydan.tv\\\/az\\\/#organization\",\"name\":\"Meydan TV\",\"url\":\"https:\\\/\\\/www.meydan.tv\\\/az\\\/\",\"logo\":{\"@type\":\"ImageObject\",\"inLanguage\":\"az\",\"@id\":\"https:\\\/\\\/www.meydan.tv\\\/az\\\/#\\\/schema\\\/logo\\\/image\\\/\",\"url\":\"https:\\\/\\\/www.meydan.tv\\\/wp-content\\\/uploads\\\/2021\\\/07\\\/meydan-logo.svg\",\"contentUrl\":\"https:\\\/\\\/www.meydan.tv\\\/wp-content\\\/uploads\\\/2021\\\/07\\\/meydan-logo.svg\",\"width\":195,\"height\":46,\"caption\":\"Meydan TV\"},\"image\":{\"@id\":\"https:\\\/\\\/www.meydan.tv\\\/az\\\/#\\\/schema\\\/logo\\\/image\\\/\"}},{\"@type\":\"Person\",\"@id\":\"https:\\\/\\\/www.meydan.tv\\\/az\\\/#\\\/schema\\\/person\\\/9cdbecf90d17180ce1dfbd95b08dcf47\",\"name\":\"elli\",\"sameAs\":[\"https:\\\/\\\/x.com\\\/elli\"]}]}<\/script>\n<!-- \/ Yoast SEO plugin. -->","yoast_head_json":{"title":"Nax\u00e7\u0131vanda Penitensiar Xidm\u0259tin ke\u00e7mi\u015f r\u0259isin\u0259 h\u00f6km oxundu - MEYDAN.TV","robots":{"index":"index","follow":"follow","max-snippet":"max-snippet:-1","max-image-preview":"max-image-preview:large","max-video-preview":"max-video-preview:-1"},"canonical":"https:\/\/www.meydan.tv\/az\/article\/naxcivanda-penitensiar-xidmetin-kecmis-reisine-hokm-oxundu\/","og_locale":"az_AZ","og_type":"article","og_title":"Nax\u00e7\u0131vanda Penitensiar Xidm\u0259tin ke\u00e7mi\u015f r\u0259isin\u0259 h\u00f6km oxundu - MEYDAN.TV","og_description":"Tofiq H\u0259s\u0259nov i\u015f\u0259 g\u00f6t\u00fcrd\u00fcy\u00fc adamlardan r\u00fc\u015fv\u0259t almaqda ittiham olunur 2016-2022-ci ... Davam\u0131","og_url":"https:\/\/www.meydan.tv\/az\/article\/naxcivanda-penitensiar-xidmetin-kecmis-reisine-hokm-oxundu\/","og_site_name":"MEYDAN.TV","article_published_time":"2024-04-03T15:10:30+00:00","article_modified_time":"2024-04-03T15:10:33+00:00","og_image":[{"width":1032,"height":681,"url":"https:\/\/www.meydan.tv\/wp-content\/uploads\/576c5672-d7a4-49ba-b318-e70fe16e860d-e1672247578266.jpeg","type":"image\/jpeg"}],"author":"elli","twitter_card":"summary_large_image","twitter_creator":"@elli","schema":{"@context":"https:\/\/schema.org","@graph":[{"@type":"Article","@id":"https:\/\/www.meydan.tv\/az\/article\/naxcivanda-penitensiar-xidmetin-kecmis-reisine-hokm-oxundu\/#article","isPartOf":{"@id":"https:\/\/www.meydan.tv\/az\/article\/naxcivanda-penitensiar-xidmetin-kecmis-reisine-hokm-oxundu\/"},"author":{"name":"elli","@id":"https:\/\/www.meydan.tv\/az\/#\/schema\/person\/9cdbecf90d17180ce1dfbd95b08dcf47"},"headline":"Nax\u00e7\u0131vanda Penitensiar Xidm\u0259tin ke\u00e7mi\u015f r\u0259isin\u0259 h\u00f6km oxundu","datePublished":"2024-04-03T15:10:30+00:00","dateModified":"2024-04-03T15:10:33+00:00","mainEntityOfPage":{"@id":"https:\/\/www.meydan.tv\/az\/article\/naxcivanda-penitensiar-xidmetin-kecmis-reisine-hokm-oxundu\/"},"wordCount":404,"publisher":{"@id":"https:\/\/www.meydan.tv\/az\/#organization"},"image":{"@id":"https:\/\/www.meydan.tv\/az\/article\/naxcivanda-penitensiar-xidmetin-kecmis-reisine-hokm-oxundu\/#primaryimage"},"thumbnailUrl":"https:\/\/www.meydan.tv\/wp-content\/uploads\/576c5672-d7a4-49ba-b318-e70fe16e860d-e1716633523510.jpeg","articleSection":["B\u00f6lg\u0259","X\u0259b\u0259rl\u0259r"],"inLanguage":"az"},{"@type":"WebPage","@id":"https:\/\/www.meydan.tv\/az\/article\/naxcivanda-penitensiar-xidmetin-kecmis-reisine-hokm-oxundu\/","url":"https:\/\/www.meydan.tv\/az\/article\/naxcivanda-penitensiar-xidmetin-kecmis-reisine-hokm-oxundu\/","name":"Nax\u00e7\u0131vanda Penitensiar Xidm\u0259tin ke\u00e7mi\u015f r\u0259isin\u0259 h\u00f6km oxundu - MEYDAN.TV","isPartOf":{"@id":"https:\/\/www.meydan.tv\/az\/#website"},"primaryImageOfPage":{"@id":"https:\/\/www.meydan.tv\/az\/article\/naxcivanda-penitensiar-xidmetin-kecmis-reisine-hokm-oxundu\/#primaryimage"},"image":{"@id":"https:\/\/www.meydan.tv\/az\/article\/naxcivanda-penitensiar-xidmetin-kecmis-reisine-hokm-oxundu\/#primaryimage"},"thumbnailUrl":"https:\/\/www.meydan.tv\/wp-content\/uploads\/576c5672-d7a4-49ba-b318-e70fe16e860d-e1716633523510.jpeg","datePublished":"2024-04-03T15:10:30+00:00","dateModified":"2024-04-03T15:10:33+00:00","breadcrumb":{"@id":"https:\/\/www.meydan.tv\/az\/article\/naxcivanda-penitensiar-xidmetin-kecmis-reisine-hokm-oxundu\/#breadcrumb"},"inLanguage":"az","potentialAction":[{"@type":"ReadAction","target":["https:\/\/www.meydan.tv\/az\/article\/naxcivanda-penitensiar-xidmetin-kecmis-reisine-hokm-oxundu\/"]}]},{"@type":"ImageObject","inLanguage":"az","@id":"https:\/\/www.meydan.tv\/az\/article\/naxcivanda-penitensiar-xidmetin-kecmis-reisine-hokm-oxundu\/#primaryimage","url":"https:\/\/www.meydan.tv\/wp-content\/uploads\/576c5672-d7a4-49ba-b318-e70fe16e860d-e1716633523510.jpeg","contentUrl":"https:\/\/www.meydan.tv\/wp-content\/uploads\/576c5672-d7a4-49ba-b318-e70fe16e860d-e1716633523510.jpeg","width":1032,"height":498,"caption":"Fotolar: Meydan TV"},{"@type":"BreadcrumbList","@id":"https:\/\/www.meydan.tv\/az\/article\/naxcivanda-penitensiar-xidmetin-kecmis-reisine-hokm-oxundu\/#breadcrumb","itemListElement":[{"@type":"ListItem","position":1,"name":"Ana s\u0259hif\u0259","item":"https:\/\/www.meydan.tv\/az\/"},{"@type":"ListItem","position":2,"name":"B\u00f6lg\u0259","item":"https:\/\/www.meydan.tv\/az\/section\/bolge\/"},{"@type":"ListItem","position":3,"name":"Nax\u00e7\u0131vanda Penitensiar Xidm\u0259tin ke\u00e7mi\u015f r\u0259isin\u0259 h\u00f6km oxundu"}]},{"@type":"WebSite","@id":"https:\/\/www.meydan.tv\/az\/#website","url":"https:\/\/www.meydan.tv\/az\/","name":"MEYDAN.TV","description":"Meydan TV Az\u0259rbaycan\u0131n media m\u0259kan\u0131ndak\u0131 alternativ s\u0259sidir","publisher":{"@id":"https:\/\/www.meydan.tv\/az\/#organization"},"potentialAction":[{"@type":"SearchAction","target":{"@type":"EntryPoint","urlTemplate":"https:\/\/www.meydan.tv\/az\/?s={search_term_string}"},"query-input":{"@type":"PropertyValueSpecification","valueRequired":true,"valueName":"search_term_string"}}],"inLanguage":"az"},{"@type":"Organization","@id":"https:\/\/www.meydan.tv\/az\/#organization","name":"Meydan TV","url":"https:\/\/www.meydan.tv\/az\/","logo":{"@type":"ImageObject","inLanguage":"az","@id":"https:\/\/www.meydan.tv\/az\/#\/schema\/logo\/image\/","url":"https:\/\/www.meydan.tv\/wp-content\/uploads\/2021\/07\/meydan-logo.svg","contentUrl":"https:\/\/www.meydan.tv\/wp-content\/uploads\/2021\/07\/meydan-logo.svg","width":195,"height":46,"caption":"Meydan TV"},"image":{"@id":"https:\/\/www.meydan.tv\/az\/#\/schema\/logo\/image\/"}},{"@type":"Person","@id":"https:\/\/www.meydan.tv\/az\/#\/schema\/person\/9cdbecf90d17180ce1dfbd95b08dcf47","name":"elli","sameAs":["https:\/\/x.com\/elli"]}]}},"_links":{"self":[{"href":"https:\/\/www.meydan.tv\/az\/wp-json\/wp\/v2\/posts\/302771","targetHints":{"allow":["GET"]}}],"collection":[{"href":"https:\/\/www.meydan.tv\/az\/wp-json\/wp\/v2\/posts"}],"about":[{"href":"https:\/\/www.meydan.tv\/az\/wp-json\/wp\/v2\/types\/post"}],"author":[{"embeddable":true,"href":"https:\/\/www.meydan.tv\/az\/wp-json\/wp\/v2\/users\/8"}],"replies":[{"embeddable":true,"href":"https:\/\/www.meydan.tv\/az\/wp-json\/wp\/v2\/comments?post=302771"}],"version-history":[{"count":2,"href":"https:\/\/www.meydan.tv\/az\/wp-json\/wp\/v2\/posts\/302771\/revisions"}],"predecessor-version":[{"id":302779,"href":"https:\/\/www.meydan.tv\/az\/wp-json\/wp\/v2\/posts\/302771\/revisions\/302779"}],"wp:featuredmedia":[{"embeddable":true,"href":"https:\/\/www.meydan.tv\/az\/wp-json\/wp\/v2\/media\/134550"}],"wp:attachment":[{"href":"https:\/\/www.meydan.tv\/az\/wp-json\/wp\/v2\/media?parent=302771"}],"wp:term":[{"taxonomy":"category","embeddable":true,"href":"https:\/\/www.meydan.tv\/az\/wp-json\/wp\/v2\/categories?post=302771"},{"taxonomy":"post_tag","embeddable":true,"href":"https:\/\/www.meydan.tv\/az\/wp-json\/wp\/v2\/tags?post=302771"}],"curies":[{"name":"wp","href":"https:\/\/api.w.org\/{rel}","templated":true}]}}