{"id":302740,"date":"2024-04-03T18:05:20","date_gmt":"2024-04-03T14:05:20","guid":{"rendered":"https:\/\/www.meydan.tv\/?p=302740"},"modified":"2024-04-03T18:05:25","modified_gmt":"2024-04-03T14:05:25","slug":"taksi-surucu-qanunsuz-olaraq-aeroporta-buraxilmadigini-deyir-azal-susur","status":"publish","type":"post","link":"https:\/\/www.meydan.tv\/az\/article\/taksi-surucu-qanunsuz-olaraq-aeroporta-buraxilmadigini-deyir-azal-susur\/","title":{"rendered":"Taksi s\u00fcr\u00fcc\u00fcs\u00fc qanunsuz olaraq aeroporta burax\u0131lmad\u0131\u011f\u0131n\u0131 deyir, AZAL susur"},"content":{"rendered":"\n<p><\/p>\n\n\n\n<p><strong><em>\u201cNazirl\u0259r Kabinetin\u0259 getdim, qada\u011fa g\u00f6t\u00fcr\u00fcld\u00fc, bir m\u00fcdd\u0259t sonra yenid\u0259n t\u0259tbiq etdil\u0259r\u201d<\/em><\/strong><\/p>\n\n\n\n<p>Taksi s\u00fcr\u00fcc\u00fcs\u00fc Ruslan \u018fb\u00fclf\u0259t o\u011flu Mirz\u0259yev aylard\u0131r ki, Heyd\u0259r \u018flyev ad\u0131na Beyn\u0259lxalq Hava Liman\u0131na burax\u0131lmad\u0131\u011f\u0131n\u0131 deyir.<\/p>\n\n\n\n<p>\u015eikay\u0259t\u00e7i Meydan TV-y\u0259 bildirib ki, d\u0259f\u0259l\u0259rl\u0259 aeroport r\u0259hb\u0259rliyin\u0259 hans\u0131 s\u0259b\u0259bd\u0259n bloklanmas\u0131 il\u0259 \u0259laq\u0259dar m\u00fcraci\u0259t ets\u0259 d\u0259, tutarl\u0131 cavab almay\u0131b.<\/p>\n\n\n\n<p>Heyd\u0259r \u018fliyev ad\u0131na Beyn\u0259lxalq Hava Liman\u0131n\u0131n direktoru Teymur H\u0259s\u0259novun imzas\u0131 il\u0259 v\u0259t\u0259nda\u015fa veril\u0259n cavabda <em>\u201cHava liman\u0131 \u0259razil\u0259ri d\u00f6vl\u0259t t\u0259r\u0259find\u0259n AZAL-\u0131n istifad\u0259sin\u0259 verilib\u201d, &#8211; <\/em>qeyd olunur:<\/p>\n\n\n\n<p>\u201c<em>D\u00f6vl\u0259t t\u0259r\u0259find\u0259n m\u00fcvafiq sertifikat AZAL-\u0131n ad\u0131na verildiyind\u0259n h\u0259min \u0259razil\u0259rin t\u0259hl\u00fck\u0259sizliyin\u0259 d\u0259 AZAL aidiyy\u0259ti d\u00f6vl\u0259t orqanlar\u0131 il\u0259 birg\u0259 cavabdehdir\u201d<\/em>.<\/p>\n\n\n<div class=\"wp-block-image\">\n<figure class=\"alignleft size-large is-resized\"><img decoding=\"async\" width=\"616\" height=\"821\" data-src=\"https:\/\/www.meydan.tv\/wp-content\/uploads\/img-20240403-wa0001-616x821.jpg\" alt=\"\" class=\"wp-image-302732 lazyload\" style=\"--smush-placeholder-width: 616px; --smush-placeholder-aspect-ratio: 616\/821;width:353px;height:auto\" src=\"data:image\/svg+xml;base64,PHN2ZyB3aWR0aD0iMSIgaGVpZ2h0PSIxIiB4bWxucz0iaHR0cDovL3d3dy53My5vcmcvMjAwMC9zdmciPjwvc3ZnPg==\" \/><figcaption class=\"wp-element-caption\">Foto: Meydan TV<\/figcaption><\/figure>\n<\/div>\n\n\n<p>Cavab m\u0259ktubunda s\u00fcr\u00fcc\u00fcy\u0259 hans\u0131 s\u0259b\u0259bd\u0259n blok qoyulmas\u0131na dair is\u0259 he\u00e7 bir s\u0259b\u0259b g\u00f6st\u0259rilm\u0259yib.<\/p>\n\n\n\n<p>\u201c<em>Sertifikat\u0131m, burax\u0131l\u0131\u015f kart\u0131m, burax\u0131l\u0131\u015f v\u0259siq\u0259m qaydas\u0131nda olmas\u0131na baxmayaraq, i\u015f\u00e7il\u0259r v\u0259zif\u0259 s\u0259lahiyy\u0259tl\u0259rind\u0259n sui-istifad\u0259 ed\u0259r\u0259k m\u0259ni aeroporta buraxm\u0131rlar. Halbuki he\u00e7 bir daxili qaydalar\u0131 da pozmam\u0131\u015fam. Pozmu\u015f olsayd\u0131m, m\u0259n\u0259 \u00fcnvanlanan cavabda da bunu qeyd ed\u0259rdil\u0259r\u201d, <\/em>&#8211; taksi s\u00fcr\u00fcc\u00fcs\u00fc deyir.<\/p>\n\n\n\n<p>O bildirir ki, m\u0259s\u0259l\u0259 il\u0259 \u0259laq\u0259dar Nazirl\u0259r Kabinetin\u0259 m\u00fcraci\u0259t edib:<\/p>\n\n\n\n<p>\u201c<em>Ora getdim, m\u0259ni dinl\u0259dil\u0259r, s\u0259n\u0259dl\u0259rim\u0259 baxd\u0131qdan sonra qada\u011fan\u0131n qanunsuz oldu\u011funu bildirdil\u0259r. Ard\u0131nca m\u0259hdudiyy\u0259t aradan qald\u0131r\u0131ld\u0131, lakin bir m\u00fcdd\u0259td\u0259n sonra yenid\u0259n aeroporta giri\u015fim\u0259 blok qoyuldu. Himay\u0259md\u0259 d\u00f6rd azya\u015fl\u0131 \u00f6vlad\u0131m var. \u00c7\u00f6r\u0259yim\u0259 bais olublar, haqq\u0131m\u0131 t\u0259l\u0259b edir\u0259m\u201d.<\/em><\/p>\n\n\n\n<p>Meydan TV Heyd\u0259r \u018flyev ad\u0131na Beyn\u0259lxalq Aeroportunun m\u0259tbuat xidm\u0259tin\u0259 taksi s\u00fcr\u00fcc\u00fcs\u00fcn\u00fcn idar\u0259 etdiyi avtomobilin n\u00f6mr\u0259sini t\u0259qdim ed\u0259r\u0259k hans\u0131 s\u0259b\u0259bd\u0259n bloklanmas\u0131n\u0131n a\u00e7\u0131qlanmas\u0131 il\u0259 \u0259laq\u0259dar sor\u011fu edib.<\/p>\n\n\n\n<p>Lakin m\u0259tbuat xidm\u0259tinin r\u0259hb\u0259ri N\u0259rmin X\u0259lilova bir ne\u00e7\u0259 g\u00fcn \u0259rzind\u0259 m\u00fcxt\u0259lif b\u0259han\u0259l\u0259r g\u0259tir\u0259r\u0259k sor\u011funu cavabland\u0131rmay\u0131b.<\/p>\n\n\n\n<p>AZAL-\u0131n m\u0259tbuat xidm\u0259tinin r\u0259hb\u0259ri F\u0259rid H\u00fcseynov da Meydan TV-nin sor\u011fusunu cavabs\u0131z burax\u0131b.<\/p>\n\n\n\n<p>\u0130srarla bildirib ki, sual\u0131 Heyd\u0259r \u018flyev Beyn\u0259lxalq Aeroportu cavabland\u0131rmal\u0131d\u0131r.<\/p>\n\n\n<div class=\"wp-block-image\">\n<figure class=\"aligncenter size-large\"><img decoding=\"async\" width=\"1200\" height=\"800\" data-src=\"https:\/\/www.meydan.tv\/wp-content\/uploads\/5th_freedom-1200x800.jpg\" alt=\"AZAL\" class=\"wp-image-135208 lazyload\" src=\"data:image\/svg+xml;base64,PHN2ZyB3aWR0aD0iMSIgaGVpZ2h0PSIxIiB4bWxucz0iaHR0cDovL3d3dy53My5vcmcvMjAwMC9zdmciPjwvc3ZnPg==\" style=\"--smush-placeholder-width: 1200px; --smush-placeholder-aspect-ratio: 1200\/800;\" \/><figcaption class=\"wp-element-caption\">Foto: AZAL<\/figcaption><\/figure>\n<\/div>\n\n\n<p>N\u0259qliyyat \u00fczr\u0259 ekspert \u0130lqar H\u00fcseynov Meydan TV-y\u0259 deyir ki, h\u0259r hans\u0131 bir \u015f\u0259xs taksi xidm\u0259tini leqalla\u015fd\u0131r\u0131bsa, \u00f6lk\u0259 qanunvericiliyin\u0259 uy\u011funla\u015fd\u0131raraq, f\u0259aliyy\u0259t g\u00f6st\u0259rirs\u0259, onun aeroportun \u0259razisin\u0259 daxil olub, s\u0259rni\u015fin g\u00f6t\u00fcrm\u0259k v\u0259 \u00fcnvana \u00e7atd\u0131rmaq h\u00fcququ var:<\/p>\n\n\n\n<p>\u201c<em>Bu, \u00f6nc\u0259 onun pe\u015f\u0259 h\u00fcququdur, xidm\u0259t g\u00f6st\u0259rir. Taksi s\u00fcr\u00fcc\u00fcl\u0259ri aras\u0131nda h\u0259r hans\u0131 bir diskriminasiyaya (ayr\u0131-se\u00e7kilik, f\u0259rql\u0259ndirm\u0259-red.) yol verm\u0259k olmaz. S\u00fcr\u00fcc\u00fcn\u00fcn aeroporta giri\u015f-\u00e7\u0131x\u0131\u015f\u0131na qada\u011fa qoymaq, onun konstitusiyon h\u00fcquqlar\u0131n\u0131n pozulmas\u0131d\u0131r. Bu yaln\u0131z taksi s\u00fcr\u00fcc\u00fcs\u00fcn\u00fcn deyil, h\u0259m d\u0259 s\u0259rni\u015finin h\u00fcquqlar\u0131n\u0131n pozulmas\u0131 dem\u0259kdir\u201d.<\/em><\/p>\n\n\n<div class=\"wp-block-image\">\n<figure class=\"aligncenter size-full\"><img decoding=\"async\" width=\"1200\" height=\"542\" data-src=\"https:\/\/www.meydan.tv\/wp-content\/uploads\/78621693_10221456304300326_723172226634874880_n.jpg\" alt=\"\" class=\"wp-image-302744 lazyload\" src=\"data:image\/svg+xml;base64,PHN2ZyB3aWR0aD0iMSIgaGVpZ2h0PSIxIiB4bWxucz0iaHR0cDovL3d3dy53My5vcmcvMjAwMC9zdmciPjwvc3ZnPg==\" style=\"--smush-placeholder-width: 1200px; --smush-placeholder-aspect-ratio: 1200\/542;\" \/><figcaption class=\"wp-element-caption\">Foto: \u0130lqar H\u00fcseynovun \u015f\u0259xsi arxivind\u0259n<\/figcaption><\/figure>\n<\/div>\n\n\n<p>Ekspert t\u00f6vsiy\u0259 edir ki, z\u0259r\u0259r\u00e7\u0259k\u0259n m\u0259s\u0259l\u0259 il\u0259 \u0259laq\u0259dar m\u0259hk\u0259m\u0259y\u0259 m\u00fcraci\u0259t etsin:<\/p>\n\n\n\n<p>\u201c<em>AZAL-\u0131n aeroporta hans\u0131 s\u00fcr\u00fcc\u00fcl\u0259rin giri\u015f-\u00e7\u0131x\u0131\u015f\u0131n\u0131 m\u00fc\u0259yy\u0259nl\u0259\u015fdirm\u0259k kimi h\u00fcququ yoxdur. \u015eikay\u0259t\u00e7i sonunad\u0259k m\u00fcbariz\u0259 apara, h\u0259tta Avropa \u0130nsan H\u00fcquqlar\u0131 M\u0259hk\u0259m\u0259sin\u0259 q\u0259d\u0259r ged\u0259 bil\u0259r\u201d.<\/em><\/p>\n\n\n\n<p>Son bir ne\u00e7\u0259 ayd\u0131r ki, mediada taksi s\u00fcr\u00fcc\u00fcl\u0259rinin aeroporta burax\u0131lmamas\u0131 il\u0259 ba\u011fl\u0131 \u015fikay\u0259tl\u0259r yer <a href=\"https:\/\/www.xezerxeber.az\/news\/veb-tv\/406921\/hava-limanina-buraxilmayan-taksi-suruculeri-sikayete-geldiler\">al\u0131r<\/a>.<\/p>\n\n\n\n<p>M\u0259s\u0259l\u0259 ictimail\u0259\u015fdirildikd\u0259n sonra AZAL n\u00fcmay\u0259nd\u0259l\u0259ri taksi s\u00fcr\u00fcc\u00fcl\u0259ri il\u0259 g\u00f6r\u00fc\u015fs\u0259 d\u0259, onlar\u0131n problemi h\u0259ll olunmay\u0131b.<\/p>\n\n\n\n<p>Heyd\u0259r \u018flyev Beyn\u0259lxalq Aeroportunda \u201cBak\u0131 Taksi Xidm\u0259ti\u201d MMC-nin \u201cLondon taksi\u201d xidm\u0259ti f\u0259aliyy\u0259t g\u00f6st\u0259rir.<\/p>\n\n\n\n<p>Bu taksil\u0259rin qiym\u0259tinin d\u0259 h\u0259ddind\u0259n art\u0131q baha oldu\u011fu bildirilir.<\/p>\n\n\n\n<p>\u201cBak\u0131 Taksi Xidm\u0259ti\u201dnin Prezident \u0130lham \u018fliyevin b\u00f6y\u00fck q\u0131z\u0131 Leyla \u018fliyevaya m\u0259xsus oldu\u011fu deyils\u0259 d\u0259, M\u0259hdud M\u0259suliyy\u0259tli C\u0259miyy\u0259td\u0259n bildirilib ki, b\u00fct\u00fcn paylar tamamil\u0259 d\u00f6vl\u0259t\u0259 <a href=\"https:\/\/qafqazinfo.az\/news\/detail\/baki-taksi-xidmeti-leyla-eliyevaya-mexsus-deyil-295443\">m\u0259xsusdur.<\/a><\/p>\n","protected":false},"excerpt":{"rendered":"<p>\u201cNazirl\u0259r Kabinetin\u0259 getdim, qada\u011fa g\u00f6t\u00fcr\u00fcld\u00fc, bir m\u00fcdd\u0259t sonra yenid\u0259n t\u0259tbiq &#8230; <\/p>\n<p class=\"read-more-container\"><a title=\"Taksi s\u00fcr\u00fcc\u00fcs\u00fc qanunsuz olaraq aeroporta burax\u0131lmad\u0131\u011f\u0131n\u0131 deyir, AZAL susur\" class=\"read-more button\" href=\"https:\/\/www.meydan.tv\/az\/article\/taksi-surucu-qanunsuz-olaraq-aeroporta-buraxilmadigini-deyir-azal-susur\/#more-302740\" aria-label=\"Read more about Taksi s\u00fcr\u00fcc\u00fcs\u00fc qanunsuz olaraq aeroporta burax\u0131lmad\u0131\u011f\u0131n\u0131 deyir, AZAL susur\">Davam\u0131<\/a><\/p>\n","protected":false},"author":8,"featured_media":302755,"comment_status":"closed","ping_status":"closed","sticky":false,"template":"","format":"standard","meta":{"_acf_changed":false,"_sitemap_exclude":false,"_sitemap_priority":"","_sitemap_frequency":"","footnotes":""},"categories":[62,56],"tags":[],"class_list":["post-302740","post","type-post","status-publish","format-standard","has-post-thumbnail","hentry","category-sosial","category-xeberler","infinite-scroll-item","generate-columns","tablet-grid-50","mobile-grid-100","grid-parent","grid-33","no-featured-image-padding"],"acf":[],"yoast_head":"<!-- This site is optimized with the Yoast SEO plugin v27.5 - https:\/\/yoast.com\/product\/yoast-seo-wordpress\/ -->\n<title>Taksi s\u00fcr\u00fcc\u00fcs\u00fc qanunsuz olaraq aeroporta burax\u0131lmad\u0131\u011f\u0131n\u0131 deyir, AZAL susur - MEYDAN.TV<\/title>\n<meta name=\"robots\" content=\"index, follow, max-snippet:-1, max-image-preview:large, max-video-preview:-1\" \/>\n<link rel=\"canonical\" href=\"https:\/\/www.meydan.tv\/az\/article\/taksi-surucu-qanunsuz-olaraq-aeroporta-buraxilmadigini-deyir-azal-susur\/\" \/>\n<meta property=\"og:locale\" content=\"az_AZ\" \/>\n<meta property=\"og:type\" content=\"article\" \/>\n<meta property=\"og:title\" content=\"Taksi s\u00fcr\u00fcc\u00fcs\u00fc qanunsuz olaraq aeroporta burax\u0131lmad\u0131\u011f\u0131n\u0131 deyir, AZAL susur - MEYDAN.TV\" \/>\n<meta property=\"og:description\" content=\"\u201cNazirl\u0259r Kabinetin\u0259 getdim, qada\u011fa g\u00f6t\u00fcr\u00fcld\u00fc, bir m\u00fcdd\u0259t sonra yenid\u0259n t\u0259tbiq ... Davam\u0131\" \/>\n<meta property=\"og:url\" content=\"https:\/\/www.meydan.tv\/az\/article\/taksi-surucu-qanunsuz-olaraq-aeroporta-buraxilmadigini-deyir-azal-susur\/\" \/>\n<meta property=\"og:site_name\" content=\"MEYDAN.TV\" \/>\n<meta property=\"article:published_time\" content=\"2024-04-03T14:05:20+00:00\" \/>\n<meta property=\"article:modified_time\" content=\"2024-04-03T14:05:25+00:00\" \/>\n<meta property=\"og:image\" content=\"https:\/\/www.meydan.tv\/wp-content\/uploads\/1-57.jpg\" \/>\n\t<meta property=\"og:image:width\" content=\"1200\" \/>\n\t<meta property=\"og:image:height\" content=\"675\" \/>\n\t<meta property=\"og:image:type\" content=\"image\/jpeg\" \/>\n<meta name=\"author\" content=\"elli\" \/>\n<meta name=\"twitter:card\" content=\"summary_large_image\" \/>\n<meta name=\"twitter:creator\" content=\"@elli\" \/>\n<script type=\"application\/ld+json\" class=\"yoast-schema-graph\">{\"@context\":\"https:\\\/\\\/schema.org\",\"@graph\":[{\"@type\":\"Article\",\"@id\":\"https:\\\/\\\/www.meydan.tv\\\/az\\\/article\\\/taksi-surucu-qanunsuz-olaraq-aeroporta-buraxilmadigini-deyir-azal-susur\\\/#article\",\"isPartOf\":{\"@id\":\"https:\\\/\\\/www.meydan.tv\\\/az\\\/article\\\/taksi-surucu-qanunsuz-olaraq-aeroporta-buraxilmadigini-deyir-azal-susur\\\/\"},\"author\":{\"name\":\"elli\",\"@id\":\"https:\\\/\\\/www.meydan.tv\\\/az\\\/#\\\/schema\\\/person\\\/9cdbecf90d17180ce1dfbd95b08dcf47\"},\"headline\":\"Taksi s\u00fcr\u00fcc\u00fcs\u00fc qanunsuz olaraq aeroporta burax\u0131lmad\u0131\u011f\u0131n\u0131 deyir, AZAL susur\",\"datePublished\":\"2024-04-03T14:05:20+00:00\",\"dateModified\":\"2024-04-03T14:05:25+00:00\",\"mainEntityOfPage\":{\"@id\":\"https:\\\/\\\/www.meydan.tv\\\/az\\\/article\\\/taksi-surucu-qanunsuz-olaraq-aeroporta-buraxilmadigini-deyir-azal-susur\\\/\"},\"wordCount\":815,\"publisher\":{\"@id\":\"https:\\\/\\\/www.meydan.tv\\\/az\\\/#organization\"},\"image\":{\"@id\":\"https:\\\/\\\/www.meydan.tv\\\/az\\\/article\\\/taksi-surucu-qanunsuz-olaraq-aeroporta-buraxilmadigini-deyir-azal-susur\\\/#primaryimage\"},\"thumbnailUrl\":\"https:\\\/\\\/www.meydan.tv\\\/wp-content\\\/uploads\\\/1-57.jpg\",\"articleSection\":[\"Sosial\",\"X\u0259b\u0259rl\u0259r\"],\"inLanguage\":\"az\"},{\"@type\":\"WebPage\",\"@id\":\"https:\\\/\\\/www.meydan.tv\\\/az\\\/article\\\/taksi-surucu-qanunsuz-olaraq-aeroporta-buraxilmadigini-deyir-azal-susur\\\/\",\"url\":\"https:\\\/\\\/www.meydan.tv\\\/az\\\/article\\\/taksi-surucu-qanunsuz-olaraq-aeroporta-buraxilmadigini-deyir-azal-susur\\\/\",\"name\":\"Taksi s\u00fcr\u00fcc\u00fcs\u00fc qanunsuz olaraq aeroporta burax\u0131lmad\u0131\u011f\u0131n\u0131 deyir, AZAL susur - MEYDAN.TV\",\"isPartOf\":{\"@id\":\"https:\\\/\\\/www.meydan.tv\\\/az\\\/#website\"},\"primaryImageOfPage\":{\"@id\":\"https:\\\/\\\/www.meydan.tv\\\/az\\\/article\\\/taksi-surucu-qanunsuz-olaraq-aeroporta-buraxilmadigini-deyir-azal-susur\\\/#primaryimage\"},\"image\":{\"@id\":\"https:\\\/\\\/www.meydan.tv\\\/az\\\/article\\\/taksi-surucu-qanunsuz-olaraq-aeroporta-buraxilmadigini-deyir-azal-susur\\\/#primaryimage\"},\"thumbnailUrl\":\"https:\\\/\\\/www.meydan.tv\\\/wp-content\\\/uploads\\\/1-57.jpg\",\"datePublished\":\"2024-04-03T14:05:20+00:00\",\"dateModified\":\"2024-04-03T14:05:25+00:00\",\"breadcrumb\":{\"@id\":\"https:\\\/\\\/www.meydan.tv\\\/az\\\/article\\\/taksi-surucu-qanunsuz-olaraq-aeroporta-buraxilmadigini-deyir-azal-susur\\\/#breadcrumb\"},\"inLanguage\":\"az\",\"potentialAction\":[{\"@type\":\"ReadAction\",\"target\":[\"https:\\\/\\\/www.meydan.tv\\\/az\\\/article\\\/taksi-surucu-qanunsuz-olaraq-aeroporta-buraxilmadigini-deyir-azal-susur\\\/\"]}]},{\"@type\":\"ImageObject\",\"inLanguage\":\"az\",\"@id\":\"https:\\\/\\\/www.meydan.tv\\\/az\\\/article\\\/taksi-surucu-qanunsuz-olaraq-aeroporta-buraxilmadigini-deyir-azal-susur\\\/#primaryimage\",\"url\":\"https:\\\/\\\/www.meydan.tv\\\/wp-content\\\/uploads\\\/1-57.jpg\",\"contentUrl\":\"https:\\\/\\\/www.meydan.tv\\\/wp-content\\\/uploads\\\/1-57.jpg\",\"width\":1200,\"height\":675,\"caption\":\"Ruslan Mirz\u0259yev. Foto: Meydan TV\"},{\"@type\":\"BreadcrumbList\",\"@id\":\"https:\\\/\\\/www.meydan.tv\\\/az\\\/article\\\/taksi-surucu-qanunsuz-olaraq-aeroporta-buraxilmadigini-deyir-azal-susur\\\/#breadcrumb\",\"itemListElement\":[{\"@type\":\"ListItem\",\"position\":1,\"name\":\"Ana s\u0259hif\u0259\",\"item\":\"https:\\\/\\\/www.meydan.tv\\\/az\\\/\"},{\"@type\":\"ListItem\",\"position\":2,\"name\":\"Sosial\",\"item\":\"https:\\\/\\\/www.meydan.tv\\\/az\\\/section\\\/sosial\\\/\"},{\"@type\":\"ListItem\",\"position\":3,\"name\":\"Taksi s\u00fcr\u00fcc\u00fcs\u00fc qanunsuz olaraq aeroporta burax\u0131lmad\u0131\u011f\u0131n\u0131 deyir, AZAL susur\"}]},{\"@type\":\"WebSite\",\"@id\":\"https:\\\/\\\/www.meydan.tv\\\/az\\\/#website\",\"url\":\"https:\\\/\\\/www.meydan.tv\\\/az\\\/\",\"name\":\"MEYDAN.TV\",\"description\":\"Meydan TV Az\u0259rbaycan\u0131n media m\u0259kan\u0131ndak\u0131 alternativ s\u0259sidir\",\"publisher\":{\"@id\":\"https:\\\/\\\/www.meydan.tv\\\/az\\\/#organization\"},\"potentialAction\":[{\"@type\":\"SearchAction\",\"target\":{\"@type\":\"EntryPoint\",\"urlTemplate\":\"https:\\\/\\\/www.meydan.tv\\\/az\\\/?s={search_term_string}\"},\"query-input\":{\"@type\":\"PropertyValueSpecification\",\"valueRequired\":true,\"valueName\":\"search_term_string\"}}],\"inLanguage\":\"az\"},{\"@type\":\"Organization\",\"@id\":\"https:\\\/\\\/www.meydan.tv\\\/az\\\/#organization\",\"name\":\"Meydan TV\",\"url\":\"https:\\\/\\\/www.meydan.tv\\\/az\\\/\",\"logo\":{\"@type\":\"ImageObject\",\"inLanguage\":\"az\",\"@id\":\"https:\\\/\\\/www.meydan.tv\\\/az\\\/#\\\/schema\\\/logo\\\/image\\\/\",\"url\":\"https:\\\/\\\/www.meydan.tv\\\/wp-content\\\/uploads\\\/2021\\\/07\\\/meydan-logo.svg\",\"contentUrl\":\"https:\\\/\\\/www.meydan.tv\\\/wp-content\\\/uploads\\\/2021\\\/07\\\/meydan-logo.svg\",\"width\":195,\"height\":46,\"caption\":\"Meydan TV\"},\"image\":{\"@id\":\"https:\\\/\\\/www.meydan.tv\\\/az\\\/#\\\/schema\\\/logo\\\/image\\\/\"}},{\"@type\":\"Person\",\"@id\":\"https:\\\/\\\/www.meydan.tv\\\/az\\\/#\\\/schema\\\/person\\\/9cdbecf90d17180ce1dfbd95b08dcf47\",\"name\":\"elli\",\"sameAs\":[\"https:\\\/\\\/x.com\\\/elli\"]}]}<\/script>\n<!-- \/ Yoast SEO plugin. -->","yoast_head_json":{"title":"Taksi s\u00fcr\u00fcc\u00fcs\u00fc qanunsuz olaraq aeroporta burax\u0131lmad\u0131\u011f\u0131n\u0131 deyir, AZAL susur - MEYDAN.TV","robots":{"index":"index","follow":"follow","max-snippet":"max-snippet:-1","max-image-preview":"max-image-preview:large","max-video-preview":"max-video-preview:-1"},"canonical":"https:\/\/www.meydan.tv\/az\/article\/taksi-surucu-qanunsuz-olaraq-aeroporta-buraxilmadigini-deyir-azal-susur\/","og_locale":"az_AZ","og_type":"article","og_title":"Taksi s\u00fcr\u00fcc\u00fcs\u00fc qanunsuz olaraq aeroporta burax\u0131lmad\u0131\u011f\u0131n\u0131 deyir, AZAL susur - MEYDAN.TV","og_description":"\u201cNazirl\u0259r Kabinetin\u0259 getdim, qada\u011fa g\u00f6t\u00fcr\u00fcld\u00fc, bir m\u00fcdd\u0259t sonra yenid\u0259n t\u0259tbiq ... Davam\u0131","og_url":"https:\/\/www.meydan.tv\/az\/article\/taksi-surucu-qanunsuz-olaraq-aeroporta-buraxilmadigini-deyir-azal-susur\/","og_site_name":"MEYDAN.TV","article_published_time":"2024-04-03T14:05:20+00:00","article_modified_time":"2024-04-03T14:05:25+00:00","og_image":[{"width":1200,"height":675,"url":"https:\/\/www.meydan.tv\/wp-content\/uploads\/1-57.jpg","type":"image\/jpeg"}],"author":"elli","twitter_card":"summary_large_image","twitter_creator":"@elli","schema":{"@context":"https:\/\/schema.org","@graph":[{"@type":"Article","@id":"https:\/\/www.meydan.tv\/az\/article\/taksi-surucu-qanunsuz-olaraq-aeroporta-buraxilmadigini-deyir-azal-susur\/#article","isPartOf":{"@id":"https:\/\/www.meydan.tv\/az\/article\/taksi-surucu-qanunsuz-olaraq-aeroporta-buraxilmadigini-deyir-azal-susur\/"},"author":{"name":"elli","@id":"https:\/\/www.meydan.tv\/az\/#\/schema\/person\/9cdbecf90d17180ce1dfbd95b08dcf47"},"headline":"Taksi s\u00fcr\u00fcc\u00fcs\u00fc qanunsuz olaraq aeroporta burax\u0131lmad\u0131\u011f\u0131n\u0131 deyir, AZAL susur","datePublished":"2024-04-03T14:05:20+00:00","dateModified":"2024-04-03T14:05:25+00:00","mainEntityOfPage":{"@id":"https:\/\/www.meydan.tv\/az\/article\/taksi-surucu-qanunsuz-olaraq-aeroporta-buraxilmadigini-deyir-azal-susur\/"},"wordCount":815,"publisher":{"@id":"https:\/\/www.meydan.tv\/az\/#organization"},"image":{"@id":"https:\/\/www.meydan.tv\/az\/article\/taksi-surucu-qanunsuz-olaraq-aeroporta-buraxilmadigini-deyir-azal-susur\/#primaryimage"},"thumbnailUrl":"https:\/\/www.meydan.tv\/wp-content\/uploads\/1-57.jpg","articleSection":["Sosial","X\u0259b\u0259rl\u0259r"],"inLanguage":"az"},{"@type":"WebPage","@id":"https:\/\/www.meydan.tv\/az\/article\/taksi-surucu-qanunsuz-olaraq-aeroporta-buraxilmadigini-deyir-azal-susur\/","url":"https:\/\/www.meydan.tv\/az\/article\/taksi-surucu-qanunsuz-olaraq-aeroporta-buraxilmadigini-deyir-azal-susur\/","name":"Taksi s\u00fcr\u00fcc\u00fcs\u00fc qanunsuz olaraq aeroporta burax\u0131lmad\u0131\u011f\u0131n\u0131 deyir, AZAL susur - MEYDAN.TV","isPartOf":{"@id":"https:\/\/www.meydan.tv\/az\/#website"},"primaryImageOfPage":{"@id":"https:\/\/www.meydan.tv\/az\/article\/taksi-surucu-qanunsuz-olaraq-aeroporta-buraxilmadigini-deyir-azal-susur\/#primaryimage"},"image":{"@id":"https:\/\/www.meydan.tv\/az\/article\/taksi-surucu-qanunsuz-olaraq-aeroporta-buraxilmadigini-deyir-azal-susur\/#primaryimage"},"thumbnailUrl":"https:\/\/www.meydan.tv\/wp-content\/uploads\/1-57.jpg","datePublished":"2024-04-03T14:05:20+00:00","dateModified":"2024-04-03T14:05:25+00:00","breadcrumb":{"@id":"https:\/\/www.meydan.tv\/az\/article\/taksi-surucu-qanunsuz-olaraq-aeroporta-buraxilmadigini-deyir-azal-susur\/#breadcrumb"},"inLanguage":"az","potentialAction":[{"@type":"ReadAction","target":["https:\/\/www.meydan.tv\/az\/article\/taksi-surucu-qanunsuz-olaraq-aeroporta-buraxilmadigini-deyir-azal-susur\/"]}]},{"@type":"ImageObject","inLanguage":"az","@id":"https:\/\/www.meydan.tv\/az\/article\/taksi-surucu-qanunsuz-olaraq-aeroporta-buraxilmadigini-deyir-azal-susur\/#primaryimage","url":"https:\/\/www.meydan.tv\/wp-content\/uploads\/1-57.jpg","contentUrl":"https:\/\/www.meydan.tv\/wp-content\/uploads\/1-57.jpg","width":1200,"height":675,"caption":"Ruslan Mirz\u0259yev. Foto: Meydan TV"},{"@type":"BreadcrumbList","@id":"https:\/\/www.meydan.tv\/az\/article\/taksi-surucu-qanunsuz-olaraq-aeroporta-buraxilmadigini-deyir-azal-susur\/#breadcrumb","itemListElement":[{"@type":"ListItem","position":1,"name":"Ana s\u0259hif\u0259","item":"https:\/\/www.meydan.tv\/az\/"},{"@type":"ListItem","position":2,"name":"Sosial","item":"https:\/\/www.meydan.tv\/az\/section\/sosial\/"},{"@type":"ListItem","position":3,"name":"Taksi s\u00fcr\u00fcc\u00fcs\u00fc qanunsuz olaraq aeroporta burax\u0131lmad\u0131\u011f\u0131n\u0131 deyir, AZAL susur"}]},{"@type":"WebSite","@id":"https:\/\/www.meydan.tv\/az\/#website","url":"https:\/\/www.meydan.tv\/az\/","name":"MEYDAN.TV","description":"Meydan TV Az\u0259rbaycan\u0131n media m\u0259kan\u0131ndak\u0131 alternativ s\u0259sidir","publisher":{"@id":"https:\/\/www.meydan.tv\/az\/#organization"},"potentialAction":[{"@type":"SearchAction","target":{"@type":"EntryPoint","urlTemplate":"https:\/\/www.meydan.tv\/az\/?s={search_term_string}"},"query-input":{"@type":"PropertyValueSpecification","valueRequired":true,"valueName":"search_term_string"}}],"inLanguage":"az"},{"@type":"Organization","@id":"https:\/\/www.meydan.tv\/az\/#organization","name":"Meydan TV","url":"https:\/\/www.meydan.tv\/az\/","logo":{"@type":"ImageObject","inLanguage":"az","@id":"https:\/\/www.meydan.tv\/az\/#\/schema\/logo\/image\/","url":"https:\/\/www.meydan.tv\/wp-content\/uploads\/2021\/07\/meydan-logo.svg","contentUrl":"https:\/\/www.meydan.tv\/wp-content\/uploads\/2021\/07\/meydan-logo.svg","width":195,"height":46,"caption":"Meydan TV"},"image":{"@id":"https:\/\/www.meydan.tv\/az\/#\/schema\/logo\/image\/"}},{"@type":"Person","@id":"https:\/\/www.meydan.tv\/az\/#\/schema\/person\/9cdbecf90d17180ce1dfbd95b08dcf47","name":"elli","sameAs":["https:\/\/x.com\/elli"]}]}},"_links":{"self":[{"href":"https:\/\/www.meydan.tv\/az\/wp-json\/wp\/v2\/posts\/302740","targetHints":{"allow":["GET"]}}],"collection":[{"href":"https:\/\/www.meydan.tv\/az\/wp-json\/wp\/v2\/posts"}],"about":[{"href":"https:\/\/www.meydan.tv\/az\/wp-json\/wp\/v2\/types\/post"}],"author":[{"embeddable":true,"href":"https:\/\/www.meydan.tv\/az\/wp-json\/wp\/v2\/users\/8"}],"replies":[{"embeddable":true,"href":"https:\/\/www.meydan.tv\/az\/wp-json\/wp\/v2\/comments?post=302740"}],"version-history":[{"count":4,"href":"https:\/\/www.meydan.tv\/az\/wp-json\/wp\/v2\/posts\/302740\/revisions"}],"predecessor-version":[{"id":302776,"href":"https:\/\/www.meydan.tv\/az\/wp-json\/wp\/v2\/posts\/302740\/revisions\/302776"}],"wp:featuredmedia":[{"embeddable":true,"href":"https:\/\/www.meydan.tv\/az\/wp-json\/wp\/v2\/media\/302755"}],"wp:attachment":[{"href":"https:\/\/www.meydan.tv\/az\/wp-json\/wp\/v2\/media?parent=302740"}],"wp:term":[{"taxonomy":"category","embeddable":true,"href":"https:\/\/www.meydan.tv\/az\/wp-json\/wp\/v2\/categories?post=302740"},{"taxonomy":"post_tag","embeddable":true,"href":"https:\/\/www.meydan.tv\/az\/wp-json\/wp\/v2\/tags?post=302740"}],"curies":[{"name":"wp","href":"https:\/\/api.w.org\/{rel}","templated":true}]}}