{"id":302738,"date":"2024-04-03T17:21:25","date_gmt":"2024-04-03T13:21:25","guid":{"rendered":"https:\/\/www.meydan.tv\/?p=302738"},"modified":"2024-04-03T17:21:27","modified_gmt":"2024-04-03T13:21:27","slug":"mugenninin-qetlile-bagli-mehkeme-yekunlasdi-erine-17-il-ceza-verildi","status":"publish","type":"post","link":"https:\/\/www.meydan.tv\/az\/article\/mugenninin-qetlile-bagli-mehkeme-yekunlasdi-erine-17-il-ceza-verildi\/","title":{"rendered":"M\u00fc\u011f\u0259nninin q\u0259tlil\u0259 ba\u011fl\u0131 m\u0259hk\u0259m\u0259 yekunla\u015fd\u0131: \u0259rin\u0259 17 il c\u0259za verildi"},"content":{"rendered":"\n<p><\/p>\n\n\n\n<p><strong><em>Proses \u015f\u0259xsi h\u0259yat sirl\u0259rinin olmas\u0131 s\u0259b\u0259bil\u0259 qapal\u0131 ke\u00e7irilirdi<\/em><\/strong><\/p>\n\n\n\n<p>&#8220;Yaqut N\u0259riman&#8221; kimi tan\u0131nan m\u00fc\u011f\u0259nni Yaqut H\u0259\u015fimovan\u0131n q\u0259tli il\u0259 ba\u011fl\u0131 m\u0259hk\u0259m\u0259 prosesi ba\u015fa \u00e7at\u0131b. M\u00fc\u011f\u0259nnini \u00f6ld\u00fcrm\u0259kd\u0259 ittiham olunan h\u0259yat yolda\u015f\u0131 Anar H\u0259\u015fimov 17 il azadl\u0131qdan m\u0259hrum edilib. <\/p>\n\n\n\n<p>Aprelin 3-d\u0259 Bak\u0131 A\u011f\u0131r Cinay\u0259tl\u0259r M\u0259hk\u0259m\u0259sind\u0259 ona h\u00f6km oxunub. <\/p>\n\n\n\n<p>H\u00f6km\u0259 \u0259sas\u0259n, Anar H\u0259\u015fimov Cinay\u0259t M\u0259c\u0259ll\u0259sinin 120.2.4 madd\u0259sil\u0259 &#8211; h\u0259yat yolda\u015f\u0131n\u0131 x\u00fcsusi amans\u0131zl\u0131qla q\u0259tl\u0259 yetirm\u0259kd\u0259 t\u0259qsirli bilinib. H\u00f6kmd\u0259 g\u00f6st\u0259rilib ki, o, c\u0259zas\u0131n\u0131 ciddi rejimli c\u0259za\u00e7\u0259km\u0259 m\u00fc\u0259ssis\u0259sind\u0259 \u00e7\u0259km\u0259lidir.<\/p>\n\n\n\n<p>Hadis\u0259 2023-c\u00fc il oktyabr\u0131da\u00a0 Nizami rayonu, \u015e\u0259rifli k\u00fc\u00e7\u0259sind\u0259 ba\u015f verib. \u0130ttihama \u0259sas\u0259n, 39 ya\u015fl\u0131 Anar H\u0259\u015fimov eyni zamanda, xalas\u0131 q\u0131z\u0131 olan h\u0259yat yolda\u015f\u0131 Yaqut H\u0259\u015fimovan\u0131 m\u00fcbahis\u0259 z\u0259minind\u0259 b\u0131\u00e7aqla q\u0259tl\u0259 yetirib.<\/p>\n\n\n\n<p>M\u00fc\u011f\u0259nninin q\u0259tlil\u0259 ba\u011fl\u0131 m\u0259hk\u0259m\u0259 prosesi bu i\u015fd\u0259 \u015f\u0259xsi h\u0259yata aid sirl\u0259rin olmas\u0131 \u0259sas\u0131yla qapal\u0131 ke\u00e7irilib.<\/p>\n\n\n\n<p>Anar H\u0259\u015fimovun v\u0259kili onun \u0259m\u0259lind\u0259 x\u00fcsusi amans\u0131zl\u0131q olmad\u0131\u011f\u0131n\u0131 bildirib v\u0259 ittiham\u0131n Cinay\u0259t M\u0259c\u0259ll\u0259sinin 120.1 madd\u0259sin\u0259 t\u00f6vsif olunmas\u0131n\u0131 ist\u0259yib. Bu madd\u0259d\u0259 9 ild\u0259n 14 il\u0259 q\u0259d\u0259r azadl\u0131qdan m\u0259hrumetm\u0259 c\u0259zas\u0131 n\u0259z\u0259rd\u0259 tutulub. Lakin 120.2.4 madd\u0259sinin sanksiyas\u0131nda 14 ild\u0259n 20 il\u0259 q\u0259d\u0259r v\u0259 ya \u00f6m\u00fcrl\u00fck c\u0259za m\u00fc\u0259yy\u0259nl\u0259\u015fdirilib.<\/p>\n","protected":false},"excerpt":{"rendered":"<p>Proses \u015f\u0259xsi h\u0259yat sirl\u0259rinin olmas\u0131 s\u0259b\u0259bil\u0259 qapal\u0131 ke\u00e7irilirdi &#8220;Yaqut N\u0259riman&#8221; &#8230; <\/p>\n<p class=\"read-more-container\"><a title=\"M\u00fc\u011f\u0259nninin q\u0259tlil\u0259 ba\u011fl\u0131 m\u0259hk\u0259m\u0259 yekunla\u015fd\u0131: \u0259rin\u0259 17 il c\u0259za verildi\" class=\"read-more button\" href=\"https:\/\/www.meydan.tv\/az\/article\/mugenninin-qetlile-bagli-mehkeme-yekunlasdi-erine-17-il-ceza-verildi\/#more-302738\" aria-label=\"Read more about M\u00fc\u011f\u0259nninin q\u0259tlil\u0259 ba\u011fl\u0131 m\u0259hk\u0259m\u0259 yekunla\u015fd\u0131: \u0259rin\u0259 17 il c\u0259za verildi\">Davam\u0131<\/a><\/p>\n","protected":false},"author":8,"featured_media":131384,"comment_status":"closed","ping_status":"closed","sticky":false,"template":"","format":"standard","meta":{"_acf_changed":false,"_sitemap_exclude":false,"_sitemap_priority":"","_sitemap_frequency":"","footnotes":""},"categories":[62,56],"tags":[],"class_list":["post-302738","post","type-post","status-publish","format-standard","has-post-thumbnail","hentry","category-sosial","category-xeberler","infinite-scroll-item","generate-columns","tablet-grid-50","mobile-grid-100","grid-parent","grid-33","no-featured-image-padding"],"acf":[],"yoast_head":"<!-- This site is optimized with the Yoast SEO plugin v27.5 - https:\/\/yoast.com\/product\/yoast-seo-wordpress\/ -->\n<title>M\u00fc\u011f\u0259nninin q\u0259tlil\u0259 ba\u011fl\u0131 m\u0259hk\u0259m\u0259 yekunla\u015fd\u0131: \u0259rin\u0259 17 il c\u0259za verildi - MEYDAN.TV<\/title>\n<meta name=\"robots\" content=\"index, follow, max-snippet:-1, max-image-preview:large, max-video-preview:-1\" \/>\n<link rel=\"canonical\" href=\"https:\/\/www.meydan.tv\/az\/article\/mugenninin-qetlile-bagli-mehkeme-yekunlasdi-erine-17-il-ceza-verildi\/\" \/>\n<meta property=\"og:locale\" content=\"az_AZ\" \/>\n<meta property=\"og:type\" content=\"article\" \/>\n<meta property=\"og:title\" content=\"M\u00fc\u011f\u0259nninin q\u0259tlil\u0259 ba\u011fl\u0131 m\u0259hk\u0259m\u0259 yekunla\u015fd\u0131: \u0259rin\u0259 17 il c\u0259za verildi - MEYDAN.TV\" \/>\n<meta property=\"og:description\" content=\"Proses \u015f\u0259xsi h\u0259yat sirl\u0259rinin olmas\u0131 s\u0259b\u0259bil\u0259 qapal\u0131 ke\u00e7irilirdi &#8220;Yaqut N\u0259riman&#8221; ... Davam\u0131\" \/>\n<meta property=\"og:url\" content=\"https:\/\/www.meydan.tv\/az\/article\/mugenninin-qetlile-bagli-mehkeme-yekunlasdi-erine-17-il-ceza-verildi\/\" \/>\n<meta property=\"og:site_name\" content=\"MEYDAN.TV\" \/>\n<meta property=\"article:published_time\" content=\"2024-04-03T13:21:25+00:00\" \/>\n<meta property=\"article:modified_time\" content=\"2024-04-03T13:21:27+00:00\" \/>\n<meta property=\"og:image\" content=\"https:\/\/www.meydan.tv\/wp-content\/uploads\/410827945_4j7bzkk.jpg\" \/>\n\t<meta property=\"og:image:width\" content=\"1000\" \/>\n\t<meta property=\"og:image:height\" content=\"541\" \/>\n\t<meta property=\"og:image:type\" content=\"image\/jpeg\" \/>\n<meta name=\"author\" content=\"elli\" \/>\n<meta name=\"twitter:card\" content=\"summary_large_image\" \/>\n<meta name=\"twitter:creator\" content=\"@elli\" \/>\n<script type=\"application\/ld+json\" class=\"yoast-schema-graph\">{\"@context\":\"https:\\\/\\\/schema.org\",\"@graph\":[{\"@type\":\"Article\",\"@id\":\"https:\\\/\\\/www.meydan.tv\\\/az\\\/article\\\/mugenninin-qetlile-bagli-mehkeme-yekunlasdi-erine-17-il-ceza-verildi\\\/#article\",\"isPartOf\":{\"@id\":\"https:\\\/\\\/www.meydan.tv\\\/az\\\/article\\\/mugenninin-qetlile-bagli-mehkeme-yekunlasdi-erine-17-il-ceza-verildi\\\/\"},\"author\":{\"name\":\"elli\",\"@id\":\"https:\\\/\\\/www.meydan.tv\\\/az\\\/#\\\/schema\\\/person\\\/9cdbecf90d17180ce1dfbd95b08dcf47\"},\"headline\":\"M\u00fc\u011f\u0259nninin q\u0259tlil\u0259 ba\u011fl\u0131 m\u0259hk\u0259m\u0259 yekunla\u015fd\u0131: \u0259rin\u0259 17 il c\u0259za verildi\",\"datePublished\":\"2024-04-03T13:21:25+00:00\",\"dateModified\":\"2024-04-03T13:21:27+00:00\",\"mainEntityOfPage\":{\"@id\":\"https:\\\/\\\/www.meydan.tv\\\/az\\\/article\\\/mugenninin-qetlile-bagli-mehkeme-yekunlasdi-erine-17-il-ceza-verildi\\\/\"},\"wordCount\":281,\"publisher\":{\"@id\":\"https:\\\/\\\/www.meydan.tv\\\/az\\\/#organization\"},\"image\":{\"@id\":\"https:\\\/\\\/www.meydan.tv\\\/az\\\/article\\\/mugenninin-qetlile-bagli-mehkeme-yekunlasdi-erine-17-il-ceza-verildi\\\/#primaryimage\"},\"thumbnailUrl\":\"https:\\\/\\\/www.meydan.tv\\\/wp-content\\\/uploads\\\/410827945_4j7bzkk.jpg\",\"articleSection\":[\"Sosial\",\"X\u0259b\u0259rl\u0259r\"],\"inLanguage\":\"az\"},{\"@type\":\"WebPage\",\"@id\":\"https:\\\/\\\/www.meydan.tv\\\/az\\\/article\\\/mugenninin-qetlile-bagli-mehkeme-yekunlasdi-erine-17-il-ceza-verildi\\\/\",\"url\":\"https:\\\/\\\/www.meydan.tv\\\/az\\\/article\\\/mugenninin-qetlile-bagli-mehkeme-yekunlasdi-erine-17-il-ceza-verildi\\\/\",\"name\":\"M\u00fc\u011f\u0259nninin q\u0259tlil\u0259 ba\u011fl\u0131 m\u0259hk\u0259m\u0259 yekunla\u015fd\u0131: \u0259rin\u0259 17 il c\u0259za verildi - MEYDAN.TV\",\"isPartOf\":{\"@id\":\"https:\\\/\\\/www.meydan.tv\\\/az\\\/#website\"},\"primaryImageOfPage\":{\"@id\":\"https:\\\/\\\/www.meydan.tv\\\/az\\\/article\\\/mugenninin-qetlile-bagli-mehkeme-yekunlasdi-erine-17-il-ceza-verildi\\\/#primaryimage\"},\"image\":{\"@id\":\"https:\\\/\\\/www.meydan.tv\\\/az\\\/article\\\/mugenninin-qetlile-bagli-mehkeme-yekunlasdi-erine-17-il-ceza-verildi\\\/#primaryimage\"},\"thumbnailUrl\":\"https:\\\/\\\/www.meydan.tv\\\/wp-content\\\/uploads\\\/410827945_4j7bzkk.jpg\",\"datePublished\":\"2024-04-03T13:21:25+00:00\",\"dateModified\":\"2024-04-03T13:21:27+00:00\",\"breadcrumb\":{\"@id\":\"https:\\\/\\\/www.meydan.tv\\\/az\\\/article\\\/mugenninin-qetlile-bagli-mehkeme-yekunlasdi-erine-17-il-ceza-verildi\\\/#breadcrumb\"},\"inLanguage\":\"az\",\"potentialAction\":[{\"@type\":\"ReadAction\",\"target\":[\"https:\\\/\\\/www.meydan.tv\\\/az\\\/article\\\/mugenninin-qetlile-bagli-mehkeme-yekunlasdi-erine-17-il-ceza-verildi\\\/\"]}]},{\"@type\":\"ImageObject\",\"inLanguage\":\"az\",\"@id\":\"https:\\\/\\\/www.meydan.tv\\\/az\\\/article\\\/mugenninin-qetlile-bagli-mehkeme-yekunlasdi-erine-17-il-ceza-verildi\\\/#primaryimage\",\"url\":\"https:\\\/\\\/www.meydan.tv\\\/wp-content\\\/uploads\\\/410827945_4j7bzkk.jpg\",\"contentUrl\":\"https:\\\/\\\/www.meydan.tv\\\/wp-content\\\/uploads\\\/410827945_4j7bzkk.jpg\",\"width\":1000,\"height\":541,\"caption\":\"Foto: Meydan TV\"},{\"@type\":\"BreadcrumbList\",\"@id\":\"https:\\\/\\\/www.meydan.tv\\\/az\\\/article\\\/mugenninin-qetlile-bagli-mehkeme-yekunlasdi-erine-17-il-ceza-verildi\\\/#breadcrumb\",\"itemListElement\":[{\"@type\":\"ListItem\",\"position\":1,\"name\":\"Ana s\u0259hif\u0259\",\"item\":\"https:\\\/\\\/www.meydan.tv\\\/az\\\/\"},{\"@type\":\"ListItem\",\"position\":2,\"name\":\"Sosial\",\"item\":\"https:\\\/\\\/www.meydan.tv\\\/az\\\/section\\\/sosial\\\/\"},{\"@type\":\"ListItem\",\"position\":3,\"name\":\"M\u00fc\u011f\u0259nninin q\u0259tlil\u0259 ba\u011fl\u0131 m\u0259hk\u0259m\u0259 yekunla\u015fd\u0131: \u0259rin\u0259 17 il c\u0259za verildi\"}]},{\"@type\":\"WebSite\",\"@id\":\"https:\\\/\\\/www.meydan.tv\\\/az\\\/#website\",\"url\":\"https:\\\/\\\/www.meydan.tv\\\/az\\\/\",\"name\":\"MEYDAN.TV\",\"description\":\"Meydan TV Az\u0259rbaycan\u0131n media m\u0259kan\u0131ndak\u0131 alternativ s\u0259sidir\",\"publisher\":{\"@id\":\"https:\\\/\\\/www.meydan.tv\\\/az\\\/#organization\"},\"potentialAction\":[{\"@type\":\"SearchAction\",\"target\":{\"@type\":\"EntryPoint\",\"urlTemplate\":\"https:\\\/\\\/www.meydan.tv\\\/az\\\/?s={search_term_string}\"},\"query-input\":{\"@type\":\"PropertyValueSpecification\",\"valueRequired\":true,\"valueName\":\"search_term_string\"}}],\"inLanguage\":\"az\"},{\"@type\":\"Organization\",\"@id\":\"https:\\\/\\\/www.meydan.tv\\\/az\\\/#organization\",\"name\":\"Meydan TV\",\"url\":\"https:\\\/\\\/www.meydan.tv\\\/az\\\/\",\"logo\":{\"@type\":\"ImageObject\",\"inLanguage\":\"az\",\"@id\":\"https:\\\/\\\/www.meydan.tv\\\/az\\\/#\\\/schema\\\/logo\\\/image\\\/\",\"url\":\"https:\\\/\\\/www.meydan.tv\\\/wp-content\\\/uploads\\\/2021\\\/07\\\/meydan-logo.svg\",\"contentUrl\":\"https:\\\/\\\/www.meydan.tv\\\/wp-content\\\/uploads\\\/2021\\\/07\\\/meydan-logo.svg\",\"width\":195,\"height\":46,\"caption\":\"Meydan TV\"},\"image\":{\"@id\":\"https:\\\/\\\/www.meydan.tv\\\/az\\\/#\\\/schema\\\/logo\\\/image\\\/\"}},{\"@type\":\"Person\",\"@id\":\"https:\\\/\\\/www.meydan.tv\\\/az\\\/#\\\/schema\\\/person\\\/9cdbecf90d17180ce1dfbd95b08dcf47\",\"name\":\"elli\",\"sameAs\":[\"https:\\\/\\\/x.com\\\/elli\"]}]}<\/script>\n<!-- \/ Yoast SEO plugin. -->","yoast_head_json":{"title":"M\u00fc\u011f\u0259nninin q\u0259tlil\u0259 ba\u011fl\u0131 m\u0259hk\u0259m\u0259 yekunla\u015fd\u0131: \u0259rin\u0259 17 il c\u0259za verildi - MEYDAN.TV","robots":{"index":"index","follow":"follow","max-snippet":"max-snippet:-1","max-image-preview":"max-image-preview:large","max-video-preview":"max-video-preview:-1"},"canonical":"https:\/\/www.meydan.tv\/az\/article\/mugenninin-qetlile-bagli-mehkeme-yekunlasdi-erine-17-il-ceza-verildi\/","og_locale":"az_AZ","og_type":"article","og_title":"M\u00fc\u011f\u0259nninin q\u0259tlil\u0259 ba\u011fl\u0131 m\u0259hk\u0259m\u0259 yekunla\u015fd\u0131: \u0259rin\u0259 17 il c\u0259za verildi - MEYDAN.TV","og_description":"Proses \u015f\u0259xsi h\u0259yat sirl\u0259rinin olmas\u0131 s\u0259b\u0259bil\u0259 qapal\u0131 ke\u00e7irilirdi &#8220;Yaqut N\u0259riman&#8221; ... Davam\u0131","og_url":"https:\/\/www.meydan.tv\/az\/article\/mugenninin-qetlile-bagli-mehkeme-yekunlasdi-erine-17-il-ceza-verildi\/","og_site_name":"MEYDAN.TV","article_published_time":"2024-04-03T13:21:25+00:00","article_modified_time":"2024-04-03T13:21:27+00:00","og_image":[{"width":1000,"height":541,"url":"https:\/\/www.meydan.tv\/wp-content\/uploads\/410827945_4j7bzkk.jpg","type":"image\/jpeg"}],"author":"elli","twitter_card":"summary_large_image","twitter_creator":"@elli","schema":{"@context":"https:\/\/schema.org","@graph":[{"@type":"Article","@id":"https:\/\/www.meydan.tv\/az\/article\/mugenninin-qetlile-bagli-mehkeme-yekunlasdi-erine-17-il-ceza-verildi\/#article","isPartOf":{"@id":"https:\/\/www.meydan.tv\/az\/article\/mugenninin-qetlile-bagli-mehkeme-yekunlasdi-erine-17-il-ceza-verildi\/"},"author":{"name":"elli","@id":"https:\/\/www.meydan.tv\/az\/#\/schema\/person\/9cdbecf90d17180ce1dfbd95b08dcf47"},"headline":"M\u00fc\u011f\u0259nninin q\u0259tlil\u0259 ba\u011fl\u0131 m\u0259hk\u0259m\u0259 yekunla\u015fd\u0131: \u0259rin\u0259 17 il c\u0259za verildi","datePublished":"2024-04-03T13:21:25+00:00","dateModified":"2024-04-03T13:21:27+00:00","mainEntityOfPage":{"@id":"https:\/\/www.meydan.tv\/az\/article\/mugenninin-qetlile-bagli-mehkeme-yekunlasdi-erine-17-il-ceza-verildi\/"},"wordCount":281,"publisher":{"@id":"https:\/\/www.meydan.tv\/az\/#organization"},"image":{"@id":"https:\/\/www.meydan.tv\/az\/article\/mugenninin-qetlile-bagli-mehkeme-yekunlasdi-erine-17-il-ceza-verildi\/#primaryimage"},"thumbnailUrl":"https:\/\/www.meydan.tv\/wp-content\/uploads\/410827945_4j7bzkk.jpg","articleSection":["Sosial","X\u0259b\u0259rl\u0259r"],"inLanguage":"az"},{"@type":"WebPage","@id":"https:\/\/www.meydan.tv\/az\/article\/mugenninin-qetlile-bagli-mehkeme-yekunlasdi-erine-17-il-ceza-verildi\/","url":"https:\/\/www.meydan.tv\/az\/article\/mugenninin-qetlile-bagli-mehkeme-yekunlasdi-erine-17-il-ceza-verildi\/","name":"M\u00fc\u011f\u0259nninin q\u0259tlil\u0259 ba\u011fl\u0131 m\u0259hk\u0259m\u0259 yekunla\u015fd\u0131: \u0259rin\u0259 17 il c\u0259za verildi - MEYDAN.TV","isPartOf":{"@id":"https:\/\/www.meydan.tv\/az\/#website"},"primaryImageOfPage":{"@id":"https:\/\/www.meydan.tv\/az\/article\/mugenninin-qetlile-bagli-mehkeme-yekunlasdi-erine-17-il-ceza-verildi\/#primaryimage"},"image":{"@id":"https:\/\/www.meydan.tv\/az\/article\/mugenninin-qetlile-bagli-mehkeme-yekunlasdi-erine-17-il-ceza-verildi\/#primaryimage"},"thumbnailUrl":"https:\/\/www.meydan.tv\/wp-content\/uploads\/410827945_4j7bzkk.jpg","datePublished":"2024-04-03T13:21:25+00:00","dateModified":"2024-04-03T13:21:27+00:00","breadcrumb":{"@id":"https:\/\/www.meydan.tv\/az\/article\/mugenninin-qetlile-bagli-mehkeme-yekunlasdi-erine-17-il-ceza-verildi\/#breadcrumb"},"inLanguage":"az","potentialAction":[{"@type":"ReadAction","target":["https:\/\/www.meydan.tv\/az\/article\/mugenninin-qetlile-bagli-mehkeme-yekunlasdi-erine-17-il-ceza-verildi\/"]}]},{"@type":"ImageObject","inLanguage":"az","@id":"https:\/\/www.meydan.tv\/az\/article\/mugenninin-qetlile-bagli-mehkeme-yekunlasdi-erine-17-il-ceza-verildi\/#primaryimage","url":"https:\/\/www.meydan.tv\/wp-content\/uploads\/410827945_4j7bzkk.jpg","contentUrl":"https:\/\/www.meydan.tv\/wp-content\/uploads\/410827945_4j7bzkk.jpg","width":1000,"height":541,"caption":"Foto: Meydan TV"},{"@type":"BreadcrumbList","@id":"https:\/\/www.meydan.tv\/az\/article\/mugenninin-qetlile-bagli-mehkeme-yekunlasdi-erine-17-il-ceza-verildi\/#breadcrumb","itemListElement":[{"@type":"ListItem","position":1,"name":"Ana s\u0259hif\u0259","item":"https:\/\/www.meydan.tv\/az\/"},{"@type":"ListItem","position":2,"name":"Sosial","item":"https:\/\/www.meydan.tv\/az\/section\/sosial\/"},{"@type":"ListItem","position":3,"name":"M\u00fc\u011f\u0259nninin q\u0259tlil\u0259 ba\u011fl\u0131 m\u0259hk\u0259m\u0259 yekunla\u015fd\u0131: \u0259rin\u0259 17 il c\u0259za verildi"}]},{"@type":"WebSite","@id":"https:\/\/www.meydan.tv\/az\/#website","url":"https:\/\/www.meydan.tv\/az\/","name":"MEYDAN.TV","description":"Meydan TV Az\u0259rbaycan\u0131n media m\u0259kan\u0131ndak\u0131 alternativ s\u0259sidir","publisher":{"@id":"https:\/\/www.meydan.tv\/az\/#organization"},"potentialAction":[{"@type":"SearchAction","target":{"@type":"EntryPoint","urlTemplate":"https:\/\/www.meydan.tv\/az\/?s={search_term_string}"},"query-input":{"@type":"PropertyValueSpecification","valueRequired":true,"valueName":"search_term_string"}}],"inLanguage":"az"},{"@type":"Organization","@id":"https:\/\/www.meydan.tv\/az\/#organization","name":"Meydan TV","url":"https:\/\/www.meydan.tv\/az\/","logo":{"@type":"ImageObject","inLanguage":"az","@id":"https:\/\/www.meydan.tv\/az\/#\/schema\/logo\/image\/","url":"https:\/\/www.meydan.tv\/wp-content\/uploads\/2021\/07\/meydan-logo.svg","contentUrl":"https:\/\/www.meydan.tv\/wp-content\/uploads\/2021\/07\/meydan-logo.svg","width":195,"height":46,"caption":"Meydan TV"},"image":{"@id":"https:\/\/www.meydan.tv\/az\/#\/schema\/logo\/image\/"}},{"@type":"Person","@id":"https:\/\/www.meydan.tv\/az\/#\/schema\/person\/9cdbecf90d17180ce1dfbd95b08dcf47","name":"elli","sameAs":["https:\/\/x.com\/elli"]}]}},"_links":{"self":[{"href":"https:\/\/www.meydan.tv\/az\/wp-json\/wp\/v2\/posts\/302738","targetHints":{"allow":["GET"]}}],"collection":[{"href":"https:\/\/www.meydan.tv\/az\/wp-json\/wp\/v2\/posts"}],"about":[{"href":"https:\/\/www.meydan.tv\/az\/wp-json\/wp\/v2\/types\/post"}],"author":[{"embeddable":true,"href":"https:\/\/www.meydan.tv\/az\/wp-json\/wp\/v2\/users\/8"}],"replies":[{"embeddable":true,"href":"https:\/\/www.meydan.tv\/az\/wp-json\/wp\/v2\/comments?post=302738"}],"version-history":[{"count":1,"href":"https:\/\/www.meydan.tv\/az\/wp-json\/wp\/v2\/posts\/302738\/revisions"}],"predecessor-version":[{"id":302739,"href":"https:\/\/www.meydan.tv\/az\/wp-json\/wp\/v2\/posts\/302738\/revisions\/302739"}],"wp:featuredmedia":[{"embeddable":true,"href":"https:\/\/www.meydan.tv\/az\/wp-json\/wp\/v2\/media\/131384"}],"wp:attachment":[{"href":"https:\/\/www.meydan.tv\/az\/wp-json\/wp\/v2\/media?parent=302738"}],"wp:term":[{"taxonomy":"category","embeddable":true,"href":"https:\/\/www.meydan.tv\/az\/wp-json\/wp\/v2\/categories?post=302738"},{"taxonomy":"post_tag","embeddable":true,"href":"https:\/\/www.meydan.tv\/az\/wp-json\/wp\/v2\/tags?post=302738"}],"curies":[{"name":"wp","href":"https:\/\/api.w.org\/{rel}","templated":true}]}}