{"id":302665,"date":"2024-04-02T21:41:56","date_gmt":"2024-04-02T17:41:56","guid":{"rendered":"https:\/\/www.meydan.tv\/?p=302665"},"modified":"2024-04-02T21:41:59","modified_gmt":"2024-04-02T17:41:59","slug":"bakida-qatarlarin-ustune-sekil-ceken-ecnebi-hebs-olunub","status":"publish","type":"post","link":"https:\/\/www.meydan.tv\/az\/article\/bakida-qatarlarin-ustune-sekil-ceken-ecnebi-hebs-olunub\/","title":{"rendered":"Bak\u0131da qatarlar\u0131n \u00fcst\u00fcn\u0259 \u015f\u0259kil \u00e7\u0259k\u0259n \u0259cn\u0259bi h\u0259bs olunub"},"content":{"rendered":"\n<p><\/p>\n\n\n\n<p><em><strong>Turistl\u0259r d\u00f6vl\u0259t \u0259mlak\u0131na q\u0259sd\u0259n ziyan vurmaqda ittiham edilirl\u0259r<\/strong><\/em><\/p>\n\n\n\n<p>\u201cBak\u0131 Metropoliteni\u201dnin deposunda qatarlar\u0131 boyamaqda \u2013 onlar\u0131n \u00fcst\u00fcn\u0259 \u015f\u0259kil \u00e7\u0259km\u0259kd\u0259 ittiham edil\u0259n Fransa v\u0259t\u0259nda\u015f\u0131 Clerc Theqo Huqo h\u0259bs olunub. Daxili \u0130\u015fl\u0259r Nazirliyinin (D\u0130N) m\u0259tbuat xidm\u0259tind\u0259n veril\u0259n m\u0259lumata g\u00f6r\u0259, onun bar\u0259sind\u0259 3 ayl\u0131q h\u0259bs q\u0259timkan t\u0259dbiri se\u00e7ilib. O, d\u00f6vl\u0259t \u0259mlak\u0131na q\u0259sd\u0259n ziyan vurmaqda ittiham olunur.<\/p>\n\n\n\n<p>Onunla yana\u015f\u0131, daha iki \u0259cn\u0259bi &#8211; Avstraliya v\u0259t\u0259nda\u015f\u0131 P.Han Paul v\u0259 Yeni Zelandiya v\u0259t\u0259nda\u015f\u0131 \u0130smael De Saint Quent d\u0259 eyni ittihamla cinay\u0259t m\u0259suliyy\u0259tin\u0259 c\u0259lb olunub. Lakin istintaq d\u00f6vr\u00fc \u00fc\u00e7\u00fcn onlar\u0131n bar\u0259sind\u0259 h\u0259bsl\u0259 ba\u011fl\u0131 olmayan q\u0259timkan t\u0259dbiri se\u00e7ilib.<\/p>\n\n\n\n<p>T\u0259qsirl\u0259ndiril\u0259n xarici v\u0259t\u0259nda\u015flar\u0131n mart\u0131n 30-da gec\u0259 saatlar\u0131nda metro qatarlar\u0131n\u0131n dayand\u0131\u011f\u0131 depoya gizli daxil olub, bir ne\u00e7\u0259 vaqonu boyad\u0131qlar\u0131 v\u0259 bununla da d\u00f6vl\u0259t \u0259mlak\u0131na ziyan vurduqlar\u0131 iddia olunur.<\/p>\n\n\n\n<p>Daxili \u0130\u015fl\u0259r Nazirliyi bir ne\u00e7\u0259 qatar\u0131n \u00fcst\u00fcn\u0259 \u015f\u0259kil \u00e7\u0259kilm\u0259si n\u0259tic\u0259sind\u0259 d\u0259ymi\u015f ziyan\u0131n m\u0259bl\u0259\u011finin 4850 manat oldu\u011funu a\u00e7\u0131qlay\u0131b.<\/p>\n\n\n\n<p>Cinay\u0259t m\u0259suliyy\u0259tin\u0259 c\u0259lb olunan Fransa, Avstraliya v\u0259 Yeni Zelandiyadan olan 3 n\u0259f\u0259rin Az\u0259rbaycana turist kimi g\u0259ldiyi bildirilir.<\/p>\n\n\n\n<p>T\u0259qsirl\u0259ndiril\u0259n \u015f\u0259xsl\u0259rin ittihama m\u00fcnasib\u0259ti m\u0259lum deyil.<\/p>\n","protected":false},"excerpt":{"rendered":"<p>Turistl\u0259r d\u00f6vl\u0259t \u0259mlak\u0131na q\u0259sd\u0259n ziyan vurmaqda ittiham edilirl\u0259r \u201cBak\u0131 Metropoliteni\u201dnin &#8230; <\/p>\n<p class=\"read-more-container\"><a title=\"Bak\u0131da qatarlar\u0131n \u00fcst\u00fcn\u0259 \u015f\u0259kil \u00e7\u0259k\u0259n \u0259cn\u0259bi h\u0259bs olunub\" class=\"read-more button\" href=\"https:\/\/www.meydan.tv\/az\/article\/bakida-qatarlarin-ustune-sekil-ceken-ecnebi-hebs-olunub\/#more-302665\" aria-label=\"Read more about Bak\u0131da qatarlar\u0131n \u00fcst\u00fcn\u0259 \u015f\u0259kil \u00e7\u0259k\u0259n \u0259cn\u0259bi h\u0259bs olunub\">Davam\u0131<\/a><\/p>\n","protected":false},"author":8,"featured_media":302662,"comment_status":"closed","ping_status":"closed","sticky":false,"template":"","format":"standard","meta":{"_acf_changed":false,"_sitemap_exclude":false,"_sitemap_priority":"","_sitemap_frequency":"","footnotes":""},"categories":[62,56],"tags":[],"class_list":["post-302665","post","type-post","status-publish","format-standard","has-post-thumbnail","hentry","category-sosial","category-xeberler","infinite-scroll-item","generate-columns","tablet-grid-50","mobile-grid-100","grid-parent","grid-33","no-featured-image-padding"],"acf":[],"yoast_head":"<!-- This site is optimized with the Yoast SEO plugin v27.5 - https:\/\/yoast.com\/product\/yoast-seo-wordpress\/ -->\n<title>Bak\u0131da qatarlar\u0131n \u00fcst\u00fcn\u0259 \u015f\u0259kil \u00e7\u0259k\u0259n \u0259cn\u0259bi h\u0259bs olunub - MEYDAN.TV<\/title>\n<meta name=\"robots\" content=\"index, follow, max-snippet:-1, max-image-preview:large, max-video-preview:-1\" \/>\n<link rel=\"canonical\" href=\"https:\/\/www.meydan.tv\/az\/article\/bakida-qatarlarin-ustune-sekil-ceken-ecnebi-hebs-olunub\/\" \/>\n<meta property=\"og:locale\" content=\"az_AZ\" \/>\n<meta property=\"og:type\" content=\"article\" \/>\n<meta property=\"og:title\" content=\"Bak\u0131da qatarlar\u0131n \u00fcst\u00fcn\u0259 \u015f\u0259kil \u00e7\u0259k\u0259n \u0259cn\u0259bi h\u0259bs olunub - MEYDAN.TV\" \/>\n<meta property=\"og:description\" content=\"Turistl\u0259r d\u00f6vl\u0259t \u0259mlak\u0131na q\u0259sd\u0259n ziyan vurmaqda ittiham edilirl\u0259r \u201cBak\u0131 Metropoliteni\u201dnin ... Davam\u0131\" \/>\n<meta property=\"og:url\" content=\"https:\/\/www.meydan.tv\/az\/article\/bakida-qatarlarin-ustune-sekil-ceken-ecnebi-hebs-olunub\/\" \/>\n<meta property=\"og:site_name\" content=\"MEYDAN.TV\" \/>\n<meta property=\"article:published_time\" content=\"2024-04-02T17:41:56+00:00\" \/>\n<meta property=\"article:modified_time\" content=\"2024-04-02T17:41:59+00:00\" \/>\n<meta property=\"og:image\" content=\"https:\/\/www.meydan.tv\/wp-content\/uploads\/whatsapp-image-2024-04-02-at-20.46.24_eb4b22ab.jpg\" \/>\n\t<meta property=\"og:image:width\" content=\"1200\" \/>\n\t<meta property=\"og:image:height\" content=\"675\" \/>\n\t<meta property=\"og:image:type\" content=\"image\/jpeg\" \/>\n<meta name=\"author\" content=\"elli\" \/>\n<meta name=\"twitter:card\" content=\"summary_large_image\" \/>\n<meta name=\"twitter:creator\" content=\"@elli\" \/>\n<script type=\"application\/ld+json\" class=\"yoast-schema-graph\">{\"@context\":\"https:\\\/\\\/schema.org\",\"@graph\":[{\"@type\":\"Article\",\"@id\":\"https:\\\/\\\/www.meydan.tv\\\/az\\\/article\\\/bakida-qatarlarin-ustune-sekil-ceken-ecnebi-hebs-olunub\\\/#article\",\"isPartOf\":{\"@id\":\"https:\\\/\\\/www.meydan.tv\\\/az\\\/article\\\/bakida-qatarlarin-ustune-sekil-ceken-ecnebi-hebs-olunub\\\/\"},\"author\":{\"name\":\"elli\",\"@id\":\"https:\\\/\\\/www.meydan.tv\\\/az\\\/#\\\/schema\\\/person\\\/9cdbecf90d17180ce1dfbd95b08dcf47\"},\"headline\":\"Bak\u0131da qatarlar\u0131n \u00fcst\u00fcn\u0259 \u015f\u0259kil \u00e7\u0259k\u0259n \u0259cn\u0259bi h\u0259bs olunub\",\"datePublished\":\"2024-04-02T17:41:56+00:00\",\"dateModified\":\"2024-04-02T17:41:59+00:00\",\"mainEntityOfPage\":{\"@id\":\"https:\\\/\\\/www.meydan.tv\\\/az\\\/article\\\/bakida-qatarlarin-ustune-sekil-ceken-ecnebi-hebs-olunub\\\/\"},\"wordCount\":261,\"publisher\":{\"@id\":\"https:\\\/\\\/www.meydan.tv\\\/az\\\/#organization\"},\"image\":{\"@id\":\"https:\\\/\\\/www.meydan.tv\\\/az\\\/article\\\/bakida-qatarlarin-ustune-sekil-ceken-ecnebi-hebs-olunub\\\/#primaryimage\"},\"thumbnailUrl\":\"https:\\\/\\\/www.meydan.tv\\\/wp-content\\\/uploads\\\/whatsapp-image-2024-04-02-at-20.46.24_eb4b22ab.jpg\",\"articleSection\":[\"Sosial\",\"X\u0259b\u0259rl\u0259r\"],\"inLanguage\":\"az\"},{\"@type\":\"WebPage\",\"@id\":\"https:\\\/\\\/www.meydan.tv\\\/az\\\/article\\\/bakida-qatarlarin-ustune-sekil-ceken-ecnebi-hebs-olunub\\\/\",\"url\":\"https:\\\/\\\/www.meydan.tv\\\/az\\\/article\\\/bakida-qatarlarin-ustune-sekil-ceken-ecnebi-hebs-olunub\\\/\",\"name\":\"Bak\u0131da qatarlar\u0131n \u00fcst\u00fcn\u0259 \u015f\u0259kil \u00e7\u0259k\u0259n \u0259cn\u0259bi h\u0259bs olunub - MEYDAN.TV\",\"isPartOf\":{\"@id\":\"https:\\\/\\\/www.meydan.tv\\\/az\\\/#website\"},\"primaryImageOfPage\":{\"@id\":\"https:\\\/\\\/www.meydan.tv\\\/az\\\/article\\\/bakida-qatarlarin-ustune-sekil-ceken-ecnebi-hebs-olunub\\\/#primaryimage\"},\"image\":{\"@id\":\"https:\\\/\\\/www.meydan.tv\\\/az\\\/article\\\/bakida-qatarlarin-ustune-sekil-ceken-ecnebi-hebs-olunub\\\/#primaryimage\"},\"thumbnailUrl\":\"https:\\\/\\\/www.meydan.tv\\\/wp-content\\\/uploads\\\/whatsapp-image-2024-04-02-at-20.46.24_eb4b22ab.jpg\",\"datePublished\":\"2024-04-02T17:41:56+00:00\",\"dateModified\":\"2024-04-02T17:41:59+00:00\",\"breadcrumb\":{\"@id\":\"https:\\\/\\\/www.meydan.tv\\\/az\\\/article\\\/bakida-qatarlarin-ustune-sekil-ceken-ecnebi-hebs-olunub\\\/#breadcrumb\"},\"inLanguage\":\"az\",\"potentialAction\":[{\"@type\":\"ReadAction\",\"target\":[\"https:\\\/\\\/www.meydan.tv\\\/az\\\/article\\\/bakida-qatarlarin-ustune-sekil-ceken-ecnebi-hebs-olunub\\\/\"]}]},{\"@type\":\"ImageObject\",\"inLanguage\":\"az\",\"@id\":\"https:\\\/\\\/www.meydan.tv\\\/az\\\/article\\\/bakida-qatarlarin-ustune-sekil-ceken-ecnebi-hebs-olunub\\\/#primaryimage\",\"url\":\"https:\\\/\\\/www.meydan.tv\\\/wp-content\\\/uploads\\\/whatsapp-image-2024-04-02-at-20.46.24_eb4b22ab.jpg\",\"contentUrl\":\"https:\\\/\\\/www.meydan.tv\\\/wp-content\\\/uploads\\\/whatsapp-image-2024-04-02-at-20.46.24_eb4b22ab.jpg\",\"width\":1200,\"height\":675,\"caption\":\"Foto: D\u0130N\"},{\"@type\":\"BreadcrumbList\",\"@id\":\"https:\\\/\\\/www.meydan.tv\\\/az\\\/article\\\/bakida-qatarlarin-ustune-sekil-ceken-ecnebi-hebs-olunub\\\/#breadcrumb\",\"itemListElement\":[{\"@type\":\"ListItem\",\"position\":1,\"name\":\"Ana s\u0259hif\u0259\",\"item\":\"https:\\\/\\\/www.meydan.tv\\\/az\\\/\"},{\"@type\":\"ListItem\",\"position\":2,\"name\":\"Sosial\",\"item\":\"https:\\\/\\\/www.meydan.tv\\\/az\\\/section\\\/sosial\\\/\"},{\"@type\":\"ListItem\",\"position\":3,\"name\":\"Bak\u0131da qatarlar\u0131n \u00fcst\u00fcn\u0259 \u015f\u0259kil \u00e7\u0259k\u0259n \u0259cn\u0259bi h\u0259bs olunub\"}]},{\"@type\":\"WebSite\",\"@id\":\"https:\\\/\\\/www.meydan.tv\\\/az\\\/#website\",\"url\":\"https:\\\/\\\/www.meydan.tv\\\/az\\\/\",\"name\":\"MEYDAN.TV\",\"description\":\"Meydan TV Az\u0259rbaycan\u0131n media m\u0259kan\u0131ndak\u0131 alternativ s\u0259sidir\",\"publisher\":{\"@id\":\"https:\\\/\\\/www.meydan.tv\\\/az\\\/#organization\"},\"potentialAction\":[{\"@type\":\"SearchAction\",\"target\":{\"@type\":\"EntryPoint\",\"urlTemplate\":\"https:\\\/\\\/www.meydan.tv\\\/az\\\/?s={search_term_string}\"},\"query-input\":{\"@type\":\"PropertyValueSpecification\",\"valueRequired\":true,\"valueName\":\"search_term_string\"}}],\"inLanguage\":\"az\"},{\"@type\":\"Organization\",\"@id\":\"https:\\\/\\\/www.meydan.tv\\\/az\\\/#organization\",\"name\":\"Meydan TV\",\"url\":\"https:\\\/\\\/www.meydan.tv\\\/az\\\/\",\"logo\":{\"@type\":\"ImageObject\",\"inLanguage\":\"az\",\"@id\":\"https:\\\/\\\/www.meydan.tv\\\/az\\\/#\\\/schema\\\/logo\\\/image\\\/\",\"url\":\"https:\\\/\\\/www.meydan.tv\\\/wp-content\\\/uploads\\\/2021\\\/07\\\/meydan-logo.svg\",\"contentUrl\":\"https:\\\/\\\/www.meydan.tv\\\/wp-content\\\/uploads\\\/2021\\\/07\\\/meydan-logo.svg\",\"width\":195,\"height\":46,\"caption\":\"Meydan TV\"},\"image\":{\"@id\":\"https:\\\/\\\/www.meydan.tv\\\/az\\\/#\\\/schema\\\/logo\\\/image\\\/\"}},{\"@type\":\"Person\",\"@id\":\"https:\\\/\\\/www.meydan.tv\\\/az\\\/#\\\/schema\\\/person\\\/9cdbecf90d17180ce1dfbd95b08dcf47\",\"name\":\"elli\",\"sameAs\":[\"https:\\\/\\\/x.com\\\/elli\"]}]}<\/script>\n<!-- \/ Yoast SEO plugin. -->","yoast_head_json":{"title":"Bak\u0131da qatarlar\u0131n \u00fcst\u00fcn\u0259 \u015f\u0259kil \u00e7\u0259k\u0259n \u0259cn\u0259bi h\u0259bs olunub - MEYDAN.TV","robots":{"index":"index","follow":"follow","max-snippet":"max-snippet:-1","max-image-preview":"max-image-preview:large","max-video-preview":"max-video-preview:-1"},"canonical":"https:\/\/www.meydan.tv\/az\/article\/bakida-qatarlarin-ustune-sekil-ceken-ecnebi-hebs-olunub\/","og_locale":"az_AZ","og_type":"article","og_title":"Bak\u0131da qatarlar\u0131n \u00fcst\u00fcn\u0259 \u015f\u0259kil \u00e7\u0259k\u0259n \u0259cn\u0259bi h\u0259bs olunub - MEYDAN.TV","og_description":"Turistl\u0259r d\u00f6vl\u0259t \u0259mlak\u0131na q\u0259sd\u0259n ziyan vurmaqda ittiham edilirl\u0259r \u201cBak\u0131 Metropoliteni\u201dnin ... Davam\u0131","og_url":"https:\/\/www.meydan.tv\/az\/article\/bakida-qatarlarin-ustune-sekil-ceken-ecnebi-hebs-olunub\/","og_site_name":"MEYDAN.TV","article_published_time":"2024-04-02T17:41:56+00:00","article_modified_time":"2024-04-02T17:41:59+00:00","og_image":[{"width":1200,"height":675,"url":"https:\/\/www.meydan.tv\/wp-content\/uploads\/whatsapp-image-2024-04-02-at-20.46.24_eb4b22ab.jpg","type":"image\/jpeg"}],"author":"elli","twitter_card":"summary_large_image","twitter_creator":"@elli","schema":{"@context":"https:\/\/schema.org","@graph":[{"@type":"Article","@id":"https:\/\/www.meydan.tv\/az\/article\/bakida-qatarlarin-ustune-sekil-ceken-ecnebi-hebs-olunub\/#article","isPartOf":{"@id":"https:\/\/www.meydan.tv\/az\/article\/bakida-qatarlarin-ustune-sekil-ceken-ecnebi-hebs-olunub\/"},"author":{"name":"elli","@id":"https:\/\/www.meydan.tv\/az\/#\/schema\/person\/9cdbecf90d17180ce1dfbd95b08dcf47"},"headline":"Bak\u0131da qatarlar\u0131n \u00fcst\u00fcn\u0259 \u015f\u0259kil \u00e7\u0259k\u0259n \u0259cn\u0259bi h\u0259bs olunub","datePublished":"2024-04-02T17:41:56+00:00","dateModified":"2024-04-02T17:41:59+00:00","mainEntityOfPage":{"@id":"https:\/\/www.meydan.tv\/az\/article\/bakida-qatarlarin-ustune-sekil-ceken-ecnebi-hebs-olunub\/"},"wordCount":261,"publisher":{"@id":"https:\/\/www.meydan.tv\/az\/#organization"},"image":{"@id":"https:\/\/www.meydan.tv\/az\/article\/bakida-qatarlarin-ustune-sekil-ceken-ecnebi-hebs-olunub\/#primaryimage"},"thumbnailUrl":"https:\/\/www.meydan.tv\/wp-content\/uploads\/whatsapp-image-2024-04-02-at-20.46.24_eb4b22ab.jpg","articleSection":["Sosial","X\u0259b\u0259rl\u0259r"],"inLanguage":"az"},{"@type":"WebPage","@id":"https:\/\/www.meydan.tv\/az\/article\/bakida-qatarlarin-ustune-sekil-ceken-ecnebi-hebs-olunub\/","url":"https:\/\/www.meydan.tv\/az\/article\/bakida-qatarlarin-ustune-sekil-ceken-ecnebi-hebs-olunub\/","name":"Bak\u0131da qatarlar\u0131n \u00fcst\u00fcn\u0259 \u015f\u0259kil \u00e7\u0259k\u0259n \u0259cn\u0259bi h\u0259bs olunub - MEYDAN.TV","isPartOf":{"@id":"https:\/\/www.meydan.tv\/az\/#website"},"primaryImageOfPage":{"@id":"https:\/\/www.meydan.tv\/az\/article\/bakida-qatarlarin-ustune-sekil-ceken-ecnebi-hebs-olunub\/#primaryimage"},"image":{"@id":"https:\/\/www.meydan.tv\/az\/article\/bakida-qatarlarin-ustune-sekil-ceken-ecnebi-hebs-olunub\/#primaryimage"},"thumbnailUrl":"https:\/\/www.meydan.tv\/wp-content\/uploads\/whatsapp-image-2024-04-02-at-20.46.24_eb4b22ab.jpg","datePublished":"2024-04-02T17:41:56+00:00","dateModified":"2024-04-02T17:41:59+00:00","breadcrumb":{"@id":"https:\/\/www.meydan.tv\/az\/article\/bakida-qatarlarin-ustune-sekil-ceken-ecnebi-hebs-olunub\/#breadcrumb"},"inLanguage":"az","potentialAction":[{"@type":"ReadAction","target":["https:\/\/www.meydan.tv\/az\/article\/bakida-qatarlarin-ustune-sekil-ceken-ecnebi-hebs-olunub\/"]}]},{"@type":"ImageObject","inLanguage":"az","@id":"https:\/\/www.meydan.tv\/az\/article\/bakida-qatarlarin-ustune-sekil-ceken-ecnebi-hebs-olunub\/#primaryimage","url":"https:\/\/www.meydan.tv\/wp-content\/uploads\/whatsapp-image-2024-04-02-at-20.46.24_eb4b22ab.jpg","contentUrl":"https:\/\/www.meydan.tv\/wp-content\/uploads\/whatsapp-image-2024-04-02-at-20.46.24_eb4b22ab.jpg","width":1200,"height":675,"caption":"Foto: D\u0130N"},{"@type":"BreadcrumbList","@id":"https:\/\/www.meydan.tv\/az\/article\/bakida-qatarlarin-ustune-sekil-ceken-ecnebi-hebs-olunub\/#breadcrumb","itemListElement":[{"@type":"ListItem","position":1,"name":"Ana s\u0259hif\u0259","item":"https:\/\/www.meydan.tv\/az\/"},{"@type":"ListItem","position":2,"name":"Sosial","item":"https:\/\/www.meydan.tv\/az\/section\/sosial\/"},{"@type":"ListItem","position":3,"name":"Bak\u0131da qatarlar\u0131n \u00fcst\u00fcn\u0259 \u015f\u0259kil \u00e7\u0259k\u0259n \u0259cn\u0259bi h\u0259bs olunub"}]},{"@type":"WebSite","@id":"https:\/\/www.meydan.tv\/az\/#website","url":"https:\/\/www.meydan.tv\/az\/","name":"MEYDAN.TV","description":"Meydan TV Az\u0259rbaycan\u0131n media m\u0259kan\u0131ndak\u0131 alternativ s\u0259sidir","publisher":{"@id":"https:\/\/www.meydan.tv\/az\/#organization"},"potentialAction":[{"@type":"SearchAction","target":{"@type":"EntryPoint","urlTemplate":"https:\/\/www.meydan.tv\/az\/?s={search_term_string}"},"query-input":{"@type":"PropertyValueSpecification","valueRequired":true,"valueName":"search_term_string"}}],"inLanguage":"az"},{"@type":"Organization","@id":"https:\/\/www.meydan.tv\/az\/#organization","name":"Meydan TV","url":"https:\/\/www.meydan.tv\/az\/","logo":{"@type":"ImageObject","inLanguage":"az","@id":"https:\/\/www.meydan.tv\/az\/#\/schema\/logo\/image\/","url":"https:\/\/www.meydan.tv\/wp-content\/uploads\/2021\/07\/meydan-logo.svg","contentUrl":"https:\/\/www.meydan.tv\/wp-content\/uploads\/2021\/07\/meydan-logo.svg","width":195,"height":46,"caption":"Meydan TV"},"image":{"@id":"https:\/\/www.meydan.tv\/az\/#\/schema\/logo\/image\/"}},{"@type":"Person","@id":"https:\/\/www.meydan.tv\/az\/#\/schema\/person\/9cdbecf90d17180ce1dfbd95b08dcf47","name":"elli","sameAs":["https:\/\/x.com\/elli"]}]}},"_links":{"self":[{"href":"https:\/\/www.meydan.tv\/az\/wp-json\/wp\/v2\/posts\/302665","targetHints":{"allow":["GET"]}}],"collection":[{"href":"https:\/\/www.meydan.tv\/az\/wp-json\/wp\/v2\/posts"}],"about":[{"href":"https:\/\/www.meydan.tv\/az\/wp-json\/wp\/v2\/types\/post"}],"author":[{"embeddable":true,"href":"https:\/\/www.meydan.tv\/az\/wp-json\/wp\/v2\/users\/8"}],"replies":[{"embeddable":true,"href":"https:\/\/www.meydan.tv\/az\/wp-json\/wp\/v2\/comments?post=302665"}],"version-history":[{"count":1,"href":"https:\/\/www.meydan.tv\/az\/wp-json\/wp\/v2\/posts\/302665\/revisions"}],"predecessor-version":[{"id":302666,"href":"https:\/\/www.meydan.tv\/az\/wp-json\/wp\/v2\/posts\/302665\/revisions\/302666"}],"wp:featuredmedia":[{"embeddable":true,"href":"https:\/\/www.meydan.tv\/az\/wp-json\/wp\/v2\/media\/302662"}],"wp:attachment":[{"href":"https:\/\/www.meydan.tv\/az\/wp-json\/wp\/v2\/media?parent=302665"}],"wp:term":[{"taxonomy":"category","embeddable":true,"href":"https:\/\/www.meydan.tv\/az\/wp-json\/wp\/v2\/categories?post=302665"},{"taxonomy":"post_tag","embeddable":true,"href":"https:\/\/www.meydan.tv\/az\/wp-json\/wp\/v2\/tags?post=302665"}],"curies":[{"name":"wp","href":"https:\/\/api.w.org\/{rel}","templated":true}]}}