{"id":302531,"date":"2024-04-02T14:18:44","date_gmt":"2024-04-02T10:18:44","guid":{"rendered":"https:\/\/www.meydan.tv\/?p=302531"},"modified":"2024-04-02T14:52:28","modified_gmt":"2024-04-02T10:52:28","slug":"turkiye-seckilerinde-qalib-gelen-chp-den-gozlentileriniz-nelerdir","status":"publish","type":"post","link":"https:\/\/www.meydan.tv\/az\/article\/turkiye-seckilerinde-qalib-gelen-chp-den-gozlentileriniz-nelerdir\/","title":{"rendered":"T\u00fcrkiy\u0259d\u0259 se\u00e7kil\u0259rd\u0259 qalib g\u0259l\u0259n CHP-d\u0259n g\u00f6zl\u0259ntil\u0259r n\u0259l\u0259rdir?"},"content":{"rendered":"\n<figure class=\"wp-block-embed is-type-video is-provider-youtube wp-block-embed-youtube wp-embed-aspect-16-9 wp-has-aspect-ratio\"><div class=\"wp-block-embed__wrapper\">\n<iframe title=\"T\u00fcrkiy\u0259 se\u00e7kil\u0259rind\u0259 qalib g\u0259l\u0259n CHP-d\u0259n g\u00f6zl\u0259ntil\u0259riniz n\u0259l\u0259rdir?\" width=\"1200\" height=\"675\" data-src=\"https:\/\/www.youtube.com\/embed\/ooo1Zfn2VEM?feature=oembed\" frameborder=\"0\" allow=\"accelerometer; autoplay; clipboard-write; encrypted-media; gyroscope; picture-in-picture; web-share\" referrerpolicy=\"strict-origin-when-cross-origin\" allowfullscreen src=\"data:image\/svg+xml;base64,PHN2ZyB3aWR0aD0iMSIgaGVpZ2h0PSIxIiB4bWxucz0iaHR0cDovL3d3dy53My5vcmcvMjAwMC9zdmciPjwvc3ZnPg==\" class=\"lazyload\" data-load-mode=\"1\"><\/iframe>\n<\/div><\/figure>\n\n\n\n<p><\/p>\n\n\n\n<p>\u0130stanbulda v\u0259t\u0259nda\u015flardan soru\u015fduq: <\/p>\n\n\n\n<p><em>&#8220;T\u00fcrkiy\u0259d\u0259 b\u0259l\u0259diyy\u0259 se\u00e7kil\u0259rind\u0259 qalib g\u0259l\u0259n CHP-d\u0259n g\u00f6zl\u0259ntil\u0259riniz n\u0259l\u0259rdir?<\/em>&#8220;<\/p>\n","protected":false},"excerpt":{"rendered":"<p>\u0130stanbulda v\u0259t\u0259nda\u015flardan soru\u015fduq: &#8220;T\u00fcrkiy\u0259d\u0259 b\u0259l\u0259diyy\u0259 se\u00e7kil\u0259rind\u0259 qalib g\u0259l\u0259n CHP-d\u0259n g\u00f6zl\u0259ntil\u0259riniz &#8230; <\/p>\n<p class=\"read-more-container\"><a title=\"T\u00fcrkiy\u0259d\u0259 se\u00e7kil\u0259rd\u0259 qalib g\u0259l\u0259n CHP-d\u0259n g\u00f6zl\u0259ntil\u0259r n\u0259l\u0259rdir?\" class=\"read-more button\" href=\"https:\/\/www.meydan.tv\/az\/article\/turkiye-seckilerinde-qalib-gelen-chp-den-gozlentileriniz-nelerdir\/#more-302531\" aria-label=\"Read more about T\u00fcrkiy\u0259d\u0259 se\u00e7kil\u0259rd\u0259 qalib g\u0259l\u0259n CHP-d\u0259n g\u00f6zl\u0259ntil\u0259r n\u0259l\u0259rdir?\">Davam\u0131<\/a><\/p>\n","protected":false},"author":12,"featured_media":302533,"comment_status":"closed","ping_status":"closed","sticky":false,"template":"","format":"standard","meta":{"_acf_changed":false,"_sitemap_exclude":false,"_sitemap_priority":"","_sitemap_frequency":"","footnotes":""},"categories":[63],"tags":[],"class_list":["post-302531","post","type-post","status-publish","format-standard","has-post-thumbnail","hentry","category-video-2","infinite-scroll-item","generate-columns","tablet-grid-50","mobile-grid-100","grid-parent","grid-33","no-featured-image-padding"],"acf":[],"yoast_head":"<!-- This site is optimized with the Yoast SEO plugin v27.4 - https:\/\/yoast.com\/product\/yoast-seo-wordpress\/ -->\n<title>T\u00fcrkiy\u0259d\u0259 se\u00e7kil\u0259rd\u0259 qalib g\u0259l\u0259n CHP-d\u0259n g\u00f6zl\u0259ntil\u0259r n\u0259l\u0259rdir? - MEYDAN.TV<\/title>\n<meta name=\"robots\" content=\"index, follow, max-snippet:-1, max-image-preview:large, max-video-preview:-1\" \/>\n<link rel=\"canonical\" href=\"https:\/\/www.meydan.tv\/az\/article\/turkiye-seckilerinde-qalib-gelen-chp-den-gozlentileriniz-nelerdir\/\" \/>\n<meta property=\"og:locale\" content=\"az_AZ\" \/>\n<meta property=\"og:type\" content=\"article\" \/>\n<meta property=\"og:title\" content=\"T\u00fcrkiy\u0259d\u0259 se\u00e7kil\u0259rd\u0259 qalib g\u0259l\u0259n CHP-d\u0259n g\u00f6zl\u0259ntil\u0259r n\u0259l\u0259rdir? - MEYDAN.TV\" \/>\n<meta property=\"og:description\" content=\"\u0130stanbulda v\u0259t\u0259nda\u015flardan soru\u015fduq: &#8220;T\u00fcrkiy\u0259d\u0259 b\u0259l\u0259diyy\u0259 se\u00e7kil\u0259rind\u0259 qalib g\u0259l\u0259n CHP-d\u0259n g\u00f6zl\u0259ntil\u0259riniz ... Davam\u0131\" \/>\n<meta property=\"og:url\" content=\"https:\/\/www.meydan.tv\/az\/article\/turkiye-seckilerinde-qalib-gelen-chp-den-gozlentileriniz-nelerdir\/\" \/>\n<meta property=\"og:site_name\" content=\"MEYDAN.TV\" \/>\n<meta property=\"article:published_time\" content=\"2024-04-02T10:18:44+00:00\" \/>\n<meta property=\"article:modified_time\" content=\"2024-04-02T10:52:28+00:00\" \/>\n<meta property=\"og:image\" content=\"https:\/\/www.meydan.tv\/wp-content\/uploads\/screenshot-2024-04-02-at-10.24.02-1200x662.png\" \/>\n\t<meta property=\"og:image:width\" content=\"1200\" \/>\n\t<meta property=\"og:image:height\" content=\"662\" \/>\n\t<meta property=\"og:image:type\" content=\"image\/png\" \/>\n<meta name=\"author\" content=\"aleks\" \/>\n<meta name=\"twitter:card\" content=\"summary_large_image\" \/>\n<script type=\"application\/ld+json\" class=\"yoast-schema-graph\">{\"@context\":\"https:\\\/\\\/schema.org\",\"@graph\":[{\"@type\":\"Article\",\"@id\":\"https:\\\/\\\/www.meydan.tv\\\/az\\\/article\\\/turkiye-seckilerinde-qalib-gelen-chp-den-gozlentileriniz-nelerdir\\\/#article\",\"isPartOf\":{\"@id\":\"https:\\\/\\\/www.meydan.tv\\\/az\\\/article\\\/turkiye-seckilerinde-qalib-gelen-chp-den-gozlentileriniz-nelerdir\\\/\"},\"author\":{\"name\":\"aleks\",\"@id\":\"https:\\\/\\\/www.meydan.tv\\\/az\\\/#\\\/schema\\\/person\\\/476e9360e593fa131d5d71d51866f8da\"},\"headline\":\"T\u00fcrkiy\u0259d\u0259 se\u00e7kil\u0259rd\u0259 qalib g\u0259l\u0259n CHP-d\u0259n g\u00f6zl\u0259ntil\u0259r n\u0259l\u0259rdir?\",\"datePublished\":\"2024-04-02T10:18:44+00:00\",\"dateModified\":\"2024-04-02T10:52:28+00:00\",\"mainEntityOfPage\":{\"@id\":\"https:\\\/\\\/www.meydan.tv\\\/az\\\/article\\\/turkiye-seckilerinde-qalib-gelen-chp-den-gozlentileriniz-nelerdir\\\/\"},\"wordCount\":54,\"publisher\":{\"@id\":\"https:\\\/\\\/www.meydan.tv\\\/az\\\/#organization\"},\"image\":{\"@id\":\"https:\\\/\\\/www.meydan.tv\\\/az\\\/article\\\/turkiye-seckilerinde-qalib-gelen-chp-den-gozlentileriniz-nelerdir\\\/#primaryimage\"},\"thumbnailUrl\":\"https:\\\/\\\/www.meydan.tv\\\/wp-content\\\/uploads\\\/screenshot-2024-04-02-at-10.24.02.png\",\"articleSection\":[\"Video\"],\"inLanguage\":\"az\"},{\"@type\":\"WebPage\",\"@id\":\"https:\\\/\\\/www.meydan.tv\\\/az\\\/article\\\/turkiye-seckilerinde-qalib-gelen-chp-den-gozlentileriniz-nelerdir\\\/\",\"url\":\"https:\\\/\\\/www.meydan.tv\\\/az\\\/article\\\/turkiye-seckilerinde-qalib-gelen-chp-den-gozlentileriniz-nelerdir\\\/\",\"name\":\"T\u00fcrkiy\u0259d\u0259 se\u00e7kil\u0259rd\u0259 qalib g\u0259l\u0259n CHP-d\u0259n g\u00f6zl\u0259ntil\u0259r n\u0259l\u0259rdir? - MEYDAN.TV\",\"isPartOf\":{\"@id\":\"https:\\\/\\\/www.meydan.tv\\\/az\\\/#website\"},\"primaryImageOfPage\":{\"@id\":\"https:\\\/\\\/www.meydan.tv\\\/az\\\/article\\\/turkiye-seckilerinde-qalib-gelen-chp-den-gozlentileriniz-nelerdir\\\/#primaryimage\"},\"image\":{\"@id\":\"https:\\\/\\\/www.meydan.tv\\\/az\\\/article\\\/turkiye-seckilerinde-qalib-gelen-chp-den-gozlentileriniz-nelerdir\\\/#primaryimage\"},\"thumbnailUrl\":\"https:\\\/\\\/www.meydan.tv\\\/wp-content\\\/uploads\\\/screenshot-2024-04-02-at-10.24.02.png\",\"datePublished\":\"2024-04-02T10:18:44+00:00\",\"dateModified\":\"2024-04-02T10:52:28+00:00\",\"breadcrumb\":{\"@id\":\"https:\\\/\\\/www.meydan.tv\\\/az\\\/article\\\/turkiye-seckilerinde-qalib-gelen-chp-den-gozlentileriniz-nelerdir\\\/#breadcrumb\"},\"inLanguage\":\"az\",\"potentialAction\":[{\"@type\":\"ReadAction\",\"target\":[\"https:\\\/\\\/www.meydan.tv\\\/az\\\/article\\\/turkiye-seckilerinde-qalib-gelen-chp-den-gozlentileriniz-nelerdir\\\/\"]}]},{\"@type\":\"ImageObject\",\"inLanguage\":\"az\",\"@id\":\"https:\\\/\\\/www.meydan.tv\\\/az\\\/article\\\/turkiye-seckilerinde-qalib-gelen-chp-den-gozlentileriniz-nelerdir\\\/#primaryimage\",\"url\":\"https:\\\/\\\/www.meydan.tv\\\/wp-content\\\/uploads\\\/screenshot-2024-04-02-at-10.24.02.png\",\"contentUrl\":\"https:\\\/\\\/www.meydan.tv\\\/wp-content\\\/uploads\\\/screenshot-2024-04-02-at-10.24.02.png\",\"width\":1678,\"height\":926},{\"@type\":\"BreadcrumbList\",\"@id\":\"https:\\\/\\\/www.meydan.tv\\\/az\\\/article\\\/turkiye-seckilerinde-qalib-gelen-chp-den-gozlentileriniz-nelerdir\\\/#breadcrumb\",\"itemListElement\":[{\"@type\":\"ListItem\",\"position\":1,\"name\":\"Ana s\u0259hif\u0259\",\"item\":\"https:\\\/\\\/www.meydan.tv\\\/az\\\/\"},{\"@type\":\"ListItem\",\"position\":2,\"name\":\"Video\",\"item\":\"https:\\\/\\\/www.meydan.tv\\\/az\\\/section\\\/video-2\\\/\"},{\"@type\":\"ListItem\",\"position\":3,\"name\":\"T\u00fcrkiy\u0259d\u0259 se\u00e7kil\u0259rd\u0259 qalib g\u0259l\u0259n CHP-d\u0259n g\u00f6zl\u0259ntil\u0259r n\u0259l\u0259rdir?\"}]},{\"@type\":\"WebSite\",\"@id\":\"https:\\\/\\\/www.meydan.tv\\\/az\\\/#website\",\"url\":\"https:\\\/\\\/www.meydan.tv\\\/az\\\/\",\"name\":\"MEYDAN.TV\",\"description\":\"Meydan TV Az\u0259rbaycan\u0131n media m\u0259kan\u0131ndak\u0131 alternativ s\u0259sidir\",\"publisher\":{\"@id\":\"https:\\\/\\\/www.meydan.tv\\\/az\\\/#organization\"},\"potentialAction\":[{\"@type\":\"SearchAction\",\"target\":{\"@type\":\"EntryPoint\",\"urlTemplate\":\"https:\\\/\\\/www.meydan.tv\\\/az\\\/?s={search_term_string}\"},\"query-input\":{\"@type\":\"PropertyValueSpecification\",\"valueRequired\":true,\"valueName\":\"search_term_string\"}}],\"inLanguage\":\"az\"},{\"@type\":\"Organization\",\"@id\":\"https:\\\/\\\/www.meydan.tv\\\/az\\\/#organization\",\"name\":\"Meydan TV\",\"url\":\"https:\\\/\\\/www.meydan.tv\\\/az\\\/\",\"logo\":{\"@type\":\"ImageObject\",\"inLanguage\":\"az\",\"@id\":\"https:\\\/\\\/www.meydan.tv\\\/az\\\/#\\\/schema\\\/logo\\\/image\\\/\",\"url\":\"https:\\\/\\\/www.meydan.tv\\\/wp-content\\\/uploads\\\/2021\\\/07\\\/meydan-logo.svg\",\"contentUrl\":\"https:\\\/\\\/www.meydan.tv\\\/wp-content\\\/uploads\\\/2021\\\/07\\\/meydan-logo.svg\",\"width\":195,\"height\":46,\"caption\":\"Meydan TV\"},\"image\":{\"@id\":\"https:\\\/\\\/www.meydan.tv\\\/az\\\/#\\\/schema\\\/logo\\\/image\\\/\"}},{\"@type\":\"Person\",\"@id\":\"https:\\\/\\\/www.meydan.tv\\\/az\\\/#\\\/schema\\\/person\\\/476e9360e593fa131d5d71d51866f8da\",\"name\":\"aleks\"}]}<\/script>\n<!-- \/ Yoast SEO plugin. -->","yoast_head_json":{"title":"T\u00fcrkiy\u0259d\u0259 se\u00e7kil\u0259rd\u0259 qalib g\u0259l\u0259n CHP-d\u0259n g\u00f6zl\u0259ntil\u0259r n\u0259l\u0259rdir? - MEYDAN.TV","robots":{"index":"index","follow":"follow","max-snippet":"max-snippet:-1","max-image-preview":"max-image-preview:large","max-video-preview":"max-video-preview:-1"},"canonical":"https:\/\/www.meydan.tv\/az\/article\/turkiye-seckilerinde-qalib-gelen-chp-den-gozlentileriniz-nelerdir\/","og_locale":"az_AZ","og_type":"article","og_title":"T\u00fcrkiy\u0259d\u0259 se\u00e7kil\u0259rd\u0259 qalib g\u0259l\u0259n CHP-d\u0259n g\u00f6zl\u0259ntil\u0259r n\u0259l\u0259rdir? - MEYDAN.TV","og_description":"\u0130stanbulda v\u0259t\u0259nda\u015flardan soru\u015fduq: &#8220;T\u00fcrkiy\u0259d\u0259 b\u0259l\u0259diyy\u0259 se\u00e7kil\u0259rind\u0259 qalib g\u0259l\u0259n CHP-d\u0259n g\u00f6zl\u0259ntil\u0259riniz ... Davam\u0131","og_url":"https:\/\/www.meydan.tv\/az\/article\/turkiye-seckilerinde-qalib-gelen-chp-den-gozlentileriniz-nelerdir\/","og_site_name":"MEYDAN.TV","article_published_time":"2024-04-02T10:18:44+00:00","article_modified_time":"2024-04-02T10:52:28+00:00","og_image":[{"width":1200,"height":662,"url":"https:\/\/www.meydan.tv\/wp-content\/uploads\/screenshot-2024-04-02-at-10.24.02-1200x662.png","type":"image\/png"}],"author":"aleks","twitter_card":"summary_large_image","schema":{"@context":"https:\/\/schema.org","@graph":[{"@type":"Article","@id":"https:\/\/www.meydan.tv\/az\/article\/turkiye-seckilerinde-qalib-gelen-chp-den-gozlentileriniz-nelerdir\/#article","isPartOf":{"@id":"https:\/\/www.meydan.tv\/az\/article\/turkiye-seckilerinde-qalib-gelen-chp-den-gozlentileriniz-nelerdir\/"},"author":{"name":"aleks","@id":"https:\/\/www.meydan.tv\/az\/#\/schema\/person\/476e9360e593fa131d5d71d51866f8da"},"headline":"T\u00fcrkiy\u0259d\u0259 se\u00e7kil\u0259rd\u0259 qalib g\u0259l\u0259n CHP-d\u0259n g\u00f6zl\u0259ntil\u0259r n\u0259l\u0259rdir?","datePublished":"2024-04-02T10:18:44+00:00","dateModified":"2024-04-02T10:52:28+00:00","mainEntityOfPage":{"@id":"https:\/\/www.meydan.tv\/az\/article\/turkiye-seckilerinde-qalib-gelen-chp-den-gozlentileriniz-nelerdir\/"},"wordCount":54,"publisher":{"@id":"https:\/\/www.meydan.tv\/az\/#organization"},"image":{"@id":"https:\/\/www.meydan.tv\/az\/article\/turkiye-seckilerinde-qalib-gelen-chp-den-gozlentileriniz-nelerdir\/#primaryimage"},"thumbnailUrl":"https:\/\/www.meydan.tv\/wp-content\/uploads\/screenshot-2024-04-02-at-10.24.02.png","articleSection":["Video"],"inLanguage":"az"},{"@type":"WebPage","@id":"https:\/\/www.meydan.tv\/az\/article\/turkiye-seckilerinde-qalib-gelen-chp-den-gozlentileriniz-nelerdir\/","url":"https:\/\/www.meydan.tv\/az\/article\/turkiye-seckilerinde-qalib-gelen-chp-den-gozlentileriniz-nelerdir\/","name":"T\u00fcrkiy\u0259d\u0259 se\u00e7kil\u0259rd\u0259 qalib g\u0259l\u0259n CHP-d\u0259n g\u00f6zl\u0259ntil\u0259r n\u0259l\u0259rdir? - MEYDAN.TV","isPartOf":{"@id":"https:\/\/www.meydan.tv\/az\/#website"},"primaryImageOfPage":{"@id":"https:\/\/www.meydan.tv\/az\/article\/turkiye-seckilerinde-qalib-gelen-chp-den-gozlentileriniz-nelerdir\/#primaryimage"},"image":{"@id":"https:\/\/www.meydan.tv\/az\/article\/turkiye-seckilerinde-qalib-gelen-chp-den-gozlentileriniz-nelerdir\/#primaryimage"},"thumbnailUrl":"https:\/\/www.meydan.tv\/wp-content\/uploads\/screenshot-2024-04-02-at-10.24.02.png","datePublished":"2024-04-02T10:18:44+00:00","dateModified":"2024-04-02T10:52:28+00:00","breadcrumb":{"@id":"https:\/\/www.meydan.tv\/az\/article\/turkiye-seckilerinde-qalib-gelen-chp-den-gozlentileriniz-nelerdir\/#breadcrumb"},"inLanguage":"az","potentialAction":[{"@type":"ReadAction","target":["https:\/\/www.meydan.tv\/az\/article\/turkiye-seckilerinde-qalib-gelen-chp-den-gozlentileriniz-nelerdir\/"]}]},{"@type":"ImageObject","inLanguage":"az","@id":"https:\/\/www.meydan.tv\/az\/article\/turkiye-seckilerinde-qalib-gelen-chp-den-gozlentileriniz-nelerdir\/#primaryimage","url":"https:\/\/www.meydan.tv\/wp-content\/uploads\/screenshot-2024-04-02-at-10.24.02.png","contentUrl":"https:\/\/www.meydan.tv\/wp-content\/uploads\/screenshot-2024-04-02-at-10.24.02.png","width":1678,"height":926},{"@type":"BreadcrumbList","@id":"https:\/\/www.meydan.tv\/az\/article\/turkiye-seckilerinde-qalib-gelen-chp-den-gozlentileriniz-nelerdir\/#breadcrumb","itemListElement":[{"@type":"ListItem","position":1,"name":"Ana s\u0259hif\u0259","item":"https:\/\/www.meydan.tv\/az\/"},{"@type":"ListItem","position":2,"name":"Video","item":"https:\/\/www.meydan.tv\/az\/section\/video-2\/"},{"@type":"ListItem","position":3,"name":"T\u00fcrkiy\u0259d\u0259 se\u00e7kil\u0259rd\u0259 qalib g\u0259l\u0259n CHP-d\u0259n g\u00f6zl\u0259ntil\u0259r n\u0259l\u0259rdir?"}]},{"@type":"WebSite","@id":"https:\/\/www.meydan.tv\/az\/#website","url":"https:\/\/www.meydan.tv\/az\/","name":"MEYDAN.TV","description":"Meydan TV Az\u0259rbaycan\u0131n media m\u0259kan\u0131ndak\u0131 alternativ s\u0259sidir","publisher":{"@id":"https:\/\/www.meydan.tv\/az\/#organization"},"potentialAction":[{"@type":"SearchAction","target":{"@type":"EntryPoint","urlTemplate":"https:\/\/www.meydan.tv\/az\/?s={search_term_string}"},"query-input":{"@type":"PropertyValueSpecification","valueRequired":true,"valueName":"search_term_string"}}],"inLanguage":"az"},{"@type":"Organization","@id":"https:\/\/www.meydan.tv\/az\/#organization","name":"Meydan TV","url":"https:\/\/www.meydan.tv\/az\/","logo":{"@type":"ImageObject","inLanguage":"az","@id":"https:\/\/www.meydan.tv\/az\/#\/schema\/logo\/image\/","url":"https:\/\/www.meydan.tv\/wp-content\/uploads\/2021\/07\/meydan-logo.svg","contentUrl":"https:\/\/www.meydan.tv\/wp-content\/uploads\/2021\/07\/meydan-logo.svg","width":195,"height":46,"caption":"Meydan TV"},"image":{"@id":"https:\/\/www.meydan.tv\/az\/#\/schema\/logo\/image\/"}},{"@type":"Person","@id":"https:\/\/www.meydan.tv\/az\/#\/schema\/person\/476e9360e593fa131d5d71d51866f8da","name":"aleks"}]}},"_links":{"self":[{"href":"https:\/\/www.meydan.tv\/az\/wp-json\/wp\/v2\/posts\/302531","targetHints":{"allow":["GET"]}}],"collection":[{"href":"https:\/\/www.meydan.tv\/az\/wp-json\/wp\/v2\/posts"}],"about":[{"href":"https:\/\/www.meydan.tv\/az\/wp-json\/wp\/v2\/types\/post"}],"author":[{"embeddable":true,"href":"https:\/\/www.meydan.tv\/az\/wp-json\/wp\/v2\/users\/12"}],"replies":[{"embeddable":true,"href":"https:\/\/www.meydan.tv\/az\/wp-json\/wp\/v2\/comments?post=302531"}],"version-history":[{"count":6,"href":"https:\/\/www.meydan.tv\/az\/wp-json\/wp\/v2\/posts\/302531\/revisions"}],"predecessor-version":[{"id":302568,"href":"https:\/\/www.meydan.tv\/az\/wp-json\/wp\/v2\/posts\/302531\/revisions\/302568"}],"wp:featuredmedia":[{"embeddable":true,"href":"https:\/\/www.meydan.tv\/az\/wp-json\/wp\/v2\/media\/302533"}],"wp:attachment":[{"href":"https:\/\/www.meydan.tv\/az\/wp-json\/wp\/v2\/media?parent=302531"}],"wp:term":[{"taxonomy":"category","embeddable":true,"href":"https:\/\/www.meydan.tv\/az\/wp-json\/wp\/v2\/categories?post=302531"},{"taxonomy":"post_tag","embeddable":true,"href":"https:\/\/www.meydan.tv\/az\/wp-json\/wp\/v2\/tags?post=302531"}],"curies":[{"name":"wp","href":"https:\/\/api.w.org\/{rel}","templated":true}]}}