{"id":302514,"date":"2024-04-02T14:00:51","date_gmt":"2024-04-02T10:00:51","guid":{"rendered":"https:\/\/www.meydan.tv\/?p=302514"},"modified":"2024-04-02T14:06:30","modified_gmt":"2024-04-02T10:06:30","slug":"velosipedci-bize-yad-planetli-kimi-baxirlar","status":"publish","type":"post","link":"https:\/\/www.meydan.tv\/az\/article\/velosipedci-bize-yad-planetli-kimi-baxirlar\/","title":{"rendered":"Velosiped\u00e7i: &#8221;Biz\u0259 yad planetli kimi bax\u0131rlar&#8221;"},"content":{"rendered":"\n<figure class=\"wp-block-embed is-type-video is-provider-youtube wp-block-embed-youtube wp-embed-aspect-16-9 wp-has-aspect-ratio\"><div class=\"wp-block-embed__wrapper\">\n<iframe title=\"Velosiped\u00e7i:  &#039;&#039;Biz\u0259 yad planetli kimi bax\u0131rlar&#039;&#039;\" width=\"1200\" height=\"675\" data-src=\"https:\/\/www.youtube.com\/embed\/Nt2GT4t_XBI?feature=oembed\" frameborder=\"0\" allow=\"accelerometer; autoplay; clipboard-write; encrypted-media; gyroscope; picture-in-picture; web-share\" referrerpolicy=\"strict-origin-when-cross-origin\" allowfullscreen src=\"data:image\/svg+xml;base64,PHN2ZyB3aWR0aD0iMSIgaGVpZ2h0PSIxIiB4bWxucz0iaHR0cDovL3d3dy53My5vcmcvMjAwMC9zdmciPjwvc3ZnPg==\" class=\"lazyload\" data-load-mode=\"1\"><\/iframe>\n<\/div><\/figure>\n\n\n\n<p><\/p>\n\n\n\n<p>Bak\u0131n\u0131n m\u0259rk\u0259zi k\u00fc\u00e7\u0259l\u0259rind\u0259 art\u0131q velosiped\u00e7il\u0259r\u0259 d\u0259 rast g\u0259linir.\u00a0<\/p>\n\n\n\n<p>B\u0259zi k\u00fc\u00e7\u0259l\u0259rd\u0259 velosiped zolaqlar\u0131 sal\u0131n\u0131b.&nbsp;<\/p>\n\n\n\n<p>5 ildir aktiv velosiped s\u00fcr\u0259n \u018fli S\u00fcleymanov deyir ki, Az\u0259rbaycanda insanlar\u0131n \u00e7oxu velosipedi n\u0259qliyyat vasit\u0259si kimi g\u00f6rm\u00fcr.&nbsp;<\/p>\n\n\n\n<p>Velosiped zolaqlar\u0131 sal\u0131nsa da, velosiped\u00e7il\u0259r bu yollardan rahatl\u0131qla istifad\u0259 ed\u0259 bilmirl\u0259r.&nbsp;<\/p>\n\n\n\n<p>B\u0259zi s\u00fcr\u00fcc\u00fcl\u0259r avtomobill\u0259rini h\u0259min yola park edir.<\/p>\n\n\n\n<p>Bu da velosiped\u00e7il\u0259r \u00fc\u00e7\u00fcn t\u0259hl\u00fck\u0259 yarad\u0131r.&nbsp;<\/p>\n\n\n\n<p>\u018fli deyir ki, \u00f6z\u00fcn\u00fc t\u0259hl\u00fck\u0259sizlikd\u0259 hiss etm\u0259diyind\u0259n velosiped s\u00fcrm\u0259y\u0259n xeyli insan var.\u00a0<\/p>\n\n\n\n<p>O arzulay\u0131r ki, Bak\u0131n\u0131n t\u0259kc\u0259 m\u0259rk\u0259zind\u0259 yox, k\u0259narlar\u0131nda da velosiped yollar\u0131 sal\u0131ns\u0131n, yollarda velosiped\u00e7il\u0259ri g\u00f6rm\u0259k adi hala \u00e7evrilsin.&nbsp;<\/p>\n\n\n\n<p>Bak\u0131 \u015f\u0259h\u0259rinin 2040-c\u0131 il\u0259d\u0259k inki\u015faf\u0131na dair Ba\u015f plan\u0131nda qeyd olunub ki, \u015f\u0259h\u0259r \u00fczr\u0259 velosiped zolaqlar\u0131 \u015f\u0259b\u0259k\u0259sinin \u00fcmumi uzunlu\u011funun t\u0259xmin\u0259n 285 km t\u0259\u015fkil ed\u0259c\u0259yi planla\u015fd\u0131r\u0131l\u0131r.<\/p>\n","protected":false},"excerpt":{"rendered":"<p>Bak\u0131n\u0131n m\u0259rk\u0259zi k\u00fc\u00e7\u0259l\u0259rind\u0259 art\u0131q velosiped\u00e7il\u0259r\u0259 d\u0259 rast g\u0259linir.\u00a0 B\u0259zi k\u00fc\u00e7\u0259l\u0259rd\u0259 &#8230; <\/p>\n<p class=\"read-more-container\"><a title=\"Velosiped\u00e7i: &#8221;Biz\u0259 yad planetli kimi bax\u0131rlar&#8221;\" class=\"read-more button\" href=\"https:\/\/www.meydan.tv\/az\/article\/velosipedci-bize-yad-planetli-kimi-baxirlar\/#more-302514\" aria-label=\"Read more about Velosiped\u00e7i: &#8221;Biz\u0259 yad planetli kimi bax\u0131rlar&#8221;\">Davam\u0131<\/a><\/p>\n","protected":false},"author":12,"featured_media":302516,"comment_status":"closed","ping_status":"closed","sticky":false,"template":"","format":"standard","meta":{"_acf_changed":false,"_sitemap_exclude":false,"_sitemap_priority":"","_sitemap_frequency":"","footnotes":""},"categories":[112,63],"tags":[],"class_list":["post-302514","post","type-post","status-publish","format-standard","has-post-thumbnail","hentry","category-idman","category-video-2","infinite-scroll-item","generate-columns","tablet-grid-50","mobile-grid-100","grid-parent","grid-33","no-featured-image-padding"],"acf":[],"yoast_head":"<!-- This site is optimized with the Yoast SEO plugin v27.4 - https:\/\/yoast.com\/product\/yoast-seo-wordpress\/ -->\n<title>Velosiped\u00e7i: &#039;&#039;Biz\u0259 yad planetli kimi bax\u0131rlar&#039;&#039; - MEYDAN.TV<\/title>\n<meta name=\"robots\" content=\"index, follow, max-snippet:-1, max-image-preview:large, max-video-preview:-1\" \/>\n<link rel=\"canonical\" href=\"https:\/\/www.meydan.tv\/az\/article\/velosipedci-bize-yad-planetli-kimi-baxirlar\/\" \/>\n<meta property=\"og:locale\" content=\"az_AZ\" \/>\n<meta property=\"og:type\" content=\"article\" \/>\n<meta property=\"og:title\" content=\"Velosiped\u00e7i: &#039;&#039;Biz\u0259 yad planetli kimi bax\u0131rlar&#039;&#039; - MEYDAN.TV\" \/>\n<meta property=\"og:description\" content=\"Bak\u0131n\u0131n m\u0259rk\u0259zi k\u00fc\u00e7\u0259l\u0259rind\u0259 art\u0131q velosiped\u00e7il\u0259r\u0259 d\u0259 rast g\u0259linir.\u00a0 B\u0259zi k\u00fc\u00e7\u0259l\u0259rd\u0259 ... Davam\u0131\" \/>\n<meta property=\"og:url\" content=\"https:\/\/www.meydan.tv\/az\/article\/velosipedci-bize-yad-planetli-kimi-baxirlar\/\" \/>\n<meta property=\"og:site_name\" content=\"MEYDAN.TV\" \/>\n<meta property=\"article:published_time\" content=\"2024-04-02T10:00:51+00:00\" \/>\n<meta property=\"article:modified_time\" content=\"2024-04-02T10:06:30+00:00\" \/>\n<meta property=\"og:image\" content=\"https:\/\/www.meydan.tv\/wp-content\/uploads\/screenshot-2024-04-02-at-12.00.01-1200x504.png\" \/>\n\t<meta property=\"og:image:width\" content=\"1200\" \/>\n\t<meta property=\"og:image:height\" content=\"504\" \/>\n\t<meta property=\"og:image:type\" content=\"image\/png\" \/>\n<meta name=\"author\" content=\"aleks\" \/>\n<meta name=\"twitter:card\" content=\"summary_large_image\" \/>\n<script type=\"application\/ld+json\" class=\"yoast-schema-graph\">{\"@context\":\"https:\\\/\\\/schema.org\",\"@graph\":[{\"@type\":\"Article\",\"@id\":\"https:\\\/\\\/www.meydan.tv\\\/az\\\/article\\\/velosipedci-bize-yad-planetli-kimi-baxirlar\\\/#article\",\"isPartOf\":{\"@id\":\"https:\\\/\\\/www.meydan.tv\\\/az\\\/article\\\/velosipedci-bize-yad-planetli-kimi-baxirlar\\\/\"},\"author\":{\"name\":\"aleks\",\"@id\":\"https:\\\/\\\/www.meydan.tv\\\/az\\\/#\\\/schema\\\/person\\\/476e9360e593fa131d5d71d51866f8da\"},\"headline\":\"Velosiped\u00e7i: &#8221;Biz\u0259 yad planetli kimi bax\u0131rlar&#8221;\",\"datePublished\":\"2024-04-02T10:00:51+00:00\",\"dateModified\":\"2024-04-02T10:06:30+00:00\",\"mainEntityOfPage\":{\"@id\":\"https:\\\/\\\/www.meydan.tv\\\/az\\\/article\\\/velosipedci-bize-yad-planetli-kimi-baxirlar\\\/\"},\"wordCount\":209,\"publisher\":{\"@id\":\"https:\\\/\\\/www.meydan.tv\\\/az\\\/#organization\"},\"image\":{\"@id\":\"https:\\\/\\\/www.meydan.tv\\\/az\\\/article\\\/velosipedci-bize-yad-planetli-kimi-baxirlar\\\/#primaryimage\"},\"thumbnailUrl\":\"https:\\\/\\\/www.meydan.tv\\\/wp-content\\\/uploads\\\/screenshot-2024-04-02-at-12.00.01.png\",\"articleSection\":[\"\u0130dman\",\"Video\"],\"inLanguage\":\"az\"},{\"@type\":\"WebPage\",\"@id\":\"https:\\\/\\\/www.meydan.tv\\\/az\\\/article\\\/velosipedci-bize-yad-planetli-kimi-baxirlar\\\/\",\"url\":\"https:\\\/\\\/www.meydan.tv\\\/az\\\/article\\\/velosipedci-bize-yad-planetli-kimi-baxirlar\\\/\",\"name\":\"Velosiped\u00e7i: ''Biz\u0259 yad planetli kimi bax\u0131rlar'' - MEYDAN.TV\",\"isPartOf\":{\"@id\":\"https:\\\/\\\/www.meydan.tv\\\/az\\\/#website\"},\"primaryImageOfPage\":{\"@id\":\"https:\\\/\\\/www.meydan.tv\\\/az\\\/article\\\/velosipedci-bize-yad-planetli-kimi-baxirlar\\\/#primaryimage\"},\"image\":{\"@id\":\"https:\\\/\\\/www.meydan.tv\\\/az\\\/article\\\/velosipedci-bize-yad-planetli-kimi-baxirlar\\\/#primaryimage\"},\"thumbnailUrl\":\"https:\\\/\\\/www.meydan.tv\\\/wp-content\\\/uploads\\\/screenshot-2024-04-02-at-12.00.01.png\",\"datePublished\":\"2024-04-02T10:00:51+00:00\",\"dateModified\":\"2024-04-02T10:06:30+00:00\",\"breadcrumb\":{\"@id\":\"https:\\\/\\\/www.meydan.tv\\\/az\\\/article\\\/velosipedci-bize-yad-planetli-kimi-baxirlar\\\/#breadcrumb\"},\"inLanguage\":\"az\",\"potentialAction\":[{\"@type\":\"ReadAction\",\"target\":[\"https:\\\/\\\/www.meydan.tv\\\/az\\\/article\\\/velosipedci-bize-yad-planetli-kimi-baxirlar\\\/\"]}]},{\"@type\":\"ImageObject\",\"inLanguage\":\"az\",\"@id\":\"https:\\\/\\\/www.meydan.tv\\\/az\\\/article\\\/velosipedci-bize-yad-planetli-kimi-baxirlar\\\/#primaryimage\",\"url\":\"https:\\\/\\\/www.meydan.tv\\\/wp-content\\\/uploads\\\/screenshot-2024-04-02-at-12.00.01.png\",\"contentUrl\":\"https:\\\/\\\/www.meydan.tv\\\/wp-content\\\/uploads\\\/screenshot-2024-04-02-at-12.00.01.png\",\"width\":2362,\"height\":992},{\"@type\":\"BreadcrumbList\",\"@id\":\"https:\\\/\\\/www.meydan.tv\\\/az\\\/article\\\/velosipedci-bize-yad-planetli-kimi-baxirlar\\\/#breadcrumb\",\"itemListElement\":[{\"@type\":\"ListItem\",\"position\":1,\"name\":\"Ana s\u0259hif\u0259\",\"item\":\"https:\\\/\\\/www.meydan.tv\\\/az\\\/\"},{\"@type\":\"ListItem\",\"position\":2,\"name\":\"Video\",\"item\":\"https:\\\/\\\/www.meydan.tv\\\/az\\\/section\\\/video-2\\\/\"},{\"@type\":\"ListItem\",\"position\":3,\"name\":\"Velosiped\u00e7i: &#8221;Biz\u0259 yad planetli kimi bax\u0131rlar&#8221;\"}]},{\"@type\":\"WebSite\",\"@id\":\"https:\\\/\\\/www.meydan.tv\\\/az\\\/#website\",\"url\":\"https:\\\/\\\/www.meydan.tv\\\/az\\\/\",\"name\":\"MEYDAN.TV\",\"description\":\"Meydan TV Az\u0259rbaycan\u0131n media m\u0259kan\u0131ndak\u0131 alternativ s\u0259sidir\",\"publisher\":{\"@id\":\"https:\\\/\\\/www.meydan.tv\\\/az\\\/#organization\"},\"potentialAction\":[{\"@type\":\"SearchAction\",\"target\":{\"@type\":\"EntryPoint\",\"urlTemplate\":\"https:\\\/\\\/www.meydan.tv\\\/az\\\/?s={search_term_string}\"},\"query-input\":{\"@type\":\"PropertyValueSpecification\",\"valueRequired\":true,\"valueName\":\"search_term_string\"}}],\"inLanguage\":\"az\"},{\"@type\":\"Organization\",\"@id\":\"https:\\\/\\\/www.meydan.tv\\\/az\\\/#organization\",\"name\":\"Meydan TV\",\"url\":\"https:\\\/\\\/www.meydan.tv\\\/az\\\/\",\"logo\":{\"@type\":\"ImageObject\",\"inLanguage\":\"az\",\"@id\":\"https:\\\/\\\/www.meydan.tv\\\/az\\\/#\\\/schema\\\/logo\\\/image\\\/\",\"url\":\"https:\\\/\\\/www.meydan.tv\\\/wp-content\\\/uploads\\\/2021\\\/07\\\/meydan-logo.svg\",\"contentUrl\":\"https:\\\/\\\/www.meydan.tv\\\/wp-content\\\/uploads\\\/2021\\\/07\\\/meydan-logo.svg\",\"width\":195,\"height\":46,\"caption\":\"Meydan TV\"},\"image\":{\"@id\":\"https:\\\/\\\/www.meydan.tv\\\/az\\\/#\\\/schema\\\/logo\\\/image\\\/\"}},{\"@type\":\"Person\",\"@id\":\"https:\\\/\\\/www.meydan.tv\\\/az\\\/#\\\/schema\\\/person\\\/476e9360e593fa131d5d71d51866f8da\",\"name\":\"aleks\"}]}<\/script>\n<!-- \/ Yoast SEO plugin. -->","yoast_head_json":{"title":"Velosiped\u00e7i: ''Biz\u0259 yad planetli kimi bax\u0131rlar'' - MEYDAN.TV","robots":{"index":"index","follow":"follow","max-snippet":"max-snippet:-1","max-image-preview":"max-image-preview:large","max-video-preview":"max-video-preview:-1"},"canonical":"https:\/\/www.meydan.tv\/az\/article\/velosipedci-bize-yad-planetli-kimi-baxirlar\/","og_locale":"az_AZ","og_type":"article","og_title":"Velosiped\u00e7i: ''Biz\u0259 yad planetli kimi bax\u0131rlar'' - MEYDAN.TV","og_description":"Bak\u0131n\u0131n m\u0259rk\u0259zi k\u00fc\u00e7\u0259l\u0259rind\u0259 art\u0131q velosiped\u00e7il\u0259r\u0259 d\u0259 rast g\u0259linir.\u00a0 B\u0259zi k\u00fc\u00e7\u0259l\u0259rd\u0259 ... Davam\u0131","og_url":"https:\/\/www.meydan.tv\/az\/article\/velosipedci-bize-yad-planetli-kimi-baxirlar\/","og_site_name":"MEYDAN.TV","article_published_time":"2024-04-02T10:00:51+00:00","article_modified_time":"2024-04-02T10:06:30+00:00","og_image":[{"width":1200,"height":504,"url":"https:\/\/www.meydan.tv\/wp-content\/uploads\/screenshot-2024-04-02-at-12.00.01-1200x504.png","type":"image\/png"}],"author":"aleks","twitter_card":"summary_large_image","schema":{"@context":"https:\/\/schema.org","@graph":[{"@type":"Article","@id":"https:\/\/www.meydan.tv\/az\/article\/velosipedci-bize-yad-planetli-kimi-baxirlar\/#article","isPartOf":{"@id":"https:\/\/www.meydan.tv\/az\/article\/velosipedci-bize-yad-planetli-kimi-baxirlar\/"},"author":{"name":"aleks","@id":"https:\/\/www.meydan.tv\/az\/#\/schema\/person\/476e9360e593fa131d5d71d51866f8da"},"headline":"Velosiped\u00e7i: &#8221;Biz\u0259 yad planetli kimi bax\u0131rlar&#8221;","datePublished":"2024-04-02T10:00:51+00:00","dateModified":"2024-04-02T10:06:30+00:00","mainEntityOfPage":{"@id":"https:\/\/www.meydan.tv\/az\/article\/velosipedci-bize-yad-planetli-kimi-baxirlar\/"},"wordCount":209,"publisher":{"@id":"https:\/\/www.meydan.tv\/az\/#organization"},"image":{"@id":"https:\/\/www.meydan.tv\/az\/article\/velosipedci-bize-yad-planetli-kimi-baxirlar\/#primaryimage"},"thumbnailUrl":"https:\/\/www.meydan.tv\/wp-content\/uploads\/screenshot-2024-04-02-at-12.00.01.png","articleSection":["\u0130dman","Video"],"inLanguage":"az"},{"@type":"WebPage","@id":"https:\/\/www.meydan.tv\/az\/article\/velosipedci-bize-yad-planetli-kimi-baxirlar\/","url":"https:\/\/www.meydan.tv\/az\/article\/velosipedci-bize-yad-planetli-kimi-baxirlar\/","name":"Velosiped\u00e7i: ''Biz\u0259 yad planetli kimi bax\u0131rlar'' - MEYDAN.TV","isPartOf":{"@id":"https:\/\/www.meydan.tv\/az\/#website"},"primaryImageOfPage":{"@id":"https:\/\/www.meydan.tv\/az\/article\/velosipedci-bize-yad-planetli-kimi-baxirlar\/#primaryimage"},"image":{"@id":"https:\/\/www.meydan.tv\/az\/article\/velosipedci-bize-yad-planetli-kimi-baxirlar\/#primaryimage"},"thumbnailUrl":"https:\/\/www.meydan.tv\/wp-content\/uploads\/screenshot-2024-04-02-at-12.00.01.png","datePublished":"2024-04-02T10:00:51+00:00","dateModified":"2024-04-02T10:06:30+00:00","breadcrumb":{"@id":"https:\/\/www.meydan.tv\/az\/article\/velosipedci-bize-yad-planetli-kimi-baxirlar\/#breadcrumb"},"inLanguage":"az","potentialAction":[{"@type":"ReadAction","target":["https:\/\/www.meydan.tv\/az\/article\/velosipedci-bize-yad-planetli-kimi-baxirlar\/"]}]},{"@type":"ImageObject","inLanguage":"az","@id":"https:\/\/www.meydan.tv\/az\/article\/velosipedci-bize-yad-planetli-kimi-baxirlar\/#primaryimage","url":"https:\/\/www.meydan.tv\/wp-content\/uploads\/screenshot-2024-04-02-at-12.00.01.png","contentUrl":"https:\/\/www.meydan.tv\/wp-content\/uploads\/screenshot-2024-04-02-at-12.00.01.png","width":2362,"height":992},{"@type":"BreadcrumbList","@id":"https:\/\/www.meydan.tv\/az\/article\/velosipedci-bize-yad-planetli-kimi-baxirlar\/#breadcrumb","itemListElement":[{"@type":"ListItem","position":1,"name":"Ana s\u0259hif\u0259","item":"https:\/\/www.meydan.tv\/az\/"},{"@type":"ListItem","position":2,"name":"Video","item":"https:\/\/www.meydan.tv\/az\/section\/video-2\/"},{"@type":"ListItem","position":3,"name":"Velosiped\u00e7i: &#8221;Biz\u0259 yad planetli kimi bax\u0131rlar&#8221;"}]},{"@type":"WebSite","@id":"https:\/\/www.meydan.tv\/az\/#website","url":"https:\/\/www.meydan.tv\/az\/","name":"MEYDAN.TV","description":"Meydan TV Az\u0259rbaycan\u0131n media m\u0259kan\u0131ndak\u0131 alternativ s\u0259sidir","publisher":{"@id":"https:\/\/www.meydan.tv\/az\/#organization"},"potentialAction":[{"@type":"SearchAction","target":{"@type":"EntryPoint","urlTemplate":"https:\/\/www.meydan.tv\/az\/?s={search_term_string}"},"query-input":{"@type":"PropertyValueSpecification","valueRequired":true,"valueName":"search_term_string"}}],"inLanguage":"az"},{"@type":"Organization","@id":"https:\/\/www.meydan.tv\/az\/#organization","name":"Meydan TV","url":"https:\/\/www.meydan.tv\/az\/","logo":{"@type":"ImageObject","inLanguage":"az","@id":"https:\/\/www.meydan.tv\/az\/#\/schema\/logo\/image\/","url":"https:\/\/www.meydan.tv\/wp-content\/uploads\/2021\/07\/meydan-logo.svg","contentUrl":"https:\/\/www.meydan.tv\/wp-content\/uploads\/2021\/07\/meydan-logo.svg","width":195,"height":46,"caption":"Meydan TV"},"image":{"@id":"https:\/\/www.meydan.tv\/az\/#\/schema\/logo\/image\/"}},{"@type":"Person","@id":"https:\/\/www.meydan.tv\/az\/#\/schema\/person\/476e9360e593fa131d5d71d51866f8da","name":"aleks"}]}},"_links":{"self":[{"href":"https:\/\/www.meydan.tv\/az\/wp-json\/wp\/v2\/posts\/302514","targetHints":{"allow":["GET"]}}],"collection":[{"href":"https:\/\/www.meydan.tv\/az\/wp-json\/wp\/v2\/posts"}],"about":[{"href":"https:\/\/www.meydan.tv\/az\/wp-json\/wp\/v2\/types\/post"}],"author":[{"embeddable":true,"href":"https:\/\/www.meydan.tv\/az\/wp-json\/wp\/v2\/users\/12"}],"replies":[{"embeddable":true,"href":"https:\/\/www.meydan.tv\/az\/wp-json\/wp\/v2\/comments?post=302514"}],"version-history":[{"count":3,"href":"https:\/\/www.meydan.tv\/az\/wp-json\/wp\/v2\/posts\/302514\/revisions"}],"predecessor-version":[{"id":302536,"href":"https:\/\/www.meydan.tv\/az\/wp-json\/wp\/v2\/posts\/302514\/revisions\/302536"}],"wp:featuredmedia":[{"embeddable":true,"href":"https:\/\/www.meydan.tv\/az\/wp-json\/wp\/v2\/media\/302516"}],"wp:attachment":[{"href":"https:\/\/www.meydan.tv\/az\/wp-json\/wp\/v2\/media?parent=302514"}],"wp:term":[{"taxonomy":"category","embeddable":true,"href":"https:\/\/www.meydan.tv\/az\/wp-json\/wp\/v2\/categories?post=302514"},{"taxonomy":"post_tag","embeddable":true,"href":"https:\/\/www.meydan.tv\/az\/wp-json\/wp\/v2\/tags?post=302514"}],"curies":[{"name":"wp","href":"https:\/\/api.w.org\/{rel}","templated":true}]}}