{"id":302493,"date":"2024-04-02T12:33:37","date_gmt":"2024-04-02T08:33:37","guid":{"rendered":"https:\/\/www.meydan.tv\/?p=302493"},"modified":"2024-04-02T12:33:42","modified_gmt":"2024-04-02T08:33:42","slug":"icazesiz-taksi-surenler-cezalandirilacaq","status":"publish","type":"post","link":"https:\/\/www.meydan.tv\/az\/article\/icazesiz-taksi-surenler-cezalandirilacaq\/","title":{"rendered":"\u0130caz\u0259siz taksi s\u00fcr\u0259nl\u0259r c\u0259zaland\u0131r\u0131lacaq"},"content":{"rendered":"\n<p><\/p>\n\n\n\n<p><strong><em>H\u00fcquqi \u015f\u0259xsl\u0259r v\u0259 f\u0259rdi sahibkarlar icaz\u0259 \u0259sas\u0131nda f\u0259aliyy\u0259t g\u00f6st\u0259rm\u0259lidir<\/em><\/strong><\/p>\n\n\n\n<p>\u0130caz\u0259siz taksi f\u0259aliyy\u0259ti il\u0259 m\u0259\u015f\u011ful olanlara qar\u015f\u0131 inzibati t\u0259nbeh t\u0259dbirl\u0259ri h\u0259yata ke\u00e7iril\u0259c\u0259k.<br>Az\u0259rbaycan Yer\u00fcst\u00fc N\u0259qliyyat Agentliyinin (AYNA) <a href=\"https:\/\/ayna.gov.az\/news\/476\">m\u0259lumat\u0131nda<\/a> bel\u0259 deyilir.<\/p>\n\n\n\n<p>Bildirilir ki, taksi minik avtomobili vasit\u0259sil\u0259 s\u0259rni\u015finda\u015f\u0131malarla m\u0259\u015f\u011ful olmaq ist\u0259y\u0259n h\u00fcquqi \u015f\u0259xsl\u0259r v\u0259 f\u0259rdi sahibkarlar icaz\u0259 \u0259sas\u0131nda f\u0259aliyy\u0259t g\u00f6st\u0259rm\u0259lidir.<\/p>\n\n\n\n<p>\u0130zinl\u0259ri elektron \u015f\u0259kild\u0259 AYNA verir.<\/p>\n\n\n\n<p><em>\u201c<a href=\"https:\/\/e-xidmet.ayna.gov.az\/\">\u0130stifad\u0259\u00e7il\u0259r<\/a> linkin\u0259 daxil olaraq, avtomobil n\u0259qliyyat\u0131 il\u0259 s\u0259rni\u015fin v\u0259 y\u00fckda\u015f\u0131malar\u0131 sah\u0259sind\u0259 icaz\u0259nin verilm\u0259si \u00fc\u00e7\u00fcn m\u00fcraci\u0259t b\u00f6lm\u0259sini se\u00e7m\u0259lidir. Elektron sistem m\u00fcvafiq d\u00f6vl\u0259t orqanlar\u0131n\u0131n informasiya sisteml\u0259rin\u0259 inteqrasiya edildiyind\u0259n t\u0259l\u0259b olunan s\u0259n\u0259dl\u0259rin say\u0131 minimuma endirilib, dig\u0259r d\u00f6vl\u0259t orqanlar\u0131n\u0131n informasiya sisteml\u0259rind\u0259n \u0259ld\u0259 edilm\u0259si m\u00fcmk\u00fcn olmayan m\u0259lumatlarla ba\u011fl\u0131 s\u0259n\u0259dl\u0259rin skan edilmi\u015f sur\u0259tinin m\u00fcraci\u0259t\u0259 \u0259lav\u0259 edilm\u0259si imkan\u0131 yarad\u0131l\u0131b\u201d<\/em>, &#8211; m\u0259lumatda deyilir.<\/p>\n\n\n<div class=\"wp-block-image\">\n<figure class=\"alignleft size-large is-resized\"><img decoding=\"async\" width=\"1160\" height=\"821\" data-src=\"https:\/\/www.meydan.tv\/wp-content\/uploads\/ayna_logo_blue-1160x821.png\" alt=\"\" class=\"wp-image-302494 lazyload\" style=\"--smush-placeholder-width: 1160px; --smush-placeholder-aspect-ratio: 1160\/821;width:406px;height:auto\" src=\"data:image\/svg+xml;base64,PHN2ZyB3aWR0aD0iMSIgaGVpZ2h0PSIxIiB4bWxucz0iaHR0cDovL3d3dy53My5vcmcvMjAwMC9zdmciPjwvc3ZnPg==\" \/><figcaption class=\"wp-element-caption\">Az\u0259rbaycan Yer\u00fcst\u00fc N\u0259qliyyat Agentliyi (AYNA). Foto: AYNA<\/figcaption><\/figure>\n<\/div>\n\n\n<p>AYNA bildirir ki, s\u00f6z\u00fcged\u0259n icaz\u0259si olmayan h\u00fcquqi \u015f\u0259xsl\u0259r v\u0259 ya f\u0259rdi sahibkarlar, eyni zamanda, icaz\u0259si olmayan \u015f\u0259xsl\u0259r\u0259 sifari\u015f \u00f6t\u00fcr\u0259n taksi sifari\u015f operatorlar\u0131 bar\u0259sind\u0259 \u0130nzibati X\u0259talar M\u0259c\u0259ll\u0259sin\u0259 uy\u011fun olaraq m\u00fcvafiq qaydada inzibati t\u0259nbeh t\u0259dbirl\u0259ri g\u00f6r\u00fcl\u0259c\u0259k.<\/p>\n\n\n\n<p>Son zamanlar taksil\u0259rl\u0259 ba\u011fl\u0131 xeyli q\u0259rar q\u0259bul edilib.<\/p>\n\n\n\n<p>Mart\u0131n 28-d\u0259 Nazirl\u0259r Kabinetinin t\u0259sdiql\u0259diyi \u201cM\u00fcnt\u0259z\u0259m v\u0259 taksi minik avtomobili il\u0259 s\u0259rni\u015fin da\u015f\u0131malar\u0131nda istifad\u0259 olunan avton\u0259qliyyat vasit\u0259l\u0259rinin texniki g\u00f6st\u0259ricil\u0259ri, daxili v\u0259 xarici t\u0259rtibat\u0131na dair <a href=\"https:\/\/www.meydan.tv\/az\/article\/yasi-15-den-cox-olan-avtomobiller-taksi-kimi-xidmet-gostere-bilmeyecek\/\">t\u0259l\u0259bl\u0259r\u201dl\u0259 <\/a>15 ild\u0259n \u00e7ox ya\u015f\u0131 olan avtomobill\u0259 taksi xidm\u0259ti g\u00f6st\u0259rm\u0259k m\u00fcmk\u00fcn olmayacaq. H\u0259m\u00e7inin 8 ild\u0259n k\u00f6hn\u0259 ma\u015f\u0131nlara burax\u0131l\u0131\u015f kart\u0131 verilm\u0259y\u0259c\u0259k.<\/p>\n\n\n\n<p>T\u0259l\u0259bl\u0259r\u0259 g\u00f6r\u0259, m\u00fcnt\u0259z\u0259m \u015f\u0259h\u0259rl\u0259raras\u0131 (rayonlararas\u0131) s\u0259rni\u015fin da\u015f\u0131malar\u0131nda istifad\u0259 olunan avton\u0259qliyyat vasit\u0259l\u0259rinin r\u0259ngi a\u011f olmal\u0131d\u0131r. \u015e\u0259h\u0259rdaxili (rayondaxili) q\u0131rm\u0131z\u0131, h\u0259r iki da\u015f\u0131malarda istifad\u0259 olunan elektrik m\u00fch\u0259rrikli avton\u0259qliyyat vasit\u0259l\u0259ri d\u0259 ya\u015f\u0131l r\u0259ngli olmal\u0131d\u0131r. Taksi minik avtomobill\u0259ri is\u0259 a\u011f v\u0259 ya q\u0131rm\u0131z\u0131 r\u0259ngl\u0259rd\u0259 olacaq.<br>Bu t\u0259l\u0259bl\u0259r 2024-c\u00fc il iyulun 1-d\u0259n \u00f6lk\u0259y\u0259 idxal edil\u0259n v\u0259 ya \u00f6lk\u0259d\u0259 istehsal edil\u0259n avton\u0259qliyyat vasit\u0259l\u0259rin\u0259 \u015famil edil\u0259c\u0259k.<\/p>\n","protected":false},"excerpt":{"rendered":"<p>H\u00fcquqi \u015f\u0259xsl\u0259r v\u0259 f\u0259rdi sahibkarlar icaz\u0259 \u0259sas\u0131nda f\u0259aliyy\u0259t g\u00f6st\u0259rm\u0259lidir \u0130caz\u0259siz &#8230; <\/p>\n<p class=\"read-more-container\"><a title=\"\u0130caz\u0259siz taksi s\u00fcr\u0259nl\u0259r c\u0259zaland\u0131r\u0131lacaq\" class=\"read-more button\" href=\"https:\/\/www.meydan.tv\/az\/article\/icazesiz-taksi-surenler-cezalandirilacaq\/#more-302493\" aria-label=\"Read more about \u0130caz\u0259siz taksi s\u00fcr\u0259nl\u0259r c\u0259zaland\u0131r\u0131lacaq\">Davam\u0131<\/a><\/p>\n","protected":false},"author":8,"featured_media":277290,"comment_status":"closed","ping_status":"closed","sticky":false,"template":"","format":"standard","meta":{"_acf_changed":false,"_sitemap_exclude":false,"_sitemap_priority":"","_sitemap_frequency":"","footnotes":""},"categories":[62,56],"tags":[],"class_list":["post-302493","post","type-post","status-publish","format-standard","has-post-thumbnail","hentry","category-sosial","category-xeberler","infinite-scroll-item","generate-columns","tablet-grid-50","mobile-grid-100","grid-parent","grid-33","no-featured-image-padding"],"acf":[],"yoast_head":"<!-- This site is optimized with the Yoast SEO plugin v27.5 - https:\/\/yoast.com\/product\/yoast-seo-wordpress\/ -->\n<title>\u0130caz\u0259siz taksi s\u00fcr\u0259nl\u0259r c\u0259zaland\u0131r\u0131lacaq - MEYDAN.TV<\/title>\n<meta name=\"robots\" content=\"index, follow, max-snippet:-1, max-image-preview:large, max-video-preview:-1\" \/>\n<link rel=\"canonical\" href=\"https:\/\/www.meydan.tv\/az\/article\/icazesiz-taksi-surenler-cezalandirilacaq\/\" \/>\n<meta property=\"og:locale\" content=\"az_AZ\" \/>\n<meta property=\"og:type\" content=\"article\" \/>\n<meta property=\"og:title\" content=\"\u0130caz\u0259siz taksi s\u00fcr\u0259nl\u0259r c\u0259zaland\u0131r\u0131lacaq - MEYDAN.TV\" \/>\n<meta property=\"og:description\" content=\"H\u00fcquqi \u015f\u0259xsl\u0259r v\u0259 f\u0259rdi sahibkarlar icaz\u0259 \u0259sas\u0131nda f\u0259aliyy\u0259t g\u00f6st\u0259rm\u0259lidir \u0130caz\u0259siz ... Davam\u0131\" \/>\n<meta property=\"og:url\" content=\"https:\/\/www.meydan.tv\/az\/article\/icazesiz-taksi-surenler-cezalandirilacaq\/\" \/>\n<meta property=\"og:site_name\" content=\"MEYDAN.TV\" \/>\n<meta property=\"article:published_time\" content=\"2024-04-02T08:33:37+00:00\" \/>\n<meta property=\"article:modified_time\" content=\"2024-04-02T08:33:42+00:00\" \/>\n<meta property=\"og:image\" content=\"https:\/\/www.meydan.tv\/wp-content\/uploads\/shutterstock_1999280993.jpg\" \/>\n\t<meta property=\"og:image:width\" content=\"1200\" \/>\n\t<meta property=\"og:image:height\" content=\"794\" \/>\n\t<meta property=\"og:image:type\" content=\"image\/jpeg\" \/>\n<meta name=\"author\" content=\"elli\" \/>\n<meta name=\"twitter:card\" content=\"summary_large_image\" \/>\n<meta name=\"twitter:creator\" content=\"@elli\" \/>\n<script type=\"application\/ld+json\" class=\"yoast-schema-graph\">{\"@context\":\"https:\\\/\\\/schema.org\",\"@graph\":[{\"@type\":\"Article\",\"@id\":\"https:\\\/\\\/www.meydan.tv\\\/az\\\/article\\\/icazesiz-taksi-surenler-cezalandirilacaq\\\/#article\",\"isPartOf\":{\"@id\":\"https:\\\/\\\/www.meydan.tv\\\/az\\\/article\\\/icazesiz-taksi-surenler-cezalandirilacaq\\\/\"},\"author\":{\"name\":\"elli\",\"@id\":\"https:\\\/\\\/www.meydan.tv\\\/az\\\/#\\\/schema\\\/person\\\/9cdbecf90d17180ce1dfbd95b08dcf47\"},\"headline\":\"\u0130caz\u0259siz taksi s\u00fcr\u0259nl\u0259r c\u0259zaland\u0131r\u0131lacaq\",\"datePublished\":\"2024-04-02T08:33:37+00:00\",\"dateModified\":\"2024-04-02T08:33:42+00:00\",\"mainEntityOfPage\":{\"@id\":\"https:\\\/\\\/www.meydan.tv\\\/az\\\/article\\\/icazesiz-taksi-surenler-cezalandirilacaq\\\/\"},\"wordCount\":482,\"publisher\":{\"@id\":\"https:\\\/\\\/www.meydan.tv\\\/az\\\/#organization\"},\"image\":{\"@id\":\"https:\\\/\\\/www.meydan.tv\\\/az\\\/article\\\/icazesiz-taksi-surenler-cezalandirilacaq\\\/#primaryimage\"},\"thumbnailUrl\":\"https:\\\/\\\/www.meydan.tv\\\/wp-content\\\/uploads\\\/shutterstock_1999280993.jpg\",\"articleSection\":[\"Sosial\",\"X\u0259b\u0259rl\u0259r\"],\"inLanguage\":\"az\"},{\"@type\":\"WebPage\",\"@id\":\"https:\\\/\\\/www.meydan.tv\\\/az\\\/article\\\/icazesiz-taksi-surenler-cezalandirilacaq\\\/\",\"url\":\"https:\\\/\\\/www.meydan.tv\\\/az\\\/article\\\/icazesiz-taksi-surenler-cezalandirilacaq\\\/\",\"name\":\"\u0130caz\u0259siz taksi s\u00fcr\u0259nl\u0259r c\u0259zaland\u0131r\u0131lacaq - MEYDAN.TV\",\"isPartOf\":{\"@id\":\"https:\\\/\\\/www.meydan.tv\\\/az\\\/#website\"},\"primaryImageOfPage\":{\"@id\":\"https:\\\/\\\/www.meydan.tv\\\/az\\\/article\\\/icazesiz-taksi-surenler-cezalandirilacaq\\\/#primaryimage\"},\"image\":{\"@id\":\"https:\\\/\\\/www.meydan.tv\\\/az\\\/article\\\/icazesiz-taksi-surenler-cezalandirilacaq\\\/#primaryimage\"},\"thumbnailUrl\":\"https:\\\/\\\/www.meydan.tv\\\/wp-content\\\/uploads\\\/shutterstock_1999280993.jpg\",\"datePublished\":\"2024-04-02T08:33:37+00:00\",\"dateModified\":\"2024-04-02T08:33:42+00:00\",\"breadcrumb\":{\"@id\":\"https:\\\/\\\/www.meydan.tv\\\/az\\\/article\\\/icazesiz-taksi-surenler-cezalandirilacaq\\\/#breadcrumb\"},\"inLanguage\":\"az\",\"potentialAction\":[{\"@type\":\"ReadAction\",\"target\":[\"https:\\\/\\\/www.meydan.tv\\\/az\\\/article\\\/icazesiz-taksi-surenler-cezalandirilacaq\\\/\"]}]},{\"@type\":\"ImageObject\",\"inLanguage\":\"az\",\"@id\":\"https:\\\/\\\/www.meydan.tv\\\/az\\\/article\\\/icazesiz-taksi-surenler-cezalandirilacaq\\\/#primaryimage\",\"url\":\"https:\\\/\\\/www.meydan.tv\\\/wp-content\\\/uploads\\\/shutterstock_1999280993.jpg\",\"contentUrl\":\"https:\\\/\\\/www.meydan.tv\\\/wp-content\\\/uploads\\\/shutterstock_1999280993.jpg\",\"width\":1200,\"height\":794,\"caption\":\"Taksi. Foto: natatravel\\\/shutterstock\"},{\"@type\":\"BreadcrumbList\",\"@id\":\"https:\\\/\\\/www.meydan.tv\\\/az\\\/article\\\/icazesiz-taksi-surenler-cezalandirilacaq\\\/#breadcrumb\",\"itemListElement\":[{\"@type\":\"ListItem\",\"position\":1,\"name\":\"Ana s\u0259hif\u0259\",\"item\":\"https:\\\/\\\/www.meydan.tv\\\/az\\\/\"},{\"@type\":\"ListItem\",\"position\":2,\"name\":\"Sosial\",\"item\":\"https:\\\/\\\/www.meydan.tv\\\/az\\\/section\\\/sosial\\\/\"},{\"@type\":\"ListItem\",\"position\":3,\"name\":\"\u0130caz\u0259siz taksi s\u00fcr\u0259nl\u0259r c\u0259zaland\u0131r\u0131lacaq\"}]},{\"@type\":\"WebSite\",\"@id\":\"https:\\\/\\\/www.meydan.tv\\\/az\\\/#website\",\"url\":\"https:\\\/\\\/www.meydan.tv\\\/az\\\/\",\"name\":\"MEYDAN.TV\",\"description\":\"Meydan TV Az\u0259rbaycan\u0131n media m\u0259kan\u0131ndak\u0131 alternativ s\u0259sidir\",\"publisher\":{\"@id\":\"https:\\\/\\\/www.meydan.tv\\\/az\\\/#organization\"},\"potentialAction\":[{\"@type\":\"SearchAction\",\"target\":{\"@type\":\"EntryPoint\",\"urlTemplate\":\"https:\\\/\\\/www.meydan.tv\\\/az\\\/?s={search_term_string}\"},\"query-input\":{\"@type\":\"PropertyValueSpecification\",\"valueRequired\":true,\"valueName\":\"search_term_string\"}}],\"inLanguage\":\"az\"},{\"@type\":\"Organization\",\"@id\":\"https:\\\/\\\/www.meydan.tv\\\/az\\\/#organization\",\"name\":\"Meydan TV\",\"url\":\"https:\\\/\\\/www.meydan.tv\\\/az\\\/\",\"logo\":{\"@type\":\"ImageObject\",\"inLanguage\":\"az\",\"@id\":\"https:\\\/\\\/www.meydan.tv\\\/az\\\/#\\\/schema\\\/logo\\\/image\\\/\",\"url\":\"https:\\\/\\\/www.meydan.tv\\\/wp-content\\\/uploads\\\/2021\\\/07\\\/meydan-logo.svg\",\"contentUrl\":\"https:\\\/\\\/www.meydan.tv\\\/wp-content\\\/uploads\\\/2021\\\/07\\\/meydan-logo.svg\",\"width\":195,\"height\":46,\"caption\":\"Meydan TV\"},\"image\":{\"@id\":\"https:\\\/\\\/www.meydan.tv\\\/az\\\/#\\\/schema\\\/logo\\\/image\\\/\"}},{\"@type\":\"Person\",\"@id\":\"https:\\\/\\\/www.meydan.tv\\\/az\\\/#\\\/schema\\\/person\\\/9cdbecf90d17180ce1dfbd95b08dcf47\",\"name\":\"elli\",\"sameAs\":[\"https:\\\/\\\/x.com\\\/elli\"]}]}<\/script>\n<!-- \/ Yoast SEO plugin. -->","yoast_head_json":{"title":"\u0130caz\u0259siz taksi s\u00fcr\u0259nl\u0259r c\u0259zaland\u0131r\u0131lacaq - MEYDAN.TV","robots":{"index":"index","follow":"follow","max-snippet":"max-snippet:-1","max-image-preview":"max-image-preview:large","max-video-preview":"max-video-preview:-1"},"canonical":"https:\/\/www.meydan.tv\/az\/article\/icazesiz-taksi-surenler-cezalandirilacaq\/","og_locale":"az_AZ","og_type":"article","og_title":"\u0130caz\u0259siz taksi s\u00fcr\u0259nl\u0259r c\u0259zaland\u0131r\u0131lacaq - MEYDAN.TV","og_description":"H\u00fcquqi \u015f\u0259xsl\u0259r v\u0259 f\u0259rdi sahibkarlar icaz\u0259 \u0259sas\u0131nda f\u0259aliyy\u0259t g\u00f6st\u0259rm\u0259lidir \u0130caz\u0259siz ... Davam\u0131","og_url":"https:\/\/www.meydan.tv\/az\/article\/icazesiz-taksi-surenler-cezalandirilacaq\/","og_site_name":"MEYDAN.TV","article_published_time":"2024-04-02T08:33:37+00:00","article_modified_time":"2024-04-02T08:33:42+00:00","og_image":[{"width":1200,"height":794,"url":"https:\/\/www.meydan.tv\/wp-content\/uploads\/shutterstock_1999280993.jpg","type":"image\/jpeg"}],"author":"elli","twitter_card":"summary_large_image","twitter_creator":"@elli","schema":{"@context":"https:\/\/schema.org","@graph":[{"@type":"Article","@id":"https:\/\/www.meydan.tv\/az\/article\/icazesiz-taksi-surenler-cezalandirilacaq\/#article","isPartOf":{"@id":"https:\/\/www.meydan.tv\/az\/article\/icazesiz-taksi-surenler-cezalandirilacaq\/"},"author":{"name":"elli","@id":"https:\/\/www.meydan.tv\/az\/#\/schema\/person\/9cdbecf90d17180ce1dfbd95b08dcf47"},"headline":"\u0130caz\u0259siz taksi s\u00fcr\u0259nl\u0259r c\u0259zaland\u0131r\u0131lacaq","datePublished":"2024-04-02T08:33:37+00:00","dateModified":"2024-04-02T08:33:42+00:00","mainEntityOfPage":{"@id":"https:\/\/www.meydan.tv\/az\/article\/icazesiz-taksi-surenler-cezalandirilacaq\/"},"wordCount":482,"publisher":{"@id":"https:\/\/www.meydan.tv\/az\/#organization"},"image":{"@id":"https:\/\/www.meydan.tv\/az\/article\/icazesiz-taksi-surenler-cezalandirilacaq\/#primaryimage"},"thumbnailUrl":"https:\/\/www.meydan.tv\/wp-content\/uploads\/shutterstock_1999280993.jpg","articleSection":["Sosial","X\u0259b\u0259rl\u0259r"],"inLanguage":"az"},{"@type":"WebPage","@id":"https:\/\/www.meydan.tv\/az\/article\/icazesiz-taksi-surenler-cezalandirilacaq\/","url":"https:\/\/www.meydan.tv\/az\/article\/icazesiz-taksi-surenler-cezalandirilacaq\/","name":"\u0130caz\u0259siz taksi s\u00fcr\u0259nl\u0259r c\u0259zaland\u0131r\u0131lacaq - MEYDAN.TV","isPartOf":{"@id":"https:\/\/www.meydan.tv\/az\/#website"},"primaryImageOfPage":{"@id":"https:\/\/www.meydan.tv\/az\/article\/icazesiz-taksi-surenler-cezalandirilacaq\/#primaryimage"},"image":{"@id":"https:\/\/www.meydan.tv\/az\/article\/icazesiz-taksi-surenler-cezalandirilacaq\/#primaryimage"},"thumbnailUrl":"https:\/\/www.meydan.tv\/wp-content\/uploads\/shutterstock_1999280993.jpg","datePublished":"2024-04-02T08:33:37+00:00","dateModified":"2024-04-02T08:33:42+00:00","breadcrumb":{"@id":"https:\/\/www.meydan.tv\/az\/article\/icazesiz-taksi-surenler-cezalandirilacaq\/#breadcrumb"},"inLanguage":"az","potentialAction":[{"@type":"ReadAction","target":["https:\/\/www.meydan.tv\/az\/article\/icazesiz-taksi-surenler-cezalandirilacaq\/"]}]},{"@type":"ImageObject","inLanguage":"az","@id":"https:\/\/www.meydan.tv\/az\/article\/icazesiz-taksi-surenler-cezalandirilacaq\/#primaryimage","url":"https:\/\/www.meydan.tv\/wp-content\/uploads\/shutterstock_1999280993.jpg","contentUrl":"https:\/\/www.meydan.tv\/wp-content\/uploads\/shutterstock_1999280993.jpg","width":1200,"height":794,"caption":"Taksi. Foto: natatravel\/shutterstock"},{"@type":"BreadcrumbList","@id":"https:\/\/www.meydan.tv\/az\/article\/icazesiz-taksi-surenler-cezalandirilacaq\/#breadcrumb","itemListElement":[{"@type":"ListItem","position":1,"name":"Ana s\u0259hif\u0259","item":"https:\/\/www.meydan.tv\/az\/"},{"@type":"ListItem","position":2,"name":"Sosial","item":"https:\/\/www.meydan.tv\/az\/section\/sosial\/"},{"@type":"ListItem","position":3,"name":"\u0130caz\u0259siz taksi s\u00fcr\u0259nl\u0259r c\u0259zaland\u0131r\u0131lacaq"}]},{"@type":"WebSite","@id":"https:\/\/www.meydan.tv\/az\/#website","url":"https:\/\/www.meydan.tv\/az\/","name":"MEYDAN.TV","description":"Meydan TV Az\u0259rbaycan\u0131n media m\u0259kan\u0131ndak\u0131 alternativ s\u0259sidir","publisher":{"@id":"https:\/\/www.meydan.tv\/az\/#organization"},"potentialAction":[{"@type":"SearchAction","target":{"@type":"EntryPoint","urlTemplate":"https:\/\/www.meydan.tv\/az\/?s={search_term_string}"},"query-input":{"@type":"PropertyValueSpecification","valueRequired":true,"valueName":"search_term_string"}}],"inLanguage":"az"},{"@type":"Organization","@id":"https:\/\/www.meydan.tv\/az\/#organization","name":"Meydan TV","url":"https:\/\/www.meydan.tv\/az\/","logo":{"@type":"ImageObject","inLanguage":"az","@id":"https:\/\/www.meydan.tv\/az\/#\/schema\/logo\/image\/","url":"https:\/\/www.meydan.tv\/wp-content\/uploads\/2021\/07\/meydan-logo.svg","contentUrl":"https:\/\/www.meydan.tv\/wp-content\/uploads\/2021\/07\/meydan-logo.svg","width":195,"height":46,"caption":"Meydan TV"},"image":{"@id":"https:\/\/www.meydan.tv\/az\/#\/schema\/logo\/image\/"}},{"@type":"Person","@id":"https:\/\/www.meydan.tv\/az\/#\/schema\/person\/9cdbecf90d17180ce1dfbd95b08dcf47","name":"elli","sameAs":["https:\/\/x.com\/elli"]}]}},"_links":{"self":[{"href":"https:\/\/www.meydan.tv\/az\/wp-json\/wp\/v2\/posts\/302493","targetHints":{"allow":["GET"]}}],"collection":[{"href":"https:\/\/www.meydan.tv\/az\/wp-json\/wp\/v2\/posts"}],"about":[{"href":"https:\/\/www.meydan.tv\/az\/wp-json\/wp\/v2\/types\/post"}],"author":[{"embeddable":true,"href":"https:\/\/www.meydan.tv\/az\/wp-json\/wp\/v2\/users\/8"}],"replies":[{"embeddable":true,"href":"https:\/\/www.meydan.tv\/az\/wp-json\/wp\/v2\/comments?post=302493"}],"version-history":[{"count":3,"href":"https:\/\/www.meydan.tv\/az\/wp-json\/wp\/v2\/posts\/302493\/revisions"}],"predecessor-version":[{"id":302499,"href":"https:\/\/www.meydan.tv\/az\/wp-json\/wp\/v2\/posts\/302493\/revisions\/302499"}],"wp:featuredmedia":[{"embeddable":true,"href":"https:\/\/www.meydan.tv\/az\/wp-json\/wp\/v2\/media\/277290"}],"wp:attachment":[{"href":"https:\/\/www.meydan.tv\/az\/wp-json\/wp\/v2\/media?parent=302493"}],"wp:term":[{"taxonomy":"category","embeddable":true,"href":"https:\/\/www.meydan.tv\/az\/wp-json\/wp\/v2\/categories?post=302493"},{"taxonomy":"post_tag","embeddable":true,"href":"https:\/\/www.meydan.tv\/az\/wp-json\/wp\/v2\/tags?post=302493"}],"curies":[{"name":"wp","href":"https:\/\/api.w.org\/{rel}","templated":true}]}}