{"id":302446,"date":"2024-04-01T15:24:01","date_gmt":"2024-04-01T11:24:01","guid":{"rendered":"https:\/\/www.meydan.tv\/?p=302446"},"modified":"2024-04-01T15:39:15","modified_gmt":"2024-04-01T11:39:15","slug":"deniz-sahilinde-meyiti-tapilan-yas-yarimliq-usagi-atasinin-oldurduyu-bildirilir","status":"publish","type":"post","link":"https:\/\/www.meydan.tv\/az\/article\/deniz-sahilinde-meyiti-tapilan-yas-yarimliq-usagi-atasinin-oldurduyu-bildirilir\/","title":{"rendered":"D\u0259niz sahilind\u0259 meyiti tap\u0131lan ya\u015f yar\u0131ml\u0131q u\u015fa\u011f\u0131 atas\u0131n\u0131n \u00f6ld\u00fcrd\u00fcy\u00fc bildirilir"},"content":{"rendered":"\n<p><\/p>\n\n\n\n<p><em><strong>\u201cSoru\u015fdum ki, Ahmet, u\u015fa\u011f\u0131 hara apar\u0131rsan? Dedi ki, \u00e7\u00f6ld\u0259 g\u0259zdirir\u0259m&#8221;<\/strong><\/em><\/p>\n\n\n\n<p>Mart\u0131n 31-d\u0259 Sumqay\u0131t\u0131n Hac\u0131 Zeynalabdin Ta\u011f\u0131yev q\u0259s\u0259b\u0259sind\u0259 d\u0259niz sahilind\u0259 meyiti tap\u0131lan ya\u015f yar\u0131ml\u0131q q\u0131z u\u015fa\u011f\u0131n\u0131 atas\u0131n\u0131n \u00f6ld\u00fcrd\u00fcy\u00fc iddia olunur.<\/p>\n\n\n\n<p>Bu bar\u0259d\u0259 Sumqay\u0131t \u015e\u0259h\u0259r Prokurorlu\u011fu m\u0259lumat yay\u0131b.<\/p>\n\n\n\n<p><em>\u201cAra\u015fd\u0131rmalarla Ye\u015fil Ahmet Turan\u0131n Sumqay\u0131t \u015f\u0259h\u0259ri Zeynalabdin Ta\u011f\u0131yev q\u0259s\u0259b\u0259sind\u0259 azya\u015fl\u0131 \u00f6vlad\u0131n\u0131 suda bo\u011faraq, q\u0259sd\u0259n \u00f6ld\u00fcrm\u0259sin\u0259 \u0259sasl\u0131 \u015f\u00fcbh\u0259l\u0259r m\u00fc\u0259yy\u0259n edilib\u201d<\/em>, &#8211; prokurorluqdan bildirilib.<\/p>\n\n\n\n<p>Faktla ba\u011fl\u0131 Sumqay\u0131t \u015f\u0259h\u0259r prokurorlu\u011funda Cinay\u0259t M\u0259c\u0259ll\u0259sinin 120.2.9-cu (t\u0259qsirkar \u015f\u0259xs \u00fc\u00e7\u00fcn a\u015fkar sur\u0259td\u0259 k\u00f6m\u0259ksiz v\u0259ziyy\u0259td\u0259 olan adam\u0131 \u00f6ld\u00fcrm\u0259) madd\u0259si il\u0259 cinay\u0259t i\u015fi ba\u015flan\u0131b.<\/p>\n\n\n\n<p>1984-c\u00fc il t\u0259v\u0259ll\u00fcdl\u00fc Ye\u015fil Ahmet Turan tutulub.<\/p>\n\n\n\n<p>U\u015fa\u011f\u0131n ana n\u0259n\u0259si Azad\u0259 Abdullayeva jurnalistl\u0259r\u0259 a\u00e7\u0131qlamas\u0131nda bildirib ki, Ahmet Turan u\u015fa\u011f\u0131 aparanda anas\u0131 hamamda olub:<\/p>\n\n\n\n<p><em>\u201cSoru\u015fdum ki, Ahmet, u\u015fa\u011f\u0131 hara apar\u0131rsan? Dedi ki, \u00e7\u00f6ld\u0259 g\u0259zdirir\u0259m. H\u0259mi\u015f\u0259 apar\u0131b, ma\u011fazadan ona ay\u0131n-oyun al\u0131b g\u0259tirirdi. Fikirl\u0259\u015fdim ki, y\u0259qin, yen\u0259 ma\u011fazaya apar\u0131r. G\u00f6zl\u0259dik, g\u0259lm\u0259di. Z\u0259ng el\u0259yirik, telefonu a\u00e7m\u0131r. Fikirl\u0259\u015fdik ki, b\u0259lk\u0259, ac\u0131q el\u0259yib, u\u015fa\u011f\u0131 da dostugil\u0259 apar\u0131b\u201d<\/em>.<\/p>\n\n\n\n<p>Azad\u0259 Abdullayeva \u0259lav\u0259 edib ki, ail\u0259d\u0259 problem olmay\u0131b:<\/p>\n\n\n\n<p><em> \u201c\u00d6z\u00fcn\u00fcn ba\u015f\u0131nda n\u0259 var, n\u0259 i\u015fl\u0259 m\u0259\u015f\u011fuldur, onu bilmirik\u201d.<\/em><\/p>\n\n\n\n<p>U\u015fa\u011f\u0131n meyitini \u0259razid\u0259 v\u0259t\u0259nda\u015flar g\u00f6r\u00fcb v\u0259 h\u00fcquq-m\u00fchafiz\u0259 orqanlar\u0131na m\u0259lumat veribl\u0259r.<\/p>\n\n\n\n<p>T\u0259qsirl\u0259ndiril\u0259n Ye\u015fil Ahmet Turan\u0131n q\u0131z\u0131n\u0131 \u00f6ld\u00fcrm\u0259si bar\u0259d\u0259 ittihama m\u00fcnasib\u0259ti m\u0259lum deyil.<\/p>\n","protected":false},"excerpt":{"rendered":"<p>\u201cSoru\u015fdum ki, Ahmet, u\u015fa\u011f\u0131 hara apar\u0131rsan? Dedi ki, \u00e7\u00f6ld\u0259 g\u0259zdirir\u0259m&#8221; &#8230; <\/p>\n<p class=\"read-more-container\"><a title=\"D\u0259niz sahilind\u0259 meyiti tap\u0131lan ya\u015f yar\u0131ml\u0131q u\u015fa\u011f\u0131 atas\u0131n\u0131n \u00f6ld\u00fcrd\u00fcy\u00fc bildirilir\" class=\"read-more button\" href=\"https:\/\/www.meydan.tv\/az\/article\/deniz-sahilinde-meyiti-tapilan-yas-yarimliq-usagi-atasinin-oldurduyu-bildirilir\/#more-302446\" aria-label=\"Read more about D\u0259niz sahilind\u0259 meyiti tap\u0131lan ya\u015f yar\u0131ml\u0131q u\u015fa\u011f\u0131 atas\u0131n\u0131n \u00f6ld\u00fcrd\u00fcy\u00fc bildirilir\">Davam\u0131<\/a><\/p>\n","protected":false},"author":12,"featured_media":257656,"comment_status":"closed","ping_status":"closed","sticky":false,"template":"","format":"standard","meta":{"_acf_changed":false,"_sitemap_exclude":false,"_sitemap_priority":"","_sitemap_frequency":"","footnotes":""},"categories":[62,79,56],"tags":[],"class_list":["post-302446","post","type-post","status-publish","format-standard","has-post-thumbnail","hentry","category-sosial","category-featured","category-xeberler","infinite-scroll-item","generate-columns","tablet-grid-50","mobile-grid-100","grid-parent","grid-33","no-featured-image-padding"],"acf":[],"yoast_head":"<!-- This site is optimized with the Yoast SEO plugin v27.5 - https:\/\/yoast.com\/product\/yoast-seo-wordpress\/ -->\n<title>D\u0259niz sahilind\u0259 meyiti tap\u0131lan ya\u015f yar\u0131ml\u0131q u\u015fa\u011f\u0131 atas\u0131n\u0131n \u00f6ld\u00fcrd\u00fcy\u00fc bildirilir - MEYDAN.TV<\/title>\n<meta name=\"robots\" content=\"index, follow, max-snippet:-1, max-image-preview:large, max-video-preview:-1\" \/>\n<link rel=\"canonical\" href=\"https:\/\/www.meydan.tv\/az\/article\/deniz-sahilinde-meyiti-tapilan-yas-yarimliq-usagi-atasinin-oldurduyu-bildirilir\/\" \/>\n<meta property=\"og:locale\" content=\"az_AZ\" \/>\n<meta property=\"og:type\" content=\"article\" \/>\n<meta property=\"og:title\" content=\"D\u0259niz sahilind\u0259 meyiti tap\u0131lan ya\u015f yar\u0131ml\u0131q u\u015fa\u011f\u0131 atas\u0131n\u0131n \u00f6ld\u00fcrd\u00fcy\u00fc bildirilir - MEYDAN.TV\" \/>\n<meta property=\"og:description\" content=\"\u201cSoru\u015fdum ki, Ahmet, u\u015fa\u011f\u0131 hara apar\u0131rsan? Dedi ki, \u00e7\u00f6ld\u0259 g\u0259zdirir\u0259m&#8221; ... Davam\u0131\" \/>\n<meta property=\"og:url\" content=\"https:\/\/www.meydan.tv\/az\/article\/deniz-sahilinde-meyiti-tapilan-yas-yarimliq-usagi-atasinin-oldurduyu-bildirilir\/\" \/>\n<meta property=\"og:site_name\" content=\"MEYDAN.TV\" \/>\n<meta property=\"article:published_time\" content=\"2024-04-01T11:24:01+00:00\" \/>\n<meta property=\"article:modified_time\" content=\"2024-04-01T11:39:15+00:00\" \/>\n<meta property=\"og:image\" content=\"https:\/\/www.meydan.tv\/wp-content\/uploads\/untitled_artwork_1-2.jpg\" \/>\n\t<meta property=\"og:image:width\" content=\"1200\" \/>\n\t<meta property=\"og:image:height\" content=\"675\" \/>\n\t<meta property=\"og:image:type\" content=\"image\/jpeg\" \/>\n<meta name=\"author\" content=\"aleks\" \/>\n<meta name=\"twitter:card\" content=\"summary_large_image\" \/>\n<script type=\"application\/ld+json\" class=\"yoast-schema-graph\">{\"@context\":\"https:\\\/\\\/schema.org\",\"@graph\":[{\"@type\":\"Article\",\"@id\":\"https:\\\/\\\/www.meydan.tv\\\/az\\\/article\\\/deniz-sahilinde-meyiti-tapilan-yas-yarimliq-usagi-atasinin-oldurduyu-bildirilir\\\/#article\",\"isPartOf\":{\"@id\":\"https:\\\/\\\/www.meydan.tv\\\/az\\\/article\\\/deniz-sahilinde-meyiti-tapilan-yas-yarimliq-usagi-atasinin-oldurduyu-bildirilir\\\/\"},\"author\":{\"name\":\"aleks\",\"@id\":\"https:\\\/\\\/www.meydan.tv\\\/az\\\/#\\\/schema\\\/person\\\/476e9360e593fa131d5d71d51866f8da\"},\"headline\":\"D\u0259niz sahilind\u0259 meyiti tap\u0131lan ya\u015f yar\u0131ml\u0131q u\u015fa\u011f\u0131 atas\u0131n\u0131n \u00f6ld\u00fcrd\u00fcy\u00fc bildirilir\",\"datePublished\":\"2024-04-01T11:24:01+00:00\",\"dateModified\":\"2024-04-01T11:39:15+00:00\",\"mainEntityOfPage\":{\"@id\":\"https:\\\/\\\/www.meydan.tv\\\/az\\\/article\\\/deniz-sahilinde-meyiti-tapilan-yas-yarimliq-usagi-atasinin-oldurduyu-bildirilir\\\/\"},\"wordCount\":343,\"publisher\":{\"@id\":\"https:\\\/\\\/www.meydan.tv\\\/az\\\/#organization\"},\"image\":{\"@id\":\"https:\\\/\\\/www.meydan.tv\\\/az\\\/article\\\/deniz-sahilinde-meyiti-tapilan-yas-yarimliq-usagi-atasinin-oldurduyu-bildirilir\\\/#primaryimage\"},\"thumbnailUrl\":\"https:\\\/\\\/www.meydan.tv\\\/wp-content\\\/uploads\\\/untitled_artwork_1-2.jpg\",\"articleSection\":[\"Sosial\",\"T\u00f6vsiy\u0259\",\"X\u0259b\u0259rl\u0259r\"],\"inLanguage\":\"az\"},{\"@type\":\"WebPage\",\"@id\":\"https:\\\/\\\/www.meydan.tv\\\/az\\\/article\\\/deniz-sahilinde-meyiti-tapilan-yas-yarimliq-usagi-atasinin-oldurduyu-bildirilir\\\/\",\"url\":\"https:\\\/\\\/www.meydan.tv\\\/az\\\/article\\\/deniz-sahilinde-meyiti-tapilan-yas-yarimliq-usagi-atasinin-oldurduyu-bildirilir\\\/\",\"name\":\"D\u0259niz sahilind\u0259 meyiti tap\u0131lan ya\u015f yar\u0131ml\u0131q u\u015fa\u011f\u0131 atas\u0131n\u0131n \u00f6ld\u00fcrd\u00fcy\u00fc bildirilir - MEYDAN.TV\",\"isPartOf\":{\"@id\":\"https:\\\/\\\/www.meydan.tv\\\/az\\\/#website\"},\"primaryImageOfPage\":{\"@id\":\"https:\\\/\\\/www.meydan.tv\\\/az\\\/article\\\/deniz-sahilinde-meyiti-tapilan-yas-yarimliq-usagi-atasinin-oldurduyu-bildirilir\\\/#primaryimage\"},\"image\":{\"@id\":\"https:\\\/\\\/www.meydan.tv\\\/az\\\/article\\\/deniz-sahilinde-meyiti-tapilan-yas-yarimliq-usagi-atasinin-oldurduyu-bildirilir\\\/#primaryimage\"},\"thumbnailUrl\":\"https:\\\/\\\/www.meydan.tv\\\/wp-content\\\/uploads\\\/untitled_artwork_1-2.jpg\",\"datePublished\":\"2024-04-01T11:24:01+00:00\",\"dateModified\":\"2024-04-01T11:39:15+00:00\",\"breadcrumb\":{\"@id\":\"https:\\\/\\\/www.meydan.tv\\\/az\\\/article\\\/deniz-sahilinde-meyiti-tapilan-yas-yarimliq-usagi-atasinin-oldurduyu-bildirilir\\\/#breadcrumb\"},\"inLanguage\":\"az\",\"potentialAction\":[{\"@type\":\"ReadAction\",\"target\":[\"https:\\\/\\\/www.meydan.tv\\\/az\\\/article\\\/deniz-sahilinde-meyiti-tapilan-yas-yarimliq-usagi-atasinin-oldurduyu-bildirilir\\\/\"]}]},{\"@type\":\"ImageObject\",\"inLanguage\":\"az\",\"@id\":\"https:\\\/\\\/www.meydan.tv\\\/az\\\/article\\\/deniz-sahilinde-meyiti-tapilan-yas-yarimliq-usagi-atasinin-oldurduyu-bildirilir\\\/#primaryimage\",\"url\":\"https:\\\/\\\/www.meydan.tv\\\/wp-content\\\/uploads\\\/untitled_artwork_1-2.jpg\",\"contentUrl\":\"https:\\\/\\\/www.meydan.tv\\\/wp-content\\\/uploads\\\/untitled_artwork_1-2.jpg\",\"width\":1200,\"height\":675,\"caption\":\"\u0130ll\u00fcstrasiya: Meydan TV\"},{\"@type\":\"BreadcrumbList\",\"@id\":\"https:\\\/\\\/www.meydan.tv\\\/az\\\/article\\\/deniz-sahilinde-meyiti-tapilan-yas-yarimliq-usagi-atasinin-oldurduyu-bildirilir\\\/#breadcrumb\",\"itemListElement\":[{\"@type\":\"ListItem\",\"position\":1,\"name\":\"Ana s\u0259hif\u0259\",\"item\":\"https:\\\/\\\/www.meydan.tv\\\/az\\\/\"},{\"@type\":\"ListItem\",\"position\":2,\"name\":\"T\u00f6vsiy\u0259\",\"item\":\"https:\\\/\\\/www.meydan.tv\\\/az\\\/section\\\/featured\\\/\"},{\"@type\":\"ListItem\",\"position\":3,\"name\":\"D\u0259niz sahilind\u0259 meyiti tap\u0131lan ya\u015f yar\u0131ml\u0131q u\u015fa\u011f\u0131 atas\u0131n\u0131n \u00f6ld\u00fcrd\u00fcy\u00fc bildirilir\"}]},{\"@type\":\"WebSite\",\"@id\":\"https:\\\/\\\/www.meydan.tv\\\/az\\\/#website\",\"url\":\"https:\\\/\\\/www.meydan.tv\\\/az\\\/\",\"name\":\"MEYDAN.TV\",\"description\":\"Meydan TV Az\u0259rbaycan\u0131n media m\u0259kan\u0131ndak\u0131 alternativ s\u0259sidir\",\"publisher\":{\"@id\":\"https:\\\/\\\/www.meydan.tv\\\/az\\\/#organization\"},\"potentialAction\":[{\"@type\":\"SearchAction\",\"target\":{\"@type\":\"EntryPoint\",\"urlTemplate\":\"https:\\\/\\\/www.meydan.tv\\\/az\\\/?s={search_term_string}\"},\"query-input\":{\"@type\":\"PropertyValueSpecification\",\"valueRequired\":true,\"valueName\":\"search_term_string\"}}],\"inLanguage\":\"az\"},{\"@type\":\"Organization\",\"@id\":\"https:\\\/\\\/www.meydan.tv\\\/az\\\/#organization\",\"name\":\"Meydan TV\",\"url\":\"https:\\\/\\\/www.meydan.tv\\\/az\\\/\",\"logo\":{\"@type\":\"ImageObject\",\"inLanguage\":\"az\",\"@id\":\"https:\\\/\\\/www.meydan.tv\\\/az\\\/#\\\/schema\\\/logo\\\/image\\\/\",\"url\":\"https:\\\/\\\/www.meydan.tv\\\/wp-content\\\/uploads\\\/2021\\\/07\\\/meydan-logo.svg\",\"contentUrl\":\"https:\\\/\\\/www.meydan.tv\\\/wp-content\\\/uploads\\\/2021\\\/07\\\/meydan-logo.svg\",\"width\":195,\"height\":46,\"caption\":\"Meydan TV\"},\"image\":{\"@id\":\"https:\\\/\\\/www.meydan.tv\\\/az\\\/#\\\/schema\\\/logo\\\/image\\\/\"}},{\"@type\":\"Person\",\"@id\":\"https:\\\/\\\/www.meydan.tv\\\/az\\\/#\\\/schema\\\/person\\\/476e9360e593fa131d5d71d51866f8da\",\"name\":\"aleks\"}]}<\/script>\n<!-- \/ Yoast SEO plugin. -->","yoast_head_json":{"title":"D\u0259niz sahilind\u0259 meyiti tap\u0131lan ya\u015f yar\u0131ml\u0131q u\u015fa\u011f\u0131 atas\u0131n\u0131n \u00f6ld\u00fcrd\u00fcy\u00fc bildirilir - MEYDAN.TV","robots":{"index":"index","follow":"follow","max-snippet":"max-snippet:-1","max-image-preview":"max-image-preview:large","max-video-preview":"max-video-preview:-1"},"canonical":"https:\/\/www.meydan.tv\/az\/article\/deniz-sahilinde-meyiti-tapilan-yas-yarimliq-usagi-atasinin-oldurduyu-bildirilir\/","og_locale":"az_AZ","og_type":"article","og_title":"D\u0259niz sahilind\u0259 meyiti tap\u0131lan ya\u015f yar\u0131ml\u0131q u\u015fa\u011f\u0131 atas\u0131n\u0131n \u00f6ld\u00fcrd\u00fcy\u00fc bildirilir - MEYDAN.TV","og_description":"\u201cSoru\u015fdum ki, Ahmet, u\u015fa\u011f\u0131 hara apar\u0131rsan? Dedi ki, \u00e7\u00f6ld\u0259 g\u0259zdirir\u0259m&#8221; ... Davam\u0131","og_url":"https:\/\/www.meydan.tv\/az\/article\/deniz-sahilinde-meyiti-tapilan-yas-yarimliq-usagi-atasinin-oldurduyu-bildirilir\/","og_site_name":"MEYDAN.TV","article_published_time":"2024-04-01T11:24:01+00:00","article_modified_time":"2024-04-01T11:39:15+00:00","og_image":[{"width":1200,"height":675,"url":"https:\/\/www.meydan.tv\/wp-content\/uploads\/untitled_artwork_1-2.jpg","type":"image\/jpeg"}],"author":"aleks","twitter_card":"summary_large_image","schema":{"@context":"https:\/\/schema.org","@graph":[{"@type":"Article","@id":"https:\/\/www.meydan.tv\/az\/article\/deniz-sahilinde-meyiti-tapilan-yas-yarimliq-usagi-atasinin-oldurduyu-bildirilir\/#article","isPartOf":{"@id":"https:\/\/www.meydan.tv\/az\/article\/deniz-sahilinde-meyiti-tapilan-yas-yarimliq-usagi-atasinin-oldurduyu-bildirilir\/"},"author":{"name":"aleks","@id":"https:\/\/www.meydan.tv\/az\/#\/schema\/person\/476e9360e593fa131d5d71d51866f8da"},"headline":"D\u0259niz sahilind\u0259 meyiti tap\u0131lan ya\u015f yar\u0131ml\u0131q u\u015fa\u011f\u0131 atas\u0131n\u0131n \u00f6ld\u00fcrd\u00fcy\u00fc bildirilir","datePublished":"2024-04-01T11:24:01+00:00","dateModified":"2024-04-01T11:39:15+00:00","mainEntityOfPage":{"@id":"https:\/\/www.meydan.tv\/az\/article\/deniz-sahilinde-meyiti-tapilan-yas-yarimliq-usagi-atasinin-oldurduyu-bildirilir\/"},"wordCount":343,"publisher":{"@id":"https:\/\/www.meydan.tv\/az\/#organization"},"image":{"@id":"https:\/\/www.meydan.tv\/az\/article\/deniz-sahilinde-meyiti-tapilan-yas-yarimliq-usagi-atasinin-oldurduyu-bildirilir\/#primaryimage"},"thumbnailUrl":"https:\/\/www.meydan.tv\/wp-content\/uploads\/untitled_artwork_1-2.jpg","articleSection":["Sosial","T\u00f6vsiy\u0259","X\u0259b\u0259rl\u0259r"],"inLanguage":"az"},{"@type":"WebPage","@id":"https:\/\/www.meydan.tv\/az\/article\/deniz-sahilinde-meyiti-tapilan-yas-yarimliq-usagi-atasinin-oldurduyu-bildirilir\/","url":"https:\/\/www.meydan.tv\/az\/article\/deniz-sahilinde-meyiti-tapilan-yas-yarimliq-usagi-atasinin-oldurduyu-bildirilir\/","name":"D\u0259niz sahilind\u0259 meyiti tap\u0131lan ya\u015f yar\u0131ml\u0131q u\u015fa\u011f\u0131 atas\u0131n\u0131n \u00f6ld\u00fcrd\u00fcy\u00fc bildirilir - MEYDAN.TV","isPartOf":{"@id":"https:\/\/www.meydan.tv\/az\/#website"},"primaryImageOfPage":{"@id":"https:\/\/www.meydan.tv\/az\/article\/deniz-sahilinde-meyiti-tapilan-yas-yarimliq-usagi-atasinin-oldurduyu-bildirilir\/#primaryimage"},"image":{"@id":"https:\/\/www.meydan.tv\/az\/article\/deniz-sahilinde-meyiti-tapilan-yas-yarimliq-usagi-atasinin-oldurduyu-bildirilir\/#primaryimage"},"thumbnailUrl":"https:\/\/www.meydan.tv\/wp-content\/uploads\/untitled_artwork_1-2.jpg","datePublished":"2024-04-01T11:24:01+00:00","dateModified":"2024-04-01T11:39:15+00:00","breadcrumb":{"@id":"https:\/\/www.meydan.tv\/az\/article\/deniz-sahilinde-meyiti-tapilan-yas-yarimliq-usagi-atasinin-oldurduyu-bildirilir\/#breadcrumb"},"inLanguage":"az","potentialAction":[{"@type":"ReadAction","target":["https:\/\/www.meydan.tv\/az\/article\/deniz-sahilinde-meyiti-tapilan-yas-yarimliq-usagi-atasinin-oldurduyu-bildirilir\/"]}]},{"@type":"ImageObject","inLanguage":"az","@id":"https:\/\/www.meydan.tv\/az\/article\/deniz-sahilinde-meyiti-tapilan-yas-yarimliq-usagi-atasinin-oldurduyu-bildirilir\/#primaryimage","url":"https:\/\/www.meydan.tv\/wp-content\/uploads\/untitled_artwork_1-2.jpg","contentUrl":"https:\/\/www.meydan.tv\/wp-content\/uploads\/untitled_artwork_1-2.jpg","width":1200,"height":675,"caption":"\u0130ll\u00fcstrasiya: Meydan TV"},{"@type":"BreadcrumbList","@id":"https:\/\/www.meydan.tv\/az\/article\/deniz-sahilinde-meyiti-tapilan-yas-yarimliq-usagi-atasinin-oldurduyu-bildirilir\/#breadcrumb","itemListElement":[{"@type":"ListItem","position":1,"name":"Ana s\u0259hif\u0259","item":"https:\/\/www.meydan.tv\/az\/"},{"@type":"ListItem","position":2,"name":"T\u00f6vsiy\u0259","item":"https:\/\/www.meydan.tv\/az\/section\/featured\/"},{"@type":"ListItem","position":3,"name":"D\u0259niz sahilind\u0259 meyiti tap\u0131lan ya\u015f yar\u0131ml\u0131q u\u015fa\u011f\u0131 atas\u0131n\u0131n \u00f6ld\u00fcrd\u00fcy\u00fc bildirilir"}]},{"@type":"WebSite","@id":"https:\/\/www.meydan.tv\/az\/#website","url":"https:\/\/www.meydan.tv\/az\/","name":"MEYDAN.TV","description":"Meydan TV Az\u0259rbaycan\u0131n media m\u0259kan\u0131ndak\u0131 alternativ s\u0259sidir","publisher":{"@id":"https:\/\/www.meydan.tv\/az\/#organization"},"potentialAction":[{"@type":"SearchAction","target":{"@type":"EntryPoint","urlTemplate":"https:\/\/www.meydan.tv\/az\/?s={search_term_string}"},"query-input":{"@type":"PropertyValueSpecification","valueRequired":true,"valueName":"search_term_string"}}],"inLanguage":"az"},{"@type":"Organization","@id":"https:\/\/www.meydan.tv\/az\/#organization","name":"Meydan TV","url":"https:\/\/www.meydan.tv\/az\/","logo":{"@type":"ImageObject","inLanguage":"az","@id":"https:\/\/www.meydan.tv\/az\/#\/schema\/logo\/image\/","url":"https:\/\/www.meydan.tv\/wp-content\/uploads\/2021\/07\/meydan-logo.svg","contentUrl":"https:\/\/www.meydan.tv\/wp-content\/uploads\/2021\/07\/meydan-logo.svg","width":195,"height":46,"caption":"Meydan TV"},"image":{"@id":"https:\/\/www.meydan.tv\/az\/#\/schema\/logo\/image\/"}},{"@type":"Person","@id":"https:\/\/www.meydan.tv\/az\/#\/schema\/person\/476e9360e593fa131d5d71d51866f8da","name":"aleks"}]}},"_links":{"self":[{"href":"https:\/\/www.meydan.tv\/az\/wp-json\/wp\/v2\/posts\/302446","targetHints":{"allow":["GET"]}}],"collection":[{"href":"https:\/\/www.meydan.tv\/az\/wp-json\/wp\/v2\/posts"}],"about":[{"href":"https:\/\/www.meydan.tv\/az\/wp-json\/wp\/v2\/types\/post"}],"author":[{"embeddable":true,"href":"https:\/\/www.meydan.tv\/az\/wp-json\/wp\/v2\/users\/12"}],"replies":[{"embeddable":true,"href":"https:\/\/www.meydan.tv\/az\/wp-json\/wp\/v2\/comments?post=302446"}],"version-history":[{"count":3,"href":"https:\/\/www.meydan.tv\/az\/wp-json\/wp\/v2\/posts\/302446\/revisions"}],"predecessor-version":[{"id":302448,"href":"https:\/\/www.meydan.tv\/az\/wp-json\/wp\/v2\/posts\/302446\/revisions\/302448"}],"wp:featuredmedia":[{"embeddable":true,"href":"https:\/\/www.meydan.tv\/az\/wp-json\/wp\/v2\/media\/257656"}],"wp:attachment":[{"href":"https:\/\/www.meydan.tv\/az\/wp-json\/wp\/v2\/media?parent=302446"}],"wp:term":[{"taxonomy":"category","embeddable":true,"href":"https:\/\/www.meydan.tv\/az\/wp-json\/wp\/v2\/categories?post=302446"},{"taxonomy":"post_tag","embeddable":true,"href":"https:\/\/www.meydan.tv\/az\/wp-json\/wp\/v2\/tags?post=302446"}],"curies":[{"name":"wp","href":"https:\/\/api.w.org\/{rel}","templated":true}]}}