{"id":302426,"date":"2024-04-01T14:11:37","date_gmt":"2024-04-01T10:11:37","guid":{"rendered":"https:\/\/www.meydan.tv\/?p=302426"},"modified":"2024-04-01T14:20:44","modified_gmt":"2024-04-01T10:20:44","slug":"dsk-azerbaycanda-havanin-cirkliliyi-artib","status":"publish","type":"post","link":"https:\/\/www.meydan.tv\/az\/article\/dsk-azerbaycanda-havanin-cirkliliyi-artib\/","title":{"rendered":"DSK: Az\u0259rbaycanda havan\u0131n \u00e7irkliliyi art\u0131b"},"content":{"rendered":"\n<p><\/p>\n\n\n\n<p><strong><em>Tbilisinin havas\u0131 Bak\u0131 v\u0259 Yerevandan t\u0259mizdir<\/em><\/strong><\/p>\n\n\n\n<p>Az\u0259rbaycanda havan\u0131n \u00e7irkliliyi \u0259vv\u0259lki ill\u0259r\u0259 baxanda art\u0131b.<\/p>\n\n\n\n<p>Bu bar\u0259d\u0259 D\u00f6vl\u0259t Statistika Komit\u0259sinin (DSK) <a href=\"https:\/\/www.stat.gov.az\/news\/index.php?lang=az&amp;id=5830\">m\u0259lumat\u0131nda<\/a> bildirilir.<\/p>\n\n\n\n<p>DSK deyir ki, 2023-c\u00fc ild\u0259 \u00f6lk\u0259d\u0259 stasionar m\u0259nb\u0259l\u0259rd\u0259n v\u0259 avtomobill\u0259rd\u0259n atmosfer\u0259 at\u0131lm\u0131\u015f \u00e7irkl\u0259ndirici madd\u0259l\u0259rin h\u0259cmi 2022-ci ill\u0259 m\u00fcqayis\u0259d\u0259 34,5 min ton art\u0131b &#8211; 965,1 min ton olub.<\/p>\n\n\n\n<p>Onun da 85 faizi v\u0259 ya 820,8 min tonu avtomobill\u0259rd\u0259n at\u0131lan tullant\u0131lar\u0131n pay\u0131na d\u00fc\u015f\u00fcb.<\/p>\n\n\n\n<p>Avtomobill\u0259rd\u0259n at\u0131lm\u0131\u015f z\u0259r\u0259rli madd\u0259l\u0259rin h\u0259cmi 6,3 faiz art\u0131b, stasionar m\u0259nb\u0259l\u0259rd\u0259n at\u0131lm\u0131\u015f madd\u0259l\u0259rin h\u0259cmi is\u0259 8,9 faiz azal\u0131b.<\/p>\n\n\n\n<p><em>\u201cStasionar m\u0259nb\u0259l\u0259rd\u0259n at\u0131lan z\u0259r\u0259rli tullant\u0131lar\u0131n h\u0259cmi s\u0259naye m\u0259rk\u0259zl\u0259rind\u0259n olan Bak\u0131da 21,1 min ton, Sumqay\u0131tda 0,9 min ton azal\u0131b. Ming\u0259\u00e7evird\u0259 is\u0259 \u0259ksin\u0259, 0,2 min ton art\u0131b\u201d, &#8211; <\/em>m\u0259lumatda qeyd edilir.<\/p>\n\n\n<div class=\"wp-block-image\">\n<figure class=\"aligncenter size-full\"><img decoding=\"async\" width=\"1108\" height=\"480\" data-src=\"https:\/\/www.meydan.tv\/wp-content\/uploads\/684432_521812.jpg\" alt=\"D\u00f6vl\u0259t Statistika Komit\u0259si\" class=\"wp-image-123079 lazyload\" src=\"data:image\/svg+xml;base64,PHN2ZyB3aWR0aD0iMSIgaGVpZ2h0PSIxIiB4bWxucz0iaHR0cDovL3d3dy53My5vcmcvMjAwMC9zdmciPjwvc3ZnPg==\" style=\"--smush-placeholder-width: 1108px; --smush-placeholder-aspect-ratio: 1108\/480;\" \/><figcaption class=\"wp-element-caption\">Foto: Meydan TV<\/figcaption><\/figure>\n<\/div>\n\n\n<p>DSK-n\u0131n m\u0259lumat\u0131nda h\u0259m\u00e7inin, bildirilir ki, b\u00fct\u00fcn m\u0259nb\u0259l\u0259rd\u0259n atmosfer\u0259 at\u0131lm\u0131\u015f z\u0259r\u0259rli tullant\u0131lar\u0131n 61,5 faizini karbon oksidi, 21,3 faizini karbohidrogenl\u0259r, 13,4 faizini azot oksidi, 0,1 faizini k\u00fck\u00fcrd anhidridi, qalan hiss\u0259sini is\u0259 dig\u0259r \u00e7irkl\u0259ndirici madd\u0259l\u0259r olub.<\/p>\n\n\n\n<p>\u201cIQAir\u201d hesabat\u0131n\u0131n interaktiv <a href=\"https:\/\/www.iqair.com\/world-air-quality-report\">x\u0259rit\u0259sin\u0259 <\/a>g\u00f6r\u0259, C\u0259nubi Qafqaz\u0131n \u00fc\u00e7 \u015f\u0259h\u0259ri \u2013 Yerevan, Tbilisi v\u0259 Bak\u0131 aras\u0131nda havas\u0131 qism\u0259n t\u0259miz olan\u0131 G\u00fcrc\u00fcstan\u0131n paytaxt\u0131d\u0131r.<\/p>\n\n\n\n<p>2023-c\u00fc ild\u0259 Tbilisid\u0259 PM2.5 g\u00f6st\u0259ricisinin illik miqdar\u0131 15.5 olub. Bu r\u0259q\u0259m Bak\u0131 \u00fc\u00e7\u00fcn 18.8, Yerevan \u00fc\u00e7\u00fcns\u0259 26.4-d\u0131r.<\/p>\n\n\n\n<p>M\u0259s\u0259l\u0259n, Finlandiya \u015f\u0259h\u0259rl\u0259ri \u00fc\u00e7\u00fcn bu g\u00f6st\u0259rici 5 -d\u0259n a\u015fa\u011f\u0131d\u0131r.<\/p>\n\n\n\n<p>PM2.5 havaya daha \u00e7ox yanacaq i\u015fl\u0259nm\u0259si n\u0259tic\u0259sind\u0259 tullan\u0131r.<\/p>\n\n\n\n<p>D\u00fcnya S\u0259hiyy\u0259 T\u0259\u015fkilat\u0131n\u0131n m\u0259lumat\u0131na g\u00f6r\u0259, \u00e7irkli hava h\u0259r il 7 milyon insan\u0131n \u00f6l\u00fcm\u00fcn\u0259 s\u0259b\u0259b olur. \u00dcmumilikd\u0259 is\u0259 insan \u00f6mr\u00fcn\u00fcn 2.2 il q\u0131salmas\u0131na g\u0259tirir.<\/p>\n","protected":false},"excerpt":{"rendered":"<p>Tbilisinin havas\u0131 Bak\u0131 v\u0259 Yerevandan t\u0259mizdir Az\u0259rbaycanda havan\u0131n \u00e7irkliliyi \u0259vv\u0259lki &#8230; <\/p>\n<p class=\"read-more-container\"><a title=\"DSK: Az\u0259rbaycanda havan\u0131n \u00e7irkliliyi art\u0131b\" class=\"read-more button\" href=\"https:\/\/www.meydan.tv\/az\/article\/dsk-azerbaycanda-havanin-cirkliliyi-artib\/#more-302426\" aria-label=\"Read more about DSK: Az\u0259rbaycanda havan\u0131n \u00e7irkliliyi art\u0131b\">Davam\u0131<\/a><\/p>\n","protected":false},"author":8,"featured_media":302427,"comment_status":"closed","ping_status":"closed","sticky":false,"template":"","format":"standard","meta":{"_acf_changed":false,"_sitemap_exclude":false,"_sitemap_priority":"","_sitemap_frequency":"","footnotes":""},"categories":[62,79,56],"tags":[],"class_list":["post-302426","post","type-post","status-publish","format-standard","has-post-thumbnail","hentry","category-sosial","category-featured","category-xeberler","infinite-scroll-item","generate-columns","tablet-grid-50","mobile-grid-100","grid-parent","grid-33","no-featured-image-padding"],"acf":[],"yoast_head":"<!-- This site is optimized with the Yoast SEO plugin v27.5 - https:\/\/yoast.com\/product\/yoast-seo-wordpress\/ -->\n<title>DSK: Az\u0259rbaycanda havan\u0131n \u00e7irkliliyi art\u0131b - MEYDAN.TV<\/title>\n<meta name=\"robots\" content=\"index, follow, max-snippet:-1, max-image-preview:large, max-video-preview:-1\" \/>\n<link rel=\"canonical\" href=\"https:\/\/www.meydan.tv\/az\/article\/dsk-azerbaycanda-havanin-cirkliliyi-artib\/\" \/>\n<meta property=\"og:locale\" content=\"az_AZ\" \/>\n<meta property=\"og:type\" content=\"article\" \/>\n<meta property=\"og:title\" content=\"DSK: Az\u0259rbaycanda havan\u0131n \u00e7irkliliyi art\u0131b - MEYDAN.TV\" \/>\n<meta property=\"og:description\" content=\"Tbilisinin havas\u0131 Bak\u0131 v\u0259 Yerevandan t\u0259mizdir Az\u0259rbaycanda havan\u0131n \u00e7irkliliyi \u0259vv\u0259lki ... Davam\u0131\" \/>\n<meta property=\"og:url\" content=\"https:\/\/www.meydan.tv\/az\/article\/dsk-azerbaycanda-havanin-cirkliliyi-artib\/\" \/>\n<meta property=\"og:site_name\" content=\"MEYDAN.TV\" \/>\n<meta property=\"article:published_time\" content=\"2024-04-01T10:11:37+00:00\" \/>\n<meta property=\"article:modified_time\" content=\"2024-04-01T10:20:44+00:00\" \/>\n<meta property=\"og:image\" content=\"https:\/\/www.meydan.tv\/wp-content\/uploads\/whatsapp-image-2024-01-13-at-23.45.14_e5345a27.jpg\" \/>\n\t<meta property=\"og:image:width\" content=\"1439\" \/>\n\t<meta property=\"og:image:height\" content=\"778\" \/>\n\t<meta property=\"og:image:type\" content=\"image\/jpeg\" \/>\n<meta name=\"author\" content=\"elli\" \/>\n<meta name=\"twitter:card\" content=\"summary_large_image\" \/>\n<meta name=\"twitter:creator\" content=\"@elli\" \/>\n<script type=\"application\/ld+json\" class=\"yoast-schema-graph\">{\"@context\":\"https:\\\/\\\/schema.org\",\"@graph\":[{\"@type\":\"Article\",\"@id\":\"https:\\\/\\\/www.meydan.tv\\\/az\\\/article\\\/dsk-azerbaycanda-havanin-cirkliliyi-artib\\\/#article\",\"isPartOf\":{\"@id\":\"https:\\\/\\\/www.meydan.tv\\\/az\\\/article\\\/dsk-azerbaycanda-havanin-cirkliliyi-artib\\\/\"},\"author\":{\"name\":\"elli\",\"@id\":\"https:\\\/\\\/www.meydan.tv\\\/az\\\/#\\\/schema\\\/person\\\/9cdbecf90d17180ce1dfbd95b08dcf47\"},\"headline\":\"DSK: Az\u0259rbaycanda havan\u0131n \u00e7irkliliyi art\u0131b\",\"datePublished\":\"2024-04-01T10:11:37+00:00\",\"dateModified\":\"2024-04-01T10:20:44+00:00\",\"mainEntityOfPage\":{\"@id\":\"https:\\\/\\\/www.meydan.tv\\\/az\\\/article\\\/dsk-azerbaycanda-havanin-cirkliliyi-artib\\\/\"},\"wordCount\":364,\"publisher\":{\"@id\":\"https:\\\/\\\/www.meydan.tv\\\/az\\\/#organization\"},\"image\":{\"@id\":\"https:\\\/\\\/www.meydan.tv\\\/az\\\/article\\\/dsk-azerbaycanda-havanin-cirkliliyi-artib\\\/#primaryimage\"},\"thumbnailUrl\":\"https:\\\/\\\/www.meydan.tv\\\/wp-content\\\/uploads\\\/whatsapp-image-2024-01-13-at-23.45.14_e5345a27.jpg\",\"articleSection\":[\"Sosial\",\"T\u00f6vsiy\u0259\",\"X\u0259b\u0259rl\u0259r\"],\"inLanguage\":\"az\"},{\"@type\":\"WebPage\",\"@id\":\"https:\\\/\\\/www.meydan.tv\\\/az\\\/article\\\/dsk-azerbaycanda-havanin-cirkliliyi-artib\\\/\",\"url\":\"https:\\\/\\\/www.meydan.tv\\\/az\\\/article\\\/dsk-azerbaycanda-havanin-cirkliliyi-artib\\\/\",\"name\":\"DSK: Az\u0259rbaycanda havan\u0131n \u00e7irkliliyi art\u0131b - MEYDAN.TV\",\"isPartOf\":{\"@id\":\"https:\\\/\\\/www.meydan.tv\\\/az\\\/#website\"},\"primaryImageOfPage\":{\"@id\":\"https:\\\/\\\/www.meydan.tv\\\/az\\\/article\\\/dsk-azerbaycanda-havanin-cirkliliyi-artib\\\/#primaryimage\"},\"image\":{\"@id\":\"https:\\\/\\\/www.meydan.tv\\\/az\\\/article\\\/dsk-azerbaycanda-havanin-cirkliliyi-artib\\\/#primaryimage\"},\"thumbnailUrl\":\"https:\\\/\\\/www.meydan.tv\\\/wp-content\\\/uploads\\\/whatsapp-image-2024-01-13-at-23.45.14_e5345a27.jpg\",\"datePublished\":\"2024-04-01T10:11:37+00:00\",\"dateModified\":\"2024-04-01T10:20:44+00:00\",\"breadcrumb\":{\"@id\":\"https:\\\/\\\/www.meydan.tv\\\/az\\\/article\\\/dsk-azerbaycanda-havanin-cirkliliyi-artib\\\/#breadcrumb\"},\"inLanguage\":\"az\",\"potentialAction\":[{\"@type\":\"ReadAction\",\"target\":[\"https:\\\/\\\/www.meydan.tv\\\/az\\\/article\\\/dsk-azerbaycanda-havanin-cirkliliyi-artib\\\/\"]}]},{\"@type\":\"ImageObject\",\"inLanguage\":\"az\",\"@id\":\"https:\\\/\\\/www.meydan.tv\\\/az\\\/article\\\/dsk-azerbaycanda-havanin-cirkliliyi-artib\\\/#primaryimage\",\"url\":\"https:\\\/\\\/www.meydan.tv\\\/wp-content\\\/uploads\\\/whatsapp-image-2024-01-13-at-23.45.14_e5345a27.jpg\",\"contentUrl\":\"https:\\\/\\\/www.meydan.tv\\\/wp-content\\\/uploads\\\/whatsapp-image-2024-01-13-at-23.45.14_e5345a27.jpg\",\"width\":1439,\"height\":778,\"caption\":\"Bak\u0131. Foto: D\u0130N\"},{\"@type\":\"BreadcrumbList\",\"@id\":\"https:\\\/\\\/www.meydan.tv\\\/az\\\/article\\\/dsk-azerbaycanda-havanin-cirkliliyi-artib\\\/#breadcrumb\",\"itemListElement\":[{\"@type\":\"ListItem\",\"position\":1,\"name\":\"Ana s\u0259hif\u0259\",\"item\":\"https:\\\/\\\/www.meydan.tv\\\/az\\\/\"},{\"@type\":\"ListItem\",\"position\":2,\"name\":\"Sosial\",\"item\":\"https:\\\/\\\/www.meydan.tv\\\/az\\\/section\\\/sosial\\\/\"},{\"@type\":\"ListItem\",\"position\":3,\"name\":\"DSK: Az\u0259rbaycanda havan\u0131n \u00e7irkliliyi art\u0131b\"}]},{\"@type\":\"WebSite\",\"@id\":\"https:\\\/\\\/www.meydan.tv\\\/az\\\/#website\",\"url\":\"https:\\\/\\\/www.meydan.tv\\\/az\\\/\",\"name\":\"MEYDAN.TV\",\"description\":\"Meydan TV Az\u0259rbaycan\u0131n media m\u0259kan\u0131ndak\u0131 alternativ s\u0259sidir\",\"publisher\":{\"@id\":\"https:\\\/\\\/www.meydan.tv\\\/az\\\/#organization\"},\"potentialAction\":[{\"@type\":\"SearchAction\",\"target\":{\"@type\":\"EntryPoint\",\"urlTemplate\":\"https:\\\/\\\/www.meydan.tv\\\/az\\\/?s={search_term_string}\"},\"query-input\":{\"@type\":\"PropertyValueSpecification\",\"valueRequired\":true,\"valueName\":\"search_term_string\"}}],\"inLanguage\":\"az\"},{\"@type\":\"Organization\",\"@id\":\"https:\\\/\\\/www.meydan.tv\\\/az\\\/#organization\",\"name\":\"Meydan TV\",\"url\":\"https:\\\/\\\/www.meydan.tv\\\/az\\\/\",\"logo\":{\"@type\":\"ImageObject\",\"inLanguage\":\"az\",\"@id\":\"https:\\\/\\\/www.meydan.tv\\\/az\\\/#\\\/schema\\\/logo\\\/image\\\/\",\"url\":\"https:\\\/\\\/www.meydan.tv\\\/wp-content\\\/uploads\\\/2021\\\/07\\\/meydan-logo.svg\",\"contentUrl\":\"https:\\\/\\\/www.meydan.tv\\\/wp-content\\\/uploads\\\/2021\\\/07\\\/meydan-logo.svg\",\"width\":195,\"height\":46,\"caption\":\"Meydan TV\"},\"image\":{\"@id\":\"https:\\\/\\\/www.meydan.tv\\\/az\\\/#\\\/schema\\\/logo\\\/image\\\/\"}},{\"@type\":\"Person\",\"@id\":\"https:\\\/\\\/www.meydan.tv\\\/az\\\/#\\\/schema\\\/person\\\/9cdbecf90d17180ce1dfbd95b08dcf47\",\"name\":\"elli\",\"sameAs\":[\"https:\\\/\\\/x.com\\\/elli\"]}]}<\/script>\n<!-- \/ Yoast SEO plugin. -->","yoast_head_json":{"title":"DSK: Az\u0259rbaycanda havan\u0131n \u00e7irkliliyi art\u0131b - MEYDAN.TV","robots":{"index":"index","follow":"follow","max-snippet":"max-snippet:-1","max-image-preview":"max-image-preview:large","max-video-preview":"max-video-preview:-1"},"canonical":"https:\/\/www.meydan.tv\/az\/article\/dsk-azerbaycanda-havanin-cirkliliyi-artib\/","og_locale":"az_AZ","og_type":"article","og_title":"DSK: Az\u0259rbaycanda havan\u0131n \u00e7irkliliyi art\u0131b - MEYDAN.TV","og_description":"Tbilisinin havas\u0131 Bak\u0131 v\u0259 Yerevandan t\u0259mizdir Az\u0259rbaycanda havan\u0131n \u00e7irkliliyi \u0259vv\u0259lki ... Davam\u0131","og_url":"https:\/\/www.meydan.tv\/az\/article\/dsk-azerbaycanda-havanin-cirkliliyi-artib\/","og_site_name":"MEYDAN.TV","article_published_time":"2024-04-01T10:11:37+00:00","article_modified_time":"2024-04-01T10:20:44+00:00","og_image":[{"width":1439,"height":778,"url":"https:\/\/www.meydan.tv\/wp-content\/uploads\/whatsapp-image-2024-01-13-at-23.45.14_e5345a27.jpg","type":"image\/jpeg"}],"author":"elli","twitter_card":"summary_large_image","twitter_creator":"@elli","schema":{"@context":"https:\/\/schema.org","@graph":[{"@type":"Article","@id":"https:\/\/www.meydan.tv\/az\/article\/dsk-azerbaycanda-havanin-cirkliliyi-artib\/#article","isPartOf":{"@id":"https:\/\/www.meydan.tv\/az\/article\/dsk-azerbaycanda-havanin-cirkliliyi-artib\/"},"author":{"name":"elli","@id":"https:\/\/www.meydan.tv\/az\/#\/schema\/person\/9cdbecf90d17180ce1dfbd95b08dcf47"},"headline":"DSK: Az\u0259rbaycanda havan\u0131n \u00e7irkliliyi art\u0131b","datePublished":"2024-04-01T10:11:37+00:00","dateModified":"2024-04-01T10:20:44+00:00","mainEntityOfPage":{"@id":"https:\/\/www.meydan.tv\/az\/article\/dsk-azerbaycanda-havanin-cirkliliyi-artib\/"},"wordCount":364,"publisher":{"@id":"https:\/\/www.meydan.tv\/az\/#organization"},"image":{"@id":"https:\/\/www.meydan.tv\/az\/article\/dsk-azerbaycanda-havanin-cirkliliyi-artib\/#primaryimage"},"thumbnailUrl":"https:\/\/www.meydan.tv\/wp-content\/uploads\/whatsapp-image-2024-01-13-at-23.45.14_e5345a27.jpg","articleSection":["Sosial","T\u00f6vsiy\u0259","X\u0259b\u0259rl\u0259r"],"inLanguage":"az"},{"@type":"WebPage","@id":"https:\/\/www.meydan.tv\/az\/article\/dsk-azerbaycanda-havanin-cirkliliyi-artib\/","url":"https:\/\/www.meydan.tv\/az\/article\/dsk-azerbaycanda-havanin-cirkliliyi-artib\/","name":"DSK: Az\u0259rbaycanda havan\u0131n \u00e7irkliliyi art\u0131b - MEYDAN.TV","isPartOf":{"@id":"https:\/\/www.meydan.tv\/az\/#website"},"primaryImageOfPage":{"@id":"https:\/\/www.meydan.tv\/az\/article\/dsk-azerbaycanda-havanin-cirkliliyi-artib\/#primaryimage"},"image":{"@id":"https:\/\/www.meydan.tv\/az\/article\/dsk-azerbaycanda-havanin-cirkliliyi-artib\/#primaryimage"},"thumbnailUrl":"https:\/\/www.meydan.tv\/wp-content\/uploads\/whatsapp-image-2024-01-13-at-23.45.14_e5345a27.jpg","datePublished":"2024-04-01T10:11:37+00:00","dateModified":"2024-04-01T10:20:44+00:00","breadcrumb":{"@id":"https:\/\/www.meydan.tv\/az\/article\/dsk-azerbaycanda-havanin-cirkliliyi-artib\/#breadcrumb"},"inLanguage":"az","potentialAction":[{"@type":"ReadAction","target":["https:\/\/www.meydan.tv\/az\/article\/dsk-azerbaycanda-havanin-cirkliliyi-artib\/"]}]},{"@type":"ImageObject","inLanguage":"az","@id":"https:\/\/www.meydan.tv\/az\/article\/dsk-azerbaycanda-havanin-cirkliliyi-artib\/#primaryimage","url":"https:\/\/www.meydan.tv\/wp-content\/uploads\/whatsapp-image-2024-01-13-at-23.45.14_e5345a27.jpg","contentUrl":"https:\/\/www.meydan.tv\/wp-content\/uploads\/whatsapp-image-2024-01-13-at-23.45.14_e5345a27.jpg","width":1439,"height":778,"caption":"Bak\u0131. Foto: D\u0130N"},{"@type":"BreadcrumbList","@id":"https:\/\/www.meydan.tv\/az\/article\/dsk-azerbaycanda-havanin-cirkliliyi-artib\/#breadcrumb","itemListElement":[{"@type":"ListItem","position":1,"name":"Ana s\u0259hif\u0259","item":"https:\/\/www.meydan.tv\/az\/"},{"@type":"ListItem","position":2,"name":"Sosial","item":"https:\/\/www.meydan.tv\/az\/section\/sosial\/"},{"@type":"ListItem","position":3,"name":"DSK: Az\u0259rbaycanda havan\u0131n \u00e7irkliliyi art\u0131b"}]},{"@type":"WebSite","@id":"https:\/\/www.meydan.tv\/az\/#website","url":"https:\/\/www.meydan.tv\/az\/","name":"MEYDAN.TV","description":"Meydan TV Az\u0259rbaycan\u0131n media m\u0259kan\u0131ndak\u0131 alternativ s\u0259sidir","publisher":{"@id":"https:\/\/www.meydan.tv\/az\/#organization"},"potentialAction":[{"@type":"SearchAction","target":{"@type":"EntryPoint","urlTemplate":"https:\/\/www.meydan.tv\/az\/?s={search_term_string}"},"query-input":{"@type":"PropertyValueSpecification","valueRequired":true,"valueName":"search_term_string"}}],"inLanguage":"az"},{"@type":"Organization","@id":"https:\/\/www.meydan.tv\/az\/#organization","name":"Meydan TV","url":"https:\/\/www.meydan.tv\/az\/","logo":{"@type":"ImageObject","inLanguage":"az","@id":"https:\/\/www.meydan.tv\/az\/#\/schema\/logo\/image\/","url":"https:\/\/www.meydan.tv\/wp-content\/uploads\/2021\/07\/meydan-logo.svg","contentUrl":"https:\/\/www.meydan.tv\/wp-content\/uploads\/2021\/07\/meydan-logo.svg","width":195,"height":46,"caption":"Meydan TV"},"image":{"@id":"https:\/\/www.meydan.tv\/az\/#\/schema\/logo\/image\/"}},{"@type":"Person","@id":"https:\/\/www.meydan.tv\/az\/#\/schema\/person\/9cdbecf90d17180ce1dfbd95b08dcf47","name":"elli","sameAs":["https:\/\/x.com\/elli"]}]}},"_links":{"self":[{"href":"https:\/\/www.meydan.tv\/az\/wp-json\/wp\/v2\/posts\/302426","targetHints":{"allow":["GET"]}}],"collection":[{"href":"https:\/\/www.meydan.tv\/az\/wp-json\/wp\/v2\/posts"}],"about":[{"href":"https:\/\/www.meydan.tv\/az\/wp-json\/wp\/v2\/types\/post"}],"author":[{"embeddable":true,"href":"https:\/\/www.meydan.tv\/az\/wp-json\/wp\/v2\/users\/8"}],"replies":[{"embeddable":true,"href":"https:\/\/www.meydan.tv\/az\/wp-json\/wp\/v2\/comments?post=302426"}],"version-history":[{"count":4,"href":"https:\/\/www.meydan.tv\/az\/wp-json\/wp\/v2\/posts\/302426\/revisions"}],"predecessor-version":[{"id":302435,"href":"https:\/\/www.meydan.tv\/az\/wp-json\/wp\/v2\/posts\/302426\/revisions\/302435"}],"wp:featuredmedia":[{"embeddable":true,"href":"https:\/\/www.meydan.tv\/az\/wp-json\/wp\/v2\/media\/302427"}],"wp:attachment":[{"href":"https:\/\/www.meydan.tv\/az\/wp-json\/wp\/v2\/media?parent=302426"}],"wp:term":[{"taxonomy":"category","embeddable":true,"href":"https:\/\/www.meydan.tv\/az\/wp-json\/wp\/v2\/categories?post=302426"},{"taxonomy":"post_tag","embeddable":true,"href":"https:\/\/www.meydan.tv\/az\/wp-json\/wp\/v2\/tags?post=302426"}],"curies":[{"name":"wp","href":"https:\/\/api.w.org\/{rel}","templated":true}]}}