{"id":302411,"date":"2024-04-01T12:08:34","date_gmt":"2024-04-01T08:08:34","guid":{"rendered":"https:\/\/www.meydan.tv\/?p=302411"},"modified":"2024-04-02T13:53:14","modified_gmt":"2024-04-02T09:53:14","slug":"akp-boyuk-seherleri-chp-ye-uduzdu-erdogan-etiraf-etdi","status":"publish","type":"post","link":"https:\/\/www.meydan.tv\/az\/article\/akp-boyuk-seherleri-chp-ye-uduzdu-erdogan-etiraf-etdi\/","title":{"rendered":"AKP b\u00f6y\u00fck \u015f\u0259h\u0259rl\u0259ri CHP-y\u0259 uduzdu, \u018frdo\u011fan etiraf etdi (yenil\u0259nib)"},"content":{"rendered":"\n<figure class=\"wp-block-embed is-type-video is-provider-youtube wp-block-embed-youtube wp-embed-aspect-16-9 wp-has-aspect-ratio\"><div class=\"wp-block-embed__wrapper\">\n<iframe title=\"T\u00fcrkiy\u0259d\u0259 m\u00fcxalif\u0259tin tarixi q\u0259l\u0259b\u0259si\" width=\"1200\" height=\"675\" data-src=\"https:\/\/www.youtube.com\/embed\/nBtsziFgdq8?feature=oembed\" frameborder=\"0\" allow=\"accelerometer; autoplay; clipboard-write; encrypted-media; gyroscope; picture-in-picture; web-share\" referrerpolicy=\"strict-origin-when-cross-origin\" allowfullscreen src=\"data:image\/svg+xml;base64,PHN2ZyB3aWR0aD0iMSIgaGVpZ2h0PSIxIiB4bWxucz0iaHR0cDovL3d3dy53My5vcmcvMjAwMC9zdmciPjwvc3ZnPg==\" class=\"lazyload\" data-load-mode=\"1\"><\/iframe>\n<\/div><\/figure>\n\n\n\n<p><strong>YSK se\u00e7ki f\u0259all\u0131\u011f\u0131n\u0131 a\u00e7\u0131qlad\u0131: 78,11 faiz<\/strong><\/p>\n\n\n\n<p>T\u00fcrkiy\u0259nin Y\u00fcks\u0259k Se\u00e7ki Qurumu (YSK) 31 mart b\u0259l\u0259diyy\u0259 se\u00e7kil\u0259rinin ilkin n\u0259tic\u0259l\u0259rini a\u00e7\u0131qlay\u0131b.<\/p>\n\n\n\n<p>Aprelin 1-d\u0259 m\u0259tbuat konfrans\u0131 ke\u00e7ir\u0259n YSK s\u0259dri \u018fhm\u0259d Yener se\u00e7ki f\u0259all\u0131\u011f\u0131n\u0131n 78,11 faiz oldu\u011funu b\u0259yan edib.<\/p>\n\n\n\n<p>&#8220;<em>Se\u00e7kil\u0259rd\u0259 34 siyasi partiya i\u015ftirak edib. B\u0259l\u0259diyy\u0259 s\u0259dri se\u00e7kil\u0259ri \u00fc\u00e7\u00fcn a\u00e7\u0131lan se\u00e7ki qutusu nisb\u0259ti 99,95 faiz, i\u015ftirak nisb\u0259ti is\u0259 78,7 faiz t\u0259\u015fkil edib. B\u0259l\u0259diyy\u0259 m\u0259clisi \u00fc\u00e7\u00fcn a\u00e7\u0131lan se\u00e7ki qutusu 99,93 faiz, i\u015ftirak nisb\u0259ti is\u0259 78,5 faiz olub. \u0130l m\u0259clisi se\u00e7kil\u0259ri \u00fc\u00e7\u00fcn a\u00e7\u0131lan sand\u0131q nisb\u0259ti y\u00fczd\u0259 99,97, i\u015ftirak nisb\u0259ti is\u0259 y\u00fczd\u0259 80,7 faiz&#8221;.<\/em><\/p>\n\n\n\n<p>YSK s\u0259drinin s\u00f6zl\u0259rin\u0259 g\u00f6r\u0259, C\u00fcmhuriyy\u0259t Xalq Partiyas\u0131 35, \u018fdal\u0259t v\u0259 \u0130nki\u015faf Partiyas\u0131 24, Xalqlar\u0131n B\u0259rab\u0259rlik v\u0259 Demokratiya Partiyas\u0131 10, Milliyy\u0259t\u00e7i H\u0259r\u0259kat Partiyas\u0131 8, Yenid\u0259n Rifah Partiyas\u0131 2, B\u00f6y\u00fck Birlik v\u0259 \u0130Y\u0130 partiyalar\u0131n\u0131n h\u0259r biri 1 b\u0259l\u0259diyy\u0259d\u0259 qalib <a href=\"https:\/\/www.hurriyet.com.tr\/gundem\/ahmet-yener-secime-katilim-orani-yuzde-78-11-42438971\">g\u0259lib.<\/a><\/p>\n\n\n\n<p><\/p>\n\n\n<div class=\"wp-block-image\">\n<figure class=\"aligncenter size-full\"><img decoding=\"async\" width=\"1200\" height=\"707\" data-src=\"https:\/\/www.meydan.tv\/wp-content\/uploads\/img_2955.jpg\" alt=\"\" class=\"wp-image-302358 lazyload\" src=\"data:image\/svg+xml;base64,PHN2ZyB3aWR0aD0iMSIgaGVpZ2h0PSIxIiB4bWxucz0iaHR0cDovL3d3dy53My5vcmcvMjAwMC9zdmciPjwvc3ZnPg==\" style=\"--smush-placeholder-width: 1200px; --smush-placeholder-aspect-ratio: 1200\/707;\" \/><figcaption class=\"wp-element-caption\">T\u00fcrkiy\u0259d\u0259 b\u0259l\u0259diyy\u0259 se\u00e7kil\u0259ri. Foto: Meydan TV<\/figcaption><\/figure>\n<\/div>\n\n\n<p><\/p>\n\n\n\n<hr class=\"wp-block-separator has-alpha-channel-opacity\"\/>\n\n\n\n<p><strong><em>\u018frdo\u011fan: \u201cBu yerli \u0259sasl\u0131 azalman\u0131n s\u0259b\u0259bini m\u00fczakir\u0259 edib laz\u0131mi m\u00fcdaxil\u0259l\u0259ri ed\u0259c\u0259yik&#8221;<\/em><\/strong><\/p>\n\n\n\n<p>Mart\u0131n 31-d\u0259 T\u00fcrkiy\u0259d\u0259 ke\u00e7iril\u0259n b\u0259l\u0259diyy\u0259 se\u00e7kil\u0259rind\u0259 s\u0259sl\u0259rin 99 faizind\u0259n \u00e7oxu hesablan\u0131b.<\/p>\n\n\n\n<p>S\u0259sverm\u0259nin n\u0259tic\u0259l\u0259rin\u0259 \u0259sas\u0259n, C\u00fcmhuriyy\u0259t Xalq Partiyas\u0131n\u0131n (CHP) 37,71 faizl\u0259 birinci, hakim \u018fdal\u0259t v\u0259 \u0130nki\u015faf Partiyas\u0131n\u0131n is\u0259 35,53 faizl\u0259 ikinci s\u0131rada oldu\u011fu bildirilir.<\/p>\n\n\n\n<p>N\u00f6vb\u0259ti s\u0131ralama bel\u0259dir: Yenid\u0259n Rifah Partiyas\u0131 (YRP): 6.18, DEM: 5.65, MHP: 4.98, \u0130Y\u0130 Partiyas\u0131: 3.78 faiz.<\/p>\n\n\n\n<p>Qeyd <a href=\"https:\/\/www.diken.com.tr\/chp-22-yil-sonra-akpyi-yendi\/\">olunur<\/a> ki, bu n\u0259tic\u0259 AKP-nin 2002-ci ild\u0259 hakimiyy\u0259t\u0259 g\u0259li\u015find\u0259n b\u0259ri ald\u0131\u011f\u0131 \u0259n a\u011f\u0131r z\u0259rb\u0259dir:<\/p>\n\n\n<div class=\"wp-block-image\">\n<figure class=\"aligncenter size-full\"><img decoding=\"async\" width=\"1200\" height=\"690\" data-src=\"https:\/\/www.meydan.tv\/wp-content\/uploads\/img_2960_720.jpg\" alt=\"\" class=\"wp-image-302370 lazyload\" src=\"data:image\/svg+xml;base64,PHN2ZyB3aWR0aD0iMSIgaGVpZ2h0PSIxIiB4bWxucz0iaHR0cDovL3d3dy53My5vcmcvMjAwMC9zdmciPjwvc3ZnPg==\" style=\"--smush-placeholder-width: 1200px; --smush-placeholder-aspect-ratio: 1200\/690;\" \/><figcaption class=\"wp-element-caption\">T\u00fcrkiy\u0259d\u0259 b\u0259l\u0259diyy\u0259 se\u00e7kil\u0259ri. Foto: Meydan TV<\/figcaption><\/figure>\n<\/div>\n\n\n<p>&#8220;<em>H\u0259m\u00e7inin se\u00e7kil\u0259rd\u0259 CHP bir s\u00fcrpriz etdis\u0259, dig\u0259rini Yenid\u0259n Rifah Partiyas\u0131 (YRP) etdi. YRP CHP v\u0259 AKP-d\u0259n sonra \u0259n \u00e7ox s\u0259s toplay\u0131b&#8221;.<\/em><\/p>\n\n\n\n<p>Bundan \u0259lav\u0259, AKP-nin namiz\u0259dl\u0259rind\u0259n 24-\u00fc, CHP-nin namiz\u0259dl\u0259rind\u0259n is\u0259 35-i \u00f6lk\u0259nin m\u00fcxt\u0259lif \u015f\u0259h\u0259rl\u0259rinin b\u0259l\u0259diyy\u0259 ba\u015f\u00e7\u0131s\u0131 v\u0259zif\u0259sin\u0259 se\u00e7ilib:<\/p>\n\n\n\n<p><em>&#8220;Hakim partiya 12, CHP \u00fczr\u0259 14 b\u00f6y\u00fck \u015f\u0259h\u0259rd\u0259 se\u00e7kil\u0259ri qazan\u0131b&#8221;.<\/em><\/p>\n\n\n\n<p>Y\u00fcks\u0259k Se\u00e7ki Qurumunun ilkin n\u0259tic\u0259l\u0259rinin aprelin 1-d\u0259 a\u00e7\u0131qlanaca\u011f\u0131 bildirilir.<\/p>\n\n\n<div class=\"wp-block-image\">\n<figure class=\"aligncenter size-full\"><img decoding=\"async\" width=\"1200\" height=\"672\" data-src=\"https:\/\/www.meydan.tv\/wp-content\/uploads\/img_2932.jpg\" alt=\"\" class=\"wp-image-302355 lazyload\" src=\"data:image\/svg+xml;base64,PHN2ZyB3aWR0aD0iMSIgaGVpZ2h0PSIxIiB4bWxucz0iaHR0cDovL3d3dy53My5vcmcvMjAwMC9zdmciPjwvc3ZnPg==\" style=\"--smush-placeholder-width: 1200px; --smush-placeholder-aspect-ratio: 1200\/672;\" \/><figcaption class=\"wp-element-caption\">T\u00fcrkiy\u0259d\u0259 b\u0259l\u0259diyy\u0259 se\u00e7kil\u0259ri. \u0130stanbul B\u0259l\u0259diyy\u0259sinin ba\u015fqan\u0131 \u018fkr\u0259m \u0130mamo\u011flu s\u0259s ver\u0259rk\u0259n. Foto: Meydan TV<\/figcaption><\/figure>\n<\/div>\n\n\n<p>T\u00fcrkiy\u0259 Prezidenti R\u0259c\u0259b Tayyib \u018frdo\u011fan mart\u0131n 31-d\u0259n aprelin 1-n\u0259 ke\u00e7\u0259n gec\u0259 t\u0259r\u0259fdarlar\u0131na \u00fcnvanlad\u0131\u011f\u0131 m\u00fcraci\u0259td\u0259 partiyas\u0131n\u0131n se\u00e7kil\u0259rd\u0259 ist\u0259nil\u0259n n\u0259tic\u0259ni \u0259ld\u0259 etm\u0259diyini etiraf edib:<\/p>\n\n\n\n<p>&#8220;<em>Mill\u0259t x\u0259b\u0259rdarl\u0131\u011f\u0131n\u0131, t\u0259qdirini sand\u0131q vasit\u0259sil\u0259 edir. Biz dik duraca\u011f\u0131q. 31 mart bizim \u00fc\u00e7\u00fcn son deyil, d\u00f6n\u00fc\u015f n\u00f6qt\u0259sidir. 31 mart se\u00e7kil\u0259rind\u0259 t\u00fcrk mill\u0259ti mesajlar\u0131n\u0131 siyas\u0259t\u00e7il\u0259r\u0259 \u00e7atd\u0131rmaq f\u00fcrs\u0259ti olaraq qutudan istifad\u0259 etdi. Bu se\u00e7kinin qalibi bizim demokratiyam\u0131z, milli irad\u0259mizdir, b\u00fct\u00fcn 85 milyon insand\u0131r. Mill\u0259timiz se\u00e7kid\u0259 qalib g\u0259l\u0259n namiz\u0259dl\u0259rin qaba\u011f\u0131na \u00e7\u0131xd\u0131. Se\u00e7ki qutusunun g\u00fcc\u00fcn\u00fc g\u00fccl\u0259ndir\u0259n h\u0259r k\u0259s qalib g\u0259lib&#8221;.<\/em><\/p>\n\n\n\n<p>R.T.\u018frdo\u011fan se\u00e7kinin n\u0259tic\u0259l\u0259rini m\u00fczakir\u0259 ed\u0259c\u0259kl\u0259rini vur\u011fulay\u0131b:<\/p>\n\n\n\n<p><em>&#8220;N\u0259tic\u0259l\u0259ri partiyam\u0131z\u0131n orqanlar\u0131nda d\u0259y\u0259rl\u0259ndirib, \u00f6z\u00fcm\u00fcz\u0259 t\u0259nqidimizi c\u0259sar\u0259tl\u0259 aparaca\u011f\u0131q. Se\u00e7ki qutular\u0131n\u0131n n\u0259tic\u0259l\u0259ri g\u00f6st\u0259rir ki, biz itki ya\u015fay\u0131r\u0131q. Bu yerli \u0259sasl\u0131 azalman\u0131n s\u0259b\u0259bini m\u00fczakir\u0259 edib probleml\u0259ri m\u00fc\u0259yy\u0259nl\u0259\u015fdirib, laz\u0131mi m\u00fcdaxil\u0259l\u0259ri ed\u0259c\u0259yik&#8221;<\/em>.<\/p>\n\n\n<div class=\"wp-block-image\">\n<figure class=\"aligncenter size-large\"><img decoding=\"async\" width=\"1200\" height=\"512\" data-src=\"https:\/\/www.meydan.tv\/wp-content\/uploads\/image_from_ios-24-e1678963240448-1200x512.jpg\" alt=\"\" class=\"wp-image-240242 lazyload\" src=\"data:image\/svg+xml;base64,PHN2ZyB3aWR0aD0iMSIgaGVpZ2h0PSIxIiB4bWxucz0iaHR0cDovL3d3dy53My5vcmcvMjAwMC9zdmciPjwvc3ZnPg==\" style=\"--smush-placeholder-width: 1200px; --smush-placeholder-aspect-ratio: 1200\/512;\" \/><figcaption class=\"wp-element-caption\">R\u0259c\u0259b Tayyib \u018frdo\u011fan. Foto: Meydan TV<\/figcaption><\/figure>\n<\/div>\n\n\n<p><em>&#8220;He\u00e7 bir halda mill\u0259timizin q\u0259rar\u0131na h\u00f6rm\u0259tsizlik etm\u0259y\u0259c\u0259yik. Mill\u0259tl\u0259 inadkar olmaqdan uzaq olaca\u011f\u0131q. \u018fn obyektiv \u015f\u0259kild\u0259 a\u011f\u0131l v\u0259 vicdan t\u0259r\u0259zisind\u0259 \u00f6z\u00fcm\u00fcz\u00fc \u00e7\u0259k\u0259r\u0259k add\u0131mlar\u0131m\u0131z\u0131 ataca\u011f\u0131q. Se\u00e7ki marafonu ba\u015fa \u00e7at\u0131b v\u0259 bu g\u00fcnd\u0259n se\u00e7ki d\u0259ft\u0259rini ba\u011flamaq bel\u0259 qazancd\u0131r. 4 il \u00e7ox vaxtd\u0131r, bu d\u00f6vr\u00fc mill\u0259tin vaxt\u0131n\u0131 itir\u0259c\u0259k m\u00fczakir\u0259l\u0259rl\u0259 ke\u00e7ir\u0259 bilm\u0259rik. Biz \u00f6hd\u0259likl\u0259rimizin f\u0259rqind\u0259yik. Daha \u00e7ox z\u0259lz\u0259l\u0259 zonas\u0131n\u0131n b\u0259rpas\u0131na, iqtisadi probleml\u0259r\u0259 v\u0259 aktual m\u0259s\u0259l\u0259l\u0259r\u0259 diqq\u0259t yetir\u0259c\u0259yik&#8221;,-<\/em> dey\u0259 T\u00fcrkiy\u0259 r\u0259hb\u0259ri \u0259lav\u0259 edib.<\/p>\n\n\n\n<p>O h\u0259m\u00e7inin populizmd\u0259n uzaq olacaqlar\u0131n\u0131 da bildirib:<\/p>\n\n\n\n<p><em>&#8220;\u00d6lk\u0259miz\u0259, mill\u0259timiz\u0259, g\u0259l\u0259c\u0259k n\u0259sill\u0259r\u0259 b\u0259d\u0259lini \u00f6d\u0259y\u0259c\u0259k populist add\u0131mlardan uzaq olaca\u011f\u0131q. \u0130qtisadi proqram\u0131m\u0131z\u0131n n\u0259tic\u0259l\u0259rini, x\u00fcsusil\u0259 inflyasiyan\u0131 ilin ikinci yar\u0131s\u0131nda g\u00f6rm\u0259y\u0259 ba\u015flayaca\u011f\u0131q. U\u011furlu \u0259m\u0259liyyatlar\u0131m\u0131zla m\u00fctl\u0259q separat\u00e7\u0131 t\u0259\u015fkilata \u00f6l\u00fcmc\u00fcl z\u0259rb\u0259 vuraca\u011f\u0131q. C\u0259nub s\u0259rh\u0259dl\u0259rimizd\u0259n k\u0259narda terror\u00e7ular\u0131n qurulmas\u0131na imkan verm\u0259y\u0259c\u0259yik. FET\u00d6-n\u00fcn son qal\u0131qlar\u0131n\u0131 da t\u0259mizl\u0259y\u0259c\u0259yik. T\u00fcrkiy\u0259nin beyn\u0259lxalq rolunu v\u0259 \u0259sas m\u00f6vqeyini g\u00fccl\u0259ndir\u0259c\u0259k add\u0131mlar\u0131 davam <a href=\"https:\/\/www.hurriyet.com.tr\/gundem\/31-mart-yerel-secimleri-cumhurbaskani-erdogandan-ilk-degerlendirme-31-mart-bitis-degil-donum-noktasidir-42438565\">etdir\u0259c\u0259yik&#8221;.<\/a><\/em><\/p>\n","protected":false},"excerpt":{"rendered":"<p>YSK se\u00e7ki f\u0259all\u0131\u011f\u0131n\u0131 a\u00e7\u0131qlad\u0131: 78,11 faiz T\u00fcrkiy\u0259nin Y\u00fcks\u0259k Se\u00e7ki Qurumu &#8230; <\/p>\n<p class=\"read-more-container\"><a title=\"AKP b\u00f6y\u00fck \u015f\u0259h\u0259rl\u0259ri CHP-y\u0259 uduzdu, \u018frdo\u011fan etiraf etdi (yenil\u0259nib)\" class=\"read-more button\" href=\"https:\/\/www.meydan.tv\/az\/article\/akp-boyuk-seherleri-chp-ye-uduzdu-erdogan-etiraf-etdi\/#more-302411\" aria-label=\"Read more about AKP b\u00f6y\u00fck \u015f\u0259h\u0259rl\u0259ri CHP-y\u0259 uduzdu, \u018frdo\u011fan etiraf etdi (yenil\u0259nib)\">Davam\u0131<\/a><\/p>\n","protected":false},"author":8,"featured_media":302352,"comment_status":"closed","ping_status":"closed","sticky":false,"template":"","format":"standard","meta":{"_acf_changed":false,"_sitemap_exclude":false,"_sitemap_priority":"","_sitemap_frequency":"","footnotes":""},"categories":[59,79,63,56],"tags":[],"class_list":["post-302411","post","type-post","status-publish","format-standard","has-post-thumbnail","hentry","category-siyaset","category-featured","category-video-2","category-xeberler","infinite-scroll-item","generate-columns","tablet-grid-50","mobile-grid-100","grid-parent","grid-33","no-featured-image-padding"],"acf":[],"yoast_head":"<!-- This site is optimized with the Yoast SEO plugin v27.4 - https:\/\/yoast.com\/product\/yoast-seo-wordpress\/ -->\n<title>AKP b\u00f6y\u00fck \u015f\u0259h\u0259rl\u0259ri CHP-y\u0259 uduzdu, \u018frdo\u011fan etiraf etdi (yenil\u0259nib) - MEYDAN.TV<\/title>\n<meta name=\"robots\" content=\"index, follow, max-snippet:-1, max-image-preview:large, max-video-preview:-1\" \/>\n<link rel=\"canonical\" href=\"https:\/\/www.meydan.tv\/az\/article\/akp-boyuk-seherleri-chp-ye-uduzdu-erdogan-etiraf-etdi\/\" \/>\n<meta property=\"og:locale\" content=\"az_AZ\" \/>\n<meta property=\"og:type\" content=\"article\" \/>\n<meta property=\"og:title\" content=\"AKP b\u00f6y\u00fck \u015f\u0259h\u0259rl\u0259ri CHP-y\u0259 uduzdu, \u018frdo\u011fan etiraf etdi (yenil\u0259nib) - MEYDAN.TV\" \/>\n<meta property=\"og:description\" content=\"YSK se\u00e7ki f\u0259all\u0131\u011f\u0131n\u0131 a\u00e7\u0131qlad\u0131: 78,11 faiz T\u00fcrkiy\u0259nin Y\u00fcks\u0259k Se\u00e7ki Qurumu ... Davam\u0131\" \/>\n<meta property=\"og:url\" content=\"https:\/\/www.meydan.tv\/az\/article\/akp-boyuk-seherleri-chp-ye-uduzdu-erdogan-etiraf-etdi\/\" \/>\n<meta property=\"og:site_name\" content=\"MEYDAN.TV\" \/>\n<meta property=\"article:published_time\" content=\"2024-04-01T08:08:34+00:00\" \/>\n<meta property=\"article:modified_time\" content=\"2024-04-02T09:53:14+00:00\" \/>\n<meta property=\"og:image\" content=\"https:\/\/www.meydan.tv\/wp-content\/uploads\/img_2959.jpg\" \/>\n\t<meta property=\"og:image:width\" content=\"1200\" \/>\n\t<meta property=\"og:image:height\" content=\"690\" \/>\n\t<meta property=\"og:image:type\" content=\"image\/jpeg\" \/>\n<meta name=\"author\" content=\"elli\" \/>\n<meta name=\"twitter:card\" content=\"summary_large_image\" \/>\n<meta name=\"twitter:creator\" content=\"@elli\" \/>\n<script type=\"application\/ld+json\" class=\"yoast-schema-graph\">{\"@context\":\"https:\\\/\\\/schema.org\",\"@graph\":[{\"@type\":\"Article\",\"@id\":\"https:\\\/\\\/www.meydan.tv\\\/az\\\/article\\\/akp-boyuk-seherleri-chp-ye-uduzdu-erdogan-etiraf-etdi\\\/#article\",\"isPartOf\":{\"@id\":\"https:\\\/\\\/www.meydan.tv\\\/az\\\/article\\\/akp-boyuk-seherleri-chp-ye-uduzdu-erdogan-etiraf-etdi\\\/\"},\"author\":{\"name\":\"elli\",\"@id\":\"https:\\\/\\\/www.meydan.tv\\\/az\\\/#\\\/schema\\\/person\\\/9cdbecf90d17180ce1dfbd95b08dcf47\"},\"headline\":\"AKP b\u00f6y\u00fck \u015f\u0259h\u0259rl\u0259ri CHP-y\u0259 uduzdu, \u018frdo\u011fan etiraf etdi (yenil\u0259nib)\",\"datePublished\":\"2024-04-01T08:08:34+00:00\",\"dateModified\":\"2024-04-02T09:53:14+00:00\",\"mainEntityOfPage\":{\"@id\":\"https:\\\/\\\/www.meydan.tv\\\/az\\\/article\\\/akp-boyuk-seherleri-chp-ye-uduzdu-erdogan-etiraf-etdi\\\/\"},\"wordCount\":976,\"publisher\":{\"@id\":\"https:\\\/\\\/www.meydan.tv\\\/az\\\/#organization\"},\"image\":{\"@id\":\"https:\\\/\\\/www.meydan.tv\\\/az\\\/article\\\/akp-boyuk-seherleri-chp-ye-uduzdu-erdogan-etiraf-etdi\\\/#primaryimage\"},\"thumbnailUrl\":\"https:\\\/\\\/www.meydan.tv\\\/wp-content\\\/uploads\\\/img_2959.jpg\",\"articleSection\":[\"Siyas\u0259t\",\"T\u00f6vsiy\u0259\",\"Video\",\"X\u0259b\u0259rl\u0259r\"],\"inLanguage\":\"az\"},{\"@type\":\"WebPage\",\"@id\":\"https:\\\/\\\/www.meydan.tv\\\/az\\\/article\\\/akp-boyuk-seherleri-chp-ye-uduzdu-erdogan-etiraf-etdi\\\/\",\"url\":\"https:\\\/\\\/www.meydan.tv\\\/az\\\/article\\\/akp-boyuk-seherleri-chp-ye-uduzdu-erdogan-etiraf-etdi\\\/\",\"name\":\"AKP b\u00f6y\u00fck \u015f\u0259h\u0259rl\u0259ri CHP-y\u0259 uduzdu, \u018frdo\u011fan etiraf etdi (yenil\u0259nib) - MEYDAN.TV\",\"isPartOf\":{\"@id\":\"https:\\\/\\\/www.meydan.tv\\\/az\\\/#website\"},\"primaryImageOfPage\":{\"@id\":\"https:\\\/\\\/www.meydan.tv\\\/az\\\/article\\\/akp-boyuk-seherleri-chp-ye-uduzdu-erdogan-etiraf-etdi\\\/#primaryimage\"},\"image\":{\"@id\":\"https:\\\/\\\/www.meydan.tv\\\/az\\\/article\\\/akp-boyuk-seherleri-chp-ye-uduzdu-erdogan-etiraf-etdi\\\/#primaryimage\"},\"thumbnailUrl\":\"https:\\\/\\\/www.meydan.tv\\\/wp-content\\\/uploads\\\/img_2959.jpg\",\"datePublished\":\"2024-04-01T08:08:34+00:00\",\"dateModified\":\"2024-04-02T09:53:14+00:00\",\"breadcrumb\":{\"@id\":\"https:\\\/\\\/www.meydan.tv\\\/az\\\/article\\\/akp-boyuk-seherleri-chp-ye-uduzdu-erdogan-etiraf-etdi\\\/#breadcrumb\"},\"inLanguage\":\"az\",\"potentialAction\":[{\"@type\":\"ReadAction\",\"target\":[\"https:\\\/\\\/www.meydan.tv\\\/az\\\/article\\\/akp-boyuk-seherleri-chp-ye-uduzdu-erdogan-etiraf-etdi\\\/\"]}]},{\"@type\":\"ImageObject\",\"inLanguage\":\"az\",\"@id\":\"https:\\\/\\\/www.meydan.tv\\\/az\\\/article\\\/akp-boyuk-seherleri-chp-ye-uduzdu-erdogan-etiraf-etdi\\\/#primaryimage\",\"url\":\"https:\\\/\\\/www.meydan.tv\\\/wp-content\\\/uploads\\\/img_2959.jpg\",\"contentUrl\":\"https:\\\/\\\/www.meydan.tv\\\/wp-content\\\/uploads\\\/img_2959.jpg\",\"width\":1200,\"height\":690,\"caption\":\"T\u00fcrkiy\u0259d\u0259 b\u0259l\u0259diyy\u0259 se\u00e7kil\u0259ri. Foto: Meydan TV\"},{\"@type\":\"BreadcrumbList\",\"@id\":\"https:\\\/\\\/www.meydan.tv\\\/az\\\/article\\\/akp-boyuk-seherleri-chp-ye-uduzdu-erdogan-etiraf-etdi\\\/#breadcrumb\",\"itemListElement\":[{\"@type\":\"ListItem\",\"position\":1,\"name\":\"Ana s\u0259hif\u0259\",\"item\":\"https:\\\/\\\/www.meydan.tv\\\/az\\\/\"},{\"@type\":\"ListItem\",\"position\":2,\"name\":\"Siyas\u0259t\",\"item\":\"https:\\\/\\\/www.meydan.tv\\\/az\\\/section\\\/siyaset\\\/\"},{\"@type\":\"ListItem\",\"position\":3,\"name\":\"AKP b\u00f6y\u00fck \u015f\u0259h\u0259rl\u0259ri CHP-y\u0259 uduzdu, \u018frdo\u011fan etiraf etdi (yenil\u0259nib)\"}]},{\"@type\":\"WebSite\",\"@id\":\"https:\\\/\\\/www.meydan.tv\\\/az\\\/#website\",\"url\":\"https:\\\/\\\/www.meydan.tv\\\/az\\\/\",\"name\":\"MEYDAN.TV\",\"description\":\"Meydan TV Az\u0259rbaycan\u0131n media m\u0259kan\u0131ndak\u0131 alternativ s\u0259sidir\",\"publisher\":{\"@id\":\"https:\\\/\\\/www.meydan.tv\\\/az\\\/#organization\"},\"potentialAction\":[{\"@type\":\"SearchAction\",\"target\":{\"@type\":\"EntryPoint\",\"urlTemplate\":\"https:\\\/\\\/www.meydan.tv\\\/az\\\/?s={search_term_string}\"},\"query-input\":{\"@type\":\"PropertyValueSpecification\",\"valueRequired\":true,\"valueName\":\"search_term_string\"}}],\"inLanguage\":\"az\"},{\"@type\":\"Organization\",\"@id\":\"https:\\\/\\\/www.meydan.tv\\\/az\\\/#organization\",\"name\":\"Meydan TV\",\"url\":\"https:\\\/\\\/www.meydan.tv\\\/az\\\/\",\"logo\":{\"@type\":\"ImageObject\",\"inLanguage\":\"az\",\"@id\":\"https:\\\/\\\/www.meydan.tv\\\/az\\\/#\\\/schema\\\/logo\\\/image\\\/\",\"url\":\"https:\\\/\\\/www.meydan.tv\\\/wp-content\\\/uploads\\\/2021\\\/07\\\/meydan-logo.svg\",\"contentUrl\":\"https:\\\/\\\/www.meydan.tv\\\/wp-content\\\/uploads\\\/2021\\\/07\\\/meydan-logo.svg\",\"width\":195,\"height\":46,\"caption\":\"Meydan TV\"},\"image\":{\"@id\":\"https:\\\/\\\/www.meydan.tv\\\/az\\\/#\\\/schema\\\/logo\\\/image\\\/\"}},{\"@type\":\"Person\",\"@id\":\"https:\\\/\\\/www.meydan.tv\\\/az\\\/#\\\/schema\\\/person\\\/9cdbecf90d17180ce1dfbd95b08dcf47\",\"name\":\"elli\",\"sameAs\":[\"https:\\\/\\\/x.com\\\/elli\"]}]}<\/script>\n<!-- \/ Yoast SEO plugin. -->","yoast_head_json":{"title":"AKP b\u00f6y\u00fck \u015f\u0259h\u0259rl\u0259ri CHP-y\u0259 uduzdu, \u018frdo\u011fan etiraf etdi (yenil\u0259nib) - MEYDAN.TV","robots":{"index":"index","follow":"follow","max-snippet":"max-snippet:-1","max-image-preview":"max-image-preview:large","max-video-preview":"max-video-preview:-1"},"canonical":"https:\/\/www.meydan.tv\/az\/article\/akp-boyuk-seherleri-chp-ye-uduzdu-erdogan-etiraf-etdi\/","og_locale":"az_AZ","og_type":"article","og_title":"AKP b\u00f6y\u00fck \u015f\u0259h\u0259rl\u0259ri CHP-y\u0259 uduzdu, \u018frdo\u011fan etiraf etdi (yenil\u0259nib) - MEYDAN.TV","og_description":"YSK se\u00e7ki f\u0259all\u0131\u011f\u0131n\u0131 a\u00e7\u0131qlad\u0131: 78,11 faiz T\u00fcrkiy\u0259nin Y\u00fcks\u0259k Se\u00e7ki Qurumu ... Davam\u0131","og_url":"https:\/\/www.meydan.tv\/az\/article\/akp-boyuk-seherleri-chp-ye-uduzdu-erdogan-etiraf-etdi\/","og_site_name":"MEYDAN.TV","article_published_time":"2024-04-01T08:08:34+00:00","article_modified_time":"2024-04-02T09:53:14+00:00","og_image":[{"width":1200,"height":690,"url":"https:\/\/www.meydan.tv\/wp-content\/uploads\/img_2959.jpg","type":"image\/jpeg"}],"author":"elli","twitter_card":"summary_large_image","twitter_creator":"@elli","schema":{"@context":"https:\/\/schema.org","@graph":[{"@type":"Article","@id":"https:\/\/www.meydan.tv\/az\/article\/akp-boyuk-seherleri-chp-ye-uduzdu-erdogan-etiraf-etdi\/#article","isPartOf":{"@id":"https:\/\/www.meydan.tv\/az\/article\/akp-boyuk-seherleri-chp-ye-uduzdu-erdogan-etiraf-etdi\/"},"author":{"name":"elli","@id":"https:\/\/www.meydan.tv\/az\/#\/schema\/person\/9cdbecf90d17180ce1dfbd95b08dcf47"},"headline":"AKP b\u00f6y\u00fck \u015f\u0259h\u0259rl\u0259ri CHP-y\u0259 uduzdu, \u018frdo\u011fan etiraf etdi (yenil\u0259nib)","datePublished":"2024-04-01T08:08:34+00:00","dateModified":"2024-04-02T09:53:14+00:00","mainEntityOfPage":{"@id":"https:\/\/www.meydan.tv\/az\/article\/akp-boyuk-seherleri-chp-ye-uduzdu-erdogan-etiraf-etdi\/"},"wordCount":976,"publisher":{"@id":"https:\/\/www.meydan.tv\/az\/#organization"},"image":{"@id":"https:\/\/www.meydan.tv\/az\/article\/akp-boyuk-seherleri-chp-ye-uduzdu-erdogan-etiraf-etdi\/#primaryimage"},"thumbnailUrl":"https:\/\/www.meydan.tv\/wp-content\/uploads\/img_2959.jpg","articleSection":["Siyas\u0259t","T\u00f6vsiy\u0259","Video","X\u0259b\u0259rl\u0259r"],"inLanguage":"az"},{"@type":"WebPage","@id":"https:\/\/www.meydan.tv\/az\/article\/akp-boyuk-seherleri-chp-ye-uduzdu-erdogan-etiraf-etdi\/","url":"https:\/\/www.meydan.tv\/az\/article\/akp-boyuk-seherleri-chp-ye-uduzdu-erdogan-etiraf-etdi\/","name":"AKP b\u00f6y\u00fck \u015f\u0259h\u0259rl\u0259ri CHP-y\u0259 uduzdu, \u018frdo\u011fan etiraf etdi (yenil\u0259nib) - MEYDAN.TV","isPartOf":{"@id":"https:\/\/www.meydan.tv\/az\/#website"},"primaryImageOfPage":{"@id":"https:\/\/www.meydan.tv\/az\/article\/akp-boyuk-seherleri-chp-ye-uduzdu-erdogan-etiraf-etdi\/#primaryimage"},"image":{"@id":"https:\/\/www.meydan.tv\/az\/article\/akp-boyuk-seherleri-chp-ye-uduzdu-erdogan-etiraf-etdi\/#primaryimage"},"thumbnailUrl":"https:\/\/www.meydan.tv\/wp-content\/uploads\/img_2959.jpg","datePublished":"2024-04-01T08:08:34+00:00","dateModified":"2024-04-02T09:53:14+00:00","breadcrumb":{"@id":"https:\/\/www.meydan.tv\/az\/article\/akp-boyuk-seherleri-chp-ye-uduzdu-erdogan-etiraf-etdi\/#breadcrumb"},"inLanguage":"az","potentialAction":[{"@type":"ReadAction","target":["https:\/\/www.meydan.tv\/az\/article\/akp-boyuk-seherleri-chp-ye-uduzdu-erdogan-etiraf-etdi\/"]}]},{"@type":"ImageObject","inLanguage":"az","@id":"https:\/\/www.meydan.tv\/az\/article\/akp-boyuk-seherleri-chp-ye-uduzdu-erdogan-etiraf-etdi\/#primaryimage","url":"https:\/\/www.meydan.tv\/wp-content\/uploads\/img_2959.jpg","contentUrl":"https:\/\/www.meydan.tv\/wp-content\/uploads\/img_2959.jpg","width":1200,"height":690,"caption":"T\u00fcrkiy\u0259d\u0259 b\u0259l\u0259diyy\u0259 se\u00e7kil\u0259ri. Foto: Meydan TV"},{"@type":"BreadcrumbList","@id":"https:\/\/www.meydan.tv\/az\/article\/akp-boyuk-seherleri-chp-ye-uduzdu-erdogan-etiraf-etdi\/#breadcrumb","itemListElement":[{"@type":"ListItem","position":1,"name":"Ana s\u0259hif\u0259","item":"https:\/\/www.meydan.tv\/az\/"},{"@type":"ListItem","position":2,"name":"Siyas\u0259t","item":"https:\/\/www.meydan.tv\/az\/section\/siyaset\/"},{"@type":"ListItem","position":3,"name":"AKP b\u00f6y\u00fck \u015f\u0259h\u0259rl\u0259ri CHP-y\u0259 uduzdu, \u018frdo\u011fan etiraf etdi (yenil\u0259nib)"}]},{"@type":"WebSite","@id":"https:\/\/www.meydan.tv\/az\/#website","url":"https:\/\/www.meydan.tv\/az\/","name":"MEYDAN.TV","description":"Meydan TV Az\u0259rbaycan\u0131n media m\u0259kan\u0131ndak\u0131 alternativ s\u0259sidir","publisher":{"@id":"https:\/\/www.meydan.tv\/az\/#organization"},"potentialAction":[{"@type":"SearchAction","target":{"@type":"EntryPoint","urlTemplate":"https:\/\/www.meydan.tv\/az\/?s={search_term_string}"},"query-input":{"@type":"PropertyValueSpecification","valueRequired":true,"valueName":"search_term_string"}}],"inLanguage":"az"},{"@type":"Organization","@id":"https:\/\/www.meydan.tv\/az\/#organization","name":"Meydan TV","url":"https:\/\/www.meydan.tv\/az\/","logo":{"@type":"ImageObject","inLanguage":"az","@id":"https:\/\/www.meydan.tv\/az\/#\/schema\/logo\/image\/","url":"https:\/\/www.meydan.tv\/wp-content\/uploads\/2021\/07\/meydan-logo.svg","contentUrl":"https:\/\/www.meydan.tv\/wp-content\/uploads\/2021\/07\/meydan-logo.svg","width":195,"height":46,"caption":"Meydan TV"},"image":{"@id":"https:\/\/www.meydan.tv\/az\/#\/schema\/logo\/image\/"}},{"@type":"Person","@id":"https:\/\/www.meydan.tv\/az\/#\/schema\/person\/9cdbecf90d17180ce1dfbd95b08dcf47","name":"elli","sameAs":["https:\/\/x.com\/elli"]}]}},"_links":{"self":[{"href":"https:\/\/www.meydan.tv\/az\/wp-json\/wp\/v2\/posts\/302411","targetHints":{"allow":["GET"]}}],"collection":[{"href":"https:\/\/www.meydan.tv\/az\/wp-json\/wp\/v2\/posts"}],"about":[{"href":"https:\/\/www.meydan.tv\/az\/wp-json\/wp\/v2\/types\/post"}],"author":[{"embeddable":true,"href":"https:\/\/www.meydan.tv\/az\/wp-json\/wp\/v2\/users\/8"}],"replies":[{"embeddable":true,"href":"https:\/\/www.meydan.tv\/az\/wp-json\/wp\/v2\/comments?post=302411"}],"version-history":[{"count":9,"href":"https:\/\/www.meydan.tv\/az\/wp-json\/wp\/v2\/posts\/302411\/revisions"}],"predecessor-version":[{"id":302510,"href":"https:\/\/www.meydan.tv\/az\/wp-json\/wp\/v2\/posts\/302411\/revisions\/302510"}],"wp:featuredmedia":[{"embeddable":true,"href":"https:\/\/www.meydan.tv\/az\/wp-json\/wp\/v2\/media\/302352"}],"wp:attachment":[{"href":"https:\/\/www.meydan.tv\/az\/wp-json\/wp\/v2\/media?parent=302411"}],"wp:term":[{"taxonomy":"category","embeddable":true,"href":"https:\/\/www.meydan.tv\/az\/wp-json\/wp\/v2\/categories?post=302411"},{"taxonomy":"post_tag","embeddable":true,"href":"https:\/\/www.meydan.tv\/az\/wp-json\/wp\/v2\/tags?post=302411"}],"curies":[{"name":"wp","href":"https:\/\/api.w.org\/{rel}","templated":true}]}}