{"id":302390,"date":"2024-03-31T19:15:56","date_gmt":"2024-03-31T15:15:56","guid":{"rendered":"https:\/\/www.meydan.tv\/?p=302390"},"modified":"2024-03-31T22:30:00","modified_gmt":"2024-03-31T18:30:00","slug":"zaqatalada-sahibsiz-itler-heyvanseverlerle-sakinler-arasinda-mubahiseye-sebeb-olur","status":"publish","type":"post","link":"https:\/\/www.meydan.tv\/az\/article\/zaqatalada-sahibsiz-itler-heyvanseverlerle-sakinler-arasinda-mubahiseye-sebeb-olur\/","title":{"rendered":"Zaqatalada sahibsiz itl\u0259r heyvansev\u0259rl\u0259rl\u0259 sakinl\u0259r aras\u0131nda m\u00fcbahis\u0259y\u0259 s\u0259b\u0259b olur"},"content":{"rendered":"\n<p><\/p>\n\n\n\n<p><strong><em>Rayon sakinl\u0259ri sahibsiz itl\u0259rin h\u00fccumuna m\u0259ruz qalmaqdan qorxduqlar\u0131n\u0131 deyirl\u0259r<\/em><\/strong><\/p>\n\n\n\n<p>Zaqatalan\u0131n m\u0259rk\u0259zi k\u00fc\u00e7\u0259 v\u0259 m\u0259h\u0259ll\u0259l\u0259rind\u0259, o c\u00fcml\u0259d\u0259n, k\u0259ndl\u0259rd\u0259 sahibsiz itl\u0259rin s\u00fcr\u00fc il\u0259 dolanmas\u0131 sakinl\u0259ri qorxuya sal\u0131b. Onlar deyirl\u0259r ki, u\u015faqlar\u0131 t\u0259k m\u0259h\u0259ll\u0259y\u0259 buraxa bilmirl\u0259r.<\/p>\n\n\n\n<p>Sakinl\u0259rd\u0259n Natella \u0130sayeva Meydan TV-y\u0259 dan\u0131\u015f\u0131b ki, Yuxar\u0131 Tala k\u0259ndind\u0259 sahibsiz itl\u0259r f\u0259rdi ya\u015fay\u0131\u015f evinin h\u0259y\u0259tin\u0259 girir, qorxu yarad\u0131r.<\/p>\n\n\n\n<p><em>\u201c\u00d6t\u0259n h\u0259ft\u0259 g\u00fcnorta \u00e7a\u011f\u0131 m\u0259h\u0259ll\u0259d\u0259 \u00e7aqqal dolan\u0131rd\u0131. S\u00fcr\u00fc il\u0259 g\u0259l\u0259n itl\u0259rin s\u0259si vahim\u0259li idi, n\u0259inki \u00e7aqqal\u0131n m\u0259h\u0259ll\u0259y\u0259 q\u0259d\u0259r g\u0259lm\u0259si\u201d<\/em>,- \u015fikay\u0259t\u00e7i bildirib.<\/p>\n\n\n\n<p>Onun s\u00f6zl\u0259rin\u0259 g\u00f6r\u0259, itl\u0259rin \u00f6ld\u00fcr\u00fclm\u0259sin\u0259 qar\u015f\u0131d\u0131r, amma sahibsiz itl\u0259r\u0259 qar\u015f\u0131 t\u0259dbir g\u00f6r\u00fclm\u0259lidir.<\/p>\n\n\n<div class=\"wp-block-image\">\n<figure class=\"alignleft size-large is-resized\"><img decoding=\"async\" width=\"553\" height=\"821\" data-src=\"https:\/\/www.meydan.tv\/wp-content\/uploads\/image-30-03-24-10-18-553x821.jpeg\" alt=\"\" class=\"wp-image-302391 lazyload\" style=\"--smush-placeholder-width: 553px; --smush-placeholder-aspect-ratio: 553\/821;width:310px;height:auto\" src=\"data:image\/svg+xml;base64,PHN2ZyB3aWR0aD0iMSIgaGVpZ2h0PSIxIiB4bWxucz0iaHR0cDovL3d3dy53My5vcmcvMjAwMC9zdmciPjwvc3ZnPg==\" \/><figcaption class=\"wp-element-caption\">Foto: Meydan TV<\/figcaption><\/figure>\n<\/div>\n\n\n<p>Zaqatala sakini Hafiz Akberov is\u0259 deyib ki, t\u0259xmin\u0259n 2 ay \u0259vv\u0259l d\u0259rs\u0259 ged\u0259n azya\u015fl\u0131 q\u0131z\u0131na it h\u00fccum edib. Qon\u015fular\u0131n k\u00f6m\u0259yil\u0259 iti u\u015faqdan uzaqla\u015fd\u0131ra bils\u0259l\u0259r d\u0259, \u00f6vlad\u0131 d\u0259rin sars\u0131nt\u0131 ke\u00e7irib.<\/p>\n\n\n\n<p>Rayonda bir ne\u00e7\u0259 heyvansev\u0259r \u00f6z g\u00fcc\u00fcn\u0259 s\u0131\u011f\u0131nacaq yaratmaq ist\u0259s\u0259 d\u0259, itl\u0259rin qidalanmas\u0131 \u00fc\u00e7\u00fcn yem tapmaqda \u00e7\u0259tinlik \u00e7\u0259kirl\u0259r. Akberov deyib ki, sosial \u015f\u0259b\u0259k\u0259l\u0259rd\u0259n heyvansev\u0259rl\u0259r\u0259 m\u00fcraci\u0259t edirl\u0259r, amma heyvansev\u0259rl\u0259r\u0259 yard\u0131m edilm\u0259diyind\u0259n itl\u0259r sonradan k\u00fc\u00e7\u0259l\u0259r\u0259 burax\u0131l\u0131r:<\/p>\n\n\n\n<p><em>\u201c\u0130tl\u0259r ac oldu\u011fu \u00fc\u00e7\u00fcn yem\u0259k axtar\u0131rlar. B\u0259zi insanlar heyvanlara qar\u015f\u0131 aqressiv oldu\u011fundan itl\u0259r d\u0259 g\u0259lib-ke\u00e7\u0259nl\u0259r\u0259 bu c\u00fcr h\u00fccum edirl\u0259r. B\u0259z\u0259n i\u015f\u0131qlar ke\u00e7ir, qaranl\u0131q k\u00fc\u00e7\u0259d\u0259 m\u0259h\u0259ll\u0259l\u0259r\u0259 yax\u0131nla\u015fmaq olmur. Olduqca ac\u0131nacaql\u0131 v\u0259ziyy\u0259tdir\u201d.<\/em><\/p>\n\n\n\n<p>Sakinl\u0259r deyirl\u0259r ki, sahibsiz itl\u0259rl\u0259 ba\u011fl\u0131 bir ne\u00e7\u0259 d\u0259f\u0259 \u015fikay\u0259t ets\u0259l\u0259r d\u0259, t\u0259dbir g\u00f6r\u0259n yoxdur. Heyvansev\u0259rl\u0259rl\u0259 itd\u0259n qorxanlar aras\u0131nda daim m\u00fcbahis\u0259 ba\u015f verir.<\/p>\n\n\n\n<p>Zaqatala Rayon \u0130cra Hakimiyy\u0259tind\u0259n \u015fikay\u0259tl\u0259 ba\u011fl\u0131 dan\u0131\u015fmaq ist\u0259m\u0259yibl\u0259r. \u0130cra hakimiyy\u0259tinin telefonunu cavabland\u0131ran \u0259m\u0259kda\u015f\u0131 bildirib ki, sakinl\u0259r \u015fikay\u0259tl\u0259rini m\u0259tbuata yox, yaz\u0131l\u0131 qaydada icra hakimiyy\u0259tin\u0259 bildirm\u0259lidir.<\/p>\n\n\n\n<p>\u015e\u0259kid\u0259n, o c\u00fcml\u0259d\u0259n, Bak\u0131n\u0131n x\u00fcsusil\u0259 \u0259traf q\u0259s\u0259b\u0259l\u0259rind\u0259n d\u0259 sahibsiz itl\u0259rl\u0259 ba\u011fl\u0131 \u015fikay\u0259t var.R\u0259smi m\u0259lumata g\u00f6r\u0259, Az\u0259rbaycanda \u00f6t\u0259n il 43 min 968 heyvan di\u015fl\u0259m\u0259si qeyd\u0259 al\u0131n\u0131b. Onlardan 33 min 712 it di\u015fl\u0259m\u0259si olub, 3 n\u0259f\u0259rd\u0259 is\u0259 quduzluq qeyd\u0259 al\u0131n\u0131b.<\/p>\n","protected":false},"excerpt":{"rendered":"<p>Rayon sakinl\u0259ri sahibsiz itl\u0259rin h\u00fccumuna m\u0259ruz qalmaqdan qorxduqlar\u0131n\u0131 deyirl\u0259r Zaqatalan\u0131n &#8230; <\/p>\n<p class=\"read-more-container\"><a title=\"Zaqatalada sahibsiz itl\u0259r heyvansev\u0259rl\u0259rl\u0259 sakinl\u0259r aras\u0131nda m\u00fcbahis\u0259y\u0259 s\u0259b\u0259b olur\" class=\"read-more button\" href=\"https:\/\/www.meydan.tv\/az\/article\/zaqatalada-sahibsiz-itler-heyvanseverlerle-sakinler-arasinda-mubahiseye-sebeb-olur\/#more-302390\" aria-label=\"Read more about Zaqatalada sahibsiz itl\u0259r heyvansev\u0259rl\u0259rl\u0259 sakinl\u0259r aras\u0131nda m\u00fcbahis\u0259y\u0259 s\u0259b\u0259b olur\">Davam\u0131<\/a><\/p>\n","protected":false},"author":8,"featured_media":94830,"comment_status":"closed","ping_status":"closed","sticky":false,"template":"","format":"standard","meta":{"_acf_changed":false,"_sitemap_exclude":false,"_sitemap_priority":"","_sitemap_frequency":"","footnotes":""},"categories":[60,56],"tags":[],"class_list":["post-302390","post","type-post","status-publish","format-standard","has-post-thumbnail","hentry","category-bolge","category-xeberler","infinite-scroll-item","generate-columns","tablet-grid-50","mobile-grid-100","grid-parent","grid-33","no-featured-image-padding"],"acf":[],"yoast_head":"<!-- This site is optimized with the Yoast SEO plugin v27.4 - https:\/\/yoast.com\/product\/yoast-seo-wordpress\/ -->\n<title>Zaqatalada sahibsiz itl\u0259r heyvansev\u0259rl\u0259rl\u0259 sakinl\u0259r aras\u0131nda m\u00fcbahis\u0259y\u0259 s\u0259b\u0259b olur - MEYDAN.TV<\/title>\n<meta name=\"robots\" content=\"index, follow, max-snippet:-1, max-image-preview:large, max-video-preview:-1\" \/>\n<link rel=\"canonical\" href=\"https:\/\/www.meydan.tv\/az\/article\/zaqatalada-sahibsiz-itler-heyvanseverlerle-sakinler-arasinda-mubahiseye-sebeb-olur\/\" \/>\n<meta property=\"og:locale\" content=\"az_AZ\" \/>\n<meta property=\"og:type\" content=\"article\" \/>\n<meta property=\"og:title\" content=\"Zaqatalada sahibsiz itl\u0259r heyvansev\u0259rl\u0259rl\u0259 sakinl\u0259r aras\u0131nda m\u00fcbahis\u0259y\u0259 s\u0259b\u0259b olur - MEYDAN.TV\" \/>\n<meta property=\"og:description\" content=\"Rayon sakinl\u0259ri sahibsiz itl\u0259rin h\u00fccumuna m\u0259ruz qalmaqdan qorxduqlar\u0131n\u0131 deyirl\u0259r Zaqatalan\u0131n ... Davam\u0131\" \/>\n<meta property=\"og:url\" content=\"https:\/\/www.meydan.tv\/az\/article\/zaqatalada-sahibsiz-itler-heyvanseverlerle-sakinler-arasinda-mubahiseye-sebeb-olur\/\" \/>\n<meta property=\"og:site_name\" content=\"MEYDAN.TV\" \/>\n<meta property=\"article:published_time\" content=\"2024-03-31T15:15:56+00:00\" \/>\n<meta property=\"article:modified_time\" content=\"2024-03-31T18:30:00+00:00\" \/>\n<meta property=\"og:image\" content=\"https:\/\/www.meydan.tv\/wp-content\/uploads\/37468.jpg\" \/>\n\t<meta property=\"og:image:width\" content=\"1400\" \/>\n\t<meta property=\"og:image:height\" content=\"932\" \/>\n\t<meta property=\"og:image:type\" content=\"image\/jpeg\" \/>\n<meta name=\"author\" content=\"elli\" \/>\n<meta name=\"twitter:card\" content=\"summary_large_image\" \/>\n<meta name=\"twitter:creator\" content=\"@elli\" \/>\n<script type=\"application\/ld+json\" class=\"yoast-schema-graph\">{\"@context\":\"https:\\\/\\\/schema.org\",\"@graph\":[{\"@type\":\"Article\",\"@id\":\"https:\\\/\\\/www.meydan.tv\\\/az\\\/article\\\/zaqatalada-sahibsiz-itler-heyvanseverlerle-sakinler-arasinda-mubahiseye-sebeb-olur\\\/#article\",\"isPartOf\":{\"@id\":\"https:\\\/\\\/www.meydan.tv\\\/az\\\/article\\\/zaqatalada-sahibsiz-itler-heyvanseverlerle-sakinler-arasinda-mubahiseye-sebeb-olur\\\/\"},\"author\":{\"name\":\"elli\",\"@id\":\"https:\\\/\\\/www.meydan.tv\\\/az\\\/#\\\/schema\\\/person\\\/9cdbecf90d17180ce1dfbd95b08dcf47\"},\"headline\":\"Zaqatalada sahibsiz itl\u0259r heyvansev\u0259rl\u0259rl\u0259 sakinl\u0259r aras\u0131nda m\u00fcbahis\u0259y\u0259 s\u0259b\u0259b olur\",\"datePublished\":\"2024-03-31T15:15:56+00:00\",\"dateModified\":\"2024-03-31T18:30:00+00:00\",\"mainEntityOfPage\":{\"@id\":\"https:\\\/\\\/www.meydan.tv\\\/az\\\/article\\\/zaqatalada-sahibsiz-itler-heyvanseverlerle-sakinler-arasinda-mubahiseye-sebeb-olur\\\/\"},\"wordCount\":497,\"publisher\":{\"@id\":\"https:\\\/\\\/www.meydan.tv\\\/az\\\/#organization\"},\"image\":{\"@id\":\"https:\\\/\\\/www.meydan.tv\\\/az\\\/article\\\/zaqatalada-sahibsiz-itler-heyvanseverlerle-sakinler-arasinda-mubahiseye-sebeb-olur\\\/#primaryimage\"},\"thumbnailUrl\":\"https:\\\/\\\/www.meydan.tv\\\/wp-content\\\/uploads\\\/37468.jpg\",\"articleSection\":[\"B\u00f6lg\u0259\",\"X\u0259b\u0259rl\u0259r\"],\"inLanguage\":\"az\"},{\"@type\":\"WebPage\",\"@id\":\"https:\\\/\\\/www.meydan.tv\\\/az\\\/article\\\/zaqatalada-sahibsiz-itler-heyvanseverlerle-sakinler-arasinda-mubahiseye-sebeb-olur\\\/\",\"url\":\"https:\\\/\\\/www.meydan.tv\\\/az\\\/article\\\/zaqatalada-sahibsiz-itler-heyvanseverlerle-sakinler-arasinda-mubahiseye-sebeb-olur\\\/\",\"name\":\"Zaqatalada sahibsiz itl\u0259r heyvansev\u0259rl\u0259rl\u0259 sakinl\u0259r aras\u0131nda m\u00fcbahis\u0259y\u0259 s\u0259b\u0259b olur - MEYDAN.TV\",\"isPartOf\":{\"@id\":\"https:\\\/\\\/www.meydan.tv\\\/az\\\/#website\"},\"primaryImageOfPage\":{\"@id\":\"https:\\\/\\\/www.meydan.tv\\\/az\\\/article\\\/zaqatalada-sahibsiz-itler-heyvanseverlerle-sakinler-arasinda-mubahiseye-sebeb-olur\\\/#primaryimage\"},\"image\":{\"@id\":\"https:\\\/\\\/www.meydan.tv\\\/az\\\/article\\\/zaqatalada-sahibsiz-itler-heyvanseverlerle-sakinler-arasinda-mubahiseye-sebeb-olur\\\/#primaryimage\"},\"thumbnailUrl\":\"https:\\\/\\\/www.meydan.tv\\\/wp-content\\\/uploads\\\/37468.jpg\",\"datePublished\":\"2024-03-31T15:15:56+00:00\",\"dateModified\":\"2024-03-31T18:30:00+00:00\",\"breadcrumb\":{\"@id\":\"https:\\\/\\\/www.meydan.tv\\\/az\\\/article\\\/zaqatalada-sahibsiz-itler-heyvanseverlerle-sakinler-arasinda-mubahiseye-sebeb-olur\\\/#breadcrumb\"},\"inLanguage\":\"az\",\"potentialAction\":[{\"@type\":\"ReadAction\",\"target\":[\"https:\\\/\\\/www.meydan.tv\\\/az\\\/article\\\/zaqatalada-sahibsiz-itler-heyvanseverlerle-sakinler-arasinda-mubahiseye-sebeb-olur\\\/\"]}]},{\"@type\":\"ImageObject\",\"inLanguage\":\"az\",\"@id\":\"https:\\\/\\\/www.meydan.tv\\\/az\\\/article\\\/zaqatalada-sahibsiz-itler-heyvanseverlerle-sakinler-arasinda-mubahiseye-sebeb-olur\\\/#primaryimage\",\"url\":\"https:\\\/\\\/www.meydan.tv\\\/wp-content\\\/uploads\\\/37468.jpg\",\"contentUrl\":\"https:\\\/\\\/www.meydan.tv\\\/wp-content\\\/uploads\\\/37468.jpg\",\"width\":1400,\"height\":932,\"caption\":\"Foto: arxiv\"},{\"@type\":\"BreadcrumbList\",\"@id\":\"https:\\\/\\\/www.meydan.tv\\\/az\\\/article\\\/zaqatalada-sahibsiz-itler-heyvanseverlerle-sakinler-arasinda-mubahiseye-sebeb-olur\\\/#breadcrumb\",\"itemListElement\":[{\"@type\":\"ListItem\",\"position\":1,\"name\":\"Ana s\u0259hif\u0259\",\"item\":\"https:\\\/\\\/www.meydan.tv\\\/az\\\/\"},{\"@type\":\"ListItem\",\"position\":2,\"name\":\"B\u00f6lg\u0259\",\"item\":\"https:\\\/\\\/www.meydan.tv\\\/az\\\/section\\\/bolge\\\/\"},{\"@type\":\"ListItem\",\"position\":3,\"name\":\"Zaqatalada sahibsiz itl\u0259r heyvansev\u0259rl\u0259rl\u0259 sakinl\u0259r aras\u0131nda m\u00fcbahis\u0259y\u0259 s\u0259b\u0259b olur\"}]},{\"@type\":\"WebSite\",\"@id\":\"https:\\\/\\\/www.meydan.tv\\\/az\\\/#website\",\"url\":\"https:\\\/\\\/www.meydan.tv\\\/az\\\/\",\"name\":\"MEYDAN.TV\",\"description\":\"Meydan TV Az\u0259rbaycan\u0131n media m\u0259kan\u0131ndak\u0131 alternativ s\u0259sidir\",\"publisher\":{\"@id\":\"https:\\\/\\\/www.meydan.tv\\\/az\\\/#organization\"},\"potentialAction\":[{\"@type\":\"SearchAction\",\"target\":{\"@type\":\"EntryPoint\",\"urlTemplate\":\"https:\\\/\\\/www.meydan.tv\\\/az\\\/?s={search_term_string}\"},\"query-input\":{\"@type\":\"PropertyValueSpecification\",\"valueRequired\":true,\"valueName\":\"search_term_string\"}}],\"inLanguage\":\"az\"},{\"@type\":\"Organization\",\"@id\":\"https:\\\/\\\/www.meydan.tv\\\/az\\\/#organization\",\"name\":\"Meydan TV\",\"url\":\"https:\\\/\\\/www.meydan.tv\\\/az\\\/\",\"logo\":{\"@type\":\"ImageObject\",\"inLanguage\":\"az\",\"@id\":\"https:\\\/\\\/www.meydan.tv\\\/az\\\/#\\\/schema\\\/logo\\\/image\\\/\",\"url\":\"https:\\\/\\\/www.meydan.tv\\\/wp-content\\\/uploads\\\/2021\\\/07\\\/meydan-logo.svg\",\"contentUrl\":\"https:\\\/\\\/www.meydan.tv\\\/wp-content\\\/uploads\\\/2021\\\/07\\\/meydan-logo.svg\",\"width\":195,\"height\":46,\"caption\":\"Meydan TV\"},\"image\":{\"@id\":\"https:\\\/\\\/www.meydan.tv\\\/az\\\/#\\\/schema\\\/logo\\\/image\\\/\"}},{\"@type\":\"Person\",\"@id\":\"https:\\\/\\\/www.meydan.tv\\\/az\\\/#\\\/schema\\\/person\\\/9cdbecf90d17180ce1dfbd95b08dcf47\",\"name\":\"elli\",\"sameAs\":[\"https:\\\/\\\/x.com\\\/elli\"]}]}<\/script>\n<!-- \/ Yoast SEO plugin. -->","yoast_head_json":{"title":"Zaqatalada sahibsiz itl\u0259r heyvansev\u0259rl\u0259rl\u0259 sakinl\u0259r aras\u0131nda m\u00fcbahis\u0259y\u0259 s\u0259b\u0259b olur - MEYDAN.TV","robots":{"index":"index","follow":"follow","max-snippet":"max-snippet:-1","max-image-preview":"max-image-preview:large","max-video-preview":"max-video-preview:-1"},"canonical":"https:\/\/www.meydan.tv\/az\/article\/zaqatalada-sahibsiz-itler-heyvanseverlerle-sakinler-arasinda-mubahiseye-sebeb-olur\/","og_locale":"az_AZ","og_type":"article","og_title":"Zaqatalada sahibsiz itl\u0259r heyvansev\u0259rl\u0259rl\u0259 sakinl\u0259r aras\u0131nda m\u00fcbahis\u0259y\u0259 s\u0259b\u0259b olur - MEYDAN.TV","og_description":"Rayon sakinl\u0259ri sahibsiz itl\u0259rin h\u00fccumuna m\u0259ruz qalmaqdan qorxduqlar\u0131n\u0131 deyirl\u0259r Zaqatalan\u0131n ... Davam\u0131","og_url":"https:\/\/www.meydan.tv\/az\/article\/zaqatalada-sahibsiz-itler-heyvanseverlerle-sakinler-arasinda-mubahiseye-sebeb-olur\/","og_site_name":"MEYDAN.TV","article_published_time":"2024-03-31T15:15:56+00:00","article_modified_time":"2024-03-31T18:30:00+00:00","og_image":[{"width":1400,"height":932,"url":"https:\/\/www.meydan.tv\/wp-content\/uploads\/37468.jpg","type":"image\/jpeg"}],"author":"elli","twitter_card":"summary_large_image","twitter_creator":"@elli","schema":{"@context":"https:\/\/schema.org","@graph":[{"@type":"Article","@id":"https:\/\/www.meydan.tv\/az\/article\/zaqatalada-sahibsiz-itler-heyvanseverlerle-sakinler-arasinda-mubahiseye-sebeb-olur\/#article","isPartOf":{"@id":"https:\/\/www.meydan.tv\/az\/article\/zaqatalada-sahibsiz-itler-heyvanseverlerle-sakinler-arasinda-mubahiseye-sebeb-olur\/"},"author":{"name":"elli","@id":"https:\/\/www.meydan.tv\/az\/#\/schema\/person\/9cdbecf90d17180ce1dfbd95b08dcf47"},"headline":"Zaqatalada sahibsiz itl\u0259r heyvansev\u0259rl\u0259rl\u0259 sakinl\u0259r aras\u0131nda m\u00fcbahis\u0259y\u0259 s\u0259b\u0259b olur","datePublished":"2024-03-31T15:15:56+00:00","dateModified":"2024-03-31T18:30:00+00:00","mainEntityOfPage":{"@id":"https:\/\/www.meydan.tv\/az\/article\/zaqatalada-sahibsiz-itler-heyvanseverlerle-sakinler-arasinda-mubahiseye-sebeb-olur\/"},"wordCount":497,"publisher":{"@id":"https:\/\/www.meydan.tv\/az\/#organization"},"image":{"@id":"https:\/\/www.meydan.tv\/az\/article\/zaqatalada-sahibsiz-itler-heyvanseverlerle-sakinler-arasinda-mubahiseye-sebeb-olur\/#primaryimage"},"thumbnailUrl":"https:\/\/www.meydan.tv\/wp-content\/uploads\/37468.jpg","articleSection":["B\u00f6lg\u0259","X\u0259b\u0259rl\u0259r"],"inLanguage":"az"},{"@type":"WebPage","@id":"https:\/\/www.meydan.tv\/az\/article\/zaqatalada-sahibsiz-itler-heyvanseverlerle-sakinler-arasinda-mubahiseye-sebeb-olur\/","url":"https:\/\/www.meydan.tv\/az\/article\/zaqatalada-sahibsiz-itler-heyvanseverlerle-sakinler-arasinda-mubahiseye-sebeb-olur\/","name":"Zaqatalada sahibsiz itl\u0259r heyvansev\u0259rl\u0259rl\u0259 sakinl\u0259r aras\u0131nda m\u00fcbahis\u0259y\u0259 s\u0259b\u0259b olur - MEYDAN.TV","isPartOf":{"@id":"https:\/\/www.meydan.tv\/az\/#website"},"primaryImageOfPage":{"@id":"https:\/\/www.meydan.tv\/az\/article\/zaqatalada-sahibsiz-itler-heyvanseverlerle-sakinler-arasinda-mubahiseye-sebeb-olur\/#primaryimage"},"image":{"@id":"https:\/\/www.meydan.tv\/az\/article\/zaqatalada-sahibsiz-itler-heyvanseverlerle-sakinler-arasinda-mubahiseye-sebeb-olur\/#primaryimage"},"thumbnailUrl":"https:\/\/www.meydan.tv\/wp-content\/uploads\/37468.jpg","datePublished":"2024-03-31T15:15:56+00:00","dateModified":"2024-03-31T18:30:00+00:00","breadcrumb":{"@id":"https:\/\/www.meydan.tv\/az\/article\/zaqatalada-sahibsiz-itler-heyvanseverlerle-sakinler-arasinda-mubahiseye-sebeb-olur\/#breadcrumb"},"inLanguage":"az","potentialAction":[{"@type":"ReadAction","target":["https:\/\/www.meydan.tv\/az\/article\/zaqatalada-sahibsiz-itler-heyvanseverlerle-sakinler-arasinda-mubahiseye-sebeb-olur\/"]}]},{"@type":"ImageObject","inLanguage":"az","@id":"https:\/\/www.meydan.tv\/az\/article\/zaqatalada-sahibsiz-itler-heyvanseverlerle-sakinler-arasinda-mubahiseye-sebeb-olur\/#primaryimage","url":"https:\/\/www.meydan.tv\/wp-content\/uploads\/37468.jpg","contentUrl":"https:\/\/www.meydan.tv\/wp-content\/uploads\/37468.jpg","width":1400,"height":932,"caption":"Foto: arxiv"},{"@type":"BreadcrumbList","@id":"https:\/\/www.meydan.tv\/az\/article\/zaqatalada-sahibsiz-itler-heyvanseverlerle-sakinler-arasinda-mubahiseye-sebeb-olur\/#breadcrumb","itemListElement":[{"@type":"ListItem","position":1,"name":"Ana s\u0259hif\u0259","item":"https:\/\/www.meydan.tv\/az\/"},{"@type":"ListItem","position":2,"name":"B\u00f6lg\u0259","item":"https:\/\/www.meydan.tv\/az\/section\/bolge\/"},{"@type":"ListItem","position":3,"name":"Zaqatalada sahibsiz itl\u0259r heyvansev\u0259rl\u0259rl\u0259 sakinl\u0259r aras\u0131nda m\u00fcbahis\u0259y\u0259 s\u0259b\u0259b olur"}]},{"@type":"WebSite","@id":"https:\/\/www.meydan.tv\/az\/#website","url":"https:\/\/www.meydan.tv\/az\/","name":"MEYDAN.TV","description":"Meydan TV Az\u0259rbaycan\u0131n media m\u0259kan\u0131ndak\u0131 alternativ s\u0259sidir","publisher":{"@id":"https:\/\/www.meydan.tv\/az\/#organization"},"potentialAction":[{"@type":"SearchAction","target":{"@type":"EntryPoint","urlTemplate":"https:\/\/www.meydan.tv\/az\/?s={search_term_string}"},"query-input":{"@type":"PropertyValueSpecification","valueRequired":true,"valueName":"search_term_string"}}],"inLanguage":"az"},{"@type":"Organization","@id":"https:\/\/www.meydan.tv\/az\/#organization","name":"Meydan TV","url":"https:\/\/www.meydan.tv\/az\/","logo":{"@type":"ImageObject","inLanguage":"az","@id":"https:\/\/www.meydan.tv\/az\/#\/schema\/logo\/image\/","url":"https:\/\/www.meydan.tv\/wp-content\/uploads\/2021\/07\/meydan-logo.svg","contentUrl":"https:\/\/www.meydan.tv\/wp-content\/uploads\/2021\/07\/meydan-logo.svg","width":195,"height":46,"caption":"Meydan TV"},"image":{"@id":"https:\/\/www.meydan.tv\/az\/#\/schema\/logo\/image\/"}},{"@type":"Person","@id":"https:\/\/www.meydan.tv\/az\/#\/schema\/person\/9cdbecf90d17180ce1dfbd95b08dcf47","name":"elli","sameAs":["https:\/\/x.com\/elli"]}]}},"_links":{"self":[{"href":"https:\/\/www.meydan.tv\/az\/wp-json\/wp\/v2\/posts\/302390","targetHints":{"allow":["GET"]}}],"collection":[{"href":"https:\/\/www.meydan.tv\/az\/wp-json\/wp\/v2\/posts"}],"about":[{"href":"https:\/\/www.meydan.tv\/az\/wp-json\/wp\/v2\/types\/post"}],"author":[{"embeddable":true,"href":"https:\/\/www.meydan.tv\/az\/wp-json\/wp\/v2\/users\/8"}],"replies":[{"embeddable":true,"href":"https:\/\/www.meydan.tv\/az\/wp-json\/wp\/v2\/comments?post=302390"}],"version-history":[{"count":3,"href":"https:\/\/www.meydan.tv\/az\/wp-json\/wp\/v2\/posts\/302390\/revisions"}],"predecessor-version":[{"id":302405,"href":"https:\/\/www.meydan.tv\/az\/wp-json\/wp\/v2\/posts\/302390\/revisions\/302405"}],"wp:featuredmedia":[{"embeddable":true,"href":"https:\/\/www.meydan.tv\/az\/wp-json\/wp\/v2\/media\/94830"}],"wp:attachment":[{"href":"https:\/\/www.meydan.tv\/az\/wp-json\/wp\/v2\/media?parent=302390"}],"wp:term":[{"taxonomy":"category","embeddable":true,"href":"https:\/\/www.meydan.tv\/az\/wp-json\/wp\/v2\/categories?post=302390"},{"taxonomy":"post_tag","embeddable":true,"href":"https:\/\/www.meydan.tv\/az\/wp-json\/wp\/v2\/tags?post=302390"}],"curies":[{"name":"wp","href":"https:\/\/api.w.org\/{rel}","templated":true}]}}