{"id":302378,"date":"2024-03-31T19:09:37","date_gmt":"2024-03-31T15:09:37","guid":{"rendered":"https:\/\/www.meydan.tv\/?p=302378"},"modified":"2024-03-31T20:57:45","modified_gmt":"2024-03-31T16:57:45","slug":"isden-cixarilan-terter-sakini-sehid-ailesinin-veziyyetine-bele-munasibet-yolverilmezdir","status":"publish","type":"post","link":"https:\/\/www.meydan.tv\/az\/article\/isden-cixarilan-terter-sakini-sehid-ailesinin-veziyyetine-bele-munasibet-yolverilmezdir\/","title":{"rendered":"\u0130\u015fd\u0259n \u00e7\u0131xar\u0131lan T\u0259rt\u0259r sakini: \u201c\u015e\u0259hid ail\u0259sinin v\u0259ziyy\u0259tin\u0259 bel\u0259 m\u00fcnasib\u0259t yolverilm\u0259zdir\u201d"},"content":{"rendered":"\n<p><\/p>\n\n\n\n<p><strong>V\u00fcsal Mehdiyev: \u201cO, B\u0259rd\u0259d\u0259 i\u015fl\u0259diyi d\u00f6vrd\u0259 etiraz olaraq, bir i\u015f\u00e7i \u00f6z\u00fcn\u00fc yand\u0131rm\u0131\u015fd\u0131. Ham\u0131n\u0131 bezdirib, art\u0131q m\u0259ni d\u0259 o h\u0259dd\u0259 \u00e7atd\u0131r\u0131blar\u201d<\/strong><\/p>\n\n\n\n<p>T\u0259rt\u0259r rayon sakini V\u00fcsal Mehdiyev deyir ki, r\u00fc\u015fv\u0259t hallar\u0131na, r\u0259hb\u0259rliyin \u00f6zba\u015f\u0131nal\u0131qlar\u0131na etiraz etdiyin\u0259 g\u00f6r\u0259 i\u015fini itirib.<\/p>\n\n\n\n<p>Onun s\u00f6zl\u0259rin\u0259 g\u00f6r\u0259, ba\u015f ver\u0259n qanunsuzluqlar\u0131n qar\u015f\u0131s\u0131n\u0131 almaq \u0259v\u0259zin\u0259, \u00f6z\u00fcn\u00fc i\u015fd\u0259n \u00e7\u0131xar\u0131blar.<\/p>\n\n\n\n<p><strong>\u201cNazir m\u0259ni ona g\u00f6r\u0259 g\u00f6nd\u0259rm\u0259yib ki, buradak\u0131 qanunsuzluqlara \u015f\u0259rik olum\u201d<\/strong><\/p>\n\n\n\n<p>35 ya\u015fl\u0131 V\u00fcsal Mehdiyev T\u0259rt\u0259r Rayon D\u00f6vl\u0259t Yan\u011f\u0131ndan M\u00fchafiz\u0259 Hiss\u0259sind\u0259 i\u015fl\u0259yirdi.<\/p>\n\n\n\n<p>Onun s\u00f6zl\u0259rin\u0259 g\u00f6r\u0259, ill\u0259r \u00f6nc\u0259 f\u00f6vq\u0259lad\u0259 hallar naziri K\u0259mal\u0259ddin Heyd\u0259rovun q\u0259buluna d\u00fc\u015f\u00fcb, atas\u0131n\u0131n \u015f\u0259hid oldu\u011funu v\u0259 ail\u0259nin dolan\u0131\u015f\u0131\u011f\u0131 \u00fc\u00e7\u00fcn i\u015f\u0259 ehtiyac duydu\u011funu onun n\u0259z\u0259rin\u0259 \u00e7atd\u0131r\u0131b:<\/p>\n\n\n\n<p><em>\u201cAtam Qa\u00e7ay Mehdiyev T\u0259rt\u0259rin ilk \u015f\u0259hididir. Nazir v\u0259t\u0259nda\u015flar\u0131 q\u0259bul ed\u0259nd\u0259 m\u0259n d\u0259 getdim. V\u0259ziyy\u0259timiz bar\u0259d\u0259 m\u0259lumat verdim. Sa\u011f olsun, d\u0259rhal g\u00f6st\u0259ri\u015f verdi, m\u0259ni i\u015f\u0259 g\u00f6t\u00fcrd\u00fcl\u0259r. 2013-c\u00fc ilin noyabr\u0131ndan i\u015fl\u0259yir\u0259m\u201d.<\/em><\/p>\n\n\n<div class=\"wp-block-image\">\n<figure class=\"alignleft size-large is-resized\"><img decoding=\"async\" width=\"616\" height=\"821\" data-src=\"https:\/\/www.meydan.tv\/wp-content\/uploads\/img_6529-616x821.jpg\" alt=\"\" class=\"wp-image-302382 lazyload\" style=\"--smush-placeholder-width: 616px; --smush-placeholder-aspect-ratio: 616\/821;width:324px;height:auto\" src=\"data:image\/svg+xml;base64,PHN2ZyB3aWR0aD0iMSIgaGVpZ2h0PSIxIiB4bWxucz0iaHR0cDovL3d3dy53My5vcmcvMjAwMC9zdmciPjwvc3ZnPg==\" \/><figcaption class=\"wp-element-caption\">V\u00fcsal Mehdiyev. Fotolar: Meydan TV<\/figcaption><\/figure>\n<\/div>\n\n\n<p>V\u00fcsal Mehdiyev deyir ki, T\u0259rt\u0259r Rayon D\u00f6vl\u0259t Yan\u011f\u0131ndan m\u00fchafiz\u0259 hiss\u0259sind\u0259 i\u015f\u0259 ba\u015flayandan orada r\u00fc\u015fv\u0259t v\u0259 ba\u015fqa formada qanunsuzluqlar\u0131n \u015fahidi olub:<\/p>\n\n\n\n<p><em>\u201c\u0130\u015f\u00e7il\u0259rd\u0259n pul toplanmas\u0131ndan tutmu\u015f, hadis\u0259l\u0259rin say\u0131n\u0131n \u015fi\u015firdilm\u0259sin\u0259 q\u0259d\u0259r m\u00fcxt\u0259lif c\u00fcr qanunsuzluqlar olurdu. M\u0259n d\u0259 saxtakarl\u0131qlara susmad\u0131\u011f\u0131ma g\u00f6r\u0259 t\u0259xmin\u0259n 3 ay sonra yan\u011f\u0131ndan m\u00fchafiz\u0259 hiss\u0259sinin r\u0259isi M\u00fcbariz \u018fliyevl\u0259 aram\u0131zda problem yarand\u0131. O hesab edir ki, n\u0259 ist\u0259s\u0259m el\u0259y\u0259 bil\u0259r\u0259m, i\u015f\u00e7i kimdir ki, m\u0259n\u0259 irad bildirsin? M\u0259ni s\u0131x\u0131\u015fd\u0131rma\u011fa ba\u015flad\u0131. Nazirin ad\u0131na teleqram vurub, ba\u015f ver\u0259nl\u0259ri \u00e7atd\u0131rd\u0131m. Dedim, nazir m\u0259ni ona g\u00f6r\u0259 g\u00f6nd\u0259rm\u0259yib ki, buradak\u0131 qanunsuzluqlara \u015f\u0259rik olum. Bundan sonra yalvar-yaxar el\u0259di ki, ondan \u015fikay\u0259t\u00e7i olmay\u0131m\u201d.<\/em><\/p>\n\n\n\n<p><strong><em>\u201c<\/em>Deyir ki, \u0259c\u0259b el\u0259yir\u0259m, m\u0259nim daya\u011f\u0131m da var, topum da, topxanam da&#8230;\u201d<\/strong><\/p>\n\n\n\n<p>S\u0259hh\u0259tind\u0259 ciddi probleml\u0259r oldu\u011funu dey\u0259n V\u00fcsal Mehdiyevin s\u00f6zl\u0259rin\u0259 g\u00f6r\u0259, bu \u00fczd\u0259n bir ne\u00e7\u0259 d\u0259f\u0259 ona x\u0259st\u0259lik v\u0259r\u0259qi (b\u00fclleten) a\u00e7\u0131l\u0131b.<\/p>\n\n\n\n<p>O vur\u011fulay\u0131b ki, he\u00e7 vaxt \u0259sass\u0131z i\u015fd\u0259n qalmay\u0131b. B\u00fct\u00fcn s\u0259n\u0259dl\u0259r d\u0259 x\u0259st\u0259 oldu\u011funu t\u0259sdiql\u0259yir:<\/p>\n\n\n\n<p><em>\u201cM\u0259n m\u0259d\u0259 v\u0259 prostat probleml\u0259rind\u0259n \u0259ziyy\u0259t \u00e7\u0259kir\u0259m. \u00d6zl\u0259ri d\u0259 bunu yax\u015f\u0131 bilir. Amma M\u00fcbariz \u018fliyev bunu bildiyi halda, x\u0259st\u0259xanaya g\u00f6st\u0259ri\u015f verib ki, m\u0259n\u0259 b\u00fclleten a\u00e7mas\u0131nlar. T\u0259s\u0259vv\u00fcr edin, \u0259limd\u0259 h\u0259kim s\u0259n\u0259di ola-ola i\u015f\u0259 g\u0259lm\u0259diyim m\u00fcdd\u0259tin maa\u015f\u0131n\u0131 k\u0259sdil\u0259r. D\u00fczd\u00fcr, adamlar var ki, x\u0259st\u0259 olmad\u0131\u011f\u0131 halda, b\u00fclleten\u0259 \u00e7\u0131x\u0131r. M\u0259nd\u0259 el\u0259 deyil ax\u0131&#8230;\u201d.<\/em><\/p>\n\n\n\n<p>V\u00fcsal Mehdiyev deyir ki, M\u00fcbariz \u018fliyevin t\u0259zyiql\u0259rin\u0259 d\u00f6zm\u0259yib, bir m\u00fcdd\u0259t \u0259vv\u0259l ba\u015f ver\u0259nl\u0259ri ictimail\u0259\u015fdirib &#8211; ba\u015f\u0131na g\u0259l\u0259nl\u0259r sosial \u015f\u0259b\u0259k\u0259l\u0259rd\u0259 yay\u0131l\u0131b.<\/p>\n\n\n<div class=\"wp-block-image\">\n<figure class=\"alignright size-large is-resized\"><img decoding=\"async\" width=\"600\" height=\"821\" data-src=\"https:\/\/www.meydan.tv\/wp-content\/uploads\/img_6528-600x821.jpg\" alt=\"\" class=\"wp-image-302379 lazyload\" style=\"--smush-placeholder-width: 600px; --smush-placeholder-aspect-ratio: 600\/821;width:348px;height:auto\" src=\"data:image\/svg+xml;base64,PHN2ZyB3aWR0aD0iMSIgaGVpZ2h0PSIxIiB4bWxucz0iaHR0cDovL3d3dy53My5vcmcvMjAwMC9zdmciPjwvc3ZnPg==\" \/><\/figure>\n<\/div>\n\n\n<p>Onun s\u00f6zl\u0259rin\u0259 g\u00f6r\u0259, f\u00f6vq\u0259lad\u0259 hallar nazirliyinin daxili t\u0259hl\u00fck\u0259sizlik ba\u015f idar\u0259sinin r\u0259isi Seymur Qara\u015fov sosial \u015f\u0259b\u0259k\u0259l\u0259rd\u0259 yay\u0131lan videonun silinm\u0259sini t\u0259l\u0259b edib.<\/p>\n\n\n\n<p>\u201c<em>\u018fslind\u0259, at\u0131lmal\u0131 add\u0131m \u00f6zba\u015f\u0131nal\u0131qlar\u0131n qar\u015f\u0131s\u0131n\u0131n al\u0131nmas\u0131, r\u00fc\u015fv\u0259txorluq ed\u0259n, qanunsuzluq ed\u0259n adamlar\u0131n c\u0259zaland\u0131r\u0131lmas\u0131 olmal\u0131yd\u0131. G\u00f6r\u00fcn\u00fcr, el\u0259 buna g\u00fcv\u0259n\u0259r\u0259k M\u00fcbariz \u018fliyev ona etiraz el\u0259y\u0259n i\u015f\u00e7iy\u0259 deyir ki, \u0259c\u0259b el\u0259yir\u0259m, m\u0259nim daya\u011f\u0131m da var, topum da, topxanam da. Onun bu c\u00fcr davran\u0131\u015flar\u0131n\u0131n n\u0259tic\u0259sidir ki, B\u0259rd\u0259 rayonunda i\u015fl\u0259diyi d\u00f6vrd\u0259 etiraz olaraq, bir i\u015f\u00e7i \u00f6z\u00fcn\u00fc yand\u0131rm\u0131\u015fd\u0131. Ham\u0131n\u0131 bezdirib. Art\u0131q m\u0259ni d\u0259 o h\u0259dd\u0259 \u00e7atd\u0131r\u0131blar\u201d.<\/em><\/p>\n\n\n\n<p><strong>FHN: \u201cQanunun t\u0259l\u0259bini pozdu\u011funa g\u00f6r\u0259 i\u015fd\u0259n \u00e7\u0131xar\u0131l\u0131b\u201d<\/strong><\/p>\n\n\n\n<p>V\u00fcsal Mehdiyev t\u0259xmin\u0259n iki ay \u0259vv\u0259l i\u015fd\u0259n \u00e7\u0131xar\u0131l\u0131b.<\/p>\n\n\n\n<p>Deyir ki, s\u0259hh\u0259tind\u0259 ciddi probleml\u0259r olan 2 ya\u015fl\u0131 da daxil, ail\u0259 \u00fczvl\u0259ri \u00e7\u0259tin v\u0259ziyy\u0259td\u0259dir:<\/p>\n\n\n\n<p>\u201c<em>Himay\u0259md\u0259 bir t\u0259r\u0259fi i\u015fl\u0259m\u0259y\u0259n x\u0259st\u0259 u\u015fa\u011f\u0131m var. \u015e\u0259hid anas\u0131 v\u0259 \u015f\u0259hidin h\u0259yat yolda\u015f\u0131 \u2013 n\u0259n\u0259m v\u0259 anam da m\u0259nim himay\u0259md\u0259dir. \u015e\u0259hid ail\u0259sinin durumuna bel\u0259 laqeyd m\u00fcnasib\u0259t yolverilm\u0259zdir\u201d.<\/em><\/p>\n\n\n\n<p>V\u00fcsal Mehdiyevin h\u0259m \u00f6z\u00fc, h\u0259m d\u0259 anas\u0131 \u018fntiq\u0259 \u0130smay\u0131lova onun i\u015f\u0259 b\u0259rpas\u0131 \u00fc\u00e7\u00fcn f\u00f6vq\u0259lad\u0259 hallar naziri K\u0259mal\u0259ddin Heyd\u0259rova m\u00fcraci\u0259t edib, amma m\u00fcraci\u0259tl\u0259rin\u0259 m\u00fcsb\u0259t cavab ala bilm\u0259yibl\u0259r.<\/p>\n\n\n\n<p>Nazirliyin daxili t\u0259hl\u00fck\u0259sizlik ba\u015f idar\u0259sinin r\u0259isi Seymur Qara\u015fov bildirib ki, V\u00fcsal Mehdiyev \u201cF\u00f6vq\u0259lad\u0259 hallar orqanlar\u0131nda xidm\u0259tke\u00e7m\u0259 haqq\u0131nda\u201d Qanunun t\u0259l\u0259bl\u0259rini pozdu\u011funa g\u00f6r\u0259 nazirin \u0259mril\u0259 i\u015fd\u0259n \u00e7\u0131xar\u0131l\u0131b.<\/p>\n","protected":false},"excerpt":{"rendered":"<p>V\u00fcsal Mehdiyev: \u201cO, B\u0259rd\u0259d\u0259 i\u015fl\u0259diyi d\u00f6vrd\u0259 etiraz olaraq, bir i\u015f\u00e7i &#8230; <\/p>\n<p class=\"read-more-container\"><a title=\"\u0130\u015fd\u0259n \u00e7\u0131xar\u0131lan T\u0259rt\u0259r sakini: \u201c\u015e\u0259hid ail\u0259sinin v\u0259ziyy\u0259tin\u0259 bel\u0259 m\u00fcnasib\u0259t yolverilm\u0259zdir\u201d\" class=\"read-more button\" href=\"https:\/\/www.meydan.tv\/az\/article\/isden-cixarilan-terter-sakini-sehid-ailesinin-veziyyetine-bele-munasibet-yolverilmezdir\/#more-302378\" aria-label=\"Read more about \u0130\u015fd\u0259n \u00e7\u0131xar\u0131lan T\u0259rt\u0259r sakini: \u201c\u015e\u0259hid ail\u0259sinin v\u0259ziyy\u0259tin\u0259 bel\u0259 m\u00fcnasib\u0259t yolverilm\u0259zdir\u201d\">Davam\u0131<\/a><\/p>\n","protected":false},"author":8,"featured_media":302385,"comment_status":"closed","ping_status":"closed","sticky":false,"template":"","format":"standard","meta":{"_acf_changed":false,"_sitemap_exclude":false,"_sitemap_priority":"","_sitemap_frequency":"","footnotes":""},"categories":[60,56],"tags":[],"class_list":["post-302378","post","type-post","status-publish","format-standard","has-post-thumbnail","hentry","category-bolge","category-xeberler","infinite-scroll-item","generate-columns","tablet-grid-50","mobile-grid-100","grid-parent","grid-33","no-featured-image-padding"],"acf":[],"yoast_head":"<!-- This site is optimized with the Yoast SEO plugin v27.4 - https:\/\/yoast.com\/product\/yoast-seo-wordpress\/ -->\n<title>\u0130\u015fd\u0259n \u00e7\u0131xar\u0131lan T\u0259rt\u0259r sakini: \u201c\u015e\u0259hid ail\u0259sinin v\u0259ziyy\u0259tin\u0259 bel\u0259 m\u00fcnasib\u0259t yolverilm\u0259zdir\u201d - MEYDAN.TV<\/title>\n<meta name=\"robots\" content=\"index, follow, max-snippet:-1, max-image-preview:large, max-video-preview:-1\" \/>\n<link rel=\"canonical\" href=\"https:\/\/www.meydan.tv\/az\/article\/isden-cixarilan-terter-sakini-sehid-ailesinin-veziyyetine-bele-munasibet-yolverilmezdir\/\" \/>\n<meta property=\"og:locale\" content=\"az_AZ\" \/>\n<meta property=\"og:type\" content=\"article\" \/>\n<meta property=\"og:title\" content=\"\u0130\u015fd\u0259n \u00e7\u0131xar\u0131lan T\u0259rt\u0259r sakini: \u201c\u015e\u0259hid ail\u0259sinin v\u0259ziyy\u0259tin\u0259 bel\u0259 m\u00fcnasib\u0259t yolverilm\u0259zdir\u201d - MEYDAN.TV\" \/>\n<meta property=\"og:description\" content=\"V\u00fcsal Mehdiyev: \u201cO, B\u0259rd\u0259d\u0259 i\u015fl\u0259diyi d\u00f6vrd\u0259 etiraz olaraq, bir i\u015f\u00e7i ... Davam\u0131\" \/>\n<meta property=\"og:url\" content=\"https:\/\/www.meydan.tv\/az\/article\/isden-cixarilan-terter-sakini-sehid-ailesinin-veziyyetine-bele-munasibet-yolverilmezdir\/\" \/>\n<meta property=\"og:site_name\" content=\"MEYDAN.TV\" \/>\n<meta property=\"article:published_time\" content=\"2024-03-31T15:09:37+00:00\" \/>\n<meta property=\"article:modified_time\" content=\"2024-03-31T16:57:45+00:00\" \/>\n<meta property=\"og:image\" content=\"https:\/\/www.meydan.tv\/wp-content\/uploads\/1224508.jpg\" \/>\n\t<meta property=\"og:image:width\" content=\"1200\" \/>\n\t<meta property=\"og:image:height\" content=\"803\" \/>\n\t<meta property=\"og:image:type\" content=\"image\/jpeg\" \/>\n<meta name=\"author\" content=\"elli\" \/>\n<meta name=\"twitter:card\" content=\"summary_large_image\" \/>\n<meta name=\"twitter:creator\" content=\"@elli\" \/>\n<script type=\"application\/ld+json\" class=\"yoast-schema-graph\">{\"@context\":\"https:\\\/\\\/schema.org\",\"@graph\":[{\"@type\":\"Article\",\"@id\":\"https:\\\/\\\/www.meydan.tv\\\/az\\\/article\\\/isden-cixarilan-terter-sakini-sehid-ailesinin-veziyyetine-bele-munasibet-yolverilmezdir\\\/#article\",\"isPartOf\":{\"@id\":\"https:\\\/\\\/www.meydan.tv\\\/az\\\/article\\\/isden-cixarilan-terter-sakini-sehid-ailesinin-veziyyetine-bele-munasibet-yolverilmezdir\\\/\"},\"author\":{\"name\":\"elli\",\"@id\":\"https:\\\/\\\/www.meydan.tv\\\/az\\\/#\\\/schema\\\/person\\\/9cdbecf90d17180ce1dfbd95b08dcf47\"},\"headline\":\"\u0130\u015fd\u0259n \u00e7\u0131xar\u0131lan T\u0259rt\u0259r sakini: \u201c\u015e\u0259hid ail\u0259sinin v\u0259ziyy\u0259tin\u0259 bel\u0259 m\u00fcnasib\u0259t yolverilm\u0259zdir\u201d\",\"datePublished\":\"2024-03-31T15:09:37+00:00\",\"dateModified\":\"2024-03-31T16:57:45+00:00\",\"mainEntityOfPage\":{\"@id\":\"https:\\\/\\\/www.meydan.tv\\\/az\\\/article\\\/isden-cixarilan-terter-sakini-sehid-ailesinin-veziyyetine-bele-munasibet-yolverilmezdir\\\/\"},\"wordCount\":957,\"publisher\":{\"@id\":\"https:\\\/\\\/www.meydan.tv\\\/az\\\/#organization\"},\"image\":{\"@id\":\"https:\\\/\\\/www.meydan.tv\\\/az\\\/article\\\/isden-cixarilan-terter-sakini-sehid-ailesinin-veziyyetine-bele-munasibet-yolverilmezdir\\\/#primaryimage\"},\"thumbnailUrl\":\"https:\\\/\\\/www.meydan.tv\\\/wp-content\\\/uploads\\\/1224508.jpg\",\"articleSection\":[\"B\u00f6lg\u0259\",\"X\u0259b\u0259rl\u0259r\"],\"inLanguage\":\"az\"},{\"@type\":\"WebPage\",\"@id\":\"https:\\\/\\\/www.meydan.tv\\\/az\\\/article\\\/isden-cixarilan-terter-sakini-sehid-ailesinin-veziyyetine-bele-munasibet-yolverilmezdir\\\/\",\"url\":\"https:\\\/\\\/www.meydan.tv\\\/az\\\/article\\\/isden-cixarilan-terter-sakini-sehid-ailesinin-veziyyetine-bele-munasibet-yolverilmezdir\\\/\",\"name\":\"\u0130\u015fd\u0259n \u00e7\u0131xar\u0131lan T\u0259rt\u0259r sakini: \u201c\u015e\u0259hid ail\u0259sinin v\u0259ziyy\u0259tin\u0259 bel\u0259 m\u00fcnasib\u0259t yolverilm\u0259zdir\u201d - MEYDAN.TV\",\"isPartOf\":{\"@id\":\"https:\\\/\\\/www.meydan.tv\\\/az\\\/#website\"},\"primaryImageOfPage\":{\"@id\":\"https:\\\/\\\/www.meydan.tv\\\/az\\\/article\\\/isden-cixarilan-terter-sakini-sehid-ailesinin-veziyyetine-bele-munasibet-yolverilmezdir\\\/#primaryimage\"},\"image\":{\"@id\":\"https:\\\/\\\/www.meydan.tv\\\/az\\\/article\\\/isden-cixarilan-terter-sakini-sehid-ailesinin-veziyyetine-bele-munasibet-yolverilmezdir\\\/#primaryimage\"},\"thumbnailUrl\":\"https:\\\/\\\/www.meydan.tv\\\/wp-content\\\/uploads\\\/1224508.jpg\",\"datePublished\":\"2024-03-31T15:09:37+00:00\",\"dateModified\":\"2024-03-31T16:57:45+00:00\",\"breadcrumb\":{\"@id\":\"https:\\\/\\\/www.meydan.tv\\\/az\\\/article\\\/isden-cixarilan-terter-sakini-sehid-ailesinin-veziyyetine-bele-munasibet-yolverilmezdir\\\/#breadcrumb\"},\"inLanguage\":\"az\",\"potentialAction\":[{\"@type\":\"ReadAction\",\"target\":[\"https:\\\/\\\/www.meydan.tv\\\/az\\\/article\\\/isden-cixarilan-terter-sakini-sehid-ailesinin-veziyyetine-bele-munasibet-yolverilmezdir\\\/\"]}]},{\"@type\":\"ImageObject\",\"inLanguage\":\"az\",\"@id\":\"https:\\\/\\\/www.meydan.tv\\\/az\\\/article\\\/isden-cixarilan-terter-sakini-sehid-ailesinin-veziyyetine-bele-munasibet-yolverilmezdir\\\/#primaryimage\",\"url\":\"https:\\\/\\\/www.meydan.tv\\\/wp-content\\\/uploads\\\/1224508.jpg\",\"contentUrl\":\"https:\\\/\\\/www.meydan.tv\\\/wp-content\\\/uploads\\\/1224508.jpg\",\"width\":1200,\"height\":803,\"caption\":\"D\u00f6vl\u0259t Yan\u011f\u0131ndan M\u00fchafiz\u0259 Xidm\u0259ti. Foto: FHN\"},{\"@type\":\"BreadcrumbList\",\"@id\":\"https:\\\/\\\/www.meydan.tv\\\/az\\\/article\\\/isden-cixarilan-terter-sakini-sehid-ailesinin-veziyyetine-bele-munasibet-yolverilmezdir\\\/#breadcrumb\",\"itemListElement\":[{\"@type\":\"ListItem\",\"position\":1,\"name\":\"Ana s\u0259hif\u0259\",\"item\":\"https:\\\/\\\/www.meydan.tv\\\/az\\\/\"},{\"@type\":\"ListItem\",\"position\":2,\"name\":\"B\u00f6lg\u0259\",\"item\":\"https:\\\/\\\/www.meydan.tv\\\/az\\\/section\\\/bolge\\\/\"},{\"@type\":\"ListItem\",\"position\":3,\"name\":\"\u0130\u015fd\u0259n \u00e7\u0131xar\u0131lan T\u0259rt\u0259r sakini: \u201c\u015e\u0259hid ail\u0259sinin v\u0259ziyy\u0259tin\u0259 bel\u0259 m\u00fcnasib\u0259t yolverilm\u0259zdir\u201d\"}]},{\"@type\":\"WebSite\",\"@id\":\"https:\\\/\\\/www.meydan.tv\\\/az\\\/#website\",\"url\":\"https:\\\/\\\/www.meydan.tv\\\/az\\\/\",\"name\":\"MEYDAN.TV\",\"description\":\"Meydan TV Az\u0259rbaycan\u0131n media m\u0259kan\u0131ndak\u0131 alternativ s\u0259sidir\",\"publisher\":{\"@id\":\"https:\\\/\\\/www.meydan.tv\\\/az\\\/#organization\"},\"potentialAction\":[{\"@type\":\"SearchAction\",\"target\":{\"@type\":\"EntryPoint\",\"urlTemplate\":\"https:\\\/\\\/www.meydan.tv\\\/az\\\/?s={search_term_string}\"},\"query-input\":{\"@type\":\"PropertyValueSpecification\",\"valueRequired\":true,\"valueName\":\"search_term_string\"}}],\"inLanguage\":\"az\"},{\"@type\":\"Organization\",\"@id\":\"https:\\\/\\\/www.meydan.tv\\\/az\\\/#organization\",\"name\":\"Meydan TV\",\"url\":\"https:\\\/\\\/www.meydan.tv\\\/az\\\/\",\"logo\":{\"@type\":\"ImageObject\",\"inLanguage\":\"az\",\"@id\":\"https:\\\/\\\/www.meydan.tv\\\/az\\\/#\\\/schema\\\/logo\\\/image\\\/\",\"url\":\"https:\\\/\\\/www.meydan.tv\\\/wp-content\\\/uploads\\\/2021\\\/07\\\/meydan-logo.svg\",\"contentUrl\":\"https:\\\/\\\/www.meydan.tv\\\/wp-content\\\/uploads\\\/2021\\\/07\\\/meydan-logo.svg\",\"width\":195,\"height\":46,\"caption\":\"Meydan TV\"},\"image\":{\"@id\":\"https:\\\/\\\/www.meydan.tv\\\/az\\\/#\\\/schema\\\/logo\\\/image\\\/\"}},{\"@type\":\"Person\",\"@id\":\"https:\\\/\\\/www.meydan.tv\\\/az\\\/#\\\/schema\\\/person\\\/9cdbecf90d17180ce1dfbd95b08dcf47\",\"name\":\"elli\",\"sameAs\":[\"https:\\\/\\\/x.com\\\/elli\"]}]}<\/script>\n<!-- \/ Yoast SEO plugin. -->","yoast_head_json":{"title":"\u0130\u015fd\u0259n \u00e7\u0131xar\u0131lan T\u0259rt\u0259r sakini: \u201c\u015e\u0259hid ail\u0259sinin v\u0259ziyy\u0259tin\u0259 bel\u0259 m\u00fcnasib\u0259t yolverilm\u0259zdir\u201d - MEYDAN.TV","robots":{"index":"index","follow":"follow","max-snippet":"max-snippet:-1","max-image-preview":"max-image-preview:large","max-video-preview":"max-video-preview:-1"},"canonical":"https:\/\/www.meydan.tv\/az\/article\/isden-cixarilan-terter-sakini-sehid-ailesinin-veziyyetine-bele-munasibet-yolverilmezdir\/","og_locale":"az_AZ","og_type":"article","og_title":"\u0130\u015fd\u0259n \u00e7\u0131xar\u0131lan T\u0259rt\u0259r sakini: \u201c\u015e\u0259hid ail\u0259sinin v\u0259ziyy\u0259tin\u0259 bel\u0259 m\u00fcnasib\u0259t yolverilm\u0259zdir\u201d - MEYDAN.TV","og_description":"V\u00fcsal Mehdiyev: \u201cO, B\u0259rd\u0259d\u0259 i\u015fl\u0259diyi d\u00f6vrd\u0259 etiraz olaraq, bir i\u015f\u00e7i ... Davam\u0131","og_url":"https:\/\/www.meydan.tv\/az\/article\/isden-cixarilan-terter-sakini-sehid-ailesinin-veziyyetine-bele-munasibet-yolverilmezdir\/","og_site_name":"MEYDAN.TV","article_published_time":"2024-03-31T15:09:37+00:00","article_modified_time":"2024-03-31T16:57:45+00:00","og_image":[{"width":1200,"height":803,"url":"https:\/\/www.meydan.tv\/wp-content\/uploads\/1224508.jpg","type":"image\/jpeg"}],"author":"elli","twitter_card":"summary_large_image","twitter_creator":"@elli","schema":{"@context":"https:\/\/schema.org","@graph":[{"@type":"Article","@id":"https:\/\/www.meydan.tv\/az\/article\/isden-cixarilan-terter-sakini-sehid-ailesinin-veziyyetine-bele-munasibet-yolverilmezdir\/#article","isPartOf":{"@id":"https:\/\/www.meydan.tv\/az\/article\/isden-cixarilan-terter-sakini-sehid-ailesinin-veziyyetine-bele-munasibet-yolverilmezdir\/"},"author":{"name":"elli","@id":"https:\/\/www.meydan.tv\/az\/#\/schema\/person\/9cdbecf90d17180ce1dfbd95b08dcf47"},"headline":"\u0130\u015fd\u0259n \u00e7\u0131xar\u0131lan T\u0259rt\u0259r sakini: \u201c\u015e\u0259hid ail\u0259sinin v\u0259ziyy\u0259tin\u0259 bel\u0259 m\u00fcnasib\u0259t yolverilm\u0259zdir\u201d","datePublished":"2024-03-31T15:09:37+00:00","dateModified":"2024-03-31T16:57:45+00:00","mainEntityOfPage":{"@id":"https:\/\/www.meydan.tv\/az\/article\/isden-cixarilan-terter-sakini-sehid-ailesinin-veziyyetine-bele-munasibet-yolverilmezdir\/"},"wordCount":957,"publisher":{"@id":"https:\/\/www.meydan.tv\/az\/#organization"},"image":{"@id":"https:\/\/www.meydan.tv\/az\/article\/isden-cixarilan-terter-sakini-sehid-ailesinin-veziyyetine-bele-munasibet-yolverilmezdir\/#primaryimage"},"thumbnailUrl":"https:\/\/www.meydan.tv\/wp-content\/uploads\/1224508.jpg","articleSection":["B\u00f6lg\u0259","X\u0259b\u0259rl\u0259r"],"inLanguage":"az"},{"@type":"WebPage","@id":"https:\/\/www.meydan.tv\/az\/article\/isden-cixarilan-terter-sakini-sehid-ailesinin-veziyyetine-bele-munasibet-yolverilmezdir\/","url":"https:\/\/www.meydan.tv\/az\/article\/isden-cixarilan-terter-sakini-sehid-ailesinin-veziyyetine-bele-munasibet-yolverilmezdir\/","name":"\u0130\u015fd\u0259n \u00e7\u0131xar\u0131lan T\u0259rt\u0259r sakini: \u201c\u015e\u0259hid ail\u0259sinin v\u0259ziyy\u0259tin\u0259 bel\u0259 m\u00fcnasib\u0259t yolverilm\u0259zdir\u201d - MEYDAN.TV","isPartOf":{"@id":"https:\/\/www.meydan.tv\/az\/#website"},"primaryImageOfPage":{"@id":"https:\/\/www.meydan.tv\/az\/article\/isden-cixarilan-terter-sakini-sehid-ailesinin-veziyyetine-bele-munasibet-yolverilmezdir\/#primaryimage"},"image":{"@id":"https:\/\/www.meydan.tv\/az\/article\/isden-cixarilan-terter-sakini-sehid-ailesinin-veziyyetine-bele-munasibet-yolverilmezdir\/#primaryimage"},"thumbnailUrl":"https:\/\/www.meydan.tv\/wp-content\/uploads\/1224508.jpg","datePublished":"2024-03-31T15:09:37+00:00","dateModified":"2024-03-31T16:57:45+00:00","breadcrumb":{"@id":"https:\/\/www.meydan.tv\/az\/article\/isden-cixarilan-terter-sakini-sehid-ailesinin-veziyyetine-bele-munasibet-yolverilmezdir\/#breadcrumb"},"inLanguage":"az","potentialAction":[{"@type":"ReadAction","target":["https:\/\/www.meydan.tv\/az\/article\/isden-cixarilan-terter-sakini-sehid-ailesinin-veziyyetine-bele-munasibet-yolverilmezdir\/"]}]},{"@type":"ImageObject","inLanguage":"az","@id":"https:\/\/www.meydan.tv\/az\/article\/isden-cixarilan-terter-sakini-sehid-ailesinin-veziyyetine-bele-munasibet-yolverilmezdir\/#primaryimage","url":"https:\/\/www.meydan.tv\/wp-content\/uploads\/1224508.jpg","contentUrl":"https:\/\/www.meydan.tv\/wp-content\/uploads\/1224508.jpg","width":1200,"height":803,"caption":"D\u00f6vl\u0259t Yan\u011f\u0131ndan M\u00fchafiz\u0259 Xidm\u0259ti. Foto: FHN"},{"@type":"BreadcrumbList","@id":"https:\/\/www.meydan.tv\/az\/article\/isden-cixarilan-terter-sakini-sehid-ailesinin-veziyyetine-bele-munasibet-yolverilmezdir\/#breadcrumb","itemListElement":[{"@type":"ListItem","position":1,"name":"Ana s\u0259hif\u0259","item":"https:\/\/www.meydan.tv\/az\/"},{"@type":"ListItem","position":2,"name":"B\u00f6lg\u0259","item":"https:\/\/www.meydan.tv\/az\/section\/bolge\/"},{"@type":"ListItem","position":3,"name":"\u0130\u015fd\u0259n \u00e7\u0131xar\u0131lan T\u0259rt\u0259r sakini: \u201c\u015e\u0259hid ail\u0259sinin v\u0259ziyy\u0259tin\u0259 bel\u0259 m\u00fcnasib\u0259t yolverilm\u0259zdir\u201d"}]},{"@type":"WebSite","@id":"https:\/\/www.meydan.tv\/az\/#website","url":"https:\/\/www.meydan.tv\/az\/","name":"MEYDAN.TV","description":"Meydan TV Az\u0259rbaycan\u0131n media m\u0259kan\u0131ndak\u0131 alternativ s\u0259sidir","publisher":{"@id":"https:\/\/www.meydan.tv\/az\/#organization"},"potentialAction":[{"@type":"SearchAction","target":{"@type":"EntryPoint","urlTemplate":"https:\/\/www.meydan.tv\/az\/?s={search_term_string}"},"query-input":{"@type":"PropertyValueSpecification","valueRequired":true,"valueName":"search_term_string"}}],"inLanguage":"az"},{"@type":"Organization","@id":"https:\/\/www.meydan.tv\/az\/#organization","name":"Meydan TV","url":"https:\/\/www.meydan.tv\/az\/","logo":{"@type":"ImageObject","inLanguage":"az","@id":"https:\/\/www.meydan.tv\/az\/#\/schema\/logo\/image\/","url":"https:\/\/www.meydan.tv\/wp-content\/uploads\/2021\/07\/meydan-logo.svg","contentUrl":"https:\/\/www.meydan.tv\/wp-content\/uploads\/2021\/07\/meydan-logo.svg","width":195,"height":46,"caption":"Meydan TV"},"image":{"@id":"https:\/\/www.meydan.tv\/az\/#\/schema\/logo\/image\/"}},{"@type":"Person","@id":"https:\/\/www.meydan.tv\/az\/#\/schema\/person\/9cdbecf90d17180ce1dfbd95b08dcf47","name":"elli","sameAs":["https:\/\/x.com\/elli"]}]}},"_links":{"self":[{"href":"https:\/\/www.meydan.tv\/az\/wp-json\/wp\/v2\/posts\/302378","targetHints":{"allow":["GET"]}}],"collection":[{"href":"https:\/\/www.meydan.tv\/az\/wp-json\/wp\/v2\/posts"}],"about":[{"href":"https:\/\/www.meydan.tv\/az\/wp-json\/wp\/v2\/types\/post"}],"author":[{"embeddable":true,"href":"https:\/\/www.meydan.tv\/az\/wp-json\/wp\/v2\/users\/8"}],"replies":[{"embeddable":true,"href":"https:\/\/www.meydan.tv\/az\/wp-json\/wp\/v2\/comments?post=302378"}],"version-history":[{"count":3,"href":"https:\/\/www.meydan.tv\/az\/wp-json\/wp\/v2\/posts\/302378\/revisions"}],"predecessor-version":[{"id":302397,"href":"https:\/\/www.meydan.tv\/az\/wp-json\/wp\/v2\/posts\/302378\/revisions\/302397"}],"wp:featuredmedia":[{"embeddable":true,"href":"https:\/\/www.meydan.tv\/az\/wp-json\/wp\/v2\/media\/302385"}],"wp:attachment":[{"href":"https:\/\/www.meydan.tv\/az\/wp-json\/wp\/v2\/media?parent=302378"}],"wp:term":[{"taxonomy":"category","embeddable":true,"href":"https:\/\/www.meydan.tv\/az\/wp-json\/wp\/v2\/categories?post=302378"},{"taxonomy":"post_tag","embeddable":true,"href":"https:\/\/www.meydan.tv\/az\/wp-json\/wp\/v2\/tags?post=302378"}],"curies":[{"name":"wp","href":"https:\/\/api.w.org\/{rel}","templated":true}]}}