{"id":302347,"date":"2024-03-31T17:40:16","date_gmt":"2024-03-31T13:40:16","guid":{"rendered":"https:\/\/www.meydan.tv\/?p=302347"},"modified":"2024-03-31T21:31:16","modified_gmt":"2024-03-31T17:31:16","slug":"sumqayitda-13-yasli-usagin-meyiti-tapilib-sebeb-belli-deyil","status":"publish","type":"post","link":"https:\/\/www.meydan.tv\/az\/article\/sumqayitda-13-yasli-usagin-meyiti-tapilib-sebeb-belli-deyil\/","title":{"rendered":"Sumqay\u0131tda 13 ya\u015fl\u0131 u\u015fa\u011f\u0131n meyiti tap\u0131l\u0131b, s\u0259b\u0259b b\u0259lli deyil"},"content":{"rendered":"\n<p><\/p>\n\n\n\n<p><em><strong>Prokurorluq meyitin ekspertizada oldu\u011funu deyir<\/strong><\/em><\/p>\n\n\n\n<p>Sumqay\u0131tda mart\u0131n 31-d\u0259 s\u0259h\u0259r saat 7 rad\u0259l\u0259rind\u0259 13 ya\u015fl\u0131 o\u011flan\u0131n meyiti tap\u0131l\u0131b.<\/p>\n\n\n\n<p>Ba\u015f Prokurorlu\u011fun yayd\u0131\u011f\u0131 m\u0259lumata g\u00f6r\u0259, yeniyetm\u0259nin meyiti m\u00fcayin\u0259 olunub, \u00fcz\u0259rind\u0259 x\u0259sar\u0259t tap\u0131lmay\u0131b.<\/p>\n\n\n\n<p>Bununla bel\u0259, \u00f6l\u00fcm\u00fcn s\u0259b\u0259bini m\u00fc\u0259yy\u0259nl\u0259\u015fdirm\u0259k \u00fc\u00e7\u00fcn ekspertiza t\u0259yin olunub.<\/p>\n\n\n\n<p><em>&#8220;2011-ci il t\u0259v\u0259ll\u00fcdl\u00fc yeniyetm\u0259nin meyitinin a\u015fkar olunmas\u0131 fakt\u0131 il\u0259 ba\u011fl\u0131 Sumqay\u0131t \u015f\u0259h\u0259r prokurorlu\u011funda ara\u015fd\u0131rma apar\u0131l\u0131r. Yeniyetm\u0259nin \u00f6l\u00fcm s\u0259b\u0259bi t\u0259yin olunmu\u015f m\u00fcvafiq ekspertizan\u0131n r\u0259yind\u0259n sonra bilin\u0259c\u0259k&#8221;, <\/em>&#8211; Ba\u015f Prokurorlu\u011fun m\u0259tbuat xidm\u0259tind\u0259n bildirilib.<\/p>\n\n\n\n<p>H\u00f6kum\u0259ty\u00f6nl\u00fc media 13 ya\u015fl\u0131 yeniyetm\u0259nin \u00f6l\u00fcm\u00fcn\u00fcn s\u0259b\u0259bi kimi narkotik ehtimal\u0131n\u0131 ir\u0259li s\u00fcr\u00fcb.<\/p>\n\n\n\n<p>R\u0259smi a\u00e7\u0131qlama v\u0259 ekspertiza r\u0259yi olmasa da, h\u00f6kum\u0259ty\u00f6nl\u00fc media yaz\u0131r ki, \u00f6l\u00fcm\u0259 s\u0259b\u0259b ilkin ehtimal art\u0131q dozada narkotik q\u0259buludur.<\/p>\n\n\n\n<p>Prokurorluq is\u0259 deyir ki, yekun r\u0259yi ekspertiza ver\u0259c\u0259k.<\/p>\n\n\n\n<p>Daxili \u0130\u015fl\u0259r Nazirliyi is\u0259 m\u0259s\u0259l\u0259nin ara\u015fd\u0131r\u0131ld\u0131\u011f\u0131n\u0131 deyir.&nbsp;<\/p>\n\n\n\n<p><\/p>\n\n\n\n<p><\/p>\n","protected":false},"excerpt":{"rendered":"<p>Prokurorluq meyitin ekspertizada oldu\u011funu deyir Sumqay\u0131tda mart\u0131n 31-d\u0259 s\u0259h\u0259r saat &#8230; <\/p>\n<p class=\"read-more-container\"><a title=\"Sumqay\u0131tda 13 ya\u015fl\u0131 u\u015fa\u011f\u0131n meyiti tap\u0131l\u0131b, s\u0259b\u0259b b\u0259lli deyil\" class=\"read-more button\" href=\"https:\/\/www.meydan.tv\/az\/article\/sumqayitda-13-yasli-usagin-meyiti-tapilib-sebeb-belli-deyil\/#more-302347\" aria-label=\"Read more about Sumqay\u0131tda 13 ya\u015fl\u0131 u\u015fa\u011f\u0131n meyiti tap\u0131l\u0131b, s\u0259b\u0259b b\u0259lli deyil\">Davam\u0131<\/a><\/p>\n","protected":false},"author":8,"featured_media":96473,"comment_status":"closed","ping_status":"closed","sticky":false,"template":"","format":"standard","meta":{"_acf_changed":false,"_sitemap_exclude":false,"_sitemap_priority":"","_sitemap_frequency":"","footnotes":""},"categories":[60,56],"tags":[],"class_list":["post-302347","post","type-post","status-publish","format-standard","has-post-thumbnail","hentry","category-bolge","category-xeberler","infinite-scroll-item","generate-columns","tablet-grid-50","mobile-grid-100","grid-parent","grid-33","no-featured-image-padding"],"acf":[],"yoast_head":"<!-- This site is optimized with the Yoast SEO plugin v27.4 - https:\/\/yoast.com\/product\/yoast-seo-wordpress\/ -->\n<title>Sumqay\u0131tda 13 ya\u015fl\u0131 u\u015fa\u011f\u0131n meyiti tap\u0131l\u0131b, s\u0259b\u0259b b\u0259lli deyil - MEYDAN.TV<\/title>\n<meta name=\"robots\" content=\"index, follow, max-snippet:-1, max-image-preview:large, max-video-preview:-1\" \/>\n<link rel=\"canonical\" href=\"https:\/\/www.meydan.tv\/az\/article\/sumqayitda-13-yasli-usagin-meyiti-tapilib-sebeb-belli-deyil\/\" \/>\n<meta property=\"og:locale\" content=\"az_AZ\" \/>\n<meta property=\"og:type\" content=\"article\" \/>\n<meta property=\"og:title\" content=\"Sumqay\u0131tda 13 ya\u015fl\u0131 u\u015fa\u011f\u0131n meyiti tap\u0131l\u0131b, s\u0259b\u0259b b\u0259lli deyil - MEYDAN.TV\" \/>\n<meta property=\"og:description\" content=\"Prokurorluq meyitin ekspertizada oldu\u011funu deyir Sumqay\u0131tda mart\u0131n 31-d\u0259 s\u0259h\u0259r saat ... Davam\u0131\" \/>\n<meta property=\"og:url\" content=\"https:\/\/www.meydan.tv\/az\/article\/sumqayitda-13-yasli-usagin-meyiti-tapilib-sebeb-belli-deyil\/\" \/>\n<meta property=\"og:site_name\" content=\"MEYDAN.TV\" \/>\n<meta property=\"article:published_time\" content=\"2024-03-31T13:40:16+00:00\" \/>\n<meta property=\"article:modified_time\" content=\"2024-03-31T17:31:16+00:00\" \/>\n<meta property=\"og:image\" content=\"https:\/\/www.meydan.tv\/wp-content\/uploads\/38071.png\" \/>\n\t<meta property=\"og:image:width\" content=\"1456\" \/>\n\t<meta property=\"og:image:height\" content=\"572\" \/>\n\t<meta property=\"og:image:type\" content=\"image\/png\" \/>\n<meta name=\"author\" content=\"elli\" \/>\n<meta name=\"twitter:card\" content=\"summary_large_image\" \/>\n<meta name=\"twitter:creator\" content=\"@elli\" \/>\n<script type=\"application\/ld+json\" class=\"yoast-schema-graph\">{\"@context\":\"https:\\\/\\\/schema.org\",\"@graph\":[{\"@type\":\"Article\",\"@id\":\"https:\\\/\\\/www.meydan.tv\\\/az\\\/article\\\/sumqayitda-13-yasli-usagin-meyiti-tapilib-sebeb-belli-deyil\\\/#article\",\"isPartOf\":{\"@id\":\"https:\\\/\\\/www.meydan.tv\\\/az\\\/article\\\/sumqayitda-13-yasli-usagin-meyiti-tapilib-sebeb-belli-deyil\\\/\"},\"author\":{\"name\":\"elli\",\"@id\":\"https:\\\/\\\/www.meydan.tv\\\/az\\\/#\\\/schema\\\/person\\\/9cdbecf90d17180ce1dfbd95b08dcf47\"},\"headline\":\"Sumqay\u0131tda 13 ya\u015fl\u0131 u\u015fa\u011f\u0131n meyiti tap\u0131l\u0131b, s\u0259b\u0259b b\u0259lli deyil\",\"datePublished\":\"2024-03-31T13:40:16+00:00\",\"dateModified\":\"2024-03-31T17:31:16+00:00\",\"mainEntityOfPage\":{\"@id\":\"https:\\\/\\\/www.meydan.tv\\\/az\\\/article\\\/sumqayitda-13-yasli-usagin-meyiti-tapilib-sebeb-belli-deyil\\\/\"},\"wordCount\":226,\"publisher\":{\"@id\":\"https:\\\/\\\/www.meydan.tv\\\/az\\\/#organization\"},\"image\":{\"@id\":\"https:\\\/\\\/www.meydan.tv\\\/az\\\/article\\\/sumqayitda-13-yasli-usagin-meyiti-tapilib-sebeb-belli-deyil\\\/#primaryimage\"},\"thumbnailUrl\":\"https:\\\/\\\/www.meydan.tv\\\/wp-content\\\/uploads\\\/38071.png\",\"articleSection\":[\"B\u00f6lg\u0259\",\"X\u0259b\u0259rl\u0259r\"],\"inLanguage\":\"az\"},{\"@type\":\"WebPage\",\"@id\":\"https:\\\/\\\/www.meydan.tv\\\/az\\\/article\\\/sumqayitda-13-yasli-usagin-meyiti-tapilib-sebeb-belli-deyil\\\/\",\"url\":\"https:\\\/\\\/www.meydan.tv\\\/az\\\/article\\\/sumqayitda-13-yasli-usagin-meyiti-tapilib-sebeb-belli-deyil\\\/\",\"name\":\"Sumqay\u0131tda 13 ya\u015fl\u0131 u\u015fa\u011f\u0131n meyiti tap\u0131l\u0131b, s\u0259b\u0259b b\u0259lli deyil - MEYDAN.TV\",\"isPartOf\":{\"@id\":\"https:\\\/\\\/www.meydan.tv\\\/az\\\/#website\"},\"primaryImageOfPage\":{\"@id\":\"https:\\\/\\\/www.meydan.tv\\\/az\\\/article\\\/sumqayitda-13-yasli-usagin-meyiti-tapilib-sebeb-belli-deyil\\\/#primaryimage\"},\"image\":{\"@id\":\"https:\\\/\\\/www.meydan.tv\\\/az\\\/article\\\/sumqayitda-13-yasli-usagin-meyiti-tapilib-sebeb-belli-deyil\\\/#primaryimage\"},\"thumbnailUrl\":\"https:\\\/\\\/www.meydan.tv\\\/wp-content\\\/uploads\\\/38071.png\",\"datePublished\":\"2024-03-31T13:40:16+00:00\",\"dateModified\":\"2024-03-31T17:31:16+00:00\",\"breadcrumb\":{\"@id\":\"https:\\\/\\\/www.meydan.tv\\\/az\\\/article\\\/sumqayitda-13-yasli-usagin-meyiti-tapilib-sebeb-belli-deyil\\\/#breadcrumb\"},\"inLanguage\":\"az\",\"potentialAction\":[{\"@type\":\"ReadAction\",\"target\":[\"https:\\\/\\\/www.meydan.tv\\\/az\\\/article\\\/sumqayitda-13-yasli-usagin-meyiti-tapilib-sebeb-belli-deyil\\\/\"]}]},{\"@type\":\"ImageObject\",\"inLanguage\":\"az\",\"@id\":\"https:\\\/\\\/www.meydan.tv\\\/az\\\/article\\\/sumqayitda-13-yasli-usagin-meyiti-tapilib-sebeb-belli-deyil\\\/#primaryimage\",\"url\":\"https:\\\/\\\/www.meydan.tv\\\/wp-content\\\/uploads\\\/38071.png\",\"contentUrl\":\"https:\\\/\\\/www.meydan.tv\\\/wp-content\\\/uploads\\\/38071.png\",\"width\":1456,\"height\":572,\"caption\":\"Foto: Meydan TV\"},{\"@type\":\"BreadcrumbList\",\"@id\":\"https:\\\/\\\/www.meydan.tv\\\/az\\\/article\\\/sumqayitda-13-yasli-usagin-meyiti-tapilib-sebeb-belli-deyil\\\/#breadcrumb\",\"itemListElement\":[{\"@type\":\"ListItem\",\"position\":1,\"name\":\"Ana s\u0259hif\u0259\",\"item\":\"https:\\\/\\\/www.meydan.tv\\\/az\\\/\"},{\"@type\":\"ListItem\",\"position\":2,\"name\":\"B\u00f6lg\u0259\",\"item\":\"https:\\\/\\\/www.meydan.tv\\\/az\\\/section\\\/bolge\\\/\"},{\"@type\":\"ListItem\",\"position\":3,\"name\":\"Sumqay\u0131tda 13 ya\u015fl\u0131 u\u015fa\u011f\u0131n meyiti tap\u0131l\u0131b, s\u0259b\u0259b b\u0259lli deyil\"}]},{\"@type\":\"WebSite\",\"@id\":\"https:\\\/\\\/www.meydan.tv\\\/az\\\/#website\",\"url\":\"https:\\\/\\\/www.meydan.tv\\\/az\\\/\",\"name\":\"MEYDAN.TV\",\"description\":\"Meydan TV Az\u0259rbaycan\u0131n media m\u0259kan\u0131ndak\u0131 alternativ s\u0259sidir\",\"publisher\":{\"@id\":\"https:\\\/\\\/www.meydan.tv\\\/az\\\/#organization\"},\"potentialAction\":[{\"@type\":\"SearchAction\",\"target\":{\"@type\":\"EntryPoint\",\"urlTemplate\":\"https:\\\/\\\/www.meydan.tv\\\/az\\\/?s={search_term_string}\"},\"query-input\":{\"@type\":\"PropertyValueSpecification\",\"valueRequired\":true,\"valueName\":\"search_term_string\"}}],\"inLanguage\":\"az\"},{\"@type\":\"Organization\",\"@id\":\"https:\\\/\\\/www.meydan.tv\\\/az\\\/#organization\",\"name\":\"Meydan TV\",\"url\":\"https:\\\/\\\/www.meydan.tv\\\/az\\\/\",\"logo\":{\"@type\":\"ImageObject\",\"inLanguage\":\"az\",\"@id\":\"https:\\\/\\\/www.meydan.tv\\\/az\\\/#\\\/schema\\\/logo\\\/image\\\/\",\"url\":\"https:\\\/\\\/www.meydan.tv\\\/wp-content\\\/uploads\\\/2021\\\/07\\\/meydan-logo.svg\",\"contentUrl\":\"https:\\\/\\\/www.meydan.tv\\\/wp-content\\\/uploads\\\/2021\\\/07\\\/meydan-logo.svg\",\"width\":195,\"height\":46,\"caption\":\"Meydan TV\"},\"image\":{\"@id\":\"https:\\\/\\\/www.meydan.tv\\\/az\\\/#\\\/schema\\\/logo\\\/image\\\/\"}},{\"@type\":\"Person\",\"@id\":\"https:\\\/\\\/www.meydan.tv\\\/az\\\/#\\\/schema\\\/person\\\/9cdbecf90d17180ce1dfbd95b08dcf47\",\"name\":\"elli\",\"sameAs\":[\"https:\\\/\\\/x.com\\\/elli\"]}]}<\/script>\n<!-- \/ Yoast SEO plugin. -->","yoast_head_json":{"title":"Sumqay\u0131tda 13 ya\u015fl\u0131 u\u015fa\u011f\u0131n meyiti tap\u0131l\u0131b, s\u0259b\u0259b b\u0259lli deyil - MEYDAN.TV","robots":{"index":"index","follow":"follow","max-snippet":"max-snippet:-1","max-image-preview":"max-image-preview:large","max-video-preview":"max-video-preview:-1"},"canonical":"https:\/\/www.meydan.tv\/az\/article\/sumqayitda-13-yasli-usagin-meyiti-tapilib-sebeb-belli-deyil\/","og_locale":"az_AZ","og_type":"article","og_title":"Sumqay\u0131tda 13 ya\u015fl\u0131 u\u015fa\u011f\u0131n meyiti tap\u0131l\u0131b, s\u0259b\u0259b b\u0259lli deyil - MEYDAN.TV","og_description":"Prokurorluq meyitin ekspertizada oldu\u011funu deyir Sumqay\u0131tda mart\u0131n 31-d\u0259 s\u0259h\u0259r saat ... Davam\u0131","og_url":"https:\/\/www.meydan.tv\/az\/article\/sumqayitda-13-yasli-usagin-meyiti-tapilib-sebeb-belli-deyil\/","og_site_name":"MEYDAN.TV","article_published_time":"2024-03-31T13:40:16+00:00","article_modified_time":"2024-03-31T17:31:16+00:00","og_image":[{"width":1456,"height":572,"url":"https:\/\/www.meydan.tv\/wp-content\/uploads\/38071.png","type":"image\/png"}],"author":"elli","twitter_card":"summary_large_image","twitter_creator":"@elli","schema":{"@context":"https:\/\/schema.org","@graph":[{"@type":"Article","@id":"https:\/\/www.meydan.tv\/az\/article\/sumqayitda-13-yasli-usagin-meyiti-tapilib-sebeb-belli-deyil\/#article","isPartOf":{"@id":"https:\/\/www.meydan.tv\/az\/article\/sumqayitda-13-yasli-usagin-meyiti-tapilib-sebeb-belli-deyil\/"},"author":{"name":"elli","@id":"https:\/\/www.meydan.tv\/az\/#\/schema\/person\/9cdbecf90d17180ce1dfbd95b08dcf47"},"headline":"Sumqay\u0131tda 13 ya\u015fl\u0131 u\u015fa\u011f\u0131n meyiti tap\u0131l\u0131b, s\u0259b\u0259b b\u0259lli deyil","datePublished":"2024-03-31T13:40:16+00:00","dateModified":"2024-03-31T17:31:16+00:00","mainEntityOfPage":{"@id":"https:\/\/www.meydan.tv\/az\/article\/sumqayitda-13-yasli-usagin-meyiti-tapilib-sebeb-belli-deyil\/"},"wordCount":226,"publisher":{"@id":"https:\/\/www.meydan.tv\/az\/#organization"},"image":{"@id":"https:\/\/www.meydan.tv\/az\/article\/sumqayitda-13-yasli-usagin-meyiti-tapilib-sebeb-belli-deyil\/#primaryimage"},"thumbnailUrl":"https:\/\/www.meydan.tv\/wp-content\/uploads\/38071.png","articleSection":["B\u00f6lg\u0259","X\u0259b\u0259rl\u0259r"],"inLanguage":"az"},{"@type":"WebPage","@id":"https:\/\/www.meydan.tv\/az\/article\/sumqayitda-13-yasli-usagin-meyiti-tapilib-sebeb-belli-deyil\/","url":"https:\/\/www.meydan.tv\/az\/article\/sumqayitda-13-yasli-usagin-meyiti-tapilib-sebeb-belli-deyil\/","name":"Sumqay\u0131tda 13 ya\u015fl\u0131 u\u015fa\u011f\u0131n meyiti tap\u0131l\u0131b, s\u0259b\u0259b b\u0259lli deyil - MEYDAN.TV","isPartOf":{"@id":"https:\/\/www.meydan.tv\/az\/#website"},"primaryImageOfPage":{"@id":"https:\/\/www.meydan.tv\/az\/article\/sumqayitda-13-yasli-usagin-meyiti-tapilib-sebeb-belli-deyil\/#primaryimage"},"image":{"@id":"https:\/\/www.meydan.tv\/az\/article\/sumqayitda-13-yasli-usagin-meyiti-tapilib-sebeb-belli-deyil\/#primaryimage"},"thumbnailUrl":"https:\/\/www.meydan.tv\/wp-content\/uploads\/38071.png","datePublished":"2024-03-31T13:40:16+00:00","dateModified":"2024-03-31T17:31:16+00:00","breadcrumb":{"@id":"https:\/\/www.meydan.tv\/az\/article\/sumqayitda-13-yasli-usagin-meyiti-tapilib-sebeb-belli-deyil\/#breadcrumb"},"inLanguage":"az","potentialAction":[{"@type":"ReadAction","target":["https:\/\/www.meydan.tv\/az\/article\/sumqayitda-13-yasli-usagin-meyiti-tapilib-sebeb-belli-deyil\/"]}]},{"@type":"ImageObject","inLanguage":"az","@id":"https:\/\/www.meydan.tv\/az\/article\/sumqayitda-13-yasli-usagin-meyiti-tapilib-sebeb-belli-deyil\/#primaryimage","url":"https:\/\/www.meydan.tv\/wp-content\/uploads\/38071.png","contentUrl":"https:\/\/www.meydan.tv\/wp-content\/uploads\/38071.png","width":1456,"height":572,"caption":"Foto: Meydan TV"},{"@type":"BreadcrumbList","@id":"https:\/\/www.meydan.tv\/az\/article\/sumqayitda-13-yasli-usagin-meyiti-tapilib-sebeb-belli-deyil\/#breadcrumb","itemListElement":[{"@type":"ListItem","position":1,"name":"Ana s\u0259hif\u0259","item":"https:\/\/www.meydan.tv\/az\/"},{"@type":"ListItem","position":2,"name":"B\u00f6lg\u0259","item":"https:\/\/www.meydan.tv\/az\/section\/bolge\/"},{"@type":"ListItem","position":3,"name":"Sumqay\u0131tda 13 ya\u015fl\u0131 u\u015fa\u011f\u0131n meyiti tap\u0131l\u0131b, s\u0259b\u0259b b\u0259lli deyil"}]},{"@type":"WebSite","@id":"https:\/\/www.meydan.tv\/az\/#website","url":"https:\/\/www.meydan.tv\/az\/","name":"MEYDAN.TV","description":"Meydan TV Az\u0259rbaycan\u0131n media m\u0259kan\u0131ndak\u0131 alternativ s\u0259sidir","publisher":{"@id":"https:\/\/www.meydan.tv\/az\/#organization"},"potentialAction":[{"@type":"SearchAction","target":{"@type":"EntryPoint","urlTemplate":"https:\/\/www.meydan.tv\/az\/?s={search_term_string}"},"query-input":{"@type":"PropertyValueSpecification","valueRequired":true,"valueName":"search_term_string"}}],"inLanguage":"az"},{"@type":"Organization","@id":"https:\/\/www.meydan.tv\/az\/#organization","name":"Meydan TV","url":"https:\/\/www.meydan.tv\/az\/","logo":{"@type":"ImageObject","inLanguage":"az","@id":"https:\/\/www.meydan.tv\/az\/#\/schema\/logo\/image\/","url":"https:\/\/www.meydan.tv\/wp-content\/uploads\/2021\/07\/meydan-logo.svg","contentUrl":"https:\/\/www.meydan.tv\/wp-content\/uploads\/2021\/07\/meydan-logo.svg","width":195,"height":46,"caption":"Meydan TV"},"image":{"@id":"https:\/\/www.meydan.tv\/az\/#\/schema\/logo\/image\/"}},{"@type":"Person","@id":"https:\/\/www.meydan.tv\/az\/#\/schema\/person\/9cdbecf90d17180ce1dfbd95b08dcf47","name":"elli","sameAs":["https:\/\/x.com\/elli"]}]}},"_links":{"self":[{"href":"https:\/\/www.meydan.tv\/az\/wp-json\/wp\/v2\/posts\/302347","targetHints":{"allow":["GET"]}}],"collection":[{"href":"https:\/\/www.meydan.tv\/az\/wp-json\/wp\/v2\/posts"}],"about":[{"href":"https:\/\/www.meydan.tv\/az\/wp-json\/wp\/v2\/types\/post"}],"author":[{"embeddable":true,"href":"https:\/\/www.meydan.tv\/az\/wp-json\/wp\/v2\/users\/8"}],"replies":[{"embeddable":true,"href":"https:\/\/www.meydan.tv\/az\/wp-json\/wp\/v2\/comments?post=302347"}],"version-history":[{"count":2,"href":"https:\/\/www.meydan.tv\/az\/wp-json\/wp\/v2\/posts\/302347\/revisions"}],"predecessor-version":[{"id":302398,"href":"https:\/\/www.meydan.tv\/az\/wp-json\/wp\/v2\/posts\/302347\/revisions\/302398"}],"wp:featuredmedia":[{"embeddable":true,"href":"https:\/\/www.meydan.tv\/az\/wp-json\/wp\/v2\/media\/96473"}],"wp:attachment":[{"href":"https:\/\/www.meydan.tv\/az\/wp-json\/wp\/v2\/media?parent=302347"}],"wp:term":[{"taxonomy":"category","embeddable":true,"href":"https:\/\/www.meydan.tv\/az\/wp-json\/wp\/v2\/categories?post=302347"},{"taxonomy":"post_tag","embeddable":true,"href":"https:\/\/www.meydan.tv\/az\/wp-json\/wp\/v2\/tags?post=302347"}],"curies":[{"name":"wp","href":"https:\/\/api.w.org\/{rel}","templated":true}]}}