{"id":302225,"date":"2024-03-29T12:40:17","date_gmt":"2024-03-29T08:40:17","guid":{"rendered":"https:\/\/www.meydan.tv\/?p=302225"},"modified":"2024-03-29T12:40:22","modified_gmt":"2024-03-29T08:40:22","slug":"yasi-15-den-cox-olan-avtomobiller-taksi-kimi-xidmet-gostere-bilmeyecek","status":"publish","type":"post","link":"https:\/\/www.meydan.tv\/az\/article\/yasi-15-den-cox-olan-avtomobiller-taksi-kimi-xidmet-gostere-bilmeyecek\/","title":{"rendered":"Ya\u015f\u0131 15-d\u0259n \u00e7ox olan avtomobill\u0259r taksi kimi xidm\u0259t g\u00f6st\u0259r\u0259 bilm\u0259y\u0259c\u0259k"},"content":{"rendered":"\n<p><\/p>\n\n\n\n<p><strong><em>Nazirl\u0259r Kabinetind\u0259n taksi xidm\u0259ti il\u0259 ba\u011fl\u0131 yeni t\u0259l\u0259bl\u0259r<\/em><\/strong><\/p>\n\n\n\n<p>15 ild\u0259n \u00e7ox ya\u015f\u0131 olan avtomobill\u0259 taksi xidm\u0259ti g\u00f6st\u0259rm\u0259k m\u00fcmk\u00fcn olmayacaq. H\u0259m\u00e7inin 8 ild\u0259n k\u00f6hn\u0259 ma\u015f\u0131nlara burax\u0131l\u0131\u015f kart\u0131 verilm\u0259y\u0259c\u0259k.<\/p>\n\n\n\n<p>Mart\u0131n 28-d\u0259 Nazirl\u0259r Kabinetinin t\u0259sdiql\u0259diyi \u201cM\u00fcnt\u0259z\u0259m v\u0259 taksi minik avtomobili il\u0259 s\u0259rni\u015fin da\u015f\u0131malar\u0131nda istifad\u0259 olunan avton\u0259qliyyat vasit\u0259l\u0259rinin texniki g\u00f6st\u0259ricil\u0259ri, daxili v\u0259 xarici t\u0259rtibat\u0131na dair <a href=\"https:\/\/nk.gov.az\/az\/senedler\/qerarlar\/muntezem-ve-taksi-minik-avtomobili-ile-sernisin-da-7942\">t\u0259l\u0259bl\u0259r\u201dd\u0259<\/a> bel\u0259 deyilir.<\/p>\n\n\n\n<p>T\u0259l\u0259bl\u0259r\u0259 g\u00f6r\u0259, m\u00fcnt\u0259z\u0259m \u015f\u0259h\u0259rl\u0259raras\u0131 (rayonlararas\u0131) s\u0259rni\u015fin da\u015f\u0131malar\u0131nda istifad\u0259 olunan avton\u0259qliyyat vasit\u0259l\u0259rinin r\u0259ngi a\u011f olmal\u0131d\u0131r. \u015e\u0259h\u0259rdaxili (rayondaxili) q\u0131rm\u0131z\u0131, h\u0259r iki da\u015f\u0131malarda istifad\u0259 olunan elektrik m\u00fch\u0259rrikli avton\u0259qliyyat vasit\u0259l\u0259ri d\u0259 ya\u015fl\u0131 r\u0259ngli olmal\u0131d\u0131r. Taksi minik avtomobill\u0259ri is\u0259 a\u011f v\u0259 ya q\u0131rm\u0131z\u0131 r\u0259ngl\u0259rd\u0259 olacaq.<\/p>\n\n\n\n<p>Bu t\u0259l\u0259bl\u0259r 2024-c\u00fc il iyulun 1-d\u0259n \u00f6lk\u0259y\u0259 idxal edil\u0259n v\u0259 ya \u00f6lk\u0259d\u0259 istehsal edil\u0259n avton\u0259qliyyat vasit\u0259l\u0259rin\u0259 \u015famil edil\u0259c\u0259k.<\/p>\n\n\n<div class=\"wp-block-image\">\n<figure class=\"alignleft size-full is-resized\"><img decoding=\"async\" width=\"1000\" height=\"666\" data-src=\"https:\/\/www.meydan.tv\/wp-content\/uploads\/16058739223267554668_1000x669_p6fsrsi.jpg\" alt=\"Nazirl\u0259r Kabineti\" class=\"wp-image-152624 lazyload\" style=\"--smush-placeholder-width: 1000px; --smush-placeholder-aspect-ratio: 1000\/666;width:454px;height:auto\" src=\"data:image\/svg+xml;base64,PHN2ZyB3aWR0aD0iMSIgaGVpZ2h0PSIxIiB4bWxucz0iaHR0cDovL3d3dy53My5vcmcvMjAwMC9zdmciPjwvc3ZnPg==\" \/><figcaption class=\"wp-element-caption\">Foto: Meydan TV<\/figcaption><\/figure>\n<\/div>\n\n\n<p>Dig\u0259r t\u0259l\u0259bl\u0259r\u0259 \u0259sas\u0259n, taksil\u0259r \u201cABS\u201d \u0259yl\u0259c, salonu normal i\u015f\u0131qland\u0131rma sistemi, tam hava t\u0259nziml\u0259yicisi (s\u0259rinl\u0259tm\u0259 v\u0259 isitm\u0259 funksiyal\u0131), s\u00fcr\u00fcc\u00fc v\u0259 b\u00fct\u00fcn s\u0259rni\u015finl\u0259r \u00fc\u00e7\u00fcn t\u0259hl\u00fck\u0259sizlik k\u0259m\u0259ri il\u0259 t\u0259chiz edilm\u0259lidir.<\/p>\n\n\n\n<p>Bundan \u0259lav\u0259 onlarda b\u00fct\u00fcn salonu \u0259hat\u0259 ed\u0259n v\u0259 qeyd\u0259 ald\u0131\u011f\u0131 m\u0259lumatlar\u0131 \u0259n az\u0131 1 ay saxlaya bil\u0259n yadda\u015f qur\u011fusu il\u0259 t\u0259chiz edilmi\u015f videokameralar qura\u015fd\u0131r\u0131lmal\u0131d\u0131r.<\/p>\n\n\n\n<p>Habel\u0259 taksi avtomobill\u0259ri \u0259n az\u0131 \u201cavro-5\u201d ekoloji standart\u0131na uy\u011fun olmal\u0131d\u0131r.<\/p>\n\n\n\n<p>N\u0259qliyyat \u00fczr\u0259 ekspert, h\u00fcquq\u015f\u00fcnas \u018fr\u015fad H\u00fcseynov deyir ki, yeni t\u0259l\u0259bl\u0259r 8 ild\u0259n yuxar\u0131 ya\u015f\u0131 olan avtomobild\u0259n he\u00e7 bir halda taksi kimi istifad\u0259 oluna bilm\u0259z demir. \u018fg\u0259r kimins\u0259 9 ild\u0259n 14 il\u0259d\u0259k olan avtomobili varsa, taksi kimi f\u0259aliyy\u0259t g\u00f6st\u0259rm\u0259k ist\u0259yirs\u0259, iyulun 1-d\u0259k avtomobilini dig\u0259r t\u0259l\u0259bl\u0259r\u0259 uy\u011funla\u015fd\u0131r\u0131b, Yer\u00fcst\u00fc N\u0259qliyyat Agentliyin\u0259 m\u00fcraci\u0259t edib, burax\u0131l\u0131\u015f kart\u0131 ala bil\u0259r:<\/p>\n\n\n\n<p><em>\u201cBurax\u0131l\u0131\u015f kart\u0131n\u0131 iyulun 1-d\u0259k ala bilm\u0259y\u0259n, bunu sonra ed\u0259 bilm\u0259y\u0259c\u0259k. Amma o zamanad\u0259k al\u0131nsa, avtomobilin ya\u015f\u0131 15-i \u00f6t\u0259n\u0259d\u0259k taksi kimi istifad\u0259 ed\u0259 bil\u0259c\u0259k\u201d.<\/em><\/p>\n\n\n\n<p>B\u00fct\u00fcn bu t\u0259l\u0259bl\u0259r 2024-c\u00fc il iyulun 1-d\u0259n q\u00fcvv\u0259y\u0259 min\u0259c\u0259k.<\/p>\n","protected":false},"excerpt":{"rendered":"<p>Nazirl\u0259r Kabinetind\u0259n taksi xidm\u0259ti il\u0259 ba\u011fl\u0131 yeni t\u0259l\u0259bl\u0259r 15 ild\u0259n &#8230; <\/p>\n<p class=\"read-more-container\"><a title=\"Ya\u015f\u0131 15-d\u0259n \u00e7ox olan avtomobill\u0259r taksi kimi xidm\u0259t g\u00f6st\u0259r\u0259 bilm\u0259y\u0259c\u0259k\" class=\"read-more button\" href=\"https:\/\/www.meydan.tv\/az\/article\/yasi-15-den-cox-olan-avtomobiller-taksi-kimi-xidmet-gostere-bilmeyecek\/#more-302225\" aria-label=\"Read more about Ya\u015f\u0131 15-d\u0259n \u00e7ox olan avtomobill\u0259r taksi kimi xidm\u0259t g\u00f6st\u0259r\u0259 bilm\u0259y\u0259c\u0259k\">Davam\u0131<\/a><\/p>\n","protected":false},"author":8,"featured_media":277290,"comment_status":"closed","ping_status":"closed","sticky":false,"template":"","format":"standard","meta":{"_acf_changed":false,"_sitemap_exclude":false,"_sitemap_priority":"","_sitemap_frequency":"","footnotes":""},"categories":[62,79,56],"tags":[],"class_list":["post-302225","post","type-post","status-publish","format-standard","has-post-thumbnail","hentry","category-sosial","category-featured","category-xeberler","infinite-scroll-item","generate-columns","tablet-grid-50","mobile-grid-100","grid-parent","grid-33","no-featured-image-padding"],"acf":[],"yoast_head":"<!-- This site is optimized with the Yoast SEO plugin v27.5 - https:\/\/yoast.com\/product\/yoast-seo-wordpress\/ -->\n<title>Ya\u015f\u0131 15-d\u0259n \u00e7ox olan avtomobill\u0259r taksi kimi xidm\u0259t g\u00f6st\u0259r\u0259 bilm\u0259y\u0259c\u0259k - MEYDAN.TV<\/title>\n<meta name=\"robots\" content=\"index, follow, max-snippet:-1, max-image-preview:large, max-video-preview:-1\" \/>\n<link rel=\"canonical\" href=\"https:\/\/www.meydan.tv\/az\/article\/yasi-15-den-cox-olan-avtomobiller-taksi-kimi-xidmet-gostere-bilmeyecek\/\" \/>\n<meta property=\"og:locale\" content=\"az_AZ\" \/>\n<meta property=\"og:type\" content=\"article\" \/>\n<meta property=\"og:title\" content=\"Ya\u015f\u0131 15-d\u0259n \u00e7ox olan avtomobill\u0259r taksi kimi xidm\u0259t g\u00f6st\u0259r\u0259 bilm\u0259y\u0259c\u0259k - MEYDAN.TV\" \/>\n<meta property=\"og:description\" content=\"Nazirl\u0259r Kabinetind\u0259n taksi xidm\u0259ti il\u0259 ba\u011fl\u0131 yeni t\u0259l\u0259bl\u0259r 15 ild\u0259n ... Davam\u0131\" \/>\n<meta property=\"og:url\" content=\"https:\/\/www.meydan.tv\/az\/article\/yasi-15-den-cox-olan-avtomobiller-taksi-kimi-xidmet-gostere-bilmeyecek\/\" \/>\n<meta property=\"og:site_name\" content=\"MEYDAN.TV\" \/>\n<meta property=\"article:published_time\" content=\"2024-03-29T08:40:17+00:00\" \/>\n<meta property=\"article:modified_time\" content=\"2024-03-29T08:40:22+00:00\" \/>\n<meta property=\"og:image\" content=\"https:\/\/www.meydan.tv\/wp-content\/uploads\/shutterstock_1999280993.jpg\" \/>\n\t<meta property=\"og:image:width\" content=\"1200\" \/>\n\t<meta property=\"og:image:height\" content=\"794\" \/>\n\t<meta property=\"og:image:type\" content=\"image\/jpeg\" \/>\n<meta name=\"author\" content=\"elli\" \/>\n<meta name=\"twitter:card\" content=\"summary_large_image\" \/>\n<meta name=\"twitter:creator\" content=\"@elli\" \/>\n<script type=\"application\/ld+json\" class=\"yoast-schema-graph\">{\"@context\":\"https:\\\/\\\/schema.org\",\"@graph\":[{\"@type\":\"Article\",\"@id\":\"https:\\\/\\\/www.meydan.tv\\\/az\\\/article\\\/yasi-15-den-cox-olan-avtomobiller-taksi-kimi-xidmet-gostere-bilmeyecek\\\/#article\",\"isPartOf\":{\"@id\":\"https:\\\/\\\/www.meydan.tv\\\/az\\\/article\\\/yasi-15-den-cox-olan-avtomobiller-taksi-kimi-xidmet-gostere-bilmeyecek\\\/\"},\"author\":{\"name\":\"elli\",\"@id\":\"https:\\\/\\\/www.meydan.tv\\\/az\\\/#\\\/schema\\\/person\\\/9cdbecf90d17180ce1dfbd95b08dcf47\"},\"headline\":\"Ya\u015f\u0131 15-d\u0259n \u00e7ox olan avtomobill\u0259r taksi kimi xidm\u0259t g\u00f6st\u0259r\u0259 bilm\u0259y\u0259c\u0259k\",\"datePublished\":\"2024-03-29T08:40:17+00:00\",\"dateModified\":\"2024-03-29T08:40:22+00:00\",\"mainEntityOfPage\":{\"@id\":\"https:\\\/\\\/www.meydan.tv\\\/az\\\/article\\\/yasi-15-den-cox-olan-avtomobiller-taksi-kimi-xidmet-gostere-bilmeyecek\\\/\"},\"wordCount\":476,\"publisher\":{\"@id\":\"https:\\\/\\\/www.meydan.tv\\\/az\\\/#organization\"},\"image\":{\"@id\":\"https:\\\/\\\/www.meydan.tv\\\/az\\\/article\\\/yasi-15-den-cox-olan-avtomobiller-taksi-kimi-xidmet-gostere-bilmeyecek\\\/#primaryimage\"},\"thumbnailUrl\":\"https:\\\/\\\/www.meydan.tv\\\/wp-content\\\/uploads\\\/shutterstock_1999280993.jpg\",\"articleSection\":[\"Sosial\",\"T\u00f6vsiy\u0259\",\"X\u0259b\u0259rl\u0259r\"],\"inLanguage\":\"az\"},{\"@type\":\"WebPage\",\"@id\":\"https:\\\/\\\/www.meydan.tv\\\/az\\\/article\\\/yasi-15-den-cox-olan-avtomobiller-taksi-kimi-xidmet-gostere-bilmeyecek\\\/\",\"url\":\"https:\\\/\\\/www.meydan.tv\\\/az\\\/article\\\/yasi-15-den-cox-olan-avtomobiller-taksi-kimi-xidmet-gostere-bilmeyecek\\\/\",\"name\":\"Ya\u015f\u0131 15-d\u0259n \u00e7ox olan avtomobill\u0259r taksi kimi xidm\u0259t g\u00f6st\u0259r\u0259 bilm\u0259y\u0259c\u0259k - MEYDAN.TV\",\"isPartOf\":{\"@id\":\"https:\\\/\\\/www.meydan.tv\\\/az\\\/#website\"},\"primaryImageOfPage\":{\"@id\":\"https:\\\/\\\/www.meydan.tv\\\/az\\\/article\\\/yasi-15-den-cox-olan-avtomobiller-taksi-kimi-xidmet-gostere-bilmeyecek\\\/#primaryimage\"},\"image\":{\"@id\":\"https:\\\/\\\/www.meydan.tv\\\/az\\\/article\\\/yasi-15-den-cox-olan-avtomobiller-taksi-kimi-xidmet-gostere-bilmeyecek\\\/#primaryimage\"},\"thumbnailUrl\":\"https:\\\/\\\/www.meydan.tv\\\/wp-content\\\/uploads\\\/shutterstock_1999280993.jpg\",\"datePublished\":\"2024-03-29T08:40:17+00:00\",\"dateModified\":\"2024-03-29T08:40:22+00:00\",\"breadcrumb\":{\"@id\":\"https:\\\/\\\/www.meydan.tv\\\/az\\\/article\\\/yasi-15-den-cox-olan-avtomobiller-taksi-kimi-xidmet-gostere-bilmeyecek\\\/#breadcrumb\"},\"inLanguage\":\"az\",\"potentialAction\":[{\"@type\":\"ReadAction\",\"target\":[\"https:\\\/\\\/www.meydan.tv\\\/az\\\/article\\\/yasi-15-den-cox-olan-avtomobiller-taksi-kimi-xidmet-gostere-bilmeyecek\\\/\"]}]},{\"@type\":\"ImageObject\",\"inLanguage\":\"az\",\"@id\":\"https:\\\/\\\/www.meydan.tv\\\/az\\\/article\\\/yasi-15-den-cox-olan-avtomobiller-taksi-kimi-xidmet-gostere-bilmeyecek\\\/#primaryimage\",\"url\":\"https:\\\/\\\/www.meydan.tv\\\/wp-content\\\/uploads\\\/shutterstock_1999280993.jpg\",\"contentUrl\":\"https:\\\/\\\/www.meydan.tv\\\/wp-content\\\/uploads\\\/shutterstock_1999280993.jpg\",\"width\":1200,\"height\":794,\"caption\":\"Taksi. Foto: natatravel\\\/shutterstock\"},{\"@type\":\"BreadcrumbList\",\"@id\":\"https:\\\/\\\/www.meydan.tv\\\/az\\\/article\\\/yasi-15-den-cox-olan-avtomobiller-taksi-kimi-xidmet-gostere-bilmeyecek\\\/#breadcrumb\",\"itemListElement\":[{\"@type\":\"ListItem\",\"position\":1,\"name\":\"Ana s\u0259hif\u0259\",\"item\":\"https:\\\/\\\/www.meydan.tv\\\/az\\\/\"},{\"@type\":\"ListItem\",\"position\":2,\"name\":\"Sosial\",\"item\":\"https:\\\/\\\/www.meydan.tv\\\/az\\\/section\\\/sosial\\\/\"},{\"@type\":\"ListItem\",\"position\":3,\"name\":\"Ya\u015f\u0131 15-d\u0259n \u00e7ox olan avtomobill\u0259r taksi kimi xidm\u0259t g\u00f6st\u0259r\u0259 bilm\u0259y\u0259c\u0259k\"}]},{\"@type\":\"WebSite\",\"@id\":\"https:\\\/\\\/www.meydan.tv\\\/az\\\/#website\",\"url\":\"https:\\\/\\\/www.meydan.tv\\\/az\\\/\",\"name\":\"MEYDAN.TV\",\"description\":\"Meydan TV Az\u0259rbaycan\u0131n media m\u0259kan\u0131ndak\u0131 alternativ s\u0259sidir\",\"publisher\":{\"@id\":\"https:\\\/\\\/www.meydan.tv\\\/az\\\/#organization\"},\"potentialAction\":[{\"@type\":\"SearchAction\",\"target\":{\"@type\":\"EntryPoint\",\"urlTemplate\":\"https:\\\/\\\/www.meydan.tv\\\/az\\\/?s={search_term_string}\"},\"query-input\":{\"@type\":\"PropertyValueSpecification\",\"valueRequired\":true,\"valueName\":\"search_term_string\"}}],\"inLanguage\":\"az\"},{\"@type\":\"Organization\",\"@id\":\"https:\\\/\\\/www.meydan.tv\\\/az\\\/#organization\",\"name\":\"Meydan TV\",\"url\":\"https:\\\/\\\/www.meydan.tv\\\/az\\\/\",\"logo\":{\"@type\":\"ImageObject\",\"inLanguage\":\"az\",\"@id\":\"https:\\\/\\\/www.meydan.tv\\\/az\\\/#\\\/schema\\\/logo\\\/image\\\/\",\"url\":\"https:\\\/\\\/www.meydan.tv\\\/wp-content\\\/uploads\\\/2021\\\/07\\\/meydan-logo.svg\",\"contentUrl\":\"https:\\\/\\\/www.meydan.tv\\\/wp-content\\\/uploads\\\/2021\\\/07\\\/meydan-logo.svg\",\"width\":195,\"height\":46,\"caption\":\"Meydan TV\"},\"image\":{\"@id\":\"https:\\\/\\\/www.meydan.tv\\\/az\\\/#\\\/schema\\\/logo\\\/image\\\/\"}},{\"@type\":\"Person\",\"@id\":\"https:\\\/\\\/www.meydan.tv\\\/az\\\/#\\\/schema\\\/person\\\/9cdbecf90d17180ce1dfbd95b08dcf47\",\"name\":\"elli\",\"sameAs\":[\"https:\\\/\\\/x.com\\\/elli\"]}]}<\/script>\n<!-- \/ Yoast SEO plugin. -->","yoast_head_json":{"title":"Ya\u015f\u0131 15-d\u0259n \u00e7ox olan avtomobill\u0259r taksi kimi xidm\u0259t g\u00f6st\u0259r\u0259 bilm\u0259y\u0259c\u0259k - MEYDAN.TV","robots":{"index":"index","follow":"follow","max-snippet":"max-snippet:-1","max-image-preview":"max-image-preview:large","max-video-preview":"max-video-preview:-1"},"canonical":"https:\/\/www.meydan.tv\/az\/article\/yasi-15-den-cox-olan-avtomobiller-taksi-kimi-xidmet-gostere-bilmeyecek\/","og_locale":"az_AZ","og_type":"article","og_title":"Ya\u015f\u0131 15-d\u0259n \u00e7ox olan avtomobill\u0259r taksi kimi xidm\u0259t g\u00f6st\u0259r\u0259 bilm\u0259y\u0259c\u0259k - MEYDAN.TV","og_description":"Nazirl\u0259r Kabinetind\u0259n taksi xidm\u0259ti il\u0259 ba\u011fl\u0131 yeni t\u0259l\u0259bl\u0259r 15 ild\u0259n ... Davam\u0131","og_url":"https:\/\/www.meydan.tv\/az\/article\/yasi-15-den-cox-olan-avtomobiller-taksi-kimi-xidmet-gostere-bilmeyecek\/","og_site_name":"MEYDAN.TV","article_published_time":"2024-03-29T08:40:17+00:00","article_modified_time":"2024-03-29T08:40:22+00:00","og_image":[{"width":1200,"height":794,"url":"https:\/\/www.meydan.tv\/wp-content\/uploads\/shutterstock_1999280993.jpg","type":"image\/jpeg"}],"author":"elli","twitter_card":"summary_large_image","twitter_creator":"@elli","schema":{"@context":"https:\/\/schema.org","@graph":[{"@type":"Article","@id":"https:\/\/www.meydan.tv\/az\/article\/yasi-15-den-cox-olan-avtomobiller-taksi-kimi-xidmet-gostere-bilmeyecek\/#article","isPartOf":{"@id":"https:\/\/www.meydan.tv\/az\/article\/yasi-15-den-cox-olan-avtomobiller-taksi-kimi-xidmet-gostere-bilmeyecek\/"},"author":{"name":"elli","@id":"https:\/\/www.meydan.tv\/az\/#\/schema\/person\/9cdbecf90d17180ce1dfbd95b08dcf47"},"headline":"Ya\u015f\u0131 15-d\u0259n \u00e7ox olan avtomobill\u0259r taksi kimi xidm\u0259t g\u00f6st\u0259r\u0259 bilm\u0259y\u0259c\u0259k","datePublished":"2024-03-29T08:40:17+00:00","dateModified":"2024-03-29T08:40:22+00:00","mainEntityOfPage":{"@id":"https:\/\/www.meydan.tv\/az\/article\/yasi-15-den-cox-olan-avtomobiller-taksi-kimi-xidmet-gostere-bilmeyecek\/"},"wordCount":476,"publisher":{"@id":"https:\/\/www.meydan.tv\/az\/#organization"},"image":{"@id":"https:\/\/www.meydan.tv\/az\/article\/yasi-15-den-cox-olan-avtomobiller-taksi-kimi-xidmet-gostere-bilmeyecek\/#primaryimage"},"thumbnailUrl":"https:\/\/www.meydan.tv\/wp-content\/uploads\/shutterstock_1999280993.jpg","articleSection":["Sosial","T\u00f6vsiy\u0259","X\u0259b\u0259rl\u0259r"],"inLanguage":"az"},{"@type":"WebPage","@id":"https:\/\/www.meydan.tv\/az\/article\/yasi-15-den-cox-olan-avtomobiller-taksi-kimi-xidmet-gostere-bilmeyecek\/","url":"https:\/\/www.meydan.tv\/az\/article\/yasi-15-den-cox-olan-avtomobiller-taksi-kimi-xidmet-gostere-bilmeyecek\/","name":"Ya\u015f\u0131 15-d\u0259n \u00e7ox olan avtomobill\u0259r taksi kimi xidm\u0259t g\u00f6st\u0259r\u0259 bilm\u0259y\u0259c\u0259k - MEYDAN.TV","isPartOf":{"@id":"https:\/\/www.meydan.tv\/az\/#website"},"primaryImageOfPage":{"@id":"https:\/\/www.meydan.tv\/az\/article\/yasi-15-den-cox-olan-avtomobiller-taksi-kimi-xidmet-gostere-bilmeyecek\/#primaryimage"},"image":{"@id":"https:\/\/www.meydan.tv\/az\/article\/yasi-15-den-cox-olan-avtomobiller-taksi-kimi-xidmet-gostere-bilmeyecek\/#primaryimage"},"thumbnailUrl":"https:\/\/www.meydan.tv\/wp-content\/uploads\/shutterstock_1999280993.jpg","datePublished":"2024-03-29T08:40:17+00:00","dateModified":"2024-03-29T08:40:22+00:00","breadcrumb":{"@id":"https:\/\/www.meydan.tv\/az\/article\/yasi-15-den-cox-olan-avtomobiller-taksi-kimi-xidmet-gostere-bilmeyecek\/#breadcrumb"},"inLanguage":"az","potentialAction":[{"@type":"ReadAction","target":["https:\/\/www.meydan.tv\/az\/article\/yasi-15-den-cox-olan-avtomobiller-taksi-kimi-xidmet-gostere-bilmeyecek\/"]}]},{"@type":"ImageObject","inLanguage":"az","@id":"https:\/\/www.meydan.tv\/az\/article\/yasi-15-den-cox-olan-avtomobiller-taksi-kimi-xidmet-gostere-bilmeyecek\/#primaryimage","url":"https:\/\/www.meydan.tv\/wp-content\/uploads\/shutterstock_1999280993.jpg","contentUrl":"https:\/\/www.meydan.tv\/wp-content\/uploads\/shutterstock_1999280993.jpg","width":1200,"height":794,"caption":"Taksi. Foto: natatravel\/shutterstock"},{"@type":"BreadcrumbList","@id":"https:\/\/www.meydan.tv\/az\/article\/yasi-15-den-cox-olan-avtomobiller-taksi-kimi-xidmet-gostere-bilmeyecek\/#breadcrumb","itemListElement":[{"@type":"ListItem","position":1,"name":"Ana s\u0259hif\u0259","item":"https:\/\/www.meydan.tv\/az\/"},{"@type":"ListItem","position":2,"name":"Sosial","item":"https:\/\/www.meydan.tv\/az\/section\/sosial\/"},{"@type":"ListItem","position":3,"name":"Ya\u015f\u0131 15-d\u0259n \u00e7ox olan avtomobill\u0259r taksi kimi xidm\u0259t g\u00f6st\u0259r\u0259 bilm\u0259y\u0259c\u0259k"}]},{"@type":"WebSite","@id":"https:\/\/www.meydan.tv\/az\/#website","url":"https:\/\/www.meydan.tv\/az\/","name":"MEYDAN.TV","description":"Meydan TV Az\u0259rbaycan\u0131n media m\u0259kan\u0131ndak\u0131 alternativ s\u0259sidir","publisher":{"@id":"https:\/\/www.meydan.tv\/az\/#organization"},"potentialAction":[{"@type":"SearchAction","target":{"@type":"EntryPoint","urlTemplate":"https:\/\/www.meydan.tv\/az\/?s={search_term_string}"},"query-input":{"@type":"PropertyValueSpecification","valueRequired":true,"valueName":"search_term_string"}}],"inLanguage":"az"},{"@type":"Organization","@id":"https:\/\/www.meydan.tv\/az\/#organization","name":"Meydan TV","url":"https:\/\/www.meydan.tv\/az\/","logo":{"@type":"ImageObject","inLanguage":"az","@id":"https:\/\/www.meydan.tv\/az\/#\/schema\/logo\/image\/","url":"https:\/\/www.meydan.tv\/wp-content\/uploads\/2021\/07\/meydan-logo.svg","contentUrl":"https:\/\/www.meydan.tv\/wp-content\/uploads\/2021\/07\/meydan-logo.svg","width":195,"height":46,"caption":"Meydan TV"},"image":{"@id":"https:\/\/www.meydan.tv\/az\/#\/schema\/logo\/image\/"}},{"@type":"Person","@id":"https:\/\/www.meydan.tv\/az\/#\/schema\/person\/9cdbecf90d17180ce1dfbd95b08dcf47","name":"elli","sameAs":["https:\/\/x.com\/elli"]}]}},"_links":{"self":[{"href":"https:\/\/www.meydan.tv\/az\/wp-json\/wp\/v2\/posts\/302225","targetHints":{"allow":["GET"]}}],"collection":[{"href":"https:\/\/www.meydan.tv\/az\/wp-json\/wp\/v2\/posts"}],"about":[{"href":"https:\/\/www.meydan.tv\/az\/wp-json\/wp\/v2\/types\/post"}],"author":[{"embeddable":true,"href":"https:\/\/www.meydan.tv\/az\/wp-json\/wp\/v2\/users\/8"}],"replies":[{"embeddable":true,"href":"https:\/\/www.meydan.tv\/az\/wp-json\/wp\/v2\/comments?post=302225"}],"version-history":[{"count":1,"href":"https:\/\/www.meydan.tv\/az\/wp-json\/wp\/v2\/posts\/302225\/revisions"}],"predecessor-version":[{"id":302227,"href":"https:\/\/www.meydan.tv\/az\/wp-json\/wp\/v2\/posts\/302225\/revisions\/302227"}],"wp:featuredmedia":[{"embeddable":true,"href":"https:\/\/www.meydan.tv\/az\/wp-json\/wp\/v2\/media\/277290"}],"wp:attachment":[{"href":"https:\/\/www.meydan.tv\/az\/wp-json\/wp\/v2\/media?parent=302225"}],"wp:term":[{"taxonomy":"category","embeddable":true,"href":"https:\/\/www.meydan.tv\/az\/wp-json\/wp\/v2\/categories?post=302225"},{"taxonomy":"post_tag","embeddable":true,"href":"https:\/\/www.meydan.tv\/az\/wp-json\/wp\/v2\/tags?post=302225"}],"curies":[{"name":"wp","href":"https:\/\/api.w.org\/{rel}","templated":true}]}}