{"id":302186,"date":"2024-03-28T18:07:38","date_gmt":"2024-03-28T14:07:38","guid":{"rendered":"https:\/\/www.meydan.tv\/?p=302186"},"modified":"2024-03-31T22:03:36","modified_gmt":"2024-03-31T18:03:36","slug":"terter-sakini-balami-elimden-aliblar-hec-olmasa-balasiyla-isleri-olmasin","status":"publish","type":"post","link":"https:\/\/www.meydan.tv\/az\/article\/terter-sakini-balami-elimden-aliblar-hec-olmasa-balasiyla-isleri-olmasin\/","title":{"rendered":"T\u0259rt\u0259r sakini: \u201cBalam\u0131 \u0259limd\u0259n al\u0131blar, he\u00e7 olmasa, balas\u0131yla i\u015fl\u0259ri olmas\u0131n\u201d"},"content":{"rendered":"\n<p><\/p>\n\n\n\n<p><strong><em>V\u0259kil: \u201cU\u015fa\u011f\u0131n m\u0259nafeyi \u00fcst\u00fcn tutulmaqla komissiya r\u0259y verm\u0259lidir ki&#8230;\u201d<\/em><\/strong><\/p>\n\n\n\n<p>T\u0259rt\u0259r sakini Z\u00fclfiyy\u0259 M\u0259h\u0259rr\u0259mova Meydan TV-y\u0259 deyir ki, bir il \u00f6nc\u0259 itirdiyi g\u0259nc q\u0131z\u0131ndan ona yadigar qalan n\u0259v\u0259sini \u0259lind\u0259n almaq ist\u0259yirl\u0259r.<\/p>\n\n\n\n<p>Bununla ba\u011fl\u0131 haz\u0131rda T\u0259rt\u0259r Rayon M\u0259hk\u0259m\u0259sind\u0259 \u00e7\u0259ki\u015fm\u0259 gedir.<\/p>\n\n\n\n<p><em><strong>\u201cLeylam\u0131n iyini ondan al\u0131ram\u201d<\/strong><\/em><\/p>\n\n\n\n<p>20 ya\u015fl\u0131 Leyla M\u0259h\u0259rr\u0259mova 2023-c\u00fc il may\u0131n 4-d\u0259 valideynl\u0259rinin ya\u015fad\u0131\u011f\u0131 evin h\u0259y\u0259tind\u0259 q\u0259tl\u0259 yetirilib.<\/p>\n\n\n\n<p>Onu \u00f6ld\u00fcrm\u0259kd\u0259 ittiham olunan \u0259ri Sahib \u018flizad\u0259 h\u0259bsd\u0259dir.<\/p>\n\n\n\n<p>24 ya\u015fl\u0131 Sahib \u018flizad\u0259 hadis\u0259d\u0259n sonra T\u0259rt\u0259r rayon Polis \u015e\u00f6b\u0259sin\u0259 ged\u0259r\u0259k, t\u0259slim olub. Haz\u0131rda onun i\u015fin\u0259 G\u0259nc\u0259 A\u011f\u0131r Cinay\u0259tl\u0259r M\u0259hk\u0259m\u0259sind\u0259 bax\u0131l\u0131r.<\/p>\n\n\n\n<p>Onlar\u0131n birg\u0259 nikahdan 2021-ci il t\u0259v\u0259ll\u00fcdl\u00fc bir o\u011flu var. U\u015faq hadis\u0259d\u0259n sonra anas\u0131n\u0131n valideynl\u0259rinin yan\u0131ndad\u0131r.<\/p>\n\n\n\n<p>Sahib \u018flizad\u0259nin atas\u0131 Seymur \u018fliyev u\u015fa\u011f\u0131n onlar\u0131n himay\u0259sin\u0259 verilm\u0259si \u00fc\u00e7\u00fcn m\u0259hk\u0259m\u0259d\u0259 iddia qald\u0131r\u0131b.<\/p>\n\n\n\n<p>O bildirir ki, n\u0259v\u0259sini g\u00f6r\u0259 bilmirl\u0259r, u\u015fa\u011f\u0131n onlar\u0131n himay\u0259sind\u0259 qay\u011f\u0131 v\u0259 sevgi il\u0259 b\u00f6y\u00fcm\u0259si m\u0259qs\u0259d\u0259uy\u011fundur.<\/p>\n\n\n\n<p>Z\u00fclfiyy\u0259 M\u0259h\u0259rr\u0259mova is\u0259 buna etiraz edir:<\/p>\n\n\n\n<p>\u201c<em>20 ya\u015f\u0131nda balam\u0131 \u0259limd\u0259n ald\u0131lar, indi d\u0259 balas\u0131n\u0131 almaq ist\u0259yirl\u0259r. M\u0259n o u\u015faqla n\u0259f\u0259s al\u0131ram. Leylam\u0131n iyini ondan al\u0131ram. M\u0259n el\u0259 bir ail\u0259y\u0259 u\u015faq ver\u0259 bilm\u0259r\u0259m&#8230;\u201d<\/em><\/p>\n\n\n\n<p><strong>Q\u0259yyumluq v\u0259 Himay\u0259\u00e7ilik Komissiyas\u0131 n\u0259 deyir?<\/strong><\/p>\n\n\n\n<p>T\u0259rt\u0259r Rayon \u0130cra Hakimiyy\u0259tinin Q\u0259yyumluq v\u0259 Himay\u0259\u00e7ilik Komissiyas\u0131 2 ya\u015f yar\u0131ml\u0131q H\u00fcseynin hans\u0131 n\u0259n\u0259-babas\u0131n\u0131n yan\u0131nda qalmas\u0131yla ba\u011fl\u0131 ara\u015fd\u0131rma apar\u0131b v\u0259 r\u0259y verib.<\/p>\n\n\n\n<p>R\u0259y \u018fliyevl\u0259r ail\u0259sinin xeyrin\u0259 olub.<\/p>\n\n\n\n<p>Komissiya bel\u0259 n\u0259tic\u0259y\u0259 g\u0259lib ki, u\u015fa\u011f\u0131n m\u0259nafeyi bax\u0131m\u0131ndan onun atas\u0131n\u0131n valideynl\u0259rinin yan\u0131nda qalmas\u0131 m\u0259qs\u0259d\u0259uy\u011fundur. M\u0259hk\u0259m\u0259y\u0259 d\u0259 bu r\u0259y t\u0259qdim olunub.<\/p>\n\n\n\n<p>Z\u00fclfiyy\u0259 M\u0259h\u0259rr\u0259mova bu r\u0259yi qeyri-obyektiv hesab edir. O, el\u0259c\u0259 d\u0259 h\u0259yat yolda\u015f\u0131 Vidadi M\u0259h\u0259rr\u0259mov T\u0259rt\u0259r rayon \u0130cra Hakimiyy\u0259tinin binas\u0131 qar\u015f\u0131s\u0131nda aksiya ke\u00e7ir\u0259r\u0259k, bel\u0259 r\u0259y verilm\u0259sin\u0259 etiraz edibl\u0259r.<\/p>\n\n\n<div class=\"wp-block-image\">\n<figure class=\"alignleft size-full is-resized\"><img decoding=\"async\" width=\"795\" height=\"819\" data-src=\"https:\/\/www.meydan.tv\/wp-content\/uploads\/2-2.jpeg\" alt=\"\" class=\"wp-image-302187 lazyload\" style=\"--smush-placeholder-width: 795px; --smush-placeholder-aspect-ratio: 795\/819;width:355px;height:auto\" src=\"data:image\/svg+xml;base64,PHN2ZyB3aWR0aD0iMSIgaGVpZ2h0PSIxIiB4bWxucz0iaHR0cDovL3d3dy53My5vcmcvMjAwMC9zdmciPjwvc3ZnPg==\" \/><figcaption class=\"wp-element-caption\">Z\u00fclfiyy\u0259 M\u0259h\u0259rr\u0259mova<\/figcaption><\/figure>\n<\/div>\n\n\n<p>\u201c<em>Komissiya bel\u0259 bir r\u0259yi nec\u0259 ver\u0259 bil\u0259rdi? Bu adamlar\u0131n o\u011flu g\u0259lib evimd\u0259 q\u0131z\u0131m\u0131 \u00f6ld\u00fcr\u00fcb. Bel\u0259 bir ail\u0259y\u0259 u\u015faq verilm\u0259sini nec\u0259 m\u0259qs\u0259d\u0259uy\u011fun hesab oluna bil\u0259r? Balam\u0131 \u0259limd\u0259n al\u0131blar. He\u00e7 olmasa, onun balas\u0131yla i\u015fl\u0259ri olmas\u0131n&#8230;\u201d,<\/em> &#8211; Z\u00fclfiyy\u0259 M\u0259h\u0259rr\u0259mova yenid\u0259n r\u0259y verilm\u0259sini t\u0259l\u0259b edir.<\/p>\n\n\n\n<p>Sahib \u018flizad\u0259 Cinay\u0259t M\u0259c\u0259ll\u0259sinin 120.1 (q\u0259sd\u0259n adam \u00f6ld\u00fcrm\u0259) madd\u0259sil\u0259 m\u00fchakim\u0259 olunur.<\/p>\n\n\n\n<p>Bu madd\u0259nin sanksiyas\u0131nda 9 ild\u0259n 14 il\u0259 q\u0259d\u0259r azadl\u0131qdan m\u0259hrumetm\u0259 c\u0259zas\u0131 n\u0259z\u0259rd\u0259 tutulub.<\/p>\n\n\n\n<p>M\u0259h\u0259rr\u0259movlar ail\u0259si ona veril\u0259n ittiham\u0131n a\u011f\u0131rla\u015fd\u0131r\u0131lmas\u0131n\u0131 t\u0259l\u0259b edir. Deyirl\u0259r ki, Leyla M\u0259h\u0259rr\u0259mova bo\u015fanmaq ist\u0259diyin\u0259 g\u00f6r\u0259 \u0259ri onu x\u00fcsusi amans\u0131zl\u0131qla q\u0259tl\u0259 yetirib.<\/p>\n\n\n\n<p>Onlar ist\u0259yir ki, Sahib \u018flizad\u0259y\u0259 Cinay\u0259t M\u0259c\u0259ll\u0259sinin 120.2.4 (x\u00fcsusi amans\u0131zl\u0131qla v\u0259 ya \u00fcmumi t\u0259hl\u00fck\u0259li \u00fcsulla adam \u00f6ld\u00fcrm\u0259) madd\u0259sil\u0259 ittiham verilsin. Bu madd\u0259nin sanksiyas\u0131nda 14 ild\u0259n 20 il\u0259 q\u0259d\u0259r v\u0259 ya \u00f6m\u00fcrl\u00fck azadl\u0131qdan m\u0259hrumetm\u0259 c\u0259zas\u0131 n\u0259z\u0259rd\u0259 tutulub.<\/p>\n\n\n\n<p>Sahib \u018flizad\u0259 is\u0259 arvad\u0131n\u0131 ondan bo\u015fanmaq ist\u0259diyin\u0259 g\u00f6r\u0259 yox, x\u0259yan\u0259t\u0259 g\u00f6r\u0259 \u00f6ld\u00fcrd\u00fcy\u00fcn\u00fc deyir.<\/p>\n\n\n\n<p>Onun s\u00f6zl\u0259rin\u0259 g\u00f6r\u0259, bununla ba\u011fl\u0131 s\u00fcbutlar da var.<\/p>\n\n\n\n<p><strong><em>\u201c<\/em>U\u015fa\u011f\u0131n sa\u011flaml\u0131\u011f\u0131, t\u0259hsili, psixoloji durumu n\u0259z\u0259r\u0259 al\u0131nmal\u0131d\u0131r\u201d<\/strong><\/p>\n\n\n\n<p>Az\u0259rbaycanda m\u0259i\u015f\u0259t zorak\u0131l\u0131\u011f\u0131, q\u0131sqancl\u0131q z\u0259minind\u0259 ba\u015f ver\u0259n qad\u0131n q\u0259tll\u0259rinin say\u0131 h\u0259r il art\u0131r. N\u0259tic\u0259d\u0259 y\u00fczl\u0259rl\u0259 u\u015faq h\u0259m ana, h\u0259m d\u0259 ata qay\u011f\u0131s\u0131ndan m\u0259hrum olur. Bel\u0259 hallarda u\u015faqlar kimin yan\u0131nda qalmal\u0131d\u0131r? Qanunvericilik bu durumu nec\u0259 t\u0259nziml\u0259yir?<\/p>\n\n\n\n<p>V\u0259kil R\u0259\u015fad \u018fliyev deyir ki, b\u00fct\u00fcn rayonlar\u0131n icra hakimiyy\u0259tl\u0259rinin n\u0259zdind\u0259 Q\u0259yyumluq v\u0259 Himay\u0259\u00e7ilik Komissiyas\u0131 f\u0259aliyy\u0259t g\u00f6st\u0259rir.<\/p>\n\n\n\n<p>H\u0259min komissiya u\u015faqlar\u0131n sa\u011flaml\u0131\u011f\u0131, t\u0259hsili, psixoloji durumu v\u0259 s. amill\u0259ri n\u0259z\u0259r\u0259 almaqla, ara\u015fd\u0131rma apar\u0131r:<\/p>\n\n\n<div class=\"wp-block-image\">\n<figure class=\"aligncenter size-full\"><img decoding=\"async\" width=\"1200\" height=\"675\" data-src=\"https:\/\/www.meydan.tv\/wp-content\/uploads\/terter-3.jpg\" alt=\"\" class=\"wp-image-302183 lazyload\" src=\"data:image\/svg+xml;base64,PHN2ZyB3aWR0aD0iMSIgaGVpZ2h0PSIxIiB4bWxucz0iaHR0cDovL3d3dy53My5vcmcvMjAwMC9zdmciPjwvc3ZnPg==\" style=\"--smush-placeholder-width: 1200px; --smush-placeholder-aspect-ratio: 1200\/675;\" \/><figcaption class=\"wp-element-caption\">T\u0259rt\u0259r Rayon M\u0259hk\u0259m\u0259si. Foto: Meydan TV<\/figcaption><\/figure>\n<\/div>\n\n\n<p>\u201c<em>U\u015fa\u011f\u0131n m\u0259nafeyi \u00fcst\u00fcn tutulmaqla, komissiya r\u0259y verir ki, u\u015fa\u011f\u0131n harada qalmas\u0131 m\u0259qs\u0259d\u0259uy\u011fundur. Bu komissiya u\u015fa\u011f\u0131n qohumlar\u0131n\u0131n m\u00fcraci\u0259ti \u0259sas\u0131nda da r\u0259y ver\u0259 bil\u0259r, \u00f6z t\u0259\u015f\u0259bb\u00fcs\u00fcyl\u0259 d\u0259. U\u015fa\u011f\u0131n valideyn himay\u0259sind\u0259n m\u0259hrum olmas\u0131 haqda komissiyaya m\u0259lumat daxil olan kimi, ona q\u0259yyum v\u0259 ya himay\u0259\u00e7i t\u0259yin olunmas\u0131 \u00fc\u00e7\u00fcn add\u0131mlar at\u0131lmal\u0131d\u0131r. 14 ya\u015f\u0131na q\u0259d\u0259r u\u015faqlara q\u0259yyum t\u0259yin olunur. 14 ya\u015fdan 18 ya\u015fa q\u0259d\u0259r himay\u0259\u00e7i. U\u015faqla ba\u011fl\u0131 qohumlar aras\u0131nda m\u00fcbahis\u0259 m\u0259hk\u0259m\u0259 m\u00fcst\u0259visin\u0259 \u00e7\u0131xanda m\u0259hk\u0259m\u0259 d\u0259 r\u0259y \u00fc\u00e7\u00fcn Q\u0259yyumluq v\u0259 Himay\u0259\u00e7ilik Komissiyas\u0131na m\u00fcraci\u0259t ed\u0259 bil\u0259r\u201d<\/em>.<\/p>\n\n\n\n<p>V\u0259kil \u0259lav\u0259 edib ki, ist\u0259r komissiya, ist\u0259rs\u0259 d\u0259 m\u0259hk\u0259m\u0259 7 ya\u015f\u0131na \u00e7atm\u0131\u015f u\u015fa\u011f\u0131n fikrini soru\u015fa v\u0259 n\u0259z\u0259r\u0259 ala bil\u0259r.<\/p>\n\n\n\n<p>10 ya\u015f v\u0259 daha yuxar\u0131 u\u015faqlarda is\u0259 onlar\u0131n fikri m\u00fctl\u0259q \u00f6yr\u0259nilm\u0259li v\u0259 n\u0259z\u0259r\u0259 al\u0131nmal\u0131d\u0131r.<\/p>\n\n\n\n<p>\u201c<em>T\u0259kc\u0259 \u00f6l\u00fcm, h\u0259bs hallar\u0131nda yox, bo\u015fanma zaman\u0131 da b\u0259z\u0259n komissiyan\u0131n r\u0259yin\u0259 ehtiyac duyulur. M\u0259s\u0259l\u0259n, valideynin h\u0259r ikisi u\u015fa\u011f\u0131n onun yan\u0131nda qalmas\u0131nda israrl\u0131 olursa, bu halda, komissiya ara\u015fd\u0131r\u0131b r\u0259y verir ki, harada qalmas\u0131 m\u0259qs\u0259d\u0259uy\u011fundur\u201d, <\/em>&#8211; R\u0259\u015fad \u018fliyev bildirib.<\/p>\n","protected":false},"excerpt":{"rendered":"<p>V\u0259kil: \u201cU\u015fa\u011f\u0131n m\u0259nafeyi \u00fcst\u00fcn tutulmaqla komissiya r\u0259y verm\u0259lidir ki&#8230;\u201d T\u0259rt\u0259r &#8230; <\/p>\n<p class=\"read-more-container\"><a title=\"T\u0259rt\u0259r sakini: \u201cBalam\u0131 \u0259limd\u0259n al\u0131blar, he\u00e7 olmasa, balas\u0131yla i\u015fl\u0259ri olmas\u0131n\u201d\" class=\"read-more button\" href=\"https:\/\/www.meydan.tv\/az\/article\/terter-sakini-balami-elimden-aliblar-hec-olmasa-balasiyla-isleri-olmasin\/#more-302186\" aria-label=\"Read more about T\u0259rt\u0259r sakini: \u201cBalam\u0131 \u0259limd\u0259n al\u0131blar, he\u00e7 olmasa, balas\u0131yla i\u015fl\u0259ri olmas\u0131n\u201d\">Davam\u0131<\/a><\/p>\n","protected":false},"author":8,"featured_media":302180,"comment_status":"closed","ping_status":"closed","sticky":false,"template":"","format":"standard","meta":{"_acf_changed":false,"_sitemap_exclude":false,"_sitemap_priority":"","_sitemap_frequency":"","footnotes":""},"categories":[60,79,56],"tags":[],"class_list":["post-302186","post","type-post","status-publish","format-standard","has-post-thumbnail","hentry","category-bolge","category-featured","category-xeberler","infinite-scroll-item","generate-columns","tablet-grid-50","mobile-grid-100","grid-parent","grid-33","no-featured-image-padding"],"acf":[],"yoast_head":"<!-- This site is optimized with the Yoast SEO plugin v27.4 - https:\/\/yoast.com\/product\/yoast-seo-wordpress\/ -->\n<title>T\u0259rt\u0259r sakini: \u201cBalam\u0131 \u0259limd\u0259n al\u0131blar, he\u00e7 olmasa, balas\u0131yla i\u015fl\u0259ri olmas\u0131n\u201d - MEYDAN.TV<\/title>\n<meta name=\"robots\" content=\"index, follow, max-snippet:-1, max-image-preview:large, max-video-preview:-1\" \/>\n<link rel=\"canonical\" href=\"https:\/\/www.meydan.tv\/az\/article\/terter-sakini-balami-elimden-aliblar-hec-olmasa-balasiyla-isleri-olmasin\/\" \/>\n<meta property=\"og:locale\" content=\"az_AZ\" \/>\n<meta property=\"og:type\" content=\"article\" \/>\n<meta property=\"og:title\" content=\"T\u0259rt\u0259r sakini: \u201cBalam\u0131 \u0259limd\u0259n al\u0131blar, he\u00e7 olmasa, balas\u0131yla i\u015fl\u0259ri olmas\u0131n\u201d - MEYDAN.TV\" \/>\n<meta property=\"og:description\" content=\"V\u0259kil: \u201cU\u015fa\u011f\u0131n m\u0259nafeyi \u00fcst\u00fcn tutulmaqla komissiya r\u0259y verm\u0259lidir ki&#8230;\u201d T\u0259rt\u0259r ... Davam\u0131\" \/>\n<meta property=\"og:url\" content=\"https:\/\/www.meydan.tv\/az\/article\/terter-sakini-balami-elimden-aliblar-hec-olmasa-balasiyla-isleri-olmasin\/\" \/>\n<meta property=\"og:site_name\" content=\"MEYDAN.TV\" \/>\n<meta property=\"article:published_time\" content=\"2024-03-28T14:07:38+00:00\" \/>\n<meta property=\"article:modified_time\" content=\"2024-03-31T18:03:36+00:00\" \/>\n<meta property=\"og:image\" content=\"https:\/\/www.meydan.tv\/wp-content\/uploads\/1-55.jpg\" \/>\n\t<meta property=\"og:image:width\" content=\"1200\" \/>\n\t<meta property=\"og:image:height\" content=\"667\" \/>\n\t<meta property=\"og:image:type\" content=\"image\/jpeg\" \/>\n<meta name=\"author\" content=\"elli\" \/>\n<meta name=\"twitter:card\" content=\"summary_large_image\" \/>\n<meta name=\"twitter:creator\" content=\"@elli\" \/>\n<script type=\"application\/ld+json\" class=\"yoast-schema-graph\">{\"@context\":\"https:\\\/\\\/schema.org\",\"@graph\":[{\"@type\":\"Article\",\"@id\":\"https:\\\/\\\/www.meydan.tv\\\/az\\\/article\\\/terter-sakini-balami-elimden-aliblar-hec-olmasa-balasiyla-isleri-olmasin\\\/#article\",\"isPartOf\":{\"@id\":\"https:\\\/\\\/www.meydan.tv\\\/az\\\/article\\\/terter-sakini-balami-elimden-aliblar-hec-olmasa-balasiyla-isleri-olmasin\\\/\"},\"author\":{\"name\":\"elli\",\"@id\":\"https:\\\/\\\/www.meydan.tv\\\/az\\\/#\\\/schema\\\/person\\\/9cdbecf90d17180ce1dfbd95b08dcf47\"},\"headline\":\"T\u0259rt\u0259r sakini: \u201cBalam\u0131 \u0259limd\u0259n al\u0131blar, he\u00e7 olmasa, balas\u0131yla i\u015fl\u0259ri olmas\u0131n\u201d\",\"datePublished\":\"2024-03-28T14:07:38+00:00\",\"dateModified\":\"2024-03-31T18:03:36+00:00\",\"mainEntityOfPage\":{\"@id\":\"https:\\\/\\\/www.meydan.tv\\\/az\\\/article\\\/terter-sakini-balami-elimden-aliblar-hec-olmasa-balasiyla-isleri-olmasin\\\/\"},\"wordCount\":1107,\"publisher\":{\"@id\":\"https:\\\/\\\/www.meydan.tv\\\/az\\\/#organization\"},\"image\":{\"@id\":\"https:\\\/\\\/www.meydan.tv\\\/az\\\/article\\\/terter-sakini-balami-elimden-aliblar-hec-olmasa-balasiyla-isleri-olmasin\\\/#primaryimage\"},\"thumbnailUrl\":\"https:\\\/\\\/www.meydan.tv\\\/wp-content\\\/uploads\\\/1-55.jpg\",\"articleSection\":[\"B\u00f6lg\u0259\",\"T\u00f6vsiy\u0259\",\"X\u0259b\u0259rl\u0259r\"],\"inLanguage\":\"az\"},{\"@type\":\"WebPage\",\"@id\":\"https:\\\/\\\/www.meydan.tv\\\/az\\\/article\\\/terter-sakini-balami-elimden-aliblar-hec-olmasa-balasiyla-isleri-olmasin\\\/\",\"url\":\"https:\\\/\\\/www.meydan.tv\\\/az\\\/article\\\/terter-sakini-balami-elimden-aliblar-hec-olmasa-balasiyla-isleri-olmasin\\\/\",\"name\":\"T\u0259rt\u0259r sakini: \u201cBalam\u0131 \u0259limd\u0259n al\u0131blar, he\u00e7 olmasa, balas\u0131yla i\u015fl\u0259ri olmas\u0131n\u201d - MEYDAN.TV\",\"isPartOf\":{\"@id\":\"https:\\\/\\\/www.meydan.tv\\\/az\\\/#website\"},\"primaryImageOfPage\":{\"@id\":\"https:\\\/\\\/www.meydan.tv\\\/az\\\/article\\\/terter-sakini-balami-elimden-aliblar-hec-olmasa-balasiyla-isleri-olmasin\\\/#primaryimage\"},\"image\":{\"@id\":\"https:\\\/\\\/www.meydan.tv\\\/az\\\/article\\\/terter-sakini-balami-elimden-aliblar-hec-olmasa-balasiyla-isleri-olmasin\\\/#primaryimage\"},\"thumbnailUrl\":\"https:\\\/\\\/www.meydan.tv\\\/wp-content\\\/uploads\\\/1-55.jpg\",\"datePublished\":\"2024-03-28T14:07:38+00:00\",\"dateModified\":\"2024-03-31T18:03:36+00:00\",\"breadcrumb\":{\"@id\":\"https:\\\/\\\/www.meydan.tv\\\/az\\\/article\\\/terter-sakini-balami-elimden-aliblar-hec-olmasa-balasiyla-isleri-olmasin\\\/#breadcrumb\"},\"inLanguage\":\"az\",\"potentialAction\":[{\"@type\":\"ReadAction\",\"target\":[\"https:\\\/\\\/www.meydan.tv\\\/az\\\/article\\\/terter-sakini-balami-elimden-aliblar-hec-olmasa-balasiyla-isleri-olmasin\\\/\"]}]},{\"@type\":\"ImageObject\",\"inLanguage\":\"az\",\"@id\":\"https:\\\/\\\/www.meydan.tv\\\/az\\\/article\\\/terter-sakini-balami-elimden-aliblar-hec-olmasa-balasiyla-isleri-olmasin\\\/#primaryimage\",\"url\":\"https:\\\/\\\/www.meydan.tv\\\/wp-content\\\/uploads\\\/1-55.jpg\",\"contentUrl\":\"https:\\\/\\\/www.meydan.tv\\\/wp-content\\\/uploads\\\/1-55.jpg\",\"width\":1200,\"height\":667,\"caption\":\"Z\u00fclfiyy\u0259 M\u0259h\u0259rr\u0259mova v\u0259 h\u0259yat yolda\u015f\u0131 Vidadi M\u0259h\u0259rr\u0259mov. Fotolar: Meydan TV\"},{\"@type\":\"BreadcrumbList\",\"@id\":\"https:\\\/\\\/www.meydan.tv\\\/az\\\/article\\\/terter-sakini-balami-elimden-aliblar-hec-olmasa-balasiyla-isleri-olmasin\\\/#breadcrumb\",\"itemListElement\":[{\"@type\":\"ListItem\",\"position\":1,\"name\":\"Ana s\u0259hif\u0259\",\"item\":\"https:\\\/\\\/www.meydan.tv\\\/az\\\/\"},{\"@type\":\"ListItem\",\"position\":2,\"name\":\"B\u00f6lg\u0259\",\"item\":\"https:\\\/\\\/www.meydan.tv\\\/az\\\/section\\\/bolge\\\/\"},{\"@type\":\"ListItem\",\"position\":3,\"name\":\"T\u0259rt\u0259r sakini: \u201cBalam\u0131 \u0259limd\u0259n al\u0131blar, he\u00e7 olmasa, balas\u0131yla i\u015fl\u0259ri olmas\u0131n\u201d\"}]},{\"@type\":\"WebSite\",\"@id\":\"https:\\\/\\\/www.meydan.tv\\\/az\\\/#website\",\"url\":\"https:\\\/\\\/www.meydan.tv\\\/az\\\/\",\"name\":\"MEYDAN.TV\",\"description\":\"Meydan TV Az\u0259rbaycan\u0131n media m\u0259kan\u0131ndak\u0131 alternativ s\u0259sidir\",\"publisher\":{\"@id\":\"https:\\\/\\\/www.meydan.tv\\\/az\\\/#organization\"},\"potentialAction\":[{\"@type\":\"SearchAction\",\"target\":{\"@type\":\"EntryPoint\",\"urlTemplate\":\"https:\\\/\\\/www.meydan.tv\\\/az\\\/?s={search_term_string}\"},\"query-input\":{\"@type\":\"PropertyValueSpecification\",\"valueRequired\":true,\"valueName\":\"search_term_string\"}}],\"inLanguage\":\"az\"},{\"@type\":\"Organization\",\"@id\":\"https:\\\/\\\/www.meydan.tv\\\/az\\\/#organization\",\"name\":\"Meydan TV\",\"url\":\"https:\\\/\\\/www.meydan.tv\\\/az\\\/\",\"logo\":{\"@type\":\"ImageObject\",\"inLanguage\":\"az\",\"@id\":\"https:\\\/\\\/www.meydan.tv\\\/az\\\/#\\\/schema\\\/logo\\\/image\\\/\",\"url\":\"https:\\\/\\\/www.meydan.tv\\\/wp-content\\\/uploads\\\/2021\\\/07\\\/meydan-logo.svg\",\"contentUrl\":\"https:\\\/\\\/www.meydan.tv\\\/wp-content\\\/uploads\\\/2021\\\/07\\\/meydan-logo.svg\",\"width\":195,\"height\":46,\"caption\":\"Meydan TV\"},\"image\":{\"@id\":\"https:\\\/\\\/www.meydan.tv\\\/az\\\/#\\\/schema\\\/logo\\\/image\\\/\"}},{\"@type\":\"Person\",\"@id\":\"https:\\\/\\\/www.meydan.tv\\\/az\\\/#\\\/schema\\\/person\\\/9cdbecf90d17180ce1dfbd95b08dcf47\",\"name\":\"elli\",\"sameAs\":[\"https:\\\/\\\/x.com\\\/elli\"]}]}<\/script>\n<!-- \/ Yoast SEO plugin. -->","yoast_head_json":{"title":"T\u0259rt\u0259r sakini: \u201cBalam\u0131 \u0259limd\u0259n al\u0131blar, he\u00e7 olmasa, balas\u0131yla i\u015fl\u0259ri olmas\u0131n\u201d - MEYDAN.TV","robots":{"index":"index","follow":"follow","max-snippet":"max-snippet:-1","max-image-preview":"max-image-preview:large","max-video-preview":"max-video-preview:-1"},"canonical":"https:\/\/www.meydan.tv\/az\/article\/terter-sakini-balami-elimden-aliblar-hec-olmasa-balasiyla-isleri-olmasin\/","og_locale":"az_AZ","og_type":"article","og_title":"T\u0259rt\u0259r sakini: \u201cBalam\u0131 \u0259limd\u0259n al\u0131blar, he\u00e7 olmasa, balas\u0131yla i\u015fl\u0259ri olmas\u0131n\u201d - MEYDAN.TV","og_description":"V\u0259kil: \u201cU\u015fa\u011f\u0131n m\u0259nafeyi \u00fcst\u00fcn tutulmaqla komissiya r\u0259y verm\u0259lidir ki&#8230;\u201d T\u0259rt\u0259r ... Davam\u0131","og_url":"https:\/\/www.meydan.tv\/az\/article\/terter-sakini-balami-elimden-aliblar-hec-olmasa-balasiyla-isleri-olmasin\/","og_site_name":"MEYDAN.TV","article_published_time":"2024-03-28T14:07:38+00:00","article_modified_time":"2024-03-31T18:03:36+00:00","og_image":[{"width":1200,"height":667,"url":"https:\/\/www.meydan.tv\/wp-content\/uploads\/1-55.jpg","type":"image\/jpeg"}],"author":"elli","twitter_card":"summary_large_image","twitter_creator":"@elli","schema":{"@context":"https:\/\/schema.org","@graph":[{"@type":"Article","@id":"https:\/\/www.meydan.tv\/az\/article\/terter-sakini-balami-elimden-aliblar-hec-olmasa-balasiyla-isleri-olmasin\/#article","isPartOf":{"@id":"https:\/\/www.meydan.tv\/az\/article\/terter-sakini-balami-elimden-aliblar-hec-olmasa-balasiyla-isleri-olmasin\/"},"author":{"name":"elli","@id":"https:\/\/www.meydan.tv\/az\/#\/schema\/person\/9cdbecf90d17180ce1dfbd95b08dcf47"},"headline":"T\u0259rt\u0259r sakini: \u201cBalam\u0131 \u0259limd\u0259n al\u0131blar, he\u00e7 olmasa, balas\u0131yla i\u015fl\u0259ri olmas\u0131n\u201d","datePublished":"2024-03-28T14:07:38+00:00","dateModified":"2024-03-31T18:03:36+00:00","mainEntityOfPage":{"@id":"https:\/\/www.meydan.tv\/az\/article\/terter-sakini-balami-elimden-aliblar-hec-olmasa-balasiyla-isleri-olmasin\/"},"wordCount":1107,"publisher":{"@id":"https:\/\/www.meydan.tv\/az\/#organization"},"image":{"@id":"https:\/\/www.meydan.tv\/az\/article\/terter-sakini-balami-elimden-aliblar-hec-olmasa-balasiyla-isleri-olmasin\/#primaryimage"},"thumbnailUrl":"https:\/\/www.meydan.tv\/wp-content\/uploads\/1-55.jpg","articleSection":["B\u00f6lg\u0259","T\u00f6vsiy\u0259","X\u0259b\u0259rl\u0259r"],"inLanguage":"az"},{"@type":"WebPage","@id":"https:\/\/www.meydan.tv\/az\/article\/terter-sakini-balami-elimden-aliblar-hec-olmasa-balasiyla-isleri-olmasin\/","url":"https:\/\/www.meydan.tv\/az\/article\/terter-sakini-balami-elimden-aliblar-hec-olmasa-balasiyla-isleri-olmasin\/","name":"T\u0259rt\u0259r sakini: \u201cBalam\u0131 \u0259limd\u0259n al\u0131blar, he\u00e7 olmasa, balas\u0131yla i\u015fl\u0259ri olmas\u0131n\u201d - MEYDAN.TV","isPartOf":{"@id":"https:\/\/www.meydan.tv\/az\/#website"},"primaryImageOfPage":{"@id":"https:\/\/www.meydan.tv\/az\/article\/terter-sakini-balami-elimden-aliblar-hec-olmasa-balasiyla-isleri-olmasin\/#primaryimage"},"image":{"@id":"https:\/\/www.meydan.tv\/az\/article\/terter-sakini-balami-elimden-aliblar-hec-olmasa-balasiyla-isleri-olmasin\/#primaryimage"},"thumbnailUrl":"https:\/\/www.meydan.tv\/wp-content\/uploads\/1-55.jpg","datePublished":"2024-03-28T14:07:38+00:00","dateModified":"2024-03-31T18:03:36+00:00","breadcrumb":{"@id":"https:\/\/www.meydan.tv\/az\/article\/terter-sakini-balami-elimden-aliblar-hec-olmasa-balasiyla-isleri-olmasin\/#breadcrumb"},"inLanguage":"az","potentialAction":[{"@type":"ReadAction","target":["https:\/\/www.meydan.tv\/az\/article\/terter-sakini-balami-elimden-aliblar-hec-olmasa-balasiyla-isleri-olmasin\/"]}]},{"@type":"ImageObject","inLanguage":"az","@id":"https:\/\/www.meydan.tv\/az\/article\/terter-sakini-balami-elimden-aliblar-hec-olmasa-balasiyla-isleri-olmasin\/#primaryimage","url":"https:\/\/www.meydan.tv\/wp-content\/uploads\/1-55.jpg","contentUrl":"https:\/\/www.meydan.tv\/wp-content\/uploads\/1-55.jpg","width":1200,"height":667,"caption":"Z\u00fclfiyy\u0259 M\u0259h\u0259rr\u0259mova v\u0259 h\u0259yat yolda\u015f\u0131 Vidadi M\u0259h\u0259rr\u0259mov. Fotolar: Meydan TV"},{"@type":"BreadcrumbList","@id":"https:\/\/www.meydan.tv\/az\/article\/terter-sakini-balami-elimden-aliblar-hec-olmasa-balasiyla-isleri-olmasin\/#breadcrumb","itemListElement":[{"@type":"ListItem","position":1,"name":"Ana s\u0259hif\u0259","item":"https:\/\/www.meydan.tv\/az\/"},{"@type":"ListItem","position":2,"name":"B\u00f6lg\u0259","item":"https:\/\/www.meydan.tv\/az\/section\/bolge\/"},{"@type":"ListItem","position":3,"name":"T\u0259rt\u0259r sakini: \u201cBalam\u0131 \u0259limd\u0259n al\u0131blar, he\u00e7 olmasa, balas\u0131yla i\u015fl\u0259ri olmas\u0131n\u201d"}]},{"@type":"WebSite","@id":"https:\/\/www.meydan.tv\/az\/#website","url":"https:\/\/www.meydan.tv\/az\/","name":"MEYDAN.TV","description":"Meydan TV Az\u0259rbaycan\u0131n media m\u0259kan\u0131ndak\u0131 alternativ s\u0259sidir","publisher":{"@id":"https:\/\/www.meydan.tv\/az\/#organization"},"potentialAction":[{"@type":"SearchAction","target":{"@type":"EntryPoint","urlTemplate":"https:\/\/www.meydan.tv\/az\/?s={search_term_string}"},"query-input":{"@type":"PropertyValueSpecification","valueRequired":true,"valueName":"search_term_string"}}],"inLanguage":"az"},{"@type":"Organization","@id":"https:\/\/www.meydan.tv\/az\/#organization","name":"Meydan TV","url":"https:\/\/www.meydan.tv\/az\/","logo":{"@type":"ImageObject","inLanguage":"az","@id":"https:\/\/www.meydan.tv\/az\/#\/schema\/logo\/image\/","url":"https:\/\/www.meydan.tv\/wp-content\/uploads\/2021\/07\/meydan-logo.svg","contentUrl":"https:\/\/www.meydan.tv\/wp-content\/uploads\/2021\/07\/meydan-logo.svg","width":195,"height":46,"caption":"Meydan TV"},"image":{"@id":"https:\/\/www.meydan.tv\/az\/#\/schema\/logo\/image\/"}},{"@type":"Person","@id":"https:\/\/www.meydan.tv\/az\/#\/schema\/person\/9cdbecf90d17180ce1dfbd95b08dcf47","name":"elli","sameAs":["https:\/\/x.com\/elli"]}]}},"_links":{"self":[{"href":"https:\/\/www.meydan.tv\/az\/wp-json\/wp\/v2\/posts\/302186","targetHints":{"allow":["GET"]}}],"collection":[{"href":"https:\/\/www.meydan.tv\/az\/wp-json\/wp\/v2\/posts"}],"about":[{"href":"https:\/\/www.meydan.tv\/az\/wp-json\/wp\/v2\/types\/post"}],"author":[{"embeddable":true,"href":"https:\/\/www.meydan.tv\/az\/wp-json\/wp\/v2\/users\/8"}],"replies":[{"embeddable":true,"href":"https:\/\/www.meydan.tv\/az\/wp-json\/wp\/v2\/comments?post=302186"}],"version-history":[{"count":3,"href":"https:\/\/www.meydan.tv\/az\/wp-json\/wp\/v2\/posts\/302186\/revisions"}],"predecessor-version":[{"id":302400,"href":"https:\/\/www.meydan.tv\/az\/wp-json\/wp\/v2\/posts\/302186\/revisions\/302400"}],"wp:featuredmedia":[{"embeddable":true,"href":"https:\/\/www.meydan.tv\/az\/wp-json\/wp\/v2\/media\/302180"}],"wp:attachment":[{"href":"https:\/\/www.meydan.tv\/az\/wp-json\/wp\/v2\/media?parent=302186"}],"wp:term":[{"taxonomy":"category","embeddable":true,"href":"https:\/\/www.meydan.tv\/az\/wp-json\/wp\/v2\/categories?post=302186"},{"taxonomy":"post_tag","embeddable":true,"href":"https:\/\/www.meydan.tv\/az\/wp-json\/wp\/v2\/tags?post=302186"}],"curies":[{"name":"wp","href":"https:\/\/api.w.org\/{rel}","templated":true}]}}