{"id":302164,"date":"2024-03-28T16:45:55","date_gmt":"2024-03-28T12:45:55","guid":{"rendered":"https:\/\/www.meydan.tv\/?p=302164"},"modified":"2024-03-28T18:10:52","modified_gmt":"2024-03-28T14:10:52","slug":"lenkeranda-bir-nece-kendin-sakinleri-yolsuzluqdan-eziyyet-cekir","status":"publish","type":"post","link":"https:\/\/www.meydan.tv\/az\/article\/lenkeranda-bir-nece-kendin-sakinleri-yolsuzluqdan-eziyyet-cekir\/","title":{"rendered":"L\u0259nk\u0259randa bir ne\u00e7\u0259 k\u0259ndin sakinl\u0259ri yolsuzluqdan \u0259ziyy\u0259t \u00e7\u0259kir"},"content":{"rendered":"\n<p><\/p>\n\n\n\n<p><strong><em>\u201cX\u00fcsusil\u0259 ya\u011f\u0131\u015fl\u0131 havalarda k\u0259ndl\u0259r\u0259 ma\u015f\u0131n i\u015fl\u0259mir\u201d<\/em><\/strong><\/p>\n\n\n\n<p>L\u0259nk\u0259ran\u0131n G\u0259giran, T\u00fck\u0259vil\u0259, Diryan v\u0259 daha bir ne\u00e7\u0259 k\u0259ndi birl\u0259\u015fdir\u0259n yol s\u0131radan \u00e7\u0131x\u0131b. K\u0259ndlil\u0259r deyirl\u0259r ki, ill\u0259rdir yol problemind\u0259n \u0259ziyy\u0259t \u00e7\u0259kirl\u0259r. M\u0259hz yola g\u00f6r\u0259 k\u0259ndd\u0259n rayon m\u0259rk\u0259zin\u0259, Bak\u0131ya k\u00f6\u00e7\u0259nl\u0259r var.<\/p>\n\n\n\n<p>K\u0259nd sakini \u0130mran Axundov Meydan TV-y\u0259 dan\u0131\u015f\u0131b ki, yol olmad\u0131\u011f\u0131ndan t\u0259cili yard\u0131m k\u0259ndl\u0259r\u0259 qalxa bilmir:<\/p>\n\n\n\n<p><em>\u201cTaksi 2-3 d\u0259f\u0259 baha apar\u0131r. X\u00fcsusil\u0259 ya\u011f\u0131\u015fl\u0131 havalarda k\u0259ndl\u0259r\u0259 ma\u015f\u0131n i\u015fl\u0259mir. \u00c7\u00fcnki yol o q\u0259d\u0259r k\u0259l\u0259-k\u00f6t\u00fcr v\u0259 \u00e7uxurlarla doludur ki, avtomobill\u0259r s\u0131radan \u00e7\u0131x\u0131r\u201d.<\/em><\/p>\n\n\n\n<p>G\u0259giran k\u0259ndi L\u0259nk\u0259ran m\u0259rk\u0259zind\u0259n 36 kilometr uzaql\u0131qda, Tal\u0131\u015f da\u011flar\u0131n\u0131n qoynunda yerl\u0259\u015fir. K\u0259ndin 1500-d\u0259n \u00e7ox sakini var. G\u0259giran b\u00f6lg\u0259nin q\u0259dim ya\u015fay\u0131\u015f m\u0259sk\u0259nl\u0259rind\u0259n biri say\u0131l\u0131r. Diryan v\u0259 T\u00fck\u0259vil\u0259 k\u0259ndl\u0259ri qon\u015fu k\u0259ndl\u0259rdir. K\u0259ndlil\u0259r \u0259sas\u0259n \u0259kin\u00e7ilik v\u0259 heyvandarl\u0131qla dolan\u0131rlar. \u015eikay\u0259t\u00e7i deyib ki, m\u0259hz yol problemin\u0259 g\u00f6r\u0259 m\u0259hsullar\u0131n\u0131 bazara \u00e7\u0131xarmaqda \u00e7\u0259tinlik \u00e7\u0259kirl\u0259r:<\/p>\n\n\n\n<p><em>\u201cK\u0259ndlil\u0259rin \u0259sas dolan\u0131\u015f\u0131\u011f\u0131 \u0259kin-bi\u00e7ind\u0259n \u00e7\u0131x\u0131r. Yol yax\u015f\u0131 olarsa m\u0259hsullar\u0131 da apar\u0131b satmaq rahat olar\u201d.<\/em><\/p>\n\n\n\n<p>\u015eikay\u0259t\u00e7i deyib ki, ill\u0259rdir yolun t\u0259mir edil\u0259c\u0259yi il\u0259 ba\u011fl\u0131 veril\u0259n v\u0259dl\u0259r\u0259 \u0259m\u0259l edilmir.<\/p>\n\n\n\n<p>G\u0259giran k\u0259nd icra n\u00fcmay\u0259nd\u0259si \u015eamil Mirz\u0259yev Meydan TV-y\u0259 bildirib ki, h\u0259min k\u0259ndl\u0259rin b\u0259rpas\u0131 plana d\u00fc\u015f\u00fcb, yax\u0131n g\u00fcnl\u0259rd\u0259 s\u00f6z\u00fcged\u0259n k\u0259ndl\u0259ri birl\u0259\u015fdir\u0259n avtomobil yolunun yenid\u0259n qurulmas\u0131 planla\u015fd\u0131r\u0131l\u0131r.<\/p>\n","protected":false},"excerpt":{"rendered":"<p>\u201cX\u00fcsusil\u0259 ya\u011f\u0131\u015fl\u0131 havalarda k\u0259ndl\u0259r\u0259 ma\u015f\u0131n i\u015fl\u0259mir\u201d L\u0259nk\u0259ran\u0131n G\u0259giran, T\u00fck\u0259vil\u0259, Diryan &#8230; <\/p>\n<p class=\"read-more-container\"><a title=\"L\u0259nk\u0259randa bir ne\u00e7\u0259 k\u0259ndin sakinl\u0259ri yolsuzluqdan \u0259ziyy\u0259t \u00e7\u0259kir\" class=\"read-more button\" href=\"https:\/\/www.meydan.tv\/az\/article\/lenkeranda-bir-nece-kendin-sakinleri-yolsuzluqdan-eziyyet-cekir\/#more-302164\" aria-label=\"Read more about L\u0259nk\u0259randa bir ne\u00e7\u0259 k\u0259ndin sakinl\u0259ri yolsuzluqdan \u0259ziyy\u0259t \u00e7\u0259kir\">Davam\u0131<\/a><\/p>\n","protected":false},"author":8,"featured_media":229076,"comment_status":"closed","ping_status":"closed","sticky":false,"template":"","format":"standard","meta":{"_acf_changed":false,"_sitemap_exclude":false,"_sitemap_priority":"","_sitemap_frequency":"","footnotes":""},"categories":[60,56],"tags":[],"class_list":["post-302164","post","type-post","status-publish","format-standard","has-post-thumbnail","hentry","category-bolge","category-xeberler","infinite-scroll-item","generate-columns","tablet-grid-50","mobile-grid-100","grid-parent","grid-33","no-featured-image-padding"],"acf":[],"yoast_head":"<!-- This site is optimized with the Yoast SEO plugin v27.4 - https:\/\/yoast.com\/product\/yoast-seo-wordpress\/ -->\n<title>L\u0259nk\u0259randa bir ne\u00e7\u0259 k\u0259ndin sakinl\u0259ri yolsuzluqdan \u0259ziyy\u0259t \u00e7\u0259kir - MEYDAN.TV<\/title>\n<meta name=\"robots\" content=\"index, follow, max-snippet:-1, max-image-preview:large, max-video-preview:-1\" \/>\n<link rel=\"canonical\" href=\"https:\/\/www.meydan.tv\/az\/article\/lenkeranda-bir-nece-kendin-sakinleri-yolsuzluqdan-eziyyet-cekir\/\" \/>\n<meta property=\"og:locale\" content=\"az_AZ\" \/>\n<meta property=\"og:type\" content=\"article\" \/>\n<meta property=\"og:title\" content=\"L\u0259nk\u0259randa bir ne\u00e7\u0259 k\u0259ndin sakinl\u0259ri yolsuzluqdan \u0259ziyy\u0259t \u00e7\u0259kir - MEYDAN.TV\" \/>\n<meta property=\"og:description\" content=\"\u201cX\u00fcsusil\u0259 ya\u011f\u0131\u015fl\u0131 havalarda k\u0259ndl\u0259r\u0259 ma\u015f\u0131n i\u015fl\u0259mir\u201d L\u0259nk\u0259ran\u0131n G\u0259giran, T\u00fck\u0259vil\u0259, Diryan ... Davam\u0131\" \/>\n<meta property=\"og:url\" content=\"https:\/\/www.meydan.tv\/az\/article\/lenkeranda-bir-nece-kendin-sakinleri-yolsuzluqdan-eziyyet-cekir\/\" \/>\n<meta property=\"og:site_name\" content=\"MEYDAN.TV\" \/>\n<meta property=\"article:published_time\" content=\"2024-03-28T12:45:55+00:00\" \/>\n<meta property=\"article:modified_time\" content=\"2024-03-28T14:10:52+00:00\" \/>\n<meta property=\"og:image\" content=\"https:\/\/www.meydan.tv\/wp-content\/uploads\/image00054.jpeg\" \/>\n\t<meta property=\"og:image:width\" content=\"1200\" \/>\n\t<meta property=\"og:image:height\" content=\"900\" \/>\n\t<meta property=\"og:image:type\" content=\"image\/jpeg\" \/>\n<meta name=\"author\" content=\"elli\" \/>\n<meta name=\"twitter:card\" content=\"summary_large_image\" \/>\n<meta name=\"twitter:creator\" content=\"@elli\" \/>\n<script type=\"application\/ld+json\" class=\"yoast-schema-graph\">{\"@context\":\"https:\\\/\\\/schema.org\",\"@graph\":[{\"@type\":\"Article\",\"@id\":\"https:\\\/\\\/www.meydan.tv\\\/az\\\/article\\\/lenkeranda-bir-nece-kendin-sakinleri-yolsuzluqdan-eziyyet-cekir\\\/#article\",\"isPartOf\":{\"@id\":\"https:\\\/\\\/www.meydan.tv\\\/az\\\/article\\\/lenkeranda-bir-nece-kendin-sakinleri-yolsuzluqdan-eziyyet-cekir\\\/\"},\"author\":{\"name\":\"elli\",\"@id\":\"https:\\\/\\\/www.meydan.tv\\\/az\\\/#\\\/schema\\\/person\\\/9cdbecf90d17180ce1dfbd95b08dcf47\"},\"headline\":\"L\u0259nk\u0259randa bir ne\u00e7\u0259 k\u0259ndin sakinl\u0259ri yolsuzluqdan \u0259ziyy\u0259t \u00e7\u0259kir\",\"datePublished\":\"2024-03-28T12:45:55+00:00\",\"dateModified\":\"2024-03-28T14:10:52+00:00\",\"mainEntityOfPage\":{\"@id\":\"https:\\\/\\\/www.meydan.tv\\\/az\\\/article\\\/lenkeranda-bir-nece-kendin-sakinleri-yolsuzluqdan-eziyyet-cekir\\\/\"},\"wordCount\":333,\"publisher\":{\"@id\":\"https:\\\/\\\/www.meydan.tv\\\/az\\\/#organization\"},\"image\":{\"@id\":\"https:\\\/\\\/www.meydan.tv\\\/az\\\/article\\\/lenkeranda-bir-nece-kendin-sakinleri-yolsuzluqdan-eziyyet-cekir\\\/#primaryimage\"},\"thumbnailUrl\":\"https:\\\/\\\/www.meydan.tv\\\/wp-content\\\/uploads\\\/image00054.jpeg\",\"articleSection\":[\"B\u00f6lg\u0259\",\"X\u0259b\u0259rl\u0259r\"],\"inLanguage\":\"az\"},{\"@type\":\"WebPage\",\"@id\":\"https:\\\/\\\/www.meydan.tv\\\/az\\\/article\\\/lenkeranda-bir-nece-kendin-sakinleri-yolsuzluqdan-eziyyet-cekir\\\/\",\"url\":\"https:\\\/\\\/www.meydan.tv\\\/az\\\/article\\\/lenkeranda-bir-nece-kendin-sakinleri-yolsuzluqdan-eziyyet-cekir\\\/\",\"name\":\"L\u0259nk\u0259randa bir ne\u00e7\u0259 k\u0259ndin sakinl\u0259ri yolsuzluqdan \u0259ziyy\u0259t \u00e7\u0259kir - MEYDAN.TV\",\"isPartOf\":{\"@id\":\"https:\\\/\\\/www.meydan.tv\\\/az\\\/#website\"},\"primaryImageOfPage\":{\"@id\":\"https:\\\/\\\/www.meydan.tv\\\/az\\\/article\\\/lenkeranda-bir-nece-kendin-sakinleri-yolsuzluqdan-eziyyet-cekir\\\/#primaryimage\"},\"image\":{\"@id\":\"https:\\\/\\\/www.meydan.tv\\\/az\\\/article\\\/lenkeranda-bir-nece-kendin-sakinleri-yolsuzluqdan-eziyyet-cekir\\\/#primaryimage\"},\"thumbnailUrl\":\"https:\\\/\\\/www.meydan.tv\\\/wp-content\\\/uploads\\\/image00054.jpeg\",\"datePublished\":\"2024-03-28T12:45:55+00:00\",\"dateModified\":\"2024-03-28T14:10:52+00:00\",\"breadcrumb\":{\"@id\":\"https:\\\/\\\/www.meydan.tv\\\/az\\\/article\\\/lenkeranda-bir-nece-kendin-sakinleri-yolsuzluqdan-eziyyet-cekir\\\/#breadcrumb\"},\"inLanguage\":\"az\",\"potentialAction\":[{\"@type\":\"ReadAction\",\"target\":[\"https:\\\/\\\/www.meydan.tv\\\/az\\\/article\\\/lenkeranda-bir-nece-kendin-sakinleri-yolsuzluqdan-eziyyet-cekir\\\/\"]}]},{\"@type\":\"ImageObject\",\"inLanguage\":\"az\",\"@id\":\"https:\\\/\\\/www.meydan.tv\\\/az\\\/article\\\/lenkeranda-bir-nece-kendin-sakinleri-yolsuzluqdan-eziyyet-cekir\\\/#primaryimage\",\"url\":\"https:\\\/\\\/www.meydan.tv\\\/wp-content\\\/uploads\\\/image00054.jpeg\",\"contentUrl\":\"https:\\\/\\\/www.meydan.tv\\\/wp-content\\\/uploads\\\/image00054.jpeg\",\"width\":1200,\"height\":900,\"caption\":\"\u015e\u0259rti \u015f\u0259kil, k\u0259nd yollar\u0131, Foto: Meydan TV\"},{\"@type\":\"BreadcrumbList\",\"@id\":\"https:\\\/\\\/www.meydan.tv\\\/az\\\/article\\\/lenkeranda-bir-nece-kendin-sakinleri-yolsuzluqdan-eziyyet-cekir\\\/#breadcrumb\",\"itemListElement\":[{\"@type\":\"ListItem\",\"position\":1,\"name\":\"Ana s\u0259hif\u0259\",\"item\":\"https:\\\/\\\/www.meydan.tv\\\/az\\\/\"},{\"@type\":\"ListItem\",\"position\":2,\"name\":\"B\u00f6lg\u0259\",\"item\":\"https:\\\/\\\/www.meydan.tv\\\/az\\\/section\\\/bolge\\\/\"},{\"@type\":\"ListItem\",\"position\":3,\"name\":\"L\u0259nk\u0259randa bir ne\u00e7\u0259 k\u0259ndin sakinl\u0259ri yolsuzluqdan \u0259ziyy\u0259t \u00e7\u0259kir\"}]},{\"@type\":\"WebSite\",\"@id\":\"https:\\\/\\\/www.meydan.tv\\\/az\\\/#website\",\"url\":\"https:\\\/\\\/www.meydan.tv\\\/az\\\/\",\"name\":\"MEYDAN.TV\",\"description\":\"Meydan TV Az\u0259rbaycan\u0131n media m\u0259kan\u0131ndak\u0131 alternativ s\u0259sidir\",\"publisher\":{\"@id\":\"https:\\\/\\\/www.meydan.tv\\\/az\\\/#organization\"},\"potentialAction\":[{\"@type\":\"SearchAction\",\"target\":{\"@type\":\"EntryPoint\",\"urlTemplate\":\"https:\\\/\\\/www.meydan.tv\\\/az\\\/?s={search_term_string}\"},\"query-input\":{\"@type\":\"PropertyValueSpecification\",\"valueRequired\":true,\"valueName\":\"search_term_string\"}}],\"inLanguage\":\"az\"},{\"@type\":\"Organization\",\"@id\":\"https:\\\/\\\/www.meydan.tv\\\/az\\\/#organization\",\"name\":\"Meydan TV\",\"url\":\"https:\\\/\\\/www.meydan.tv\\\/az\\\/\",\"logo\":{\"@type\":\"ImageObject\",\"inLanguage\":\"az\",\"@id\":\"https:\\\/\\\/www.meydan.tv\\\/az\\\/#\\\/schema\\\/logo\\\/image\\\/\",\"url\":\"https:\\\/\\\/www.meydan.tv\\\/wp-content\\\/uploads\\\/2021\\\/07\\\/meydan-logo.svg\",\"contentUrl\":\"https:\\\/\\\/www.meydan.tv\\\/wp-content\\\/uploads\\\/2021\\\/07\\\/meydan-logo.svg\",\"width\":195,\"height\":46,\"caption\":\"Meydan TV\"},\"image\":{\"@id\":\"https:\\\/\\\/www.meydan.tv\\\/az\\\/#\\\/schema\\\/logo\\\/image\\\/\"}},{\"@type\":\"Person\",\"@id\":\"https:\\\/\\\/www.meydan.tv\\\/az\\\/#\\\/schema\\\/person\\\/9cdbecf90d17180ce1dfbd95b08dcf47\",\"name\":\"elli\",\"sameAs\":[\"https:\\\/\\\/x.com\\\/elli\"]}]}<\/script>\n<!-- \/ Yoast SEO plugin. -->","yoast_head_json":{"title":"L\u0259nk\u0259randa bir ne\u00e7\u0259 k\u0259ndin sakinl\u0259ri yolsuzluqdan \u0259ziyy\u0259t \u00e7\u0259kir - MEYDAN.TV","robots":{"index":"index","follow":"follow","max-snippet":"max-snippet:-1","max-image-preview":"max-image-preview:large","max-video-preview":"max-video-preview:-1"},"canonical":"https:\/\/www.meydan.tv\/az\/article\/lenkeranda-bir-nece-kendin-sakinleri-yolsuzluqdan-eziyyet-cekir\/","og_locale":"az_AZ","og_type":"article","og_title":"L\u0259nk\u0259randa bir ne\u00e7\u0259 k\u0259ndin sakinl\u0259ri yolsuzluqdan \u0259ziyy\u0259t \u00e7\u0259kir - MEYDAN.TV","og_description":"\u201cX\u00fcsusil\u0259 ya\u011f\u0131\u015fl\u0131 havalarda k\u0259ndl\u0259r\u0259 ma\u015f\u0131n i\u015fl\u0259mir\u201d L\u0259nk\u0259ran\u0131n G\u0259giran, T\u00fck\u0259vil\u0259, Diryan ... Davam\u0131","og_url":"https:\/\/www.meydan.tv\/az\/article\/lenkeranda-bir-nece-kendin-sakinleri-yolsuzluqdan-eziyyet-cekir\/","og_site_name":"MEYDAN.TV","article_published_time":"2024-03-28T12:45:55+00:00","article_modified_time":"2024-03-28T14:10:52+00:00","og_image":[{"width":1200,"height":900,"url":"https:\/\/www.meydan.tv\/wp-content\/uploads\/image00054.jpeg","type":"image\/jpeg"}],"author":"elli","twitter_card":"summary_large_image","twitter_creator":"@elli","schema":{"@context":"https:\/\/schema.org","@graph":[{"@type":"Article","@id":"https:\/\/www.meydan.tv\/az\/article\/lenkeranda-bir-nece-kendin-sakinleri-yolsuzluqdan-eziyyet-cekir\/#article","isPartOf":{"@id":"https:\/\/www.meydan.tv\/az\/article\/lenkeranda-bir-nece-kendin-sakinleri-yolsuzluqdan-eziyyet-cekir\/"},"author":{"name":"elli","@id":"https:\/\/www.meydan.tv\/az\/#\/schema\/person\/9cdbecf90d17180ce1dfbd95b08dcf47"},"headline":"L\u0259nk\u0259randa bir ne\u00e7\u0259 k\u0259ndin sakinl\u0259ri yolsuzluqdan \u0259ziyy\u0259t \u00e7\u0259kir","datePublished":"2024-03-28T12:45:55+00:00","dateModified":"2024-03-28T14:10:52+00:00","mainEntityOfPage":{"@id":"https:\/\/www.meydan.tv\/az\/article\/lenkeranda-bir-nece-kendin-sakinleri-yolsuzluqdan-eziyyet-cekir\/"},"wordCount":333,"publisher":{"@id":"https:\/\/www.meydan.tv\/az\/#organization"},"image":{"@id":"https:\/\/www.meydan.tv\/az\/article\/lenkeranda-bir-nece-kendin-sakinleri-yolsuzluqdan-eziyyet-cekir\/#primaryimage"},"thumbnailUrl":"https:\/\/www.meydan.tv\/wp-content\/uploads\/image00054.jpeg","articleSection":["B\u00f6lg\u0259","X\u0259b\u0259rl\u0259r"],"inLanguage":"az"},{"@type":"WebPage","@id":"https:\/\/www.meydan.tv\/az\/article\/lenkeranda-bir-nece-kendin-sakinleri-yolsuzluqdan-eziyyet-cekir\/","url":"https:\/\/www.meydan.tv\/az\/article\/lenkeranda-bir-nece-kendin-sakinleri-yolsuzluqdan-eziyyet-cekir\/","name":"L\u0259nk\u0259randa bir ne\u00e7\u0259 k\u0259ndin sakinl\u0259ri yolsuzluqdan \u0259ziyy\u0259t \u00e7\u0259kir - MEYDAN.TV","isPartOf":{"@id":"https:\/\/www.meydan.tv\/az\/#website"},"primaryImageOfPage":{"@id":"https:\/\/www.meydan.tv\/az\/article\/lenkeranda-bir-nece-kendin-sakinleri-yolsuzluqdan-eziyyet-cekir\/#primaryimage"},"image":{"@id":"https:\/\/www.meydan.tv\/az\/article\/lenkeranda-bir-nece-kendin-sakinleri-yolsuzluqdan-eziyyet-cekir\/#primaryimage"},"thumbnailUrl":"https:\/\/www.meydan.tv\/wp-content\/uploads\/image00054.jpeg","datePublished":"2024-03-28T12:45:55+00:00","dateModified":"2024-03-28T14:10:52+00:00","breadcrumb":{"@id":"https:\/\/www.meydan.tv\/az\/article\/lenkeranda-bir-nece-kendin-sakinleri-yolsuzluqdan-eziyyet-cekir\/#breadcrumb"},"inLanguage":"az","potentialAction":[{"@type":"ReadAction","target":["https:\/\/www.meydan.tv\/az\/article\/lenkeranda-bir-nece-kendin-sakinleri-yolsuzluqdan-eziyyet-cekir\/"]}]},{"@type":"ImageObject","inLanguage":"az","@id":"https:\/\/www.meydan.tv\/az\/article\/lenkeranda-bir-nece-kendin-sakinleri-yolsuzluqdan-eziyyet-cekir\/#primaryimage","url":"https:\/\/www.meydan.tv\/wp-content\/uploads\/image00054.jpeg","contentUrl":"https:\/\/www.meydan.tv\/wp-content\/uploads\/image00054.jpeg","width":1200,"height":900,"caption":"\u015e\u0259rti \u015f\u0259kil, k\u0259nd yollar\u0131, Foto: Meydan TV"},{"@type":"BreadcrumbList","@id":"https:\/\/www.meydan.tv\/az\/article\/lenkeranda-bir-nece-kendin-sakinleri-yolsuzluqdan-eziyyet-cekir\/#breadcrumb","itemListElement":[{"@type":"ListItem","position":1,"name":"Ana s\u0259hif\u0259","item":"https:\/\/www.meydan.tv\/az\/"},{"@type":"ListItem","position":2,"name":"B\u00f6lg\u0259","item":"https:\/\/www.meydan.tv\/az\/section\/bolge\/"},{"@type":"ListItem","position":3,"name":"L\u0259nk\u0259randa bir ne\u00e7\u0259 k\u0259ndin sakinl\u0259ri yolsuzluqdan \u0259ziyy\u0259t \u00e7\u0259kir"}]},{"@type":"WebSite","@id":"https:\/\/www.meydan.tv\/az\/#website","url":"https:\/\/www.meydan.tv\/az\/","name":"MEYDAN.TV","description":"Meydan TV Az\u0259rbaycan\u0131n media m\u0259kan\u0131ndak\u0131 alternativ s\u0259sidir","publisher":{"@id":"https:\/\/www.meydan.tv\/az\/#organization"},"potentialAction":[{"@type":"SearchAction","target":{"@type":"EntryPoint","urlTemplate":"https:\/\/www.meydan.tv\/az\/?s={search_term_string}"},"query-input":{"@type":"PropertyValueSpecification","valueRequired":true,"valueName":"search_term_string"}}],"inLanguage":"az"},{"@type":"Organization","@id":"https:\/\/www.meydan.tv\/az\/#organization","name":"Meydan TV","url":"https:\/\/www.meydan.tv\/az\/","logo":{"@type":"ImageObject","inLanguage":"az","@id":"https:\/\/www.meydan.tv\/az\/#\/schema\/logo\/image\/","url":"https:\/\/www.meydan.tv\/wp-content\/uploads\/2021\/07\/meydan-logo.svg","contentUrl":"https:\/\/www.meydan.tv\/wp-content\/uploads\/2021\/07\/meydan-logo.svg","width":195,"height":46,"caption":"Meydan TV"},"image":{"@id":"https:\/\/www.meydan.tv\/az\/#\/schema\/logo\/image\/"}},{"@type":"Person","@id":"https:\/\/www.meydan.tv\/az\/#\/schema\/person\/9cdbecf90d17180ce1dfbd95b08dcf47","name":"elli","sameAs":["https:\/\/x.com\/elli"]}]}},"_links":{"self":[{"href":"https:\/\/www.meydan.tv\/az\/wp-json\/wp\/v2\/posts\/302164","targetHints":{"allow":["GET"]}}],"collection":[{"href":"https:\/\/www.meydan.tv\/az\/wp-json\/wp\/v2\/posts"}],"about":[{"href":"https:\/\/www.meydan.tv\/az\/wp-json\/wp\/v2\/types\/post"}],"author":[{"embeddable":true,"href":"https:\/\/www.meydan.tv\/az\/wp-json\/wp\/v2\/users\/8"}],"replies":[{"embeddable":true,"href":"https:\/\/www.meydan.tv\/az\/wp-json\/wp\/v2\/comments?post=302164"}],"version-history":[{"count":4,"href":"https:\/\/www.meydan.tv\/az\/wp-json\/wp\/v2\/posts\/302164\/revisions"}],"predecessor-version":[{"id":302200,"href":"https:\/\/www.meydan.tv\/az\/wp-json\/wp\/v2\/posts\/302164\/revisions\/302200"}],"wp:featuredmedia":[{"embeddable":true,"href":"https:\/\/www.meydan.tv\/az\/wp-json\/wp\/v2\/media\/229076"}],"wp:attachment":[{"href":"https:\/\/www.meydan.tv\/az\/wp-json\/wp\/v2\/media?parent=302164"}],"wp:term":[{"taxonomy":"category","embeddable":true,"href":"https:\/\/www.meydan.tv\/az\/wp-json\/wp\/v2\/categories?post=302164"},{"taxonomy":"post_tag","embeddable":true,"href":"https:\/\/www.meydan.tv\/az\/wp-json\/wp\/v2\/tags?post=302164"}],"curies":[{"name":"wp","href":"https:\/\/api.w.org\/{rel}","templated":true}]}}