{"id":302127,"date":"2024-03-28T14:08:52","date_gmt":"2024-03-28T10:08:52","guid":{"rendered":"https:\/\/www.meydan.tv\/?p=302127"},"modified":"2024-03-28T14:36:45","modified_gmt":"2024-03-28T10:36:45","slug":"baki-ve-kreml-brussel-gorusunden-narahatdir-abs-tenqidleri-qebul-etmir","status":"publish","type":"post","link":"https:\/\/www.meydan.tv\/az\/article\/baki-ve-kreml-brussel-gorusunden-narahatdir-abs-tenqidleri-qebul-etmir\/","title":{"rendered":"Bak\u0131 v\u0259 Kreml Br\u00fcssel g\u00f6r\u00fc\u015f\u00fcnd\u0259n narahatd\u0131r, AB\u015e t\u0259nqidl\u0259ri q\u0259bul etmir"},"content":{"rendered":"\n<p><\/p>\n\n\n\n<p><strong><em>Mariya Zaxarova: &#8220;Bu c\u00fcr t\u0259dbirl\u0259r Rusiyada narahatl\u0131q do\u011furur&#8221;<\/em><\/strong><\/p>\n\n\n\n<p>Va\u015finqton Bak\u0131n\u0131n aprelin 5-d\u0259 Br\u00fcsseld\u0259 AB\u015e, Avropa \u0130ttifaq\u0131 v\u0259 Erm\u0259nistan\u0131n \u00fc\u00e7t\u0259r\u0259fli g\u00f6r\u00fc\u015f\u00fc il\u0259 ba\u011fl\u0131 t\u0259nqidini q\u0259bul etmir.<\/p>\n\n\n\n<p>Bu bar\u0259d\u0259 mart\u0131n 28-d\u0259 AB\u015e D\u00f6vl\u0259t Departamentinin m\u0259tbuat katibi Metyu Miller &#8220;Turan&#8221;\u0131n sual\u0131na cavab\u0131nda deyib.<\/p>\n\n\n\n<p>Onun s\u00f6zl\u0259rin\u0259 g\u00f6r\u0259, 5 aprel Br\u00fcssel g\u00f6r\u00fc\u015f\u00fcnd\u0259 \u0259sas diqq\u0259t Erm\u0259nistana \u00f6z ticar\u0259t \u0259laq\u0259l\u0259rini \u015fax\u0259l\u0259ndirm\u0259y\u0259 v\u0259 humanitar ehtiyaclar\u0131 h\u0259ll etm\u0259y\u0259 k\u00f6m\u0259k etm\u0259k \u00fc\u00e7\u00fcn iqtisadi dayan\u0131ql\u0131\u011fa y\u00f6n\u0259ldil\u0259c\u0259k:<\/p>\n\n\n\n<p>&#8220;<em>M\u0259n ba\u015fa d\u00fc\u015fm\u00fcr\u0259m ki, niy\u0259 bu, h\u0259r hans\u0131 \u00f6lk\u0259 \u00fc\u00e7\u00fcn problem olmal\u0131d\u0131r\u201d.<\/em><\/p>\n\n\n<div class=\"wp-block-image\">\n<figure class=\"aligncenter size-large\"><img decoding=\"async\" width=\"1200\" height=\"577\" data-src=\"https:\/\/www.meydan.tv\/wp-content\/uploads\/screenshot_1-26-1200x577.png\" alt=\"\" class=\"wp-image-286697 lazyload\" src=\"data:image\/svg+xml;base64,PHN2ZyB3aWR0aD0iMSIgaGVpZ2h0PSIxIiB4bWxucz0iaHR0cDovL3d3dy53My5vcmcvMjAwMC9zdmciPjwvc3ZnPg==\" style=\"--smush-placeholder-width: 1200px; --smush-placeholder-aspect-ratio: 1200\/577;\" \/><figcaption class=\"wp-element-caption\">Metyu Miller. AB\u015e DD-in sayt\u0131ndan screenshot<\/figcaption><\/figure>\n<\/div>\n\n\n<p>Mart\u0131n 27-d\u0259 Az\u0259rbaycan\u0131n Xarici \u0130\u015fl\u0259r Nazirliyinin M\u0259tbuat \u0130dar\u0259sinin r\u0259isi Ayxan Hac\u0131zad\u0259 Br\u00fcssel g\u00f6r\u00fc\u015f\u00fcn\u00fc q\u0131nayan a\u00e7\u0131qlama yay\u0131b.<\/p>\n\n\n\n<p>Onun s\u00f6zl\u0259rin\u0259 g\u00f6r\u0259, Avropa \u0130ttifaq\u0131 v\u0259 AB\u015e t\u0259r\u0259find\u0259n bu kimi f\u0259aliyy\u0259tl\u0259r a\u00e7\u0131q \u015f\u0259kild\u0259 birt\u0259r\u0259fli, q\u0259r\u0259zli xarakter da\u015f\u0131y\u0131r v\u0259 ikili standart yana\u015fmas\u0131na \u0259saslan\u0131r:<\/p>\n\n\n\n<p>\u201c<em>S\u00f6z\u00fcged\u0259n konfrans tam \u015f\u0259ffaf \u015f\u0259kild\u0259 ke\u00e7irilmir, regional inkl\u00fczivlikd\u0259n m\u0259hrumdur v\u0259 regionda t\u0259\u015fviq edil\u0259n v\u0259 \u00e7ox ehtiyac duyulan etimad quruculu\u011funa v\u0259 inteqrasiyaya ziddir. Bu konfrans, erm\u0259ni t\u0259r\u0259fini xo\u015f niyy\u0259tl\u0259 dan\u0131\u015f\u0131qlara s\u00f6vq etm\u0259k \u0259v\u0259zin\u0259, regionda yeni b\u00f6l\u00fcc\u00fc x\u0259tl\u0259r v\u0259 d\u0131rnaqaras\u0131 t\u0259sir dair\u0259l\u0259ri yarad\u0131r. Erm\u0259nistandak\u0131 revan\u015fist \u0259hval-ruhiyy\u0259 fonunda Va\u015finqton v\u0259 Br\u00fcsselin a\u00e7\u0131q erm\u0259nip\u0259r\u0259st ictimai t\u0259zah\u00fcr\u00fc Erm\u0259nistan\u0131n Az\u0259rbaycana qar\u015f\u0131 yenid\u0259n m\u00fcmk\u00fcn t\u0259xribatlar\u0131nda A\u0130 v\u0259 AB\u015e-nin Erm\u0259nistan\u0131 d\u0259st\u0259kl\u0259y\u0259c\u0259yin\u0259 dair bu \u00f6lk\u0259d\u0259 t\u0259hl\u00fck\u0259li ill\u00fcziya yarada bil\u0259r. Bu halda, A\u0130 v\u0259 AB\u015e Erm\u0259nistan\u0131n sabitliyi pozan h\u0259r hans\u0131 m\u00fcmk\u00fcn h\u0259r\u0259k\u0259tin\u0259 g\u00f6r\u0259 m\u0259suliyy\u0259ti <a href=\"https:\/\/storage.googleapis.com\/qurium\/www.meydan.tv\/az-article-resmi-bakidan-brussel-gorusune-reaksiya.html\">b\u00f6l\u00fc\u015f\u0259c\u0259kl\u0259r\u201d<\/a>.<\/em><\/p>\n\n\n<div class=\"wp-block-image\">\n<figure class=\"aligncenter size-large\"><img decoding=\"async\" width=\"1200\" height=\"675\" data-src=\"https:\/\/www.meydan.tv\/wp-content\/uploads\/01000000-0a00-0242-aa72-08dc497733c8_cx0_cy3_cw0_w1597_n_r1_st_s-1200x675.jpg\" alt=\"\" class=\"wp-image-302128 lazyload\" src=\"data:image\/svg+xml;base64,PHN2ZyB3aWR0aD0iMSIgaGVpZ2h0PSIxIiB4bWxucz0iaHR0cDovL3d3dy53My5vcmcvMjAwMC9zdmciPjwvc3ZnPg==\" style=\"--smush-placeholder-width: 1200px; --smush-placeholder-aspect-ratio: 1200\/675;\" \/><figcaption class=\"wp-element-caption\">Erm\u0259nistan ba\u015f naziri Nikol Pa\u015finyan, Avropa Komissiyas\u0131n\u0131n s\u0259dri Ursula fon der Leyen, AB\u015e d\u00f6vl\u0259t katibi Antoni Blinken. Foto: Azatutyun.<\/figcaption><\/figure>\n<\/div>\n\n\n<p>Metyu Miller is\u0259 Ayxan Hac\u0131zad\u0259nin qiym\u0259tl\u0259ndirm\u0259sini b\u00f6l\u00fc\u015fm\u00fcr:<\/p>\n\n\n\n<p>&#8220;<em>\u018flb\u0259tt\u0259 ki, bu c\u00fcr qiym\u0259tl\u0259ndirm\u0259l\u0259rl\u0259 raz\u0131 deyil\u0259m&#8221;.<\/em><\/p>\n\n\n\n<p>O qeyd edib ki, d\u00f6vl\u0259t katibi Blinken v\u0259 USAID r\u0259hb\u0259ri Samanta Pauer Avropa Komissiyas\u0131n\u0131n Prezidenti Ursula fon der Leyen v\u0259 Erm\u0259nistan\u0131n Ba\u015f naziri Nikol Pa\u015finyanla birlikd\u0259 AB\u015e-Avropa \u0130ttifaq\u0131-Erm\u0259nistan \u00fc\u00e7t\u0259r\u0259fli g\u00f6r\u00fc\u015f\u00fcnd\u0259 i\u015ftirak ed\u0259c\u0259kl\u0259r.<\/p>\n\n\n\n<p>&#8220;<strong>Az\u0259rbaycanla ba\u011fl\u0131 m\u0259s\u0259l\u0259l\u0259r m\u00fczakir\u0259 olunacaqm\u0131?&#8221;<\/strong> sual\u0131na Metyu Miller bel\u0259 cavab verib:<\/p>\n\n\n\n<p>&#8220;<em>M\u00fcmk\u00fcnd\u00fcr, ancaq bu, diqq\u0259t m\u0259rk\u0259zind\u0259 olmayacaq. Br\u00fcssel g\u00f6r\u00fc\u015f\u00fc Erm\u0259nistan\u0131n iqtisadi dayan\u0131ql\u0131\u011f\u0131na, ticar\u0259t t\u0259r\u0259fda\u015flar\u0131n\u0131n \u015fax\u0259l\u0259ndirilm\u0259sin\u0259 v\u0259 humanitar ehtiyaclar\u0131n\u0131n \u00f6d\u0259nilm\u0259sin\u0259 h\u0259sr olunacaq&#8221;.<\/em><\/p>\n\n\n\n<p>Maraql\u0131d\u0131r ki, Rusiya da Br\u00fcssel g\u00f6r\u00fc\u015f\u00fcnd\u0259n narahatl\u0131\u011f\u0131n\u0131 ifad\u0259 edib.<\/p>\n\n\n\n<p>Rusiya Xarici \u0130\u015fl\u0259r Nazirliyinin r\u0259smisi Mariya Zaxarova bildirib ki, bu c\u00fcr t\u0259dbirl\u0259r Rusiyada narahatl\u0131q do\u011furur:<\/p>\n\n\n<div class=\"wp-block-image\">\n<figure class=\"aligncenter size-full\"><img decoding=\"async\" width=\"1200\" height=\"675\" data-src=\"https:\/\/www.meydan.tv\/wp-content\/uploads\/img_0357_720.jpg\" alt=\"\" class=\"wp-image-284762 lazyload\" src=\"data:image\/svg+xml;base64,PHN2ZyB3aWR0aD0iMSIgaGVpZ2h0PSIxIiB4bWxucz0iaHR0cDovL3d3dy53My5vcmcvMjAwMC9zdmciPjwvc3ZnPg==\" style=\"--smush-placeholder-width: 1200px; --smush-placeholder-aspect-ratio: 1200\/675;\" \/><figcaption class=\"wp-element-caption\">Mariya Zaxarova. Foto: Meydan TV<\/figcaption><\/figure>\n<\/div>\n\n\n<p>\u201c<em>Bel\u0259 g\u00f6r\u00fc\u015fl\u0259r regionun \u0259ks\u0259r \u00f6lk\u0259l\u0259rind\u0259 narahatl\u0131q yarad\u0131r. \u00c7\u00fcnki onlar Az\u0259rbaycanla Erm\u0259nistan aras\u0131nda s\u00fclh\u00fcn \u0259ld\u0259 edilm\u0259sin\u0259 deyil, Q\u0259rbin C\u0259nubi Qafqaza son d\u0259r\u0259c\u0259 da\u011f\u0131d\u0131c\u0131 yana\u015fmalar\u0131 il\u0259 daxil olmas\u0131na y\u00f6n\u0259lib. \u00dcst\u0259lik, bel\u0259 g\u00f6r\u00fc\u015fl\u0259r regionda yeni ay\u0131r\u0131c\u0131 x\u0259tl\u0259rin yarad\u0131lmas\u0131na, region \u00f6lk\u0259l\u0259rinin anti-Rusiya g\u00fcnd\u0259min\u0259 uyma\u011fa m\u0259cbur edilm\u0259sin\u0259, onlar\u0131n Moskva il\u0259 \u00e7ox\u0259srlik \u0259laq\u0259l\u0259rinin pozulmas\u0131na, m\u00f6vcud regional t\u0259hl\u00fck\u0259sizlik v\u0259 iqtisadi \u0259m\u0259kda\u015fl\u0131q mexanizml\u0259rinin z\u0259ifl\u0259dilm\u0259sin\u0259 istiqam\u0259tl\u0259nib\u201d.<\/em><\/p>\n\n\n\n<p>Zaxarova vur\u011fulay\u0131b ki, b\u00fct\u00fcn d\u00fcnyan\u0131n g\u00f6z\u00fc qar\u015f\u0131s\u0131nda Erm\u0259nistan t\u0259dric\u0259n kollektiv Q\u0259rbin erm\u0259ni xalq\u0131n\u0131n k\u00f6kl\u00fc maraqlar\u0131 il\u0259 tamamil\u0259 zidd olan son d\u0259r\u0259c\u0259 t\u0259hl\u00fck\u0259li planlar\u0131n\u0131n h\u0259yata ke\u00e7irilm\u0259si al\u0259tin\u0259 <a href=\"https:\/\/t.me\/MariaVladimirovnaZakharova\/7711\">\u00e7evrilir<\/a>.<\/p>\n\n\n\n<p><strong>M\u00fcnaqi\u015f\u0259nin tarix\u00e7\u0259si<\/strong><\/p>\n\n\n\n<p>2020-ci ilin sentyabr\u0131nda Az\u0259rbaycan v\u0259 Erm\u0259nistan silahl\u0131 q\u00fcvv\u0259l\u0259ri aras\u0131nda 44 g\u00fcnl\u00fck \u0130kinci Qaraba\u011f m\u00fcharib\u0259si ba\u015f verib.<\/p>\n\n\n\n<p>Az\u0259rbaycan Qaraba\u011f\u0131n bir hiss\u0259sin\u0259 v\u0259 \u0259traf 7 rayona n\u0259zar\u0259ti b\u0259rpa edib.<\/p>\n\n\n\n<p>2023-c\u00fc ilin sentyabr\u0131n 19-da Az\u0259rbaycan Qaraba\u011fda lokal h\u0259rbi \u0259m\u0259liyyat ke\u00e7irib.<\/p>\n\n\n\n<p>Sentyabr\u0131n 28-d\u0259 is\u0259 separat\u00e7\u0131 \u201cDa\u011fl\u0131q Qaraba\u011f\u0131n (Artsax) Prezidenti\u201d Samvel \u015eahramanyan \u201crespublika\u201dn\u0131n burax\u0131lmas\u0131 bar\u0259d\u0259 f\u0259rman imzalay\u0131b.<\/p>\n\n\n\n<p>O, f\u0259rman\u0131 19 sentyabr 2023-c\u00fc ild\u0259n sonra yaranm\u0131\u015f v\u0259ziyy\u0259tl\u0259 \u0259laq\u0259l\u0259ndirib.<\/p>\n\n\n\n<p>2023-c\u00fc il oktyabr\u0131n 15-d\u0259 is\u0259 Prezident \u0130lham \u018fliyev Xank\u0259ndid\u0259ki \u00e7\u0131x\u0131\u015f\u0131nda Az\u0259rbaycan\u0131n \u00f6z suverenliyini tam b\u0259rpa etdiyini, Qaraba\u011f probleminin bitdiyini, m\u00fcnaqi\u015f\u0259nin sona \u00e7atd\u0131\u011f\u0131n\u0131 deyib.<\/p>\n\n\n\n<p>Az\u0259rbaycan v\u0259 Erm\u0259nistan aras\u0131nda h\u0259l\u0259 d\u0259 s\u00fclh m\u00fcqavil\u0259si imzalanmay\u0131b.<\/p>\n","protected":false},"excerpt":{"rendered":"<p>Mariya Zaxarova: &#8220;Bu c\u00fcr t\u0259dbirl\u0259r Rusiyada narahatl\u0131q do\u011furur&#8221; Va\u015finqton Bak\u0131n\u0131n &#8230; <\/p>\n<p class=\"read-more-container\"><a title=\"Bak\u0131 v\u0259 Kreml Br\u00fcssel g\u00f6r\u00fc\u015f\u00fcnd\u0259n narahatd\u0131r, AB\u015e t\u0259nqidl\u0259ri q\u0259bul etmir\" class=\"read-more button\" href=\"https:\/\/www.meydan.tv\/az\/article\/baki-ve-kreml-brussel-gorusunden-narahatdir-abs-tenqidleri-qebul-etmir\/#more-302127\" aria-label=\"Read more about Bak\u0131 v\u0259 Kreml Br\u00fcssel g\u00f6r\u00fc\u015f\u00fcnd\u0259n narahatd\u0131r, AB\u015e t\u0259nqidl\u0259ri q\u0259bul etmir\">Davam\u0131<\/a><\/p>\n","protected":false},"author":8,"featured_media":237466,"comment_status":"closed","ping_status":"closed","sticky":false,"template":"","format":"standard","meta":{"_acf_changed":false,"_sitemap_exclude":false,"_sitemap_priority":"","_sitemap_frequency":"","footnotes":""},"categories":[59,79,56],"tags":[],"class_list":["post-302127","post","type-post","status-publish","format-standard","has-post-thumbnail","hentry","category-siyaset","category-featured","category-xeberler","infinite-scroll-item","generate-columns","tablet-grid-50","mobile-grid-100","grid-parent","grid-33","no-featured-image-padding"],"acf":[],"yoast_head":"<!-- This site is optimized with the Yoast SEO plugin v27.4 - https:\/\/yoast.com\/product\/yoast-seo-wordpress\/ -->\n<title>Bak\u0131 v\u0259 Kreml Br\u00fcssel g\u00f6r\u00fc\u015f\u00fcnd\u0259n narahatd\u0131r, AB\u015e t\u0259nqidl\u0259ri q\u0259bul etmir - MEYDAN.TV<\/title>\n<meta name=\"robots\" content=\"index, follow, max-snippet:-1, max-image-preview:large, max-video-preview:-1\" \/>\n<link rel=\"canonical\" href=\"https:\/\/www.meydan.tv\/az\/article\/baki-ve-kreml-brussel-gorusunden-narahatdir-abs-tenqidleri-qebul-etmir\/\" \/>\n<meta property=\"og:locale\" content=\"az_AZ\" \/>\n<meta property=\"og:type\" content=\"article\" \/>\n<meta property=\"og:title\" content=\"Bak\u0131 v\u0259 Kreml Br\u00fcssel g\u00f6r\u00fc\u015f\u00fcnd\u0259n narahatd\u0131r, AB\u015e t\u0259nqidl\u0259ri q\u0259bul etmir - MEYDAN.TV\" \/>\n<meta property=\"og:description\" content=\"Mariya Zaxarova: &#8220;Bu c\u00fcr t\u0259dbirl\u0259r Rusiyada narahatl\u0131q do\u011furur&#8221; Va\u015finqton Bak\u0131n\u0131n ... Davam\u0131\" \/>\n<meta property=\"og:url\" content=\"https:\/\/www.meydan.tv\/az\/article\/baki-ve-kreml-brussel-gorusunden-narahatdir-abs-tenqidleri-qebul-etmir\/\" \/>\n<meta property=\"og:site_name\" content=\"MEYDAN.TV\" \/>\n<meta property=\"article:published_time\" content=\"2024-03-28T10:08:52+00:00\" \/>\n<meta property=\"article:modified_time\" content=\"2024-03-28T10:36:45+00:00\" \/>\n<meta property=\"og:image\" content=\"https:\/\/www.meydan.tv\/wp-content\/uploads\/shutterstock_1858350751-e1646661258811.jpg\" \/>\n\t<meta property=\"og:image:width\" content=\"1200\" \/>\n\t<meta property=\"og:image:height\" content=\"666\" \/>\n\t<meta property=\"og:image:type\" content=\"image\/jpeg\" \/>\n<meta name=\"author\" content=\"elli\" \/>\n<meta name=\"twitter:card\" content=\"summary_large_image\" \/>\n<meta name=\"twitter:creator\" content=\"@elli\" \/>\n<script type=\"application\/ld+json\" class=\"yoast-schema-graph\">{\"@context\":\"https:\\\/\\\/schema.org\",\"@graph\":[{\"@type\":\"Article\",\"@id\":\"https:\\\/\\\/www.meydan.tv\\\/az\\\/article\\\/baki-ve-kreml-brussel-gorusunden-narahatdir-abs-tenqidleri-qebul-etmir\\\/#article\",\"isPartOf\":{\"@id\":\"https:\\\/\\\/www.meydan.tv\\\/az\\\/article\\\/baki-ve-kreml-brussel-gorusunden-narahatdir-abs-tenqidleri-qebul-etmir\\\/\"},\"author\":{\"name\":\"elli\",\"@id\":\"https:\\\/\\\/www.meydan.tv\\\/az\\\/#\\\/schema\\\/person\\\/9cdbecf90d17180ce1dfbd95b08dcf47\"},\"headline\":\"Bak\u0131 v\u0259 Kreml Br\u00fcssel g\u00f6r\u00fc\u015f\u00fcnd\u0259n narahatd\u0131r, AB\u015e t\u0259nqidl\u0259ri q\u0259bul etmir\",\"datePublished\":\"2024-03-28T10:08:52+00:00\",\"dateModified\":\"2024-03-28T10:36:45+00:00\",\"mainEntityOfPage\":{\"@id\":\"https:\\\/\\\/www.meydan.tv\\\/az\\\/article\\\/baki-ve-kreml-brussel-gorusunden-narahatdir-abs-tenqidleri-qebul-etmir\\\/\"},\"wordCount\":927,\"publisher\":{\"@id\":\"https:\\\/\\\/www.meydan.tv\\\/az\\\/#organization\"},\"image\":{\"@id\":\"https:\\\/\\\/www.meydan.tv\\\/az\\\/article\\\/baki-ve-kreml-brussel-gorusunden-narahatdir-abs-tenqidleri-qebul-etmir\\\/#primaryimage\"},\"thumbnailUrl\":\"https:\\\/\\\/www.meydan.tv\\\/wp-content\\\/uploads\\\/shutterstock_1858350751-e1646661258811.jpg\",\"articleSection\":[\"Siyas\u0259t\",\"T\u00f6vsiy\u0259\",\"X\u0259b\u0259rl\u0259r\"],\"inLanguage\":\"az\"},{\"@type\":\"WebPage\",\"@id\":\"https:\\\/\\\/www.meydan.tv\\\/az\\\/article\\\/baki-ve-kreml-brussel-gorusunden-narahatdir-abs-tenqidleri-qebul-etmir\\\/\",\"url\":\"https:\\\/\\\/www.meydan.tv\\\/az\\\/article\\\/baki-ve-kreml-brussel-gorusunden-narahatdir-abs-tenqidleri-qebul-etmir\\\/\",\"name\":\"Bak\u0131 v\u0259 Kreml Br\u00fcssel g\u00f6r\u00fc\u015f\u00fcnd\u0259n narahatd\u0131r, AB\u015e t\u0259nqidl\u0259ri q\u0259bul etmir - MEYDAN.TV\",\"isPartOf\":{\"@id\":\"https:\\\/\\\/www.meydan.tv\\\/az\\\/#website\"},\"primaryImageOfPage\":{\"@id\":\"https:\\\/\\\/www.meydan.tv\\\/az\\\/article\\\/baki-ve-kreml-brussel-gorusunden-narahatdir-abs-tenqidleri-qebul-etmir\\\/#primaryimage\"},\"image\":{\"@id\":\"https:\\\/\\\/www.meydan.tv\\\/az\\\/article\\\/baki-ve-kreml-brussel-gorusunden-narahatdir-abs-tenqidleri-qebul-etmir\\\/#primaryimage\"},\"thumbnailUrl\":\"https:\\\/\\\/www.meydan.tv\\\/wp-content\\\/uploads\\\/shutterstock_1858350751-e1646661258811.jpg\",\"datePublished\":\"2024-03-28T10:08:52+00:00\",\"dateModified\":\"2024-03-28T10:36:45+00:00\",\"breadcrumb\":{\"@id\":\"https:\\\/\\\/www.meydan.tv\\\/az\\\/article\\\/baki-ve-kreml-brussel-gorusunden-narahatdir-abs-tenqidleri-qebul-etmir\\\/#breadcrumb\"},\"inLanguage\":\"az\",\"potentialAction\":[{\"@type\":\"ReadAction\",\"target\":[\"https:\\\/\\\/www.meydan.tv\\\/az\\\/article\\\/baki-ve-kreml-brussel-gorusunden-narahatdir-abs-tenqidleri-qebul-etmir\\\/\"]}]},{\"@type\":\"ImageObject\",\"inLanguage\":\"az\",\"@id\":\"https:\\\/\\\/www.meydan.tv\\\/az\\\/article\\\/baki-ve-kreml-brussel-gorusunden-narahatdir-abs-tenqidleri-qebul-etmir\\\/#primaryimage\",\"url\":\"https:\\\/\\\/www.meydan.tv\\\/wp-content\\\/uploads\\\/shutterstock_1858350751-e1646661258811.jpg\",\"contentUrl\":\"https:\\\/\\\/www.meydan.tv\\\/wp-content\\\/uploads\\\/shutterstock_1858350751-e1646661258811.jpg\",\"width\":1200,\"height\":666,\"caption\":\"Az\u0259rbaycan-Rusiya. Foto: Leonid Altman\\\/shutterstock\"},{\"@type\":\"BreadcrumbList\",\"@id\":\"https:\\\/\\\/www.meydan.tv\\\/az\\\/article\\\/baki-ve-kreml-brussel-gorusunden-narahatdir-abs-tenqidleri-qebul-etmir\\\/#breadcrumb\",\"itemListElement\":[{\"@type\":\"ListItem\",\"position\":1,\"name\":\"Ana s\u0259hif\u0259\",\"item\":\"https:\\\/\\\/www.meydan.tv\\\/az\\\/\"},{\"@type\":\"ListItem\",\"position\":2,\"name\":\"Siyas\u0259t\",\"item\":\"https:\\\/\\\/www.meydan.tv\\\/az\\\/section\\\/siyaset\\\/\"},{\"@type\":\"ListItem\",\"position\":3,\"name\":\"Bak\u0131 v\u0259 Kreml Br\u00fcssel g\u00f6r\u00fc\u015f\u00fcnd\u0259n narahatd\u0131r, AB\u015e t\u0259nqidl\u0259ri q\u0259bul etmir\"}]},{\"@type\":\"WebSite\",\"@id\":\"https:\\\/\\\/www.meydan.tv\\\/az\\\/#website\",\"url\":\"https:\\\/\\\/www.meydan.tv\\\/az\\\/\",\"name\":\"MEYDAN.TV\",\"description\":\"Meydan TV Az\u0259rbaycan\u0131n media m\u0259kan\u0131ndak\u0131 alternativ s\u0259sidir\",\"publisher\":{\"@id\":\"https:\\\/\\\/www.meydan.tv\\\/az\\\/#organization\"},\"potentialAction\":[{\"@type\":\"SearchAction\",\"target\":{\"@type\":\"EntryPoint\",\"urlTemplate\":\"https:\\\/\\\/www.meydan.tv\\\/az\\\/?s={search_term_string}\"},\"query-input\":{\"@type\":\"PropertyValueSpecification\",\"valueRequired\":true,\"valueName\":\"search_term_string\"}}],\"inLanguage\":\"az\"},{\"@type\":\"Organization\",\"@id\":\"https:\\\/\\\/www.meydan.tv\\\/az\\\/#organization\",\"name\":\"Meydan TV\",\"url\":\"https:\\\/\\\/www.meydan.tv\\\/az\\\/\",\"logo\":{\"@type\":\"ImageObject\",\"inLanguage\":\"az\",\"@id\":\"https:\\\/\\\/www.meydan.tv\\\/az\\\/#\\\/schema\\\/logo\\\/image\\\/\",\"url\":\"https:\\\/\\\/www.meydan.tv\\\/wp-content\\\/uploads\\\/2021\\\/07\\\/meydan-logo.svg\",\"contentUrl\":\"https:\\\/\\\/www.meydan.tv\\\/wp-content\\\/uploads\\\/2021\\\/07\\\/meydan-logo.svg\",\"width\":195,\"height\":46,\"caption\":\"Meydan TV\"},\"image\":{\"@id\":\"https:\\\/\\\/www.meydan.tv\\\/az\\\/#\\\/schema\\\/logo\\\/image\\\/\"}},{\"@type\":\"Person\",\"@id\":\"https:\\\/\\\/www.meydan.tv\\\/az\\\/#\\\/schema\\\/person\\\/9cdbecf90d17180ce1dfbd95b08dcf47\",\"name\":\"elli\",\"sameAs\":[\"https:\\\/\\\/x.com\\\/elli\"]}]}<\/script>\n<!-- \/ Yoast SEO plugin. -->","yoast_head_json":{"title":"Bak\u0131 v\u0259 Kreml Br\u00fcssel g\u00f6r\u00fc\u015f\u00fcnd\u0259n narahatd\u0131r, AB\u015e t\u0259nqidl\u0259ri q\u0259bul etmir - MEYDAN.TV","robots":{"index":"index","follow":"follow","max-snippet":"max-snippet:-1","max-image-preview":"max-image-preview:large","max-video-preview":"max-video-preview:-1"},"canonical":"https:\/\/www.meydan.tv\/az\/article\/baki-ve-kreml-brussel-gorusunden-narahatdir-abs-tenqidleri-qebul-etmir\/","og_locale":"az_AZ","og_type":"article","og_title":"Bak\u0131 v\u0259 Kreml Br\u00fcssel g\u00f6r\u00fc\u015f\u00fcnd\u0259n narahatd\u0131r, AB\u015e t\u0259nqidl\u0259ri q\u0259bul etmir - MEYDAN.TV","og_description":"Mariya Zaxarova: &#8220;Bu c\u00fcr t\u0259dbirl\u0259r Rusiyada narahatl\u0131q do\u011furur&#8221; Va\u015finqton Bak\u0131n\u0131n ... Davam\u0131","og_url":"https:\/\/www.meydan.tv\/az\/article\/baki-ve-kreml-brussel-gorusunden-narahatdir-abs-tenqidleri-qebul-etmir\/","og_site_name":"MEYDAN.TV","article_published_time":"2024-03-28T10:08:52+00:00","article_modified_time":"2024-03-28T10:36:45+00:00","og_image":[{"width":1200,"height":666,"url":"https:\/\/www.meydan.tv\/wp-content\/uploads\/shutterstock_1858350751-e1646661258811.jpg","type":"image\/jpeg"}],"author":"elli","twitter_card":"summary_large_image","twitter_creator":"@elli","schema":{"@context":"https:\/\/schema.org","@graph":[{"@type":"Article","@id":"https:\/\/www.meydan.tv\/az\/article\/baki-ve-kreml-brussel-gorusunden-narahatdir-abs-tenqidleri-qebul-etmir\/#article","isPartOf":{"@id":"https:\/\/www.meydan.tv\/az\/article\/baki-ve-kreml-brussel-gorusunden-narahatdir-abs-tenqidleri-qebul-etmir\/"},"author":{"name":"elli","@id":"https:\/\/www.meydan.tv\/az\/#\/schema\/person\/9cdbecf90d17180ce1dfbd95b08dcf47"},"headline":"Bak\u0131 v\u0259 Kreml Br\u00fcssel g\u00f6r\u00fc\u015f\u00fcnd\u0259n narahatd\u0131r, AB\u015e t\u0259nqidl\u0259ri q\u0259bul etmir","datePublished":"2024-03-28T10:08:52+00:00","dateModified":"2024-03-28T10:36:45+00:00","mainEntityOfPage":{"@id":"https:\/\/www.meydan.tv\/az\/article\/baki-ve-kreml-brussel-gorusunden-narahatdir-abs-tenqidleri-qebul-etmir\/"},"wordCount":927,"publisher":{"@id":"https:\/\/www.meydan.tv\/az\/#organization"},"image":{"@id":"https:\/\/www.meydan.tv\/az\/article\/baki-ve-kreml-brussel-gorusunden-narahatdir-abs-tenqidleri-qebul-etmir\/#primaryimage"},"thumbnailUrl":"https:\/\/www.meydan.tv\/wp-content\/uploads\/shutterstock_1858350751-e1646661258811.jpg","articleSection":["Siyas\u0259t","T\u00f6vsiy\u0259","X\u0259b\u0259rl\u0259r"],"inLanguage":"az"},{"@type":"WebPage","@id":"https:\/\/www.meydan.tv\/az\/article\/baki-ve-kreml-brussel-gorusunden-narahatdir-abs-tenqidleri-qebul-etmir\/","url":"https:\/\/www.meydan.tv\/az\/article\/baki-ve-kreml-brussel-gorusunden-narahatdir-abs-tenqidleri-qebul-etmir\/","name":"Bak\u0131 v\u0259 Kreml Br\u00fcssel g\u00f6r\u00fc\u015f\u00fcnd\u0259n narahatd\u0131r, AB\u015e t\u0259nqidl\u0259ri q\u0259bul etmir - MEYDAN.TV","isPartOf":{"@id":"https:\/\/www.meydan.tv\/az\/#website"},"primaryImageOfPage":{"@id":"https:\/\/www.meydan.tv\/az\/article\/baki-ve-kreml-brussel-gorusunden-narahatdir-abs-tenqidleri-qebul-etmir\/#primaryimage"},"image":{"@id":"https:\/\/www.meydan.tv\/az\/article\/baki-ve-kreml-brussel-gorusunden-narahatdir-abs-tenqidleri-qebul-etmir\/#primaryimage"},"thumbnailUrl":"https:\/\/www.meydan.tv\/wp-content\/uploads\/shutterstock_1858350751-e1646661258811.jpg","datePublished":"2024-03-28T10:08:52+00:00","dateModified":"2024-03-28T10:36:45+00:00","breadcrumb":{"@id":"https:\/\/www.meydan.tv\/az\/article\/baki-ve-kreml-brussel-gorusunden-narahatdir-abs-tenqidleri-qebul-etmir\/#breadcrumb"},"inLanguage":"az","potentialAction":[{"@type":"ReadAction","target":["https:\/\/www.meydan.tv\/az\/article\/baki-ve-kreml-brussel-gorusunden-narahatdir-abs-tenqidleri-qebul-etmir\/"]}]},{"@type":"ImageObject","inLanguage":"az","@id":"https:\/\/www.meydan.tv\/az\/article\/baki-ve-kreml-brussel-gorusunden-narahatdir-abs-tenqidleri-qebul-etmir\/#primaryimage","url":"https:\/\/www.meydan.tv\/wp-content\/uploads\/shutterstock_1858350751-e1646661258811.jpg","contentUrl":"https:\/\/www.meydan.tv\/wp-content\/uploads\/shutterstock_1858350751-e1646661258811.jpg","width":1200,"height":666,"caption":"Az\u0259rbaycan-Rusiya. Foto: Leonid Altman\/shutterstock"},{"@type":"BreadcrumbList","@id":"https:\/\/www.meydan.tv\/az\/article\/baki-ve-kreml-brussel-gorusunden-narahatdir-abs-tenqidleri-qebul-etmir\/#breadcrumb","itemListElement":[{"@type":"ListItem","position":1,"name":"Ana s\u0259hif\u0259","item":"https:\/\/www.meydan.tv\/az\/"},{"@type":"ListItem","position":2,"name":"Siyas\u0259t","item":"https:\/\/www.meydan.tv\/az\/section\/siyaset\/"},{"@type":"ListItem","position":3,"name":"Bak\u0131 v\u0259 Kreml Br\u00fcssel g\u00f6r\u00fc\u015f\u00fcnd\u0259n narahatd\u0131r, AB\u015e t\u0259nqidl\u0259ri q\u0259bul etmir"}]},{"@type":"WebSite","@id":"https:\/\/www.meydan.tv\/az\/#website","url":"https:\/\/www.meydan.tv\/az\/","name":"MEYDAN.TV","description":"Meydan TV Az\u0259rbaycan\u0131n media m\u0259kan\u0131ndak\u0131 alternativ s\u0259sidir","publisher":{"@id":"https:\/\/www.meydan.tv\/az\/#organization"},"potentialAction":[{"@type":"SearchAction","target":{"@type":"EntryPoint","urlTemplate":"https:\/\/www.meydan.tv\/az\/?s={search_term_string}"},"query-input":{"@type":"PropertyValueSpecification","valueRequired":true,"valueName":"search_term_string"}}],"inLanguage":"az"},{"@type":"Organization","@id":"https:\/\/www.meydan.tv\/az\/#organization","name":"Meydan TV","url":"https:\/\/www.meydan.tv\/az\/","logo":{"@type":"ImageObject","inLanguage":"az","@id":"https:\/\/www.meydan.tv\/az\/#\/schema\/logo\/image\/","url":"https:\/\/www.meydan.tv\/wp-content\/uploads\/2021\/07\/meydan-logo.svg","contentUrl":"https:\/\/www.meydan.tv\/wp-content\/uploads\/2021\/07\/meydan-logo.svg","width":195,"height":46,"caption":"Meydan TV"},"image":{"@id":"https:\/\/www.meydan.tv\/az\/#\/schema\/logo\/image\/"}},{"@type":"Person","@id":"https:\/\/www.meydan.tv\/az\/#\/schema\/person\/9cdbecf90d17180ce1dfbd95b08dcf47","name":"elli","sameAs":["https:\/\/x.com\/elli"]}]}},"_links":{"self":[{"href":"https:\/\/www.meydan.tv\/az\/wp-json\/wp\/v2\/posts\/302127","targetHints":{"allow":["GET"]}}],"collection":[{"href":"https:\/\/www.meydan.tv\/az\/wp-json\/wp\/v2\/posts"}],"about":[{"href":"https:\/\/www.meydan.tv\/az\/wp-json\/wp\/v2\/types\/post"}],"author":[{"embeddable":true,"href":"https:\/\/www.meydan.tv\/az\/wp-json\/wp\/v2\/users\/8"}],"replies":[{"embeddable":true,"href":"https:\/\/www.meydan.tv\/az\/wp-json\/wp\/v2\/comments?post=302127"}],"version-history":[{"count":4,"href":"https:\/\/www.meydan.tv\/az\/wp-json\/wp\/v2\/posts\/302127\/revisions"}],"predecessor-version":[{"id":302140,"href":"https:\/\/www.meydan.tv\/az\/wp-json\/wp\/v2\/posts\/302127\/revisions\/302140"}],"wp:featuredmedia":[{"embeddable":true,"href":"https:\/\/www.meydan.tv\/az\/wp-json\/wp\/v2\/media\/237466"}],"wp:attachment":[{"href":"https:\/\/www.meydan.tv\/az\/wp-json\/wp\/v2\/media?parent=302127"}],"wp:term":[{"taxonomy":"category","embeddable":true,"href":"https:\/\/www.meydan.tv\/az\/wp-json\/wp\/v2\/categories?post=302127"},{"taxonomy":"post_tag","embeddable":true,"href":"https:\/\/www.meydan.tv\/az\/wp-json\/wp\/v2\/tags?post=302127"}],"curies":[{"name":"wp","href":"https:\/\/api.w.org\/{rel}","templated":true}]}}