{"id":302087,"date":"2024-03-27T18:34:12","date_gmt":"2024-03-27T14:34:12","guid":{"rendered":"https:\/\/www.meydan.tv\/?p=302087"},"modified":"2024-03-27T18:34:15","modified_gmt":"2024-03-27T14:34:15","slug":"kecmis-rektorun-15-il-azadliqdan-mehrum-edilmesi-teleb-olunur-prorektorun-qetline-sifarise-gore","status":"publish","type":"post","link":"https:\/\/www.meydan.tv\/az\/article\/kecmis-rektorun-15-il-azadliqdan-mehrum-edilmesi-teleb-olunur-prorektorun-qetline-sifarise-gore\/","title":{"rendered":"Ke\u00e7mi\u015f rektorun 15 il azadl\u0131qdan m\u0259hrum edilm\u0259si t\u0259l\u0259b olunur: prorektorun q\u0259tlin\u0259 sifari\u015f\u0259 g\u00f6r\u0259&#8230;"},"content":{"rendered":"\n<p><\/p>\n\n\n\n<p><strong><em>M\u00fc\u015ffiq Ataki\u015fiyev \u00f6z\u00fcn\u00fc t\u0259qsirli bilmir<\/em><\/strong><\/p>\n\n\n\n<p>13 il \u0259vv\u0259l \u201cT\u0259f\u0259kk\u00fcr\u201d Universitetinin prorektoru Tariyel \u018fhm\u0259dovun q\u0259tlin\u0259 sifari\u015f verm\u0259kd\u0259 ittiham olunan, h\u0259min universitetin o vaxtk\u0131 rektoru, Az\u0259rbaycan Milli Elml\u0259r Akademiyas\u0131n\u0131n \u0130qtisadiyyat \u0130nstitutunun icra\u00e7\u0131 direktoru M\u00fc\u015ffiq Ataki\u015fiyev\u0259 prokuror 15 il azadl\u0131qdan m\u0259hrumetm\u0259 c\u0259zas\u0131 ist\u0259yib.<\/p>\n\n\n\n<p>Mart\u0131n 27-d\u0259 Bak\u0131 A\u011f\u0131r Cinay\u0259tl\u0259r M\u0259hk\u0259m\u0259sind\u0259 hakim Siyavu\u015f Hac\u0131yevin s\u0259drliyil\u0259 ke\u00e7iril\u0259n m\u0259hk\u0259m\u0259 prosesind\u0259 d\u00f6vl\u0259t ittiham\u00e7\u0131s\u0131 C\u00f6vd\u0259t Mehr\u0259liyev \u00e7\u0131x\u0131\u015f edib.<\/p>\n\n\n\n<p>Prokuror bildirib ki, M\u00fc\u015ffiq Ataki\u015fiyev, el\u0259c\u0259 d\u0259 bu cinay\u0259td\u0259 t\u0259qsirl\u0259ndiril\u0259n daha iki n\u0259f\u0259r \u2013 D\u0259yan\u0259t Quliyev v\u0259 Samir Quliyev\u0259 qar\u015f\u0131 ittiham m\u0259hk\u0259m\u0259d\u0259 t\u0259sdiqini tap\u0131b.<\/p>\n\n\n\n<p>D\u00f6vl\u0259t ittiham\u00e7\u0131s\u0131 adlar\u0131 \u00e7\u0259kil\u0259n dig\u0259r iki t\u0259qsirl\u0259ndiril\u0259n \u015f\u0259xsin d\u0259 15 il azadl\u0131qdan m\u0259hrum edilm\u0259sini ist\u0259yib.<\/p>\n\n\n\n<p>T\u0259qsirl\u0259ndiril\u0259n \u015f\u0259xsl\u0259rd\u0259n D\u0259yan\u0259t Quliyev M\u00fc\u015ffiq Ataki\u015fiyevin bac\u0131s\u0131 o\u011fludur.<\/p>\n\n\n\n<p>O, uzun ill\u0259r polis mayoru kimi daxili i\u015fl\u0259r orqanlar\u0131nda \u00e7al\u0131\u015f\u0131b.<\/p>\n\n\n\n<p>Samir Quliyev is\u0259 \u0130mi\u015fli \u015f\u0259h\u0259rind\u0259 D\u0259yan\u0259t Quliyevgilin qon\u015fusu olub, onlar yolda\u015fl\u0131q edibl\u0259r.<\/p>\n\n\n\n<p>T\u0259qsirl\u0259ndiril\u0259n \u015f\u0259xsl\u0259rin \u00fc\u00e7\u00fc d\u0259 Cinay\u0259t M\u0259c\u0259ll\u0259sinin 120.2.5-ci (tamah m\u0259qs\u0259dil\u0259 q\u0259sd\u0259n adam \u00f6ld\u00fcrm\u0259) madd\u0259sil\u0259 ittiham olunur.<\/p>\n\n\n\n<p>2011-ci ild\u0259 ba\u015f vermi\u015f q\u0259tlin \u00fcst\u00fc 12 il sonra \u2013 2023-c\u00fc ild\u0259 D\u0259yan\u0259t Quliyevin Daxili \u0130\u015fl\u0259r Nazirliyinin \u201c102\u201d xidm\u0259tin\u0259 z\u0259ng edib, cinay\u0259ti etiraf etm\u0259sil\u0259 a\u00e7\u0131l\u0131b.<\/p>\n\n\n\n<p>O, m\u0259lumat ver\u0259rk\u0259n cinay\u0259ti \u00f6z\u00fcn\u00fcn t\u00f6r\u0259tdiyini deyib.<\/p>\n\n\n\n<p>Elan edil\u0259n s\u0259n\u0259dl\u0259rd\u0259n o da m\u0259lum olub ki, D\u0259yan\u0259t Quliyev \u201c102\u201dd\u0259n \u0259vv\u0259l 21 d\u0259f\u0259 day\u0131s\u0131 M\u00fc\u015ffiq Ataki\u015fiyev\u0259 z\u0259ng edib.<\/p>\n\n\n\n<p>M\u0259hk\u0259m\u0259d\u0259ki dindirm\u0259l\u0259r v\u0259 s\u0259n\u0259dl\u0259rin elan\u0131ndan m\u0259lum olub ki, bac\u0131s\u0131 o\u011flu M\u00fc\u015ffiq Ataki\u015fiyevd\u0259n pul ist\u0259yirmi\u015f.<\/p>\n\n\n\n<p>Sabiq rektor \u00f6z\u00fc d\u0259 m\u0259hk\u0259m\u0259d\u0259 ifad\u0259sind\u0259 bunu t\u0259sdiql\u0259yib.<\/p>\n\n\n\n<p>O bildirib ki, D\u0259yan\u0259t Quliyev\u0259 d\u0259f\u0259l\u0259rl\u0259 pul verib, maddi-sosial durumunun yax\u015f\u0131la\u015fmas\u0131nda ona k\u00f6m\u0259k edib, lakin son vaxtlar o, qumara qur\u015fand\u0131\u011f\u0131na g\u00f6r\u0259 pul verm\u0259kd\u0259n imtina edib:<\/p>\n\n\n\n<p>\u201c<em>Dedim ki, m\u0259nim qumar \u00fc\u00e7\u00fcn veril\u0259si pulum yoxdur\u201d.<\/em><\/p>\n\n\n\n<p>\u0130ttihama \u0259sas\u0259n, M\u00fc\u015ffiq Ataki\u015fiyev prorektorun onu n\u00fcfuzdan sald\u0131\u011f\u0131n\u0131, yerin\u0259 rektor v\u0259zif\u0259sin\u0259 ke\u00e7m\u0259k ist\u0259diyini d\u00fc\u015f\u00fcn\u0259r\u0259k, bac\u0131s\u0131 o\u011flu D\u0259yan\u0259t Quliyev\u0259 onu avtomobill\u0259 vurmaq v\u0259 ya ba\u015fqa bir yolla aradan g\u00f6t\u00fcrm\u0259k tap\u015f\u0131r\u0131\u011f\u0131 verib.<\/p>\n\n\n\n<p>O is\u0259 day\u0131s\u0131n\u0131n uzun ill\u0259r ona maddi v\u0259 m\u0259n\u0259vi d\u0259st\u0259yini n\u0259z\u0259r\u0259 alaraq, onun ist\u0259diyini yerin\u0259 yetirm\u0259k q\u0259rar\u0131n\u0131 verib. Lakin plandan k\u0259nara \u00e7\u0131xaraq, day\u0131s\u0131n\u0131n tap\u015f\u0131rd\u0131\u011f\u0131 i\u015fi h\u0259myerlisi v\u0259 dostu Samir Quliyev\u0259 40 min dollar m\u00fcqabilind\u0259 h\u0259val\u0259 edib. Amma ona bu i\u015fin sifari\u015f\u00e7isinin M\u00fc\u015ffiq Ataki\u015fiyev oldu\u011funu bildirm\u0259yib.<\/p>\n\n\n\n<p>D\u0259yan\u0259t Quliyev dostu Samir Quliyevi prorektorun ya\u015fad\u0131\u011f\u0131 evin yax\u0131nl\u0131\u011f\u0131nda idman etdiyi meydan\u00e7aya apararaq, onu g\u00f6st\u0259rib.<\/p>\n\n\n\n<p>Samir Quliyev 10 g\u00fcn \u0259rzind\u0259 onu izl\u0259dikd\u0259n sonra 2011-ci il sentyabr\u0131n 16-da s\u0259h\u0259r saat 5 rad\u0259l\u0259rind\u0259 d\u0259mir boru par\u00e7as\u0131yla onu ba\u015f\u0131ndan vuraraq, q\u0259tl\u0259 yetirib.<\/p>\n\n\n\n<p>M\u00fc\u015ffiq Ataki\u015fiyev m\u0259hk\u0259m\u0259d\u0259 bildirib ki, \u00f6z\u00fcn\u00fc q\u0259sd\u0259n adam \u00f6ld\u00fcrm\u0259 ittiham\u0131yla t\u0259qsirli bilmir.<\/p>\n\n\n\n<p>Amma Cinay\u0259t M\u0259c\u0259ll\u0259sinin 126.1 (q\u0259sd\u0259n sa\u011flaml\u0131\u011fa a\u011f\u0131r x\u0259sar\u0259t yetirm\u0259) madd\u0259sil\u0259 \u00f6z\u00fcn\u00fc t\u0259qsirli say\u0131r. Onun s\u00f6zl\u0259rin\u0259 g\u00f6r\u0259, m\u0259rhum prorektoru 1-2 ayl\u0131q i\u015fd\u0259n uzaqla\u015fd\u0131rmaq \u00fc\u00e7\u00fcn ona x\u0259sar\u0259t yetirilm\u0259sini ist\u0259yib, lakin onu \u00f6ld\u00fcrm\u0259k niyy\u0259ti q\u0259tiyy\u0259n olmay\u0131b.<\/p>\n\n\n\n<p>Dig\u0259r t\u0259qsirl\u0259ndiril\u0259n \u015f\u0259xsl\u0259r d\u0259 bu cinay\u0259ti pul m\u00fcqabilind\u0259 t\u00f6r\u0259tm\u0259dikl\u0259rini deyirl\u0259r.<\/p>\n\n\n\n<p>D\u0259yan\u0259t Quliyev bildirib ki, day\u0131s\u0131n\u0131n onun \u00fcz\u0259rind\u0259 z\u0259hm\u0259ti \u00e7ox olmu\u015fdu, bu s\u0259b\u0259bd\u0259n cinay\u0259ti t\u00f6r\u0259tm\u0259k q\u0259rar\u0131na g\u0259lib.<\/p>\n\n\n\n<p>Samir Quliyev is\u0259 deyir ki, D\u0259yan\u0259tl\u0259 uzun ill\u0259r dost idil\u0259r, onun xahi\u015fini yerin\u0259 yetirib.<\/p>\n\n\n\n<p>M\u00fc\u015ffiq Ataki\u015fiyev bu h\u0259r\u0259k\u0259tinin s\u0259b\u0259bi bar\u0259d\u0259 dan\u0131\u015fark\u0259n deyib ki, Tariyel \u018fhm\u0259dovu 1995-ci ild\u0259n tan\u0131y\u0131rd\u0131.<\/p>\n\n\n\n<p>Son vaxtlar onun rektor v\u0259zif\u0259sin\u0259 iddial\u0131 oldu\u011funu e\u015fitmi\u015fdi. Bu s\u0259b\u0259bd\u0259n bac\u0131s\u0131 o\u011flundan xahi\u015f edib ki, Tariyel \u018fhm\u0259dova x\u0259sar\u0259t yetirsin, prorektor x\u0259st\u0259xanaya d\u00fc\u015fs\u00fcn:<\/p>\n\n\n\n<p><em>\u201cTap\u015f\u0131rd\u0131m ki, x\u0259st\u0259xanal\u0131q el\u0259sin, onun \u00f6lm\u0259yini ist\u0259mirdim. \u00c7\u00fcnki onunla aram\u0131zda konflikt vard\u0131. \u00d6l\u0259nd\u0259 ham\u0131 m\u0259nd\u0259n \u015f\u00fcbh\u0259l\u0259n\u0259c\u0259kdi\u201d.<\/em><\/p>\n\n\n\n<p>\u0130qtisad elml\u0259ri namiz\u0259di olan 1966-c\u0131 il t\u0259v\u0259ll\u00fcdl\u00fc M\u00fc\u015ffiq Ataki\u015fiyev Az\u0259rbaycan Neft v\u0259 Kimya \u0130nstitutunu (haz\u0131rda Az\u0259rbaycan D\u00f6vl\u0259t Neft v\u0259 S\u0259naye Universiteti) bitirib.<\/p>\n\n\n\n<p>2005-ci ild\u0259 professor ad\u0131n\u0131 alan Ataki\u015fiyev 2008-2010-ci ill\u0259rd\u0259 Ali Attestasiya Komissiyas\u0131n\u0131n iqtisadiyyat \u00fczr\u0259 ekspert komissiyas\u0131n\u0131n s\u0259dri, eyni zamanda, 2000-2014-c\u00fc ill\u0259rd\u0259 Az\u0259rbaycan D\u00f6vl\u0259t Neft Akademiyas\u0131n\u0131n kafedra m\u00fcdiri olub.<\/p>\n\n\n\n<p>2022-ci ild\u0259n is\u0259 \u0130qtisadiyyat \u0130nstitutunun icra\u00e7\u0131 direktoru idi.<\/p>\n\n\n\n<p>\u201cT\u0259f\u0259kk\u00fcr\u201d Universitetinin lisenziyas\u0131 2017-ci ild\u0259 l\u0259\u011fv edilib.<\/p>\n","protected":false},"excerpt":{"rendered":"<p>M\u00fc\u015ffiq Ataki\u015fiyev \u00f6z\u00fcn\u00fc t\u0259qsirli bilmir 13 il \u0259vv\u0259l \u201cT\u0259f\u0259kk\u00fcr\u201d Universitetinin &#8230; <\/p>\n<p class=\"read-more-container\"><a title=\"Ke\u00e7mi\u015f rektorun 15 il azadl\u0131qdan m\u0259hrum edilm\u0259si t\u0259l\u0259b olunur: prorektorun q\u0259tlin\u0259 sifari\u015f\u0259 g\u00f6r\u0259&#8230;\" class=\"read-more button\" href=\"https:\/\/www.meydan.tv\/az\/article\/kecmis-rektorun-15-il-azadliqdan-mehrum-edilmesi-teleb-olunur-prorektorun-qetline-sifarise-gore\/#more-302087\" aria-label=\"Read more about Ke\u00e7mi\u015f rektorun 15 il azadl\u0131qdan m\u0259hrum edilm\u0259si t\u0259l\u0259b olunur: prorektorun q\u0259tlin\u0259 sifari\u015f\u0259 g\u00f6r\u0259&#8230;\">Davam\u0131<\/a><\/p>\n","protected":false},"author":8,"featured_media":290523,"comment_status":"closed","ping_status":"closed","sticky":false,"template":"","format":"standard","meta":{"_acf_changed":false,"_sitemap_exclude":false,"_sitemap_priority":"","_sitemap_frequency":"","footnotes":""},"categories":[62,56],"tags":[],"class_list":["post-302087","post","type-post","status-publish","format-standard","has-post-thumbnail","hentry","category-sosial","category-xeberler","infinite-scroll-item","generate-columns","tablet-grid-50","mobile-grid-100","grid-parent","grid-33","no-featured-image-padding"],"acf":[],"yoast_head":"<!-- This site is optimized with the Yoast SEO plugin v27.5 - https:\/\/yoast.com\/product\/yoast-seo-wordpress\/ -->\n<title>Ke\u00e7mi\u015f rektorun 15 il azadl\u0131qdan m\u0259hrum edilm\u0259si t\u0259l\u0259b olunur: prorektorun q\u0259tlin\u0259 sifari\u015f\u0259 g\u00f6r\u0259... - MEYDAN.TV<\/title>\n<meta name=\"robots\" content=\"index, follow, max-snippet:-1, max-image-preview:large, max-video-preview:-1\" \/>\n<link rel=\"canonical\" href=\"https:\/\/www.meydan.tv\/az\/article\/kecmis-rektorun-15-il-azadliqdan-mehrum-edilmesi-teleb-olunur-prorektorun-qetline-sifarise-gore\/\" \/>\n<meta property=\"og:locale\" content=\"az_AZ\" \/>\n<meta property=\"og:type\" content=\"article\" \/>\n<meta property=\"og:title\" content=\"Ke\u00e7mi\u015f rektorun 15 il azadl\u0131qdan m\u0259hrum edilm\u0259si t\u0259l\u0259b olunur: prorektorun q\u0259tlin\u0259 sifari\u015f\u0259 g\u00f6r\u0259... - MEYDAN.TV\" \/>\n<meta property=\"og:description\" content=\"M\u00fc\u015ffiq Ataki\u015fiyev \u00f6z\u00fcn\u00fc t\u0259qsirli bilmir 13 il \u0259vv\u0259l \u201cT\u0259f\u0259kk\u00fcr\u201d Universitetinin ... Davam\u0131\" \/>\n<meta property=\"og:url\" content=\"https:\/\/www.meydan.tv\/az\/article\/kecmis-rektorun-15-il-azadliqdan-mehrum-edilmesi-teleb-olunur-prorektorun-qetline-sifarise-gore\/\" \/>\n<meta property=\"og:site_name\" content=\"MEYDAN.TV\" \/>\n<meta property=\"article:published_time\" content=\"2024-03-27T14:34:12+00:00\" \/>\n<meta property=\"article:modified_time\" content=\"2024-03-27T14:34:15+00:00\" \/>\n<meta property=\"og:image\" content=\"https:\/\/www.meydan.tv\/wp-content\/uploads\/copy-of-untitled-design-1-e1700126006966.jpg\" \/>\n\t<meta property=\"og:image:width\" content=\"1920\" \/>\n\t<meta property=\"og:image:height\" content=\"828\" \/>\n\t<meta property=\"og:image:type\" content=\"image\/jpeg\" \/>\n<meta name=\"author\" content=\"elli\" \/>\n<meta name=\"twitter:card\" content=\"summary_large_image\" \/>\n<meta name=\"twitter:creator\" content=\"@elli\" \/>\n<script type=\"application\/ld+json\" class=\"yoast-schema-graph\">{\"@context\":\"https:\\\/\\\/schema.org\",\"@graph\":[{\"@type\":\"Article\",\"@id\":\"https:\\\/\\\/www.meydan.tv\\\/az\\\/article\\\/kecmis-rektorun-15-il-azadliqdan-mehrum-edilmesi-teleb-olunur-prorektorun-qetline-sifarise-gore\\\/#article\",\"isPartOf\":{\"@id\":\"https:\\\/\\\/www.meydan.tv\\\/az\\\/article\\\/kecmis-rektorun-15-il-azadliqdan-mehrum-edilmesi-teleb-olunur-prorektorun-qetline-sifarise-gore\\\/\"},\"author\":{\"name\":\"elli\",\"@id\":\"https:\\\/\\\/www.meydan.tv\\\/az\\\/#\\\/schema\\\/person\\\/9cdbecf90d17180ce1dfbd95b08dcf47\"},\"headline\":\"Ke\u00e7mi\u015f rektorun 15 il azadl\u0131qdan m\u0259hrum edilm\u0259si t\u0259l\u0259b olunur: prorektorun q\u0259tlin\u0259 sifari\u015f\u0259 g\u00f6r\u0259&#8230;\",\"datePublished\":\"2024-03-27T14:34:12+00:00\",\"dateModified\":\"2024-03-27T14:34:15+00:00\",\"mainEntityOfPage\":{\"@id\":\"https:\\\/\\\/www.meydan.tv\\\/az\\\/article\\\/kecmis-rektorun-15-il-azadliqdan-mehrum-edilmesi-teleb-olunur-prorektorun-qetline-sifarise-gore\\\/\"},\"wordCount\":986,\"publisher\":{\"@id\":\"https:\\\/\\\/www.meydan.tv\\\/az\\\/#organization\"},\"image\":{\"@id\":\"https:\\\/\\\/www.meydan.tv\\\/az\\\/article\\\/kecmis-rektorun-15-il-azadliqdan-mehrum-edilmesi-teleb-olunur-prorektorun-qetline-sifarise-gore\\\/#primaryimage\"},\"thumbnailUrl\":\"https:\\\/\\\/www.meydan.tv\\\/wp-content\\\/uploads\\\/copy-of-untitled-design-1-e1700126006966.jpg\",\"articleSection\":[\"Sosial\",\"X\u0259b\u0259rl\u0259r\"],\"inLanguage\":\"az\"},{\"@type\":\"WebPage\",\"@id\":\"https:\\\/\\\/www.meydan.tv\\\/az\\\/article\\\/kecmis-rektorun-15-il-azadliqdan-mehrum-edilmesi-teleb-olunur-prorektorun-qetline-sifarise-gore\\\/\",\"url\":\"https:\\\/\\\/www.meydan.tv\\\/az\\\/article\\\/kecmis-rektorun-15-il-azadliqdan-mehrum-edilmesi-teleb-olunur-prorektorun-qetline-sifarise-gore\\\/\",\"name\":\"Ke\u00e7mi\u015f rektorun 15 il azadl\u0131qdan m\u0259hrum edilm\u0259si t\u0259l\u0259b olunur: prorektorun q\u0259tlin\u0259 sifari\u015f\u0259 g\u00f6r\u0259... - MEYDAN.TV\",\"isPartOf\":{\"@id\":\"https:\\\/\\\/www.meydan.tv\\\/az\\\/#website\"},\"primaryImageOfPage\":{\"@id\":\"https:\\\/\\\/www.meydan.tv\\\/az\\\/article\\\/kecmis-rektorun-15-il-azadliqdan-mehrum-edilmesi-teleb-olunur-prorektorun-qetline-sifarise-gore\\\/#primaryimage\"},\"image\":{\"@id\":\"https:\\\/\\\/www.meydan.tv\\\/az\\\/article\\\/kecmis-rektorun-15-il-azadliqdan-mehrum-edilmesi-teleb-olunur-prorektorun-qetline-sifarise-gore\\\/#primaryimage\"},\"thumbnailUrl\":\"https:\\\/\\\/www.meydan.tv\\\/wp-content\\\/uploads\\\/copy-of-untitled-design-1-e1700126006966.jpg\",\"datePublished\":\"2024-03-27T14:34:12+00:00\",\"dateModified\":\"2024-03-27T14:34:15+00:00\",\"breadcrumb\":{\"@id\":\"https:\\\/\\\/www.meydan.tv\\\/az\\\/article\\\/kecmis-rektorun-15-il-azadliqdan-mehrum-edilmesi-teleb-olunur-prorektorun-qetline-sifarise-gore\\\/#breadcrumb\"},\"inLanguage\":\"az\",\"potentialAction\":[{\"@type\":\"ReadAction\",\"target\":[\"https:\\\/\\\/www.meydan.tv\\\/az\\\/article\\\/kecmis-rektorun-15-il-azadliqdan-mehrum-edilmesi-teleb-olunur-prorektorun-qetline-sifarise-gore\\\/\"]}]},{\"@type\":\"ImageObject\",\"inLanguage\":\"az\",\"@id\":\"https:\\\/\\\/www.meydan.tv\\\/az\\\/article\\\/kecmis-rektorun-15-il-azadliqdan-mehrum-edilmesi-teleb-olunur-prorektorun-qetline-sifarise-gore\\\/#primaryimage\",\"url\":\"https:\\\/\\\/www.meydan.tv\\\/wp-content\\\/uploads\\\/copy-of-untitled-design-1-e1700126006966.jpg\",\"contentUrl\":\"https:\\\/\\\/www.meydan.tv\\\/wp-content\\\/uploads\\\/copy-of-untitled-design-1-e1700126006966.jpg\",\"width\":1920,\"height\":828,\"caption\":\"M\u00fc\u015fviq Ataki\u015fiyev v\u0259 Tariyel \u018fhm\u0259dov. Foto: Wiki\"},{\"@type\":\"BreadcrumbList\",\"@id\":\"https:\\\/\\\/www.meydan.tv\\\/az\\\/article\\\/kecmis-rektorun-15-il-azadliqdan-mehrum-edilmesi-teleb-olunur-prorektorun-qetline-sifarise-gore\\\/#breadcrumb\",\"itemListElement\":[{\"@type\":\"ListItem\",\"position\":1,\"name\":\"Ana s\u0259hif\u0259\",\"item\":\"https:\\\/\\\/www.meydan.tv\\\/az\\\/\"},{\"@type\":\"ListItem\",\"position\":2,\"name\":\"Sosial\",\"item\":\"https:\\\/\\\/www.meydan.tv\\\/az\\\/section\\\/sosial\\\/\"},{\"@type\":\"ListItem\",\"position\":3,\"name\":\"Ke\u00e7mi\u015f rektorun 15 il azadl\u0131qdan m\u0259hrum edilm\u0259si t\u0259l\u0259b olunur: prorektorun q\u0259tlin\u0259 sifari\u015f\u0259 g\u00f6r\u0259&#8230;\"}]},{\"@type\":\"WebSite\",\"@id\":\"https:\\\/\\\/www.meydan.tv\\\/az\\\/#website\",\"url\":\"https:\\\/\\\/www.meydan.tv\\\/az\\\/\",\"name\":\"MEYDAN.TV\",\"description\":\"Meydan TV Az\u0259rbaycan\u0131n media m\u0259kan\u0131ndak\u0131 alternativ s\u0259sidir\",\"publisher\":{\"@id\":\"https:\\\/\\\/www.meydan.tv\\\/az\\\/#organization\"},\"potentialAction\":[{\"@type\":\"SearchAction\",\"target\":{\"@type\":\"EntryPoint\",\"urlTemplate\":\"https:\\\/\\\/www.meydan.tv\\\/az\\\/?s={search_term_string}\"},\"query-input\":{\"@type\":\"PropertyValueSpecification\",\"valueRequired\":true,\"valueName\":\"search_term_string\"}}],\"inLanguage\":\"az\"},{\"@type\":\"Organization\",\"@id\":\"https:\\\/\\\/www.meydan.tv\\\/az\\\/#organization\",\"name\":\"Meydan TV\",\"url\":\"https:\\\/\\\/www.meydan.tv\\\/az\\\/\",\"logo\":{\"@type\":\"ImageObject\",\"inLanguage\":\"az\",\"@id\":\"https:\\\/\\\/www.meydan.tv\\\/az\\\/#\\\/schema\\\/logo\\\/image\\\/\",\"url\":\"https:\\\/\\\/www.meydan.tv\\\/wp-content\\\/uploads\\\/2021\\\/07\\\/meydan-logo.svg\",\"contentUrl\":\"https:\\\/\\\/www.meydan.tv\\\/wp-content\\\/uploads\\\/2021\\\/07\\\/meydan-logo.svg\",\"width\":195,\"height\":46,\"caption\":\"Meydan TV\"},\"image\":{\"@id\":\"https:\\\/\\\/www.meydan.tv\\\/az\\\/#\\\/schema\\\/logo\\\/image\\\/\"}},{\"@type\":\"Person\",\"@id\":\"https:\\\/\\\/www.meydan.tv\\\/az\\\/#\\\/schema\\\/person\\\/9cdbecf90d17180ce1dfbd95b08dcf47\",\"name\":\"elli\",\"sameAs\":[\"https:\\\/\\\/x.com\\\/elli\"]}]}<\/script>\n<!-- \/ Yoast SEO plugin. -->","yoast_head_json":{"title":"Ke\u00e7mi\u015f rektorun 15 il azadl\u0131qdan m\u0259hrum edilm\u0259si t\u0259l\u0259b olunur: prorektorun q\u0259tlin\u0259 sifari\u015f\u0259 g\u00f6r\u0259... - MEYDAN.TV","robots":{"index":"index","follow":"follow","max-snippet":"max-snippet:-1","max-image-preview":"max-image-preview:large","max-video-preview":"max-video-preview:-1"},"canonical":"https:\/\/www.meydan.tv\/az\/article\/kecmis-rektorun-15-il-azadliqdan-mehrum-edilmesi-teleb-olunur-prorektorun-qetline-sifarise-gore\/","og_locale":"az_AZ","og_type":"article","og_title":"Ke\u00e7mi\u015f rektorun 15 il azadl\u0131qdan m\u0259hrum edilm\u0259si t\u0259l\u0259b olunur: prorektorun q\u0259tlin\u0259 sifari\u015f\u0259 g\u00f6r\u0259... - MEYDAN.TV","og_description":"M\u00fc\u015ffiq Ataki\u015fiyev \u00f6z\u00fcn\u00fc t\u0259qsirli bilmir 13 il \u0259vv\u0259l \u201cT\u0259f\u0259kk\u00fcr\u201d Universitetinin ... Davam\u0131","og_url":"https:\/\/www.meydan.tv\/az\/article\/kecmis-rektorun-15-il-azadliqdan-mehrum-edilmesi-teleb-olunur-prorektorun-qetline-sifarise-gore\/","og_site_name":"MEYDAN.TV","article_published_time":"2024-03-27T14:34:12+00:00","article_modified_time":"2024-03-27T14:34:15+00:00","og_image":[{"width":1920,"height":828,"url":"https:\/\/www.meydan.tv\/wp-content\/uploads\/copy-of-untitled-design-1-e1700126006966.jpg","type":"image\/jpeg"}],"author":"elli","twitter_card":"summary_large_image","twitter_creator":"@elli","schema":{"@context":"https:\/\/schema.org","@graph":[{"@type":"Article","@id":"https:\/\/www.meydan.tv\/az\/article\/kecmis-rektorun-15-il-azadliqdan-mehrum-edilmesi-teleb-olunur-prorektorun-qetline-sifarise-gore\/#article","isPartOf":{"@id":"https:\/\/www.meydan.tv\/az\/article\/kecmis-rektorun-15-il-azadliqdan-mehrum-edilmesi-teleb-olunur-prorektorun-qetline-sifarise-gore\/"},"author":{"name":"elli","@id":"https:\/\/www.meydan.tv\/az\/#\/schema\/person\/9cdbecf90d17180ce1dfbd95b08dcf47"},"headline":"Ke\u00e7mi\u015f rektorun 15 il azadl\u0131qdan m\u0259hrum edilm\u0259si t\u0259l\u0259b olunur: prorektorun q\u0259tlin\u0259 sifari\u015f\u0259 g\u00f6r\u0259&#8230;","datePublished":"2024-03-27T14:34:12+00:00","dateModified":"2024-03-27T14:34:15+00:00","mainEntityOfPage":{"@id":"https:\/\/www.meydan.tv\/az\/article\/kecmis-rektorun-15-il-azadliqdan-mehrum-edilmesi-teleb-olunur-prorektorun-qetline-sifarise-gore\/"},"wordCount":986,"publisher":{"@id":"https:\/\/www.meydan.tv\/az\/#organization"},"image":{"@id":"https:\/\/www.meydan.tv\/az\/article\/kecmis-rektorun-15-il-azadliqdan-mehrum-edilmesi-teleb-olunur-prorektorun-qetline-sifarise-gore\/#primaryimage"},"thumbnailUrl":"https:\/\/www.meydan.tv\/wp-content\/uploads\/copy-of-untitled-design-1-e1700126006966.jpg","articleSection":["Sosial","X\u0259b\u0259rl\u0259r"],"inLanguage":"az"},{"@type":"WebPage","@id":"https:\/\/www.meydan.tv\/az\/article\/kecmis-rektorun-15-il-azadliqdan-mehrum-edilmesi-teleb-olunur-prorektorun-qetline-sifarise-gore\/","url":"https:\/\/www.meydan.tv\/az\/article\/kecmis-rektorun-15-il-azadliqdan-mehrum-edilmesi-teleb-olunur-prorektorun-qetline-sifarise-gore\/","name":"Ke\u00e7mi\u015f rektorun 15 il azadl\u0131qdan m\u0259hrum edilm\u0259si t\u0259l\u0259b olunur: prorektorun q\u0259tlin\u0259 sifari\u015f\u0259 g\u00f6r\u0259... - MEYDAN.TV","isPartOf":{"@id":"https:\/\/www.meydan.tv\/az\/#website"},"primaryImageOfPage":{"@id":"https:\/\/www.meydan.tv\/az\/article\/kecmis-rektorun-15-il-azadliqdan-mehrum-edilmesi-teleb-olunur-prorektorun-qetline-sifarise-gore\/#primaryimage"},"image":{"@id":"https:\/\/www.meydan.tv\/az\/article\/kecmis-rektorun-15-il-azadliqdan-mehrum-edilmesi-teleb-olunur-prorektorun-qetline-sifarise-gore\/#primaryimage"},"thumbnailUrl":"https:\/\/www.meydan.tv\/wp-content\/uploads\/copy-of-untitled-design-1-e1700126006966.jpg","datePublished":"2024-03-27T14:34:12+00:00","dateModified":"2024-03-27T14:34:15+00:00","breadcrumb":{"@id":"https:\/\/www.meydan.tv\/az\/article\/kecmis-rektorun-15-il-azadliqdan-mehrum-edilmesi-teleb-olunur-prorektorun-qetline-sifarise-gore\/#breadcrumb"},"inLanguage":"az","potentialAction":[{"@type":"ReadAction","target":["https:\/\/www.meydan.tv\/az\/article\/kecmis-rektorun-15-il-azadliqdan-mehrum-edilmesi-teleb-olunur-prorektorun-qetline-sifarise-gore\/"]}]},{"@type":"ImageObject","inLanguage":"az","@id":"https:\/\/www.meydan.tv\/az\/article\/kecmis-rektorun-15-il-azadliqdan-mehrum-edilmesi-teleb-olunur-prorektorun-qetline-sifarise-gore\/#primaryimage","url":"https:\/\/www.meydan.tv\/wp-content\/uploads\/copy-of-untitled-design-1-e1700126006966.jpg","contentUrl":"https:\/\/www.meydan.tv\/wp-content\/uploads\/copy-of-untitled-design-1-e1700126006966.jpg","width":1920,"height":828,"caption":"M\u00fc\u015fviq Ataki\u015fiyev v\u0259 Tariyel \u018fhm\u0259dov. Foto: Wiki"},{"@type":"BreadcrumbList","@id":"https:\/\/www.meydan.tv\/az\/article\/kecmis-rektorun-15-il-azadliqdan-mehrum-edilmesi-teleb-olunur-prorektorun-qetline-sifarise-gore\/#breadcrumb","itemListElement":[{"@type":"ListItem","position":1,"name":"Ana s\u0259hif\u0259","item":"https:\/\/www.meydan.tv\/az\/"},{"@type":"ListItem","position":2,"name":"Sosial","item":"https:\/\/www.meydan.tv\/az\/section\/sosial\/"},{"@type":"ListItem","position":3,"name":"Ke\u00e7mi\u015f rektorun 15 il azadl\u0131qdan m\u0259hrum edilm\u0259si t\u0259l\u0259b olunur: prorektorun q\u0259tlin\u0259 sifari\u015f\u0259 g\u00f6r\u0259&#8230;"}]},{"@type":"WebSite","@id":"https:\/\/www.meydan.tv\/az\/#website","url":"https:\/\/www.meydan.tv\/az\/","name":"MEYDAN.TV","description":"Meydan TV Az\u0259rbaycan\u0131n media m\u0259kan\u0131ndak\u0131 alternativ s\u0259sidir","publisher":{"@id":"https:\/\/www.meydan.tv\/az\/#organization"},"potentialAction":[{"@type":"SearchAction","target":{"@type":"EntryPoint","urlTemplate":"https:\/\/www.meydan.tv\/az\/?s={search_term_string}"},"query-input":{"@type":"PropertyValueSpecification","valueRequired":true,"valueName":"search_term_string"}}],"inLanguage":"az"},{"@type":"Organization","@id":"https:\/\/www.meydan.tv\/az\/#organization","name":"Meydan TV","url":"https:\/\/www.meydan.tv\/az\/","logo":{"@type":"ImageObject","inLanguage":"az","@id":"https:\/\/www.meydan.tv\/az\/#\/schema\/logo\/image\/","url":"https:\/\/www.meydan.tv\/wp-content\/uploads\/2021\/07\/meydan-logo.svg","contentUrl":"https:\/\/www.meydan.tv\/wp-content\/uploads\/2021\/07\/meydan-logo.svg","width":195,"height":46,"caption":"Meydan TV"},"image":{"@id":"https:\/\/www.meydan.tv\/az\/#\/schema\/logo\/image\/"}},{"@type":"Person","@id":"https:\/\/www.meydan.tv\/az\/#\/schema\/person\/9cdbecf90d17180ce1dfbd95b08dcf47","name":"elli","sameAs":["https:\/\/x.com\/elli"]}]}},"_links":{"self":[{"href":"https:\/\/www.meydan.tv\/az\/wp-json\/wp\/v2\/posts\/302087","targetHints":{"allow":["GET"]}}],"collection":[{"href":"https:\/\/www.meydan.tv\/az\/wp-json\/wp\/v2\/posts"}],"about":[{"href":"https:\/\/www.meydan.tv\/az\/wp-json\/wp\/v2\/types\/post"}],"author":[{"embeddable":true,"href":"https:\/\/www.meydan.tv\/az\/wp-json\/wp\/v2\/users\/8"}],"replies":[{"embeddable":true,"href":"https:\/\/www.meydan.tv\/az\/wp-json\/wp\/v2\/comments?post=302087"}],"version-history":[{"count":3,"href":"https:\/\/www.meydan.tv\/az\/wp-json\/wp\/v2\/posts\/302087\/revisions"}],"predecessor-version":[{"id":302090,"href":"https:\/\/www.meydan.tv\/az\/wp-json\/wp\/v2\/posts\/302087\/revisions\/302090"}],"wp:featuredmedia":[{"embeddable":true,"href":"https:\/\/www.meydan.tv\/az\/wp-json\/wp\/v2\/media\/290523"}],"wp:attachment":[{"href":"https:\/\/www.meydan.tv\/az\/wp-json\/wp\/v2\/media?parent=302087"}],"wp:term":[{"taxonomy":"category","embeddable":true,"href":"https:\/\/www.meydan.tv\/az\/wp-json\/wp\/v2\/categories?post=302087"},{"taxonomy":"post_tag","embeddable":true,"href":"https:\/\/www.meydan.tv\/az\/wp-json\/wp\/v2\/tags?post=302087"}],"curies":[{"name":"wp","href":"https:\/\/api.w.org\/{rel}","templated":true}]}}