{"id":302070,"date":"2024-03-27T17:00:02","date_gmt":"2024-03-27T13:00:02","guid":{"rendered":"https:\/\/www.meydan.tv\/?p=302070"},"modified":"2024-03-27T17:00:06","modified_gmt":"2024-03-27T13:00:06","slug":"ailesini-qetle-yetirmekde-teqsirlendirilen-ehmed-ehmedov-tecridxanaya-qaytarilib","status":"publish","type":"post","link":"https:\/\/www.meydan.tv\/az\/article\/ailesini-qetle-yetirmekde-teqsirlendirilen-ehmed-ehmedov-tecridxanaya-qaytarilib\/","title":{"rendered":"Ail\u0259sini q\u0259tl\u0259 yetirm\u0259kd\u0259 t\u0259qsirl\u0259ndiril\u0259n \u018fhm\u0259d \u018fhm\u0259dov t\u0259cridxanaya qaytar\u0131l\u0131b"},"content":{"rendered":"\n<p><\/p>\n\n\n\n<p><strong><em>Onun psixi durumuyla ba\u011fl\u0131 yekun r\u0259y h\u0259l\u0259 a\u00e7\u0131qlanmay\u0131b<\/em><\/strong><\/p>\n\n\n\n<p>Anas\u0131n\u0131, atas\u0131n\u0131, azya\u015fl\u0131 qarda\u015f\u0131n\u0131, bac\u0131s\u0131n\u0131 v\u0259 onun 5 ya\u015fl\u0131 q\u0131z\u0131n\u0131 \u00f6ld\u00fcrm\u0259kd\u0259 ittiham olunan \u018fhm\u0259d \u018fhm\u0259dovun anlaql\u0131 olub-olmad\u0131\u011f\u0131n\u0131 m\u00fc\u0259yy\u0259nl\u0259\u015fdirm\u0259k \u00fc\u00e7\u00fcn o, fevral\u0131n sonunda Ma\u015fta\u011fadak\u0131 1 sayl\u0131 Respublika Psixiatriya X\u0259st\u0259xanas\u0131na k\u00f6\u00e7\u00fcr\u00fclm\u00fc\u015fd\u00fc. Bu q\u0259rar\u0131 X\u0259tai Rayon M\u0259hk\u0259m\u0259si prokurorun t\u0259qdimat\u0131 \u0259sas\u0131nda vermi\u015fdi.<\/p>\n\n\n\n<p>Psixiatriya sah\u0259sind\u0259 m\u00fct\u0259x\u0259ssisl\u0259r onu m\u00fcayin\u0259 edib, hadis\u0259ni t\u00f6r\u0259d\u0259rk\u0259n anlaql\u0131 olub-olmad\u0131\u011f\u0131, el\u0259c\u0259 d\u0259 haz\u0131rk\u0131 psixi durumuyla ba\u011fl\u0131 r\u0259y verm\u0259li idil\u0259r.<\/p>\n\n\n\n<p>Meydan TV-nin m\u0259lumat\u0131na g\u00f6r\u0259, \u018fhm\u0259d \u018fhm\u0259dovun psixi durumuyla ba\u011fl\u0131 ekspertizalar ba\u015fa \u00e7at\u0131b.<\/p>\n\n\n\n<p>\u018fhm\u0259d \u018fhm\u0259dov mart\u0131n 22-d\u0259 Bak\u0131 \u0130stintaq T\u0259cridxanas\u0131na qaytar\u0131l\u0131b.<\/p>\n\n\n\n<p>X\u0259st\u0259xanada \u018fhm\u0259d \u018fhm\u0259dovu bir ne\u00e7\u0259 h\u0259kim m\u00fcayin\u0259 edib.<\/p>\n\n\n\n<p>H\u0259r biri d\u0259 ayr\u0131-ayr\u0131l\u0131qda r\u0259y verib. H\u0259l\u0259 ki yekun r\u0259y haz\u0131r deyil.<\/p>\n\n\n\n<p>Haz\u0131rda m\u00fcxt\u0259lif h\u0259kiml\u0259rin verdiyi r\u0259yl\u0259r m\u00fczakir\u0259 olunur.<\/p>\n\n\n\n<p>Ail\u0259 \u00fczvl\u0259rini q\u0259tl\u0259 yetirm\u0259kd\u0259 ittiham olunan 25 ya\u015fl\u0131 \u018fhm\u0259d \u018fhm\u0259dova qar\u015f\u0131 Cinay\u0259t M\u0259c\u0259ll\u0259sinin 120.2.4 (x\u00fcsusi amans\u0131zl\u0131qla adam \u00f6ld\u00fcrm\u0259), 120.2.7 (iki v\u0259 ya daha \u00e7ox \u015f\u0259xsi \u00f6ld\u00fcrm\u0259) v\u0259 ba\u015fqa madd\u0259l\u0259ril\u0259 ittiham ir\u0259li s\u00fcr\u00fcl\u00fcb.<\/p>\n\n\n\n<p>Bu madd\u0259l\u0259rl\u0259 20 il\u0259 q\u0259d\u0259r v\u0259 ya \u00f6m\u00fcrl\u00fck azadl\u0131qdan m\u0259hrumetm\u0259 c\u0259zas\u0131 n\u0259z\u0259rd\u0259 tutulub.<\/p>\n\n\n\n<p>Hadis\u0259 fevral\u0131n 13-d\u0259 ax\u015fam saat 16.30 rad\u0259l\u0259rind\u0259 ba\u015f verib.<\/p>\n\n\n\n<p>\u0130ttihama g\u00f6r\u0259, \u018fhm\u0259d \u018fhm\u0259dov paytaxt\u0131n G\u00fcn\u0259\u015fli q\u0259s\u0259b\u0259sind\u0259 ya\u015fayan bac\u0131s\u0131 \u2013 1997-ci il t\u0259v\u0259ll\u00fcdl\u00fc Elmira \u018fhm\u0259dova v\u0259 onun 5 ya\u015fl\u0131 q\u0131z\u0131n\u0131 balta il\u0259 q\u0259tl\u0259 yetirib.<\/p>\n\n\n\n<p>O, daha sonra X\u0259tai rayonu, \u018fhm\u0259dli q\u0259s\u0259b\u0259sind\u0259 valideynl\u0259rinin ya\u015fad\u0131\u011f\u0131 ev\u0259 g\u0259lib.<\/p>\n\n\n\n<p>\u00d6nc\u0259 evd\u0259 olan atas\u0131, 1972-ci il t\u0259v\u0259ll\u00fcdl\u00fc Mehman \u018fhm\u0259dovu balta il\u0259 \u00f6ld\u00fcr\u00fcb.<\/p>\n\n\n\n<p>Daha sonra anas\u0131 Bik\u0259 \u018fhm\u0259dova v\u0259 9 ya\u015fl\u0131 qarda\u015f\u0131 M\u0259h\u0259mm\u0259din g\u0259lm\u0259sini g\u00f6zl\u0259yib.<\/p>\n\n\n\n<p>Ana v\u0259 u\u015faq birlikd\u0259 g\u0259l\u0259nd\u0259 onlar\u0131n da eyni \u00fcsulla \u00f6ld\u00fcr\u00fcld\u00fcy\u00fc bildirilir.<\/p>\n\n\n\n<p>Q\u0259tl\u0259 yetiril\u0259n 47 ya\u015fl\u0131 Bik\u0259 \u018fhm\u0259dova Bak\u0131dak\u0131 59 sayl\u0131 m\u0259kt\u0259bin direktoru idi.<\/p>\n\n\n\n<p>Qohumlar\u0131n\u0131n verdiyi ilkin m\u0259lumatlara g\u00f6r\u0259, \u018fhm\u0259d \u018fhm\u0259dovun psixi probleml\u0259ri vard\u0131.<\/p>\n\n\n\n<p>Bu \u00fczd\u0259n onun \u0259vv\u0259ll\u0259r x\u0259st\u0259xanada m\u00fcalic\u0259 ald\u0131\u011f\u0131, davaml\u0131 \u015f\u0259kild\u0259 d\u0259rmanlar q\u0259bul etdiyi bildirilir.<\/p>\n","protected":false},"excerpt":{"rendered":"<p>Onun psixi durumuyla ba\u011fl\u0131 yekun r\u0259y h\u0259l\u0259 a\u00e7\u0131qlanmay\u0131b Anas\u0131n\u0131, atas\u0131n\u0131, &#8230; <\/p>\n<p class=\"read-more-container\"><a title=\"Ail\u0259sini q\u0259tl\u0259 yetirm\u0259kd\u0259 t\u0259qsirl\u0259ndiril\u0259n \u018fhm\u0259d \u018fhm\u0259dov t\u0259cridxanaya qaytar\u0131l\u0131b\" class=\"read-more button\" href=\"https:\/\/www.meydan.tv\/az\/article\/ailesini-qetle-yetirmekde-teqsirlendirilen-ehmed-ehmedov-tecridxanaya-qaytarilib\/#more-302070\" aria-label=\"Read more about Ail\u0259sini q\u0259tl\u0259 yetirm\u0259kd\u0259 t\u0259qsirl\u0259ndiril\u0259n \u018fhm\u0259d \u018fhm\u0259dov t\u0259cridxanaya qaytar\u0131l\u0131b\">Davam\u0131<\/a><\/p>\n","protected":false},"author":8,"featured_media":211098,"comment_status":"closed","ping_status":"closed","sticky":false,"template":"","format":"standard","meta":{"_acf_changed":false,"_sitemap_exclude":false,"_sitemap_priority":"","_sitemap_frequency":"","footnotes":""},"categories":[62,56],"tags":[],"class_list":["post-302070","post","type-post","status-publish","format-standard","has-post-thumbnail","hentry","category-sosial","category-xeberler","infinite-scroll-item","generate-columns","tablet-grid-50","mobile-grid-100","grid-parent","grid-33","no-featured-image-padding"],"acf":[],"yoast_head":"<!-- This site is optimized with the Yoast SEO plugin v27.5 - https:\/\/yoast.com\/product\/yoast-seo-wordpress\/ -->\n<title>Ail\u0259sini q\u0259tl\u0259 yetirm\u0259kd\u0259 t\u0259qsirl\u0259ndiril\u0259n \u018fhm\u0259d \u018fhm\u0259dov t\u0259cridxanaya qaytar\u0131l\u0131b - MEYDAN.TV<\/title>\n<meta name=\"robots\" content=\"index, follow, max-snippet:-1, max-image-preview:large, max-video-preview:-1\" \/>\n<link rel=\"canonical\" href=\"https:\/\/www.meydan.tv\/az\/article\/ailesini-qetle-yetirmekde-teqsirlendirilen-ehmed-ehmedov-tecridxanaya-qaytarilib\/\" \/>\n<meta property=\"og:locale\" content=\"az_AZ\" \/>\n<meta property=\"og:type\" content=\"article\" \/>\n<meta property=\"og:title\" content=\"Ail\u0259sini q\u0259tl\u0259 yetirm\u0259kd\u0259 t\u0259qsirl\u0259ndiril\u0259n \u018fhm\u0259d \u018fhm\u0259dov t\u0259cridxanaya qaytar\u0131l\u0131b - MEYDAN.TV\" \/>\n<meta property=\"og:description\" content=\"Onun psixi durumuyla ba\u011fl\u0131 yekun r\u0259y h\u0259l\u0259 a\u00e7\u0131qlanmay\u0131b Anas\u0131n\u0131, atas\u0131n\u0131, ... Davam\u0131\" \/>\n<meta property=\"og:url\" content=\"https:\/\/www.meydan.tv\/az\/article\/ailesini-qetle-yetirmekde-teqsirlendirilen-ehmed-ehmedov-tecridxanaya-qaytarilib\/\" \/>\n<meta property=\"og:site_name\" content=\"MEYDAN.TV\" \/>\n<meta property=\"article:published_time\" content=\"2024-03-27T13:00:02+00:00\" \/>\n<meta property=\"article:modified_time\" content=\"2024-03-27T13:00:06+00:00\" \/>\n<meta property=\"og:image\" content=\"https:\/\/www.meydan.tv\/wp-content\/uploads\/image_from_ios_10_t6fgcxo-scaled-e1664353406977.jpg\" \/>\n\t<meta property=\"og:image:width\" content=\"2560\" \/>\n\t<meta property=\"og:image:height\" content=\"1523\" \/>\n\t<meta property=\"og:image:type\" content=\"image\/jpeg\" \/>\n<meta name=\"author\" content=\"elli\" \/>\n<meta name=\"twitter:card\" content=\"summary_large_image\" \/>\n<meta name=\"twitter:creator\" content=\"@elli\" \/>\n<script type=\"application\/ld+json\" class=\"yoast-schema-graph\">{\"@context\":\"https:\\\/\\\/schema.org\",\"@graph\":[{\"@type\":\"Article\",\"@id\":\"https:\\\/\\\/www.meydan.tv\\\/az\\\/article\\\/ailesini-qetle-yetirmekde-teqsirlendirilen-ehmed-ehmedov-tecridxanaya-qaytarilib\\\/#article\",\"isPartOf\":{\"@id\":\"https:\\\/\\\/www.meydan.tv\\\/az\\\/article\\\/ailesini-qetle-yetirmekde-teqsirlendirilen-ehmed-ehmedov-tecridxanaya-qaytarilib\\\/\"},\"author\":{\"name\":\"elli\",\"@id\":\"https:\\\/\\\/www.meydan.tv\\\/az\\\/#\\\/schema\\\/person\\\/9cdbecf90d17180ce1dfbd95b08dcf47\"},\"headline\":\"Ail\u0259sini q\u0259tl\u0259 yetirm\u0259kd\u0259 t\u0259qsirl\u0259ndiril\u0259n \u018fhm\u0259d \u018fhm\u0259dov t\u0259cridxanaya qaytar\u0131l\u0131b\",\"datePublished\":\"2024-03-27T13:00:02+00:00\",\"dateModified\":\"2024-03-27T13:00:06+00:00\",\"mainEntityOfPage\":{\"@id\":\"https:\\\/\\\/www.meydan.tv\\\/az\\\/article\\\/ailesini-qetle-yetirmekde-teqsirlendirilen-ehmed-ehmedov-tecridxanaya-qaytarilib\\\/\"},\"wordCount\":480,\"publisher\":{\"@id\":\"https:\\\/\\\/www.meydan.tv\\\/az\\\/#organization\"},\"image\":{\"@id\":\"https:\\\/\\\/www.meydan.tv\\\/az\\\/article\\\/ailesini-qetle-yetirmekde-teqsirlendirilen-ehmed-ehmedov-tecridxanaya-qaytarilib\\\/#primaryimage\"},\"thumbnailUrl\":\"https:\\\/\\\/www.meydan.tv\\\/wp-content\\\/uploads\\\/image_from_ios_10_t6fgcxo-scaled-e1664353406977.jpg\",\"articleSection\":[\"Sosial\",\"X\u0259b\u0259rl\u0259r\"],\"inLanguage\":\"az\"},{\"@type\":\"WebPage\",\"@id\":\"https:\\\/\\\/www.meydan.tv\\\/az\\\/article\\\/ailesini-qetle-yetirmekde-teqsirlendirilen-ehmed-ehmedov-tecridxanaya-qaytarilib\\\/\",\"url\":\"https:\\\/\\\/www.meydan.tv\\\/az\\\/article\\\/ailesini-qetle-yetirmekde-teqsirlendirilen-ehmed-ehmedov-tecridxanaya-qaytarilib\\\/\",\"name\":\"Ail\u0259sini q\u0259tl\u0259 yetirm\u0259kd\u0259 t\u0259qsirl\u0259ndiril\u0259n \u018fhm\u0259d \u018fhm\u0259dov t\u0259cridxanaya qaytar\u0131l\u0131b - MEYDAN.TV\",\"isPartOf\":{\"@id\":\"https:\\\/\\\/www.meydan.tv\\\/az\\\/#website\"},\"primaryImageOfPage\":{\"@id\":\"https:\\\/\\\/www.meydan.tv\\\/az\\\/article\\\/ailesini-qetle-yetirmekde-teqsirlendirilen-ehmed-ehmedov-tecridxanaya-qaytarilib\\\/#primaryimage\"},\"image\":{\"@id\":\"https:\\\/\\\/www.meydan.tv\\\/az\\\/article\\\/ailesini-qetle-yetirmekde-teqsirlendirilen-ehmed-ehmedov-tecridxanaya-qaytarilib\\\/#primaryimage\"},\"thumbnailUrl\":\"https:\\\/\\\/www.meydan.tv\\\/wp-content\\\/uploads\\\/image_from_ios_10_t6fgcxo-scaled-e1664353406977.jpg\",\"datePublished\":\"2024-03-27T13:00:02+00:00\",\"dateModified\":\"2024-03-27T13:00:06+00:00\",\"breadcrumb\":{\"@id\":\"https:\\\/\\\/www.meydan.tv\\\/az\\\/article\\\/ailesini-qetle-yetirmekde-teqsirlendirilen-ehmed-ehmedov-tecridxanaya-qaytarilib\\\/#breadcrumb\"},\"inLanguage\":\"az\",\"potentialAction\":[{\"@type\":\"ReadAction\",\"target\":[\"https:\\\/\\\/www.meydan.tv\\\/az\\\/article\\\/ailesini-qetle-yetirmekde-teqsirlendirilen-ehmed-ehmedov-tecridxanaya-qaytarilib\\\/\"]}]},{\"@type\":\"ImageObject\",\"inLanguage\":\"az\",\"@id\":\"https:\\\/\\\/www.meydan.tv\\\/az\\\/article\\\/ailesini-qetle-yetirmekde-teqsirlendirilen-ehmed-ehmedov-tecridxanaya-qaytarilib\\\/#primaryimage\",\"url\":\"https:\\\/\\\/www.meydan.tv\\\/wp-content\\\/uploads\\\/image_from_ios_10_t6fgcxo-scaled-e1664353406977.jpg\",\"contentUrl\":\"https:\\\/\\\/www.meydan.tv\\\/wp-content\\\/uploads\\\/image_from_ios_10_t6fgcxo-scaled-e1664353406977.jpg\",\"width\":2560,\"height\":1523,\"caption\":\"\u0130ll\u00fcstrasiya: Meydan TV\"},{\"@type\":\"BreadcrumbList\",\"@id\":\"https:\\\/\\\/www.meydan.tv\\\/az\\\/article\\\/ailesini-qetle-yetirmekde-teqsirlendirilen-ehmed-ehmedov-tecridxanaya-qaytarilib\\\/#breadcrumb\",\"itemListElement\":[{\"@type\":\"ListItem\",\"position\":1,\"name\":\"Ana s\u0259hif\u0259\",\"item\":\"https:\\\/\\\/www.meydan.tv\\\/az\\\/\"},{\"@type\":\"ListItem\",\"position\":2,\"name\":\"Sosial\",\"item\":\"https:\\\/\\\/www.meydan.tv\\\/az\\\/section\\\/sosial\\\/\"},{\"@type\":\"ListItem\",\"position\":3,\"name\":\"Ail\u0259sini q\u0259tl\u0259 yetirm\u0259kd\u0259 t\u0259qsirl\u0259ndiril\u0259n \u018fhm\u0259d \u018fhm\u0259dov t\u0259cridxanaya qaytar\u0131l\u0131b\"}]},{\"@type\":\"WebSite\",\"@id\":\"https:\\\/\\\/www.meydan.tv\\\/az\\\/#website\",\"url\":\"https:\\\/\\\/www.meydan.tv\\\/az\\\/\",\"name\":\"MEYDAN.TV\",\"description\":\"Meydan TV Az\u0259rbaycan\u0131n media m\u0259kan\u0131ndak\u0131 alternativ s\u0259sidir\",\"publisher\":{\"@id\":\"https:\\\/\\\/www.meydan.tv\\\/az\\\/#organization\"},\"potentialAction\":[{\"@type\":\"SearchAction\",\"target\":{\"@type\":\"EntryPoint\",\"urlTemplate\":\"https:\\\/\\\/www.meydan.tv\\\/az\\\/?s={search_term_string}\"},\"query-input\":{\"@type\":\"PropertyValueSpecification\",\"valueRequired\":true,\"valueName\":\"search_term_string\"}}],\"inLanguage\":\"az\"},{\"@type\":\"Organization\",\"@id\":\"https:\\\/\\\/www.meydan.tv\\\/az\\\/#organization\",\"name\":\"Meydan TV\",\"url\":\"https:\\\/\\\/www.meydan.tv\\\/az\\\/\",\"logo\":{\"@type\":\"ImageObject\",\"inLanguage\":\"az\",\"@id\":\"https:\\\/\\\/www.meydan.tv\\\/az\\\/#\\\/schema\\\/logo\\\/image\\\/\",\"url\":\"https:\\\/\\\/www.meydan.tv\\\/wp-content\\\/uploads\\\/2021\\\/07\\\/meydan-logo.svg\",\"contentUrl\":\"https:\\\/\\\/www.meydan.tv\\\/wp-content\\\/uploads\\\/2021\\\/07\\\/meydan-logo.svg\",\"width\":195,\"height\":46,\"caption\":\"Meydan TV\"},\"image\":{\"@id\":\"https:\\\/\\\/www.meydan.tv\\\/az\\\/#\\\/schema\\\/logo\\\/image\\\/\"}},{\"@type\":\"Person\",\"@id\":\"https:\\\/\\\/www.meydan.tv\\\/az\\\/#\\\/schema\\\/person\\\/9cdbecf90d17180ce1dfbd95b08dcf47\",\"name\":\"elli\",\"sameAs\":[\"https:\\\/\\\/x.com\\\/elli\"]}]}<\/script>\n<!-- \/ Yoast SEO plugin. -->","yoast_head_json":{"title":"Ail\u0259sini q\u0259tl\u0259 yetirm\u0259kd\u0259 t\u0259qsirl\u0259ndiril\u0259n \u018fhm\u0259d \u018fhm\u0259dov t\u0259cridxanaya qaytar\u0131l\u0131b - MEYDAN.TV","robots":{"index":"index","follow":"follow","max-snippet":"max-snippet:-1","max-image-preview":"max-image-preview:large","max-video-preview":"max-video-preview:-1"},"canonical":"https:\/\/www.meydan.tv\/az\/article\/ailesini-qetle-yetirmekde-teqsirlendirilen-ehmed-ehmedov-tecridxanaya-qaytarilib\/","og_locale":"az_AZ","og_type":"article","og_title":"Ail\u0259sini q\u0259tl\u0259 yetirm\u0259kd\u0259 t\u0259qsirl\u0259ndiril\u0259n \u018fhm\u0259d \u018fhm\u0259dov t\u0259cridxanaya qaytar\u0131l\u0131b - MEYDAN.TV","og_description":"Onun psixi durumuyla ba\u011fl\u0131 yekun r\u0259y h\u0259l\u0259 a\u00e7\u0131qlanmay\u0131b Anas\u0131n\u0131, atas\u0131n\u0131, ... Davam\u0131","og_url":"https:\/\/www.meydan.tv\/az\/article\/ailesini-qetle-yetirmekde-teqsirlendirilen-ehmed-ehmedov-tecridxanaya-qaytarilib\/","og_site_name":"MEYDAN.TV","article_published_time":"2024-03-27T13:00:02+00:00","article_modified_time":"2024-03-27T13:00:06+00:00","og_image":[{"width":2560,"height":1523,"url":"https:\/\/www.meydan.tv\/wp-content\/uploads\/image_from_ios_10_t6fgcxo-scaled-e1664353406977.jpg","type":"image\/jpeg"}],"author":"elli","twitter_card":"summary_large_image","twitter_creator":"@elli","schema":{"@context":"https:\/\/schema.org","@graph":[{"@type":"Article","@id":"https:\/\/www.meydan.tv\/az\/article\/ailesini-qetle-yetirmekde-teqsirlendirilen-ehmed-ehmedov-tecridxanaya-qaytarilib\/#article","isPartOf":{"@id":"https:\/\/www.meydan.tv\/az\/article\/ailesini-qetle-yetirmekde-teqsirlendirilen-ehmed-ehmedov-tecridxanaya-qaytarilib\/"},"author":{"name":"elli","@id":"https:\/\/www.meydan.tv\/az\/#\/schema\/person\/9cdbecf90d17180ce1dfbd95b08dcf47"},"headline":"Ail\u0259sini q\u0259tl\u0259 yetirm\u0259kd\u0259 t\u0259qsirl\u0259ndiril\u0259n \u018fhm\u0259d \u018fhm\u0259dov t\u0259cridxanaya qaytar\u0131l\u0131b","datePublished":"2024-03-27T13:00:02+00:00","dateModified":"2024-03-27T13:00:06+00:00","mainEntityOfPage":{"@id":"https:\/\/www.meydan.tv\/az\/article\/ailesini-qetle-yetirmekde-teqsirlendirilen-ehmed-ehmedov-tecridxanaya-qaytarilib\/"},"wordCount":480,"publisher":{"@id":"https:\/\/www.meydan.tv\/az\/#organization"},"image":{"@id":"https:\/\/www.meydan.tv\/az\/article\/ailesini-qetle-yetirmekde-teqsirlendirilen-ehmed-ehmedov-tecridxanaya-qaytarilib\/#primaryimage"},"thumbnailUrl":"https:\/\/www.meydan.tv\/wp-content\/uploads\/image_from_ios_10_t6fgcxo-scaled-e1664353406977.jpg","articleSection":["Sosial","X\u0259b\u0259rl\u0259r"],"inLanguage":"az"},{"@type":"WebPage","@id":"https:\/\/www.meydan.tv\/az\/article\/ailesini-qetle-yetirmekde-teqsirlendirilen-ehmed-ehmedov-tecridxanaya-qaytarilib\/","url":"https:\/\/www.meydan.tv\/az\/article\/ailesini-qetle-yetirmekde-teqsirlendirilen-ehmed-ehmedov-tecridxanaya-qaytarilib\/","name":"Ail\u0259sini q\u0259tl\u0259 yetirm\u0259kd\u0259 t\u0259qsirl\u0259ndiril\u0259n \u018fhm\u0259d \u018fhm\u0259dov t\u0259cridxanaya qaytar\u0131l\u0131b - MEYDAN.TV","isPartOf":{"@id":"https:\/\/www.meydan.tv\/az\/#website"},"primaryImageOfPage":{"@id":"https:\/\/www.meydan.tv\/az\/article\/ailesini-qetle-yetirmekde-teqsirlendirilen-ehmed-ehmedov-tecridxanaya-qaytarilib\/#primaryimage"},"image":{"@id":"https:\/\/www.meydan.tv\/az\/article\/ailesini-qetle-yetirmekde-teqsirlendirilen-ehmed-ehmedov-tecridxanaya-qaytarilib\/#primaryimage"},"thumbnailUrl":"https:\/\/www.meydan.tv\/wp-content\/uploads\/image_from_ios_10_t6fgcxo-scaled-e1664353406977.jpg","datePublished":"2024-03-27T13:00:02+00:00","dateModified":"2024-03-27T13:00:06+00:00","breadcrumb":{"@id":"https:\/\/www.meydan.tv\/az\/article\/ailesini-qetle-yetirmekde-teqsirlendirilen-ehmed-ehmedov-tecridxanaya-qaytarilib\/#breadcrumb"},"inLanguage":"az","potentialAction":[{"@type":"ReadAction","target":["https:\/\/www.meydan.tv\/az\/article\/ailesini-qetle-yetirmekde-teqsirlendirilen-ehmed-ehmedov-tecridxanaya-qaytarilib\/"]}]},{"@type":"ImageObject","inLanguage":"az","@id":"https:\/\/www.meydan.tv\/az\/article\/ailesini-qetle-yetirmekde-teqsirlendirilen-ehmed-ehmedov-tecridxanaya-qaytarilib\/#primaryimage","url":"https:\/\/www.meydan.tv\/wp-content\/uploads\/image_from_ios_10_t6fgcxo-scaled-e1664353406977.jpg","contentUrl":"https:\/\/www.meydan.tv\/wp-content\/uploads\/image_from_ios_10_t6fgcxo-scaled-e1664353406977.jpg","width":2560,"height":1523,"caption":"\u0130ll\u00fcstrasiya: Meydan TV"},{"@type":"BreadcrumbList","@id":"https:\/\/www.meydan.tv\/az\/article\/ailesini-qetle-yetirmekde-teqsirlendirilen-ehmed-ehmedov-tecridxanaya-qaytarilib\/#breadcrumb","itemListElement":[{"@type":"ListItem","position":1,"name":"Ana s\u0259hif\u0259","item":"https:\/\/www.meydan.tv\/az\/"},{"@type":"ListItem","position":2,"name":"Sosial","item":"https:\/\/www.meydan.tv\/az\/section\/sosial\/"},{"@type":"ListItem","position":3,"name":"Ail\u0259sini q\u0259tl\u0259 yetirm\u0259kd\u0259 t\u0259qsirl\u0259ndiril\u0259n \u018fhm\u0259d \u018fhm\u0259dov t\u0259cridxanaya qaytar\u0131l\u0131b"}]},{"@type":"WebSite","@id":"https:\/\/www.meydan.tv\/az\/#website","url":"https:\/\/www.meydan.tv\/az\/","name":"MEYDAN.TV","description":"Meydan TV Az\u0259rbaycan\u0131n media m\u0259kan\u0131ndak\u0131 alternativ s\u0259sidir","publisher":{"@id":"https:\/\/www.meydan.tv\/az\/#organization"},"potentialAction":[{"@type":"SearchAction","target":{"@type":"EntryPoint","urlTemplate":"https:\/\/www.meydan.tv\/az\/?s={search_term_string}"},"query-input":{"@type":"PropertyValueSpecification","valueRequired":true,"valueName":"search_term_string"}}],"inLanguage":"az"},{"@type":"Organization","@id":"https:\/\/www.meydan.tv\/az\/#organization","name":"Meydan TV","url":"https:\/\/www.meydan.tv\/az\/","logo":{"@type":"ImageObject","inLanguage":"az","@id":"https:\/\/www.meydan.tv\/az\/#\/schema\/logo\/image\/","url":"https:\/\/www.meydan.tv\/wp-content\/uploads\/2021\/07\/meydan-logo.svg","contentUrl":"https:\/\/www.meydan.tv\/wp-content\/uploads\/2021\/07\/meydan-logo.svg","width":195,"height":46,"caption":"Meydan TV"},"image":{"@id":"https:\/\/www.meydan.tv\/az\/#\/schema\/logo\/image\/"}},{"@type":"Person","@id":"https:\/\/www.meydan.tv\/az\/#\/schema\/person\/9cdbecf90d17180ce1dfbd95b08dcf47","name":"elli","sameAs":["https:\/\/x.com\/elli"]}]}},"_links":{"self":[{"href":"https:\/\/www.meydan.tv\/az\/wp-json\/wp\/v2\/posts\/302070","targetHints":{"allow":["GET"]}}],"collection":[{"href":"https:\/\/www.meydan.tv\/az\/wp-json\/wp\/v2\/posts"}],"about":[{"href":"https:\/\/www.meydan.tv\/az\/wp-json\/wp\/v2\/types\/post"}],"author":[{"embeddable":true,"href":"https:\/\/www.meydan.tv\/az\/wp-json\/wp\/v2\/users\/8"}],"replies":[{"embeddable":true,"href":"https:\/\/www.meydan.tv\/az\/wp-json\/wp\/v2\/comments?post=302070"}],"version-history":[{"count":4,"href":"https:\/\/www.meydan.tv\/az\/wp-json\/wp\/v2\/posts\/302070\/revisions"}],"predecessor-version":[{"id":302076,"href":"https:\/\/www.meydan.tv\/az\/wp-json\/wp\/v2\/posts\/302070\/revisions\/302076"}],"wp:featuredmedia":[{"embeddable":true,"href":"https:\/\/www.meydan.tv\/az\/wp-json\/wp\/v2\/media\/211098"}],"wp:attachment":[{"href":"https:\/\/www.meydan.tv\/az\/wp-json\/wp\/v2\/media?parent=302070"}],"wp:term":[{"taxonomy":"category","embeddable":true,"href":"https:\/\/www.meydan.tv\/az\/wp-json\/wp\/v2\/categories?post=302070"},{"taxonomy":"post_tag","embeddable":true,"href":"https:\/\/www.meydan.tv\/az\/wp-json\/wp\/v2\/tags?post=302070"}],"curies":[{"name":"wp","href":"https:\/\/api.w.org\/{rel}","templated":true}]}}