{"id":302065,"date":"2024-03-27T16:48:59","date_gmt":"2024-03-27T12:48:59","guid":{"rendered":"https:\/\/www.meydan.tv\/?p=302065"},"modified":"2024-03-27T16:49:04","modified_gmt":"2024-03-27T12:49:04","slug":"3-azyasli-usaq-anasi-mehkeme-zalinda-hebs-edildi-eri-ondan-sikayetci-oldu","status":"publish","type":"post","link":"https:\/\/www.meydan.tv\/az\/article\/3-azyasli-usaq-anasi-mehkeme-zalinda-hebs-edildi-eri-ondan-sikayetci-oldu\/","title":{"rendered":"3 azya\u015fl\u0131 u\u015faq anas\u0131 m\u0259hk\u0259m\u0259 zal\u0131nda h\u0259bs edildi: \u0259ri ondan \u015fikay\u0259t\u00e7i oldu"},"content":{"rendered":"\n<p><\/p>\n\n\n\n<p><strong><em>T\u0259qsirl\u0259ndiril\u0259n \u015f\u0259xs azya\u015fl\u0131 u\u015faqlar\u0131na g\u00f6r\u0259 alternativ c\u0259za ist\u0259s\u0259 d\u0259, hakiml\u0259r v\u0259sat\u0259ti t\u0259min etm\u0259yibl\u0259r<\/em><\/strong><\/p>\n\n\n\n<p>Bak\u0131n\u0131n Qarada\u011f rayonu, Q\u0131z\u0131lda\u015f q\u0259s\u0259b\u0259sind\u0259 h\u0259yat yolda\u015f\u0131na balta il\u0259 x\u0259sar\u0259t yetirm\u0259kd\u0259 ittiham olunan Lal\u0259 \u0130ma\u015fova mart\u0131n 27-d\u0259 m\u0259hk\u0259m\u0259 zal\u0131nda h\u0259bs olunub.<\/p>\n\n\n\n<p>Bak\u0131 A\u011f\u0131r Cinay\u0259tl\u0259r M\u0259hk\u0259m\u0259sind\u0259 ona h\u00f6km oxunub.<\/p>\n\n\n\n<p>H\u00f6km\u0259 \u0259sas\u0259n, Lal\u0259 \u0130ma\u015fova h\u0259yat yolda\u015f\u0131n\u0131 \u00f6ld\u00fcrm\u0259y\u0259 c\u0259hdd\u0259 t\u0259qsirli bilinib v\u0259 9 il azadl\u0131qdan m\u0259hrum edilib.<\/p>\n\n\n\n<p>29 ya\u015fl\u0131 Lal\u0259 \u0130ma\u015fovan\u0131n 3 azya\u015fl\u0131 \u00f6vlad\u0131 var.<\/p>\n\n\n\n<p>O, istintaq v\u0259 m\u0259hk\u0259m\u0259 d\u00f6vr\u00fcnd\u0259 azadl\u0131qda idi.<\/p>\n\n\n\n<p>H\u00f6kmd\u0259n sonra m\u0259hk\u0259m\u0259 zal\u0131nda h\u0259bs edil\u0259r\u0259k K\u00fcrd\u0259xan\u0131dak\u0131 Bak\u0131 \u0130stintaq T\u0259cridxanas\u0131na g\u00f6nd\u0259rilib.<\/p>\n\n\n\n<p>Z\u0259r\u0259r\u00e7\u0259kmi\u015f qismind\u0259 tan\u0131nan 37 ya\u015fl\u0131 Ceyhun \u0130ma\u015fov m\u0259hk\u0259m\u0259d\u0259 dindiril\u0259rk\u0259n h\u0259yat yolda\u015f\u0131ndan \u015fikay\u0259t\u00e7i oldu\u011funu deyib, onun h\u0259bs olunmas\u0131n\u0131 ist\u0259yib.<\/p>\n\n\n\n<p>Lal\u0259 \u0130ma\u015fova is\u0259 \u00f6z\u00fcn\u00fc qism\u0259n t\u0259qsirli bilib.<\/p>\n\n\n\n<p>O bildirib ki, h\u0259yat yolda\u015f\u0131n\u0131 \u00f6ld\u00fcrm\u0259k fikri olmay\u0131b.<\/p>\n\n\n\n<p>Onun s\u00f6zl\u0259rin\u0259 g\u00f6r\u0259, hadis\u0259 m\u00fcbahis\u0259 z\u0259minind\u0259 ba\u015f verib.<\/p>\n\n\n\n<p>M\u0259hk\u0259m\u0259d\u0259 dindiril\u0259n qon\u015fular bildirib ki, 2023-c\u00fc ilin yanvar\u0131nda &#8211; hadis\u0259 g\u00fcn\u00fc s\u0259s-k\u00fcy e\u015fidib, \u0130ma\u015fovlar\u0131n ya\u015fad\u0131\u011f\u0131 ev\u0259 gedibl\u0259r.<\/p>\n\n\n\n<p>Yerd\u0259 qan oldu\u011funu, Ceyhun \u0130ma\u015fovun is\u0259 h\u0259yat yolda\u015f\u0131n\u0131 yer\u0259 y\u0131xd\u0131\u011f\u0131n\u0131 g\u00f6r\u00fcbl\u0259r.<\/p>\n\n\n\n<p>Lal\u0259 \u0130ma\u015fova son s\u00f6z\u00fcnd\u0259 d\u0259 3 azya\u015fl\u0131 \u00f6vlad\u0131 oldu\u011funu vur\u011fulayaraq, m\u0259hk\u0259m\u0259d\u0259n azadl\u0131qdan m\u0259hrum edilm\u0259m\u0259sini, ona alternativ c\u0259za verilm\u0259sini ist\u0259yib.<\/p>\n\n\n\n<p>Lakin Novruz K\u0259rimovun s\u0259drlik etdiyi, Rasim Sad\u0131xov v\u0259 Leyla \u018fsg\u0259rova-M\u0259mm\u0259dovadan ibar\u0259t hakiml\u0259r kollegiyas\u0131 onu Cinay\u0259t M\u0259c\u0259ll\u0259sinin 29,120-ci (q\u0259sd\u0259n adam \u00f6ld\u00fcrm\u0259y\u0259 c\u0259hd) madd\u0259sil\u0259 t\u0259qsirli bilib v\u0259 9 il azadl\u0131qdan m\u0259hrum edilm\u0259si bar\u0259d\u0259 h\u00f6km \u00e7\u0131xar\u0131b.<\/p>\n\n\n\n<p>Lal\u0259 \u0130ma\u015fovan\u0131n v\u0259kili bu h\u00f6kmd\u0259n apelyasiya \u015fikay\u0259ti ver\u0259c\u0259k.<\/p>\n","protected":false},"excerpt":{"rendered":"<p>T\u0259qsirl\u0259ndiril\u0259n \u015f\u0259xs azya\u015fl\u0131 u\u015faqlar\u0131na g\u00f6r\u0259 alternativ c\u0259za ist\u0259s\u0259 d\u0259, hakiml\u0259r &#8230; <\/p>\n<p class=\"read-more-container\"><a title=\"3 azya\u015fl\u0131 u\u015faq anas\u0131 m\u0259hk\u0259m\u0259 zal\u0131nda h\u0259bs edildi: \u0259ri ondan \u015fikay\u0259t\u00e7i oldu\" class=\"read-more button\" href=\"https:\/\/www.meydan.tv\/az\/article\/3-azyasli-usaq-anasi-mehkeme-zalinda-hebs-edildi-eri-ondan-sikayetci-oldu\/#more-302065\" aria-label=\"Read more about 3 azya\u015fl\u0131 u\u015faq anas\u0131 m\u0259hk\u0259m\u0259 zal\u0131nda h\u0259bs edildi: \u0259ri ondan \u015fikay\u0259t\u00e7i oldu\">Davam\u0131<\/a><\/p>\n","protected":false},"author":8,"featured_media":131384,"comment_status":"closed","ping_status":"closed","sticky":false,"template":"","format":"standard","meta":{"_acf_changed":false,"_sitemap_exclude":false,"_sitemap_priority":"","_sitemap_frequency":"","footnotes":""},"categories":[62,56],"tags":[],"class_list":["post-302065","post","type-post","status-publish","format-standard","has-post-thumbnail","hentry","category-sosial","category-xeberler","infinite-scroll-item","generate-columns","tablet-grid-50","mobile-grid-100","grid-parent","grid-33","no-featured-image-padding"],"acf":[],"yoast_head":"<!-- This site is optimized with the Yoast SEO plugin v27.5 - https:\/\/yoast.com\/product\/yoast-seo-wordpress\/ -->\n<title>3 azya\u015fl\u0131 u\u015faq anas\u0131 m\u0259hk\u0259m\u0259 zal\u0131nda h\u0259bs edildi: \u0259ri ondan \u015fikay\u0259t\u00e7i oldu - MEYDAN.TV<\/title>\n<meta name=\"robots\" content=\"index, follow, max-snippet:-1, max-image-preview:large, max-video-preview:-1\" \/>\n<link rel=\"canonical\" href=\"https:\/\/www.meydan.tv\/az\/article\/3-azyasli-usaq-anasi-mehkeme-zalinda-hebs-edildi-eri-ondan-sikayetci-oldu\/\" \/>\n<meta property=\"og:locale\" content=\"az_AZ\" \/>\n<meta property=\"og:type\" content=\"article\" \/>\n<meta property=\"og:title\" content=\"3 azya\u015fl\u0131 u\u015faq anas\u0131 m\u0259hk\u0259m\u0259 zal\u0131nda h\u0259bs edildi: \u0259ri ondan \u015fikay\u0259t\u00e7i oldu - MEYDAN.TV\" \/>\n<meta property=\"og:description\" content=\"T\u0259qsirl\u0259ndiril\u0259n \u015f\u0259xs azya\u015fl\u0131 u\u015faqlar\u0131na g\u00f6r\u0259 alternativ c\u0259za ist\u0259s\u0259 d\u0259, hakiml\u0259r ... Davam\u0131\" \/>\n<meta property=\"og:url\" content=\"https:\/\/www.meydan.tv\/az\/article\/3-azyasli-usaq-anasi-mehkeme-zalinda-hebs-edildi-eri-ondan-sikayetci-oldu\/\" \/>\n<meta property=\"og:site_name\" content=\"MEYDAN.TV\" \/>\n<meta property=\"article:published_time\" content=\"2024-03-27T12:48:59+00:00\" \/>\n<meta property=\"article:modified_time\" content=\"2024-03-27T12:49:04+00:00\" \/>\n<meta property=\"og:image\" content=\"https:\/\/www.meydan.tv\/wp-content\/uploads\/410827945_4j7bzkk.jpg\" \/>\n\t<meta property=\"og:image:width\" content=\"1000\" \/>\n\t<meta property=\"og:image:height\" content=\"541\" \/>\n\t<meta property=\"og:image:type\" content=\"image\/jpeg\" \/>\n<meta name=\"author\" content=\"elli\" \/>\n<meta name=\"twitter:card\" content=\"summary_large_image\" \/>\n<meta name=\"twitter:creator\" content=\"@elli\" \/>\n<script type=\"application\/ld+json\" class=\"yoast-schema-graph\">{\"@context\":\"https:\\\/\\\/schema.org\",\"@graph\":[{\"@type\":\"Article\",\"@id\":\"https:\\\/\\\/www.meydan.tv\\\/az\\\/article\\\/3-azyasli-usaq-anasi-mehkeme-zalinda-hebs-edildi-eri-ondan-sikayetci-oldu\\\/#article\",\"isPartOf\":{\"@id\":\"https:\\\/\\\/www.meydan.tv\\\/az\\\/article\\\/3-azyasli-usaq-anasi-mehkeme-zalinda-hebs-edildi-eri-ondan-sikayetci-oldu\\\/\"},\"author\":{\"name\":\"elli\",\"@id\":\"https:\\\/\\\/www.meydan.tv\\\/az\\\/#\\\/schema\\\/person\\\/9cdbecf90d17180ce1dfbd95b08dcf47\"},\"headline\":\"3 azya\u015fl\u0131 u\u015faq anas\u0131 m\u0259hk\u0259m\u0259 zal\u0131nda h\u0259bs edildi: \u0259ri ondan \u015fikay\u0259t\u00e7i oldu\",\"datePublished\":\"2024-03-27T12:48:59+00:00\",\"dateModified\":\"2024-03-27T12:49:04+00:00\",\"mainEntityOfPage\":{\"@id\":\"https:\\\/\\\/www.meydan.tv\\\/az\\\/article\\\/3-azyasli-usaq-anasi-mehkeme-zalinda-hebs-edildi-eri-ondan-sikayetci-oldu\\\/\"},\"wordCount\":406,\"publisher\":{\"@id\":\"https:\\\/\\\/www.meydan.tv\\\/az\\\/#organization\"},\"image\":{\"@id\":\"https:\\\/\\\/www.meydan.tv\\\/az\\\/article\\\/3-azyasli-usaq-anasi-mehkeme-zalinda-hebs-edildi-eri-ondan-sikayetci-oldu\\\/#primaryimage\"},\"thumbnailUrl\":\"https:\\\/\\\/www.meydan.tv\\\/wp-content\\\/uploads\\\/410827945_4j7bzkk.jpg\",\"articleSection\":[\"Sosial\",\"X\u0259b\u0259rl\u0259r\"],\"inLanguage\":\"az\"},{\"@type\":\"WebPage\",\"@id\":\"https:\\\/\\\/www.meydan.tv\\\/az\\\/article\\\/3-azyasli-usaq-anasi-mehkeme-zalinda-hebs-edildi-eri-ondan-sikayetci-oldu\\\/\",\"url\":\"https:\\\/\\\/www.meydan.tv\\\/az\\\/article\\\/3-azyasli-usaq-anasi-mehkeme-zalinda-hebs-edildi-eri-ondan-sikayetci-oldu\\\/\",\"name\":\"3 azya\u015fl\u0131 u\u015faq anas\u0131 m\u0259hk\u0259m\u0259 zal\u0131nda h\u0259bs edildi: \u0259ri ondan \u015fikay\u0259t\u00e7i oldu - MEYDAN.TV\",\"isPartOf\":{\"@id\":\"https:\\\/\\\/www.meydan.tv\\\/az\\\/#website\"},\"primaryImageOfPage\":{\"@id\":\"https:\\\/\\\/www.meydan.tv\\\/az\\\/article\\\/3-azyasli-usaq-anasi-mehkeme-zalinda-hebs-edildi-eri-ondan-sikayetci-oldu\\\/#primaryimage\"},\"image\":{\"@id\":\"https:\\\/\\\/www.meydan.tv\\\/az\\\/article\\\/3-azyasli-usaq-anasi-mehkeme-zalinda-hebs-edildi-eri-ondan-sikayetci-oldu\\\/#primaryimage\"},\"thumbnailUrl\":\"https:\\\/\\\/www.meydan.tv\\\/wp-content\\\/uploads\\\/410827945_4j7bzkk.jpg\",\"datePublished\":\"2024-03-27T12:48:59+00:00\",\"dateModified\":\"2024-03-27T12:49:04+00:00\",\"breadcrumb\":{\"@id\":\"https:\\\/\\\/www.meydan.tv\\\/az\\\/article\\\/3-azyasli-usaq-anasi-mehkeme-zalinda-hebs-edildi-eri-ondan-sikayetci-oldu\\\/#breadcrumb\"},\"inLanguage\":\"az\",\"potentialAction\":[{\"@type\":\"ReadAction\",\"target\":[\"https:\\\/\\\/www.meydan.tv\\\/az\\\/article\\\/3-azyasli-usaq-anasi-mehkeme-zalinda-hebs-edildi-eri-ondan-sikayetci-oldu\\\/\"]}]},{\"@type\":\"ImageObject\",\"inLanguage\":\"az\",\"@id\":\"https:\\\/\\\/www.meydan.tv\\\/az\\\/article\\\/3-azyasli-usaq-anasi-mehkeme-zalinda-hebs-edildi-eri-ondan-sikayetci-oldu\\\/#primaryimage\",\"url\":\"https:\\\/\\\/www.meydan.tv\\\/wp-content\\\/uploads\\\/410827945_4j7bzkk.jpg\",\"contentUrl\":\"https:\\\/\\\/www.meydan.tv\\\/wp-content\\\/uploads\\\/410827945_4j7bzkk.jpg\",\"width\":1000,\"height\":541,\"caption\":\"Foto: Meydan TV\"},{\"@type\":\"BreadcrumbList\",\"@id\":\"https:\\\/\\\/www.meydan.tv\\\/az\\\/article\\\/3-azyasli-usaq-anasi-mehkeme-zalinda-hebs-edildi-eri-ondan-sikayetci-oldu\\\/#breadcrumb\",\"itemListElement\":[{\"@type\":\"ListItem\",\"position\":1,\"name\":\"Ana s\u0259hif\u0259\",\"item\":\"https:\\\/\\\/www.meydan.tv\\\/az\\\/\"},{\"@type\":\"ListItem\",\"position\":2,\"name\":\"Sosial\",\"item\":\"https:\\\/\\\/www.meydan.tv\\\/az\\\/section\\\/sosial\\\/\"},{\"@type\":\"ListItem\",\"position\":3,\"name\":\"3 azya\u015fl\u0131 u\u015faq anas\u0131 m\u0259hk\u0259m\u0259 zal\u0131nda h\u0259bs edildi: \u0259ri ondan \u015fikay\u0259t\u00e7i oldu\"}]},{\"@type\":\"WebSite\",\"@id\":\"https:\\\/\\\/www.meydan.tv\\\/az\\\/#website\",\"url\":\"https:\\\/\\\/www.meydan.tv\\\/az\\\/\",\"name\":\"MEYDAN.TV\",\"description\":\"Meydan TV Az\u0259rbaycan\u0131n media m\u0259kan\u0131ndak\u0131 alternativ s\u0259sidir\",\"publisher\":{\"@id\":\"https:\\\/\\\/www.meydan.tv\\\/az\\\/#organization\"},\"potentialAction\":[{\"@type\":\"SearchAction\",\"target\":{\"@type\":\"EntryPoint\",\"urlTemplate\":\"https:\\\/\\\/www.meydan.tv\\\/az\\\/?s={search_term_string}\"},\"query-input\":{\"@type\":\"PropertyValueSpecification\",\"valueRequired\":true,\"valueName\":\"search_term_string\"}}],\"inLanguage\":\"az\"},{\"@type\":\"Organization\",\"@id\":\"https:\\\/\\\/www.meydan.tv\\\/az\\\/#organization\",\"name\":\"Meydan TV\",\"url\":\"https:\\\/\\\/www.meydan.tv\\\/az\\\/\",\"logo\":{\"@type\":\"ImageObject\",\"inLanguage\":\"az\",\"@id\":\"https:\\\/\\\/www.meydan.tv\\\/az\\\/#\\\/schema\\\/logo\\\/image\\\/\",\"url\":\"https:\\\/\\\/www.meydan.tv\\\/wp-content\\\/uploads\\\/2021\\\/07\\\/meydan-logo.svg\",\"contentUrl\":\"https:\\\/\\\/www.meydan.tv\\\/wp-content\\\/uploads\\\/2021\\\/07\\\/meydan-logo.svg\",\"width\":195,\"height\":46,\"caption\":\"Meydan TV\"},\"image\":{\"@id\":\"https:\\\/\\\/www.meydan.tv\\\/az\\\/#\\\/schema\\\/logo\\\/image\\\/\"}},{\"@type\":\"Person\",\"@id\":\"https:\\\/\\\/www.meydan.tv\\\/az\\\/#\\\/schema\\\/person\\\/9cdbecf90d17180ce1dfbd95b08dcf47\",\"name\":\"elli\",\"sameAs\":[\"https:\\\/\\\/x.com\\\/elli\"]}]}<\/script>\n<!-- \/ Yoast SEO plugin. -->","yoast_head_json":{"title":"3 azya\u015fl\u0131 u\u015faq anas\u0131 m\u0259hk\u0259m\u0259 zal\u0131nda h\u0259bs edildi: \u0259ri ondan \u015fikay\u0259t\u00e7i oldu - MEYDAN.TV","robots":{"index":"index","follow":"follow","max-snippet":"max-snippet:-1","max-image-preview":"max-image-preview:large","max-video-preview":"max-video-preview:-1"},"canonical":"https:\/\/www.meydan.tv\/az\/article\/3-azyasli-usaq-anasi-mehkeme-zalinda-hebs-edildi-eri-ondan-sikayetci-oldu\/","og_locale":"az_AZ","og_type":"article","og_title":"3 azya\u015fl\u0131 u\u015faq anas\u0131 m\u0259hk\u0259m\u0259 zal\u0131nda h\u0259bs edildi: \u0259ri ondan \u015fikay\u0259t\u00e7i oldu - MEYDAN.TV","og_description":"T\u0259qsirl\u0259ndiril\u0259n \u015f\u0259xs azya\u015fl\u0131 u\u015faqlar\u0131na g\u00f6r\u0259 alternativ c\u0259za ist\u0259s\u0259 d\u0259, hakiml\u0259r ... Davam\u0131","og_url":"https:\/\/www.meydan.tv\/az\/article\/3-azyasli-usaq-anasi-mehkeme-zalinda-hebs-edildi-eri-ondan-sikayetci-oldu\/","og_site_name":"MEYDAN.TV","article_published_time":"2024-03-27T12:48:59+00:00","article_modified_time":"2024-03-27T12:49:04+00:00","og_image":[{"width":1000,"height":541,"url":"https:\/\/www.meydan.tv\/wp-content\/uploads\/410827945_4j7bzkk.jpg","type":"image\/jpeg"}],"author":"elli","twitter_card":"summary_large_image","twitter_creator":"@elli","schema":{"@context":"https:\/\/schema.org","@graph":[{"@type":"Article","@id":"https:\/\/www.meydan.tv\/az\/article\/3-azyasli-usaq-anasi-mehkeme-zalinda-hebs-edildi-eri-ondan-sikayetci-oldu\/#article","isPartOf":{"@id":"https:\/\/www.meydan.tv\/az\/article\/3-azyasli-usaq-anasi-mehkeme-zalinda-hebs-edildi-eri-ondan-sikayetci-oldu\/"},"author":{"name":"elli","@id":"https:\/\/www.meydan.tv\/az\/#\/schema\/person\/9cdbecf90d17180ce1dfbd95b08dcf47"},"headline":"3 azya\u015fl\u0131 u\u015faq anas\u0131 m\u0259hk\u0259m\u0259 zal\u0131nda h\u0259bs edildi: \u0259ri ondan \u015fikay\u0259t\u00e7i oldu","datePublished":"2024-03-27T12:48:59+00:00","dateModified":"2024-03-27T12:49:04+00:00","mainEntityOfPage":{"@id":"https:\/\/www.meydan.tv\/az\/article\/3-azyasli-usaq-anasi-mehkeme-zalinda-hebs-edildi-eri-ondan-sikayetci-oldu\/"},"wordCount":406,"publisher":{"@id":"https:\/\/www.meydan.tv\/az\/#organization"},"image":{"@id":"https:\/\/www.meydan.tv\/az\/article\/3-azyasli-usaq-anasi-mehkeme-zalinda-hebs-edildi-eri-ondan-sikayetci-oldu\/#primaryimage"},"thumbnailUrl":"https:\/\/www.meydan.tv\/wp-content\/uploads\/410827945_4j7bzkk.jpg","articleSection":["Sosial","X\u0259b\u0259rl\u0259r"],"inLanguage":"az"},{"@type":"WebPage","@id":"https:\/\/www.meydan.tv\/az\/article\/3-azyasli-usaq-anasi-mehkeme-zalinda-hebs-edildi-eri-ondan-sikayetci-oldu\/","url":"https:\/\/www.meydan.tv\/az\/article\/3-azyasli-usaq-anasi-mehkeme-zalinda-hebs-edildi-eri-ondan-sikayetci-oldu\/","name":"3 azya\u015fl\u0131 u\u015faq anas\u0131 m\u0259hk\u0259m\u0259 zal\u0131nda h\u0259bs edildi: \u0259ri ondan \u015fikay\u0259t\u00e7i oldu - MEYDAN.TV","isPartOf":{"@id":"https:\/\/www.meydan.tv\/az\/#website"},"primaryImageOfPage":{"@id":"https:\/\/www.meydan.tv\/az\/article\/3-azyasli-usaq-anasi-mehkeme-zalinda-hebs-edildi-eri-ondan-sikayetci-oldu\/#primaryimage"},"image":{"@id":"https:\/\/www.meydan.tv\/az\/article\/3-azyasli-usaq-anasi-mehkeme-zalinda-hebs-edildi-eri-ondan-sikayetci-oldu\/#primaryimage"},"thumbnailUrl":"https:\/\/www.meydan.tv\/wp-content\/uploads\/410827945_4j7bzkk.jpg","datePublished":"2024-03-27T12:48:59+00:00","dateModified":"2024-03-27T12:49:04+00:00","breadcrumb":{"@id":"https:\/\/www.meydan.tv\/az\/article\/3-azyasli-usaq-anasi-mehkeme-zalinda-hebs-edildi-eri-ondan-sikayetci-oldu\/#breadcrumb"},"inLanguage":"az","potentialAction":[{"@type":"ReadAction","target":["https:\/\/www.meydan.tv\/az\/article\/3-azyasli-usaq-anasi-mehkeme-zalinda-hebs-edildi-eri-ondan-sikayetci-oldu\/"]}]},{"@type":"ImageObject","inLanguage":"az","@id":"https:\/\/www.meydan.tv\/az\/article\/3-azyasli-usaq-anasi-mehkeme-zalinda-hebs-edildi-eri-ondan-sikayetci-oldu\/#primaryimage","url":"https:\/\/www.meydan.tv\/wp-content\/uploads\/410827945_4j7bzkk.jpg","contentUrl":"https:\/\/www.meydan.tv\/wp-content\/uploads\/410827945_4j7bzkk.jpg","width":1000,"height":541,"caption":"Foto: Meydan TV"},{"@type":"BreadcrumbList","@id":"https:\/\/www.meydan.tv\/az\/article\/3-azyasli-usaq-anasi-mehkeme-zalinda-hebs-edildi-eri-ondan-sikayetci-oldu\/#breadcrumb","itemListElement":[{"@type":"ListItem","position":1,"name":"Ana s\u0259hif\u0259","item":"https:\/\/www.meydan.tv\/az\/"},{"@type":"ListItem","position":2,"name":"Sosial","item":"https:\/\/www.meydan.tv\/az\/section\/sosial\/"},{"@type":"ListItem","position":3,"name":"3 azya\u015fl\u0131 u\u015faq anas\u0131 m\u0259hk\u0259m\u0259 zal\u0131nda h\u0259bs edildi: \u0259ri ondan \u015fikay\u0259t\u00e7i oldu"}]},{"@type":"WebSite","@id":"https:\/\/www.meydan.tv\/az\/#website","url":"https:\/\/www.meydan.tv\/az\/","name":"MEYDAN.TV","description":"Meydan TV Az\u0259rbaycan\u0131n media m\u0259kan\u0131ndak\u0131 alternativ s\u0259sidir","publisher":{"@id":"https:\/\/www.meydan.tv\/az\/#organization"},"potentialAction":[{"@type":"SearchAction","target":{"@type":"EntryPoint","urlTemplate":"https:\/\/www.meydan.tv\/az\/?s={search_term_string}"},"query-input":{"@type":"PropertyValueSpecification","valueRequired":true,"valueName":"search_term_string"}}],"inLanguage":"az"},{"@type":"Organization","@id":"https:\/\/www.meydan.tv\/az\/#organization","name":"Meydan TV","url":"https:\/\/www.meydan.tv\/az\/","logo":{"@type":"ImageObject","inLanguage":"az","@id":"https:\/\/www.meydan.tv\/az\/#\/schema\/logo\/image\/","url":"https:\/\/www.meydan.tv\/wp-content\/uploads\/2021\/07\/meydan-logo.svg","contentUrl":"https:\/\/www.meydan.tv\/wp-content\/uploads\/2021\/07\/meydan-logo.svg","width":195,"height":46,"caption":"Meydan TV"},"image":{"@id":"https:\/\/www.meydan.tv\/az\/#\/schema\/logo\/image\/"}},{"@type":"Person","@id":"https:\/\/www.meydan.tv\/az\/#\/schema\/person\/9cdbecf90d17180ce1dfbd95b08dcf47","name":"elli","sameAs":["https:\/\/x.com\/elli"]}]}},"_links":{"self":[{"href":"https:\/\/www.meydan.tv\/az\/wp-json\/wp\/v2\/posts\/302065","targetHints":{"allow":["GET"]}}],"collection":[{"href":"https:\/\/www.meydan.tv\/az\/wp-json\/wp\/v2\/posts"}],"about":[{"href":"https:\/\/www.meydan.tv\/az\/wp-json\/wp\/v2\/types\/post"}],"author":[{"embeddable":true,"href":"https:\/\/www.meydan.tv\/az\/wp-json\/wp\/v2\/users\/8"}],"replies":[{"embeddable":true,"href":"https:\/\/www.meydan.tv\/az\/wp-json\/wp\/v2\/comments?post=302065"}],"version-history":[{"count":3,"href":"https:\/\/www.meydan.tv\/az\/wp-json\/wp\/v2\/posts\/302065\/revisions"}],"predecessor-version":[{"id":302072,"href":"https:\/\/www.meydan.tv\/az\/wp-json\/wp\/v2\/posts\/302065\/revisions\/302072"}],"wp:featuredmedia":[{"embeddable":true,"href":"https:\/\/www.meydan.tv\/az\/wp-json\/wp\/v2\/media\/131384"}],"wp:attachment":[{"href":"https:\/\/www.meydan.tv\/az\/wp-json\/wp\/v2\/media?parent=302065"}],"wp:term":[{"taxonomy":"category","embeddable":true,"href":"https:\/\/www.meydan.tv\/az\/wp-json\/wp\/v2\/categories?post=302065"},{"taxonomy":"post_tag","embeddable":true,"href":"https:\/\/www.meydan.tv\/az\/wp-json\/wp\/v2\/tags?post=302065"}],"curies":[{"name":"wp","href":"https:\/\/api.w.org\/{rel}","templated":true}]}}