{"id":302012,"date":"2024-03-27T13:12:47","date_gmt":"2024-03-27T09:12:47","guid":{"rendered":"https:\/\/www.meydan.tv\/?p=302012"},"modified":"2024-03-27T13:12:50","modified_gmt":"2024-03-27T09:12:50","slug":"qusarlilar-alti-kendde-qaz-yoxdur-odun-ise-bahalasib","status":"publish","type":"post","link":"https:\/\/www.meydan.tv\/az\/article\/qusarlilar-alti-kendde-qaz-yoxdur-odun-ise-bahalasib\/","title":{"rendered":"Qusarl\u0131lar: Alt\u0131 k\u0259ndd\u0259 qaz yoxdur, odun is\u0259 bahala\u015f\u0131b"},"content":{"rendered":"\n<p><\/p>\n\n\n\n<p><strong><em>Rayonda yaln\u0131z turizm obyektl\u0259rinin \u00e7ox oldu\u011fu \u0259razil\u0259r qazla\u015fd\u0131r\u0131l\u0131b<\/em><\/strong><\/p>\n\n\n\n<p>Qusar\u0131n Min\u0259x\u00fcr, Ca\u011faq\u0131\u015flaq, Kuzunq\u0131\u015flaq, Urvaq\u0131\u015flaq k\u0259ndl\u0259ri d\u0259 daxil olmaqla \u0259ks\u0259r \u0259razisind\u0259 qaz yoxdur. K\u0259ndlil\u0259r deyirl\u0259r ki, bir ma\u015f\u0131n odun 350-400 manata q\u0259d\u0259r bahala\u015f\u0131b. Buna g\u00f6r\u0259 d\u0259 yanacaq kimi odun ala bilmirl\u0259r.<\/p>\n\n\n\n<p>K\u0259ndlil\u0259rd\u0259n Tahir M\u0259mm\u0259d\u0259liyev bildirib ki, bu \u0259razid\u0259 he\u00e7 vaxt qaz x\u0259tti olmay\u0131b, amma da\u011f k\u0259ndl\u0259rin\u0259 qaz x\u0259tti \u00e7\u0259kilib.<\/p>\n\n\n\n<p>Qusar\u0131n \u0259ks\u0259r k\u0259ndl\u0259ri meyv\u0259\u00e7ilikl\u0259 dolan\u0131r. K\u0259ndlil\u0259r deyirl\u0259r ki, hava \u015f\u0259raitin\u0259 g\u00f6r\u0259 m\u0259hsuldarl\u0131q y\u00fcks\u0259k olmayanda, yaxud m\u0259hsullar\u0131 ist\u0259diyi qiym\u0259t\u0259 sata bilm\u0259y\u0259nd\u0259 dolan\u0131\u015f\u0131qlar\u0131 \u00e7\u0259tinl\u0259\u015fir. \u018fks\u0259riyy\u0259t bar verm\u0259y\u0259n a\u011faclar\u0131, qurumu\u015f meyv\u0259 a\u011faclar\u0131n\u0131 do\u011fray\u0131b q\u0131\u015fda odun kimi istifad\u0259 edir.<\/p>\n\n\n\n<p><em>\u201cAz\u0259rbaycan kimi \u00f6lk\u0259d\u0259 h\u0259l\u0259 d\u0259 qazla\u015fd\u0131r\u0131lmayan k\u0259ndl\u0259r var. Qaz\u0131n olmamas\u0131 i\u015f\u0131q x\u0259tl\u0259rini d\u0259 y\u00fckl\u0259yir, soyuq havalarda x\u0259tl\u0259r y\u00fckl\u0259ndiyind\u0259n i\u015f\u0131q tez-tez s\u00f6n\u00fcr. Qar\u015f\u0131dan isti havalar g\u0259lir, he\u00e7 olmasa g\u0259l\u0259n q\u0131\u015f m\u00f6vs\u00fcm\u00fcn\u0259 q\u0259d\u0259r qaz x\u0259tti \u00e7\u0259kil\u0259ydi\u201d<\/em>,- M\u0259mm\u0259d\u0259liyev bildirib.<\/p>\n\n\n\n<p>Kuzunq\u0131\u015flaq K\u0259nd B\u0259l\u0259diyy\u0259sinin ke\u00e7mi\u015f s\u0259dri Elman Quliyev Meydan TV-y\u0259 deyib ki, 6 k\u0259nd qazla\u015fd\u0131rmadan k\u0259narda qal\u0131b. \u0130ll\u0259rdir h\u0259r q\u0131\u015f m\u00f6vs\u00fcm\u00fc qaz x\u0259tti \u00e7\u0259kil\u0259c\u0259yi il\u0259 ba\u011fl\u0131 v\u0259d verilir, amma h\u0259yata ke\u00e7irilmir.<\/p>\n\n\n\n<p>Alt\u0131 k\u0259ndin 6 mind\u0259n \u00e7ox \u0259halisi var. Qusarda yaln\u0131z turizm obyektl\u0259rinin \u00e7ox oldu\u011fu \u0259razil\u0259r qazla\u015fd\u0131r\u0131l\u0131b.<\/p>\n\n\n\n<p>Elman Quliyev deyib ki, k\u0259ndlil\u0259r alma, gilas, \u015faftal\u0131 yeti\u015fdirm\u0259kl\u0259 dolan\u0131r. Qaz x\u0259tti \u00e7\u0259kil\u0259rs\u0259, onlar\u0131n i\u015fi asanla\u015far.<\/p>\n\n\n\n<p>\u201cAz\u0259riqaz\u201d \u0130stehsalat Birliyind\u0259n Meydan TV-y\u0259 bildiribl\u0259r ki, adlar\u0131 \u00e7\u0259kil\u0259n bir ne\u00e7\u0259 k\u0259nd\u0259 qaz \u00e7\u0259kilm\u0259si bu il \u00fc\u00e7\u00fcn n\u0259z\u0259rd\u0259 tutulub.<\/p>\n","protected":false},"excerpt":{"rendered":"<p>Rayonda yaln\u0131z turizm obyektl\u0259rinin \u00e7ox oldu\u011fu \u0259razil\u0259r qazla\u015fd\u0131r\u0131l\u0131b Qusar\u0131n Min\u0259x\u00fcr, &#8230; <\/p>\n<p class=\"read-more-container\"><a title=\"Qusarl\u0131lar: Alt\u0131 k\u0259ndd\u0259 qaz yoxdur, odun is\u0259 bahala\u015f\u0131b\" class=\"read-more button\" href=\"https:\/\/www.meydan.tv\/az\/article\/qusarlilar-alti-kendde-qaz-yoxdur-odun-ise-bahalasib\/#more-302012\" aria-label=\"Read more about Qusarl\u0131lar: Alt\u0131 k\u0259ndd\u0259 qaz yoxdur, odun is\u0259 bahala\u015f\u0131b\">Davam\u0131<\/a><\/p>\n","protected":false},"author":8,"featured_media":157083,"comment_status":"closed","ping_status":"closed","sticky":false,"template":"","format":"standard","meta":{"_acf_changed":false,"_sitemap_exclude":false,"_sitemap_priority":"","_sitemap_frequency":"","footnotes":""},"categories":[60],"tags":[],"class_list":["post-302012","post","type-post","status-publish","format-standard","has-post-thumbnail","hentry","category-bolge","infinite-scroll-item","generate-columns","tablet-grid-50","mobile-grid-100","grid-parent","grid-33","no-featured-image-padding"],"acf":[],"yoast_head":"<!-- This site is optimized with the Yoast SEO plugin v27.4 - https:\/\/yoast.com\/product\/yoast-seo-wordpress\/ -->\n<title>Qusarl\u0131lar: Alt\u0131 k\u0259ndd\u0259 qaz yoxdur, odun is\u0259 bahala\u015f\u0131b - MEYDAN.TV<\/title>\n<meta name=\"robots\" content=\"index, follow, max-snippet:-1, max-image-preview:large, max-video-preview:-1\" \/>\n<link rel=\"canonical\" href=\"https:\/\/www.meydan.tv\/az\/article\/qusarlilar-alti-kendde-qaz-yoxdur-odun-ise-bahalasib\/\" \/>\n<meta property=\"og:locale\" content=\"az_AZ\" \/>\n<meta property=\"og:type\" content=\"article\" \/>\n<meta property=\"og:title\" content=\"Qusarl\u0131lar: Alt\u0131 k\u0259ndd\u0259 qaz yoxdur, odun is\u0259 bahala\u015f\u0131b - MEYDAN.TV\" \/>\n<meta property=\"og:description\" content=\"Rayonda yaln\u0131z turizm obyektl\u0259rinin \u00e7ox oldu\u011fu \u0259razil\u0259r qazla\u015fd\u0131r\u0131l\u0131b Qusar\u0131n Min\u0259x\u00fcr, ... Davam\u0131\" \/>\n<meta property=\"og:url\" content=\"https:\/\/www.meydan.tv\/az\/article\/qusarlilar-alti-kendde-qaz-yoxdur-odun-ise-bahalasib\/\" \/>\n<meta property=\"og:site_name\" content=\"MEYDAN.TV\" \/>\n<meta property=\"article:published_time\" content=\"2024-03-27T09:12:47+00:00\" \/>\n<meta property=\"article:modified_time\" content=\"2024-03-27T09:12:50+00:00\" \/>\n<meta property=\"og:image\" content=\"https:\/\/www.meydan.tv\/wp-content\/uploads\/20210228_103911-scaled.jpg\" \/>\n\t<meta property=\"og:image:width\" content=\"2560\" \/>\n\t<meta property=\"og:image:height\" content=\"1920\" \/>\n\t<meta property=\"og:image:type\" content=\"image\/jpeg\" \/>\n<meta name=\"author\" content=\"elli\" \/>\n<meta name=\"twitter:card\" content=\"summary_large_image\" \/>\n<meta name=\"twitter:creator\" content=\"@elli\" \/>\n<script type=\"application\/ld+json\" class=\"yoast-schema-graph\">{\"@context\":\"https:\\\/\\\/schema.org\",\"@graph\":[{\"@type\":\"Article\",\"@id\":\"https:\\\/\\\/www.meydan.tv\\\/az\\\/article\\\/qusarlilar-alti-kendde-qaz-yoxdur-odun-ise-bahalasib\\\/#article\",\"isPartOf\":{\"@id\":\"https:\\\/\\\/www.meydan.tv\\\/az\\\/article\\\/qusarlilar-alti-kendde-qaz-yoxdur-odun-ise-bahalasib\\\/\"},\"author\":{\"name\":\"elli\",\"@id\":\"https:\\\/\\\/www.meydan.tv\\\/az\\\/#\\\/schema\\\/person\\\/9cdbecf90d17180ce1dfbd95b08dcf47\"},\"headline\":\"Qusarl\u0131lar: Alt\u0131 k\u0259ndd\u0259 qaz yoxdur, odun is\u0259 bahala\u015f\u0131b\",\"datePublished\":\"2024-03-27T09:12:47+00:00\",\"dateModified\":\"2024-03-27T09:12:50+00:00\",\"mainEntityOfPage\":{\"@id\":\"https:\\\/\\\/www.meydan.tv\\\/az\\\/article\\\/qusarlilar-alti-kendde-qaz-yoxdur-odun-ise-bahalasib\\\/\"},\"wordCount\":374,\"publisher\":{\"@id\":\"https:\\\/\\\/www.meydan.tv\\\/az\\\/#organization\"},\"image\":{\"@id\":\"https:\\\/\\\/www.meydan.tv\\\/az\\\/article\\\/qusarlilar-alti-kendde-qaz-yoxdur-odun-ise-bahalasib\\\/#primaryimage\"},\"thumbnailUrl\":\"https:\\\/\\\/www.meydan.tv\\\/wp-content\\\/uploads\\\/20210228_103911-scaled.jpg\",\"articleSection\":[\"B\u00f6lg\u0259\"],\"inLanguage\":\"az\"},{\"@type\":\"WebPage\",\"@id\":\"https:\\\/\\\/www.meydan.tv\\\/az\\\/article\\\/qusarlilar-alti-kendde-qaz-yoxdur-odun-ise-bahalasib\\\/\",\"url\":\"https:\\\/\\\/www.meydan.tv\\\/az\\\/article\\\/qusarlilar-alti-kendde-qaz-yoxdur-odun-ise-bahalasib\\\/\",\"name\":\"Qusarl\u0131lar: Alt\u0131 k\u0259ndd\u0259 qaz yoxdur, odun is\u0259 bahala\u015f\u0131b - MEYDAN.TV\",\"isPartOf\":{\"@id\":\"https:\\\/\\\/www.meydan.tv\\\/az\\\/#website\"},\"primaryImageOfPage\":{\"@id\":\"https:\\\/\\\/www.meydan.tv\\\/az\\\/article\\\/qusarlilar-alti-kendde-qaz-yoxdur-odun-ise-bahalasib\\\/#primaryimage\"},\"image\":{\"@id\":\"https:\\\/\\\/www.meydan.tv\\\/az\\\/article\\\/qusarlilar-alti-kendde-qaz-yoxdur-odun-ise-bahalasib\\\/#primaryimage\"},\"thumbnailUrl\":\"https:\\\/\\\/www.meydan.tv\\\/wp-content\\\/uploads\\\/20210228_103911-scaled.jpg\",\"datePublished\":\"2024-03-27T09:12:47+00:00\",\"dateModified\":\"2024-03-27T09:12:50+00:00\",\"breadcrumb\":{\"@id\":\"https:\\\/\\\/www.meydan.tv\\\/az\\\/article\\\/qusarlilar-alti-kendde-qaz-yoxdur-odun-ise-bahalasib\\\/#breadcrumb\"},\"inLanguage\":\"az\",\"potentialAction\":[{\"@type\":\"ReadAction\",\"target\":[\"https:\\\/\\\/www.meydan.tv\\\/az\\\/article\\\/qusarlilar-alti-kendde-qaz-yoxdur-odun-ise-bahalasib\\\/\"]}]},{\"@type\":\"ImageObject\",\"inLanguage\":\"az\",\"@id\":\"https:\\\/\\\/www.meydan.tv\\\/az\\\/article\\\/qusarlilar-alti-kendde-qaz-yoxdur-odun-ise-bahalasib\\\/#primaryimage\",\"url\":\"https:\\\/\\\/www.meydan.tv\\\/wp-content\\\/uploads\\\/20210228_103911-scaled.jpg\",\"contentUrl\":\"https:\\\/\\\/www.meydan.tv\\\/wp-content\\\/uploads\\\/20210228_103911-scaled.jpg\",\"width\":2560,\"height\":1920,\"caption\":\"Foto: Meydan TV\"},{\"@type\":\"BreadcrumbList\",\"@id\":\"https:\\\/\\\/www.meydan.tv\\\/az\\\/article\\\/qusarlilar-alti-kendde-qaz-yoxdur-odun-ise-bahalasib\\\/#breadcrumb\",\"itemListElement\":[{\"@type\":\"ListItem\",\"position\":1,\"name\":\"Ana s\u0259hif\u0259\",\"item\":\"https:\\\/\\\/www.meydan.tv\\\/az\\\/\"},{\"@type\":\"ListItem\",\"position\":2,\"name\":\"B\u00f6lg\u0259\",\"item\":\"https:\\\/\\\/www.meydan.tv\\\/az\\\/section\\\/bolge\\\/\"},{\"@type\":\"ListItem\",\"position\":3,\"name\":\"Qusarl\u0131lar: Alt\u0131 k\u0259ndd\u0259 qaz yoxdur, odun is\u0259 bahala\u015f\u0131b\"}]},{\"@type\":\"WebSite\",\"@id\":\"https:\\\/\\\/www.meydan.tv\\\/az\\\/#website\",\"url\":\"https:\\\/\\\/www.meydan.tv\\\/az\\\/\",\"name\":\"MEYDAN.TV\",\"description\":\"Meydan TV Az\u0259rbaycan\u0131n media m\u0259kan\u0131ndak\u0131 alternativ s\u0259sidir\",\"publisher\":{\"@id\":\"https:\\\/\\\/www.meydan.tv\\\/az\\\/#organization\"},\"potentialAction\":[{\"@type\":\"SearchAction\",\"target\":{\"@type\":\"EntryPoint\",\"urlTemplate\":\"https:\\\/\\\/www.meydan.tv\\\/az\\\/?s={search_term_string}\"},\"query-input\":{\"@type\":\"PropertyValueSpecification\",\"valueRequired\":true,\"valueName\":\"search_term_string\"}}],\"inLanguage\":\"az\"},{\"@type\":\"Organization\",\"@id\":\"https:\\\/\\\/www.meydan.tv\\\/az\\\/#organization\",\"name\":\"Meydan TV\",\"url\":\"https:\\\/\\\/www.meydan.tv\\\/az\\\/\",\"logo\":{\"@type\":\"ImageObject\",\"inLanguage\":\"az\",\"@id\":\"https:\\\/\\\/www.meydan.tv\\\/az\\\/#\\\/schema\\\/logo\\\/image\\\/\",\"url\":\"https:\\\/\\\/www.meydan.tv\\\/wp-content\\\/uploads\\\/2021\\\/07\\\/meydan-logo.svg\",\"contentUrl\":\"https:\\\/\\\/www.meydan.tv\\\/wp-content\\\/uploads\\\/2021\\\/07\\\/meydan-logo.svg\",\"width\":195,\"height\":46,\"caption\":\"Meydan TV\"},\"image\":{\"@id\":\"https:\\\/\\\/www.meydan.tv\\\/az\\\/#\\\/schema\\\/logo\\\/image\\\/\"}},{\"@type\":\"Person\",\"@id\":\"https:\\\/\\\/www.meydan.tv\\\/az\\\/#\\\/schema\\\/person\\\/9cdbecf90d17180ce1dfbd95b08dcf47\",\"name\":\"elli\",\"sameAs\":[\"https:\\\/\\\/x.com\\\/elli\"]}]}<\/script>\n<!-- \/ Yoast SEO plugin. -->","yoast_head_json":{"title":"Qusarl\u0131lar: Alt\u0131 k\u0259ndd\u0259 qaz yoxdur, odun is\u0259 bahala\u015f\u0131b - MEYDAN.TV","robots":{"index":"index","follow":"follow","max-snippet":"max-snippet:-1","max-image-preview":"max-image-preview:large","max-video-preview":"max-video-preview:-1"},"canonical":"https:\/\/www.meydan.tv\/az\/article\/qusarlilar-alti-kendde-qaz-yoxdur-odun-ise-bahalasib\/","og_locale":"az_AZ","og_type":"article","og_title":"Qusarl\u0131lar: Alt\u0131 k\u0259ndd\u0259 qaz yoxdur, odun is\u0259 bahala\u015f\u0131b - MEYDAN.TV","og_description":"Rayonda yaln\u0131z turizm obyektl\u0259rinin \u00e7ox oldu\u011fu \u0259razil\u0259r qazla\u015fd\u0131r\u0131l\u0131b Qusar\u0131n Min\u0259x\u00fcr, ... Davam\u0131","og_url":"https:\/\/www.meydan.tv\/az\/article\/qusarlilar-alti-kendde-qaz-yoxdur-odun-ise-bahalasib\/","og_site_name":"MEYDAN.TV","article_published_time":"2024-03-27T09:12:47+00:00","article_modified_time":"2024-03-27T09:12:50+00:00","og_image":[{"width":2560,"height":1920,"url":"https:\/\/www.meydan.tv\/wp-content\/uploads\/20210228_103911-scaled.jpg","type":"image\/jpeg"}],"author":"elli","twitter_card":"summary_large_image","twitter_creator":"@elli","schema":{"@context":"https:\/\/schema.org","@graph":[{"@type":"Article","@id":"https:\/\/www.meydan.tv\/az\/article\/qusarlilar-alti-kendde-qaz-yoxdur-odun-ise-bahalasib\/#article","isPartOf":{"@id":"https:\/\/www.meydan.tv\/az\/article\/qusarlilar-alti-kendde-qaz-yoxdur-odun-ise-bahalasib\/"},"author":{"name":"elli","@id":"https:\/\/www.meydan.tv\/az\/#\/schema\/person\/9cdbecf90d17180ce1dfbd95b08dcf47"},"headline":"Qusarl\u0131lar: Alt\u0131 k\u0259ndd\u0259 qaz yoxdur, odun is\u0259 bahala\u015f\u0131b","datePublished":"2024-03-27T09:12:47+00:00","dateModified":"2024-03-27T09:12:50+00:00","mainEntityOfPage":{"@id":"https:\/\/www.meydan.tv\/az\/article\/qusarlilar-alti-kendde-qaz-yoxdur-odun-ise-bahalasib\/"},"wordCount":374,"publisher":{"@id":"https:\/\/www.meydan.tv\/az\/#organization"},"image":{"@id":"https:\/\/www.meydan.tv\/az\/article\/qusarlilar-alti-kendde-qaz-yoxdur-odun-ise-bahalasib\/#primaryimage"},"thumbnailUrl":"https:\/\/www.meydan.tv\/wp-content\/uploads\/20210228_103911-scaled.jpg","articleSection":["B\u00f6lg\u0259"],"inLanguage":"az"},{"@type":"WebPage","@id":"https:\/\/www.meydan.tv\/az\/article\/qusarlilar-alti-kendde-qaz-yoxdur-odun-ise-bahalasib\/","url":"https:\/\/www.meydan.tv\/az\/article\/qusarlilar-alti-kendde-qaz-yoxdur-odun-ise-bahalasib\/","name":"Qusarl\u0131lar: Alt\u0131 k\u0259ndd\u0259 qaz yoxdur, odun is\u0259 bahala\u015f\u0131b - MEYDAN.TV","isPartOf":{"@id":"https:\/\/www.meydan.tv\/az\/#website"},"primaryImageOfPage":{"@id":"https:\/\/www.meydan.tv\/az\/article\/qusarlilar-alti-kendde-qaz-yoxdur-odun-ise-bahalasib\/#primaryimage"},"image":{"@id":"https:\/\/www.meydan.tv\/az\/article\/qusarlilar-alti-kendde-qaz-yoxdur-odun-ise-bahalasib\/#primaryimage"},"thumbnailUrl":"https:\/\/www.meydan.tv\/wp-content\/uploads\/20210228_103911-scaled.jpg","datePublished":"2024-03-27T09:12:47+00:00","dateModified":"2024-03-27T09:12:50+00:00","breadcrumb":{"@id":"https:\/\/www.meydan.tv\/az\/article\/qusarlilar-alti-kendde-qaz-yoxdur-odun-ise-bahalasib\/#breadcrumb"},"inLanguage":"az","potentialAction":[{"@type":"ReadAction","target":["https:\/\/www.meydan.tv\/az\/article\/qusarlilar-alti-kendde-qaz-yoxdur-odun-ise-bahalasib\/"]}]},{"@type":"ImageObject","inLanguage":"az","@id":"https:\/\/www.meydan.tv\/az\/article\/qusarlilar-alti-kendde-qaz-yoxdur-odun-ise-bahalasib\/#primaryimage","url":"https:\/\/www.meydan.tv\/wp-content\/uploads\/20210228_103911-scaled.jpg","contentUrl":"https:\/\/www.meydan.tv\/wp-content\/uploads\/20210228_103911-scaled.jpg","width":2560,"height":1920,"caption":"Foto: Meydan TV"},{"@type":"BreadcrumbList","@id":"https:\/\/www.meydan.tv\/az\/article\/qusarlilar-alti-kendde-qaz-yoxdur-odun-ise-bahalasib\/#breadcrumb","itemListElement":[{"@type":"ListItem","position":1,"name":"Ana s\u0259hif\u0259","item":"https:\/\/www.meydan.tv\/az\/"},{"@type":"ListItem","position":2,"name":"B\u00f6lg\u0259","item":"https:\/\/www.meydan.tv\/az\/section\/bolge\/"},{"@type":"ListItem","position":3,"name":"Qusarl\u0131lar: Alt\u0131 k\u0259ndd\u0259 qaz yoxdur, odun is\u0259 bahala\u015f\u0131b"}]},{"@type":"WebSite","@id":"https:\/\/www.meydan.tv\/az\/#website","url":"https:\/\/www.meydan.tv\/az\/","name":"MEYDAN.TV","description":"Meydan TV Az\u0259rbaycan\u0131n media m\u0259kan\u0131ndak\u0131 alternativ s\u0259sidir","publisher":{"@id":"https:\/\/www.meydan.tv\/az\/#organization"},"potentialAction":[{"@type":"SearchAction","target":{"@type":"EntryPoint","urlTemplate":"https:\/\/www.meydan.tv\/az\/?s={search_term_string}"},"query-input":{"@type":"PropertyValueSpecification","valueRequired":true,"valueName":"search_term_string"}}],"inLanguage":"az"},{"@type":"Organization","@id":"https:\/\/www.meydan.tv\/az\/#organization","name":"Meydan TV","url":"https:\/\/www.meydan.tv\/az\/","logo":{"@type":"ImageObject","inLanguage":"az","@id":"https:\/\/www.meydan.tv\/az\/#\/schema\/logo\/image\/","url":"https:\/\/www.meydan.tv\/wp-content\/uploads\/2021\/07\/meydan-logo.svg","contentUrl":"https:\/\/www.meydan.tv\/wp-content\/uploads\/2021\/07\/meydan-logo.svg","width":195,"height":46,"caption":"Meydan TV"},"image":{"@id":"https:\/\/www.meydan.tv\/az\/#\/schema\/logo\/image\/"}},{"@type":"Person","@id":"https:\/\/www.meydan.tv\/az\/#\/schema\/person\/9cdbecf90d17180ce1dfbd95b08dcf47","name":"elli","sameAs":["https:\/\/x.com\/elli"]}]}},"_links":{"self":[{"href":"https:\/\/www.meydan.tv\/az\/wp-json\/wp\/v2\/posts\/302012","targetHints":{"allow":["GET"]}}],"collection":[{"href":"https:\/\/www.meydan.tv\/az\/wp-json\/wp\/v2\/posts"}],"about":[{"href":"https:\/\/www.meydan.tv\/az\/wp-json\/wp\/v2\/types\/post"}],"author":[{"embeddable":true,"href":"https:\/\/www.meydan.tv\/az\/wp-json\/wp\/v2\/users\/8"}],"replies":[{"embeddable":true,"href":"https:\/\/www.meydan.tv\/az\/wp-json\/wp\/v2\/comments?post=302012"}],"version-history":[{"count":1,"href":"https:\/\/www.meydan.tv\/az\/wp-json\/wp\/v2\/posts\/302012\/revisions"}],"predecessor-version":[{"id":302013,"href":"https:\/\/www.meydan.tv\/az\/wp-json\/wp\/v2\/posts\/302012\/revisions\/302013"}],"wp:featuredmedia":[{"embeddable":true,"href":"https:\/\/www.meydan.tv\/az\/wp-json\/wp\/v2\/media\/157083"}],"wp:attachment":[{"href":"https:\/\/www.meydan.tv\/az\/wp-json\/wp\/v2\/media?parent=302012"}],"wp:term":[{"taxonomy":"category","embeddable":true,"href":"https:\/\/www.meydan.tv\/az\/wp-json\/wp\/v2\/categories?post=302012"},{"taxonomy":"post_tag","embeddable":true,"href":"https:\/\/www.meydan.tv\/az\/wp-json\/wp\/v2\/tags?post=302012"}],"curies":[{"name":"wp","href":"https:\/\/api.w.org\/{rel}","templated":true}]}}