{"id":301996,"date":"2024-03-27T12:52:57","date_gmt":"2024-03-27T08:52:57","guid":{"rendered":"https:\/\/www.meydan.tv\/?p=301996"},"modified":"2024-03-27T12:53:00","modified_gmt":"2024-03-27T08:53:00","slug":"qaracaycek-sakinleri-mescidsiz-qaldiqlarini-deyirler","status":"publish","type":"post","link":"https:\/\/www.meydan.tv\/az\/article\/qaracaycek-sakinleri-mescidsiz-qaldiqlarini-deyirler\/","title":{"rendered":"Qara\u00e7ay\u00e7ek sakinl\u0259ri m\u0259scidsiz qald\u0131qlar\u0131n\u0131 deyirl\u0259r"},"content":{"rendered":"\n<p><\/p>\n\n\n\n<p><strong><em>B\u0259l\u0259diyy\u0259 d\u0259 m\u0259scidin t\u0259hl\u00fck\u0259li v\u0259ziyy\u0259t\u0259 d\u00fc\u015fd\u00fcy\u00fcn\u00fc t\u0259sdiql\u0259yir<\/em><\/strong><\/p>\n\n\n\n<p>Xa\u00e7maz rayonunun Qara\u00e7ay\u00e7ek k\u0259ndind\u0259 yerl\u0259\u015f\u0259n q\u0259dim m\u0259scid da\u011f\u0131lmaq \u00fczr\u0259dir. Bir \u0259srd\u0259n \u00e7ox ya\u015f\u0131 olan m\u0259scidin tavan\u0131 \u00e7\u00fcr\u00fcy\u00fcb, divarlar\u0131nda iri \u00e7atlar yaran\u0131r. M\u0259scid yarars\u0131z hala d\u00fc\u015fd\u00fcy\u00fcnd\u0259n k\u0259nd sakinl\u0259ri orada ibad\u0259t ed\u0259 bilmirl\u0259r.<\/p>\n\n\n\n<p>Bunu Meydan TV-y\u0259 k\u0259nd sakinl\u0259ri bildiribl\u0259r.<\/p>\n\n\n\n<p>Qara\u00e7ay\u00e7ek k\u0259ndi rayon m\u0259rk\u0259zind\u0259n 14 kilometrlik m\u0259saf\u0259d\u0259 yerl\u0259\u015fir. 150 ild\u0259n art\u0131q tarix\u0259 malik k\u0259ndd\u0259 600-d\u0259n art\u0131q \u0259hali ya\u015fay\u0131r.<\/p>\n\n\n\n<p>Sakinl\u0259rin s\u00f6zl\u0259rin\u0259 g\u00f6r\u0259, onlar \u00f6zl\u0259ri m\u0259scidi t\u0259mir etm\u0259k ist\u0259yibl\u0259r. Lakin binan\u0131n q\u0259dim oldu\u011funu \u0259sas g\u0259tir\u0259r\u0259k buna icaz\u0259 verilm\u0259yib.<\/p>\n\n\n\n<p>Sakinl\u0259rd\u0259n N\u0259sib Hac\u0131yev deyib ki, uzun ill\u0259rdir onlar m\u0259scidsiz qal\u0131blar. Halbuki k\u0259nd \u0259halisinin yar\u0131dan \u00e7oxu dini inancl\u0131d\u0131r. Dini bayramlarda getm\u0259y\u0259 yer tapa bilmirl\u0259r.<\/p>\n\n\n\n<p>Qara\u00e7ay\u00e7ek k\u0259nd B\u0259l\u0259diyy\u0259sinin s\u0259dri Arif R\u0259himov m\u0259scidin t\u0259hl\u00fck\u0259li v\u0259ziyy\u0259t\u0259 d\u00fc\u015fd\u00fcy\u00fcn\u00fc t\u0259sdiql\u0259yib. Bildirib ki, m\u0259scid binas\u0131 xeyli m\u00fcdd\u0259tdir b\u0259rbad v\u0259ziyy\u0259td\u0259dir:<\/p>\n\n\n\n<p><em>\u201c1930-cu ild\u0259 istifad\u0259y\u0259 verilmi\u015f bina t\u0259xmin\u0259n on il olar ki, t\u0259mirsizdir\u201d.<\/em><\/p>\n\n\n\n<p>M\u0259d\u0259niyy\u0259t Nazirliyi yan\u0131nda M\u0259d\u0259ni \u0130rsin Qorunmas\u0131, \u0130nki\u015faf\u0131 v\u0259 B\u0259rpas\u0131 \u00fczr\u0259 D\u00f6vl\u0259t Xidm\u0259tind\u0259n bildirilib ki, m\u0259scid tarixi m\u0259d\u0259ni abid\u0259l\u0259rin reyestrin\u0259 daxil deyil, amma tarixi tikili reyestr\u0259 daxil edilm\u0259si \u00fc\u00e7\u00fcn qeydiyyata al\u0131n\u0131b. Bina d\u00f6vl\u0259t m\u00fchafiz\u0259sin\u0259 g\u00f6t\u00fcr\u00fcld\u00fckd\u0259n sonra b\u0259rpas\u0131 imkanlar\u0131na bax\u0131lacaq.<\/p>\n","protected":false},"excerpt":{"rendered":"<p>B\u0259l\u0259diyy\u0259 d\u0259 m\u0259scidin t\u0259hl\u00fck\u0259li v\u0259ziyy\u0259t\u0259 d\u00fc\u015fd\u00fcy\u00fcn\u00fc t\u0259sdiql\u0259yir Xa\u00e7maz rayonunun Qara\u00e7ay\u00e7ek &#8230; <\/p>\n<p class=\"read-more-container\"><a title=\"Qara\u00e7ay\u00e7ek sakinl\u0259ri m\u0259scidsiz qald\u0131qlar\u0131n\u0131 deyirl\u0259r\" class=\"read-more button\" href=\"https:\/\/www.meydan.tv\/az\/article\/qaracaycek-sakinleri-mescidsiz-qaldiqlarini-deyirler\/#more-301996\" aria-label=\"Read more about Qara\u00e7ay\u00e7ek sakinl\u0259ri m\u0259scidsiz qald\u0131qlar\u0131n\u0131 deyirl\u0259r\">Davam\u0131<\/a><\/p>\n","protected":false},"author":8,"featured_media":301997,"comment_status":"closed","ping_status":"closed","sticky":false,"template":"","format":"standard","meta":{"_acf_changed":false,"_sitemap_exclude":false,"_sitemap_priority":"","_sitemap_frequency":"","footnotes":""},"categories":[60,56],"tags":[],"class_list":["post-301996","post","type-post","status-publish","format-standard","has-post-thumbnail","hentry","category-bolge","category-xeberler","infinite-scroll-item","generate-columns","tablet-grid-50","mobile-grid-100","grid-parent","grid-33","no-featured-image-padding"],"acf":[],"yoast_head":"<!-- This site is optimized with the Yoast SEO plugin v27.4 - https:\/\/yoast.com\/product\/yoast-seo-wordpress\/ -->\n<title>Qara\u00e7ay\u00e7ek sakinl\u0259ri m\u0259scidsiz qald\u0131qlar\u0131n\u0131 deyirl\u0259r - MEYDAN.TV<\/title>\n<meta name=\"robots\" content=\"index, follow, max-snippet:-1, max-image-preview:large, max-video-preview:-1\" \/>\n<link rel=\"canonical\" href=\"https:\/\/www.meydan.tv\/az\/article\/qaracaycek-sakinleri-mescidsiz-qaldiqlarini-deyirler\/\" \/>\n<meta property=\"og:locale\" content=\"az_AZ\" \/>\n<meta property=\"og:type\" content=\"article\" \/>\n<meta property=\"og:title\" content=\"Qara\u00e7ay\u00e7ek sakinl\u0259ri m\u0259scidsiz qald\u0131qlar\u0131n\u0131 deyirl\u0259r - MEYDAN.TV\" \/>\n<meta property=\"og:description\" content=\"B\u0259l\u0259diyy\u0259 d\u0259 m\u0259scidin t\u0259hl\u00fck\u0259li v\u0259ziyy\u0259t\u0259 d\u00fc\u015fd\u00fcy\u00fcn\u00fc t\u0259sdiql\u0259yir Xa\u00e7maz rayonunun Qara\u00e7ay\u00e7ek ... Davam\u0131\" \/>\n<meta property=\"og:url\" content=\"https:\/\/www.meydan.tv\/az\/article\/qaracaycek-sakinleri-mescidsiz-qaldiqlarini-deyirler\/\" \/>\n<meta property=\"og:site_name\" content=\"MEYDAN.TV\" \/>\n<meta property=\"article:published_time\" content=\"2024-03-27T08:52:57+00:00\" \/>\n<meta property=\"article:modified_time\" content=\"2024-03-27T08:53:00+00:00\" \/>\n<meta property=\"og:image\" content=\"https:\/\/www.meydan.tv\/wp-content\/uploads\/1-53.jpg\" \/>\n\t<meta property=\"og:image:width\" content=\"1200\" \/>\n\t<meta property=\"og:image:height\" content=\"675\" \/>\n\t<meta property=\"og:image:type\" content=\"image\/jpeg\" \/>\n<meta name=\"author\" content=\"elli\" \/>\n<meta name=\"twitter:card\" content=\"summary_large_image\" \/>\n<meta name=\"twitter:creator\" content=\"@elli\" \/>\n<script type=\"application\/ld+json\" class=\"yoast-schema-graph\">{\"@context\":\"https:\\\/\\\/schema.org\",\"@graph\":[{\"@type\":\"Article\",\"@id\":\"https:\\\/\\\/www.meydan.tv\\\/az\\\/article\\\/qaracaycek-sakinleri-mescidsiz-qaldiqlarini-deyirler\\\/#article\",\"isPartOf\":{\"@id\":\"https:\\\/\\\/www.meydan.tv\\\/az\\\/article\\\/qaracaycek-sakinleri-mescidsiz-qaldiqlarini-deyirler\\\/\"},\"author\":{\"name\":\"elli\",\"@id\":\"https:\\\/\\\/www.meydan.tv\\\/az\\\/#\\\/schema\\\/person\\\/9cdbecf90d17180ce1dfbd95b08dcf47\"},\"headline\":\"Qara\u00e7ay\u00e7ek sakinl\u0259ri m\u0259scidsiz qald\u0131qlar\u0131n\u0131 deyirl\u0259r\",\"datePublished\":\"2024-03-27T08:52:57+00:00\",\"dateModified\":\"2024-03-27T08:53:00+00:00\",\"mainEntityOfPage\":{\"@id\":\"https:\\\/\\\/www.meydan.tv\\\/az\\\/article\\\/qaracaycek-sakinleri-mescidsiz-qaldiqlarini-deyirler\\\/\"},\"wordCount\":330,\"publisher\":{\"@id\":\"https:\\\/\\\/www.meydan.tv\\\/az\\\/#organization\"},\"image\":{\"@id\":\"https:\\\/\\\/www.meydan.tv\\\/az\\\/article\\\/qaracaycek-sakinleri-mescidsiz-qaldiqlarini-deyirler\\\/#primaryimage\"},\"thumbnailUrl\":\"https:\\\/\\\/www.meydan.tv\\\/wp-content\\\/uploads\\\/1-53.jpg\",\"articleSection\":[\"B\u00f6lg\u0259\",\"X\u0259b\u0259rl\u0259r\"],\"inLanguage\":\"az\"},{\"@type\":\"WebPage\",\"@id\":\"https:\\\/\\\/www.meydan.tv\\\/az\\\/article\\\/qaracaycek-sakinleri-mescidsiz-qaldiqlarini-deyirler\\\/\",\"url\":\"https:\\\/\\\/www.meydan.tv\\\/az\\\/article\\\/qaracaycek-sakinleri-mescidsiz-qaldiqlarini-deyirler\\\/\",\"name\":\"Qara\u00e7ay\u00e7ek sakinl\u0259ri m\u0259scidsiz qald\u0131qlar\u0131n\u0131 deyirl\u0259r - MEYDAN.TV\",\"isPartOf\":{\"@id\":\"https:\\\/\\\/www.meydan.tv\\\/az\\\/#website\"},\"primaryImageOfPage\":{\"@id\":\"https:\\\/\\\/www.meydan.tv\\\/az\\\/article\\\/qaracaycek-sakinleri-mescidsiz-qaldiqlarini-deyirler\\\/#primaryimage\"},\"image\":{\"@id\":\"https:\\\/\\\/www.meydan.tv\\\/az\\\/article\\\/qaracaycek-sakinleri-mescidsiz-qaldiqlarini-deyirler\\\/#primaryimage\"},\"thumbnailUrl\":\"https:\\\/\\\/www.meydan.tv\\\/wp-content\\\/uploads\\\/1-53.jpg\",\"datePublished\":\"2024-03-27T08:52:57+00:00\",\"dateModified\":\"2024-03-27T08:53:00+00:00\",\"breadcrumb\":{\"@id\":\"https:\\\/\\\/www.meydan.tv\\\/az\\\/article\\\/qaracaycek-sakinleri-mescidsiz-qaldiqlarini-deyirler\\\/#breadcrumb\"},\"inLanguage\":\"az\",\"potentialAction\":[{\"@type\":\"ReadAction\",\"target\":[\"https:\\\/\\\/www.meydan.tv\\\/az\\\/article\\\/qaracaycek-sakinleri-mescidsiz-qaldiqlarini-deyirler\\\/\"]}]},{\"@type\":\"ImageObject\",\"inLanguage\":\"az\",\"@id\":\"https:\\\/\\\/www.meydan.tv\\\/az\\\/article\\\/qaracaycek-sakinleri-mescidsiz-qaldiqlarini-deyirler\\\/#primaryimage\",\"url\":\"https:\\\/\\\/www.meydan.tv\\\/wp-content\\\/uploads\\\/1-53.jpg\",\"contentUrl\":\"https:\\\/\\\/www.meydan.tv\\\/wp-content\\\/uploads\\\/1-53.jpg\",\"width\":1200,\"height\":675,\"caption\":\"K\u0259nd m\u0259scidi. Foto: Meydan TV\"},{\"@type\":\"BreadcrumbList\",\"@id\":\"https:\\\/\\\/www.meydan.tv\\\/az\\\/article\\\/qaracaycek-sakinleri-mescidsiz-qaldiqlarini-deyirler\\\/#breadcrumb\",\"itemListElement\":[{\"@type\":\"ListItem\",\"position\":1,\"name\":\"Ana s\u0259hif\u0259\",\"item\":\"https:\\\/\\\/www.meydan.tv\\\/az\\\/\"},{\"@type\":\"ListItem\",\"position\":2,\"name\":\"B\u00f6lg\u0259\",\"item\":\"https:\\\/\\\/www.meydan.tv\\\/az\\\/section\\\/bolge\\\/\"},{\"@type\":\"ListItem\",\"position\":3,\"name\":\"Qara\u00e7ay\u00e7ek sakinl\u0259ri m\u0259scidsiz qald\u0131qlar\u0131n\u0131 deyirl\u0259r\"}]},{\"@type\":\"WebSite\",\"@id\":\"https:\\\/\\\/www.meydan.tv\\\/az\\\/#website\",\"url\":\"https:\\\/\\\/www.meydan.tv\\\/az\\\/\",\"name\":\"MEYDAN.TV\",\"description\":\"Meydan TV Az\u0259rbaycan\u0131n media m\u0259kan\u0131ndak\u0131 alternativ s\u0259sidir\",\"publisher\":{\"@id\":\"https:\\\/\\\/www.meydan.tv\\\/az\\\/#organization\"},\"potentialAction\":[{\"@type\":\"SearchAction\",\"target\":{\"@type\":\"EntryPoint\",\"urlTemplate\":\"https:\\\/\\\/www.meydan.tv\\\/az\\\/?s={search_term_string}\"},\"query-input\":{\"@type\":\"PropertyValueSpecification\",\"valueRequired\":true,\"valueName\":\"search_term_string\"}}],\"inLanguage\":\"az\"},{\"@type\":\"Organization\",\"@id\":\"https:\\\/\\\/www.meydan.tv\\\/az\\\/#organization\",\"name\":\"Meydan TV\",\"url\":\"https:\\\/\\\/www.meydan.tv\\\/az\\\/\",\"logo\":{\"@type\":\"ImageObject\",\"inLanguage\":\"az\",\"@id\":\"https:\\\/\\\/www.meydan.tv\\\/az\\\/#\\\/schema\\\/logo\\\/image\\\/\",\"url\":\"https:\\\/\\\/www.meydan.tv\\\/wp-content\\\/uploads\\\/2021\\\/07\\\/meydan-logo.svg\",\"contentUrl\":\"https:\\\/\\\/www.meydan.tv\\\/wp-content\\\/uploads\\\/2021\\\/07\\\/meydan-logo.svg\",\"width\":195,\"height\":46,\"caption\":\"Meydan TV\"},\"image\":{\"@id\":\"https:\\\/\\\/www.meydan.tv\\\/az\\\/#\\\/schema\\\/logo\\\/image\\\/\"}},{\"@type\":\"Person\",\"@id\":\"https:\\\/\\\/www.meydan.tv\\\/az\\\/#\\\/schema\\\/person\\\/9cdbecf90d17180ce1dfbd95b08dcf47\",\"name\":\"elli\",\"sameAs\":[\"https:\\\/\\\/x.com\\\/elli\"]}]}<\/script>\n<!-- \/ Yoast SEO plugin. -->","yoast_head_json":{"title":"Qara\u00e7ay\u00e7ek sakinl\u0259ri m\u0259scidsiz qald\u0131qlar\u0131n\u0131 deyirl\u0259r - MEYDAN.TV","robots":{"index":"index","follow":"follow","max-snippet":"max-snippet:-1","max-image-preview":"max-image-preview:large","max-video-preview":"max-video-preview:-1"},"canonical":"https:\/\/www.meydan.tv\/az\/article\/qaracaycek-sakinleri-mescidsiz-qaldiqlarini-deyirler\/","og_locale":"az_AZ","og_type":"article","og_title":"Qara\u00e7ay\u00e7ek sakinl\u0259ri m\u0259scidsiz qald\u0131qlar\u0131n\u0131 deyirl\u0259r - MEYDAN.TV","og_description":"B\u0259l\u0259diyy\u0259 d\u0259 m\u0259scidin t\u0259hl\u00fck\u0259li v\u0259ziyy\u0259t\u0259 d\u00fc\u015fd\u00fcy\u00fcn\u00fc t\u0259sdiql\u0259yir Xa\u00e7maz rayonunun Qara\u00e7ay\u00e7ek ... Davam\u0131","og_url":"https:\/\/www.meydan.tv\/az\/article\/qaracaycek-sakinleri-mescidsiz-qaldiqlarini-deyirler\/","og_site_name":"MEYDAN.TV","article_published_time":"2024-03-27T08:52:57+00:00","article_modified_time":"2024-03-27T08:53:00+00:00","og_image":[{"width":1200,"height":675,"url":"https:\/\/www.meydan.tv\/wp-content\/uploads\/1-53.jpg","type":"image\/jpeg"}],"author":"elli","twitter_card":"summary_large_image","twitter_creator":"@elli","schema":{"@context":"https:\/\/schema.org","@graph":[{"@type":"Article","@id":"https:\/\/www.meydan.tv\/az\/article\/qaracaycek-sakinleri-mescidsiz-qaldiqlarini-deyirler\/#article","isPartOf":{"@id":"https:\/\/www.meydan.tv\/az\/article\/qaracaycek-sakinleri-mescidsiz-qaldiqlarini-deyirler\/"},"author":{"name":"elli","@id":"https:\/\/www.meydan.tv\/az\/#\/schema\/person\/9cdbecf90d17180ce1dfbd95b08dcf47"},"headline":"Qara\u00e7ay\u00e7ek sakinl\u0259ri m\u0259scidsiz qald\u0131qlar\u0131n\u0131 deyirl\u0259r","datePublished":"2024-03-27T08:52:57+00:00","dateModified":"2024-03-27T08:53:00+00:00","mainEntityOfPage":{"@id":"https:\/\/www.meydan.tv\/az\/article\/qaracaycek-sakinleri-mescidsiz-qaldiqlarini-deyirler\/"},"wordCount":330,"publisher":{"@id":"https:\/\/www.meydan.tv\/az\/#organization"},"image":{"@id":"https:\/\/www.meydan.tv\/az\/article\/qaracaycek-sakinleri-mescidsiz-qaldiqlarini-deyirler\/#primaryimage"},"thumbnailUrl":"https:\/\/www.meydan.tv\/wp-content\/uploads\/1-53.jpg","articleSection":["B\u00f6lg\u0259","X\u0259b\u0259rl\u0259r"],"inLanguage":"az"},{"@type":"WebPage","@id":"https:\/\/www.meydan.tv\/az\/article\/qaracaycek-sakinleri-mescidsiz-qaldiqlarini-deyirler\/","url":"https:\/\/www.meydan.tv\/az\/article\/qaracaycek-sakinleri-mescidsiz-qaldiqlarini-deyirler\/","name":"Qara\u00e7ay\u00e7ek sakinl\u0259ri m\u0259scidsiz qald\u0131qlar\u0131n\u0131 deyirl\u0259r - MEYDAN.TV","isPartOf":{"@id":"https:\/\/www.meydan.tv\/az\/#website"},"primaryImageOfPage":{"@id":"https:\/\/www.meydan.tv\/az\/article\/qaracaycek-sakinleri-mescidsiz-qaldiqlarini-deyirler\/#primaryimage"},"image":{"@id":"https:\/\/www.meydan.tv\/az\/article\/qaracaycek-sakinleri-mescidsiz-qaldiqlarini-deyirler\/#primaryimage"},"thumbnailUrl":"https:\/\/www.meydan.tv\/wp-content\/uploads\/1-53.jpg","datePublished":"2024-03-27T08:52:57+00:00","dateModified":"2024-03-27T08:53:00+00:00","breadcrumb":{"@id":"https:\/\/www.meydan.tv\/az\/article\/qaracaycek-sakinleri-mescidsiz-qaldiqlarini-deyirler\/#breadcrumb"},"inLanguage":"az","potentialAction":[{"@type":"ReadAction","target":["https:\/\/www.meydan.tv\/az\/article\/qaracaycek-sakinleri-mescidsiz-qaldiqlarini-deyirler\/"]}]},{"@type":"ImageObject","inLanguage":"az","@id":"https:\/\/www.meydan.tv\/az\/article\/qaracaycek-sakinleri-mescidsiz-qaldiqlarini-deyirler\/#primaryimage","url":"https:\/\/www.meydan.tv\/wp-content\/uploads\/1-53.jpg","contentUrl":"https:\/\/www.meydan.tv\/wp-content\/uploads\/1-53.jpg","width":1200,"height":675,"caption":"K\u0259nd m\u0259scidi. Foto: Meydan TV"},{"@type":"BreadcrumbList","@id":"https:\/\/www.meydan.tv\/az\/article\/qaracaycek-sakinleri-mescidsiz-qaldiqlarini-deyirler\/#breadcrumb","itemListElement":[{"@type":"ListItem","position":1,"name":"Ana s\u0259hif\u0259","item":"https:\/\/www.meydan.tv\/az\/"},{"@type":"ListItem","position":2,"name":"B\u00f6lg\u0259","item":"https:\/\/www.meydan.tv\/az\/section\/bolge\/"},{"@type":"ListItem","position":3,"name":"Qara\u00e7ay\u00e7ek sakinl\u0259ri m\u0259scidsiz qald\u0131qlar\u0131n\u0131 deyirl\u0259r"}]},{"@type":"WebSite","@id":"https:\/\/www.meydan.tv\/az\/#website","url":"https:\/\/www.meydan.tv\/az\/","name":"MEYDAN.TV","description":"Meydan TV Az\u0259rbaycan\u0131n media m\u0259kan\u0131ndak\u0131 alternativ s\u0259sidir","publisher":{"@id":"https:\/\/www.meydan.tv\/az\/#organization"},"potentialAction":[{"@type":"SearchAction","target":{"@type":"EntryPoint","urlTemplate":"https:\/\/www.meydan.tv\/az\/?s={search_term_string}"},"query-input":{"@type":"PropertyValueSpecification","valueRequired":true,"valueName":"search_term_string"}}],"inLanguage":"az"},{"@type":"Organization","@id":"https:\/\/www.meydan.tv\/az\/#organization","name":"Meydan TV","url":"https:\/\/www.meydan.tv\/az\/","logo":{"@type":"ImageObject","inLanguage":"az","@id":"https:\/\/www.meydan.tv\/az\/#\/schema\/logo\/image\/","url":"https:\/\/www.meydan.tv\/wp-content\/uploads\/2021\/07\/meydan-logo.svg","contentUrl":"https:\/\/www.meydan.tv\/wp-content\/uploads\/2021\/07\/meydan-logo.svg","width":195,"height":46,"caption":"Meydan TV"},"image":{"@id":"https:\/\/www.meydan.tv\/az\/#\/schema\/logo\/image\/"}},{"@type":"Person","@id":"https:\/\/www.meydan.tv\/az\/#\/schema\/person\/9cdbecf90d17180ce1dfbd95b08dcf47","name":"elli","sameAs":["https:\/\/x.com\/elli"]}]}},"_links":{"self":[{"href":"https:\/\/www.meydan.tv\/az\/wp-json\/wp\/v2\/posts\/301996","targetHints":{"allow":["GET"]}}],"collection":[{"href":"https:\/\/www.meydan.tv\/az\/wp-json\/wp\/v2\/posts"}],"about":[{"href":"https:\/\/www.meydan.tv\/az\/wp-json\/wp\/v2\/types\/post"}],"author":[{"embeddable":true,"href":"https:\/\/www.meydan.tv\/az\/wp-json\/wp\/v2\/users\/8"}],"replies":[{"embeddable":true,"href":"https:\/\/www.meydan.tv\/az\/wp-json\/wp\/v2\/comments?post=301996"}],"version-history":[{"count":3,"href":"https:\/\/www.meydan.tv\/az\/wp-json\/wp\/v2\/posts\/301996\/revisions"}],"predecessor-version":[{"id":302006,"href":"https:\/\/www.meydan.tv\/az\/wp-json\/wp\/v2\/posts\/301996\/revisions\/302006"}],"wp:featuredmedia":[{"embeddable":true,"href":"https:\/\/www.meydan.tv\/az\/wp-json\/wp\/v2\/media\/301997"}],"wp:attachment":[{"href":"https:\/\/www.meydan.tv\/az\/wp-json\/wp\/v2\/media?parent=301996"}],"wp:term":[{"taxonomy":"category","embeddable":true,"href":"https:\/\/www.meydan.tv\/az\/wp-json\/wp\/v2\/categories?post=301996"},{"taxonomy":"post_tag","embeddable":true,"href":"https:\/\/www.meydan.tv\/az\/wp-json\/wp\/v2\/tags?post=301996"}],"curies":[{"name":"wp","href":"https:\/\/api.w.org\/{rel}","templated":true}]}}