{"id":301985,"date":"2024-03-27T12:43:29","date_gmt":"2024-03-27T08:43:29","guid":{"rendered":"https:\/\/www.meydan.tv\/?p=301985"},"modified":"2024-03-27T12:43:48","modified_gmt":"2024-03-27T08:43:48","slug":"yataqxana-sakinleri-gerek-bina-ucsun-olek","status":"publish","type":"post","link":"https:\/\/www.meydan.tv\/az\/article\/yataqxana-sakinleri-gerek-bina-ucsun-olek\/","title":{"rendered":"Yataqxana sakinl\u0259ri: &#8220;G\u0259r\u0259k bina u\u00e7sun, \u00f6l\u0259k?&#8221;"},"content":{"rendered":"\n<p><\/p>\n\n\n\n<p><strong><em>Ekspert: &#8220;D\u00f6vl\u0259t tikinti sektorundak\u0131 sahibkarlara g\u00fcz\u0259\u015ftl\u0259r t\u0259tbiq edilm\u0259lidir&#8221;<\/em><\/strong><\/p>\n\n\n\n<p>Sumqay\u0131t \u015f\u0259h\u0259ri, 42-ci m\u0259h\u0259ll\u0259d\u0259 yerl\u0259\u015f\u0259n 16 n\u00f6mr\u0259li yataqxanan\u0131n sakinl\u0259ri binan\u0131n q\u0259zal\u0131 v\u0259ziyy\u0259td\u0259 olmas\u0131ndan \u015fikay\u0259tl\u0259nirl\u0259r.<\/p>\n\n\n\n<p>Bina sakini Maya Quliyeva Meydan TV-y\u0259 deyir ki, d\u0259f\u0259l\u0259rl\u0259 F\u00f6vq\u0259lad\u0259 Hallar Nazirliyin\u0259 m\u00fcraci\u0259t ets\u0259l\u0259r d\u0259, he\u00e7 bir n\u0259tic\u0259 yoxdur:<\/p>\n\n\n\n<p>&#8220;<em>D\u0259f\u0259l\u0259rl\u0259 F\u00f6vq\u0259lad\u0259 Hallar Nazirliyin\u0259 m\u0259ktub g\u00f6nd\u0259rmi\u015fik. Onlar r\u0259y g\u00f6nd\u0259rib ki, Sumqay\u0131tdak\u0131 bu yataqxana texniki c\u0259h\u0259td\u0259n ya\u015fay\u0131\u015fa cavab vermir, istismar m\u00fcdd\u0259tini ba\u015fa vurub, insanlar k\u00f6\u00e7\u00fcr\u00fclm\u0259lidir, ancaq \u0130cra Hakimiyy\u0259ti bu r\u0259yi gizl\u0259dib he\u00e7 bir t\u0259dbir g\u00f6rm\u00fcr&#8221;<\/em>.<\/p>\n\n\n<div class=\"wp-block-image\">\n<figure class=\"aligncenter size-large\"><img decoding=\"async\" width=\"1095\" height=\"821\" data-src=\"https:\/\/www.meydan.tv\/wp-content\/uploads\/img-20240216-wa0017-1095x821.jpg\" alt=\"\" class=\"wp-image-301973 lazyload\" src=\"data:image\/svg+xml;base64,PHN2ZyB3aWR0aD0iMSIgaGVpZ2h0PSIxIiB4bWxucz0iaHR0cDovL3d3dy53My5vcmcvMjAwMC9zdmciPjwvc3ZnPg==\" style=\"--smush-placeholder-width: 1095px; --smush-placeholder-aspect-ratio: 1095\/821;\" \/><\/figure>\n<\/div>\n\n\n<p>Sakinl\u0259rin dediyin\u0259 g\u00f6r\u0259, 130 ail\u0259nin m\u0259skunla\u015fd\u0131\u011f\u0131 binan\u0131n g\u00f6r\u00fcnt\u00fcs\u00fc n\u0259 xaricd\u0259n, n\u0259 d\u0259 daxild\u0259n \u00fcr\u0259ka\u00e7an v\u0259ziyy\u0259td\u0259dir. \u0130\u015fl\u0259m\u0259y\u0259n kanalizasiya, \u00e7irkab su il\u0259 dolu, \u00fcfun\u0259t iyi ver\u0259n b\u0259rbad zirz\u0259mi, t\u00f6k\u00fcl\u0259n tavan, eroziyaya u\u011frayan divarlar binada h\u0259r an ba\u015f ver\u0259c\u0259k q\u0259zadan x\u0259b\u0259r verir.<\/p>\n\n\n\n<p>Onlar bildiribl\u0259r ki, son g\u00fcnl\u0259r binada v\u0259ziyy\u0259t daha da \u00e7\u0259tinl\u0259\u015fib:<\/p>\n\n\n\n<p>&#8220;<em>Binan\u0131n \u00fc\u00e7 pill\u0259k\u0259n\u0131 bel\u0259 torpa\u011fa bat\u0131b, ayaqyolu b\u0259rbadd\u0131r, istifad\u0259 m\u00fcdd\u0259ti bitib, \u00fcfun\u0259t iyind\u0259n dayanmaq olmur. \u00dcmumi m\u0259tb\u0259xin tavan\u0131 \u00e7\u00f6k\u00fcr, ehtiyatla dururuq. Evim\u0259 ehtiyatla girir\u0259m ki, bu saat \u00e7\u00f6k\u0259c\u0259k. Palaz\u0131 s\u0259rir\u0259m, s\u0259h\u0259r qalx\u0131ram ki, alt\u0131 sudur. Binan\u0131n b\u00fct\u00fcn \u00e7irkab ax\u0131nt\u0131lar\u0131 \u00fcmumi da\u015f\u0131y\u0131c\u0131 x\u0259tt yoxdur dey\u0259 zirz\u0259miy\u0259 t\u00f6k\u00fcl\u00fcr. Yay, yaz iyd\u0259n, h\u0259\u015farat \u0259lind\u0259n t\u0259rp\u0259nm\u0259k olmur&#8221;<\/em>.<\/p>\n\n\n<div class=\"wp-block-image\">\n<figure class=\"aligncenter size-large\"><img decoding=\"async\" width=\"1095\" height=\"821\" data-src=\"https:\/\/www.meydan.tv\/wp-content\/uploads\/img-20240216-wa0006-1095x821.jpg\" alt=\"\" class=\"wp-image-301955 lazyload\" src=\"data:image\/svg+xml;base64,PHN2ZyB3aWR0aD0iMSIgaGVpZ2h0PSIxIiB4bWxucz0iaHR0cDovL3d3dy53My5vcmcvMjAwMC9zdmciPjwvc3ZnPg==\" style=\"--smush-placeholder-width: 1095px; --smush-placeholder-aspect-ratio: 1095\/821;\" \/><\/figure>\n<\/div>\n\n\n<p>&#8220;<em>Durum ya\u015fan\u0131lmazd\u0131r v\u0259 bina x\u0259st\u0259lik m\u0259nb\u0259yidir. Zirz\u0259mil\u0259rd\u0259 haz\u0131rda 80-90 sm d\u0259rinlikd\u0259 \u00e7irkab ax\u0131nt\u0131 var. Qap\u0131-p\u0259nc\u0259r\u0259l\u0259r u\u00e7ur, binan\u0131n xarici fasad\u0131 da\u011f\u0131l\u0131b-t\u00f6k\u00fcl\u00fcr. Bitind\u0259n tutmu\u015f bir\u0259sin\u0259 q\u0259d\u0259r evl\u0259rin i\u00e7ind\u0259dir. Dezinfeksiya ed\u0259nl\u0259r d\u0259 bir-iki d\u0259f\u0259 g\u0259libl\u0259r, sonra o ged\u0259n gedibl\u0259r. 32 ilin sakiniy\u0259m. Desinl\u0259r ki, bu binan\u0131n aqib\u0259ti n\u0259 olacaq?&#8221; <\/em>&#8211; dey\u0259 Maya Quliyeva gileyl\u0259nir.<\/p>\n\n\n\n<p><strong>&#8220;N\u0259 k\u00f6\u00e7\u00fcr\u00fcl\u0259c\u0259yimiz\u0259, n\u0259 yeni bina tikil\u0259c\u0259yin\u0259 s\u00f6z verilir&#8221;<\/strong><\/p>\n\n\n\n<p>50 il \u00f6nc\u0259 in\u015fa olunan binada yerli sakinl\u0259rl\u0259 b\u0259rab\u0259r Qubadl\u0131, F\u00fczuli v\u0259 Z\u0259ngilan rayonundan olan m\u0259cburi k\u00f6\u00e7k\u00fcnl\u0259r d\u0259 ya\u015fay\u0131r.<\/p>\n\n\n\n<p>Sakinl\u0259r deyir ki, son \u00fc\u00e7 ild\u0259 bax\u0131ms\u0131zl\u0131qdan binan\u0131n sol t\u0259r\u0259fi bir metrd\u0259n \u00e7ox \u00e7\u00f6k\u00fcb. H\u0259tta binan\u0131n giri\u015find\u0259ki pill\u0259k\u0259n bel\u0259 yerin alt\u0131na girib.<\/p>\n\n\n<div class=\"wp-block-image\">\n<figure class=\"aligncenter size-large\"><img decoding=\"async\" width=\"1095\" height=\"821\" data-src=\"https:\/\/www.meydan.tv\/wp-content\/uploads\/img-20240216-wa0010-1095x821.jpg\" alt=\"\" class=\"wp-image-301961 lazyload\" src=\"data:image\/svg+xml;base64,PHN2ZyB3aWR0aD0iMSIgaGVpZ2h0PSIxIiB4bWxucz0iaHR0cDovL3d3dy53My5vcmcvMjAwMC9zdmciPjwvc3ZnPg==\" style=\"--smush-placeholder-width: 1095px; --smush-placeholder-aspect-ratio: 1095\/821;\" \/><\/figure>\n<\/div>\n\n\n<p>Onlar\u0131n s\u00f6zl\u0259rin\u0259 g\u00f6r\u0259, zavodun balans\u0131nda \u00e7\u0131xan bina son 12 ild\u0259 bir d\u0259f\u0259 d\u0259 olsa, \u0259sasl\u0131 v\u0259 yaxud y\u00fcng\u00fcl t\u0259mir edilm\u0259yib. Deyirl\u0259r ki, g\u0259r\u0259k bina u\u00e7sun ki, onlar\u0131n \u00e7oxsayl\u0131 m\u00fcraci\u0259ti e\u015fidilsin. Binan\u0131n cari v\u0259ziyy\u0259ti onlar\u0131n h\u0259yat\u0131 \u00fc\u00e7\u00fcn h\u0259r an t\u0259hl\u00fck\u0259 dem\u0259kdir. Ancaq aidiyy\u0259ti qurumlar ill\u0259rdir ki, onlar\u0131 ya dinl\u0259mir, ya da dinl\u0259yib yola verirl\u0259r&#8230;<\/p>\n\n\n\n<p>Bina sakini El\u015f\u0259n \u018fs\u0259dov da ac\u0131nacaql\u0131 durumdan \u015fikay\u0259tl\u0259nir:<\/p>\n\n\n<div class=\"wp-block-image\">\n<figure class=\"aligncenter size-large\"><img decoding=\"async\" width=\"1095\" height=\"821\" data-src=\"https:\/\/www.meydan.tv\/wp-content\/uploads\/img-20240216-wa0009-1095x821.jpg\" alt=\"\" class=\"wp-image-301958 lazyload\" src=\"data:image\/svg+xml;base64,PHN2ZyB3aWR0aD0iMSIgaGVpZ2h0PSIxIiB4bWxucz0iaHR0cDovL3d3dy53My5vcmcvMjAwMC9zdmciPjwvc3ZnPg==\" style=\"--smush-placeholder-width: 1095px; --smush-placeholder-aspect-ratio: 1095\/821;\" \/><\/figure>\n<\/div>\n\n\n<p>&#8220;<em>\u00c7\u00f6km\u0259 \u0259sas biz t\u0259r\u0259f\u0259 d\u00fc\u015f\u00fcr. \u00dcz-\u00fcz\u0259 dayananda g\u00f6r\u00fcn\u00fcr ki, binan\u0131n bir t\u0259r\u0259fi \u00e7\u00f6k\u00fcb. Bu, \u00e7ox t\u0259hl\u00fck\u0259lidir, g\u0259r\u0259k bina u\u00e7sun, \u00f6l\u0259k? Binan\u0131n \u0259yil\u0259n t\u0259r\u0259find\u0259 30 ail\u0259 ya\u015fay\u0131r. Evl\u0259rd\u0259 \u0259yil\u0259n t\u0259r\u0259f\u0259 qoylan \u0259\u015fyalar bel\u0259 s\u00fcr\u00fc\u015f\u00fcr, divar t\u0259r\u0259f a\u015f\u0131r. Biz \u00e7ox qorxuruq ki, gec\u0259 yatd\u0131\u011f\u0131m\u0131z vaxt bina u\u00e7sun. He\u00e7 bilmirik ki, g\u00fcnd\u00fcz u\u00e7sa bel\u0259, n\u0259 ed\u0259c\u0259yik? \u0130kinci m\u0259rt\u0259b\u0259sind\u0259 ya\u015fay\u0131r ail\u0259m, daha \u00e7ox \u0259yilm\u0259ni biz hiss edirik. Gec\u0259 s\u0259h\u0259r\u0259d\u0259k binadan s\u0259sl\u0259r \u00e7\u0131x\u0131r&#8221;.<\/em><\/p>\n\n\n<div class=\"wp-block-image\">\n<figure class=\"aligncenter size-large\"><img decoding=\"async\" width=\"1095\" height=\"821\" data-src=\"https:\/\/www.meydan.tv\/wp-content\/uploads\/img-20240216-wa0021-1095x821.jpg\" alt=\"\" class=\"wp-image-301979 lazyload\" src=\"data:image\/svg+xml;base64,PHN2ZyB3aWR0aD0iMSIgaGVpZ2h0PSIxIiB4bWxucz0iaHR0cDovL3d3dy53My5vcmcvMjAwMC9zdmciPjwvc3ZnPg==\" style=\"--smush-placeholder-width: 1095px; --smush-placeholder-aspect-ratio: 1095\/821;\" \/><\/figure>\n<\/div>\n\n\n<p><em>&#8220;15 ail\u0259 m\u0259cburi k\u00f6\u00e7k\u00fcnd\u00fcr, dig\u0259r sakinl\u0259r is\u0259 yerlidir. M\u00fcraci\u0259t edirik, amma n\u0259 k\u00f6\u00e7\u00fcr\u00fcl\u0259c\u0259yimiz\u0259, n\u0259 yeni bina tikil\u0259c\u0259yin\u0259 s\u00f6z verilir. F\u00f6vq\u0259lad\u0259 Hallar Nazirliyi r\u0259y verir ki, bina ya\u015fay\u0131\u015f \u00fc\u00e7\u00fcn uy\u011fun deyil. \u0130cra Hakimiyy\u0259ti is\u0259 ya qa\u00e7\u0131b-gizl\u0259nir, ya da deyir ki, n\u0259 vaxtsa t\u0259mir olunacaq. \u0130stismar m\u00fcdd\u0259tini ba\u015fa vurmu\u015f binalar\u0131 nec\u0259 t\u0259mir ed\u0259c\u0259kl\u0259r?&#8221; <\/em>&#8211; dey\u0259 El\u015f\u0259n \u018fs\u0259dov etiraz\u0131n\u0131 bildirir.<\/p>\n\n\n\n<p><strong>&#8220;U\u00e7sa da, t\u00f6k\u00fcls\u0259 d\u0259, burada ya\u015fama\u011fa m\u0259cburuq&#8221;<\/strong><\/p>\n\n\n\n<p>\u015e\u0259h\u0259r sakinl\u0259ri bildirir ki, Sumqay\u0131tdak\u0131 yataqxanalar\u0131n \u0259ks\u0259riyy\u0259tinin v\u0259ziyy\u0259ti q\u0259na\u0259tb\u0259x\u015f deyil. \u0130stismar m\u00fcdd\u0259tini ba\u015fa vuran bu binalar s\u00f6k\u00fclm\u0259li, \u0259v\u0259zind\u0259 yeni ya\u015fay\u0131\u015f binalar\u0131 sal\u0131nmal\u0131d\u0131r.<\/p>\n\n\n\n<p>Yataqxana sakini Tofiq Salamov da aidiyy\u0259ti qurumlar\u0131 binadak\u0131 v\u0259ziyy\u0259tl\u0259 ba\u011fl\u0131 h\u0259r\u0259k\u0259t\u0259 \u00e7a\u011f\u0131r\u0131r:<\/p>\n\n\n<div class=\"wp-block-image\">\n<figure class=\"aligncenter size-large\"><img decoding=\"async\" width=\"1095\" height=\"821\" data-src=\"https:\/\/www.meydan.tv\/wp-content\/uploads\/img-20240216-wa0016-1095x821.jpg\" alt=\"\" class=\"wp-image-301970 lazyload\" src=\"data:image\/svg+xml;base64,PHN2ZyB3aWR0aD0iMSIgaGVpZ2h0PSIxIiB4bWxucz0iaHR0cDovL3d3dy53My5vcmcvMjAwMC9zdmciPjwvc3ZnPg==\" style=\"--smush-placeholder-width: 1095px; --smush-placeholder-aspect-ratio: 1095\/821;\" \/><\/figure>\n<\/div>\n\n\n<p><em>&#8220;40 ildir ki, yataqxanada ya\u015fay\u0131ram. Bir d\u0259f\u0259 g\u0259lib dem\u0259yibl\u0259r ki, t\u0259mir ed\u0259k, ya da bu binan\u0131n aqib\u0259ti nec\u0259 olacaq? M\u0259cburuq u\u00e7sa da, t\u00f6k\u00fcls\u0259 d\u0259, ya\u015fayaq. N\u0259 g\u00f6r\u00fcnt\u00fcs\u00fc \u00fcr\u0259ka\u00e7and\u0131r, n\u0259 i\u00e7inin \u015f\u0259raiti. Yataqxanalar indiy\u0259 q\u0259d\u0259r qalmamal\u0131 idi&#8221;.<\/em><\/p>\n\n\n\n<p><strong>&#8220;Sumqay\u0131tda 50-60 ci ill\u0259rd\u0259 sal\u0131nan xeyli bina var&#8221;<\/strong><\/p>\n\n\n\n<p>Sumqay\u0131t M\u0259nzil Kommunal T\u0259s\u0259rr\u00fcfat\u0131 \u0130stehsalat Birliyind\u0259n Meydan TV-y\u0259 bildirildi ki, \u015f\u0259h\u0259rd\u0259 m\u00f6vcud 70 yataqxanadan 61 onlar\u0131n balans\u0131nda olub. \u00d6t\u0259n il \u00fc\u00e7\u00fc q\u0259zal\u0131 olmas\u0131ndan dolay\u0131 s\u00f6k\u00fcl\u00fcb v\u0259 sakinl\u0259ri kompensasiya il\u0259 t\u0259min edilib. Ancaq dig\u0259r t\u0259hl\u00fck\u0259li v\u0259ziyy\u0259td\u0259 olan binalara r\u0259y g\u0259lm\u0259diyind\u0259n yax\u0131n g\u0259l\u0259c\u0259kd\u0259 aqib\u0259ti bilinmir.<\/p>\n\n\n\n<p>Sakinl\u0259rin \u015fikay\u0259t\u00e7i oldu\u011fu 16 sayl\u0131 yataqxana il\u0259 ba\u011fl\u0131 FHN \u0259sasl\u0131 b\u0259rpa i\u015fl\u0259rinin getm\u0259sin\u0259 dair r\u0259y vers\u0259 d\u0259, sakinl\u0259r raz\u0131la\u015fmad\u0131\u011f\u0131ndan yenid\u0259n r\u0259y \u00fc\u00e7\u00fcn siyah\u0131ya sal\u0131naraq g\u00f6nd\u0259rilib.<\/p>\n\n\n<div class=\"wp-block-image\">\n<figure class=\"aligncenter size-large\"><img decoding=\"async\" width=\"1095\" height=\"821\" data-src=\"https:\/\/www.meydan.tv\/wp-content\/uploads\/r010-1095x821.jpg\" alt=\"\" class=\"wp-image-253528 lazyload\" src=\"data:image\/svg+xml;base64,PHN2ZyB3aWR0aD0iMSIgaGVpZ2h0PSIxIiB4bWxucz0iaHR0cDovL3d3dy53My5vcmcvMjAwMC9zdmciPjwvc3ZnPg==\" style=\"--smush-placeholder-width: 1095px; --smush-placeholder-aspect-ratio: 1095\/821;\" \/><figcaption class=\"wp-element-caption\">F\u00f6vq\u0259lad\u0259 Hallar Nazirliyi. Foto: FHN<\/figcaption><\/figure>\n<\/div>\n\n\n<p>Qurumdan deyilib ki, yataqxanalarda m\u00fct\u0259madi t\u0259mir i\u015fi is\u0259 z\u0259if gedir:<\/p>\n\n\n\n<p><em>&#8220;\u0130ndi bizim qurumun balans\u0131nda 58 yataqxana qal\u0131b. K\u00f6hn\u0259 tikilil\u0259r\u0259 q\u0259zal\u0131 ad\u0131n\u0131 biz qoya bilm\u0259rik, ancaq FHN bax\u0131\u015f ke\u00e7irib x\u00fcsusi r\u0259y verm\u0259lidir. Biz siyah\u0131 haz\u0131rlay\u0131b g\u00f6nd\u0259rmi\u015fik. H\u0259m \u015fikay\u0259t\u00e7i olan sakinl\u0259rin m\u00fcraci\u0259ti, h\u0259m d\u0259 \u00f6z m\u00fc\u015fahid\u0259miz \u0259sas\u0131nda g\u00f6r\u00fcr\u00fck ki, t\u0259hl\u00fck\u0259li v\u0259ziyy\u0259tdir. Ancaq ham\u0131s\u0131n\u0131 siyah\u0131ya \u0259lav\u0259 etm\u0259mi\u015fik. H\u0259l\u0259 FHN-d\u0259n r\u0259y g\u0259lm\u0259yib. Ne\u00e7\u0259si q\u0259zal\u0131 olacaq, ne\u00e7\u0259si \u0259sasl\u0131 t\u0259mir\u0259 yarayacaq, o da r\u0259yd\u0259n sonra bilin\u0259c\u0259k&#8221;.<\/em><\/p>\n\n\n\n<p>&#8220;<em>Sumqay\u0131tda 50-60 ci ill\u0259rd\u0259 sal\u0131nan xeyli bina var. 42-ci m\u0259h\u0259ll\u0259 yerl\u0259\u015f\u0259n 16 sayl\u0131 yataqxana da onlardand\u0131r. B\u0259li, o binan\u0131n sakinl\u0259ri m\u00fcraci\u0259tin\u0259 dair FHN b\u0259rpa-g\u00fccl\u0259ndirici t\u0259mir i\u015fl\u0259rinin h\u0259yata ke\u00e7irilm\u0259si bar\u0259d\u0259 r\u0259y verib. T\u0259mir siyah\u0131s\u0131na sal\u0131n\u0131b, ancaq v\u0259t\u0259nda\u015flar t\u0259mirl\u0259 raz\u0131la\u015fmad\u0131 dey\u0259 t\u0259krar r\u0259y \u00fc\u00e7\u00fcn siyah\u0131ya sal\u0131n\u0131b. Binaya bax\u0131\u015f ke\u00e7ir\u0259nd\u0259 t\u0259hl\u00fck\u0259li oldu\u011funu dey\u0259 bil\u0259rik. Ancaq FHN r\u0259y verib ki, t\u0259mir olunsun. Son q\u0259rar art\u0131q FHN-n\u0131n olacaq. Son ill\u0259rd\u0259 ancaq on yataqxanan\u0131n sanitar qov\u015fa\u011f\u0131 t\u0259mir olunub&#8221;, <\/em>&#8211; dey\u0259 qurumdan bildirilib.<\/p>\n\n\n<div class=\"wp-block-image\">\n<figure class=\"aligncenter size-large\"><img decoding=\"async\" width=\"1095\" height=\"821\" data-src=\"https:\/\/www.meydan.tv\/wp-content\/uploads\/img-20240216-wa0005-1095x821.jpg\" alt=\"\" class=\"wp-image-301952 lazyload\" src=\"data:image\/svg+xml;base64,PHN2ZyB3aWR0aD0iMSIgaGVpZ2h0PSIxIiB4bWxucz0iaHR0cDovL3d3dy53My5vcmcvMjAwMC9zdmciPjwvc3ZnPg==\" style=\"--smush-placeholder-width: 1095px; --smush-placeholder-aspect-ratio: 1095\/821;\" \/><\/figure>\n<\/div>\n\n\n<p><strong>&#8220;Yataqxana t\u0259f\u0259kk\u00fcr\u00fc y\u0131\u011f\u0131\u015fd\u0131r\u0131lmal\u0131, sosial evl\u0259r tikilm\u0259lidir&#8221;<\/strong><\/p>\n\n\n\n<p>Sumqay\u0131tda yerl\u0259\u015f\u0259n yataqxanalar\u0131n sanitar norma v\u0259 t\u0259l\u0259bl\u0259r\u0259 cavab verm\u0259diyini m\u00fcst\u0259qil memar v\u0259 m\u00fch\u0259ndisl\u0259r d\u0259 deyirl\u0259r. \u015e\u0259h\u0259rd\u0259 m\u00f6vcud 52 min m\u0259cburi k\u00f6\u00e7k\u00fcn v\u0259 qa\u00e7q\u0131nlardan 4688 n\u0259f\u0259ri bu tip binalarda yerl\u0259\u015fdirilib.<\/p>\n\n\n\n<p>Onlardan bir hiss\u0259si k\u00f6\u00e7\u00fcr\u00fcls\u0259 d\u0259, xeyli hiss\u0259si qal\u0131r. Yataqxanalarla yana\u015f\u0131, \u015f\u0259h\u0259rd\u0259 \u0259halinin 44 faizi istismar m\u00fcdd\u0259ti 30 ild\u0259n 60 il\u0259d\u0259k olan binalarda ya\u015fay\u0131r. Yaln\u0131z 7 faizi son 30 ild\u0259 in\u015fa olan binalarda m\u0259skunla\u015f\u0131b. 13 faiz \u0259hali ya\u015f\u0131 60-dan \u00e7ox binalar\u0131n sakinl\u0259ridir.<\/p>\n\n\n<div class=\"wp-block-image\">\n<figure class=\"aligncenter size-large\"><img decoding=\"async\" width=\"1118\" height=\"821\" data-src=\"https:\/\/www.meydan.tv\/wp-content\/uploads\/reklam-sahc999sindc999ki-hc999rc-mc999rclik-bc999zilc999rinc999-sc999rf-edir-cahid-hc999sc999novla-musahibc999-1118x821.jpg\" alt=\"\" class=\"wp-image-301988 lazyload\" src=\"data:image\/svg+xml;base64,PHN2ZyB3aWR0aD0iMSIgaGVpZ2h0PSIxIiB4bWxucz0iaHR0cDovL3d3dy53My5vcmcvMjAwMC9zdmciPjwvc3ZnPg==\" style=\"--smush-placeholder-width: 1118px; --smush-placeholder-aspect-ratio: 1118\/821;\" \/><figcaption class=\"wp-element-caption\">Cahid H\u0259s\u0259nov. Foto: arxiv<\/figcaption><\/figure>\n<\/div>\n\n\n<p>\u015e\u0259h\u0259rsalma memar\u0131 Cahid H\u0259s\u0259nov Meydan TV-y\u0259 deyir ki, Sumqay\u0131t \u015f\u0259h\u0259rind\u0259 bel\u0259 k\u00f6hn\u0259 yataqxana tipli binalar\u0131n qalmas\u0131 d\u00fczg\u00fcn deyil. Yataqxanalar s\u00f6k\u00fcl\u00fcb yerind\u0259 sosial evl\u0259r tikilm\u0259li idi:<\/p>\n\n\n\n<p>&#8220;<em>Bak\u0131da s\u00fcr\u0259tli tikinti prosesi ged\u0259nd\u0259 Sumqay\u0131t k\u0259narda qald\u0131. Sumqay\u0131t \u015f\u0259h\u0259rinin Bak\u0131ya yax\u0131n olmas\u0131 \u015f\u0259h\u0259rsalma v\u0259 memarl\u0131q bax\u0131m\u0131ndan \u0259lveri\u015flidir, onun s\u0131xl\u0131q y\u00fck\u00fcn\u00fc m\u00fc\u0259yy\u0259n q\u0259d\u0259r \u00f6z \u00fcz\u0259rin\u0259 \u00e7\u0259k\u0259 bil\u0259r. Bel\u0259 bir \u015f\u0259h\u0259rd\u0259 yataqxana tipli binalar\u0131n olmas\u0131 d\u00fczg\u00fcn deyil, n\u0259inki qalmas\u0131. Yataqxanalar\u0131n, istismar m\u00fcdd\u0259tini ba\u015fa vurmu\u015f binalar\u0131n 90 faizi \u0259hali il\u0259 raz\u0131la\u015fd\u0131r\u0131l\u0131b s\u00f6k\u00fclm\u0259lidir. Yataqxana t\u0259f\u0259kk\u00fcr\u00fcn\u00fc y\u0131\u011f\u0131\u015fd\u0131r\u0131b sosial evl\u0259r tikilm\u0259lidir. Ya\u015f\u0131l memarl\u0131q epoxas\u0131 b\u00fct\u00fcn d\u00fcnyada ba\u015flay\u0131b, biz h\u0259l\u0259 yataqxana-\u015f\u0259h\u0259r dilemmas\u0131 aras\u0131nda qalm\u0131\u015f\u0131q. \u0130stismar m\u00fcdd\u0259tini ba\u015fa vurmu\u015f ist\u0259r birm\u0259rt\u0259b\u0259li, ist\u0259r be\u015fm\u0259rt\u0259b\u0259li binalar insan h\u0259yat\u0131 \u00fc\u00e7\u00fcn t\u0259hl\u00fck\u0259lidir&#8221;.<\/em><\/p>\n\n\n\n<p><strong>&#8220;H\u0259m b\u00f6lg\u00fc, h\u0259m Ba\u015f plan d\u00fczg\u00fcn haz\u0131rlanmal\u0131d\u0131r&#8221;<\/strong><\/p>\n\n\n\n<p>Memar deyir ki, \u015f\u0259h\u0259rin b\u00f6lg\u00fcs\u00fc bir ne\u00e7\u0259 d\u0259f\u0259 apar\u0131lsa da, Ba\u015f plan\u0131 haz\u0131rlanmay\u0131b. \u00dcst\u0259lik, d\u00fczg\u00fcn planlama gets\u0259, paytaxt\u0131n s\u0131xl\u0131\u011f\u0131n\u0131n on faizini Sumqay\u0131t \u00f6z \u00fcz\u0259rin\u0259 g\u00f6t\u00fcr\u0259 bil\u0259r:<\/p>\n\n\n\n<p>&#8220;<em>Sumqay\u0131tda b\u00f6lg\u00fc apar\u0131landa m\u0259lum oldu ki, ya\u015fay\u0131\u015f binalar\u0131n\u0131n q\u0131rx faizind\u0259n \u00e7oxu be\u015fm\u0259rt\u0259b\u0259lidir. Sahibkarlar\u0131n diqq\u0259tini Bak\u0131dan \u00e7ox indi bu \u015f\u0259h\u0259r\u0259 y\u00f6n\u0259ltm\u0259k laz\u0131md\u0131r. Bak\u0131 s\u0131xl\u0131\u011f\u0131n\u0131n aradan qald\u0131r\u0131lmas\u0131 dig\u0259r \u015f\u0259h\u0259rl\u0259r\u0259 d\u0259 diqq\u0259tin c\u0259lb olunmas\u0131na s\u0259b\u0259b olmal\u0131d\u0131r. O yataqxanalar\u0131n co\u011frafi m\u0259kan\u0131 sosial evl\u0259r \u00fc\u00e7\u00fcn \u0259lveri\u015flidir. Xaricd\u0259 yataqxana ali t\u0259hsil oca\u011f\u0131n\u0131n h\u0259y\u0259tind\u0259 olur. \u00d6z\u00fc d\u0259 m\u00fcasir tikinti standartlar\u0131na uy\u011fun \u015f\u0259kild\u0259 sal\u0131n\u0131r. T\u0259l\u0259b\u0259 yataqxana \u00fc\u00e7\u00fcn yol q\u0259t etm\u0259m\u0259lidir. Bu tip binalar \u015f\u0259h\u0259rin ara k\u00fc\u00e7\u0259l\u0259rind\u0259 \u00e7oxdur. 50-60 &#8211; c\u0131 ill\u0259rin \u00e7ox primitiv, k\u00f6hn\u0259lmi\u015f, dar\u0131xd\u0131r\u0131c\u0131 m\u0259nz\u0259r\u0259li binalar\u0131d\u0131r&#8221;.<\/em><\/p>\n\n\n<div class=\"wp-block-image\">\n<figure class=\"aligncenter size-large\"><img decoding=\"async\" width=\"1095\" height=\"821\" data-src=\"https:\/\/www.meydan.tv\/wp-content\/uploads\/img-20240216-wa0022-1095x821.jpg\" alt=\"\" class=\"wp-image-301976 lazyload\" src=\"data:image\/svg+xml;base64,PHN2ZyB3aWR0aD0iMSIgaGVpZ2h0PSIxIiB4bWxucz0iaHR0cDovL3d3dy53My5vcmcvMjAwMC9zdmciPjwvc3ZnPg==\" style=\"--smush-placeholder-width: 1095px; --smush-placeholder-aspect-ratio: 1095\/821;\" \/><\/figure>\n<\/div>\n\n\n<p><em>&#8220;S\u0131xl\u0131q bax\u0131m\u0131ndan Bak\u0131n\u0131n v\u0259ziyy\u0259tin\u0259 salmaq laz\u0131m deyil. Pe\u015f\u0259kar m\u00fct\u0259x\u0259ssisl\u0259ri d\u0259v\u0259t edib Ba\u015f plan\u0131 d\u00fczg\u00fcn haz\u0131rlamaq laz\u0131md\u0131r. Sumqay\u0131t\u0131n m\u0259rk\u0259zin\u0259 topla\u015fmaq deyil. K\u0259nar zolaqlarda sal\u0131nan aqroparklar, zavod fabrik \u015f\u0259h\u0259rcik epoxas\u0131 d\u00fczg\u00fcn sal\u0131nmal\u0131d\u0131r ki, \u015f\u0259h\u0259r k\u00f6hn\u0259 binalardan azad olsa da, tikinti nec\u0259 g\u0259ldi apar\u0131lmamal\u0131d\u0131r&#8221;, &#8211;<\/em> dey\u0259 o qeyd edib.<\/p>\n\n\n\n<p><strong>&#8220;Yataqxanan\u0131n \u0259razisi \u00e7oxm\u0259nzilli bina \u00fc\u00e7\u00fcn \u0259lveri\u015fli olmur&#8221;<\/strong><\/p>\n\n\n\n<p>\u018fmlak m\u0259s\u0259l\u0259l\u0259ri \u00fczr\u0259 ekspert Ramil Qas\u0131mzad\u0259 deyir ki, \u00f6lk\u0259 \u00fczr\u0259 bel\u0259 binalar\u0131n d\u0259qiq statistikas\u0131 apar\u0131lmay\u0131b. M\u00f6vcud yataqxanalar\u0131n say\u0131n\u0131n 1500-\u0259 yax\u0131n, k\u00f6hn\u0259 ya\u015fay\u0131\u015f binalar\u0131n\u0131n say\u0131n\u0131n is\u0259 \u00fcmumilikd\u0259 3-5 min aral\u0131\u011f\u0131nda olaca\u011f\u0131 t\u0259xmin edilir.<\/p>\n\n\n\n<p>Onun fikrinc\u0259, t\u0259kc\u0259 paytaxtda 9 min\u0259 yax\u0131n ya\u015fay\u0131\u015f binas\u0131n\u0131n 15 faizi istismar m\u00fcdd\u0259tini ba\u015fa vurub.<\/p>\n\n\n\n<p>Ekspert \u0259lav\u0259 edir ki, yataqxanalar\u0131n s\u00f6k\u00fcnt\u00fc v\u0259 in\u015fas\u0131 \u00fc\u00e7\u00fcn d\u00f6vl\u0259t maraql\u0131 deyil. Bu i\u015f \u00fc\u00e7\u00fcn tikinti sektoruna sahibkarlar c\u0259lb edilm\u0259lidir v\u0259 onlara da bu i\u015fin icras\u0131nda maraql\u0131 olmas\u0131 \u00fc\u00e7\u00fcn g\u00fcz\u0259\u015ftl\u0259r t\u0259tbiq olunmal\u0131d\u0131r:<\/p>\n\n\n<div class=\"wp-block-image\">\n<figure class=\"aligncenter size-large\"><img decoding=\"async\" width=\"1095\" height=\"821\" data-src=\"https:\/\/www.meydan.tv\/wp-content\/uploads\/img-20240216-wa0015-1095x821.jpg\" alt=\"\" class=\"wp-image-301967 lazyload\" src=\"data:image\/svg+xml;base64,PHN2ZyB3aWR0aD0iMSIgaGVpZ2h0PSIxIiB4bWxucz0iaHR0cDovL3d3dy53My5vcmcvMjAwMC9zdmciPjwvc3ZnPg==\" style=\"--smush-placeholder-width: 1095px; --smush-placeholder-aspect-ratio: 1095\/821;\" \/><\/figure>\n<\/div>\n\n\n<p><em>&#8220;Yataqxanalar hans\u0131sa m\u00fc\u0259ssis\u0259 v\u0259 t\u0259\u015fkilatlar\u0131n balans\u0131ndad\u0131r. Onlar\u0131n da h\u0259min binalar\u0131 s\u00f6k\u00fcb, yenisini in\u015fa etm\u0259y\u0259 n\u0259 s\u0259lahiyy\u0259tl\u0259ri, n\u0259 maddi v\u0259saitl\u0259ri var. D\u00f6vl\u0259t bina s\u00f6km\u00fcr, istisna halda h\u0259min \u0259razid\u0259n yol, park v\u0259 dig\u0259r infrastruktur ke\u00e7irs\u0259 s\u00f6k\u00fcr. Tikinti sektoruna maraql\u0131 sahibkarlar c\u0259lb edilm\u0259lidir. Onlar \u00fc\u00e7\u00fcn d\u0259 ilk n\u00f6vb\u0259d\u0259 yataqxana v\u0259 istismar m\u00fcdd\u0259tini ba\u015fa vurmu\u015f ya\u015fay\u0131\u015f binalar\u0131n\u0131n yeri \u0259lveri\u015fli olmal\u0131d\u0131r. Dig\u0259r t\u0259r\u0259fd\u0259n \u015e\u0259h\u0259rsalma v\u0259 Arxitektura Komit\u0259si sahibkarlara da m\u00fcraci\u0259t etdi ki, h\u0259r hans\u0131 bir \u0259razi \u00fc\u00e7\u00fcn in\u015faat i\u015fl\u0259ri apar\u0131lark\u0259n ilk n\u00f6vb\u0259d\u0259 o \u0259raziy\u0259 dair icar\u0259 v\u0259 m\u00fclkiyy\u0259t s\u0259n\u0259dl\u0259ri \u0259ld\u0259 edilm\u0259lidir. El\u0259 k\u00f6hn\u0259 binalar, yataqxanalar var ki, \u015f\u0259h\u0259r k\u0259nar\u0131nda yerl\u0259\u015fir, infrastruktur c\u0259h\u0259td\u0259n z\u0259if inki\u015faf edir. Sahibkar \u00fc\u00e7\u00fcn q\u0259zal\u0131 yataqxanan\u0131 s\u00f6k\u00fcb yerind\u0259 yeni bina in\u015fa etm\u0259k \u00e7\u0259tindir. \u00c7\u00fcnki yeni binan\u0131n sat\u0131\u015f\u0131, \u0259halinin s\u0131xl\u0131\u011f\u0131, yataqxanan\u0131n \u0259razisi \u00e7oxm\u0259nzilli bina \u00fc\u00e7\u00fcn \u0259lveri\u015fli olmur. Ad\u0259t\u0259n, \u00e7oxu 90-110 m\u0259nzili binalar olur ki, onu s\u00f6k\u00fcb yenisini in\u015fa etm\u0259k sahibkara s\u0259rf etmir&#8221;.<\/em><\/p>\n\n\n<div class=\"wp-block-image\">\n<figure class=\"aligncenter size-full\"><img decoding=\"async\" width=\"800\" height=\"450\" data-src=\"https:\/\/www.meydan.tv\/wp-content\/uploads\/1615363373_4.jpg\" alt=\"\" class=\"wp-image-282357 lazyload\" src=\"data:image\/svg+xml;base64,PHN2ZyB3aWR0aD0iMSIgaGVpZ2h0PSIxIiB4bWxucz0iaHR0cDovL3d3dy53My5vcmcvMjAwMC9zdmciPjwvc3ZnPg==\" style=\"--smush-placeholder-width: 800px; --smush-placeholder-aspect-ratio: 800\/450;\" \/><figcaption class=\"wp-element-caption\">Foto: Ramil Qas\u0131mzad\u0259nin \u015f\u0259xsi arxivind\u0259n <\/figcaption><\/figure>\n<\/div>\n\n\n<p>&#8220;<em>Sahibkarlar ist\u0259yir ki, k\u00f6hn\u0259 azm\u0259rt\u0259b\u0259li binan\u0131 s\u00f6k\u00fcb yerind\u0259 12 m\u0259rt\u0259b\u0259li \u00e7oxm\u0259nzilli bina tiksin, \u00e7ox m\u0259nzil sats\u0131n, \u00e7ox qazanc g\u00f6t\u00fcrs\u00fcn. Burada da h\u0259m \u0259razi, h\u0259m d\u0259 yataqxana sakinl\u0259ri il\u0259 problem ya\u015fayacaq. Sahibkar ist\u0259yir ki, binan\u0131 s\u00f6k\u0259nd\u0259 \u0259razi iki-\u00fc\u00e7 bina tikm\u0259k \u00fc\u00e7\u00fcn geni\u015f olsun. \u00c7\u00fcnki \u015f\u0259h\u0259rsalman\u0131n son \u015f\u0259rtl\u0259rin\u0259 g\u00f6r\u0259, h\u0259r bir binan\u0131n in\u015fas\u0131 \u00fc\u00e7\u00fcn minumum 60 sot \u0259razi t\u0259l\u0259bi olur. \u0130ki binan\u0131n in\u015fas\u0131 \u00fc\u00e7\u00fcn bir hektar on iki sot torpaq laz\u0131md\u0131r. \u018fvv\u0259l harda g\u0259ldi plans\u0131z qazanc m\u0259qs\u0259dil\u0259 binalar in\u015fa olunurdu. Art\u0131q qada\u011fa var ki, h\u0259m binalar yax\u0131n olmamal\u0131, h\u0259m sakinl\u0259rin rahatl\u0131\u011f\u0131, t\u0259hl\u00fck\u0259sizliyi d\u00fc\u015f\u00fcn\u00fclm\u0259lidir. K\u00f6hn\u0259d\u0259n d\u0259 tikinti p\u0259rak\u0259nd\u0259 gedib dey\u0259 indi yataqxanalar\u0131n \u0259traf\u0131nda da bo\u015f \u0259razi yoxdur. Son vaxtlar hans\u0131 bina s\u00f6k\u00fcl\u00fcbs\u0259, fikir verin \u0259traf\u0131nda \u0259razisi olub&#8221;,<\/em> &#8211; ekspert bel\u0259 deyir.<\/p>\n\n\n\n<p><strong>&#8220;D\u00f6vl\u0259t b\u00fcdc\u0259 hesab\u0131na bu i\u015fi g\u00f6rm\u0259kd\u0259 maraql\u0131 deyil&#8221;<\/strong><\/p>\n\n\n\n<p>Ekspert \u015f\u0259rtl\u0259rin asan olmad\u0131\u011f\u0131n\u0131, ancaq g\u00fcz\u0259\u015ftsiz d\u0259 bu i\u015fin asan al\u0131nmayaca\u011f\u0131n\u0131 qeyd edir. Deyir ki, d\u00f6vl\u0259t \u00f6z\u00fc maraql\u0131 deyils\u0259, sahibkar\u0131 maraql\u0131 etm\u0259lidir:<\/p>\n\n\n\n<p><em>&#8220;D\u00f6vl\u0259t Arxitektura Komit\u0259si maraql\u0131d\u0131r ki, sahibkarlar bu k\u00f6hn\u0259 binalar\u0131, yataqxanalar\u0131 s\u00f6k\u00fcb in\u015fa etsin. Ancaq sahibkara da tikinti, s\u00f6k\u00fcnt\u00fc m\u0259sr\u0259fi, vergisi, sakinl\u0259rin kiray\u0259 x\u0259rcl\u0259ri, a\u011f\u0131r vergi \u015f\u0259rtl\u0259ri, binan\u0131n m\u00fclkiyy\u0259t h\u00fcququ bax\u0131m\u0131ndan s\u0259rf etmir dey\u0259 maraql\u0131 olmur ki, k\u00f6hn\u0259 binalar\u0131, yataqxanalar\u0131 s\u00f6k\u00fcb-tiksin. Onlara d\u00f6vl\u0259t qeyd etdiyim m\u0259s\u0259l\u0259d\u0259 g\u00fcz\u0259\u015ftl\u0259r t\u0259tbiq ed\u0259rs\u0259, sahibkarlar\u0131 bu i\u015fd\u0259 maraql\u0131 olar. T\u00fcrkiy\u0259d\u0259, ad\u0259t\u0259n, B\u00f6y\u00fck b\u0259l\u0259diyy\u0259l\u0259r bu i\u015fd\u0259 maraql\u0131d\u0131rsa, Az\u0259rbaycanda b\u0259l\u0259diyy\u0259 sistemi \u00f6z\u00fcn\u00fc do\u011frultmur, o ki qald\u0131 tikinti i\u015fin\u0259 sahib \u00e7\u0131xs\u0131n&#8221;<\/em>.<\/p>\n\n\n<div class=\"wp-block-image\">\n<figure class=\"aligncenter size-large\"><img decoding=\"async\" width=\"1095\" height=\"821\" data-src=\"https:\/\/www.meydan.tv\/wp-content\/uploads\/img-20240216-wa0008-1095x821.jpg\" alt=\"\" class=\"wp-image-301991 lazyload\" src=\"data:image\/svg+xml;base64,PHN2ZyB3aWR0aD0iMSIgaGVpZ2h0PSIxIiB4bWxucz0iaHR0cDovL3d3dy53My5vcmcvMjAwMC9zdmciPjwvc3ZnPg==\" style=\"--smush-placeholder-width: 1095px; --smush-placeholder-aspect-ratio: 1095\/821;\" \/><\/figure>\n<\/div>\n\n\n<p><em>&#8220;D\u00f6vl\u0259t b\u00fcdc\u0259 hesab\u0131na bu i\u015fi g\u00f6rm\u0259kd\u0259 maraql\u0131 deyil, \u00e7\u00fcnki \u00e7ox x\u0259rc t\u0259l\u0259b edir. Ancaq icra hakimiyy\u0259tl\u0259rinin hesab\u0131na pul ayr\u0131l\u0131r ki, \u0259sasl\u0131 t\u0259mir olunsun. Onun \u00fc\u00e7\u00fcn d\u0259 proses \u015f\u0259ffaf olmal\u0131d\u0131r ki, \u0259sasl\u0131 b\u0259rpa i\u015fl\u0259ri d\u00fczg\u00fcn apar\u0131ls\u0131n. \u00c7\u00fcnki binalar var ki, istismar m\u00fcdd\u0259tini ba\u015fa vursa da, ancaq yeni tikil\u0259n b\u0259zi kort\u0259bii \u00e7oxm\u0259nzilli binalardan daha t\u0259hl\u00fck\u0259sizdir. M\u0259s\u0259l\u0259n, t\u0259hsil m\u00fc\u0259ss\u0259l\u0259rinin balans\u0131nda olan yataqxanalar k\u00f6\u00e7k\u00fcnl\u0259rd\u0259n sonra \u0259sasl\u0131 t\u0259mirl\u0259 yenid\u0259n b\u0259rpa oluna bil\u0259r. Sahibkarlar h\u0259m d\u0259 k\u00f6hn\u0259 binalar i\u00e7\u0259risind\u0259 azm\u0259rt\u0259b\u0259li binalara maraql\u0131 olur, n\u0259inki be\u015fm\u0259rt\u0259b\u0259li binalara. D\u00f6vl\u0259t g\u0259r\u0259k sahibkara g\u00fcz\u0259\u015ftl\u0259rd\u0259 d\u0259st\u0259k ed\u0259 ki, k\u00f6hn\u0259 yataqxana, k\u00f6hn\u0259 bina problemi h\u0259ll edil\u0259 bilsin&#8221;,<\/em> &#8211; dey\u0259 ekspert vur\u011fulay\u0131r.<\/p>\n","protected":false},"excerpt":{"rendered":"<p>Ekspert: &#8220;D\u00f6vl\u0259t tikinti sektorundak\u0131 sahibkarlara g\u00fcz\u0259\u015ftl\u0259r t\u0259tbiq edilm\u0259lidir&#8221; Sumqay\u0131t \u015f\u0259h\u0259ri, &#8230; <\/p>\n<p class=\"read-more-container\"><a title=\"Yataqxana sakinl\u0259ri: &#8220;G\u0259r\u0259k bina u\u00e7sun, \u00f6l\u0259k?&#8221;\" class=\"read-more button\" href=\"https:\/\/www.meydan.tv\/az\/article\/yataqxana-sakinleri-gerek-bina-ucsun-olek\/#more-301985\" aria-label=\"Read more about Yataqxana sakinl\u0259ri: &#8220;G\u0259r\u0259k bina u\u00e7sun, \u00f6l\u0259k?&#8221;\">Davam\u0131<\/a><\/p>\n","protected":false},"author":8,"featured_media":301982,"comment_status":"closed","ping_status":"closed","sticky":false,"template":"","format":"standard","meta":{"_acf_changed":false,"_sitemap_exclude":false,"_sitemap_priority":"","_sitemap_frequency":"","footnotes":""},"categories":[60,79,56],"tags":[],"class_list":["post-301985","post","type-post","status-publish","format-standard","has-post-thumbnail","hentry","category-bolge","category-featured","category-xeberler","infinite-scroll-item","generate-columns","tablet-grid-50","mobile-grid-100","grid-parent","grid-33","no-featured-image-padding"],"acf":[],"yoast_head":"<!-- This site is optimized with the Yoast SEO plugin v27.4 - https:\/\/yoast.com\/product\/yoast-seo-wordpress\/ -->\n<title>Yataqxana sakinl\u0259ri: &quot;G\u0259r\u0259k bina u\u00e7sun, \u00f6l\u0259k?&quot; - MEYDAN.TV<\/title>\n<meta name=\"robots\" content=\"index, follow, max-snippet:-1, max-image-preview:large, max-video-preview:-1\" \/>\n<link rel=\"canonical\" href=\"https:\/\/www.meydan.tv\/az\/article\/yataqxana-sakinleri-gerek-bina-ucsun-olek\/\" \/>\n<meta property=\"og:locale\" content=\"az_AZ\" \/>\n<meta property=\"og:type\" content=\"article\" \/>\n<meta property=\"og:title\" content=\"Yataqxana sakinl\u0259ri: &quot;G\u0259r\u0259k bina u\u00e7sun, \u00f6l\u0259k?&quot; - MEYDAN.TV\" \/>\n<meta property=\"og:description\" content=\"Ekspert: &#8220;D\u00f6vl\u0259t tikinti sektorundak\u0131 sahibkarlara g\u00fcz\u0259\u015ftl\u0259r t\u0259tbiq edilm\u0259lidir&#8221; Sumqay\u0131t \u015f\u0259h\u0259ri, ... Davam\u0131\" \/>\n<meta property=\"og:url\" content=\"https:\/\/www.meydan.tv\/az\/article\/yataqxana-sakinleri-gerek-bina-ucsun-olek\/\" \/>\n<meta property=\"og:site_name\" content=\"MEYDAN.TV\" \/>\n<meta property=\"article:published_time\" content=\"2024-03-27T08:43:29+00:00\" \/>\n<meta property=\"article:modified_time\" content=\"2024-03-27T08:43:48+00:00\" \/>\n<meta property=\"og:image\" content=\"https:\/\/www.meydan.tv\/wp-content\/uploads\/img-20240216-wa0007.jpg\" \/>\n\t<meta property=\"og:image:width\" content=\"1200\" \/>\n\t<meta property=\"og:image:height\" content=\"900\" \/>\n\t<meta property=\"og:image:type\" content=\"image\/jpeg\" \/>\n<meta name=\"author\" content=\"elli\" \/>\n<meta name=\"twitter:card\" content=\"summary_large_image\" \/>\n<meta name=\"twitter:creator\" content=\"@elli\" \/>\n<script type=\"application\/ld+json\" class=\"yoast-schema-graph\">{\"@context\":\"https:\\\/\\\/schema.org\",\"@graph\":[{\"@type\":\"Article\",\"@id\":\"https:\\\/\\\/www.meydan.tv\\\/az\\\/article\\\/yataqxana-sakinleri-gerek-bina-ucsun-olek\\\/#article\",\"isPartOf\":{\"@id\":\"https:\\\/\\\/www.meydan.tv\\\/az\\\/article\\\/yataqxana-sakinleri-gerek-bina-ucsun-olek\\\/\"},\"author\":{\"name\":\"elli\",\"@id\":\"https:\\\/\\\/www.meydan.tv\\\/az\\\/#\\\/schema\\\/person\\\/9cdbecf90d17180ce1dfbd95b08dcf47\"},\"headline\":\"Yataqxana sakinl\u0259ri: &#8220;G\u0259r\u0259k bina u\u00e7sun, \u00f6l\u0259k?&#8221;\",\"datePublished\":\"2024-03-27T08:43:29+00:00\",\"dateModified\":\"2024-03-27T08:43:48+00:00\",\"mainEntityOfPage\":{\"@id\":\"https:\\\/\\\/www.meydan.tv\\\/az\\\/article\\\/yataqxana-sakinleri-gerek-bina-ucsun-olek\\\/\"},\"wordCount\":2865,\"publisher\":{\"@id\":\"https:\\\/\\\/www.meydan.tv\\\/az\\\/#organization\"},\"image\":{\"@id\":\"https:\\\/\\\/www.meydan.tv\\\/az\\\/article\\\/yataqxana-sakinleri-gerek-bina-ucsun-olek\\\/#primaryimage\"},\"thumbnailUrl\":\"https:\\\/\\\/www.meydan.tv\\\/wp-content\\\/uploads\\\/img-20240216-wa0007.jpg\",\"articleSection\":[\"B\u00f6lg\u0259\",\"T\u00f6vsiy\u0259\",\"X\u0259b\u0259rl\u0259r\"],\"inLanguage\":\"az\"},{\"@type\":\"WebPage\",\"@id\":\"https:\\\/\\\/www.meydan.tv\\\/az\\\/article\\\/yataqxana-sakinleri-gerek-bina-ucsun-olek\\\/\",\"url\":\"https:\\\/\\\/www.meydan.tv\\\/az\\\/article\\\/yataqxana-sakinleri-gerek-bina-ucsun-olek\\\/\",\"name\":\"Yataqxana sakinl\u0259ri: \\\"G\u0259r\u0259k bina u\u00e7sun, \u00f6l\u0259k?\\\" - MEYDAN.TV\",\"isPartOf\":{\"@id\":\"https:\\\/\\\/www.meydan.tv\\\/az\\\/#website\"},\"primaryImageOfPage\":{\"@id\":\"https:\\\/\\\/www.meydan.tv\\\/az\\\/article\\\/yataqxana-sakinleri-gerek-bina-ucsun-olek\\\/#primaryimage\"},\"image\":{\"@id\":\"https:\\\/\\\/www.meydan.tv\\\/az\\\/article\\\/yataqxana-sakinleri-gerek-bina-ucsun-olek\\\/#primaryimage\"},\"thumbnailUrl\":\"https:\\\/\\\/www.meydan.tv\\\/wp-content\\\/uploads\\\/img-20240216-wa0007.jpg\",\"datePublished\":\"2024-03-27T08:43:29+00:00\",\"dateModified\":\"2024-03-27T08:43:48+00:00\",\"breadcrumb\":{\"@id\":\"https:\\\/\\\/www.meydan.tv\\\/az\\\/article\\\/yataqxana-sakinleri-gerek-bina-ucsun-olek\\\/#breadcrumb\"},\"inLanguage\":\"az\",\"potentialAction\":[{\"@type\":\"ReadAction\",\"target\":[\"https:\\\/\\\/www.meydan.tv\\\/az\\\/article\\\/yataqxana-sakinleri-gerek-bina-ucsun-olek\\\/\"]}]},{\"@type\":\"ImageObject\",\"inLanguage\":\"az\",\"@id\":\"https:\\\/\\\/www.meydan.tv\\\/az\\\/article\\\/yataqxana-sakinleri-gerek-bina-ucsun-olek\\\/#primaryimage\",\"url\":\"https:\\\/\\\/www.meydan.tv\\\/wp-content\\\/uploads\\\/img-20240216-wa0007.jpg\",\"contentUrl\":\"https:\\\/\\\/www.meydan.tv\\\/wp-content\\\/uploads\\\/img-20240216-wa0007.jpg\",\"width\":1200,\"height\":900,\"caption\":\"Fotolar: Meydan TV\"},{\"@type\":\"BreadcrumbList\",\"@id\":\"https:\\\/\\\/www.meydan.tv\\\/az\\\/article\\\/yataqxana-sakinleri-gerek-bina-ucsun-olek\\\/#breadcrumb\",\"itemListElement\":[{\"@type\":\"ListItem\",\"position\":1,\"name\":\"Ana s\u0259hif\u0259\",\"item\":\"https:\\\/\\\/www.meydan.tv\\\/az\\\/\"},{\"@type\":\"ListItem\",\"position\":2,\"name\":\"B\u00f6lg\u0259\",\"item\":\"https:\\\/\\\/www.meydan.tv\\\/az\\\/section\\\/bolge\\\/\"},{\"@type\":\"ListItem\",\"position\":3,\"name\":\"Yataqxana sakinl\u0259ri: &#8220;G\u0259r\u0259k bina u\u00e7sun, \u00f6l\u0259k?&#8221;\"}]},{\"@type\":\"WebSite\",\"@id\":\"https:\\\/\\\/www.meydan.tv\\\/az\\\/#website\",\"url\":\"https:\\\/\\\/www.meydan.tv\\\/az\\\/\",\"name\":\"MEYDAN.TV\",\"description\":\"Meydan TV Az\u0259rbaycan\u0131n media m\u0259kan\u0131ndak\u0131 alternativ s\u0259sidir\",\"publisher\":{\"@id\":\"https:\\\/\\\/www.meydan.tv\\\/az\\\/#organization\"},\"potentialAction\":[{\"@type\":\"SearchAction\",\"target\":{\"@type\":\"EntryPoint\",\"urlTemplate\":\"https:\\\/\\\/www.meydan.tv\\\/az\\\/?s={search_term_string}\"},\"query-input\":{\"@type\":\"PropertyValueSpecification\",\"valueRequired\":true,\"valueName\":\"search_term_string\"}}],\"inLanguage\":\"az\"},{\"@type\":\"Organization\",\"@id\":\"https:\\\/\\\/www.meydan.tv\\\/az\\\/#organization\",\"name\":\"Meydan TV\",\"url\":\"https:\\\/\\\/www.meydan.tv\\\/az\\\/\",\"logo\":{\"@type\":\"ImageObject\",\"inLanguage\":\"az\",\"@id\":\"https:\\\/\\\/www.meydan.tv\\\/az\\\/#\\\/schema\\\/logo\\\/image\\\/\",\"url\":\"https:\\\/\\\/www.meydan.tv\\\/wp-content\\\/uploads\\\/2021\\\/07\\\/meydan-logo.svg\",\"contentUrl\":\"https:\\\/\\\/www.meydan.tv\\\/wp-content\\\/uploads\\\/2021\\\/07\\\/meydan-logo.svg\",\"width\":195,\"height\":46,\"caption\":\"Meydan TV\"},\"image\":{\"@id\":\"https:\\\/\\\/www.meydan.tv\\\/az\\\/#\\\/schema\\\/logo\\\/image\\\/\"}},{\"@type\":\"Person\",\"@id\":\"https:\\\/\\\/www.meydan.tv\\\/az\\\/#\\\/schema\\\/person\\\/9cdbecf90d17180ce1dfbd95b08dcf47\",\"name\":\"elli\",\"sameAs\":[\"https:\\\/\\\/x.com\\\/elli\"]}]}<\/script>\n<!-- \/ Yoast SEO plugin. -->","yoast_head_json":{"title":"Yataqxana sakinl\u0259ri: \"G\u0259r\u0259k bina u\u00e7sun, \u00f6l\u0259k?\" - MEYDAN.TV","robots":{"index":"index","follow":"follow","max-snippet":"max-snippet:-1","max-image-preview":"max-image-preview:large","max-video-preview":"max-video-preview:-1"},"canonical":"https:\/\/www.meydan.tv\/az\/article\/yataqxana-sakinleri-gerek-bina-ucsun-olek\/","og_locale":"az_AZ","og_type":"article","og_title":"Yataqxana sakinl\u0259ri: \"G\u0259r\u0259k bina u\u00e7sun, \u00f6l\u0259k?\" - MEYDAN.TV","og_description":"Ekspert: &#8220;D\u00f6vl\u0259t tikinti sektorundak\u0131 sahibkarlara g\u00fcz\u0259\u015ftl\u0259r t\u0259tbiq edilm\u0259lidir&#8221; Sumqay\u0131t \u015f\u0259h\u0259ri, ... Davam\u0131","og_url":"https:\/\/www.meydan.tv\/az\/article\/yataqxana-sakinleri-gerek-bina-ucsun-olek\/","og_site_name":"MEYDAN.TV","article_published_time":"2024-03-27T08:43:29+00:00","article_modified_time":"2024-03-27T08:43:48+00:00","og_image":[{"width":1200,"height":900,"url":"https:\/\/www.meydan.tv\/wp-content\/uploads\/img-20240216-wa0007.jpg","type":"image\/jpeg"}],"author":"elli","twitter_card":"summary_large_image","twitter_creator":"@elli","schema":{"@context":"https:\/\/schema.org","@graph":[{"@type":"Article","@id":"https:\/\/www.meydan.tv\/az\/article\/yataqxana-sakinleri-gerek-bina-ucsun-olek\/#article","isPartOf":{"@id":"https:\/\/www.meydan.tv\/az\/article\/yataqxana-sakinleri-gerek-bina-ucsun-olek\/"},"author":{"name":"elli","@id":"https:\/\/www.meydan.tv\/az\/#\/schema\/person\/9cdbecf90d17180ce1dfbd95b08dcf47"},"headline":"Yataqxana sakinl\u0259ri: &#8220;G\u0259r\u0259k bina u\u00e7sun, \u00f6l\u0259k?&#8221;","datePublished":"2024-03-27T08:43:29+00:00","dateModified":"2024-03-27T08:43:48+00:00","mainEntityOfPage":{"@id":"https:\/\/www.meydan.tv\/az\/article\/yataqxana-sakinleri-gerek-bina-ucsun-olek\/"},"wordCount":2865,"publisher":{"@id":"https:\/\/www.meydan.tv\/az\/#organization"},"image":{"@id":"https:\/\/www.meydan.tv\/az\/article\/yataqxana-sakinleri-gerek-bina-ucsun-olek\/#primaryimage"},"thumbnailUrl":"https:\/\/www.meydan.tv\/wp-content\/uploads\/img-20240216-wa0007.jpg","articleSection":["B\u00f6lg\u0259","T\u00f6vsiy\u0259","X\u0259b\u0259rl\u0259r"],"inLanguage":"az"},{"@type":"WebPage","@id":"https:\/\/www.meydan.tv\/az\/article\/yataqxana-sakinleri-gerek-bina-ucsun-olek\/","url":"https:\/\/www.meydan.tv\/az\/article\/yataqxana-sakinleri-gerek-bina-ucsun-olek\/","name":"Yataqxana sakinl\u0259ri: \"G\u0259r\u0259k bina u\u00e7sun, \u00f6l\u0259k?\" - MEYDAN.TV","isPartOf":{"@id":"https:\/\/www.meydan.tv\/az\/#website"},"primaryImageOfPage":{"@id":"https:\/\/www.meydan.tv\/az\/article\/yataqxana-sakinleri-gerek-bina-ucsun-olek\/#primaryimage"},"image":{"@id":"https:\/\/www.meydan.tv\/az\/article\/yataqxana-sakinleri-gerek-bina-ucsun-olek\/#primaryimage"},"thumbnailUrl":"https:\/\/www.meydan.tv\/wp-content\/uploads\/img-20240216-wa0007.jpg","datePublished":"2024-03-27T08:43:29+00:00","dateModified":"2024-03-27T08:43:48+00:00","breadcrumb":{"@id":"https:\/\/www.meydan.tv\/az\/article\/yataqxana-sakinleri-gerek-bina-ucsun-olek\/#breadcrumb"},"inLanguage":"az","potentialAction":[{"@type":"ReadAction","target":["https:\/\/www.meydan.tv\/az\/article\/yataqxana-sakinleri-gerek-bina-ucsun-olek\/"]}]},{"@type":"ImageObject","inLanguage":"az","@id":"https:\/\/www.meydan.tv\/az\/article\/yataqxana-sakinleri-gerek-bina-ucsun-olek\/#primaryimage","url":"https:\/\/www.meydan.tv\/wp-content\/uploads\/img-20240216-wa0007.jpg","contentUrl":"https:\/\/www.meydan.tv\/wp-content\/uploads\/img-20240216-wa0007.jpg","width":1200,"height":900,"caption":"Fotolar: Meydan TV"},{"@type":"BreadcrumbList","@id":"https:\/\/www.meydan.tv\/az\/article\/yataqxana-sakinleri-gerek-bina-ucsun-olek\/#breadcrumb","itemListElement":[{"@type":"ListItem","position":1,"name":"Ana s\u0259hif\u0259","item":"https:\/\/www.meydan.tv\/az\/"},{"@type":"ListItem","position":2,"name":"B\u00f6lg\u0259","item":"https:\/\/www.meydan.tv\/az\/section\/bolge\/"},{"@type":"ListItem","position":3,"name":"Yataqxana sakinl\u0259ri: &#8220;G\u0259r\u0259k bina u\u00e7sun, \u00f6l\u0259k?&#8221;"}]},{"@type":"WebSite","@id":"https:\/\/www.meydan.tv\/az\/#website","url":"https:\/\/www.meydan.tv\/az\/","name":"MEYDAN.TV","description":"Meydan TV Az\u0259rbaycan\u0131n media m\u0259kan\u0131ndak\u0131 alternativ s\u0259sidir","publisher":{"@id":"https:\/\/www.meydan.tv\/az\/#organization"},"potentialAction":[{"@type":"SearchAction","target":{"@type":"EntryPoint","urlTemplate":"https:\/\/www.meydan.tv\/az\/?s={search_term_string}"},"query-input":{"@type":"PropertyValueSpecification","valueRequired":true,"valueName":"search_term_string"}}],"inLanguage":"az"},{"@type":"Organization","@id":"https:\/\/www.meydan.tv\/az\/#organization","name":"Meydan TV","url":"https:\/\/www.meydan.tv\/az\/","logo":{"@type":"ImageObject","inLanguage":"az","@id":"https:\/\/www.meydan.tv\/az\/#\/schema\/logo\/image\/","url":"https:\/\/www.meydan.tv\/wp-content\/uploads\/2021\/07\/meydan-logo.svg","contentUrl":"https:\/\/www.meydan.tv\/wp-content\/uploads\/2021\/07\/meydan-logo.svg","width":195,"height":46,"caption":"Meydan TV"},"image":{"@id":"https:\/\/www.meydan.tv\/az\/#\/schema\/logo\/image\/"}},{"@type":"Person","@id":"https:\/\/www.meydan.tv\/az\/#\/schema\/person\/9cdbecf90d17180ce1dfbd95b08dcf47","name":"elli","sameAs":["https:\/\/x.com\/elli"]}]}},"_links":{"self":[{"href":"https:\/\/www.meydan.tv\/az\/wp-json\/wp\/v2\/posts\/301985","targetHints":{"allow":["GET"]}}],"collection":[{"href":"https:\/\/www.meydan.tv\/az\/wp-json\/wp\/v2\/posts"}],"about":[{"href":"https:\/\/www.meydan.tv\/az\/wp-json\/wp\/v2\/types\/post"}],"author":[{"embeddable":true,"href":"https:\/\/www.meydan.tv\/az\/wp-json\/wp\/v2\/users\/8"}],"replies":[{"embeddable":true,"href":"https:\/\/www.meydan.tv\/az\/wp-json\/wp\/v2\/comments?post=301985"}],"version-history":[{"count":3,"href":"https:\/\/www.meydan.tv\/az\/wp-json\/wp\/v2\/posts\/301985\/revisions"}],"predecessor-version":[{"id":302002,"href":"https:\/\/www.meydan.tv\/az\/wp-json\/wp\/v2\/posts\/301985\/revisions\/302002"}],"wp:featuredmedia":[{"embeddable":true,"href":"https:\/\/www.meydan.tv\/az\/wp-json\/wp\/v2\/media\/301982"}],"wp:attachment":[{"href":"https:\/\/www.meydan.tv\/az\/wp-json\/wp\/v2\/media?parent=301985"}],"wp:term":[{"taxonomy":"category","embeddable":true,"href":"https:\/\/www.meydan.tv\/az\/wp-json\/wp\/v2\/categories?post=301985"},{"taxonomy":"post_tag","embeddable":true,"href":"https:\/\/www.meydan.tv\/az\/wp-json\/wp\/v2\/tags?post=301985"}],"curies":[{"name":"wp","href":"https:\/\/api.w.org\/{rel}","templated":true}]}}