{"id":301942,"date":"2024-03-27T12:14:39","date_gmt":"2024-03-27T08:14:39","guid":{"rendered":"https:\/\/www.meydan.tv\/?p=301942"},"modified":"2024-03-27T12:14:46","modified_gmt":"2024-03-27T08:14:46","slug":"goygol-sakini-butov-bir-aileye-zulm-edirler-bu-qeder-vicdansizliq-olar","status":"publish","type":"post","link":"https:\/\/www.meydan.tv\/az\/article\/goygol-sakini-butov-bir-aileye-zulm-edirler-bu-qeder-vicdansizliq-olar\/","title":{"rendered":"G\u00f6yg\u00f6l sakini: \u201cB\u00fct\u00f6v bir ail\u0259y\u0259 z\u00fclm edirl\u0259r, bu q\u0259d\u0259r vicdans\u0131zl\u0131q olar?!\u201d"},"content":{"rendered":"\n<p><\/p>\n\n\n\n<p><strong><em>Arzu Rzayeva: \u201cQan x\u0259r\u00e7\u0259ngi olan dustaq \u00f6l\u00fcmc\u00fcl v\u0259ziyy\u0259t\u0259 d\u00fc\u015f\u00fcb, ona yard\u0131m \u00e7a\u011f\u0131ran yolda\u015f\u0131m \u201ckars\u201da sal\u0131n\u0131b\u201d<\/em><\/strong><\/p>\n\n\n\n<p>G\u00f6yg\u00f6l sakini Arzu Rzayeva deyir ki, h\u0259yat yolda\u015f\u0131n\u0131 h\u0259bs etdirm\u0259kl\u0259 kifay\u0259tl\u0259nmirl\u0259r, ona t\u0259cridxanada da \u0259zab verirl\u0259r.<\/p>\n\n\n\n<p>\u201cDemokratik.az\u201d sayt\u0131n\u0131n r\u0259hb\u0259ri Osman N\u0259rimano\u011flunun (Rzayev) h\u0259yat yolda\u015f\u0131 olan Arzu Rzayevan\u0131n s\u00f6zl\u0259rin\u0259 g\u00f6r\u0259, iki m\u0259kt\u0259bli \u00f6vlad\u0131 da daxil, b\u00fct\u00f6vl\u00fckd\u0259 ail\u0259 \u0259ziyy\u0259t \u00e7\u0259kir.<\/p>\n\n\n\n<p><strong><em>\u201c<\/em>Yolda\u015f\u0131m h\u0259bs edildiyin\u0259 g\u00f6r\u0259 i\u015f tapa bilmir\u0259m\u201d<\/strong><\/p>\n\n\n\n<p>\u201c<em>Bu u\u015faqlar\u0131n atas\u0131n\u0131 iki ildir ki, \u015f\u0259r-b\u00f6htanla h\u0259bs el\u0259tdiribl\u0259r. D\u00f6vl\u0259t maraqlanm\u0131r ki, bu u\u015faqlar, bu ail\u0259 hans\u0131 v\u0259ziyy\u0259td\u0259dir? U\u015faqlar t\u0259hsild\u0259n geri qal\u0131rlar, psixoloji sars\u0131nt\u0131 ke\u00e7irirl\u0259r. Onlara normal t\u0259hsil verm\u0259y\u0259 imkan\u0131m \u00e7atm\u0131r. Osman N\u0259rimano\u011flunun h\u0259yat yolda\u015f\u0131 oldu\u011fuma g\u00f6r\u0259 i\u015f d\u0259 tapa bilmir\u0259m. Bir qohumumun i\u015fl\u0259diyi m\u00fc\u0259ssis\u0259y\u0259 d\u00fcz\u0259lm\u0259k ist\u0259yirdim. Kim oldu\u011fumu bilib, imtina el\u0259dil\u0259r. \u00dcst\u0259lik, qohumuma da irad tutublar ki, s\u0259n bilirs\u0259n, onun \u0259ri jurnalistdir, h\u0259bsd\u0259dir, niy\u0259 biz\u0259 calay\u0131rsan? B\u00fct\u00f6v bir ail\u0259y\u0259 z\u00fclm edirl\u0259r. Bu q\u0259d\u0259r vicdans\u0131zl\u0131q, insafs\u0131zl\u0131q olar?!\u201d, &#8211;<\/em> Arzu Rzayeva Meydan TV-y\u0259 dan\u0131\u015f\u0131r.<\/p>\n\n\n\n<p><strong><em>\u201c<\/em>A\u00e7\u0131q-a\u015fkar g\u00f6r\u00fcn\u00fcr ki, sifari\u015fin n\u0259tic\u0259sidir\u201d<\/strong><\/p>\n\n\n\n<p>40 ya\u015fl\u0131 Osman N\u0259rimano\u011flu 2022-ci ilin yay\u0131ndan h\u0259bsd\u0259dir.<\/p>\n\n\n\n<p>2024-c\u00fc ilin yanvar\u0131nda G\u0259nc\u0259 A\u011f\u0131r Cinay\u0259tl\u0259r M\u0259hk\u0259m\u0259sinin h\u00f6km\u00fcyl\u0259 ona 6 il 6 ay azadl\u0131qdan m\u0259hrumetm\u0259 c\u0259zas\u0131 verilib.<\/p>\n\n\n<div class=\"wp-block-image\">\n<figure class=\"aligncenter size-large\"><img decoding=\"async\" width=\"891\" height=\"821\" data-src=\"https:\/\/www.meydan.tv\/wp-content\/uploads\/1-52-891x821.jpg\" alt=\"\" class=\"wp-image-301946 lazyload\" src=\"data:image\/svg+xml;base64,PHN2ZyB3aWR0aD0iMSIgaGVpZ2h0PSIxIiB4bWxucz0iaHR0cDovL3d3dy53My5vcmcvMjAwMC9zdmciPjwvc3ZnPg==\" style=\"--smush-placeholder-width: 891px; --smush-placeholder-aspect-ratio: 891\/821;\" \/><figcaption class=\"wp-element-caption\">Osman N\u0259rimano\u011flu v\u0259 Arzu Rzayeva. Foto: Meydan TV<\/figcaption><\/figure>\n<\/div>\n\n\n<p>O, r\u0259hb\u0259rlik etdiyi saytda onlar\u0131 r\u00fcsvay ed\u0259c\u0259k m\u0259lumatlar yaymamaq \u00fc\u00e7\u00fcn m\u00fcxt\u0259lif adamlar\u0131 h\u0259d\u0259l\u0259yib, pul almaqda ittiham olunur.<\/p>\n\n\n\n<p>Z\u0259r\u0259r\u00e7\u0259kmi\u015f qismind\u0259 tan\u0131nanlar\u0131n \u0259ks\u0259riyy\u0259ti G\u00f6yg\u00f6l Rayon M\u0259rk\u0259zi X\u0259st\u0259xanas\u0131n\u0131n r\u0259hb\u0259ri v\u0259 i\u015f\u00e7il\u0259ridir: direktoru Vasif \u018fliyev, \u015f\u00f6b\u0259 m\u00fcdiri \u018flik\u00f6m\u0259k Al\u0131yev, h\u0259kim R\u0259\u015fad \u018fkb\u0259rov v\u0259 s.<\/p>\n\n\n\n<p>Sayt r\u0259hb\u0259ri \u00f6z\u00fcn\u00fc t\u0259qsirli bilmir, \u015f\u0259rl\u0259n\u0259r\u0259k h\u0259bs olundu\u011funu deyir v\u0259 h\u00f6kmd\u0259n apelyasiya \u015fikay\u0259ti verib.<\/p>\n\n\n\n<p>H\u0259yat yolda\u015f\u0131 deyir ki, qar\u015f\u0131 t\u0259r\u0259f d\u0259 h\u00f6kmd\u0259n naraz\u0131d\u0131r v\u0259 apelyasiya \u015fikay\u0259ti verib. Osman N\u0259rimano\u011fluna verilmi\u015f c\u0259za onlar\u0131 qane etm\u0259yib.<\/p>\n\n\n<div class=\"wp-block-image\">\n<figure class=\"alignleft size-large is-resized\"><img decoding=\"async\" width=\"821\" height=\"821\" data-src=\"https:\/\/www.meydan.tv\/wp-content\/uploads\/326271614_5460503884061124_4257107419167735193_n-821x821.jpg\" alt=\"\" class=\"wp-image-301943 lazyload\" style=\"--smush-placeholder-width: 821px; --smush-placeholder-aspect-ratio: 821\/821;width:454px;height:auto\" src=\"data:image\/svg+xml;base64,PHN2ZyB3aWR0aD0iMSIgaGVpZ2h0PSIxIiB4bWxucz0iaHR0cDovL3d3dy53My5vcmcvMjAwMC9zdmciPjwvc3ZnPg==\" \/><figcaption class=\"wp-element-caption\">Foto: G\u00f6yg\u00f6l Rayon M\u0259rk\u0259zi X\u0259st\u0259xanas\u0131 <\/figcaption><\/figure>\n<\/div>\n\n\n<p>X\u0259st\u0259xana direktoru v\u0259 dig\u0259rl\u0259ri c\u0259zan\u0131n a\u011f\u0131rla\u015fd\u0131r\u0131lmas\u0131n\u0131 ist\u0259yirl\u0259r:<\/p>\n\n\n\n<p>&#8220;<em>Osman N\u0259rimano\u011fluna Cinay\u0259t M\u0259c\u0259ll\u0259sinin 182-ci (h\u0259d\u0259-qorxu il\u0259 t\u0259l\u0259betm\u0259) madd\u0259sil\u0259 ittiham verib, h\u00f6km \u00e7\u0131xar\u0131blar. Amma bu \u0259m\u0259li t\u0259sdiql\u0259y\u0259n he\u00e7 bir s\u00fcbut-d\u0259lil ortaya qoymay\u0131blar. A\u00e7\u0131q-a\u015fkar g\u00f6r\u00fcn\u00fcr ki, bu i\u015f sifari\u015fin n\u0259tic\u0259sidir. Ramiz Mehdiyev Elml\u0259r Akademiyas\u0131n\u0131n prezidenti olanda onun haqq\u0131nda da t\u0259nqidi materiallar verirdi. \u015eikay\u0259t\u00e7il\u0259r aras\u0131nda Ramiz Mehdiyevin G\u0259nc\u0259d\u0259ki klinikas\u0131n\u0131n h\u0259kiml\u0259rinin d\u0259 yer almas\u0131 bizd\u0259 \u015f\u00fcbh\u0259 yarad\u0131r ki, Osman\u0131n h\u0259bsind\u0259 onun da \u0259li var\u201d.<\/em><\/p>\n\n\n\n<p><\/p>\n\n\n\n<p><strong><em>&#8220;<\/em>T\u0259cridxanada deyibl\u0259r ki, c\u0259h\u0259nn\u0259m\u0259 \u00f6ls\u00fcn&#8221;<\/strong><\/p>\n\n\n\n<p>Arzu Rzayeva dan\u0131\u015f\u0131r ki, h\u0259yat yolda\u015f\u0131 G\u0259nc\u0259d\u0259 saxland\u0131\u011f\u0131 2 sayl\u0131 \u0130stintaq T\u0259cridxanas\u0131nda Novruz bayram\u0131 \u0259r\u0259f\u0259sind\u0259 c\u0259za kameras\u0131na (\u201ckars\u201d) sal\u0131n\u0131b.<\/p>\n\n\n\n<p>Onun s\u00f6zl\u0259rin\u0259 g\u00f6r\u0259, s\u0259b\u0259b is\u0259 Osman N\u0259rimano\u011flunun onunla eyni kamerada saxlan\u0131lan v\u0259 a\u011f\u0131r v\u0259ziyy\u0259td\u0259 olan dustaq \u00fc\u00e7\u00fcn yard\u0131m ist\u0259m\u0259si olub:<\/p>\n\n\n\n<p>\u201c<em>Onunla eyni kamerada qan x\u0259r\u00e7\u0259ngi olan x\u0259st\u0259 var. Yolda\u015f\u0131m ona yard\u0131m \u00e7a\u011f\u0131r\u0131b v\u0259 n\u0259tic\u0259d\u0259 \u201ckars\u201da sal\u0131n\u0131b. H\u0259min dustaq 3 ay Bak\u0131da \u2013 Penitensiar Xidm\u0259tin M\u00fcalic\u0259 M\u00fc\u0259ssis\u0259sind\u0259 saxlan\u0131l\u0131b. Orada ona h\u0259r h\u0259ft\u0259 qan k\u00f6\u00e7\u00fcr\u00fcl\u00fcrm\u00fc\u015f. M\u0259hk\u0259m\u0259sin\u0259 g\u00f6r\u0259 hakim onu G\u0259nc\u0259y\u0259 g\u0259tirdib. M\u0259hk\u0259m\u0259d\u0259n sonra da onu x\u0259st\u0259xanaya qaytarmay\u0131blar. Ona m\u00fct\u0259madi qan k\u00f6\u00e7\u00fcr\u00fclm\u0259lidir dey\u0259 durumu k\u0259skin pisl\u0259\u015fib, \u00f6l\u00fcmc\u00fcl v\u0259ziyy\u0259t\u0259 d\u00fc\u015f\u00fcb. S\u0259h\u0259r\u0259 q\u0259d\u0259r adam o v\u0259ziyy\u0259td\u0259 olub. S\u0259h\u0259r Osman q\u0131\u015fq\u0131r\u0131b ki, t\u0259cridxanan\u0131n h\u0259kimi tez g\u0259lsin, adam \u00f6l\u00fcr. Orada Habil adl\u0131 biri var, deyib ki, g\u0259lmir\u0259m, c\u0259h\u0259nn\u0259m\u0259 \u00f6ls\u00fcn&#8221;.<\/em><\/p>\n\n\n\n<p>&#8220;<em>Osman da deyib ki, bura he\u00e7 kimin \u00f6z\u00fcn\u00fcn, atas\u0131n\u0131n \u015f\u0259xsi obyekti deyil, x\u0259st\u0259 adama qar\u015f\u0131 bel\u0259 davran\u0131\u015f insanl\u0131qdan \u00e7\u0131xmaqd\u0131r. Q\u0131\u015fq\u0131r\u0131b ki, b\u0259lk\u0259, t\u0259cridxanan\u0131n r\u0259isind\u0259n, m\u00fcavinind\u0259n kims\u0259 g\u0259lib, bu adamla maraqlanar. Ona g\u00f6r\u0259 Osman\u0131n \u00f6z\u00fcn\u00fc \u201ckars\u201da sal\u0131blar. 4 g\u00fcn \u201ckars\u201dda saxlayandan sonra buraxd\u0131lar\u201d, &#8211;<\/em> Arzu Rzayeva bel\u0259 deyir.<\/p>\n\n\n\n<p>O \u0259lav\u0259 edib ki, h\u0259yat yolda\u015f\u0131n\u0131n da sa\u011flaml\u0131\u011f\u0131nda probleml\u0259r var. H\u0259tta t\u0259cridxanaya onun \u00fc\u00e7\u00fcn bir torba d\u0259rman apar\u0131blar, \u00e7\u00fcnki b\u00f6yr\u0259k v\u0259 qaraciy\u0259r x\u0259st\u0259likl\u0259rind\u0259n \u0259ziyy\u0259t \u00e7\u0259kir.<\/p>\n\n\n\n<p><strong>\u018fdliyy\u0259 Nazirliyinin Tibb Ba\u015f \u0130dar\u0259si v\u0259 Penitensiar Xidm\u0259t susur&#8230;<\/strong><\/p>\n\n\n\n<p>Arzu Rzayevan\u0131n dedikl\u0259ril\u0259 ba\u011fl\u0131 \u018fdliyy\u0259 Nazirliyinin Tibb Ba\u015f \u0130dar\u0259si v\u0259 Penitensiar Xidm\u0259td\u0259n Meydan TV-nin sor\u011fusuna cavab almaq m\u00fcmk\u00fcn olmay\u0131b.<\/p>\n\n\n<div class=\"wp-block-image\">\n<figure class=\"aligncenter size-full\"><img decoding=\"async\" width=\"1200\" height=\"660\" data-src=\"https:\/\/www.meydan.tv\/wp-content\/uploads\/whatsapp-image-2024-02-12-at-17.53.42_944dd56b.jpg\" alt=\"\" class=\"wp-image-299255 lazyload\" src=\"data:image\/svg+xml;base64,PHN2ZyB3aWR0aD0iMSIgaGVpZ2h0PSIxIiB4bWxucz0iaHR0cDovL3d3dy53My5vcmcvMjAwMC9zdmciPjwvc3ZnPg==\" style=\"--smush-placeholder-width: 1200px; --smush-placeholder-aspect-ratio: 1200\/660;\" \/><figcaption class=\"wp-element-caption\">Penitensiar Xidm\u0259t (PX). Foto: PX<\/figcaption><\/figure>\n<\/div>\n\n\n<p>Penitensiar Xidm\u0259tin ictimaiyy\u0259tl\u0259 \u0259laq\u0259l\u0259r \u015f\u00f6b\u0259sinin bundan \u00f6nc\u0259 Meydan TV-nin sor\u011fusuna cavablar\u0131nda bildirilir ki, bu qurumun tabeliyind\u0259 olan t\u0259cridxana v\u0259 c\u0259za\u00e7\u0259km\u0259 m\u00fc\u0259ssis\u0259l\u0259rind\u0259 saxlan\u0131lan \u015f\u0259xsl\u0259rin sa\u011flam olmas\u0131 \u00fc\u00e7\u00fcn laz\u0131m olan b\u00fct\u00fcn add\u0131mlar at\u0131l\u0131r:<\/p>\n\n\n\n<p>\u201c<em>Penitensiar m\u00fc\u0259ssis\u0259l\u0259rd\u0259 saxlan\u0131lan \u015f\u0259xsl\u0259rin m\u00fcayin\u0259 v\u0259 m\u00fcalic\u0259si Tibb Ba\u015f \u0130dar\u0259sinin s\u0259lahiyy\u0259tind\u0259dir. Onlar da h\u0259ssas yana\u015f\u0131rlar, laz\u0131m olan t\u0259dbirl\u0259ri g\u00f6r\u00fcrl\u0259r. Saxlan\u0131lan \u015f\u0259xsl\u0259rin sa\u011flam olmas\u0131 Penitensiar Xidm\u0259t olaraq, bizim d\u0259 mara\u011f\u0131m\u0131zdad\u0131r\u201d.<\/em><\/p>\n","protected":false},"excerpt":{"rendered":"<p>Arzu Rzayeva: \u201cQan x\u0259r\u00e7\u0259ngi olan dustaq \u00f6l\u00fcmc\u00fcl v\u0259ziyy\u0259t\u0259 d\u00fc\u015f\u00fcb, ona &#8230; <\/p>\n<p class=\"read-more-container\"><a title=\"G\u00f6yg\u00f6l sakini: \u201cB\u00fct\u00f6v bir ail\u0259y\u0259 z\u00fclm edirl\u0259r, bu q\u0259d\u0259r vicdans\u0131zl\u0131q olar?!\u201d\" class=\"read-more button\" href=\"https:\/\/www.meydan.tv\/az\/article\/goygol-sakini-butov-bir-aileye-zulm-edirler-bu-qeder-vicdansizliq-olar\/#more-301942\" aria-label=\"Read more about G\u00f6yg\u00f6l sakini: \u201cB\u00fct\u00f6v bir ail\u0259y\u0259 z\u00fclm edirl\u0259r, bu q\u0259d\u0259r vicdans\u0131zl\u0131q olar?!\u201d\">Davam\u0131<\/a><\/p>\n","protected":false},"author":8,"featured_media":260251,"comment_status":"closed","ping_status":"closed","sticky":false,"template":"","format":"standard","meta":{"_acf_changed":false,"_sitemap_exclude":false,"_sitemap_priority":"","_sitemap_frequency":"","footnotes":""},"categories":[60,79,56],"tags":[],"class_list":["post-301942","post","type-post","status-publish","format-standard","has-post-thumbnail","hentry","category-bolge","category-featured","category-xeberler","infinite-scroll-item","generate-columns","tablet-grid-50","mobile-grid-100","grid-parent","grid-33","no-featured-image-padding"],"acf":[],"yoast_head":"<!-- This site is optimized with the Yoast SEO plugin v27.4 - https:\/\/yoast.com\/product\/yoast-seo-wordpress\/ -->\n<title>G\u00f6yg\u00f6l sakini: \u201cB\u00fct\u00f6v bir ail\u0259y\u0259 z\u00fclm edirl\u0259r, bu q\u0259d\u0259r vicdans\u0131zl\u0131q olar?!\u201d - MEYDAN.TV<\/title>\n<meta name=\"robots\" content=\"index, follow, max-snippet:-1, max-image-preview:large, max-video-preview:-1\" \/>\n<link rel=\"canonical\" href=\"https:\/\/www.meydan.tv\/az\/article\/goygol-sakini-butov-bir-aileye-zulm-edirler-bu-qeder-vicdansizliq-olar\/\" \/>\n<meta property=\"og:locale\" content=\"az_AZ\" \/>\n<meta property=\"og:type\" content=\"article\" \/>\n<meta property=\"og:title\" content=\"G\u00f6yg\u00f6l sakini: \u201cB\u00fct\u00f6v bir ail\u0259y\u0259 z\u00fclm edirl\u0259r, bu q\u0259d\u0259r vicdans\u0131zl\u0131q olar?!\u201d - MEYDAN.TV\" \/>\n<meta property=\"og:description\" content=\"Arzu Rzayeva: \u201cQan x\u0259r\u00e7\u0259ngi olan dustaq \u00f6l\u00fcmc\u00fcl v\u0259ziyy\u0259t\u0259 d\u00fc\u015f\u00fcb, ona ... Davam\u0131\" \/>\n<meta property=\"og:url\" content=\"https:\/\/www.meydan.tv\/az\/article\/goygol-sakini-butov-bir-aileye-zulm-edirler-bu-qeder-vicdansizliq-olar\/\" \/>\n<meta property=\"og:site_name\" content=\"MEYDAN.TV\" \/>\n<meta property=\"article:published_time\" content=\"2024-03-27T08:14:39+00:00\" \/>\n<meta property=\"article:modified_time\" content=\"2024-03-27T08:14:46+00:00\" \/>\n<meta property=\"og:image\" content=\"https:\/\/www.meydan.tv\/wp-content\/uploads\/image-from-ios-8.jpg\" \/>\n\t<meta property=\"og:image:width\" content=\"1500\" \/>\n\t<meta property=\"og:image:height\" content=\"844\" \/>\n\t<meta property=\"og:image:type\" content=\"image\/jpeg\" \/>\n<meta name=\"author\" content=\"elli\" \/>\n<meta name=\"twitter:card\" content=\"summary_large_image\" \/>\n<meta name=\"twitter:creator\" content=\"@elli\" \/>\n<script type=\"application\/ld+json\" class=\"yoast-schema-graph\">{\"@context\":\"https:\\\/\\\/schema.org\",\"@graph\":[{\"@type\":\"Article\",\"@id\":\"https:\\\/\\\/www.meydan.tv\\\/az\\\/article\\\/goygol-sakini-butov-bir-aileye-zulm-edirler-bu-qeder-vicdansizliq-olar\\\/#article\",\"isPartOf\":{\"@id\":\"https:\\\/\\\/www.meydan.tv\\\/az\\\/article\\\/goygol-sakini-butov-bir-aileye-zulm-edirler-bu-qeder-vicdansizliq-olar\\\/\"},\"author\":{\"name\":\"elli\",\"@id\":\"https:\\\/\\\/www.meydan.tv\\\/az\\\/#\\\/schema\\\/person\\\/9cdbecf90d17180ce1dfbd95b08dcf47\"},\"headline\":\"G\u00f6yg\u00f6l sakini: \u201cB\u00fct\u00f6v bir ail\u0259y\u0259 z\u00fclm edirl\u0259r, bu q\u0259d\u0259r vicdans\u0131zl\u0131q olar?!\u201d\",\"datePublished\":\"2024-03-27T08:14:39+00:00\",\"dateModified\":\"2024-03-27T08:14:46+00:00\",\"mainEntityOfPage\":{\"@id\":\"https:\\\/\\\/www.meydan.tv\\\/az\\\/article\\\/goygol-sakini-butov-bir-aileye-zulm-edirler-bu-qeder-vicdansizliq-olar\\\/\"},\"wordCount\":1107,\"publisher\":{\"@id\":\"https:\\\/\\\/www.meydan.tv\\\/az\\\/#organization\"},\"image\":{\"@id\":\"https:\\\/\\\/www.meydan.tv\\\/az\\\/article\\\/goygol-sakini-butov-bir-aileye-zulm-edirler-bu-qeder-vicdansizliq-olar\\\/#primaryimage\"},\"thumbnailUrl\":\"https:\\\/\\\/www.meydan.tv\\\/wp-content\\\/uploads\\\/image-from-ios-8.jpg\",\"articleSection\":[\"B\u00f6lg\u0259\",\"T\u00f6vsiy\u0259\",\"X\u0259b\u0259rl\u0259r\"],\"inLanguage\":\"az\"},{\"@type\":\"WebPage\",\"@id\":\"https:\\\/\\\/www.meydan.tv\\\/az\\\/article\\\/goygol-sakini-butov-bir-aileye-zulm-edirler-bu-qeder-vicdansizliq-olar\\\/\",\"url\":\"https:\\\/\\\/www.meydan.tv\\\/az\\\/article\\\/goygol-sakini-butov-bir-aileye-zulm-edirler-bu-qeder-vicdansizliq-olar\\\/\",\"name\":\"G\u00f6yg\u00f6l sakini: \u201cB\u00fct\u00f6v bir ail\u0259y\u0259 z\u00fclm edirl\u0259r, bu q\u0259d\u0259r vicdans\u0131zl\u0131q olar?!\u201d - MEYDAN.TV\",\"isPartOf\":{\"@id\":\"https:\\\/\\\/www.meydan.tv\\\/az\\\/#website\"},\"primaryImageOfPage\":{\"@id\":\"https:\\\/\\\/www.meydan.tv\\\/az\\\/article\\\/goygol-sakini-butov-bir-aileye-zulm-edirler-bu-qeder-vicdansizliq-olar\\\/#primaryimage\"},\"image\":{\"@id\":\"https:\\\/\\\/www.meydan.tv\\\/az\\\/article\\\/goygol-sakini-butov-bir-aileye-zulm-edirler-bu-qeder-vicdansizliq-olar\\\/#primaryimage\"},\"thumbnailUrl\":\"https:\\\/\\\/www.meydan.tv\\\/wp-content\\\/uploads\\\/image-from-ios-8.jpg\",\"datePublished\":\"2024-03-27T08:14:39+00:00\",\"dateModified\":\"2024-03-27T08:14:46+00:00\",\"breadcrumb\":{\"@id\":\"https:\\\/\\\/www.meydan.tv\\\/az\\\/article\\\/goygol-sakini-butov-bir-aileye-zulm-edirler-bu-qeder-vicdansizliq-olar\\\/#breadcrumb\"},\"inLanguage\":\"az\",\"potentialAction\":[{\"@type\":\"ReadAction\",\"target\":[\"https:\\\/\\\/www.meydan.tv\\\/az\\\/article\\\/goygol-sakini-butov-bir-aileye-zulm-edirler-bu-qeder-vicdansizliq-olar\\\/\"]}]},{\"@type\":\"ImageObject\",\"inLanguage\":\"az\",\"@id\":\"https:\\\/\\\/www.meydan.tv\\\/az\\\/article\\\/goygol-sakini-butov-bir-aileye-zulm-edirler-bu-qeder-vicdansizliq-olar\\\/#primaryimage\",\"url\":\"https:\\\/\\\/www.meydan.tv\\\/wp-content\\\/uploads\\\/image-from-ios-8.jpg\",\"contentUrl\":\"https:\\\/\\\/www.meydan.tv\\\/wp-content\\\/uploads\\\/image-from-ios-8.jpg\",\"width\":1500,\"height\":844,\"caption\":\"M\u0259hk\u0259m\u0259. \u0130ll\u00fcstrasiya: Meydan TV\"},{\"@type\":\"BreadcrumbList\",\"@id\":\"https:\\\/\\\/www.meydan.tv\\\/az\\\/article\\\/goygol-sakini-butov-bir-aileye-zulm-edirler-bu-qeder-vicdansizliq-olar\\\/#breadcrumb\",\"itemListElement\":[{\"@type\":\"ListItem\",\"position\":1,\"name\":\"Ana s\u0259hif\u0259\",\"item\":\"https:\\\/\\\/www.meydan.tv\\\/az\\\/\"},{\"@type\":\"ListItem\",\"position\":2,\"name\":\"B\u00f6lg\u0259\",\"item\":\"https:\\\/\\\/www.meydan.tv\\\/az\\\/section\\\/bolge\\\/\"},{\"@type\":\"ListItem\",\"position\":3,\"name\":\"G\u00f6yg\u00f6l sakini: \u201cB\u00fct\u00f6v bir ail\u0259y\u0259 z\u00fclm edirl\u0259r, bu q\u0259d\u0259r vicdans\u0131zl\u0131q olar?!\u201d\"}]},{\"@type\":\"WebSite\",\"@id\":\"https:\\\/\\\/www.meydan.tv\\\/az\\\/#website\",\"url\":\"https:\\\/\\\/www.meydan.tv\\\/az\\\/\",\"name\":\"MEYDAN.TV\",\"description\":\"Meydan TV Az\u0259rbaycan\u0131n media m\u0259kan\u0131ndak\u0131 alternativ s\u0259sidir\",\"publisher\":{\"@id\":\"https:\\\/\\\/www.meydan.tv\\\/az\\\/#organization\"},\"potentialAction\":[{\"@type\":\"SearchAction\",\"target\":{\"@type\":\"EntryPoint\",\"urlTemplate\":\"https:\\\/\\\/www.meydan.tv\\\/az\\\/?s={search_term_string}\"},\"query-input\":{\"@type\":\"PropertyValueSpecification\",\"valueRequired\":true,\"valueName\":\"search_term_string\"}}],\"inLanguage\":\"az\"},{\"@type\":\"Organization\",\"@id\":\"https:\\\/\\\/www.meydan.tv\\\/az\\\/#organization\",\"name\":\"Meydan TV\",\"url\":\"https:\\\/\\\/www.meydan.tv\\\/az\\\/\",\"logo\":{\"@type\":\"ImageObject\",\"inLanguage\":\"az\",\"@id\":\"https:\\\/\\\/www.meydan.tv\\\/az\\\/#\\\/schema\\\/logo\\\/image\\\/\",\"url\":\"https:\\\/\\\/www.meydan.tv\\\/wp-content\\\/uploads\\\/2021\\\/07\\\/meydan-logo.svg\",\"contentUrl\":\"https:\\\/\\\/www.meydan.tv\\\/wp-content\\\/uploads\\\/2021\\\/07\\\/meydan-logo.svg\",\"width\":195,\"height\":46,\"caption\":\"Meydan TV\"},\"image\":{\"@id\":\"https:\\\/\\\/www.meydan.tv\\\/az\\\/#\\\/schema\\\/logo\\\/image\\\/\"}},{\"@type\":\"Person\",\"@id\":\"https:\\\/\\\/www.meydan.tv\\\/az\\\/#\\\/schema\\\/person\\\/9cdbecf90d17180ce1dfbd95b08dcf47\",\"name\":\"elli\",\"sameAs\":[\"https:\\\/\\\/x.com\\\/elli\"]}]}<\/script>\n<!-- \/ Yoast SEO plugin. -->","yoast_head_json":{"title":"G\u00f6yg\u00f6l sakini: \u201cB\u00fct\u00f6v bir ail\u0259y\u0259 z\u00fclm edirl\u0259r, bu q\u0259d\u0259r vicdans\u0131zl\u0131q olar?!\u201d - MEYDAN.TV","robots":{"index":"index","follow":"follow","max-snippet":"max-snippet:-1","max-image-preview":"max-image-preview:large","max-video-preview":"max-video-preview:-1"},"canonical":"https:\/\/www.meydan.tv\/az\/article\/goygol-sakini-butov-bir-aileye-zulm-edirler-bu-qeder-vicdansizliq-olar\/","og_locale":"az_AZ","og_type":"article","og_title":"G\u00f6yg\u00f6l sakini: \u201cB\u00fct\u00f6v bir ail\u0259y\u0259 z\u00fclm edirl\u0259r, bu q\u0259d\u0259r vicdans\u0131zl\u0131q olar?!\u201d - MEYDAN.TV","og_description":"Arzu Rzayeva: \u201cQan x\u0259r\u00e7\u0259ngi olan dustaq \u00f6l\u00fcmc\u00fcl v\u0259ziyy\u0259t\u0259 d\u00fc\u015f\u00fcb, ona ... Davam\u0131","og_url":"https:\/\/www.meydan.tv\/az\/article\/goygol-sakini-butov-bir-aileye-zulm-edirler-bu-qeder-vicdansizliq-olar\/","og_site_name":"MEYDAN.TV","article_published_time":"2024-03-27T08:14:39+00:00","article_modified_time":"2024-03-27T08:14:46+00:00","og_image":[{"width":1500,"height":844,"url":"https:\/\/www.meydan.tv\/wp-content\/uploads\/image-from-ios-8.jpg","type":"image\/jpeg"}],"author":"elli","twitter_card":"summary_large_image","twitter_creator":"@elli","schema":{"@context":"https:\/\/schema.org","@graph":[{"@type":"Article","@id":"https:\/\/www.meydan.tv\/az\/article\/goygol-sakini-butov-bir-aileye-zulm-edirler-bu-qeder-vicdansizliq-olar\/#article","isPartOf":{"@id":"https:\/\/www.meydan.tv\/az\/article\/goygol-sakini-butov-bir-aileye-zulm-edirler-bu-qeder-vicdansizliq-olar\/"},"author":{"name":"elli","@id":"https:\/\/www.meydan.tv\/az\/#\/schema\/person\/9cdbecf90d17180ce1dfbd95b08dcf47"},"headline":"G\u00f6yg\u00f6l sakini: \u201cB\u00fct\u00f6v bir ail\u0259y\u0259 z\u00fclm edirl\u0259r, bu q\u0259d\u0259r vicdans\u0131zl\u0131q olar?!\u201d","datePublished":"2024-03-27T08:14:39+00:00","dateModified":"2024-03-27T08:14:46+00:00","mainEntityOfPage":{"@id":"https:\/\/www.meydan.tv\/az\/article\/goygol-sakini-butov-bir-aileye-zulm-edirler-bu-qeder-vicdansizliq-olar\/"},"wordCount":1107,"publisher":{"@id":"https:\/\/www.meydan.tv\/az\/#organization"},"image":{"@id":"https:\/\/www.meydan.tv\/az\/article\/goygol-sakini-butov-bir-aileye-zulm-edirler-bu-qeder-vicdansizliq-olar\/#primaryimage"},"thumbnailUrl":"https:\/\/www.meydan.tv\/wp-content\/uploads\/image-from-ios-8.jpg","articleSection":["B\u00f6lg\u0259","T\u00f6vsiy\u0259","X\u0259b\u0259rl\u0259r"],"inLanguage":"az"},{"@type":"WebPage","@id":"https:\/\/www.meydan.tv\/az\/article\/goygol-sakini-butov-bir-aileye-zulm-edirler-bu-qeder-vicdansizliq-olar\/","url":"https:\/\/www.meydan.tv\/az\/article\/goygol-sakini-butov-bir-aileye-zulm-edirler-bu-qeder-vicdansizliq-olar\/","name":"G\u00f6yg\u00f6l sakini: \u201cB\u00fct\u00f6v bir ail\u0259y\u0259 z\u00fclm edirl\u0259r, bu q\u0259d\u0259r vicdans\u0131zl\u0131q olar?!\u201d - MEYDAN.TV","isPartOf":{"@id":"https:\/\/www.meydan.tv\/az\/#website"},"primaryImageOfPage":{"@id":"https:\/\/www.meydan.tv\/az\/article\/goygol-sakini-butov-bir-aileye-zulm-edirler-bu-qeder-vicdansizliq-olar\/#primaryimage"},"image":{"@id":"https:\/\/www.meydan.tv\/az\/article\/goygol-sakini-butov-bir-aileye-zulm-edirler-bu-qeder-vicdansizliq-olar\/#primaryimage"},"thumbnailUrl":"https:\/\/www.meydan.tv\/wp-content\/uploads\/image-from-ios-8.jpg","datePublished":"2024-03-27T08:14:39+00:00","dateModified":"2024-03-27T08:14:46+00:00","breadcrumb":{"@id":"https:\/\/www.meydan.tv\/az\/article\/goygol-sakini-butov-bir-aileye-zulm-edirler-bu-qeder-vicdansizliq-olar\/#breadcrumb"},"inLanguage":"az","potentialAction":[{"@type":"ReadAction","target":["https:\/\/www.meydan.tv\/az\/article\/goygol-sakini-butov-bir-aileye-zulm-edirler-bu-qeder-vicdansizliq-olar\/"]}]},{"@type":"ImageObject","inLanguage":"az","@id":"https:\/\/www.meydan.tv\/az\/article\/goygol-sakini-butov-bir-aileye-zulm-edirler-bu-qeder-vicdansizliq-olar\/#primaryimage","url":"https:\/\/www.meydan.tv\/wp-content\/uploads\/image-from-ios-8.jpg","contentUrl":"https:\/\/www.meydan.tv\/wp-content\/uploads\/image-from-ios-8.jpg","width":1500,"height":844,"caption":"M\u0259hk\u0259m\u0259. \u0130ll\u00fcstrasiya: Meydan TV"},{"@type":"BreadcrumbList","@id":"https:\/\/www.meydan.tv\/az\/article\/goygol-sakini-butov-bir-aileye-zulm-edirler-bu-qeder-vicdansizliq-olar\/#breadcrumb","itemListElement":[{"@type":"ListItem","position":1,"name":"Ana s\u0259hif\u0259","item":"https:\/\/www.meydan.tv\/az\/"},{"@type":"ListItem","position":2,"name":"B\u00f6lg\u0259","item":"https:\/\/www.meydan.tv\/az\/section\/bolge\/"},{"@type":"ListItem","position":3,"name":"G\u00f6yg\u00f6l sakini: \u201cB\u00fct\u00f6v bir ail\u0259y\u0259 z\u00fclm edirl\u0259r, bu q\u0259d\u0259r vicdans\u0131zl\u0131q olar?!\u201d"}]},{"@type":"WebSite","@id":"https:\/\/www.meydan.tv\/az\/#website","url":"https:\/\/www.meydan.tv\/az\/","name":"MEYDAN.TV","description":"Meydan TV Az\u0259rbaycan\u0131n media m\u0259kan\u0131ndak\u0131 alternativ s\u0259sidir","publisher":{"@id":"https:\/\/www.meydan.tv\/az\/#organization"},"potentialAction":[{"@type":"SearchAction","target":{"@type":"EntryPoint","urlTemplate":"https:\/\/www.meydan.tv\/az\/?s={search_term_string}"},"query-input":{"@type":"PropertyValueSpecification","valueRequired":true,"valueName":"search_term_string"}}],"inLanguage":"az"},{"@type":"Organization","@id":"https:\/\/www.meydan.tv\/az\/#organization","name":"Meydan TV","url":"https:\/\/www.meydan.tv\/az\/","logo":{"@type":"ImageObject","inLanguage":"az","@id":"https:\/\/www.meydan.tv\/az\/#\/schema\/logo\/image\/","url":"https:\/\/www.meydan.tv\/wp-content\/uploads\/2021\/07\/meydan-logo.svg","contentUrl":"https:\/\/www.meydan.tv\/wp-content\/uploads\/2021\/07\/meydan-logo.svg","width":195,"height":46,"caption":"Meydan TV"},"image":{"@id":"https:\/\/www.meydan.tv\/az\/#\/schema\/logo\/image\/"}},{"@type":"Person","@id":"https:\/\/www.meydan.tv\/az\/#\/schema\/person\/9cdbecf90d17180ce1dfbd95b08dcf47","name":"elli","sameAs":["https:\/\/x.com\/elli"]}]}},"_links":{"self":[{"href":"https:\/\/www.meydan.tv\/az\/wp-json\/wp\/v2\/posts\/301942","targetHints":{"allow":["GET"]}}],"collection":[{"href":"https:\/\/www.meydan.tv\/az\/wp-json\/wp\/v2\/posts"}],"about":[{"href":"https:\/\/www.meydan.tv\/az\/wp-json\/wp\/v2\/types\/post"}],"author":[{"embeddable":true,"href":"https:\/\/www.meydan.tv\/az\/wp-json\/wp\/v2\/users\/8"}],"replies":[{"embeddable":true,"href":"https:\/\/www.meydan.tv\/az\/wp-json\/wp\/v2\/comments?post=301942"}],"version-history":[{"count":3,"href":"https:\/\/www.meydan.tv\/az\/wp-json\/wp\/v2\/posts\/301942\/revisions"}],"predecessor-version":[{"id":301987,"href":"https:\/\/www.meydan.tv\/az\/wp-json\/wp\/v2\/posts\/301942\/revisions\/301987"}],"wp:featuredmedia":[{"embeddable":true,"href":"https:\/\/www.meydan.tv\/az\/wp-json\/wp\/v2\/media\/260251"}],"wp:attachment":[{"href":"https:\/\/www.meydan.tv\/az\/wp-json\/wp\/v2\/media?parent=301942"}],"wp:term":[{"taxonomy":"category","embeddable":true,"href":"https:\/\/www.meydan.tv\/az\/wp-json\/wp\/v2\/categories?post=301942"},{"taxonomy":"post_tag","embeddable":true,"href":"https:\/\/www.meydan.tv\/az\/wp-json\/wp\/v2\/tags?post=301942"}],"curies":[{"name":"wp","href":"https:\/\/api.w.org\/{rel}","templated":true}]}}