{"id":301909,"date":"2024-03-26T22:56:58","date_gmt":"2024-03-26T18:56:58","guid":{"rendered":"https:\/\/www.meydan.tv\/?p=301909"},"modified":"2024-03-27T11:04:52","modified_gmt":"2024-03-27T07:04:52","slug":"naxcivanda-derzi-sikayet-etdiyi-ucun-obyekt-icare-goture-bilmediyini-deyir","status":"publish","type":"post","link":"https:\/\/www.meydan.tv\/az\/article\/naxcivanda-derzi-sikayet-etdiyi-ucun-obyekt-icare-goture-bilmediyini-deyir\/","title":{"rendered":"Nax\u00e7\u0131vanda: D\u0259rzi \u015fikay\u0259t etdiyi \u00fc\u00e7\u00fcn obyekt icar\u0259 g\u00f6t\u00fcr\u0259 bilm\u0259diyini deyir"},"content":{"rendered":"\n<p><\/p>\n\n\n\n<p><strong><em>\u201cAylard\u0131r iki azya\u015fl\u0131 k\u00f6rp\u0259mi doland\u0131rmaqda \u00e7\u0259tinlik \u00e7\u0259kir\u0259m\u201d<\/em><\/strong><\/p>\n\n\n\n<p>\u00d6t\u0259n il, oktyabr\u0131n 22-d\u0259 Nax\u00e7\u0131van\u0131n \u015e\u0259rur rayonundak\u0131 ticar\u0259t m\u0259rk\u0259zind\u0259 yan\u011f\u0131n ba\u015f verib, n\u0259tic\u0259d\u0259 70-\u0259 yax\u0131n sahibkar z\u0259r\u0259r \u00e7\u0259kib. \u00d6t\u0259n m\u00fcdd\u0259td\u0259 ticar\u0259t m\u0259rk\u0259zi yenid\u0259n tikilib, sahibkarlar\u0131n tam \u0259ks\u0259riyy\u0259ti yerl\u0259 t\u0259min edilib. Z\u0259r\u0259r\u00e7\u0259kmi\u015f sahibkarlardan biri, d\u0259rzi kimu f\u0259aliyy\u0259t g\u00f6st\u0259r\u0259n Samur Akif o\u011flu M\u0259mm\u0259dov is\u0259 indiy\u0259d\u0259k ticar\u0259t m\u0259rk\u0259zind\u0259 yer icar\u0259y\u0259 g\u00f6t\u00fcr\u0259 bilmir.<\/p>\n\n\n\n<p>Samur M\u0259mm\u0259dov Meydan TV-y\u0259 deyib ki, \u015f\u0259riki il\u0259 birg\u0259 i\u015fl\u0259tdiyi obyektd\u0259 b\u00fct\u00fcn \u0259\u015fyalar\u0131 yan\u0131b. Ma\u011fazalar s\u0131\u011fortal\u0131 olmad\u0131\u011f\u0131 \u00fc\u00e7\u00fcn onlara kompensasiya \u00f6d\u0259nilm\u0259yib.<\/p>\n\n\n\n<figure class=\"wp-block-image size-full\"><img decoding=\"async\" width=\"720\" height=\"803\" data-src=\"https:\/\/www.meydan.tv\/wp-content\/uploads\/unnamed-1-3.jpg\" alt=\"\" class=\"wp-image-301913 lazyload\" src=\"data:image\/svg+xml;base64,PHN2ZyB3aWR0aD0iMSIgaGVpZ2h0PSIxIiB4bWxucz0iaHR0cDovL3d3dy53My5vcmcvMjAwMC9zdmciPjwvc3ZnPg==\" style=\"--smush-placeholder-width: 720px; --smush-placeholder-aspect-ratio: 720\/803;\" \/><\/figure>\n\n\n\n<p>\u201c<em>Birm\u0259rt\u0259b\u0259li bazar\u0131 iki m\u0259rt\u0259b\u0259 olaraq yenid\u0259n b\u0259rpa etdil\u0259r. Z\u0259r\u0259r\u00e7\u0259k\u0259nl\u0259rin ham\u0131s\u0131 obyektl\u0259 t\u0259min edildi. M\u0259n \u015fikay\u0259t etdiyim \u00fc\u00e7\u00fcn yerl\u0259 t\u0259min olunmuram. Bazar r\u0259hb\u0259rliyi deyir ki, m\u0259hz \u015fikay\u0259t\u00e7i oldu\u011fum \u00fc\u00e7\u00fcn h\u0259min yerd\u0259 i\u015fl\u0259y\u0259 bilm\u0259r\u0259m\u201d,-<\/em> S.M\u0259mm\u0259dov deyib.<\/p>\n\n\n\n<p>Onun s\u00f6zl\u0259rin\u0259 g\u00f6r\u0259, bazarda yaln\u0131z iki n\u0259f\u0259r &#8211; o v\u0259 \u015f\u0259riki d\u0259rzi kimi i\u015fl\u0259yib. \u0130car\u0259 il\u0259 ba\u011fl\u0131 s\u0259n\u0259dl\u0259\u015fm\u0259 onun deyil, \u015f\u0259rikinin ad\u0131na apar\u0131l\u0131b:<\/p>\n\n\n\n<figure class=\"wp-block-image size-full\"><img decoding=\"async\" width=\"638\" height=\"731\" data-src=\"https:\/\/www.meydan.tv\/wp-content\/uploads\/unnamed-2-2.jpg\" alt=\"\" class=\"wp-image-301916 lazyload\" src=\"data:image\/svg+xml;base64,PHN2ZyB3aWR0aD0iMSIgaGVpZ2h0PSIxIiB4bWxucz0iaHR0cDovL3d3dy53My5vcmcvMjAwMC9zdmciPjwvc3ZnPg==\" style=\"--smush-placeholder-width: 638px; --smush-placeholder-aspect-ratio: 638\/731;\" \/><\/figure>\n\n\n\n<p>\u201c<em>H\u0259min vaxtdan indiy\u0259 kimi he\u00e7 bir yerd\u0259 obyekt icar\u0259y\u0259 g\u00f6t\u00fcr\u0259 bilmir\u0259m. Deyirl\u0259r ki, \u015fikay\u0259t etm\u0259kd\u0259 s\u0259hv h\u0259r\u0259k\u0259t etmi\u015f\u0259m. Aylard\u0131r iki azya\u015fl\u0131 k\u00f6rp\u0259mi doland\u0131rmaqda \u00e7\u0259tinlik \u00e7\u0259kir\u0259m\u201d.<\/em><\/p>\n\n\n\n<p>\u015eikay\u0259t\u00e7i s\u00f6yl\u0259yib ki, b\u00fct\u00fcn aidiyy\u0259ti orqanlara m\u00fcraci\u0259t edib, lakin he\u00e7 bir n\u0259tic\u0259si olmay\u0131b:<\/p>\n\n\n\n<p>\u201c<em>M\u0259n nec\u0259 dolanaca\u011f\u0131m\u0131 bilmir\u0259m. D\u00f6rd min manatdan art\u0131q z\u0259r\u0259r\u0259 d\u00fc\u015fm\u00fc\u015f\u0259m. \u0130ll\u0259rdir h\u0259min bazarda i\u015fl\u0259mi\u015f\u0259m. \u0130ndi is\u0259 bir prinsipin qurban\u0131yam\u201d.<\/em><\/p>\n\n\n\n<figure class=\"wp-block-image size-full\"><img decoding=\"async\" width=\"675\" height=\"629\" data-src=\"https:\/\/www.meydan.tv\/wp-content\/uploads\/unnamed-11.jpg\" alt=\"\" class=\"wp-image-301919 lazyload\" src=\"data:image\/svg+xml;base64,PHN2ZyB3aWR0aD0iMSIgaGVpZ2h0PSIxIiB4bWxucz0iaHR0cDovL3d3dy53My5vcmcvMjAwMC9zdmciPjwvc3ZnPg==\" style=\"--smush-placeholder-width: 675px; --smush-placeholder-aspect-ratio: 675\/629;\" \/><\/figure>\n\n\n\n<p>Bazara m\u0259xsus oldu\u011fu deyil\u0259n telefona cavab ver\u0259n \u015f\u0259xs \u00f6z\u00fcn\u00fc t\u0259qdim etm\u0259kd\u0259n imtina ets\u0259 d\u0259, bildirib ki, ticar\u0259t m\u0259rk\u0259zi \u015f\u0259xsi m\u00fclkd\u00fcr:<\/p>\n\n\n\n<p>\u201c<em>M\u0259n adi \u0259m\u0259kda\u015fam, amma m\u0259rk\u0259z \u015f\u0259xsi m\u00fclkd\u00fcr. Sahibkar \u00f6z\u00fc q\u0259rar verir\u201d.<\/em><\/p>\n","protected":false},"excerpt":{"rendered":"<p>\u201cAylard\u0131r iki azya\u015fl\u0131 k\u00f6rp\u0259mi doland\u0131rmaqda \u00e7\u0259tinlik \u00e7\u0259kir\u0259m\u201d \u00d6t\u0259n il, oktyabr\u0131n &#8230; <\/p>\n<p class=\"read-more-container\"><a title=\"Nax\u00e7\u0131vanda: D\u0259rzi \u015fikay\u0259t etdiyi \u00fc\u00e7\u00fcn obyekt icar\u0259 g\u00f6t\u00fcr\u0259 bilm\u0259diyini deyir\" class=\"read-more button\" href=\"https:\/\/www.meydan.tv\/az\/article\/naxcivanda-derzi-sikayet-etdiyi-ucun-obyekt-icare-goture-bilmediyini-deyir\/#more-301909\" aria-label=\"Read more about Nax\u00e7\u0131vanda: D\u0259rzi \u015fikay\u0259t etdiyi \u00fc\u00e7\u00fcn obyekt icar\u0259 g\u00f6t\u00fcr\u0259 bilm\u0259diyini deyir\">Davam\u0131<\/a><\/p>\n","protected":false},"author":8,"featured_media":134550,"comment_status":"closed","ping_status":"closed","sticky":false,"template":"","format":"standard","meta":{"_acf_changed":false,"_sitemap_exclude":false,"_sitemap_priority":"","_sitemap_frequency":"","footnotes":""},"categories":[60,56],"tags":[],"class_list":["post-301909","post","type-post","status-publish","format-standard","has-post-thumbnail","hentry","category-bolge","category-xeberler","infinite-scroll-item","generate-columns","tablet-grid-50","mobile-grid-100","grid-parent","grid-33","no-featured-image-padding"],"acf":[],"yoast_head":"<!-- This site is optimized with the Yoast SEO plugin v27.4 - https:\/\/yoast.com\/product\/yoast-seo-wordpress\/ -->\n<title>Nax\u00e7\u0131vanda: D\u0259rzi \u015fikay\u0259t etdiyi \u00fc\u00e7\u00fcn obyekt icar\u0259 g\u00f6t\u00fcr\u0259 bilm\u0259diyini deyir - MEYDAN.TV<\/title>\n<meta name=\"robots\" content=\"index, follow, max-snippet:-1, max-image-preview:large, max-video-preview:-1\" \/>\n<link rel=\"canonical\" href=\"https:\/\/www.meydan.tv\/az\/article\/naxcivanda-derzi-sikayet-etdiyi-ucun-obyekt-icare-goture-bilmediyini-deyir\/\" \/>\n<meta property=\"og:locale\" content=\"az_AZ\" \/>\n<meta property=\"og:type\" content=\"article\" \/>\n<meta property=\"og:title\" content=\"Nax\u00e7\u0131vanda: D\u0259rzi \u015fikay\u0259t etdiyi \u00fc\u00e7\u00fcn obyekt icar\u0259 g\u00f6t\u00fcr\u0259 bilm\u0259diyini deyir - MEYDAN.TV\" \/>\n<meta property=\"og:description\" content=\"\u201cAylard\u0131r iki azya\u015fl\u0131 k\u00f6rp\u0259mi doland\u0131rmaqda \u00e7\u0259tinlik \u00e7\u0259kir\u0259m\u201d \u00d6t\u0259n il, oktyabr\u0131n ... Davam\u0131\" \/>\n<meta property=\"og:url\" content=\"https:\/\/www.meydan.tv\/az\/article\/naxcivanda-derzi-sikayet-etdiyi-ucun-obyekt-icare-goture-bilmediyini-deyir\/\" \/>\n<meta property=\"og:site_name\" content=\"MEYDAN.TV\" \/>\n<meta property=\"article:published_time\" content=\"2024-03-26T18:56:58+00:00\" \/>\n<meta property=\"article:modified_time\" content=\"2024-03-27T07:04:52+00:00\" \/>\n<meta property=\"og:image\" content=\"https:\/\/www.meydan.tv\/wp-content\/uploads\/576c5672-d7a4-49ba-b318-e70fe16e860d-e1672247578266.jpeg\" \/>\n\t<meta property=\"og:image:width\" content=\"1032\" \/>\n\t<meta property=\"og:image:height\" content=\"681\" \/>\n\t<meta property=\"og:image:type\" content=\"image\/jpeg\" \/>\n<meta name=\"author\" content=\"elli\" \/>\n<meta name=\"twitter:card\" content=\"summary_large_image\" \/>\n<meta name=\"twitter:creator\" content=\"@elli\" \/>\n<script type=\"application\/ld+json\" class=\"yoast-schema-graph\">{\"@context\":\"https:\\\/\\\/schema.org\",\"@graph\":[{\"@type\":\"Article\",\"@id\":\"https:\\\/\\\/www.meydan.tv\\\/az\\\/article\\\/naxcivanda-derzi-sikayet-etdiyi-ucun-obyekt-icare-goture-bilmediyini-deyir\\\/#article\",\"isPartOf\":{\"@id\":\"https:\\\/\\\/www.meydan.tv\\\/az\\\/article\\\/naxcivanda-derzi-sikayet-etdiyi-ucun-obyekt-icare-goture-bilmediyini-deyir\\\/\"},\"author\":{\"name\":\"elli\",\"@id\":\"https:\\\/\\\/www.meydan.tv\\\/az\\\/#\\\/schema\\\/person\\\/9cdbecf90d17180ce1dfbd95b08dcf47\"},\"headline\":\"Nax\u00e7\u0131vanda: D\u0259rzi \u015fikay\u0259t etdiyi \u00fc\u00e7\u00fcn obyekt icar\u0259 g\u00f6t\u00fcr\u0259 bilm\u0259diyini deyir\",\"datePublished\":\"2024-03-26T18:56:58+00:00\",\"dateModified\":\"2024-03-27T07:04:52+00:00\",\"mainEntityOfPage\":{\"@id\":\"https:\\\/\\\/www.meydan.tv\\\/az\\\/article\\\/naxcivanda-derzi-sikayet-etdiyi-ucun-obyekt-icare-goture-bilmediyini-deyir\\\/\"},\"wordCount\":415,\"publisher\":{\"@id\":\"https:\\\/\\\/www.meydan.tv\\\/az\\\/#organization\"},\"image\":{\"@id\":\"https:\\\/\\\/www.meydan.tv\\\/az\\\/article\\\/naxcivanda-derzi-sikayet-etdiyi-ucun-obyekt-icare-goture-bilmediyini-deyir\\\/#primaryimage\"},\"thumbnailUrl\":\"https:\\\/\\\/www.meydan.tv\\\/wp-content\\\/uploads\\\/576c5672-d7a4-49ba-b318-e70fe16e860d-e1716633523510.jpeg\",\"articleSection\":[\"B\u00f6lg\u0259\",\"X\u0259b\u0259rl\u0259r\"],\"inLanguage\":\"az\"},{\"@type\":\"WebPage\",\"@id\":\"https:\\\/\\\/www.meydan.tv\\\/az\\\/article\\\/naxcivanda-derzi-sikayet-etdiyi-ucun-obyekt-icare-goture-bilmediyini-deyir\\\/\",\"url\":\"https:\\\/\\\/www.meydan.tv\\\/az\\\/article\\\/naxcivanda-derzi-sikayet-etdiyi-ucun-obyekt-icare-goture-bilmediyini-deyir\\\/\",\"name\":\"Nax\u00e7\u0131vanda: D\u0259rzi \u015fikay\u0259t etdiyi \u00fc\u00e7\u00fcn obyekt icar\u0259 g\u00f6t\u00fcr\u0259 bilm\u0259diyini deyir - MEYDAN.TV\",\"isPartOf\":{\"@id\":\"https:\\\/\\\/www.meydan.tv\\\/az\\\/#website\"},\"primaryImageOfPage\":{\"@id\":\"https:\\\/\\\/www.meydan.tv\\\/az\\\/article\\\/naxcivanda-derzi-sikayet-etdiyi-ucun-obyekt-icare-goture-bilmediyini-deyir\\\/#primaryimage\"},\"image\":{\"@id\":\"https:\\\/\\\/www.meydan.tv\\\/az\\\/article\\\/naxcivanda-derzi-sikayet-etdiyi-ucun-obyekt-icare-goture-bilmediyini-deyir\\\/#primaryimage\"},\"thumbnailUrl\":\"https:\\\/\\\/www.meydan.tv\\\/wp-content\\\/uploads\\\/576c5672-d7a4-49ba-b318-e70fe16e860d-e1716633523510.jpeg\",\"datePublished\":\"2024-03-26T18:56:58+00:00\",\"dateModified\":\"2024-03-27T07:04:52+00:00\",\"breadcrumb\":{\"@id\":\"https:\\\/\\\/www.meydan.tv\\\/az\\\/article\\\/naxcivanda-derzi-sikayet-etdiyi-ucun-obyekt-icare-goture-bilmediyini-deyir\\\/#breadcrumb\"},\"inLanguage\":\"az\",\"potentialAction\":[{\"@type\":\"ReadAction\",\"target\":[\"https:\\\/\\\/www.meydan.tv\\\/az\\\/article\\\/naxcivanda-derzi-sikayet-etdiyi-ucun-obyekt-icare-goture-bilmediyini-deyir\\\/\"]}]},{\"@type\":\"ImageObject\",\"inLanguage\":\"az\",\"@id\":\"https:\\\/\\\/www.meydan.tv\\\/az\\\/article\\\/naxcivanda-derzi-sikayet-etdiyi-ucun-obyekt-icare-goture-bilmediyini-deyir\\\/#primaryimage\",\"url\":\"https:\\\/\\\/www.meydan.tv\\\/wp-content\\\/uploads\\\/576c5672-d7a4-49ba-b318-e70fe16e860d-e1716633523510.jpeg\",\"contentUrl\":\"https:\\\/\\\/www.meydan.tv\\\/wp-content\\\/uploads\\\/576c5672-d7a4-49ba-b318-e70fe16e860d-e1716633523510.jpeg\",\"width\":1032,\"height\":498,\"caption\":\"Fotolar: Meydan TV\"},{\"@type\":\"BreadcrumbList\",\"@id\":\"https:\\\/\\\/www.meydan.tv\\\/az\\\/article\\\/naxcivanda-derzi-sikayet-etdiyi-ucun-obyekt-icare-goture-bilmediyini-deyir\\\/#breadcrumb\",\"itemListElement\":[{\"@type\":\"ListItem\",\"position\":1,\"name\":\"Ana s\u0259hif\u0259\",\"item\":\"https:\\\/\\\/www.meydan.tv\\\/az\\\/\"},{\"@type\":\"ListItem\",\"position\":2,\"name\":\"B\u00f6lg\u0259\",\"item\":\"https:\\\/\\\/www.meydan.tv\\\/az\\\/section\\\/bolge\\\/\"},{\"@type\":\"ListItem\",\"position\":3,\"name\":\"Nax\u00e7\u0131vanda: D\u0259rzi \u015fikay\u0259t etdiyi \u00fc\u00e7\u00fcn obyekt icar\u0259 g\u00f6t\u00fcr\u0259 bilm\u0259diyini deyir\"}]},{\"@type\":\"WebSite\",\"@id\":\"https:\\\/\\\/www.meydan.tv\\\/az\\\/#website\",\"url\":\"https:\\\/\\\/www.meydan.tv\\\/az\\\/\",\"name\":\"MEYDAN.TV\",\"description\":\"Meydan TV Az\u0259rbaycan\u0131n media m\u0259kan\u0131ndak\u0131 alternativ s\u0259sidir\",\"publisher\":{\"@id\":\"https:\\\/\\\/www.meydan.tv\\\/az\\\/#organization\"},\"potentialAction\":[{\"@type\":\"SearchAction\",\"target\":{\"@type\":\"EntryPoint\",\"urlTemplate\":\"https:\\\/\\\/www.meydan.tv\\\/az\\\/?s={search_term_string}\"},\"query-input\":{\"@type\":\"PropertyValueSpecification\",\"valueRequired\":true,\"valueName\":\"search_term_string\"}}],\"inLanguage\":\"az\"},{\"@type\":\"Organization\",\"@id\":\"https:\\\/\\\/www.meydan.tv\\\/az\\\/#organization\",\"name\":\"Meydan TV\",\"url\":\"https:\\\/\\\/www.meydan.tv\\\/az\\\/\",\"logo\":{\"@type\":\"ImageObject\",\"inLanguage\":\"az\",\"@id\":\"https:\\\/\\\/www.meydan.tv\\\/az\\\/#\\\/schema\\\/logo\\\/image\\\/\",\"url\":\"https:\\\/\\\/www.meydan.tv\\\/wp-content\\\/uploads\\\/2021\\\/07\\\/meydan-logo.svg\",\"contentUrl\":\"https:\\\/\\\/www.meydan.tv\\\/wp-content\\\/uploads\\\/2021\\\/07\\\/meydan-logo.svg\",\"width\":195,\"height\":46,\"caption\":\"Meydan TV\"},\"image\":{\"@id\":\"https:\\\/\\\/www.meydan.tv\\\/az\\\/#\\\/schema\\\/logo\\\/image\\\/\"}},{\"@type\":\"Person\",\"@id\":\"https:\\\/\\\/www.meydan.tv\\\/az\\\/#\\\/schema\\\/person\\\/9cdbecf90d17180ce1dfbd95b08dcf47\",\"name\":\"elli\",\"sameAs\":[\"https:\\\/\\\/x.com\\\/elli\"]}]}<\/script>\n<!-- \/ Yoast SEO plugin. -->","yoast_head_json":{"title":"Nax\u00e7\u0131vanda: D\u0259rzi \u015fikay\u0259t etdiyi \u00fc\u00e7\u00fcn obyekt icar\u0259 g\u00f6t\u00fcr\u0259 bilm\u0259diyini deyir - MEYDAN.TV","robots":{"index":"index","follow":"follow","max-snippet":"max-snippet:-1","max-image-preview":"max-image-preview:large","max-video-preview":"max-video-preview:-1"},"canonical":"https:\/\/www.meydan.tv\/az\/article\/naxcivanda-derzi-sikayet-etdiyi-ucun-obyekt-icare-goture-bilmediyini-deyir\/","og_locale":"az_AZ","og_type":"article","og_title":"Nax\u00e7\u0131vanda: D\u0259rzi \u015fikay\u0259t etdiyi \u00fc\u00e7\u00fcn obyekt icar\u0259 g\u00f6t\u00fcr\u0259 bilm\u0259diyini deyir - MEYDAN.TV","og_description":"\u201cAylard\u0131r iki azya\u015fl\u0131 k\u00f6rp\u0259mi doland\u0131rmaqda \u00e7\u0259tinlik \u00e7\u0259kir\u0259m\u201d \u00d6t\u0259n il, oktyabr\u0131n ... Davam\u0131","og_url":"https:\/\/www.meydan.tv\/az\/article\/naxcivanda-derzi-sikayet-etdiyi-ucun-obyekt-icare-goture-bilmediyini-deyir\/","og_site_name":"MEYDAN.TV","article_published_time":"2024-03-26T18:56:58+00:00","article_modified_time":"2024-03-27T07:04:52+00:00","og_image":[{"width":1032,"height":681,"url":"https:\/\/www.meydan.tv\/wp-content\/uploads\/576c5672-d7a4-49ba-b318-e70fe16e860d-e1672247578266.jpeg","type":"image\/jpeg"}],"author":"elli","twitter_card":"summary_large_image","twitter_creator":"@elli","schema":{"@context":"https:\/\/schema.org","@graph":[{"@type":"Article","@id":"https:\/\/www.meydan.tv\/az\/article\/naxcivanda-derzi-sikayet-etdiyi-ucun-obyekt-icare-goture-bilmediyini-deyir\/#article","isPartOf":{"@id":"https:\/\/www.meydan.tv\/az\/article\/naxcivanda-derzi-sikayet-etdiyi-ucun-obyekt-icare-goture-bilmediyini-deyir\/"},"author":{"name":"elli","@id":"https:\/\/www.meydan.tv\/az\/#\/schema\/person\/9cdbecf90d17180ce1dfbd95b08dcf47"},"headline":"Nax\u00e7\u0131vanda: D\u0259rzi \u015fikay\u0259t etdiyi \u00fc\u00e7\u00fcn obyekt icar\u0259 g\u00f6t\u00fcr\u0259 bilm\u0259diyini deyir","datePublished":"2024-03-26T18:56:58+00:00","dateModified":"2024-03-27T07:04:52+00:00","mainEntityOfPage":{"@id":"https:\/\/www.meydan.tv\/az\/article\/naxcivanda-derzi-sikayet-etdiyi-ucun-obyekt-icare-goture-bilmediyini-deyir\/"},"wordCount":415,"publisher":{"@id":"https:\/\/www.meydan.tv\/az\/#organization"},"image":{"@id":"https:\/\/www.meydan.tv\/az\/article\/naxcivanda-derzi-sikayet-etdiyi-ucun-obyekt-icare-goture-bilmediyini-deyir\/#primaryimage"},"thumbnailUrl":"https:\/\/www.meydan.tv\/wp-content\/uploads\/576c5672-d7a4-49ba-b318-e70fe16e860d-e1716633523510.jpeg","articleSection":["B\u00f6lg\u0259","X\u0259b\u0259rl\u0259r"],"inLanguage":"az"},{"@type":"WebPage","@id":"https:\/\/www.meydan.tv\/az\/article\/naxcivanda-derzi-sikayet-etdiyi-ucun-obyekt-icare-goture-bilmediyini-deyir\/","url":"https:\/\/www.meydan.tv\/az\/article\/naxcivanda-derzi-sikayet-etdiyi-ucun-obyekt-icare-goture-bilmediyini-deyir\/","name":"Nax\u00e7\u0131vanda: D\u0259rzi \u015fikay\u0259t etdiyi \u00fc\u00e7\u00fcn obyekt icar\u0259 g\u00f6t\u00fcr\u0259 bilm\u0259diyini deyir - MEYDAN.TV","isPartOf":{"@id":"https:\/\/www.meydan.tv\/az\/#website"},"primaryImageOfPage":{"@id":"https:\/\/www.meydan.tv\/az\/article\/naxcivanda-derzi-sikayet-etdiyi-ucun-obyekt-icare-goture-bilmediyini-deyir\/#primaryimage"},"image":{"@id":"https:\/\/www.meydan.tv\/az\/article\/naxcivanda-derzi-sikayet-etdiyi-ucun-obyekt-icare-goture-bilmediyini-deyir\/#primaryimage"},"thumbnailUrl":"https:\/\/www.meydan.tv\/wp-content\/uploads\/576c5672-d7a4-49ba-b318-e70fe16e860d-e1716633523510.jpeg","datePublished":"2024-03-26T18:56:58+00:00","dateModified":"2024-03-27T07:04:52+00:00","breadcrumb":{"@id":"https:\/\/www.meydan.tv\/az\/article\/naxcivanda-derzi-sikayet-etdiyi-ucun-obyekt-icare-goture-bilmediyini-deyir\/#breadcrumb"},"inLanguage":"az","potentialAction":[{"@type":"ReadAction","target":["https:\/\/www.meydan.tv\/az\/article\/naxcivanda-derzi-sikayet-etdiyi-ucun-obyekt-icare-goture-bilmediyini-deyir\/"]}]},{"@type":"ImageObject","inLanguage":"az","@id":"https:\/\/www.meydan.tv\/az\/article\/naxcivanda-derzi-sikayet-etdiyi-ucun-obyekt-icare-goture-bilmediyini-deyir\/#primaryimage","url":"https:\/\/www.meydan.tv\/wp-content\/uploads\/576c5672-d7a4-49ba-b318-e70fe16e860d-e1716633523510.jpeg","contentUrl":"https:\/\/www.meydan.tv\/wp-content\/uploads\/576c5672-d7a4-49ba-b318-e70fe16e860d-e1716633523510.jpeg","width":1032,"height":498,"caption":"Fotolar: Meydan TV"},{"@type":"BreadcrumbList","@id":"https:\/\/www.meydan.tv\/az\/article\/naxcivanda-derzi-sikayet-etdiyi-ucun-obyekt-icare-goture-bilmediyini-deyir\/#breadcrumb","itemListElement":[{"@type":"ListItem","position":1,"name":"Ana s\u0259hif\u0259","item":"https:\/\/www.meydan.tv\/az\/"},{"@type":"ListItem","position":2,"name":"B\u00f6lg\u0259","item":"https:\/\/www.meydan.tv\/az\/section\/bolge\/"},{"@type":"ListItem","position":3,"name":"Nax\u00e7\u0131vanda: D\u0259rzi \u015fikay\u0259t etdiyi \u00fc\u00e7\u00fcn obyekt icar\u0259 g\u00f6t\u00fcr\u0259 bilm\u0259diyini deyir"}]},{"@type":"WebSite","@id":"https:\/\/www.meydan.tv\/az\/#website","url":"https:\/\/www.meydan.tv\/az\/","name":"MEYDAN.TV","description":"Meydan TV Az\u0259rbaycan\u0131n media m\u0259kan\u0131ndak\u0131 alternativ s\u0259sidir","publisher":{"@id":"https:\/\/www.meydan.tv\/az\/#organization"},"potentialAction":[{"@type":"SearchAction","target":{"@type":"EntryPoint","urlTemplate":"https:\/\/www.meydan.tv\/az\/?s={search_term_string}"},"query-input":{"@type":"PropertyValueSpecification","valueRequired":true,"valueName":"search_term_string"}}],"inLanguage":"az"},{"@type":"Organization","@id":"https:\/\/www.meydan.tv\/az\/#organization","name":"Meydan TV","url":"https:\/\/www.meydan.tv\/az\/","logo":{"@type":"ImageObject","inLanguage":"az","@id":"https:\/\/www.meydan.tv\/az\/#\/schema\/logo\/image\/","url":"https:\/\/www.meydan.tv\/wp-content\/uploads\/2021\/07\/meydan-logo.svg","contentUrl":"https:\/\/www.meydan.tv\/wp-content\/uploads\/2021\/07\/meydan-logo.svg","width":195,"height":46,"caption":"Meydan TV"},"image":{"@id":"https:\/\/www.meydan.tv\/az\/#\/schema\/logo\/image\/"}},{"@type":"Person","@id":"https:\/\/www.meydan.tv\/az\/#\/schema\/person\/9cdbecf90d17180ce1dfbd95b08dcf47","name":"elli","sameAs":["https:\/\/x.com\/elli"]}]}},"_links":{"self":[{"href":"https:\/\/www.meydan.tv\/az\/wp-json\/wp\/v2\/posts\/301909","targetHints":{"allow":["GET"]}}],"collection":[{"href":"https:\/\/www.meydan.tv\/az\/wp-json\/wp\/v2\/posts"}],"about":[{"href":"https:\/\/www.meydan.tv\/az\/wp-json\/wp\/v2\/types\/post"}],"author":[{"embeddable":true,"href":"https:\/\/www.meydan.tv\/az\/wp-json\/wp\/v2\/users\/8"}],"replies":[{"embeddable":true,"href":"https:\/\/www.meydan.tv\/az\/wp-json\/wp\/v2\/comments?post=301909"}],"version-history":[{"count":3,"href":"https:\/\/www.meydan.tv\/az\/wp-json\/wp\/v2\/posts\/301909\/revisions"}],"predecessor-version":[{"id":301939,"href":"https:\/\/www.meydan.tv\/az\/wp-json\/wp\/v2\/posts\/301909\/revisions\/301939"}],"wp:featuredmedia":[{"embeddable":true,"href":"https:\/\/www.meydan.tv\/az\/wp-json\/wp\/v2\/media\/134550"}],"wp:attachment":[{"href":"https:\/\/www.meydan.tv\/az\/wp-json\/wp\/v2\/media?parent=301909"}],"wp:term":[{"taxonomy":"category","embeddable":true,"href":"https:\/\/www.meydan.tv\/az\/wp-json\/wp\/v2\/categories?post=301909"},{"taxonomy":"post_tag","embeddable":true,"href":"https:\/\/www.meydan.tv\/az\/wp-json\/wp\/v2\/tags?post=301909"}],"curies":[{"name":"wp","href":"https:\/\/api.w.org\/{rel}","templated":true}]}}