{"id":301853,"date":"2024-03-25T18:15:26","date_gmt":"2024-03-25T14:15:26","guid":{"rendered":"https:\/\/www.meydan.tv\/?p=301853"},"modified":"2024-03-25T19:27:35","modified_gmt":"2024-03-25T15:27:35","slug":"14-gundur-ki-acliq-eden-fealin-sehhetinde-problemlerin-yarandigi-bildirilir","status":"publish","type":"post","link":"https:\/\/www.meydan.tv\/az\/article\/14-gundur-ki-acliq-eden-fealin-sehhetinde-problemlerin-yarandigi-bildirilir\/","title":{"rendered":"14 g\u00fcnd\u00fcr ki, acl\u0131q ed\u0259n f\u0259al\u0131n s\u0259hh\u0259tind\u0259 probleml\u0259rin yarand\u0131\u011f\u0131 bildirilir"},"content":{"rendered":"\n<p><\/p>\n\n\n\n<p><strong><em>\u018fli K\u0259rimli deyir ki, Niyam\u0259ddin \u018fhm\u0259dovdan prinsipiall\u0131\u011f\u0131n\u0131n qisas\u0131n\u0131 al\u0131rlar<\/em><\/strong><\/p>\n\n\n\n<p>Az\u0259rbaycan Xalq C\u0259bh\u0259si Partiyas\u0131n\u0131n (AXCP) \u00fczv\u00fc, eyni zamanda, partiya s\u0259dri \u018fli K\u0259rimlinin ictimai \u0259saslarla m\u00fchafiz\u0259\u00e7isi olmu\u015f Niyam\u0259ddin \u018fhm\u0259dovun saxland\u0131\u011f\u0131 12 sayl\u0131 c\u0259za\u00e7\u0259km\u0259 m\u00fc\u0259ssis\u0259sind\u0259 14 g\u00fcnd\u00fcr ki, acl\u0131q aksiyas\u0131 ke\u00e7irdiyi bildirilir.<\/p>\n\n\n\n<p>AXCP-d\u0259n Meydan TV-y\u0259 veril\u0259n m\u0259lumata g\u00f6r\u0259, iki h\u0259ft\u0259 davam ed\u0259n acl\u0131q n\u0259tic\u0259sind\u0259 Niyam\u0259ddin \u018fhm\u0259dovun s\u0259hh\u0259tind\u0259 ciddi probleml\u0259r yaran\u0131b.<\/p>\n\n\n\n<p><em>\u201cSaxta ittihamla \u015f\u0259rl\u0259yib, \u201cterror\u00e7u\u201d dam\u011fas\u0131 vurdular, 13 il h\u0259bs c\u0259zas\u0131 verdil\u0259r. \u201cKars\u201da sald\u0131lar, indi d\u0259 acl\u0131q aksiyas\u0131 ke\u00e7irm\u0259k m\u0259cburiyy\u0259tind\u0259 qoyublar. Qisas\u00e7\u0131l\u0131q, h\u00fcquqsuzluq, z\u00fclm ba\u015fqa nec\u0259 olur? \u0130\u015f\u0131ql\u0131 bir g\u0259ncin azadl\u0131\u011f\u0131n\u0131 o\u011furlama\u011f\u0131n \u00f6z\u00fc d\u0259 terrordur\u201d, <\/em>&#8211; AXCP funksioneri \u0130lham H\u00fcseyn bildirib.<\/p>\n\n\n\n<p>Niyam\u0259ddin \u018fhm\u0259dov iki h\u0259ft\u0259 \u0259vv\u0259l c\u0259zaland\u0131r\u0131laraq, \u201ckars\u201da sal\u0131nm\u0131\u015fd\u0131.<\/p>\n\n\n\n<p>M\u0259lumata g\u00f6r\u0259, ona 6 g\u00fcnl\u00fck \u201ckars\u201d c\u0259zas\u0131 verilm\u0259sinin s\u0259b\u0259bi cibind\u0259n h\u00f6kum\u0259ti t\u0259nqid ed\u0259n \u015feirin tap\u0131lmas\u0131 olmu\u015fdu.<\/p>\n\n\n\n<p>12 sayl\u0131 c\u0259za\u00e7\u0259km\u0259 m\u00fc\u0259ssis\u0259sind\u0259ki m\u0259nb\u0259nin Meydan TV-y\u0259 bildirdiyin\u0259 g\u00f6r\u0259, AXCP f\u0259al\u0131 \u0259sass\u0131z c\u0259zaland\u0131r\u0131lmas\u0131na etiraz olaraq, \u201ckars\u201da sal\u0131nd\u0131\u011f\u0131 g\u00fcnd\u0259n etiraz olaraq, acl\u0131\u011fa ba\u015flay\u0131b:<\/p>\n\n\n\n<p>\u201c<em>Kars\u201dda oldu\u011fu m\u00fcdd\u0259td\u0259 quru acl\u0131q edib, su da i\u00e7m\u0259yib. \u00c7\u0131xandan sonra su i\u00e7s\u0259 d\u0259, acl\u0131\u011f\u0131 davam etdirir\u201d.<\/em><\/p>\n\n\n\n<p>AXCP s\u0259dri \u018fli K\u0259rimli\u00a0 Niyam\u0259ddin \u018fhm\u0259dovla ba\u015f ver\u0259nl\u0259r\u0259 m\u00fcnasib\u0259t bildir\u0259rk\u0259n vur\u011fulay\u0131b ki, g\u0259nc f\u0259aldan m\u0259rdliyinin, d\u00fcr\u00fcstl\u00fcy\u00fcn\u00fcn, prinsipiall\u0131\u011f\u0131n\u0131n qisas\u0131n\u0131 al\u0131rlar:<\/p>\n\n\n\n<p>\u201c<em>Ham\u0131 bilir ki, Niyam\u0259ddin b\u0259y vicdans\u0131zcas\u0131na \u015f\u0259rl\u0259n\u0259r\u0259k 13 il m\u00fcdd\u0259tin\u0259 azadl\u0131qdan m\u0259hrum edilib. O hara, terroru maliyy\u0259l\u0259\u015fdirm\u0259k hara? Niyam\u0259ddin b\u0259y istintaq d\u00f6vr\u00fcnd\u0259 \u00e7ox a\u011f\u0131r i\u015fg\u0259nc\u0259l\u0259r\u0259 d\u0259 m\u0259ruz qal\u0131b. Ancaq n\u0259 m\u0259ruz qald\u0131\u011f\u0131 i\u015fg\u0259nc\u0259l\u0259r, n\u0259 13 il m\u00fcdd\u0259tin\u0259 azadl\u0131qdan m\u0259hrum edilm\u0259k onu haqs\u0131zl\u0131q qar\u015f\u0131s\u0131nda susma\u011fa m\u0259cbur ed\u0259 bilib. Rejim d\u0259 bel\u0259 m\u00fcbariz, c\u0259sur insanlara nifr\u0259t edir. Ona g\u00f6r\u0259 d\u0259 Niyam\u0259ddin b\u0259yd\u0259n m\u0259hb\u0259sd\u0259 d\u0259 \u0259l \u00e7\u0259kmirl\u0259r. Karsa, sal\u0131rlar, qoluna qandal vurub ba\u015f\u0131n\u0131 q\u0131rx\u0131rlar. Niyam\u0259ddin b\u0259y d\u0259 \u00fczl\u0259\u015fdiyi haqs\u0131zl\u0131qlara xalq\u0131m\u0131z\u0131n diqq\u0259tini c\u0259lb etm\u0259k \u00fc\u00e7\u00fcn acl\u0131q aksiyas\u0131 ke\u00e7irdir. Acl\u0131\u011f\u0131n 13-c\u00fc g\u00fcn\u00fcnd\u0259 v\u0259ziyy\u0259ti pisl\u0259\u015fib. Ona he\u00e7 bir tibbi yard\u0131m g\u00f6st\u0259rilmir\u201d.<\/em><\/p>\n\n\n\n<p>Meydan TV Niyam\u0259ddin \u018fhm\u0259dovun acl\u0131q etm\u0259si, t\u0259zyiql\u0259r\u0259 m\u0259ruz qalmas\u0131 bar\u0259d\u0259 m\u0259lumatlara Penitensiar Xidm\u0259td\u0259n cavab ala bilm\u0259yib.<\/p>\n\n\n\n<p>Niyam\u0259ddin \u018fhm\u0259dov 2020-ci ilin aprelind\u0259n h\u0259bsd\u0259dir.<\/p>\n\n\n\n<p>\u00d6nc\u0259 ona karantin rejimi qaydalar\u0131n\u0131 pozma iddias\u0131yla 30 sutka inzibati h\u0259bs c\u0259zas\u0131 verilib.<\/p>\n\n\n\n<p>Bu c\u0259za ba\u015fa \u00e7atan g\u00fcn is\u0259 haqq\u0131nda cinay\u0259t i\u015fi ba\u015flan\u0131b.<\/p>\n\n\n\n<p>O, Cinay\u0259t M\u0259c\u0259ll\u0259sinin 214-1 (terror\u00e7ulu\u011fu maliyy\u0259l\u0259\u015fdirm\u0259), 28.281 (d\u00f6vl\u0259t \u0259leyhin\u0259 y\u00f6n\u0259lik a\u00e7\u0131q \u00e7a\u011f\u0131r\u0131\u015flara haz\u0131rl\u0131q) v\u0259 233-1 (qanunla m\u00fclki d\u00f6vriyy\u0259d\u0259 olmas\u0131na yol verilm\u0259y\u0259n \u0259\u015fyalar\u0131 \u0259ld\u0259 etm\u0259, saxlama) madd\u0259l\u0259ril\u0259 13 il azadl\u0131qdan m\u0259hrum edilib.<\/p>\n\n\n\n<p>\u0130ddia olunub ki, Almaniyada siyasi s\u0131\u011f\u0131nacaq alm\u0131\u015f, sosial \u015f\u0259b\u0259k\u0259l\u0259rd\u0259 Az\u0259rbaycan h\u00f6kum\u0259tini k\u0259skin ifad\u0259l\u0259rl\u0259 t\u0259nqid, b\u0259z\u0259n d\u0259 t\u0259hqir ed\u0259n Qabil M\u0259mm\u0259dov terror m\u0259qs\u0259dil\u0259 Bak\u0131ya pul g\u00f6nd\u0259rib, \u00f6z\u00fc d\u0259 sosial \u015f\u0259b\u0259k\u0259l\u0259rd\u0259n terrora \u00e7a\u011f\u0131r\u0131\u015flar edib.<\/p>\n\n\n\n<p>Niyam\u0259ddin \u018fhm\u0259dova da pul g\u00f6nd\u0259rib ki, bu prosesd\u0259 i\u015ftirak etsin.<\/p>\n\n\n\n<p>Niyam\u0259ddin \u018fhm\u0259dov is\u0259 bu ittiham\u0131n absurd oldu\u011funu, Qabil M\u0259mm\u0259dovla eyni k\u0259ndd\u0259n olmalar\u0131ndan istifad\u0259 edib, bel\u0259 bir saxta ittiham qura\u015fd\u0131r\u0131ld\u0131\u011f\u0131n\u0131 deyir.<\/p>\n\n\n\n<p>\u018fli K\u0259rimlinin \u0259leyhin\u0259 ifad\u0259 verm\u0259si \u00fc\u00e7\u00fcn a\u011flas\u0131\u011fmaz i\u015fg\u0259nc\u0259l\u0259r\u0259 m\u0259ruz qald\u0131\u011f\u0131n\u0131 dey\u0259n AXCP f\u0259al\u0131n\u0131n s\u00f6zl\u0259rin\u0259 g\u00f6r\u0259, h\u0259bsinin \u0259sl s\u0259b\u0259bi partiya s\u0259drinin ictimai \u0259saslarla m\u00fchafiz\u0259\u00e7isi olmas\u0131d\u0131r.<\/p>\n\n\n\n<p>O vur\u011fulay\u0131b ki, 2019-cu ilin 19 oktyabr\u0131nda Milli \u015euran\u0131n ke\u00e7irdiyi etiraz aksiyas\u0131nda \u018fli K\u0259rimli tutulark\u0259n sona q\u0259d\u0259r onu t\u0259k buraxmad\u0131\u011f\u0131na g\u00f6r\u0259 c\u0259zaland\u0131r\u0131l\u0131b.<\/p>\n","protected":false},"excerpt":{"rendered":"<p>\u018fli K\u0259rimli deyir ki, Niyam\u0259ddin \u018fhm\u0259dovdan prinsipiall\u0131\u011f\u0131n\u0131n qisas\u0131n\u0131 al\u0131rlar Az\u0259rbaycan &#8230; <\/p>\n<p class=\"read-more-container\"><a title=\"14 g\u00fcnd\u00fcr ki, acl\u0131q ed\u0259n f\u0259al\u0131n s\u0259hh\u0259tind\u0259 probleml\u0259rin yarand\u0131\u011f\u0131 bildirilir\" class=\"read-more button\" href=\"https:\/\/www.meydan.tv\/az\/article\/14-gundur-ki-acliq-eden-fealin-sehhetinde-problemlerin-yarandigi-bildirilir\/#more-301853\" aria-label=\"Read more about 14 g\u00fcnd\u00fcr ki, acl\u0131q ed\u0259n f\u0259al\u0131n s\u0259hh\u0259tind\u0259 probleml\u0259rin yarand\u0131\u011f\u0131 bildirilir\">Davam\u0131<\/a><\/p>\n","protected":false},"author":8,"featured_media":211026,"comment_status":"closed","ping_status":"closed","sticky":false,"template":"","format":"standard","meta":{"_acf_changed":false,"_sitemap_exclude":false,"_sitemap_priority":"","_sitemap_frequency":"","footnotes":""},"categories":[59,79,56],"tags":[],"class_list":["post-301853","post","type-post","status-publish","format-standard","has-post-thumbnail","hentry","category-siyaset","category-featured","category-xeberler","infinite-scroll-item","generate-columns","tablet-grid-50","mobile-grid-100","grid-parent","grid-33","no-featured-image-padding"],"acf":[],"yoast_head":"<!-- This site is optimized with the Yoast SEO plugin v27.4 - https:\/\/yoast.com\/product\/yoast-seo-wordpress\/ -->\n<title>14 g\u00fcnd\u00fcr ki, acl\u0131q ed\u0259n f\u0259al\u0131n s\u0259hh\u0259tind\u0259 probleml\u0259rin yarand\u0131\u011f\u0131 bildirilir - MEYDAN.TV<\/title>\n<meta name=\"robots\" content=\"index, follow, max-snippet:-1, max-image-preview:large, max-video-preview:-1\" \/>\n<link rel=\"canonical\" href=\"https:\/\/www.meydan.tv\/az\/article\/14-gundur-ki-acliq-eden-fealin-sehhetinde-problemlerin-yarandigi-bildirilir\/\" \/>\n<meta property=\"og:locale\" content=\"az_AZ\" \/>\n<meta property=\"og:type\" content=\"article\" \/>\n<meta property=\"og:title\" content=\"14 g\u00fcnd\u00fcr ki, acl\u0131q ed\u0259n f\u0259al\u0131n s\u0259hh\u0259tind\u0259 probleml\u0259rin yarand\u0131\u011f\u0131 bildirilir - MEYDAN.TV\" \/>\n<meta property=\"og:description\" content=\"\u018fli K\u0259rimli deyir ki, Niyam\u0259ddin \u018fhm\u0259dovdan prinsipiall\u0131\u011f\u0131n\u0131n qisas\u0131n\u0131 al\u0131rlar Az\u0259rbaycan ... Davam\u0131\" \/>\n<meta property=\"og:url\" content=\"https:\/\/www.meydan.tv\/az\/article\/14-gundur-ki-acliq-eden-fealin-sehhetinde-problemlerin-yarandigi-bildirilir\/\" \/>\n<meta property=\"og:site_name\" content=\"MEYDAN.TV\" \/>\n<meta property=\"article:published_time\" content=\"2024-03-25T14:15:26+00:00\" \/>\n<meta property=\"article:modified_time\" content=\"2024-03-25T15:27:35+00:00\" \/>\n<meta property=\"og:image\" content=\"https:\/\/www.meydan.tv\/wp-content\/uploads\/niyameddin_ahmedov_acdiq.original-scaled-e1643822419224.jpg\" \/>\n\t<meta property=\"og:image:width\" content=\"2560\" \/>\n\t<meta property=\"og:image:height\" content=\"1446\" \/>\n\t<meta property=\"og:image:type\" content=\"image\/jpeg\" \/>\n<meta name=\"author\" content=\"elli\" \/>\n<meta name=\"twitter:card\" content=\"summary_large_image\" \/>\n<meta name=\"twitter:creator\" content=\"@elli\" \/>\n<script type=\"application\/ld+json\" class=\"yoast-schema-graph\">{\"@context\":\"https:\\\/\\\/schema.org\",\"@graph\":[{\"@type\":\"Article\",\"@id\":\"https:\\\/\\\/www.meydan.tv\\\/az\\\/article\\\/14-gundur-ki-acliq-eden-fealin-sehhetinde-problemlerin-yarandigi-bildirilir\\\/#article\",\"isPartOf\":{\"@id\":\"https:\\\/\\\/www.meydan.tv\\\/az\\\/article\\\/14-gundur-ki-acliq-eden-fealin-sehhetinde-problemlerin-yarandigi-bildirilir\\\/\"},\"author\":{\"name\":\"elli\",\"@id\":\"https:\\\/\\\/www.meydan.tv\\\/az\\\/#\\\/schema\\\/person\\\/9cdbecf90d17180ce1dfbd95b08dcf47\"},\"headline\":\"14 g\u00fcnd\u00fcr ki, acl\u0131q ed\u0259n f\u0259al\u0131n s\u0259hh\u0259tind\u0259 probleml\u0259rin yarand\u0131\u011f\u0131 bildirilir\",\"datePublished\":\"2024-03-25T14:15:26+00:00\",\"dateModified\":\"2024-03-25T15:27:35+00:00\",\"mainEntityOfPage\":{\"@id\":\"https:\\\/\\\/www.meydan.tv\\\/az\\\/article\\\/14-gundur-ki-acliq-eden-fealin-sehhetinde-problemlerin-yarandigi-bildirilir\\\/\"},\"wordCount\":828,\"publisher\":{\"@id\":\"https:\\\/\\\/www.meydan.tv\\\/az\\\/#organization\"},\"image\":{\"@id\":\"https:\\\/\\\/www.meydan.tv\\\/az\\\/article\\\/14-gundur-ki-acliq-eden-fealin-sehhetinde-problemlerin-yarandigi-bildirilir\\\/#primaryimage\"},\"thumbnailUrl\":\"https:\\\/\\\/www.meydan.tv\\\/wp-content\\\/uploads\\\/niyameddin_ahmedov_acdiq.original-scaled-e1643822419224.jpg\",\"articleSection\":[\"Siyas\u0259t\",\"T\u00f6vsiy\u0259\",\"X\u0259b\u0259rl\u0259r\"],\"inLanguage\":\"az\"},{\"@type\":\"WebPage\",\"@id\":\"https:\\\/\\\/www.meydan.tv\\\/az\\\/article\\\/14-gundur-ki-acliq-eden-fealin-sehhetinde-problemlerin-yarandigi-bildirilir\\\/\",\"url\":\"https:\\\/\\\/www.meydan.tv\\\/az\\\/article\\\/14-gundur-ki-acliq-eden-fealin-sehhetinde-problemlerin-yarandigi-bildirilir\\\/\",\"name\":\"14 g\u00fcnd\u00fcr ki, acl\u0131q ed\u0259n f\u0259al\u0131n s\u0259hh\u0259tind\u0259 probleml\u0259rin yarand\u0131\u011f\u0131 bildirilir - MEYDAN.TV\",\"isPartOf\":{\"@id\":\"https:\\\/\\\/www.meydan.tv\\\/az\\\/#website\"},\"primaryImageOfPage\":{\"@id\":\"https:\\\/\\\/www.meydan.tv\\\/az\\\/article\\\/14-gundur-ki-acliq-eden-fealin-sehhetinde-problemlerin-yarandigi-bildirilir\\\/#primaryimage\"},\"image\":{\"@id\":\"https:\\\/\\\/www.meydan.tv\\\/az\\\/article\\\/14-gundur-ki-acliq-eden-fealin-sehhetinde-problemlerin-yarandigi-bildirilir\\\/#primaryimage\"},\"thumbnailUrl\":\"https:\\\/\\\/www.meydan.tv\\\/wp-content\\\/uploads\\\/niyameddin_ahmedov_acdiq.original-scaled-e1643822419224.jpg\",\"datePublished\":\"2024-03-25T14:15:26+00:00\",\"dateModified\":\"2024-03-25T15:27:35+00:00\",\"breadcrumb\":{\"@id\":\"https:\\\/\\\/www.meydan.tv\\\/az\\\/article\\\/14-gundur-ki-acliq-eden-fealin-sehhetinde-problemlerin-yarandigi-bildirilir\\\/#breadcrumb\"},\"inLanguage\":\"az\",\"potentialAction\":[{\"@type\":\"ReadAction\",\"target\":[\"https:\\\/\\\/www.meydan.tv\\\/az\\\/article\\\/14-gundur-ki-acliq-eden-fealin-sehhetinde-problemlerin-yarandigi-bildirilir\\\/\"]}]},{\"@type\":\"ImageObject\",\"inLanguage\":\"az\",\"@id\":\"https:\\\/\\\/www.meydan.tv\\\/az\\\/article\\\/14-gundur-ki-acliq-eden-fealin-sehhetinde-problemlerin-yarandigi-bildirilir\\\/#primaryimage\",\"url\":\"https:\\\/\\\/www.meydan.tv\\\/wp-content\\\/uploads\\\/niyameddin_ahmedov_acdiq.original-scaled-e1643822419224.jpg\",\"contentUrl\":\"https:\\\/\\\/www.meydan.tv\\\/wp-content\\\/uploads\\\/niyameddin_ahmedov_acdiq.original-scaled-e1643822419224.jpg\",\"width\":2560,\"height\":1446,\"caption\":\"Foto: Meydan TV\"},{\"@type\":\"BreadcrumbList\",\"@id\":\"https:\\\/\\\/www.meydan.tv\\\/az\\\/article\\\/14-gundur-ki-acliq-eden-fealin-sehhetinde-problemlerin-yarandigi-bildirilir\\\/#breadcrumb\",\"itemListElement\":[{\"@type\":\"ListItem\",\"position\":1,\"name\":\"Ana s\u0259hif\u0259\",\"item\":\"https:\\\/\\\/www.meydan.tv\\\/az\\\/\"},{\"@type\":\"ListItem\",\"position\":2,\"name\":\"Siyas\u0259t\",\"item\":\"https:\\\/\\\/www.meydan.tv\\\/az\\\/section\\\/siyaset\\\/\"},{\"@type\":\"ListItem\",\"position\":3,\"name\":\"14 g\u00fcnd\u00fcr ki, acl\u0131q ed\u0259n f\u0259al\u0131n s\u0259hh\u0259tind\u0259 probleml\u0259rin yarand\u0131\u011f\u0131 bildirilir\"}]},{\"@type\":\"WebSite\",\"@id\":\"https:\\\/\\\/www.meydan.tv\\\/az\\\/#website\",\"url\":\"https:\\\/\\\/www.meydan.tv\\\/az\\\/\",\"name\":\"MEYDAN.TV\",\"description\":\"Meydan TV Az\u0259rbaycan\u0131n media m\u0259kan\u0131ndak\u0131 alternativ s\u0259sidir\",\"publisher\":{\"@id\":\"https:\\\/\\\/www.meydan.tv\\\/az\\\/#organization\"},\"potentialAction\":[{\"@type\":\"SearchAction\",\"target\":{\"@type\":\"EntryPoint\",\"urlTemplate\":\"https:\\\/\\\/www.meydan.tv\\\/az\\\/?s={search_term_string}\"},\"query-input\":{\"@type\":\"PropertyValueSpecification\",\"valueRequired\":true,\"valueName\":\"search_term_string\"}}],\"inLanguage\":\"az\"},{\"@type\":\"Organization\",\"@id\":\"https:\\\/\\\/www.meydan.tv\\\/az\\\/#organization\",\"name\":\"Meydan TV\",\"url\":\"https:\\\/\\\/www.meydan.tv\\\/az\\\/\",\"logo\":{\"@type\":\"ImageObject\",\"inLanguage\":\"az\",\"@id\":\"https:\\\/\\\/www.meydan.tv\\\/az\\\/#\\\/schema\\\/logo\\\/image\\\/\",\"url\":\"https:\\\/\\\/www.meydan.tv\\\/wp-content\\\/uploads\\\/2021\\\/07\\\/meydan-logo.svg\",\"contentUrl\":\"https:\\\/\\\/www.meydan.tv\\\/wp-content\\\/uploads\\\/2021\\\/07\\\/meydan-logo.svg\",\"width\":195,\"height\":46,\"caption\":\"Meydan TV\"},\"image\":{\"@id\":\"https:\\\/\\\/www.meydan.tv\\\/az\\\/#\\\/schema\\\/logo\\\/image\\\/\"}},{\"@type\":\"Person\",\"@id\":\"https:\\\/\\\/www.meydan.tv\\\/az\\\/#\\\/schema\\\/person\\\/9cdbecf90d17180ce1dfbd95b08dcf47\",\"name\":\"elli\",\"sameAs\":[\"https:\\\/\\\/x.com\\\/elli\"]}]}<\/script>\n<!-- \/ Yoast SEO plugin. -->","yoast_head_json":{"title":"14 g\u00fcnd\u00fcr ki, acl\u0131q ed\u0259n f\u0259al\u0131n s\u0259hh\u0259tind\u0259 probleml\u0259rin yarand\u0131\u011f\u0131 bildirilir - MEYDAN.TV","robots":{"index":"index","follow":"follow","max-snippet":"max-snippet:-1","max-image-preview":"max-image-preview:large","max-video-preview":"max-video-preview:-1"},"canonical":"https:\/\/www.meydan.tv\/az\/article\/14-gundur-ki-acliq-eden-fealin-sehhetinde-problemlerin-yarandigi-bildirilir\/","og_locale":"az_AZ","og_type":"article","og_title":"14 g\u00fcnd\u00fcr ki, acl\u0131q ed\u0259n f\u0259al\u0131n s\u0259hh\u0259tind\u0259 probleml\u0259rin yarand\u0131\u011f\u0131 bildirilir - MEYDAN.TV","og_description":"\u018fli K\u0259rimli deyir ki, Niyam\u0259ddin \u018fhm\u0259dovdan prinsipiall\u0131\u011f\u0131n\u0131n qisas\u0131n\u0131 al\u0131rlar Az\u0259rbaycan ... Davam\u0131","og_url":"https:\/\/www.meydan.tv\/az\/article\/14-gundur-ki-acliq-eden-fealin-sehhetinde-problemlerin-yarandigi-bildirilir\/","og_site_name":"MEYDAN.TV","article_published_time":"2024-03-25T14:15:26+00:00","article_modified_time":"2024-03-25T15:27:35+00:00","og_image":[{"width":2560,"height":1446,"url":"https:\/\/www.meydan.tv\/wp-content\/uploads\/niyameddin_ahmedov_acdiq.original-scaled-e1643822419224.jpg","type":"image\/jpeg"}],"author":"elli","twitter_card":"summary_large_image","twitter_creator":"@elli","schema":{"@context":"https:\/\/schema.org","@graph":[{"@type":"Article","@id":"https:\/\/www.meydan.tv\/az\/article\/14-gundur-ki-acliq-eden-fealin-sehhetinde-problemlerin-yarandigi-bildirilir\/#article","isPartOf":{"@id":"https:\/\/www.meydan.tv\/az\/article\/14-gundur-ki-acliq-eden-fealin-sehhetinde-problemlerin-yarandigi-bildirilir\/"},"author":{"name":"elli","@id":"https:\/\/www.meydan.tv\/az\/#\/schema\/person\/9cdbecf90d17180ce1dfbd95b08dcf47"},"headline":"14 g\u00fcnd\u00fcr ki, acl\u0131q ed\u0259n f\u0259al\u0131n s\u0259hh\u0259tind\u0259 probleml\u0259rin yarand\u0131\u011f\u0131 bildirilir","datePublished":"2024-03-25T14:15:26+00:00","dateModified":"2024-03-25T15:27:35+00:00","mainEntityOfPage":{"@id":"https:\/\/www.meydan.tv\/az\/article\/14-gundur-ki-acliq-eden-fealin-sehhetinde-problemlerin-yarandigi-bildirilir\/"},"wordCount":828,"publisher":{"@id":"https:\/\/www.meydan.tv\/az\/#organization"},"image":{"@id":"https:\/\/www.meydan.tv\/az\/article\/14-gundur-ki-acliq-eden-fealin-sehhetinde-problemlerin-yarandigi-bildirilir\/#primaryimage"},"thumbnailUrl":"https:\/\/www.meydan.tv\/wp-content\/uploads\/niyameddin_ahmedov_acdiq.original-scaled-e1643822419224.jpg","articleSection":["Siyas\u0259t","T\u00f6vsiy\u0259","X\u0259b\u0259rl\u0259r"],"inLanguage":"az"},{"@type":"WebPage","@id":"https:\/\/www.meydan.tv\/az\/article\/14-gundur-ki-acliq-eden-fealin-sehhetinde-problemlerin-yarandigi-bildirilir\/","url":"https:\/\/www.meydan.tv\/az\/article\/14-gundur-ki-acliq-eden-fealin-sehhetinde-problemlerin-yarandigi-bildirilir\/","name":"14 g\u00fcnd\u00fcr ki, acl\u0131q ed\u0259n f\u0259al\u0131n s\u0259hh\u0259tind\u0259 probleml\u0259rin yarand\u0131\u011f\u0131 bildirilir - MEYDAN.TV","isPartOf":{"@id":"https:\/\/www.meydan.tv\/az\/#website"},"primaryImageOfPage":{"@id":"https:\/\/www.meydan.tv\/az\/article\/14-gundur-ki-acliq-eden-fealin-sehhetinde-problemlerin-yarandigi-bildirilir\/#primaryimage"},"image":{"@id":"https:\/\/www.meydan.tv\/az\/article\/14-gundur-ki-acliq-eden-fealin-sehhetinde-problemlerin-yarandigi-bildirilir\/#primaryimage"},"thumbnailUrl":"https:\/\/www.meydan.tv\/wp-content\/uploads\/niyameddin_ahmedov_acdiq.original-scaled-e1643822419224.jpg","datePublished":"2024-03-25T14:15:26+00:00","dateModified":"2024-03-25T15:27:35+00:00","breadcrumb":{"@id":"https:\/\/www.meydan.tv\/az\/article\/14-gundur-ki-acliq-eden-fealin-sehhetinde-problemlerin-yarandigi-bildirilir\/#breadcrumb"},"inLanguage":"az","potentialAction":[{"@type":"ReadAction","target":["https:\/\/www.meydan.tv\/az\/article\/14-gundur-ki-acliq-eden-fealin-sehhetinde-problemlerin-yarandigi-bildirilir\/"]}]},{"@type":"ImageObject","inLanguage":"az","@id":"https:\/\/www.meydan.tv\/az\/article\/14-gundur-ki-acliq-eden-fealin-sehhetinde-problemlerin-yarandigi-bildirilir\/#primaryimage","url":"https:\/\/www.meydan.tv\/wp-content\/uploads\/niyameddin_ahmedov_acdiq.original-scaled-e1643822419224.jpg","contentUrl":"https:\/\/www.meydan.tv\/wp-content\/uploads\/niyameddin_ahmedov_acdiq.original-scaled-e1643822419224.jpg","width":2560,"height":1446,"caption":"Foto: Meydan TV"},{"@type":"BreadcrumbList","@id":"https:\/\/www.meydan.tv\/az\/article\/14-gundur-ki-acliq-eden-fealin-sehhetinde-problemlerin-yarandigi-bildirilir\/#breadcrumb","itemListElement":[{"@type":"ListItem","position":1,"name":"Ana s\u0259hif\u0259","item":"https:\/\/www.meydan.tv\/az\/"},{"@type":"ListItem","position":2,"name":"Siyas\u0259t","item":"https:\/\/www.meydan.tv\/az\/section\/siyaset\/"},{"@type":"ListItem","position":3,"name":"14 g\u00fcnd\u00fcr ki, acl\u0131q ed\u0259n f\u0259al\u0131n s\u0259hh\u0259tind\u0259 probleml\u0259rin yarand\u0131\u011f\u0131 bildirilir"}]},{"@type":"WebSite","@id":"https:\/\/www.meydan.tv\/az\/#website","url":"https:\/\/www.meydan.tv\/az\/","name":"MEYDAN.TV","description":"Meydan TV Az\u0259rbaycan\u0131n media m\u0259kan\u0131ndak\u0131 alternativ s\u0259sidir","publisher":{"@id":"https:\/\/www.meydan.tv\/az\/#organization"},"potentialAction":[{"@type":"SearchAction","target":{"@type":"EntryPoint","urlTemplate":"https:\/\/www.meydan.tv\/az\/?s={search_term_string}"},"query-input":{"@type":"PropertyValueSpecification","valueRequired":true,"valueName":"search_term_string"}}],"inLanguage":"az"},{"@type":"Organization","@id":"https:\/\/www.meydan.tv\/az\/#organization","name":"Meydan TV","url":"https:\/\/www.meydan.tv\/az\/","logo":{"@type":"ImageObject","inLanguage":"az","@id":"https:\/\/www.meydan.tv\/az\/#\/schema\/logo\/image\/","url":"https:\/\/www.meydan.tv\/wp-content\/uploads\/2021\/07\/meydan-logo.svg","contentUrl":"https:\/\/www.meydan.tv\/wp-content\/uploads\/2021\/07\/meydan-logo.svg","width":195,"height":46,"caption":"Meydan TV"},"image":{"@id":"https:\/\/www.meydan.tv\/az\/#\/schema\/logo\/image\/"}},{"@type":"Person","@id":"https:\/\/www.meydan.tv\/az\/#\/schema\/person\/9cdbecf90d17180ce1dfbd95b08dcf47","name":"elli","sameAs":["https:\/\/x.com\/elli"]}]}},"_links":{"self":[{"href":"https:\/\/www.meydan.tv\/az\/wp-json\/wp\/v2\/posts\/301853","targetHints":{"allow":["GET"]}}],"collection":[{"href":"https:\/\/www.meydan.tv\/az\/wp-json\/wp\/v2\/posts"}],"about":[{"href":"https:\/\/www.meydan.tv\/az\/wp-json\/wp\/v2\/types\/post"}],"author":[{"embeddable":true,"href":"https:\/\/www.meydan.tv\/az\/wp-json\/wp\/v2\/users\/8"}],"replies":[{"embeddable":true,"href":"https:\/\/www.meydan.tv\/az\/wp-json\/wp\/v2\/comments?post=301853"}],"version-history":[{"count":3,"href":"https:\/\/www.meydan.tv\/az\/wp-json\/wp\/v2\/posts\/301853\/revisions"}],"predecessor-version":[{"id":301858,"href":"https:\/\/www.meydan.tv\/az\/wp-json\/wp\/v2\/posts\/301853\/revisions\/301858"}],"wp:featuredmedia":[{"embeddable":true,"href":"https:\/\/www.meydan.tv\/az\/wp-json\/wp\/v2\/media\/211026"}],"wp:attachment":[{"href":"https:\/\/www.meydan.tv\/az\/wp-json\/wp\/v2\/media?parent=301853"}],"wp:term":[{"taxonomy":"category","embeddable":true,"href":"https:\/\/www.meydan.tv\/az\/wp-json\/wp\/v2\/categories?post=301853"},{"taxonomy":"post_tag","embeddable":true,"href":"https:\/\/www.meydan.tv\/az\/wp-json\/wp\/v2\/tags?post=301853"}],"curies":[{"name":"wp","href":"https:\/\/api.w.org\/{rel}","templated":true}]}}