{"id":301851,"date":"2024-03-25T17:00:56","date_gmt":"2024-03-25T13:00:56","guid":{"rendered":"https:\/\/www.meydan.tv\/?p=301851"},"modified":"2024-03-25T19:23:47","modified_gmt":"2024-03-25T15:23:47","slug":"prezidentin-emisinin-vekili-bu-qerar-meni-olume-mehkum-etmekdir","status":"publish","type":"post","link":"https:\/\/www.meydan.tv\/az\/article\/prezidentin-emisinin-vekili-bu-qerar-meni-olume-mehkum-etmekdir\/","title":{"rendered":"Prezidentin \u0259misinin v\u0259kili: \u201cBu q\u0259rar m\u0259ni \u00f6l\u00fcm\u0259 m\u0259hkum etm\u0259kdir\u201d"},"content":{"rendered":"\n<p><\/p>\n\n\n\n<p><strong><em>&#8220;M\u0259n v\u0259kil ola-ola bel\u0259 edirl\u0259rs\u0259, g\u00f6r\u00fcn s\u0131ravi v\u0259t\u0259nda\u015flara qar\u015f\u0131 n\u0259l\u0259r edirl\u0259r&#8221;<\/em><\/strong><\/p>\n\n\n\n<p>V\u0259kill\u0259r Kollegiyas\u0131 R\u0259yas\u0259t Hey\u0259tinin ke\u00e7mi\u015f \u00fczv\u00fc, ictimai-siyasi f\u0259allar\u0131 m\u00fcdafi\u0259 ed\u0259n bir ne\u00e7\u0259 v\u0259kilin f\u0259aliyy\u0259tin\u0259 xitam verilm\u0259si \u00fc\u00e7\u00fcn s\u0259s ver\u0259n S\u00fcmb\u00fcl\u0259 \u018fliyevan\u0131n \u00f6z\u00fc bir h\u0259ft\u0259dir ki, h\u0259bsd\u0259dir.<\/p>\n\n\n\n<p>Mart\u0131n 20-d\u0259 ya\u015fad\u0131\u011f\u0131 evd\u0259 saxlan\u0131lan v\u0259kil k\u00fclli miqdarda m\u0259nims\u0259m\u0259, vergid\u0259n yay\u0131nma kimi \u0259m\u0259ll\u0259rd\u0259 ittiham olunur.<\/p>\n\n\n\n<p>3 il\u0259 yax\u0131nd\u0131r ki, Bak\u0131 A\u011f\u0131r Cinay\u0259tl\u0259r M\u0259hk\u0259m\u0259sind\u0259 onunla ba\u011fl\u0131 cinay\u0259t i\u015fi \u00fczr\u0259 m\u0259hk\u0259m\u0259 prosesi gedir.<\/p>\n\n\n\n<p>Son bir il\u0259 yax\u0131n m\u00fcdd\u0259td\u0259 m\u0259hk\u0259m\u0259 iclaslar\u0131na g\u0259lm\u0259diyin\u0259 g\u00f6r\u0259 dekabr\u0131n 30-da hakim Mahmud A\u011falarov onun haqq\u0131nda axtar\u0131\u015f q\u0259rar\u0131 \u00e7\u0131xarm\u0131\u015fd\u0131.<\/p>\n\n\n\n<p>S\u00fcmb\u00fcl\u0259 \u018fliyevan\u0131 polis \u0259m\u0259kda\u015flar\u0131 mart\u0131n 20-d\u0259 gec\u0259 saatlar\u0131nda evind\u0259n apar\u0131b.<\/p>\n\n\n\n<p>O vaxtdan onun Yasamal Rayon Polis \u0130dar\u0259sinin m\u00fcv\u0259qq\u0259ti saxlama t\u0259cridxanas\u0131nda oldu\u011fu bildirilir.<\/p>\n\n\n\n<p>\u0130\u015fg\u0259nc\u0259l\u0259r \u018flyehin\u0259 Ara\u015fd\u0131rmalar M\u0259rk\u0259zind\u0259n veril\u0259n m\u0259lumata g\u00f6r\u0259, t\u0259cridxanada S\u00fcmb\u00fcl\u0259 \u018fliyevan\u0131n v\u0259ziyy\u0259ti pisl\u0259\u015fib.<\/p>\n\n\n\n<p>Polis idar\u0259sin\u0259 t\u0259cili tibbi yard\u0131m \u00e7a\u011f\u0131r\u0131l\u0131b.<\/p>\n\n\n\n<p>\u201c<em>S\u00fcmb\u00fcl\u0259 \u018fliyeva mart\u0131n 20-d\u0259, bayram ax\u015fam\u0131 gec\u0259 saat 23 rad\u0259l\u0259rind\u0259 evind\u0259 h\u0259bs edilib. Haz\u0131rda Yasamal Rayon Polis \u0130dar\u0259sinin tabeliyind\u0259ki m\u00fcv\u0259qq\u0259ti saxlanma yerind\u0259 olan 70 ya\u015fl\u0131 v\u0259kil S\u00fcmb\u00fcl\u0259 \u018fliyevan\u0131n s\u0259hh\u0259ti q\u0259fil pisl\u0259\u015fib. D\u0259rhal t\u0259cili yard\u0131m briqadas\u0131 \u00e7a\u011f\u0131r\u0131l\u0131b. H\u0259kiml\u0259rin s\u0259yi n\u0259tic\u0259sind\u0259 S\u00fcmb\u00fcl\u0259 xan\u0131m kritik v\u0259ziyy\u0259td\u0259n \u00e7\u0131xar\u0131lsa da, s\u0259hh\u0259ti qeyri-sabit olaraq qal\u0131r\u201d, &#8211; <\/em>\u0130\u015fg\u0259nc\u0259l\u0259r \u018fleyhin\u0259 Ara\u015fd\u0131rmalar M\u0259rk\u0259zind\u0259n bildirilib.<\/p>\n\n\n\n<p>S\u00fcmb\u00fcl\u0259 \u018fliyeva \u00f6z\u00fc d\u0259 h\u0259bsind\u0259n \u00f6nc\u0259 a\u00e7\u0131qlamas\u0131nda s\u0259hh\u0259tind\u0259 probleml\u0259r oldu\u011funu bildirmi\u015fdi.<\/p>\n\n\n\n<p>T\u0259qsirl\u0259ndiril\u0259n v\u0259kil \u00f6z\u00fc haqq\u0131nda \u00e7\u0131xar\u0131lm\u0131\u015f h\u0259bsli axtar\u0131\u015f q\u0259rar\u0131n\u0131 onu \u201c\u00f6l\u00fcm\u0259 m\u0259hkum etm\u0259k\u201d kimi qiym\u0259tl\u0259ndirmi\u015fdi.<\/p>\n\n\n\n<p>O iddia edir ki, ba\u015f ver\u0259nl\u0259rin arxas\u0131nda V\u0259kill\u0259r Kollegiyas\u0131n\u0131n r\u0259hb\u0259rliyi dayan\u0131r.<\/p>\n\n\n\n<p>Onun s\u00f6zl\u0259rin\u0259 g\u00f6r\u0259, haqq\u0131ndak\u0131 m\u0259hk\u0259m\u0259 q\u0259rar\u0131n\u0131 oxuyanda m\u0259hk\u0259m\u0259d\u0259 h\u0259bs olunmas\u0131 m\u0259s\u0259l\u0259sini V\u0259kill\u0259r Kollegiyas\u0131n\u0131 t\u0259msil ed\u0259n G\u00fcl\u015f\u0259n Salmanovan\u0131n qald\u0131rd\u0131\u011f\u0131n\u0131 bilib.<\/p>\n\n\n\n<p>G\u00fcl\u015f\u0259n Salmanova haz\u0131rda \u201cM\u0259rk\u0259z\u201d v\u0259kil b\u00fcrosunun r\u0259hb\u0259ridir.<\/p>\n\n\n\n<p>\u018fvv\u0259ll\u0259r 1 sayl\u0131 h\u00fcquq m\u0259sl\u0259h\u0259txanas\u0131 adlanan bu quruma vaxtil\u0259 S\u00fcmb\u00fcl\u0259 \u018fliyeva da r\u0259hb\u0259rlik edib.<\/p>\n\n\n\n<p>O m\u0259hz bu b\u00fcroya r\u0259hb\u0259rlik etdiyi d\u00f6vrd\u0259 yeyintiy\u0259 yol verm\u0259kd\u0259 ittiham olunur:<\/p>\n\n\n\n<p><em>\u201cM\u0259nim haqq\u0131mda \u00e7\u0131xar\u0131lan axtar\u0131\u015f q\u0259rar\u0131 \u0259sass\u0131zd\u0131r. \u00c7\u00fcnki m\u0259n s\u0259hh\u0259timd\u0259ki probleml\u0259rl\u0259 \u0259laq\u0259dar m\u0259hk\u0259m\u0259y\u0259 getm\u0259mi\u015f\u0259m. Dekabr\u0131n 30-u da daxil olmaqla, h\u0259mi\u015f\u0259 i\u015fim\u0259 baxan hakimin katibi il\u0259 \u0259laq\u0259m olub, s\u0259hh\u0259tim\u0259 g\u00f6r\u0259 g\u0259l\u0259 bilm\u0259diyimi demi\u015f\u0259m, s\u0259n\u0259dl\u0259ri, \u0259riz\u0259l\u0259ri g\u00f6nd\u0259rmi\u015f\u0259m. Q\u0259rardan bilmi\u015f\u0259m ki, m\u0259nim h\u0259bsiml\u0259 ba\u011fl\u0131 t\u0259l\u0259bi ir\u0259li s\u00fcr\u0259n V\u0259kill\u0259r Kollegiyas\u0131n\u0131 t\u0259msil ed\u0259n G\u00fcl\u015f\u0259n Salmanova olub. \u018fslind\u0259, o he\u00e7 kimdir, V\u0259kill\u0259r Kollegiyas\u0131n\u0131n r\u0259hb\u0259rliyinin g\u00f6st\u0259ri\u015fini yerin\u0259 yetirir, raz\u0131la\u015fd\u0131r\u0131l\u0131b&#8221;.<\/em><\/p>\n\n\n\n<p>&#8220;<em>Ham\u0131 bilir ki, allergik x\u0259st\u0259y\u0259m, n\u0259f\u0259s \u00e7at\u0131\u015fmazl\u0131\u011f\u0131ndan \u0259ziyy\u0259t \u00e7\u0259kir\u0259m. Faktiki bu q\u0259rar h\u0259yat\u0131m\u0131 t\u0259hl\u00fck\u0259y\u0259 atmaqd\u0131r. H\u0259yat\u0131m t\u0259hl\u00fck\u0259d\u0259dir. Bunu V\u0259kill\u0259r Kollegiyas\u0131n\u0131n R\u0259yas\u0259t Hey\u0259tinin s\u0259dri d\u0259, hakim d\u0259 bilir. Bu q\u0259rar m\u0259ni \u00f6l\u00fcm\u0259 m\u0259hkum etm\u0259kdir. M\u0259n v\u0259kil ola-ola m\u0259n\u0259 qar\u015f\u0131 bel\u0259 edirl\u0259rs\u0259, g\u00f6r\u00fcn s\u0131ravi v\u0259t\u0259nda\u015flara qar\u015f\u0131 n\u0259l\u0259r edirl\u0259r\u201d, &#8211;<\/em> S\u00fcmb\u00fcl\u0259 \u018fliyeva bildirib.<\/p>\n\n\n\n<p>S\u00fcmb\u00fcl\u0259 \u018fliyeva bundan \u0259vv\u0259l d\u0259 bir d\u0259f\u0259 &#8211; 2021-ci ilin yay\u0131nda Bak\u0131 A\u011f\u0131r Cinay\u0259tl\u0259r M\u0259hk\u0259m\u0259sind\u0259 m\u00fchakim\u0259si yeni ba\u015flayan \u0259r\u0259f\u0259d\u0259 m\u0259hk\u0259m\u0259 zal\u0131nda h\u0259bs olunmu\u015f, t\u0259xmin\u0259n 10 g\u00fcn sonra ev dustaql\u0131\u011f\u0131na burax\u0131lm\u0131\u015fd\u0131.<\/p>\n\n\n\n<p>H\u0259min vaxt onun haqq\u0131nda cinay\u0259t i\u015fin\u0259 hakim Eldar Mikay\u0131lovun s\u0259drliyil\u0259 bax\u0131l\u0131rd\u0131.<\/p>\n\n\n\n<p>Bir m\u00fcdd\u0259t sonra Eldar Mikay\u0131lov ya\u015f h\u0259ddi il\u0259 \u0259laq\u0259dar t\u0259qa\u00fcd\u0259 g\u00f6nd\u0259rildiyin\u0259 g\u00f6r\u0259 S\u00fcmb\u00fcl\u0259 \u018fliyeva haqq\u0131nda cinay\u0259t i\u015finin m\u0259hk\u0259m\u0259 ara\u015fd\u0131rmas\u0131 Mahmud A\u011falarovun s\u0259drlik etdiyi hakiml\u0259r kollegiyas\u0131na h\u0259val\u0259 edildi.<\/p>\n\n\n\n<p>D\u0259f\u0259l\u0259rl\u0259 m\u0259hk\u0259m\u0259y\u0259 g\u0259lm\u0259diyin\u0259 g\u00f6r\u0259 onun haqq\u0131nda h\u0259bsli axtar\u0131\u015fdan \u0259vv\u0259l m\u0259cburi g\u0259tirilm\u0259 q\u0259rar\u0131 \u00e7\u0131xar\u0131lm\u0131\u015fd\u0131.<\/p>\n\n\n\n<p>O zaman da mediaya a\u00e7\u0131qlamas\u0131nda sa\u011fl\u0131q durumunun a\u011f\u0131r oldu\u011funu bildirmi\u015fdi. Demi\u015fdi ki, bel\u0259 bir v\u0259ziyy\u0259td\u0259 bar\u0259sind\u0259 m\u0259cburi g\u0259tirilm\u0259 q\u0259rar\u0131 \u00e7\u0131xar\u0131lmas\u0131n\u0131 d\u00fczg\u00fcn saym\u0131r.<\/p>\n\n\n\n<p>Onun s\u00f6zl\u0259rin\u0259 g\u00f6r\u0259, son d\u00f6vrl\u0259rd\u0259 iki d\u0259f\u0259 a\u011f\u0131r \u0259m\u0259liyyat ke\u00e7irib, m\u0259hk\u0259m\u0259y\u0259 bu haqda bildiri\u015f d\u0259 g\u00f6nd\u0259rib.<\/p>\n\n\n\n<p>S\u00fcmb\u00fcl\u0259 \u018fliyeva \u0259vv\u0259lki 1 sayl\u0131 h\u00fcquq m\u0259sl\u0259h\u0259txanas\u0131, indiki \u201cM\u0259rk\u0259z\u201d v\u0259kil b\u00fcrosuna r\u0259hb\u0259rlik etdiyi d\u00f6vrd\u0259 oran\u0131n \u00fczv\u00fc olan v\u0259kill\u0259rin 200 min manata yax\u0131n pulunu m\u0259nims\u0259m\u0259kd\u0259 ittiham olunur.<\/p>\n\n\n\n<p>\u0130ttihama \u0259sas\u0259n, h\u00fcquq m\u0259sl\u0259h\u0259txanas\u0131n\u0131n hesab\u0131na k\u00f6\u00e7\u00fcr\u00fcl\u0259n v\u0259 m\u0259nims\u0259nildiyi iddia olunan v\u0259saitl\u0259rin bir hiss\u0259si m\u00fcdafi\u0259\u00e7i kimi \u00e7\u0131xd\u0131qlar\u0131 i\u015f\u0259 g\u00f6r\u0259 v\u0259kill\u0259r\u0259 \u00f6d\u0259nil\u0259n qonorarlar olub. Bir hiss\u0259si d\u0259 v\u0259kill\u0259rd\u0259n tutulan vergi v\u0259 sosial s\u0131\u011forta haqlar\u0131 olub.<\/p>\n\n\n\n<p>Bu \u00fczd\u0259n S\u00fcmb\u00fcl\u0259 \u018fliyeva haqq\u0131nda cinay\u0259t i\u015find\u0259 V\u0259kill\u0259r Kollegiyas\u0131n\u0131n R\u0259yas\u0259t Hey\u0259til\u0259 yana\u015f\u0131, D\u00f6vl\u0259t Sosial M\u00fcdafi\u0259 Fondu v\u0259 D\u00f6vl\u0259t Vergi Xidm\u0259ti d\u0259 z\u0259r\u0259r\u00e7\u0259kmi\u015f qismind\u0259 tan\u0131n\u0131b.<\/p>\n\n\n\n<p>S\u00fcmb\u00fcl\u0259 \u018fliyeva Cinay\u0259t M\u0259c\u0259ll\u0259sinin 179.3.2 (k\u00fclli miqdarda m\u0259nims\u0259m\u0259 v\u0259 ya israfetm\u0259), 213-c\u00fc (vergil\u0259ri, m\u0259cburi d\u00f6vl\u0259t sosial s\u0131\u011forta haqlar\u0131n\u0131 \u00f6d\u0259m\u0259kd\u0259n yay\u0131nma) madd\u0259l\u0259ril\u0259 ittiham olunur.<\/p>\n\n\n\n<p>M\u0259hk\u0259m\u0259d\u0259 dindiril\u0259n v\u0259kill\u0259r S\u00fcmb\u00fcl\u0259 \u018fliyevan\u0131 ittiham edib, ondan pullar\u0131n\u0131 t\u0259l\u0259b edibl\u0259r. Lakin S\u00fcmb\u00fcl\u0259 \u018fliyeva \u00f6z\u00fcn\u00fc t\u0259qsirli bilmir, ona qar\u015f\u0131 ir\u0259li s\u00fcr\u00fcl\u0259n ittihamlar\u0131n \u0259sass\u0131z oldu\u011funu deyir.<\/p>\n\n\n\n<p>S\u00fcmb\u00fcl\u0259 \u018fliyeva uzun m\u00fcdd\u0259t Prezident \u0130lham \u018fliyevin m\u0259rhum \u0259misi C\u0259lal \u018fliyevin v\u0259kili olub.<\/p>\n\n\n\n<p>M\u0259rhum akademikin jurnalistl\u0259r\u0259 qar\u015f\u0131 x\u00fcsusi ittiham qaydas\u0131nda qald\u0131rd\u0131\u011f\u0131 i\u015fl\u0259rd\u0259 d\u0259 onu S\u00fcmb\u00fcl\u0259 \u018fliyeva t\u0259msil edirdi. H\u0259min m\u0259hk\u0259m\u0259 prosesl\u0259rinin sonunda bir ne\u00e7\u0259 jurnalist h\u0259bs edilib.<\/p>\n","protected":false},"excerpt":{"rendered":"<p>&#8220;M\u0259n v\u0259kil ola-ola bel\u0259 edirl\u0259rs\u0259, g\u00f6r\u00fcn s\u0131ravi v\u0259t\u0259nda\u015flara qar\u015f\u0131 n\u0259l\u0259r &#8230; <\/p>\n<p class=\"read-more-container\"><a title=\"Prezidentin \u0259misinin v\u0259kili: \u201cBu q\u0259rar m\u0259ni \u00f6l\u00fcm\u0259 m\u0259hkum etm\u0259kdir\u201d\" class=\"read-more button\" href=\"https:\/\/www.meydan.tv\/az\/article\/prezidentin-emisinin-vekili-bu-qerar-meni-olume-mehkum-etmekdir\/#more-301851\" aria-label=\"Read more about Prezidentin \u0259misinin v\u0259kili: \u201cBu q\u0259rar m\u0259ni \u00f6l\u00fcm\u0259 m\u0259hkum etm\u0259kdir\u201d\">Davam\u0131<\/a><\/p>\n","protected":false},"author":8,"featured_media":294937,"comment_status":"closed","ping_status":"closed","sticky":false,"template":"","format":"standard","meta":{"_acf_changed":false,"_sitemap_exclude":false,"_sitemap_priority":"","_sitemap_frequency":"","footnotes":""},"categories":[62,79,56],"tags":[],"class_list":["post-301851","post","type-post","status-publish","format-standard","has-post-thumbnail","hentry","category-sosial","category-featured","category-xeberler","infinite-scroll-item","generate-columns","tablet-grid-50","mobile-grid-100","grid-parent","grid-33","no-featured-image-padding"],"acf":[],"yoast_head":"<!-- This site is optimized with the Yoast SEO plugin v27.5 - https:\/\/yoast.com\/product\/yoast-seo-wordpress\/ -->\n<title>Prezidentin \u0259misinin v\u0259kili: \u201cBu q\u0259rar m\u0259ni \u00f6l\u00fcm\u0259 m\u0259hkum etm\u0259kdir\u201d - MEYDAN.TV<\/title>\n<meta name=\"robots\" content=\"index, follow, max-snippet:-1, max-image-preview:large, max-video-preview:-1\" \/>\n<link rel=\"canonical\" href=\"https:\/\/www.meydan.tv\/az\/article\/prezidentin-emisinin-vekili-bu-qerar-meni-olume-mehkum-etmekdir\/\" \/>\n<meta property=\"og:locale\" content=\"az_AZ\" \/>\n<meta property=\"og:type\" content=\"article\" \/>\n<meta property=\"og:title\" content=\"Prezidentin \u0259misinin v\u0259kili: \u201cBu q\u0259rar m\u0259ni \u00f6l\u00fcm\u0259 m\u0259hkum etm\u0259kdir\u201d - MEYDAN.TV\" \/>\n<meta property=\"og:description\" content=\"&#8220;M\u0259n v\u0259kil ola-ola bel\u0259 edirl\u0259rs\u0259, g\u00f6r\u00fcn s\u0131ravi v\u0259t\u0259nda\u015flara qar\u015f\u0131 n\u0259l\u0259r ... Davam\u0131\" \/>\n<meta property=\"og:url\" content=\"https:\/\/www.meydan.tv\/az\/article\/prezidentin-emisinin-vekili-bu-qerar-meni-olume-mehkum-etmekdir\/\" \/>\n<meta property=\"og:site_name\" content=\"MEYDAN.TV\" \/>\n<meta property=\"article:published_time\" content=\"2024-03-25T13:00:56+00:00\" \/>\n<meta property=\"article:modified_time\" content=\"2024-03-25T15:23:47+00:00\" \/>\n<meta property=\"og:image\" content=\"https:\/\/www.meydan.tv\/wp-content\/uploads\/sumbule-eliyeva-e1711380212349.jpg\" \/>\n\t<meta property=\"og:image:width\" content=\"1200\" \/>\n\t<meta property=\"og:image:height\" content=\"519\" \/>\n\t<meta property=\"og:image:type\" content=\"image\/jpeg\" \/>\n<meta name=\"author\" content=\"elli\" \/>\n<meta name=\"twitter:card\" content=\"summary_large_image\" \/>\n<meta name=\"twitter:creator\" content=\"@elli\" \/>\n<script type=\"application\/ld+json\" class=\"yoast-schema-graph\">{\"@context\":\"https:\\\/\\\/schema.org\",\"@graph\":[{\"@type\":\"Article\",\"@id\":\"https:\\\/\\\/www.meydan.tv\\\/az\\\/article\\\/prezidentin-emisinin-vekili-bu-qerar-meni-olume-mehkum-etmekdir\\\/#article\",\"isPartOf\":{\"@id\":\"https:\\\/\\\/www.meydan.tv\\\/az\\\/article\\\/prezidentin-emisinin-vekili-bu-qerar-meni-olume-mehkum-etmekdir\\\/\"},\"author\":{\"name\":\"elli\",\"@id\":\"https:\\\/\\\/www.meydan.tv\\\/az\\\/#\\\/schema\\\/person\\\/9cdbecf90d17180ce1dfbd95b08dcf47\"},\"headline\":\"Prezidentin \u0259misinin v\u0259kili: \u201cBu q\u0259rar m\u0259ni \u00f6l\u00fcm\u0259 m\u0259hkum etm\u0259kdir\u201d\",\"datePublished\":\"2024-03-25T13:00:56+00:00\",\"dateModified\":\"2024-03-25T15:23:47+00:00\",\"mainEntityOfPage\":{\"@id\":\"https:\\\/\\\/www.meydan.tv\\\/az\\\/article\\\/prezidentin-emisinin-vekili-bu-qerar-meni-olume-mehkum-etmekdir\\\/\"},\"wordCount\":1288,\"publisher\":{\"@id\":\"https:\\\/\\\/www.meydan.tv\\\/az\\\/#organization\"},\"image\":{\"@id\":\"https:\\\/\\\/www.meydan.tv\\\/az\\\/article\\\/prezidentin-emisinin-vekili-bu-qerar-meni-olume-mehkum-etmekdir\\\/#primaryimage\"},\"thumbnailUrl\":\"https:\\\/\\\/www.meydan.tv\\\/wp-content\\\/uploads\\\/sumbule-eliyeva-e1711380212349.jpg\",\"articleSection\":[\"Sosial\",\"T\u00f6vsiy\u0259\",\"X\u0259b\u0259rl\u0259r\"],\"inLanguage\":\"az\"},{\"@type\":\"WebPage\",\"@id\":\"https:\\\/\\\/www.meydan.tv\\\/az\\\/article\\\/prezidentin-emisinin-vekili-bu-qerar-meni-olume-mehkum-etmekdir\\\/\",\"url\":\"https:\\\/\\\/www.meydan.tv\\\/az\\\/article\\\/prezidentin-emisinin-vekili-bu-qerar-meni-olume-mehkum-etmekdir\\\/\",\"name\":\"Prezidentin \u0259misinin v\u0259kili: \u201cBu q\u0259rar m\u0259ni \u00f6l\u00fcm\u0259 m\u0259hkum etm\u0259kdir\u201d - MEYDAN.TV\",\"isPartOf\":{\"@id\":\"https:\\\/\\\/www.meydan.tv\\\/az\\\/#website\"},\"primaryImageOfPage\":{\"@id\":\"https:\\\/\\\/www.meydan.tv\\\/az\\\/article\\\/prezidentin-emisinin-vekili-bu-qerar-meni-olume-mehkum-etmekdir\\\/#primaryimage\"},\"image\":{\"@id\":\"https:\\\/\\\/www.meydan.tv\\\/az\\\/article\\\/prezidentin-emisinin-vekili-bu-qerar-meni-olume-mehkum-etmekdir\\\/#primaryimage\"},\"thumbnailUrl\":\"https:\\\/\\\/www.meydan.tv\\\/wp-content\\\/uploads\\\/sumbule-eliyeva-e1711380212349.jpg\",\"datePublished\":\"2024-03-25T13:00:56+00:00\",\"dateModified\":\"2024-03-25T15:23:47+00:00\",\"breadcrumb\":{\"@id\":\"https:\\\/\\\/www.meydan.tv\\\/az\\\/article\\\/prezidentin-emisinin-vekili-bu-qerar-meni-olume-mehkum-etmekdir\\\/#breadcrumb\"},\"inLanguage\":\"az\",\"potentialAction\":[{\"@type\":\"ReadAction\",\"target\":[\"https:\\\/\\\/www.meydan.tv\\\/az\\\/article\\\/prezidentin-emisinin-vekili-bu-qerar-meni-olume-mehkum-etmekdir\\\/\"]}]},{\"@type\":\"ImageObject\",\"inLanguage\":\"az\",\"@id\":\"https:\\\/\\\/www.meydan.tv\\\/az\\\/article\\\/prezidentin-emisinin-vekili-bu-qerar-meni-olume-mehkum-etmekdir\\\/#primaryimage\",\"url\":\"https:\\\/\\\/www.meydan.tv\\\/wp-content\\\/uploads\\\/sumbule-eliyeva-e1711380212349.jpg\",\"contentUrl\":\"https:\\\/\\\/www.meydan.tv\\\/wp-content\\\/uploads\\\/sumbule-eliyeva-e1711380212349.jpg\",\"width\":1200,\"height\":519,\"caption\":\"S\u00fcmb\u00fcl\u0259 \u018fliyeva. Foto: \u015f\u0259xsi arxivind\u0259n\"},{\"@type\":\"BreadcrumbList\",\"@id\":\"https:\\\/\\\/www.meydan.tv\\\/az\\\/article\\\/prezidentin-emisinin-vekili-bu-qerar-meni-olume-mehkum-etmekdir\\\/#breadcrumb\",\"itemListElement\":[{\"@type\":\"ListItem\",\"position\":1,\"name\":\"Ana s\u0259hif\u0259\",\"item\":\"https:\\\/\\\/www.meydan.tv\\\/az\\\/\"},{\"@type\":\"ListItem\",\"position\":2,\"name\":\"Sosial\",\"item\":\"https:\\\/\\\/www.meydan.tv\\\/az\\\/section\\\/sosial\\\/\"},{\"@type\":\"ListItem\",\"position\":3,\"name\":\"Prezidentin \u0259misinin v\u0259kili: \u201cBu q\u0259rar m\u0259ni \u00f6l\u00fcm\u0259 m\u0259hkum etm\u0259kdir\u201d\"}]},{\"@type\":\"WebSite\",\"@id\":\"https:\\\/\\\/www.meydan.tv\\\/az\\\/#website\",\"url\":\"https:\\\/\\\/www.meydan.tv\\\/az\\\/\",\"name\":\"MEYDAN.TV\",\"description\":\"Meydan TV Az\u0259rbaycan\u0131n media m\u0259kan\u0131ndak\u0131 alternativ s\u0259sidir\",\"publisher\":{\"@id\":\"https:\\\/\\\/www.meydan.tv\\\/az\\\/#organization\"},\"potentialAction\":[{\"@type\":\"SearchAction\",\"target\":{\"@type\":\"EntryPoint\",\"urlTemplate\":\"https:\\\/\\\/www.meydan.tv\\\/az\\\/?s={search_term_string}\"},\"query-input\":{\"@type\":\"PropertyValueSpecification\",\"valueRequired\":true,\"valueName\":\"search_term_string\"}}],\"inLanguage\":\"az\"},{\"@type\":\"Organization\",\"@id\":\"https:\\\/\\\/www.meydan.tv\\\/az\\\/#organization\",\"name\":\"Meydan TV\",\"url\":\"https:\\\/\\\/www.meydan.tv\\\/az\\\/\",\"logo\":{\"@type\":\"ImageObject\",\"inLanguage\":\"az\",\"@id\":\"https:\\\/\\\/www.meydan.tv\\\/az\\\/#\\\/schema\\\/logo\\\/image\\\/\",\"url\":\"https:\\\/\\\/www.meydan.tv\\\/wp-content\\\/uploads\\\/2021\\\/07\\\/meydan-logo.svg\",\"contentUrl\":\"https:\\\/\\\/www.meydan.tv\\\/wp-content\\\/uploads\\\/2021\\\/07\\\/meydan-logo.svg\",\"width\":195,\"height\":46,\"caption\":\"Meydan TV\"},\"image\":{\"@id\":\"https:\\\/\\\/www.meydan.tv\\\/az\\\/#\\\/schema\\\/logo\\\/image\\\/\"}},{\"@type\":\"Person\",\"@id\":\"https:\\\/\\\/www.meydan.tv\\\/az\\\/#\\\/schema\\\/person\\\/9cdbecf90d17180ce1dfbd95b08dcf47\",\"name\":\"elli\",\"sameAs\":[\"https:\\\/\\\/x.com\\\/elli\"]}]}<\/script>\n<!-- \/ Yoast SEO plugin. -->","yoast_head_json":{"title":"Prezidentin \u0259misinin v\u0259kili: \u201cBu q\u0259rar m\u0259ni \u00f6l\u00fcm\u0259 m\u0259hkum etm\u0259kdir\u201d - MEYDAN.TV","robots":{"index":"index","follow":"follow","max-snippet":"max-snippet:-1","max-image-preview":"max-image-preview:large","max-video-preview":"max-video-preview:-1"},"canonical":"https:\/\/www.meydan.tv\/az\/article\/prezidentin-emisinin-vekili-bu-qerar-meni-olume-mehkum-etmekdir\/","og_locale":"az_AZ","og_type":"article","og_title":"Prezidentin \u0259misinin v\u0259kili: \u201cBu q\u0259rar m\u0259ni \u00f6l\u00fcm\u0259 m\u0259hkum etm\u0259kdir\u201d - MEYDAN.TV","og_description":"&#8220;M\u0259n v\u0259kil ola-ola bel\u0259 edirl\u0259rs\u0259, g\u00f6r\u00fcn s\u0131ravi v\u0259t\u0259nda\u015flara qar\u015f\u0131 n\u0259l\u0259r ... Davam\u0131","og_url":"https:\/\/www.meydan.tv\/az\/article\/prezidentin-emisinin-vekili-bu-qerar-meni-olume-mehkum-etmekdir\/","og_site_name":"MEYDAN.TV","article_published_time":"2024-03-25T13:00:56+00:00","article_modified_time":"2024-03-25T15:23:47+00:00","og_image":[{"width":1200,"height":519,"url":"https:\/\/www.meydan.tv\/wp-content\/uploads\/sumbule-eliyeva-e1711380212349.jpg","type":"image\/jpeg"}],"author":"elli","twitter_card":"summary_large_image","twitter_creator":"@elli","schema":{"@context":"https:\/\/schema.org","@graph":[{"@type":"Article","@id":"https:\/\/www.meydan.tv\/az\/article\/prezidentin-emisinin-vekili-bu-qerar-meni-olume-mehkum-etmekdir\/#article","isPartOf":{"@id":"https:\/\/www.meydan.tv\/az\/article\/prezidentin-emisinin-vekili-bu-qerar-meni-olume-mehkum-etmekdir\/"},"author":{"name":"elli","@id":"https:\/\/www.meydan.tv\/az\/#\/schema\/person\/9cdbecf90d17180ce1dfbd95b08dcf47"},"headline":"Prezidentin \u0259misinin v\u0259kili: \u201cBu q\u0259rar m\u0259ni \u00f6l\u00fcm\u0259 m\u0259hkum etm\u0259kdir\u201d","datePublished":"2024-03-25T13:00:56+00:00","dateModified":"2024-03-25T15:23:47+00:00","mainEntityOfPage":{"@id":"https:\/\/www.meydan.tv\/az\/article\/prezidentin-emisinin-vekili-bu-qerar-meni-olume-mehkum-etmekdir\/"},"wordCount":1288,"publisher":{"@id":"https:\/\/www.meydan.tv\/az\/#organization"},"image":{"@id":"https:\/\/www.meydan.tv\/az\/article\/prezidentin-emisinin-vekili-bu-qerar-meni-olume-mehkum-etmekdir\/#primaryimage"},"thumbnailUrl":"https:\/\/www.meydan.tv\/wp-content\/uploads\/sumbule-eliyeva-e1711380212349.jpg","articleSection":["Sosial","T\u00f6vsiy\u0259","X\u0259b\u0259rl\u0259r"],"inLanguage":"az"},{"@type":"WebPage","@id":"https:\/\/www.meydan.tv\/az\/article\/prezidentin-emisinin-vekili-bu-qerar-meni-olume-mehkum-etmekdir\/","url":"https:\/\/www.meydan.tv\/az\/article\/prezidentin-emisinin-vekili-bu-qerar-meni-olume-mehkum-etmekdir\/","name":"Prezidentin \u0259misinin v\u0259kili: \u201cBu q\u0259rar m\u0259ni \u00f6l\u00fcm\u0259 m\u0259hkum etm\u0259kdir\u201d - MEYDAN.TV","isPartOf":{"@id":"https:\/\/www.meydan.tv\/az\/#website"},"primaryImageOfPage":{"@id":"https:\/\/www.meydan.tv\/az\/article\/prezidentin-emisinin-vekili-bu-qerar-meni-olume-mehkum-etmekdir\/#primaryimage"},"image":{"@id":"https:\/\/www.meydan.tv\/az\/article\/prezidentin-emisinin-vekili-bu-qerar-meni-olume-mehkum-etmekdir\/#primaryimage"},"thumbnailUrl":"https:\/\/www.meydan.tv\/wp-content\/uploads\/sumbule-eliyeva-e1711380212349.jpg","datePublished":"2024-03-25T13:00:56+00:00","dateModified":"2024-03-25T15:23:47+00:00","breadcrumb":{"@id":"https:\/\/www.meydan.tv\/az\/article\/prezidentin-emisinin-vekili-bu-qerar-meni-olume-mehkum-etmekdir\/#breadcrumb"},"inLanguage":"az","potentialAction":[{"@type":"ReadAction","target":["https:\/\/www.meydan.tv\/az\/article\/prezidentin-emisinin-vekili-bu-qerar-meni-olume-mehkum-etmekdir\/"]}]},{"@type":"ImageObject","inLanguage":"az","@id":"https:\/\/www.meydan.tv\/az\/article\/prezidentin-emisinin-vekili-bu-qerar-meni-olume-mehkum-etmekdir\/#primaryimage","url":"https:\/\/www.meydan.tv\/wp-content\/uploads\/sumbule-eliyeva-e1711380212349.jpg","contentUrl":"https:\/\/www.meydan.tv\/wp-content\/uploads\/sumbule-eliyeva-e1711380212349.jpg","width":1200,"height":519,"caption":"S\u00fcmb\u00fcl\u0259 \u018fliyeva. Foto: \u015f\u0259xsi arxivind\u0259n"},{"@type":"BreadcrumbList","@id":"https:\/\/www.meydan.tv\/az\/article\/prezidentin-emisinin-vekili-bu-qerar-meni-olume-mehkum-etmekdir\/#breadcrumb","itemListElement":[{"@type":"ListItem","position":1,"name":"Ana s\u0259hif\u0259","item":"https:\/\/www.meydan.tv\/az\/"},{"@type":"ListItem","position":2,"name":"Sosial","item":"https:\/\/www.meydan.tv\/az\/section\/sosial\/"},{"@type":"ListItem","position":3,"name":"Prezidentin \u0259misinin v\u0259kili: \u201cBu q\u0259rar m\u0259ni \u00f6l\u00fcm\u0259 m\u0259hkum etm\u0259kdir\u201d"}]},{"@type":"WebSite","@id":"https:\/\/www.meydan.tv\/az\/#website","url":"https:\/\/www.meydan.tv\/az\/","name":"MEYDAN.TV","description":"Meydan TV Az\u0259rbaycan\u0131n media m\u0259kan\u0131ndak\u0131 alternativ s\u0259sidir","publisher":{"@id":"https:\/\/www.meydan.tv\/az\/#organization"},"potentialAction":[{"@type":"SearchAction","target":{"@type":"EntryPoint","urlTemplate":"https:\/\/www.meydan.tv\/az\/?s={search_term_string}"},"query-input":{"@type":"PropertyValueSpecification","valueRequired":true,"valueName":"search_term_string"}}],"inLanguage":"az"},{"@type":"Organization","@id":"https:\/\/www.meydan.tv\/az\/#organization","name":"Meydan TV","url":"https:\/\/www.meydan.tv\/az\/","logo":{"@type":"ImageObject","inLanguage":"az","@id":"https:\/\/www.meydan.tv\/az\/#\/schema\/logo\/image\/","url":"https:\/\/www.meydan.tv\/wp-content\/uploads\/2021\/07\/meydan-logo.svg","contentUrl":"https:\/\/www.meydan.tv\/wp-content\/uploads\/2021\/07\/meydan-logo.svg","width":195,"height":46,"caption":"Meydan TV"},"image":{"@id":"https:\/\/www.meydan.tv\/az\/#\/schema\/logo\/image\/"}},{"@type":"Person","@id":"https:\/\/www.meydan.tv\/az\/#\/schema\/person\/9cdbecf90d17180ce1dfbd95b08dcf47","name":"elli","sameAs":["https:\/\/x.com\/elli"]}]}},"_links":{"self":[{"href":"https:\/\/www.meydan.tv\/az\/wp-json\/wp\/v2\/posts\/301851","targetHints":{"allow":["GET"]}}],"collection":[{"href":"https:\/\/www.meydan.tv\/az\/wp-json\/wp\/v2\/posts"}],"about":[{"href":"https:\/\/www.meydan.tv\/az\/wp-json\/wp\/v2\/types\/post"}],"author":[{"embeddable":true,"href":"https:\/\/www.meydan.tv\/az\/wp-json\/wp\/v2\/users\/8"}],"replies":[{"embeddable":true,"href":"https:\/\/www.meydan.tv\/az\/wp-json\/wp\/v2\/comments?post=301851"}],"version-history":[{"count":3,"href":"https:\/\/www.meydan.tv\/az\/wp-json\/wp\/v2\/posts\/301851\/revisions"}],"predecessor-version":[{"id":301856,"href":"https:\/\/www.meydan.tv\/az\/wp-json\/wp\/v2\/posts\/301851\/revisions\/301856"}],"wp:featuredmedia":[{"embeddable":true,"href":"https:\/\/www.meydan.tv\/az\/wp-json\/wp\/v2\/media\/294937"}],"wp:attachment":[{"href":"https:\/\/www.meydan.tv\/az\/wp-json\/wp\/v2\/media?parent=301851"}],"wp:term":[{"taxonomy":"category","embeddable":true,"href":"https:\/\/www.meydan.tv\/az\/wp-json\/wp\/v2\/categories?post=301851"},{"taxonomy":"post_tag","embeddable":true,"href":"https:\/\/www.meydan.tv\/az\/wp-json\/wp\/v2\/tags?post=301851"}],"curies":[{"name":"wp","href":"https:\/\/api.w.org\/{rel}","templated":true}]}}