{"id":301656,"date":"2024-03-22T12:27:26","date_gmt":"2024-03-22T08:27:26","guid":{"rendered":"https:\/\/www.meydan.tv\/?p=301656"},"modified":"2024-03-22T19:22:41","modified_gmt":"2024-03-22T15:22:41","slug":"qubad-ibadoglu-avropa-parlamentine-yazdi-cox-guman-navalnidan-sonraki-qurban-menem","status":"publish","type":"post","link":"https:\/\/www.meydan.tv\/az\/article\/qubad-ibadoglu-avropa-parlamentine-yazdi-cox-guman-navalnidan-sonraki-qurban-menem\/","title":{"rendered":"Qubad \u0130bado\u011flu Avropa Parlamentin\u0259 yazd\u0131: \u201c\u00c7ox g\u00fcman, Navaln\u0131dan sonrak\u0131 qurban m\u0259n\u0259m&#8230;\u201d"},"content":{"rendered":"\n<p><\/p>\n\n\n\n<p><strong><em>\u201cSiz\u0259 p\u0259nc\u0259r\u0259siz, iyli, r\u00fctub\u0259tli, zibil v\u0259 h\u0259\u015f\u0259ratlarla dolu h\u00fccr\u0259d\u0259n yaz\u0131ram\u201d<\/em><\/strong><\/p>\n\n\n\n<p>Haz\u0131rda h\u0259bsd\u0259 olan iqtisad\u00e7\u0131 alim Qubad \u0130bado\u011flu Avropa Parlamentin\u0259 m\u0259ktub \u00fcnvanlay\u0131b.<\/p>\n\n\n\n<p>Mart\u0131n 19-da Avropa Parlamentind\u0259 \u015e\u0259rq T\u0259r\u0259fda\u015fl\u0131\u011f\u0131 \u0130ndeksin\u0259 h\u0259sr olunan g\u00f6r\u00fc\u015f ke\u00e7irilib.<\/p>\n\n\n\n<p>Vaxtil\u0259 bu indeksin m\u00fc\u0259llifl\u0259rind\u0259n biri v\u0259 haz\u0131rda h\u0259bsd\u0259 olan Q.\u0130bado\u011flunun m\u0259ktubunu q\u0131z\u0131 Jal\u0259 Bayramova oxuyub.<\/p>\n\n\n\n<p>Qubad \u0130bado\u011flu m\u0259ktubunda yaz\u0131r:<\/p>\n\n\n\n<p><em>&#8220;P\u0259nc\u0259r\u0259siz, iyli, r\u00fctub\u0259tli, zibil v\u0259 h\u0259\u015f\u0259ratlarla dolu h\u00fccr\u0259d\u0259n yaz\u0131ram. \u0130stintaq t\u0259cridxanalar\u0131nda v\u0259ziyy\u0259t d\u0259h\u015f\u0259tlidir, kameralar \u0259sas\u0259n g\u00fcnahs\u0131z insanlarla, o c\u00fcml\u0259d\u0259n 200-d\u0259n \u00e7ox siyasi m\u0259hbusla doludur. M\u0259n d\u0259 onlardan biriy\u0259m&#8221;.<\/em><\/p>\n\n\n\n<p>M\u0259ktubunda \u00f6z f\u0259aliyy\u0259tin\u0259 toxunan \u0130bado\u011flu qeyd edir ki, onun t\u0259dqiqatlar\u0131 Az\u0259rbaycan, Rusiya v\u0259 Qazax\u0131standa \u201cPetro-avtoritarizm\u201d\u0259 (neft avtoritarizmi-red.) y\u00f6n\u0259lib:<\/p>\n\n\n\n<p><em>&#8220;London Fond Birjas\u0131nda i\u015fl\u0259diyim m\u00fcdd\u0259td\u0259 m\u0259n Az\u0259rbaycan elitas\u0131n\u0131n, o c\u00fcml\u0259d\u0259n \u018fliyevin ail\u0259 \u00fczvl\u0259rinin o\u011furluq s\u0259rv\u0259tl\u0259rini xarici m\u00fclkl\u0259rd\u0259 v\u0259 aktivl\u0259rd\u0259 gizl\u0259tm\u0259k \u00fc\u00e7\u00fcn t\u0259\u015fkil etdikl\u0259ri geni\u015f sxemi diqq\u0259tl\u0259 s\u0259n\u0259dl\u0259\u015fdirdim. H\u0259bsd\u0259n \u0259vv\u0259l \u00fcz\u0259rind\u0259 i\u015fl\u0259diyim m\u0259qal\u0259d\u0259 Az\u0259rbaycan\u0131n Rusiya qaz\u0131n\u0131 A\u0130-y\u0259 satmas\u0131 sxemini ara\u015fd\u0131rd\u0131m v\u0259 if\u015fa etdim\u201d.<\/em><\/p>\n\n\n\n<p><em>\u201cB\u00fct\u00fcn bu ara\u015fd\u0131rmalar m\u0259nim h\u0259bsim\u0259 s\u0259b\u0259b oldu. Bununla bel\u0259, m\u0259nim ara\u015fd\u0131rmalar\u0131ma \u0259sas\u0259n g\u0259ldiyim q\u0259na\u0259t yaln\u0131z bu hadis\u0259 deyil; bu, Az\u0259rbaycanda dig\u0259r siyasi dissidentl\u0259rin, jurnalistl\u0259rin v\u0259 f\u0259allar\u0131n h\u0259bsi, el\u0259c\u0259 d\u0259 m\u00fchakim\u0259 olunmas\u0131 il\u0259 n\u0259tic\u0259l\u0259n\u0259n\u00a0v\u0259t\u0259nda\u015f azadl\u0131qlar\u0131 v\u0259 f\u0259rqli fikirl\u0259r\u0259 qar\u015f\u0131 daha geni\u015f basq\u0131n\u0131n bir hiss\u0259sidir\u201d, &#8211;<\/em> dey\u0259 o vur\u011fulay\u0131b.<\/p>\n\n\n\n<p>M\u0259ktubunda istintaq t\u0259cridxanas\u0131ndak\u0131 \u015f\u0259raiti t\u0259svir ed\u0259n iqtisad\u00e7\u0131 alim bu \u015f\u0259raitin onun s\u0259hh\u0259tin\u0259 pis t\u0259sir etdiyini d\u0259 qeyd edib:<\/p>\n\n\n\n<p>&#8220;<em>Diabet\u0259 g\u00f6r\u0259 qanda \u015f\u0259k\u0259rin &#8220;oynamas\u0131&#8221;, geni\u015fl\u0259nmi\u015f aorta anevrizmas\u0131, m\u00fcxt\u0259lif orqanlarda d\u00fcy\u00fcnl\u0259r v\u0259 \u015fidd\u0259tli bel a\u011fr\u0131lar\u0131m var. H\u0259bsxanada m\u0259nim laz\u0131mi tibbi xidm\u0259t, adekvat d\u0259rman vasit\u0259l\u0259rin\u0259 \u00e7\u0131x\u0131\u015f\u0131m yoxdur. Az\u0259rbaycan hakimiyy\u0259ti m\u00fcst\u0259qil h\u0259kim m\u00fcayin\u0259sind\u0259n ke\u00e7m\u0259k xahi\u015fimi d\u0259f\u0259l\u0259rl\u0259 r\u0259dd edib. Onlar h\u0259m\u00e7inin Beyn\u0259lxalq Q\u0131z\u0131l Xa\u00e7 Komit\u0259sinin \u0259n az\u0131 \u00fc\u00e7 d\u0259f\u0259 m\u0259niml\u0259 \u0259laq\u0259 saxlamas\u0131na icaz\u0259 verm\u0259yibl\u0259r&#8221;.<\/em><\/p>\n\n\n\n<p>Az\u0259rbaycan\u0131n hakim elitas\u0131n\u0131 \u0259hat\u0259 ed\u0259n sistemli korrupsiya hallar\u0131n\u0131 a\u00e7\u0131q \u015f\u0259kild\u0259 t\u0259nqid etdiyini qeyd ed\u0259n iqtisad\u00e7\u0131 h\u0259bsxanadak\u0131 d\u0259h\u015f\u0259tli v\u0259ziyy\u0259tin onun h\u0259yat\u0131 \u00fc\u00e7\u00fcn risk yaratd\u0131\u011f\u0131n\u0131 vur\u011fulay\u0131b:<\/p>\n\n\n\n<p>&#8220;<em>\u018fks halda, \u00e7ox gec olacaq, \u00e7ox g\u00fcman ki, Navaln\u0131dan sonra n\u00f6vb\u0259ti qurban m\u0259n olaca\u011fam. Bilir\u0259m ki, bu probleml\u0259rl\u0259 \u00fczl\u0259\u015f\u0259n t\u0259k m\u0259n deyil\u0259m: siz, sizin h\u0259mkarlar\u0131n\u0131z m\u0259niml\u0259 h\u0259mr\u0259y oldunuz. Bu m\u0259ni g\u00fccl\u0259ndirdi v\u0259 m\u0259n d\u00f6zm\u0259k v\u0259 g\u00fccl\u00fc qalmaq m\u0259cburiyy\u0259tind\u0259y\u0259m, lakin bu inan\u0131lmaz \u00e7\u0259tin v\u0259ziyy\u0259td\u0259 sonsuzad\u0259k m\u00fcqavim\u0259t g\u00f6st\u0259r\u0259 bilmir\u0259m&#8221;.<\/em><\/p>\n\n\n\n<p>\u0130qtisad\u00e7\u0131 m\u0259ktubunda Az\u0259rbaycan iqtisadiyyat\u0131n\u0131n neft v\u0259 qaz \u00fcz\u0259rind\u0259 quruldu\u011funu qeyd ed\u0259r\u0259k h\u00f6kum\u0259tin ya\u015f\u0131l enerjiy\u0259 s\u0259rmay\u0259 qoymaqla ba\u011fl\u0131 b\u00fct\u00fcn iddialar\u0131n\u0131 yalan adland\u0131r\u0131b.<\/p>\n\n\n\n<p>&#8220;<em>Bu, sad\u0259c\u0259 olaraq Az\u0259rbaycan\u0131n m\u0259d\u0259n s\u0259nayesind\u0259n v\u0259 ya onlar\u0131n ixrac\u0131ndan imtina etm\u0259k fikrind\u0259 olmad\u0131\u011f\u0131n\u0131 gizl\u0259tm\u0259k \u00fc\u00e7\u00fcn haz\u0131rlanm\u0131\u015f fasadd\u0131r. Avropa Komissiyas\u0131 v\u0259 Avropa Parlamenti Az\u0259rbaycan h\u00f6kum\u0259ti il\u0259 ikit\u0259r\u0259fli \u0259m\u0259kda\u015fl\u0131qda insan haqlar\u0131, demokratiya v\u0259 korrupsiyaya qar\u015f\u0131 m\u00fcbariz\u0259y\u0259 \u00fcst\u00fcnl\u00fck verm\u0259lidir. \u0130nsan h\u00fcquqlar\u0131 azalmamal\u0131d\u0131r, onlar sat\u0131lm\u0131r&#8221;,<\/em> &#8211; dey\u0259 o qeyd edib.<\/p>\n\n\n\n<p>Qubad \u0130bado\u011flu h\u0259m\u00e7inin qeyd edib ki, A\u0130 Ukraynaya davaml\u0131 d\u0259st\u0259k verm\u0259lidir.<\/p>\n\n\n\n<p>Onun fikrinc\u0259, regionun g\u0259l\u0259c\u0259yi Rusiya-Ukrayna m\u00fcharib\u0259sinin n\u0259tic\u0259sind\u0259n as\u0131l\u0131 olacaq.<\/p>\n\n\n\n<p>Siyas\u0259t\u00e7i m\u0259ktubunun sonunda is\u0259 x\u00fcsusi olaraq qeyd edib: <em>\u201c\u201dG\u00fcnah\u0131m\u201d &#8220;s\u00fcbut olunarsa&#8221;, m\u0259ni 17 il\u0259 q\u0259d\u0259r h\u0259bs g\u00f6zl\u0259yir&#8221;.<\/em><\/p>\n\n\n\n<p><strong>Qubad \u0130bado\u011flu n\u0259 vaxt h\u0259bs olunub?<\/strong><\/p>\n\n\n\n<p>London \u0130qtisadiyyat M\u0259kt\u0259binin \u0259m\u0259kda\u015f\u0131, ADR s\u0259dri Qubad \u0130bado\u011flu 2023-c\u00fc il iyulun 23-d\u0259 saxlan\u0131l\u0131b.<\/p>\n\n\n\n<p>Ona qar\u015f\u0131 Cinay\u0259t M\u0259c\u0259ll\u0259sinin 204.3.1 (saxta pul v\u0259 ya qiym\u0259tli ka\u011f\u0131zlar haz\u0131rlama, \u0259ld\u0259 etm\u0259 v\u0259 ya satma m\u00fct\u0259\u015f\u0259kkil d\u0259st\u0259 t\u0259r\u0259find\u0259n t\u00f6r\u0259dildikd\u0259) madd\u0259si il\u0259 ittiham ir\u0259li s\u00fcr\u00fcl\u00fcb.<\/p>\n\n\n\n<p>Ert\u0259si g\u00fcn N\u0259rimanov Rayon M\u0259hk\u0259m\u0259sind\u0259 onun bar\u0259sind\u0259 ilkin istintaq d\u00f6vr\u00fc \u00fc\u00e7\u00fcn 3 ay 26 g\u00fcnl\u00fck h\u0259bs q\u0259timkan t\u0259dbiri se\u00e7ilib.<\/p>\n\n\n\n<p>Qubad \u0130bado\u011flu saxland\u0131\u011f\u0131 g\u00fcn ofisd\u0259 ke\u00e7iril\u0259n axtar\u0131\u015fda 40 min dollar pul tap\u0131ld\u0131\u011f\u0131, onun bir hiss\u0259sinin saxta oldu\u011fu iddia olunub. Lakin ADR s\u0259dri bildirib ki, h\u0259min pulun ona he\u00e7 bir aidiyy\u0259ti yoxdur v\u0259 ora \u00f6zl\u0259ri yerl\u0259\u015fdirib, sonra da g\u00f6t\u00fcr\u00fcbl\u0259r.<\/p>\n\n\n\n<p>Avqustun 25-d\u0259 ona Cinay\u0259t M\u0259c\u0259ll\u0259sinin 167-3.1-ci (Dini ekstremist materiallar\u0131 haz\u0131rlama, saxlama, yayma) madd\u0259sil\u0259 yeni ittiham elan olunub.<\/p>\n\n\n\n<p>Qubad \u0130bado\u011flu bu ittiham\u0131n da absurd oldu\u011funu deyib v\u0259 etiraz \u0259lam\u0259ti olaraq, ifad\u0259 verm\u0259kd\u0259n imtina edib.<\/p>\n\n\n\n<p>Qubad \u0130bado\u011flu h\u0259bs olundu\u011fu g\u00fcn axtar\u0131\u015fdan sonra m\u0259kandan \u00e7\u0131xar\u0131l\u0131b apar\u0131lark\u0259n Prezident \u0130lham \u018fliyevin sifari\u015fil\u0259 h\u0259bs olundu\u011funu bildirib.<\/p>\n\n\n\n<p>2023-c\u00fc ilin iyulun 23-d\u0259 saxlan\u0131lan siyas\u0259t\u00e7inin h\u0259bs m\u00fcdd\u0259ti bir ne\u00e7\u0259 d\u0259f\u0259 uzad\u0131l\u0131b.<\/p>\n","protected":false},"excerpt":{"rendered":"<p>\u201cSiz\u0259 p\u0259nc\u0259r\u0259siz, iyli, r\u00fctub\u0259tli, zibil v\u0259 h\u0259\u015f\u0259ratlarla dolu h\u00fccr\u0259d\u0259n yaz\u0131ram\u201d &#8230; <\/p>\n<p class=\"read-more-container\"><a title=\"Qubad \u0130bado\u011flu Avropa Parlamentin\u0259 yazd\u0131: \u201c\u00c7ox g\u00fcman, Navaln\u0131dan sonrak\u0131 qurban m\u0259n\u0259m&#8230;\u201d\" class=\"read-more button\" href=\"https:\/\/www.meydan.tv\/az\/article\/qubad-ibadoglu-avropa-parlamentine-yazdi-cox-guman-navalnidan-sonraki-qurban-menem\/#more-301656\" aria-label=\"Read more about Qubad \u0130bado\u011flu Avropa Parlamentin\u0259 yazd\u0131: \u201c\u00c7ox g\u00fcman, Navaln\u0131dan sonrak\u0131 qurban m\u0259n\u0259m&#8230;\u201d\">Davam\u0131<\/a><\/p>\n","protected":false},"author":8,"featured_media":281683,"comment_status":"closed","ping_status":"closed","sticky":false,"template":"","format":"standard","meta":{"_acf_changed":false,"_sitemap_exclude":false,"_sitemap_priority":"","_sitemap_frequency":"","footnotes":""},"categories":[59,79,56],"tags":[],"class_list":["post-301656","post","type-post","status-publish","format-standard","has-post-thumbnail","hentry","category-siyaset","category-featured","category-xeberler","infinite-scroll-item","generate-columns","tablet-grid-50","mobile-grid-100","grid-parent","grid-33","no-featured-image-padding"],"acf":[],"yoast_head":"<!-- This site is optimized with the Yoast SEO plugin v27.4 - https:\/\/yoast.com\/product\/yoast-seo-wordpress\/ -->\n<title>Qubad \u0130bado\u011flu Avropa Parlamentin\u0259 yazd\u0131: \u201c\u00c7ox g\u00fcman, Navaln\u0131dan sonrak\u0131 qurban m\u0259n\u0259m...\u201d - MEYDAN.TV<\/title>\n<meta name=\"robots\" content=\"index, follow, max-snippet:-1, max-image-preview:large, max-video-preview:-1\" \/>\n<link rel=\"canonical\" href=\"https:\/\/www.meydan.tv\/az\/article\/qubad-ibadoglu-avropa-parlamentine-yazdi-cox-guman-navalnidan-sonraki-qurban-menem\/\" \/>\n<meta property=\"og:locale\" content=\"az_AZ\" \/>\n<meta property=\"og:type\" content=\"article\" \/>\n<meta property=\"og:title\" content=\"Qubad \u0130bado\u011flu Avropa Parlamentin\u0259 yazd\u0131: \u201c\u00c7ox g\u00fcman, Navaln\u0131dan sonrak\u0131 qurban m\u0259n\u0259m...\u201d - MEYDAN.TV\" \/>\n<meta property=\"og:description\" content=\"\u201cSiz\u0259 p\u0259nc\u0259r\u0259siz, iyli, r\u00fctub\u0259tli, zibil v\u0259 h\u0259\u015f\u0259ratlarla dolu h\u00fccr\u0259d\u0259n yaz\u0131ram\u201d ... Davam\u0131\" \/>\n<meta property=\"og:url\" content=\"https:\/\/www.meydan.tv\/az\/article\/qubad-ibadoglu-avropa-parlamentine-yazdi-cox-guman-navalnidan-sonraki-qurban-menem\/\" \/>\n<meta property=\"og:site_name\" content=\"MEYDAN.TV\" \/>\n<meta property=\"article:published_time\" content=\"2024-03-22T08:27:26+00:00\" \/>\n<meta property=\"article:modified_time\" content=\"2024-03-22T15:22:41+00:00\" \/>\n<meta property=\"og:image\" content=\"https:\/\/www.meydan.tv\/wp-content\/uploads\/img_0253_720-1.jpg\" \/>\n\t<meta property=\"og:image:width\" content=\"1200\" \/>\n\t<meta property=\"og:image:height\" content=\"565\" \/>\n\t<meta property=\"og:image:type\" content=\"image\/jpeg\" \/>\n<meta name=\"author\" content=\"elli\" \/>\n<meta name=\"twitter:card\" content=\"summary_large_image\" \/>\n<meta name=\"twitter:creator\" content=\"@elli\" \/>\n<script type=\"application\/ld+json\" class=\"yoast-schema-graph\">{\"@context\":\"https:\\\/\\\/schema.org\",\"@graph\":[{\"@type\":\"Article\",\"@id\":\"https:\\\/\\\/www.meydan.tv\\\/az\\\/article\\\/qubad-ibadoglu-avropa-parlamentine-yazdi-cox-guman-navalnidan-sonraki-qurban-menem\\\/#article\",\"isPartOf\":{\"@id\":\"https:\\\/\\\/www.meydan.tv\\\/az\\\/article\\\/qubad-ibadoglu-avropa-parlamentine-yazdi-cox-guman-navalnidan-sonraki-qurban-menem\\\/\"},\"author\":{\"name\":\"elli\",\"@id\":\"https:\\\/\\\/www.meydan.tv\\\/az\\\/#\\\/schema\\\/person\\\/9cdbecf90d17180ce1dfbd95b08dcf47\"},\"headline\":\"Qubad \u0130bado\u011flu Avropa Parlamentin\u0259 yazd\u0131: \u201c\u00c7ox g\u00fcman, Navaln\u0131dan sonrak\u0131 qurban m\u0259n\u0259m&#8230;\u201d\",\"datePublished\":\"2024-03-22T08:27:26+00:00\",\"dateModified\":\"2024-03-22T15:22:41+00:00\",\"mainEntityOfPage\":{\"@id\":\"https:\\\/\\\/www.meydan.tv\\\/az\\\/article\\\/qubad-ibadoglu-avropa-parlamentine-yazdi-cox-guman-navalnidan-sonraki-qurban-menem\\\/\"},\"wordCount\":1043,\"publisher\":{\"@id\":\"https:\\\/\\\/www.meydan.tv\\\/az\\\/#organization\"},\"image\":{\"@id\":\"https:\\\/\\\/www.meydan.tv\\\/az\\\/article\\\/qubad-ibadoglu-avropa-parlamentine-yazdi-cox-guman-navalnidan-sonraki-qurban-menem\\\/#primaryimage\"},\"thumbnailUrl\":\"https:\\\/\\\/www.meydan.tv\\\/wp-content\\\/uploads\\\/img_0253_720-1.jpg\",\"articleSection\":[\"Siyas\u0259t\",\"T\u00f6vsiy\u0259\",\"X\u0259b\u0259rl\u0259r\"],\"inLanguage\":\"az\"},{\"@type\":\"WebPage\",\"@id\":\"https:\\\/\\\/www.meydan.tv\\\/az\\\/article\\\/qubad-ibadoglu-avropa-parlamentine-yazdi-cox-guman-navalnidan-sonraki-qurban-menem\\\/\",\"url\":\"https:\\\/\\\/www.meydan.tv\\\/az\\\/article\\\/qubad-ibadoglu-avropa-parlamentine-yazdi-cox-guman-navalnidan-sonraki-qurban-menem\\\/\",\"name\":\"Qubad \u0130bado\u011flu Avropa Parlamentin\u0259 yazd\u0131: \u201c\u00c7ox g\u00fcman, Navaln\u0131dan sonrak\u0131 qurban m\u0259n\u0259m...\u201d - MEYDAN.TV\",\"isPartOf\":{\"@id\":\"https:\\\/\\\/www.meydan.tv\\\/az\\\/#website\"},\"primaryImageOfPage\":{\"@id\":\"https:\\\/\\\/www.meydan.tv\\\/az\\\/article\\\/qubad-ibadoglu-avropa-parlamentine-yazdi-cox-guman-navalnidan-sonraki-qurban-menem\\\/#primaryimage\"},\"image\":{\"@id\":\"https:\\\/\\\/www.meydan.tv\\\/az\\\/article\\\/qubad-ibadoglu-avropa-parlamentine-yazdi-cox-guman-navalnidan-sonraki-qurban-menem\\\/#primaryimage\"},\"thumbnailUrl\":\"https:\\\/\\\/www.meydan.tv\\\/wp-content\\\/uploads\\\/img_0253_720-1.jpg\",\"datePublished\":\"2024-03-22T08:27:26+00:00\",\"dateModified\":\"2024-03-22T15:22:41+00:00\",\"breadcrumb\":{\"@id\":\"https:\\\/\\\/www.meydan.tv\\\/az\\\/article\\\/qubad-ibadoglu-avropa-parlamentine-yazdi-cox-guman-navalnidan-sonraki-qurban-menem\\\/#breadcrumb\"},\"inLanguage\":\"az\",\"potentialAction\":[{\"@type\":\"ReadAction\",\"target\":[\"https:\\\/\\\/www.meydan.tv\\\/az\\\/article\\\/qubad-ibadoglu-avropa-parlamentine-yazdi-cox-guman-navalnidan-sonraki-qurban-menem\\\/\"]}]},{\"@type\":\"ImageObject\",\"inLanguage\":\"az\",\"@id\":\"https:\\\/\\\/www.meydan.tv\\\/az\\\/article\\\/qubad-ibadoglu-avropa-parlamentine-yazdi-cox-guman-navalnidan-sonraki-qurban-menem\\\/#primaryimage\",\"url\":\"https:\\\/\\\/www.meydan.tv\\\/wp-content\\\/uploads\\\/img_0253_720-1.jpg\",\"contentUrl\":\"https:\\\/\\\/www.meydan.tv\\\/wp-content\\\/uploads\\\/img_0253_720-1.jpg\",\"width\":1200,\"height\":565,\"caption\":\"Qubad \u0130bado\u011flu. Foto: Meydan TV\"},{\"@type\":\"BreadcrumbList\",\"@id\":\"https:\\\/\\\/www.meydan.tv\\\/az\\\/article\\\/qubad-ibadoglu-avropa-parlamentine-yazdi-cox-guman-navalnidan-sonraki-qurban-menem\\\/#breadcrumb\",\"itemListElement\":[{\"@type\":\"ListItem\",\"position\":1,\"name\":\"Ana s\u0259hif\u0259\",\"item\":\"https:\\\/\\\/www.meydan.tv\\\/az\\\/\"},{\"@type\":\"ListItem\",\"position\":2,\"name\":\"Siyas\u0259t\",\"item\":\"https:\\\/\\\/www.meydan.tv\\\/az\\\/section\\\/siyaset\\\/\"},{\"@type\":\"ListItem\",\"position\":3,\"name\":\"Qubad \u0130bado\u011flu Avropa Parlamentin\u0259 yazd\u0131: \u201c\u00c7ox g\u00fcman, Navaln\u0131dan sonrak\u0131 qurban m\u0259n\u0259m&#8230;\u201d\"}]},{\"@type\":\"WebSite\",\"@id\":\"https:\\\/\\\/www.meydan.tv\\\/az\\\/#website\",\"url\":\"https:\\\/\\\/www.meydan.tv\\\/az\\\/\",\"name\":\"MEYDAN.TV\",\"description\":\"Meydan TV Az\u0259rbaycan\u0131n media m\u0259kan\u0131ndak\u0131 alternativ s\u0259sidir\",\"publisher\":{\"@id\":\"https:\\\/\\\/www.meydan.tv\\\/az\\\/#organization\"},\"potentialAction\":[{\"@type\":\"SearchAction\",\"target\":{\"@type\":\"EntryPoint\",\"urlTemplate\":\"https:\\\/\\\/www.meydan.tv\\\/az\\\/?s={search_term_string}\"},\"query-input\":{\"@type\":\"PropertyValueSpecification\",\"valueRequired\":true,\"valueName\":\"search_term_string\"}}],\"inLanguage\":\"az\"},{\"@type\":\"Organization\",\"@id\":\"https:\\\/\\\/www.meydan.tv\\\/az\\\/#organization\",\"name\":\"Meydan TV\",\"url\":\"https:\\\/\\\/www.meydan.tv\\\/az\\\/\",\"logo\":{\"@type\":\"ImageObject\",\"inLanguage\":\"az\",\"@id\":\"https:\\\/\\\/www.meydan.tv\\\/az\\\/#\\\/schema\\\/logo\\\/image\\\/\",\"url\":\"https:\\\/\\\/www.meydan.tv\\\/wp-content\\\/uploads\\\/2021\\\/07\\\/meydan-logo.svg\",\"contentUrl\":\"https:\\\/\\\/www.meydan.tv\\\/wp-content\\\/uploads\\\/2021\\\/07\\\/meydan-logo.svg\",\"width\":195,\"height\":46,\"caption\":\"Meydan TV\"},\"image\":{\"@id\":\"https:\\\/\\\/www.meydan.tv\\\/az\\\/#\\\/schema\\\/logo\\\/image\\\/\"}},{\"@type\":\"Person\",\"@id\":\"https:\\\/\\\/www.meydan.tv\\\/az\\\/#\\\/schema\\\/person\\\/9cdbecf90d17180ce1dfbd95b08dcf47\",\"name\":\"elli\",\"sameAs\":[\"https:\\\/\\\/x.com\\\/elli\"]}]}<\/script>\n<!-- \/ Yoast SEO plugin. -->","yoast_head_json":{"title":"Qubad \u0130bado\u011flu Avropa Parlamentin\u0259 yazd\u0131: \u201c\u00c7ox g\u00fcman, Navaln\u0131dan sonrak\u0131 qurban m\u0259n\u0259m...\u201d - MEYDAN.TV","robots":{"index":"index","follow":"follow","max-snippet":"max-snippet:-1","max-image-preview":"max-image-preview:large","max-video-preview":"max-video-preview:-1"},"canonical":"https:\/\/www.meydan.tv\/az\/article\/qubad-ibadoglu-avropa-parlamentine-yazdi-cox-guman-navalnidan-sonraki-qurban-menem\/","og_locale":"az_AZ","og_type":"article","og_title":"Qubad \u0130bado\u011flu Avropa Parlamentin\u0259 yazd\u0131: \u201c\u00c7ox g\u00fcman, Navaln\u0131dan sonrak\u0131 qurban m\u0259n\u0259m...\u201d - MEYDAN.TV","og_description":"\u201cSiz\u0259 p\u0259nc\u0259r\u0259siz, iyli, r\u00fctub\u0259tli, zibil v\u0259 h\u0259\u015f\u0259ratlarla dolu h\u00fccr\u0259d\u0259n yaz\u0131ram\u201d ... Davam\u0131","og_url":"https:\/\/www.meydan.tv\/az\/article\/qubad-ibadoglu-avropa-parlamentine-yazdi-cox-guman-navalnidan-sonraki-qurban-menem\/","og_site_name":"MEYDAN.TV","article_published_time":"2024-03-22T08:27:26+00:00","article_modified_time":"2024-03-22T15:22:41+00:00","og_image":[{"width":1200,"height":565,"url":"https:\/\/www.meydan.tv\/wp-content\/uploads\/img_0253_720-1.jpg","type":"image\/jpeg"}],"author":"elli","twitter_card":"summary_large_image","twitter_creator":"@elli","schema":{"@context":"https:\/\/schema.org","@graph":[{"@type":"Article","@id":"https:\/\/www.meydan.tv\/az\/article\/qubad-ibadoglu-avropa-parlamentine-yazdi-cox-guman-navalnidan-sonraki-qurban-menem\/#article","isPartOf":{"@id":"https:\/\/www.meydan.tv\/az\/article\/qubad-ibadoglu-avropa-parlamentine-yazdi-cox-guman-navalnidan-sonraki-qurban-menem\/"},"author":{"name":"elli","@id":"https:\/\/www.meydan.tv\/az\/#\/schema\/person\/9cdbecf90d17180ce1dfbd95b08dcf47"},"headline":"Qubad \u0130bado\u011flu Avropa Parlamentin\u0259 yazd\u0131: \u201c\u00c7ox g\u00fcman, Navaln\u0131dan sonrak\u0131 qurban m\u0259n\u0259m&#8230;\u201d","datePublished":"2024-03-22T08:27:26+00:00","dateModified":"2024-03-22T15:22:41+00:00","mainEntityOfPage":{"@id":"https:\/\/www.meydan.tv\/az\/article\/qubad-ibadoglu-avropa-parlamentine-yazdi-cox-guman-navalnidan-sonraki-qurban-menem\/"},"wordCount":1043,"publisher":{"@id":"https:\/\/www.meydan.tv\/az\/#organization"},"image":{"@id":"https:\/\/www.meydan.tv\/az\/article\/qubad-ibadoglu-avropa-parlamentine-yazdi-cox-guman-navalnidan-sonraki-qurban-menem\/#primaryimage"},"thumbnailUrl":"https:\/\/www.meydan.tv\/wp-content\/uploads\/img_0253_720-1.jpg","articleSection":["Siyas\u0259t","T\u00f6vsiy\u0259","X\u0259b\u0259rl\u0259r"],"inLanguage":"az"},{"@type":"WebPage","@id":"https:\/\/www.meydan.tv\/az\/article\/qubad-ibadoglu-avropa-parlamentine-yazdi-cox-guman-navalnidan-sonraki-qurban-menem\/","url":"https:\/\/www.meydan.tv\/az\/article\/qubad-ibadoglu-avropa-parlamentine-yazdi-cox-guman-navalnidan-sonraki-qurban-menem\/","name":"Qubad \u0130bado\u011flu Avropa Parlamentin\u0259 yazd\u0131: \u201c\u00c7ox g\u00fcman, Navaln\u0131dan sonrak\u0131 qurban m\u0259n\u0259m...\u201d - MEYDAN.TV","isPartOf":{"@id":"https:\/\/www.meydan.tv\/az\/#website"},"primaryImageOfPage":{"@id":"https:\/\/www.meydan.tv\/az\/article\/qubad-ibadoglu-avropa-parlamentine-yazdi-cox-guman-navalnidan-sonraki-qurban-menem\/#primaryimage"},"image":{"@id":"https:\/\/www.meydan.tv\/az\/article\/qubad-ibadoglu-avropa-parlamentine-yazdi-cox-guman-navalnidan-sonraki-qurban-menem\/#primaryimage"},"thumbnailUrl":"https:\/\/www.meydan.tv\/wp-content\/uploads\/img_0253_720-1.jpg","datePublished":"2024-03-22T08:27:26+00:00","dateModified":"2024-03-22T15:22:41+00:00","breadcrumb":{"@id":"https:\/\/www.meydan.tv\/az\/article\/qubad-ibadoglu-avropa-parlamentine-yazdi-cox-guman-navalnidan-sonraki-qurban-menem\/#breadcrumb"},"inLanguage":"az","potentialAction":[{"@type":"ReadAction","target":["https:\/\/www.meydan.tv\/az\/article\/qubad-ibadoglu-avropa-parlamentine-yazdi-cox-guman-navalnidan-sonraki-qurban-menem\/"]}]},{"@type":"ImageObject","inLanguage":"az","@id":"https:\/\/www.meydan.tv\/az\/article\/qubad-ibadoglu-avropa-parlamentine-yazdi-cox-guman-navalnidan-sonraki-qurban-menem\/#primaryimage","url":"https:\/\/www.meydan.tv\/wp-content\/uploads\/img_0253_720-1.jpg","contentUrl":"https:\/\/www.meydan.tv\/wp-content\/uploads\/img_0253_720-1.jpg","width":1200,"height":565,"caption":"Qubad \u0130bado\u011flu. Foto: Meydan TV"},{"@type":"BreadcrumbList","@id":"https:\/\/www.meydan.tv\/az\/article\/qubad-ibadoglu-avropa-parlamentine-yazdi-cox-guman-navalnidan-sonraki-qurban-menem\/#breadcrumb","itemListElement":[{"@type":"ListItem","position":1,"name":"Ana s\u0259hif\u0259","item":"https:\/\/www.meydan.tv\/az\/"},{"@type":"ListItem","position":2,"name":"Siyas\u0259t","item":"https:\/\/www.meydan.tv\/az\/section\/siyaset\/"},{"@type":"ListItem","position":3,"name":"Qubad \u0130bado\u011flu Avropa Parlamentin\u0259 yazd\u0131: \u201c\u00c7ox g\u00fcman, Navaln\u0131dan sonrak\u0131 qurban m\u0259n\u0259m&#8230;\u201d"}]},{"@type":"WebSite","@id":"https:\/\/www.meydan.tv\/az\/#website","url":"https:\/\/www.meydan.tv\/az\/","name":"MEYDAN.TV","description":"Meydan TV Az\u0259rbaycan\u0131n media m\u0259kan\u0131ndak\u0131 alternativ s\u0259sidir","publisher":{"@id":"https:\/\/www.meydan.tv\/az\/#organization"},"potentialAction":[{"@type":"SearchAction","target":{"@type":"EntryPoint","urlTemplate":"https:\/\/www.meydan.tv\/az\/?s={search_term_string}"},"query-input":{"@type":"PropertyValueSpecification","valueRequired":true,"valueName":"search_term_string"}}],"inLanguage":"az"},{"@type":"Organization","@id":"https:\/\/www.meydan.tv\/az\/#organization","name":"Meydan TV","url":"https:\/\/www.meydan.tv\/az\/","logo":{"@type":"ImageObject","inLanguage":"az","@id":"https:\/\/www.meydan.tv\/az\/#\/schema\/logo\/image\/","url":"https:\/\/www.meydan.tv\/wp-content\/uploads\/2021\/07\/meydan-logo.svg","contentUrl":"https:\/\/www.meydan.tv\/wp-content\/uploads\/2021\/07\/meydan-logo.svg","width":195,"height":46,"caption":"Meydan TV"},"image":{"@id":"https:\/\/www.meydan.tv\/az\/#\/schema\/logo\/image\/"}},{"@type":"Person","@id":"https:\/\/www.meydan.tv\/az\/#\/schema\/person\/9cdbecf90d17180ce1dfbd95b08dcf47","name":"elli","sameAs":["https:\/\/x.com\/elli"]}]}},"_links":{"self":[{"href":"https:\/\/www.meydan.tv\/az\/wp-json\/wp\/v2\/posts\/301656","targetHints":{"allow":["GET"]}}],"collection":[{"href":"https:\/\/www.meydan.tv\/az\/wp-json\/wp\/v2\/posts"}],"about":[{"href":"https:\/\/www.meydan.tv\/az\/wp-json\/wp\/v2\/types\/post"}],"author":[{"embeddable":true,"href":"https:\/\/www.meydan.tv\/az\/wp-json\/wp\/v2\/users\/8"}],"replies":[{"embeddable":true,"href":"https:\/\/www.meydan.tv\/az\/wp-json\/wp\/v2\/comments?post=301656"}],"version-history":[{"count":3,"href":"https:\/\/www.meydan.tv\/az\/wp-json\/wp\/v2\/posts\/301656\/revisions"}],"predecessor-version":[{"id":301697,"href":"https:\/\/www.meydan.tv\/az\/wp-json\/wp\/v2\/posts\/301656\/revisions\/301697"}],"wp:featuredmedia":[{"embeddable":true,"href":"https:\/\/www.meydan.tv\/az\/wp-json\/wp\/v2\/media\/281683"}],"wp:attachment":[{"href":"https:\/\/www.meydan.tv\/az\/wp-json\/wp\/v2\/media?parent=301656"}],"wp:term":[{"taxonomy":"category","embeddable":true,"href":"https:\/\/www.meydan.tv\/az\/wp-json\/wp\/v2\/categories?post=301656"},{"taxonomy":"post_tag","embeddable":true,"href":"https:\/\/www.meydan.tv\/az\/wp-json\/wp\/v2\/tags?post=301656"}],"curies":[{"name":"wp","href":"https:\/\/api.w.org\/{rel}","templated":true}]}}