{"id":301589,"date":"2024-03-20T13:00:57","date_gmt":"2024-03-20T09:00:57","guid":{"rendered":"https:\/\/www.meydan.tv\/?p=301589"},"modified":"2024-03-20T20:07:43","modified_gmt":"2024-03-20T16:07:43","slug":"vekil-sevinc-vaqifqizinin-saxlanildigi-kamerani-su-basib","status":"publish","type":"post","link":"https:\/\/www.meydan.tv\/az\/article\/vekil-sevinc-vaqifqizinin-saxlanildigi-kamerani-su-basib\/","title":{"rendered":"V\u0259kil: \u201cSevinc Vaqifq\u0131z\u0131n\u0131n saxlan\u0131ld\u0131\u011f\u0131 kameran\u0131 su bas\u0131b\u201d"},"content":{"rendered":"\n<p><\/p>\n\n\n\n<p><strong><em>\u201cM\u0259n\u0259 dedi ki, kamerada istilik yoxdur\u201d<\/em><\/strong><\/p>\n\n\n\n<p>\u201cAbzasMedia\u201dn\u0131n h\u0259bsd\u0259 olan ba\u015f redaktoru Sevinc Vaqifq\u0131z\u0131 (Abbasova) saxland\u0131\u011f\u0131 1 sayl\u0131 Bak\u0131 \u0130stintaq T\u0259cridxanas\u0131ndak\u0131 \u015f\u0259raitd\u0259n naraz\u0131d\u0131r.<\/p>\n\n\n\n<p>Bu bar\u0259d\u0259 onun v\u0259kili El\u00e7in Sad\u0131qov m\u0259lumat verib.<\/p>\n\n\n\n<p>Bildirib ki, Sevinc Vaqifq\u0131z\u0131n\u0131n saxlan\u0131ld\u0131\u011f\u0131 kamerada v\u0259ziyy\u0259t ac\u0131nacaql\u0131d\u0131r:<\/p>\n\n\n\n<p><em>\u201cM\u0259n\u0259 dedi ki, kamerada istilik yoxdur. Azm\u0131\u015f kimi istilik sisteminin borular\u0131n\u0131n partlamas\u0131 n\u0259tic\u0259sind\u0259 kameran\u0131 su bas\u0131b\u201d<\/em>.<\/p>\n\n\n\n<p>V\u0259kil h\u0259m\u00e7inin bildirib ki, mart\u0131n 19-da Bak\u0131 Apelyasiya M\u0259hk\u0259m\u0259sinin hakimi Elmar R\u0259himovun s\u0259drliyi il\u0259 Sevinc Vaqifq\u0131z\u0131 bar\u0259sind\u0259 h\u0259bs-q\u0259timkan t\u0259dbirinin uzad\u0131lmas\u0131 il\u0259 ba\u011fl\u0131 X\u0259tai Rayon M\u0259hk\u0259m\u0259sinin q\u0259rar\u0131ndan veril\u0259n apelyasiya \u015fikay\u0259tin\u0259 bax\u0131l\u0131b. G\u00f6zl\u0259nildiyi kimi \u015fikay\u0259t t\u0259min olunmay\u0131b.<\/p>\n\n\n\n<p>Penitensiar Xidm\u0259td\u0259n jurnalistin \u015fikay\u0259ti il\u0259 ba\u011fl\u0131 m\u00fcnasib\u0259t \u00f6yr\u0259nm\u0259k m\u00fcmk\u00fcn olmay\u0131b.<\/p>\n\n\n\n<p>2023-c\u00fc il noyabr\u0131n 21-d\u0259 h\u0259bs edil\u0259n Sevinc Vaqifq\u0131z\u0131na qar\u015f\u0131 Cinay\u0259t M\u0259c\u0259ll\u0259sinin 206.3.2-ci (qa\u00e7aqmal\u00e7\u0131l\u0131q) madd\u0259si il\u0259 ittiham ir\u0259li s\u00fcr\u00fcl\u00fcb. O, ittihamlar\u0131 q\u0259bul etmir, h\u0259bsinin jurnalist f\u0259aliyy\u0259ti il\u0259 ba\u011fl\u0131 oldu\u011funu s\u00f6yl\u0259yir.<\/p>\n\n\n\n<p>\u00d6t\u0259n ilin sonundan ba\u015flayaraq Az\u0259rbaycanda 10-dan art\u0131q jurnalist h\u0259bs olunub.<\/p>\n\n\n\n<p>\u201cAbzasMedia\u201d i\u015find\u0259 \u00f6nc\u0259 sayt\u0131n direktoru \u00dclvi H\u0259s\u0259nli, direktor m\u00fcavini, ictimai f\u0259al M\u0259h\u0259mm\u0259d Kekalov, ba\u015f redaktoru Sevinc Vaqifq\u0131z\u0131 h\u0259bs edilib.<\/p>\n\n\n\n<p>Bundan sonra is\u0259 ara\u015fd\u0131rma\u00e7\u0131 jurnalist Hafiz Babal\u0131, reportyorlar N\u0259rgiz Absalamova v\u0259 Elnar\u0259 Qas\u0131mova h\u0259bs edilib.<\/p>\n\n\n\n<p>Onlar\u0131n h\u0259r biri Cinay\u0259t M\u0259c\u0259ll\u0259sinin 206.3.2-ci (bir qrup \u015f\u0259xs t\u0259r\u0259find\u0259n qa\u00e7aqmal\u00e7\u0131l\u0131q) madd\u0259si il\u0259 ittiham olunur. Bu madd\u0259 il\u0259 onlara 5 ild\u0259n 8 il\u0259 q\u0259d\u0259r azadl\u0131qdan m\u0259hrumetm\u0259 c\u0259zas\u0131 n\u0259z\u0259rd\u0259 tutulub.<\/p>\n\n\n\n<p>Jurnalistl\u0259r h\u0259bsl\u0259rini s\u0131rf pe\u015f\u0259 f\u0259aliyy\u0259tl\u0259ri il\u0259 \u0259laq\u0259l\u0259ndirirl\u0259r.<\/p>\n\n\n\n<p>Mart\u0131n 6-da is\u0259 polis \u201cToplum TV\u201d-nin ofisin\u0259 basq\u0131n edib, ofisd\u0259, sayt\u0131n bir ne\u00e7\u0259 \u0259m\u0259kda\u015f\u0131n\u0131n evind\u0259, o c\u00fcml\u0259d\u0259n III Respublika Platformas\u0131n\u0131n ofisind\u0259 axtar\u0131\u015f apar\u0131l\u0131b. III Respublika Platformas\u0131n\u0131n ofisind\u0259n 30 min avro, sayt \u0259m\u0259kda\u015flar\u0131n\u0131n evl\u0259rind\u0259n is\u0259 2700, 3100, 20000 avro pul v\u0259saiti tap\u0131ld\u0131\u011f\u0131 bildirilib.<\/p>\n\n\n\n<p>Saxlan\u0131lanlardan Akif Qurbanova, F\u0259rid \u0130smay\u0131lova, M\u00fc\u015ffiq Cabbara, \u018fli Zeynala, Ramil Babayev\u0259, Elmir Abbasova v\u0259 \u0130lkin \u018fmrahova 206.3.2 (qa\u00e7aqmal\u00e7\u0131l\u0131q) ittiham\u0131 il\u0259 cinay\u0259t i\u015fi a\u00e7\u0131l\u0131b.<\/p>\n\n\n\n<p>Mart\u0131n 8-d\u0259 is\u0259 h\u00fcquq\u015f\u00fcnas, \u201cToplum TV\u201d-nin t\u0259sis\u00e7il\u0259rind\u0259n olan \u018fl\u0259sg\u0259r M\u0259mm\u0259dli m\u00fclki geyimlil\u0259r t\u0259r\u0259find\u0259n \u201c\u0130stanbul\u201d Klinikas\u0131n\u0131n \u00f6n\u00fcnd\u0259 saxlan\u0131l\u0131b. H\u0259min g\u00fcn polis III Respublika Platformas\u0131n\u0131n Qurucu Hey\u0259tinin \u00fczv\u00fc Ruslan \u0130zz\u0259tlini d\u0259 saxlay\u0131b. H\u0259r ikisinin evind\u0259 axtar\u0131\u015f apar\u0131l\u0131b. \u018fl\u0259sg\u0259r M\u0259mm\u0259dlinin evind\u0259n 7300 dollar tap\u0131ld\u0131\u011f\u0131 iddia edilib.<\/p>\n\n\n\n<p>Ruslan \u0130zz\u0259tlinin h\u0259yat yolda\u015f\u0131 G\u00fcnel Manafl\u0131 onlar\u0131n evind\u0259n d\u0259 \u201cpul tap\u0131ld\u0131\u011f\u0131n\u0131\u201d qeyd edib. Bu i\u015fl\u0259 ba\u011fl\u0131 saxlan\u0131lanlardan \u018fl\u0259sg\u0259r M\u0259mm\u0259dli (\u201cToplum TV\u201d-nin t\u0259sis\u00e7isi), M\u00fc\u015ffiq Cabbar (\u201cToplum TV\u201d), Akif Qurbanov (III Respublika Platformas\u0131), Ruslan \u0130zz\u0259tli (III Respublika Platformas\u0131), Ramil Babayev (Demokratik T\u0259\u015f\u0259bb\u00fcsl\u0259r \u0130nstitutu), \u0130lkin \u018fmrahov (Demokratik T\u0259\u015f\u0259bb\u00fcsl\u0259r \u0130nstitutu), \u018fli Zeynala (Demokratik T\u0259\u015f\u0259bb\u00fcsl\u0259r \u0130nstitutu) Cinay\u0259t M\u0259c\u0259ll\u0259sinin 206.3.2 (qa\u00e7aqmal\u00e7\u0131l\u0131q \u2013 qabaqcadan \u0259lbir olan bir qrup \u015f\u0259xs t\u0259r\u0259find\u0259n t\u00f6r\u0259dildikd\u0259) madd\u0259si il\u0259 ittiham ir\u0259li s\u00fcr\u00fcl\u00fcb. \u00d6zl\u0259ri ittiham\u0131 qurama say\u0131rlar.<\/p>\n","protected":false},"excerpt":{"rendered":"<p>\u201cM\u0259n\u0259 dedi ki, kamerada istilik yoxdur\u201d \u201cAbzasMedia\u201dn\u0131n h\u0259bsd\u0259 olan ba\u015f &#8230; <\/p>\n<p class=\"read-more-container\"><a title=\"V\u0259kil: \u201cSevinc Vaqifq\u0131z\u0131n\u0131n saxlan\u0131ld\u0131\u011f\u0131 kameran\u0131 su bas\u0131b\u201d\" class=\"read-more button\" href=\"https:\/\/www.meydan.tv\/az\/article\/vekil-sevinc-vaqifqizinin-saxlanildigi-kamerani-su-basib\/#more-301589\" aria-label=\"Read more about V\u0259kil: \u201cSevinc Vaqifq\u0131z\u0131n\u0131n saxlan\u0131ld\u0131\u011f\u0131 kameran\u0131 su bas\u0131b\u201d\">Davam\u0131<\/a><\/p>\n","protected":false},"author":21,"featured_media":291524,"comment_status":"closed","ping_status":"closed","sticky":false,"template":"","format":"standard","meta":{"_acf_changed":false,"_sitemap_exclude":false,"_sitemap_priority":"","_sitemap_frequency":"","footnotes":""},"categories":[59,79,56],"tags":[],"class_list":["post-301589","post","type-post","status-publish","format-standard","has-post-thumbnail","hentry","category-siyaset","category-featured","category-xeberler","infinite-scroll-item","generate-columns","tablet-grid-50","mobile-grid-100","grid-parent","grid-33","no-featured-image-padding"],"acf":[],"yoast_head":"<!-- This site is optimized with the Yoast SEO plugin v27.4 - https:\/\/yoast.com\/product\/yoast-seo-wordpress\/ -->\n<title>V\u0259kil: \u201cSevinc Vaqifq\u0131z\u0131n\u0131n saxlan\u0131ld\u0131\u011f\u0131 kameran\u0131 su bas\u0131b\u201d - MEYDAN.TV<\/title>\n<meta name=\"robots\" content=\"index, follow, max-snippet:-1, max-image-preview:large, max-video-preview:-1\" \/>\n<link rel=\"canonical\" href=\"https:\/\/www.meydan.tv\/az\/article\/vekil-sevinc-vaqifqizinin-saxlanildigi-kamerani-su-basib\/\" \/>\n<meta property=\"og:locale\" content=\"az_AZ\" \/>\n<meta property=\"og:type\" content=\"article\" \/>\n<meta property=\"og:title\" content=\"V\u0259kil: \u201cSevinc Vaqifq\u0131z\u0131n\u0131n saxlan\u0131ld\u0131\u011f\u0131 kameran\u0131 su bas\u0131b\u201d - MEYDAN.TV\" \/>\n<meta property=\"og:description\" content=\"\u201cM\u0259n\u0259 dedi ki, kamerada istilik yoxdur\u201d \u201cAbzasMedia\u201dn\u0131n h\u0259bsd\u0259 olan ba\u015f ... Davam\u0131\" \/>\n<meta property=\"og:url\" content=\"https:\/\/www.meydan.tv\/az\/article\/vekil-sevinc-vaqifqizinin-saxlanildigi-kamerani-su-basib\/\" \/>\n<meta property=\"og:site_name\" content=\"MEYDAN.TV\" \/>\n<meta property=\"article:published_time\" content=\"2024-03-20T09:00:57+00:00\" \/>\n<meta property=\"article:modified_time\" content=\"2024-03-20T16:07:43+00:00\" \/>\n<meta property=\"og:image\" content=\"https:\/\/www.meydan.tv\/wp-content\/uploads\/img_0633-scaled-e1703104450403.jpg\" \/>\n\t<meta property=\"og:image:width\" content=\"2560\" \/>\n\t<meta property=\"og:image:height\" content=\"1582\" \/>\n\t<meta property=\"og:image:type\" content=\"image\/jpeg\" \/>\n<meta name=\"author\" content=\"mahmud\" \/>\n<meta name=\"twitter:card\" content=\"summary_large_image\" \/>\n<script type=\"application\/ld+json\" class=\"yoast-schema-graph\">{\"@context\":\"https:\\\/\\\/schema.org\",\"@graph\":[{\"@type\":\"Article\",\"@id\":\"https:\\\/\\\/www.meydan.tv\\\/az\\\/article\\\/vekil-sevinc-vaqifqizinin-saxlanildigi-kamerani-su-basib\\\/#article\",\"isPartOf\":{\"@id\":\"https:\\\/\\\/www.meydan.tv\\\/az\\\/article\\\/vekil-sevinc-vaqifqizinin-saxlanildigi-kamerani-su-basib\\\/\"},\"author\":{\"name\":\"mahmud\",\"@id\":\"https:\\\/\\\/www.meydan.tv\\\/az\\\/#\\\/schema\\\/person\\\/09863e516102a829e72bedcf3f84c6b0\"},\"headline\":\"V\u0259kil: \u201cSevinc Vaqifq\u0131z\u0131n\u0131n saxlan\u0131ld\u0131\u011f\u0131 kameran\u0131 su bas\u0131b\u201d\",\"datePublished\":\"2024-03-20T09:00:57+00:00\",\"dateModified\":\"2024-03-20T16:07:43+00:00\",\"mainEntityOfPage\":{\"@id\":\"https:\\\/\\\/www.meydan.tv\\\/az\\\/article\\\/vekil-sevinc-vaqifqizinin-saxlanildigi-kamerani-su-basib\\\/\"},\"wordCount\":661,\"publisher\":{\"@id\":\"https:\\\/\\\/www.meydan.tv\\\/az\\\/#organization\"},\"image\":{\"@id\":\"https:\\\/\\\/www.meydan.tv\\\/az\\\/article\\\/vekil-sevinc-vaqifqizinin-saxlanildigi-kamerani-su-basib\\\/#primaryimage\"},\"thumbnailUrl\":\"https:\\\/\\\/www.meydan.tv\\\/wp-content\\\/uploads\\\/img_0633-scaled-e1703104450403.jpg\",\"articleSection\":[\"Siyas\u0259t\",\"T\u00f6vsiy\u0259\",\"X\u0259b\u0259rl\u0259r\"],\"inLanguage\":\"az\"},{\"@type\":\"WebPage\",\"@id\":\"https:\\\/\\\/www.meydan.tv\\\/az\\\/article\\\/vekil-sevinc-vaqifqizinin-saxlanildigi-kamerani-su-basib\\\/\",\"url\":\"https:\\\/\\\/www.meydan.tv\\\/az\\\/article\\\/vekil-sevinc-vaqifqizinin-saxlanildigi-kamerani-su-basib\\\/\",\"name\":\"V\u0259kil: \u201cSevinc Vaqifq\u0131z\u0131n\u0131n saxlan\u0131ld\u0131\u011f\u0131 kameran\u0131 su bas\u0131b\u201d - MEYDAN.TV\",\"isPartOf\":{\"@id\":\"https:\\\/\\\/www.meydan.tv\\\/az\\\/#website\"},\"primaryImageOfPage\":{\"@id\":\"https:\\\/\\\/www.meydan.tv\\\/az\\\/article\\\/vekil-sevinc-vaqifqizinin-saxlanildigi-kamerani-su-basib\\\/#primaryimage\"},\"image\":{\"@id\":\"https:\\\/\\\/www.meydan.tv\\\/az\\\/article\\\/vekil-sevinc-vaqifqizinin-saxlanildigi-kamerani-su-basib\\\/#primaryimage\"},\"thumbnailUrl\":\"https:\\\/\\\/www.meydan.tv\\\/wp-content\\\/uploads\\\/img_0633-scaled-e1703104450403.jpg\",\"datePublished\":\"2024-03-20T09:00:57+00:00\",\"dateModified\":\"2024-03-20T16:07:43+00:00\",\"breadcrumb\":{\"@id\":\"https:\\\/\\\/www.meydan.tv\\\/az\\\/article\\\/vekil-sevinc-vaqifqizinin-saxlanildigi-kamerani-su-basib\\\/#breadcrumb\"},\"inLanguage\":\"az\",\"potentialAction\":[{\"@type\":\"ReadAction\",\"target\":[\"https:\\\/\\\/www.meydan.tv\\\/az\\\/article\\\/vekil-sevinc-vaqifqizinin-saxlanildigi-kamerani-su-basib\\\/\"]}]},{\"@type\":\"ImageObject\",\"inLanguage\":\"az\",\"@id\":\"https:\\\/\\\/www.meydan.tv\\\/az\\\/article\\\/vekil-sevinc-vaqifqizinin-saxlanildigi-kamerani-su-basib\\\/#primaryimage\",\"url\":\"https:\\\/\\\/www.meydan.tv\\\/wp-content\\\/uploads\\\/img_0633-scaled-e1703104450403.jpg\",\"contentUrl\":\"https:\\\/\\\/www.meydan.tv\\\/wp-content\\\/uploads\\\/img_0633-scaled-e1703104450403.jpg\",\"width\":2560,\"height\":1582,\"caption\":\"Sevinc Vaqifq\u0131z\u0131. Foto: Meydan TV\"},{\"@type\":\"BreadcrumbList\",\"@id\":\"https:\\\/\\\/www.meydan.tv\\\/az\\\/article\\\/vekil-sevinc-vaqifqizinin-saxlanildigi-kamerani-su-basib\\\/#breadcrumb\",\"itemListElement\":[{\"@type\":\"ListItem\",\"position\":1,\"name\":\"Ana s\u0259hif\u0259\",\"item\":\"https:\\\/\\\/www.meydan.tv\\\/az\\\/\"},{\"@type\":\"ListItem\",\"position\":2,\"name\":\"X\u0259b\u0259rl\u0259r\",\"item\":\"https:\\\/\\\/www.meydan.tv\\\/az\\\/section\\\/xeberler\\\/\"},{\"@type\":\"ListItem\",\"position\":3,\"name\":\"V\u0259kil: \u201cSevinc Vaqifq\u0131z\u0131n\u0131n saxlan\u0131ld\u0131\u011f\u0131 kameran\u0131 su bas\u0131b\u201d\"}]},{\"@type\":\"WebSite\",\"@id\":\"https:\\\/\\\/www.meydan.tv\\\/az\\\/#website\",\"url\":\"https:\\\/\\\/www.meydan.tv\\\/az\\\/\",\"name\":\"MEYDAN.TV\",\"description\":\"Meydan TV Az\u0259rbaycan\u0131n media m\u0259kan\u0131ndak\u0131 alternativ s\u0259sidir\",\"publisher\":{\"@id\":\"https:\\\/\\\/www.meydan.tv\\\/az\\\/#organization\"},\"potentialAction\":[{\"@type\":\"SearchAction\",\"target\":{\"@type\":\"EntryPoint\",\"urlTemplate\":\"https:\\\/\\\/www.meydan.tv\\\/az\\\/?s={search_term_string}\"},\"query-input\":{\"@type\":\"PropertyValueSpecification\",\"valueRequired\":true,\"valueName\":\"search_term_string\"}}],\"inLanguage\":\"az\"},{\"@type\":\"Organization\",\"@id\":\"https:\\\/\\\/www.meydan.tv\\\/az\\\/#organization\",\"name\":\"Meydan TV\",\"url\":\"https:\\\/\\\/www.meydan.tv\\\/az\\\/\",\"logo\":{\"@type\":\"ImageObject\",\"inLanguage\":\"az\",\"@id\":\"https:\\\/\\\/www.meydan.tv\\\/az\\\/#\\\/schema\\\/logo\\\/image\\\/\",\"url\":\"https:\\\/\\\/www.meydan.tv\\\/wp-content\\\/uploads\\\/2021\\\/07\\\/meydan-logo.svg\",\"contentUrl\":\"https:\\\/\\\/www.meydan.tv\\\/wp-content\\\/uploads\\\/2021\\\/07\\\/meydan-logo.svg\",\"width\":195,\"height\":46,\"caption\":\"Meydan TV\"},\"image\":{\"@id\":\"https:\\\/\\\/www.meydan.tv\\\/az\\\/#\\\/schema\\\/logo\\\/image\\\/\"}},{\"@type\":\"Person\",\"@id\":\"https:\\\/\\\/www.meydan.tv\\\/az\\\/#\\\/schema\\\/person\\\/09863e516102a829e72bedcf3f84c6b0\",\"name\":\"mahmud\"}]}<\/script>\n<!-- \/ Yoast SEO plugin. -->","yoast_head_json":{"title":"V\u0259kil: \u201cSevinc Vaqifq\u0131z\u0131n\u0131n saxlan\u0131ld\u0131\u011f\u0131 kameran\u0131 su bas\u0131b\u201d - MEYDAN.TV","robots":{"index":"index","follow":"follow","max-snippet":"max-snippet:-1","max-image-preview":"max-image-preview:large","max-video-preview":"max-video-preview:-1"},"canonical":"https:\/\/www.meydan.tv\/az\/article\/vekil-sevinc-vaqifqizinin-saxlanildigi-kamerani-su-basib\/","og_locale":"az_AZ","og_type":"article","og_title":"V\u0259kil: \u201cSevinc Vaqifq\u0131z\u0131n\u0131n saxlan\u0131ld\u0131\u011f\u0131 kameran\u0131 su bas\u0131b\u201d - MEYDAN.TV","og_description":"\u201cM\u0259n\u0259 dedi ki, kamerada istilik yoxdur\u201d \u201cAbzasMedia\u201dn\u0131n h\u0259bsd\u0259 olan ba\u015f ... Davam\u0131","og_url":"https:\/\/www.meydan.tv\/az\/article\/vekil-sevinc-vaqifqizinin-saxlanildigi-kamerani-su-basib\/","og_site_name":"MEYDAN.TV","article_published_time":"2024-03-20T09:00:57+00:00","article_modified_time":"2024-03-20T16:07:43+00:00","og_image":[{"width":2560,"height":1582,"url":"https:\/\/www.meydan.tv\/wp-content\/uploads\/img_0633-scaled-e1703104450403.jpg","type":"image\/jpeg"}],"author":"mahmud","twitter_card":"summary_large_image","schema":{"@context":"https:\/\/schema.org","@graph":[{"@type":"Article","@id":"https:\/\/www.meydan.tv\/az\/article\/vekil-sevinc-vaqifqizinin-saxlanildigi-kamerani-su-basib\/#article","isPartOf":{"@id":"https:\/\/www.meydan.tv\/az\/article\/vekil-sevinc-vaqifqizinin-saxlanildigi-kamerani-su-basib\/"},"author":{"name":"mahmud","@id":"https:\/\/www.meydan.tv\/az\/#\/schema\/person\/09863e516102a829e72bedcf3f84c6b0"},"headline":"V\u0259kil: \u201cSevinc Vaqifq\u0131z\u0131n\u0131n saxlan\u0131ld\u0131\u011f\u0131 kameran\u0131 su bas\u0131b\u201d","datePublished":"2024-03-20T09:00:57+00:00","dateModified":"2024-03-20T16:07:43+00:00","mainEntityOfPage":{"@id":"https:\/\/www.meydan.tv\/az\/article\/vekil-sevinc-vaqifqizinin-saxlanildigi-kamerani-su-basib\/"},"wordCount":661,"publisher":{"@id":"https:\/\/www.meydan.tv\/az\/#organization"},"image":{"@id":"https:\/\/www.meydan.tv\/az\/article\/vekil-sevinc-vaqifqizinin-saxlanildigi-kamerani-su-basib\/#primaryimage"},"thumbnailUrl":"https:\/\/www.meydan.tv\/wp-content\/uploads\/img_0633-scaled-e1703104450403.jpg","articleSection":["Siyas\u0259t","T\u00f6vsiy\u0259","X\u0259b\u0259rl\u0259r"],"inLanguage":"az"},{"@type":"WebPage","@id":"https:\/\/www.meydan.tv\/az\/article\/vekil-sevinc-vaqifqizinin-saxlanildigi-kamerani-su-basib\/","url":"https:\/\/www.meydan.tv\/az\/article\/vekil-sevinc-vaqifqizinin-saxlanildigi-kamerani-su-basib\/","name":"V\u0259kil: \u201cSevinc Vaqifq\u0131z\u0131n\u0131n saxlan\u0131ld\u0131\u011f\u0131 kameran\u0131 su bas\u0131b\u201d - MEYDAN.TV","isPartOf":{"@id":"https:\/\/www.meydan.tv\/az\/#website"},"primaryImageOfPage":{"@id":"https:\/\/www.meydan.tv\/az\/article\/vekil-sevinc-vaqifqizinin-saxlanildigi-kamerani-su-basib\/#primaryimage"},"image":{"@id":"https:\/\/www.meydan.tv\/az\/article\/vekil-sevinc-vaqifqizinin-saxlanildigi-kamerani-su-basib\/#primaryimage"},"thumbnailUrl":"https:\/\/www.meydan.tv\/wp-content\/uploads\/img_0633-scaled-e1703104450403.jpg","datePublished":"2024-03-20T09:00:57+00:00","dateModified":"2024-03-20T16:07:43+00:00","breadcrumb":{"@id":"https:\/\/www.meydan.tv\/az\/article\/vekil-sevinc-vaqifqizinin-saxlanildigi-kamerani-su-basib\/#breadcrumb"},"inLanguage":"az","potentialAction":[{"@type":"ReadAction","target":["https:\/\/www.meydan.tv\/az\/article\/vekil-sevinc-vaqifqizinin-saxlanildigi-kamerani-su-basib\/"]}]},{"@type":"ImageObject","inLanguage":"az","@id":"https:\/\/www.meydan.tv\/az\/article\/vekil-sevinc-vaqifqizinin-saxlanildigi-kamerani-su-basib\/#primaryimage","url":"https:\/\/www.meydan.tv\/wp-content\/uploads\/img_0633-scaled-e1703104450403.jpg","contentUrl":"https:\/\/www.meydan.tv\/wp-content\/uploads\/img_0633-scaled-e1703104450403.jpg","width":2560,"height":1582,"caption":"Sevinc Vaqifq\u0131z\u0131. Foto: Meydan TV"},{"@type":"BreadcrumbList","@id":"https:\/\/www.meydan.tv\/az\/article\/vekil-sevinc-vaqifqizinin-saxlanildigi-kamerani-su-basib\/#breadcrumb","itemListElement":[{"@type":"ListItem","position":1,"name":"Ana s\u0259hif\u0259","item":"https:\/\/www.meydan.tv\/az\/"},{"@type":"ListItem","position":2,"name":"X\u0259b\u0259rl\u0259r","item":"https:\/\/www.meydan.tv\/az\/section\/xeberler\/"},{"@type":"ListItem","position":3,"name":"V\u0259kil: \u201cSevinc Vaqifq\u0131z\u0131n\u0131n saxlan\u0131ld\u0131\u011f\u0131 kameran\u0131 su bas\u0131b\u201d"}]},{"@type":"WebSite","@id":"https:\/\/www.meydan.tv\/az\/#website","url":"https:\/\/www.meydan.tv\/az\/","name":"MEYDAN.TV","description":"Meydan TV Az\u0259rbaycan\u0131n media m\u0259kan\u0131ndak\u0131 alternativ s\u0259sidir","publisher":{"@id":"https:\/\/www.meydan.tv\/az\/#organization"},"potentialAction":[{"@type":"SearchAction","target":{"@type":"EntryPoint","urlTemplate":"https:\/\/www.meydan.tv\/az\/?s={search_term_string}"},"query-input":{"@type":"PropertyValueSpecification","valueRequired":true,"valueName":"search_term_string"}}],"inLanguage":"az"},{"@type":"Organization","@id":"https:\/\/www.meydan.tv\/az\/#organization","name":"Meydan TV","url":"https:\/\/www.meydan.tv\/az\/","logo":{"@type":"ImageObject","inLanguage":"az","@id":"https:\/\/www.meydan.tv\/az\/#\/schema\/logo\/image\/","url":"https:\/\/www.meydan.tv\/wp-content\/uploads\/2021\/07\/meydan-logo.svg","contentUrl":"https:\/\/www.meydan.tv\/wp-content\/uploads\/2021\/07\/meydan-logo.svg","width":195,"height":46,"caption":"Meydan TV"},"image":{"@id":"https:\/\/www.meydan.tv\/az\/#\/schema\/logo\/image\/"}},{"@type":"Person","@id":"https:\/\/www.meydan.tv\/az\/#\/schema\/person\/09863e516102a829e72bedcf3f84c6b0","name":"mahmud"}]}},"_links":{"self":[{"href":"https:\/\/www.meydan.tv\/az\/wp-json\/wp\/v2\/posts\/301589","targetHints":{"allow":["GET"]}}],"collection":[{"href":"https:\/\/www.meydan.tv\/az\/wp-json\/wp\/v2\/posts"}],"about":[{"href":"https:\/\/www.meydan.tv\/az\/wp-json\/wp\/v2\/types\/post"}],"author":[{"embeddable":true,"href":"https:\/\/www.meydan.tv\/az\/wp-json\/wp\/v2\/users\/21"}],"replies":[{"embeddable":true,"href":"https:\/\/www.meydan.tv\/az\/wp-json\/wp\/v2\/comments?post=301589"}],"version-history":[{"count":1,"href":"https:\/\/www.meydan.tv\/az\/wp-json\/wp\/v2\/posts\/301589\/revisions"}],"predecessor-version":[{"id":301590,"href":"https:\/\/www.meydan.tv\/az\/wp-json\/wp\/v2\/posts\/301589\/revisions\/301590"}],"wp:featuredmedia":[{"embeddable":true,"href":"https:\/\/www.meydan.tv\/az\/wp-json\/wp\/v2\/media\/291524"}],"wp:attachment":[{"href":"https:\/\/www.meydan.tv\/az\/wp-json\/wp\/v2\/media?parent=301589"}],"wp:term":[{"taxonomy":"category","embeddable":true,"href":"https:\/\/www.meydan.tv\/az\/wp-json\/wp\/v2\/categories?post=301589"},{"taxonomy":"post_tag","embeddable":true,"href":"https:\/\/www.meydan.tv\/az\/wp-json\/wp\/v2\/tags?post=301589"}],"curies":[{"name":"wp","href":"https:\/\/api.w.org\/{rel}","templated":true}]}}