{"id":301587,"date":"2024-03-20T12:54:23","date_gmt":"2024-03-20T08:54:23","guid":{"rendered":"https:\/\/www.meydan.tv\/?p=301587"},"modified":"2024-03-20T20:06:53","modified_gmt":"2024-03-20T16:06:53","slug":"qht-lere-dovlet-desteyi-agentliyi-qrant-ayirdi-tenqidle-qarsilasdi","status":"publish","type":"post","link":"https:\/\/www.meydan.tv\/az\/article\/qht-lere-dovlet-desteyi-agentliyi-qrant-ayirdi-tenqidle-qarsilasdi\/","title":{"rendered":"QHT-l\u0259r\u0259 D\u00f6vl\u0259t D\u0259st\u0259yi Agentliyi qrant ay\u0131rd\u0131, t\u0259nqidl\u0259 qar\u015f\u0131la\u015fd\u0131"},"content":{"rendered":"\n<p><\/p>\n\n\n\n<p><strong><em>Layih\u0259l\u0259rin \u0259ks\u0259riyy\u0259ti \u201cQ\u0259rbi Az\u0259rbaycana qay\u0131d\u0131\u015f prosesi \u00e7\u0259r\u00e7iv\u0259sind\u0259\u201ddir<\/em><\/strong><\/p>\n\n\n\n<p>Qeyri-H\u00f6kum\u0259t T\u0259\u015fkilatlar\u0131na D\u00f6vl\u0259t D\u0259st\u0259yi Agentliyi 2024-c\u00fc il \u00fczr\u0259 b\u00f6y\u00fck, orta v\u0259 ki\u00e7ik qrant m\u00fcsabiq\u0259l\u0259rinin <a href=\"https:\/\/ngoagency.gov.az\/\/storage\/2024-c%C3%BC%20il%20m%C3%BCsabiq%C9%99%20n%C9%99tic%C9%99l%C9%99ri%20(1).pdf\">n\u0259tic\u0259l\u0259rini<\/a>\u00a0elan edib.<\/p>\n\n\n\n<p>M\u00fcsabiq\u0259nin qalibl\u0259rinin \u0259ks\u0259riyy\u0259ti Q\u0259rbi Az\u0259rbaycanla (indiki Erm\u0259nistan Respublikas\u0131n\u0131n \u0259hat\u0259 etdiyi, vaxtil\u0259 Erm\u0259nistan az\u0259rbaycanl\u0131lar\u0131n\u0131n s\u0131x \u015f\u0259kild\u0259 ya\u015fad\u0131\u011f\u0131 co\u011frafi m\u0259kan n\u0259z\u0259rd\u0259 tutulur-red.) ba\u011fl\u0131 layih\u0259l\u0259r t\u0259qdim edibl\u0259r.<\/p>\n\n\n\n<p>Layih\u0259l\u0259r \u201cQ\u0259rbi Az\u0259rbaycana qay\u0131d\u0131\u015f prosesi \u00e7\u0259r\u00e7iv\u0259sind\u0259\u201d adland\u0131r\u0131l\u0131r. \u00dcmumilikd\u0259 Q\u0259rbi Az\u0259rbaycana qay\u0131d\u0131\u015f prosesi layih\u0259si \u00fczr\u0259 ictimai birlikl\u0259r\u0259 311050 manat qrant v\u0259saiti ayr\u0131l\u0131b.<\/p>\n\n\n\n<p>Onlar\u0131n i\u00e7\u0259risind\u0259\u00a0 \u201cQ\u0259rbi Az\u0259rbaycan h\u0259qiq\u0259tl\u0259r\u201d, \u201cQ\u0259rbi Az\u0259rbaycan\u0131n folklor irsinin t\u0259bli\u011fi\u201d, \u201cIr\u0259van: tarixi h\u0259qiq\u0259tl\u0259r v\u0259 \u015f\u0259xsiyy\u0259tl\u0259r\u201d kimi ki\u00e7ik qrant layih\u0259l\u0259ri il\u0259 yana\u015f\u0131 m\u0259bl\u0259\u011fi 30 min manat\u0131 a\u015fan b\u00f6y\u00fck qrant layih\u0259l\u0259ri d\u0259 var.<\/p>\n\n\n\n<p>B\u00f6y\u00fck qrant layih\u0259l\u0259rinin \u0259ks\u0259riyy\u0259ti sosial \u015f\u0259b\u0259k\u0259l\u0259rd\u0259 ictimai-siyasi f\u0259allar t\u0259r\u0259find\u0259n m\u00fczakir\u0259y\u0259 \u00e7\u0131xar\u0131l\u0131b, t\u0259nqid edilib. T\u0259nqid\u00e7il\u0259r h\u0259min layih\u0259l\u0259rin m\u00f6vzusunu g\u0259r\u0259ksiz hesab edibl\u0259r v\u0259 d\u00f6vl\u0259t b\u00fcdc\u0259sind\u0259n ayr\u0131lan v\u0259saitin s\u0259m\u0259r\u0259sizliyini vur\u011fulay\u0131blar.<\/p>\n\n\n\n<p>M\u0259s\u0259l\u0259n, \u201cQ\u0259rbi Az\u0259rbaycana qay\u0131d\u0131\u015f\u201d prosesi \u00e7\u0259r\u00e7iv\u0259sind\u0259 &#8220;Az\u0259rbaycan Milli Kulinariya Assosiasiyas\u0131&#8221; \u0130ctimai Birliyi &#8220;Q\u0259rbi Az\u0259rbaycan \u015firniyyatlar\u0131&#8221; layih\u0259si \u00fc\u00e7\u00fcn b\u00f6y\u00fck qrant hesab olunan 31250 manat v\u0259sait udub.<\/p>\n\n\n\n<p>Assosiasiyan\u0131n r\u0259hb\u0259ri Tahir Amiraslanov t\u0259nqidl\u0259r\u0259 sosial \u015f\u0259b\u0259k\u0259 hesab\u0131 vasit\u0259sil\u0259 cavab verib:<\/p>\n\n\n\n<p><em>\u00a0\u201cQ\u0259rbi Az\u0259rbaycan \u015eirniyyatlar\u0131\u201d kitab layih\u0259si \u00fc\u00e7\u00fcn qrant udan t\u0259\u015fkilat\u0131n r\u0259hb\u0259ri m\u0259n\u0259m. 2020-ci ild\u0259 \u201c\u0130r\u0259van xanl\u0131\u011f\u0131 b\u00f6lg\u0259 m\u0259tb\u0259xi\u201d kitab\u0131m d\u00fcnyan\u0131n \u0259n yax\u015f\u0131 kulinariya kitab\u0131 oldu. Kitabda 413 x\u00f6r\u0259k d\u00fcsturu vermi\u015fdik. T\u0259bii ki, sizin qohumlar\u0131n\u0131z bunun ham\u0131s\u0131n\u0131 bilm\u0259zdi. B\u00f6lg\u0259 \u00e7ox b\u00f6y\u00fckd\u00fcr. 2022-ci ild\u0259 d\u0259 \u201cQaraba\u011f m\u0259tb\u0259xinin incil\u0259ri\u201d lahih\u0259sin\u0259 qrant udmu\u015fdum. V\u0259 kitab b\u00fct\u00fcn d\u00fcnyaya s\u0259s sald\u0131\u201d<\/em>.<\/p>\n\n\n\n<p>Sosial \u015f\u0259b\u0259k\u0259l\u0259rd\u0259 t\u0259nqid olunan layih\u0259l\u0259rd\u0259n biri \u201cS\u00f6nm\u0259z M\u0259\u015f\u0259l\u201d M\u0259d\u0259ni \u018flaq\u0259l\u0259r \u0130ctimai Birliyin\u0259 m\u0259xsusdur. Bu t\u0259\u015fkilat &#8220;Malayziyadan g\u00f6r\u00fcn\u0259n \u015eu\u015fa&#8221; layih\u0259si \u00fc\u00e7\u00fcn b\u00f6y\u00fck qrant hesab olunan 34900 manat v\u0259sait qazan\u0131b.<\/p>\n\n\n\n<p>Birliyin s\u0259dri \u015e\u0259hla Na\u011f\u0131yeva da sosial \u015f\u0259b\u0259k\u0259 hesab\u0131ndan t\u0259nqidl\u0259r\u0259 cavab verib:<\/p>\n\n\n\n<p><em>\u201cB\u0259li, m\u0259n h\u0259min layih\u0259ni h\u0259yata ke\u00e7ir\u0259c\u0259k ictimai birliyin s\u0259driy\u0259m. Xat\u0131rlad\u0131m ki, \u015eu\u015fa bu il \u0130slam d\u00fcnyas\u0131n\u0131n m\u0259d\u0259niyy\u0259t paytaxt\u0131 elan olunub. Bu is\u0259 o dem\u0259kdir ki, m\u00fcs\u0259lman \u00f6lk\u0259l\u0259rind\u0259, \u0130slam d\u00fcnyas\u0131nda \u015eu\u015fan\u0131 daha yax\u015f\u0131 tan\u0131tmal\u0131, \u015eu\u015fa tarixi haqq\u0131nda daha \u00e7ox dan\u0131\u015fmal\u0131y\u0131q. Onu da unutmaq olmaz ki, V\u0259t\u0259n m\u00fcharib\u0259si g\u00fcnl\u0259rind\u0259 Az\u0259rbaycan\u0131n yan\u0131nda olan beyn\u0259lxalq qurumlardan biri d\u0259 \u0130slam \u018fm\u0259kda\u015fl\u0131q T\u0259\u015fkilat\u0131 idi.<br>Ona g\u00f6r\u0259 d\u0259 biz Malayziyada bir h\u0259ft\u0259lik \u015eu\u015fa g\u00fcnl\u0259ri ke\u00e7irm\u0259yi (r\u0259sm s\u0259rgisi, Qaraba\u011f m\u0259tb\u0259xi v\u0259 musiqisinin t\u0259qdimat\u0131, \u015eu\u015fan\u0131n tarixi haqq\u0131nda ingilis dilind\u0259 s\u0259n\u0259dli film n\u00fcmayi\u015fi v\u0259 s.) n\u0259z\u0259rd\u0259 tuturuq. Sonda is\u0259 b\u00fct\u00fcn bunlar haqq\u0131nda \u015f\u0259rti ad\u0131 \u201cMalayziyadan g\u00f6r\u00fcn\u0259n \u015eu\u015fa\u201d olan s\u0259n\u0259dli film haz\u0131rlamaq planla\u015fd\u0131r\u0131l\u0131r. Bu filmi is\u0259 \u201c\u018fb\u0259di ezamiyy\u0259t\u201d, \u201cSon iclas\u201d v\u0259 s. kimi filml\u0259rin ssenari m\u00fc\u0259llifi olmu\u015f M\u00fcs\u0259llim H\u0259s\u0259nov haz\u0131rlayacaq\u201d<\/em>.<\/p>\n\n\n\n<p>Niy\u0259 Malayziyan\u0131 se\u00e7m\u0259sin\u0259 \u015e\u0259hla Na\u011f\u0131yeva bel\u0259 ayd\u0131nl\u0131q g\u0259tirib:<\/p>\n\n\n\n<p><em>\u201cM\u0259n h\u0259m d\u0259 ali m\u0259kt\u0259b m\u00fc\u0259llimiy\u0259m v\u0259 bu \u00f6lk\u0259d\u0259 m\u0259nim ill\u0259rd\u0259n b\u0259ri elmi \u0259m\u0259kda\u015fl\u0131q etdiyim alim v\u0259 m\u00fct\u0259x\u0259ssisl\u0259r daha \u00e7oxdur. Onlar bu i\u015fd\u0259 biz\u0259 d\u0259st\u0259k olacaqlar.<br>Malayziya universitetind\u0259 \u015eu\u015fan\u0131n tarixi haqq\u0131nda film g\u00f6st\u0259rm\u0259k niy\u0259 q\u0259bah\u0259t olsun ki? Yaxud Malayziyada \u015eu\u015fa il\u0259 ba\u011fl\u0131 ke\u00e7iril\u0259n m\u0259d\u0259ni-k\u00fctl\u0259vi t\u0259dbirl\u0259r haqq\u0131nda \u201cMalayziyadan g\u00f6r\u00fcn\u0259n \u015eu\u015fa\u201d adl\u0131 film \u00e7\u0259km\u0259k kim\u0259 mane olur? Bel\u0259 \u0259h\u0259miyy\u0259tli layih\u0259y\u0259 QHT-l\u0259r\u0259 D\u00f6vl\u0259t D\u0259st\u0259yi Agentliyinin qrant ay\u0131rmas\u0131 niy\u0259 kiml\u0259ris\u0259 narahat edir?\u201d<\/em>.<\/p>\n\n\n\n<p>\u00a0Qeyri-H\u00f6kum\u0259t T\u0259\u015fkilatlar\u0131na D\u00f6vl\u0259t D\u0259st\u0259yi Agentliyi \u00fcmumilikd\u0259 413 t\u0259\u015fkilata qrant ay\u0131r\u0131b. Qrant v\u0259saitl\u0259rinin \u00fcmumi m\u0259bl\u0259\u011fi 2.587.350 (1.521.629 AB\u015e dollar\u0131)\u00a0 manatd\u0131r.<\/p>\n\n\n\n<p>Siyah\u0131da ki\u00e7ik, orta v\u0259 b\u00f6y\u00fck qrantlar daxil olmaqla bir ne\u00e7\u0259 n\u00f6v qrant var. H\u0259r bir qrant n\u00f6v\u00fc \u00fczr\u0259 qrant v\u0259saitl\u0259rinin \u00fcmumi m\u0259bl\u0259\u011fi bel\u0259dir:<\/p>\n\n\n\n<ul class=\"wp-block-list\">\n<li>Ki\u00e7ik qrantlar: 1,955,050 Az\u0259rbaycan manat\u0131 (t\u0259xmin\u0259n 1,144,153 AB\u015e dollar\u0131)<\/li>\n\n\n\n<li>Orta qrantlar: 502 000 Az\u0259rbaycan manat\u0131 (t\u0259xmin\u0259n 295 294 AB\u015e dollar\u0131)<\/li>\n\n\n\n<li>B\u00f6y\u00fck qrantlar: 130 300 Az\u0259rbaycan manat\u0131 (t\u0259xmin\u0259n 76 682 AB\u015e dollar\u0131).<\/li>\n<\/ul>\n\n\n\n<p>Qrantlar\u0131n \u0259ks\u0259riyy\u0259ti\u00a0 \u201cki\u00e7ik qrant\u201d kateqoriyas\u0131ndad\u0131r,\u00a0 5 min manatdan 12 min manata q\u0259d\u0259ri \u0259hat\u0259 edir.<\/p>\n","protected":false},"excerpt":{"rendered":"<p>Layih\u0259l\u0259rin \u0259ks\u0259riyy\u0259ti \u201cQ\u0259rbi Az\u0259rbaycana qay\u0131d\u0131\u015f prosesi \u00e7\u0259r\u00e7iv\u0259sind\u0259\u201ddir Qeyri-H\u00f6kum\u0259t T\u0259\u015fkilatlar\u0131na D\u00f6vl\u0259t &#8230; <\/p>\n<p class=\"read-more-container\"><a title=\"QHT-l\u0259r\u0259 D\u00f6vl\u0259t D\u0259st\u0259yi Agentliyi qrant ay\u0131rd\u0131, t\u0259nqidl\u0259 qar\u015f\u0131la\u015fd\u0131\" class=\"read-more button\" href=\"https:\/\/www.meydan.tv\/az\/article\/qht-lere-dovlet-desteyi-agentliyi-qrant-ayirdi-tenqidle-qarsilasdi\/#more-301587\" aria-label=\"Read more about QHT-l\u0259r\u0259 D\u00f6vl\u0259t D\u0259st\u0259yi Agentliyi qrant ay\u0131rd\u0131, t\u0259nqidl\u0259 qar\u015f\u0131la\u015fd\u0131\">Davam\u0131<\/a><\/p>\n","protected":false},"author":21,"featured_media":292841,"comment_status":"closed","ping_status":"closed","sticky":false,"template":"","format":"standard","meta":{"_acf_changed":false,"_sitemap_exclude":false,"_sitemap_priority":"","_sitemap_frequency":"","footnotes":""},"categories":[59,79,56],"tags":[],"class_list":["post-301587","post","type-post","status-publish","format-standard","has-post-thumbnail","hentry","category-siyaset","category-featured","category-xeberler","infinite-scroll-item","generate-columns","tablet-grid-50","mobile-grid-100","grid-parent","grid-33","no-featured-image-padding"],"acf":[],"yoast_head":"<!-- This site is optimized with the Yoast SEO plugin v27.4 - https:\/\/yoast.com\/product\/yoast-seo-wordpress\/ -->\n<title>QHT-l\u0259r\u0259 D\u00f6vl\u0259t D\u0259st\u0259yi Agentliyi qrant ay\u0131rd\u0131, t\u0259nqidl\u0259 qar\u015f\u0131la\u015fd\u0131 - MEYDAN.TV<\/title>\n<meta name=\"robots\" content=\"index, follow, max-snippet:-1, max-image-preview:large, max-video-preview:-1\" \/>\n<link rel=\"canonical\" href=\"https:\/\/www.meydan.tv\/az\/article\/qht-lere-dovlet-desteyi-agentliyi-qrant-ayirdi-tenqidle-qarsilasdi\/\" \/>\n<meta property=\"og:locale\" content=\"az_AZ\" \/>\n<meta property=\"og:type\" content=\"article\" \/>\n<meta property=\"og:title\" content=\"QHT-l\u0259r\u0259 D\u00f6vl\u0259t D\u0259st\u0259yi Agentliyi qrant ay\u0131rd\u0131, t\u0259nqidl\u0259 qar\u015f\u0131la\u015fd\u0131 - MEYDAN.TV\" \/>\n<meta property=\"og:description\" content=\"Layih\u0259l\u0259rin \u0259ks\u0259riyy\u0259ti \u201cQ\u0259rbi Az\u0259rbaycana qay\u0131d\u0131\u015f prosesi \u00e7\u0259r\u00e7iv\u0259sind\u0259\u201ddir Qeyri-H\u00f6kum\u0259t T\u0259\u015fkilatlar\u0131na D\u00f6vl\u0259t ... Davam\u0131\" \/>\n<meta property=\"og:url\" content=\"https:\/\/www.meydan.tv\/az\/article\/qht-lere-dovlet-desteyi-agentliyi-qrant-ayirdi-tenqidle-qarsilasdi\/\" \/>\n<meta property=\"og:site_name\" content=\"MEYDAN.TV\" \/>\n<meta property=\"article:published_time\" content=\"2024-03-20T08:54:23+00:00\" \/>\n<meta property=\"article:modified_time\" content=\"2024-03-20T16:06:53+00:00\" \/>\n<meta property=\"og:image\" content=\"https:\/\/www.meydan.tv\/wp-content\/uploads\/qht-dda.jpg\" \/>\n\t<meta property=\"og:image:width\" content=\"769\" \/>\n\t<meta property=\"og:image:height\" content=\"500\" \/>\n\t<meta property=\"og:image:type\" content=\"image\/jpeg\" \/>\n<meta name=\"author\" content=\"mahmud\" \/>\n<meta name=\"twitter:card\" content=\"summary_large_image\" \/>\n<script type=\"application\/ld+json\" class=\"yoast-schema-graph\">{\"@context\":\"https:\\\/\\\/schema.org\",\"@graph\":[{\"@type\":\"Article\",\"@id\":\"https:\\\/\\\/www.meydan.tv\\\/az\\\/article\\\/qht-lere-dovlet-desteyi-agentliyi-qrant-ayirdi-tenqidle-qarsilasdi\\\/#article\",\"isPartOf\":{\"@id\":\"https:\\\/\\\/www.meydan.tv\\\/az\\\/article\\\/qht-lere-dovlet-desteyi-agentliyi-qrant-ayirdi-tenqidle-qarsilasdi\\\/\"},\"author\":{\"name\":\"mahmud\",\"@id\":\"https:\\\/\\\/www.meydan.tv\\\/az\\\/#\\\/schema\\\/person\\\/09863e516102a829e72bedcf3f84c6b0\"},\"headline\":\"QHT-l\u0259r\u0259 D\u00f6vl\u0259t D\u0259st\u0259yi Agentliyi qrant ay\u0131rd\u0131, t\u0259nqidl\u0259 qar\u015f\u0131la\u015fd\u0131\",\"datePublished\":\"2024-03-20T08:54:23+00:00\",\"dateModified\":\"2024-03-20T16:06:53+00:00\",\"mainEntityOfPage\":{\"@id\":\"https:\\\/\\\/www.meydan.tv\\\/az\\\/article\\\/qht-lere-dovlet-desteyi-agentliyi-qrant-ayirdi-tenqidle-qarsilasdi\\\/\"},\"wordCount\":967,\"publisher\":{\"@id\":\"https:\\\/\\\/www.meydan.tv\\\/az\\\/#organization\"},\"image\":{\"@id\":\"https:\\\/\\\/www.meydan.tv\\\/az\\\/article\\\/qht-lere-dovlet-desteyi-agentliyi-qrant-ayirdi-tenqidle-qarsilasdi\\\/#primaryimage\"},\"thumbnailUrl\":\"https:\\\/\\\/www.meydan.tv\\\/wp-content\\\/uploads\\\/qht-dda.jpg\",\"articleSection\":[\"Siyas\u0259t\",\"T\u00f6vsiy\u0259\",\"X\u0259b\u0259rl\u0259r\"],\"inLanguage\":\"az\"},{\"@type\":\"WebPage\",\"@id\":\"https:\\\/\\\/www.meydan.tv\\\/az\\\/article\\\/qht-lere-dovlet-desteyi-agentliyi-qrant-ayirdi-tenqidle-qarsilasdi\\\/\",\"url\":\"https:\\\/\\\/www.meydan.tv\\\/az\\\/article\\\/qht-lere-dovlet-desteyi-agentliyi-qrant-ayirdi-tenqidle-qarsilasdi\\\/\",\"name\":\"QHT-l\u0259r\u0259 D\u00f6vl\u0259t D\u0259st\u0259yi Agentliyi qrant ay\u0131rd\u0131, t\u0259nqidl\u0259 qar\u015f\u0131la\u015fd\u0131 - MEYDAN.TV\",\"isPartOf\":{\"@id\":\"https:\\\/\\\/www.meydan.tv\\\/az\\\/#website\"},\"primaryImageOfPage\":{\"@id\":\"https:\\\/\\\/www.meydan.tv\\\/az\\\/article\\\/qht-lere-dovlet-desteyi-agentliyi-qrant-ayirdi-tenqidle-qarsilasdi\\\/#primaryimage\"},\"image\":{\"@id\":\"https:\\\/\\\/www.meydan.tv\\\/az\\\/article\\\/qht-lere-dovlet-desteyi-agentliyi-qrant-ayirdi-tenqidle-qarsilasdi\\\/#primaryimage\"},\"thumbnailUrl\":\"https:\\\/\\\/www.meydan.tv\\\/wp-content\\\/uploads\\\/qht-dda.jpg\",\"datePublished\":\"2024-03-20T08:54:23+00:00\",\"dateModified\":\"2024-03-20T16:06:53+00:00\",\"breadcrumb\":{\"@id\":\"https:\\\/\\\/www.meydan.tv\\\/az\\\/article\\\/qht-lere-dovlet-desteyi-agentliyi-qrant-ayirdi-tenqidle-qarsilasdi\\\/#breadcrumb\"},\"inLanguage\":\"az\",\"potentialAction\":[{\"@type\":\"ReadAction\",\"target\":[\"https:\\\/\\\/www.meydan.tv\\\/az\\\/article\\\/qht-lere-dovlet-desteyi-agentliyi-qrant-ayirdi-tenqidle-qarsilasdi\\\/\"]}]},{\"@type\":\"ImageObject\",\"inLanguage\":\"az\",\"@id\":\"https:\\\/\\\/www.meydan.tv\\\/az\\\/article\\\/qht-lere-dovlet-desteyi-agentliyi-qrant-ayirdi-tenqidle-qarsilasdi\\\/#primaryimage\",\"url\":\"https:\\\/\\\/www.meydan.tv\\\/wp-content\\\/uploads\\\/qht-dda.jpg\",\"contentUrl\":\"https:\\\/\\\/www.meydan.tv\\\/wp-content\\\/uploads\\\/qht-dda.jpg\",\"width\":769,\"height\":500,\"caption\":\"Qeyri-H\u00f6kum\u0259t T\u0259\u015fkilatlar\u0131na D\u00f6vl\u0259t D\u0259st\u0259yi Agentliyi\"},{\"@type\":\"BreadcrumbList\",\"@id\":\"https:\\\/\\\/www.meydan.tv\\\/az\\\/article\\\/qht-lere-dovlet-desteyi-agentliyi-qrant-ayirdi-tenqidle-qarsilasdi\\\/#breadcrumb\",\"itemListElement\":[{\"@type\":\"ListItem\",\"position\":1,\"name\":\"Ana s\u0259hif\u0259\",\"item\":\"https:\\\/\\\/www.meydan.tv\\\/az\\\/\"},{\"@type\":\"ListItem\",\"position\":2,\"name\":\"X\u0259b\u0259rl\u0259r\",\"item\":\"https:\\\/\\\/www.meydan.tv\\\/az\\\/section\\\/xeberler\\\/\"},{\"@type\":\"ListItem\",\"position\":3,\"name\":\"QHT-l\u0259r\u0259 D\u00f6vl\u0259t D\u0259st\u0259yi Agentliyi qrant ay\u0131rd\u0131, t\u0259nqidl\u0259 qar\u015f\u0131la\u015fd\u0131\"}]},{\"@type\":\"WebSite\",\"@id\":\"https:\\\/\\\/www.meydan.tv\\\/az\\\/#website\",\"url\":\"https:\\\/\\\/www.meydan.tv\\\/az\\\/\",\"name\":\"MEYDAN.TV\",\"description\":\"Meydan TV Az\u0259rbaycan\u0131n media m\u0259kan\u0131ndak\u0131 alternativ s\u0259sidir\",\"publisher\":{\"@id\":\"https:\\\/\\\/www.meydan.tv\\\/az\\\/#organization\"},\"potentialAction\":[{\"@type\":\"SearchAction\",\"target\":{\"@type\":\"EntryPoint\",\"urlTemplate\":\"https:\\\/\\\/www.meydan.tv\\\/az\\\/?s={search_term_string}\"},\"query-input\":{\"@type\":\"PropertyValueSpecification\",\"valueRequired\":true,\"valueName\":\"search_term_string\"}}],\"inLanguage\":\"az\"},{\"@type\":\"Organization\",\"@id\":\"https:\\\/\\\/www.meydan.tv\\\/az\\\/#organization\",\"name\":\"Meydan TV\",\"url\":\"https:\\\/\\\/www.meydan.tv\\\/az\\\/\",\"logo\":{\"@type\":\"ImageObject\",\"inLanguage\":\"az\",\"@id\":\"https:\\\/\\\/www.meydan.tv\\\/az\\\/#\\\/schema\\\/logo\\\/image\\\/\",\"url\":\"https:\\\/\\\/www.meydan.tv\\\/wp-content\\\/uploads\\\/2021\\\/07\\\/meydan-logo.svg\",\"contentUrl\":\"https:\\\/\\\/www.meydan.tv\\\/wp-content\\\/uploads\\\/2021\\\/07\\\/meydan-logo.svg\",\"width\":195,\"height\":46,\"caption\":\"Meydan TV\"},\"image\":{\"@id\":\"https:\\\/\\\/www.meydan.tv\\\/az\\\/#\\\/schema\\\/logo\\\/image\\\/\"}},{\"@type\":\"Person\",\"@id\":\"https:\\\/\\\/www.meydan.tv\\\/az\\\/#\\\/schema\\\/person\\\/09863e516102a829e72bedcf3f84c6b0\",\"name\":\"mahmud\"}]}<\/script>\n<!-- \/ Yoast SEO plugin. -->","yoast_head_json":{"title":"QHT-l\u0259r\u0259 D\u00f6vl\u0259t D\u0259st\u0259yi Agentliyi qrant ay\u0131rd\u0131, t\u0259nqidl\u0259 qar\u015f\u0131la\u015fd\u0131 - MEYDAN.TV","robots":{"index":"index","follow":"follow","max-snippet":"max-snippet:-1","max-image-preview":"max-image-preview:large","max-video-preview":"max-video-preview:-1"},"canonical":"https:\/\/www.meydan.tv\/az\/article\/qht-lere-dovlet-desteyi-agentliyi-qrant-ayirdi-tenqidle-qarsilasdi\/","og_locale":"az_AZ","og_type":"article","og_title":"QHT-l\u0259r\u0259 D\u00f6vl\u0259t D\u0259st\u0259yi Agentliyi qrant ay\u0131rd\u0131, t\u0259nqidl\u0259 qar\u015f\u0131la\u015fd\u0131 - MEYDAN.TV","og_description":"Layih\u0259l\u0259rin \u0259ks\u0259riyy\u0259ti \u201cQ\u0259rbi Az\u0259rbaycana qay\u0131d\u0131\u015f prosesi \u00e7\u0259r\u00e7iv\u0259sind\u0259\u201ddir Qeyri-H\u00f6kum\u0259t T\u0259\u015fkilatlar\u0131na D\u00f6vl\u0259t ... Davam\u0131","og_url":"https:\/\/www.meydan.tv\/az\/article\/qht-lere-dovlet-desteyi-agentliyi-qrant-ayirdi-tenqidle-qarsilasdi\/","og_site_name":"MEYDAN.TV","article_published_time":"2024-03-20T08:54:23+00:00","article_modified_time":"2024-03-20T16:06:53+00:00","og_image":[{"width":769,"height":500,"url":"https:\/\/www.meydan.tv\/wp-content\/uploads\/qht-dda.jpg","type":"image\/jpeg"}],"author":"mahmud","twitter_card":"summary_large_image","schema":{"@context":"https:\/\/schema.org","@graph":[{"@type":"Article","@id":"https:\/\/www.meydan.tv\/az\/article\/qht-lere-dovlet-desteyi-agentliyi-qrant-ayirdi-tenqidle-qarsilasdi\/#article","isPartOf":{"@id":"https:\/\/www.meydan.tv\/az\/article\/qht-lere-dovlet-desteyi-agentliyi-qrant-ayirdi-tenqidle-qarsilasdi\/"},"author":{"name":"mahmud","@id":"https:\/\/www.meydan.tv\/az\/#\/schema\/person\/09863e516102a829e72bedcf3f84c6b0"},"headline":"QHT-l\u0259r\u0259 D\u00f6vl\u0259t D\u0259st\u0259yi Agentliyi qrant ay\u0131rd\u0131, t\u0259nqidl\u0259 qar\u015f\u0131la\u015fd\u0131","datePublished":"2024-03-20T08:54:23+00:00","dateModified":"2024-03-20T16:06:53+00:00","mainEntityOfPage":{"@id":"https:\/\/www.meydan.tv\/az\/article\/qht-lere-dovlet-desteyi-agentliyi-qrant-ayirdi-tenqidle-qarsilasdi\/"},"wordCount":967,"publisher":{"@id":"https:\/\/www.meydan.tv\/az\/#organization"},"image":{"@id":"https:\/\/www.meydan.tv\/az\/article\/qht-lere-dovlet-desteyi-agentliyi-qrant-ayirdi-tenqidle-qarsilasdi\/#primaryimage"},"thumbnailUrl":"https:\/\/www.meydan.tv\/wp-content\/uploads\/qht-dda.jpg","articleSection":["Siyas\u0259t","T\u00f6vsiy\u0259","X\u0259b\u0259rl\u0259r"],"inLanguage":"az"},{"@type":"WebPage","@id":"https:\/\/www.meydan.tv\/az\/article\/qht-lere-dovlet-desteyi-agentliyi-qrant-ayirdi-tenqidle-qarsilasdi\/","url":"https:\/\/www.meydan.tv\/az\/article\/qht-lere-dovlet-desteyi-agentliyi-qrant-ayirdi-tenqidle-qarsilasdi\/","name":"QHT-l\u0259r\u0259 D\u00f6vl\u0259t D\u0259st\u0259yi Agentliyi qrant ay\u0131rd\u0131, t\u0259nqidl\u0259 qar\u015f\u0131la\u015fd\u0131 - MEYDAN.TV","isPartOf":{"@id":"https:\/\/www.meydan.tv\/az\/#website"},"primaryImageOfPage":{"@id":"https:\/\/www.meydan.tv\/az\/article\/qht-lere-dovlet-desteyi-agentliyi-qrant-ayirdi-tenqidle-qarsilasdi\/#primaryimage"},"image":{"@id":"https:\/\/www.meydan.tv\/az\/article\/qht-lere-dovlet-desteyi-agentliyi-qrant-ayirdi-tenqidle-qarsilasdi\/#primaryimage"},"thumbnailUrl":"https:\/\/www.meydan.tv\/wp-content\/uploads\/qht-dda.jpg","datePublished":"2024-03-20T08:54:23+00:00","dateModified":"2024-03-20T16:06:53+00:00","breadcrumb":{"@id":"https:\/\/www.meydan.tv\/az\/article\/qht-lere-dovlet-desteyi-agentliyi-qrant-ayirdi-tenqidle-qarsilasdi\/#breadcrumb"},"inLanguage":"az","potentialAction":[{"@type":"ReadAction","target":["https:\/\/www.meydan.tv\/az\/article\/qht-lere-dovlet-desteyi-agentliyi-qrant-ayirdi-tenqidle-qarsilasdi\/"]}]},{"@type":"ImageObject","inLanguage":"az","@id":"https:\/\/www.meydan.tv\/az\/article\/qht-lere-dovlet-desteyi-agentliyi-qrant-ayirdi-tenqidle-qarsilasdi\/#primaryimage","url":"https:\/\/www.meydan.tv\/wp-content\/uploads\/qht-dda.jpg","contentUrl":"https:\/\/www.meydan.tv\/wp-content\/uploads\/qht-dda.jpg","width":769,"height":500,"caption":"Qeyri-H\u00f6kum\u0259t T\u0259\u015fkilatlar\u0131na D\u00f6vl\u0259t D\u0259st\u0259yi Agentliyi"},{"@type":"BreadcrumbList","@id":"https:\/\/www.meydan.tv\/az\/article\/qht-lere-dovlet-desteyi-agentliyi-qrant-ayirdi-tenqidle-qarsilasdi\/#breadcrumb","itemListElement":[{"@type":"ListItem","position":1,"name":"Ana s\u0259hif\u0259","item":"https:\/\/www.meydan.tv\/az\/"},{"@type":"ListItem","position":2,"name":"X\u0259b\u0259rl\u0259r","item":"https:\/\/www.meydan.tv\/az\/section\/xeberler\/"},{"@type":"ListItem","position":3,"name":"QHT-l\u0259r\u0259 D\u00f6vl\u0259t D\u0259st\u0259yi Agentliyi qrant ay\u0131rd\u0131, t\u0259nqidl\u0259 qar\u015f\u0131la\u015fd\u0131"}]},{"@type":"WebSite","@id":"https:\/\/www.meydan.tv\/az\/#website","url":"https:\/\/www.meydan.tv\/az\/","name":"MEYDAN.TV","description":"Meydan TV Az\u0259rbaycan\u0131n media m\u0259kan\u0131ndak\u0131 alternativ s\u0259sidir","publisher":{"@id":"https:\/\/www.meydan.tv\/az\/#organization"},"potentialAction":[{"@type":"SearchAction","target":{"@type":"EntryPoint","urlTemplate":"https:\/\/www.meydan.tv\/az\/?s={search_term_string}"},"query-input":{"@type":"PropertyValueSpecification","valueRequired":true,"valueName":"search_term_string"}}],"inLanguage":"az"},{"@type":"Organization","@id":"https:\/\/www.meydan.tv\/az\/#organization","name":"Meydan TV","url":"https:\/\/www.meydan.tv\/az\/","logo":{"@type":"ImageObject","inLanguage":"az","@id":"https:\/\/www.meydan.tv\/az\/#\/schema\/logo\/image\/","url":"https:\/\/www.meydan.tv\/wp-content\/uploads\/2021\/07\/meydan-logo.svg","contentUrl":"https:\/\/www.meydan.tv\/wp-content\/uploads\/2021\/07\/meydan-logo.svg","width":195,"height":46,"caption":"Meydan TV"},"image":{"@id":"https:\/\/www.meydan.tv\/az\/#\/schema\/logo\/image\/"}},{"@type":"Person","@id":"https:\/\/www.meydan.tv\/az\/#\/schema\/person\/09863e516102a829e72bedcf3f84c6b0","name":"mahmud"}]}},"_links":{"self":[{"href":"https:\/\/www.meydan.tv\/az\/wp-json\/wp\/v2\/posts\/301587","targetHints":{"allow":["GET"]}}],"collection":[{"href":"https:\/\/www.meydan.tv\/az\/wp-json\/wp\/v2\/posts"}],"about":[{"href":"https:\/\/www.meydan.tv\/az\/wp-json\/wp\/v2\/types\/post"}],"author":[{"embeddable":true,"href":"https:\/\/www.meydan.tv\/az\/wp-json\/wp\/v2\/users\/21"}],"replies":[{"embeddable":true,"href":"https:\/\/www.meydan.tv\/az\/wp-json\/wp\/v2\/comments?post=301587"}],"version-history":[{"count":1,"href":"https:\/\/www.meydan.tv\/az\/wp-json\/wp\/v2\/posts\/301587\/revisions"}],"predecessor-version":[{"id":301588,"href":"https:\/\/www.meydan.tv\/az\/wp-json\/wp\/v2\/posts\/301587\/revisions\/301588"}],"wp:featuredmedia":[{"embeddable":true,"href":"https:\/\/www.meydan.tv\/az\/wp-json\/wp\/v2\/media\/292841"}],"wp:attachment":[{"href":"https:\/\/www.meydan.tv\/az\/wp-json\/wp\/v2\/media?parent=301587"}],"wp:term":[{"taxonomy":"category","embeddable":true,"href":"https:\/\/www.meydan.tv\/az\/wp-json\/wp\/v2\/categories?post=301587"},{"taxonomy":"post_tag","embeddable":true,"href":"https:\/\/www.meydan.tv\/az\/wp-json\/wp\/v2\/tags?post=301587"}],"curies":[{"name":"wp","href":"https:\/\/api.w.org\/{rel}","templated":true}]}}