{"id":301583,"date":"2024-03-19T21:28:26","date_gmt":"2024-03-19T17:28:26","guid":{"rendered":"https:\/\/www.meydan.tv\/?p=301583"},"modified":"2024-03-20T13:08:33","modified_gmt":"2024-03-20T09:08:33","slug":"150-milyona-yaxin-menimsemede-ittiham-olunan-kecmis-nazir-ve-sobe-mudiri-hakim-qarsisinda","status":"publish","type":"post","link":"https:\/\/www.meydan.tv\/az\/article\/150-milyona-yaxin-menimsemede-ittiham-olunan-kecmis-nazir-ve-sobe-mudiri-hakim-qarsisinda\/","title":{"rendered":"150 milyona yax\u0131n m\u0259nims\u0259m\u0259d\u0259 ittiham olunan ke\u00e7mi\u015f nazir v\u0259 \u015f\u00f6b\u0259 m\u00fcdiri hakim qar\u015f\u0131s\u0131nda"},"content":{"rendered":"\n<p><\/p>\n\n\n\n<p><em><strong>Bir m\u00fcdd\u0259t \u0259vv\u0259l azadl\u0131\u011fa burax\u0131lan m\u0259murlar\u0131n m\u0259hk\u0259m\u0259si ba\u015flay\u0131r<\/strong><\/em><\/p>\n\n\n\n<p>150 milyona yax\u0131n m\u0259nims\u0259m\u0259d\u0259 ittiham olunan iki m\u0259murun &#8211; Nax\u00e7\u0131van Muxtar Respublikas\u0131n\u0131n ke\u00e7mi\u015f maliyy\u0259 naziri R\u0259fael \u018fliyevl\u0259 D\u00f6vl\u0259t G\u00f6mr\u00fck Komit\u0259sinin G\u00f6mr\u00fck tarifl\u0259rinin t\u0259nziml\u0259nm\u0259si v\u0259 \u00f6d\u0259ni\u015fl\u0259r \u015f\u00f6b\u0259sinin sabiq r\u0259isi M\u0259nsur \u018fsg\u0259rovun m\u0259hk\u0259m\u0259si ba\u015flay\u0131r. Onlar aprelin 1-d\u0259 Nax\u00e7\u0131van A\u011f\u0131r Cinay\u0259tl\u0259r M\u0259hk\u0259m\u0259sind\u0259 hakim qar\u015f\u0131s\u0131na \u00e7\u0131xar\u0131lacaq. H\u0259min g\u00fcn sabiq nazir v\u0259 \u015f\u00f6b\u0259 m\u00fcdirinin i\u015fi \u00fczr\u0259 m\u0259hk\u0259m\u0259nin haz\u0131rl\u0131q iclas\u0131 ke\u00e7iril\u0259c\u0259k.<\/p>\n\n\n\n<p>R\u0259fael \u018fliyev v\u0259 M\u0259nsur \u018fsg\u0259rovun i\u015fin\u0259 baxmaq Faiq Heyd\u0259rovun s\u0259drliyil\u0259, S\u0259xav\u0259t H\u00fcseynov v\u0259 H\u00fcseyn M\u0259mm\u0259dovdan ibar\u0259t hakiml\u0259r kollegiyas\u0131na h\u0259val\u0259 olunub.<\/p>\n\n\n\n<p>Rafael \u018fliyev v\u0259 M\u0259nsur \u018fsg\u0259rov 2022-ci ilin noyabr\u0131nda D\u00f6vl\u0259t T\u0259hl\u00fck\u0259sizliyi Xidm\u0259tinin Nax\u00e7\u0131vanda ke\u00e7irdiyi \u0259m\u0259liyyatlar zaman\u0131 saxlan\u0131l\u0131b. Bu \u0259m\u0259liyyatlar n\u0259tic\u0259sind\u0259 h\u0259bs olunanlar aras\u0131nda adlar\u0131 \u00e7\u0259kil\u0259n iki n\u0259f\u0259rd\u0259n ba\u015fqa Nax\u00e7\u0131van\u0131n G\u00f6mr\u00fck Komit\u0259sinin s\u0259dri S\u0259h\u0259t H\u0259bibb\u0259yli, Muxtar Respublikan\u0131n \u015e\u0259h\u0259rsalma v\u0259 Arxitektura Komit\u0259sinin r\u0259hb\u0259ri Hicran R\u00fcst\u0259mov, Penitensiar Xidm\u0259tin r\u0259isi Tofiq H\u0259s\u0259nov da vard\u0131. Onlar\u0131n ham\u0131s\u0131 saxlan\u0131laraq, Bak\u0131ya \u2013 DTX-n\u0131n istintaq t\u0259cridxanas\u0131na g\u0259tirilmi\u015fdi.<\/p>\n\n\n\n<p>Lakin haz\u0131rda bunlardan yaln\u0131z Tofiq H\u0259s\u0259nov h\u0259bsd\u0259dir v\u0259 bir ne\u00e7\u0259 ayd\u0131r ki, Nax\u00e7\u0131van A\u011f\u0131r Cinay\u0259tl\u0259r m\u0259hk\u0259m\u0259sind\u0259 onun i\u015fin\u0259 bax\u0131l\u0131r. Dig\u0259rl\u0259ri haqq\u0131nda \u0259vv\u0259l h\u0259bs q\u0259timkan t\u0259dbiri se\u00e7ilib, bir ne\u00e7\u0259 d\u0259f\u0259 uzad\u0131lsa da, sonuncu uzad\u0131lan m\u00fcdd\u0259t ba\u015fa \u00e7atandan sonra azadl\u0131\u011fa burax\u0131l\u0131blar. Lakin bar\u0259l\u0259rind\u0259ki cinay\u0259t i\u015fin\u0259 xitam verilm\u0259yib. Y\u0259ni azadl\u0131qda olsalar da, onlara verilmi\u015f ittihamlar \u00fczr\u0259 istintaq davam etdirilib. Bug\u00fcnl\u0259rd\u0259 d\u0259 R\u0259fael \u018fliyev v\u0259 M\u0259nsur \u018fsg\u0259rov haqq\u0131nda cinay\u0259t i\u015finin istintaq\u0131 tamamlanaraq, m\u0259hk\u0259m\u0259y\u0259 g\u00f6nd\u0259rilib.<\/p>\n\n\n\n<p>Adlar\u0131 sadalanan m\u0259murlar\u0131n ham\u0131s\u0131 Cinay\u0259t M\u0259c\u0259ll\u0259sinin 179.4 (x\u00fcsusil\u0259 k\u00fclli miqdarda m\u0259nims\u0259m\u0259) v\u0259 ba\u015fqa madd\u0259l\u0259ril\u0259 ittiham olunur.<\/p>\n\n\n\n<p>R\u0259fael \u018fliyev 2020-ci ilin avqustunda Nax\u00e7\u0131van Ali M\u0259clisinin s\u0259dri Vasif Tal\u0131bovun s\u0259r\u0259ncam\u0131 \u0259sas\u0131nda Muxtar Respublikan\u0131n Maliyy\u0259 naziri t\u0259yin edilib. O vaxta q\u0259d\u0259r is\u0259 G\u00f6mr\u00fck Komit\u0259sinin G\u00f6mr\u00fck tarifl\u0259rinin t\u0259nziml\u0259nm\u0259si v\u0259 \u00f6d\u0259ni\u015fl\u0259r \u015f\u00f6b\u0259sinin r\u0259isi idi.<\/p>\n\n\n\n<p>R\u0259fael \u018fliyevd\u0259n sonra M\u0259nsur \u018fsg\u0259rov G\u00f6mr\u00fck Komit\u0259sind\u0259 onun \u0259v\u0259zin\u0259 \u015f\u00f6b\u0259 m\u00fcdiri t\u0259yin edilib.<\/p>\n\n\n\n<p>R\u0259fael \u018fliyev 144 milyon, M\u0259nsur \u018fsg\u0259rov 132 milyon manat m\u0259nims\u0259m\u0259d\u0259 ittiham olunur.<\/p>\n\n\n\n<p>H\u0259bs olunub azadl\u0131\u011fa burax\u0131lanlardan G\u00f6mr\u00fck Komit\u0259sinin sabiq s\u0259dri S\u0259h\u0259t H\u0259bibb\u0259yli Az\u0259rbaycan Milli Elml\u0259r Akademiyas\u0131n\u0131n prezidenti \u0130sa H\u0259bibb\u0259ylinin o\u011fludur.<\/p>\n","protected":false},"excerpt":{"rendered":"<p>Bir m\u00fcdd\u0259t \u0259vv\u0259l azadl\u0131\u011fa burax\u0131lan m\u0259murlar\u0131n m\u0259hk\u0259m\u0259si ba\u015flay\u0131r 150 milyona &#8230; <\/p>\n<p class=\"read-more-container\"><a title=\"150 milyona yax\u0131n m\u0259nims\u0259m\u0259d\u0259 ittiham olunan ke\u00e7mi\u015f nazir v\u0259 \u015f\u00f6b\u0259 m\u00fcdiri hakim qar\u015f\u0131s\u0131nda\" class=\"read-more button\" href=\"https:\/\/www.meydan.tv\/az\/article\/150-milyona-yaxin-menimsemede-ittiham-olunan-kecmis-nazir-ve-sobe-mudiri-hakim-qarsisinda\/#more-301583\" aria-label=\"Read more about 150 milyona yax\u0131n m\u0259nims\u0259m\u0259d\u0259 ittiham olunan ke\u00e7mi\u015f nazir v\u0259 \u015f\u00f6b\u0259 m\u00fcdiri hakim qar\u015f\u0131s\u0131nda\">Davam\u0131<\/a><\/p>\n","protected":false},"author":8,"featured_media":260251,"comment_status":"closed","ping_status":"closed","sticky":false,"template":"","format":"standard","meta":{"_acf_changed":false,"_sitemap_exclude":false,"_sitemap_priority":"","_sitemap_frequency":"","footnotes":""},"categories":[60,56],"tags":[],"class_list":["post-301583","post","type-post","status-publish","format-standard","has-post-thumbnail","hentry","category-bolge","category-xeberler","infinite-scroll-item","generate-columns","tablet-grid-50","mobile-grid-100","grid-parent","grid-33","no-featured-image-padding"],"acf":[],"yoast_head":"<!-- This site is optimized with the Yoast SEO plugin v27.4 - https:\/\/yoast.com\/product\/yoast-seo-wordpress\/ -->\n<title>150 milyona yax\u0131n m\u0259nims\u0259m\u0259d\u0259 ittiham olunan ke\u00e7mi\u015f nazir v\u0259 \u015f\u00f6b\u0259 m\u00fcdiri hakim qar\u015f\u0131s\u0131nda - MEYDAN.TV<\/title>\n<meta name=\"robots\" content=\"index, follow, max-snippet:-1, max-image-preview:large, max-video-preview:-1\" \/>\n<link rel=\"canonical\" href=\"https:\/\/www.meydan.tv\/az\/article\/150-milyona-yaxin-menimsemede-ittiham-olunan-kecmis-nazir-ve-sobe-mudiri-hakim-qarsisinda\/\" \/>\n<meta property=\"og:locale\" content=\"az_AZ\" \/>\n<meta property=\"og:type\" content=\"article\" \/>\n<meta property=\"og:title\" content=\"150 milyona yax\u0131n m\u0259nims\u0259m\u0259d\u0259 ittiham olunan ke\u00e7mi\u015f nazir v\u0259 \u015f\u00f6b\u0259 m\u00fcdiri hakim qar\u015f\u0131s\u0131nda - MEYDAN.TV\" \/>\n<meta property=\"og:description\" content=\"Bir m\u00fcdd\u0259t \u0259vv\u0259l azadl\u0131\u011fa burax\u0131lan m\u0259murlar\u0131n m\u0259hk\u0259m\u0259si ba\u015flay\u0131r 150 milyona ... Davam\u0131\" \/>\n<meta property=\"og:url\" content=\"https:\/\/www.meydan.tv\/az\/article\/150-milyona-yaxin-menimsemede-ittiham-olunan-kecmis-nazir-ve-sobe-mudiri-hakim-qarsisinda\/\" \/>\n<meta property=\"og:site_name\" content=\"MEYDAN.TV\" \/>\n<meta property=\"article:published_time\" content=\"2024-03-19T17:28:26+00:00\" \/>\n<meta property=\"article:modified_time\" content=\"2024-03-20T09:08:33+00:00\" \/>\n<meta property=\"og:image\" content=\"https:\/\/www.meydan.tv\/wp-content\/uploads\/image-from-ios-8.jpg\" \/>\n\t<meta property=\"og:image:width\" content=\"1500\" \/>\n\t<meta property=\"og:image:height\" content=\"844\" \/>\n\t<meta property=\"og:image:type\" content=\"image\/jpeg\" \/>\n<meta name=\"author\" content=\"elli\" \/>\n<meta name=\"twitter:card\" content=\"summary_large_image\" \/>\n<meta name=\"twitter:creator\" content=\"@elli\" \/>\n<script type=\"application\/ld+json\" class=\"yoast-schema-graph\">{\"@context\":\"https:\\\/\\\/schema.org\",\"@graph\":[{\"@type\":\"Article\",\"@id\":\"https:\\\/\\\/www.meydan.tv\\\/az\\\/article\\\/150-milyona-yaxin-menimsemede-ittiham-olunan-kecmis-nazir-ve-sobe-mudiri-hakim-qarsisinda\\\/#article\",\"isPartOf\":{\"@id\":\"https:\\\/\\\/www.meydan.tv\\\/az\\\/article\\\/150-milyona-yaxin-menimsemede-ittiham-olunan-kecmis-nazir-ve-sobe-mudiri-hakim-qarsisinda\\\/\"},\"author\":{\"name\":\"elli\",\"@id\":\"https:\\\/\\\/www.meydan.tv\\\/az\\\/#\\\/schema\\\/person\\\/9cdbecf90d17180ce1dfbd95b08dcf47\"},\"headline\":\"150 milyona yax\u0131n m\u0259nims\u0259m\u0259d\u0259 ittiham olunan ke\u00e7mi\u015f nazir v\u0259 \u015f\u00f6b\u0259 m\u00fcdiri hakim qar\u015f\u0131s\u0131nda\",\"datePublished\":\"2024-03-19T17:28:26+00:00\",\"dateModified\":\"2024-03-20T09:08:33+00:00\",\"mainEntityOfPage\":{\"@id\":\"https:\\\/\\\/www.meydan.tv\\\/az\\\/article\\\/150-milyona-yaxin-menimsemede-ittiham-olunan-kecmis-nazir-ve-sobe-mudiri-hakim-qarsisinda\\\/\"},\"wordCount\":584,\"publisher\":{\"@id\":\"https:\\\/\\\/www.meydan.tv\\\/az\\\/#organization\"},\"image\":{\"@id\":\"https:\\\/\\\/www.meydan.tv\\\/az\\\/article\\\/150-milyona-yaxin-menimsemede-ittiham-olunan-kecmis-nazir-ve-sobe-mudiri-hakim-qarsisinda\\\/#primaryimage\"},\"thumbnailUrl\":\"https:\\\/\\\/www.meydan.tv\\\/wp-content\\\/uploads\\\/image-from-ios-8.jpg\",\"articleSection\":[\"B\u00f6lg\u0259\",\"X\u0259b\u0259rl\u0259r\"],\"inLanguage\":\"az\"},{\"@type\":\"WebPage\",\"@id\":\"https:\\\/\\\/www.meydan.tv\\\/az\\\/article\\\/150-milyona-yaxin-menimsemede-ittiham-olunan-kecmis-nazir-ve-sobe-mudiri-hakim-qarsisinda\\\/\",\"url\":\"https:\\\/\\\/www.meydan.tv\\\/az\\\/article\\\/150-milyona-yaxin-menimsemede-ittiham-olunan-kecmis-nazir-ve-sobe-mudiri-hakim-qarsisinda\\\/\",\"name\":\"150 milyona yax\u0131n m\u0259nims\u0259m\u0259d\u0259 ittiham olunan ke\u00e7mi\u015f nazir v\u0259 \u015f\u00f6b\u0259 m\u00fcdiri hakim qar\u015f\u0131s\u0131nda - MEYDAN.TV\",\"isPartOf\":{\"@id\":\"https:\\\/\\\/www.meydan.tv\\\/az\\\/#website\"},\"primaryImageOfPage\":{\"@id\":\"https:\\\/\\\/www.meydan.tv\\\/az\\\/article\\\/150-milyona-yaxin-menimsemede-ittiham-olunan-kecmis-nazir-ve-sobe-mudiri-hakim-qarsisinda\\\/#primaryimage\"},\"image\":{\"@id\":\"https:\\\/\\\/www.meydan.tv\\\/az\\\/article\\\/150-milyona-yaxin-menimsemede-ittiham-olunan-kecmis-nazir-ve-sobe-mudiri-hakim-qarsisinda\\\/#primaryimage\"},\"thumbnailUrl\":\"https:\\\/\\\/www.meydan.tv\\\/wp-content\\\/uploads\\\/image-from-ios-8.jpg\",\"datePublished\":\"2024-03-19T17:28:26+00:00\",\"dateModified\":\"2024-03-20T09:08:33+00:00\",\"breadcrumb\":{\"@id\":\"https:\\\/\\\/www.meydan.tv\\\/az\\\/article\\\/150-milyona-yaxin-menimsemede-ittiham-olunan-kecmis-nazir-ve-sobe-mudiri-hakim-qarsisinda\\\/#breadcrumb\"},\"inLanguage\":\"az\",\"potentialAction\":[{\"@type\":\"ReadAction\",\"target\":[\"https:\\\/\\\/www.meydan.tv\\\/az\\\/article\\\/150-milyona-yaxin-menimsemede-ittiham-olunan-kecmis-nazir-ve-sobe-mudiri-hakim-qarsisinda\\\/\"]}]},{\"@type\":\"ImageObject\",\"inLanguage\":\"az\",\"@id\":\"https:\\\/\\\/www.meydan.tv\\\/az\\\/article\\\/150-milyona-yaxin-menimsemede-ittiham-olunan-kecmis-nazir-ve-sobe-mudiri-hakim-qarsisinda\\\/#primaryimage\",\"url\":\"https:\\\/\\\/www.meydan.tv\\\/wp-content\\\/uploads\\\/image-from-ios-8.jpg\",\"contentUrl\":\"https:\\\/\\\/www.meydan.tv\\\/wp-content\\\/uploads\\\/image-from-ios-8.jpg\",\"width\":1500,\"height\":844,\"caption\":\"M\u0259hk\u0259m\u0259. \u0130ll\u00fcstrasiya: Meydan TV\"},{\"@type\":\"BreadcrumbList\",\"@id\":\"https:\\\/\\\/www.meydan.tv\\\/az\\\/article\\\/150-milyona-yaxin-menimsemede-ittiham-olunan-kecmis-nazir-ve-sobe-mudiri-hakim-qarsisinda\\\/#breadcrumb\",\"itemListElement\":[{\"@type\":\"ListItem\",\"position\":1,\"name\":\"Ana s\u0259hif\u0259\",\"item\":\"https:\\\/\\\/www.meydan.tv\\\/az\\\/\"},{\"@type\":\"ListItem\",\"position\":2,\"name\":\"B\u00f6lg\u0259\",\"item\":\"https:\\\/\\\/www.meydan.tv\\\/az\\\/section\\\/bolge\\\/\"},{\"@type\":\"ListItem\",\"position\":3,\"name\":\"150 milyona yax\u0131n m\u0259nims\u0259m\u0259d\u0259 ittiham olunan ke\u00e7mi\u015f nazir v\u0259 \u015f\u00f6b\u0259 m\u00fcdiri hakim qar\u015f\u0131s\u0131nda\"}]},{\"@type\":\"WebSite\",\"@id\":\"https:\\\/\\\/www.meydan.tv\\\/az\\\/#website\",\"url\":\"https:\\\/\\\/www.meydan.tv\\\/az\\\/\",\"name\":\"MEYDAN.TV\",\"description\":\"Meydan TV Az\u0259rbaycan\u0131n media m\u0259kan\u0131ndak\u0131 alternativ s\u0259sidir\",\"publisher\":{\"@id\":\"https:\\\/\\\/www.meydan.tv\\\/az\\\/#organization\"},\"potentialAction\":[{\"@type\":\"SearchAction\",\"target\":{\"@type\":\"EntryPoint\",\"urlTemplate\":\"https:\\\/\\\/www.meydan.tv\\\/az\\\/?s={search_term_string}\"},\"query-input\":{\"@type\":\"PropertyValueSpecification\",\"valueRequired\":true,\"valueName\":\"search_term_string\"}}],\"inLanguage\":\"az\"},{\"@type\":\"Organization\",\"@id\":\"https:\\\/\\\/www.meydan.tv\\\/az\\\/#organization\",\"name\":\"Meydan TV\",\"url\":\"https:\\\/\\\/www.meydan.tv\\\/az\\\/\",\"logo\":{\"@type\":\"ImageObject\",\"inLanguage\":\"az\",\"@id\":\"https:\\\/\\\/www.meydan.tv\\\/az\\\/#\\\/schema\\\/logo\\\/image\\\/\",\"url\":\"https:\\\/\\\/www.meydan.tv\\\/wp-content\\\/uploads\\\/2021\\\/07\\\/meydan-logo.svg\",\"contentUrl\":\"https:\\\/\\\/www.meydan.tv\\\/wp-content\\\/uploads\\\/2021\\\/07\\\/meydan-logo.svg\",\"width\":195,\"height\":46,\"caption\":\"Meydan TV\"},\"image\":{\"@id\":\"https:\\\/\\\/www.meydan.tv\\\/az\\\/#\\\/schema\\\/logo\\\/image\\\/\"}},{\"@type\":\"Person\",\"@id\":\"https:\\\/\\\/www.meydan.tv\\\/az\\\/#\\\/schema\\\/person\\\/9cdbecf90d17180ce1dfbd95b08dcf47\",\"name\":\"elli\",\"sameAs\":[\"https:\\\/\\\/x.com\\\/elli\"]}]}<\/script>\n<!-- \/ Yoast SEO plugin. -->","yoast_head_json":{"title":"150 milyona yax\u0131n m\u0259nims\u0259m\u0259d\u0259 ittiham olunan ke\u00e7mi\u015f nazir v\u0259 \u015f\u00f6b\u0259 m\u00fcdiri hakim qar\u015f\u0131s\u0131nda - MEYDAN.TV","robots":{"index":"index","follow":"follow","max-snippet":"max-snippet:-1","max-image-preview":"max-image-preview:large","max-video-preview":"max-video-preview:-1"},"canonical":"https:\/\/www.meydan.tv\/az\/article\/150-milyona-yaxin-menimsemede-ittiham-olunan-kecmis-nazir-ve-sobe-mudiri-hakim-qarsisinda\/","og_locale":"az_AZ","og_type":"article","og_title":"150 milyona yax\u0131n m\u0259nims\u0259m\u0259d\u0259 ittiham olunan ke\u00e7mi\u015f nazir v\u0259 \u015f\u00f6b\u0259 m\u00fcdiri hakim qar\u015f\u0131s\u0131nda - MEYDAN.TV","og_description":"Bir m\u00fcdd\u0259t \u0259vv\u0259l azadl\u0131\u011fa burax\u0131lan m\u0259murlar\u0131n m\u0259hk\u0259m\u0259si ba\u015flay\u0131r 150 milyona ... Davam\u0131","og_url":"https:\/\/www.meydan.tv\/az\/article\/150-milyona-yaxin-menimsemede-ittiham-olunan-kecmis-nazir-ve-sobe-mudiri-hakim-qarsisinda\/","og_site_name":"MEYDAN.TV","article_published_time":"2024-03-19T17:28:26+00:00","article_modified_time":"2024-03-20T09:08:33+00:00","og_image":[{"width":1500,"height":844,"url":"https:\/\/www.meydan.tv\/wp-content\/uploads\/image-from-ios-8.jpg","type":"image\/jpeg"}],"author":"elli","twitter_card":"summary_large_image","twitter_creator":"@elli","schema":{"@context":"https:\/\/schema.org","@graph":[{"@type":"Article","@id":"https:\/\/www.meydan.tv\/az\/article\/150-milyona-yaxin-menimsemede-ittiham-olunan-kecmis-nazir-ve-sobe-mudiri-hakim-qarsisinda\/#article","isPartOf":{"@id":"https:\/\/www.meydan.tv\/az\/article\/150-milyona-yaxin-menimsemede-ittiham-olunan-kecmis-nazir-ve-sobe-mudiri-hakim-qarsisinda\/"},"author":{"name":"elli","@id":"https:\/\/www.meydan.tv\/az\/#\/schema\/person\/9cdbecf90d17180ce1dfbd95b08dcf47"},"headline":"150 milyona yax\u0131n m\u0259nims\u0259m\u0259d\u0259 ittiham olunan ke\u00e7mi\u015f nazir v\u0259 \u015f\u00f6b\u0259 m\u00fcdiri hakim qar\u015f\u0131s\u0131nda","datePublished":"2024-03-19T17:28:26+00:00","dateModified":"2024-03-20T09:08:33+00:00","mainEntityOfPage":{"@id":"https:\/\/www.meydan.tv\/az\/article\/150-milyona-yaxin-menimsemede-ittiham-olunan-kecmis-nazir-ve-sobe-mudiri-hakim-qarsisinda\/"},"wordCount":584,"publisher":{"@id":"https:\/\/www.meydan.tv\/az\/#organization"},"image":{"@id":"https:\/\/www.meydan.tv\/az\/article\/150-milyona-yaxin-menimsemede-ittiham-olunan-kecmis-nazir-ve-sobe-mudiri-hakim-qarsisinda\/#primaryimage"},"thumbnailUrl":"https:\/\/www.meydan.tv\/wp-content\/uploads\/image-from-ios-8.jpg","articleSection":["B\u00f6lg\u0259","X\u0259b\u0259rl\u0259r"],"inLanguage":"az"},{"@type":"WebPage","@id":"https:\/\/www.meydan.tv\/az\/article\/150-milyona-yaxin-menimsemede-ittiham-olunan-kecmis-nazir-ve-sobe-mudiri-hakim-qarsisinda\/","url":"https:\/\/www.meydan.tv\/az\/article\/150-milyona-yaxin-menimsemede-ittiham-olunan-kecmis-nazir-ve-sobe-mudiri-hakim-qarsisinda\/","name":"150 milyona yax\u0131n m\u0259nims\u0259m\u0259d\u0259 ittiham olunan ke\u00e7mi\u015f nazir v\u0259 \u015f\u00f6b\u0259 m\u00fcdiri hakim qar\u015f\u0131s\u0131nda - MEYDAN.TV","isPartOf":{"@id":"https:\/\/www.meydan.tv\/az\/#website"},"primaryImageOfPage":{"@id":"https:\/\/www.meydan.tv\/az\/article\/150-milyona-yaxin-menimsemede-ittiham-olunan-kecmis-nazir-ve-sobe-mudiri-hakim-qarsisinda\/#primaryimage"},"image":{"@id":"https:\/\/www.meydan.tv\/az\/article\/150-milyona-yaxin-menimsemede-ittiham-olunan-kecmis-nazir-ve-sobe-mudiri-hakim-qarsisinda\/#primaryimage"},"thumbnailUrl":"https:\/\/www.meydan.tv\/wp-content\/uploads\/image-from-ios-8.jpg","datePublished":"2024-03-19T17:28:26+00:00","dateModified":"2024-03-20T09:08:33+00:00","breadcrumb":{"@id":"https:\/\/www.meydan.tv\/az\/article\/150-milyona-yaxin-menimsemede-ittiham-olunan-kecmis-nazir-ve-sobe-mudiri-hakim-qarsisinda\/#breadcrumb"},"inLanguage":"az","potentialAction":[{"@type":"ReadAction","target":["https:\/\/www.meydan.tv\/az\/article\/150-milyona-yaxin-menimsemede-ittiham-olunan-kecmis-nazir-ve-sobe-mudiri-hakim-qarsisinda\/"]}]},{"@type":"ImageObject","inLanguage":"az","@id":"https:\/\/www.meydan.tv\/az\/article\/150-milyona-yaxin-menimsemede-ittiham-olunan-kecmis-nazir-ve-sobe-mudiri-hakim-qarsisinda\/#primaryimage","url":"https:\/\/www.meydan.tv\/wp-content\/uploads\/image-from-ios-8.jpg","contentUrl":"https:\/\/www.meydan.tv\/wp-content\/uploads\/image-from-ios-8.jpg","width":1500,"height":844,"caption":"M\u0259hk\u0259m\u0259. \u0130ll\u00fcstrasiya: Meydan TV"},{"@type":"BreadcrumbList","@id":"https:\/\/www.meydan.tv\/az\/article\/150-milyona-yaxin-menimsemede-ittiham-olunan-kecmis-nazir-ve-sobe-mudiri-hakim-qarsisinda\/#breadcrumb","itemListElement":[{"@type":"ListItem","position":1,"name":"Ana s\u0259hif\u0259","item":"https:\/\/www.meydan.tv\/az\/"},{"@type":"ListItem","position":2,"name":"B\u00f6lg\u0259","item":"https:\/\/www.meydan.tv\/az\/section\/bolge\/"},{"@type":"ListItem","position":3,"name":"150 milyona yax\u0131n m\u0259nims\u0259m\u0259d\u0259 ittiham olunan ke\u00e7mi\u015f nazir v\u0259 \u015f\u00f6b\u0259 m\u00fcdiri hakim qar\u015f\u0131s\u0131nda"}]},{"@type":"WebSite","@id":"https:\/\/www.meydan.tv\/az\/#website","url":"https:\/\/www.meydan.tv\/az\/","name":"MEYDAN.TV","description":"Meydan TV Az\u0259rbaycan\u0131n media m\u0259kan\u0131ndak\u0131 alternativ s\u0259sidir","publisher":{"@id":"https:\/\/www.meydan.tv\/az\/#organization"},"potentialAction":[{"@type":"SearchAction","target":{"@type":"EntryPoint","urlTemplate":"https:\/\/www.meydan.tv\/az\/?s={search_term_string}"},"query-input":{"@type":"PropertyValueSpecification","valueRequired":true,"valueName":"search_term_string"}}],"inLanguage":"az"},{"@type":"Organization","@id":"https:\/\/www.meydan.tv\/az\/#organization","name":"Meydan TV","url":"https:\/\/www.meydan.tv\/az\/","logo":{"@type":"ImageObject","inLanguage":"az","@id":"https:\/\/www.meydan.tv\/az\/#\/schema\/logo\/image\/","url":"https:\/\/www.meydan.tv\/wp-content\/uploads\/2021\/07\/meydan-logo.svg","contentUrl":"https:\/\/www.meydan.tv\/wp-content\/uploads\/2021\/07\/meydan-logo.svg","width":195,"height":46,"caption":"Meydan TV"},"image":{"@id":"https:\/\/www.meydan.tv\/az\/#\/schema\/logo\/image\/"}},{"@type":"Person","@id":"https:\/\/www.meydan.tv\/az\/#\/schema\/person\/9cdbecf90d17180ce1dfbd95b08dcf47","name":"elli","sameAs":["https:\/\/x.com\/elli"]}]}},"_links":{"self":[{"href":"https:\/\/www.meydan.tv\/az\/wp-json\/wp\/v2\/posts\/301583","targetHints":{"allow":["GET"]}}],"collection":[{"href":"https:\/\/www.meydan.tv\/az\/wp-json\/wp\/v2\/posts"}],"about":[{"href":"https:\/\/www.meydan.tv\/az\/wp-json\/wp\/v2\/types\/post"}],"author":[{"embeddable":true,"href":"https:\/\/www.meydan.tv\/az\/wp-json\/wp\/v2\/users\/8"}],"replies":[{"embeddable":true,"href":"https:\/\/www.meydan.tv\/az\/wp-json\/wp\/v2\/comments?post=301583"}],"version-history":[{"count":2,"href":"https:\/\/www.meydan.tv\/az\/wp-json\/wp\/v2\/posts\/301583\/revisions"}],"predecessor-version":[{"id":301593,"href":"https:\/\/www.meydan.tv\/az\/wp-json\/wp\/v2\/posts\/301583\/revisions\/301593"}],"wp:featuredmedia":[{"embeddable":true,"href":"https:\/\/www.meydan.tv\/az\/wp-json\/wp\/v2\/media\/260251"}],"wp:attachment":[{"href":"https:\/\/www.meydan.tv\/az\/wp-json\/wp\/v2\/media?parent=301583"}],"wp:term":[{"taxonomy":"category","embeddable":true,"href":"https:\/\/www.meydan.tv\/az\/wp-json\/wp\/v2\/categories?post=301583"},{"taxonomy":"post_tag","embeddable":true,"href":"https:\/\/www.meydan.tv\/az\/wp-json\/wp\/v2\/tags?post=301583"}],"curies":[{"name":"wp","href":"https:\/\/api.w.org\/{rel}","templated":true}]}}