{"id":301565,"date":"2024-03-19T17:01:06","date_gmt":"2024-03-19T13:01:06","guid":{"rendered":"https:\/\/www.meydan.tv\/?p=301565"},"modified":"2024-03-19T17:01:10","modified_gmt":"2024-03-19T13:01:10","slug":"azyaslinin-olumunde-teqsirlendirilen-idmanciya-hokm-oxundu","status":"publish","type":"post","link":"https:\/\/www.meydan.tv\/az\/article\/azyaslinin-olumunde-teqsirlendirilen-idmanciya-hokm-oxundu\/","title":{"rendered":"Azya\u015fl\u0131n\u0131n \u00f6l\u00fcm\u00fcnd\u0259 t\u0259qsirl\u0259ndiril\u0259n idman\u00e7\u0131ya h\u00f6km oxundu"},"content":{"rendered":"\n<p><\/p>\n\n\n\n<p><strong><em>\u201cM\u0259n idman\u00e7\u0131 kimi bu \u00f6lk\u0259nin bayra\u011f\u0131n\u0131 qald\u0131randa harda idiniz?\u201d<\/em><\/strong><\/p>\n\n\n\n<p>Sumqay\u0131tdak\u0131 m\u0259kt\u0259bl\u0259rd\u0259n birinin idman zal\u0131nda m\u0259\u015fq zaman\u0131 7 ya\u015fl\u0131 F\u0259rid Bakarovu d\u00f6y\u00fcb \u00f6ld\u00fcrm\u0259kd\u0259 ittiham olunan m\u0259\u015fq\u00e7i Mehman X\u0259lilovun 6 ayd\u0131r davam ed\u0259n m\u0259hk\u0259m\u0259si yekunla\u015f\u0131b. Mart\u0131n 19-da Sumqay\u0131t A\u011f\u0131r Cinay\u0259tl\u0259r M\u0259hk\u0259m\u0259sind\u0259 hakim F\u0259hmin H\u00fcmb\u0259tovun s\u0259drliyil\u0259 ke\u00e7iril\u0259n m\u0259hk\u0259m\u0259 prosesind\u0259 o, \u0259vv\u0259l son s\u00f6z\u00fcn\u00fc deyib, daha sonra h\u00f6km oxunub.<\/p>\n\n\n\n<p>Mehman X\u0259lilov bildirib ki, u\u015fa\u011f\u0131 q\u0259sd\u0259n \u00f6ld\u00fcrm\u0259yib, bu hadis\u0259 m\u0259\u015fq zaman\u0131 ehtiyats\u0131zl\u0131qdan ba\u015f verib:<\/p>\n\n\n\n<p><em>\u201cF\u0259rid m\u0259nim \u0259n sevdiyim t\u0259l\u0259b\u0259m idi. M\u0259n onu nec\u0259 q\u0259sd\u0259n \u00f6ld\u00fcr\u0259 bil\u0259r\u0259m? Kameran\u0131n alt\u0131nda adam \u00f6ld\u00fcr\u0259rl\u0259r?! M\u0259n\u0259 el\u0259 t\u0259rbiy\u0259 verilm\u0259yib ki, azya\u015fl\u0131n\u0131 bil\u0259r\u0259kd\u0259n \u00f6ld\u00fcr\u00fcb. N\u0259z\u0259r\u0259 al\u0131n ki, he\u00e7 kim ba\u015f\u0131na n\u0259 i\u015f g\u0259l\u0259c\u0259yini bilmir&#8230;\u201d.<\/em><\/p>\n\n\n\n<p>Mehman X\u0259lilov media v\u0259 sosial \u015f\u0259b\u0259k\u0259l\u0259ri d\u0259 ittiham edib. Onun s\u00f6zl\u0259rin\u0259 g\u00f6r\u0259, bu hadis\u0259 ictimaiyy\u0259t aras\u0131nda yanl\u0131\u015f yozuldu. Bu s\u0259s-k\u00fcy\u00fcn n\u0259tic\u0259si olaraq, q\u0259sd\u0259n adam \u00f6ld\u00fcrm\u0259 ittiham\u0131 verildi.<\/p>\n\n\n\n<p><em>\u201cM\u0259n idman\u00e7\u0131 kimi bu \u00f6lk\u0259nin bayra\u011f\u0131n\u0131 qald\u0131randa harda idiniz? Onda niy\u0259 \u00e7\u0259kib yaym\u0131rd\u0131n\u0131z?!\u201d.<\/em><\/p>\n\n\n\n<p>F\u0259hmin H\u00fcmb\u0259tovun s\u0259drlik etdiyi hakiml\u0259r kollegiyas\u0131 q\u0131sa m\u00fc\u015favir\u0259d\u0259n sonra geri qay\u0131daraq, Mehman X\u0259lilovun 19 il azadl\u0131qdan m\u0259hrum edilm\u0259si bar\u0259d\u0259 h\u00f6km\u00fc elan edib.<\/p>\n\n\n\n<p>Sambo idman n\u00f6v\u00fc \u00fczr\u0259 m\u0259\u015fq\u00e7i olan 30 ya\u015fl\u0131 Mehman X\u0259lilov Cinay\u0259t M\u0259c\u0259ll\u0259sinin 120.2.4 v\u0259 120.2.9-cu (x\u00fcsusi amans\u0131zl\u0131qla v\u0259 t\u0259qsirkar \u015f\u0259xs \u00fc\u00e7\u00fcn a\u015fkar sur\u0259td\u0259 k\u00f6m\u0259ksiz v\u0259ziyy\u0259td\u0259 q\u0259sd\u0259n adam\u0131 \u00f6ld\u00fcrm\u0259) madd\u0259l\u0259ril\u0259 ittiham olunur.<\/p>\n\n\n\n<p>\u0130ttihama g\u00f6r\u0259, Mehman X\u0259lilovun azya\u015fl\u0131n\u0131n anas\u0131 Aynur\u0259 M\u0259likova il\u0259 \u015f\u0259xsi m\u00fcnasib\u0259tl\u0259ri olub. O, u\u015fa\u011f\u0131 bu \u00fczd\u0259n q\u0259sd\u0259n d\u00f6y\u00fcb \u00f6ld\u00fcr\u00fcb.<\/p>\n\n\n\n<p>Aynur\u0259 M\u0259likova da m\u0259hk\u0259m\u0259d\u0259 iddia edib ki, Mehman X\u0259lilov ondan qisas almaq m\u0259qs\u0259dil\u0259 u\u015fa\u011f\u0131n\u0131 \u00f6ld\u00fcr\u00fcb.<\/p>\n\n\n\n<p>Lakin Mehman X\u0259lilov bu ittihamlar\u0131 q\u0259bul etmir. O, m\u0259hk\u0259m\u0259d\u0259 ifad\u0259sind\u0259 d\u0259 deyib ki, hadis\u0259 m\u0259\u015fq prosesind\u0259 ba\u015f verib. Onun s\u00f6zl\u0259rin\u0259 g\u00f6r\u0259, u\u015fa\u011f\u0131n bu c\u00fcr m\u0259\u015fq etdiyini anas\u0131 Aynur\u0259 M\u0259likova \u00f6z\u00fc d\u0259 bilirdi. Mehman X\u0259lilov hesab edir ki, \u0259ksin\u0259, Aynur\u0259 M\u0259likova ondan qisas almaq \u00fc\u00e7\u00fcn \u0259leyhin\u0259 yalan ifad\u0259l\u0259r verib v\u0259 h\u0259min ifad\u0259l\u0259r \u0259sas\u0131nda da ona q\u0259sd\u0259n adam \u00f6ld\u00fcrm\u0259 ittiham\u0131 ir\u0259li s\u00fcr\u00fcl\u00fcb.<\/p>\n\n\n\n<p>Z\u0259r\u0259r\u00e7\u0259kmi\u015fin h\u00fcquqi varisi qismind\u0259 tan\u0131nan Aynur\u0259 M\u0259likova m\u0259hk\u0259m\u0259 prosesinin qapal\u0131 ke\u00e7irilm\u0259sini ist\u0259yib, o, jurnalistl\u0259rin i\u015ftirak\u0131na etiraz edib:<\/p>\n\n\n\n<p><em>\u201cAram\u0131zda n\u0259 olubsa, n\u0259 s\u00f6hb\u0259tl\u0259r varsa, biz\u0259 aiddir. \u00d6z aram\u0131zdad\u0131r, \u00f6z\u00fcm\u00fcz bilirik\u201d.<\/em><\/p>\n\n\n\n<p>Onun v\u0259sat\u0259ti \u0259sas\u0131nda m\u0259hk\u0259m\u0259 ara\u015fd\u0131rmalar\u0131n\u0131n qapal\u0131 ke\u00e7irilm\u0259sin\u0259 q\u0259rar verilib. Dindirm\u0259l\u0259r, s\u0259n\u0259dl\u0259rin ara\u015fd\u0131r\u0131lmas\u0131 v\u0259 s. qapal\u0131 iclaslarda apar\u0131l\u0131b.<\/p>\n\n\n\n<p>Hadis\u0259 \u00f6t\u0259n il aprelin 29-da ba\u015f verib. M\u0259\u015fq zaman\u0131 a\u011f\u0131r x\u0259sar\u0259t alan 2016-c\u0131 il t\u0259v\u0259ll\u00fcdl\u00fc F\u0259rid Bakarov Sumqay\u0131t \u015f\u0259h\u0259r U\u015faq X\u0259st\u0259xanas\u0131na \u00e7atd\u0131r\u0131lsa da, onun h\u0259yat\u0131n\u0131 xilas etm\u0259k m\u00fcmk\u00fcn olmay\u0131b.<\/p>\n\n\n\n<p>Hadis\u0259d\u0259n sonra sosial \u015f\u0259b\u0259k\u0259l\u0259rd\u0259 videog\u00f6r\u00fcnt\u00fcl\u0259r yay\u0131l\u0131b. H\u0259min g\u00f6r\u00fcnt\u00fcl\u0259rd\u0259 sambo idman n\u00f6v\u00fc \u00fczr\u0259 ke\u00e7iril\u0259n t\u0259lim zaman\u0131 m\u0259\u015fq\u00e7i azya\u015fl\u0131 t\u0259l\u0259b\u0259y\u0259 z\u0259rb\u0259 vurur.<\/p>\n\n\n\n<p>7 ya\u015fl\u0131 F\u0259rid Bakarov qarda\u015f\u0131 il\u0259 birlikd\u0259 iki ay imi\u015f ki, Avropa Oyunlar\u0131n\u0131n b\u00fcr\u00fcnc m\u00fckafat\u00e7\u0131s\u0131 olan Mehman X\u0259lilovun sambo m\u0259\u015fql\u0259rind\u0259 i\u015ftirak edirmi\u015f.<\/p>\n\n\n\n<p>Hadis\u0259 vaxt\u0131 F\u0259rid Bakarovun anas\u0131 da orada olub.<br>Hadis\u0259d\u0259n sonra Mehman X\u0259lilova qar\u015f\u0131 Cinay\u0259t M\u0259c\u0259ll\u0259sinin 126.3 (q\u0259sd\u0259n b\u0259d\u0259n\u0259 a\u011f\u0131r x\u0259sar\u0259t yetirm\u0259, \u00f6l\u00fcm\u0259 s\u0259b\u0259b olduqda) madd\u0259sil\u0259 ittiham ir\u0259li s\u00fcr\u00fclm\u00fc\u015fd\u00fc. Lakin istintaq yekunla\u015fanda ittiham a\u011f\u0131rla\u015fd\u0131r\u0131ld\u0131 v\u0259 \u0259m\u0259li q\u0259sd\u0259n adam \u00f6ld\u00fcrm\u0259y\u0259 t\u00f6vsif olundu.<\/p>\n","protected":false},"excerpt":{"rendered":"<p>\u201cM\u0259n idman\u00e7\u0131 kimi bu \u00f6lk\u0259nin bayra\u011f\u0131n\u0131 qald\u0131randa harda idiniz?\u201d Sumqay\u0131tdak\u0131 &#8230; <\/p>\n<p class=\"read-more-container\"><a title=\"Azya\u015fl\u0131n\u0131n \u00f6l\u00fcm\u00fcnd\u0259 t\u0259qsirl\u0259ndiril\u0259n idman\u00e7\u0131ya h\u00f6km oxundu\" class=\"read-more button\" href=\"https:\/\/www.meydan.tv\/az\/article\/azyaslinin-olumunde-teqsirlendirilen-idmanciya-hokm-oxundu\/#more-301565\" aria-label=\"Read more about Azya\u015fl\u0131n\u0131n \u00f6l\u00fcm\u00fcnd\u0259 t\u0259qsirl\u0259ndiril\u0259n idman\u00e7\u0131ya h\u00f6km oxundu\">Davam\u0131<\/a><\/p>\n","protected":false},"author":8,"featured_media":301567,"comment_status":"closed","ping_status":"closed","sticky":false,"template":"","format":"standard","meta":{"_acf_changed":false,"_sitemap_exclude":false,"_sitemap_priority":"","_sitemap_frequency":"","footnotes":""},"categories":[62,56],"tags":[],"class_list":["post-301565","post","type-post","status-publish","format-standard","has-post-thumbnail","hentry","category-sosial","category-xeberler","infinite-scroll-item","generate-columns","tablet-grid-50","mobile-grid-100","grid-parent","grid-33","no-featured-image-padding"],"acf":[],"yoast_head":"<!-- This site is optimized with the Yoast SEO plugin v27.5 - https:\/\/yoast.com\/product\/yoast-seo-wordpress\/ -->\n<title>Azya\u015fl\u0131n\u0131n \u00f6l\u00fcm\u00fcnd\u0259 t\u0259qsirl\u0259ndiril\u0259n idman\u00e7\u0131ya h\u00f6km oxundu - MEYDAN.TV<\/title>\n<meta name=\"robots\" content=\"index, follow, max-snippet:-1, max-image-preview:large, max-video-preview:-1\" \/>\n<link rel=\"canonical\" href=\"https:\/\/www.meydan.tv\/az\/article\/azyaslinin-olumunde-teqsirlendirilen-idmanciya-hokm-oxundu\/\" \/>\n<meta property=\"og:locale\" content=\"az_AZ\" \/>\n<meta property=\"og:type\" content=\"article\" \/>\n<meta property=\"og:title\" content=\"Azya\u015fl\u0131n\u0131n \u00f6l\u00fcm\u00fcnd\u0259 t\u0259qsirl\u0259ndiril\u0259n idman\u00e7\u0131ya h\u00f6km oxundu - MEYDAN.TV\" \/>\n<meta property=\"og:description\" content=\"\u201cM\u0259n idman\u00e7\u0131 kimi bu \u00f6lk\u0259nin bayra\u011f\u0131n\u0131 qald\u0131randa harda idiniz?\u201d Sumqay\u0131tdak\u0131 ... Davam\u0131\" \/>\n<meta property=\"og:url\" content=\"https:\/\/www.meydan.tv\/az\/article\/azyaslinin-olumunde-teqsirlendirilen-idmanciya-hokm-oxundu\/\" \/>\n<meta property=\"og:site_name\" content=\"MEYDAN.TV\" \/>\n<meta property=\"article:published_time\" content=\"2024-03-19T13:01:06+00:00\" \/>\n<meta property=\"article:modified_time\" content=\"2024-03-19T13:01:10+00:00\" \/>\n<meta property=\"og:image\" content=\"https:\/\/www.meydan.tv\/wp-content\/uploads\/1-49.jpg\" \/>\n\t<meta property=\"og:image:width\" content=\"1200\" \/>\n\t<meta property=\"og:image:height\" content=\"675\" \/>\n\t<meta property=\"og:image:type\" content=\"image\/jpeg\" \/>\n<meta name=\"author\" content=\"elli\" \/>\n<meta name=\"twitter:card\" content=\"summary_large_image\" \/>\n<meta name=\"twitter:creator\" content=\"@elli\" \/>\n<script type=\"application\/ld+json\" class=\"yoast-schema-graph\">{\"@context\":\"https:\\\/\\\/schema.org\",\"@graph\":[{\"@type\":\"Article\",\"@id\":\"https:\\\/\\\/www.meydan.tv\\\/az\\\/article\\\/azyaslinin-olumunde-teqsirlendirilen-idmanciya-hokm-oxundu\\\/#article\",\"isPartOf\":{\"@id\":\"https:\\\/\\\/www.meydan.tv\\\/az\\\/article\\\/azyaslinin-olumunde-teqsirlendirilen-idmanciya-hokm-oxundu\\\/\"},\"author\":{\"name\":\"elli\",\"@id\":\"https:\\\/\\\/www.meydan.tv\\\/az\\\/#\\\/schema\\\/person\\\/9cdbecf90d17180ce1dfbd95b08dcf47\"},\"headline\":\"Azya\u015fl\u0131n\u0131n \u00f6l\u00fcm\u00fcnd\u0259 t\u0259qsirl\u0259ndiril\u0259n idman\u00e7\u0131ya h\u00f6km oxundu\",\"datePublished\":\"2024-03-19T13:01:06+00:00\",\"dateModified\":\"2024-03-19T13:01:10+00:00\",\"mainEntityOfPage\":{\"@id\":\"https:\\\/\\\/www.meydan.tv\\\/az\\\/article\\\/azyaslinin-olumunde-teqsirlendirilen-idmanciya-hokm-oxundu\\\/\"},\"wordCount\":807,\"publisher\":{\"@id\":\"https:\\\/\\\/www.meydan.tv\\\/az\\\/#organization\"},\"image\":{\"@id\":\"https:\\\/\\\/www.meydan.tv\\\/az\\\/article\\\/azyaslinin-olumunde-teqsirlendirilen-idmanciya-hokm-oxundu\\\/#primaryimage\"},\"thumbnailUrl\":\"https:\\\/\\\/www.meydan.tv\\\/wp-content\\\/uploads\\\/1-49.jpg\",\"articleSection\":[\"Sosial\",\"X\u0259b\u0259rl\u0259r\"],\"inLanguage\":\"az\"},{\"@type\":\"WebPage\",\"@id\":\"https:\\\/\\\/www.meydan.tv\\\/az\\\/article\\\/azyaslinin-olumunde-teqsirlendirilen-idmanciya-hokm-oxundu\\\/\",\"url\":\"https:\\\/\\\/www.meydan.tv\\\/az\\\/article\\\/azyaslinin-olumunde-teqsirlendirilen-idmanciya-hokm-oxundu\\\/\",\"name\":\"Azya\u015fl\u0131n\u0131n \u00f6l\u00fcm\u00fcnd\u0259 t\u0259qsirl\u0259ndiril\u0259n idman\u00e7\u0131ya h\u00f6km oxundu - MEYDAN.TV\",\"isPartOf\":{\"@id\":\"https:\\\/\\\/www.meydan.tv\\\/az\\\/#website\"},\"primaryImageOfPage\":{\"@id\":\"https:\\\/\\\/www.meydan.tv\\\/az\\\/article\\\/azyaslinin-olumunde-teqsirlendirilen-idmanciya-hokm-oxundu\\\/#primaryimage\"},\"image\":{\"@id\":\"https:\\\/\\\/www.meydan.tv\\\/az\\\/article\\\/azyaslinin-olumunde-teqsirlendirilen-idmanciya-hokm-oxundu\\\/#primaryimage\"},\"thumbnailUrl\":\"https:\\\/\\\/www.meydan.tv\\\/wp-content\\\/uploads\\\/1-49.jpg\",\"datePublished\":\"2024-03-19T13:01:06+00:00\",\"dateModified\":\"2024-03-19T13:01:10+00:00\",\"breadcrumb\":{\"@id\":\"https:\\\/\\\/www.meydan.tv\\\/az\\\/article\\\/azyaslinin-olumunde-teqsirlendirilen-idmanciya-hokm-oxundu\\\/#breadcrumb\"},\"inLanguage\":\"az\",\"potentialAction\":[{\"@type\":\"ReadAction\",\"target\":[\"https:\\\/\\\/www.meydan.tv\\\/az\\\/article\\\/azyaslinin-olumunde-teqsirlendirilen-idmanciya-hokm-oxundu\\\/\"]}]},{\"@type\":\"ImageObject\",\"inLanguage\":\"az\",\"@id\":\"https:\\\/\\\/www.meydan.tv\\\/az\\\/article\\\/azyaslinin-olumunde-teqsirlendirilen-idmanciya-hokm-oxundu\\\/#primaryimage\",\"url\":\"https:\\\/\\\/www.meydan.tv\\\/wp-content\\\/uploads\\\/1-49.jpg\",\"contentUrl\":\"https:\\\/\\\/www.meydan.tv\\\/wp-content\\\/uploads\\\/1-49.jpg\",\"width\":1200,\"height\":675,\"caption\":\"Mehman X\u0259lilov. Foto: Meydan TV\"},{\"@type\":\"BreadcrumbList\",\"@id\":\"https:\\\/\\\/www.meydan.tv\\\/az\\\/article\\\/azyaslinin-olumunde-teqsirlendirilen-idmanciya-hokm-oxundu\\\/#breadcrumb\",\"itemListElement\":[{\"@type\":\"ListItem\",\"position\":1,\"name\":\"Ana s\u0259hif\u0259\",\"item\":\"https:\\\/\\\/www.meydan.tv\\\/az\\\/\"},{\"@type\":\"ListItem\",\"position\":2,\"name\":\"Sosial\",\"item\":\"https:\\\/\\\/www.meydan.tv\\\/az\\\/section\\\/sosial\\\/\"},{\"@type\":\"ListItem\",\"position\":3,\"name\":\"Azya\u015fl\u0131n\u0131n \u00f6l\u00fcm\u00fcnd\u0259 t\u0259qsirl\u0259ndiril\u0259n idman\u00e7\u0131ya h\u00f6km oxundu\"}]},{\"@type\":\"WebSite\",\"@id\":\"https:\\\/\\\/www.meydan.tv\\\/az\\\/#website\",\"url\":\"https:\\\/\\\/www.meydan.tv\\\/az\\\/\",\"name\":\"MEYDAN.TV\",\"description\":\"Meydan TV Az\u0259rbaycan\u0131n media m\u0259kan\u0131ndak\u0131 alternativ s\u0259sidir\",\"publisher\":{\"@id\":\"https:\\\/\\\/www.meydan.tv\\\/az\\\/#organization\"},\"potentialAction\":[{\"@type\":\"SearchAction\",\"target\":{\"@type\":\"EntryPoint\",\"urlTemplate\":\"https:\\\/\\\/www.meydan.tv\\\/az\\\/?s={search_term_string}\"},\"query-input\":{\"@type\":\"PropertyValueSpecification\",\"valueRequired\":true,\"valueName\":\"search_term_string\"}}],\"inLanguage\":\"az\"},{\"@type\":\"Organization\",\"@id\":\"https:\\\/\\\/www.meydan.tv\\\/az\\\/#organization\",\"name\":\"Meydan TV\",\"url\":\"https:\\\/\\\/www.meydan.tv\\\/az\\\/\",\"logo\":{\"@type\":\"ImageObject\",\"inLanguage\":\"az\",\"@id\":\"https:\\\/\\\/www.meydan.tv\\\/az\\\/#\\\/schema\\\/logo\\\/image\\\/\",\"url\":\"https:\\\/\\\/www.meydan.tv\\\/wp-content\\\/uploads\\\/2021\\\/07\\\/meydan-logo.svg\",\"contentUrl\":\"https:\\\/\\\/www.meydan.tv\\\/wp-content\\\/uploads\\\/2021\\\/07\\\/meydan-logo.svg\",\"width\":195,\"height\":46,\"caption\":\"Meydan TV\"},\"image\":{\"@id\":\"https:\\\/\\\/www.meydan.tv\\\/az\\\/#\\\/schema\\\/logo\\\/image\\\/\"}},{\"@type\":\"Person\",\"@id\":\"https:\\\/\\\/www.meydan.tv\\\/az\\\/#\\\/schema\\\/person\\\/9cdbecf90d17180ce1dfbd95b08dcf47\",\"name\":\"elli\",\"sameAs\":[\"https:\\\/\\\/x.com\\\/elli\"]}]}<\/script>\n<!-- \/ Yoast SEO plugin. -->","yoast_head_json":{"title":"Azya\u015fl\u0131n\u0131n \u00f6l\u00fcm\u00fcnd\u0259 t\u0259qsirl\u0259ndiril\u0259n idman\u00e7\u0131ya h\u00f6km oxundu - MEYDAN.TV","robots":{"index":"index","follow":"follow","max-snippet":"max-snippet:-1","max-image-preview":"max-image-preview:large","max-video-preview":"max-video-preview:-1"},"canonical":"https:\/\/www.meydan.tv\/az\/article\/azyaslinin-olumunde-teqsirlendirilen-idmanciya-hokm-oxundu\/","og_locale":"az_AZ","og_type":"article","og_title":"Azya\u015fl\u0131n\u0131n \u00f6l\u00fcm\u00fcnd\u0259 t\u0259qsirl\u0259ndiril\u0259n idman\u00e7\u0131ya h\u00f6km oxundu - MEYDAN.TV","og_description":"\u201cM\u0259n idman\u00e7\u0131 kimi bu \u00f6lk\u0259nin bayra\u011f\u0131n\u0131 qald\u0131randa harda idiniz?\u201d Sumqay\u0131tdak\u0131 ... Davam\u0131","og_url":"https:\/\/www.meydan.tv\/az\/article\/azyaslinin-olumunde-teqsirlendirilen-idmanciya-hokm-oxundu\/","og_site_name":"MEYDAN.TV","article_published_time":"2024-03-19T13:01:06+00:00","article_modified_time":"2024-03-19T13:01:10+00:00","og_image":[{"width":1200,"height":675,"url":"https:\/\/www.meydan.tv\/wp-content\/uploads\/1-49.jpg","type":"image\/jpeg"}],"author":"elli","twitter_card":"summary_large_image","twitter_creator":"@elli","schema":{"@context":"https:\/\/schema.org","@graph":[{"@type":"Article","@id":"https:\/\/www.meydan.tv\/az\/article\/azyaslinin-olumunde-teqsirlendirilen-idmanciya-hokm-oxundu\/#article","isPartOf":{"@id":"https:\/\/www.meydan.tv\/az\/article\/azyaslinin-olumunde-teqsirlendirilen-idmanciya-hokm-oxundu\/"},"author":{"name":"elli","@id":"https:\/\/www.meydan.tv\/az\/#\/schema\/person\/9cdbecf90d17180ce1dfbd95b08dcf47"},"headline":"Azya\u015fl\u0131n\u0131n \u00f6l\u00fcm\u00fcnd\u0259 t\u0259qsirl\u0259ndiril\u0259n idman\u00e7\u0131ya h\u00f6km oxundu","datePublished":"2024-03-19T13:01:06+00:00","dateModified":"2024-03-19T13:01:10+00:00","mainEntityOfPage":{"@id":"https:\/\/www.meydan.tv\/az\/article\/azyaslinin-olumunde-teqsirlendirilen-idmanciya-hokm-oxundu\/"},"wordCount":807,"publisher":{"@id":"https:\/\/www.meydan.tv\/az\/#organization"},"image":{"@id":"https:\/\/www.meydan.tv\/az\/article\/azyaslinin-olumunde-teqsirlendirilen-idmanciya-hokm-oxundu\/#primaryimage"},"thumbnailUrl":"https:\/\/www.meydan.tv\/wp-content\/uploads\/1-49.jpg","articleSection":["Sosial","X\u0259b\u0259rl\u0259r"],"inLanguage":"az"},{"@type":"WebPage","@id":"https:\/\/www.meydan.tv\/az\/article\/azyaslinin-olumunde-teqsirlendirilen-idmanciya-hokm-oxundu\/","url":"https:\/\/www.meydan.tv\/az\/article\/azyaslinin-olumunde-teqsirlendirilen-idmanciya-hokm-oxundu\/","name":"Azya\u015fl\u0131n\u0131n \u00f6l\u00fcm\u00fcnd\u0259 t\u0259qsirl\u0259ndiril\u0259n idman\u00e7\u0131ya h\u00f6km oxundu - MEYDAN.TV","isPartOf":{"@id":"https:\/\/www.meydan.tv\/az\/#website"},"primaryImageOfPage":{"@id":"https:\/\/www.meydan.tv\/az\/article\/azyaslinin-olumunde-teqsirlendirilen-idmanciya-hokm-oxundu\/#primaryimage"},"image":{"@id":"https:\/\/www.meydan.tv\/az\/article\/azyaslinin-olumunde-teqsirlendirilen-idmanciya-hokm-oxundu\/#primaryimage"},"thumbnailUrl":"https:\/\/www.meydan.tv\/wp-content\/uploads\/1-49.jpg","datePublished":"2024-03-19T13:01:06+00:00","dateModified":"2024-03-19T13:01:10+00:00","breadcrumb":{"@id":"https:\/\/www.meydan.tv\/az\/article\/azyaslinin-olumunde-teqsirlendirilen-idmanciya-hokm-oxundu\/#breadcrumb"},"inLanguage":"az","potentialAction":[{"@type":"ReadAction","target":["https:\/\/www.meydan.tv\/az\/article\/azyaslinin-olumunde-teqsirlendirilen-idmanciya-hokm-oxundu\/"]}]},{"@type":"ImageObject","inLanguage":"az","@id":"https:\/\/www.meydan.tv\/az\/article\/azyaslinin-olumunde-teqsirlendirilen-idmanciya-hokm-oxundu\/#primaryimage","url":"https:\/\/www.meydan.tv\/wp-content\/uploads\/1-49.jpg","contentUrl":"https:\/\/www.meydan.tv\/wp-content\/uploads\/1-49.jpg","width":1200,"height":675,"caption":"Mehman X\u0259lilov. Foto: Meydan TV"},{"@type":"BreadcrumbList","@id":"https:\/\/www.meydan.tv\/az\/article\/azyaslinin-olumunde-teqsirlendirilen-idmanciya-hokm-oxundu\/#breadcrumb","itemListElement":[{"@type":"ListItem","position":1,"name":"Ana s\u0259hif\u0259","item":"https:\/\/www.meydan.tv\/az\/"},{"@type":"ListItem","position":2,"name":"Sosial","item":"https:\/\/www.meydan.tv\/az\/section\/sosial\/"},{"@type":"ListItem","position":3,"name":"Azya\u015fl\u0131n\u0131n \u00f6l\u00fcm\u00fcnd\u0259 t\u0259qsirl\u0259ndiril\u0259n idman\u00e7\u0131ya h\u00f6km oxundu"}]},{"@type":"WebSite","@id":"https:\/\/www.meydan.tv\/az\/#website","url":"https:\/\/www.meydan.tv\/az\/","name":"MEYDAN.TV","description":"Meydan TV Az\u0259rbaycan\u0131n media m\u0259kan\u0131ndak\u0131 alternativ s\u0259sidir","publisher":{"@id":"https:\/\/www.meydan.tv\/az\/#organization"},"potentialAction":[{"@type":"SearchAction","target":{"@type":"EntryPoint","urlTemplate":"https:\/\/www.meydan.tv\/az\/?s={search_term_string}"},"query-input":{"@type":"PropertyValueSpecification","valueRequired":true,"valueName":"search_term_string"}}],"inLanguage":"az"},{"@type":"Organization","@id":"https:\/\/www.meydan.tv\/az\/#organization","name":"Meydan TV","url":"https:\/\/www.meydan.tv\/az\/","logo":{"@type":"ImageObject","inLanguage":"az","@id":"https:\/\/www.meydan.tv\/az\/#\/schema\/logo\/image\/","url":"https:\/\/www.meydan.tv\/wp-content\/uploads\/2021\/07\/meydan-logo.svg","contentUrl":"https:\/\/www.meydan.tv\/wp-content\/uploads\/2021\/07\/meydan-logo.svg","width":195,"height":46,"caption":"Meydan TV"},"image":{"@id":"https:\/\/www.meydan.tv\/az\/#\/schema\/logo\/image\/"}},{"@type":"Person","@id":"https:\/\/www.meydan.tv\/az\/#\/schema\/person\/9cdbecf90d17180ce1dfbd95b08dcf47","name":"elli","sameAs":["https:\/\/x.com\/elli"]}]}},"_links":{"self":[{"href":"https:\/\/www.meydan.tv\/az\/wp-json\/wp\/v2\/posts\/301565","targetHints":{"allow":["GET"]}}],"collection":[{"href":"https:\/\/www.meydan.tv\/az\/wp-json\/wp\/v2\/posts"}],"about":[{"href":"https:\/\/www.meydan.tv\/az\/wp-json\/wp\/v2\/types\/post"}],"author":[{"embeddable":true,"href":"https:\/\/www.meydan.tv\/az\/wp-json\/wp\/v2\/users\/8"}],"replies":[{"embeddable":true,"href":"https:\/\/www.meydan.tv\/az\/wp-json\/wp\/v2\/comments?post=301565"}],"version-history":[{"count":3,"href":"https:\/\/www.meydan.tv\/az\/wp-json\/wp\/v2\/posts\/301565\/revisions"}],"predecessor-version":[{"id":301575,"href":"https:\/\/www.meydan.tv\/az\/wp-json\/wp\/v2\/posts\/301565\/revisions\/301575"}],"wp:featuredmedia":[{"embeddable":true,"href":"https:\/\/www.meydan.tv\/az\/wp-json\/wp\/v2\/media\/301567"}],"wp:attachment":[{"href":"https:\/\/www.meydan.tv\/az\/wp-json\/wp\/v2\/media?parent=301565"}],"wp:term":[{"taxonomy":"category","embeddable":true,"href":"https:\/\/www.meydan.tv\/az\/wp-json\/wp\/v2\/categories?post=301565"},{"taxonomy":"post_tag","embeddable":true,"href":"https:\/\/www.meydan.tv\/az\/wp-json\/wp\/v2\/tags?post=301565"}],"curies":[{"name":"wp","href":"https:\/\/api.w.org\/{rel}","templated":true}]}}