{"id":301493,"date":"2024-03-19T13:05:46","date_gmt":"2024-03-19T09:05:46","guid":{"rendered":"https:\/\/www.meydan.tv\/?p=301493"},"modified":"2024-03-19T13:42:43","modified_gmt":"2024-03-19T09:42:43","slug":"kanal-13-emekdaslarinin-hebs-muddeti-uzadildi","status":"publish","type":"post","link":"https:\/\/www.meydan.tv\/az\/article\/kanal-13-emekdaslarinin-hebs-muddeti-uzadildi\/","title":{"rendered":"\u201cKanal 13\u201d \u0259m\u0259kda\u015flar\u0131n\u0131n h\u0259bs m\u00fcdd\u0259ti uzad\u0131ld\u0131"},"content":{"rendered":"\n<p><\/p>\n\n\n\n<p><strong><em>M\u0259hk\u0259m\u0259 prokurorun t\u0259qdimat\u0131n\u0131 t\u0259min etdi<\/em><\/strong><\/p>\n\n\n\n<p>\u201cKanal 13\u201d internet televiziyas\u0131n\u0131n Bak\u0131 ofisinin r\u0259hb\u0259ri \u018fziz Orucov v\u0259 kanal\u0131n \u0259m\u0259kda\u015f\u0131 \u015eamo Eminovun istintaq d\u00f6vr\u00fcnd\u0259 h\u0259bsd\u0259 saxlanma m\u00fcdd\u0259ti uzad\u0131l\u0131b.<\/p>\n\n\n\n<p>Mart\u0131n 19-da S\u0259bail Rayon M\u0259hk\u0259m\u0259sind\u0259 onlar haqq\u0131nda h\u0259bs q\u0259timkan t\u0259dbirinin m\u00fcdd\u0259tinin art\u0131r\u0131lmas\u0131 \u00fc\u00e7\u00fcn prokurorun t\u0259qdimat\u0131na bax\u0131l\u0131b. Onlar\u0131n h\u0259r biri il\u0259 ba\u011fl\u0131 m\u0259hk\u0259m\u0259 prosesi ayr\u0131-ayr\u0131l\u0131qda ke\u00e7irilib.<\/p>\n\n\n\n<p>H\u0259r iki m\u0259hk\u0259m\u0259 prosesind\u0259 m\u00fcst\u0259ntiq t\u0259qdimat\u0131 m\u00fcdafi\u0259 ed\u0259r\u0259k bildirib ki, \u018fziz Orucov v\u0259 \u015eamo Eminov haqq\u0131nda qa\u00e7aqmal\u00e7\u0131l\u0131q ittiham\u0131yla apar\u0131lan istintaq h\u0259l\u0259 ba\u015fa \u00e7atmay\u0131b. Bir s\u0131ra at\u0131las\u0131 add\u0131mlar var. \u0130stintaq davam etdiyi m\u00fcdd\u0259td\u0259 is\u0259 onlar\u0131n azadl\u0131qda olmas\u0131 m\u0259qs\u0259d\u0259uy\u011fun deyil. \u00c7\u00fcnki istintaqdan yay\u0131nmaq, prosesin gedi\u015fin\u0259 t\u0259sir g\u00f6st\u0259rm\u0259k ehtimal\u0131 var.<\/p>\n\n\n\n<p>T\u0259qsirl\u0259ndiril\u0259n \u015f\u0259xsl\u0259r v\u0259 onlar\u0131n v\u0259kill\u0259ri t\u0259qdimata da, m\u00fcst\u0259ntiqin dedikl\u0259rin\u0259 d\u0259 etiraz edib. Onlar bildiribl\u0259r ki, t\u0259qdimat \u0259sass\u0131zd\u0131r, t\u0259min olunmamal\u0131d\u0131r.<\/p>\n\n\n<div class=\"wp-block-image\">\n<figure class=\"aligncenter size-large\"><img decoding=\"async\" width=\"1200\" height=\"514\" data-src=\"https:\/\/www.meydan.tv\/wp-content\/uploads\/img_0647-scaled-e1702980164171-1200x514.jpg\" alt=\"\u018fziz Orucov, foto: Meydan Tv\" class=\"wp-image-291585 lazyload\" src=\"data:image\/svg+xml;base64,PHN2ZyB3aWR0aD0iMSIgaGVpZ2h0PSIxIiB4bWxucz0iaHR0cDovL3d3dy53My5vcmcvMjAwMC9zdmciPjwvc3ZnPg==\" style=\"--smush-placeholder-width: 1200px; --smush-placeholder-aspect-ratio: 1200\/514;\" \/><figcaption class=\"wp-element-caption\">\u018fziz Orucov, foto: Meydan TV<\/figcaption><\/figure>\n<\/div>\n\n\n<p>\u018fziz Orucov he\u00e7 bir cinay\u0259t t\u00f6r\u0259tm\u0259dikl\u0259rini, qa\u00e7aqmal\u00e7\u0131l\u0131q ittiham\u0131n\u0131n \u0259sass\u0131z v\u0259 saxta oldu\u011funu vur\u011fulay\u0131b. Onun s\u00f6zl\u0259rin\u0259 g\u00f6r\u0259, m\u0259qs\u0259d \u201cKanal 13\u201d\u00fc susdurmaqd\u0131r.<\/p>\n\n\n\n<p>Onun v\u0259kili m\u00fcv\u0259kkilinin \u0259sass\u0131z h\u0259bsd\u0259 saxland\u0131\u011f\u0131n\u0131 bildirm\u0259kl\u0259 yana\u015f\u0131, \u018fziz Orucovun s\u0259hh\u0259tind\u0259ki probleml\u0259ri d\u0259 hakimin diqq\u0259tin\u0259 \u00e7atd\u0131r\u0131b.<\/p>\n\n\n\n<p>Lakin h\u0259r iki m\u0259hk\u0259m\u0259 prosesind\u0259 t\u0259qdimat t\u0259min olunub \u2013 \u018fziz Orucov v\u0259 \u015eamo Eminov haqq\u0131nda h\u0259bs q\u0259timkan t\u0259dbirinin m\u00fcdd\u0259ti daha 2 ay uzad\u0131l\u0131b.<\/p>\n\n\n\n<p>\u018fziz Orucov noyabr\u0131n 27-d\u0259 saxlan\u0131l\u0131b. \u018fvv\u0259l ona qar\u015f\u0131 Cinay\u0259t M\u0259c\u0259ll\u0259sinin 188.2 (M\u00fclkiyy\u0259t, istifad\u0259 v\u0259 ya icar\u0259 h\u00fcququ olmadan torpaq sah\u0259si \u00fcz\u0259rind\u0259 \u00f6zba\u015f\u0131na tikinti v\u0259 ya qura\u015fd\u0131rma i\u015fl\u0259ri aparma) madd\u0259sil\u0259 ittiham ir\u0259li s\u00fcr\u00fcl\u00fcb. \u0130ddia olunub ki, \u201cKanal 13\u201d r\u0259hb\u0259ri in\u015fas\u0131na icaz\u0259 olmadan ev tikib.<\/p>\n\n\n\n<p>Dekabr\u0131n 19-da \u018fziz Orucova Cinay\u0259t M\u0259c\u0259ll\u0259sinin 206.3.2 (qa\u00e7aqmal\u00e7\u0131l\u0131q &#8211; qabaqcadan \u0259lbir olan bir qrup \u015f\u0259xs t\u0259r\u0259find\u0259n t\u00f6r\u0259dildikd\u0259) madd\u0259sil\u0259 \u0259lav\u0259 ittiham verilib.<\/p>\n\n\n<div class=\"wp-block-image\">\n<figure class=\"aligncenter size-large\"><img decoding=\"async\" data-src=\"https:\/\/www.meydan.tv\/wp-content\/uploads\/shamo-1200x675.jpg\" alt=\"\" class=\"wp-image-294136 lazyload\" src=\"data:image\/svg+xml;base64,PHN2ZyB3aWR0aD0iMSIgaGVpZ2h0PSIxIiB4bWxucz0iaHR0cDovL3d3dy53My5vcmcvMjAwMC9zdmciPjwvc3ZnPg==\" style=\"--smush-placeholder-width: 1200px; --smush-placeholder-aspect-ratio: 1200\/675;\" \/><figcaption class=\"wp-element-caption\">\u015eamo Eminov. Foto: \u015eamo Eminovun arxivind\u0259n<\/figcaption><\/figure>\n<\/div>\n\n\n<p>Dekabr\u0131n 22-d\u0259 is\u0259 kanal\u0131n \u0259m\u0259kda\u015f\u0131 \u015eamo Eminov da eyni cinay\u0259t i\u015fi \u00fczr\u0259 Cinay\u0259t M\u0259c\u0259ll\u0259sinin 206.3.2 madd\u0259sil\u0259 t\u0259qsirl\u0259ndiril\u0259r\u0259k h\u0259bs olunub.<\/p>\n\n\n\n<p>Onlar\u0131n h\u0259r ikisi bu ittihamlar\u0131 r\u0259dd edir, \u201cKanal 13\u201d\u00fcn f\u0259aliyy\u0259tin\u0259 g\u00f6r\u0259 c\u0259zaland\u0131r\u0131ld\u0131qlar\u0131n\u0131 deyirl\u0259r.<\/p>\n\n\n\n<p>\u018fziz Orucovun h\u0259yat yolda\u015f\u0131 Lamiy\u0259 \u018fzizova onun sa\u011flaml\u0131\u011f\u0131nda ciddi probleml\u0259r oldu\u011funu, bu s\u0259b\u0259bd\u0259n tibb m\u00fc\u0259ssis\u0259sin\u0259 k\u00f6\u00e7\u00fcr\u00fcld\u00fcy\u00fcn\u00fc bildirib.<\/p>\n\n\n\n<p>Son 4 ay \u0259rzind\u0259 Az\u0259rbaycanda m\u00fcxt\u0259lif media qurumlar\u0131n\u0131 t\u0259msil ed\u0259n 15-\u0259 yax\u0131n jurnalist qa\u00e7aqmal\u00e7\u0131l\u0131q ittiham\u0131yla h\u0259bs olunub. \u201cAbzasMedia\u201d, \u201cToplum TV\u201d v\u0259 s. media orqanlar\u0131n\u0131n ofisl\u0259rind\u0259 axtar\u0131\u015f apar\u0131l\u0131b. \u0130ddia olunur ki, adlar\u0131 \u00e7\u0259kil\u0259n media orqanlar\u0131n\u0131n \u0259m\u0259kda\u015flar\u0131 xaricd\u0259n qa\u00e7aqmal\u00e7\u0131l\u0131q yolu il\u0259 pul g\u0259tiribl\u0259r.<\/p>\n\n\n\n<p>Lakin jurnalistl\u0259r bu ittihamlar\u0131 r\u0259dd edir, hakimiyy\u0259td\u0259 t\u0259msil olunanlar\u0131n korrupsiya \u0259m\u0259ll\u0259rini if\u015fa etdikl\u0259rin\u0259 g\u00f6r\u0259 c\u0259zaland\u0131r\u0131ld\u0131qlar\u0131n\u0131 bildirirl\u0259r.<\/p>\n","protected":false},"excerpt":{"rendered":"<p>M\u0259hk\u0259m\u0259 prokurorun t\u0259qdimat\u0131n\u0131 t\u0259min etdi \u201cKanal 13\u201d internet televiziyas\u0131n\u0131n Bak\u0131 &#8230; <\/p>\n<p class=\"read-more-container\"><a title=\"\u201cKanal 13\u201d \u0259m\u0259kda\u015flar\u0131n\u0131n h\u0259bs m\u00fcdd\u0259ti uzad\u0131ld\u0131\" class=\"read-more button\" href=\"https:\/\/www.meydan.tv\/az\/article\/kanal-13-emekdaslarinin-hebs-muddeti-uzadildi\/#more-301493\" aria-label=\"Read more about \u201cKanal 13\u201d \u0259m\u0259kda\u015flar\u0131n\u0131n h\u0259bs m\u00fcdd\u0259ti uzad\u0131ld\u0131\">Davam\u0131<\/a><\/p>\n","protected":false},"author":8,"featured_media":246574,"comment_status":"closed","ping_status":"closed","sticky":false,"template":"","format":"standard","meta":{"_acf_changed":false,"_sitemap_exclude":false,"_sitemap_priority":"","_sitemap_frequency":"","footnotes":""},"categories":[59,79,56],"tags":[],"class_list":["post-301493","post","type-post","status-publish","format-standard","has-post-thumbnail","hentry","category-siyaset","category-featured","category-xeberler","infinite-scroll-item","generate-columns","tablet-grid-50","mobile-grid-100","grid-parent","grid-33","no-featured-image-padding"],"acf":[],"yoast_head":"<!-- This site is optimized with the Yoast SEO plugin v27.4 - https:\/\/yoast.com\/product\/yoast-seo-wordpress\/ -->\n<title>\u201cKanal 13\u201d \u0259m\u0259kda\u015flar\u0131n\u0131n h\u0259bs m\u00fcdd\u0259ti uzad\u0131ld\u0131 - MEYDAN.TV<\/title>\n<meta name=\"robots\" content=\"index, follow, max-snippet:-1, max-image-preview:large, max-video-preview:-1\" \/>\n<link rel=\"canonical\" href=\"https:\/\/www.meydan.tv\/az\/article\/kanal-13-emekdaslarinin-hebs-muddeti-uzadildi\/\" \/>\n<meta property=\"og:locale\" content=\"az_AZ\" \/>\n<meta property=\"og:type\" content=\"article\" \/>\n<meta property=\"og:title\" content=\"\u201cKanal 13\u201d \u0259m\u0259kda\u015flar\u0131n\u0131n h\u0259bs m\u00fcdd\u0259ti uzad\u0131ld\u0131 - MEYDAN.TV\" \/>\n<meta property=\"og:description\" content=\"M\u0259hk\u0259m\u0259 prokurorun t\u0259qdimat\u0131n\u0131 t\u0259min etdi \u201cKanal 13\u201d internet televiziyas\u0131n\u0131n Bak\u0131 ... Davam\u0131\" \/>\n<meta property=\"og:url\" content=\"https:\/\/www.meydan.tv\/az\/article\/kanal-13-emekdaslarinin-hebs-muddeti-uzadildi\/\" \/>\n<meta property=\"og:site_name\" content=\"MEYDAN.TV\" \/>\n<meta property=\"article:published_time\" content=\"2024-03-19T09:05:46+00:00\" \/>\n<meta property=\"article:modified_time\" content=\"2024-03-19T09:42:43+00:00\" \/>\n<meta property=\"og:image\" content=\"https:\/\/www.meydan.tv\/wp-content\/uploads\/screenshot_2020-11-17-09-14-32.png\" \/>\n\t<meta property=\"og:image:width\" content=\"1280\" \/>\n\t<meta property=\"og:image:height\" content=\"720\" \/>\n\t<meta property=\"og:image:type\" content=\"image\/png\" \/>\n<meta name=\"author\" content=\"elli\" \/>\n<meta name=\"twitter:card\" content=\"summary_large_image\" \/>\n<meta name=\"twitter:creator\" content=\"@elli\" \/>\n<script type=\"application\/ld+json\" class=\"yoast-schema-graph\">{\"@context\":\"https:\\\/\\\/schema.org\",\"@graph\":[{\"@type\":\"Article\",\"@id\":\"https:\\\/\\\/www.meydan.tv\\\/az\\\/article\\\/kanal-13-emekdaslarinin-hebs-muddeti-uzadildi\\\/#article\",\"isPartOf\":{\"@id\":\"https:\\\/\\\/www.meydan.tv\\\/az\\\/article\\\/kanal-13-emekdaslarinin-hebs-muddeti-uzadildi\\\/\"},\"author\":{\"name\":\"elli\",\"@id\":\"https:\\\/\\\/www.meydan.tv\\\/az\\\/#\\\/schema\\\/person\\\/9cdbecf90d17180ce1dfbd95b08dcf47\"},\"headline\":\"\u201cKanal 13\u201d \u0259m\u0259kda\u015flar\u0131n\u0131n h\u0259bs m\u00fcdd\u0259ti uzad\u0131ld\u0131\",\"datePublished\":\"2024-03-19T09:05:46+00:00\",\"dateModified\":\"2024-03-19T09:42:43+00:00\",\"mainEntityOfPage\":{\"@id\":\"https:\\\/\\\/www.meydan.tv\\\/az\\\/article\\\/kanal-13-emekdaslarinin-hebs-muddeti-uzadildi\\\/\"},\"wordCount\":631,\"publisher\":{\"@id\":\"https:\\\/\\\/www.meydan.tv\\\/az\\\/#organization\"},\"image\":{\"@id\":\"https:\\\/\\\/www.meydan.tv\\\/az\\\/article\\\/kanal-13-emekdaslarinin-hebs-muddeti-uzadildi\\\/#primaryimage\"},\"thumbnailUrl\":\"https:\\\/\\\/www.meydan.tv\\\/wp-content\\\/uploads\\\/screenshot_2020-11-17-09-14-32.png\",\"articleSection\":[\"Siyas\u0259t\",\"T\u00f6vsiy\u0259\",\"X\u0259b\u0259rl\u0259r\"],\"inLanguage\":\"az\"},{\"@type\":\"WebPage\",\"@id\":\"https:\\\/\\\/www.meydan.tv\\\/az\\\/article\\\/kanal-13-emekdaslarinin-hebs-muddeti-uzadildi\\\/\",\"url\":\"https:\\\/\\\/www.meydan.tv\\\/az\\\/article\\\/kanal-13-emekdaslarinin-hebs-muddeti-uzadildi\\\/\",\"name\":\"\u201cKanal 13\u201d \u0259m\u0259kda\u015flar\u0131n\u0131n h\u0259bs m\u00fcdd\u0259ti uzad\u0131ld\u0131 - MEYDAN.TV\",\"isPartOf\":{\"@id\":\"https:\\\/\\\/www.meydan.tv\\\/az\\\/#website\"},\"primaryImageOfPage\":{\"@id\":\"https:\\\/\\\/www.meydan.tv\\\/az\\\/article\\\/kanal-13-emekdaslarinin-hebs-muddeti-uzadildi\\\/#primaryimage\"},\"image\":{\"@id\":\"https:\\\/\\\/www.meydan.tv\\\/az\\\/article\\\/kanal-13-emekdaslarinin-hebs-muddeti-uzadildi\\\/#primaryimage\"},\"thumbnailUrl\":\"https:\\\/\\\/www.meydan.tv\\\/wp-content\\\/uploads\\\/screenshot_2020-11-17-09-14-32.png\",\"datePublished\":\"2024-03-19T09:05:46+00:00\",\"dateModified\":\"2024-03-19T09:42:43+00:00\",\"breadcrumb\":{\"@id\":\"https:\\\/\\\/www.meydan.tv\\\/az\\\/article\\\/kanal-13-emekdaslarinin-hebs-muddeti-uzadildi\\\/#breadcrumb\"},\"inLanguage\":\"az\",\"potentialAction\":[{\"@type\":\"ReadAction\",\"target\":[\"https:\\\/\\\/www.meydan.tv\\\/az\\\/article\\\/kanal-13-emekdaslarinin-hebs-muddeti-uzadildi\\\/\"]}]},{\"@type\":\"ImageObject\",\"inLanguage\":\"az\",\"@id\":\"https:\\\/\\\/www.meydan.tv\\\/az\\\/article\\\/kanal-13-emekdaslarinin-hebs-muddeti-uzadildi\\\/#primaryimage\",\"url\":\"https:\\\/\\\/www.meydan.tv\\\/wp-content\\\/uploads\\\/screenshot_2020-11-17-09-14-32.png\",\"contentUrl\":\"https:\\\/\\\/www.meydan.tv\\\/wp-content\\\/uploads\\\/screenshot_2020-11-17-09-14-32.png\",\"width\":1280,\"height\":720,\"caption\":\"S\u0259bail Rayon M\u0259hk\u0259m\u0259si. Foto: Meydan TV\"},{\"@type\":\"BreadcrumbList\",\"@id\":\"https:\\\/\\\/www.meydan.tv\\\/az\\\/article\\\/kanal-13-emekdaslarinin-hebs-muddeti-uzadildi\\\/#breadcrumb\",\"itemListElement\":[{\"@type\":\"ListItem\",\"position\":1,\"name\":\"Ana s\u0259hif\u0259\",\"item\":\"https:\\\/\\\/www.meydan.tv\\\/az\\\/\"},{\"@type\":\"ListItem\",\"position\":2,\"name\":\"Siyas\u0259t\",\"item\":\"https:\\\/\\\/www.meydan.tv\\\/az\\\/section\\\/siyaset\\\/\"},{\"@type\":\"ListItem\",\"position\":3,\"name\":\"\u201cKanal 13\u201d \u0259m\u0259kda\u015flar\u0131n\u0131n h\u0259bs m\u00fcdd\u0259ti uzad\u0131ld\u0131\"}]},{\"@type\":\"WebSite\",\"@id\":\"https:\\\/\\\/www.meydan.tv\\\/az\\\/#website\",\"url\":\"https:\\\/\\\/www.meydan.tv\\\/az\\\/\",\"name\":\"MEYDAN.TV\",\"description\":\"Meydan TV Az\u0259rbaycan\u0131n media m\u0259kan\u0131ndak\u0131 alternativ s\u0259sidir\",\"publisher\":{\"@id\":\"https:\\\/\\\/www.meydan.tv\\\/az\\\/#organization\"},\"potentialAction\":[{\"@type\":\"SearchAction\",\"target\":{\"@type\":\"EntryPoint\",\"urlTemplate\":\"https:\\\/\\\/www.meydan.tv\\\/az\\\/?s={search_term_string}\"},\"query-input\":{\"@type\":\"PropertyValueSpecification\",\"valueRequired\":true,\"valueName\":\"search_term_string\"}}],\"inLanguage\":\"az\"},{\"@type\":\"Organization\",\"@id\":\"https:\\\/\\\/www.meydan.tv\\\/az\\\/#organization\",\"name\":\"Meydan TV\",\"url\":\"https:\\\/\\\/www.meydan.tv\\\/az\\\/\",\"logo\":{\"@type\":\"ImageObject\",\"inLanguage\":\"az\",\"@id\":\"https:\\\/\\\/www.meydan.tv\\\/az\\\/#\\\/schema\\\/logo\\\/image\\\/\",\"url\":\"https:\\\/\\\/www.meydan.tv\\\/wp-content\\\/uploads\\\/2021\\\/07\\\/meydan-logo.svg\",\"contentUrl\":\"https:\\\/\\\/www.meydan.tv\\\/wp-content\\\/uploads\\\/2021\\\/07\\\/meydan-logo.svg\",\"width\":195,\"height\":46,\"caption\":\"Meydan TV\"},\"image\":{\"@id\":\"https:\\\/\\\/www.meydan.tv\\\/az\\\/#\\\/schema\\\/logo\\\/image\\\/\"}},{\"@type\":\"Person\",\"@id\":\"https:\\\/\\\/www.meydan.tv\\\/az\\\/#\\\/schema\\\/person\\\/9cdbecf90d17180ce1dfbd95b08dcf47\",\"name\":\"elli\",\"sameAs\":[\"https:\\\/\\\/x.com\\\/elli\"]}]}<\/script>\n<!-- \/ Yoast SEO plugin. -->","yoast_head_json":{"title":"\u201cKanal 13\u201d \u0259m\u0259kda\u015flar\u0131n\u0131n h\u0259bs m\u00fcdd\u0259ti uzad\u0131ld\u0131 - MEYDAN.TV","robots":{"index":"index","follow":"follow","max-snippet":"max-snippet:-1","max-image-preview":"max-image-preview:large","max-video-preview":"max-video-preview:-1"},"canonical":"https:\/\/www.meydan.tv\/az\/article\/kanal-13-emekdaslarinin-hebs-muddeti-uzadildi\/","og_locale":"az_AZ","og_type":"article","og_title":"\u201cKanal 13\u201d \u0259m\u0259kda\u015flar\u0131n\u0131n h\u0259bs m\u00fcdd\u0259ti uzad\u0131ld\u0131 - MEYDAN.TV","og_description":"M\u0259hk\u0259m\u0259 prokurorun t\u0259qdimat\u0131n\u0131 t\u0259min etdi \u201cKanal 13\u201d internet televiziyas\u0131n\u0131n Bak\u0131 ... Davam\u0131","og_url":"https:\/\/www.meydan.tv\/az\/article\/kanal-13-emekdaslarinin-hebs-muddeti-uzadildi\/","og_site_name":"MEYDAN.TV","article_published_time":"2024-03-19T09:05:46+00:00","article_modified_time":"2024-03-19T09:42:43+00:00","og_image":[{"width":1280,"height":720,"url":"https:\/\/www.meydan.tv\/wp-content\/uploads\/screenshot_2020-11-17-09-14-32.png","type":"image\/png"}],"author":"elli","twitter_card":"summary_large_image","twitter_creator":"@elli","schema":{"@context":"https:\/\/schema.org","@graph":[{"@type":"Article","@id":"https:\/\/www.meydan.tv\/az\/article\/kanal-13-emekdaslarinin-hebs-muddeti-uzadildi\/#article","isPartOf":{"@id":"https:\/\/www.meydan.tv\/az\/article\/kanal-13-emekdaslarinin-hebs-muddeti-uzadildi\/"},"author":{"name":"elli","@id":"https:\/\/www.meydan.tv\/az\/#\/schema\/person\/9cdbecf90d17180ce1dfbd95b08dcf47"},"headline":"\u201cKanal 13\u201d \u0259m\u0259kda\u015flar\u0131n\u0131n h\u0259bs m\u00fcdd\u0259ti uzad\u0131ld\u0131","datePublished":"2024-03-19T09:05:46+00:00","dateModified":"2024-03-19T09:42:43+00:00","mainEntityOfPage":{"@id":"https:\/\/www.meydan.tv\/az\/article\/kanal-13-emekdaslarinin-hebs-muddeti-uzadildi\/"},"wordCount":631,"publisher":{"@id":"https:\/\/www.meydan.tv\/az\/#organization"},"image":{"@id":"https:\/\/www.meydan.tv\/az\/article\/kanal-13-emekdaslarinin-hebs-muddeti-uzadildi\/#primaryimage"},"thumbnailUrl":"https:\/\/www.meydan.tv\/wp-content\/uploads\/screenshot_2020-11-17-09-14-32.png","articleSection":["Siyas\u0259t","T\u00f6vsiy\u0259","X\u0259b\u0259rl\u0259r"],"inLanguage":"az"},{"@type":"WebPage","@id":"https:\/\/www.meydan.tv\/az\/article\/kanal-13-emekdaslarinin-hebs-muddeti-uzadildi\/","url":"https:\/\/www.meydan.tv\/az\/article\/kanal-13-emekdaslarinin-hebs-muddeti-uzadildi\/","name":"\u201cKanal 13\u201d \u0259m\u0259kda\u015flar\u0131n\u0131n h\u0259bs m\u00fcdd\u0259ti uzad\u0131ld\u0131 - MEYDAN.TV","isPartOf":{"@id":"https:\/\/www.meydan.tv\/az\/#website"},"primaryImageOfPage":{"@id":"https:\/\/www.meydan.tv\/az\/article\/kanal-13-emekdaslarinin-hebs-muddeti-uzadildi\/#primaryimage"},"image":{"@id":"https:\/\/www.meydan.tv\/az\/article\/kanal-13-emekdaslarinin-hebs-muddeti-uzadildi\/#primaryimage"},"thumbnailUrl":"https:\/\/www.meydan.tv\/wp-content\/uploads\/screenshot_2020-11-17-09-14-32.png","datePublished":"2024-03-19T09:05:46+00:00","dateModified":"2024-03-19T09:42:43+00:00","breadcrumb":{"@id":"https:\/\/www.meydan.tv\/az\/article\/kanal-13-emekdaslarinin-hebs-muddeti-uzadildi\/#breadcrumb"},"inLanguage":"az","potentialAction":[{"@type":"ReadAction","target":["https:\/\/www.meydan.tv\/az\/article\/kanal-13-emekdaslarinin-hebs-muddeti-uzadildi\/"]}]},{"@type":"ImageObject","inLanguage":"az","@id":"https:\/\/www.meydan.tv\/az\/article\/kanal-13-emekdaslarinin-hebs-muddeti-uzadildi\/#primaryimage","url":"https:\/\/www.meydan.tv\/wp-content\/uploads\/screenshot_2020-11-17-09-14-32.png","contentUrl":"https:\/\/www.meydan.tv\/wp-content\/uploads\/screenshot_2020-11-17-09-14-32.png","width":1280,"height":720,"caption":"S\u0259bail Rayon M\u0259hk\u0259m\u0259si. Foto: Meydan TV"},{"@type":"BreadcrumbList","@id":"https:\/\/www.meydan.tv\/az\/article\/kanal-13-emekdaslarinin-hebs-muddeti-uzadildi\/#breadcrumb","itemListElement":[{"@type":"ListItem","position":1,"name":"Ana s\u0259hif\u0259","item":"https:\/\/www.meydan.tv\/az\/"},{"@type":"ListItem","position":2,"name":"Siyas\u0259t","item":"https:\/\/www.meydan.tv\/az\/section\/siyaset\/"},{"@type":"ListItem","position":3,"name":"\u201cKanal 13\u201d \u0259m\u0259kda\u015flar\u0131n\u0131n h\u0259bs m\u00fcdd\u0259ti uzad\u0131ld\u0131"}]},{"@type":"WebSite","@id":"https:\/\/www.meydan.tv\/az\/#website","url":"https:\/\/www.meydan.tv\/az\/","name":"MEYDAN.TV","description":"Meydan TV Az\u0259rbaycan\u0131n media m\u0259kan\u0131ndak\u0131 alternativ s\u0259sidir","publisher":{"@id":"https:\/\/www.meydan.tv\/az\/#organization"},"potentialAction":[{"@type":"SearchAction","target":{"@type":"EntryPoint","urlTemplate":"https:\/\/www.meydan.tv\/az\/?s={search_term_string}"},"query-input":{"@type":"PropertyValueSpecification","valueRequired":true,"valueName":"search_term_string"}}],"inLanguage":"az"},{"@type":"Organization","@id":"https:\/\/www.meydan.tv\/az\/#organization","name":"Meydan TV","url":"https:\/\/www.meydan.tv\/az\/","logo":{"@type":"ImageObject","inLanguage":"az","@id":"https:\/\/www.meydan.tv\/az\/#\/schema\/logo\/image\/","url":"https:\/\/www.meydan.tv\/wp-content\/uploads\/2021\/07\/meydan-logo.svg","contentUrl":"https:\/\/www.meydan.tv\/wp-content\/uploads\/2021\/07\/meydan-logo.svg","width":195,"height":46,"caption":"Meydan TV"},"image":{"@id":"https:\/\/www.meydan.tv\/az\/#\/schema\/logo\/image\/"}},{"@type":"Person","@id":"https:\/\/www.meydan.tv\/az\/#\/schema\/person\/9cdbecf90d17180ce1dfbd95b08dcf47","name":"elli","sameAs":["https:\/\/x.com\/elli"]}]}},"_links":{"self":[{"href":"https:\/\/www.meydan.tv\/az\/wp-json\/wp\/v2\/posts\/301493","targetHints":{"allow":["GET"]}}],"collection":[{"href":"https:\/\/www.meydan.tv\/az\/wp-json\/wp\/v2\/posts"}],"about":[{"href":"https:\/\/www.meydan.tv\/az\/wp-json\/wp\/v2\/types\/post"}],"author":[{"embeddable":true,"href":"https:\/\/www.meydan.tv\/az\/wp-json\/wp\/v2\/users\/8"}],"replies":[{"embeddable":true,"href":"https:\/\/www.meydan.tv\/az\/wp-json\/wp\/v2\/comments?post=301493"}],"version-history":[{"count":3,"href":"https:\/\/www.meydan.tv\/az\/wp-json\/wp\/v2\/posts\/301493\/revisions"}],"predecessor-version":[{"id":301496,"href":"https:\/\/www.meydan.tv\/az\/wp-json\/wp\/v2\/posts\/301493\/revisions\/301496"}],"wp:featuredmedia":[{"embeddable":true,"href":"https:\/\/www.meydan.tv\/az\/wp-json\/wp\/v2\/media\/246574"}],"wp:attachment":[{"href":"https:\/\/www.meydan.tv\/az\/wp-json\/wp\/v2\/media?parent=301493"}],"wp:term":[{"taxonomy":"category","embeddable":true,"href":"https:\/\/www.meydan.tv\/az\/wp-json\/wp\/v2\/categories?post=301493"},{"taxonomy":"post_tag","embeddable":true,"href":"https:\/\/www.meydan.tv\/az\/wp-json\/wp\/v2\/tags?post=301493"}],"curies":[{"name":"wp","href":"https:\/\/api.w.org\/{rel}","templated":true}]}}