{"id":301393,"date":"2024-03-18T12:32:21","date_gmt":"2024-03-18T08:32:21","guid":{"rendered":"https:\/\/www.meydan.tv\/?p=301393"},"modified":"2024-05-05T08:46:07","modified_gmt":"2024-05-05T04:46:07","slug":"tenha-analar","status":"publish","type":"post","link":"https:\/\/www.meydan.tv\/az\/article\/tenha-analar\/","title":{"rendered":"T\u0259nha analar"},"content":{"rendered":"\n<p><\/p>\n\n\n\n<p><strong>N\u0259rmin \u015eahmarzad\u0259<\/strong><\/p>\n\n\n\n<p><strong>Onlar\u0131n sosial t\u0259minat h\u00fcquqlar\u0131 nec\u0259 t\u0259min olunur?<\/strong><\/p>\n\n\n\n<p>D\u00fcnyada d\u0259st\u0259ksiz v\u0259 ya u\u015fa\u011f\u0131n atas\u0131 t\u0259r\u0259find\u0259n aliment kimi minimal ya\u015fay\u0131\u015f d\u0259st\u0259yi il\u0259 u\u015faq b\u00f6y\u00fcd\u0259n, evl\u0259nm\u0259d\u0259n u\u015faq do\u011fan, \u00f6vladl\u0131\u011fa u\u015faq g\u00f6t\u00fcr\u0259n qad\u0131nlar t\u0259nha ana adlan\u0131r. Az\u0259rbaycanda da m\u00fc\u015fahid\u0259l\u0259r\u0259 \u0259sas\u0259n, \u00e7ox sayda t\u0259nha ana var. T\u0259nha analar\u0131n statistikas\u0131 m\u00fcvafiq olaraq u\u015fa\u011f\u0131n do\u011fum haqq\u0131nda \u015f\u0259had\u0259tnam\u0259sind\u0259 ata ad\u0131n\u0131n yaz\u0131lmayaraq bo\u015f saxlan\u0131lmas\u0131 v\u0259 ya do\u011fum qeydiyyat ka\u011f\u0131z\u0131nda x\u00fcsusi qeydl\u0259 (m\u0259s\u0259l\u0259n, anan\u0131n dediyin\u0259 \u0259sas\u0259n, ata ad\u0131 \u018fhm\u0259d) h\u0259r hans\u0131sa ki\u015fi ad\u0131n\u0131n yaz\u0131lmas\u0131, bo\u015fanm\u0131\u015f v\u0259 aliment ala bilm\u0259y\u0259n qad\u0131nlar\u0131n say\u0131, \u0259ri \u00f6lm\u00fc\u015f u\u015faql\u0131 qad\u0131nlar\u0131n say\u0131, \u00f6vladl\u0131\u011fa u\u015faq g\u00f6t\u00fcrm\u00fc\u015f subay qad\u0131nlar\u0131n say\u0131, subay olaraq u\u015faq do\u011fan qad\u0131nlar\u0131n say\u0131n\u0131n statistikas\u0131n\u0131 apararaq m\u00fc\u0259yy\u0259nl\u0259\u015fdiril\u0259 bil\u0259r. Lakin Az\u0259rbaycan D\u00f6vl\u0259t Statistika Komit\u0259sinin sayt\u0131nda t\u0259nha analara dair statistika m\u00f6vcud deyil.<\/p>\n\n\n\n<p>Bu yaz\u0131 Az\u0259rbaycanda ya\u015fayan t\u0259nha analar\u0131n probleml\u0259rini, h\u00fcquqlar\u0131n\u0131, yararlana bil\u0259c\u0259kl\u0259ri t\u0259minatlar\u0131 ara\u015fd\u0131rmaq m\u0259qs\u0259dil\u0259 haz\u0131rlan\u0131b. Yaz\u0131da t\u0259nha ana dedikd\u0259 Az\u0259rbaycan v\u0259t\u0259nda\u015f\u0131 olan v\u0259 Az\u0259rbaycana qa\u00e7q\u0131n kimi g\u0259lmi\u015f, v\u0259t\u0259nda\u015fl\u0131\u011f\u0131 olmayan t\u0259nha analar n\u0259z\u0259rd\u0259 tutulur. Ara\u015fd\u0131rma Az\u0259rbaycan v\u0259t\u0259nda\u015f\u0131 v\u0259 qa\u00e7q\u0131n olan t\u0259nha analar\u0131n, Az\u0259rbaycandak\u0131 BMTQK-\u0131n n\u0259zar\u0259tind\u0259 olan qa\u00e7q\u0131n icmas\u0131 il\u0259 i\u015fl\u0259mi\u015f, sosial t\u0259minat haqq\u0131nda qanunu \u015f\u0259rh ed\u0259n h\u00fcquq\u015f\u00fcnaslar\u0131n m\u00fcsahib\u0259l\u0259ri, qanunvericiliyin m\u0259qs\u0259d\u0259uy\u011fun istiqam\u0259td\u0259 ara\u015fd\u0131r\u0131lmas\u0131 v\u0259 Ail\u0259, Qad\u0131n v\u0259 U\u015faq Probleml\u0259ri \u00fczr\u0259 Komit\u0259sind\u0259n informasiya sor\u011fusu \u0259sas\u0131nda \u0259ld\u0259 edil\u0259n cavab\u0131n t\u0259hlili \u0259sas\u0131nda apar\u0131l\u0131b.<\/p>\n\n\n\n<p><strong>Az\u0259rbaycan v\u0259t\u0259nda\u015f\u0131 t\u0259nha ana-G\u00fclnaz M\u0259mm\u0259dli<\/strong><\/p>\n\n\n\n<p>G\u00fclnaz M\u0259mm\u0259dli he\u00e7 vaxt evl\u0259nm\u0259yib, bir o\u011flu var. Hamil\u0259 oldu\u011funu \u00f6yr\u0259n\u0259nd\u0259 ona s\u00fcrpriz olub v\u0259 u\u015fa\u011f\u0131 do\u011fmaq ist\u0259diyin\u0259 q\u0259rar verdiyini bildir\u0259nd\u0259, hamil\u0259likd\u0259n \u0259vv\u0259l ondan \u0259l \u00e7\u0259km\u0259y\u0259n sevgilisinin uzaqla\u015f\u0131b qa\u00e7ma\u011fa \u00e7al\u0131\u015fd\u0131\u011f\u0131n\u0131 deyir. Hamil\u0259liyi davam etdirm\u0259k he\u00e7 d\u0259 rahat olmay\u0131b. O vaxt \u201cN\u0130DA\u201d V\u0259t\u0259nda\u015f H\u0259r\u0259kat\u0131ndak\u0131 dostlar\u0131 ona i\u015f, m\u00fcayin\u0259 v\u0259 do\u011fu\u015f \u00fc\u00e7\u00fcn h\u0259kim, qalma\u011fa yer taparaq d\u0259st\u0259k olublar. U\u015faq do\u011fulduqdan sonra da zaman-zaman yard\u0131mlar edibl\u0259r. Hamil\u0259lik d\u00f6vr\u00fcnd\u0259 ail\u0259sind\u0259n d\u0259 d\u0259st\u0259k g\u00f6rm\u0259yib:<\/p>\n\n\n<div class=\"wp-block-image\">\n<figure class=\"aligncenter size-full\"><img decoding=\"async\" width=\"1200\" height=\"800\" data-src=\"https:\/\/www.meydan.tv\/wp-content\/uploads\/img_1079-1.jpg\" alt=\"\" class=\"wp-image-301378 lazyload\" src=\"data:image\/svg+xml;base64,PHN2ZyB3aWR0aD0iMSIgaGVpZ2h0PSIxIiB4bWxucz0iaHR0cDovL3d3dy53My5vcmcvMjAwMC9zdmciPjwvc3ZnPg==\" style=\"--smush-placeholder-width: 1200px; --smush-placeholder-aspect-ratio: 1200\/800;\" \/><\/figure>\n<\/div>\n\n\n<p><em>\u201cAnam m\u0259ni hamil\u0259liyimin 7-ci ay\u0131nda g\u00f6rd\u00fc. G\u00f6r\u0259rk\u0259n el\u0259 a\u011flad\u0131, bir anl\u0131q el\u0259 hiss etdim ki, sanki \u00f6lm\u00fc\u015f\u0259m, anam yas\u0131mda a\u011flay\u0131r. Qarda\u015f\u0131m m\u0259ni h\u0259d\u0259l\u0259yirdi ki, Bak\u0131ya g\u0259lib ba\u015f\u0131n\u0131 k\u0259s\u0259c\u0259m. Dayanmadan qohum-qon\u015funun n\u0259 d\u00fc\u015f\u00fcn\u0259c\u0259yini, n\u0259 dey\u0259c\u0259yini d\u00fc\u015f\u00fcn\u00fcrd\u00fcl\u0259r. Zaman-zaman m\u00fcbahis\u0259l\u0259rimiz zaman\u0131 vaxtil\u0259 narkotik istifad\u0259\u00e7isi olan, ail\u0259ni m\u00fcflis v\u0259ziyy\u0259tin\u0259 salan, buna g\u00f6r\u0259 h\u0259bs yatan, sonra m\u00fcalic\u0259 alaraq sa\u011falan qarda\u015f\u0131m m\u0259nim nikahdank\u0259nar u\u015faq do\u011fma\u011f\u0131m\u0131 t\u0259hqiramiz formada ifad\u0259 edirdi. Hiss edirdim ki, ail\u0259m \u00fc\u00e7\u00fcn d\u0259 m\u0259nim evl\u0259nm\u0259d\u0259n u\u015faq do\u011fma\u011f\u0131m, h\u0259tta onun \u0259m\u0259ll\u0259rind\u0259n daha pisdir\u201d.<\/em><\/p>\n\n\n\n<p>2012-ci ild\u0259, y\u0259ni o\u011flu \u00fc\u00e7 ayl\u0131q olanda G\u00fclnaz i\u015fl\u0259y\u0259 bilm\u0259diyin\u0259 v\u0259 he\u00e7 kim\u0259 y\u00fck olmaq ist\u0259m\u0259diyin\u0259 g\u00f6r\u0259 \u201cT\u0259miz D\u00fcnya\u201d s\u0131\u011f\u0131naca\u011f\u0131na gedib. O deyir ki, orada daha b\u00f6y\u00fck travma al\u0131b:<\/p>\n\n\n<div class=\"wp-block-image\">\n<figure class=\"aligncenter size-full\"><img decoding=\"async\" width=\"1200\" height=\"800\" data-src=\"https:\/\/www.meydan.tv\/wp-content\/uploads\/img_1076.jpg\" alt=\"\" class=\"wp-image-301384 lazyload\" src=\"data:image\/svg+xml;base64,PHN2ZyB3aWR0aD0iMSIgaGVpZ2h0PSIxIiB4bWxucz0iaHR0cDovL3d3dy53My5vcmcvMjAwMC9zdmciPjwvc3ZnPg==\" style=\"--smush-placeholder-width: 1200px; --smush-placeholder-aspect-ratio: 1200\/800;\" \/><\/figure>\n<\/div>\n\n\n<p>\u201c<em>M\u0259nim \u00fc\u00e7\u00fcn oradak\u0131 g\u00fcnl\u0259r d\u0259 bir o q\u0259d\u0259r \u00e7\u0259tin idi. Orada i\u015fl\u0259y\u0259n b\u0259zi qeyri-pe\u015f\u0259kar i\u015f\u00e7il\u0259r s\u0131\u011f\u0131nacaqdak\u0131 qad\u0131nlarla i\u015fl\u0259y\u0259 bilmirdi. Xat\u0131rlay\u0131ram ki, iki h\u00fcquq\u015f\u00fcnas var idi. Biri m\u0259n\u0259 demi\u015fdi ki, &#8220;gedib kefini \u00e7\u0259kib u\u015faq do\u011fmusan, indi s\u0259nin he\u00e7 bir m\u0259n\u0259vi haqq\u0131n yoxdur u\u015fa\u011f\u0131n atas\u0131ndan aliment t\u0259l\u0259b etm\u0259y\u0259\u201d. Ruslan adl\u0131 dig\u0259r v\u0259kil is\u0259 orada ona irad bildirdi ki, \u201cqanunlarla emosiyalar\u0131 qar\u0131\u015fd\u0131rmay\u0131n; qanunla bir valideyn u\u015faq \u00fc\u00e7\u00fcn dig\u0259r valideynd\u0259n aliment almaq haqq\u0131na sahibdir, \u00e7\u00fcnki bu u\u015faq ikisinin d\u0259 u\u015fa\u011f\u0131d\u0131r\u201d. Psixoloq da pe\u015f\u0259kar deyildi; h\u0259tta bir d\u0259f\u0259 z\u0259r\u0259r\u00e7\u0259k\u0259nl\u0259rd\u0259n birinin \u015f\u0259xsi hekay\u0259sini ictimai formada m\u00fczakir\u0259 edirdi. Ba\u015fqa probleml\u0259r d\u0259 var idi, m\u0259s\u0259l\u0259n, s\u0131\u011f\u0131naca\u011f\u0131n qidalanma imkanlar\u0131 m\u0259hdud idi. Z\u0259r\u0259r\u00e7\u0259k\u0259nl\u0259r hekay\u0259l\u0259rin\u0259, h\u0259yatlar\u0131na m\u00fcvafiq qruplar hal\u0131nda yox, qar\u0131\u015f\u0131q \u015f\u0259kild\u0259 qal\u0131rd\u0131lar. Bu da bir qrup travmal\u0131 insan\u0131n retravmatizasiya olma\u011f\u0131na g\u0259tirib \u00e7\u0131xara bilirdi. \u0130radlar\u0131 s\u0131\u011f\u0131naca\u011f\u0131n sahibi Mehriban Zeynalovaya dem\u0259k ist\u0259y\u0259nd\u0259 h\u0259min d\u00f6vrd\u0259 orada i\u015fl\u0259y\u0259n psixoloq m\u0259n\u0259 demi\u015fdi ki, h\u0259r \u015fey\u0259 g\u00f6r\u0259 problem yaratmaq laz\u0131m deyil, \u00f6z\u00fcn\u00fc yax\u015f\u0131 aparsan, g\u0259l\u0259c\u0259kd\u0259 burada i\u015fl\u0259y\u0259 bil\u0259rs\u0259n<\/em>&#8220;.<\/p>\n\n\n\n<p>G\u00fclnaz Ail\u0259, Qad\u0131n, U\u015faq Probleml\u0259ri \u00fczr\u0259 D\u00f6vl\u0259t Komit\u0259sin\u0259 d\u0259 m\u00fcraci\u0259t edib. Komit\u0259 ona bildirib ki, evl\u0259nib-bo\u015fand\u0131\u011f\u0131 halda u\u015fa\u011f\u0131 olsayd\u0131, n\u0259s\u0259 ed\u0259 bil\u0259rdil\u0259r:<\/p>\n\n\n\n<p><em>\u201cQald\u0131\u011f\u0131m yer\u0259 g\u0259lib c\u0259mi iki qutu u\u015faq yem\u0259yi g\u0259tirdil\u0259r ki, \u201cbunu da biz i\u015f\u00e7il\u0259r aram\u0131zda pul y\u0131\u011f\u0131b alm\u0131\u015f\u0131q. D\u00f6vl\u0259t t\u0259nha analarla ba\u011fl\u0131 n\u0259s\u0259 n\u0259z\u0259rd\u0259 tutmay\u0131b. Ed\u0259 bil\u0259c\u0259yimiz bir \u015fey yoxdur, t\u0259\u0259ss\u00fcf ki\u201d.<\/em><\/p>\n\n\n\n<p>U\u015fa\u011f\u0131n\u0131n art\u0131q \u00fc\u00e7 ya\u015f\u0131 olanda aliment almaq \u00fc\u00e7\u00fcn m\u0259hk\u0259m\u0259y\u0259 m\u00fcraci\u0259t etm\u0259k q\u0259rar\u0131na g\u0259lib:<\/p>\n\n\n\n<p><em>&nbsp;\u201cV\u0259kil tutma\u011fa bel\u0259 pulum yox idi. Dostlar\u0131n y\u00f6nl\u0259ndirm\u0259si il\u0259 Xalid Ba\u011f\u0131rov m\u0259n\u0259 t\u0259m\u0259nnas\u0131z v\u0259killik etdi. U\u015fa\u011f\u0131n atas\u0131n\u0131n v\u0259kili is\u0259 ona \u00f6d\u0259ni\u015fli \u0259sasla k\u00f6m\u0259k edirdi. DNT analizin\u0259 v\u0259 v\u0259kil\u0259 ver\u0259c\u0259yi pulla aliment \u00f6d\u0259y\u0259 bil\u0259rdi, o is\u0259 dir\u0259nirdi ki, he\u00e7 bir \u00f6d\u0259ni\u015f etm\u0259sin. U\u015fa\u011f\u0131n\u0131n maddi ehtiyaclar\u0131na k\u00f6m\u0259k etm\u0259k \u0259v\u0259zin\u0259, v\u0259kil\u0259 pul verirdi ki, atal\u0131qdan imtina etsin. M\u0259hk\u0259m\u0259d\u0259 m\u0259n\u0259 dedi ki, s\u0259n m\u0259nd\u0259n aliment almaq \u00fc\u00e7\u00fcn hamil\u0259 qalm\u0131san. Aliment is\u0259 136,6 manat idi (h\u0259l\u0259 d\u0259 o q\u0259d\u0259rdir). O hesab edirdi ki, m\u0259n 136,6 manat \u00fc\u00e7\u00fcn hamil\u0259 qalm\u0131\u015fam\u201d.<\/em><\/p>\n\n\n<div class=\"wp-block-image\">\n<figure class=\"aligncenter size-full\"><img decoding=\"async\" width=\"1200\" height=\"800\" data-src=\"https:\/\/www.meydan.tv\/wp-content\/uploads\/img_1074.jpg\" alt=\"\" class=\"wp-image-301387 lazyload\" src=\"data:image\/svg+xml;base64,PHN2ZyB3aWR0aD0iMSIgaGVpZ2h0PSIxIiB4bWxucz0iaHR0cDovL3d3dy53My5vcmcvMjAwMC9zdmciPjwvc3ZnPg==\" style=\"--smush-placeholder-width: 1200px; --smush-placeholder-aspect-ratio: 1200\/800;\" \/><\/figure>\n<\/div>\n\n\n<p>G\u00fclnaz 6000 borc y\u0131\u011f\u0131landan sonra icra m\u0259muruna t\u0259kid edib v\u0259 u\u015fa\u011f\u0131n atas\u0131 aliment \u00f6d\u0259m\u0259y\u0259 ba\u015flay\u0131b. Haz\u0131rda ayl\u0131q alimenti ala bils\u0259 d\u0259, u\u015fa\u011f\u0131n atas\u0131n\u0131n i\u015finin xeyli g\u0259lirli i\u015f olmas\u0131na r\u0259\u011fm\u0259n, y\u0131\u011f\u0131lan borcu ala bilm\u0259yib. U\u015faqlar \u00fc\u00e7\u00fcn ya\u015fay\u0131\u015f minimumu h\u0259r il artsa da, G\u00fclnaz o d\u00f6vrd\u0259n indiy\u0259d\u0259k alt\u0131 d\u0259f\u0259 yox, iki d\u0259f\u0259 artd\u0131\u011f\u0131 haqq\u0131nda m\u0259lumat al\u0131bm\u0131\u015f (ilk aliment 2017-ci ild\u0259 t\u0259yin olunub). Amma o iki d\u0259f\u0259nin biri karantin m\u00fcdd\u0259tin\u0259 d\u00fc\u015fd\u00fcy\u00fc \u00fc\u00e7\u00fcn u\u015fa\u011f\u0131n atas\u0131n\u0131n da \u00e7\u0259tin v\u0259ziyy\u0259td\u0259 ola bil\u0259c\u0259yini g\u00fcman ed\u0259r\u0259k art\u0131mla ba\u011fl\u0131 iddia qald\u0131rma\u011fa c\u0259hd etm\u0259yib. Dig\u0259rind\u0259 is\u0259 alimentin art\u0131r\u0131lmas\u0131 iddias\u0131n\u0131 qald\u0131rmaq \u00fc\u00e7\u00fcn v\u0259kil tutma\u011fa pulu olmay\u0131b. \u00d6t\u0259n il AYNA t\u0259\u015f\u0259bb\u00fcs qrupu ona v\u0259kill\u0259 ba\u011fl\u0131 d\u0259st\u0259k g\u00f6st\u0259rib.<\/p>\n\n\n\n<p><strong>T\u0259nha anan\u0131n i\u015f tapmaq probleml\u0259ri<\/strong><\/p>\n\n\n\n<p>G\u00fclnaz kollecd\u0259 pedoqoji sah\u0259 \u00fczr\u0259 t\u0259hsil al\u0131b. Haz\u0131rda qeydiyyatda oldu\u011fu rayonda ail\u0259si il\u0259 ya\u015fay\u0131r; ba\u011f\u00e7aya i\u015f \u00fc\u00e7\u00fcn d\u0259f\u0259l\u0259rl\u0259 m\u00fcraci\u0259t ets\u0259 d\u0259, ba\u011f\u00e7adan ona bildiribl\u0259r ki, Mehriban \u018fliyevan\u0131n g\u00f6st\u0259ri\u015fi il\u0259 sad\u0259c\u0259 tam ali t\u0259hsil alm\u0131\u015f \u015f\u0259xsl\u0259ri i\u015f\u0259 g\u00f6t\u00fcr\u00fcrl\u0259r. Lakin o qeyd edir ki, ba\u011f\u00e7aya i\u015f\u0259 d\u00fcz\u0259l\u0259nl\u0259r \u00f6z ixtisaslar\u0131na g\u00f6r\u0259 se\u00e7ilm\u0259yibl\u0259r:<\/p>\n\n\n\n<p><em>\u201cRayon balaca oldu\u011fu \u00fc\u00e7\u00fcn ba\u011f\u00e7alarda i\u015fl\u0259y\u0259nl\u0259ri tan\u0131y\u0131r\u0131q. \u0130xtisaslar\u0131 pedoqoji t\u0259hsil olmamaqla (maliyy\u0259-kredit bitiribl\u0259r) yana\u015f\u0131, r\u00fc\u015fv\u0259t ver\u0259r\u0259k i\u015f\u0259 d\u00fcz\u0259libl\u0259r\u201d.<\/em><\/p>\n\n\n\n<p>O deyir ki, atas\u0131n\u0131n g\u00f6z\u00fcnd\u0259n \u0259lilliyi oldu\u011fu, anas\u0131 da a\u00e7\u0131q \u00fcr\u0259k \u0259m\u0259liyyat\u0131 ke\u00e7irdiyi \u00fc\u00e7\u00fcn u\u015faq ba\u011f\u00e7aya getm\u0259y\u0259 ba\u015flayanda M\u0259nzil \u0130stismar Sah\u0259sin\u0259 (M\u0130S) s\u00fcp\u00fcrg\u0259\u00e7i i\u015fi \u00fc\u00e7\u00fcn m\u00fcraci\u0259t edib. M\u0130S-d\u0259n bildiribl\u0259r ki, d\u00f6vl\u0259t g\u00f6st\u0259ri\u015fin\u0259 \u0259sas\u0259n, i\u015fl\u0259r ancaq \u015f\u0259hid v\u0259 qazi ail\u0259l\u0259rin\u0259 verilir.<\/p>\n\n\n<div class=\"wp-block-image\">\n<figure class=\"aligncenter size-full\"><img decoding=\"async\" width=\"1200\" height=\"800\" data-src=\"https:\/\/www.meydan.tv\/wp-content\/uploads\/img_1080.jpg\" alt=\"\" class=\"wp-image-301394 lazyload\" src=\"data:image\/svg+xml;base64,PHN2ZyB3aWR0aD0iMSIgaGVpZ2h0PSIxIiB4bWxucz0iaHR0cDovL3d3dy53My5vcmcvMjAwMC9zdmciPjwvc3ZnPg==\" style=\"--smush-placeholder-width: 1200px; --smush-placeholder-aspect-ratio: 1200\/800;\" \/><\/figure>\n<\/div>\n\n\n<p>Qad\u0131n deyir ki, he\u00e7 bir g\u0259liri olmad\u0131\u011f\u0131 v\u0259 b\u00fct\u00fcn kriteriyalara uy\u011fun g\u0259ldiyi halda, pandemiyada bird\u0259f\u0259lik 190 manatl\u0131q pul yard\u0131m\u0131n\u0131 da ala bilm\u0259yib. Nazirliy\u0259 m\u00fcraci\u0259t ets\u0259 d\u0259, onu i\u015f\u0259 d\u00fcz\u0259ld\u0259c\u0259kl\u0259rini bildiribl\u0259r, lakin h\u0259l\u0259 d\u0259 i\u015f\u0259 dair he\u00e7 bir gerid\u00f6n\u00fc\u015f edilm\u0259yib. 2017-ci ild\u0259 m\u0259\u015f\u011fullu\u011fa m\u00fcraci\u0259t ets\u0259 d\u0259, ondan da gerid\u00f6n\u00fc\u015f almay\u0131b.<\/p>\n\n\n\n<p>G\u00fclnaz haz\u0131rda \u0259l \u0259m\u0259yi il\u0259 haz\u0131rlad\u0131\u011f\u0131 aksessuarlar\u0131 sataraq \u00f6z\u00fcn\u0259 v\u0259 u\u015fa\u011f\u0131na baxma\u011fa \u00e7al\u0131\u015f\u0131r. Deyir ki, bu \u00e7\u0259tin \u015f\u0259rtl\u0259rl\u0259 pul qazanma\u011fa \u00e7al\u0131\u015fmas\u0131n\u0131 g\u00f6r\u0259n qohumlar\u0131 ona tez-tez \u0259r\u0259 getm\u0259yi v\u0259 ya kimins\u0259 m\u0259\u015fuq\u0259si olma\u011f\u0131 t\u0259klif edirl\u0259r:<\/p>\n\n\n\n<p><em>&#8220;\u018fslind\u0259, \u0259xlaq-\u0259xlaq dey\u0259 q\u0131\u015fq\u0131ran insanlar\u0131n s\u0259n\u0259 &#8220;o q\u0259d\u0259r evli ki\u015fil\u0259r var ki, s\u0259n\u0259 d\u0259, u\u015fa\u011f\u0131na da yax\u015f\u0131 baxar&#8221; dey\u0259 m\u0259sl\u0259h\u0259t verm\u0259si q\u0259rib\u0259dir. Onlar qad\u0131n\u0131n iqtisadi t\u0259minat\u0131 \u00fc\u00e7\u00fcn vasit\u0259ni d\u00f6vl\u0259td\u0259, i\u015fd\u0259 yox, m\u0259hz ki\u015fid\u0259 g\u00f6r\u00fcrl\u0259r&#8221;.<\/em><\/p>\n\n\n\n<p><strong>T\u0259miz D\u00fcnya \u0130ctimai Birliyinin s\u0131\u011f\u0131naca\u011f\u0131 hans\u0131 \u0259saslarla i\u015fl\u0259yir?<\/strong><\/p>\n\n\n\n<p>\u201cT\u0259miz D\u00fcnya\u201d \u0130B-in r\u0259hb\u0259ri Mehriban Zeynalova bildirir ki, s\u0131\u011f\u0131nacaq 2002-ci ild\u0259n m\u00f6vcuddur v\u0259 d\u00f6vl\u0259t t\u0259r\u0259find\u0259n qeydiyyata al\u0131naraq f\u0259aliyy\u0259t g\u00f6st\u0259rir. S\u0131\u011f\u0131nacaq eyni anda c\u0259mi \u0259lli n\u0259f\u0259r olmaqla, 18 ya\u015f\u0131na \u00e7atmayan qad\u0131nlar\u0131, u\u015faql\u0131 analar\u0131, \u0259sas\u0259n is\u0259 m\u0259i\u015f\u0259t zorak\u0131l\u0131\u011f\u0131 qurbanlar\u0131n\u0131 himay\u0259 edir. Zeynalova bildirir ki, AB\u015e D\u00f6vl\u0259t Departamentinin Beyn\u0259lxalq Miqrasiya Xidm\u0259ti il\u0259 birlikd\u0259 layih\u0259si \u00e7\u0259r\u00e7iv\u0259sind\u0259, Az\u0259rbaycan Respublikas\u0131n\u0131n QHT-l\u0259rin\u0259 D\u00f6vl\u0259t D\u0259st\u0259yi Agentliyi vasit\u0259sil\u0259 v\u0259 sosial \u015f\u0259b\u0259k\u0259l\u0259rd\u0259n toplanan yard\u0131mlarla maliyy\u0259l\u0259\u015firl\u0259r. Z\u0259r\u0259r\u00e7\u0259k\u0259nl\u0259r risk d\u0259y\u0259rl\u0259ndirilm\u0259l\u0259rin\u0259 v\u0259 imkanlar\u0131na \u0259sas\u0259n, orada bir, iki v\u0259 ya \u00fc\u00e7 il (yetkinlik ya\u015f\u0131na \u00e7atmayan g\u0259nc q\u0131zlar) qala bil\u0259rl\u0259r. S\u0131\u011f\u0131nacaq i\u015f\u00e7il\u0259rinin hans\u0131 \u0259saslarla i\u015f\u0259 g\u00f6t\u00fcr\u00fcld\u00fcy\u00fcn\u0259, i\u015f\u00e7il\u0259rin \u00f6zl\u0259rinin reabilitasiya ehtiyaclar\u0131na dair suallara is\u0259 bel\u0259 cavab verir:<\/p>\n\n\n<div class=\"wp-block-image\">\n<figure class=\"aligncenter size-full\"><img decoding=\"async\" width=\"1200\" height=\"800\" data-src=\"https:\/\/www.meydan.tv\/wp-content\/uploads\/img_1077.jpg\" alt=\"\" class=\"wp-image-301381 lazyload\" src=\"data:image\/svg+xml;base64,PHN2ZyB3aWR0aD0iMSIgaGVpZ2h0PSIxIiB4bWxucz0iaHR0cDovL3d3dy53My5vcmcvMjAwMC9zdmciPjwvc3ZnPg==\" style=\"--smush-placeholder-width: 1200px; --smush-placeholder-aspect-ratio: 1200\/800;\" \/><\/figure>\n<\/div>\n\n\n<p><em>&#8220;\u0130\u015f\u00e7il\u0259ri i\u015f\u0259 g\u00f6t\u00fcr\u0259rk\u0259n BMT-nin seksual t\u0259hrik v\u0259 t\u0259crid\u0259 dair etik kodeksini oxuyub imzalay\u0131rlar. \u0130ndiy\u0259 q\u0259d\u0259r bir h\u00fcquq\u015f\u00fcnas\u0131 i\u015fd\u0259n \u00e7\u0131xarm\u0131\u015fam, \u00e7\u00fcnki z\u0259r\u0259r\u00e7\u0259k\u0259n\u0259 zarafat ed\u0259r\u0259k demi\u015fdi ki, &#8220;m\u0259n d\u0259 \u00f6z arvad\u0131m\u0131 d\u00f6y\u00fcr\u0259m, burada n\u0259 var ki?!&#8221; Art\u0131q ikinci ildir ki, \u00f6z\u00fcm \u015firk\u0259tl\u0259rd\u0259n xahi\u015f ed\u0259r\u0259k ild\u0259 i\u015f\u00e7il\u0259rin h\u0259r birini \u00fc\u00e7 g\u00fcn olmaqla reabilitasiyaya g\u00f6nd\u0259rir\u0259m&#8221;<\/em>.<\/p>\n\n\n\n<p>Zeynalova bildirir ki, qad\u0131nlar qaydalar\u0131 pozduqlar\u0131, reabilitasiyaya uy\u011funla\u015fmad\u0131qlar\u0131, konflikt\u0259 s\u0259b\u0259b olduqlar\u0131 hallarda s\u0131\u011f\u0131nacaqdan \u00e7\u0131xar\u0131l\u0131rlar.<\/p>\n\n\n\n<p>G\u00fclnaz M\u0259mm\u0259dlinin iddialar\u0131 il\u0259 ba\u011fl\u0131 is\u0259 bildirir ki, s\u0131\u011f\u0131nacaq 2016-c\u0131 ild\u0259n sonra layih\u0259l\u0259rl\u0259 i\u015fl\u0259m\u0259y\u0259, ehtiyac olduqda ictimai \u0259saslarla d\u0259st\u0259k alma\u011fa ba\u015flay\u0131b:<\/p>\n\n\n\n<p><em>&#8220;2012-ci ild\u0259 m\u0259n \u00f6z hesab\u0131mla s\u0131\u011f\u0131naca\u011f\u0131 ayaqda saxlama\u011fa, qad\u0131nlara qorunmalar\u0131 \u00fc\u00e7\u00fcn yuva verm\u0259y\u0259 \u00e7al\u0131\u015f\u0131rd\u0131m. T\u0259s\u0259vv\u00fcr edin, ucuz ba\u015fa g\u0259lsin v\u0259 \u00e7ox \u015fey\u0259 pulum \u00e7ats\u0131n dey\u0259, durub s\u0259h\u0259r tezd\u0259n \u201cS\u0259d\u0259r\u0259k\u201d ticar\u0259t m\u0259rk\u0259zin\u0259 gedirdim. O ill\u0259rd\u0259 i\u015f\u00e7i g\u00f6t\u00fcr\u00fcb maa\u015f verm\u0259y\u0259 b\u00fcdc\u0259 d\u0259 yox idi, ona g\u00f6r\u0259 d\u0259 k\u00f6n\u00fcll\u00fc h\u00fcquq\u015f\u00fcnas, psixoloqlar m\u00fcraci\u0259t ed\u0259nd\u0259 q\u0259bul edirdim. T\u0259bii, diqq\u0259t edirdim ki, \u0259qli-s\u0259lim adamlar olsunlar, z\u0259r\u0259r\u00e7\u0259k\u0259nl\u0259rl\u0259 do\u011fru kommunikasiya qursunlar. Lakin m\u0259n h\u0259r zaman h\u0259r \u015feyi m\u00fc\u015fahid\u0259 ed\u0259 bilm\u0259r\u0259m. H\u0259r hans\u0131sa irad v\u0259 t\u0259klifl\u0259r g\u0259l\u0259nd\u0259 ara\u015fd\u0131rm\u0131\u015fam. O d\u00f6vrd\u0259 bu bar\u0259d\u0259 irad oldu\u011funu m\u0259n\u0259 bildirm\u0259mi\u015fdil\u0259r. B\u0259z\u0259n d\u0259 do\u011fu\u015fdan sonra analar \u00e7ox h\u0259ssas ola, m\u0259s\u0259l\u0259l\u0259ri \u00e7ox \u015f\u0259xsil\u0259\u015fdir\u0259 bilirl\u0259r. H\u0259l\u0259 bu qad\u0131n t\u0259nha anad\u0131rsa, h\u0259m maddi, h\u0259m d\u0259 m\u0259n\u0259vi qay\u011f\u0131larla d\u00f6y\u00fc\u015fm\u0259li olur. T\u0259nha analara qar\u015f\u0131 c\u0259miyy\u0259td\u0259 t\u0259n\u0259l\u0259r olur, bu da h\u0259min analar\u0131n emosional v\u0259ziyy\u0259tin\u0259 d\u0259 ciddi t\u0259sir edir\u201d<\/em>.<\/p>\n\n\n\n<p>Ail\u0259, Qad\u0131n, U\u015faq Probleml\u0259ri \u00fczr\u0259 D\u00f6vl\u0259t Komit\u0259sinin t\u0259nha analara dair informasiya sor\u011fusuna cavab\u0131:<\/p>\n\n\n\n<figure class=\"wp-block-image size-full\"><img decoding=\"async\" width=\"855\" height=\"244\" data-src=\"https:\/\/www.meydan.tv\/wp-content\/uploads\/sedvel.png\" alt=\"\" class=\"wp-image-301375 lazyload\" src=\"data:image\/svg+xml;base64,PHN2ZyB3aWR0aD0iMSIgaGVpZ2h0PSIxIiB4bWxucz0iaHR0cDovL3d3dy53My5vcmcvMjAwMC9zdmciPjwvc3ZnPg==\" style=\"--smush-placeholder-width: 855px; --smush-placeholder-aspect-ratio: 855\/244;\" \/><figcaption class=\"wp-element-caption\">C\u0259dv\u0259l<\/figcaption><\/figure>\n\n\n\n<p><em>&#8220;Bunlardan&nbsp; 2021-ci il \u00fczr\u0259 7-si, 2022-ci il \u00fczr\u0259 5-i, cari ilin yanvar ay\u0131 \u00fczr\u0259 4-\u00fc qeyri-r\u0259smi nikahda olan t\u0259k analar\u0131n m\u00fcraci\u0259tl\u0259ridir.<\/em><\/p>\n\n\n\n<p><em>Bu m\u00fcraci\u0259tl\u0259rd\u0259n 20-si m\u00fcxt\u0259lif yard\u0131mlarla t\u0259min olunma, 15-i m\u0259nzil m\u0259s\u0259l\u0259l\u0259ri, 12-si i\u015f il\u0259 t\u0259min olunma, 11-i m\u00fcayin\u0259 v\u0259 m\u00fcalic\u0259, 58-si is\u0259 dig\u0259r m\u00f6vzularla (v\u0259kil il\u0259 t\u0259min olunma, atal\u0131\u011f\u0131n m\u00fc\u0259yy\u0259n edilm\u0259si, \u015f\u0259xsiyy\u0259t v\u0259siq\u0259si il\u0259 t\u0259min olunma v\u0259 s.) ba\u011fl\u0131d\u0131r. D\u00f6vl\u0259t Komit\u0259si t\u0259r\u0259find\u0259n m\u00fcraci\u0259t ed\u0259n v\u0259t\u0259nda\u015flara h\u00fcquqi m\u0259sl\u0259h\u0259tl\u0259r verilib, komit\u0259nin s\u0259lahiyy\u0259tl\u0259ri xaricind\u0259 olan m\u0259s\u0259l\u0259l\u0259r m\u00fcvafiq orqanlara y\u00f6nl\u0259ndirilib. Yard\u0131mla ba\u011fl\u0131 m\u00fcraci\u0259tl\u0259r\u0259 dair m\u0259s\u0259l\u0259l\u0259r\u0259 m\u00fcxt\u0259lif layih\u0259l\u0259r \u00e7\u0259r\u00e7iv\u0259sind\u0259 (\u201cAil\u0259 k\u00f6n\u00fcll\u00fcl\u0259ri\u201d, \u201cAil\u0259d\u0259n-ail\u0259y\u0259\u201d aksiyas\u0131 v\u0259 s.), \u0259m\u0259kda\u015flar\u0131n \u015f\u0259xsi imkanlar\u0131 hesab\u0131na, eyni zamanda xeyriyy\u0259\u00e7il\u0259rin d\u0259st\u0259yi il\u0259 k\u00f6m\u0259klik g\u00f6st\u0259rilmi\u015fdir&#8221;<\/em>.<\/p>\n\n\n\n<p>Sor\u011fuya veril\u0259n cavabda konkret hans\u0131 orqanlara y\u00f6nl\u0259ndirilm\u0259, y\u00f6nl\u0259ndiril\u0259nl\u0259rin sonrak\u0131 taleyin\u0259 dair informasiya qeyd olunmay\u0131b. H\u0259m\u00e7inin <em>&#8220;m\u00fcraci\u0259tl\u0259rin bir qismin\u0259 \u0259m\u0259kda\u015flar\u0131n \u015f\u0259xsi imkanlar\u0131 hesab\u0131na, eyni zamanda xeyriyy\u0259\u00e7il\u0259rin d\u0259st\u0259yi il\u0259 k\u00f6m\u0259k g\u00f6st\u0259rilmi\u015fdir&#8221;<\/em> ifad\u0259si ayd\u0131n deyil ki, d\u00f6vl\u0259t komit\u0259si niy\u0259 m\u0259s\u0259l\u0259y\u0259 d\u00f6vl\u0259tin sosial t\u0259minat \u00f6hd\u0259liyi \u00e7\u0259r\u00e7iv\u0259sind\u0259n yox, f\u0259rdi t\u0259\u015f\u0259bb\u00fcsl\u0259rl\u0259 cavab verib.<\/p>\n\n\n\n<p><strong>Az\u0259rbaycan v\u0259t\u0259nda\u015f\u0131 t\u0259nha analar\u0131n hans\u0131 h\u00fcquqlar\u0131 var:<\/strong><\/p>\n\n\n\n<p>H\u00fcquq\u015f\u00fcnas S\u0259m\u0259d R\u0259himli bildirir ki, t\u0259nha analar\u0131n sosial t\u0259minat h\u00fcquqlar\u0131 xeyli z\u0259ifdir. T\u0259nha analar x\u00fcsusi olaraq sosial t\u0259minatdan faydalanan subyekt kimi m\u00fc\u0259yy\u0259n edilm\u0259yibl\u0259r. Sosial t\u0259minat qanunvericiliyind\u0259 n\u0259z\u0259rd\u0259 tutulan birba\u015fa sosial t\u0259minatlar\u0131n \u0259ks\u0259riyy\u0259tind\u0259n t\u0259nha analar faydalana bilmirl\u0259r. \u00c7\u00fcnki onlar h\u0259min qanunvericilikd\u0259 n\u0259z\u0259rd\u0259 tutulmu\u015f kateqoriyalara d\u00fc\u015fm\u00fcrl\u0259r. Bu is\u0259 onlar\u0131n sosial t\u0259minat qanunvericiliyind\u0259n yaln\u0131z dolay\u0131 olaraq istifad\u0259 etm\u0259k imkanlar\u0131n\u0131 m\u00fcmk\u00fcn edir.&nbsp; Dolay\u0131 sosial t\u0259minat vasit\u0259l\u0259ri is\u0259 t\u0259nha&nbsp; analar\u0131 qorumaq \u00fc\u00e7\u00fcn yet\u0259rli olmur. Buna g\u00f6r\u0259 d\u0259 \u0259lveri\u015fsiz sosial qrup olan t\u0259nha analar praktik olaraq sosial t\u0259minat h\u00fcququnun m\u00fchafiz\u0259 sferas\u0131ndan k\u0259narda qal\u0131blar.<\/p>\n\n\n<div class=\"wp-block-image\">\n<figure class=\"aligncenter size-full\"><img decoding=\"async\" width=\"1200\" height=\"800\" data-src=\"https:\/\/www.meydan.tv\/wp-content\/uploads\/img_1075.jpg\" alt=\"\" class=\"wp-image-301390 lazyload\" src=\"data:image\/svg+xml;base64,PHN2ZyB3aWR0aD0iMSIgaGVpZ2h0PSIxIiB4bWxucz0iaHR0cDovL3d3dy53My5vcmcvMjAwMC9zdmciPjwvc3ZnPg==\" style=\"--smush-placeholder-width: 1200px; --smush-placeholder-aspect-ratio: 1200\/800;\" \/><\/figure>\n<\/div>\n\n\n<p>Az\u0259rbaycan Respublikas\u0131 Konstitusiyas\u0131n\u0131n 38-ci madd\u0259si h\u0259r k\u0259sin sosial t\u0259minat h\u00fcququnu tan\u0131y\u0131r. Amma Konstitusiya sosial t\u0259minat h\u00fcququnun \u00e7\u0259r\u00e7iv\u0259l\u0259rini \u0259sas\u0259n qanunvericinin ixtiyar\u0131na burax\u0131r. Sosial t\u0259minat h\u00fcququnu t\u0259sbit ed\u0259n qanunvericilik t\u0259nha analar\u0131 ayr\u0131l\u0131qda m\u00fchafiz\u0259 edilm\u0259li subyekt kimi m\u00fc\u0259yy\u0259n etmir. Bu bax\u0131mdan t\u0259nha analar, el\u0259c\u0259 d\u0259 s\u00f6z\u00fcn geni\u015f m\u0259nas\u0131nda t\u0259nha valideynl\u0259r bilavasit\u0259 olaraq sosial t\u0259minat h\u00fcququnun (qanunvericiliyinin) m\u00fchafiz\u0259 dair\u0259sin\u0259 aid deyill\u0259r. Lakin t\u0259nha analar sosial t\u0259minat h\u00fcququnda m\u00fc\u0259yy\u0259n edilmi\u015f bir s\u0131ra t\u0259minatlardan h\u0259min t\u0259minatlar\u0131n \u00e7\u0259r\u00e7iv\u0259l\u0259rin\u0259 d\u00fc\u015fd\u00fckl\u0259ri halda istifad\u0259 ed\u0259 bil\u0259rl\u0259r. Sosial m\u00fcavin\u0259tl\u0259r qanunvericiliyind\u0259 m\u00fcvafiq kateqoriya uy\u011fun g\u0259l\u0259c\u0259yi hallarda t\u0259nha analar\u0131n faydalana bil\u0259c\u0259yi t\u0259minatlar m\u00f6vcuddur. Bel\u0259 ki, \u201cSosial m\u00fcavin\u0259tl\u0259r haqq\u0131nda\u201d Qanunun 4-c\u00fc madd\u0259si il\u0259 m\u00fc\u0259yy\u0259n edilmi\u015f ya\u015fa g\u00f6r\u0259, ail\u0259 ba\u015f\u00e7\u0131s\u0131n\u0131 itirm\u0259y\u0259 g\u00f6r\u0259, 3 ya\u015f\u0131nad\u0259k u\u015fa\u011fa qullu\u011fa g\u00f6r\u0259, valideynl\u0259rini itirmi\u015f v\u0259 valideyn himay\u0259sind\u0259n m\u0259hrum olmu\u015f u\u015faqlar\u0131n q\u0259yyumlar\u0131na (himay\u0259\u00e7il\u0259rin\u0259), 1 ya\u015f\u0131nad\u0259k u\u015fa\u011f\u0131 olan azt\u0259minatl\u0131 ail\u0259l\u0259r\u0259, be\u015fd\u0259n \u00e7ox u\u015fa\u011f\u0131 olan qad\u0131nlara, \u00f6vladl\u0131\u011fa g\u00f6t\u00fcr\u00fcl\u0259n u\u015fa\u011fa, o c\u00fcml\u0259d\u0259n 18 ya\u015f\u0131nad\u0259k \u0259lilliyi m\u00fc\u0259yy\u0259n edilmi\u015f u\u015fa\u011fa g\u00f6r\u0259 m\u00fcavin\u0259tl\u0259rin h\u0259r hans\u0131 birini, ya da bu qanunvericiliyin \u015f\u0259rtl\u0259rin\u0259 uy\u011fun g\u0259ldiyi t\u0259qdird\u0259 bir ne\u00e7\u0259sini \u0259ld\u0259 ed\u0259 bil\u0259rl\u0259r:<\/p>\n\n\n\n<p>Ail\u0259 ba\u015f\u00e7\u0131s\u0131n\u0131 itirm\u0259y\u0259 g\u00f6r\u0259 m\u00fcavin\u0259t ail\u0259 ba\u015f\u00e7\u0131lar\u0131ndan biri say\u0131lan \u0259rin v\u0259fat etdiyi, yaxud itkin d\u00fc\u015fm\u00fc\u015f (\u00f6lm\u00fc\u015f) elan edildiyi hallarda verilir. Qanunvericiliy\u0259 \u0259sas\u0259n, t\u0259nha analar\u0131n bu m\u00fcavin\u0259td\u0259n yararlanmas\u0131 \u00fc\u00e7\u00fcn h\u0259min v\u0259fat etmi\u015f \u015f\u0259xsl\u0259 faktiki v\u0259 ya ke\u00e7mi\u015fd\u0259 r\u0259smi nikahda olmal\u0131d\u0131rlar. R\u0259smi nikah\u0131 olmayan t\u0259nha analar avtomatik bu m\u00fcavin\u0259td\u0259n yararlana bilmirl\u0259r. 3 ya\u015f\u0131nad\u0259k u\u015fa\u011fa qullu\u011fa g\u00f6r\u0259 m\u00fcavin\u0259t \u0259m\u0259k m\u00fcqavil\u0259si \u00e7\u0259r\u00e7iv\u0259sind\u0259 i\u015fl\u0259y\u0259n qad\u0131nlara aid t\u0259minatd\u0131r. \u018fm\u0259k m\u00fcqavil\u0259si \u00e7\u0259r\u00e7iv\u0259sind\u0259 i\u015fl\u0259m\u0259y\u0259n qad\u0131nlar bu m\u00fcavin\u0259td\u0259n faydalana bilmirl\u0259r. Bundan \u0259lav\u0259, i\u015fl\u0259y\u0259n qad\u0131nlar aras\u0131nda \u0259m\u0259k m\u00fcnasib\u0259tl\u0259ri r\u0259smil\u0259\u015fdirilm\u0259y\u0259n qad\u0131nlar\u0131n da say\u0131 az deyil. Buna g\u00f6r\u0259 d\u0259 h\u0259min t\u0259nha analar da bu sosial m\u00fcavin\u0259tl\u0259rd\u0259n istifad\u0259 ed\u0259 bilmirl\u0259r. 1 ya\u015f\u0131nad\u0259k u\u015fa\u011f\u0131 olan azt\u0259minatl\u0131 ail\u0259l\u0259r\u0259 m\u00fcavin\u0259t h\u0259r hans\u0131 bir d\u00f6vl\u0259t qurumuna m\u00fcraci\u0259t edilm\u0259d\u0259n, h\u0259r hans\u0131 bir s\u0259n\u0259d t\u0259qdim edilm\u0259d\u0259n proaktiv qaydada t\u0259yin edilir. Bu m\u00fcavin\u0259td\u0259n istifad\u0259 etm\u0259k \u00fc\u00e7\u00fcn \u015f\u0259xsl\u0259rin azt\u0259minatl\u0131 ail\u0259 kimi qeydiyyata al\u0131nmas\u0131 t\u0259l\u0259b edilir. Azt\u0259minatl\u0131 ail\u0259 kimi qeydiyyata al\u0131nma is\u0259 \u201c\u00dcnvanl\u0131 d\u00f6vl\u0259t sosial yard\u0131m\u0131 haqq\u0131nda\u201d Qanunla nizama sal\u0131n\u0131r. Bu qanunun praktik probleml\u0259rin\u0259 \u0259sas\u0259n, bir \u00e7ox faktiki azt\u0259minatl\u0131 ail\u0259 azt\u0259minatl\u0131 ail\u0259 kimi qeydiyyata al\u0131nm\u0131r v\u0259 bu bax\u0131mdan bir \u00e7ox t\u0259nha ana azt\u0259minatl\u0131 ail\u0259 (\u015f\u0259xs) kimi qeydiyyata al\u0131na bilm\u0259dikl\u0259ri \u00fc\u00e7\u00fcn bu m\u00fcavin\u0259td\u0259n d\u0259 avtomatik yararlanmaqdan m\u0259hrum olur. Valideynl\u0259rini itirmi\u015f v\u0259 ya valideyn himay\u0259sind\u0259n m\u0259hrum olmu\u015f u\u015faqlar\u0131n q\u0259yyumlar\u0131na (himay\u0259\u00e7il\u0259rin\u0259) m\u00fcavin\u0259t is\u0259 t\u0259nha&nbsp; q\u0259yyum (himay\u0259\u00e7i) kimi u\u015fa\u011fa baxan \u015f\u0259xsl\u0259r\u0259 \u015famil edilir. Y\u0259ni hans\u0131sa qad\u0131n u\u015faq v\u0259 ya u\u015faqlar himay\u0259y\u0259 g\u00f6t\u00fcrd\u00fckd\u0259 bu m\u00fcavin\u0259td\u0259n yararlana bil\u0259r. El\u0259c\u0259 d\u0259 be\u015fd\u0259n \u00e7ox u\u015fa\u011f\u0131 olan qad\u0131nlara m\u00fcavin\u0259t d\u0259, mahiyy\u0259ti etibaril\u0259, bir \u00e7ox t\u0259nha analar \u00fc\u00e7\u00fcn \u0259l\u00e7atan deyil. \u00d6vladl\u0131\u011fa g\u00f6t\u00fcr\u00fcl\u0259n u\u015fa\u011fa, o c\u00fcml\u0259d\u0259n 18 ya\u015f\u0131nad\u0259k \u0259lilliyi m\u00fc\u0259yy\u0259n edilmi\u015f u\u015fa\u011fa g\u00f6r\u0259 m\u00fcavin\u0259t t\u0259yinat\u0131 etibaril\u0259 \u00f6vladl\u0131\u011fa g\u00f6t\u00fcrm\u0259 v\u0259 u\u015faq \u0259lilliyi hallar\u0131nda m\u00fc\u0259yy\u0259n edilir. Bu m\u00fcavin\u0259td\u0259n d\u0259 t\u0259nha analar\u0131n \u0259ks\u0259riyy\u0259ti istifad\u0259 ed\u0259 bilmir.<\/p>\n\n\n\n<p>Hamil\u0259 v\u0259 u\u015faql\u0131 qad\u0131nlar \u00fc\u00e7\u00fcn qism\u0259n n\u0259z\u0259r\u0259 al\u0131nm\u0131\u015f b\u0259zi qanunlar:<\/p>\n\n\n\n<p>\u018fm\u0259k M\u0259c\u0259ll\u0259sinin 52-ci madd\u0259sin\u0259 \u0259sas\u0259n, hamil\u0259 v\u0259 ya u\u015fa\u011f\u0131 \u00fc\u00e7 ya\u015f\u0131na \u00e7atmayan qad\u0131nlar\u0131 i\u015f\u0259 g\u00f6t\u00fcr\u0259rk\u0259n s\u0131naq m\u00fcdd\u0259ti m\u00fc\u0259yy\u0259n edilmir. H\u0259m\u00e7inin i\u015fl\u0259y\u0259n t\u0259nha analar \u018fm\u0259k M\u0259c\u0259ll\u0259sinin130-cu madd\u0259sin\u0259 \u0259sas\u0259n, 16 ya\u015f\u0131nad\u0259k u\u015faqlar\u0131 olan t\u0259k valideyn kimi \u0259lav\u0259 olaraq 14 g\u00fcn m\u0259zuniyy\u0259t g\u00f6t\u00fcrm\u0259k h\u00fcququna sahibdirl\u0259r.<\/p>\n\n\n\n<p><strong>Az\u0259rbaycan v\u0259t\u0259nda\u015f\u0131 olmayan t\u0259nha analar<\/strong><\/p>\n\n\n\n<p>BMT-n\u0131n Qa\u00e7q\u0131nlar \u00fczr\u0259 Ali Komisarl\u0131\u011f\u0131 (BMTQAK) il\u0259 xidm\u0259ti m\u00fcqavil\u0259 \u0259sas\u0131nda \u0259m\u0259kda\u015fl\u0131q etmi\u015f h\u00fcquq\u015f\u00fcnas Ruslan \u018fliyev bildirir ki, Az\u0259rbaycandak\u0131 qa\u00e7q\u0131n icmas\u0131ndak\u0131 t\u0259nha analar\u0131n v\u0259ziyy\u0259ti lap ac\u0131nacaql\u0131d\u0131r:<\/p>\n\n\n\n<p><em>&#8220;\u0130ll\u0259r \u00f6nc\u0259 Az\u0259rbaycan qa\u00e7q\u0131n kimi Suriya, \u018ffqan\u0131stan, Rusiya Federasiyas\u0131n\u0131n \u00c7e\u00e7enistan Respublikas\u0131ndan g\u0259lmi\u015f insanlar\u0131n \u0259ks\u0259riyy\u0259tinin Az\u0259rbaycanda h\u0259r hans\u0131sa h\u00fcquqi statuslar\u0131 yoxdur. Bu amil Az\u0259rbaycanda u\u015faq d\u00fcnyaya g\u0259tirmi\u015f v\u0259 ya bura g\u0259ldikd\u0259n sonra bo\u015fanan qa\u00e7q\u0131n t\u0259nha analar\u0131n v\u0259ziyy\u0259tini ikiqat \u00e7\u0259tinl\u0259\u015fdirir. \u00c7oxunun h\u0259l\u0259 d\u0259 h\u00fcquqi statuslar\u0131 (\u015f\u0259xsiyy\u0259tl\u0259rini t\u0259sdiql\u0259y\u0259n s\u0259n\u0259d) olmad\u0131qlar\u0131 \u00fc\u00e7\u00fcn sosial m\u00fcavin\u0259t kimi h\u00fcquqlardan yararlana bilmirl\u0259r. H\u0259m\u00e7inin bo\u015fanm\u0131\u015f qa\u00e7q\u0131n t\u0259nha analar aliment almaqda \u00e7ox \u00e7\u0259tinlik \u00e7\u0259kirl\u0259r. \u00c7\u00fcnki u\u015faqlar\u0131n atas\u0131n\u0131n h\u00fcquqi status problemin\u0259 g\u00f6r\u0259 r\u0259smi i\u015fl\u0259m\u0259k, r\u0259smi qaydada maa\u015f almaq v\u0259 dig\u0259r d\u00f6vl\u0259t xidm\u0259tl\u0259rind\u0259n istifad\u0259 etm\u0259k h\u00fcquqlar\u0131 olmad\u0131qlar\u0131 \u00fc\u00e7\u00fcn icra m\u0259murlar\u0131 sabit g\u0259lirl\u0259rini m\u00fc\u0259yy\u0259n ed\u0259 bilmir v\u0259 olmayan g\u0259lird\u0259n d\u0259 aliment tuta bilmirl\u0259r\u201d.<\/em><\/p>\n","protected":false},"excerpt":{"rendered":"<p>N\u0259rmin \u015eahmarzad\u0259 Onlar\u0131n sosial t\u0259minat h\u00fcquqlar\u0131 nec\u0259 t\u0259min olunur? D\u00fcnyada &#8230; <\/p>\n<p class=\"read-more-container\"><a title=\"T\u0259nha analar\" class=\"read-more button\" href=\"https:\/\/www.meydan.tv\/az\/article\/tenha-analar\/#more-301393\" aria-label=\"Read more about T\u0259nha analar\">Davam\u0131<\/a><\/p>\n","protected":false},"author":8,"featured_media":301372,"comment_status":"closed","ping_status":"closed","sticky":false,"template":"","format":"standard","meta":{"_acf_changed":false,"_sitemap_exclude":false,"_sitemap_priority":"","_sitemap_frequency":"","footnotes":""},"categories":[62,79,56],"tags":[],"class_list":["post-301393","post","type-post","status-publish","format-standard","has-post-thumbnail","hentry","category-sosial","category-featured","category-xeberler","infinite-scroll-item","generate-columns","tablet-grid-50","mobile-grid-100","grid-parent","grid-33","no-featured-image-padding"],"acf":[],"yoast_head":"<!-- This site is optimized with the Yoast SEO plugin v27.5 - https:\/\/yoast.com\/product\/yoast-seo-wordpress\/ -->\n<title>T\u0259nha analar - MEYDAN.TV<\/title>\n<meta name=\"robots\" content=\"index, follow, max-snippet:-1, max-image-preview:large, max-video-preview:-1\" \/>\n<link rel=\"canonical\" href=\"https:\/\/www.meydan.tv\/az\/article\/tenha-analar\/\" \/>\n<meta property=\"og:locale\" content=\"az_AZ\" \/>\n<meta property=\"og:type\" content=\"article\" \/>\n<meta property=\"og:title\" content=\"T\u0259nha analar - MEYDAN.TV\" \/>\n<meta property=\"og:description\" content=\"N\u0259rmin \u015eahmarzad\u0259 Onlar\u0131n sosial t\u0259minat h\u00fcquqlar\u0131 nec\u0259 t\u0259min olunur? D\u00fcnyada ... Davam\u0131\" \/>\n<meta property=\"og:url\" content=\"https:\/\/www.meydan.tv\/az\/article\/tenha-analar\/\" \/>\n<meta property=\"og:site_name\" content=\"MEYDAN.TV\" \/>\n<meta property=\"article:published_time\" content=\"2024-03-18T08:32:21+00:00\" \/>\n<meta property=\"article:modified_time\" content=\"2024-05-05T04:46:07+00:00\" \/>\n<meta property=\"og:image\" content=\"https:\/\/www.meydan.tv\/wp-content\/uploads\/img_1078-e1710749630807.jpg\" \/>\n\t<meta property=\"og:image:width\" content=\"1200\" \/>\n\t<meta property=\"og:image:height\" content=\"576\" \/>\n\t<meta property=\"og:image:type\" content=\"image\/jpeg\" \/>\n<meta name=\"author\" content=\"elli\" \/>\n<meta name=\"twitter:card\" content=\"summary_large_image\" \/>\n<meta name=\"twitter:creator\" content=\"@elli\" \/>\n<script type=\"application\/ld+json\" class=\"yoast-schema-graph\">{\"@context\":\"https:\\\/\\\/schema.org\",\"@graph\":[{\"@type\":\"Article\",\"@id\":\"https:\\\/\\\/www.meydan.tv\\\/az\\\/article\\\/tenha-analar\\\/#article\",\"isPartOf\":{\"@id\":\"https:\\\/\\\/www.meydan.tv\\\/az\\\/article\\\/tenha-analar\\\/\"},\"author\":{\"name\":\"elli\",\"@id\":\"https:\\\/\\\/www.meydan.tv\\\/az\\\/#\\\/schema\\\/person\\\/9cdbecf90d17180ce1dfbd95b08dcf47\"},\"headline\":\"T\u0259nha analar\",\"datePublished\":\"2024-03-18T08:32:21+00:00\",\"dateModified\":\"2024-05-05T04:46:07+00:00\",\"mainEntityOfPage\":{\"@id\":\"https:\\\/\\\/www.meydan.tv\\\/az\\\/article\\\/tenha-analar\\\/\"},\"wordCount\":3966,\"publisher\":{\"@id\":\"https:\\\/\\\/www.meydan.tv\\\/az\\\/#organization\"},\"image\":{\"@id\":\"https:\\\/\\\/www.meydan.tv\\\/az\\\/article\\\/tenha-analar\\\/#primaryimage\"},\"thumbnailUrl\":\"https:\\\/\\\/www.meydan.tv\\\/wp-content\\\/uploads\\\/img_1078-e1710749630807.jpg\",\"articleSection\":[\"Sosial\",\"T\u00f6vsiy\u0259\",\"X\u0259b\u0259rl\u0259r\"],\"inLanguage\":\"az\"},{\"@type\":\"WebPage\",\"@id\":\"https:\\\/\\\/www.meydan.tv\\\/az\\\/article\\\/tenha-analar\\\/\",\"url\":\"https:\\\/\\\/www.meydan.tv\\\/az\\\/article\\\/tenha-analar\\\/\",\"name\":\"T\u0259nha analar - MEYDAN.TV\",\"isPartOf\":{\"@id\":\"https:\\\/\\\/www.meydan.tv\\\/az\\\/#website\"},\"primaryImageOfPage\":{\"@id\":\"https:\\\/\\\/www.meydan.tv\\\/az\\\/article\\\/tenha-analar\\\/#primaryimage\"},\"image\":{\"@id\":\"https:\\\/\\\/www.meydan.tv\\\/az\\\/article\\\/tenha-analar\\\/#primaryimage\"},\"thumbnailUrl\":\"https:\\\/\\\/www.meydan.tv\\\/wp-content\\\/uploads\\\/img_1078-e1710749630807.jpg\",\"datePublished\":\"2024-03-18T08:32:21+00:00\",\"dateModified\":\"2024-05-05T04:46:07+00:00\",\"breadcrumb\":{\"@id\":\"https:\\\/\\\/www.meydan.tv\\\/az\\\/article\\\/tenha-analar\\\/#breadcrumb\"},\"inLanguage\":\"az\",\"potentialAction\":[{\"@type\":\"ReadAction\",\"target\":[\"https:\\\/\\\/www.meydan.tv\\\/az\\\/article\\\/tenha-analar\\\/\"]}]},{\"@type\":\"ImageObject\",\"inLanguage\":\"az\",\"@id\":\"https:\\\/\\\/www.meydan.tv\\\/az\\\/article\\\/tenha-analar\\\/#primaryimage\",\"url\":\"https:\\\/\\\/www.meydan.tv\\\/wp-content\\\/uploads\\\/img_1078-e1710749630807.jpg\",\"contentUrl\":\"https:\\\/\\\/www.meydan.tv\\\/wp-content\\\/uploads\\\/img_1078-e1710749630807.jpg\",\"width\":1200,\"height\":576,\"caption\":\"G\u0259nc qad\u0131n t\u0259zyiq alt\u0131nda. Fotolar: Meydan TV\"},{\"@type\":\"BreadcrumbList\",\"@id\":\"https:\\\/\\\/www.meydan.tv\\\/az\\\/article\\\/tenha-analar\\\/#breadcrumb\",\"itemListElement\":[{\"@type\":\"ListItem\",\"position\":1,\"name\":\"Ana s\u0259hif\u0259\",\"item\":\"https:\\\/\\\/www.meydan.tv\\\/az\\\/\"},{\"@type\":\"ListItem\",\"position\":2,\"name\":\"Sosial\",\"item\":\"https:\\\/\\\/www.meydan.tv\\\/az\\\/section\\\/sosial\\\/\"},{\"@type\":\"ListItem\",\"position\":3,\"name\":\"T\u0259nha analar\"}]},{\"@type\":\"WebSite\",\"@id\":\"https:\\\/\\\/www.meydan.tv\\\/az\\\/#website\",\"url\":\"https:\\\/\\\/www.meydan.tv\\\/az\\\/\",\"name\":\"MEYDAN.TV\",\"description\":\"Meydan TV Az\u0259rbaycan\u0131n media m\u0259kan\u0131ndak\u0131 alternativ s\u0259sidir\",\"publisher\":{\"@id\":\"https:\\\/\\\/www.meydan.tv\\\/az\\\/#organization\"},\"potentialAction\":[{\"@type\":\"SearchAction\",\"target\":{\"@type\":\"EntryPoint\",\"urlTemplate\":\"https:\\\/\\\/www.meydan.tv\\\/az\\\/?s={search_term_string}\"},\"query-input\":{\"@type\":\"PropertyValueSpecification\",\"valueRequired\":true,\"valueName\":\"search_term_string\"}}],\"inLanguage\":\"az\"},{\"@type\":\"Organization\",\"@id\":\"https:\\\/\\\/www.meydan.tv\\\/az\\\/#organization\",\"name\":\"Meydan TV\",\"url\":\"https:\\\/\\\/www.meydan.tv\\\/az\\\/\",\"logo\":{\"@type\":\"ImageObject\",\"inLanguage\":\"az\",\"@id\":\"https:\\\/\\\/www.meydan.tv\\\/az\\\/#\\\/schema\\\/logo\\\/image\\\/\",\"url\":\"https:\\\/\\\/www.meydan.tv\\\/wp-content\\\/uploads\\\/2021\\\/07\\\/meydan-logo.svg\",\"contentUrl\":\"https:\\\/\\\/www.meydan.tv\\\/wp-content\\\/uploads\\\/2021\\\/07\\\/meydan-logo.svg\",\"width\":195,\"height\":46,\"caption\":\"Meydan TV\"},\"image\":{\"@id\":\"https:\\\/\\\/www.meydan.tv\\\/az\\\/#\\\/schema\\\/logo\\\/image\\\/\"}},{\"@type\":\"Person\",\"@id\":\"https:\\\/\\\/www.meydan.tv\\\/az\\\/#\\\/schema\\\/person\\\/9cdbecf90d17180ce1dfbd95b08dcf47\",\"name\":\"elli\",\"sameAs\":[\"https:\\\/\\\/x.com\\\/elli\"]}]}<\/script>\n<!-- \/ Yoast SEO plugin. -->","yoast_head_json":{"title":"T\u0259nha analar - MEYDAN.TV","robots":{"index":"index","follow":"follow","max-snippet":"max-snippet:-1","max-image-preview":"max-image-preview:large","max-video-preview":"max-video-preview:-1"},"canonical":"https:\/\/www.meydan.tv\/az\/article\/tenha-analar\/","og_locale":"az_AZ","og_type":"article","og_title":"T\u0259nha analar - MEYDAN.TV","og_description":"N\u0259rmin \u015eahmarzad\u0259 Onlar\u0131n sosial t\u0259minat h\u00fcquqlar\u0131 nec\u0259 t\u0259min olunur? D\u00fcnyada ... Davam\u0131","og_url":"https:\/\/www.meydan.tv\/az\/article\/tenha-analar\/","og_site_name":"MEYDAN.TV","article_published_time":"2024-03-18T08:32:21+00:00","article_modified_time":"2024-05-05T04:46:07+00:00","og_image":[{"width":1200,"height":576,"url":"https:\/\/www.meydan.tv\/wp-content\/uploads\/img_1078-e1710749630807.jpg","type":"image\/jpeg"}],"author":"elli","twitter_card":"summary_large_image","twitter_creator":"@elli","schema":{"@context":"https:\/\/schema.org","@graph":[{"@type":"Article","@id":"https:\/\/www.meydan.tv\/az\/article\/tenha-analar\/#article","isPartOf":{"@id":"https:\/\/www.meydan.tv\/az\/article\/tenha-analar\/"},"author":{"name":"elli","@id":"https:\/\/www.meydan.tv\/az\/#\/schema\/person\/9cdbecf90d17180ce1dfbd95b08dcf47"},"headline":"T\u0259nha analar","datePublished":"2024-03-18T08:32:21+00:00","dateModified":"2024-05-05T04:46:07+00:00","mainEntityOfPage":{"@id":"https:\/\/www.meydan.tv\/az\/article\/tenha-analar\/"},"wordCount":3966,"publisher":{"@id":"https:\/\/www.meydan.tv\/az\/#organization"},"image":{"@id":"https:\/\/www.meydan.tv\/az\/article\/tenha-analar\/#primaryimage"},"thumbnailUrl":"https:\/\/www.meydan.tv\/wp-content\/uploads\/img_1078-e1710749630807.jpg","articleSection":["Sosial","T\u00f6vsiy\u0259","X\u0259b\u0259rl\u0259r"],"inLanguage":"az"},{"@type":"WebPage","@id":"https:\/\/www.meydan.tv\/az\/article\/tenha-analar\/","url":"https:\/\/www.meydan.tv\/az\/article\/tenha-analar\/","name":"T\u0259nha analar - MEYDAN.TV","isPartOf":{"@id":"https:\/\/www.meydan.tv\/az\/#website"},"primaryImageOfPage":{"@id":"https:\/\/www.meydan.tv\/az\/article\/tenha-analar\/#primaryimage"},"image":{"@id":"https:\/\/www.meydan.tv\/az\/article\/tenha-analar\/#primaryimage"},"thumbnailUrl":"https:\/\/www.meydan.tv\/wp-content\/uploads\/img_1078-e1710749630807.jpg","datePublished":"2024-03-18T08:32:21+00:00","dateModified":"2024-05-05T04:46:07+00:00","breadcrumb":{"@id":"https:\/\/www.meydan.tv\/az\/article\/tenha-analar\/#breadcrumb"},"inLanguage":"az","potentialAction":[{"@type":"ReadAction","target":["https:\/\/www.meydan.tv\/az\/article\/tenha-analar\/"]}]},{"@type":"ImageObject","inLanguage":"az","@id":"https:\/\/www.meydan.tv\/az\/article\/tenha-analar\/#primaryimage","url":"https:\/\/www.meydan.tv\/wp-content\/uploads\/img_1078-e1710749630807.jpg","contentUrl":"https:\/\/www.meydan.tv\/wp-content\/uploads\/img_1078-e1710749630807.jpg","width":1200,"height":576,"caption":"G\u0259nc qad\u0131n t\u0259zyiq alt\u0131nda. Fotolar: Meydan TV"},{"@type":"BreadcrumbList","@id":"https:\/\/www.meydan.tv\/az\/article\/tenha-analar\/#breadcrumb","itemListElement":[{"@type":"ListItem","position":1,"name":"Ana s\u0259hif\u0259","item":"https:\/\/www.meydan.tv\/az\/"},{"@type":"ListItem","position":2,"name":"Sosial","item":"https:\/\/www.meydan.tv\/az\/section\/sosial\/"},{"@type":"ListItem","position":3,"name":"T\u0259nha analar"}]},{"@type":"WebSite","@id":"https:\/\/www.meydan.tv\/az\/#website","url":"https:\/\/www.meydan.tv\/az\/","name":"MEYDAN.TV","description":"Meydan TV Az\u0259rbaycan\u0131n media m\u0259kan\u0131ndak\u0131 alternativ s\u0259sidir","publisher":{"@id":"https:\/\/www.meydan.tv\/az\/#organization"},"potentialAction":[{"@type":"SearchAction","target":{"@type":"EntryPoint","urlTemplate":"https:\/\/www.meydan.tv\/az\/?s={search_term_string}"},"query-input":{"@type":"PropertyValueSpecification","valueRequired":true,"valueName":"search_term_string"}}],"inLanguage":"az"},{"@type":"Organization","@id":"https:\/\/www.meydan.tv\/az\/#organization","name":"Meydan TV","url":"https:\/\/www.meydan.tv\/az\/","logo":{"@type":"ImageObject","inLanguage":"az","@id":"https:\/\/www.meydan.tv\/az\/#\/schema\/logo\/image\/","url":"https:\/\/www.meydan.tv\/wp-content\/uploads\/2021\/07\/meydan-logo.svg","contentUrl":"https:\/\/www.meydan.tv\/wp-content\/uploads\/2021\/07\/meydan-logo.svg","width":195,"height":46,"caption":"Meydan TV"},"image":{"@id":"https:\/\/www.meydan.tv\/az\/#\/schema\/logo\/image\/"}},{"@type":"Person","@id":"https:\/\/www.meydan.tv\/az\/#\/schema\/person\/9cdbecf90d17180ce1dfbd95b08dcf47","name":"elli","sameAs":["https:\/\/x.com\/elli"]}]}},"_links":{"self":[{"href":"https:\/\/www.meydan.tv\/az\/wp-json\/wp\/v2\/posts\/301393","targetHints":{"allow":["GET"]}}],"collection":[{"href":"https:\/\/www.meydan.tv\/az\/wp-json\/wp\/v2\/posts"}],"about":[{"href":"https:\/\/www.meydan.tv\/az\/wp-json\/wp\/v2\/types\/post"}],"author":[{"embeddable":true,"href":"https:\/\/www.meydan.tv\/az\/wp-json\/wp\/v2\/users\/8"}],"replies":[{"embeddable":true,"href":"https:\/\/www.meydan.tv\/az\/wp-json\/wp\/v2\/comments?post=301393"}],"version-history":[{"count":4,"href":"https:\/\/www.meydan.tv\/az\/wp-json\/wp\/v2\/posts\/301393\/revisions"}],"predecessor-version":[{"id":305078,"href":"https:\/\/www.meydan.tv\/az\/wp-json\/wp\/v2\/posts\/301393\/revisions\/305078"}],"wp:featuredmedia":[{"embeddable":true,"href":"https:\/\/www.meydan.tv\/az\/wp-json\/wp\/v2\/media\/301372"}],"wp:attachment":[{"href":"https:\/\/www.meydan.tv\/az\/wp-json\/wp\/v2\/media?parent=301393"}],"wp:term":[{"taxonomy":"category","embeddable":true,"href":"https:\/\/www.meydan.tv\/az\/wp-json\/wp\/v2\/categories?post=301393"},{"taxonomy":"post_tag","embeddable":true,"href":"https:\/\/www.meydan.tv\/az\/wp-json\/wp\/v2\/tags?post=301393"}],"curies":[{"name":"wp","href":"https:\/\/api.w.org\/{rel}","templated":true}]}}