{"id":301259,"date":"2024-03-15T14:40:47","date_gmt":"2024-03-15T10:40:47","guid":{"rendered":"https:\/\/www.meydan.tv\/?p=301259"},"modified":"2024-03-15T14:40:50","modified_gmt":"2024-03-15T10:40:50","slug":"dtx-pakistanlilar-oz-hemyerlilerini-girov-goturub-qebelede-gizledibler","status":"publish","type":"post","link":"https:\/\/www.meydan.tv\/az\/article\/dtx-pakistanlilar-oz-hemyerlilerini-girov-goturub-qebelede-gizledibler\/","title":{"rendered":"DTX: Pakistanl\u0131lar \u00f6z h\u0259myerlil\u0259rini girov g\u00f6t\u00fcr\u00fcb, Q\u0259b\u0259l\u0259d\u0259 gizl\u0259dibl\u0259r"},"content":{"rendered":"\n<p><\/p>\n\n\n\n<p><strong><em>32 ya\u015fl\u0131 \u015f\u0259xsin aldad\u0131laraq Az\u0259rbaycana g\u0259tirildiyi, girov saxland\u0131\u011f\u0131 v\u0259 yax\u0131nlar\u0131ndan pul t\u0259l\u0259b edildiyi bildirilir<\/em><\/strong><\/p>\n\n\n\n<p>Pakistan v\u0259t\u0259nda\u015flar\u0131n\u0131n \u00f6z h\u0259myerlil\u0259rini o\u011furlayaraq Az\u0259rbaycanda &#8211; Q\u0259b\u0259l\u0259 rayonunun V\u0259ndam q\u0259s\u0259b\u0259sind\u0259 gizl\u0259tdikl\u0259ri bildirilir.<\/p>\n\n\n\n<p>D\u00f6vl\u0259t T\u0259hl\u00fck\u0259sizliyi Xidm\u0259tinin yayd\u0131\u011f\u0131 m\u0259lumatda deyilir ki, V\u0259ndamda \u0259m\u0259liyyat ke\u00e7iril\u0259r\u0259k, girov saxlan\u0131lan \u015eeraz Muhammad Afzal Muhammad azad edilib. Onu aldad\u0131b Az\u0259rbaycana g\u0259tir\u0259n, Q\u0259b\u0259l\u0259d\u0259 kiray\u0259 g\u00f6t\u00fcr\u00fclm\u00fc\u015f evd\u0259 \u0259ll\u0259ri-ayaqlar\u0131 ba\u011fl\u0131 v\u0259ziyy\u0259td\u0259 saxlay\u0131b, yax\u0131nlar\u0131ndan pul t\u0259l\u0259b ed\u0259nl\u0259r is\u0259 tutulub.<\/p>\n\n\n\n<p>Cinay\u0259t M\u0259c\u0259ll\u0259sinin 144.2.3 v\u0259 144.2.6-c\u0131 (qabaqcadan \u0259lbir olan bir qrup \u015f\u0259xs hal\u0131nda tamah m\u0259qs\u0259di il\u0259 adam o\u011furlu\u011fu) madd\u0259l\u0259ril\u0259 ittiham olunan 32 ya\u015fl\u0131 Ullah Naeem Xan Navvab v\u0259 dig\u0259rl\u0259ri h\u0259bs olunub.<\/p>\n\n\n\n<p>DTX-n\u0131n m\u0259lumat\u0131na g\u00f6r\u0259, h\u0259myerlil\u0259ri pakistanl\u0131 z\u0259r\u0259r\u00e7\u0259kmi\u015fi Kanadaya getm\u0259si \u00fc\u00e7\u00fcn vizas\u0131n\u0131n t\u0259sdiql\u0259nm\u0259si ad\u0131yla Az\u0259rbaycana g\u0259tirib. Onu Q\u0259b\u0259l\u0259d\u0259ki ev\u0259 apar\u0131b, \u0259l-qolu ba\u011fl\u0131 v\u0259ziyy\u0259td\u0259 saxlay\u0131blar, azad olunmas\u0131 \u00fc\u00e7\u00fcn yax\u0131nlar\u0131ndan pul ist\u0259yibl\u0259r.<\/p>\n\n\n\n<p>\u018fcn\u0259bi v\u0259t\u0259nda\u015f\u0131n Az\u0259rbaycanda girov saxlanmas\u0131 bar\u0259d\u0259 m\u0259lumatdan sonra \u0259m\u0259liyyat ke\u00e7irilib.<\/p>\n\n\n\n<p>H\u0259bs olunanlar\u0131n adam o\u011furlu\u011fu ittiham\u0131na m\u00fcnasib\u0259ti, \u00f6zl\u0259rini t\u0259qsirli bilib-bilm\u0259dikl\u0259ri m\u0259lum deyil.<\/p>\n","protected":false},"excerpt":{"rendered":"<p>32 ya\u015fl\u0131 \u015f\u0259xsin aldad\u0131laraq Az\u0259rbaycana g\u0259tirildiyi, girov saxland\u0131\u011f\u0131 v\u0259 yax\u0131nlar\u0131ndan &#8230; <\/p>\n<p class=\"read-more-container\"><a title=\"DTX: Pakistanl\u0131lar \u00f6z h\u0259myerlil\u0259rini girov g\u00f6t\u00fcr\u00fcb, Q\u0259b\u0259l\u0259d\u0259 gizl\u0259dibl\u0259r\" class=\"read-more button\" href=\"https:\/\/www.meydan.tv\/az\/article\/dtx-pakistanlilar-oz-hemyerlilerini-girov-goturub-qebelede-gizledibler\/#more-301259\" aria-label=\"Read more about DTX: Pakistanl\u0131lar \u00f6z h\u0259myerlil\u0259rini girov g\u00f6t\u00fcr\u00fcb, Q\u0259b\u0259l\u0259d\u0259 gizl\u0259dibl\u0259r\">Davam\u0131<\/a><\/p>\n","protected":false},"author":8,"featured_media":290640,"comment_status":"closed","ping_status":"closed","sticky":false,"template":"","format":"standard","meta":{"_acf_changed":false,"_sitemap_exclude":false,"_sitemap_priority":"","_sitemap_frequency":"","footnotes":""},"categories":[62,56],"tags":[],"class_list":["post-301259","post","type-post","status-publish","format-standard","has-post-thumbnail","hentry","category-sosial","category-xeberler","infinite-scroll-item","generate-columns","tablet-grid-50","mobile-grid-100","grid-parent","grid-33","no-featured-image-padding"],"acf":[],"yoast_head":"<!-- This site is optimized with the Yoast SEO plugin v27.5 - https:\/\/yoast.com\/product\/yoast-seo-wordpress\/ -->\n<title>DTX: Pakistanl\u0131lar \u00f6z h\u0259myerlil\u0259rini girov g\u00f6t\u00fcr\u00fcb, Q\u0259b\u0259l\u0259d\u0259 gizl\u0259dibl\u0259r - MEYDAN.TV<\/title>\n<meta name=\"robots\" content=\"index, follow, max-snippet:-1, max-image-preview:large, max-video-preview:-1\" \/>\n<link rel=\"canonical\" href=\"https:\/\/www.meydan.tv\/az\/article\/dtx-pakistanlilar-oz-hemyerlilerini-girov-goturub-qebelede-gizledibler\/\" \/>\n<meta property=\"og:locale\" content=\"az_AZ\" \/>\n<meta property=\"og:type\" content=\"article\" \/>\n<meta property=\"og:title\" content=\"DTX: Pakistanl\u0131lar \u00f6z h\u0259myerlil\u0259rini girov g\u00f6t\u00fcr\u00fcb, Q\u0259b\u0259l\u0259d\u0259 gizl\u0259dibl\u0259r - MEYDAN.TV\" \/>\n<meta property=\"og:description\" content=\"32 ya\u015fl\u0131 \u015f\u0259xsin aldad\u0131laraq Az\u0259rbaycana g\u0259tirildiyi, girov saxland\u0131\u011f\u0131 v\u0259 yax\u0131nlar\u0131ndan ... Davam\u0131\" \/>\n<meta property=\"og:url\" content=\"https:\/\/www.meydan.tv\/az\/article\/dtx-pakistanlilar-oz-hemyerlilerini-girov-goturub-qebelede-gizledibler\/\" \/>\n<meta property=\"og:site_name\" content=\"MEYDAN.TV\" \/>\n<meta property=\"article:published_time\" content=\"2024-03-15T10:40:47+00:00\" \/>\n<meta property=\"article:modified_time\" content=\"2024-03-15T10:40:50+00:00\" \/>\n<meta property=\"og:image\" content=\"https:\/\/www.meydan.tv\/wp-content\/uploads\/emnvc5gxiaa0i97.jpg\" \/>\n\t<meta property=\"og:image:width\" content=\"1500\" \/>\n\t<meta property=\"og:image:height\" content=\"766\" \/>\n\t<meta property=\"og:image:type\" content=\"image\/jpeg\" \/>\n<meta name=\"author\" content=\"elli\" \/>\n<meta name=\"twitter:card\" content=\"summary_large_image\" \/>\n<meta name=\"twitter:creator\" content=\"@elli\" \/>\n<script type=\"application\/ld+json\" class=\"yoast-schema-graph\">{\"@context\":\"https:\\\/\\\/schema.org\",\"@graph\":[{\"@type\":\"Article\",\"@id\":\"https:\\\/\\\/www.meydan.tv\\\/az\\\/article\\\/dtx-pakistanlilar-oz-hemyerlilerini-girov-goturub-qebelede-gizledibler\\\/#article\",\"isPartOf\":{\"@id\":\"https:\\\/\\\/www.meydan.tv\\\/az\\\/article\\\/dtx-pakistanlilar-oz-hemyerlilerini-girov-goturub-qebelede-gizledibler\\\/\"},\"author\":{\"name\":\"elli\",\"@id\":\"https:\\\/\\\/www.meydan.tv\\\/az\\\/#\\\/schema\\\/person\\\/9cdbecf90d17180ce1dfbd95b08dcf47\"},\"headline\":\"DTX: Pakistanl\u0131lar \u00f6z h\u0259myerlil\u0259rini girov g\u00f6t\u00fcr\u00fcb, Q\u0259b\u0259l\u0259d\u0259 gizl\u0259dibl\u0259r\",\"datePublished\":\"2024-03-15T10:40:47+00:00\",\"dateModified\":\"2024-03-15T10:40:50+00:00\",\"mainEntityOfPage\":{\"@id\":\"https:\\\/\\\/www.meydan.tv\\\/az\\\/article\\\/dtx-pakistanlilar-oz-hemyerlilerini-girov-goturub-qebelede-gizledibler\\\/\"},\"wordCount\":285,\"publisher\":{\"@id\":\"https:\\\/\\\/www.meydan.tv\\\/az\\\/#organization\"},\"image\":{\"@id\":\"https:\\\/\\\/www.meydan.tv\\\/az\\\/article\\\/dtx-pakistanlilar-oz-hemyerlilerini-girov-goturub-qebelede-gizledibler\\\/#primaryimage\"},\"thumbnailUrl\":\"https:\\\/\\\/www.meydan.tv\\\/wp-content\\\/uploads\\\/emnvc5gxiaa0i97.jpg\",\"articleSection\":[\"Sosial\",\"X\u0259b\u0259rl\u0259r\"],\"inLanguage\":\"az\"},{\"@type\":\"WebPage\",\"@id\":\"https:\\\/\\\/www.meydan.tv\\\/az\\\/article\\\/dtx-pakistanlilar-oz-hemyerlilerini-girov-goturub-qebelede-gizledibler\\\/\",\"url\":\"https:\\\/\\\/www.meydan.tv\\\/az\\\/article\\\/dtx-pakistanlilar-oz-hemyerlilerini-girov-goturub-qebelede-gizledibler\\\/\",\"name\":\"DTX: Pakistanl\u0131lar \u00f6z h\u0259myerlil\u0259rini girov g\u00f6t\u00fcr\u00fcb, Q\u0259b\u0259l\u0259d\u0259 gizl\u0259dibl\u0259r - MEYDAN.TV\",\"isPartOf\":{\"@id\":\"https:\\\/\\\/www.meydan.tv\\\/az\\\/#website\"},\"primaryImageOfPage\":{\"@id\":\"https:\\\/\\\/www.meydan.tv\\\/az\\\/article\\\/dtx-pakistanlilar-oz-hemyerlilerini-girov-goturub-qebelede-gizledibler\\\/#primaryimage\"},\"image\":{\"@id\":\"https:\\\/\\\/www.meydan.tv\\\/az\\\/article\\\/dtx-pakistanlilar-oz-hemyerlilerini-girov-goturub-qebelede-gizledibler\\\/#primaryimage\"},\"thumbnailUrl\":\"https:\\\/\\\/www.meydan.tv\\\/wp-content\\\/uploads\\\/emnvc5gxiaa0i97.jpg\",\"datePublished\":\"2024-03-15T10:40:47+00:00\",\"dateModified\":\"2024-03-15T10:40:50+00:00\",\"breadcrumb\":{\"@id\":\"https:\\\/\\\/www.meydan.tv\\\/az\\\/article\\\/dtx-pakistanlilar-oz-hemyerlilerini-girov-goturub-qebelede-gizledibler\\\/#breadcrumb\"},\"inLanguage\":\"az\",\"potentialAction\":[{\"@type\":\"ReadAction\",\"target\":[\"https:\\\/\\\/www.meydan.tv\\\/az\\\/article\\\/dtx-pakistanlilar-oz-hemyerlilerini-girov-goturub-qebelede-gizledibler\\\/\"]}]},{\"@type\":\"ImageObject\",\"inLanguage\":\"az\",\"@id\":\"https:\\\/\\\/www.meydan.tv\\\/az\\\/article\\\/dtx-pakistanlilar-oz-hemyerlilerini-girov-goturub-qebelede-gizledibler\\\/#primaryimage\",\"url\":\"https:\\\/\\\/www.meydan.tv\\\/wp-content\\\/uploads\\\/emnvc5gxiaa0i97.jpg\",\"contentUrl\":\"https:\\\/\\\/www.meydan.tv\\\/wp-content\\\/uploads\\\/emnvc5gxiaa0i97.jpg\",\"width\":1500,\"height\":766,\"caption\":\"D\u00f6vl\u0259t T\u0259hl\u00fck\u0259sizliyi Xidm\u0259ti. Foto: DTX\"},{\"@type\":\"BreadcrumbList\",\"@id\":\"https:\\\/\\\/www.meydan.tv\\\/az\\\/article\\\/dtx-pakistanlilar-oz-hemyerlilerini-girov-goturub-qebelede-gizledibler\\\/#breadcrumb\",\"itemListElement\":[{\"@type\":\"ListItem\",\"position\":1,\"name\":\"Ana s\u0259hif\u0259\",\"item\":\"https:\\\/\\\/www.meydan.tv\\\/az\\\/\"},{\"@type\":\"ListItem\",\"position\":2,\"name\":\"Sosial\",\"item\":\"https:\\\/\\\/www.meydan.tv\\\/az\\\/section\\\/sosial\\\/\"},{\"@type\":\"ListItem\",\"position\":3,\"name\":\"DTX: Pakistanl\u0131lar \u00f6z h\u0259myerlil\u0259rini girov g\u00f6t\u00fcr\u00fcb, Q\u0259b\u0259l\u0259d\u0259 gizl\u0259dibl\u0259r\"}]},{\"@type\":\"WebSite\",\"@id\":\"https:\\\/\\\/www.meydan.tv\\\/az\\\/#website\",\"url\":\"https:\\\/\\\/www.meydan.tv\\\/az\\\/\",\"name\":\"MEYDAN.TV\",\"description\":\"Meydan TV Az\u0259rbaycan\u0131n media m\u0259kan\u0131ndak\u0131 alternativ s\u0259sidir\",\"publisher\":{\"@id\":\"https:\\\/\\\/www.meydan.tv\\\/az\\\/#organization\"},\"potentialAction\":[{\"@type\":\"SearchAction\",\"target\":{\"@type\":\"EntryPoint\",\"urlTemplate\":\"https:\\\/\\\/www.meydan.tv\\\/az\\\/?s={search_term_string}\"},\"query-input\":{\"@type\":\"PropertyValueSpecification\",\"valueRequired\":true,\"valueName\":\"search_term_string\"}}],\"inLanguage\":\"az\"},{\"@type\":\"Organization\",\"@id\":\"https:\\\/\\\/www.meydan.tv\\\/az\\\/#organization\",\"name\":\"Meydan TV\",\"url\":\"https:\\\/\\\/www.meydan.tv\\\/az\\\/\",\"logo\":{\"@type\":\"ImageObject\",\"inLanguage\":\"az\",\"@id\":\"https:\\\/\\\/www.meydan.tv\\\/az\\\/#\\\/schema\\\/logo\\\/image\\\/\",\"url\":\"https:\\\/\\\/www.meydan.tv\\\/wp-content\\\/uploads\\\/2021\\\/07\\\/meydan-logo.svg\",\"contentUrl\":\"https:\\\/\\\/www.meydan.tv\\\/wp-content\\\/uploads\\\/2021\\\/07\\\/meydan-logo.svg\",\"width\":195,\"height\":46,\"caption\":\"Meydan TV\"},\"image\":{\"@id\":\"https:\\\/\\\/www.meydan.tv\\\/az\\\/#\\\/schema\\\/logo\\\/image\\\/\"}},{\"@type\":\"Person\",\"@id\":\"https:\\\/\\\/www.meydan.tv\\\/az\\\/#\\\/schema\\\/person\\\/9cdbecf90d17180ce1dfbd95b08dcf47\",\"name\":\"elli\",\"sameAs\":[\"https:\\\/\\\/x.com\\\/elli\"]}]}<\/script>\n<!-- \/ Yoast SEO plugin. -->","yoast_head_json":{"title":"DTX: Pakistanl\u0131lar \u00f6z h\u0259myerlil\u0259rini girov g\u00f6t\u00fcr\u00fcb, Q\u0259b\u0259l\u0259d\u0259 gizl\u0259dibl\u0259r - MEYDAN.TV","robots":{"index":"index","follow":"follow","max-snippet":"max-snippet:-1","max-image-preview":"max-image-preview:large","max-video-preview":"max-video-preview:-1"},"canonical":"https:\/\/www.meydan.tv\/az\/article\/dtx-pakistanlilar-oz-hemyerlilerini-girov-goturub-qebelede-gizledibler\/","og_locale":"az_AZ","og_type":"article","og_title":"DTX: Pakistanl\u0131lar \u00f6z h\u0259myerlil\u0259rini girov g\u00f6t\u00fcr\u00fcb, Q\u0259b\u0259l\u0259d\u0259 gizl\u0259dibl\u0259r - MEYDAN.TV","og_description":"32 ya\u015fl\u0131 \u015f\u0259xsin aldad\u0131laraq Az\u0259rbaycana g\u0259tirildiyi, girov saxland\u0131\u011f\u0131 v\u0259 yax\u0131nlar\u0131ndan ... Davam\u0131","og_url":"https:\/\/www.meydan.tv\/az\/article\/dtx-pakistanlilar-oz-hemyerlilerini-girov-goturub-qebelede-gizledibler\/","og_site_name":"MEYDAN.TV","article_published_time":"2024-03-15T10:40:47+00:00","article_modified_time":"2024-03-15T10:40:50+00:00","og_image":[{"width":1500,"height":766,"url":"https:\/\/www.meydan.tv\/wp-content\/uploads\/emnvc5gxiaa0i97.jpg","type":"image\/jpeg"}],"author":"elli","twitter_card":"summary_large_image","twitter_creator":"@elli","schema":{"@context":"https:\/\/schema.org","@graph":[{"@type":"Article","@id":"https:\/\/www.meydan.tv\/az\/article\/dtx-pakistanlilar-oz-hemyerlilerini-girov-goturub-qebelede-gizledibler\/#article","isPartOf":{"@id":"https:\/\/www.meydan.tv\/az\/article\/dtx-pakistanlilar-oz-hemyerlilerini-girov-goturub-qebelede-gizledibler\/"},"author":{"name":"elli","@id":"https:\/\/www.meydan.tv\/az\/#\/schema\/person\/9cdbecf90d17180ce1dfbd95b08dcf47"},"headline":"DTX: Pakistanl\u0131lar \u00f6z h\u0259myerlil\u0259rini girov g\u00f6t\u00fcr\u00fcb, Q\u0259b\u0259l\u0259d\u0259 gizl\u0259dibl\u0259r","datePublished":"2024-03-15T10:40:47+00:00","dateModified":"2024-03-15T10:40:50+00:00","mainEntityOfPage":{"@id":"https:\/\/www.meydan.tv\/az\/article\/dtx-pakistanlilar-oz-hemyerlilerini-girov-goturub-qebelede-gizledibler\/"},"wordCount":285,"publisher":{"@id":"https:\/\/www.meydan.tv\/az\/#organization"},"image":{"@id":"https:\/\/www.meydan.tv\/az\/article\/dtx-pakistanlilar-oz-hemyerlilerini-girov-goturub-qebelede-gizledibler\/#primaryimage"},"thumbnailUrl":"https:\/\/www.meydan.tv\/wp-content\/uploads\/emnvc5gxiaa0i97.jpg","articleSection":["Sosial","X\u0259b\u0259rl\u0259r"],"inLanguage":"az"},{"@type":"WebPage","@id":"https:\/\/www.meydan.tv\/az\/article\/dtx-pakistanlilar-oz-hemyerlilerini-girov-goturub-qebelede-gizledibler\/","url":"https:\/\/www.meydan.tv\/az\/article\/dtx-pakistanlilar-oz-hemyerlilerini-girov-goturub-qebelede-gizledibler\/","name":"DTX: Pakistanl\u0131lar \u00f6z h\u0259myerlil\u0259rini girov g\u00f6t\u00fcr\u00fcb, Q\u0259b\u0259l\u0259d\u0259 gizl\u0259dibl\u0259r - MEYDAN.TV","isPartOf":{"@id":"https:\/\/www.meydan.tv\/az\/#website"},"primaryImageOfPage":{"@id":"https:\/\/www.meydan.tv\/az\/article\/dtx-pakistanlilar-oz-hemyerlilerini-girov-goturub-qebelede-gizledibler\/#primaryimage"},"image":{"@id":"https:\/\/www.meydan.tv\/az\/article\/dtx-pakistanlilar-oz-hemyerlilerini-girov-goturub-qebelede-gizledibler\/#primaryimage"},"thumbnailUrl":"https:\/\/www.meydan.tv\/wp-content\/uploads\/emnvc5gxiaa0i97.jpg","datePublished":"2024-03-15T10:40:47+00:00","dateModified":"2024-03-15T10:40:50+00:00","breadcrumb":{"@id":"https:\/\/www.meydan.tv\/az\/article\/dtx-pakistanlilar-oz-hemyerlilerini-girov-goturub-qebelede-gizledibler\/#breadcrumb"},"inLanguage":"az","potentialAction":[{"@type":"ReadAction","target":["https:\/\/www.meydan.tv\/az\/article\/dtx-pakistanlilar-oz-hemyerlilerini-girov-goturub-qebelede-gizledibler\/"]}]},{"@type":"ImageObject","inLanguage":"az","@id":"https:\/\/www.meydan.tv\/az\/article\/dtx-pakistanlilar-oz-hemyerlilerini-girov-goturub-qebelede-gizledibler\/#primaryimage","url":"https:\/\/www.meydan.tv\/wp-content\/uploads\/emnvc5gxiaa0i97.jpg","contentUrl":"https:\/\/www.meydan.tv\/wp-content\/uploads\/emnvc5gxiaa0i97.jpg","width":1500,"height":766,"caption":"D\u00f6vl\u0259t T\u0259hl\u00fck\u0259sizliyi Xidm\u0259ti. Foto: DTX"},{"@type":"BreadcrumbList","@id":"https:\/\/www.meydan.tv\/az\/article\/dtx-pakistanlilar-oz-hemyerlilerini-girov-goturub-qebelede-gizledibler\/#breadcrumb","itemListElement":[{"@type":"ListItem","position":1,"name":"Ana s\u0259hif\u0259","item":"https:\/\/www.meydan.tv\/az\/"},{"@type":"ListItem","position":2,"name":"Sosial","item":"https:\/\/www.meydan.tv\/az\/section\/sosial\/"},{"@type":"ListItem","position":3,"name":"DTX: Pakistanl\u0131lar \u00f6z h\u0259myerlil\u0259rini girov g\u00f6t\u00fcr\u00fcb, Q\u0259b\u0259l\u0259d\u0259 gizl\u0259dibl\u0259r"}]},{"@type":"WebSite","@id":"https:\/\/www.meydan.tv\/az\/#website","url":"https:\/\/www.meydan.tv\/az\/","name":"MEYDAN.TV","description":"Meydan TV Az\u0259rbaycan\u0131n media m\u0259kan\u0131ndak\u0131 alternativ s\u0259sidir","publisher":{"@id":"https:\/\/www.meydan.tv\/az\/#organization"},"potentialAction":[{"@type":"SearchAction","target":{"@type":"EntryPoint","urlTemplate":"https:\/\/www.meydan.tv\/az\/?s={search_term_string}"},"query-input":{"@type":"PropertyValueSpecification","valueRequired":true,"valueName":"search_term_string"}}],"inLanguage":"az"},{"@type":"Organization","@id":"https:\/\/www.meydan.tv\/az\/#organization","name":"Meydan TV","url":"https:\/\/www.meydan.tv\/az\/","logo":{"@type":"ImageObject","inLanguage":"az","@id":"https:\/\/www.meydan.tv\/az\/#\/schema\/logo\/image\/","url":"https:\/\/www.meydan.tv\/wp-content\/uploads\/2021\/07\/meydan-logo.svg","contentUrl":"https:\/\/www.meydan.tv\/wp-content\/uploads\/2021\/07\/meydan-logo.svg","width":195,"height":46,"caption":"Meydan TV"},"image":{"@id":"https:\/\/www.meydan.tv\/az\/#\/schema\/logo\/image\/"}},{"@type":"Person","@id":"https:\/\/www.meydan.tv\/az\/#\/schema\/person\/9cdbecf90d17180ce1dfbd95b08dcf47","name":"elli","sameAs":["https:\/\/x.com\/elli"]}]}},"_links":{"self":[{"href":"https:\/\/www.meydan.tv\/az\/wp-json\/wp\/v2\/posts\/301259","targetHints":{"allow":["GET"]}}],"collection":[{"href":"https:\/\/www.meydan.tv\/az\/wp-json\/wp\/v2\/posts"}],"about":[{"href":"https:\/\/www.meydan.tv\/az\/wp-json\/wp\/v2\/types\/post"}],"author":[{"embeddable":true,"href":"https:\/\/www.meydan.tv\/az\/wp-json\/wp\/v2\/users\/8"}],"replies":[{"embeddable":true,"href":"https:\/\/www.meydan.tv\/az\/wp-json\/wp\/v2\/comments?post=301259"}],"version-history":[{"count":3,"href":"https:\/\/www.meydan.tv\/az\/wp-json\/wp\/v2\/posts\/301259\/revisions"}],"predecessor-version":[{"id":301264,"href":"https:\/\/www.meydan.tv\/az\/wp-json\/wp\/v2\/posts\/301259\/revisions\/301264"}],"wp:featuredmedia":[{"embeddable":true,"href":"https:\/\/www.meydan.tv\/az\/wp-json\/wp\/v2\/media\/290640"}],"wp:attachment":[{"href":"https:\/\/www.meydan.tv\/az\/wp-json\/wp\/v2\/media?parent=301259"}],"wp:term":[{"taxonomy":"category","embeddable":true,"href":"https:\/\/www.meydan.tv\/az\/wp-json\/wp\/v2\/categories?post=301259"},{"taxonomy":"post_tag","embeddable":true,"href":"https:\/\/www.meydan.tv\/az\/wp-json\/wp\/v2\/tags?post=301259"}],"curies":[{"name":"wp","href":"https:\/\/api.w.org\/{rel}","templated":true}]}}