{"id":301251,"date":"2024-03-15T13:06:14","date_gmt":"2024-03-15T09:06:14","guid":{"rendered":"https:\/\/www.meydan.tv\/?p=301251"},"modified":"2024-03-15T13:06:19","modified_gmt":"2024-03-15T09:06:19","slug":"nazir-muavini-taksilerin-sayinin-azaldilmasini-teklif-edib","status":"publish","type":"post","link":"https:\/\/www.meydan.tv\/az\/article\/nazir-muavini-taksilerin-sayinin-azaldilmasini-teklif-edib\/","title":{"rendered":"Nazir m\u00fcavini taksil\u0259rin say\u0131n\u0131n azald\u0131lmas\u0131n\u0131 t\u0259klif edib"},"content":{"rendered":"\n<p><\/p>\n\n\n\n<p><strong><em>\u0130qtisad\u00e7\u0131: \u201c40 min s\u00fcr\u00fcc\u00fcn\u00fc i\u015fsiz qoyub n\u0259 qazanacaqlar?\u201d<\/em><\/strong><\/p>\n\n\n\n<p>R\u0259q\u0259msal inki\u015faf v\u0259 n\u0259qliyyat nazirinin m\u00fcavini R\u0259hman H\u00fcmm\u0259tov Milli M\u0259clisin \u0130qtisadi siyas\u0259t, s\u0259naye v\u0259 sahibkarl\u0131q komit\u0259sinin iclas\u0131nda Bak\u0131da h\u0259dd\u0259n art\u0131q \u00e7ox taksinin oldu\u011funu s\u00f6yl\u0259yib.<\/p>\n\n\n\n<p>Bildirib ki, paytaxta 20 min taksi kifay\u0259tdir, lakin 60 min\u0259d\u0259k taksi f\u0259aliyy\u0259t g\u00f6st\u0259rir.<br>Onun s\u00f6zl\u0259rin\u0259 g\u00f6r\u0259, h\u0259l\u0259 bu, say\u0131n azalm\u0131\u015f v\u0259ziyy\u0259tidir:<\/p>\n\n\n\n<p><em>\u201c\u018fslind\u0259 paytaxtda 67 mind\u0259n \u00e7ox taksi f\u0259aliyy\u0259t g\u00f6st\u0259rirdi. Yaydan bu yana 60 min\u0259d\u0259k azal\u0131b&#8221;.<\/em><\/p>\n\n\n<div class=\"wp-block-image\">\n<figure class=\"aligncenter size-full is-resized\"><img decoding=\"async\" width=\"710\" height=\"450\" data-src=\"https:\/\/www.meydan.tv\/wp-content\/uploads\/1661495720_e62bb492731aa6a3b28f6e08655c887dnazman-jpg.jpg\" alt=\"\" class=\"wp-image-301253 lazyload\" style=\"--smush-placeholder-width: 710px; --smush-placeholder-aspect-ratio: 710\/450;width:798px;height:auto\" src=\"data:image\/svg+xml;base64,PHN2ZyB3aWR0aD0iMSIgaGVpZ2h0PSIxIiB4bWxucz0iaHR0cDovL3d3dy53My5vcmcvMjAwMC9zdmciPjwvc3ZnPg==\" \/><figcaption class=\"wp-element-caption\">R\u0259hman H\u00fcmm\u0259tov. Foto: R\u0259q\u0259msal \u0130nki\u015faf v\u0259 N\u0259qliyyat Nazirliyi<\/figcaption><\/figure>\n<\/div>\n\n\n<p>Nazir m\u00fcavini h\u0259m\u00e7inin, bildirib ki, taksi say\u0131n\u0131n azald\u0131lmas\u0131 he\u00e7 d\u0259 40 min\u0259 yax\u0131n s\u00fcr\u00fcc\u00fcn\u00fcn i\u015fsiz qalmas\u0131na g\u0259tirm\u0259y\u0259c\u0259k:<\/p>\n\n\n\n<p>&#8220;<em>\u0130ctimai n\u0259qliyyatda, y\u00fckda\u015f\u0131malarda ciddi s\u00fcr\u00fcc\u00fc ehtiyac\u0131 var. \u0130kili i\u015fl\u0259rd\u0259 \u00e7al\u0131\u015fanlar\u0131 da qeyd etm\u0259k laz\u0131md\u0131r\u2026&#8221;, <\/em>&#8211; nazir m\u00fcavini bildirib.<\/p>\n\n\n\n<p>\u0130qtisad\u00e7\u0131 Natiq C\u0259f\u0259rli deyir ki, taksi say\u0131n\u0131n azald\u0131lmas\u0131na s\u0259b\u0259b Az\u0259rbaycan h\u00f6kum\u0259tinin r\u0259qab\u0259tli m\u00fchit ist\u0259m\u0259m\u0259sind\u0259n ir\u0259li g\u0259lir. Onun s\u00f6zl\u0259rin\u0259 g\u00f6r\u0259 h\u00f6kum\u0259t r\u0259qab\u0259ti t\u0259hl\u00fck\u0259 say\u0131r:<\/p>\n\n\n\n<p>\u201c<em>\u00c7\u00fcnki taksi xidm\u0259ti azsayl\u0131 sah\u0259l\u0259rd\u0259ndir ki, r\u0259qab\u0259t y\u00fcks\u0259kdir. Son 10-15 ild\u0259, b\u0259lk\u0259 d\u0259 yegan\u0259 sah\u0259dir ki, qiym\u0259tl\u0259r ucuzla\u015f\u0131b, v\u0259t\u0259nda\u015f\u0131n se\u00e7im imkan\u0131 yaran\u0131b. Dem\u0259li, bundan narahatd\u0131lar, n\u00f6vb\u0259ti d\u0259f\u0259 i\u015f\u0131q g\u0259l\u0259n yeri qapatma\u011f\u0131 d\u00fc\u015f\u00fcn\u00fcrl\u0259r\u201d.<\/em><\/p>\n\n\n\n<p>\u0130qtisad\u00e7\u0131 sual edir: <em>\u201c\u018fks halda, h\u00f6kum\u0259ti niy\u0259 60 min taksi narahat etm\u0259lidir ki?!\u201d<\/em>.<\/p>\n\n\n\n<p>\u201c<em>\u018fg\u0259r m\u0259s\u0259l\u0259 t\u0131xacd\u0131rsa, Bak\u0131da 900 min\u0259 yax\u0131n avtomobil var, bunun c\u0259mi 60 mini taksidirs\u0259, niy\u0259 bu m\u0259s\u0259l\u0259y\u0259 k\u00f6kl\u0259nibl\u0259r?! \u018fslind\u0259, h\u00f6kum\u0259t \u00f6z\u00fcn\u0259 sual verm\u0259lidir ki, ictimai n\u0259qliyyat normal i\u015fl\u0259s\u0259ydi, taksiy\u0259 t\u0259l\u0259b artmazd\u0131. D\u00fc\u015f\u00fcnm\u0259lidir ki, camaat kefind\u0259n taksi s\u00fcrm\u00fcr, i\u015f-g\u00fcc yoxdur, i\u015f tapa bilmirl\u0259r dey\u0259, taksi s\u00fcrm\u0259y\u0259 y\u00f6n\u0259lirl\u0259r\u201d, <\/em>-Natiq C\u0259f\u0259rli deyib.<\/p>\n\n\n<div class=\"wp-block-image\">\n<figure class=\"alignright size-large is-resized\"><img decoding=\"async\" data-src=\"https:\/\/www.meydan.tv\/wp-content\/uploads\/natiq_cafarli-1200x800.jpg\" alt=\"Natiq C\u0259f\u0259rli\" class=\"wp-image-209935 lazyload\" style=\"--smush-placeholder-width: 1200px; --smush-placeholder-aspect-ratio: 1200\/800;width:379px;height:auto\" src=\"data:image\/svg+xml;base64,PHN2ZyB3aWR0aD0iMSIgaGVpZ2h0PSIxIiB4bWxucz0iaHR0cDovL3d3dy53My5vcmcvMjAwMC9zdmciPjwvc3ZnPg==\" \/><figcaption class=\"wp-element-caption\">Foto: Meydan.TV<\/figcaption><\/figure>\n<\/div>\n\n\n<p>Natiq C\u0259f\u0259rli sual edir ki, 40 min s\u00fcr\u00fcc\u00fcn\u00fc i\u015fsiz qoyub n\u0259 qazanacaqlar:<\/p>\n\n\n\n<p>\u201c<em>Naraz\u0131l\u0131\u011f\u0131n y\u00fcks\u0259lm\u0259sini?! Niy\u0259? \u00d6zl\u0259rin\u0259 d\u00fc\u015fm\u0259ndil\u0259r?\u201d<\/em>.<\/p>\n\n\n\n<p>\u201c<em>Onsuz da quru s\u0259rh\u0259dl\u0259ri ba\u011fl\u0131 saxlamaqla mill\u0259tin naraz\u0131l\u0131\u011f\u0131n\u0131 y\u00fcks\u0259ldibl\u0259r, niy\u0259 daha da artmas\u0131n\u0131 ist\u0259yirl\u0259r, anlam\u0131ram\u201d,<\/em> &#8211; iqtisad\u00e7\u0131 vur\u011fulay\u0131b.<\/p>\n\n\n\n<p>Az\u0259rbaycanda taksil\u0259rl\u0259 ba\u011fl\u0131 d\u0259yi\u015fiklikl\u0259r art\u0131q \u00f6t\u0259n ild\u0259n h\u0259yata ke\u00e7irilir. &#8220;Avtomobil n\u0259qliyyat\u0131 haqq\u0131nda&#8221; Qanuna edil\u0259n d\u0259yi\u015fiklikl\u0259r\u0259 \u0259sas\u0259n, taksi s\u00fcr\u00fcc\u00fcs\u00fc tibbi m\u00fcayin\u0259d\u0259n ke\u00e7m\u0259li, avtomobilin texniki v\u0259ziyy\u0259ti yoxlanmal\u0131d\u0131r. Eyni zamanda, taksi s\u00fcr\u00fcc\u00fcl\u0259ri burax\u0131l\u0131\u015f v\u0259siq\u0259si \u0259sas\u0131nda i\u015fl\u0259m\u0259lidir.<\/p>\n\n\n\n<p>Bak\u0131 \u015f\u0259h\u0259rinin inki\u015faf\u0131na dair Ba\u015f plan\u0131nda da qeyd olunub ki, 2040-c\u0131 il\u0259 q\u0259d\u0259r taksid\u0259n istifad\u0259 ed\u0259nl\u0259rin say\u0131 2.7 faiz\u0259d\u0259k azalmal\u0131d\u0131r.<\/p>\n","protected":false},"excerpt":{"rendered":"<p>\u0130qtisad\u00e7\u0131: \u201c40 min s\u00fcr\u00fcc\u00fcn\u00fc i\u015fsiz qoyub n\u0259 qazanacaqlar?\u201d R\u0259q\u0259msal inki\u015faf &#8230; <\/p>\n<p class=\"read-more-container\"><a title=\"Nazir m\u00fcavini taksil\u0259rin say\u0131n\u0131n azald\u0131lmas\u0131n\u0131 t\u0259klif edib\" class=\"read-more button\" href=\"https:\/\/www.meydan.tv\/az\/article\/nazir-muavini-taksilerin-sayinin-azaldilmasini-teklif-edib\/#more-301251\" aria-label=\"Read more about Nazir m\u00fcavini taksil\u0259rin say\u0131n\u0131n azald\u0131lmas\u0131n\u0131 t\u0259klif edib\">Davam\u0131<\/a><\/p>\n","protected":false},"author":8,"featured_media":277290,"comment_status":"closed","ping_status":"closed","sticky":false,"template":"","format":"standard","meta":{"_acf_changed":false,"_sitemap_exclude":false,"_sitemap_priority":"","_sitemap_frequency":"","footnotes":""},"categories":[62,56],"tags":[],"class_list":["post-301251","post","type-post","status-publish","format-standard","has-post-thumbnail","hentry","category-sosial","category-xeberler","infinite-scroll-item","generate-columns","tablet-grid-50","mobile-grid-100","grid-parent","grid-33","no-featured-image-padding"],"acf":[],"yoast_head":"<!-- This site is optimized with the Yoast SEO plugin v27.5 - https:\/\/yoast.com\/product\/yoast-seo-wordpress\/ -->\n<title>Nazir m\u00fcavini taksil\u0259rin say\u0131n\u0131n azald\u0131lmas\u0131n\u0131 t\u0259klif edib - MEYDAN.TV<\/title>\n<meta name=\"robots\" content=\"index, follow, max-snippet:-1, max-image-preview:large, max-video-preview:-1\" \/>\n<link rel=\"canonical\" href=\"https:\/\/www.meydan.tv\/az\/article\/nazir-muavini-taksilerin-sayinin-azaldilmasini-teklif-edib\/\" \/>\n<meta property=\"og:locale\" content=\"az_AZ\" \/>\n<meta property=\"og:type\" content=\"article\" \/>\n<meta property=\"og:title\" content=\"Nazir m\u00fcavini taksil\u0259rin say\u0131n\u0131n azald\u0131lmas\u0131n\u0131 t\u0259klif edib - MEYDAN.TV\" \/>\n<meta property=\"og:description\" content=\"\u0130qtisad\u00e7\u0131: \u201c40 min s\u00fcr\u00fcc\u00fcn\u00fc i\u015fsiz qoyub n\u0259 qazanacaqlar?\u201d R\u0259q\u0259msal inki\u015faf ... Davam\u0131\" \/>\n<meta property=\"og:url\" content=\"https:\/\/www.meydan.tv\/az\/article\/nazir-muavini-taksilerin-sayinin-azaldilmasini-teklif-edib\/\" \/>\n<meta property=\"og:site_name\" content=\"MEYDAN.TV\" \/>\n<meta property=\"article:published_time\" content=\"2024-03-15T09:06:14+00:00\" \/>\n<meta property=\"article:modified_time\" content=\"2024-03-15T09:06:19+00:00\" \/>\n<meta property=\"og:image\" content=\"https:\/\/www.meydan.tv\/wp-content\/uploads\/shutterstock_1999280993.jpg\" \/>\n\t<meta property=\"og:image:width\" content=\"1200\" \/>\n\t<meta property=\"og:image:height\" content=\"794\" \/>\n\t<meta property=\"og:image:type\" content=\"image\/jpeg\" \/>\n<meta name=\"author\" content=\"elli\" \/>\n<meta name=\"twitter:card\" content=\"summary_large_image\" \/>\n<meta name=\"twitter:creator\" content=\"@elli\" \/>\n<script type=\"application\/ld+json\" class=\"yoast-schema-graph\">{\"@context\":\"https:\\\/\\\/schema.org\",\"@graph\":[{\"@type\":\"Article\",\"@id\":\"https:\\\/\\\/www.meydan.tv\\\/az\\\/article\\\/nazir-muavini-taksilerin-sayinin-azaldilmasini-teklif-edib\\\/#article\",\"isPartOf\":{\"@id\":\"https:\\\/\\\/www.meydan.tv\\\/az\\\/article\\\/nazir-muavini-taksilerin-sayinin-azaldilmasini-teklif-edib\\\/\"},\"author\":{\"name\":\"elli\",\"@id\":\"https:\\\/\\\/www.meydan.tv\\\/az\\\/#\\\/schema\\\/person\\\/9cdbecf90d17180ce1dfbd95b08dcf47\"},\"headline\":\"Nazir m\u00fcavini taksil\u0259rin say\u0131n\u0131n azald\u0131lmas\u0131n\u0131 t\u0259klif edib\",\"datePublished\":\"2024-03-15T09:06:14+00:00\",\"dateModified\":\"2024-03-15T09:06:19+00:00\",\"mainEntityOfPage\":{\"@id\":\"https:\\\/\\\/www.meydan.tv\\\/az\\\/article\\\/nazir-muavini-taksilerin-sayinin-azaldilmasini-teklif-edib\\\/\"},\"wordCount\":590,\"publisher\":{\"@id\":\"https:\\\/\\\/www.meydan.tv\\\/az\\\/#organization\"},\"image\":{\"@id\":\"https:\\\/\\\/www.meydan.tv\\\/az\\\/article\\\/nazir-muavini-taksilerin-sayinin-azaldilmasini-teklif-edib\\\/#primaryimage\"},\"thumbnailUrl\":\"https:\\\/\\\/www.meydan.tv\\\/wp-content\\\/uploads\\\/shutterstock_1999280993.jpg\",\"articleSection\":[\"Sosial\",\"X\u0259b\u0259rl\u0259r\"],\"inLanguage\":\"az\"},{\"@type\":\"WebPage\",\"@id\":\"https:\\\/\\\/www.meydan.tv\\\/az\\\/article\\\/nazir-muavini-taksilerin-sayinin-azaldilmasini-teklif-edib\\\/\",\"url\":\"https:\\\/\\\/www.meydan.tv\\\/az\\\/article\\\/nazir-muavini-taksilerin-sayinin-azaldilmasini-teklif-edib\\\/\",\"name\":\"Nazir m\u00fcavini taksil\u0259rin say\u0131n\u0131n azald\u0131lmas\u0131n\u0131 t\u0259klif edib - MEYDAN.TV\",\"isPartOf\":{\"@id\":\"https:\\\/\\\/www.meydan.tv\\\/az\\\/#website\"},\"primaryImageOfPage\":{\"@id\":\"https:\\\/\\\/www.meydan.tv\\\/az\\\/article\\\/nazir-muavini-taksilerin-sayinin-azaldilmasini-teklif-edib\\\/#primaryimage\"},\"image\":{\"@id\":\"https:\\\/\\\/www.meydan.tv\\\/az\\\/article\\\/nazir-muavini-taksilerin-sayinin-azaldilmasini-teklif-edib\\\/#primaryimage\"},\"thumbnailUrl\":\"https:\\\/\\\/www.meydan.tv\\\/wp-content\\\/uploads\\\/shutterstock_1999280993.jpg\",\"datePublished\":\"2024-03-15T09:06:14+00:00\",\"dateModified\":\"2024-03-15T09:06:19+00:00\",\"breadcrumb\":{\"@id\":\"https:\\\/\\\/www.meydan.tv\\\/az\\\/article\\\/nazir-muavini-taksilerin-sayinin-azaldilmasini-teklif-edib\\\/#breadcrumb\"},\"inLanguage\":\"az\",\"potentialAction\":[{\"@type\":\"ReadAction\",\"target\":[\"https:\\\/\\\/www.meydan.tv\\\/az\\\/article\\\/nazir-muavini-taksilerin-sayinin-azaldilmasini-teklif-edib\\\/\"]}]},{\"@type\":\"ImageObject\",\"inLanguage\":\"az\",\"@id\":\"https:\\\/\\\/www.meydan.tv\\\/az\\\/article\\\/nazir-muavini-taksilerin-sayinin-azaldilmasini-teklif-edib\\\/#primaryimage\",\"url\":\"https:\\\/\\\/www.meydan.tv\\\/wp-content\\\/uploads\\\/shutterstock_1999280993.jpg\",\"contentUrl\":\"https:\\\/\\\/www.meydan.tv\\\/wp-content\\\/uploads\\\/shutterstock_1999280993.jpg\",\"width\":1200,\"height\":794,\"caption\":\"Taksi. Foto: natatravel\\\/shutterstock\"},{\"@type\":\"BreadcrumbList\",\"@id\":\"https:\\\/\\\/www.meydan.tv\\\/az\\\/article\\\/nazir-muavini-taksilerin-sayinin-azaldilmasini-teklif-edib\\\/#breadcrumb\",\"itemListElement\":[{\"@type\":\"ListItem\",\"position\":1,\"name\":\"Ana s\u0259hif\u0259\",\"item\":\"https:\\\/\\\/www.meydan.tv\\\/az\\\/\"},{\"@type\":\"ListItem\",\"position\":2,\"name\":\"Sosial\",\"item\":\"https:\\\/\\\/www.meydan.tv\\\/az\\\/section\\\/sosial\\\/\"},{\"@type\":\"ListItem\",\"position\":3,\"name\":\"Nazir m\u00fcavini taksil\u0259rin say\u0131n\u0131n azald\u0131lmas\u0131n\u0131 t\u0259klif edib\"}]},{\"@type\":\"WebSite\",\"@id\":\"https:\\\/\\\/www.meydan.tv\\\/az\\\/#website\",\"url\":\"https:\\\/\\\/www.meydan.tv\\\/az\\\/\",\"name\":\"MEYDAN.TV\",\"description\":\"Meydan TV Az\u0259rbaycan\u0131n media m\u0259kan\u0131ndak\u0131 alternativ s\u0259sidir\",\"publisher\":{\"@id\":\"https:\\\/\\\/www.meydan.tv\\\/az\\\/#organization\"},\"potentialAction\":[{\"@type\":\"SearchAction\",\"target\":{\"@type\":\"EntryPoint\",\"urlTemplate\":\"https:\\\/\\\/www.meydan.tv\\\/az\\\/?s={search_term_string}\"},\"query-input\":{\"@type\":\"PropertyValueSpecification\",\"valueRequired\":true,\"valueName\":\"search_term_string\"}}],\"inLanguage\":\"az\"},{\"@type\":\"Organization\",\"@id\":\"https:\\\/\\\/www.meydan.tv\\\/az\\\/#organization\",\"name\":\"Meydan TV\",\"url\":\"https:\\\/\\\/www.meydan.tv\\\/az\\\/\",\"logo\":{\"@type\":\"ImageObject\",\"inLanguage\":\"az\",\"@id\":\"https:\\\/\\\/www.meydan.tv\\\/az\\\/#\\\/schema\\\/logo\\\/image\\\/\",\"url\":\"https:\\\/\\\/www.meydan.tv\\\/wp-content\\\/uploads\\\/2021\\\/07\\\/meydan-logo.svg\",\"contentUrl\":\"https:\\\/\\\/www.meydan.tv\\\/wp-content\\\/uploads\\\/2021\\\/07\\\/meydan-logo.svg\",\"width\":195,\"height\":46,\"caption\":\"Meydan TV\"},\"image\":{\"@id\":\"https:\\\/\\\/www.meydan.tv\\\/az\\\/#\\\/schema\\\/logo\\\/image\\\/\"}},{\"@type\":\"Person\",\"@id\":\"https:\\\/\\\/www.meydan.tv\\\/az\\\/#\\\/schema\\\/person\\\/9cdbecf90d17180ce1dfbd95b08dcf47\",\"name\":\"elli\",\"sameAs\":[\"https:\\\/\\\/x.com\\\/elli\"]}]}<\/script>\n<!-- \/ Yoast SEO plugin. -->","yoast_head_json":{"title":"Nazir m\u00fcavini taksil\u0259rin say\u0131n\u0131n azald\u0131lmas\u0131n\u0131 t\u0259klif edib - MEYDAN.TV","robots":{"index":"index","follow":"follow","max-snippet":"max-snippet:-1","max-image-preview":"max-image-preview:large","max-video-preview":"max-video-preview:-1"},"canonical":"https:\/\/www.meydan.tv\/az\/article\/nazir-muavini-taksilerin-sayinin-azaldilmasini-teklif-edib\/","og_locale":"az_AZ","og_type":"article","og_title":"Nazir m\u00fcavini taksil\u0259rin say\u0131n\u0131n azald\u0131lmas\u0131n\u0131 t\u0259klif edib - MEYDAN.TV","og_description":"\u0130qtisad\u00e7\u0131: \u201c40 min s\u00fcr\u00fcc\u00fcn\u00fc i\u015fsiz qoyub n\u0259 qazanacaqlar?\u201d R\u0259q\u0259msal inki\u015faf ... Davam\u0131","og_url":"https:\/\/www.meydan.tv\/az\/article\/nazir-muavini-taksilerin-sayinin-azaldilmasini-teklif-edib\/","og_site_name":"MEYDAN.TV","article_published_time":"2024-03-15T09:06:14+00:00","article_modified_time":"2024-03-15T09:06:19+00:00","og_image":[{"width":1200,"height":794,"url":"https:\/\/www.meydan.tv\/wp-content\/uploads\/shutterstock_1999280993.jpg","type":"image\/jpeg"}],"author":"elli","twitter_card":"summary_large_image","twitter_creator":"@elli","schema":{"@context":"https:\/\/schema.org","@graph":[{"@type":"Article","@id":"https:\/\/www.meydan.tv\/az\/article\/nazir-muavini-taksilerin-sayinin-azaldilmasini-teklif-edib\/#article","isPartOf":{"@id":"https:\/\/www.meydan.tv\/az\/article\/nazir-muavini-taksilerin-sayinin-azaldilmasini-teklif-edib\/"},"author":{"name":"elli","@id":"https:\/\/www.meydan.tv\/az\/#\/schema\/person\/9cdbecf90d17180ce1dfbd95b08dcf47"},"headline":"Nazir m\u00fcavini taksil\u0259rin say\u0131n\u0131n azald\u0131lmas\u0131n\u0131 t\u0259klif edib","datePublished":"2024-03-15T09:06:14+00:00","dateModified":"2024-03-15T09:06:19+00:00","mainEntityOfPage":{"@id":"https:\/\/www.meydan.tv\/az\/article\/nazir-muavini-taksilerin-sayinin-azaldilmasini-teklif-edib\/"},"wordCount":590,"publisher":{"@id":"https:\/\/www.meydan.tv\/az\/#organization"},"image":{"@id":"https:\/\/www.meydan.tv\/az\/article\/nazir-muavini-taksilerin-sayinin-azaldilmasini-teklif-edib\/#primaryimage"},"thumbnailUrl":"https:\/\/www.meydan.tv\/wp-content\/uploads\/shutterstock_1999280993.jpg","articleSection":["Sosial","X\u0259b\u0259rl\u0259r"],"inLanguage":"az"},{"@type":"WebPage","@id":"https:\/\/www.meydan.tv\/az\/article\/nazir-muavini-taksilerin-sayinin-azaldilmasini-teklif-edib\/","url":"https:\/\/www.meydan.tv\/az\/article\/nazir-muavini-taksilerin-sayinin-azaldilmasini-teklif-edib\/","name":"Nazir m\u00fcavini taksil\u0259rin say\u0131n\u0131n azald\u0131lmas\u0131n\u0131 t\u0259klif edib - MEYDAN.TV","isPartOf":{"@id":"https:\/\/www.meydan.tv\/az\/#website"},"primaryImageOfPage":{"@id":"https:\/\/www.meydan.tv\/az\/article\/nazir-muavini-taksilerin-sayinin-azaldilmasini-teklif-edib\/#primaryimage"},"image":{"@id":"https:\/\/www.meydan.tv\/az\/article\/nazir-muavini-taksilerin-sayinin-azaldilmasini-teklif-edib\/#primaryimage"},"thumbnailUrl":"https:\/\/www.meydan.tv\/wp-content\/uploads\/shutterstock_1999280993.jpg","datePublished":"2024-03-15T09:06:14+00:00","dateModified":"2024-03-15T09:06:19+00:00","breadcrumb":{"@id":"https:\/\/www.meydan.tv\/az\/article\/nazir-muavini-taksilerin-sayinin-azaldilmasini-teklif-edib\/#breadcrumb"},"inLanguage":"az","potentialAction":[{"@type":"ReadAction","target":["https:\/\/www.meydan.tv\/az\/article\/nazir-muavini-taksilerin-sayinin-azaldilmasini-teklif-edib\/"]}]},{"@type":"ImageObject","inLanguage":"az","@id":"https:\/\/www.meydan.tv\/az\/article\/nazir-muavini-taksilerin-sayinin-azaldilmasini-teklif-edib\/#primaryimage","url":"https:\/\/www.meydan.tv\/wp-content\/uploads\/shutterstock_1999280993.jpg","contentUrl":"https:\/\/www.meydan.tv\/wp-content\/uploads\/shutterstock_1999280993.jpg","width":1200,"height":794,"caption":"Taksi. Foto: natatravel\/shutterstock"},{"@type":"BreadcrumbList","@id":"https:\/\/www.meydan.tv\/az\/article\/nazir-muavini-taksilerin-sayinin-azaldilmasini-teklif-edib\/#breadcrumb","itemListElement":[{"@type":"ListItem","position":1,"name":"Ana s\u0259hif\u0259","item":"https:\/\/www.meydan.tv\/az\/"},{"@type":"ListItem","position":2,"name":"Sosial","item":"https:\/\/www.meydan.tv\/az\/section\/sosial\/"},{"@type":"ListItem","position":3,"name":"Nazir m\u00fcavini taksil\u0259rin say\u0131n\u0131n azald\u0131lmas\u0131n\u0131 t\u0259klif edib"}]},{"@type":"WebSite","@id":"https:\/\/www.meydan.tv\/az\/#website","url":"https:\/\/www.meydan.tv\/az\/","name":"MEYDAN.TV","description":"Meydan TV Az\u0259rbaycan\u0131n media m\u0259kan\u0131ndak\u0131 alternativ s\u0259sidir","publisher":{"@id":"https:\/\/www.meydan.tv\/az\/#organization"},"potentialAction":[{"@type":"SearchAction","target":{"@type":"EntryPoint","urlTemplate":"https:\/\/www.meydan.tv\/az\/?s={search_term_string}"},"query-input":{"@type":"PropertyValueSpecification","valueRequired":true,"valueName":"search_term_string"}}],"inLanguage":"az"},{"@type":"Organization","@id":"https:\/\/www.meydan.tv\/az\/#organization","name":"Meydan TV","url":"https:\/\/www.meydan.tv\/az\/","logo":{"@type":"ImageObject","inLanguage":"az","@id":"https:\/\/www.meydan.tv\/az\/#\/schema\/logo\/image\/","url":"https:\/\/www.meydan.tv\/wp-content\/uploads\/2021\/07\/meydan-logo.svg","contentUrl":"https:\/\/www.meydan.tv\/wp-content\/uploads\/2021\/07\/meydan-logo.svg","width":195,"height":46,"caption":"Meydan TV"},"image":{"@id":"https:\/\/www.meydan.tv\/az\/#\/schema\/logo\/image\/"}},{"@type":"Person","@id":"https:\/\/www.meydan.tv\/az\/#\/schema\/person\/9cdbecf90d17180ce1dfbd95b08dcf47","name":"elli","sameAs":["https:\/\/x.com\/elli"]}]}},"_links":{"self":[{"href":"https:\/\/www.meydan.tv\/az\/wp-json\/wp\/v2\/posts\/301251","targetHints":{"allow":["GET"]}}],"collection":[{"href":"https:\/\/www.meydan.tv\/az\/wp-json\/wp\/v2\/posts"}],"about":[{"href":"https:\/\/www.meydan.tv\/az\/wp-json\/wp\/v2\/types\/post"}],"author":[{"embeddable":true,"href":"https:\/\/www.meydan.tv\/az\/wp-json\/wp\/v2\/users\/8"}],"replies":[{"embeddable":true,"href":"https:\/\/www.meydan.tv\/az\/wp-json\/wp\/v2\/comments?post=301251"}],"version-history":[{"count":1,"href":"https:\/\/www.meydan.tv\/az\/wp-json\/wp\/v2\/posts\/301251\/revisions"}],"predecessor-version":[{"id":301256,"href":"https:\/\/www.meydan.tv\/az\/wp-json\/wp\/v2\/posts\/301251\/revisions\/301256"}],"wp:featuredmedia":[{"embeddable":true,"href":"https:\/\/www.meydan.tv\/az\/wp-json\/wp\/v2\/media\/277290"}],"wp:attachment":[{"href":"https:\/\/www.meydan.tv\/az\/wp-json\/wp\/v2\/media?parent=301251"}],"wp:term":[{"taxonomy":"category","embeddable":true,"href":"https:\/\/www.meydan.tv\/az\/wp-json\/wp\/v2\/categories?post=301251"},{"taxonomy":"post_tag","embeddable":true,"href":"https:\/\/www.meydan.tv\/az\/wp-json\/wp\/v2\/tags?post=301251"}],"curies":[{"name":"wp","href":"https:\/\/api.w.org\/{rel}","templated":true}]}}