{"id":301197,"date":"2024-03-14T16:46:22","date_gmt":"2024-03-14T12:46:22","guid":{"rendered":"https:\/\/www.meydan.tv\/?p=301197"},"modified":"2024-03-14T16:46:25","modified_gmt":"2024-03-14T12:46:25","slug":"avropa-ittifaqinin-bakidaki-numayendeliyinin-muhasibi-haqqinda-hebs-qerari","status":"publish","type":"post","link":"https:\/\/www.meydan.tv\/az\/article\/avropa-ittifaqinin-bakidaki-numayendeliyinin-muhasibi-haqqinda-hebs-qerari\/","title":{"rendered":"Avropa \u0130ttifaq\u0131n\u0131n Bak\u0131dak\u0131 n\u00fcmay\u0259nd\u0259liyinin m\u00fchasibi haqq\u0131nda h\u0259bs q\u0259rar\u0131"},"content":{"rendered":"\n<p><\/p>\n\n\n\n<p><strong><em>Q\u0259rarda Z\u0259rif\u0259 Abbasovan\u0131n m\u0259hk\u0259m\u0259 prosesin\u0259 g\u0259lm\u0259m\u0259si \u0259sas g\u00f6t\u00fcr\u00fcl\u00fcb<\/em><\/strong><\/p>\n\n\n\n<p>Avropa \u0130ttifaq\u0131n\u0131n Az\u0259rbaycandak\u0131 n\u00fcmay\u0259nd\u0259liyind\u0259 1 milyon manata yax\u0131n pul yeyintisiyl\u0259 ba\u011fl\u0131 m\u0259hk\u0259m\u0259 ara\u015fd\u0131rmalar\u0131 davam edir. 15 il n\u00fcmay\u0259nd\u0259liyin m\u00fchasibi olmu\u015f Z\u0259rif\u0259 Abbasova 983 min manatl\u0131q m\u0259nims\u0259m\u0259d\u0259 ittiham edilir. O, h\u0259bsd\u0259 olmasa da, \u00f6t\u0259n ilin may\u0131ndan i\u015fin\u0259 Bak\u0131 A\u011f\u0131r Cinay\u0259tl\u0259r M\u0259hk\u0259m\u0259sind\u0259 bax\u0131l\u0131r.<\/p>\n\n\n\n<p>Mart\u0131n 14-d\u0259 hakim \u018fhm\u0259d Quliyevin s\u0259drliyil\u0259 ke\u00e7iril\u0259n m\u0259hk\u0259m\u0259 prosesind\u0259 Z\u0259rif\u0259 Abbasovan\u0131n h\u0259bs olunmas\u0131 bar\u0259d\u0259 q\u0259rar q\u0259bul edilib. Hakim q\u0259rar\u0131 \u0259sasland\u0131rark\u0259n bildirib ki, o, art\u0131q ne\u00e7\u0259nci d\u0259f\u0259dir ki, m\u0259hk\u0259m\u0259y\u0259 g\u0259lmir, prosesd\u0259n yay\u0131n\u0131r. Bu d\u0259f\u0259 d\u0259 m\u0259hk\u0259m\u0259y\u0259 g\u0259lm\u0259diyin\u0259 g\u00f6r\u0259 onun haqq\u0131nda polis n\u0259zar\u0259tin\u0259 verm\u0259 q\u0259timkan t\u0259dbirinin h\u0259bsl\u0259 \u0259v\u0259z olunmas\u0131na q\u0259rar verilib.<\/p>\n\n\n\n<p>\u0130ttihama \u0259sas\u0259n, 1 milyon manata yax\u0131n m\u0259nims\u0259m\u0259 Avropa \u0130ttifaq\u0131n\u0131n Az\u0259rbaycandak\u0131 s\u0259firi Peter Mixalko v\u0259 qurumun daha bir diplomat\u0131n\u0131n elektron imzalar\u0131n\u0131n, m\u00f6h\u00fcr\u00fcn \u0259l\u0259 ke\u00e7ilm\u0259si yoluyla ba\u015f verib.<\/p>\n\n\n\n<p>Cinay\u0259t i\u015finin materiallar\u0131nda g\u00f6st\u0259rilib ki, Z\u0259rif\u0259 Abbasova 1 mart 2008-ci ild\u0259n 18 yanvar 2023-c\u00fc il\u0259 q\u0259d\u0259r Avropa \u0130ttifaq\u0131n\u0131n Az\u0259rbaycandak\u0131 n\u00fcmay\u0259nd\u0259liyinin m\u00fchasibi v\u0259zif\u0259sind\u0259 \u00e7al\u0131\u015f\u0131b. O, Avropa \u0130ttifaq\u0131n\u0131n Az\u0259rbaycandak\u0131 n\u00fcmay\u0259nd\u0259liyin\u0259 k\u00f6\u00e7\u00fcr\u00fcl\u0259n pullar\u0131 m\u0259nims\u0259m\u0259k \u00fc\u00e7\u00fcn s\u0259fir Peter Mixalko v\u0259 dig\u0259r m\u0259sul \u015f\u0259xsin imzas\u0131n\u0131, h\u0259m\u00e7inin m\u00f6h\u00fcr\u00fc \u0259ld\u0259 edib. Onlar\u0131n vasit\u0259sil\u0259 d\u0259 n\u00fcmay\u0259nd\u0259liyin Beyn\u0259lxalq Bankdak\u0131 hesab\u0131nda olan v\u0259saitl\u0259rin bir hiss\u0259sini \u0259l\u0259 ke\u00e7irib.<\/p>\n\n\n\n<p><em>\u201cZ\u0259rif\u0259 Abbasova 2017-2022-ci ill\u0259r \u0259rzind\u0259 Avropa \u0130ttifaq\u0131n\u0131n Az\u0259rbaycandak\u0131 n\u00fcmay\u0259nd\u0259liyinin m\u00fchasib v\u0259zif\u0259sind\u0259 i\u015fl\u0259y\u0259rk\u0259n t\u0259\u015fkilat\u0131n bank hesab\u0131nda olan v\u0259saitl\u0259ri na\u011fdla\u015fd\u0131r\u0131b. H\u0259m\u00e7inin saxta \u00f6d\u0259ni\u015f tap\u015f\u0131r\u0131qlar\u0131 vasit\u0259sil\u0259 m\u00fcxt\u0259lif vaxtlarda pullar\u0131 \u00f6z\u00fcn\u00fcn \u0259m\u0259khaqq\u0131 kart\u0131na k\u00f6\u00e7\u00fcr\u0259r\u0259k, t\u0259\u015fkilata m\u0259xsus 983 min 254 manat\u0131 m\u0259nims\u0259yib\u201d,<\/em> &#8211; ittihamda yaz\u0131l\u0131b.<\/p>\n\n\n\n<p>Ona qar\u015f\u0131 Cinay\u0259t M\u0259c\u0259ll\u0259sinin 179.4 (x\u00fcsusil\u0259 k\u00fclli miqdarda m\u0259nims\u0259m\u0259), 308.2 (a\u011f\u0131r n\u0259tic\u0259l\u0259r\u0259 s\u0259b\u0259b olan v\u0259zif\u0259 s\u0259lahiyy\u0259tl\u0259rind\u0259n sui-istifad\u0259) v\u0259 313-c\u00fc (v\u0259zif\u0259 saxtakarl\u0131\u011f\u0131) madd\u0259l\u0259ril\u0259 ittiham ir\u0259li s\u00fcr\u00fcl\u00fcb. Bu madd\u0259l\u0259rin sanksiyas\u0131nda 14 il\u0259 q\u0259d\u0259r azadl\u0131qdan m\u0259hrumetm\u0259 c\u0259zas\u0131 var.<\/p>\n\n\n\n<p>\u0130ttihama m\u00fcnasib\u0259t bildir\u0259n Z\u0259rif\u0259 Abbasova deyib ki, \u00f6z\u00fcn\u00fc qism\u0259n t\u0259qsirli bilir. O bildirib ki, 983 min manat yox, t\u0259\u015fkilat\u0131n 50 min manat pulunu m\u0259nims\u0259yib.<\/p>\n","protected":false},"excerpt":{"rendered":"<p>Q\u0259rarda Z\u0259rif\u0259 Abbasovan\u0131n m\u0259hk\u0259m\u0259 prosesin\u0259 g\u0259lm\u0259m\u0259si \u0259sas g\u00f6t\u00fcr\u00fcl\u00fcb Avropa \u0130ttifaq\u0131n\u0131n &#8230; <\/p>\n<p class=\"read-more-container\"><a title=\"Avropa \u0130ttifaq\u0131n\u0131n Bak\u0131dak\u0131 n\u00fcmay\u0259nd\u0259liyinin m\u00fchasibi haqq\u0131nda h\u0259bs q\u0259rar\u0131\" class=\"read-more button\" href=\"https:\/\/www.meydan.tv\/az\/article\/avropa-ittifaqinin-bakidaki-numayendeliyinin-muhasibi-haqqinda-hebs-qerari\/#more-301197\" aria-label=\"Read more about Avropa \u0130ttifaq\u0131n\u0131n Bak\u0131dak\u0131 n\u00fcmay\u0259nd\u0259liyinin m\u00fchasibi haqq\u0131nda h\u0259bs q\u0259rar\u0131\">Davam\u0131<\/a><\/p>\n","protected":false},"author":8,"featured_media":119696,"comment_status":"closed","ping_status":"closed","sticky":false,"template":"","format":"standard","meta":{"_acf_changed":false,"_sitemap_exclude":false,"_sitemap_priority":"","_sitemap_frequency":"","footnotes":""},"categories":[62,56],"tags":[],"class_list":["post-301197","post","type-post","status-publish","format-standard","has-post-thumbnail","hentry","category-sosial","category-xeberler","infinite-scroll-item","generate-columns","tablet-grid-50","mobile-grid-100","grid-parent","grid-33","no-featured-image-padding"],"acf":[],"yoast_head":"<!-- This site is optimized with the Yoast SEO plugin v27.5 - https:\/\/yoast.com\/product\/yoast-seo-wordpress\/ -->\n<title>Avropa \u0130ttifaq\u0131n\u0131n Bak\u0131dak\u0131 n\u00fcmay\u0259nd\u0259liyinin m\u00fchasibi haqq\u0131nda h\u0259bs q\u0259rar\u0131 - MEYDAN.TV<\/title>\n<meta name=\"robots\" content=\"index, follow, max-snippet:-1, max-image-preview:large, max-video-preview:-1\" \/>\n<link rel=\"canonical\" href=\"https:\/\/www.meydan.tv\/az\/article\/avropa-ittifaqinin-bakidaki-numayendeliyinin-muhasibi-haqqinda-hebs-qerari\/\" \/>\n<meta property=\"og:locale\" content=\"az_AZ\" \/>\n<meta property=\"og:type\" content=\"article\" \/>\n<meta property=\"og:title\" content=\"Avropa \u0130ttifaq\u0131n\u0131n Bak\u0131dak\u0131 n\u00fcmay\u0259nd\u0259liyinin m\u00fchasibi haqq\u0131nda h\u0259bs q\u0259rar\u0131 - MEYDAN.TV\" \/>\n<meta property=\"og:description\" content=\"Q\u0259rarda Z\u0259rif\u0259 Abbasovan\u0131n m\u0259hk\u0259m\u0259 prosesin\u0259 g\u0259lm\u0259m\u0259si \u0259sas g\u00f6t\u00fcr\u00fcl\u00fcb Avropa \u0130ttifaq\u0131n\u0131n ... Davam\u0131\" \/>\n<meta property=\"og:url\" content=\"https:\/\/www.meydan.tv\/az\/article\/avropa-ittifaqinin-bakidaki-numayendeliyinin-muhasibi-haqqinda-hebs-qerari\/\" \/>\n<meta property=\"og:site_name\" content=\"MEYDAN.TV\" \/>\n<meta property=\"article:published_time\" content=\"2024-03-14T12:46:22+00:00\" \/>\n<meta property=\"article:modified_time\" content=\"2024-03-14T12:46:25+00:00\" \/>\n<meta property=\"og:image\" content=\"https:\/\/www.meydan.tv\/wp-content\/uploads\/410827945_avcauli.jpg\" \/>\n\t<meta property=\"og:image:width\" content=\"1000\" \/>\n\t<meta property=\"og:image:height\" content=\"541\" \/>\n\t<meta property=\"og:image:type\" content=\"image\/jpeg\" \/>\n<meta name=\"author\" content=\"elli\" \/>\n<meta name=\"twitter:card\" content=\"summary_large_image\" \/>\n<meta name=\"twitter:creator\" content=\"@elli\" \/>\n<script type=\"application\/ld+json\" class=\"yoast-schema-graph\">{\"@context\":\"https:\\\/\\\/schema.org\",\"@graph\":[{\"@type\":\"Article\",\"@id\":\"https:\\\/\\\/www.meydan.tv\\\/az\\\/article\\\/avropa-ittifaqinin-bakidaki-numayendeliyinin-muhasibi-haqqinda-hebs-qerari\\\/#article\",\"isPartOf\":{\"@id\":\"https:\\\/\\\/www.meydan.tv\\\/az\\\/article\\\/avropa-ittifaqinin-bakidaki-numayendeliyinin-muhasibi-haqqinda-hebs-qerari\\\/\"},\"author\":{\"name\":\"elli\",\"@id\":\"https:\\\/\\\/www.meydan.tv\\\/az\\\/#\\\/schema\\\/person\\\/9cdbecf90d17180ce1dfbd95b08dcf47\"},\"headline\":\"Avropa \u0130ttifaq\u0131n\u0131n Bak\u0131dak\u0131 n\u00fcmay\u0259nd\u0259liyinin m\u00fchasibi haqq\u0131nda h\u0259bs q\u0259rar\u0131\",\"datePublished\":\"2024-03-14T12:46:22+00:00\",\"dateModified\":\"2024-03-14T12:46:25+00:00\",\"mainEntityOfPage\":{\"@id\":\"https:\\\/\\\/www.meydan.tv\\\/az\\\/article\\\/avropa-ittifaqinin-bakidaki-numayendeliyinin-muhasibi-haqqinda-hebs-qerari\\\/\"},\"wordCount\":531,\"publisher\":{\"@id\":\"https:\\\/\\\/www.meydan.tv\\\/az\\\/#organization\"},\"image\":{\"@id\":\"https:\\\/\\\/www.meydan.tv\\\/az\\\/article\\\/avropa-ittifaqinin-bakidaki-numayendeliyinin-muhasibi-haqqinda-hebs-qerari\\\/#primaryimage\"},\"thumbnailUrl\":\"https:\\\/\\\/www.meydan.tv\\\/wp-content\\\/uploads\\\/410827945_avcauli.jpg\",\"articleSection\":[\"Sosial\",\"X\u0259b\u0259rl\u0259r\"],\"inLanguage\":\"az\"},{\"@type\":\"WebPage\",\"@id\":\"https:\\\/\\\/www.meydan.tv\\\/az\\\/article\\\/avropa-ittifaqinin-bakidaki-numayendeliyinin-muhasibi-haqqinda-hebs-qerari\\\/\",\"url\":\"https:\\\/\\\/www.meydan.tv\\\/az\\\/article\\\/avropa-ittifaqinin-bakidaki-numayendeliyinin-muhasibi-haqqinda-hebs-qerari\\\/\",\"name\":\"Avropa \u0130ttifaq\u0131n\u0131n Bak\u0131dak\u0131 n\u00fcmay\u0259nd\u0259liyinin m\u00fchasibi haqq\u0131nda h\u0259bs q\u0259rar\u0131 - MEYDAN.TV\",\"isPartOf\":{\"@id\":\"https:\\\/\\\/www.meydan.tv\\\/az\\\/#website\"},\"primaryImageOfPage\":{\"@id\":\"https:\\\/\\\/www.meydan.tv\\\/az\\\/article\\\/avropa-ittifaqinin-bakidaki-numayendeliyinin-muhasibi-haqqinda-hebs-qerari\\\/#primaryimage\"},\"image\":{\"@id\":\"https:\\\/\\\/www.meydan.tv\\\/az\\\/article\\\/avropa-ittifaqinin-bakidaki-numayendeliyinin-muhasibi-haqqinda-hebs-qerari\\\/#primaryimage\"},\"thumbnailUrl\":\"https:\\\/\\\/www.meydan.tv\\\/wp-content\\\/uploads\\\/410827945_avcauli.jpg\",\"datePublished\":\"2024-03-14T12:46:22+00:00\",\"dateModified\":\"2024-03-14T12:46:25+00:00\",\"breadcrumb\":{\"@id\":\"https:\\\/\\\/www.meydan.tv\\\/az\\\/article\\\/avropa-ittifaqinin-bakidaki-numayendeliyinin-muhasibi-haqqinda-hebs-qerari\\\/#breadcrumb\"},\"inLanguage\":\"az\",\"potentialAction\":[{\"@type\":\"ReadAction\",\"target\":[\"https:\\\/\\\/www.meydan.tv\\\/az\\\/article\\\/avropa-ittifaqinin-bakidaki-numayendeliyinin-muhasibi-haqqinda-hebs-qerari\\\/\"]}]},{\"@type\":\"ImageObject\",\"inLanguage\":\"az\",\"@id\":\"https:\\\/\\\/www.meydan.tv\\\/az\\\/article\\\/avropa-ittifaqinin-bakidaki-numayendeliyinin-muhasibi-haqqinda-hebs-qerari\\\/#primaryimage\",\"url\":\"https:\\\/\\\/www.meydan.tv\\\/wp-content\\\/uploads\\\/410827945_avcauli.jpg\",\"contentUrl\":\"https:\\\/\\\/www.meydan.tv\\\/wp-content\\\/uploads\\\/410827945_avcauli.jpg\",\"width\":1000,\"height\":541,\"caption\":\"Foto: Meydan TV\"},{\"@type\":\"BreadcrumbList\",\"@id\":\"https:\\\/\\\/www.meydan.tv\\\/az\\\/article\\\/avropa-ittifaqinin-bakidaki-numayendeliyinin-muhasibi-haqqinda-hebs-qerari\\\/#breadcrumb\",\"itemListElement\":[{\"@type\":\"ListItem\",\"position\":1,\"name\":\"Ana s\u0259hif\u0259\",\"item\":\"https:\\\/\\\/www.meydan.tv\\\/az\\\/\"},{\"@type\":\"ListItem\",\"position\":2,\"name\":\"Sosial\",\"item\":\"https:\\\/\\\/www.meydan.tv\\\/az\\\/section\\\/sosial\\\/\"},{\"@type\":\"ListItem\",\"position\":3,\"name\":\"Avropa \u0130ttifaq\u0131n\u0131n Bak\u0131dak\u0131 n\u00fcmay\u0259nd\u0259liyinin m\u00fchasibi haqq\u0131nda h\u0259bs q\u0259rar\u0131\"}]},{\"@type\":\"WebSite\",\"@id\":\"https:\\\/\\\/www.meydan.tv\\\/az\\\/#website\",\"url\":\"https:\\\/\\\/www.meydan.tv\\\/az\\\/\",\"name\":\"MEYDAN.TV\",\"description\":\"Meydan TV Az\u0259rbaycan\u0131n media m\u0259kan\u0131ndak\u0131 alternativ s\u0259sidir\",\"publisher\":{\"@id\":\"https:\\\/\\\/www.meydan.tv\\\/az\\\/#organization\"},\"potentialAction\":[{\"@type\":\"SearchAction\",\"target\":{\"@type\":\"EntryPoint\",\"urlTemplate\":\"https:\\\/\\\/www.meydan.tv\\\/az\\\/?s={search_term_string}\"},\"query-input\":{\"@type\":\"PropertyValueSpecification\",\"valueRequired\":true,\"valueName\":\"search_term_string\"}}],\"inLanguage\":\"az\"},{\"@type\":\"Organization\",\"@id\":\"https:\\\/\\\/www.meydan.tv\\\/az\\\/#organization\",\"name\":\"Meydan TV\",\"url\":\"https:\\\/\\\/www.meydan.tv\\\/az\\\/\",\"logo\":{\"@type\":\"ImageObject\",\"inLanguage\":\"az\",\"@id\":\"https:\\\/\\\/www.meydan.tv\\\/az\\\/#\\\/schema\\\/logo\\\/image\\\/\",\"url\":\"https:\\\/\\\/www.meydan.tv\\\/wp-content\\\/uploads\\\/2021\\\/07\\\/meydan-logo.svg\",\"contentUrl\":\"https:\\\/\\\/www.meydan.tv\\\/wp-content\\\/uploads\\\/2021\\\/07\\\/meydan-logo.svg\",\"width\":195,\"height\":46,\"caption\":\"Meydan TV\"},\"image\":{\"@id\":\"https:\\\/\\\/www.meydan.tv\\\/az\\\/#\\\/schema\\\/logo\\\/image\\\/\"}},{\"@type\":\"Person\",\"@id\":\"https:\\\/\\\/www.meydan.tv\\\/az\\\/#\\\/schema\\\/person\\\/9cdbecf90d17180ce1dfbd95b08dcf47\",\"name\":\"elli\",\"sameAs\":[\"https:\\\/\\\/x.com\\\/elli\"]}]}<\/script>\n<!-- \/ Yoast SEO plugin. -->","yoast_head_json":{"title":"Avropa \u0130ttifaq\u0131n\u0131n Bak\u0131dak\u0131 n\u00fcmay\u0259nd\u0259liyinin m\u00fchasibi haqq\u0131nda h\u0259bs q\u0259rar\u0131 - MEYDAN.TV","robots":{"index":"index","follow":"follow","max-snippet":"max-snippet:-1","max-image-preview":"max-image-preview:large","max-video-preview":"max-video-preview:-1"},"canonical":"https:\/\/www.meydan.tv\/az\/article\/avropa-ittifaqinin-bakidaki-numayendeliyinin-muhasibi-haqqinda-hebs-qerari\/","og_locale":"az_AZ","og_type":"article","og_title":"Avropa \u0130ttifaq\u0131n\u0131n Bak\u0131dak\u0131 n\u00fcmay\u0259nd\u0259liyinin m\u00fchasibi haqq\u0131nda h\u0259bs q\u0259rar\u0131 - MEYDAN.TV","og_description":"Q\u0259rarda Z\u0259rif\u0259 Abbasovan\u0131n m\u0259hk\u0259m\u0259 prosesin\u0259 g\u0259lm\u0259m\u0259si \u0259sas g\u00f6t\u00fcr\u00fcl\u00fcb Avropa \u0130ttifaq\u0131n\u0131n ... Davam\u0131","og_url":"https:\/\/www.meydan.tv\/az\/article\/avropa-ittifaqinin-bakidaki-numayendeliyinin-muhasibi-haqqinda-hebs-qerari\/","og_site_name":"MEYDAN.TV","article_published_time":"2024-03-14T12:46:22+00:00","article_modified_time":"2024-03-14T12:46:25+00:00","og_image":[{"width":1000,"height":541,"url":"https:\/\/www.meydan.tv\/wp-content\/uploads\/410827945_avcauli.jpg","type":"image\/jpeg"}],"author":"elli","twitter_card":"summary_large_image","twitter_creator":"@elli","schema":{"@context":"https:\/\/schema.org","@graph":[{"@type":"Article","@id":"https:\/\/www.meydan.tv\/az\/article\/avropa-ittifaqinin-bakidaki-numayendeliyinin-muhasibi-haqqinda-hebs-qerari\/#article","isPartOf":{"@id":"https:\/\/www.meydan.tv\/az\/article\/avropa-ittifaqinin-bakidaki-numayendeliyinin-muhasibi-haqqinda-hebs-qerari\/"},"author":{"name":"elli","@id":"https:\/\/www.meydan.tv\/az\/#\/schema\/person\/9cdbecf90d17180ce1dfbd95b08dcf47"},"headline":"Avropa \u0130ttifaq\u0131n\u0131n Bak\u0131dak\u0131 n\u00fcmay\u0259nd\u0259liyinin m\u00fchasibi haqq\u0131nda h\u0259bs q\u0259rar\u0131","datePublished":"2024-03-14T12:46:22+00:00","dateModified":"2024-03-14T12:46:25+00:00","mainEntityOfPage":{"@id":"https:\/\/www.meydan.tv\/az\/article\/avropa-ittifaqinin-bakidaki-numayendeliyinin-muhasibi-haqqinda-hebs-qerari\/"},"wordCount":531,"publisher":{"@id":"https:\/\/www.meydan.tv\/az\/#organization"},"image":{"@id":"https:\/\/www.meydan.tv\/az\/article\/avropa-ittifaqinin-bakidaki-numayendeliyinin-muhasibi-haqqinda-hebs-qerari\/#primaryimage"},"thumbnailUrl":"https:\/\/www.meydan.tv\/wp-content\/uploads\/410827945_avcauli.jpg","articleSection":["Sosial","X\u0259b\u0259rl\u0259r"],"inLanguage":"az"},{"@type":"WebPage","@id":"https:\/\/www.meydan.tv\/az\/article\/avropa-ittifaqinin-bakidaki-numayendeliyinin-muhasibi-haqqinda-hebs-qerari\/","url":"https:\/\/www.meydan.tv\/az\/article\/avropa-ittifaqinin-bakidaki-numayendeliyinin-muhasibi-haqqinda-hebs-qerari\/","name":"Avropa \u0130ttifaq\u0131n\u0131n Bak\u0131dak\u0131 n\u00fcmay\u0259nd\u0259liyinin m\u00fchasibi haqq\u0131nda h\u0259bs q\u0259rar\u0131 - MEYDAN.TV","isPartOf":{"@id":"https:\/\/www.meydan.tv\/az\/#website"},"primaryImageOfPage":{"@id":"https:\/\/www.meydan.tv\/az\/article\/avropa-ittifaqinin-bakidaki-numayendeliyinin-muhasibi-haqqinda-hebs-qerari\/#primaryimage"},"image":{"@id":"https:\/\/www.meydan.tv\/az\/article\/avropa-ittifaqinin-bakidaki-numayendeliyinin-muhasibi-haqqinda-hebs-qerari\/#primaryimage"},"thumbnailUrl":"https:\/\/www.meydan.tv\/wp-content\/uploads\/410827945_avcauli.jpg","datePublished":"2024-03-14T12:46:22+00:00","dateModified":"2024-03-14T12:46:25+00:00","breadcrumb":{"@id":"https:\/\/www.meydan.tv\/az\/article\/avropa-ittifaqinin-bakidaki-numayendeliyinin-muhasibi-haqqinda-hebs-qerari\/#breadcrumb"},"inLanguage":"az","potentialAction":[{"@type":"ReadAction","target":["https:\/\/www.meydan.tv\/az\/article\/avropa-ittifaqinin-bakidaki-numayendeliyinin-muhasibi-haqqinda-hebs-qerari\/"]}]},{"@type":"ImageObject","inLanguage":"az","@id":"https:\/\/www.meydan.tv\/az\/article\/avropa-ittifaqinin-bakidaki-numayendeliyinin-muhasibi-haqqinda-hebs-qerari\/#primaryimage","url":"https:\/\/www.meydan.tv\/wp-content\/uploads\/410827945_avcauli.jpg","contentUrl":"https:\/\/www.meydan.tv\/wp-content\/uploads\/410827945_avcauli.jpg","width":1000,"height":541,"caption":"Foto: Meydan TV"},{"@type":"BreadcrumbList","@id":"https:\/\/www.meydan.tv\/az\/article\/avropa-ittifaqinin-bakidaki-numayendeliyinin-muhasibi-haqqinda-hebs-qerari\/#breadcrumb","itemListElement":[{"@type":"ListItem","position":1,"name":"Ana s\u0259hif\u0259","item":"https:\/\/www.meydan.tv\/az\/"},{"@type":"ListItem","position":2,"name":"Sosial","item":"https:\/\/www.meydan.tv\/az\/section\/sosial\/"},{"@type":"ListItem","position":3,"name":"Avropa \u0130ttifaq\u0131n\u0131n Bak\u0131dak\u0131 n\u00fcmay\u0259nd\u0259liyinin m\u00fchasibi haqq\u0131nda h\u0259bs q\u0259rar\u0131"}]},{"@type":"WebSite","@id":"https:\/\/www.meydan.tv\/az\/#website","url":"https:\/\/www.meydan.tv\/az\/","name":"MEYDAN.TV","description":"Meydan TV Az\u0259rbaycan\u0131n media m\u0259kan\u0131ndak\u0131 alternativ s\u0259sidir","publisher":{"@id":"https:\/\/www.meydan.tv\/az\/#organization"},"potentialAction":[{"@type":"SearchAction","target":{"@type":"EntryPoint","urlTemplate":"https:\/\/www.meydan.tv\/az\/?s={search_term_string}"},"query-input":{"@type":"PropertyValueSpecification","valueRequired":true,"valueName":"search_term_string"}}],"inLanguage":"az"},{"@type":"Organization","@id":"https:\/\/www.meydan.tv\/az\/#organization","name":"Meydan TV","url":"https:\/\/www.meydan.tv\/az\/","logo":{"@type":"ImageObject","inLanguage":"az","@id":"https:\/\/www.meydan.tv\/az\/#\/schema\/logo\/image\/","url":"https:\/\/www.meydan.tv\/wp-content\/uploads\/2021\/07\/meydan-logo.svg","contentUrl":"https:\/\/www.meydan.tv\/wp-content\/uploads\/2021\/07\/meydan-logo.svg","width":195,"height":46,"caption":"Meydan TV"},"image":{"@id":"https:\/\/www.meydan.tv\/az\/#\/schema\/logo\/image\/"}},{"@type":"Person","@id":"https:\/\/www.meydan.tv\/az\/#\/schema\/person\/9cdbecf90d17180ce1dfbd95b08dcf47","name":"elli","sameAs":["https:\/\/x.com\/elli"]}]}},"_links":{"self":[{"href":"https:\/\/www.meydan.tv\/az\/wp-json\/wp\/v2\/posts\/301197","targetHints":{"allow":["GET"]}}],"collection":[{"href":"https:\/\/www.meydan.tv\/az\/wp-json\/wp\/v2\/posts"}],"about":[{"href":"https:\/\/www.meydan.tv\/az\/wp-json\/wp\/v2\/types\/post"}],"author":[{"embeddable":true,"href":"https:\/\/www.meydan.tv\/az\/wp-json\/wp\/v2\/users\/8"}],"replies":[{"embeddable":true,"href":"https:\/\/www.meydan.tv\/az\/wp-json\/wp\/v2\/comments?post=301197"}],"version-history":[{"count":1,"href":"https:\/\/www.meydan.tv\/az\/wp-json\/wp\/v2\/posts\/301197\/revisions"}],"predecessor-version":[{"id":301200,"href":"https:\/\/www.meydan.tv\/az\/wp-json\/wp\/v2\/posts\/301197\/revisions\/301200"}],"wp:featuredmedia":[{"embeddable":true,"href":"https:\/\/www.meydan.tv\/az\/wp-json\/wp\/v2\/media\/119696"}],"wp:attachment":[{"href":"https:\/\/www.meydan.tv\/az\/wp-json\/wp\/v2\/media?parent=301197"}],"wp:term":[{"taxonomy":"category","embeddable":true,"href":"https:\/\/www.meydan.tv\/az\/wp-json\/wp\/v2\/categories?post=301197"},{"taxonomy":"post_tag","embeddable":true,"href":"https:\/\/www.meydan.tv\/az\/wp-json\/wp\/v2\/tags?post=301197"}],"curies":[{"name":"wp","href":"https:\/\/api.w.org\/{rel}","templated":true}]}}