{"id":301184,"date":"2024-03-14T17:13:05","date_gmt":"2024-03-14T13:13:05","guid":{"rendered":"https:\/\/www.meydan.tv\/?p=301184"},"modified":"2025-12-10T18:16:02","modified_gmt":"2025-12-10T14:16:02","slug":"tek-adam-rejiminin-staqnasiyasi-davam-edir","status":"publish","type":"post","link":"https:\/\/www.meydan.tv\/az\/article\/tek-adam-rejiminin-staqnasiyasi-davam-edir\/","title":{"rendered":"\u201cT\u0259k Adam rejiminin staqnasiyas\u0131 davam edir\u201d"},"content":{"rendered":"\n<figure class=\"wp-block-embed is-type-video is-provider-youtube wp-block-embed-youtube wp-embed-aspect-16-9 wp-has-aspect-ratio\"><div class=\"wp-block-embed__wrapper\">\n<iframe title=\"Az\u0259rbaycanda alternativsiz se\u00e7ki\" width=\"1200\" height=\"675\" data-src=\"https:\/\/www.youtube.com\/embed\/Pkzq9geROG4?feature=oembed\" frameborder=\"0\" allow=\"accelerometer; autoplay; clipboard-write; encrypted-media; gyroscope; picture-in-picture; web-share\" referrerpolicy=\"strict-origin-when-cross-origin\" allowfullscreen src=\"data:image\/svg+xml;base64,PHN2ZyB3aWR0aD0iMSIgaGVpZ2h0PSIxIiB4bWxucz0iaHR0cDovL3d3dy53My5vcmcvMjAwMC9zdmciPjwvc3ZnPg==\" class=\"lazyload\" data-load-mode=\"1\"><\/iframe>\n<\/div><\/figure>\n\n\n\n<p><strong><em>Az\u0259rbaycanda n\u00f6vb\u0259ti Prezident se\u00e7kil\u0259ri ne\u00e7\u0259 ke\u00e7di v\u0259 n\u0259 il\u0259 yadda qald\u0131?<\/em><\/strong><\/p>\n\n\n\n<p>2024-c\u00fc il 70-d\u0259n \u00e7ox \u00f6lk\u0259d\u0259 se\u00e7ki ilidir. Bu il d\u00fcnya \u0259halisinin yar\u0131s\u0131ndan \u00e7oxu \u00f6lk\u0259sinin m\u00fcq\u0259dd\u0259rat\u0131n\u0131 h\u0259ll ed\u0259c\u0259k namiz\u0259dl\u0259ri se\u00e7m\u0259k u\u011frunda v\u0259 qanunlar\u0131n t\u0259nziml\u0259nm\u0259sin\u0259 g\u00f6r\u0259 s\u0259s verm\u0259li olacaqlar. Az\u0259rbaycan xalq\u0131 da il ba\u015flar-ba\u015flamaz n\u00f6vb\u0259d\u0259nk\u0259nar Prezident se\u00e7kisind\u0259 s\u0259sverm\u0259 h\u00fcququndan istifad\u0259 etm\u0259li oldu.<\/p>\n\n\n\n<p>Az\u0259rbaycanda 7 fevral n\u00f6vb\u0259d\u0259nk\u0259nar Prezident se\u00e7kisinin n\u0259tic\u0259l\u0259ri r\u0259smi m\u0259lumatda haz\u0131rk\u0131 d\u00f6vl\u0259t ba\u015f\u00e7\u0131s\u0131 \u0130lham \u018fliyevin 92.12 faiz s\u0259s toplamas\u0131 il\u0259 qeyd olundu.<\/p>\n\n\n\n<p>\u018fvv\u0259lki se\u00e7kil\u0259rd\u0259n f\u0259rqli olaraq, MSK-n\u0131n m\u0259lumat\u0131nda \u0130lham \u018fliyevin ilk d\u0259f\u0259ydi 90+ s\u0259s toplad\u0131\u011f\u0131 bildirilirdi. Bel\u0259 ki, MSK onun 2018-ci ild\u0259 86.02 faiz, 2013-c\u00fc ild\u0259 84.54 faiz, 2008-ci ild\u0259 88.73 faiz, 2003-c\u00fc ild\u0259 76.84 faiz toplad\u0131\u011f\u0131n\u0131 qeyd etmi\u015fdi.<\/p>\n\n\n\n<p>2003 v\u0259 2013-c\u00fc il se\u00e7kil\u0259rind\u0259 m\u00fcxalif\u0259t d\u0259 se\u00e7ki yar\u0131\u015f\u0131nda i\u015ftirak etdiyind\u0259n h\u0259min se\u00e7kil\u0259rd\u0259 \u018fliyevin n\u0259tic\u0259l\u0259ri dig\u0259r ill\u0259rd\u0259ki se\u00e7ki yar\u0131\u015flar\u0131ndan bir q\u0259d\u0259r azd\u0131r. 2003-c\u00fc il Prezident se\u00e7kisind\u0259 M\u00fcsavat Partiyas\u0131n\u0131n ba\u015fqan\u0131 \u0130sa Q\u0259mb\u0259r, AM\u0130P s\u0259dri Etibar M\u0259mm\u0259dov v\u0259 Liberal Partiyas\u0131n\u0131n s\u0259dri Lal\u0259 \u015e\u00f6vk\u0259t Hac\u0131yeva \u018fliyev\u0259 qar\u015f\u0131 m\u00fcxalif namiz\u0259d idi. 2013-c\u00fc il se\u00e7kisind\u0259 is\u0259 m\u00fcxalif\u0259t vahid namiz\u0259d kimi Milli \u015euran\u0131n s\u0259dri C\u0259mil H\u0259s\u0259nlini d\u0259st\u0259kl\u0259di.<\/p>\n\n\n\n<p>Bu il m\u00fcxalif\u0259t se\u00e7kil\u0259rd\u0259 i\u015ftirak etm\u0259di.Az\u0259rbaycan Xalq C\u0259bh\u0259si v\u0259 M\u00fcsavat partiyalar\u0131 bunu b\u0259rab\u0259r r\u0259qab\u0259tli se\u00e7ki imkan\u0131n\u0131n olmamas\u0131 v\u0259 siyasi repressiyalar\u0131n davam etm\u0259si il\u0259 izah etdil\u0259r.<\/p>\n\n\n<div class=\"wp-block-image\">\n<figure class=\"alignright size-large is-resized\"><img decoding=\"async\" data-src=\"https:\/\/www.meydan.tv\/wp-content\/uploads\/\/arif_hacili-1200x800.jpg\" alt=\"\" style=\"--smush-placeholder-width: 1200px; --smush-placeholder-aspect-ratio: 1200\/800;width:343px;height:auto\" src=\"data:image\/svg+xml;base64,PHN2ZyB3aWR0aD0iMSIgaGVpZ2h0PSIxIiB4bWxucz0iaHR0cDovL3d3dy53My5vcmcvMjAwMC9zdmciPjwvc3ZnPg==\" class=\"lazyload\" \/><figcaption class=\"wp-element-caption\">Foto: Meydan TV<\/figcaption><\/figure>\n<\/div>\n\n\n<p><em>\u201cUzun m\u00fcdd\u0259tdir ki, \u00f6lk\u0259d\u0259 demokratik se\u00e7kil\u0259rin ke\u00e7irilm\u0259sin\u0259 imkan ver\u0259n demokratik m\u00fchit m\u00f6vcud deyil. Bel\u0259 ki, 200-d\u0259n art\u0131q siyasi m\u0259hbus var, s\u0259rb\u0259st topla\u015fma azadl\u0131\u011f\u0131 dem\u0259k olar ki, l\u0259\u011fv olunub, s\u00f6z v\u0259 ifad\u0259 azadl\u0131\u011f\u0131 t\u0259qib alt\u0131ndad\u0131r. T\u0259bii ki, bel\u0259 olan \u015f\u0259raitd\u0259 v\u0259 x\u00fcsusil\u0259 b\u0259rab\u0259rh\u00fcquqlu siyasi r\u0259qab\u0259tin olmad\u0131\u011f\u0131 \u015f\u0259raitd\u0259 h\u0259r hans\u0131 bir demokratik se\u00e7kil\u0259rin ke\u00e7irilm\u0259si qeyri-m\u00fcmk\u00fcnd\u00fcr. Bundan ba\u015fqa, se\u00e7kil\u0259rin demokratikliyi \u00fc\u00e7\u00fcn vacib olan \u0259n ciddi amill\u0259rd\u0259n biri qanunvericilik bazas\u0131d\u0131r. Az\u0259rbaycan\u0131n Se\u00e7ki M\u0259c\u0259ll\u0259si demokratik se\u00e7kil\u0259r ke\u00e7irm\u0259y\u0259 imkan vermir. M\u0259n yaln\u0131z bir m\u0259qama toxunmaq ist\u0259yir\u0259m, yaln\u0131z se\u00e7ki komissiyalar\u0131n\u0131n formala\u015fmas\u0131 qaydas\u0131 v\u0259 se\u00e7ki komissiyalar\u0131n\u0131n tam \u015f\u0259kild\u0259 hakim partiyan\u0131n, hakim siyasi q\u00fcvv\u0259nin n\u0259zar\u0259ti alt\u0131nda olmas\u0131 art\u0131q bu se\u00e7kil\u0259rin demokratikliyin\u0259 imkan vermir\u201d, <\/em>&#8211; M\u00fcsavat ba\u015fqan\u0131 Arif Hac\u0131l\u0131 art\u0131q se\u00e7kil\u0259rd\u0259n sonra Meydan TV-y\u0259 m\u00fcsahib\u0259sind\u0259 dedi. &nbsp;<\/p>\n\n\n\n<h4 class=\"wp-block-heading\"><strong>Se\u00e7ki pozuntular\u0131: mediaya mane\u0259l\u0259r, \u201ekarusel\u201c, qutulara topa b\u00fclletenl\u0259r<\/strong><\/h4>\n\n\n\n<p>\u018flb\u0259tt\u0259, \u0259vv\u0259lki se\u00e7kil\u0259rd\u0259 oldu\u011fu kimi se\u00e7ki g\u00fcn\u00fc d\u0259 pozuntularla m\u00fc\u015fahid\u0259 edildi. Amma bu pozuntular\u0131n \u0259sas\u0131 se\u00e7kid\u0259n xeyli \u0259vv\u0259l, media v\u0259 siyasi partiyalar haqda qanunlar q\u0259bul edil\u0259nd\u0259 qoyulmu\u015fdu. <\/p>\n\n\n<div class=\"wp-block-image\">\n<figure class=\"alignleft size-large\"><img decoding=\"async\" data-src=\"https:\/\/www.meydan.tv\/wp-content\/uploads\/\/2024-02-07t124420z_588707775_mt1anadl000swq5gv_rtrmadp_3_anadolu_720-400x267.jpg\" alt=\"\" src=\"data:image\/svg+xml;base64,PHN2ZyB3aWR0aD0iMSIgaGVpZ2h0PSIxIiB4bWxucz0iaHR0cDovL3d3dy53My5vcmcvMjAwMC9zdmciPjwvc3ZnPg==\" class=\"lazyload\" style=\"--smush-placeholder-width: 400px; --smush-placeholder-aspect-ratio: 400\/267;\" \/><figcaption class=\"wp-element-caption\">Foto: Anadolu\\Reuters<\/figcaption><\/figure>\n<\/div>\n\n\n<p>M\u0259s\u0259l\u0259n, media haqda yeni qanunvericilik jurnalistl\u0259rin reyestrd\u0259n ke\u00e7m\u0259si t\u0259l\u0259bini qoydu\u011fundan se\u00e7ki m\u0259nt\u0259q\u0259 komissiyalar\u0131 bundan istifad\u0259 etdil\u0259r. Konkret olaraq, m\u00fcst\u0259qil jurnalist Lida Abbasl\u0131ya se\u00e7ki g\u00fcn\u00fc s\u0259h\u0259r saatlar\u0131nda 8 sayl\u0131 dair\u0259nin 36 sayl\u0131 m\u0259nt\u0259q\u0259sind\u0259 (276 n\u00f6mr\u0259li m\u0259kt\u0259b) \u00e7\u0259kili\u015f aparma\u011fa izin verilm\u0259yib. Jurnalist bildirib ki, i\u00e7\u0259ri gir\u0259nd\u0259 ona kims\u0259 mane olmay\u0131b. Sonradan onun m\u00fc\u015fahid\u0259\u00e7i yox, jurnalist oldu\u011fu anla\u015f\u0131landa m\u0259nt\u0259q\u0259d\u0259n k\u0259narla\u015fd\u0131r\u0131l\u0131b:&nbsp;<\/p>\n\n\n\n<p><em>\u201c\u018fvv\u0259lc\u0259 bir n\u0259f\u0259r ki\u015fi yax\u0131nla\u015fd\u0131, kim oldu\u011fumu soru\u015fdu. Dedim ki, jurnalist\u0259m, prosesi i\u015f\u0131qland\u0131rma\u011fa g\u0259lmi\u015f\u0259m. Gedib bir qad\u0131n\u0131 \u00e7a\u011f\u0131rd\u0131. He\u00e7 hans\u0131 media qurumdan oldu\u011fumu bel\u0259 soru\u015fmadan, \u00e7\u0259kili\u015f ed\u0259 bilm\u0259y\u0259c\u0259yimi deyib, m\u0259nt\u0259q\u0259d\u0259n qovdular\u201d.&nbsp;<\/em><\/p>\n\n\n\n<p><em>Lida Abbasl\u0131 deyir ki, n\u0259 q\u0259d\u0259r izah etm\u0259y\u0259 \u00e7al\u0131\u015fsa da, onu dinl\u0259y\u0259n olmay\u0131b:&nbsp;<\/em><\/p>\n\n\n\n<p><em>\u201cJurnalist\u0259m, \u00e7\u0259kili\u015f \u00fc\u00e7\u00fcn izin almal\u0131 deyil\u0259m dedim, fikir verm\u0259dil\u0259r. M\u0259cbur, \u00e7\u0259kili\u015f\u0259 m\u0259nt\u0259q\u0259nin qar\u015f\u0131s\u0131nda davam etm\u0259li oldum. \u0130\u00e7\u0259rid\u0259n he\u00e7 bir g\u00f6r\u00fcnt\u00fc g\u00f6t\u00fcr\u0259 bilm\u0259dim\u201d.&nbsp;<\/em><\/p>\n\n\n\n<p>Media sah\u0259si \u00fczr\u0259 h\u00fcquq\u015f\u00fcnas \u018fl\u0259sg\u0259r M\u0259mm\u0259dli jurnalistin se\u00e7ki m\u0259nt\u0259q\u0259sind\u0259n k\u0259narla\u015fd\u0131r\u0131lmas\u0131n\u0131 qanunsuz v\u0259 qeyri-h\u00fcquqi davran\u0131\u015f adland\u0131r\u0131b:<\/p>\n\n\n\n<blockquote class=\"wp-block-quote is-layout-flow wp-block-quote-is-layout-flow\">\n<p><em>&#8220;\u00c7\u00fcnki Az\u0259rbaycanda median\u0131n se\u00e7kid\u0259 i\u015ftirak\u0131 Se\u00e7ki M\u0259c\u0259ll\u0259si il\u0259 t\u0259nziml\u0259nir. M\u0259c\u0259ll\u0259sinin 40.8, v\u0259 43-c\u00fc madd\u0259l\u0259rind\u0259 bu h\u00fcquq b\u00fct\u00fcn K\u0130V-l\u0259r\u0259 tan\u0131n\u0131b&#8221;.<\/em><\/p>\n<\/blockquote>\n\n\n\n<p>Baxmayaraq ki, M\u0259rk\u0259zi Se\u00e7ki Komissiyas\u0131n\u0131n (MSK) s\u0259dri M\u0259zahir P\u0259nahov el\u0259 se\u00e7ki g\u00fcn\u00fc jurnalistl\u0259r\u0259 s\u0259sl\u0259n\u0259r\u0259k, m\u0259nt\u0259q\u0259l\u0259rd\u0259 qar\u015f\u0131la\u015fd\u0131qlar\u0131 h\u0259r hans\u0131 problemi i\u015f\u0131qland\u0131rmaqdan \u00e7\u0259kinm\u0259m\u0259y\u0259 \u00e7a\u011f\u0131rm\u0131\u015fd\u0131, ox\u015far mane\u0259l\u0259r t\u0259krarland\u0131.&nbsp;<\/p>\n\n\n\n<p>\u201cTuran\u201d \u0130nformasiya Agentliyi yaz\u0131rd\u0131 ki, 18 sayl\u0131 N\u0259rimanov-Nizami-Bin\u0259q\u0259di se\u00e7ki dair\u0259sinin 19-cu m\u0259nt\u0259q\u0259sind\u0259 jurnalistl\u0259rl\u0259r\u0259 Media Reyestrind\u0259 qeydiyyatlar\u0131n\u0131n olmad\u0131\u011f\u0131n\u0131 \u0259sas g\u0259tir\u0259r\u0259k \u00e7\u0259kili\u015f\u0259 imkan verilm\u0259yib. 29 sayl\u0131 Sabun\u00e7u IV se\u00e7ki dair\u0259sinin 19 sayl\u0131 se\u00e7ki m\u0259nt\u0259q\u0259sind\u0259 d\u0259 jurnalistl\u0259rin f\u0259aliyy\u0259tin\u0259 mane\u00e7ilik yarad\u0131l\u0131b. Yasamal rayonunun 3-c\u00fc se\u00e7ki dair\u0259sind\u0259 \u201cTuran\u201d-\u0131n m\u00fcxbirini 8, 13, 12 v\u0259 29-cu m\u0259nt\u0259q\u0259l\u0259r\u0259 <a href=\"https:\/\/storage.googleapis.com\/qurium\/www.meydan.tv\/az-article-secki-menteqelerinde-jurnalistlerin-fealiyyetine-manee-yaradilir.html\">buraxmay\u0131blar<\/a>. <\/p>\n\n\n\n<p>Yaxud se\u00e7ki g\u00fcn\u00fc Bak\u0131n\u0131n 310 v\u0259 80 n\u00f6mr\u0259li m\u0259kt\u0259bl\u0259rind\u0259ki se\u00e7ki m\u0259nt\u0259q\u0259l\u0259rind\u0259 internetin verilm\u0259sind\u0259 m\u0259hdudiyy\u0259tl\u0259r yaran\u0131b. Jurnalistl\u0259rin bildirdiyin\u0259 g\u00f6r\u0259, n\u0259inki se\u00e7ki m\u0259nt\u0259q\u0259l\u0259rind\u0259 v\u0259 xeyli k\u0259narda da video \u00e7\u0259kili\u015fl\u0259ri, h\u0259tta \u201cWhatsApp\u201d \u00fcz\u0259rind\u0259n s\u0259s yaz\u0131lar\u0131n\u0131 g\u00f6nd\u0259rm\u0259k m\u00fcmk\u00fcn olmay\u0131b.&nbsp;<\/p>\n\n\n\n<figure class=\"wp-block-embed is-type-video is-provider-youtube wp-block-embed-youtube wp-embed-aspect-16-9 wp-has-aspect-ratio\"><div class=\"wp-block-embed__wrapper\">\n<iframe title=\"\u041f\u043e\u0431\u0435\u0434\u0430 \u0410\u043b\u0438\u0435\u0432\u0430 \u043d\u0430 \u0444\u043e\u043d\u0435 \u0440\u0435\u043f\u0440\u0435\u0441\u0441\u0438\u0439 \u0438 \u0444\u0430\u043b\u044c\u0441\u0438\u0444\u0438\u043a\u0430\u0446\u0438\u0439\" width=\"1200\" height=\"675\" data-src=\"https:\/\/www.youtube.com\/embed\/L72d1IY5xmM?feature=oembed\" frameborder=\"0\" allow=\"accelerometer; autoplay; clipboard-write; encrypted-media; gyroscope; picture-in-picture; web-share\" referrerpolicy=\"strict-origin-when-cross-origin\" allowfullscreen src=\"data:image\/svg+xml;base64,PHN2ZyB3aWR0aD0iMSIgaGVpZ2h0PSIxIiB4bWxucz0iaHR0cDovL3d3dy53My5vcmcvMjAwMC9zdmciPjwvc3ZnPg==\" class=\"lazyload\" data-load-mode=\"1\"><\/iframe>\n<\/div><figcaption class=\"wp-element-caption\"><em>&#8220;Kavkazski Uzel&#8221;in &#8220;\u018fliyevin repressiyalar v\u0259 saxtala\u015fd\u0131rmalar fonunda q\u0259l\u0259b\u0259si&#8221; adl\u0131 videosu<\/em><\/figcaption><\/figure>\n\n\n\n<p>Meydan TV-nin F\u00fczulid\u0259ki \u0259m\u0259kda\u015f\u0131 is\u0259 1 g\u00fcn \u0259vv\u0259l, fevral\u0131n 6-dan rayonda internetin verilm\u0259sind\u0259 m\u0259hdudiyy\u0259tl\u0259rin yarand\u0131\u011f\u0131n\u0131 bildirmi\u015fdi:&nbsp;<\/p>\n\n\n\n<p><em>\u201c\u0130stifad\u0259 etdiyim h\u0259r iki mobil operator \u201cNar\u201d v\u0259 \u201cBakcell\u201din interneti i\u015fl\u0259m\u0259di. H\u0259tta \u201cBakcell\u201d rouminq\u0259 ke\u00e7di. T\u0259xmin\u0259n bir saat sonra internet b\u0259rpa olunsa da, verili\u015fi \u00e7ox z\u0259if idi\u201d. <\/em><\/p>\n\n\n<div class=\"wp-block-image\">\n<figure class=\"alignright size-large\"><img decoding=\"async\" data-src=\"https:\/\/www.meydan.tv\/wp-content\/uploads\/\/img_2194-400x225.jpg\" alt=\"\" src=\"data:image\/svg+xml;base64,PHN2ZyB3aWR0aD0iMSIgaGVpZ2h0PSIxIiB4bWxucz0iaHR0cDovL3d3dy53My5vcmcvMjAwMC9zdmciPjwvc3ZnPg==\" class=\"lazyload\" style=\"--smush-placeholder-width: 400px; --smush-placeholder-aspect-ratio: 400\/225;\" \/><figcaption class=\"wp-element-caption\">Foto: Meydan TV<\/figcaption><\/figure>\n<\/div>\n\n\n<p>Amma M\u0259rk\u0259zi Se\u00e7ki Komissiyas\u0131n\u0131n (MSK) Media v\u0259 ictimai \u0259laq\u0259l\u0259r \u015f\u00f6b\u0259sinin m\u00fcdiri \u015eahin \u018fs\u0259dli Meydan TV-y\u0259 bildirdi ki, internetin xidm\u0259tin\u0259 m\u00fcdaxil\u0259 edilm\u0259si il\u0259 \u0259laq\u0259dar \u015fikay\u0259t almay\u0131b.&nbsp;<\/p>\n\n\n\n<p><em>\u201cM\u0259n 310 v\u0259 80 n\u00f6mr\u0259li m\u0259kt\u0259bl\u0259rl\u0259 \u0259laq\u0259 saxlad\u0131m. Bildirdil\u0259r ki, internetin verilm\u0259sind\u0259 he\u00e7 bir problem yoxdur. \u00dcmumiyy\u0259tl\u0259, bel\u0259 bir problemin olmas\u0131 m\u00fcmk\u00fcn deyil\u201d<\/em>, \u2013 MSK s\u00f6z\u00e7\u00fcs\u00fc <a href=\"https:\/\/storage.googleapis.com\/qurium\/www.meydan.tv\/az-article-azerbaycanda-secki-gunu-internetde-problemlerin-yarandigi-bildirilir.html\">dedi<\/a>.<\/p>\n\n\n\n<p>Se\u00e7ki g\u00fcn\u00fc bir s\u0131ra m\u0259nt\u0259q\u0259l\u0259rd\u0259 qutulara topa b\u00fclletenl\u0259rin at\u0131lmas\u0131n\u0131n, &#8220;karusel&#8221; hallar\u0131n\u0131n videog\u00f6r\u00fcnt\u00fcl\u0259ri yay\u0131l\u0131b, m\u0259s\u0259l\u0259n, 23 sayl\u0131 dair\u0259nin 3-c\u00fc m\u0259nt\u0259q\u0259sind\u0259 bel\u0259 <a href=\"https:\/\/www.meydan.tv\/az\/article\/azerbaycanda-prezident-seckileri-kecirilir-canli-bloq\/\">ya\u015fan\u0131b<\/a>.<\/p>\n\n\n\n<figure class=\"wp-block-pullquote\"><blockquote><p><strong>AT\u018fT-in Se\u00e7ki M\u00fc\u015fahid\u0259 Missiyas\u0131n\u0131n ilkin r\u0259yi: 113 m\u0259nt\u0259q\u0259nin yar\u0131dan \u00e7oxunda (61) s\u0259sl\u0259rin say\u0131m\u0131 m\u0259nfidir<\/strong><\/p><\/blockquote><\/figure>\n\n\n\n<p>Se\u00e7kid\u0259n 1 g\u00fcn sonra, fevral\u0131n 8-d\u0259 AT\u018fT-in Demokratik T\u0259sisatlar v\u0259 \u0130nsan H\u00fcquqlar\u0131 B\u00fcrosunun (DT\u0130HB) Se\u00e7ki M\u00fc\u015fahid\u0259 Missiyas\u0131 (SMM) ilkin r\u0259yini a\u00e7\u0131qlay\u0131b.&nbsp;<\/p>\n\n\n\n<p>S\u0259n\u0259dd\u0259 113 m\u0259nt\u0259q\u0259nin yar\u0131dan \u00e7oxunda (61) s\u0259sl\u0259rin say\u0131m\u0131 m\u0259nfi <a href=\"http:\/\/chrome-extension:\/\/efaidnbmnnnibpcajpcglclefindmkaj\/https:\/\/www.osce.org\/files\/f\/documents\/a\/3\/562518.pdf\">qiym\u0259tl\u0259ndirilib<\/a>:<\/p>\n\n\n\n<p><em>&#8220;M\u00fc\u015fahid\u0259si apar\u0131lan m\u0259nt\u0259q\u0259l\u0259rin t\u0259xmin\u0259n yar\u0131s\u0131nda (53) s\u0259sl\u0259rin say\u0131lmas\u0131n\u0131n \u015f\u0259ffafl\u0131\u011f\u0131 pozulub, 36 halda m\u00fc\u015fahid\u0259\u00e7il\u0259rin he\u00e7 d\u0259 ham\u0131s\u0131 b\u00fclletend\u0259ki se\u00e7ici i\u015far\u0259l\u0259rini ayd\u0131n g\u00f6r\u0259 bilm\u0259yib v\u0259 29-da is\u0259 hesablama prosedurlar\u0131n\u0131 izl\u0259y\u0259 bilm\u0259yibl\u0259r. M\u00fc\u015fahid\u0259si apar\u0131lan m\u0259nt\u0259q\u0259l\u0259rin be\u015fd\u0259 birind\u0259 (26) BSMM m\u00fc\u015fahid\u0259\u00e7il\u0259ri s\u0259sl\u0259rin say\u0131lmas\u0131 prosedurlar\u0131n\u0131 m\u0259hdudiyy\u0259tsiz m\u00fc\u015fahid\u0259 ed\u0259 bilm\u0259yibl\u0259r, 21 halda MnSK t\u0259r\u0259find\u0259n onlara tam \u0259m\u0259kda\u015fl\u0131q n\u00fcmayi\u015f etdirilm\u0259yib v\u0259 bir ne\u00e7\u0259 halda protokollar\u0131n doldurulmas\u0131 prosesi ba\u015flamas\u0131 s\u0259b\u0259bi il\u0259 BSMM m\u00fc\u015fahid\u0259\u00e7il\u0259rind\u0259n se\u00e7ki m\u0259nt\u0259q\u0259sinin binas\u0131n\u0131 t\u0259rk etm\u0259l\u0259ri t\u0259l\u0259b olunub. M\u00fc\u015fahid\u0259si apar\u0131lan m\u0259nt\u0259q\u0259l\u0259rin 25-d\u0259 komissiya \u00fczvl\u0259ri t\u0259r\u0259find\u0259n uzun fasil\u0259l\u0259r verilmi\u015f v\u0259 9 halda bu fasil\u0259l\u0259r zaman\u0131 materiallar m\u00fc\u015fahid\u0259\u00e7il\u0259rin v\u0259 n\u00fcmay\u0259nd\u0259l\u0259rin tam n\u0259z\u0259rind\u0259 qalmam\u0131\u015fd\u0131r. Protokolun sur\u0259ti m\u00fc\u015fahid\u0259 edil\u0259n se\u00e7ki m\u0259nt\u0259q\u0259l\u0259rinin yar\u0131s\u0131ndan az\u0131nda (43) m\u00fcvafiq qaydada d\u0259rc edilib&#8221;.&nbsp;<\/em><\/p>\n\n\n\n<p>H\u0259m\u00e7inin r\u0259yd\u0259 deyilirdi ki, proses s\u0259m\u0259r\u0259li \u015f\u0259kild\u0259 haz\u0131rlansa da, t\u0259nqidi s\u0259sl\u0259r v\u0259 siyasi alternativl\u0259r olmay\u0131b. Bundan \u0259lav\u0259 namiz\u0259dl\u0259r aras\u0131nda v\u0259 b\u00fct\u00fcnl\u00fckd\u0259 Az\u0259rbaycan\u0131n siyasi h\u0259yat\u0131nda qad\u0131nlar\u0131n olmad\u0131\u011f\u0131 qeyd edilib.<\/p>\n\n\n<div class=\"wp-block-image\">\n<figure class=\"alignleft size-large\"><img decoding=\"async\" data-src=\"https:\/\/www.meydan.tv\/wp-content\/uploads\/\/img_3173-365x274.jpg\" alt=\"\" src=\"data:image\/svg+xml;base64,PHN2ZyB3aWR0aD0iMSIgaGVpZ2h0PSIxIiB4bWxucz0iaHR0cDovL3d3dy53My5vcmcvMjAwMC9zdmciPjwvc3ZnPg==\" class=\"lazyload\" style=\"--smush-placeholder-width: 365px; --smush-placeholder-aspect-ratio: 365\/274;\" \/><figcaption class=\"wp-element-caption\">Foto: Meydan TV<\/figcaption><\/figure>\n<\/div>\n\n\n<p>DT\u0130HB missiyas\u0131n\u0131n r\u0259hb\u0259ri Eoqan M\u00f6rfi ke\u00e7irdiyi m\u0259tbuat konfrans\u0131nda vur\u011fulay\u0131b ki, \u00f6lk\u0259 \u00fc\u00e7\u00fcn vacib olan bu se\u00e7kid\u0259 namiz\u0259dl\u0259rd\u0259n he\u00e7 biri haz\u0131rk\u0131 Prezident\u0259 inand\u0131r\u0131c\u0131 \u015f\u0259kild\u0259 etiraz etm\u0259yib:&nbsp;<\/p>\n\n\n\n<p><em>\u201cB\u0259zi m\u00fcxalif\u0259t partiyalar\u0131 adekvat demokratik \u015f\u0259raitin olmad\u0131\u011f\u0131n\u0131 iddia ed\u0259r\u0259k \u00fcmumiyy\u0259tl\u0259 i\u015ftirak etm\u0259dil\u0259r\u201d.<\/em><\/p>\n\n\n\n<p><em>\u201cSe\u00e7kiy\u0259 haz\u0131rl\u0131q s\u0259m\u0259r\u0259li v\u0259 pe\u015f\u0259kar olsa da, se\u00e7ki g\u00fcn\u00fc m\u00fch\u00fcm t\u0259minatlara \u00e7ox vaxt m\u0259h\u0259l qoyulmur v\u0259 biz g\u00fcn \u0259rzind\u0259 \u0259sasl\u0131 prosedur s\u0259hvl\u0259ri m\u00fc\u015fahid\u0259 edirdik. Bu, demokratik se\u00e7ki standartlar\u0131na uy\u011fun deyil\u201d<\/em>, \u2013 M\u00f6rfi bel\u0259 <a href=\"https:\/\/www.meydan.tv\/az\/article\/atet-secki-ile-bagli-reyini-aciqladi-tezyiq-altinda-olmadigini-dedi\/\">deyib<\/a>.<\/p>\n\n\n\n<p>DT\u0130HB missiyas\u0131n\u0131n r\u0259hb\u0259ri Eoqan M\u00f6rfi onu da bildirib ki, yekun n\u0259tic\u0259ni 1 ay sonra a\u00e7\u0131qlayacaqlar v\u0259 s\u0259n\u0259dd\u0259 t\u00f6vsiy\u0259l\u0259r d\u0259 yer alacaq.<\/p>\n\n\n\n<p>Ancaq M\u00fcst\u0259qil D\u00f6vl\u0259tl\u0259r Birliyi Parlament Assambleyas\u0131, T\u00fcrk D\u00f6vl\u0259tl\u0259ri Parlament Assambleyas\u0131 v\u0259 \u0130slam \u018fm\u0259kda\u015fl\u0131q T\u0259\u015fkilat\u0131 (\u0130\u018fT) se\u00e7kinin beyn\u0259lxalq standartlara, insan h\u00fcquqlar\u0131 konvensiyalar\u0131na, eyni zamanda, siyasi v\u0259 m\u00fclki haqlar\u0131n tan\u0131nmas\u0131na uy\u011fun olmas\u0131 bar\u0259d\u0259 b\u0259yanatlar yayd\u0131lar.<\/p>\n\n\n\n<p>M\u00fcst\u0259qil D\u00f6vl\u0259tl\u0259r Birliyi Parlament Assambleyas\u0131 s\u0259dri Jakip Asanov ke\u00e7irdiyi m\u0259tbuat konfrans\u0131nda deyib:<\/p>\n\n\n\n<p><em>&#8220;Se\u00e7kil\u0259r zaman\u0131 gizli s\u0259sverm\u0259 \u00fc\u00e7\u00fcn b\u00fct\u00fcn \u015f\u0259rait v\u0259 azadl\u0131q t\u0259min edilmi\u015fdir. Bel\u0259likl\u0259, Az\u0259rbaycanda se\u00e7ki qanunvericiliyi beyn\u0259lxalq standartlara tamamil\u0259 cavab verir&#8221;.<\/em><\/p>\n\n\n\n<p>AB\u015e-\u0131n Az\u0259rbaycandak\u0131 s\u0259firliyi fevral\u0131n 7-d\u0259 ke\u00e7iril\u0259n n\u00f6vb\u0259d\u0259nk\u0259nar Prezident se\u00e7kisind\u0259 h\u0259qiqi r\u0259qab\u0259tin olmad\u0131\u011f\u0131n\u0131 qeyd edib. S\u0259firlik AT\u018fT-in Demokratik T\u0259sisatlar v\u0259 \u0130nsan H\u00fcquqlar\u0131 B\u00fcrosunun (DT\u0130HB) monitorinq missiyas\u0131n\u0131n m\u00f6vqeyini v\u0259 narahatl\u0131qlar\u0131n\u0131 b\u00f6l\u00fc\u015fd\u00fcy\u00fcn\u00fc bildirib:<\/p>\n\n\n\n<p><em>&#8220;Az\u0259rbaycan \u00f6z Konstitusiyas\u0131nda v\u0259 beyn\u0259lxalq \u00f6hd\u0259likl\u0259rind\u0259 fundamental azadl\u0131qlar\u0131n v\u0259 demokratik prosesl\u0259rin d\u0259st\u0259kl\u0259nm\u0259sin\u0259 sadiqliyini ifad\u0259 edib&#8221;.<\/em><\/p>\n\n\n\n<p>S\u0259firlik h\u00f6kum\u0259t\u0259 <a href=\"https:\/\/www.meydan.tv\/az\/article\/abs-azerbaycani-atet-in-tovsiyelerini-yerine-yetirmeye-cagirdi\/\">\u00e7a\u011f\u0131r\u0131\u015f edib<\/a>:<\/p>\n\n\n\n<blockquote class=\"wp-block-quote is-layout-flow wp-block-quote-is-layout-flow\">\n<p><em> \u201cBiz Az\u0259rbaycan\u0131 bu \u00f6hd\u0259likl\u0259ri v\u0259 AT\u018fT-in DT\u0130HB-nin \u0259vv\u0259lki v\u0259 g\u0259l\u0259c\u0259k t\u00f6vsiy\u0259l\u0259rini yerin\u0259 yetirm\u0259y\u0259 \u00e7a\u011f\u0131r\u0131r\u0131q\u201d.<\/em><\/p>\n<\/blockquote>\n\n\n\n<p>B\u00f6y\u00fck Britaniyan\u0131n Xarici \u0130\u015fl\u0259r Nazirliyi fevral\u0131n 7-d\u0259 ke\u00e7irilmi\u015f n\u00f6vb\u0259d\u0259nk\u0259nar Prezident se\u00e7kil\u0259ri il\u0259 ba\u011fl\u0131 b\u0259yanat yay\u0131b.<\/p>\n\n\n\n<p>Nazirlik Az\u0259rbaycan M\u0259rk\u0259zi Se\u00e7ki Komissiyas\u0131 t\u0259r\u0259find\u0259n se\u00e7ki \u015fikay\u0259tl\u0259rin\u0259 bax\u0131lmas\u0131 \u00fc\u00e7\u00fcn Ekspert Qrupunun yarad\u0131lmas\u0131n\u0131 v\u0259 se\u00e7kinin sakit ke\u00e7m\u0259sini, m\u0259cburi k\u00f6\u00e7k\u00fcnl\u0259rin \u00f6z tarixi se\u00e7ki dair\u0259l\u0259rind\u0259 s\u0259s ver\u0259 bilm\u0259sini alq\u0131\u015flay\u0131b.<\/p>\n\n\n\n<p>Bununla bel\u0259, B\u00f6y\u00fck Britaniyan\u0131n Xarici \u0130\u015fl\u0259r Nazirliyi se\u00e7kinin m\u0259hdudla\u015fd\u0131r\u0131c\u0131, h\u0259qiqi siyasi alternativl\u0259rin olmad\u0131\u011f\u0131 bir \u015f\u0259raitd\u0259 ke\u00e7irilm\u0259si il\u0259 ba\u011fl\u0131 bir s\u0131ra narahatl\u0131q do\u011furan m\u0259s\u0259l\u0259l\u0259ri b\u00f6l\u00fc\u015fd\u00fcy\u00fcn\u00fc a\u00e7\u0131qlay\u0131b:<\/p>\n\n\n\n<p><em>\u201cCiddi pozuntular m\u00fc\u015fahid\u0259 edilmi\u015fdir ki, onlardan b\u0259zil\u0259ri bir s\u0131ra insan h\u00fcquqlar\u0131 v\u0259 \u0259sas azadl\u0131qlar\u0131 \u0259ks etdir\u0259n 1990-c\u0131 il Kopenhagen S\u0259n\u0259din\u0259 ziddir\u201d<\/em>.<\/p>\n\n\n\n<p><em>\u201cAT\u018fT-in DT\u0130HB-i se\u00e7ki prosesl\u0259rinin \u0259dal\u0259tli qiym\u0259tl\u0259ndirilm\u0259sinin t\u0259min edilm\u0259sind\u0259 m\u00fch\u00fcm rol oynay\u0131r v\u0259 B\u00f6y\u00fck Britaniya Az\u0259rbaycan\u0131 \u00f6z yekun t\u00f6vsiy\u0259l\u0259rini d\u0259rc edildikd\u0259n sonra h\u0259yata ke\u00e7irm\u0259k \u00fc\u00e7\u00fcn t\u0259\u015fkilatla i\u015fl\u0259m\u0259y\u0259 q\u0259tiyy\u0259tl\u0259 t\u0259\u015fviq edir. Az\u0259rbaycan B\u00f6y\u00fck Britaniya \u00fc\u00e7\u00fcn m\u00fch\u00fcm t\u0259r\u0259fda\u015fd\u0131r v\u0259 biz onlar\u0131n se\u00e7ki islahatlar\u0131n\u0131 v\u0259 demokratik prosesin t\u0259kmill\u0259\u015fdirilm\u0259sini d\u0259st\u0259kl\u0259m\u0259y\u0259 haz\u0131r\u0131q\u201d<\/em>, \u2013 dey\u0259 b\u0259yanatda <a href=\"https:\/\/www.meydan.tv\/az\/article\/boyuk-britaniya-azerbaycandaki-seckiler-alternativsiz-kecirilib\/\">qeyd olunur<\/a>.<\/p>\n\n\n\n<h4 class=\"wp-block-heading\"><strong>Yerli t\u0259\u015fkilatlar b\u0259yanat yayd\u0131lar<\/strong><\/h4>\n\n\n\n<p>Se\u00e7kil\u0259rin Monitorinqi v\u0259 Demokratiyan\u0131n T\u0259drisi M\u0259rk\u0259zi (SMDT) se\u00e7ki g\u00fcn\u00fc m\u0259nt\u0259q\u0259l\u0259rin t\u0259\u015fkili v\u0259 s\u0259sverm\u0259y\u0259 haz\u0131rl\u0131qla ba\u011fl\u0131 c\u00fczi \u00e7at\u0131\u015fmazl\u0131qlar qeyd\u0259 alsa da, s\u0259sverm\u0259 v\u0259 s\u0259sl\u0259rin say\u0131lmas\u0131 prosesind\u0259 \u0259n\u0259n\u0259vi \u00e7at\u0131\u015fmazl\u0131qlar\u0131n m\u00fc\u015fahid\u0259 olundu\u011funu bildirib:<\/p>\n\n\n\n<p><em>\u201cBu c\u00fcr pozuntulara adlar\u0131 se\u00e7ici siyah\u0131s\u0131nda olmayan \u015f\u0259xsl\u0259rin s\u0259sverm\u0259d\u0259 i\u015ftirak\u0131, s\u0259sverm\u0259y\u0259 v\u0259t\u0259nda\u015flar\u0131n qrup hal\u0131nda g\u0259tirilm\u0259si v\u0259 yerli icra strukturlar\u0131n\u0131n se\u00e7ki prosesin\u0259 m\u00fcdaxil\u0259si hallar\u0131 daxildir. B\u0259zi se\u00e7ki m\u0259nt\u0259q\u0259l\u0259rind\u0259 bir \u015f\u0259xsin bir ne\u00e7\u0259 d\u0259f\u0259 s\u0259sverm\u0259si v\u0259 s\u0259sverm\u0259nin gizliliyinin pozulmas\u0131 hallar\u0131 qeyd\u0259 al\u0131n\u0131b. Se\u00e7ki g\u00fcn\u00fc h\u0259m\u00e7inin b\u0259zi se\u00e7ki m\u0259nt\u0259q\u0259l\u0259rind\u0259 m\u00fc\u015fahid\u0259\u00e7il\u0259r\u0259 v\u0259 jurnalistl\u0259r\u0259 t\u0259zyiql\u0259r qeyd\u0259 al\u0131n\u0131b. Bu t\u0259zyiql\u0259r m\u0259nt\u0259q\u0259 se\u00e7ki komissiyalar\u0131 \u00fczvl\u0259rinin s\u0259sverm\u0259nin a\u015fkarl\u0131\u011f\u0131 v\u0259 \u015f\u0259ffafl\u0131\u011f\u0131 prinsipl\u0259rin\u0259 riay\u0259t etm\u0259m\u0259si \u015f\u0259raitind\u0259 ba\u015f verib\u201d. <\/em><\/p>\n\n\n<div class=\"wp-block-image\">\n<figure class=\"alignright size-large\"><img decoding=\"async\" data-src=\"https:\/\/www.meydan.tv\/wp-content\/uploads\/\/img_2138-400x225.jpg\" alt=\"\" src=\"data:image\/svg+xml;base64,PHN2ZyB3aWR0aD0iMSIgaGVpZ2h0PSIxIiB4bWxucz0iaHR0cDovL3d3dy53My5vcmcvMjAwMC9zdmciPjwvc3ZnPg==\" class=\"lazyload\" style=\"--smush-placeholder-width: 400px; --smush-placeholder-aspect-ratio: 400\/225;\" \/><figcaption class=\"wp-element-caption\">Foto: Meydan TV<\/figcaption><\/figure>\n<\/div>\n\n\n<p>SMDT hesab edir ki, Prezident se\u00e7kil\u0259rinin vaxt\u0131ndan 14 ay \u00f6nc\u0259y\u0259 t\u0259yin edilm\u0259si se\u00e7ki prosesind\u0259 b\u00fct\u00fcn maraql\u0131 t\u0259r\u0259fl\u0259rin, o c\u00fcml\u0259d\u0259n siyasi partiyalar v\u0259 prezidentliy\u0259 namiz\u0259dlik iddias\u0131nda olan \u015f\u0259xsl\u0259rin i\u015ftirak\u0131n\u0131, v\u0259t\u0259nda\u015f c\u0259miyy\u0259ti qurumlar\u0131 v\u0259 beyn\u0259lxalq se\u00e7ki m\u00fc\u015fahid\u0259 t\u0259\u015fkilatlar\u0131n\u0131n f\u0259aliyy\u0259tini \u00e7\u0259tinl\u0259\u015fdirib:<\/p>\n\n\n\n<p><em>\u201c7 fevral n\u00f6vb\u0259d\u0259nk\u0259nar Prezident se\u00e7kil\u0259ri sonuncu parlament se\u00e7kisind\u0259n 3 il sonraya t\u0259sad\u00fcf ets\u0259 d\u0259, \u00f6t\u0259n m\u00fcdd\u0259td\u0259 se\u00e7ki qanunvericiliyi v\u0259 se\u00e7ki t\u0259cr\u00fcb\u0259sinin t\u0259kmill\u0259\u015fdirilm\u0259si bar\u0259d\u0259 yerli v\u0259 beyn\u0259lxalq m\u00fc\u015fahid\u0259\u00e7il\u0259rin t\u00f6vsiy\u0259l\u0259rinin icras\u0131 \u00fc\u00e7\u00fcn Az\u0259rbaycan hakimiyy\u0259ti siyasi irad\u0259 n\u00fcmayi\u015f etdirm\u0259yib. Se\u00e7ki \u0259r\u0259f\u0259sind\u0259 \u00f6lk\u0259d\u0259 ifad\u0259 azadl\u0131\u011f\u0131, s\u0259rb\u0259st topla\u015fmaq v\u0259 birl\u0259\u015fm\u0259k azadl\u0131qlar\u0131na m\u0259hdudiyy\u0259tl\u0259r aradan qalxmay\u0131b, siyasi motivli h\u0259bsl\u0259rin say\u0131 is\u0259 art\u0131b. N\u0259tic\u0259d\u0259 \u00f6t\u0259n bir il \u0259rzind\u0259 siyasi partiyalar\u0131n say\u0131 iki d\u0259f\u0259 azal\u0131b, m\u00fcst\u0259qil v\u0259t\u0259nda\u015f c\u0259miyy\u0259ti qurumlar\u0131 v\u0259 m\u00fcst\u0259qil median\u0131n f\u0259aliyy\u0259tin\u0259 qada\u011falar, habel\u0259 jurnalistl\u0259r v\u0259 ictimai f\u0259allara qar\u015f\u0131 siyasi t\u0259qibl\u0259r \u00e7oxal\u0131b. Bununla da, v\u0259t\u0259nda\u015f c\u0259miyy\u0259ti qurumlar\u0131 v\u0259 siyasi partiyalar\u0131n se\u00e7kid\u0259 f\u0259al i\u015ftirak\u0131 \u00fc\u00e7\u00fcn \u0259lveri\u015fli demokratik m\u00fchit olmay\u0131b\u201d. <\/em><\/p>\n\n\n\n<p>M\u0259rk\u0259z h\u0259m\u00e7inin bildirib ki, se\u00e7ki \u00f6lk\u0259d\u0259 se\u00e7kil\u0259rl\u0259 ba\u011fl\u0131 siyasi ehtiyaclar \u00f6yr\u0259nilm\u0259d\u0259n, se\u00e7kil\u0259rin d\u00f6vriliyi prinsipi qorunmadan, b\u00fct\u00fcn ictimai-siyasi t\u0259r\u0259fl\u0259r \u00f6nc\u0259d\u0259n m\u0259lumatland\u0131r\u0131lmadan t\u0259yin edilib:<\/p>\n\n\n\n<p><em>\u201cSon ill\u0259rd\u0259 \u00f6lk\u0259d\u0259 siyasi dur\u011funluq daha da d\u0259rinl\u0259\u015fib, siyasi partiyalar\u0131n say\u0131 2 d\u0259f\u0259 azal\u0131b, m\u00fcst\u0259qil v\u0259t\u0259nda\u015f c\u0259miyy\u0259ti qurumlar\u0131 v\u0259 m\u00fcst\u0259qil median\u0131n f\u0259aliyy\u0259tin\u0259 qada\u011falar, habel\u0259 jurnalistl\u0259r v\u0259 ictimai f\u0259allara qar\u015f\u0131 t\u0259qibl\u0259r \u00e7oxal\u0131b. N\u0259tic\u0259d\u0259 v\u0259t\u0259nda\u015f c\u0259miyy\u0259ti qurumlar\u0131 v\u0259 siyasi partiyalar\u0131n 7 fevral n\u00f6vb\u0259d\u0259nk\u0259nar Prezident se\u00e7kil\u0259rind\u0259 f\u0259al i\u015ftirak\u0131 m\u00fcmk\u00fcn olmad\u0131\u011f\u0131ndan se\u00e7kid\u0259 v\u0259t\u0259nda\u015flar\u0131n azad irad\u0259sini ifad\u0259 olunmas\u0131 t\u0259min edilm\u0259yib\u201d. <\/em><\/p>\n\n\n\n<p>SMDT siyasi hakimiyy\u0259t\u0259 y\u00f6n\u0259lik t\u00f6vsiy\u0259l\u0259rini d\u0259 sadalay\u0131b:<\/p>\n\n\n\n<p><em>\u201c\u0130fad\u0259 azadl\u0131\u011f\u0131, s\u0259rb\u0259st topla\u015fmaq v\u0259 birl\u0259\u015fm\u0259k h\u00fcququnu t\u0259min edilm\u0259si y\u00f6n\u00fcnd\u0259 siyasi irad\u0259 n\u00fcmayi\u015f olunmal\u0131, \u00f6lk\u0259d\u0259ki siyasi dur\u011funlu\u011fun aradan qald\u0131r\u0131lmas\u0131 \u00fc\u00e7\u00fcn siyasi opponentl\u0259rin\u0259 t\u0259zyiql\u0259ri dayand\u0131rmal\u0131, azad media v\u0259 m\u00fcst\u0259qil v\u0259t\u0259nda\u015f c\u0259miyy\u0259tinin f\u0259aliyy\u0259tin\u0259 d\u00f6z\u00fcml\u00fc yana\u015fmal\u0131d\u0131r. Siyasi motivl\u0259rl\u0259 h\u0259bs edilmi\u015f ictimai f\u0259allar, jurnalistl\u0259r v\u0259 siyasi xadiml\u0259rin azad edilm\u0259si t\u0259min edilm\u0259li, \u00f6lk\u0259d\u0259 v\u0259t\u0259nda\u015f-d\u00f6vl\u0259t m\u00fcnasib\u0259tl\u0259rinin inki\u015faf\u0131 \u00fc\u00e7\u00fcn \u0259lveri\u015fli demokratik m\u00fchit yarad\u0131lmal\u0131d\u0131r\u201d.&nbsp;<\/em><\/p>\n\n\n\n<p><em>\u201cSe\u00e7ki M\u0259c\u0259ll\u0259si v\u0259 se\u00e7ki t\u0259cr\u00fcb\u0259sinin Avropa \u015euras\u0131n\u0131n Venesiya Komissiyas\u0131 v\u0259 AT\u018fT-in Demokratik T\u0259ssisatlar v\u0259 \u0130nsan H\u00fcquqlar\u0131 B\u00fcrosunun, habel\u0259 yerli ictimai-siyasi t\u0259\u015fkilatlar\u0131n t\u00f6vsiy\u0259l\u0259ri \u0259sas\u0131nda t\u0259kmill\u0259\u015fdirilm\u0259si y\u00f6n\u00fcnd\u0259 siyasi irad\u0259 n\u00fcmayi\u015f etdirilm\u0259lidir. Se\u00e7ki komissiyalar\u0131 se\u00e7ki g\u00fcn\u00fc qeyd\u0259 al\u0131nm\u0131\u015f pozuntu hallar\u0131 il\u0259 ba\u011fl\u0131 s\u0259lahiyy\u0259tli \u015f\u0259xsl\u0259rin m\u0259suliyy\u0259t\u0259 c\u0259lb olunmas\u0131 y\u00f6n\u00fcnd\u0259 m\u00fcvafiq q\u0259rarlar\u0131n\u0131 ictimaiyy\u0259t\u0259 \u00e7atd\u0131rmal\u0131d\u0131rlar. Se\u00e7ki komissiyalar\u0131 g\u0259l\u0259c\u0259kd\u0259 se\u00e7ki prosesind\u0259 a\u015fkarl\u0131\u011f\u0131n t\u0259min olunmas\u0131 il\u0259 ba\u011fl\u0131 s\u0259yl\u0259r n\u00fcmayi\u015f etdirm\u0259li, b\u00fct\u00fcn v\u0259t\u0259nda\u015flara se\u00e7ki prosesini he\u00e7 bir mane\u0259 olmadan m\u00fc\u015fahid\u0259si \u00fc\u00e7\u00fcn \u015f\u0259rait yaratmal\u0131d\u0131r\u201d<\/em>, \u2013 SMDT <a href=\"https:\/\/storage.googleapis.com\/qurium\/www.meydan.tv\/az-article-smdt-nin-seckilerle-bagli-ilkin-reyi-demokratik-muhit-olmayib.html\">b\u0259yan edib<\/a>.<\/p>\n\n\n\n<p>Se\u00e7ki M\u00fc\u015fahid\u0259 Alyans\u0131 (SMA) fevral\u0131n 9-da yayd\u0131\u011f\u0131 ilkin b\u0259yanat\u0131nda bildirib ki, Se\u00e7ki M\u0259c\u0259ll\u0259sinin t\u0259kmill\u0259\u015fdirilm\u0259si \u00fc\u00e7\u00fcn ill\u0259rdir t\u0259krar\u0259n veril\u0259n yerli v\u0259 beyn\u0259lxalq t\u00f6sviy\u0259l\u0259r bu d\u0259f\u0259 d\u0259 icra olunmayaraq qal\u0131b: <\/p>\n\n\n\n<p><em>\u201c2016-c\u0131 ild\u0259 Konstitusiyaya edilmi\u015f qeyri-demokratik \u0259lav\u0259l\u0259rd\u0259n istifad\u0259 edil\u0259r\u0259k se\u00e7kil\u0259rin erk\u0259n t\u0259yin olunmas\u0131 se\u00e7kil\u0259rin d\u00f6vriliyi prinsipini pozub. Se\u00e7kil\u0259r \u0259r\u0259f\u0259sind\u0259 m\u0259hdudla\u015fd\u0131r\u0131c\u0131 qanunlar, media v\u0259 v\u0259t\u0259nda\u015f c\u0259miyy\u0259ti n\u00fcmay\u0259nd\u0259l\u0259rin\u0259 qar\u015f\u0131 t\u0259zyiql\u0259r se\u00e7kil\u0259rin b\u00fct\u00f6vl\u00fcy\u00fc \u00fc\u00e7\u00fcn \u0259h\u0259miyy\u0259tli olan insan h\u00fcquq v\u0259 azadl\u0131qlar\u0131n\u0131n bo\u011fulmas\u0131na s\u0259b\u0259b olub, azad v\u0259 \u0259dal\u0259tli se\u00e7ki m\u00fchitini m\u00fcmk\u00fcns\u00fcz edib\u201d.<\/em><\/p>\n\n\n\n<p><em>\u201cR\u0259smi r\u0259q\u0259ml\u0259r aras\u0131nda se\u00e7icil\u0259rin say\u0131 il\u0259 ba\u011fl\u0131 uy\u011funsuzluqlar se\u00e7icil\u0259rin qeydiyyat\u0131 prosesind\u0259 d\u0259qiqliyi v\u0259 \u015f\u0259ffafl\u0131\u011f\u0131 sual alt\u0131na qoyub. MSK 7 fevralda ke\u00e7iril\u0259n se\u00e7kid\u0259 6476721 se\u00e7icinin qeyd\u0259 al\u0131nd\u0131\u011f\u0131n\u0131 b\u0259yan edib. Ancaq se\u00e7icil\u0259rin say\u0131 il\u0259 ba\u011fl\u0131 \u015f\u0259ffafl\u0131q t\u0259min olunmay\u0131b. Bel\u0259 ki, haz\u0131rk\u0131 r\u0259q\u0259m 2020-ci ild\u0259 ke\u00e7iril\u0259n Milli M\u0259clis\u0259 se\u00e7kil\u0259r zaman\u0131 qeyd\u0259 al\u0131nm\u0131\u015f r\u0259q\u0259md\u0259n \u0259h\u0259miyy\u0259tli d\u0259r\u0259c\u0259d\u0259 f\u0259rql\u0259nib. Bundan ba\u015fqa, MSK il\u0259 D\u00f6vl\u0259t Statistika Komit\u0259sinin se\u00e7ici say\u0131 il\u0259 ba\u011fl\u0131 t\u0259qdim etdiyi m\u0259lumatlar aras\u0131nda 2 milyondan \u00e7ox f\u0259rq qeyd\u0259 al\u0131n\u0131b. MSK birinci uy\u011funsuzlu\u011fu COVID-19 pandemiyas\u0131 v\u0259 Ukrayna m\u00fcharib\u0259si il\u0259 \u0259laq\u0259dar \u00f6lk\u0259y\u0259 qay\u0131dan \u015f\u0259xsl\u0259rin say\u0131 il\u0259 izah ets\u0259 d\u0259, \u00fcmumi m\u0259nz\u0259r\u0259d\u0259 uy\u011funsuzluqlar v\u0259 \u0259sasl\u0131 izah\u0131n \u00e7at\u0131\u015fmamas\u0131 bu m\u0259lumatlar\u0131n d\u00fczg\u00fcnl\u00fcy\u00fcn\u0259 v\u0259 prosesin \u015f\u0259ffafl\u0131\u011f\u0131na dair \u015f\u00fcbh\u0259l\u0259r yarad\u0131b\u201d<\/em>, \u2013 dey\u0259 qurum <a href=\"https:\/\/storage.googleapis.com\/qurium\/www.meydan.tv\/az-article-sma-seckileri-reqabetsiz-ve-qeyri-demokratik-adlandirdi.html\">bildirib<\/a>. <\/p>\n\n\n\n<p>SMA&nbsp; qeyd edib ki, ard\u0131c\u0131l 5-ci Prezident se\u00e7kisind\u0259 qad\u0131n namiz\u0259din olmamas\u0131 v\u0259 se\u00e7ki idar\u0259\u00e7iliyind\u0259 qad\u0131nlar\u0131n a\u015fa\u011f\u0131 i\u015ftirak\u0131 il\u0259 m\u00fc\u015fahid\u0259 edilib. Qad\u0131nlar\u0131n se\u00e7ki komissiyalar\u0131nda i\u015ftirak\u0131 iyerarxiya pill\u0259l\u0259rind\u0259 y\u00fcks\u0259ldikc\u0259 azal\u0131r, r\u0259hb\u0259r v\u0259zif\u0259l\u0259rd\u0259 is\u0259 x\u00fcsusil\u0259 az qad\u0131nlara rastlan\u0131r. Etnik qruplar\u0131n m\u00fcxt\u0259lif hesabatlarda \u0259halinin t\u0259xmin\u0259n 10 faizini t\u0259\u015fkil etdiyi bildirils\u0259 d\u0259, se\u00e7ki kampaniyalar\u0131 zaman\u0131 onlarla ba\u011fl\u0131 m\u0259s\u0259l\u0259l\u0259r\u0259 toxunulmur. Bununla bel\u0259 missiya prezidentliy\u0259 namiz\u0259dl\u0259r t\u0259r\u0259find\u0259n he\u00e7 bir etnik qrupu h\u0259d\u0259f alan, zorak\u0131l\u0131q v\u0259 ya ayr\u0131-se\u00e7kilik t\u0259\u015fviq ed\u0259n ritorika m\u00fc\u015fahid\u0259 etm\u0259yib. <\/p>\n\n\n\n<p>Bu t\u0259\u015fkilatlardan f\u0259rqli olaraq &#8220;M\u0259nim s\u0259sim&#8221; Se\u00e7ki Monitorinq Koalisiyas\u0131 v\u0259 &#8220;Sivil Toplum&#8221; Monitorinq Koalisiyas\u0131 is\u0259 7 fevral n\u00f6vb\u0259d\u0259nk\u0259nar Prezident se\u00e7kisini demokratik adland\u0131r\u0131b.<\/p>\n\n\n\n<p>&#8220;M\u0259nim s\u0259sim&#8221; Se\u00e7ki Monitorinq Koalisiyas\u0131n\u0131n yayd\u0131\u011f\u0131 b\u0259yanatda bildirilirdi ki, 3 qeyri-h\u00f6kum\u0259t t\u0259\u015fkilat\u0131 \u2013 \u201cDilar\u0259 \u018fliyeva ad\u0131na Az\u0259rbaycan Qad\u0131nlar\u0131n\u0131n H\u00fcquqlar\u0131n\u0131n M\u00fcdafi\u0259 C\u0259miyy\u0259ti\u201d, \u201cBeyn\u0259lxalq \u0130nsan H\u00fcquqlar\u0131 C\u0259miyy\u0259tinin Az\u0259rbaycan Milli B\u00f6lm\u0259si\u201d, \u201c\u0130nsan H\u00fcquqlar\u0131 v\u0259 Qanun\u00e7ulu\u011fun M\u00fcdafi\u0259si\u201d ictimai birlikl\u0259rinin t\u0259sis etdiyi \u201cM\u0259nim s\u0259sim\u201d Se\u00e7ki Monitorinq Koalisiyas\u0131 2023-c\u00fc ilin dekabr\u0131ndan ba\u015flayaraq, Az\u0259rbaycanda n\u00f6vb\u0259d\u0259nk\u0259nar Prezident se\u00e7kil\u0259ri prosesini fasil\u0259siz monitorinq edib:<\/p>\n\n\n\n<p><em>&#8220;Koalisiyan\u0131n 500 n\u0259f\u0259rd\u0259n \u00e7ox se\u00e7ki m\u00fc\u015fahid\u0259\u00e7isi respublikan\u0131n b\u00fct\u00fcn \u0259razisind\u0259 &#8211; b\u00fct\u00fcn b\u00f6lg\u0259l\u0259rd\u0259 t\u0259msil olunmaqla, se\u00e7ki dair\u0259l\u0259rinin \u00fcmumi say\u0131n\u0131n 53,6 faizini t\u0259\u015fkil ed\u0259n 67 Se\u00e7ki Dair\u0259sind\u0259 m\u00fc\u015fahid\u0259 apar\u0131l\u0131b. Se\u00e7ki se\u00e7icil\u0259rin y\u00fcks\u0259k f\u0259all\u0131\u011f\u0131 \u015f\u0259raitind\u0259 s\u0259sverm\u0259 prosesin\u0259 he\u00e7 bir m\u00fcdaxil\u0259 hallar\u0131 olmadan azad, \u0259dal\u0259tli, \u015f\u0259ffaf \u015f\u0259kild\u0259 ke\u00e7ib; se\u00e7ki m\u0259nt\u0259q\u0259l\u0259rind\u0259 texniki t\u0259chizat, s\u0259sverm\u0259 kabin\u0259l\u0259ri, s\u0259sverm\u0259 qutular\u0131 Se\u00e7ki M\u0259c\u0259ll\u0259sind\u0259n v\u0259 bu sah\u0259d\u0259 dig\u0259r qanunvericilik aktlar\u0131ndan ir\u0259li g\u0259l\u0259n t\u0259l\u0259bl\u0259r\u0259 uy\u011fun olub; se\u00e7icil\u0259rin se\u00e7ki m\u0259nt\u0259q\u0259l\u0259rin\u0259 s\u0259rb\u0259st \u015f\u0259kild\u0259 daxil olmas\u0131, kabin\u0259l\u0259rd\u0259n istifad\u0259 ed\u0259r\u0259k gizli s\u0259s verm\u0259l\u0259ri \u00fc\u00e7\u00fcn b\u00fct\u00fcnl\u00fckl\u0259 t\u0259min edilib; \u201cM\u0259nim s\u0259sim\u201d Se\u00e7ki Monitorinq Koalisiyas\u0131n\u0131n m\u00fc\u015fahid\u0259\u00e7il\u0259rin\u0259, o c\u00fcml\u0259d\u0259n oldu\u011fumuz m\u0259nt\u0259q\u0259l\u0259rd\u0259 se\u00e7ki prosesini izl\u0259y\u0259n beyn\u0259lxalq t\u0259\u015fkilatlar\u0131n, siyasi partiyalar\u0131n, ictimai t\u0259\u015fkilatlar\u0131n m\u00fc\u015fahid\u0259\u00e7il\u0259rin\u0259, m\u00fcst\u0259qil m\u00fc\u015fahid\u0259\u00e7il\u0259r\u0259 qar\u015f\u0131 he\u00e7 bir t\u0259zyiq, onlar\u0131n prosesi s\u0259rb\u0259st izl\u0259m\u0259sin\u0259 mane\u0259 t\u00f6r\u0259dilm\u0259si hal\u0131 qeyd\u0259 al\u0131nmay\u0131b, m\u00fc\u015fahid\u0259 apar\u0131lmas\u0131na tam \u015f\u0259rait yarad\u0131l\u0131b&#8221;.<\/em><\/p>\n\n\n\n<p>&nbsp;&#8220;Sivil Toplum Monitorinq Koalisiyasi&#8221;n\u0131n t\u0259rkibin\u0259 daxil olan 3 QHT-nin n\u00fcmay\u0259nd\u0259l\u0259rind\u0259n formala\u015f\u0131b. Koalisiya Xank\u0259ndi, \u015eu\u015fa, La\u00e7\u0131n, Qubadl\u0131, Z\u0259ngilan, C\u0259bray\u0131l, Xocal\u0131, A\u011fd\u0259r\u0259, Xocav\u0259nd, A\u011fdam v\u0259 F\u00fczulid\u0259 d\u0259 m\u00fc\u015fahid\u0259l\u0259r apar\u0131b. Koalisiyan\u0131n h\u0259ms\u0259dri, \u201cM\u00fcst\u0259qil H\u00fcquq M\u0259rk\u0259zi\u201d \u0130ctimai Birliyinin s\u0259dri Ayd\u0131n K\u0259rimov bildirib ki, se\u00e7kid\u0259 se\u00e7ici f\u0259all\u0131\u011f\u0131 \u00e7ox y\u00fcks\u0259k olub. Qeyd olunub ki, se\u00e7kil\u0259r azad, \u0259dal\u0259tli v\u0259 \u015f\u0259ffaf ke\u00e7irilib.<\/p>\n\n\n\n<h4 class=\"wp-block-heading\"><strong>Se\u00e7kiy\u0259 qat\u0131lmayan partiyalar: \u201cGer\u00e7\u0259k se\u00e7ki deyildi\u201d<\/strong><\/h4>\n\n\n\n<p>Se\u00e7kini boykot ed\u0259n Az\u0259rbaycan Xalq C\u0259bh\u0259si Partiyas\u0131 (AXCP) 7 fevral n\u00f6vb\u0259d\u0259nk\u0259nar Prezident se\u00e7kisini ger\u00e7\u0259k se\u00e7ki saymay\u0131b. Partiyan\u0131n yayd\u0131\u011f\u0131 b\u0259yanatda bildirilir ki, MSK-n\u0131n hans\u0131 n\u0259tic\u0259l\u0259ri a\u00e7\u0131qlamas\u0131ndan as\u0131l\u0131 olmayaraq, se\u00e7kil\u0259rin saxtala\u015fd\u0131r\u0131lmas\u0131 daxild\u0259 v\u0259 xaricd\u0259 ham\u0131ya b\u0259llidir.<\/p>\n\n\n<div class=\"wp-block-image\">\n<figure class=\"alignleft size-large\"><img decoding=\"async\" data-src=\"https:\/\/www.meydan.tv\/wp-content\/uploads\/img_1172-scaled-e1689790257382-400x203.jpg\" alt=\"\" src=\"data:image\/svg+xml;base64,PHN2ZyB3aWR0aD0iMSIgaGVpZ2h0PSIxIiB4bWxucz0iaHR0cDovL3d3dy53My5vcmcvMjAwMC9zdmciPjwvc3ZnPg==\" class=\"lazyload\" style=\"--smush-placeholder-width: 400px; --smush-placeholder-aspect-ratio: 400\/203;\" \/><figcaption class=\"wp-element-caption\">Foto: Meydan TV<\/figcaption><\/figure>\n<\/div>\n\n\n<p><em>\u201cH\u0259qiqi se\u00e7kini \u015f\u0259rtl\u0259ndir\u0259n ilk amil r\u0259qab\u0259tin olmas\u0131d\u0131r. AXCP v\u0259 Milli \u015eura, el\u0259c\u0259 d\u0259 M\u00fcsavat Partiyas\u0131 h\u0259qiqi se\u00e7kil\u0259r \u00fc\u00e7\u00fcn \u00f6lk\u0259d\u0259 he\u00e7 bir \u015f\u0259raitin olmad\u0131\u011f\u0131n\u0131 \u0259sas g\u00f6t\u00fcr\u0259r\u0259k, bu se\u00e7kini boykot etdi. T\u0259yin olunan \u201cnamiz\u0259dl\u0259r\u201d is\u0259 \u00f6zl\u0259rini daha \u00e7ox \u0130lham \u018fliyevin v\u0259kili kimi apar\u0131blar. T\u0259sad\u00fcfi deyil ki, \u201cdebatlar\u201d v\u0259 b\u00fct\u00f6vl\u00fckd\u0259 se\u00e7ki kampaniyas\u0131n\u0131n \u00f6z\u00fc xalq\u0131n aras\u0131nda \u00e7oxsayl\u0131 l\u0259tif\u0259 v\u0259 ironiya do\u011furub. Bu unikal davran\u0131\u015f h\u0259tta AT\u018fT-in m\u00fc\u015fahid\u0259 missiyas\u0131n\u0131n aral\u0131q hesabat\u0131nda da t\u0259\u0259cc\u00fcbl\u0259 vur\u011fulan\u0131r\u201d, <\/em>\u2013 dey\u0259 b\u0259yanatda qeyd olunub.<\/p>\n\n\n\n<p>B\u0259yanatda qeyd olunur ki, se\u00e7ki g\u00fcn\u00fc ba\u015f ver\u0259nl\u0259r d\u0259 eyni \u015f\u0259kild\u0259 imitasiyaya u\u011fursuz c\u0259hdl\u0259rd\u0259n ibar\u0259tdir:&nbsp;<\/p>\n\n\n\n<p><em>\u201cYaln\u0131z inzibati yollarla insanlar\u0131 saxta s\u0259sverm\u0259 prosesin\u0259 c\u0259lb etm\u0259y\u0259 \u00e7al\u0131\u015f\u0131blar. D\u00f6vl\u0259t b\u00fcdc\u0259 t\u0259\u015fkilatlar\u0131nda, h\u0259tta \u00f6z\u0259l sektorda i\u015fl\u0259y\u0259n \u015f\u0259xsl\u0259r\u0259 se\u00e7kid\u0259 i\u015ftirak etm\u0259kl\u0259 ba\u011fl\u0131 bu d\u0259f\u0259 daha \u00e7ox t\u0259zyiq edilib. Se\u00e7kid\u0259 i\u015ftirak etm\u0259y\u0259n \u015f\u0259xsl\u0259r i\u015fd\u0259n \u00e7\u0131xar\u0131lmaqla a\u00e7\u0131q t\u0259hdid edilib. S\u00fcni se\u00e7ici f\u0259all\u0131\u011f\u0131 g\u00f6r\u00fcnt\u00fcl\u0259ri \u00fc\u00e7\u00fcn \u0259vv\u0259lki se\u00e7kil\u0259rd\u0259 d\u0259 istifad\u0259 etdik\u0259ri \u201ckarusel\u201d \u0259m\u0259liyyat\u0131n\u0131 daha da g\u00fccl\u0259ndiribl\u0259r. Sosial \u015f\u0259b\u0259k\u0259l\u0259rd\u0259 karusel\u0259 c\u0259lb olunan qruplar\u0131n s\u0259s ver\u0259c\u0259kl\u0259ri m\u0259nt\u0259q\u0259l\u0259r v\u0259 s\u0259sverm\u0259 vaxt\u0131n\u0131 ifad\u0259 ed\u0259n \u00e7oxsayl\u0131 qrafikl\u0259r yay\u0131l\u0131b\u201d.&nbsp;<\/em><\/p>\n\n\n\n<p>AXCP b\u0259yan edib ki, 7 fevral tarixind\u0259 ke\u00e7irilmi\u015f Prezident se\u00e7kil\u0259ri tam r\u0259qab\u0259tsiz, h\u00fcquq v\u0259 azadl\u0131qlar\u0131n tam m\u0259hdudla\u015fd\u0131r\u0131ld\u0131\u011f\u0131, qorxu v\u0259 t\u0259hdid, inzibati terror m\u00fchitind\u0259 ke\u00e7irildiyi \u00fc\u00e7\u00fcn ger\u00e7\u0259k se\u00e7ki olmay\u0131b, elan edil\u0259n n\u0259tic\u0259l\u0259r xalq irad\u0259sinin ifad\u0259si deyil v\u0259 qeyri-legitimdir.<\/p>\n\n\n\n<p>M\u00fcsavat Partiyas\u0131 b\u0259yanat\u0131nda n\u00f6vb\u0259d\u0259nk\u0259nar se\u00e7kinin \u0259vv\u0259lc\u0259d\u0259n h\u0259r hans\u0131 ictimai diskussiyalar apar\u0131lmadan elan olundu\u011funu bildirib. M\u00fcsavat b\u0259yan edib ki, se\u00e7kil\u0259rin t\u0259yin edilm\u0259sinin s\u0259b\u0259bl\u0259ri d\u0259 xalqa izah edilm\u0259yib:&nbsp;<\/p>\n\n\n<div class=\"wp-block-image\">\n<figure class=\"alignright size-large is-resized\"><img decoding=\"async\" data-src=\"https:\/\/www.meydan.tv\/wp-content\/uploads\/72118762_3243534172387058_2045441474224455680_n-e1689763816128-400x196.jpg\" alt=\"\" style=\"--smush-placeholder-width: 400px; --smush-placeholder-aspect-ratio: 400\/196;width:346px;height:auto\" src=\"data:image\/svg+xml;base64,PHN2ZyB3aWR0aD0iMSIgaGVpZ2h0PSIxIiB4bWxucz0iaHR0cDovL3d3dy53My5vcmcvMjAwMC9zdmciPjwvc3ZnPg==\" class=\"lazyload\" \/><figcaption class=\"wp-element-caption\">Foto: Meydan TV<\/figcaption><\/figure>\n<\/div>\n\n\n<p><em>\u201cSe\u00e7kinin vaxt\u0131ndan 1 il 3 ay \u0259vv\u0259l g\u00fcnl\u0259rin q\u0131sa, t\u0259till\u0259rin \u00e7ox oldu\u011fu q\u0131\u015f aylar\u0131na t\u0259yin edilm\u0259si se\u00e7ki kampaniyas\u0131n\u0131n 2 ay, t\u0259\u015fviqat kampaniyas\u0131n\u0131n c\u0259mi 21 g\u00fcn oldu\u011fu \u015f\u0259raitd\u0259 se\u00e7kil\u0259rd\u0259 m\u00f6vcud&nbsp; iqtidar\u0131n alternativi olan, resurslar\u0131 qeyri-qanuni yollarla m\u0259hdudla\u015fd\u0131r\u0131lm\u0131\u015f siyasi q\u00fcvv\u0259l\u0259r \u00fc\u00e7\u00fcn \u0259lav\u0259 \u00e7\u0259tinlikl\u0259r yarad\u0131b\u201d.&nbsp;<\/em><\/p>\n\n\n\n<p>M\u00fcsavat Partiyas\u0131 hesab edib ki, se\u00e7ki kampaniyas\u0131 d\u00f6vr\u00fcnd\u0259 b\u0259rab\u0259r r\u0259qab\u0259t \u015f\u0259raitinin yarad\u0131lmas\u0131 \u00fc\u00e7\u00fcn ir\u0259li s\u00fcrd\u00fcy\u00fc t\u0259klifl\u0259r cavabs\u0131z qal\u0131b:&nbsp;<\/p>\n\n\n\n<p><em>\u201cTam \u0259ksin\u0259 olaraq n\u00f6vb\u0259d\u0259nk\u0259nar se\u00e7kil\u0259r t\u0259yin olunduqdan sonra da siyasi opponentl\u0259r\u0259 qar\u015f\u0131 t\u0259qibl\u0259r, siyasi motivli h\u0259bsl\u0259r davam edib. Partiyadaxili strukturlarda apar\u0131lan m\u00fczakir\u0259l\u0259rin v\u0259 ictimai sor\u011fular\u0131n n\u0259tic\u0259l\u0259rini n\u0259z\u0259r\u0259 alaraq se\u00e7kid\u0259 i\u015ftirak etm\u0259m\u0259k bar\u0259d\u0259 q\u0259rar q\u0259bul edib\u201d.&nbsp;<\/em><\/p>\n\n\n\n<p>H\u0259m\u00e7inin a\u00e7\u0131qlamada qeyd olunub ki, \u00f6lk\u0259 ba\u015f\u00e7\u0131s\u0131n\u0131n 7 dekabr 2023-c\u00fc il tarixli s\u0259r\u0259ncam\u0131n\u0131n Konstitusiyaya uy\u011fun h\u00fcquqi \u0259saslar\u0131 yoxdur:<\/p>\n\n\n\n<p><em>\u201cBel\u0259 ki, Konstitusiyada f\u00f6vq\u0259lad\u0259, \u00fcmummilli \u0259h\u0259miyy\u0259tli n\u00f6vb\u0259d\u0259nk\u0259nar Prezident se\u00e7kil\u0259rinin ke\u00e7irilm\u0259si \u00fc\u00e7\u00fcn konkret h\u00fcquqi \u0259sas v\u0259 ya s\u0259b\u0259b g\u00f6st\u0259rilm\u0259yib. Bu q\u0259rar faktiki olaraq \u00f6lk\u0259 r\u0259hb\u0259ri \u0130lham \u018fliyevin 5-ci d\u0259f\u0259 Prezident olmas\u0131 \u00fc\u00e7\u00fcn r\u0259qab\u0259tsiz \u015f\u0259rait yarad\u0131lmas\u0131na xidm\u0259t edib. V\u0259t\u0259n m\u00fcharib\u0259si v\u0259 sonrak\u0131 d\u00f6vrl\u0259rd\u0259 i\u015f\u011faldan azad olunmu\u015f \u0259razil\u0259rd\u0259 c\u0259mi 26 se\u00e7ki m\u0259nt\u0259q\u0259si yarad\u0131lmas\u0131 v\u0259 orada m\u0259skunla\u015fan \u0259hali aras\u0131nda c\u0259mi 3400-\u0259 q\u0259d\u0259r se\u00e7icinin olmas\u0131 ilk d\u0259f\u0259 se\u00e7kil\u0259rin Az\u0259rbaycan\u0131n b\u00fct\u00fcn \u0259razisind\u0259 ke\u00e7irilm\u0259si iddias\u0131n\u0131n h\u0259qiq\u0259t\u0259 uy\u011fun olmad\u0131\u011f\u0131n\u0131 t\u0259sdiq edir<\/em>\u201d.<\/p>\n\n\n\n<p>Partiya n\u00f6vb\u0259d\u0259nk\u0259nar Prezident se\u00e7kisinin azad v\u0259 \u0259dal\u0259tli olmad\u0131\u011f\u0131n\u0131, BMT, AT\u018fT v\u0259 dig\u0259r n\u00fcfuzlu qurumlar qar\u015f\u0131s\u0131nda g\u00f6t\u00fcr\u00fcl\u0259n \u00f6hd\u0259likl\u0259r\u0259 cavab verm\u0259diyini bildirib:<\/p>\n\n\n\n<p><em>\u201eM\u00fcsavat Partiyas\u0131 se\u00e7kinin&nbsp; n\u0259tic\u0259l\u0259rinin l\u0259\u011fv edilm\u0259sini, Az\u0259rbaycan xalq\u0131n\u0131n azad irad\u0259sini \u0259ks etdir\u0259n v\u0259 beyn\u0259lxalq standartlara cavab ver\u0259n, demokratik se\u00e7kil\u0259r vasit\u0259sil\u0259 Prezident se\u00e7kil\u0259rinin ke\u00e7irilm\u0259sini t\u0259l\u0259b edir<\/em>\u201c.<\/p>\n\n\n\n<p>Demokratik Q\u00fcvv\u0259l\u0259rin Milli \u015euras\u0131 (DQM\u015e) 7 fevralda ke\u00e7irilmi\u015f n\u00f6vb\u0259d\u0259nk\u0259nar Prezident se\u00e7kisini \u201csaxta se\u00e7ki tama\u015fas\u0131\u201d adland\u0131r\u0131b.<\/p>\n\n\n\n<p>T\u0259\u015fkilat se\u00e7kid\u0259n bir g\u00fcn sonra yayd\u0131\u011f\u0131 b\u0259yanatda qeyd edib ki, b\u0259lli olan n\u0259tic\u0259ni s\u0259sverm\u0259 n\u0259tic\u0259si kimi elan etm\u0259k v\u0259 r\u0259smil\u0259\u015fdirm\u0259k m\u0259qs\u0259di il\u0259 h\u0259yata&nbsp; ke\u00e7iril\u0259n bu se\u00e7kil\u0259r minimum demokratik standartlara cavab verm\u0259yib.<\/p>\n\n\n\n<p>Milli \u015eura se\u00e7kinin xalq\u0131n irad\u0259sini \u0259ks etdirm\u0259diyini, k\u00fctl\u0259vi inams\u0131zl\u0131q v\u0259 boykot \u015f\u0259raitind\u0259 ke\u00e7diyini bildirib:<\/p>\n\n\n\n<p><em>\u201cSe\u00e7kid\u0259 inzibati resurslar hesab\u0131na c\u0259lb edilmi\u015f az sayda insanlar \u00f6z azad irad\u0259l\u0259ri il\u0259 deyil, m\u0259cbur edil\u0259r\u0259k i\u015ftirak edibl\u0259r. \u018fld\u0259 olunan m\u0259lumatlar da t\u0259sdiq edir ki, t\u0259hsil m\u00fc\u0259ssis\u0259l\u0259rind\u0259n tutmu\u015f, d\u00f6vl\u0259t orqanlar\u0131nda \u00e7al\u0131\u015fanlara, \u00f6z\u0259l sektorda i\u015fl\u0259y\u0259n \u0259n m\u00fcxt\u0259lif t\u0259b\u0259q\u0259l\u0259rd\u0259n olan \u015f\u0259xsl\u0259r\u0259 q\u0259d\u0259r \u00e7ox sayda insana s\u0259sverm\u0259 m\u0259nt\u0259q\u0259l\u0259rin\u0259 getm\u0259k \u00fc\u00e7\u00fcn inzibati resurslardan istifad\u0259 edil\u0259r\u0259k t\u0259zyiq g\u00f6st\u0259rilib. Buna baxmayaraq yen\u0259 d\u0259 se\u00e7ici f\u0259all\u0131\u011f\u0131n\u0131 t\u0259min ed\u0259 bilm\u0259y\u0259n rejim c\u0259miyy\u0259t v\u0259 m\u00fcxalif\u0259tin birg\u0259 boykot etdiyi se\u00e7ki tama\u015fas\u0131nda k\u00fctl\u0259vi i\u015ftirak g\u00f6r\u00fcnt\u00fcs\u00fc yaratmaq \u00fc\u00e7\u00fcn x\u00fcsusi haz\u0131rlanm\u0131\u015f m\u00fct\u0259\u015f\u0259kkil d\u0259st\u0259l\u0259rin \u201ckarusel\u201d qaydas\u0131nda t\u0259krar-t\u0259krar m\u00fcxt\u0259lif m\u0259nt\u0259q\u0259l\u0259rd\u0259 s\u0259sverm\u0259sini t\u0259\u015fkil ed\u0259r\u0259k guya insanlar\u0131n se\u00e7kid\u0259 i\u015ftirak\u0131 g\u00f6r\u00fcnt\u00fcs\u00fcn\u00fc yaratma\u011fa \u00e7al\u0131\u015f\u0131b v\u0259 bununla da \u00f6z saxtakar mahiyy\u0259tini n\u00fcmayi\u015f etdirib. Ayd\u0131nd\u0131r ki, bel\u0259 bir k\u00fctl\u0259vi boykot v\u0259 saxtakarl\u0131q \u015f\u0259raitind\u0259 ke\u00e7iril\u0259n se\u00e7kinin n\u0259tic\u0259l\u0259rin\u0259 \u0259saslanaraq MSK-n\u0131n elan etdiyi n\u0259tic\u0259l\u0259r Az\u0259rbaycan xalq\u0131n\u0131n irad\u0259sini v\u0259 se\u00e7imini \u0259ks etdir\u0259 bilm\u0259z\u201d.<\/em><\/p>\n\n\n\n<p><em>\u201c\u0130st\u0259nil\u0259n se\u00e7ki n\u0259tic\u0259sinin legitimliyi se\u00e7ki prosesind\u0259 maraql\u0131 t\u0259r\u0259fl\u0259rin i\u015ftirak v\u0259 s\u0259rb\u0259st&nbsp; r\u0259qab\u0259t imkanlar\u0131na sahib olmas\u0131na, b\u00fct\u00fcn t\u0259r\u0259fl\u0259r \u00fc\u00e7\u00fcn \u0259dal\u0259tli yar\u0131\u015f \u015f\u0259rtl\u0259rin\u0259 ba\u011fl\u0131d\u0131r. Ancaq 7 fevralda ke\u00e7iril\u0259n saxta Prezident se\u00e7kisi namiz\u0259dl\u0259r aras\u0131nda he\u00e7 bir r\u0259qab\u0259t olmadan, maraql\u0131 t\u0259r\u0259fl\u0259rin se\u00e7ki yar\u0131\u015f\u0131na qat\u0131lmas\u0131na imkan verilm\u0259d\u0259n, f\u0259aliyy\u0259t azadl\u0131qlar\u0131 zorak\u0131 qada\u011falarla m\u0259hdudla\u015fd\u0131r\u0131laraq ke\u00e7irilib. Milli \u015eura, AXCP v\u0259 M\u00fcsavat Partiyas\u0131n\u0131n boykot q\u0259rar\u0131 veril\u0259rk\u0259n eyni zamanda Az\u0259rbaycan xalq\u0131n\u0131n da bel\u0259 bir se\u00e7ki prosesind\u0259 i\u015ftirak etm\u0259k ist\u0259m\u0259m\u0259si v\u0259 n\u0259tic\u0259l\u0259ri \u00f6nc\u0259d\u0259n bilin\u0259n bu se\u00e7ki oyununa inams\u0131zl\u0131\u011f\u0131 da n\u0259z\u0259r\u0259 al\u0131nm\u0131\u015fd\u0131\u201d, \u2013 dey\u0259 b\u0259yanatda qeyd olunub.<\/em><\/p>\n\n\n\n<p>Milli \u015eura xalqa \u00e7a\u011f\u0131r\u0131\u015f edib:<\/p>\n\n\n\n<p><em>\u201cBiz Az\u0259rbaycan xalq\u0131na m\u00fcraci\u0259t ed\u0259r\u0259k onun irad\u0259sini saxtala\u015fd\u0131ran, s\u0259sini o\u011furlayan, milli irad\u0259sini tapday\u0131b saxta se\u00e7ki yolu il\u0259 d\u00f6vl\u0259t hakimiyy\u0259tini q\u0259sb ed\u0259n \u0130lham \u018fliyevin&nbsp; qanunsuz, qeyri legitim hakimiyy\u0259tin\u0259 qar\u015f\u0131 etiraz etm\u0259y\u0259 v\u0259 demokratik se\u00e7kil\u0259r&nbsp; u\u011frunda m\u00fct\u0259\u015f\u0259kkil m\u00fcbariz\u0259y\u0259 qo\u015fulma\u011fa \u00e7a\u011f\u0131r\u0131r\u0131q\u201d.<\/em><\/p>\n\n\n\n<p>III Respublika Platformas\u0131n\u0131n Qurucu Hey\u0259tinin s\u0259dri Akif Qurbanov se\u00e7kinin elan olunan n\u0259tic\u0259l\u0259rini g\u00f6zl\u0259nilm\u0259z saymay\u0131b. Onun s\u00f6zl\u0259rin\u0259 g\u00f6r\u0259, tamamil\u0259 qeyri-legitim proses \u0259sas\u0131nda&nbsp; ke\u00e7iril\u0259n se\u00e7kid\u0259 s\u0259sverm\u0259 g\u00fcn\u00fc nec\u0259 olmas\u0131ndan as\u0131l\u0131 olmayaraq n\u0259tic\u0259 d\u0259yi\u015fmir v\u0259 \u0259h\u0259miyy\u0259tsizdir:<\/p>\n\n\n\n<blockquote class=\"wp-block-quote is-layout-flow wp-block-quote-is-layout-flow\">\n<p><em>&#8220;\u0130lham \u018fliyev h\u0259r \u015fey\u0259 \u015f\u0259ksiz n\u0259zar\u0259t etdiyi bir halda bel\u0259 populyar d\u0259st\u0259k \u0259ld\u0259 ed\u0259 bilm\u0259di&#8221;.<\/em><\/p>\n<\/blockquote>\n\n\n\n<p><em>&#8220;Xalq\u0131n etimad\u0131na \u0259saslanan yeni mandat yoxdur. T\u0259k Adam rejiminin staqnasiyas\u0131 davam edir. \u00d6lk\u0259d\u0259ki probleml\u0259rin h\u0259ll yolu siyasidir. Ona g\u00f6r\u0259 d\u0259 \u00f6n\u00fcm\u00fcz\u0259 baxmal\u0131y\u0131q. V\u0259t\u0259nda\u015flar olaraq probleml\u0259ri h\u0259ll etm\u0259k \u00fc\u00e7\u00fcn bundan sonra siyasi m\u0259s\u0259l\u0259l\u0259r\u0259 aktiv reaksiya verm\u0259liyik v\u0259 i\u015ftirak\u00e7\u0131 olmal\u0131y\u0131q&#8221;,<\/em> &#8211; dey\u0259 Qurbanov bildirib.<\/p>\n\n\n\n<p>Respublika\u00e7\u0131 Alternativ (REAL) Partiyas\u0131 Siyasi Komit\u0259sinin s\u0259dri \u0130lqar M\u0259mm\u0259dov hakim partiyan\u0131n namiz\u0259dini t\u0259brik etdi:<\/p>\n\n\n<div class=\"wp-block-image\">\n<figure class=\"alignleft size-large is-resized\"><img decoding=\"async\" data-src=\"https:\/\/www.meydan.tv\/wp-content\/uploads\/\/ilqar_memmedov-1200x800.jpg\" alt=\"\" style=\"--smush-placeholder-width: 1200px; --smush-placeholder-aspect-ratio: 1200\/800;width:328px;height:auto\" src=\"data:image\/svg+xml;base64,PHN2ZyB3aWR0aD0iMSIgaGVpZ2h0PSIxIiB4bWxucz0iaHR0cDovL3d3dy53My5vcmcvMjAwMC9zdmciPjwvc3ZnPg==\" class=\"lazyload\" \/><figcaption class=\"wp-element-caption\">Foto: Meydan TV<\/figcaption><\/figure>\n<\/div>\n\n\n<p><em>&#8220;\u018frazi b\u00fct\u00f6vl\u00fcy\u00fcm\u00fcz\u00fcn b\u0259rpas\u0131nda rolunuza yekun siyasi qiym\u0259ti vermi\u015f Prezident se\u00e7kisind\u0259 q\u0259l\u0259b\u0259niz m\u00fcnasib\u0259til\u0259 Sizi t\u0259brik edir, bir ne\u00e7\u0259 aydan sonra \u00f6lk\u0259mizin g\u0259l\u0259c\u0259yin\u0259 h\u0259sr olunacaq parlament se\u00e7kisind\u0259 r\u0259hb\u0259ri oldu\u011funuz partiya il\u0259 azad v\u0259 b\u0259rab\u0259r r\u0259qab\u0259timizin Az\u0259rbaycanda demokratiyaya yeni keyfiyy\u0259t qazand\u0131rmas\u0131n\u0131 arzulay\u0131ram&#8221;.<\/em><\/p>\n\n\n\n<p>Prezidentliy\u0259 namiz\u0259dl\u0259r Zahid Oruc, Fazil Mustafa, Q\u00fcdr\u0259t H\u0259s\u0259nquliyev, Razi Nurullayev, El\u015fad Musayev v\u0259 Fuad \u018fliyev se\u00e7ki g\u00fcn\u00fcn\u00fcn s\u0259h\u0259risi d\u00f6vl\u0259t ba\u015f\u00e7\u0131s\u0131 \u0130lham \u018fliyev\u0259 z\u0259ng ed\u0259r\u0259k onu t\u0259brik etdikl\u0259rini bildiribl\u0259r.<\/p>\n\n\n\n<p>\u00d6lk\u0259 ba\u015f\u00e7\u0131s\u0131 \u0130lham \u018fliyev se\u00e7kid\u0259 xalqdan ald\u0131\u011f\u0131 d\u0259st\u0259y\u0259 g\u00f6r\u0259 t\u0259\u015f\u0259kk\u00fcr\u00fcn\u00fc ifad\u0259 edib v\u0259 <a href=\"https:\/\/azertag.az\/xeber\/azerbaycan_respublikasinin_prezidenti_ilham_eliyevin_andichme_merasimi_kechirilib__dovletimizin_baschisi_merasimde_nitq_soyleyib_yenilenib_4_video-2921563\">bildirib<\/a> ki, 2003-c\u00fc ild\u0259 ilk d\u0259f\u0259 Prezident v\u0259zif\u0259sin\u0259 se\u00e7il\u0259nd\u0259 verdiyi v\u0259dl\u0259ri yerin\u0259 yetirib:<\/p>\n\n\n\n<p><em>&#8220;2003-c\u00fc ild\u0259 verdiyim b\u00fct\u00fcn v\u0259dl\u0259r yerin\u0259 yetirildi. \u018fld\u0259 edilmi\u015f b\u00fct\u00fcn nailiyy\u0259tl\u0259rin m\u0259nb\u0259yi Az\u0259rbaycan xalq\u0131d\u0131r, onun m\u0259n\u0259 g\u00f6st\u0259rdiyi inam v\u0259 onun vahid amal \u0259traf\u0131nda birl\u0259\u015fm\u0259 bacar\u0131\u011f\u0131d\u0131r. Biz do\u011frudan da b\u00fct\u00fcn d\u00fcnyaya s\u00fcbut etmi\u015fik ki, b\u00f6y\u00fck xalq\u0131q, biz \u00f6z taleyimizi \u00f6z\u00fcm\u00fcz h\u0259ll edirik, \u00f6lk\u0259 qar\u015f\u0131s\u0131nda duran probleml\u0259ri \u00f6z\u00fcm\u00fcz he\u00e7 kimin k\u00f6m\u0259yi olmadan h\u0259ll edirik v\u0259 \u0259sasl\u0131 \u015f\u0259kild\u0259 h\u0259ll edirik&#8221;.<\/em><\/p>\n\n\n\n<p>Prezident se\u00e7kil\u0259rind\u0259n bir ne\u00e7\u0259 g\u00fcn sonra Meydan TV-nin sor\u011fusunda i\u015ftirak ed\u0259n paytaxt sakinl\u0259ri is\u0259 art\u0131q be\u015finci m\u00fcdd\u0259t\u0259 yenid\u0259n se\u00e7il\u0259n Prezidentd\u0259n maa\u015flar\u0131n v\u0259 pensiyalar\u0131n art\u0131r\u0131lmas\u0131n\u0131, i\u015fsizliyin aradan qald\u0131r\u0131lmas\u0131n\u0131, t\u0259hsilin s\u0259viyy\u0259sinin yax\u015f\u0131la\u015fd\u0131r\u0131lmas\u0131n\u0131 v\u0259 \u201cv\u0259t\u0259nda\u015flar \u00fc\u00e7\u00fcn minimum h\u0259yat s\u0259viyy\u0259si\u201d ist\u0259yibl\u0259r.<\/p>\n\n\n\n<p><strong><em>&#8220;Media\u015f\u0259b\u0259k\u0259&#8221;nin d\u0259st\u0259yi il\u0259 <\/em><\/strong><\/p>\n","protected":false},"excerpt":{"rendered":"<p>Az\u0259rbaycanda n\u00f6vb\u0259ti Prezident se\u00e7kil\u0259ri ne\u00e7\u0259 ke\u00e7di v\u0259 n\u0259 il\u0259 yadda &#8230; <\/p>\n<p class=\"read-more-container\"><a title=\"\u201cT\u0259k Adam rejiminin staqnasiyas\u0131 davam edir\u201d\" class=\"read-more button\" href=\"https:\/\/www.meydan.tv\/az\/article\/tek-adam-rejiminin-staqnasiyasi-davam-edir\/#more-301184\" aria-label=\"Read more about \u201cT\u0259k Adam rejiminin staqnasiyas\u0131 davam edir\u201d\">Davam\u0131<\/a><\/p>\n","protected":false},"author":16,"featured_media":150705,"comment_status":"closed","ping_status":"closed","sticky":false,"template":"","format":"standard","meta":{"_acf_changed":false,"_sitemap_exclude":false,"_sitemap_priority":"","_sitemap_frequency":"","footnotes":""},"categories":[51,129,59,79,63],"tags":[],"class_list":["post-301184","post","type-post","status-publish","format-standard","has-post-thumbnail","hentry","category-analitika","category-sechki-2024","category-siyaset","category-featured","category-video-2","infinite-scroll-item","generate-columns","tablet-grid-50","mobile-grid-100","grid-parent","grid-33","no-featured-image-padding"],"acf":[],"yoast_head":"<!-- This site is optimized with the Yoast SEO plugin v27.5 - https:\/\/yoast.com\/product\/yoast-seo-wordpress\/ -->\n<title>\u201cT\u0259k Adam rejiminin staqnasiyas\u0131 davam edir\u201d - MEYDAN.TV<\/title>\n<meta name=\"robots\" content=\"index, follow, max-snippet:-1, max-image-preview:large, max-video-preview:-1\" \/>\n<link rel=\"canonical\" href=\"https:\/\/www.meydan.tv\/az\/article\/tek-adam-rejiminin-staqnasiyasi-davam-edir\/\" \/>\n<meta property=\"og:locale\" content=\"az_AZ\" \/>\n<meta property=\"og:type\" content=\"article\" \/>\n<meta property=\"og:title\" content=\"\u201cT\u0259k Adam rejiminin staqnasiyas\u0131 davam edir\u201d - MEYDAN.TV\" \/>\n<meta property=\"og:description\" content=\"Az\u0259rbaycanda n\u00f6vb\u0259ti Prezident se\u00e7kil\u0259ri ne\u00e7\u0259 ke\u00e7di v\u0259 n\u0259 il\u0259 yadda ... Davam\u0131\" \/>\n<meta property=\"og:url\" content=\"https:\/\/www.meydan.tv\/az\/article\/tek-adam-rejiminin-staqnasiyasi-davam-edir\/\" \/>\n<meta property=\"og:site_name\" content=\"MEYDAN.TV\" \/>\n<meta property=\"article:published_time\" content=\"2024-03-14T13:13:05+00:00\" \/>\n<meta property=\"article:modified_time\" content=\"2025-12-10T14:16:02+00:00\" \/>\n<meta property=\"og:image\" content=\"https:\/\/www.meydan.tv\/wp-content\/uploads\/image_from_ios_5_iekespk-scaled-e1710422082630.jpg\" \/>\n\t<meta property=\"og:image:width\" content=\"2560\" \/>\n\t<meta property=\"og:image:height\" content=\"1152\" \/>\n\t<meta property=\"og:image:type\" content=\"image\/jpeg\" \/>\n<meta name=\"author\" content=\"sevda\" \/>\n<meta name=\"twitter:card\" content=\"summary_large_image\" \/>\n<script type=\"application\/ld+json\" class=\"yoast-schema-graph\">{\"@context\":\"https:\\\/\\\/schema.org\",\"@graph\":[{\"@type\":\"Article\",\"@id\":\"https:\\\/\\\/www.meydan.tv\\\/az\\\/article\\\/tek-adam-rejiminin-staqnasiyasi-davam-edir\\\/#article\",\"isPartOf\":{\"@id\":\"https:\\\/\\\/www.meydan.tv\\\/az\\\/article\\\/tek-adam-rejiminin-staqnasiyasi-davam-edir\\\/\"},\"author\":{\"name\":\"sevda\",\"@id\":\"https:\\\/\\\/www.meydan.tv\\\/az\\\/#\\\/schema\\\/person\\\/49b5f2bad5b126bb8ea9320eeb3e4dc9\"},\"headline\":\"\u201cT\u0259k Adam rejiminin staqnasiyas\u0131 davam edir\u201d\",\"datePublished\":\"2024-03-14T13:13:05+00:00\",\"dateModified\":\"2025-12-10T14:16:02+00:00\",\"mainEntityOfPage\":{\"@id\":\"https:\\\/\\\/www.meydan.tv\\\/az\\\/article\\\/tek-adam-rejiminin-staqnasiyasi-davam-edir\\\/\"},\"wordCount\":6233,\"publisher\":{\"@id\":\"https:\\\/\\\/www.meydan.tv\\\/az\\\/#organization\"},\"image\":{\"@id\":\"https:\\\/\\\/www.meydan.tv\\\/az\\\/article\\\/tek-adam-rejiminin-staqnasiyasi-davam-edir\\\/#primaryimage\"},\"thumbnailUrl\":\"https:\\\/\\\/www.meydan.tv\\\/wp-content\\\/uploads\\\/image_from_ios_5_iekespk-scaled-e1710422082630.jpg\",\"articleSection\":[\"Analitika\",\"Se\u00e7ki 2024\",\"Siyas\u0259t\",\"T\u00f6vsiy\u0259\",\"Video\"],\"inLanguage\":\"az\"},{\"@type\":\"WebPage\",\"@id\":\"https:\\\/\\\/www.meydan.tv\\\/az\\\/article\\\/tek-adam-rejiminin-staqnasiyasi-davam-edir\\\/\",\"url\":\"https:\\\/\\\/www.meydan.tv\\\/az\\\/article\\\/tek-adam-rejiminin-staqnasiyasi-davam-edir\\\/\",\"name\":\"\u201cT\u0259k Adam rejiminin staqnasiyas\u0131 davam edir\u201d - MEYDAN.TV\",\"isPartOf\":{\"@id\":\"https:\\\/\\\/www.meydan.tv\\\/az\\\/#website\"},\"primaryImageOfPage\":{\"@id\":\"https:\\\/\\\/www.meydan.tv\\\/az\\\/article\\\/tek-adam-rejiminin-staqnasiyasi-davam-edir\\\/#primaryimage\"},\"image\":{\"@id\":\"https:\\\/\\\/www.meydan.tv\\\/az\\\/article\\\/tek-adam-rejiminin-staqnasiyasi-davam-edir\\\/#primaryimage\"},\"thumbnailUrl\":\"https:\\\/\\\/www.meydan.tv\\\/wp-content\\\/uploads\\\/image_from_ios_5_iekespk-scaled-e1710422082630.jpg\",\"datePublished\":\"2024-03-14T13:13:05+00:00\",\"dateModified\":\"2025-12-10T14:16:02+00:00\",\"breadcrumb\":{\"@id\":\"https:\\\/\\\/www.meydan.tv\\\/az\\\/article\\\/tek-adam-rejiminin-staqnasiyasi-davam-edir\\\/#breadcrumb\"},\"inLanguage\":\"az\",\"potentialAction\":[{\"@type\":\"ReadAction\",\"target\":[\"https:\\\/\\\/www.meydan.tv\\\/az\\\/article\\\/tek-adam-rejiminin-staqnasiyasi-davam-edir\\\/\"]}]},{\"@type\":\"ImageObject\",\"inLanguage\":\"az\",\"@id\":\"https:\\\/\\\/www.meydan.tv\\\/az\\\/article\\\/tek-adam-rejiminin-staqnasiyasi-davam-edir\\\/#primaryimage\",\"url\":\"https:\\\/\\\/www.meydan.tv\\\/wp-content\\\/uploads\\\/image_from_ios_5_iekespk-scaled-e1710422082630.jpg\",\"contentUrl\":\"https:\\\/\\\/www.meydan.tv\\\/wp-content\\\/uploads\\\/image_from_ios_5_iekespk-scaled-e1710422082630.jpg\",\"width\":2560,\"height\":1152,\"caption\":\"Source: Meydan TV\"},{\"@type\":\"BreadcrumbList\",\"@id\":\"https:\\\/\\\/www.meydan.tv\\\/az\\\/article\\\/tek-adam-rejiminin-staqnasiyasi-davam-edir\\\/#breadcrumb\",\"itemListElement\":[{\"@type\":\"ListItem\",\"position\":1,\"name\":\"Ana s\u0259hif\u0259\",\"item\":\"https:\\\/\\\/www.meydan.tv\\\/az\\\/\"},{\"@type\":\"ListItem\",\"position\":2,\"name\":\"Siyas\u0259t\",\"item\":\"https:\\\/\\\/www.meydan.tv\\\/az\\\/section\\\/siyaset\\\/\"},{\"@type\":\"ListItem\",\"position\":3,\"name\":\"\u201cT\u0259k Adam rejiminin staqnasiyas\u0131 davam edir\u201d\"}]},{\"@type\":\"WebSite\",\"@id\":\"https:\\\/\\\/www.meydan.tv\\\/az\\\/#website\",\"url\":\"https:\\\/\\\/www.meydan.tv\\\/az\\\/\",\"name\":\"MEYDAN.TV\",\"description\":\"Meydan TV Az\u0259rbaycan\u0131n media m\u0259kan\u0131ndak\u0131 alternativ s\u0259sidir\",\"publisher\":{\"@id\":\"https:\\\/\\\/www.meydan.tv\\\/az\\\/#organization\"},\"potentialAction\":[{\"@type\":\"SearchAction\",\"target\":{\"@type\":\"EntryPoint\",\"urlTemplate\":\"https:\\\/\\\/www.meydan.tv\\\/az\\\/?s={search_term_string}\"},\"query-input\":{\"@type\":\"PropertyValueSpecification\",\"valueRequired\":true,\"valueName\":\"search_term_string\"}}],\"inLanguage\":\"az\"},{\"@type\":\"Organization\",\"@id\":\"https:\\\/\\\/www.meydan.tv\\\/az\\\/#organization\",\"name\":\"Meydan TV\",\"url\":\"https:\\\/\\\/www.meydan.tv\\\/az\\\/\",\"logo\":{\"@type\":\"ImageObject\",\"inLanguage\":\"az\",\"@id\":\"https:\\\/\\\/www.meydan.tv\\\/az\\\/#\\\/schema\\\/logo\\\/image\\\/\",\"url\":\"https:\\\/\\\/www.meydan.tv\\\/wp-content\\\/uploads\\\/2021\\\/07\\\/meydan-logo.svg\",\"contentUrl\":\"https:\\\/\\\/www.meydan.tv\\\/wp-content\\\/uploads\\\/2021\\\/07\\\/meydan-logo.svg\",\"width\":195,\"height\":46,\"caption\":\"Meydan TV\"},\"image\":{\"@id\":\"https:\\\/\\\/www.meydan.tv\\\/az\\\/#\\\/schema\\\/logo\\\/image\\\/\"}},{\"@type\":\"Person\",\"@id\":\"https:\\\/\\\/www.meydan.tv\\\/az\\\/#\\\/schema\\\/person\\\/49b5f2bad5b126bb8ea9320eeb3e4dc9\",\"name\":\"sevda\"}]}<\/script>\n<!-- \/ Yoast SEO plugin. -->","yoast_head_json":{"title":"\u201cT\u0259k Adam rejiminin staqnasiyas\u0131 davam edir\u201d - MEYDAN.TV","robots":{"index":"index","follow":"follow","max-snippet":"max-snippet:-1","max-image-preview":"max-image-preview:large","max-video-preview":"max-video-preview:-1"},"canonical":"https:\/\/www.meydan.tv\/az\/article\/tek-adam-rejiminin-staqnasiyasi-davam-edir\/","og_locale":"az_AZ","og_type":"article","og_title":"\u201cT\u0259k Adam rejiminin staqnasiyas\u0131 davam edir\u201d - MEYDAN.TV","og_description":"Az\u0259rbaycanda n\u00f6vb\u0259ti Prezident se\u00e7kil\u0259ri ne\u00e7\u0259 ke\u00e7di v\u0259 n\u0259 il\u0259 yadda ... Davam\u0131","og_url":"https:\/\/www.meydan.tv\/az\/article\/tek-adam-rejiminin-staqnasiyasi-davam-edir\/","og_site_name":"MEYDAN.TV","article_published_time":"2024-03-14T13:13:05+00:00","article_modified_time":"2025-12-10T14:16:02+00:00","og_image":[{"width":2560,"height":1152,"url":"https:\/\/www.meydan.tv\/wp-content\/uploads\/image_from_ios_5_iekespk-scaled-e1710422082630.jpg","type":"image\/jpeg"}],"author":"sevda","twitter_card":"summary_large_image","schema":{"@context":"https:\/\/schema.org","@graph":[{"@type":"Article","@id":"https:\/\/www.meydan.tv\/az\/article\/tek-adam-rejiminin-staqnasiyasi-davam-edir\/#article","isPartOf":{"@id":"https:\/\/www.meydan.tv\/az\/article\/tek-adam-rejiminin-staqnasiyasi-davam-edir\/"},"author":{"name":"sevda","@id":"https:\/\/www.meydan.tv\/az\/#\/schema\/person\/49b5f2bad5b126bb8ea9320eeb3e4dc9"},"headline":"\u201cT\u0259k Adam rejiminin staqnasiyas\u0131 davam edir\u201d","datePublished":"2024-03-14T13:13:05+00:00","dateModified":"2025-12-10T14:16:02+00:00","mainEntityOfPage":{"@id":"https:\/\/www.meydan.tv\/az\/article\/tek-adam-rejiminin-staqnasiyasi-davam-edir\/"},"wordCount":6233,"publisher":{"@id":"https:\/\/www.meydan.tv\/az\/#organization"},"image":{"@id":"https:\/\/www.meydan.tv\/az\/article\/tek-adam-rejiminin-staqnasiyasi-davam-edir\/#primaryimage"},"thumbnailUrl":"https:\/\/www.meydan.tv\/wp-content\/uploads\/image_from_ios_5_iekespk-scaled-e1710422082630.jpg","articleSection":["Analitika","Se\u00e7ki 2024","Siyas\u0259t","T\u00f6vsiy\u0259","Video"],"inLanguage":"az"},{"@type":"WebPage","@id":"https:\/\/www.meydan.tv\/az\/article\/tek-adam-rejiminin-staqnasiyasi-davam-edir\/","url":"https:\/\/www.meydan.tv\/az\/article\/tek-adam-rejiminin-staqnasiyasi-davam-edir\/","name":"\u201cT\u0259k Adam rejiminin staqnasiyas\u0131 davam edir\u201d - MEYDAN.TV","isPartOf":{"@id":"https:\/\/www.meydan.tv\/az\/#website"},"primaryImageOfPage":{"@id":"https:\/\/www.meydan.tv\/az\/article\/tek-adam-rejiminin-staqnasiyasi-davam-edir\/#primaryimage"},"image":{"@id":"https:\/\/www.meydan.tv\/az\/article\/tek-adam-rejiminin-staqnasiyasi-davam-edir\/#primaryimage"},"thumbnailUrl":"https:\/\/www.meydan.tv\/wp-content\/uploads\/image_from_ios_5_iekespk-scaled-e1710422082630.jpg","datePublished":"2024-03-14T13:13:05+00:00","dateModified":"2025-12-10T14:16:02+00:00","breadcrumb":{"@id":"https:\/\/www.meydan.tv\/az\/article\/tek-adam-rejiminin-staqnasiyasi-davam-edir\/#breadcrumb"},"inLanguage":"az","potentialAction":[{"@type":"ReadAction","target":["https:\/\/www.meydan.tv\/az\/article\/tek-adam-rejiminin-staqnasiyasi-davam-edir\/"]}]},{"@type":"ImageObject","inLanguage":"az","@id":"https:\/\/www.meydan.tv\/az\/article\/tek-adam-rejiminin-staqnasiyasi-davam-edir\/#primaryimage","url":"https:\/\/www.meydan.tv\/wp-content\/uploads\/image_from_ios_5_iekespk-scaled-e1710422082630.jpg","contentUrl":"https:\/\/www.meydan.tv\/wp-content\/uploads\/image_from_ios_5_iekespk-scaled-e1710422082630.jpg","width":2560,"height":1152,"caption":"Source: Meydan TV"},{"@type":"BreadcrumbList","@id":"https:\/\/www.meydan.tv\/az\/article\/tek-adam-rejiminin-staqnasiyasi-davam-edir\/#breadcrumb","itemListElement":[{"@type":"ListItem","position":1,"name":"Ana s\u0259hif\u0259","item":"https:\/\/www.meydan.tv\/az\/"},{"@type":"ListItem","position":2,"name":"Siyas\u0259t","item":"https:\/\/www.meydan.tv\/az\/section\/siyaset\/"},{"@type":"ListItem","position":3,"name":"\u201cT\u0259k Adam rejiminin staqnasiyas\u0131 davam edir\u201d"}]},{"@type":"WebSite","@id":"https:\/\/www.meydan.tv\/az\/#website","url":"https:\/\/www.meydan.tv\/az\/","name":"MEYDAN.TV","description":"Meydan TV Az\u0259rbaycan\u0131n media m\u0259kan\u0131ndak\u0131 alternativ s\u0259sidir","publisher":{"@id":"https:\/\/www.meydan.tv\/az\/#organization"},"potentialAction":[{"@type":"SearchAction","target":{"@type":"EntryPoint","urlTemplate":"https:\/\/www.meydan.tv\/az\/?s={search_term_string}"},"query-input":{"@type":"PropertyValueSpecification","valueRequired":true,"valueName":"search_term_string"}}],"inLanguage":"az"},{"@type":"Organization","@id":"https:\/\/www.meydan.tv\/az\/#organization","name":"Meydan TV","url":"https:\/\/www.meydan.tv\/az\/","logo":{"@type":"ImageObject","inLanguage":"az","@id":"https:\/\/www.meydan.tv\/az\/#\/schema\/logo\/image\/","url":"https:\/\/www.meydan.tv\/wp-content\/uploads\/2021\/07\/meydan-logo.svg","contentUrl":"https:\/\/www.meydan.tv\/wp-content\/uploads\/2021\/07\/meydan-logo.svg","width":195,"height":46,"caption":"Meydan TV"},"image":{"@id":"https:\/\/www.meydan.tv\/az\/#\/schema\/logo\/image\/"}},{"@type":"Person","@id":"https:\/\/www.meydan.tv\/az\/#\/schema\/person\/49b5f2bad5b126bb8ea9320eeb3e4dc9","name":"sevda"}]}},"_links":{"self":[{"href":"https:\/\/www.meydan.tv\/az\/wp-json\/wp\/v2\/posts\/301184","targetHints":{"allow":["GET"]}}],"collection":[{"href":"https:\/\/www.meydan.tv\/az\/wp-json\/wp\/v2\/posts"}],"about":[{"href":"https:\/\/www.meydan.tv\/az\/wp-json\/wp\/v2\/types\/post"}],"author":[{"embeddable":true,"href":"https:\/\/www.meydan.tv\/az\/wp-json\/wp\/v2\/users\/16"}],"replies":[{"embeddable":true,"href":"https:\/\/www.meydan.tv\/az\/wp-json\/wp\/v2\/comments?post=301184"}],"version-history":[{"count":14,"href":"https:\/\/www.meydan.tv\/az\/wp-json\/wp\/v2\/posts\/301184\/revisions"}],"predecessor-version":[{"id":338907,"href":"https:\/\/www.meydan.tv\/az\/wp-json\/wp\/v2\/posts\/301184\/revisions\/338907"}],"wp:featuredmedia":[{"embeddable":true,"href":"https:\/\/www.meydan.tv\/az\/wp-json\/wp\/v2\/media\/150705"}],"wp:attachment":[{"href":"https:\/\/www.meydan.tv\/az\/wp-json\/wp\/v2\/media?parent=301184"}],"wp:term":[{"taxonomy":"category","embeddable":true,"href":"https:\/\/www.meydan.tv\/az\/wp-json\/wp\/v2\/categories?post=301184"},{"taxonomy":"post_tag","embeddable":true,"href":"https:\/\/www.meydan.tv\/az\/wp-json\/wp\/v2\/tags?post=301184"}],"curies":[{"name":"wp","href":"https:\/\/api.w.org\/{rel}","templated":true}]}}