{"id":301156,"date":"2024-03-14T13:51:51","date_gmt":"2024-03-14T09:51:51","guid":{"rendered":"https:\/\/www.meydan.tv\/?p=301156"},"modified":"2024-03-14T19:59:13","modified_gmt":"2024-03-14T15:59:13","slug":"sevinc-vaqifqizi-hakime-senden-ferqli-olaraq-men-azad-insanam","status":"publish","type":"post","link":"https:\/\/www.meydan.tv\/az\/article\/sevinc-vaqifqizi-hakime-senden-ferqli-olaraq-men-azad-insanam\/","title":{"rendered":"Sevinc Vaqifq\u0131z\u0131 hakim\u0259: \u201cS\u0259nd\u0259n f\u0259rqli olaraq, m\u0259n azad insanam\u201d"},"content":{"rendered":"\n<figure class=\"wp-block-embed is-type-video is-provider-youtube wp-block-embed-youtube wp-embed-aspect-16-9 wp-has-aspect-ratio\"><div class=\"wp-block-embed__wrapper\">\n<iframe title=\"Sevinc Vaqifq\u0131z\u0131: \u201cN\u0259 AbzasMedia, n\u0259 d\u0259 \u201cToplum\u201d\u00e7ular cinay\u0259tkard\u0131r\u201d\" width=\"1200\" height=\"675\" data-src=\"https:\/\/www.youtube.com\/embed\/fQjkvIEkEOU?feature=oembed\" frameborder=\"0\" allow=\"accelerometer; autoplay; clipboard-write; encrypted-media; gyroscope; picture-in-picture; web-share\" allowfullscreen src=\"data:image\/svg+xml;base64,PHN2ZyB3aWR0aD0iMSIgaGVpZ2h0PSIxIiB4bWxucz0iaHR0cDovL3d3dy53My5vcmcvMjAwMC9zdmciPjwvc3ZnPg==\" class=\"lazyload\" data-load-mode=\"1\"><\/iframe>\n<\/div><\/figure>\n\n\n\n<p><strong><em>\u201cAbzasMedia\u201dn\u0131n direktoru \u00dclvi H\u0259s\u0259nli v\u0259 ba\u015f redaktoru Sevinc Vaqifq\u0131z\u0131 haqq\u0131nda h\u0259bs q\u0259timkan t\u0259dbirinin m\u00fcdd\u0259ti uzad\u0131l\u0131b<\/em><\/strong><\/p>\n\n\n\n<p>\u201cAbzasMedia\u201d il\u0259 ba\u011fl\u0131 cinay\u0259t i\u015fi \u00fczr\u0259 h\u0259bsd\u0259 olan jurnalistl\u0259r \u2013 n\u0259\u015frin direktoru \u00dclvi H\u0259s\u0259nli v\u0259 ba\u015f redaktoru Sevinc Abbasova (Vaqifq\u0131z\u0131) haqq\u0131nda istintaq d\u00f6vr\u00fc \u00fc\u00e7\u00fcn se\u00e7ilmi\u015f h\u0259bs q\u0259timkan t\u0259dbirinin m\u00fcdd\u0259ti art\u0131r\u0131l\u0131b. Mart\u0131n 14-d\u0259 X\u0259tai Rayon M\u0259hk\u0259m\u0259sind\u0259 bu bar\u0259d\u0259 q\u0259rar \u00e7\u0131xar\u0131l\u0131b.<\/p>\n\n\n\n<p>Jurnalistl\u0259rin h\u0259bsd\u0259 saxlanma m\u00fcdd\u0259tinin art\u0131r\u0131lmas\u0131 \u00fc\u00e7\u00fcn verilmi\u015f h\u0259r iki t\u0259qdimata hakim R\u0259fael Sad\u0131xov bax\u0131b. Lakin m\u0259hk\u0259m\u0259 prosesl\u0259ri ayr\u0131-ayr\u0131l\u0131qda ke\u00e7irilib.<\/p>\n\n\n\n<p>H\u0259m \u00dclvi H\u0259s\u0259nli, h\u0259m d\u0259 Sevinc Vaqifq\u0131z\u0131 haqq\u0131nda h\u0259bs q\u0259timkan t\u0259dbirinin uzad\u0131lmas\u0131 \u00fc\u00e7\u00fcn verilmi\u015f t\u0259qdimat\u0131 m\u0259hk\u0259m\u0259d\u0259 m\u00fcst\u0259ntiq m\u00fcdafi\u0259 edib. O bildirib ki, h\u0259l\u0259 istintaq davam edir, at\u0131lacaq add\u0131mlar var. Bu m\u00fcdd\u0259td\u0259 onlar\u0131n azadl\u0131qda qalmas\u0131 m\u0259qs\u0259d\u0259uy\u011fun deyil. \u00c7\u00fcnki azadl\u0131qda qalsalar, istintaqdan yay\u0131nmaq, prosesin gedi\u015fin\u0259 t\u0259sir g\u00f6st\u0259rm\u0259k ehtimal\u0131 var.<\/p>\n\n\n\n<p>H\u0259r iki m\u0259hk\u0259m\u0259 prosesind\u0259 jurnalistl\u0259rin v\u0259kill\u0259ri is\u0259 t\u0259qdimat\u0131n t\u0259min olunmamas\u0131n\u0131 ist\u0259yib. V\u0259kill\u0259r bildirib ki, ist\u0259r \u00dclvi H\u0259s\u0259nli, ist\u0259rs\u0259 d\u0259 Sevinc Vaqifq\u0131z\u0131 he\u00e7 bir cinay\u0259t t\u00f6r\u0259tm\u0259yib, istintaq da indiy\u0259d\u0259k bununla ba\u011fl\u0131 s\u00fcbut-d\u0259lil ortaya qoymay\u0131b. Onlar m\u00fcv\u0259kkill\u0259rinin \u0259sass\u0131z h\u0259bsd\u0259 saxland\u0131\u011f\u0131n\u0131 vur\u011fulayaraq, hakimd\u0259n aylard\u0131r davam ed\u0259n bu \u0259dal\u0259tsizliy\u0259 son qoyulmas\u0131n\u0131 ist\u0259yibl\u0259r.<\/p>\n\n\n\n<p>T\u0259qsirl\u0259ndiril\u0259n jurnalistl\u0259rin \u00f6zl\u0259ri d\u0259 onlara veril\u0259n qa\u00e7aqmal\u00e7\u0131l\u0131q ittiham\u0131n\u0131n saxta oldu\u011funu, \u201cAbzasMedia\u201ddak\u0131 korrupsiya ara\u015fd\u0131rmalar\u0131na g\u00f6r\u0259 c\u0259zaland\u0131r\u0131ld\u0131qlar\u0131n\u0131 bildiribl\u0259r. Onlar m\u0259hk\u0259m\u0259d\u0259n obyektivlik v\u0259 \u0259dal\u0259tli q\u0259rar g\u00f6zl\u0259ntil\u0259rinin olmad\u0131qlar\u0131n\u0131 da vur\u011fulay\u0131blar.<\/p>\n\n\n\n<p>Sevinc Vaqifq\u0131z\u0131n\u0131n i\u015fin\u0259 baxanda onunla hakim R\u0259fael Sad\u0131xov aras\u0131nda m\u00fcbahis\u0259 yaran\u0131b. Jurnalist siyasi sifari\u015fl\u0259, hakimiyy\u0259td\u0259kil\u0259rin korrupsiyas\u0131n\u0131 if\u015fa etdikl\u0259rin\u0259 g\u00f6r\u0259 c\u0259zaland\u0131r\u0131ld\u0131\u011f\u0131n\u0131 dey\u0259nd\u0259 hakim onun s\u00f6z\u00fcn\u00fc k\u0259sib. Bu yerd\u0259 Sevinc Vaqifq\u0131z\u0131 hakim\u0259 deyib:<\/p>\n\n\n\n<p><em>\u201cM\u0259nim s\u00f6z\u00fcm\u00fc k\u0259s\u0259 bilm\u0259zs\u0259n. N\u0259inki s\u0259n, s\u0259n\u0259 g\u00f6st\u0259ri\u015f ver\u0259nl\u0259r d\u0259 k\u0259s\u0259 bilm\u0259z. S\u0259nd\u0259n f\u0259rqli olaraq, m\u0259n azad insanam\u201d.<\/em><\/p>\n\n\n\n<p>M\u0259hk\u0259m\u0259 prosesl\u0259rinin sonunda \u00dclvi H\u0259s\u0259nli bar\u0259sind\u0259 h\u0259bs q\u0259timkan t\u0259dbirinin m\u00fcdd\u0259ti daha 3 ay, Sevinc Vaqifq\u0131z\u0131 haqq\u0131nda is\u0259 2 ay 29 g\u00fcn art\u0131r\u0131l\u0131b.<\/p>\n\n\n\n<p>V\u0259kill\u0259r bildirib ki, bu q\u0259rarlardan apelyasiya \u015fikay\u0259ti ver\u0259c\u0259kl\u0259r.<\/p>\n\n\n\n<p>Mart\u0131n 7-d\u0259 \u201cAbzasMedia\u201d il\u0259 ba\u011fl\u0131 cinay\u0259t i\u015fi \u00fczr\u0259 h\u0259bsd\u0259 olan jurnalistl\u0259rd\u0259n daha ikisi \u2013 Hafiz Babal\u0131 v\u0259 Elnar\u0259 Qas\u0131movan\u0131n da h\u0259bsd\u0259 saxlanma m\u00fcdd\u0259ti uzad\u0131lm\u0131\u015fd\u0131.<\/p>\n\n\n\n<p>Korrupsiya ara\u015fd\u0131rmalar\u0131yla tan\u0131nan \u201cAbzasMedia\u201d i\u015fi \u00fczr\u0259 h\u0259bsl\u0259r noyabr\u0131n 20-d\u0259n ba\u015flay\u0131b.<\/p>\n\n\n\n<p>\u00d6nc\u0259 sayt\u0131n direktoru \u00dclvi H\u0259s\u0259nli, direktor m\u00fcavini M\u0259h\u0259mm\u0259d Kekalov, ba\u015f redaktoru Sevinc Vaqifq\u0131z\u0131 h\u0259bs edilib. Daha sonra h\u0259bsl\u0259r ara\u015fd\u0131rma\u00e7\u0131 jurnalist Hafiz Babal\u0131, N\u0259rgiz Absalamova v\u0259 Elnar\u0259 Qas\u0131mova il\u0259 davam edib. Onlar da Cinay\u0259t M\u0259c\u0259ll\u0259sinin 206.3.2-ci (bir qrup \u015f\u0259xs t\u0259r\u0259find\u0259n qa\u00e7aqmal\u00e7\u0131l\u0131q) madd\u0259sil\u0259 ittiham olunur.<\/p>\n\n\n\n<p>Bu madd\u0259nin sanksiyas\u0131nda 5 ild\u0259n 8 il\u0259 q\u0259d\u0259r azadl\u0131qdan m\u0259hrumetm\u0259 c\u0259zas\u0131 n\u0259z\u0259rd\u0259 tutulub.<\/p>\n\n\n\n<p>Noyabr\u0131n 20-d\u0259 \u00dclvi H\u0259s\u0259nli saxland\u0131qdan sonra \u201cAbzasMedia\u201dn\u0131n ofisind\u0259 axtar\u0131\u015f apar\u0131l\u0131b. Sayt\u0131n ofisind\u0259n 40 min avro pul tap\u0131ld\u0131\u011f\u0131 iddia olunub.<\/p>\n\n\n\n<p>\u00dclvi H\u0259s\u0259nli is\u0259 orada pul olmad\u0131\u011f\u0131n\u0131, 40 min avronun ofis\u0259 onu tapd\u0131\u011f\u0131n\u0131 iddia ed\u0259nl\u0259rin \u00f6zl\u0259ri t\u0259r\u0259find\u0259n qoyuldu\u011funu bildirib.<\/p>\n\n\n\n<p>Adlar\u0131 \u00e7\u0259kil\u0259n jurnalistl\u0259rin he\u00e7 biri \u00f6z\u00fcn\u00fc t\u0259qsirli bilmir, \u201cAbzasMedia\u201dda Prezidentin ail\u0259 \u00fczvl\u0259ri d\u0259 daxil olmaqla, bir s\u0131ra v\u0259zif\u0259li \u015f\u0259xsl\u0259rin biznesi, korrupsiya il\u0259 ba\u011fl\u0131 ara\u015fd\u0131rmalara g\u00f6r\u0259 c\u0259zaland\u0131r\u0131ld\u0131qlar\u0131n\u0131 bildiribl\u0259r.<\/p>\n\n\n\n<p>\u201cAbzasMedia\u201ddan sonra \u201cKanal 13\u201d internet televiziyas\u0131n\u0131n r\u0259hb\u0259ri \u018fziz Orucov v\u0259 bu qurumun \u0259m\u0259kda\u015f\u0131 \u015eamo Eminov da qa\u00e7aqmal\u00e7\u0131l\u0131q ittiham\u0131yla h\u0259bs olundu. Haz\u0131rda onlar\u0131n i\u015fi \u00fczr\u0259 istintaq S\u0259bail rayon Polis \u0130dar\u0259sind\u0259 davam edir.<\/p>\n\n\n\n<p>Mart\u0131n 6-da v\u0259 8-d\u0259 is\u0259 \u201cToplum TV\u201d kanal\u0131n\u0131n  v\u0259 III Respublika Platformas\u0131n\u0131n bir qrup \u0259m\u0259kda\u015f\u0131 eyni ittihamla h\u0259bs edilib.  <\/p>\n\n\n\n<p>III Respublika Platformas\u0131n\u0131n ofisind\u0259n v\u0259 &#8220;Toplum TV&#8221;-nin \u0259m\u0259kda\u015flar\u0131n\u0131n evind\u0259n axtar\u0131\u015f zaman\u0131 m\u00fcxt\u0259lif m\u0259bl\u0259\u011fl\u0259rd\u0259 pul tap\u0131ld\u0131\u011f\u0131 iddia olunur.<\/p>\n\n\n\n<p>Onlar is\u0259 bu ittiham\u0131 r\u0259dd edir, tap\u0131ld\u0131\u011f\u0131 iddia edil\u0259n pullar\u0131n evl\u0259r\u0259 v\u0259 ofis\u0259 axtar\u0131\u015f\u0131 aparan polisl\u0259rin \u00f6zl\u0259ri t\u0259r\u0259find\u0259n qoyuldu\u011funu deyirl\u0259r.<\/p>\n","protected":false},"excerpt":{"rendered":"<p>\u201cAbzasMedia\u201dn\u0131n direktoru \u00dclvi H\u0259s\u0259nli v\u0259 ba\u015f redaktoru Sevinc Vaqifq\u0131z\u0131 haqq\u0131nda &#8230; <\/p>\n<p class=\"read-more-container\"><a title=\"Sevinc Vaqifq\u0131z\u0131 hakim\u0259: \u201cS\u0259nd\u0259n f\u0259rqli olaraq, m\u0259n azad insanam\u201d\" class=\"read-more button\" href=\"https:\/\/www.meydan.tv\/az\/article\/sevinc-vaqifqizi-hakime-senden-ferqli-olaraq-men-azad-insanam\/#more-301156\" aria-label=\"Read more about Sevinc Vaqifq\u0131z\u0131 hakim\u0259: \u201cS\u0259nd\u0259n f\u0259rqli olaraq, m\u0259n azad insanam\u201d\">Davam\u0131<\/a><\/p>\n","protected":false},"author":8,"featured_media":291524,"comment_status":"closed","ping_status":"closed","sticky":false,"template":"","format":"standard","meta":{"_acf_changed":false,"_sitemap_exclude":false,"_sitemap_priority":"","_sitemap_frequency":"","footnotes":""},"categories":[59,79,63,56],"tags":[],"class_list":["post-301156","post","type-post","status-publish","format-standard","has-post-thumbnail","hentry","category-siyaset","category-featured","category-video-2","category-xeberler","infinite-scroll-item","generate-columns","tablet-grid-50","mobile-grid-100","grid-parent","grid-33","no-featured-image-padding"],"acf":[],"yoast_head":"<!-- This site is optimized with the Yoast SEO plugin v27.4 - https:\/\/yoast.com\/product\/yoast-seo-wordpress\/ -->\n<title>Sevinc Vaqifq\u0131z\u0131 hakim\u0259: \u201cS\u0259nd\u0259n f\u0259rqli olaraq, m\u0259n azad insanam\u201d - MEYDAN.TV<\/title>\n<meta name=\"robots\" content=\"index, follow, max-snippet:-1, max-image-preview:large, max-video-preview:-1\" \/>\n<link rel=\"canonical\" href=\"https:\/\/www.meydan.tv\/az\/article\/sevinc-vaqifqizi-hakime-senden-ferqli-olaraq-men-azad-insanam\/\" \/>\n<meta property=\"og:locale\" content=\"az_AZ\" \/>\n<meta property=\"og:type\" content=\"article\" \/>\n<meta property=\"og:title\" content=\"Sevinc Vaqifq\u0131z\u0131 hakim\u0259: \u201cS\u0259nd\u0259n f\u0259rqli olaraq, m\u0259n azad insanam\u201d - MEYDAN.TV\" \/>\n<meta property=\"og:description\" content=\"\u201cAbzasMedia\u201dn\u0131n direktoru \u00dclvi H\u0259s\u0259nli v\u0259 ba\u015f redaktoru Sevinc Vaqifq\u0131z\u0131 haqq\u0131nda ... Davam\u0131\" \/>\n<meta property=\"og:url\" content=\"https:\/\/www.meydan.tv\/az\/article\/sevinc-vaqifqizi-hakime-senden-ferqli-olaraq-men-azad-insanam\/\" \/>\n<meta property=\"og:site_name\" content=\"MEYDAN.TV\" \/>\n<meta property=\"article:published_time\" content=\"2024-03-14T09:51:51+00:00\" \/>\n<meta property=\"article:modified_time\" content=\"2024-03-14T15:59:13+00:00\" \/>\n<meta property=\"og:image\" content=\"https:\/\/www.meydan.tv\/wp-content\/uploads\/img_0633-scaled-e1703104450403.jpg\" \/>\n\t<meta property=\"og:image:width\" content=\"2560\" \/>\n\t<meta property=\"og:image:height\" content=\"1582\" \/>\n\t<meta property=\"og:image:type\" content=\"image\/jpeg\" \/>\n<meta name=\"author\" content=\"elli\" \/>\n<meta name=\"twitter:card\" content=\"summary_large_image\" \/>\n<meta name=\"twitter:creator\" content=\"@elli\" \/>\n<script type=\"application\/ld+json\" class=\"yoast-schema-graph\">{\"@context\":\"https:\\\/\\\/schema.org\",\"@graph\":[{\"@type\":\"Article\",\"@id\":\"https:\\\/\\\/www.meydan.tv\\\/az\\\/article\\\/sevinc-vaqifqizi-hakime-senden-ferqli-olaraq-men-azad-insanam\\\/#article\",\"isPartOf\":{\"@id\":\"https:\\\/\\\/www.meydan.tv\\\/az\\\/article\\\/sevinc-vaqifqizi-hakime-senden-ferqli-olaraq-men-azad-insanam\\\/\"},\"author\":{\"name\":\"elli\",\"@id\":\"https:\\\/\\\/www.meydan.tv\\\/az\\\/#\\\/schema\\\/person\\\/9cdbecf90d17180ce1dfbd95b08dcf47\"},\"headline\":\"Sevinc Vaqifq\u0131z\u0131 hakim\u0259: \u201cS\u0259nd\u0259n f\u0259rqli olaraq, m\u0259n azad insanam\u201d\",\"datePublished\":\"2024-03-14T09:51:51+00:00\",\"dateModified\":\"2024-03-14T15:59:13+00:00\",\"mainEntityOfPage\":{\"@id\":\"https:\\\/\\\/www.meydan.tv\\\/az\\\/article\\\/sevinc-vaqifqizi-hakime-senden-ferqli-olaraq-men-azad-insanam\\\/\"},\"wordCount\":917,\"publisher\":{\"@id\":\"https:\\\/\\\/www.meydan.tv\\\/az\\\/#organization\"},\"image\":{\"@id\":\"https:\\\/\\\/www.meydan.tv\\\/az\\\/article\\\/sevinc-vaqifqizi-hakime-senden-ferqli-olaraq-men-azad-insanam\\\/#primaryimage\"},\"thumbnailUrl\":\"https:\\\/\\\/www.meydan.tv\\\/wp-content\\\/uploads\\\/img_0633-scaled-e1703104450403.jpg\",\"articleSection\":[\"Siyas\u0259t\",\"T\u00f6vsiy\u0259\",\"Video\",\"X\u0259b\u0259rl\u0259r\"],\"inLanguage\":\"az\"},{\"@type\":\"WebPage\",\"@id\":\"https:\\\/\\\/www.meydan.tv\\\/az\\\/article\\\/sevinc-vaqifqizi-hakime-senden-ferqli-olaraq-men-azad-insanam\\\/\",\"url\":\"https:\\\/\\\/www.meydan.tv\\\/az\\\/article\\\/sevinc-vaqifqizi-hakime-senden-ferqli-olaraq-men-azad-insanam\\\/\",\"name\":\"Sevinc Vaqifq\u0131z\u0131 hakim\u0259: \u201cS\u0259nd\u0259n f\u0259rqli olaraq, m\u0259n azad insanam\u201d - MEYDAN.TV\",\"isPartOf\":{\"@id\":\"https:\\\/\\\/www.meydan.tv\\\/az\\\/#website\"},\"primaryImageOfPage\":{\"@id\":\"https:\\\/\\\/www.meydan.tv\\\/az\\\/article\\\/sevinc-vaqifqizi-hakime-senden-ferqli-olaraq-men-azad-insanam\\\/#primaryimage\"},\"image\":{\"@id\":\"https:\\\/\\\/www.meydan.tv\\\/az\\\/article\\\/sevinc-vaqifqizi-hakime-senden-ferqli-olaraq-men-azad-insanam\\\/#primaryimage\"},\"thumbnailUrl\":\"https:\\\/\\\/www.meydan.tv\\\/wp-content\\\/uploads\\\/img_0633-scaled-e1703104450403.jpg\",\"datePublished\":\"2024-03-14T09:51:51+00:00\",\"dateModified\":\"2024-03-14T15:59:13+00:00\",\"breadcrumb\":{\"@id\":\"https:\\\/\\\/www.meydan.tv\\\/az\\\/article\\\/sevinc-vaqifqizi-hakime-senden-ferqli-olaraq-men-azad-insanam\\\/#breadcrumb\"},\"inLanguage\":\"az\",\"potentialAction\":[{\"@type\":\"ReadAction\",\"target\":[\"https:\\\/\\\/www.meydan.tv\\\/az\\\/article\\\/sevinc-vaqifqizi-hakime-senden-ferqli-olaraq-men-azad-insanam\\\/\"]}]},{\"@type\":\"ImageObject\",\"inLanguage\":\"az\",\"@id\":\"https:\\\/\\\/www.meydan.tv\\\/az\\\/article\\\/sevinc-vaqifqizi-hakime-senden-ferqli-olaraq-men-azad-insanam\\\/#primaryimage\",\"url\":\"https:\\\/\\\/www.meydan.tv\\\/wp-content\\\/uploads\\\/img_0633-scaled-e1703104450403.jpg\",\"contentUrl\":\"https:\\\/\\\/www.meydan.tv\\\/wp-content\\\/uploads\\\/img_0633-scaled-e1703104450403.jpg\",\"width\":2560,\"height\":1582,\"caption\":\"Sevinc Vaqifq\u0131z\u0131. Foto: Meydan TV\"},{\"@type\":\"BreadcrumbList\",\"@id\":\"https:\\\/\\\/www.meydan.tv\\\/az\\\/article\\\/sevinc-vaqifqizi-hakime-senden-ferqli-olaraq-men-azad-insanam\\\/#breadcrumb\",\"itemListElement\":[{\"@type\":\"ListItem\",\"position\":1,\"name\":\"Ana s\u0259hif\u0259\",\"item\":\"https:\\\/\\\/www.meydan.tv\\\/az\\\/\"},{\"@type\":\"ListItem\",\"position\":2,\"name\":\"Siyas\u0259t\",\"item\":\"https:\\\/\\\/www.meydan.tv\\\/az\\\/section\\\/siyaset\\\/\"},{\"@type\":\"ListItem\",\"position\":3,\"name\":\"Sevinc Vaqifq\u0131z\u0131 hakim\u0259: \u201cS\u0259nd\u0259n f\u0259rqli olaraq, m\u0259n azad insanam\u201d\"}]},{\"@type\":\"WebSite\",\"@id\":\"https:\\\/\\\/www.meydan.tv\\\/az\\\/#website\",\"url\":\"https:\\\/\\\/www.meydan.tv\\\/az\\\/\",\"name\":\"MEYDAN.TV\",\"description\":\"Meydan TV Az\u0259rbaycan\u0131n media m\u0259kan\u0131ndak\u0131 alternativ s\u0259sidir\",\"publisher\":{\"@id\":\"https:\\\/\\\/www.meydan.tv\\\/az\\\/#organization\"},\"potentialAction\":[{\"@type\":\"SearchAction\",\"target\":{\"@type\":\"EntryPoint\",\"urlTemplate\":\"https:\\\/\\\/www.meydan.tv\\\/az\\\/?s={search_term_string}\"},\"query-input\":{\"@type\":\"PropertyValueSpecification\",\"valueRequired\":true,\"valueName\":\"search_term_string\"}}],\"inLanguage\":\"az\"},{\"@type\":\"Organization\",\"@id\":\"https:\\\/\\\/www.meydan.tv\\\/az\\\/#organization\",\"name\":\"Meydan TV\",\"url\":\"https:\\\/\\\/www.meydan.tv\\\/az\\\/\",\"logo\":{\"@type\":\"ImageObject\",\"inLanguage\":\"az\",\"@id\":\"https:\\\/\\\/www.meydan.tv\\\/az\\\/#\\\/schema\\\/logo\\\/image\\\/\",\"url\":\"https:\\\/\\\/www.meydan.tv\\\/wp-content\\\/uploads\\\/2021\\\/07\\\/meydan-logo.svg\",\"contentUrl\":\"https:\\\/\\\/www.meydan.tv\\\/wp-content\\\/uploads\\\/2021\\\/07\\\/meydan-logo.svg\",\"width\":195,\"height\":46,\"caption\":\"Meydan TV\"},\"image\":{\"@id\":\"https:\\\/\\\/www.meydan.tv\\\/az\\\/#\\\/schema\\\/logo\\\/image\\\/\"}},{\"@type\":\"Person\",\"@id\":\"https:\\\/\\\/www.meydan.tv\\\/az\\\/#\\\/schema\\\/person\\\/9cdbecf90d17180ce1dfbd95b08dcf47\",\"name\":\"elli\",\"sameAs\":[\"https:\\\/\\\/x.com\\\/elli\"]}]}<\/script>\n<!-- \/ Yoast SEO plugin. -->","yoast_head_json":{"title":"Sevinc Vaqifq\u0131z\u0131 hakim\u0259: \u201cS\u0259nd\u0259n f\u0259rqli olaraq, m\u0259n azad insanam\u201d - MEYDAN.TV","robots":{"index":"index","follow":"follow","max-snippet":"max-snippet:-1","max-image-preview":"max-image-preview:large","max-video-preview":"max-video-preview:-1"},"canonical":"https:\/\/www.meydan.tv\/az\/article\/sevinc-vaqifqizi-hakime-senden-ferqli-olaraq-men-azad-insanam\/","og_locale":"az_AZ","og_type":"article","og_title":"Sevinc Vaqifq\u0131z\u0131 hakim\u0259: \u201cS\u0259nd\u0259n f\u0259rqli olaraq, m\u0259n azad insanam\u201d - MEYDAN.TV","og_description":"\u201cAbzasMedia\u201dn\u0131n direktoru \u00dclvi H\u0259s\u0259nli v\u0259 ba\u015f redaktoru Sevinc Vaqifq\u0131z\u0131 haqq\u0131nda ... Davam\u0131","og_url":"https:\/\/www.meydan.tv\/az\/article\/sevinc-vaqifqizi-hakime-senden-ferqli-olaraq-men-azad-insanam\/","og_site_name":"MEYDAN.TV","article_published_time":"2024-03-14T09:51:51+00:00","article_modified_time":"2024-03-14T15:59:13+00:00","og_image":[{"width":2560,"height":1582,"url":"https:\/\/www.meydan.tv\/wp-content\/uploads\/img_0633-scaled-e1703104450403.jpg","type":"image\/jpeg"}],"author":"elli","twitter_card":"summary_large_image","twitter_creator":"@elli","schema":{"@context":"https:\/\/schema.org","@graph":[{"@type":"Article","@id":"https:\/\/www.meydan.tv\/az\/article\/sevinc-vaqifqizi-hakime-senden-ferqli-olaraq-men-azad-insanam\/#article","isPartOf":{"@id":"https:\/\/www.meydan.tv\/az\/article\/sevinc-vaqifqizi-hakime-senden-ferqli-olaraq-men-azad-insanam\/"},"author":{"name":"elli","@id":"https:\/\/www.meydan.tv\/az\/#\/schema\/person\/9cdbecf90d17180ce1dfbd95b08dcf47"},"headline":"Sevinc Vaqifq\u0131z\u0131 hakim\u0259: \u201cS\u0259nd\u0259n f\u0259rqli olaraq, m\u0259n azad insanam\u201d","datePublished":"2024-03-14T09:51:51+00:00","dateModified":"2024-03-14T15:59:13+00:00","mainEntityOfPage":{"@id":"https:\/\/www.meydan.tv\/az\/article\/sevinc-vaqifqizi-hakime-senden-ferqli-olaraq-men-azad-insanam\/"},"wordCount":917,"publisher":{"@id":"https:\/\/www.meydan.tv\/az\/#organization"},"image":{"@id":"https:\/\/www.meydan.tv\/az\/article\/sevinc-vaqifqizi-hakime-senden-ferqli-olaraq-men-azad-insanam\/#primaryimage"},"thumbnailUrl":"https:\/\/www.meydan.tv\/wp-content\/uploads\/img_0633-scaled-e1703104450403.jpg","articleSection":["Siyas\u0259t","T\u00f6vsiy\u0259","Video","X\u0259b\u0259rl\u0259r"],"inLanguage":"az"},{"@type":"WebPage","@id":"https:\/\/www.meydan.tv\/az\/article\/sevinc-vaqifqizi-hakime-senden-ferqli-olaraq-men-azad-insanam\/","url":"https:\/\/www.meydan.tv\/az\/article\/sevinc-vaqifqizi-hakime-senden-ferqli-olaraq-men-azad-insanam\/","name":"Sevinc Vaqifq\u0131z\u0131 hakim\u0259: \u201cS\u0259nd\u0259n f\u0259rqli olaraq, m\u0259n azad insanam\u201d - MEYDAN.TV","isPartOf":{"@id":"https:\/\/www.meydan.tv\/az\/#website"},"primaryImageOfPage":{"@id":"https:\/\/www.meydan.tv\/az\/article\/sevinc-vaqifqizi-hakime-senden-ferqli-olaraq-men-azad-insanam\/#primaryimage"},"image":{"@id":"https:\/\/www.meydan.tv\/az\/article\/sevinc-vaqifqizi-hakime-senden-ferqli-olaraq-men-azad-insanam\/#primaryimage"},"thumbnailUrl":"https:\/\/www.meydan.tv\/wp-content\/uploads\/img_0633-scaled-e1703104450403.jpg","datePublished":"2024-03-14T09:51:51+00:00","dateModified":"2024-03-14T15:59:13+00:00","breadcrumb":{"@id":"https:\/\/www.meydan.tv\/az\/article\/sevinc-vaqifqizi-hakime-senden-ferqli-olaraq-men-azad-insanam\/#breadcrumb"},"inLanguage":"az","potentialAction":[{"@type":"ReadAction","target":["https:\/\/www.meydan.tv\/az\/article\/sevinc-vaqifqizi-hakime-senden-ferqli-olaraq-men-azad-insanam\/"]}]},{"@type":"ImageObject","inLanguage":"az","@id":"https:\/\/www.meydan.tv\/az\/article\/sevinc-vaqifqizi-hakime-senden-ferqli-olaraq-men-azad-insanam\/#primaryimage","url":"https:\/\/www.meydan.tv\/wp-content\/uploads\/img_0633-scaled-e1703104450403.jpg","contentUrl":"https:\/\/www.meydan.tv\/wp-content\/uploads\/img_0633-scaled-e1703104450403.jpg","width":2560,"height":1582,"caption":"Sevinc Vaqifq\u0131z\u0131. Foto: Meydan TV"},{"@type":"BreadcrumbList","@id":"https:\/\/www.meydan.tv\/az\/article\/sevinc-vaqifqizi-hakime-senden-ferqli-olaraq-men-azad-insanam\/#breadcrumb","itemListElement":[{"@type":"ListItem","position":1,"name":"Ana s\u0259hif\u0259","item":"https:\/\/www.meydan.tv\/az\/"},{"@type":"ListItem","position":2,"name":"Siyas\u0259t","item":"https:\/\/www.meydan.tv\/az\/section\/siyaset\/"},{"@type":"ListItem","position":3,"name":"Sevinc Vaqifq\u0131z\u0131 hakim\u0259: \u201cS\u0259nd\u0259n f\u0259rqli olaraq, m\u0259n azad insanam\u201d"}]},{"@type":"WebSite","@id":"https:\/\/www.meydan.tv\/az\/#website","url":"https:\/\/www.meydan.tv\/az\/","name":"MEYDAN.TV","description":"Meydan TV Az\u0259rbaycan\u0131n media m\u0259kan\u0131ndak\u0131 alternativ s\u0259sidir","publisher":{"@id":"https:\/\/www.meydan.tv\/az\/#organization"},"potentialAction":[{"@type":"SearchAction","target":{"@type":"EntryPoint","urlTemplate":"https:\/\/www.meydan.tv\/az\/?s={search_term_string}"},"query-input":{"@type":"PropertyValueSpecification","valueRequired":true,"valueName":"search_term_string"}}],"inLanguage":"az"},{"@type":"Organization","@id":"https:\/\/www.meydan.tv\/az\/#organization","name":"Meydan TV","url":"https:\/\/www.meydan.tv\/az\/","logo":{"@type":"ImageObject","inLanguage":"az","@id":"https:\/\/www.meydan.tv\/az\/#\/schema\/logo\/image\/","url":"https:\/\/www.meydan.tv\/wp-content\/uploads\/2021\/07\/meydan-logo.svg","contentUrl":"https:\/\/www.meydan.tv\/wp-content\/uploads\/2021\/07\/meydan-logo.svg","width":195,"height":46,"caption":"Meydan TV"},"image":{"@id":"https:\/\/www.meydan.tv\/az\/#\/schema\/logo\/image\/"}},{"@type":"Person","@id":"https:\/\/www.meydan.tv\/az\/#\/schema\/person\/9cdbecf90d17180ce1dfbd95b08dcf47","name":"elli","sameAs":["https:\/\/x.com\/elli"]}]}},"_links":{"self":[{"href":"https:\/\/www.meydan.tv\/az\/wp-json\/wp\/v2\/posts\/301156","targetHints":{"allow":["GET"]}}],"collection":[{"href":"https:\/\/www.meydan.tv\/az\/wp-json\/wp\/v2\/posts"}],"about":[{"href":"https:\/\/www.meydan.tv\/az\/wp-json\/wp\/v2\/types\/post"}],"author":[{"embeddable":true,"href":"https:\/\/www.meydan.tv\/az\/wp-json\/wp\/v2\/users\/8"}],"replies":[{"embeddable":true,"href":"https:\/\/www.meydan.tv\/az\/wp-json\/wp\/v2\/comments?post=301156"}],"version-history":[{"count":4,"href":"https:\/\/www.meydan.tv\/az\/wp-json\/wp\/v2\/posts\/301156\/revisions"}],"predecessor-version":[{"id":301217,"href":"https:\/\/www.meydan.tv\/az\/wp-json\/wp\/v2\/posts\/301156\/revisions\/301217"}],"wp:featuredmedia":[{"embeddable":true,"href":"https:\/\/www.meydan.tv\/az\/wp-json\/wp\/v2\/media\/291524"}],"wp:attachment":[{"href":"https:\/\/www.meydan.tv\/az\/wp-json\/wp\/v2\/media?parent=301156"}],"wp:term":[{"taxonomy":"category","embeddable":true,"href":"https:\/\/www.meydan.tv\/az\/wp-json\/wp\/v2\/categories?post=301156"},{"taxonomy":"post_tag","embeddable":true,"href":"https:\/\/www.meydan.tv\/az\/wp-json\/wp\/v2\/tags?post=301156"}],"curies":[{"name":"wp","href":"https:\/\/api.w.org\/{rel}","templated":true}]}}