{"id":301149,"date":"2024-03-14T13:41:06","date_gmt":"2024-03-14T09:41:06","guid":{"rendered":"https:\/\/www.meydan.tv\/?p=301149"},"modified":"2024-03-14T13:41:14","modified_gmt":"2024-03-14T09:41:14","slug":"avropa-parlamenti-suni-intellekti-tenzimleyen-qanun-qebul-edib","status":"publish","type":"post","link":"https:\/\/www.meydan.tv\/az\/article\/avropa-parlamenti-suni-intellekti-tenzimleyen-qanun-qebul-edib\/","title":{"rendered":"Avropa Parlamenti s\u00fcni intellekti t\u0259nziml\u0259y\u0259n qanun q\u0259bul edib"},"content":{"rendered":"\n<p><\/p>\n\n\n\n<p><strong><em>T\u0259nziml\u0259m\u0259 potensial riskl\u0259r\u0259 v\u0259 t\u0259sir s\u0259viyy\u0259sin\u0259 \u0259sas\u0259n A\u0130 \u00fc\u00e7\u00fcn \u00f6hd\u0259likl\u0259r m\u00fc\u0259yy\u0259nl\u0259\u015fdirir<\/em><\/strong><\/p>\n\n\n\n<p>Mart\u0131n 13-d\u0259 Avropa Parlamenti s\u00fcni intellektd\u0259n istifad\u0259ni t\u0259nziml\u0259y\u0259n qanun <a href=\"https:\/\/www.europarl.europa.eu\/news\/en\/press-room\/20240308IPR19015\/artificial-intelligence-act-meps-adopt-landmark-law#:~:text=On%20Wednesday%2C%20Parliament%20approved%20the,46%20against%20and%2049%20abstentions.\">q\u0259bul <\/a>edib.<br>Bu, d\u00fcnyada q\u0259bul edil\u0259n ilk bel\u0259 qanundur.<\/p>\n\n\n\n<p>Bu bar\u0259d\u0259 Avropa Parlamentinin yayd\u0131\u011f\u0131 m\u0259lumatda bildirilir ki, innovasiyalar\u0131 g\u00fccl\u0259ndirm\u0259kl\u0259 yana\u015f\u0131, t\u0259hl\u00fck\u0259sizliyi v\u0259 fundamental h\u00fcquqlara uy\u011funlu\u011fu t\u0259min ed\u0259n S\u00fcni \u0130ntellekt Qanunu t\u0259sdiql\u0259nib.<\/p>\n\n\n\n<p>2023-c\u00fc ilin dekabr\u0131ndan \u00fczv d\u00f6vl\u0259tl\u0259rl\u0259 apar\u0131lan dan\u0131\u015f\u0131qlarda raz\u0131la\u015fd\u0131r\u0131lan reqlament Avropa Parlamentinin deputatlar\u0131 t\u0259r\u0259find\u0259n 523 lehin\u0259, 46 \u0259leyhin\u0259 v\u0259 49 bit\u0259r\u0259f olmaqla t\u0259sdiq edilib.<\/p>\n\n\n\n<p>Qanun \u0259sas h\u00fcquqlar\u0131, demokratiyan\u0131, qanunun aliliyini v\u0259 ekoloji davaml\u0131l\u0131\u011f\u0131 y\u00fcks\u0259k riskli s\u00fcni intellektd\u0259n qorumaq, eyni zamandan, innovasiyalar\u0131 g\u00fccl\u0259ndirm\u0259k m\u0259qs\u0259di da\u015f\u0131y\u0131r.<br>T\u0259nziml\u0259m\u0259 potensial riskl\u0259r\u0259 v\u0259 t\u0259sir s\u0259viyy\u0259sin\u0259 \u0259sas\u0259n A\u0130 \u00fc\u00e7\u00fcn \u00f6hd\u0259likl\u0259r m\u00fc\u0259yy\u0259n edir.<\/p>\n\n\n\n<p><strong>Qada\u011fan olunmu\u015f proqramlar<\/strong><\/p>\n\n\n\n<p>Yeni qaydalar v\u0259t\u0259nda\u015flar\u0131n h\u00fcquqlar\u0131n\u0131 t\u0259hdid ed\u0259n b\u0259zi s\u00fcni intellekt t\u0259tbiql\u0259rini, o c\u00fcml\u0259d\u0259n h\u0259ssas x\u00fcsusiyy\u0259tl\u0259r\u0259 \u0259saslanan biometrik kateqoriyalara ay\u0131rma sisteml\u0259rini v\u0259 sif\u0259tin tan\u0131nmas\u0131 veril\u0259nl\u0259r bazas\u0131 yaratmaq \u00fc\u00e7\u00fcn internetd\u0259n v\u0259 ya CCTV g\u00f6r\u00fcnt\u00fcl\u0259rinin m\u0259qs\u0259dsiz sur\u0259td\u0259 \u00e7\u0131xar\u0131lmas\u0131n\u0131 qada\u011fan edir.<\/p>\n\n\n\n<p>\u0130\u015f yerind\u0259 v\u0259 m\u0259kt\u0259bl\u0259rd\u0259 emosiyalar\u0131n tan\u0131nmas\u0131, sosial qiym\u0259tl\u0259ndirm\u0259, proqnozla\u015fd\u0131r\u0131c\u0131 polislik v\u0259 insan davran\u0131\u015f\u0131n\u0131 manipulyasiya ed\u0259n v\u0259 ya insanlar\u0131n z\u0259iflikl\u0259rind\u0259n istifad\u0259 ed\u0259n s\u00fcni intellekt d\u0259 qada\u011fan edil\u0259c\u0259k.<\/p>\n\n\n\n<p><strong>H\u00fcquq-m\u00fchafiz\u0259 orqanlar\u0131nda istisnalar<\/strong><\/p>\n\n\n\n<p>H\u00fcquq-m\u00fchafiz\u0259 orqanlar\u0131 t\u0259r\u0259find\u0259n biometrik identifikasiya sisteml\u0259rinin (RBI) istifad\u0259si, h\u0259rt\u0259r\u0259fli sadalanan v\u0259 dar \u015f\u0259kild\u0259 m\u00fc\u0259yy\u0259n edilmi\u015f hallar istisna olmaqla, prinsipc\u0259 qada\u011fand\u0131r.<\/p>\n\n\n\n<p>\u201cReal-vaxt\u201d RBI yaln\u0131z ciddi t\u0259minatlara \u0259m\u0259l olunarsa, yerl\u0259\u015fdiril\u0259 bil\u0259r. Onun istifad\u0259si is\u0259 co\u011frafi miqyas bax\u0131m\u0131ndan m\u0259hduddur v\u0259 \u0259vv\u0259lc\u0259d\u0259n x\u00fcsusi m\u0259hk\u0259m\u0259 v\u0259 ya inzibati icaz\u0259y\u0259 tabedir. Bu c\u00fcr istifad\u0259l\u0259r\u0259, m\u0259s\u0259l\u0259n, itkin d\u00fc\u015f\u0259n \u015f\u0259xsin m\u0259qs\u0259dy\u00f6nl\u00fc axtar\u0131\u015f\u0131 v\u0259 ya terror h\u00fccumunun qar\u015f\u0131s\u0131n\u0131n al\u0131nmas\u0131 daxil ola bil\u0259r. Bel\u0259 sisteml\u0259rd\u0259n istifad\u0259 y\u00fcks\u0259k riskli istifad\u0259 hal\u0131 hesab edilir. Bundan istifad\u0259 yaln\u0131z cinay\u0259t \u0259m\u0259li zaman\u0131 edil\u0259 bil\u0259r. Bunun \u00fc\u00e7\u00fcn m\u0259hk\u0259m\u0259 icaz\u0259si t\u0259l\u0259b olunur.<\/p>\n\n\n\n<p>H\u0259m\u00e7inin qanun t\u0259l\u0259b edir ki, s\u00fcni intellekt sisteml\u0259rinin k\u00f6m\u0259yi il\u0259 haz\u0131rlanm\u0131\u015f b\u00fct\u00fcn foto v\u0259 videolar\u0131n \u00fcst\u00fcnd\u0259 m\u00fcvafiq i\u015far\u0259l\u0259nm\u0259 olmal\u0131d\u0131r.<\/p>\n\n\n\n<p><strong>\u201cS\u00fcni intellektin inki\u015faf\u0131n\u0131n m\u0259rk\u0259zind\u0259 insan olmal\u0131d\u0131r\u201d<\/strong><\/p>\n\n\n\n<p>M\u00fczakir\u0259l\u0259r zaman\u0131 Daxili Bazar Komit\u0259sinin h\u0259mm\u0259ruz\u0259\u00e7isi Brando Benifei deyib ki, riskl\u0259ri azaltmaq, imkanlar yaratmaq, ayr\u0131se\u00e7kilikl\u0259 m\u00fcbariz\u0259 aparmaq v\u0259 \u015f\u0259ffafl\u0131q g\u0259tirm\u0259k \u00fc\u00e7\u00fcn n\u0259hay\u0259t, s\u00fcni intellektl\u0259 ba\u011fl\u0131 d\u00fcnyada ilk m\u0259cburi qanunumuz var:<\/p>\n\n\n\n<p><em>\u201cParlament say\u0259sind\u0259 Avropada b\u0259zi q\u0259buledilm\u0259z t\u0259cr\u00fcb\u0259l\u0259r qada\u011fan edil\u0259c\u0259k. \u0130\u015f\u00e7il\u0259rin v\u0259 v\u0259t\u0259nda\u015flar\u0131n h\u00fcquqlar\u0131 qorunacaq. Biz s\u00fcni intellektin inki\u015faf\u0131n\u0131n m\u0259rk\u0259zind\u0259 insan v\u0259 Avropa d\u0259y\u0259rl\u0259rinin olmas\u0131n\u0131 t\u0259min edirik\u201d.<\/em><\/p>\n\n\n\n<p>Qanunu A\u0130 \u015euras\u0131 t\u0259sdiql\u0259m\u0259lidir. Onun may\u0131n sonunda q\u00fcvv\u0259y\u0259 min\u0259c\u0259yi g\u00f6zl\u0259nilir.<\/p>\n","protected":false},"excerpt":{"rendered":"<p>T\u0259nziml\u0259m\u0259 potensial riskl\u0259r\u0259 v\u0259 t\u0259sir s\u0259viyy\u0259sin\u0259 \u0259sas\u0259n A\u0130 \u00fc\u00e7\u00fcn \u00f6hd\u0259likl\u0259r &#8230; <\/p>\n<p class=\"read-more-container\"><a title=\"Avropa Parlamenti s\u00fcni intellekti t\u0259nziml\u0259y\u0259n qanun q\u0259bul edib\" class=\"read-more button\" href=\"https:\/\/www.meydan.tv\/az\/article\/avropa-parlamenti-suni-intellekti-tenzimleyen-qanun-qebul-edib\/#more-301149\" aria-label=\"Read more about Avropa Parlamenti s\u00fcni intellekti t\u0259nziml\u0259y\u0259n qanun q\u0259bul edib\">Davam\u0131<\/a><\/p>\n","protected":false},"author":8,"featured_media":301152,"comment_status":"closed","ping_status":"closed","sticky":false,"template":"","format":"standard","meta":{"_acf_changed":false,"_sitemap_exclude":false,"_sitemap_priority":"","_sitemap_frequency":"","footnotes":""},"categories":[62,56],"tags":[],"class_list":["post-301149","post","type-post","status-publish","format-standard","has-post-thumbnail","hentry","category-sosial","category-xeberler","infinite-scroll-item","generate-columns","tablet-grid-50","mobile-grid-100","grid-parent","grid-33","no-featured-image-padding"],"acf":[],"yoast_head":"<!-- This site is optimized with the Yoast SEO plugin v27.5 - https:\/\/yoast.com\/product\/yoast-seo-wordpress\/ -->\n<title>Avropa Parlamenti s\u00fcni intellekti t\u0259nziml\u0259y\u0259n qanun q\u0259bul edib - MEYDAN.TV<\/title>\n<meta name=\"robots\" content=\"index, follow, max-snippet:-1, max-image-preview:large, max-video-preview:-1\" \/>\n<link rel=\"canonical\" href=\"https:\/\/www.meydan.tv\/az\/article\/avropa-parlamenti-suni-intellekti-tenzimleyen-qanun-qebul-edib\/\" \/>\n<meta property=\"og:locale\" content=\"az_AZ\" \/>\n<meta property=\"og:type\" content=\"article\" \/>\n<meta property=\"og:title\" content=\"Avropa Parlamenti s\u00fcni intellekti t\u0259nziml\u0259y\u0259n qanun q\u0259bul edib - MEYDAN.TV\" \/>\n<meta property=\"og:description\" content=\"T\u0259nziml\u0259m\u0259 potensial riskl\u0259r\u0259 v\u0259 t\u0259sir s\u0259viyy\u0259sin\u0259 \u0259sas\u0259n A\u0130 \u00fc\u00e7\u00fcn \u00f6hd\u0259likl\u0259r ... Davam\u0131\" \/>\n<meta property=\"og:url\" content=\"https:\/\/www.meydan.tv\/az\/article\/avropa-parlamenti-suni-intellekti-tenzimleyen-qanun-qebul-edib\/\" \/>\n<meta property=\"og:site_name\" content=\"MEYDAN.TV\" \/>\n<meta property=\"article:published_time\" content=\"2024-03-14T09:41:06+00:00\" \/>\n<meta property=\"article:modified_time\" content=\"2024-03-14T09:41:14+00:00\" \/>\n<meta property=\"og:image\" content=\"https:\/\/www.meydan.tv\/wp-content\/uploads\/knqn4ssdjjm63bfm73uwtdv2gm.jpg\" \/>\n\t<meta property=\"og:image:width\" content=\"1200\" \/>\n\t<meta property=\"og:image:height\" content=\"814\" \/>\n\t<meta property=\"og:image:type\" content=\"image\/jpeg\" \/>\n<meta name=\"author\" content=\"elli\" \/>\n<meta name=\"twitter:card\" content=\"summary_large_image\" \/>\n<meta name=\"twitter:creator\" content=\"@elli\" \/>\n<script type=\"application\/ld+json\" class=\"yoast-schema-graph\">{\"@context\":\"https:\\\/\\\/schema.org\",\"@graph\":[{\"@type\":\"Article\",\"@id\":\"https:\\\/\\\/www.meydan.tv\\\/az\\\/article\\\/avropa-parlamenti-suni-intellekti-tenzimleyen-qanun-qebul-edib\\\/#article\",\"isPartOf\":{\"@id\":\"https:\\\/\\\/www.meydan.tv\\\/az\\\/article\\\/avropa-parlamenti-suni-intellekti-tenzimleyen-qanun-qebul-edib\\\/\"},\"author\":{\"name\":\"elli\",\"@id\":\"https:\\\/\\\/www.meydan.tv\\\/az\\\/#\\\/schema\\\/person\\\/9cdbecf90d17180ce1dfbd95b08dcf47\"},\"headline\":\"Avropa Parlamenti s\u00fcni intellekti t\u0259nziml\u0259y\u0259n qanun q\u0259bul edib\",\"datePublished\":\"2024-03-14T09:41:06+00:00\",\"dateModified\":\"2024-03-14T09:41:14+00:00\",\"mainEntityOfPage\":{\"@id\":\"https:\\\/\\\/www.meydan.tv\\\/az\\\/article\\\/avropa-parlamenti-suni-intellekti-tenzimleyen-qanun-qebul-edib\\\/\"},\"wordCount\":644,\"publisher\":{\"@id\":\"https:\\\/\\\/www.meydan.tv\\\/az\\\/#organization\"},\"image\":{\"@id\":\"https:\\\/\\\/www.meydan.tv\\\/az\\\/article\\\/avropa-parlamenti-suni-intellekti-tenzimleyen-qanun-qebul-edib\\\/#primaryimage\"},\"thumbnailUrl\":\"https:\\\/\\\/www.meydan.tv\\\/wp-content\\\/uploads\\\/knqn4ssdjjm63bfm73uwtdv2gm.jpg\",\"articleSection\":[\"Sosial\",\"X\u0259b\u0259rl\u0259r\"],\"inLanguage\":\"az\"},{\"@type\":\"WebPage\",\"@id\":\"https:\\\/\\\/www.meydan.tv\\\/az\\\/article\\\/avropa-parlamenti-suni-intellekti-tenzimleyen-qanun-qebul-edib\\\/\",\"url\":\"https:\\\/\\\/www.meydan.tv\\\/az\\\/article\\\/avropa-parlamenti-suni-intellekti-tenzimleyen-qanun-qebul-edib\\\/\",\"name\":\"Avropa Parlamenti s\u00fcni intellekti t\u0259nziml\u0259y\u0259n qanun q\u0259bul edib - MEYDAN.TV\",\"isPartOf\":{\"@id\":\"https:\\\/\\\/www.meydan.tv\\\/az\\\/#website\"},\"primaryImageOfPage\":{\"@id\":\"https:\\\/\\\/www.meydan.tv\\\/az\\\/article\\\/avropa-parlamenti-suni-intellekti-tenzimleyen-qanun-qebul-edib\\\/#primaryimage\"},\"image\":{\"@id\":\"https:\\\/\\\/www.meydan.tv\\\/az\\\/article\\\/avropa-parlamenti-suni-intellekti-tenzimleyen-qanun-qebul-edib\\\/#primaryimage\"},\"thumbnailUrl\":\"https:\\\/\\\/www.meydan.tv\\\/wp-content\\\/uploads\\\/knqn4ssdjjm63bfm73uwtdv2gm.jpg\",\"datePublished\":\"2024-03-14T09:41:06+00:00\",\"dateModified\":\"2024-03-14T09:41:14+00:00\",\"breadcrumb\":{\"@id\":\"https:\\\/\\\/www.meydan.tv\\\/az\\\/article\\\/avropa-parlamenti-suni-intellekti-tenzimleyen-qanun-qebul-edib\\\/#breadcrumb\"},\"inLanguage\":\"az\",\"potentialAction\":[{\"@type\":\"ReadAction\",\"target\":[\"https:\\\/\\\/www.meydan.tv\\\/az\\\/article\\\/avropa-parlamenti-suni-intellekti-tenzimleyen-qanun-qebul-edib\\\/\"]}]},{\"@type\":\"ImageObject\",\"inLanguage\":\"az\",\"@id\":\"https:\\\/\\\/www.meydan.tv\\\/az\\\/article\\\/avropa-parlamenti-suni-intellekti-tenzimleyen-qanun-qebul-edib\\\/#primaryimage\",\"url\":\"https:\\\/\\\/www.meydan.tv\\\/wp-content\\\/uploads\\\/knqn4ssdjjm63bfm73uwtdv2gm.jpg\",\"contentUrl\":\"https:\\\/\\\/www.meydan.tv\\\/wp-content\\\/uploads\\\/knqn4ssdjjm63bfm73uwtdv2gm.jpg\",\"width\":1200,\"height\":814,\"caption\":\"S\u00fcni intellekt. Foto: Reuters\"},{\"@type\":\"BreadcrumbList\",\"@id\":\"https:\\\/\\\/www.meydan.tv\\\/az\\\/article\\\/avropa-parlamenti-suni-intellekti-tenzimleyen-qanun-qebul-edib\\\/#breadcrumb\",\"itemListElement\":[{\"@type\":\"ListItem\",\"position\":1,\"name\":\"Ana s\u0259hif\u0259\",\"item\":\"https:\\\/\\\/www.meydan.tv\\\/az\\\/\"},{\"@type\":\"ListItem\",\"position\":2,\"name\":\"Sosial\",\"item\":\"https:\\\/\\\/www.meydan.tv\\\/az\\\/section\\\/sosial\\\/\"},{\"@type\":\"ListItem\",\"position\":3,\"name\":\"Avropa Parlamenti s\u00fcni intellekti t\u0259nziml\u0259y\u0259n qanun q\u0259bul edib\"}]},{\"@type\":\"WebSite\",\"@id\":\"https:\\\/\\\/www.meydan.tv\\\/az\\\/#website\",\"url\":\"https:\\\/\\\/www.meydan.tv\\\/az\\\/\",\"name\":\"MEYDAN.TV\",\"description\":\"Meydan TV Az\u0259rbaycan\u0131n media m\u0259kan\u0131ndak\u0131 alternativ s\u0259sidir\",\"publisher\":{\"@id\":\"https:\\\/\\\/www.meydan.tv\\\/az\\\/#organization\"},\"potentialAction\":[{\"@type\":\"SearchAction\",\"target\":{\"@type\":\"EntryPoint\",\"urlTemplate\":\"https:\\\/\\\/www.meydan.tv\\\/az\\\/?s={search_term_string}\"},\"query-input\":{\"@type\":\"PropertyValueSpecification\",\"valueRequired\":true,\"valueName\":\"search_term_string\"}}],\"inLanguage\":\"az\"},{\"@type\":\"Organization\",\"@id\":\"https:\\\/\\\/www.meydan.tv\\\/az\\\/#organization\",\"name\":\"Meydan TV\",\"url\":\"https:\\\/\\\/www.meydan.tv\\\/az\\\/\",\"logo\":{\"@type\":\"ImageObject\",\"inLanguage\":\"az\",\"@id\":\"https:\\\/\\\/www.meydan.tv\\\/az\\\/#\\\/schema\\\/logo\\\/image\\\/\",\"url\":\"https:\\\/\\\/www.meydan.tv\\\/wp-content\\\/uploads\\\/2021\\\/07\\\/meydan-logo.svg\",\"contentUrl\":\"https:\\\/\\\/www.meydan.tv\\\/wp-content\\\/uploads\\\/2021\\\/07\\\/meydan-logo.svg\",\"width\":195,\"height\":46,\"caption\":\"Meydan TV\"},\"image\":{\"@id\":\"https:\\\/\\\/www.meydan.tv\\\/az\\\/#\\\/schema\\\/logo\\\/image\\\/\"}},{\"@type\":\"Person\",\"@id\":\"https:\\\/\\\/www.meydan.tv\\\/az\\\/#\\\/schema\\\/person\\\/9cdbecf90d17180ce1dfbd95b08dcf47\",\"name\":\"elli\",\"sameAs\":[\"https:\\\/\\\/x.com\\\/elli\"]}]}<\/script>\n<!-- \/ Yoast SEO plugin. -->","yoast_head_json":{"title":"Avropa Parlamenti s\u00fcni intellekti t\u0259nziml\u0259y\u0259n qanun q\u0259bul edib - MEYDAN.TV","robots":{"index":"index","follow":"follow","max-snippet":"max-snippet:-1","max-image-preview":"max-image-preview:large","max-video-preview":"max-video-preview:-1"},"canonical":"https:\/\/www.meydan.tv\/az\/article\/avropa-parlamenti-suni-intellekti-tenzimleyen-qanun-qebul-edib\/","og_locale":"az_AZ","og_type":"article","og_title":"Avropa Parlamenti s\u00fcni intellekti t\u0259nziml\u0259y\u0259n qanun q\u0259bul edib - MEYDAN.TV","og_description":"T\u0259nziml\u0259m\u0259 potensial riskl\u0259r\u0259 v\u0259 t\u0259sir s\u0259viyy\u0259sin\u0259 \u0259sas\u0259n A\u0130 \u00fc\u00e7\u00fcn \u00f6hd\u0259likl\u0259r ... Davam\u0131","og_url":"https:\/\/www.meydan.tv\/az\/article\/avropa-parlamenti-suni-intellekti-tenzimleyen-qanun-qebul-edib\/","og_site_name":"MEYDAN.TV","article_published_time":"2024-03-14T09:41:06+00:00","article_modified_time":"2024-03-14T09:41:14+00:00","og_image":[{"width":1200,"height":814,"url":"https:\/\/www.meydan.tv\/wp-content\/uploads\/knqn4ssdjjm63bfm73uwtdv2gm.jpg","type":"image\/jpeg"}],"author":"elli","twitter_card":"summary_large_image","twitter_creator":"@elli","schema":{"@context":"https:\/\/schema.org","@graph":[{"@type":"Article","@id":"https:\/\/www.meydan.tv\/az\/article\/avropa-parlamenti-suni-intellekti-tenzimleyen-qanun-qebul-edib\/#article","isPartOf":{"@id":"https:\/\/www.meydan.tv\/az\/article\/avropa-parlamenti-suni-intellekti-tenzimleyen-qanun-qebul-edib\/"},"author":{"name":"elli","@id":"https:\/\/www.meydan.tv\/az\/#\/schema\/person\/9cdbecf90d17180ce1dfbd95b08dcf47"},"headline":"Avropa Parlamenti s\u00fcni intellekti t\u0259nziml\u0259y\u0259n qanun q\u0259bul edib","datePublished":"2024-03-14T09:41:06+00:00","dateModified":"2024-03-14T09:41:14+00:00","mainEntityOfPage":{"@id":"https:\/\/www.meydan.tv\/az\/article\/avropa-parlamenti-suni-intellekti-tenzimleyen-qanun-qebul-edib\/"},"wordCount":644,"publisher":{"@id":"https:\/\/www.meydan.tv\/az\/#organization"},"image":{"@id":"https:\/\/www.meydan.tv\/az\/article\/avropa-parlamenti-suni-intellekti-tenzimleyen-qanun-qebul-edib\/#primaryimage"},"thumbnailUrl":"https:\/\/www.meydan.tv\/wp-content\/uploads\/knqn4ssdjjm63bfm73uwtdv2gm.jpg","articleSection":["Sosial","X\u0259b\u0259rl\u0259r"],"inLanguage":"az"},{"@type":"WebPage","@id":"https:\/\/www.meydan.tv\/az\/article\/avropa-parlamenti-suni-intellekti-tenzimleyen-qanun-qebul-edib\/","url":"https:\/\/www.meydan.tv\/az\/article\/avropa-parlamenti-suni-intellekti-tenzimleyen-qanun-qebul-edib\/","name":"Avropa Parlamenti s\u00fcni intellekti t\u0259nziml\u0259y\u0259n qanun q\u0259bul edib - MEYDAN.TV","isPartOf":{"@id":"https:\/\/www.meydan.tv\/az\/#website"},"primaryImageOfPage":{"@id":"https:\/\/www.meydan.tv\/az\/article\/avropa-parlamenti-suni-intellekti-tenzimleyen-qanun-qebul-edib\/#primaryimage"},"image":{"@id":"https:\/\/www.meydan.tv\/az\/article\/avropa-parlamenti-suni-intellekti-tenzimleyen-qanun-qebul-edib\/#primaryimage"},"thumbnailUrl":"https:\/\/www.meydan.tv\/wp-content\/uploads\/knqn4ssdjjm63bfm73uwtdv2gm.jpg","datePublished":"2024-03-14T09:41:06+00:00","dateModified":"2024-03-14T09:41:14+00:00","breadcrumb":{"@id":"https:\/\/www.meydan.tv\/az\/article\/avropa-parlamenti-suni-intellekti-tenzimleyen-qanun-qebul-edib\/#breadcrumb"},"inLanguage":"az","potentialAction":[{"@type":"ReadAction","target":["https:\/\/www.meydan.tv\/az\/article\/avropa-parlamenti-suni-intellekti-tenzimleyen-qanun-qebul-edib\/"]}]},{"@type":"ImageObject","inLanguage":"az","@id":"https:\/\/www.meydan.tv\/az\/article\/avropa-parlamenti-suni-intellekti-tenzimleyen-qanun-qebul-edib\/#primaryimage","url":"https:\/\/www.meydan.tv\/wp-content\/uploads\/knqn4ssdjjm63bfm73uwtdv2gm.jpg","contentUrl":"https:\/\/www.meydan.tv\/wp-content\/uploads\/knqn4ssdjjm63bfm73uwtdv2gm.jpg","width":1200,"height":814,"caption":"S\u00fcni intellekt. Foto: Reuters"},{"@type":"BreadcrumbList","@id":"https:\/\/www.meydan.tv\/az\/article\/avropa-parlamenti-suni-intellekti-tenzimleyen-qanun-qebul-edib\/#breadcrumb","itemListElement":[{"@type":"ListItem","position":1,"name":"Ana s\u0259hif\u0259","item":"https:\/\/www.meydan.tv\/az\/"},{"@type":"ListItem","position":2,"name":"Sosial","item":"https:\/\/www.meydan.tv\/az\/section\/sosial\/"},{"@type":"ListItem","position":3,"name":"Avropa Parlamenti s\u00fcni intellekti t\u0259nziml\u0259y\u0259n qanun q\u0259bul edib"}]},{"@type":"WebSite","@id":"https:\/\/www.meydan.tv\/az\/#website","url":"https:\/\/www.meydan.tv\/az\/","name":"MEYDAN.TV","description":"Meydan TV Az\u0259rbaycan\u0131n media m\u0259kan\u0131ndak\u0131 alternativ s\u0259sidir","publisher":{"@id":"https:\/\/www.meydan.tv\/az\/#organization"},"potentialAction":[{"@type":"SearchAction","target":{"@type":"EntryPoint","urlTemplate":"https:\/\/www.meydan.tv\/az\/?s={search_term_string}"},"query-input":{"@type":"PropertyValueSpecification","valueRequired":true,"valueName":"search_term_string"}}],"inLanguage":"az"},{"@type":"Organization","@id":"https:\/\/www.meydan.tv\/az\/#organization","name":"Meydan TV","url":"https:\/\/www.meydan.tv\/az\/","logo":{"@type":"ImageObject","inLanguage":"az","@id":"https:\/\/www.meydan.tv\/az\/#\/schema\/logo\/image\/","url":"https:\/\/www.meydan.tv\/wp-content\/uploads\/2021\/07\/meydan-logo.svg","contentUrl":"https:\/\/www.meydan.tv\/wp-content\/uploads\/2021\/07\/meydan-logo.svg","width":195,"height":46,"caption":"Meydan TV"},"image":{"@id":"https:\/\/www.meydan.tv\/az\/#\/schema\/logo\/image\/"}},{"@type":"Person","@id":"https:\/\/www.meydan.tv\/az\/#\/schema\/person\/9cdbecf90d17180ce1dfbd95b08dcf47","name":"elli","sameAs":["https:\/\/x.com\/elli"]}]}},"_links":{"self":[{"href":"https:\/\/www.meydan.tv\/az\/wp-json\/wp\/v2\/posts\/301149","targetHints":{"allow":["GET"]}}],"collection":[{"href":"https:\/\/www.meydan.tv\/az\/wp-json\/wp\/v2\/posts"}],"about":[{"href":"https:\/\/www.meydan.tv\/az\/wp-json\/wp\/v2\/types\/post"}],"author":[{"embeddable":true,"href":"https:\/\/www.meydan.tv\/az\/wp-json\/wp\/v2\/users\/8"}],"replies":[{"embeddable":true,"href":"https:\/\/www.meydan.tv\/az\/wp-json\/wp\/v2\/comments?post=301149"}],"version-history":[{"count":3,"href":"https:\/\/www.meydan.tv\/az\/wp-json\/wp\/v2\/posts\/301149\/revisions"}],"predecessor-version":[{"id":301159,"href":"https:\/\/www.meydan.tv\/az\/wp-json\/wp\/v2\/posts\/301149\/revisions\/301159"}],"wp:featuredmedia":[{"embeddable":true,"href":"https:\/\/www.meydan.tv\/az\/wp-json\/wp\/v2\/media\/301152"}],"wp:attachment":[{"href":"https:\/\/www.meydan.tv\/az\/wp-json\/wp\/v2\/media?parent=301149"}],"wp:term":[{"taxonomy":"category","embeddable":true,"href":"https:\/\/www.meydan.tv\/az\/wp-json\/wp\/v2\/categories?post=301149"},{"taxonomy":"post_tag","embeddable":true,"href":"https:\/\/www.meydan.tv\/az\/wp-json\/wp\/v2\/tags?post=301149"}],"curies":[{"name":"wp","href":"https:\/\/api.w.org\/{rel}","templated":true}]}}