{"id":301128,"date":"2024-03-14T11:56:08","date_gmt":"2024-03-14T07:56:08","guid":{"rendered":"https:\/\/www.meydan.tv\/?p=301128"},"modified":"2024-03-14T22:53:07","modified_gmt":"2024-03-14T18:53:07","slug":"xedice-ismayilova-da-polise-cagirilib","status":"publish","type":"post","link":"https:\/\/www.meydan.tv\/az\/article\/xedice-ismayilova-da-polise-cagirilib\/","title":{"rendered":"X\u0259dic\u0259 \u0130smay\u0131lova \u201cToplum TV i\u015fi\u201d il\u0259 \u0259laq\u0259dar dindirilib (Yenil\u0259nib)"},"content":{"rendered":"\n<p><\/p>\n\n\n<div class=\"gb-container gb-container-e4a99a65\">\n<div class=\"gb-container gb-container-595e2e7f\">\n\n<figure class=\"wp-block-embed is-type-video is-provider-youtube wp-block-embed-youtube wp-embed-aspect-16-9 wp-has-aspect-ratio\"><div class=\"wp-block-embed__wrapper\">\n<iframe title=\"X\u0259dic\u0259 \u0130smay\u0131l ifad\u0259 verm\u0259kd\u0259n imtina edib\" width=\"1200\" height=\"675\" data-src=\"https:\/\/www.youtube.com\/embed\/fSla6q0XHQo?feature=oembed\" frameborder=\"0\" allow=\"accelerometer; autoplay; clipboard-write; encrypted-media; gyroscope; picture-in-picture; web-share\" referrerpolicy=\"strict-origin-when-cross-origin\" allowfullscreen src=\"data:image\/svg+xml;base64,PHN2ZyB3aWR0aD0iMSIgaGVpZ2h0PSIxIiB4bWxucz0iaHR0cDovL3d3dy53My5vcmcvMjAwMC9zdmciPjwvc3ZnPg==\" class=\"lazyload\" data-load-mode=\"1\"><\/iframe>\n<\/div><figcaption class=\"wp-element-caption\"><br><br>\u201cToplum TV\u201d-nin ba\u015f redaktoru X\u0259dic\u0259 \u0130smay\u0131lova mart\u0131n 14-d\u0259 Bak\u0131 \u015e\u0259h\u0259r Ba\u015f Polis \u0130dar\u0259sind\u0259 dindirilib. \u201cToplum TV\u201d il\u0259 ba\u011fl\u0131 cinay\u0259t i\u015fi \u00fczr\u0259 \u015fahid qismind\u0259 istintaqa c\u0259lb olunan X\u0259dic\u0259 \u0130smay\u0131lova 3 saata yax\u0131n idar\u0259d\u0259 olsa da, \u0259trafl\u0131 ifad\u0259 verm\u0259yib. Onun s\u00f6zl\u0259rin\u0259 g\u00f6r\u0259, dindirm\u0259 zaman\u0131 q\u0259r\u0259zli m\u00fcnasib\u0259t hiss etdiyin\u0259 g\u00f6r\u0259 Konstitusiya v\u0259 qanunlar\u0131n ona verdiyi susmaq h\u00fcququndan istifad\u0259 etm\u0259k q\u0259rar\u0131na g\u0259lib.<br><br>Konstitusiyan\u0131n 66-c\u0131 madd\u0259sind\u0259 yaz\u0131l\u0131b ki, \u201che\u00e7 k\u0259s \u00f6z\u00fcn\u0259 v\u0259 yax\u0131n qohumlar\u0131na qar\u015f\u0131 ifad\u0259 verm\u0259y\u0259 m\u0259cbur edil\u0259 bilm\u0259z\u201d.<br><br>Eyni zamanda, Cinay\u0259t-Prosessual M\u0259c\u0259ll\u0259nin 227-ci madd\u0259sind\u0259 g\u00f6st\u0259rilib ki, m\u00fcst\u0259ntiq dindirm\u0259 zaman\u0131 \u015fahid\u0259 m\u00fctl\u0259q \u00f6z\u00fcn\u00fcn v\u0259 ya yax\u0131n qohumlar\u0131n\u0131n \u0259leyhin\u0259 ifad\u0259 verm\u0259y\u0259 borclu olmad\u0131\u011f\u0131 bar\u0259d\u0259 m\u0259lumat verm\u0259lidir.<br><br>\u201c<em>\u0130stintaq orqan\u0131n\u0131n q\u0259r\u0259zli oldu\u011funu hiss el\u0259dim. Ver\u0259c\u0259yim ifad\u0259nin sonradan m\u0259nim \u0259leyhim\u0259 istifad\u0259 olunmayaca\u011f\u0131na \u0259min deyil\u0259m. Bu s\u0259b\u0259bd\u0259n konstitusion h\u00fcququmdan istifad\u0259 etdim\u201d<\/em>, &#8211; X\u0259dic\u0259 \u0130smay\u0131l bildirib.<br><br>O, \u0259lav\u0259 edib ki, prosedur m\u0259s\u0259l\u0259l\u0259rl\u0259 \u0259laq\u0259dar m\u00fcst\u0259ntiql\u0259 aralar\u0131nda fikir ayr\u0131l\u0131qlar\u0131 olub. Bu m\u00fcbahis\u0259 d\u0259 bir q\u0259d\u0259r \u00e7\u0259kdiyin\u0259 g\u00f6r\u0259 idar\u0259d\u0259 3 saata yax\u0131n qal\u0131b.<br><br>X\u0259dic\u0259 \u0130smay\u0131l yenid\u0259n istintaqa \u00e7a\u011f\u0131r\u0131l\u0131b-\u00e7a\u011f\u0131r\u0131lmayaca\u011f\u0131n\u0131 bilmir. Deyir ki, ona bu bar\u0259d\u0259 m\u0259lumat verilm\u0259yib.<br><br>Ba\u015f redaktor \u0259lav\u0259 edib ki, \u201cToplum TV\u201d il\u0259 ba\u011fl\u0131 cinay\u0259t i\u015fi d\u0259, bu cinay\u0259t i\u015fi \u0259sas\u0131nda h\u0259yata ke\u00e7iril\u0259n h\u0259bsl\u0259r d\u0259 \u0259sass\u0131zd\u0131r: <br><br><em>\u201cToplum TV\u201d-nin cinay\u0259t i\u015fin\u0259 \u0259sas olacaq f\u0259aliyy\u0259ti olmay\u0131b\u201d.<\/em><br><br>X\u0259dic\u0259 \u0130smay\u0131l vur\u011fulay\u0131b ki, \u201cToplum TV\u201d-nin timsal\u0131nda media orqan\u0131n\u0131n ofisini m\u00f6h\u00fcrl\u0259m\u0259k d\u00f6vl\u0259t ad\u0131na ay\u0131bd\u0131r.<\/figcaption><\/figure>\n\n\n\n<p><\/p>\n\n<\/div>\n<\/div>\n\n\n<hr class=\"wp-block-separator has-alpha-channel-opacity\"\/>\n\n\n\n<p><\/p>\n\n\n\n<p>\u201cToplum TV\u201d-nin ba\u015f redaktoru X\u0259dic\u0259 \u0130smay\u0131lova mart\u0131n 14-d\u0259 Bak\u0131 \u015e\u0259h\u0259r Ba\u015f Polis \u0130dar\u0259sin\u0259 d\u0259v\u0259t edilib. Bu bar\u0259d\u0259 jurnalist \u00f6z\u00fc m\u0259lumat verib. <\/p>\n\n\n\n<p><em>\u201cBu g\u00fcn saat 15:00-da m\u0259ni g\u00f6zl\u0259yirl\u0259r\u201d<\/em> \u2013 dey\u0259, o \u201cFacebook\u201d hesab\u0131nda yaz\u0131b.<\/p>\n\n\n\n<p>Mart\u0131n 6-da polis \u201cToplum TV\u201d-nin ofisin\u0259 basq\u0131n edib, ofisl\u0259 yana\u015f\u0131 sayt\u0131n bir ne\u00e7\u0259 \u0259m\u0259kda\u015f\u0131n\u0131n evind\u0259, o c\u00fcml\u0259d\u0259n III Respublika Platformas\u0131n\u0131n ofisind\u0259 axtar\u0131\u015f apar\u0131l\u0131b. Ofisd\u0259n 30 min avro, \u0259m\u0259kda\u015flar\u0131n evl\u0259rind\u0259n is\u0259 2700, 3100, 20000 avro pul v\u0259saiti tap\u0131ld\u0131\u011f\u0131 bildirilib.<\/p>\n\n\n\n<p>Saxlan\u0131lanlardan Akif Qurbanova, F\u0259rid \u0130smay\u0131lova, M\u00fc\u015ffiq Cabbara, \u018fli Zeynala, Ramil Babayev\u0259, Elmir Abbasova v\u0259 \u0130lkin \u018fmrahova 206.3.2 (qa\u00e7aqmal\u00e7\u0131l\u0131q) ittiham\u0131 il\u0259 cinay\u0259t i\u015fi a\u00e7\u0131l\u0131b.<\/p>\n\n\n\n<p>Mart\u0131n 8-d\u0259 is\u0259 h\u00fcquq\u015f\u00fcnas, \u201cToplum TV\u201d-nin t\u0259sis\u00e7il\u0259rind\u0259n olan \u018fl\u0259sg\u0259r M\u0259mm\u0259dli m\u00fclki geyimlil\u0259r t\u0259r\u0259find\u0259n \u201c\u0130stanbul\u201d Klinikas\u0131n\u0131n \u00f6n\u00fcnd\u0259 saxlan\u0131l\u0131b. H\u0259min g\u00fcn polis III Respublika Platformas\u0131n\u0131n Qurucu Hey\u0259tinin \u00fczv\u00fc Ruslan \u0130zz\u0259tlini d\u0259 saxlay\u0131b. H\u0259r ikisinin evind\u0259 axtar\u0131\u015f apar\u0131l\u0131b. \u018fl\u0259sg\u0259r M\u0259mm\u0259dlinin evind\u0259n 7300 dollar tap\u0131ld\u0131\u011f\u0131 iddia edilib. <\/p>\n\n\n\n<p>Ruslan \u0130zz\u0259tlinin h\u0259yat yolda\u015f\u0131 G\u00fcnel Manafl\u0131 onlar\u0131n evind\u0259n d\u0259 \u201cpul tap\u0131ld\u0131\u011f\u0131n\u0131\u201d qeyd edib. Bu i\u015fl\u0259 ba\u011fl\u0131 saxlan\u0131lanlardan \u018fl\u0259sg\u0259r M\u0259mm\u0259dli (&#8220;Toplum TV&#8221;-nin t\u0259sis\u00e7isi), M\u00fc\u015ffiq Cabbar (&#8220;Toplum TV&#8221;), Akif Qurbanov (III Respublika Platformas\u0131), Ruslan \u0130zz\u0259tli (III Respublika Platformas\u0131), Ramil Babayev (Demokratik T\u0259\u015f\u0259bb\u00fcsl\u0259r \u0130nstitutu), \u0130lkin \u018fmrahov (Demokratik T\u0259\u015f\u0259bb\u00fcsl\u0259r \u0130nstitutu), \u018fli Zeynala (Demokratik T\u0259\u015f\u0259bb\u00fcsl\u0259r \u0130nstitutu) Cinay\u0259t M\u0259c\u0259ll\u0259sinin 206.3.2 (qa\u00e7aqmal\u00e7\u0131l\u0131q &#8211; qabaqcadan \u0259lbir olan bir qrup \u015f\u0259xs t\u0259r\u0259find\u0259n t\u00f6r\u0259dildikd\u0259) madd\u0259si il\u0259 ittiham ir\u0259li s\u00fcr\u00fcl\u00fcb. \u00d6zl\u0259ri ittiham\u0131 qurama say\u0131rlar.<\/p>\n","protected":false},"excerpt":{"rendered":"<p>\u201cToplum TV\u201d-nin ba\u015f redaktoru X\u0259dic\u0259 \u0130smay\u0131lova mart\u0131n 14-d\u0259 Bak\u0131 \u015e\u0259h\u0259r &#8230; <\/p>\n<p class=\"read-more-container\"><a title=\"X\u0259dic\u0259 \u0130smay\u0131lova \u201cToplum TV i\u015fi\u201d il\u0259 \u0259laq\u0259dar dindirilib (Yenil\u0259nib)\" class=\"read-more button\" href=\"https:\/\/www.meydan.tv\/az\/article\/xedice-ismayilova-da-polise-cagirilib\/#more-301128\" aria-label=\"Read more about X\u0259dic\u0259 \u0130smay\u0131lova \u201cToplum TV i\u015fi\u201d il\u0259 \u0259laq\u0259dar dindirilib (Yenil\u0259nib)\">Davam\u0131<\/a><\/p>\n","protected":false},"author":8,"featured_media":267653,"comment_status":"closed","ping_status":"closed","sticky":false,"template":"","format":"standard","meta":{"_acf_changed":false,"_sitemap_exclude":false,"_sitemap_priority":"","_sitemap_frequency":"","footnotes":""},"categories":[59,63,56],"tags":[],"class_list":["post-301128","post","type-post","status-publish","format-standard","has-post-thumbnail","hentry","category-siyaset","category-video-2","category-xeberler","infinite-scroll-item","generate-columns","tablet-grid-50","mobile-grid-100","grid-parent","grid-33","no-featured-image-padding"],"acf":[],"yoast_head":"<!-- This site is optimized with the Yoast SEO plugin v27.4 - https:\/\/yoast.com\/product\/yoast-seo-wordpress\/ -->\n<title>X\u0259dic\u0259 \u0130smay\u0131lova \u201cToplum TV i\u015fi\u201d il\u0259 \u0259laq\u0259dar dindirilib (Yenil\u0259nib) - MEYDAN.TV<\/title>\n<meta name=\"robots\" content=\"index, follow, max-snippet:-1, max-image-preview:large, max-video-preview:-1\" \/>\n<link rel=\"canonical\" href=\"https:\/\/www.meydan.tv\/az\/article\/xedice-ismayilova-da-polise-cagirilib\/\" \/>\n<meta property=\"og:locale\" content=\"az_AZ\" \/>\n<meta property=\"og:type\" content=\"article\" \/>\n<meta property=\"og:title\" content=\"X\u0259dic\u0259 \u0130smay\u0131lova \u201cToplum TV i\u015fi\u201d il\u0259 \u0259laq\u0259dar dindirilib (Yenil\u0259nib) - MEYDAN.TV\" \/>\n<meta property=\"og:description\" content=\"\u201cToplum TV\u201d-nin ba\u015f redaktoru X\u0259dic\u0259 \u0130smay\u0131lova mart\u0131n 14-d\u0259 Bak\u0131 \u015e\u0259h\u0259r ... Davam\u0131\" \/>\n<meta property=\"og:url\" content=\"https:\/\/www.meydan.tv\/az\/article\/xedice-ismayilova-da-polise-cagirilib\/\" \/>\n<meta property=\"og:site_name\" content=\"MEYDAN.TV\" \/>\n<meta property=\"article:published_time\" content=\"2024-03-14T07:56:08+00:00\" \/>\n<meta property=\"article:modified_time\" content=\"2024-03-14T18:53:07+00:00\" \/>\n<meta property=\"og:image\" content=\"https:\/\/www.meydan.tv\/wp-content\/uploads\/nlq2279.jpg\" \/>\n\t<meta property=\"og:image:width\" content=\"1200\" \/>\n\t<meta property=\"og:image:height\" content=\"801\" \/>\n\t<meta property=\"og:image:type\" content=\"image\/jpeg\" \/>\n<meta name=\"author\" content=\"elli\" \/>\n<meta name=\"twitter:card\" content=\"summary_large_image\" \/>\n<meta name=\"twitter:creator\" content=\"@elli\" \/>\n<script type=\"application\/ld+json\" class=\"yoast-schema-graph\">{\"@context\":\"https:\\\/\\\/schema.org\",\"@graph\":[{\"@type\":\"Article\",\"@id\":\"https:\\\/\\\/www.meydan.tv\\\/az\\\/article\\\/xedice-ismayilova-da-polise-cagirilib\\\/#article\",\"isPartOf\":{\"@id\":\"https:\\\/\\\/www.meydan.tv\\\/az\\\/article\\\/xedice-ismayilova-da-polise-cagirilib\\\/\"},\"author\":{\"name\":\"elli\",\"@id\":\"https:\\\/\\\/www.meydan.tv\\\/az\\\/#\\\/schema\\\/person\\\/9cdbecf90d17180ce1dfbd95b08dcf47\"},\"headline\":\"X\u0259dic\u0259 \u0130smay\u0131lova \u201cToplum TV i\u015fi\u201d il\u0259 \u0259laq\u0259dar dindirilib (Yenil\u0259nib)\",\"datePublished\":\"2024-03-14T07:56:08+00:00\",\"dateModified\":\"2024-03-14T18:53:07+00:00\",\"mainEntityOfPage\":{\"@id\":\"https:\\\/\\\/www.meydan.tv\\\/az\\\/article\\\/xedice-ismayilova-da-polise-cagirilib\\\/\"},\"wordCount\":705,\"publisher\":{\"@id\":\"https:\\\/\\\/www.meydan.tv\\\/az\\\/#organization\"},\"image\":{\"@id\":\"https:\\\/\\\/www.meydan.tv\\\/az\\\/article\\\/xedice-ismayilova-da-polise-cagirilib\\\/#primaryimage\"},\"thumbnailUrl\":\"https:\\\/\\\/www.meydan.tv\\\/wp-content\\\/uploads\\\/nlq2279.jpg\",\"articleSection\":[\"Siyas\u0259t\",\"Video\",\"X\u0259b\u0259rl\u0259r\"],\"inLanguage\":\"az\"},{\"@type\":\"WebPage\",\"@id\":\"https:\\\/\\\/www.meydan.tv\\\/az\\\/article\\\/xedice-ismayilova-da-polise-cagirilib\\\/\",\"url\":\"https:\\\/\\\/www.meydan.tv\\\/az\\\/article\\\/xedice-ismayilova-da-polise-cagirilib\\\/\",\"name\":\"X\u0259dic\u0259 \u0130smay\u0131lova \u201cToplum TV i\u015fi\u201d il\u0259 \u0259laq\u0259dar dindirilib (Yenil\u0259nib) - MEYDAN.TV\",\"isPartOf\":{\"@id\":\"https:\\\/\\\/www.meydan.tv\\\/az\\\/#website\"},\"primaryImageOfPage\":{\"@id\":\"https:\\\/\\\/www.meydan.tv\\\/az\\\/article\\\/xedice-ismayilova-da-polise-cagirilib\\\/#primaryimage\"},\"image\":{\"@id\":\"https:\\\/\\\/www.meydan.tv\\\/az\\\/article\\\/xedice-ismayilova-da-polise-cagirilib\\\/#primaryimage\"},\"thumbnailUrl\":\"https:\\\/\\\/www.meydan.tv\\\/wp-content\\\/uploads\\\/nlq2279.jpg\",\"datePublished\":\"2024-03-14T07:56:08+00:00\",\"dateModified\":\"2024-03-14T18:53:07+00:00\",\"breadcrumb\":{\"@id\":\"https:\\\/\\\/www.meydan.tv\\\/az\\\/article\\\/xedice-ismayilova-da-polise-cagirilib\\\/#breadcrumb\"},\"inLanguage\":\"az\",\"potentialAction\":[{\"@type\":\"ReadAction\",\"target\":[\"https:\\\/\\\/www.meydan.tv\\\/az\\\/article\\\/xedice-ismayilova-da-polise-cagirilib\\\/\"]}]},{\"@type\":\"ImageObject\",\"inLanguage\":\"az\",\"@id\":\"https:\\\/\\\/www.meydan.tv\\\/az\\\/article\\\/xedice-ismayilova-da-polise-cagirilib\\\/#primaryimage\",\"url\":\"https:\\\/\\\/www.meydan.tv\\\/wp-content\\\/uploads\\\/nlq2279.jpg\",\"contentUrl\":\"https:\\\/\\\/www.meydan.tv\\\/wp-content\\\/uploads\\\/nlq2279.jpg\",\"width\":1200,\"height\":801,\"caption\":\"X\u0259dic\u0259 \u0130smay\u0131l. Foto: Meydan TV\"},{\"@type\":\"BreadcrumbList\",\"@id\":\"https:\\\/\\\/www.meydan.tv\\\/az\\\/article\\\/xedice-ismayilova-da-polise-cagirilib\\\/#breadcrumb\",\"itemListElement\":[{\"@type\":\"ListItem\",\"position\":1,\"name\":\"Ana s\u0259hif\u0259\",\"item\":\"https:\\\/\\\/www.meydan.tv\\\/az\\\/\"},{\"@type\":\"ListItem\",\"position\":2,\"name\":\"Siyas\u0259t\",\"item\":\"https:\\\/\\\/www.meydan.tv\\\/az\\\/section\\\/siyaset\\\/\"},{\"@type\":\"ListItem\",\"position\":3,\"name\":\"X\u0259dic\u0259 \u0130smay\u0131lova \u201cToplum TV i\u015fi\u201d il\u0259 \u0259laq\u0259dar dindirilib (Yenil\u0259nib)\"}]},{\"@type\":\"WebSite\",\"@id\":\"https:\\\/\\\/www.meydan.tv\\\/az\\\/#website\",\"url\":\"https:\\\/\\\/www.meydan.tv\\\/az\\\/\",\"name\":\"MEYDAN.TV\",\"description\":\"Meydan TV Az\u0259rbaycan\u0131n media m\u0259kan\u0131ndak\u0131 alternativ s\u0259sidir\",\"publisher\":{\"@id\":\"https:\\\/\\\/www.meydan.tv\\\/az\\\/#organization\"},\"potentialAction\":[{\"@type\":\"SearchAction\",\"target\":{\"@type\":\"EntryPoint\",\"urlTemplate\":\"https:\\\/\\\/www.meydan.tv\\\/az\\\/?s={search_term_string}\"},\"query-input\":{\"@type\":\"PropertyValueSpecification\",\"valueRequired\":true,\"valueName\":\"search_term_string\"}}],\"inLanguage\":\"az\"},{\"@type\":\"Organization\",\"@id\":\"https:\\\/\\\/www.meydan.tv\\\/az\\\/#organization\",\"name\":\"Meydan TV\",\"url\":\"https:\\\/\\\/www.meydan.tv\\\/az\\\/\",\"logo\":{\"@type\":\"ImageObject\",\"inLanguage\":\"az\",\"@id\":\"https:\\\/\\\/www.meydan.tv\\\/az\\\/#\\\/schema\\\/logo\\\/image\\\/\",\"url\":\"https:\\\/\\\/www.meydan.tv\\\/wp-content\\\/uploads\\\/2021\\\/07\\\/meydan-logo.svg\",\"contentUrl\":\"https:\\\/\\\/www.meydan.tv\\\/wp-content\\\/uploads\\\/2021\\\/07\\\/meydan-logo.svg\",\"width\":195,\"height\":46,\"caption\":\"Meydan TV\"},\"image\":{\"@id\":\"https:\\\/\\\/www.meydan.tv\\\/az\\\/#\\\/schema\\\/logo\\\/image\\\/\"}},{\"@type\":\"Person\",\"@id\":\"https:\\\/\\\/www.meydan.tv\\\/az\\\/#\\\/schema\\\/person\\\/9cdbecf90d17180ce1dfbd95b08dcf47\",\"name\":\"elli\",\"sameAs\":[\"https:\\\/\\\/x.com\\\/elli\"]}]}<\/script>\n<!-- \/ Yoast SEO plugin. -->","yoast_head_json":{"title":"X\u0259dic\u0259 \u0130smay\u0131lova \u201cToplum TV i\u015fi\u201d il\u0259 \u0259laq\u0259dar dindirilib (Yenil\u0259nib) - MEYDAN.TV","robots":{"index":"index","follow":"follow","max-snippet":"max-snippet:-1","max-image-preview":"max-image-preview:large","max-video-preview":"max-video-preview:-1"},"canonical":"https:\/\/www.meydan.tv\/az\/article\/xedice-ismayilova-da-polise-cagirilib\/","og_locale":"az_AZ","og_type":"article","og_title":"X\u0259dic\u0259 \u0130smay\u0131lova \u201cToplum TV i\u015fi\u201d il\u0259 \u0259laq\u0259dar dindirilib (Yenil\u0259nib) - MEYDAN.TV","og_description":"\u201cToplum TV\u201d-nin ba\u015f redaktoru X\u0259dic\u0259 \u0130smay\u0131lova mart\u0131n 14-d\u0259 Bak\u0131 \u015e\u0259h\u0259r ... Davam\u0131","og_url":"https:\/\/www.meydan.tv\/az\/article\/xedice-ismayilova-da-polise-cagirilib\/","og_site_name":"MEYDAN.TV","article_published_time":"2024-03-14T07:56:08+00:00","article_modified_time":"2024-03-14T18:53:07+00:00","og_image":[{"width":1200,"height":801,"url":"https:\/\/www.meydan.tv\/wp-content\/uploads\/nlq2279.jpg","type":"image\/jpeg"}],"author":"elli","twitter_card":"summary_large_image","twitter_creator":"@elli","schema":{"@context":"https:\/\/schema.org","@graph":[{"@type":"Article","@id":"https:\/\/www.meydan.tv\/az\/article\/xedice-ismayilova-da-polise-cagirilib\/#article","isPartOf":{"@id":"https:\/\/www.meydan.tv\/az\/article\/xedice-ismayilova-da-polise-cagirilib\/"},"author":{"name":"elli","@id":"https:\/\/www.meydan.tv\/az\/#\/schema\/person\/9cdbecf90d17180ce1dfbd95b08dcf47"},"headline":"X\u0259dic\u0259 \u0130smay\u0131lova \u201cToplum TV i\u015fi\u201d il\u0259 \u0259laq\u0259dar dindirilib (Yenil\u0259nib)","datePublished":"2024-03-14T07:56:08+00:00","dateModified":"2024-03-14T18:53:07+00:00","mainEntityOfPage":{"@id":"https:\/\/www.meydan.tv\/az\/article\/xedice-ismayilova-da-polise-cagirilib\/"},"wordCount":705,"publisher":{"@id":"https:\/\/www.meydan.tv\/az\/#organization"},"image":{"@id":"https:\/\/www.meydan.tv\/az\/article\/xedice-ismayilova-da-polise-cagirilib\/#primaryimage"},"thumbnailUrl":"https:\/\/www.meydan.tv\/wp-content\/uploads\/nlq2279.jpg","articleSection":["Siyas\u0259t","Video","X\u0259b\u0259rl\u0259r"],"inLanguage":"az"},{"@type":"WebPage","@id":"https:\/\/www.meydan.tv\/az\/article\/xedice-ismayilova-da-polise-cagirilib\/","url":"https:\/\/www.meydan.tv\/az\/article\/xedice-ismayilova-da-polise-cagirilib\/","name":"X\u0259dic\u0259 \u0130smay\u0131lova \u201cToplum TV i\u015fi\u201d il\u0259 \u0259laq\u0259dar dindirilib (Yenil\u0259nib) - MEYDAN.TV","isPartOf":{"@id":"https:\/\/www.meydan.tv\/az\/#website"},"primaryImageOfPage":{"@id":"https:\/\/www.meydan.tv\/az\/article\/xedice-ismayilova-da-polise-cagirilib\/#primaryimage"},"image":{"@id":"https:\/\/www.meydan.tv\/az\/article\/xedice-ismayilova-da-polise-cagirilib\/#primaryimage"},"thumbnailUrl":"https:\/\/www.meydan.tv\/wp-content\/uploads\/nlq2279.jpg","datePublished":"2024-03-14T07:56:08+00:00","dateModified":"2024-03-14T18:53:07+00:00","breadcrumb":{"@id":"https:\/\/www.meydan.tv\/az\/article\/xedice-ismayilova-da-polise-cagirilib\/#breadcrumb"},"inLanguage":"az","potentialAction":[{"@type":"ReadAction","target":["https:\/\/www.meydan.tv\/az\/article\/xedice-ismayilova-da-polise-cagirilib\/"]}]},{"@type":"ImageObject","inLanguage":"az","@id":"https:\/\/www.meydan.tv\/az\/article\/xedice-ismayilova-da-polise-cagirilib\/#primaryimage","url":"https:\/\/www.meydan.tv\/wp-content\/uploads\/nlq2279.jpg","contentUrl":"https:\/\/www.meydan.tv\/wp-content\/uploads\/nlq2279.jpg","width":1200,"height":801,"caption":"X\u0259dic\u0259 \u0130smay\u0131l. Foto: Meydan TV"},{"@type":"BreadcrumbList","@id":"https:\/\/www.meydan.tv\/az\/article\/xedice-ismayilova-da-polise-cagirilib\/#breadcrumb","itemListElement":[{"@type":"ListItem","position":1,"name":"Ana s\u0259hif\u0259","item":"https:\/\/www.meydan.tv\/az\/"},{"@type":"ListItem","position":2,"name":"Siyas\u0259t","item":"https:\/\/www.meydan.tv\/az\/section\/siyaset\/"},{"@type":"ListItem","position":3,"name":"X\u0259dic\u0259 \u0130smay\u0131lova \u201cToplum TV i\u015fi\u201d il\u0259 \u0259laq\u0259dar dindirilib (Yenil\u0259nib)"}]},{"@type":"WebSite","@id":"https:\/\/www.meydan.tv\/az\/#website","url":"https:\/\/www.meydan.tv\/az\/","name":"MEYDAN.TV","description":"Meydan TV Az\u0259rbaycan\u0131n media m\u0259kan\u0131ndak\u0131 alternativ s\u0259sidir","publisher":{"@id":"https:\/\/www.meydan.tv\/az\/#organization"},"potentialAction":[{"@type":"SearchAction","target":{"@type":"EntryPoint","urlTemplate":"https:\/\/www.meydan.tv\/az\/?s={search_term_string}"},"query-input":{"@type":"PropertyValueSpecification","valueRequired":true,"valueName":"search_term_string"}}],"inLanguage":"az"},{"@type":"Organization","@id":"https:\/\/www.meydan.tv\/az\/#organization","name":"Meydan TV","url":"https:\/\/www.meydan.tv\/az\/","logo":{"@type":"ImageObject","inLanguage":"az","@id":"https:\/\/www.meydan.tv\/az\/#\/schema\/logo\/image\/","url":"https:\/\/www.meydan.tv\/wp-content\/uploads\/2021\/07\/meydan-logo.svg","contentUrl":"https:\/\/www.meydan.tv\/wp-content\/uploads\/2021\/07\/meydan-logo.svg","width":195,"height":46,"caption":"Meydan TV"},"image":{"@id":"https:\/\/www.meydan.tv\/az\/#\/schema\/logo\/image\/"}},{"@type":"Person","@id":"https:\/\/www.meydan.tv\/az\/#\/schema\/person\/9cdbecf90d17180ce1dfbd95b08dcf47","name":"elli","sameAs":["https:\/\/x.com\/elli"]}]}},"_links":{"self":[{"href":"https:\/\/www.meydan.tv\/az\/wp-json\/wp\/v2\/posts\/301128","targetHints":{"allow":["GET"]}}],"collection":[{"href":"https:\/\/www.meydan.tv\/az\/wp-json\/wp\/v2\/posts"}],"about":[{"href":"https:\/\/www.meydan.tv\/az\/wp-json\/wp\/v2\/types\/post"}],"author":[{"embeddable":true,"href":"https:\/\/www.meydan.tv\/az\/wp-json\/wp\/v2\/users\/8"}],"replies":[{"embeddable":true,"href":"https:\/\/www.meydan.tv\/az\/wp-json\/wp\/v2\/comments?post=301128"}],"version-history":[{"count":11,"href":"https:\/\/www.meydan.tv\/az\/wp-json\/wp\/v2\/posts\/301128\/revisions"}],"predecessor-version":[{"id":301130,"href":"https:\/\/www.meydan.tv\/az\/wp-json\/wp\/v2\/posts\/301128\/revisions\/301130"}],"wp:featuredmedia":[{"embeddable":true,"href":"https:\/\/www.meydan.tv\/az\/wp-json\/wp\/v2\/media\/267653"}],"wp:attachment":[{"href":"https:\/\/www.meydan.tv\/az\/wp-json\/wp\/v2\/media?parent=301128"}],"wp:term":[{"taxonomy":"category","embeddable":true,"href":"https:\/\/www.meydan.tv\/az\/wp-json\/wp\/v2\/categories?post=301128"},{"taxonomy":"post_tag","embeddable":true,"href":"https:\/\/www.meydan.tv\/az\/wp-json\/wp\/v2\/tags?post=301128"}],"curies":[{"name":"wp","href":"https:\/\/api.w.org\/{rel}","templated":true}]}}